{"id":5418,"date":"2019-06-19T16:23:10","date_gmt":"2019-06-19T14:23:10","guid":{"rendered":"https:\/\/www.organisator.ch\/?p=5418"},"modified":"2019-06-19T16:23:10","modified_gmt":"2019-06-19T14:23:10","slug":"arbeitswelt-der-zukunft-es-gibt-noch-viel-zu-tun","status":"publish","type":"post","link":"https:\/\/www.organisator.ch\/fr\/management\/2019-06-19\/arbeitswelt-der-zukunft-es-gibt-noch-viel-zu-tun\/","title":{"rendered":"Le monde du travail de demain : il y a encore beaucoup \u00e0 faire"},"content":{"rendered":"<figure id=\"attachment_5419\" aria-describedby=\"caption-attachment-5419\" style=\"width: 680px\" class=\"wp-caption alignnone\"><img loading=\"lazy\" decoding=\"async\" class=\"size-medium wp-image-5419\" src=\"https:\/\/www.organisator.ch\/wp-content\/uploads\/2019\/06\/Arbeitswelt-der-Zukunft-Es-gibt-noch-viel-zu-tun-1_Organisator.jpg\" alt=\"\" width=\"680\" height=\"470\" srcset=\"https:\/\/www.organisator.ch\/wp-content\/uploads\/2019\/06\/Arbeitswelt-der-Zukunft-Es-gibt-noch-viel-zu-tun-1_Organisator.jpg 680w, https:\/\/www.organisator.ch\/wp-content\/uploads\/2019\/06\/Arbeitswelt-der-Zukunft-Es-gibt-noch-viel-zu-tun-1_Organisator-16x12.jpg 16w, https:\/\/www.organisator.ch\/wp-content\/uploads\/2019\/06\/Arbeitswelt-der-Zukunft-Es-gibt-noch-viel-zu-tun-1_Organisator-253x175.jpg 253w, https:\/\/www.organisator.ch\/wp-content\/uploads\/2019\/06\/Arbeitswelt-der-Zukunft-Es-gibt-noch-viel-zu-tun-1_Organisator-506x350.jpg 506w, https:\/\/www.organisator.ch\/wp-content\/uploads\/2019\/06\/Arbeitswelt-der-Zukunft-Es-gibt-noch-viel-zu-tun-1_Organisator-300x207.jpg 300w\" sizes=\"auto, (max-width: 680px) 100vw, 680px\" \/><figcaption id=\"caption-attachment-5419\" class=\"wp-caption-text\">Ont pr\u00e9sent\u00e9 le 17 juin \u00e0 Neuhausen les premiers r\u00e9sultats d'une vaste \u00e9tude sur le monde du travail du futur : (de gauche \u00e0 droite) Michael Schmidt-Purrmann, directeur d'Impulswerk GmbH et partenaire de Future Work Group, Heike Bauer, partenaire de New-Work.Team GmbH et de Future Work Group, et le professeur Marc K. Peter, directeur du centre de transformation num\u00e9rique et de marketing de la FHNW Olten. (Image : zVg)<\/figcaption><\/figure>\n<p>Dans le cadre d'un expos\u00e9 introductif sur le th\u00e8me \"Le monde du travail 4.0 dans le contexte de la transformation num\u00e9rique\", le professeur Marc K. Peter de la FHNW Olten a pr\u00e9sent\u00e9 les premiers r\u00e9sultats d'une \u00e9tude men\u00e9e en 2019. Il s'agit d'une \u00e9tude d'approfondissement de l'enqu\u00eate \"Transformation des PME\" d\u00e9j\u00e0 publi\u00e9e en 2017 par le conf\u00e9rencier. Avec pr\u00e8s de 1200 participants, l'\u00e9tude \"Monde du travail 4.0\" est la plus grande \u00e9tude jamais r\u00e9alis\u00e9e sur ce th\u00e8me en Suisse. Elle se concentre sur le champ d'action \"Digital Leadership &amp; Culture\" en consid\u00e9rant les nouvelles approches en mati\u00e8re de direction, de culture et de travail - tous des domaines qui jouent un r\u00f4le dans la transformation num\u00e9rique. L'\u00e9quipe du professeur Marc K. Peter part de la th\u00e8se selon laquelle le triptyque \"People - Place - Technology\" est au c\u0153ur d'une organisation r\u00e9ussie du monde du travail de demain. Il s'agit avant tout d'une interaction judicieuse et efficace entre ces trois domaines. C'est dans cette optique qu'un catalogue de questions a \u00e9t\u00e9 \u00e9tabli et que l'enqu\u00eate a \u00e9t\u00e9 r\u00e9alis\u00e9e au printemps 2019.<\/p>\n<h2>D\u00e9velopper le monde du travail du futur : Les collaborateurs ne sont pas assez impliqu\u00e9s<\/h2>\n<p>Comment les personnes interrog\u00e9es comprennent-elles le monde du travail 4.0 ? Les termes dominants qui ressortent des r\u00e9ponses sont la num\u00e9risation, les nouvelles formes de travail, mais aussi des associations telles que la flexibilit\u00e9 en termes de temps et de lieu de travail, la mise en r\u00e9seau et le changement en g\u00e9n\u00e9ral. Les employeurs disent qu'ils sont soit \"au tout d\u00e9but\" (43 %) du monde du travail 4.0, soit \"en plein dedans\" (45 %). \"Il y a donc encore beaucoup \u00e0 faire\", conclut Marc K. Peter.<\/p>\n<p>C'est ce que montre \u00e9galement la r\u00e9ponse \u00e0 la question de l'implication des collaborateurs dans la mise en \u0153uvre du monde du travail 4.0 : seuls 27 pour cent des personnes interrog\u00e9es ont r\u00e9pondu ici par \"oui\". En d'autres termes, 73% des employ\u00e9s ne sont pas impliqu\u00e9s dans le processus de changement - ou alors l'entreprise ne le juge pas n\u00e9cessaire ! Un r\u00e9sultat qui devrait faire r\u00e9fl\u00e9chir.<\/p>\n<h2>Coop\u00e9ration interg\u00e9n\u00e9rationnelle<\/h2>\n<p>Les personnes interrog\u00e9es consid\u00e8rent l'innovation (66 %) et la communication (64 pour cent) comme les moteurs d\u00e9terminants du monde du travail du futur. Les plus grands obstacles sont le manque de savoir-faire (42 %) et une direction ou une structure organisationnelle qui n'est plus adapt\u00e9e \u00e0 notre \u00e9poque (41 pour cent). Ce r\u00e9sultat montre clairement \u00e0 quel point un changement de culture est n\u00e9cessaire pour pouvoir r\u00e9aliser le monde du travail 4.0. Les auteurs de l'\u00e9tude recommandent d'int\u00e9grer la g\u00e9n\u00e9ration Z de mani\u00e8re consciente et proactive dans ce processus. Il s'agit d'utiliser leur potentiel afin de promouvoir l'acceptation et la collaboration entre les g\u00e9n\u00e9rations.<\/p>\n<h2>La num\u00e9risation, facteur de stress<\/h2>\n<p>Outre les r\u00e9sultats de l'\u00e9tude, Marc K. Peter a soulign\u00e9 d'autres d\u00e9fis li\u00e9s au monde du travail 4.0 : L'avanc\u00e9e de la num\u00e9risation entra\u00eene une augmentation du stress. Selon le Job-Stress-Index de la <a href=\"https:\/\/gesundheitsfoerderung.ch\/\">Promotion Sant\u00e9 Suisse<\/a> pr\u00e8s de la moiti\u00e9 de la population active se trouve actuellement dans une zone sensible en termes de stress. Non seulement la direction de l'entreprise est appel\u00e9e \u00e0 prendre des mesures de pr\u00e9vention cibl\u00e9es, mais le monde du travail 4.0 peut \u00e9galement apporter une contribution positive, par exemple en renfor\u00e7ant la flexibilit\u00e9 et la collaboration. Toutefois, : De nouveaux champs de tension et de nouvelles exigences en mati\u00e8re de culture d'entreprise ne peuvent pas non plus \u00eatre \u00e9vit\u00e9s.<\/p>\n<p><em>Les r\u00e9sultats d\u00e9taill\u00e9s de l'\u00e9tude ainsi qu'un guide pratique seront mis \u00e0 la disposition de l'\u00e9conomie suisse \u00e0 partir de l'automne 2019. <a href=\"https:\/\/www.arbeitswelt-zukunft.ch\/\">Plus d'informations<\/a><\/em><\/p>\n<p><img loading=\"lazy\" decoding=\"async\" class=\"alignnone size-medium wp-image-5420\" src=\"https:\/\/www.organisator.ch\/wp-content\/uploads\/2019\/06\/Arbeitswelt-der-Zukunft-Es-gibt-noch-viel-zu-tun-2_Organisator.jpg\" alt=\"\" width=\"680\" height=\"958\" srcset=\"https:\/\/www.organisator.ch\/wp-content\/uploads\/2019\/06\/Arbeitswelt-der-Zukunft-Es-gibt-noch-viel-zu-tun-2_Organisator.jpg 680w, https:\/\/www.organisator.ch\/wp-content\/uploads\/2019\/06\/Arbeitswelt-der-Zukunft-Es-gibt-noch-viel-zu-tun-2_Organisator-9x12.jpg 9w, https:\/\/www.organisator.ch\/wp-content\/uploads\/2019\/06\/Arbeitswelt-der-Zukunft-Es-gibt-noch-viel-zu-tun-2_Organisator-124x175.jpg 124w, https:\/\/www.organisator.ch\/wp-content\/uploads\/2019\/06\/Arbeitswelt-der-Zukunft-Es-gibt-noch-viel-zu-tun-2_Organisator-248x350.jpg 248w, https:\/\/www.organisator.ch\/wp-content\/uploads\/2019\/06\/Arbeitswelt-der-Zukunft-Es-gibt-noch-viel-zu-tun-2_Organisator-568x800.jpg 568w, https:\/\/www.organisator.ch\/wp-content\/uploads\/2019\/06\/Arbeitswelt-der-Zukunft-Es-gibt-noch-viel-zu-tun-2_Organisator-300x423.jpg 300w\" sizes=\"auto, (max-width: 680px) 100vw, 680px\" \/><\/p>","protected":false},"excerpt":{"rendered":"<p>Im Rahmen eines Impulsreferats zum Thema \u00abArbeitswelt 4.0 im Umfeld der digitalen Transformation\u00bb stellte Prof. Dr. Marc K. Peter von der FHNW Olten erste Ergebnisse einer Studie vor, die 2019 durchgef\u00fchrt wurde. Dabei handelt es sich um eine Vertiefungsstudie zur bereits 2017 vom Referenten herausgegebenen Untersuchung \u00abKMU-Transformation\u00bb. Mit rund 1200 Teilnehmenden ist nun die Studie [&hellip;]<\/p>\n","protected":false},"author":4,"featured_media":5420,"comment_status":"open","ping_status":"open","sticky":false,"template":"","format":"standard","meta":{"_acf_changed":false,"_yoast_wpseo_focuskw":"Arbeitswelt der Zukunft","_yoast_wpseo_metadesc":"Am 17. Juni 2019 fand in Neuhausen a. Rhf. der 62. IST Techno-Ap\u00e9ro statt. Das Thema lautete: \u00abDigitale Arbeitswelt \u2013 Wie tickt die Wirtschaft von morgen?\u00bb","articlekey":"","footnotes":""},"categories":[28],"tags":[156,335,459,533],"class_list":["post-5418","post","type-post","status-publish","format-standard","has-post-thumbnail","hentry","category-management","tag-digitalisierung","tag-management-und-unternehmensfuehrung","tag-studie","tag-wissenschaft"],"acf":[],"yoast_head":"<!-- This site is optimized with the Yoast SEO plugin v27.4 - https:\/\/yoast.com\/product\/yoast-seo-wordpress\/ -->\n<title>Arbeitswelt der Zukunft: Es gibt noch viel zu tun - Organisator<\/title>\n<meta name=\"description\" content=\"Am 17. Juni 2019 fand in Neuhausen a. Rhf. der 62. IST Techno-Ap\u00e9ro statt. Das Thema lautete: \u00abDigitale Arbeitswelt \u2013 Wie tickt die Wirtschaft von morgen?\u00bb\" \/>\n<meta name=\"robots\" content=\"index, follow, max-snippet:-1, max-image-preview:large, max-video-preview:-1\" \/>\n<link rel=\"canonical\" href=\"https:\/\/www.organisator.ch\/fr\/gestion-2\/2019-06-19\/arbeitswelt-der-zukunft-es-gibt-noch-viel-zu-tun\/\" \/>\n<meta property=\"og:locale\" content=\"fr_FR\" \/>\n<meta property=\"og:type\" content=\"article\" \/>\n<meta property=\"og:title\" content=\"Arbeitswelt der Zukunft: Es gibt noch viel zu tun\" \/>\n<meta property=\"og:description\" content=\"Am 17. Juni 2019 fand in Neuhausen a. Rhf. der 62. IST Techno-Ap\u00e9ro statt. Das Thema lautete: \u00abDigitale Arbeitswelt \u2013 Wie tickt die Wirtschaft von morgen?\u00bb\" \/>\n<meta property=\"og:url\" content=\"https:\/\/www.organisator.ch\/fr\/gestion-2\/2019-06-19\/arbeitswelt-der-zukunft-es-gibt-noch-viel-zu-tun\/\" \/>\n<meta property=\"og:site_name\" content=\"Organisator\" \/>\n<meta property=\"article:publisher\" content=\"https:\/\/www.facebook.com\/OrganisatorFachmagazin\" \/>\n<meta property=\"article:published_time\" content=\"2019-06-19T14:23:10+00:00\" \/>\n<meta property=\"og:image\" content=\"https:\/\/www.organisator.ch\/wp-content\/uploads\/2019\/06\/Arbeitswelt-der-Zukunft-Es-gibt-noch-viel-zu-tun-2_Organisator.jpg\" \/>\n\t<meta property=\"og:image:width\" content=\"680\" \/>\n\t<meta property=\"og:image:height\" content=\"958\" \/>\n\t<meta property=\"og:image:type\" content=\"image\/jpeg\" \/>\n<meta name=\"author\" content=\"thomas.berner\" \/>\n<meta name=\"twitter:card\" content=\"summary_large_image\" \/>\n<meta name=\"twitter:title\" content=\"#Arbeitswelt der Zukunft: Es gibt noch viel zu tun\" \/>\n<meta name=\"twitter:description\" content=\"Am 17. Juni 2019 fand in Neuhausen a. Rhf. der 62. IST Techno-Ap\u00e9ro statt. Das Thema lautete: \u00abDigitale Arbeitswelt \u2013 Wie tickt die Wirtschaft von morgen?\u00bb\" \/>\n<meta name=\"twitter:image\" content=\"https:\/\/www.organisator.ch\/wp-content\/uploads\/2019\/06\/Arbeitswelt-der-Zukunft-Es-gibt-noch-viel-zu-tun-2_Organisator.jpg\" \/>\n<script type=\"application\/ld+json\" class=\"yoast-schema-graph\">{\"@context\":\"https:\\\/\\\/schema.org\",\"@graph\":[{\"@type\":\"Article\",\"@id\":\"https:\\\/\\\/www.organisator.ch\\\/management\\\/2019-06-19\\\/arbeitswelt-der-zukunft-es-gibt-noch-viel-zu-tun\\\/#article\",\"isPartOf\":{\"@id\":\"https:\\\/\\\/www.organisator.ch\\\/management\\\/2019-06-19\\\/arbeitswelt-der-zukunft-es-gibt-noch-viel-zu-tun\\\/\"},\"author\":{\"name\":\"thomas.berner\",\"@id\":\"https:\\\/\\\/www.organisator.ch\\\/#\\\/schema\\\/person\\\/6f650f90b2842cd4c0cc334b4e36f67e\"},\"headline\":\"Arbeitswelt der Zukunft: Es gibt noch viel zu tun\",\"datePublished\":\"2019-06-19T14:23:10+00:00\",\"mainEntityOfPage\":{\"@id\":\"https:\\\/\\\/www.organisator.ch\\\/management\\\/2019-06-19\\\/arbeitswelt-der-zukunft-es-gibt-noch-viel-zu-tun\\\/\"},\"wordCount\":559,\"commentCount\":0,\"publisher\":{\"@id\":\"https:\\\/\\\/www.organisator.ch\\\/#organization\"},\"image\":{\"@id\":\"https:\\\/\\\/www.organisator.ch\\\/management\\\/2019-06-19\\\/arbeitswelt-der-zukunft-es-gibt-noch-viel-zu-tun\\\/#primaryimage\"},\"thumbnailUrl\":\"https:\\\/\\\/www.organisator.ch\\\/wp-content\\\/uploads\\\/2019\\\/06\\\/Arbeitswelt-der-Zukunft-Es-gibt-noch-viel-zu-tun-2_Organisator.jpg\",\"keywords\":[\"Digitalisierung\",\"Management und Unternehmensf\u00fchrung\",\"Studie\",\"Wissenschaft\"],\"articleSection\":[\"MANAGEMENT\"],\"inLanguage\":\"fr-FR\"},{\"@type\":\"WebPage\",\"@id\":\"https:\\\/\\\/www.organisator.ch\\\/management\\\/2019-06-19\\\/arbeitswelt-der-zukunft-es-gibt-noch-viel-zu-tun\\\/\",\"url\":\"https:\\\/\\\/www.organisator.ch\\\/management\\\/2019-06-19\\\/arbeitswelt-der-zukunft-es-gibt-noch-viel-zu-tun\\\/\",\"name\":\"Arbeitswelt der Zukunft: Es gibt noch viel zu tun - Organisator\",\"isPartOf\":{\"@id\":\"https:\\\/\\\/www.organisator.ch\\\/#website\"},\"primaryImageOfPage\":{\"@id\":\"https:\\\/\\\/www.organisator.ch\\\/management\\\/2019-06-19\\\/arbeitswelt-der-zukunft-es-gibt-noch-viel-zu-tun\\\/#primaryimage\"},\"image\":{\"@id\":\"https:\\\/\\\/www.organisator.ch\\\/management\\\/2019-06-19\\\/arbeitswelt-der-zukunft-es-gibt-noch-viel-zu-tun\\\/#primaryimage\"},\"thumbnailUrl\":\"https:\\\/\\\/www.organisator.ch\\\/wp-content\\\/uploads\\\/2019\\\/06\\\/Arbeitswelt-der-Zukunft-Es-gibt-noch-viel-zu-tun-2_Organisator.jpg\",\"datePublished\":\"2019-06-19T14:23:10+00:00\",\"description\":\"Am 17. Juni 2019 fand in Neuhausen a. Rhf. der 62. IST Techno-Ap\u00e9ro statt. Das Thema lautete: \u00abDigitale Arbeitswelt \u2013 Wie tickt die Wirtschaft von morgen?\u00bb\",\"breadcrumb\":{\"@id\":\"https:\\\/\\\/www.organisator.ch\\\/management\\\/2019-06-19\\\/arbeitswelt-der-zukunft-es-gibt-noch-viel-zu-tun\\\/#breadcrumb\"},\"inLanguage\":\"fr-FR\",\"potentialAction\":[{\"@type\":\"ReadAction\",\"target\":[\"https:\\\/\\\/www.organisator.ch\\\/management\\\/2019-06-19\\\/arbeitswelt-der-zukunft-es-gibt-noch-viel-zu-tun\\\/\"]}]},{\"@type\":\"ImageObject\",\"inLanguage\":\"fr-FR\",\"@id\":\"https:\\\/\\\/www.organisator.ch\\\/management\\\/2019-06-19\\\/arbeitswelt-der-zukunft-es-gibt-noch-viel-zu-tun\\\/#primaryimage\",\"url\":\"https:\\\/\\\/www.organisator.ch\\\/wp-content\\\/uploads\\\/2019\\\/06\\\/Arbeitswelt-der-Zukunft-Es-gibt-noch-viel-zu-tun-2_Organisator.jpg\",\"contentUrl\":\"https:\\\/\\\/www.organisator.ch\\\/wp-content\\\/uploads\\\/2019\\\/06\\\/Arbeitswelt-der-Zukunft-Es-gibt-noch-viel-zu-tun-2_Organisator.jpg\",\"width\":680,\"height\":958},{\"@type\":\"BreadcrumbList\",\"@id\":\"https:\\\/\\\/www.organisator.ch\\\/management\\\/2019-06-19\\\/arbeitswelt-der-zukunft-es-gibt-noch-viel-zu-tun\\\/#breadcrumb\",\"itemListElement\":[{\"@type\":\"ListItem\",\"position\":1,\"name\":\"Home\",\"item\":\"https:\\\/\\\/www.organisator.ch\\\/\"},{\"@type\":\"ListItem\",\"position\":2,\"name\":\"Arbeitswelt der Zukunft: Es gibt noch viel zu tun\"}]},{\"@type\":\"WebSite\",\"@id\":\"https:\\\/\\\/www.organisator.ch\\\/#website\",\"url\":\"https:\\\/\\\/www.organisator.ch\\\/\",\"name\":\"Organisator\",\"description\":\"Kompetent. Praxisnah. Der ORGANISATOR bereitet in 10 Ausgaben pro Jahr die wesentlichen Themen f\u00fcr F\u00fchrungskr\u00e4fte von KMU auf.\",\"publisher\":{\"@id\":\"https:\\\/\\\/www.organisator.ch\\\/#organization\"},\"potentialAction\":[{\"@type\":\"SearchAction\",\"target\":{\"@type\":\"EntryPoint\",\"urlTemplate\":\"https:\\\/\\\/www.organisator.ch\\\/?s={search_term_string}\"},\"query-input\":{\"@type\":\"PropertyValueSpecification\",\"valueRequired\":true,\"valueName\":\"search_term_string\"}}],\"inLanguage\":\"fr-FR\"},{\"@type\":\"Organization\",\"@id\":\"https:\\\/\\\/www.organisator.ch\\\/#organization\",\"name\":\"Organisator\",\"url\":\"https:\\\/\\\/www.organisator.ch\\\/\",\"logo\":{\"@type\":\"ImageObject\",\"inLanguage\":\"fr-FR\",\"@id\":\"https:\\\/\\\/www.organisator.ch\\\/#\\\/schema\\\/logo\\\/image\\\/\",\"url\":\"https:\\\/\\\/www.organisator.ch\\\/wp-content\\\/uploads\\\/2022\\\/01\\\/Logo_Organisator_Website.png\",\"contentUrl\":\"https:\\\/\\\/www.organisator.ch\\\/wp-content\\\/uploads\\\/2022\\\/01\\\/Logo_Organisator_Website.png\",\"width\":800,\"height\":77,\"caption\":\"Organisator\"},\"image\":{\"@id\":\"https:\\\/\\\/www.organisator.ch\\\/#\\\/schema\\\/logo\\\/image\\\/\"},\"sameAs\":[\"https:\\\/\\\/www.facebook.com\\\/OrganisatorFachmagazin\",\"https:\\\/\\\/www.linkedin.com\\\/showcase\\\/organisator-das-magazin-fr-kmu\",\"https:\\\/\\\/www.xing.com\\\/news\\\/pages\\\/organisator-ch-695\",\"https:\\\/\\\/www.youtube.com\\\/channel\\\/UCGP2Sq0iWaZwT3BdIAQFYpw\"]},{\"@type\":\"Person\",\"@id\":\"https:\\\/\\\/www.organisator.ch\\\/#\\\/schema\\\/person\\\/6f650f90b2842cd4c0cc334b4e36f67e\",\"name\":\"thomas.berner\",\"image\":{\"@type\":\"ImageObject\",\"inLanguage\":\"fr-FR\",\"@id\":\"https:\\\/\\\/secure.gravatar.com\\\/avatar\\\/ac5001d2a36cb6c6cd3e50789007ffca834b477b74a2144564522e944eabff61?s=96&d=mm&r=g\",\"url\":\"https:\\\/\\\/secure.gravatar.com\\\/avatar\\\/ac5001d2a36cb6c6cd3e50789007ffca834b477b74a2144564522e944eabff61?s=96&d=mm&r=g\",\"contentUrl\":\"https:\\\/\\\/secure.gravatar.com\\\/avatar\\\/ac5001d2a36cb6c6cd3e50789007ffca834b477b74a2144564522e944eabff61?s=96&d=mm&r=g\",\"caption\":\"thomas.berner\"},\"url\":\"https:\\\/\\\/www.organisator.ch\\\/fr\\\/author\\\/thomas-berner\\\/\"}]}<\/script>\n<!-- \/ Yoast SEO plugin. -->","yoast_head_json":{"title":"Le monde du travail de demain : il y a encore beaucoup \u00e0 faire - Organisateur","description":"Le 17 juin 2019, le 62e Techno-Ap\u00e9ro IST a eu lieu \u00e0 Neuhausen a. Rhf. Le th\u00e8me \u00e9tait le suivant : \"Le monde du travail num\u00e9rique - Quel est le tic de l'\u00e9conomie de demain ?\"","robots":{"index":"index","follow":"follow","max-snippet":"max-snippet:-1","max-image-preview":"max-image-preview:large","max-video-preview":"max-video-preview:-1"},"canonical":"https:\/\/www.organisator.ch\/fr\/gestion-2\/2019-06-19\/arbeitswelt-der-zukunft-es-gibt-noch-viel-zu-tun\/","og_locale":"fr_FR","og_type":"article","og_title":"Arbeitswelt der Zukunft: Es gibt noch viel zu tun","og_description":"Am 17. Juni 2019 fand in Neuhausen a. Rhf. der 62. IST Techno-Ap\u00e9ro statt. Das Thema lautete: \u00abDigitale Arbeitswelt \u2013 Wie tickt die Wirtschaft von morgen?\u00bb","og_url":"https:\/\/www.organisator.ch\/fr\/gestion-2\/2019-06-19\/arbeitswelt-der-zukunft-es-gibt-noch-viel-zu-tun\/","og_site_name":"Organisator","article_publisher":"https:\/\/www.facebook.com\/OrganisatorFachmagazin","article_published_time":"2019-06-19T14:23:10+00:00","og_image":[{"width":680,"height":958,"url":"https:\/\/www.organisator.ch\/wp-content\/uploads\/2019\/06\/Arbeitswelt-der-Zukunft-Es-gibt-noch-viel-zu-tun-2_Organisator.jpg","type":"image\/jpeg"}],"author":"thomas.berner","twitter_card":"summary_large_image","twitter_title":"#Arbeitswelt der Zukunft: Es gibt noch viel zu tun","twitter_description":"Am 17. Juni 2019 fand in Neuhausen a. Rhf. der 62. IST Techno-Ap\u00e9ro statt. Das Thema lautete: \u00abDigitale Arbeitswelt \u2013 Wie tickt die Wirtschaft von morgen?\u00bb","twitter_image":"https:\/\/www.organisator.ch\/wp-content\/uploads\/2019\/06\/Arbeitswelt-der-Zukunft-Es-gibt-noch-viel-zu-tun-2_Organisator.jpg","schema":{"@context":"https:\/\/schema.org","@graph":[{"@type":"Article","@id":"https:\/\/www.organisator.ch\/management\/2019-06-19\/arbeitswelt-der-zukunft-es-gibt-noch-viel-zu-tun\/#article","isPartOf":{"@id":"https:\/\/www.organisator.ch\/management\/2019-06-19\/arbeitswelt-der-zukunft-es-gibt-noch-viel-zu-tun\/"},"author":{"name":"thomas.berner","@id":"https:\/\/www.organisator.ch\/#\/schema\/person\/6f650f90b2842cd4c0cc334b4e36f67e"},"headline":"Arbeitswelt der Zukunft: Es gibt noch viel zu tun","datePublished":"2019-06-19T14:23:10+00:00","mainEntityOfPage":{"@id":"https:\/\/www.organisator.ch\/management\/2019-06-19\/arbeitswelt-der-zukunft-es-gibt-noch-viel-zu-tun\/"},"wordCount":559,"commentCount":0,"publisher":{"@id":"https:\/\/www.organisator.ch\/#organization"},"image":{"@id":"https:\/\/www.organisator.ch\/management\/2019-06-19\/arbeitswelt-der-zukunft-es-gibt-noch-viel-zu-tun\/#primaryimage"},"thumbnailUrl":"https:\/\/www.organisator.ch\/wp-content\/uploads\/2019\/06\/Arbeitswelt-der-Zukunft-Es-gibt-noch-viel-zu-tun-2_Organisator.jpg","keywords":["Digitalisierung","Management und Unternehmensf\u00fchrung","Studie","Wissenschaft"],"articleSection":["MANAGEMENT"],"inLanguage":"fr-FR"},{"@type":"WebPage","@id":"https:\/\/www.organisator.ch\/management\/2019-06-19\/arbeitswelt-der-zukunft-es-gibt-noch-viel-zu-tun\/","url":"https:\/\/www.organisator.ch\/management\/2019-06-19\/arbeitswelt-der-zukunft-es-gibt-noch-viel-zu-tun\/","name":"Le monde du travail de demain : il y a encore beaucoup \u00e0 faire - Organisateur","isPartOf":{"@id":"https:\/\/www.organisator.ch\/#website"},"primaryImageOfPage":{"@id":"https:\/\/www.organisator.ch\/management\/2019-06-19\/arbeitswelt-der-zukunft-es-gibt-noch-viel-zu-tun\/#primaryimage"},"image":{"@id":"https:\/\/www.organisator.ch\/management\/2019-06-19\/arbeitswelt-der-zukunft-es-gibt-noch-viel-zu-tun\/#primaryimage"},"thumbnailUrl":"https:\/\/www.organisator.ch\/wp-content\/uploads\/2019\/06\/Arbeitswelt-der-Zukunft-Es-gibt-noch-viel-zu-tun-2_Organisator.jpg","datePublished":"2019-06-19T14:23:10+00:00","description":"Le 17 juin 2019, le 62e Techno-Ap\u00e9ro IST a eu lieu \u00e0 Neuhausen a. Rhf. Le th\u00e8me \u00e9tait le suivant : \"Le monde du travail num\u00e9rique - Quel est le tic de l'\u00e9conomie de demain ?\"","breadcrumb":{"@id":"https:\/\/www.organisator.ch\/management\/2019-06-19\/arbeitswelt-der-zukunft-es-gibt-noch-viel-zu-tun\/#breadcrumb"},"inLanguage":"fr-FR","potentialAction":[{"@type":"ReadAction","target":["https:\/\/www.organisator.ch\/management\/2019-06-19\/arbeitswelt-der-zukunft-es-gibt-noch-viel-zu-tun\/"]}]},{"@type":"ImageObject","inLanguage":"fr-FR","@id":"https:\/\/www.organisator.ch\/management\/2019-06-19\/arbeitswelt-der-zukunft-es-gibt-noch-viel-zu-tun\/#primaryimage","url":"https:\/\/www.organisator.ch\/wp-content\/uploads\/2019\/06\/Arbeitswelt-der-Zukunft-Es-gibt-noch-viel-zu-tun-2_Organisator.jpg","contentUrl":"https:\/\/www.organisator.ch\/wp-content\/uploads\/2019\/06\/Arbeitswelt-der-Zukunft-Es-gibt-noch-viel-zu-tun-2_Organisator.jpg","width":680,"height":958},{"@type":"BreadcrumbList","@id":"https:\/\/www.organisator.ch\/management\/2019-06-19\/arbeitswelt-der-zukunft-es-gibt-noch-viel-zu-tun\/#breadcrumb","itemListElement":[{"@type":"ListItem","position":1,"name":"Home","item":"https:\/\/www.organisator.ch\/"},{"@type":"ListItem","position":2,"name":"Arbeitswelt der Zukunft: Es gibt noch viel zu tun"}]},{"@type":"WebSite","@id":"https:\/\/www.organisator.ch\/#website","url":"https:\/\/www.organisator.ch\/","name":"Organisateur","description":"Comp\u00e9tence et comp\u00e9tence. Proches de la pratique. L'ORGANISATEUR pr\u00e9pare 10 num\u00e9ros par an sur les th\u00e8mes essentiels pour les dirigeants de PME.","publisher":{"@id":"https:\/\/www.organisator.ch\/#organization"},"potentialAction":[{"@type":"SearchAction","target":{"@type":"EntryPoint","urlTemplate":"https:\/\/www.organisator.ch\/?s={search_term_string}"},"query-input":{"@type":"PropertyValueSpecification","valueRequired":true,"valueName":"search_term_string"}}],"inLanguage":"fr-FR"},{"@type":"Organization","@id":"https:\/\/www.organisator.ch\/#organization","name":"Organisateur","url":"https:\/\/www.organisator.ch\/","logo":{"@type":"ImageObject","inLanguage":"fr-FR","@id":"https:\/\/www.organisator.ch\/#\/schema\/logo\/image\/","url":"https:\/\/www.organisator.ch\/wp-content\/uploads\/2022\/01\/Logo_Organisator_Website.png","contentUrl":"https:\/\/www.organisator.ch\/wp-content\/uploads\/2022\/01\/Logo_Organisator_Website.png","width":800,"height":77,"caption":"Organisator"},"image":{"@id":"https:\/\/www.organisator.ch\/#\/schema\/logo\/image\/"},"sameAs":["https:\/\/www.facebook.com\/OrganisatorFachmagazin","https:\/\/www.linkedin.com\/showcase\/organisator-das-magazin-fr-kmu","https:\/\/www.xing.com\/news\/pages\/organisator-ch-695","https:\/\/www.youtube.com\/channel\/UCGP2Sq0iWaZwT3BdIAQFYpw"]},{"@type":"Person","@id":"https:\/\/www.organisator.ch\/#\/schema\/person\/6f650f90b2842cd4c0cc334b4e36f67e","name":"thomas.berner","image":{"@type":"ImageObject","inLanguage":"fr-FR","@id":"https:\/\/secure.gravatar.com\/avatar\/ac5001d2a36cb6c6cd3e50789007ffca834b477b74a2144564522e944eabff61?s=96&d=mm&r=g","url":"https:\/\/secure.gravatar.com\/avatar\/ac5001d2a36cb6c6cd3e50789007ffca834b477b74a2144564522e944eabff61?s=96&d=mm&r=g","contentUrl":"https:\/\/secure.gravatar.com\/avatar\/ac5001d2a36cb6c6cd3e50789007ffca834b477b74a2144564522e944eabff61?s=96&d=mm&r=g","caption":"thomas.berner"},"url":"https:\/\/www.organisator.ch\/fr\/author\/thomas-berner\/"}]}},"_links":{"self":[{"href":"https:\/\/www.organisator.ch\/fr\/wp-json\/wp\/v2\/posts\/5418","targetHints":{"allow":["GET"]}}],"collection":[{"href":"https:\/\/www.organisator.ch\/fr\/wp-json\/wp\/v2\/posts"}],"about":[{"href":"https:\/\/www.organisator.ch\/fr\/wp-json\/wp\/v2\/types\/post"}],"author":[{"embeddable":true,"href":"https:\/\/www.organisator.ch\/fr\/wp-json\/wp\/v2\/users\/4"}],"replies":[{"embeddable":true,"href":"https:\/\/www.organisator.ch\/fr\/wp-json\/wp\/v2\/comments?post=5418"}],"version-history":[{"count":0,"href":"https:\/\/www.organisator.ch\/fr\/wp-json\/wp\/v2\/posts\/5418\/revisions"}],"wp:featuredmedia":[{"embeddable":true,"href":"https:\/\/www.organisator.ch\/fr\/wp-json\/wp\/v2\/media\/5420"}],"wp:attachment":[{"href":"https:\/\/www.organisator.ch\/fr\/wp-json\/wp\/v2\/media?parent=5418"}],"wp:term":[{"taxonomy":"category","embeddable":true,"href":"https:\/\/www.organisator.ch\/fr\/wp-json\/wp\/v2\/categories?post=5418"},{"taxonomy":"post_tag","embeddable":true,"href":"https:\/\/www.organisator.ch\/fr\/wp-json\/wp\/v2\/tags?post=5418"}],"curies":[{"name":"wp","href":"https:\/\/api.w.org\/{rel}","templated":true}]}}