{"id":5494,"date":"2019-07-02T15:10:08","date_gmt":"2019-07-02T13:10:08","guid":{"rendered":"https:\/\/www.organisator.ch\/?p=5494"},"modified":"2019-07-02T15:10:08","modified_gmt":"2019-07-02T13:10:08","slug":"generalversammlung-der-unabhaengigen-schuhhaendler-weichen-stellen-statt-weichen","status":"publish","type":"post","link":"https:\/\/www.organisator.ch\/fr\/management\/2019-07-02\/generalversammlung-der-unabhaengigen-schuhhaendler-weichen-stellen-statt-weichen\/","title":{"rendered":"Assembl\u00e9e g\u00e9n\u00e9rale des commer\u00e7ants ind\u00e9pendants de chaussures : poser des jalons plut\u00f4t que de c\u00e9der"},"content":{"rendered":"<figure id=\"attachment_5495\" aria-describedby=\"caption-attachment-5495\" style=\"width: 680px\" class=\"wp-caption alignnone\"><img loading=\"lazy\" decoding=\"async\" class=\"size-medium wp-image-5495\" src=\"https:\/\/www.organisator.ch\/wp-content\/uploads\/2019\/07\/Generalversammlung-der-unabhaengigen-Schuhhaendler-Weichen-stellen-statt-weichen-1_Organisator.jpg\" alt=\"\" width=\"680\" height=\"510\" srcset=\"https:\/\/www.organisator.ch\/wp-content\/uploads\/2019\/07\/Generalversammlung-der-unabhaengigen-Schuhhaendler-Weichen-stellen-statt-weichen-1_Organisator.jpg 680w, https:\/\/www.organisator.ch\/wp-content\/uploads\/2019\/07\/Generalversammlung-der-unabhaengigen-Schuhhaendler-Weichen-stellen-statt-weichen-1_Organisator-16x12.jpg 16w, https:\/\/www.organisator.ch\/wp-content\/uploads\/2019\/07\/Generalversammlung-der-unabhaengigen-Schuhhaendler-Weichen-stellen-statt-weichen-1_Organisator-233x175.jpg 233w, https:\/\/www.organisator.ch\/wp-content\/uploads\/2019\/07\/Generalversammlung-der-unabhaengigen-Schuhhaendler-Weichen-stellen-statt-weichen-1_Organisator-467x350.jpg 467w, https:\/\/www.organisator.ch\/wp-content\/uploads\/2019\/07\/Generalversammlung-der-unabhaengigen-Schuhhaendler-Weichen-stellen-statt-weichen-1_Organisator-300x225.jpg 300w\" sizes=\"auto, (max-width: 680px) 100vw, 680px\" \/><figcaption id=\"caption-attachment-5495\" class=\"wp-caption-text\">Les membres de la ZUSA, l'association sectorielle des commer\u00e7ants de chaussures ind\u00e9pendants, ont suivi les propositions de l'administration. (Photo : Fabrice M\u00fcller)<\/figcaption><\/figure>\n<p>Voulons-nous c\u00e9der - ou poser des jalons ? C'est une question l\u00e9gitime au vu de l'\u00e9volution actuelle du march\u00e9, a constat\u00e9 Christoph Romang, pr\u00e9sident de ZUSA Unabh\u00e4ngige Schuhh\u00e4ndler, dans sa r\u00e9trospective annuelle. \"Nous sommes confront\u00e9s \u00e0 divers d\u00e9fis tels que la num\u00e9risation, les nouvelles structures du march\u00e9 et le changement de comportement des clients. Nous avons d\u00e9cid\u00e9 de poser des jalons et de contourner les obstacles afin de rester financi\u00e8rement stables et ind\u00e9pendants \u00e0 l'avenir \u00e9galement\".<\/p>\n<h2>Psychologie de la vente : la premi\u00e8re impression compte<\/h2>\n<p>C'est pourquoi la ZUSA investit d\u00e9lib\u00e9r\u00e9ment dans la formation de ses membres. La psychologie de vente, par exemple, est un facteur de r\u00e9ussite important dans la vente. C'est pourquoi la ZUSA propose \u00e0 ses magasins membres un atelier d'une journ\u00e9e avec la formatrice Christine Meyer-Keller \u00e0 quatre dates diff\u00e9rentes au cours du quatri\u00e8me trimestre 2019. \"Nous voulons donner de pr\u00e9cieuses impulsions, par exemple sur la premi\u00e8re impression dans un magasin, sur le th\u00e8me de la clart\u00e9 et de l'assurance dans les relations avec les clients ou sur la conduite d'un entretien\", a d\u00e9clar\u00e9 le directeur de la ZUSA, Hansj\u00f6rg Egli, en faisant la promotion de cette nouvelle offre de formation et en soulignant que les magasins peuvent se d\u00e9marquer de leurs concurrents gr\u00e2ce \u00e0 ces connaissances.<\/p>\n<h2>Num\u00e9risation et marketing<\/h2>\n<p>Comment utiliser Facebook et Instagram avec succ\u00e8s pour son entreprise ? Et quelle est l'efficacit\u00e9 de son propre site web ? C'est sous ce th\u00e8me qu'est plac\u00e9e une autre offre de formation ax\u00e9e sur le num\u00e9rique pour les membres de la ZUSA. Ceux-ci recevront des conseils pratiques pour leur pr\u00e9sence dans les m\u00e9dias sociaux dans le cadre d'une formation personnalis\u00e9e. En outre, les sites web des entreprises membres seront \u00e9valu\u00e9s. \"Ce nouveau pack marketing comprend de nombreux autres outils, dont du mat\u00e9riel adapt\u00e9 \u00e0 Facebook et Instagram, qui permettront aux participants de professionnaliser leurs activit\u00e9s de publicit\u00e9 et de relations publiques\", a d\u00e9clar\u00e9 Hansj\u00f6rg Egli.<\/p>\n<figure id=\"attachment_5496\" aria-describedby=\"caption-attachment-5496\" style=\"width: 680px\" class=\"wp-caption alignnone\"><img loading=\"lazy\" decoding=\"async\" class=\"size-medium wp-image-5496\" src=\"https:\/\/www.organisator.ch\/wp-content\/uploads\/2019\/07\/Generalversammlung-der-unabhaengigen-Schuhhaendler-Weichen-stellen-statt-weichen-2_Organisator.jpg\" alt=\"\" width=\"680\" height=\"676\" srcset=\"https:\/\/www.organisator.ch\/wp-content\/uploads\/2019\/07\/Generalversammlung-der-unabhaengigen-Schuhhaendler-Weichen-stellen-statt-weichen-2_Organisator.jpg 680w, https:\/\/www.organisator.ch\/wp-content\/uploads\/2019\/07\/Generalversammlung-der-unabhaengigen-Schuhhaendler-Weichen-stellen-statt-weichen-2_Organisator-150x150.jpg 150w, https:\/\/www.organisator.ch\/wp-content\/uploads\/2019\/07\/Generalversammlung-der-unabhaengigen-Schuhhaendler-Weichen-stellen-statt-weichen-2_Organisator-12x12.jpg 12w, https:\/\/www.organisator.ch\/wp-content\/uploads\/2019\/07\/Generalversammlung-der-unabhaengigen-Schuhhaendler-Weichen-stellen-statt-weichen-2_Organisator-176x175.jpg 176w, https:\/\/www.organisator.ch\/wp-content\/uploads\/2019\/07\/Generalversammlung-der-unabhaengigen-Schuhhaendler-Weichen-stellen-statt-weichen-2_Organisator-352x350.jpg 352w, https:\/\/www.organisator.ch\/wp-content\/uploads\/2019\/07\/Generalversammlung-der-unabhaengigen-Schuhhaendler-Weichen-stellen-statt-weichen-2_Organisator-250x250.jpg 250w, https:\/\/www.organisator.ch\/wp-content\/uploads\/2019\/07\/Generalversammlung-der-unabhaengigen-Schuhhaendler-Weichen-stellen-statt-weichen-2_Organisator-300x298.jpg 300w, https:\/\/www.organisator.ch\/wp-content\/uploads\/2019\/07\/Generalversammlung-der-unabhaengigen-Schuhhaendler-Weichen-stellen-statt-weichen-2_Organisator-100x100.jpg 100w\" sizes=\"auto, (max-width: 680px) 100vw, 680px\" \/><figcaption id=\"caption-attachment-5496\" class=\"wp-caption-text\">Hansj\u00f6rg Egli, directeur de la ZUSA, a inform\u00e9 sur les activit\u00e9s \u00e0 venir autour du marketing et de la formation. (Photo : Fabrice M\u00fcller)<\/figcaption><\/figure>\n<p>Dans le domaine du marketing, la ZUSA lance son propre prospectus de chaussures pour hommes \"Casual\" en vue de la mode printemps-\u00e9t\u00e9 2020. Comme l'a inform\u00e9 Hansj\u00f6rg Egli, tous les fournisseurs potentiels de chaussures pour hommes doivent \u00eatre convaincus de collaborer et de participer aux frais. Selon Hansj\u00f6rg Egli, la ZUSA a cr\u00e9\u00e9 les bases techniques n\u00e9cessaires \u00e0 une collaboration encore plus efficace avec les fournisseurs et \u00e0 l'\u00e9change num\u00e9rique des donn\u00e9es. Les membres peuvent obtenir des informations suppl\u00e9mentaires \u00e0 ce sujet directement aupr\u00e8s du bureau de la ZUSA.<\/p>\n<h2>Du r\u00e8glement de la succession \u00e0 l'information sur les tendances<\/h2>\n<p>Le r\u00e8glement de la succession, la pr\u00e9voyance professionnelle et l'organisation des remplacements sont d'autres th\u00e8mes qui seront prochainement int\u00e9gr\u00e9s au programme de formation. Le cours sp\u00e9cialis\u00e9 ZUSA, qui a fait ses preuves en tant qu'\u00e9l\u00e9ment important de la formation des apprentis, se d\u00e9roulera cette ann\u00e9e encore dans le cadre habituel avec l'\u00e9quipe d'enseignants actuelle. En septembre 2019, l'information sur les tendances pour l'automne\/hiver 2019 avec Marlies Brogli sera \u00e0 nouveau au programme.<\/p>\n<h2>Christoph Romang se retire de la pr\u00e9sidence<\/h2>\n<figure id=\"attachment_5497\" aria-describedby=\"caption-attachment-5497\" style=\"width: 680px\" class=\"wp-caption alignnone\"><img loading=\"lazy\" decoding=\"async\" class=\"size-medium wp-image-5497\" src=\"https:\/\/www.organisator.ch\/wp-content\/uploads\/2019\/07\/Generalversammlung-der-unabhaengigen-Schuhhaendler-Weichen-stellen-statt-weichen-3_Organisator.jpg\" alt=\"\" width=\"680\" height=\"829\" srcset=\"https:\/\/www.organisator.ch\/wp-content\/uploads\/2019\/07\/Generalversammlung-der-unabhaengigen-Schuhhaendler-Weichen-stellen-statt-weichen-3_Organisator.jpg 680w, https:\/\/www.organisator.ch\/wp-content\/uploads\/2019\/07\/Generalversammlung-der-unabhaengigen-Schuhhaendler-Weichen-stellen-statt-weichen-3_Organisator-10x12.jpg 10w, https:\/\/www.organisator.ch\/wp-content\/uploads\/2019\/07\/Generalversammlung-der-unabhaengigen-Schuhhaendler-Weichen-stellen-statt-weichen-3_Organisator-144x175.jpg 144w, https:\/\/www.organisator.ch\/wp-content\/uploads\/2019\/07\/Generalversammlung-der-unabhaengigen-Schuhhaendler-Weichen-stellen-statt-weichen-3_Organisator-287x350.jpg 287w, https:\/\/www.organisator.ch\/wp-content\/uploads\/2019\/07\/Generalversammlung-der-unabhaengigen-Schuhhaendler-Weichen-stellen-statt-weichen-3_Organisator-656x800.jpg 656w, https:\/\/www.organisator.ch\/wp-content\/uploads\/2019\/07\/Generalversammlung-der-unabhaengigen-Schuhhaendler-Weichen-stellen-statt-weichen-3_Organisator-300x366.jpg 300w\" sizes=\"auto, (max-width: 680px) 100vw, 680px\" \/><figcaption id=\"caption-attachment-5497\" class=\"wp-caption-text\">Le pr\u00e9sident de la ZUSA, Christoph Romang, quitte son poste de pr\u00e9sident de longue date. (Image : Fabrice M\u00fcller)<\/figcaption><\/figure>\n<p>D'importants changements de personnel sont pr\u00e9vus au sein de l'administration de la coop\u00e9rative ZUSA. Le pr\u00e9sident de longue date, Christoph Romang, quitte son poste apr\u00e8s 12 ans de pr\u00e9sidence et un total de 15 ans en tant que membre de l'administration. Lors de l'assembl\u00e9e g\u00e9n\u00e9rale, il a \u00e9t\u00e9 chaleureusement applaudi pour sa mani\u00e8re calme, r\u00e9fl\u00e9chie et professionnelle de diriger le navire ZUSA. Willy Gwerder, \u00e9galement membre de longue date de l'administration, a \u00e9t\u00e9 \u00e9lu pour lui succ\u00e9der. Avec Sonja Morger, c'est un autre d\u00e9part \u00e0 la t\u00eate de la ZUSA. Elle s'est notamment engag\u00e9e dans des th\u00e8mes li\u00e9s aux m\u00e9dias sociaux et \u00e0 la num\u00e9risation. L'assembl\u00e9e g\u00e9n\u00e9rale a \u00e9lu Erika Barth pour lui succ\u00e9der. En outre, Samuel Schneider, dont le p\u00e8re Ueli a \u00e9t\u00e9 membre du comit\u00e9 ZUSA pendant plusieurs ann\u00e9es, a \u00e9galement \u00e9t\u00e9 \u00e9lu \u00e0 l'administration. Tous les autres membres de l'administration se sont pr\u00e9sent\u00e9s pour une r\u00e9\u00e9lection. Esther Albiez reprendra le poste de vice-pr\u00e9sidente.<\/p>\n<p><a href=\"http:\/\/www.zusa.ch\">www.zusa.ch<\/a><\/p>","protected":false},"excerpt":{"rendered":"<p>Wollen wir weichen \u2013 oder Weichen stellen? Dies sei angesichts der aktuellen Marktentwicklung eine berechtigte Frage, stellte Christoph Romang, Pr\u00e4sident der ZUSA Unabh\u00e4ngige Schuhh\u00e4ndler, in seinem Jahresr\u00fcckblick fest. \u00abWir sehen uns mit diversen Herausforderungen wie etwa der Digitalisierung, neuen Marktstrukturen und einem ver\u00e4nderten Kundenverhalten konfrontiert. Wir haben uns entschieden, Weichen zu stellen und die Hindernisse [&hellip;]<\/p>\n","protected":false},"author":4,"featured_media":5495,"comment_status":"open","ping_status":"open","sticky":false,"template":"","format":"standard","meta":{"_acf_changed":false,"_yoast_wpseo_focuskw":"Schuhh\u00e4ndler","_yoast_wpseo_metadesc":"Die 63. Generalversammlung der ZUSA \u2013 unabh\u00e4ngige Schuhh\u00e4ndler auf dem Stoos stellte die Weichen f\u00fcr zukunftsgerichtete Themen.","articlekey":"","footnotes":""},"categories":[28],"tags":[335,503,508],"class_list":["post-5494","post","type-post","status-publish","format-standard","has-post-thumbnail","hentry","category-management","tag-management-und-unternehmensfuehrung","tag-verbaende","tag-vermischtes"],"acf":[],"yoast_head":"<!-- This site is optimized with the Yoast SEO plugin v27.4 - https:\/\/yoast.com\/product\/yoast-seo-wordpress\/ -->\n<title>Generalversammlung der unabh\u00e4ngigen Schuhh\u00e4ndler: Weichen stellen statt weichen - Organisator<\/title>\n<meta name=\"description\" content=\"Die 63. Generalversammlung der ZUSA \u2013 unabh\u00e4ngige Schuhh\u00e4ndler auf dem Stoos stellte die Weichen f\u00fcr zukunftsgerichtete Themen.\" \/>\n<meta name=\"robots\" content=\"index, follow, max-snippet:-1, max-image-preview:large, max-video-preview:-1\" \/>\n<link rel=\"canonical\" href=\"https:\/\/www.organisator.ch\/fr\/gestion-2\/2019-07-02\/generalversammlung-der-unabhaengigen-schuhhaendler-weichen-stellen-statt-weichen\/\" \/>\n<meta property=\"og:locale\" content=\"fr_FR\" \/>\n<meta property=\"og:type\" content=\"article\" \/>\n<meta property=\"og:title\" content=\"Generalversammlung der unabh\u00e4ngigen Schuhh\u00e4ndler: Weichen stellen statt weichen\" \/>\n<meta property=\"og:description\" content=\"Die 63. Generalversammlung der ZUSA \u2013 unabh\u00e4ngige Schuhh\u00e4ndler auf dem Stoos stellte die Weichen f\u00fcr zukunftsgerichtete Themen.\" \/>\n<meta property=\"og:url\" content=\"https:\/\/www.organisator.ch\/fr\/gestion-2\/2019-07-02\/generalversammlung-der-unabhaengigen-schuhhaendler-weichen-stellen-statt-weichen\/\" \/>\n<meta property=\"og:site_name\" content=\"Organisator\" \/>\n<meta property=\"article:publisher\" content=\"https:\/\/www.facebook.com\/OrganisatorFachmagazin\" \/>\n<meta property=\"article:published_time\" content=\"2019-07-02T13:10:08+00:00\" \/>\n<meta property=\"og:image\" content=\"https:\/\/www.organisator.ch\/wp-content\/uploads\/2019\/07\/Generalversammlung-der-unabhaengigen-Schuhhaendler-Weichen-stellen-statt-weichen-1_Organisator.jpg\" \/>\n\t<meta property=\"og:image:width\" content=\"680\" \/>\n\t<meta property=\"og:image:height\" content=\"510\" \/>\n\t<meta property=\"og:image:type\" content=\"image\/jpeg\" \/>\n<meta name=\"author\" content=\"thomas.berner\" \/>\n<meta name=\"twitter:card\" content=\"summary_large_image\" \/>\n<meta name=\"twitter:title\" content=\"Generalversammlung der unabh\u00e4ngigen #Schuhh\u00e4ndler: Weichen stellen statt weichen\" \/>\n<meta name=\"twitter:description\" content=\"Die 63. Generalversammlung der ZUSA \u2013 unabh\u00e4ngige #Schuhh\u00e4ndler auf dem Stoos stellte die Weichen f\u00fcr zukunftsgerichtete Themen.\" \/>\n<meta name=\"twitter:image\" content=\"https:\/\/www.organisator.ch\/wp-content\/uploads\/2019\/07\/Generalversammlung-der-unabh\u00e4ngigen-Schuhh\u00e4ndler-Weichen-stellen-statt-weichen-1_Organisator.jpg\" \/>\n<script type=\"application\/ld+json\" class=\"yoast-schema-graph\">{\"@context\":\"https:\\\/\\\/schema.org\",\"@graph\":[{\"@type\":\"Article\",\"@id\":\"https:\\\/\\\/www.organisator.ch\\\/management\\\/2019-07-02\\\/generalversammlung-der-unabhaengigen-schuhhaendler-weichen-stellen-statt-weichen\\\/#article\",\"isPartOf\":{\"@id\":\"https:\\\/\\\/www.organisator.ch\\\/management\\\/2019-07-02\\\/generalversammlung-der-unabhaengigen-schuhhaendler-weichen-stellen-statt-weichen\\\/\"},\"author\":{\"name\":\"thomas.berner\",\"@id\":\"https:\\\/\\\/www.organisator.ch\\\/#\\\/schema\\\/person\\\/6f650f90b2842cd4c0cc334b4e36f67e\"},\"headline\":\"Generalversammlung der unabh\u00e4ngigen Schuhh\u00e4ndler: Weichen stellen statt weichen\",\"datePublished\":\"2019-07-02T13:10:08+00:00\",\"mainEntityOfPage\":{\"@id\":\"https:\\\/\\\/www.organisator.ch\\\/management\\\/2019-07-02\\\/generalversammlung-der-unabhaengigen-schuhhaendler-weichen-stellen-statt-weichen\\\/\"},\"wordCount\":651,\"commentCount\":0,\"publisher\":{\"@id\":\"https:\\\/\\\/www.organisator.ch\\\/#organization\"},\"image\":{\"@id\":\"https:\\\/\\\/www.organisator.ch\\\/management\\\/2019-07-02\\\/generalversammlung-der-unabhaengigen-schuhhaendler-weichen-stellen-statt-weichen\\\/#primaryimage\"},\"thumbnailUrl\":\"https:\\\/\\\/www.organisator.ch\\\/wp-content\\\/uploads\\\/2019\\\/07\\\/Generalversammlung-der-unabhaengigen-Schuhhaendler-Weichen-stellen-statt-weichen-1_Organisator.jpg\",\"keywords\":[\"Management und Unternehmensf\u00fchrung\",\"Verb\u00e4nde\",\"Vermischtes\"],\"articleSection\":[\"MANAGEMENT\"],\"inLanguage\":\"fr-FR\"},{\"@type\":\"WebPage\",\"@id\":\"https:\\\/\\\/www.organisator.ch\\\/management\\\/2019-07-02\\\/generalversammlung-der-unabhaengigen-schuhhaendler-weichen-stellen-statt-weichen\\\/\",\"url\":\"https:\\\/\\\/www.organisator.ch\\\/management\\\/2019-07-02\\\/generalversammlung-der-unabhaengigen-schuhhaendler-weichen-stellen-statt-weichen\\\/\",\"name\":\"Generalversammlung der unabh\u00e4ngigen Schuhh\u00e4ndler: Weichen stellen statt weichen - Organisator\",\"isPartOf\":{\"@id\":\"https:\\\/\\\/www.organisator.ch\\\/#website\"},\"primaryImageOfPage\":{\"@id\":\"https:\\\/\\\/www.organisator.ch\\\/management\\\/2019-07-02\\\/generalversammlung-der-unabhaengigen-schuhhaendler-weichen-stellen-statt-weichen\\\/#primaryimage\"},\"image\":{\"@id\":\"https:\\\/\\\/www.organisator.ch\\\/management\\\/2019-07-02\\\/generalversammlung-der-unabhaengigen-schuhhaendler-weichen-stellen-statt-weichen\\\/#primaryimage\"},\"thumbnailUrl\":\"https:\\\/\\\/www.organisator.ch\\\/wp-content\\\/uploads\\\/2019\\\/07\\\/Generalversammlung-der-unabhaengigen-Schuhhaendler-Weichen-stellen-statt-weichen-1_Organisator.jpg\",\"datePublished\":\"2019-07-02T13:10:08+00:00\",\"description\":\"Die 63. Generalversammlung der ZUSA \u2013 unabh\u00e4ngige Schuhh\u00e4ndler auf dem Stoos stellte die Weichen f\u00fcr zukunftsgerichtete Themen.\",\"breadcrumb\":{\"@id\":\"https:\\\/\\\/www.organisator.ch\\\/management\\\/2019-07-02\\\/generalversammlung-der-unabhaengigen-schuhhaendler-weichen-stellen-statt-weichen\\\/#breadcrumb\"},\"inLanguage\":\"fr-FR\",\"potentialAction\":[{\"@type\":\"ReadAction\",\"target\":[\"https:\\\/\\\/www.organisator.ch\\\/management\\\/2019-07-02\\\/generalversammlung-der-unabhaengigen-schuhhaendler-weichen-stellen-statt-weichen\\\/\"]}]},{\"@type\":\"ImageObject\",\"inLanguage\":\"fr-FR\",\"@id\":\"https:\\\/\\\/www.organisator.ch\\\/management\\\/2019-07-02\\\/generalversammlung-der-unabhaengigen-schuhhaendler-weichen-stellen-statt-weichen\\\/#primaryimage\",\"url\":\"https:\\\/\\\/www.organisator.ch\\\/wp-content\\\/uploads\\\/2019\\\/07\\\/Generalversammlung-der-unabhaengigen-Schuhhaendler-Weichen-stellen-statt-weichen-1_Organisator.jpg\",\"contentUrl\":\"https:\\\/\\\/www.organisator.ch\\\/wp-content\\\/uploads\\\/2019\\\/07\\\/Generalversammlung-der-unabhaengigen-Schuhhaendler-Weichen-stellen-statt-weichen-1_Organisator.jpg\",\"width\":680,\"height\":510,\"caption\":\"Die Mitglieder der ZUSA, dem Branchenverband der unabh\u00e4ngigen Schuhh\u00e4ndler, folgten den Antr\u00e4gen der Verwaltung. (Bild: Fabrice M\u00fcller)\"},{\"@type\":\"BreadcrumbList\",\"@id\":\"https:\\\/\\\/www.organisator.ch\\\/management\\\/2019-07-02\\\/generalversammlung-der-unabhaengigen-schuhhaendler-weichen-stellen-statt-weichen\\\/#breadcrumb\",\"itemListElement\":[{\"@type\":\"ListItem\",\"position\":1,\"name\":\"Home\",\"item\":\"https:\\\/\\\/www.organisator.ch\\\/\"},{\"@type\":\"ListItem\",\"position\":2,\"name\":\"Generalversammlung der unabh\u00e4ngigen Schuhh\u00e4ndler: Weichen stellen statt weichen\"}]},{\"@type\":\"WebSite\",\"@id\":\"https:\\\/\\\/www.organisator.ch\\\/#website\",\"url\":\"https:\\\/\\\/www.organisator.ch\\\/\",\"name\":\"Organisator\",\"description\":\"Kompetent. Praxisnah. Der ORGANISATOR bereitet in 10 Ausgaben pro Jahr die wesentlichen Themen f\u00fcr F\u00fchrungskr\u00e4fte von KMU auf.\",\"publisher\":{\"@id\":\"https:\\\/\\\/www.organisator.ch\\\/#organization\"},\"potentialAction\":[{\"@type\":\"SearchAction\",\"target\":{\"@type\":\"EntryPoint\",\"urlTemplate\":\"https:\\\/\\\/www.organisator.ch\\\/?s={search_term_string}\"},\"query-input\":{\"@type\":\"PropertyValueSpecification\",\"valueRequired\":true,\"valueName\":\"search_term_string\"}}],\"inLanguage\":\"fr-FR\"},{\"@type\":\"Organization\",\"@id\":\"https:\\\/\\\/www.organisator.ch\\\/#organization\",\"name\":\"Organisator\",\"url\":\"https:\\\/\\\/www.organisator.ch\\\/\",\"logo\":{\"@type\":\"ImageObject\",\"inLanguage\":\"fr-FR\",\"@id\":\"https:\\\/\\\/www.organisator.ch\\\/#\\\/schema\\\/logo\\\/image\\\/\",\"url\":\"https:\\\/\\\/www.organisator.ch\\\/wp-content\\\/uploads\\\/2022\\\/01\\\/Logo_Organisator_Website.png\",\"contentUrl\":\"https:\\\/\\\/www.organisator.ch\\\/wp-content\\\/uploads\\\/2022\\\/01\\\/Logo_Organisator_Website.png\",\"width\":800,\"height\":77,\"caption\":\"Organisator\"},\"image\":{\"@id\":\"https:\\\/\\\/www.organisator.ch\\\/#\\\/schema\\\/logo\\\/image\\\/\"},\"sameAs\":[\"https:\\\/\\\/www.facebook.com\\\/OrganisatorFachmagazin\",\"https:\\\/\\\/www.linkedin.com\\\/showcase\\\/organisator-das-magazin-fr-kmu\",\"https:\\\/\\\/www.xing.com\\\/news\\\/pages\\\/organisator-ch-695\",\"https:\\\/\\\/www.youtube.com\\\/channel\\\/UCGP2Sq0iWaZwT3BdIAQFYpw\"]},{\"@type\":\"Person\",\"@id\":\"https:\\\/\\\/www.organisator.ch\\\/#\\\/schema\\\/person\\\/6f650f90b2842cd4c0cc334b4e36f67e\",\"name\":\"thomas.berner\",\"image\":{\"@type\":\"ImageObject\",\"inLanguage\":\"fr-FR\",\"@id\":\"https:\\\/\\\/secure.gravatar.com\\\/avatar\\\/ac5001d2a36cb6c6cd3e50789007ffca834b477b74a2144564522e944eabff61?s=96&d=mm&r=g\",\"url\":\"https:\\\/\\\/secure.gravatar.com\\\/avatar\\\/ac5001d2a36cb6c6cd3e50789007ffca834b477b74a2144564522e944eabff61?s=96&d=mm&r=g\",\"contentUrl\":\"https:\\\/\\\/secure.gravatar.com\\\/avatar\\\/ac5001d2a36cb6c6cd3e50789007ffca834b477b74a2144564522e944eabff61?s=96&d=mm&r=g\",\"caption\":\"thomas.berner\"},\"url\":\"https:\\\/\\\/www.organisator.ch\\\/fr\\\/author\\\/thomas-berner\\\/\"}]}<\/script>\n<!-- \/ Yoast SEO plugin. -->","yoast_head_json":{"title":"Assembl\u00e9e g\u00e9n\u00e9rale des distributeurs ind\u00e9pendants de chaussures : poser des jalons au lieu de c\u00e9der - Organisateur","description":"La 63e assembl\u00e9e g\u00e9n\u00e9rale de ZUSA - commer\u00e7ants de chaussures ind\u00e9pendants sur Stoos a pos\u00e9 les jalons de th\u00e8mes orient\u00e9s vers l'avenir.","robots":{"index":"index","follow":"follow","max-snippet":"max-snippet:-1","max-image-preview":"max-image-preview:large","max-video-preview":"max-video-preview:-1"},"canonical":"https:\/\/www.organisator.ch\/fr\/gestion-2\/2019-07-02\/generalversammlung-der-unabhaengigen-schuhhaendler-weichen-stellen-statt-weichen\/","og_locale":"fr_FR","og_type":"article","og_title":"Generalversammlung der unabh\u00e4ngigen Schuhh\u00e4ndler: Weichen stellen statt weichen","og_description":"Die 63. Generalversammlung der ZUSA \u2013 unabh\u00e4ngige Schuhh\u00e4ndler auf dem Stoos stellte die Weichen f\u00fcr zukunftsgerichtete Themen.","og_url":"https:\/\/www.organisator.ch\/fr\/gestion-2\/2019-07-02\/generalversammlung-der-unabhaengigen-schuhhaendler-weichen-stellen-statt-weichen\/","og_site_name":"Organisator","article_publisher":"https:\/\/www.facebook.com\/OrganisatorFachmagazin","article_published_time":"2019-07-02T13:10:08+00:00","og_image":[{"width":680,"height":510,"url":"https:\/\/www.organisator.ch\/wp-content\/uploads\/2019\/07\/Generalversammlung-der-unabhaengigen-Schuhhaendler-Weichen-stellen-statt-weichen-1_Organisator.jpg","type":"image\/jpeg"}],"author":"thomas.berner","twitter_card":"summary_large_image","twitter_title":"Generalversammlung der unabh\u00e4ngigen #Schuhh\u00e4ndler: Weichen stellen statt weichen","twitter_description":"Die 63. Generalversammlung der ZUSA \u2013 unabh\u00e4ngige #Schuhh\u00e4ndler auf dem Stoos stellte die Weichen f\u00fcr zukunftsgerichtete Themen.","twitter_image":"https:\/\/www.organisator.ch\/wp-content\/uploads\/2019\/07\/Generalversammlung-der-unabh\u00e4ngigen-Schuhh\u00e4ndler-Weichen-stellen-statt-weichen-1_Organisator.jpg","schema":{"@context":"https:\/\/schema.org","@graph":[{"@type":"Article","@id":"https:\/\/www.organisator.ch\/management\/2019-07-02\/generalversammlung-der-unabhaengigen-schuhhaendler-weichen-stellen-statt-weichen\/#article","isPartOf":{"@id":"https:\/\/www.organisator.ch\/management\/2019-07-02\/generalversammlung-der-unabhaengigen-schuhhaendler-weichen-stellen-statt-weichen\/"},"author":{"name":"thomas.berner","@id":"https:\/\/www.organisator.ch\/#\/schema\/person\/6f650f90b2842cd4c0cc334b4e36f67e"},"headline":"Generalversammlung der unabh\u00e4ngigen Schuhh\u00e4ndler: Weichen stellen statt weichen","datePublished":"2019-07-02T13:10:08+00:00","mainEntityOfPage":{"@id":"https:\/\/www.organisator.ch\/management\/2019-07-02\/generalversammlung-der-unabhaengigen-schuhhaendler-weichen-stellen-statt-weichen\/"},"wordCount":651,"commentCount":0,"publisher":{"@id":"https:\/\/www.organisator.ch\/#organization"},"image":{"@id":"https:\/\/www.organisator.ch\/management\/2019-07-02\/generalversammlung-der-unabhaengigen-schuhhaendler-weichen-stellen-statt-weichen\/#primaryimage"},"thumbnailUrl":"https:\/\/www.organisator.ch\/wp-content\/uploads\/2019\/07\/Generalversammlung-der-unabhaengigen-Schuhhaendler-Weichen-stellen-statt-weichen-1_Organisator.jpg","keywords":["Management und Unternehmensf\u00fchrung","Verb\u00e4nde","Vermischtes"],"articleSection":["MANAGEMENT"],"inLanguage":"fr-FR"},{"@type":"WebPage","@id":"https:\/\/www.organisator.ch\/management\/2019-07-02\/generalversammlung-der-unabhaengigen-schuhhaendler-weichen-stellen-statt-weichen\/","url":"https:\/\/www.organisator.ch\/management\/2019-07-02\/generalversammlung-der-unabhaengigen-schuhhaendler-weichen-stellen-statt-weichen\/","name":"Assembl\u00e9e g\u00e9n\u00e9rale des distributeurs ind\u00e9pendants de chaussures : poser des jalons au lieu de c\u00e9der - Organisateur","isPartOf":{"@id":"https:\/\/www.organisator.ch\/#website"},"primaryImageOfPage":{"@id":"https:\/\/www.organisator.ch\/management\/2019-07-02\/generalversammlung-der-unabhaengigen-schuhhaendler-weichen-stellen-statt-weichen\/#primaryimage"},"image":{"@id":"https:\/\/www.organisator.ch\/management\/2019-07-02\/generalversammlung-der-unabhaengigen-schuhhaendler-weichen-stellen-statt-weichen\/#primaryimage"},"thumbnailUrl":"https:\/\/www.organisator.ch\/wp-content\/uploads\/2019\/07\/Generalversammlung-der-unabhaengigen-Schuhhaendler-Weichen-stellen-statt-weichen-1_Organisator.jpg","datePublished":"2019-07-02T13:10:08+00:00","description":"La 63e assembl\u00e9e g\u00e9n\u00e9rale de ZUSA - commer\u00e7ants de chaussures ind\u00e9pendants sur Stoos a pos\u00e9 les jalons de th\u00e8mes orient\u00e9s vers l'avenir.","breadcrumb":{"@id":"https:\/\/www.organisator.ch\/management\/2019-07-02\/generalversammlung-der-unabhaengigen-schuhhaendler-weichen-stellen-statt-weichen\/#breadcrumb"},"inLanguage":"fr-FR","potentialAction":[{"@type":"ReadAction","target":["https:\/\/www.organisator.ch\/management\/2019-07-02\/generalversammlung-der-unabhaengigen-schuhhaendler-weichen-stellen-statt-weichen\/"]}]},{"@type":"ImageObject","inLanguage":"fr-FR","@id":"https:\/\/www.organisator.ch\/management\/2019-07-02\/generalversammlung-der-unabhaengigen-schuhhaendler-weichen-stellen-statt-weichen\/#primaryimage","url":"https:\/\/www.organisator.ch\/wp-content\/uploads\/2019\/07\/Generalversammlung-der-unabhaengigen-Schuhhaendler-Weichen-stellen-statt-weichen-1_Organisator.jpg","contentUrl":"https:\/\/www.organisator.ch\/wp-content\/uploads\/2019\/07\/Generalversammlung-der-unabhaengigen-Schuhhaendler-Weichen-stellen-statt-weichen-1_Organisator.jpg","width":680,"height":510,"caption":"Die Mitglieder der ZUSA, dem Branchenverband der unabh\u00e4ngigen Schuhh\u00e4ndler, folgten den Antr\u00e4gen der Verwaltung. (Bild: Fabrice M\u00fcller)"},{"@type":"BreadcrumbList","@id":"https:\/\/www.organisator.ch\/management\/2019-07-02\/generalversammlung-der-unabhaengigen-schuhhaendler-weichen-stellen-statt-weichen\/#breadcrumb","itemListElement":[{"@type":"ListItem","position":1,"name":"Home","item":"https:\/\/www.organisator.ch\/"},{"@type":"ListItem","position":2,"name":"Generalversammlung der unabh\u00e4ngigen Schuhh\u00e4ndler: Weichen stellen statt weichen"}]},{"@type":"WebSite","@id":"https:\/\/www.organisator.ch\/#website","url":"https:\/\/www.organisator.ch\/","name":"Organisateur","description":"Comp\u00e9tence et comp\u00e9tence. Proches de la pratique. L'ORGANISATEUR pr\u00e9pare 10 num\u00e9ros par an sur les th\u00e8mes essentiels pour les dirigeants de PME.","publisher":{"@id":"https:\/\/www.organisator.ch\/#organization"},"potentialAction":[{"@type":"SearchAction","target":{"@type":"EntryPoint","urlTemplate":"https:\/\/www.organisator.ch\/?s={search_term_string}"},"query-input":{"@type":"PropertyValueSpecification","valueRequired":true,"valueName":"search_term_string"}}],"inLanguage":"fr-FR"},{"@type":"Organization","@id":"https:\/\/www.organisator.ch\/#organization","name":"Organisateur","url":"https:\/\/www.organisator.ch\/","logo":{"@type":"ImageObject","inLanguage":"fr-FR","@id":"https:\/\/www.organisator.ch\/#\/schema\/logo\/image\/","url":"https:\/\/www.organisator.ch\/wp-content\/uploads\/2022\/01\/Logo_Organisator_Website.png","contentUrl":"https:\/\/www.organisator.ch\/wp-content\/uploads\/2022\/01\/Logo_Organisator_Website.png","width":800,"height":77,"caption":"Organisator"},"image":{"@id":"https:\/\/www.organisator.ch\/#\/schema\/logo\/image\/"},"sameAs":["https:\/\/www.facebook.com\/OrganisatorFachmagazin","https:\/\/www.linkedin.com\/showcase\/organisator-das-magazin-fr-kmu","https:\/\/www.xing.com\/news\/pages\/organisator-ch-695","https:\/\/www.youtube.com\/channel\/UCGP2Sq0iWaZwT3BdIAQFYpw"]},{"@type":"Person","@id":"https:\/\/www.organisator.ch\/#\/schema\/person\/6f650f90b2842cd4c0cc334b4e36f67e","name":"thomas.berner","image":{"@type":"ImageObject","inLanguage":"fr-FR","@id":"https:\/\/secure.gravatar.com\/avatar\/ac5001d2a36cb6c6cd3e50789007ffca834b477b74a2144564522e944eabff61?s=96&d=mm&r=g","url":"https:\/\/secure.gravatar.com\/avatar\/ac5001d2a36cb6c6cd3e50789007ffca834b477b74a2144564522e944eabff61?s=96&d=mm&r=g","contentUrl":"https:\/\/secure.gravatar.com\/avatar\/ac5001d2a36cb6c6cd3e50789007ffca834b477b74a2144564522e944eabff61?s=96&d=mm&r=g","caption":"thomas.berner"},"url":"https:\/\/www.organisator.ch\/fr\/author\/thomas-berner\/"}]}},"_links":{"self":[{"href":"https:\/\/www.organisator.ch\/fr\/wp-json\/wp\/v2\/posts\/5494","targetHints":{"allow":["GET"]}}],"collection":[{"href":"https:\/\/www.organisator.ch\/fr\/wp-json\/wp\/v2\/posts"}],"about":[{"href":"https:\/\/www.organisator.ch\/fr\/wp-json\/wp\/v2\/types\/post"}],"author":[{"embeddable":true,"href":"https:\/\/www.organisator.ch\/fr\/wp-json\/wp\/v2\/users\/4"}],"replies":[{"embeddable":true,"href":"https:\/\/www.organisator.ch\/fr\/wp-json\/wp\/v2\/comments?post=5494"}],"version-history":[{"count":0,"href":"https:\/\/www.organisator.ch\/fr\/wp-json\/wp\/v2\/posts\/5494\/revisions"}],"wp:featuredmedia":[{"embeddable":true,"href":"https:\/\/www.organisator.ch\/fr\/wp-json\/wp\/v2\/media\/5495"}],"wp:attachment":[{"href":"https:\/\/www.organisator.ch\/fr\/wp-json\/wp\/v2\/media?parent=5494"}],"wp:term":[{"taxonomy":"category","embeddable":true,"href":"https:\/\/www.organisator.ch\/fr\/wp-json\/wp\/v2\/categories?post=5494"},{"taxonomy":"post_tag","embeddable":true,"href":"https:\/\/www.organisator.ch\/fr\/wp-json\/wp\/v2\/tags?post=5494"}],"curies":[{"name":"wp","href":"https:\/\/api.w.org\/{rel}","templated":true}]}}