{"id":5507,"date":"2019-07-08T08:27:16","date_gmt":"2019-07-08T06:27:16","guid":{"rendered":"https:\/\/www.organisator.ch\/?p=5507"},"modified":"2019-07-08T08:27:16","modified_gmt":"2019-07-08T06:27:16","slug":"erfolgreicher-lehrabschluss-mediamatiker-efz-brilliert-mit-multimedialer-abschlussarbeit","status":"publish","type":"post","link":"https:\/\/www.organisator.ch\/fr\/management\/it\/2019-07-08\/erfolgreicher-lehrabschluss-mediamatiker-efz-brilliert-mit-multimedialer-abschlussarbeit\/","title":{"rendered":"Fin d'apprentissage r\u00e9ussie : le m\u00e9diamaticien CFC brille avec son travail de fin d'\u00e9tudes multim\u00e9dia"},"content":{"rendered":"<figure id=\"attachment_5508\" aria-describedby=\"caption-attachment-5508\" style=\"width: 680px\" class=\"wp-caption alignnone\"><img loading=\"lazy\" decoding=\"async\" class=\"size-medium wp-image-5508\" src=\"https:\/\/www.organisator.ch\/wp-content\/uploads\/2019\/07\/Erfolgreicher-Lehrabschluss-Mediamatiker-EFZ-brilliert-mit-multimedialer-Abschlussarbeit_Organisator.jpg\" alt=\"\" width=\"680\" height=\"747\" srcset=\"https:\/\/www.organisator.ch\/wp-content\/uploads\/2019\/07\/Erfolgreicher-Lehrabschluss-Mediamatiker-EFZ-brilliert-mit-multimedialer-Abschlussarbeit_Organisator.jpg 680w, https:\/\/www.organisator.ch\/wp-content\/uploads\/2019\/07\/Erfolgreicher-Lehrabschluss-Mediamatiker-EFZ-brilliert-mit-multimedialer-Abschlussarbeit_Organisator-11x12.jpg 11w, https:\/\/www.organisator.ch\/wp-content\/uploads\/2019\/07\/Erfolgreicher-Lehrabschluss-Mediamatiker-EFZ-brilliert-mit-multimedialer-Abschlussarbeit_Organisator-159x175.jpg 159w, https:\/\/www.organisator.ch\/wp-content\/uploads\/2019\/07\/Erfolgreicher-Lehrabschluss-Mediamatiker-EFZ-brilliert-mit-multimedialer-Abschlussarbeit_Organisator-319x350.jpg 319w, https:\/\/www.organisator.ch\/wp-content\/uploads\/2019\/07\/Erfolgreicher-Lehrabschluss-Mediamatiker-EFZ-brilliert-mit-multimedialer-Abschlussarbeit_Organisator-300x330.jpg 300w\" sizes=\"auto, (max-width: 680px) 100vw, 680px\" \/><figcaption id=\"caption-attachment-5508\" class=\"wp-caption-text\">Un travail de fin d'\u00e9tudes brillant : le m\u00e9diamaticien CFC Flavio Waser pr\u00e9sente fi\u00e8rement son dipl\u00f4me de fin d'apprentissage. (Photo : Opacc)<\/figcaption><\/figure>\n<p>Depuis 22 ans, Opacc Software AG s'occupe de la formation des apprentis. Actuellement, deux m\u00e9diamaticiens\/m\u00e9diamaticiennes CFC d\u00e9butent chaque ann\u00e9e dans cette profession riche en opportunit\u00e9s et tr\u00e8s demand\u00e9e. Pour le responsable des apprentis Marco Stuber, l'effort est payant : \"La formation des jeunes aux m\u00e9tiers des TIC est extr\u00eamement importante pour faire face au manque de personnel qualifi\u00e9 dans notre branche\".<\/p>\n<h2>90 heures de travail maximum !<\/h2>\n<p>Pour son travail pratique de fin d'apprentissage de derni\u00e8re ann\u00e9e en tant que m\u00e9diamaticien CFC, Flavio Waser a pu puiser dans ses propres ressources : avec un court-m\u00e9trage sur le campus d'Opacc Software AG \u00e0 Rothenburg, le jeune professionnel fra\u00eechement dipl\u00f4m\u00e9 a r\u00e9ussi une brillante conclusion. Le projet devait respecter des conditions-cadres concr\u00e8tes. Flavio Waser : \"Les r\u00e8gles et les conditions sont d\u00e9finies par l'ordonnance sur la formation. On y trouve \u00e9galement le temps qui peut \u00eatre consacr\u00e9 au travail pratique de fin d'\u00e9tudes. Il s'agit de 90 heures au maximum !\"<\/p>\n<h2>Travail de fin d'\u00e9tudes avec court m\u00e9trage<\/h2>\n<p>Le th\u00e8me du travail pratique est \u00e0 chaque fois d\u00e9fini par l'entreprise formatrice. Cette ann\u00e9e, le choix du th\u00e8me a \u00e9t\u00e9 particuli\u00e8rement facile pour le formateur Marco Stuber : \"Avec le d\u00e9m\u00e9nagement dans l'OpaccCampus, il a \u00e9t\u00e9 rapidement clair que le TPI de cette ann\u00e9e serait bas\u00e9 sur le nouveau b\u00e2timent de l'entreprise. L'id\u00e9e d'un court-m\u00e9trage est donc rapidement apparue\". Le film doit exprimer la fascination exerc\u00e9e par l'OpaccCampus et donner un aper\u00e7u appropri\u00e9 des espaces de travail. Sa dur\u00e9e est limit\u00e9e \u00e0 quatre minutes et une interview avec le CEO Beat Bussmann et le CTO Christian Reiter doit en outre \u00eatre int\u00e9gr\u00e9e. Flavio Waser : \"J'ai maintenant pu commencer \u00e0 \u00e9crire le sc\u00e9nario, faire voler mon drone et, pour finir, finaliser le montage et le son\".<\/p>\n<p><em>La vid\u00e9o est disponible sur <a href=\"https:\/\/youtu.be\/zioPH2k-F9M\">https:\/\/youtu.be\/zioPH2k-F9M<\/a> \u00e0 voir<strong>.<\/strong><\/em><\/p>","protected":false},"excerpt":{"rendered":"<p>Seit 22 Jahren besch\u00e4ftigt sich die Opacc Software AG mit der Ausbildung von Lernenden. Zurzeit starten jedes Jahr zwei Mediamatiker(innen) EFZ in den chancenreichen und gefragten Beruf. F\u00fcr den Lehrlingsverantwortlichen Marco Stuber zahlt sich der Aufwand aus: \u00abDie Ausbildung junger Menschen in ICT-Berufen ist enorm wichtig, um dem Fachkr\u00e4ftemangel in unserer Branche zu begegnen.\u00bb Maximal [&hellip;]<\/p>\n","protected":false},"author":4,"featured_media":5508,"comment_status":"open","ping_status":"open","sticky":false,"template":"","format":"standard","meta":{"_acf_changed":false,"_yoast_wpseo_focuskw":"Abschlussarbeit","_yoast_wpseo_metadesc":"Viele junge Menschen entscheiden sich f\u00fcr den Beruf des Mediamatikers. So auch Flavio Waser, der mit seiner Abschlussarbeit Lorbeeren abholen durfte.","articlekey":"","footnotes":""},"categories":[27],"tags":[62,286,324,381],"class_list":["post-5507","post","type-post","status-publish","format-standard","has-post-thumbnail","hentry","category-it","tag-aus-weiterbildung","tag-it","tag-lehrabschluss","tag-personalia"],"acf":[],"yoast_head":"<!-- This site is optimized with the Yoast SEO plugin v27.5 - https:\/\/yoast.com\/product\/yoast-seo-wordpress\/ -->\n<title>Erfolgreicher Lehrabschluss: Mediamatiker EFZ brilliert mit multimedialer Abschlussarbeit - Organisator<\/title>\n<meta name=\"description\" content=\"Viele junge Menschen entscheiden sich f\u00fcr den Beruf des Mediamatikers. So auch Flavio Waser, der mit seiner Abschlussarbeit Lorbeeren abholen durfte.\" \/>\n<meta name=\"robots\" content=\"index, follow, max-snippet:-1, max-image-preview:large, max-video-preview:-1\" \/>\n<link rel=\"canonical\" href=\"https:\/\/www.organisator.ch\/fr\/gestion-2\/it\/2019-07-08\/erfolgreicher-lehrabschluss-mediamatiker-efz-brilliert-mit-multimedialer-abschlussarbeit\/\" \/>\n<meta property=\"og:locale\" content=\"fr_FR\" \/>\n<meta property=\"og:type\" content=\"article\" \/>\n<meta property=\"og:title\" content=\"Erfolgreicher Lehrabschluss: Mediamatiker EFZ brilliert mit multimedialer Abschlussarbeit\" \/>\n<meta property=\"og:description\" content=\"Viele junge Menschen entscheiden sich f\u00fcr den Beruf des Mediamatikers. So auch Flavio Waser, der mit seiner Abschlussarbeit Lorbeeren abholen durfte.\" \/>\n<meta property=\"og:url\" content=\"https:\/\/www.organisator.ch\/fr\/gestion-2\/it\/2019-07-08\/erfolgreicher-lehrabschluss-mediamatiker-efz-brilliert-mit-multimedialer-abschlussarbeit\/\" \/>\n<meta property=\"og:site_name\" content=\"Organisator\" \/>\n<meta property=\"article:publisher\" content=\"https:\/\/www.facebook.com\/OrganisatorFachmagazin\" \/>\n<meta property=\"article:published_time\" content=\"2019-07-08T06:27:16+00:00\" \/>\n<meta property=\"og:image\" content=\"https:\/\/www.organisator.ch\/wp-content\/uploads\/2019\/07\/Erfolgreicher-Lehrabschluss-Mediamatiker-EFZ-brilliert-mit-multimedialer-Abschlussarbeit_Organisator.jpg\" \/>\n\t<meta property=\"og:image:width\" content=\"680\" \/>\n\t<meta property=\"og:image:height\" content=\"747\" \/>\n\t<meta property=\"og:image:type\" content=\"image\/jpeg\" \/>\n<meta name=\"author\" content=\"thomas.berner\" \/>\n<meta name=\"twitter:card\" content=\"summary_large_image\" \/>\n<meta name=\"twitter:title\" content=\"Erfolgreicher #Lehrabschluss: Mediamatiker EFZ brilliert mit multimedialer #Abschlussarbeit\" \/>\n<meta name=\"twitter:description\" content=\"Viele junge Menschen entscheiden sich f\u00fcr den Beruf des #Mediamatikers. So auch Flavio Waser, der mit seiner #Abschlussarbeit Lorbeeren abholen durfte.\" \/>\n<meta name=\"twitter:image\" content=\"https:\/\/www.organisator.ch\/wp-content\/uploads\/2019\/07\/Erfolgreicher-Lehrabschluss-Mediamatiker-EFZ-brilliert-mit-multimedialer-Abschlussarbeit_Organisator.jpg\" \/>\n<script type=\"application\/ld+json\" class=\"yoast-schema-graph\">{\"@context\":\"https:\\\/\\\/schema.org\",\"@graph\":[{\"@type\":\"Article\",\"@id\":\"https:\\\/\\\/www.organisator.ch\\\/management\\\/it\\\/2019-07-08\\\/erfolgreicher-lehrabschluss-mediamatiker-efz-brilliert-mit-multimedialer-abschlussarbeit\\\/#article\",\"isPartOf\":{\"@id\":\"https:\\\/\\\/www.organisator.ch\\\/management\\\/it\\\/2019-07-08\\\/erfolgreicher-lehrabschluss-mediamatiker-efz-brilliert-mit-multimedialer-abschlussarbeit\\\/\"},\"author\":{\"name\":\"thomas.berner\",\"@id\":\"https:\\\/\\\/www.organisator.ch\\\/#\\\/schema\\\/person\\\/6f650f90b2842cd4c0cc334b4e36f67e\"},\"headline\":\"Erfolgreicher Lehrabschluss: Mediamatiker EFZ brilliert mit multimedialer Abschlussarbeit\",\"datePublished\":\"2019-07-08T06:27:16+00:00\",\"mainEntityOfPage\":{\"@id\":\"https:\\\/\\\/www.organisator.ch\\\/management\\\/it\\\/2019-07-08\\\/erfolgreicher-lehrabschluss-mediamatiker-efz-brilliert-mit-multimedialer-abschlussarbeit\\\/\"},\"wordCount\":302,\"commentCount\":0,\"publisher\":{\"@id\":\"https:\\\/\\\/www.organisator.ch\\\/#organization\"},\"image\":{\"@id\":\"https:\\\/\\\/www.organisator.ch\\\/management\\\/it\\\/2019-07-08\\\/erfolgreicher-lehrabschluss-mediamatiker-efz-brilliert-mit-multimedialer-abschlussarbeit\\\/#primaryimage\"},\"thumbnailUrl\":\"https:\\\/\\\/www.organisator.ch\\\/wp-content\\\/uploads\\\/2019\\\/07\\\/Erfolgreicher-Lehrabschluss-Mediamatiker-EFZ-brilliert-mit-multimedialer-Abschlussarbeit_Organisator.jpg\",\"keywords\":[\"Aus-\\\/Weiterbildung\",\"IT\",\"Lehrabschluss\",\"Personalia\"],\"articleSection\":[\"IT\"],\"inLanguage\":\"fr-FR\"},{\"@type\":\"WebPage\",\"@id\":\"https:\\\/\\\/www.organisator.ch\\\/management\\\/it\\\/2019-07-08\\\/erfolgreicher-lehrabschluss-mediamatiker-efz-brilliert-mit-multimedialer-abschlussarbeit\\\/\",\"url\":\"https:\\\/\\\/www.organisator.ch\\\/management\\\/it\\\/2019-07-08\\\/erfolgreicher-lehrabschluss-mediamatiker-efz-brilliert-mit-multimedialer-abschlussarbeit\\\/\",\"name\":\"Erfolgreicher Lehrabschluss: Mediamatiker EFZ brilliert mit multimedialer Abschlussarbeit - Organisator\",\"isPartOf\":{\"@id\":\"https:\\\/\\\/www.organisator.ch\\\/#website\"},\"primaryImageOfPage\":{\"@id\":\"https:\\\/\\\/www.organisator.ch\\\/management\\\/it\\\/2019-07-08\\\/erfolgreicher-lehrabschluss-mediamatiker-efz-brilliert-mit-multimedialer-abschlussarbeit\\\/#primaryimage\"},\"image\":{\"@id\":\"https:\\\/\\\/www.organisator.ch\\\/management\\\/it\\\/2019-07-08\\\/erfolgreicher-lehrabschluss-mediamatiker-efz-brilliert-mit-multimedialer-abschlussarbeit\\\/#primaryimage\"},\"thumbnailUrl\":\"https:\\\/\\\/www.organisator.ch\\\/wp-content\\\/uploads\\\/2019\\\/07\\\/Erfolgreicher-Lehrabschluss-Mediamatiker-EFZ-brilliert-mit-multimedialer-Abschlussarbeit_Organisator.jpg\",\"datePublished\":\"2019-07-08T06:27:16+00:00\",\"description\":\"Viele junge Menschen entscheiden sich f\u00fcr den Beruf des Mediamatikers. So auch Flavio Waser, der mit seiner Abschlussarbeit Lorbeeren abholen durfte.\",\"breadcrumb\":{\"@id\":\"https:\\\/\\\/www.organisator.ch\\\/management\\\/it\\\/2019-07-08\\\/erfolgreicher-lehrabschluss-mediamatiker-efz-brilliert-mit-multimedialer-abschlussarbeit\\\/#breadcrumb\"},\"inLanguage\":\"fr-FR\",\"potentialAction\":[{\"@type\":\"ReadAction\",\"target\":[\"https:\\\/\\\/www.organisator.ch\\\/management\\\/it\\\/2019-07-08\\\/erfolgreicher-lehrabschluss-mediamatiker-efz-brilliert-mit-multimedialer-abschlussarbeit\\\/\"]}]},{\"@type\":\"ImageObject\",\"inLanguage\":\"fr-FR\",\"@id\":\"https:\\\/\\\/www.organisator.ch\\\/management\\\/it\\\/2019-07-08\\\/erfolgreicher-lehrabschluss-mediamatiker-efz-brilliert-mit-multimedialer-abschlussarbeit\\\/#primaryimage\",\"url\":\"https:\\\/\\\/www.organisator.ch\\\/wp-content\\\/uploads\\\/2019\\\/07\\\/Erfolgreicher-Lehrabschluss-Mediamatiker-EFZ-brilliert-mit-multimedialer-Abschlussarbeit_Organisator.jpg\",\"contentUrl\":\"https:\\\/\\\/www.organisator.ch\\\/wp-content\\\/uploads\\\/2019\\\/07\\\/Erfolgreicher-Lehrabschluss-Mediamatiker-EFZ-brilliert-mit-multimedialer-Abschlussarbeit_Organisator.jpg\",\"width\":680,\"height\":747,\"caption\":\"Lieferte eine brillante Abschlussarbeit: Mediamatiker EFZ Flavio Waser pr\u00e4sentiert stolz sein Lehrabschluss-Diplom. (Bild: Opacc)\"},{\"@type\":\"BreadcrumbList\",\"@id\":\"https:\\\/\\\/www.organisator.ch\\\/management\\\/it\\\/2019-07-08\\\/erfolgreicher-lehrabschluss-mediamatiker-efz-brilliert-mit-multimedialer-abschlussarbeit\\\/#breadcrumb\",\"itemListElement\":[{\"@type\":\"ListItem\",\"position\":1,\"name\":\"Home\",\"item\":\"https:\\\/\\\/www.organisator.ch\\\/\"},{\"@type\":\"ListItem\",\"position\":2,\"name\":\"Erfolgreicher Lehrabschluss: Mediamatiker EFZ brilliert mit multimedialer Abschlussarbeit\"}]},{\"@type\":\"WebSite\",\"@id\":\"https:\\\/\\\/www.organisator.ch\\\/#website\",\"url\":\"https:\\\/\\\/www.organisator.ch\\\/\",\"name\":\"Organisator\",\"description\":\"Kompetent. Praxisnah. Der ORGANISATOR bereitet in 10 Ausgaben pro Jahr die wesentlichen Themen f\u00fcr F\u00fchrungskr\u00e4fte von KMU auf.\",\"publisher\":{\"@id\":\"https:\\\/\\\/www.organisator.ch\\\/#organization\"},\"potentialAction\":[{\"@type\":\"SearchAction\",\"target\":{\"@type\":\"EntryPoint\",\"urlTemplate\":\"https:\\\/\\\/www.organisator.ch\\\/?s={search_term_string}\"},\"query-input\":{\"@type\":\"PropertyValueSpecification\",\"valueRequired\":true,\"valueName\":\"search_term_string\"}}],\"inLanguage\":\"fr-FR\"},{\"@type\":\"Organization\",\"@id\":\"https:\\\/\\\/www.organisator.ch\\\/#organization\",\"name\":\"Organisator\",\"url\":\"https:\\\/\\\/www.organisator.ch\\\/\",\"logo\":{\"@type\":\"ImageObject\",\"inLanguage\":\"fr-FR\",\"@id\":\"https:\\\/\\\/www.organisator.ch\\\/#\\\/schema\\\/logo\\\/image\\\/\",\"url\":\"https:\\\/\\\/www.organisator.ch\\\/wp-content\\\/uploads\\\/2022\\\/01\\\/Logo_Organisator_Website.png\",\"contentUrl\":\"https:\\\/\\\/www.organisator.ch\\\/wp-content\\\/uploads\\\/2022\\\/01\\\/Logo_Organisator_Website.png\",\"width\":800,\"height\":77,\"caption\":\"Organisator\"},\"image\":{\"@id\":\"https:\\\/\\\/www.organisator.ch\\\/#\\\/schema\\\/logo\\\/image\\\/\"},\"sameAs\":[\"https:\\\/\\\/www.facebook.com\\\/OrganisatorFachmagazin\",\"https:\\\/\\\/www.linkedin.com\\\/showcase\\\/organisator-das-magazin-fr-kmu\",\"https:\\\/\\\/www.xing.com\\\/news\\\/pages\\\/organisator-ch-695\",\"https:\\\/\\\/www.youtube.com\\\/channel\\\/UCGP2Sq0iWaZwT3BdIAQFYpw\"]},{\"@type\":\"Person\",\"@id\":\"https:\\\/\\\/www.organisator.ch\\\/#\\\/schema\\\/person\\\/6f650f90b2842cd4c0cc334b4e36f67e\",\"name\":\"thomas.berner\",\"image\":{\"@type\":\"ImageObject\",\"inLanguage\":\"fr-FR\",\"@id\":\"https:\\\/\\\/secure.gravatar.com\\\/avatar\\\/ac5001d2a36cb6c6cd3e50789007ffca834b477b74a2144564522e944eabff61?s=96&d=mm&r=g\",\"url\":\"https:\\\/\\\/secure.gravatar.com\\\/avatar\\\/ac5001d2a36cb6c6cd3e50789007ffca834b477b74a2144564522e944eabff61?s=96&d=mm&r=g\",\"contentUrl\":\"https:\\\/\\\/secure.gravatar.com\\\/avatar\\\/ac5001d2a36cb6c6cd3e50789007ffca834b477b74a2144564522e944eabff61?s=96&d=mm&r=g\",\"caption\":\"thomas.berner\"},\"url\":\"https:\\\/\\\/www.organisator.ch\\\/fr\\\/author\\\/thomas-berner\\\/\"}]}<\/script>\n<!-- \/ Yoast SEO plugin. -->","yoast_head_json":{"title":"Fin d'apprentissage r\u00e9ussie : le m\u00e9diamaticien CFC brille avec son travail de fin d'\u00e9tudes multim\u00e9dia - Organisateur","description":"De nombreux jeunes choisissent le m\u00e9tier de m\u00e9diamaticien. C'est le cas de Flavio Waser, qui a pu r\u00e9colter des lauriers avec son travail de fin d'\u00e9tudes.","robots":{"index":"index","follow":"follow","max-snippet":"max-snippet:-1","max-image-preview":"max-image-preview:large","max-video-preview":"max-video-preview:-1"},"canonical":"https:\/\/www.organisator.ch\/fr\/gestion-2\/it\/2019-07-08\/erfolgreicher-lehrabschluss-mediamatiker-efz-brilliert-mit-multimedialer-abschlussarbeit\/","og_locale":"fr_FR","og_type":"article","og_title":"Erfolgreicher Lehrabschluss: Mediamatiker EFZ brilliert mit multimedialer Abschlussarbeit","og_description":"Viele junge Menschen entscheiden sich f\u00fcr den Beruf des Mediamatikers. So auch Flavio Waser, der mit seiner Abschlussarbeit Lorbeeren abholen durfte.","og_url":"https:\/\/www.organisator.ch\/fr\/gestion-2\/it\/2019-07-08\/erfolgreicher-lehrabschluss-mediamatiker-efz-brilliert-mit-multimedialer-abschlussarbeit\/","og_site_name":"Organisator","article_publisher":"https:\/\/www.facebook.com\/OrganisatorFachmagazin","article_published_time":"2019-07-08T06:27:16+00:00","og_image":[{"width":680,"height":747,"url":"https:\/\/www.organisator.ch\/wp-content\/uploads\/2019\/07\/Erfolgreicher-Lehrabschluss-Mediamatiker-EFZ-brilliert-mit-multimedialer-Abschlussarbeit_Organisator.jpg","type":"image\/jpeg"}],"author":"thomas.berner","twitter_card":"summary_large_image","twitter_title":"Erfolgreicher #Lehrabschluss: Mediamatiker EFZ brilliert mit multimedialer #Abschlussarbeit","twitter_description":"Viele junge Menschen entscheiden sich f\u00fcr den Beruf des #Mediamatikers. So auch Flavio Waser, der mit seiner #Abschlussarbeit Lorbeeren abholen durfte.","twitter_image":"https:\/\/www.organisator.ch\/wp-content\/uploads\/2019\/07\/Erfolgreicher-Lehrabschluss-Mediamatiker-EFZ-brilliert-mit-multimedialer-Abschlussarbeit_Organisator.jpg","schema":{"@context":"https:\/\/schema.org","@graph":[{"@type":"Article","@id":"https:\/\/www.organisator.ch\/management\/it\/2019-07-08\/erfolgreicher-lehrabschluss-mediamatiker-efz-brilliert-mit-multimedialer-abschlussarbeit\/#article","isPartOf":{"@id":"https:\/\/www.organisator.ch\/management\/it\/2019-07-08\/erfolgreicher-lehrabschluss-mediamatiker-efz-brilliert-mit-multimedialer-abschlussarbeit\/"},"author":{"name":"thomas.berner","@id":"https:\/\/www.organisator.ch\/#\/schema\/person\/6f650f90b2842cd4c0cc334b4e36f67e"},"headline":"Erfolgreicher Lehrabschluss: Mediamatiker EFZ brilliert mit multimedialer Abschlussarbeit","datePublished":"2019-07-08T06:27:16+00:00","mainEntityOfPage":{"@id":"https:\/\/www.organisator.ch\/management\/it\/2019-07-08\/erfolgreicher-lehrabschluss-mediamatiker-efz-brilliert-mit-multimedialer-abschlussarbeit\/"},"wordCount":302,"commentCount":0,"publisher":{"@id":"https:\/\/www.organisator.ch\/#organization"},"image":{"@id":"https:\/\/www.organisator.ch\/management\/it\/2019-07-08\/erfolgreicher-lehrabschluss-mediamatiker-efz-brilliert-mit-multimedialer-abschlussarbeit\/#primaryimage"},"thumbnailUrl":"https:\/\/www.organisator.ch\/wp-content\/uploads\/2019\/07\/Erfolgreicher-Lehrabschluss-Mediamatiker-EFZ-brilliert-mit-multimedialer-Abschlussarbeit_Organisator.jpg","keywords":["Aus-\/Weiterbildung","IT","Lehrabschluss","Personalia"],"articleSection":["IT"],"inLanguage":"fr-FR"},{"@type":"WebPage","@id":"https:\/\/www.organisator.ch\/management\/it\/2019-07-08\/erfolgreicher-lehrabschluss-mediamatiker-efz-brilliert-mit-multimedialer-abschlussarbeit\/","url":"https:\/\/www.organisator.ch\/management\/it\/2019-07-08\/erfolgreicher-lehrabschluss-mediamatiker-efz-brilliert-mit-multimedialer-abschlussarbeit\/","name":"Fin d'apprentissage r\u00e9ussie : le m\u00e9diamaticien CFC brille avec son travail de fin d'\u00e9tudes multim\u00e9dia - Organisateur","isPartOf":{"@id":"https:\/\/www.organisator.ch\/#website"},"primaryImageOfPage":{"@id":"https:\/\/www.organisator.ch\/management\/it\/2019-07-08\/erfolgreicher-lehrabschluss-mediamatiker-efz-brilliert-mit-multimedialer-abschlussarbeit\/#primaryimage"},"image":{"@id":"https:\/\/www.organisator.ch\/management\/it\/2019-07-08\/erfolgreicher-lehrabschluss-mediamatiker-efz-brilliert-mit-multimedialer-abschlussarbeit\/#primaryimage"},"thumbnailUrl":"https:\/\/www.organisator.ch\/wp-content\/uploads\/2019\/07\/Erfolgreicher-Lehrabschluss-Mediamatiker-EFZ-brilliert-mit-multimedialer-Abschlussarbeit_Organisator.jpg","datePublished":"2019-07-08T06:27:16+00:00","description":"De nombreux jeunes choisissent le m\u00e9tier de m\u00e9diamaticien. C'est le cas de Flavio Waser, qui a pu r\u00e9colter des lauriers avec son travail de fin d'\u00e9tudes.","breadcrumb":{"@id":"https:\/\/www.organisator.ch\/management\/it\/2019-07-08\/erfolgreicher-lehrabschluss-mediamatiker-efz-brilliert-mit-multimedialer-abschlussarbeit\/#breadcrumb"},"inLanguage":"fr-FR","potentialAction":[{"@type":"ReadAction","target":["https:\/\/www.organisator.ch\/management\/it\/2019-07-08\/erfolgreicher-lehrabschluss-mediamatiker-efz-brilliert-mit-multimedialer-abschlussarbeit\/"]}]},{"@type":"ImageObject","inLanguage":"fr-FR","@id":"https:\/\/www.organisator.ch\/management\/it\/2019-07-08\/erfolgreicher-lehrabschluss-mediamatiker-efz-brilliert-mit-multimedialer-abschlussarbeit\/#primaryimage","url":"https:\/\/www.organisator.ch\/wp-content\/uploads\/2019\/07\/Erfolgreicher-Lehrabschluss-Mediamatiker-EFZ-brilliert-mit-multimedialer-Abschlussarbeit_Organisator.jpg","contentUrl":"https:\/\/www.organisator.ch\/wp-content\/uploads\/2019\/07\/Erfolgreicher-Lehrabschluss-Mediamatiker-EFZ-brilliert-mit-multimedialer-Abschlussarbeit_Organisator.jpg","width":680,"height":747,"caption":"Lieferte eine brillante Abschlussarbeit: Mediamatiker EFZ Flavio Waser pr\u00e4sentiert stolz sein Lehrabschluss-Diplom. (Bild: Opacc)"},{"@type":"BreadcrumbList","@id":"https:\/\/www.organisator.ch\/management\/it\/2019-07-08\/erfolgreicher-lehrabschluss-mediamatiker-efz-brilliert-mit-multimedialer-abschlussarbeit\/#breadcrumb","itemListElement":[{"@type":"ListItem","position":1,"name":"Home","item":"https:\/\/www.organisator.ch\/"},{"@type":"ListItem","position":2,"name":"Erfolgreicher Lehrabschluss: Mediamatiker EFZ brilliert mit multimedialer Abschlussarbeit"}]},{"@type":"WebSite","@id":"https:\/\/www.organisator.ch\/#website","url":"https:\/\/www.organisator.ch\/","name":"Organisateur","description":"Comp\u00e9tence et comp\u00e9tence. Proches de la pratique. L'ORGANISATEUR pr\u00e9pare 10 num\u00e9ros par an sur les th\u00e8mes essentiels pour les dirigeants de PME.","publisher":{"@id":"https:\/\/www.organisator.ch\/#organization"},"potentialAction":[{"@type":"SearchAction","target":{"@type":"EntryPoint","urlTemplate":"https:\/\/www.organisator.ch\/?s={search_term_string}"},"query-input":{"@type":"PropertyValueSpecification","valueRequired":true,"valueName":"search_term_string"}}],"inLanguage":"fr-FR"},{"@type":"Organization","@id":"https:\/\/www.organisator.ch\/#organization","name":"Organisateur","url":"https:\/\/www.organisator.ch\/","logo":{"@type":"ImageObject","inLanguage":"fr-FR","@id":"https:\/\/www.organisator.ch\/#\/schema\/logo\/image\/","url":"https:\/\/www.organisator.ch\/wp-content\/uploads\/2022\/01\/Logo_Organisator_Website.png","contentUrl":"https:\/\/www.organisator.ch\/wp-content\/uploads\/2022\/01\/Logo_Organisator_Website.png","width":800,"height":77,"caption":"Organisator"},"image":{"@id":"https:\/\/www.organisator.ch\/#\/schema\/logo\/image\/"},"sameAs":["https:\/\/www.facebook.com\/OrganisatorFachmagazin","https:\/\/www.linkedin.com\/showcase\/organisator-das-magazin-fr-kmu","https:\/\/www.xing.com\/news\/pages\/organisator-ch-695","https:\/\/www.youtube.com\/channel\/UCGP2Sq0iWaZwT3BdIAQFYpw"]},{"@type":"Person","@id":"https:\/\/www.organisator.ch\/#\/schema\/person\/6f650f90b2842cd4c0cc334b4e36f67e","name":"thomas.berner","image":{"@type":"ImageObject","inLanguage":"fr-FR","@id":"https:\/\/secure.gravatar.com\/avatar\/ac5001d2a36cb6c6cd3e50789007ffca834b477b74a2144564522e944eabff61?s=96&d=mm&r=g","url":"https:\/\/secure.gravatar.com\/avatar\/ac5001d2a36cb6c6cd3e50789007ffca834b477b74a2144564522e944eabff61?s=96&d=mm&r=g","contentUrl":"https:\/\/secure.gravatar.com\/avatar\/ac5001d2a36cb6c6cd3e50789007ffca834b477b74a2144564522e944eabff61?s=96&d=mm&r=g","caption":"thomas.berner"},"url":"https:\/\/www.organisator.ch\/fr\/author\/thomas-berner\/"}]}},"_links":{"self":[{"href":"https:\/\/www.organisator.ch\/fr\/wp-json\/wp\/v2\/posts\/5507","targetHints":{"allow":["GET"]}}],"collection":[{"href":"https:\/\/www.organisator.ch\/fr\/wp-json\/wp\/v2\/posts"}],"about":[{"href":"https:\/\/www.organisator.ch\/fr\/wp-json\/wp\/v2\/types\/post"}],"author":[{"embeddable":true,"href":"https:\/\/www.organisator.ch\/fr\/wp-json\/wp\/v2\/users\/4"}],"replies":[{"embeddable":true,"href":"https:\/\/www.organisator.ch\/fr\/wp-json\/wp\/v2\/comments?post=5507"}],"version-history":[{"count":0,"href":"https:\/\/www.organisator.ch\/fr\/wp-json\/wp\/v2\/posts\/5507\/revisions"}],"wp:featuredmedia":[{"embeddable":true,"href":"https:\/\/www.organisator.ch\/fr\/wp-json\/wp\/v2\/media\/5508"}],"wp:attachment":[{"href":"https:\/\/www.organisator.ch\/fr\/wp-json\/wp\/v2\/media?parent=5507"}],"wp:term":[{"taxonomy":"category","embeddable":true,"href":"https:\/\/www.organisator.ch\/fr\/wp-json\/wp\/v2\/categories?post=5507"},{"taxonomy":"post_tag","embeddable":true,"href":"https:\/\/www.organisator.ch\/fr\/wp-json\/wp\/v2\/tags?post=5507"}],"curies":[{"name":"wp","href":"https:\/\/api.w.org\/{rel}","templated":true}]}}