{"id":5510,"date":"2019-07-08T13:47:10","date_gmt":"2019-07-08T11:47:10","guid":{"rendered":"https:\/\/www.organisator.ch\/?p=5510"},"modified":"2019-07-08T13:47:10","modified_gmt":"2019-07-08T11:47:10","slug":"big-bang-fuer-business-innovation-business-innovation-week-switzerland-in-zuerich-oerlikon","status":"publish","type":"post","link":"https:\/\/www.organisator.ch\/fr\/management\/2019-07-08\/big-bang-fuer-business-innovation-business-innovation-week-switzerland-in-zuerich-oerlikon\/","title":{"rendered":"Big Bang pour l'innovation commerciale : \"Business Innovation Week Switzerland\" \u00e0 Zurich Oerlikon"},"content":{"rendered":"<figure id=\"attachment_5511\" aria-describedby=\"caption-attachment-5511\" style=\"width: 680px\" class=\"wp-caption alignnone\"><img loading=\"lazy\" decoding=\"async\" class=\"size-medium wp-image-5511\" src=\"https:\/\/www.organisator.ch\/wp-content\/uploads\/2019\/07\/Big-Bang-fuer-Business-Innovation-Business-Innovation-Week-Switzerland-in-Zuerich-Oerlikon.jpg\" alt=\"\" width=\"680\" height=\"369\" srcset=\"https:\/\/www.organisator.ch\/wp-content\/uploads\/2019\/07\/Big-Bang-fuer-Business-Innovation-Business-Innovation-Week-Switzerland-in-Zuerich-Oerlikon.jpg 680w, https:\/\/www.organisator.ch\/wp-content\/uploads\/2019\/07\/Big-Bang-fuer-Business-Innovation-Business-Innovation-Week-Switzerland-in-Zuerich-Oerlikon-16x9.jpg 16w, https:\/\/www.organisator.ch\/wp-content\/uploads\/2019\/07\/Big-Bang-fuer-Business-Innovation-Business-Innovation-Week-Switzerland-in-Zuerich-Oerlikon-322x175.jpg 322w, https:\/\/www.organisator.ch\/wp-content\/uploads\/2019\/07\/Big-Bang-fuer-Business-Innovation-Business-Innovation-Week-Switzerland-in-Zuerich-Oerlikon-645x350.jpg 645w, https:\/\/www.organisator.ch\/wp-content\/uploads\/2019\/07\/Big-Bang-fuer-Business-Innovation-Business-Innovation-Week-Switzerland-in-Zuerich-Oerlikon-300x163.jpg 300w\" sizes=\"auto, (max-width: 680px) 100vw, 680px\" \/><figcaption id=\"caption-attachment-5511\" class=\"wp-caption-text\">Les th\u00e8mes de la Business Innovation Week (Photo : obs\/EMEX Management GmbH\/J. Schneider)<\/figcaption><\/figure>\n<p>\"La Suisse est un hub d'innovation attractif pour les entreprises et les start-ups. Avec la Business Innovation Week, nous voulons rendre cela encore plus tangible !\", d\u00e9clare Ewa Ming, initiatrice de la Business Innovation Week (BIW) et connue comme organisatrice de longue date du salon suisse du marketing SuisseEMEX et du Digital Summit. Avec la BIW, une nouvelle plateforme de savoir et de r\u00e9seau voit le jour pour les entrepreneurs, les cr\u00e9ateurs d'avenir et les fondateurs suisses. \"Penser diff\u00e9remment, agir diff\u00e9remment\". Cette exigence caract\u00e9rise le programme de la BIW et est synonyme d'innovation, de dialogue sur l'avenir et de durabilit\u00e9.<\/p>\n<h2>Innovation commerciale dans le \"style festival<\/h2>\n<p>Cette grande manifestation de style festival transforme la place industrielle vibrante de Zurich Oerlikon en un forum inspirant et interactif pour les innovations et les mod\u00e8les commerciaux pertinents pour les entreprises. L'accent sera mis sur : La num\u00e9risation, le New Work, les tendances et les derni\u00e8res technologies pour le monde du travail moderne - appliqu\u00e9es de mani\u00e8re tr\u00e8s pratique et compr\u00e9hensible. Au cours de la premi\u00e8re semaine d'octobre, les quelque 10 000 visiteurs professionnels pourront d\u00e9couvrir des premi\u00e8res europ\u00e9ennes dans le domaine de la robotique humano\u00efde, des applications 5G, de l'intelligence artificielle, de la cybers\u00e9curit\u00e9 et des meilleures pratiques en mati\u00e8re de culture de l'innovation. Au programme : 300 keynotes et conf\u00e9rences, 200 \u00e9v\u00e9nements avec des exp\u00e9riences en direct, des visites d'entreprises et du r\u00e9seautage d'affaires.<\/p>\n<h2>Future-Conference @StageOne<\/h2>\n<p>Intelligence artificielle, blockchain, cybers\u00e9curit\u00e9, new work, r\u00e9alit\u00e9 virtuelle, robots humano\u00efdes, smart data - la num\u00e9risation accro\u00eet drastiquement la pression de l'innovation. Ils sont les moteurs des entreprises et du d\u00e9veloppement \u00e9conomique de la Suisse. La Future-Conference, qui se tiendra du 1er au 3 octobre au StageOne, cr\u00e9era pour les d\u00e9cideurs et les cr\u00e9ateurs du futur issus de l'\u00e9conomie, de la science et de la politique un forum unique de dialogue et d'\u00e9change avec des approches de solutions pratiques pour le monde num\u00e9rique. La conf\u00e9rence sur l'avenir s'adresse aux d\u00e9cideurs et aux cadres de niveau C et pr\u00e9sente un programme de haut niveau avec des intervenants keynotes internationaux, des tables rondes de CEO et des interviews.<\/p>\n<h2>Acad\u00e9mie @MFO-Haus<\/h2>\n<p>Des pr\u00e9sentations pratiques passionnantes, des conf\u00e9rences et des masterclasses ont lieu dans les studios de la maison MFO. Les femmes d'affaires y ont de plus en plus leur place : comp\u00e9tentes, authentiques, fortes - les femmes marquent encore trop peu, mais de plus en plus, la culture d'entreprise. La culture de l'innovation et le leadership, le self branding et le storytelling, la construction de la marque et la strat\u00e9gie sont les th\u00e8mes principaux de l'Academy.<\/p>\n<h2>Exp\u00e9rience en direct @Halle 622<\/h2>\n<p>Pendant trois jours, l'ancienne halle industrielle 622 d'ABB se transforme en une plateforme de rencontre interactive et interindustrielle et en une exposition d'avenir inspirante. Quelque 150 entreprises pr\u00e9senteront leurs nouveaux produits. Les visiteurs pourront d\u00e9couvrir des robots en avant-premi\u00e8re, des drones, des exp\u00e9riences VR, des imprimantes 3D et des services pour le nouveau monde du travail, des solutions marketing cr\u00e9atives et des logiciels commerciaux. Et le robot \"DJ Mecabot\" fera ensuite vibrer le hall 622 lors des soir\u00e9es afterwork.<\/p>\n<p><em>Vers le programme :<\/em><em> <a href=\"https:\/\/www.businessinnovation.ch\/de\/future-conference\/\">https:\/\/www.businessinnovation.ch\/de\/future-conference\/<\/a><\/em><\/p>","protected":false},"excerpt":{"rendered":"<p>\u00abDie Schweiz ist ein attraktiver Innovationshub f\u00fcr Unternehmen und Start-ups. Mit der Business Innovation Week wollen wir das noch erlebbarer machen!\u00bb, sagt Ewa Ming, Initiantin der Business Innovation Week (BIW) und bekannt als langj\u00e4hrige Veranstalterin der Schweizer Marketingmesse SuisseEMEX und des Digital Summit. Mit der BIW entsteht eine neue Wissens- und Netzwerkplattform f\u00fcr Schweizer Unternehmer, [&hellip;]<\/p>\n","protected":false},"author":4,"featured_media":5511,"comment_status":"open","ping_status":"open","sticky":false,"template":"","format":"standard","meta":{"_acf_changed":false,"_yoast_wpseo_focuskw":"Business Innovation","_yoast_wpseo_metadesc":"Vom 30. September bis 4. Oktober 2019 findet in Z\u00fcrich Oerlikon ein neuer Wirtschaftsevent f\u00fcr Business Innovation statt. 300 Speaker sind angek\u00fcndigt.","articlekey":"","footnotes":""},"categories":[28],"tags":[156,193,335],"class_list":["post-5510","post","type-post","status-publish","format-standard","has-post-thumbnail","hentry","category-management","tag-digitalisierung","tag-fachkongressfachmesse","tag-management-und-unternehmensfuehrung"],"acf":[],"yoast_head":"<!-- This site is optimized with the Yoast SEO plugin v27.4 - https:\/\/yoast.com\/product\/yoast-seo-wordpress\/ -->\n<title>Big Bang f\u00fcr Business Innovation: \u00abBusiness Innovation Week Switzerland\u00bb in Z\u00fcrich Oerlikon - Organisator<\/title>\n<meta name=\"description\" content=\"Vom 30. September bis 4. Oktober 2019 findet in Z\u00fcrich Oerlikon ein neuer Wirtschaftsevent f\u00fcr Business Innovation statt. 300 Speaker sind angek\u00fcndigt.\" \/>\n<meta name=\"robots\" content=\"index, follow, max-snippet:-1, max-image-preview:large, max-video-preview:-1\" \/>\n<link rel=\"canonical\" href=\"https:\/\/www.organisator.ch\/fr\/gestion-2\/2019-07-08\/big-bang-fuer-business-innovation-business-innovation-week-switzerland-in-zuerich-oerlikon\/\" \/>\n<meta property=\"og:locale\" content=\"fr_FR\" \/>\n<meta property=\"og:type\" content=\"article\" \/>\n<meta property=\"og:title\" content=\"Big Bang f\u00fcr Business Innovation: \u00abBusiness Innovation Week Switzerland\u00bb in Z\u00fcrich Oerlikon\" \/>\n<meta property=\"og:description\" content=\"Vom 30. September bis 4. Oktober 2019 findet in Z\u00fcrich Oerlikon ein neuer Wirtschaftsevent f\u00fcr Business Innovation statt. 300 Speaker sind angek\u00fcndigt.\" \/>\n<meta property=\"og:url\" content=\"https:\/\/www.organisator.ch\/fr\/gestion-2\/2019-07-08\/big-bang-fuer-business-innovation-business-innovation-week-switzerland-in-zuerich-oerlikon\/\" \/>\n<meta property=\"og:site_name\" content=\"Organisator\" \/>\n<meta property=\"article:publisher\" content=\"https:\/\/www.facebook.com\/OrganisatorFachmagazin\" \/>\n<meta property=\"article:published_time\" content=\"2019-07-08T11:47:10+00:00\" \/>\n<meta property=\"og:image\" content=\"https:\/\/www.organisator.ch\/wp-content\/uploads\/2019\/07\/Big-Bang-fuer-Business-Innovation-Business-Innovation-Week-Switzerland-in-Zuerich-Oerlikon.jpg\" \/>\n\t<meta property=\"og:image:width\" content=\"680\" \/>\n\t<meta property=\"og:image:height\" content=\"369\" \/>\n\t<meta property=\"og:image:type\" content=\"image\/jpeg\" \/>\n<meta name=\"author\" content=\"thomas.berner\" \/>\n<meta name=\"twitter:card\" content=\"summary_large_image\" \/>\n<meta name=\"twitter:title\" content=\"Big Bang f\u00fcr #Business #Innovation: \u00abBusiness Innovation Week Switzerland\u00bb #BIW in Z\u00fcrich Oerlikon\" \/>\n<meta name=\"twitter:description\" content=\"Vom 30. September bis 4. Oktober 2019 findet in Z\u00fcrich Oerlikon ein neuer Wirtschaftsevent f\u00fcr #Business #Innovation statt. 300 Speaker sind angek\u00fcndigt.\" \/>\n<meta name=\"twitter:image\" content=\"https:\/\/www.organisator.ch\/wp-content\/uploads\/2019\/07\/Big-Bang-f\u00fcr-Business-Innovation-Business-Innovation-Week-Switzerland-in-Z\u00fcrich-Oerlikon.jpg\" \/>\n<script type=\"application\/ld+json\" class=\"yoast-schema-graph\">{\"@context\":\"https:\\\/\\\/schema.org\",\"@graph\":[{\"@type\":\"Article\",\"@id\":\"https:\\\/\\\/www.organisator.ch\\\/management\\\/2019-07-08\\\/big-bang-fuer-business-innovation-business-innovation-week-switzerland-in-zuerich-oerlikon\\\/#article\",\"isPartOf\":{\"@id\":\"https:\\\/\\\/www.organisator.ch\\\/management\\\/2019-07-08\\\/big-bang-fuer-business-innovation-business-innovation-week-switzerland-in-zuerich-oerlikon\\\/\"},\"author\":{\"name\":\"thomas.berner\",\"@id\":\"https:\\\/\\\/www.organisator.ch\\\/#\\\/schema\\\/person\\\/6f650f90b2842cd4c0cc334b4e36f67e\"},\"headline\":\"Big Bang f\u00fcr Business Innovation: \u00abBusiness Innovation Week Switzerland\u00bb in Z\u00fcrich Oerlikon\",\"datePublished\":\"2019-07-08T11:47:10+00:00\",\"mainEntityOfPage\":{\"@id\":\"https:\\\/\\\/www.organisator.ch\\\/management\\\/2019-07-08\\\/big-bang-fuer-business-innovation-business-innovation-week-switzerland-in-zuerich-oerlikon\\\/\"},\"wordCount\":417,\"commentCount\":0,\"publisher\":{\"@id\":\"https:\\\/\\\/www.organisator.ch\\\/#organization\"},\"image\":{\"@id\":\"https:\\\/\\\/www.organisator.ch\\\/management\\\/2019-07-08\\\/big-bang-fuer-business-innovation-business-innovation-week-switzerland-in-zuerich-oerlikon\\\/#primaryimage\"},\"thumbnailUrl\":\"https:\\\/\\\/www.organisator.ch\\\/wp-content\\\/uploads\\\/2019\\\/07\\\/Big-Bang-fuer-Business-Innovation-Business-Innovation-Week-Switzerland-in-Zuerich-Oerlikon.jpg\",\"keywords\":[\"Digitalisierung\",\"Fachkongress\\\/Fachmesse\",\"Management und Unternehmensf\u00fchrung\"],\"articleSection\":[\"MANAGEMENT\"],\"inLanguage\":\"fr-FR\"},{\"@type\":\"WebPage\",\"@id\":\"https:\\\/\\\/www.organisator.ch\\\/management\\\/2019-07-08\\\/big-bang-fuer-business-innovation-business-innovation-week-switzerland-in-zuerich-oerlikon\\\/\",\"url\":\"https:\\\/\\\/www.organisator.ch\\\/management\\\/2019-07-08\\\/big-bang-fuer-business-innovation-business-innovation-week-switzerland-in-zuerich-oerlikon\\\/\",\"name\":\"Big Bang f\u00fcr Business Innovation: \u00abBusiness Innovation Week Switzerland\u00bb in Z\u00fcrich Oerlikon - Organisator\",\"isPartOf\":{\"@id\":\"https:\\\/\\\/www.organisator.ch\\\/#website\"},\"primaryImageOfPage\":{\"@id\":\"https:\\\/\\\/www.organisator.ch\\\/management\\\/2019-07-08\\\/big-bang-fuer-business-innovation-business-innovation-week-switzerland-in-zuerich-oerlikon\\\/#primaryimage\"},\"image\":{\"@id\":\"https:\\\/\\\/www.organisator.ch\\\/management\\\/2019-07-08\\\/big-bang-fuer-business-innovation-business-innovation-week-switzerland-in-zuerich-oerlikon\\\/#primaryimage\"},\"thumbnailUrl\":\"https:\\\/\\\/www.organisator.ch\\\/wp-content\\\/uploads\\\/2019\\\/07\\\/Big-Bang-fuer-Business-Innovation-Business-Innovation-Week-Switzerland-in-Zuerich-Oerlikon.jpg\",\"datePublished\":\"2019-07-08T11:47:10+00:00\",\"description\":\"Vom 30. September bis 4. Oktober 2019 findet in Z\u00fcrich Oerlikon ein neuer Wirtschaftsevent f\u00fcr Business Innovation statt. 300 Speaker sind angek\u00fcndigt.\",\"breadcrumb\":{\"@id\":\"https:\\\/\\\/www.organisator.ch\\\/management\\\/2019-07-08\\\/big-bang-fuer-business-innovation-business-innovation-week-switzerland-in-zuerich-oerlikon\\\/#breadcrumb\"},\"inLanguage\":\"fr-FR\",\"potentialAction\":[{\"@type\":\"ReadAction\",\"target\":[\"https:\\\/\\\/www.organisator.ch\\\/management\\\/2019-07-08\\\/big-bang-fuer-business-innovation-business-innovation-week-switzerland-in-zuerich-oerlikon\\\/\"]}]},{\"@type\":\"ImageObject\",\"inLanguage\":\"fr-FR\",\"@id\":\"https:\\\/\\\/www.organisator.ch\\\/management\\\/2019-07-08\\\/big-bang-fuer-business-innovation-business-innovation-week-switzerland-in-zuerich-oerlikon\\\/#primaryimage\",\"url\":\"https:\\\/\\\/www.organisator.ch\\\/wp-content\\\/uploads\\\/2019\\\/07\\\/Big-Bang-fuer-Business-Innovation-Business-Innovation-Week-Switzerland-in-Zuerich-Oerlikon.jpg\",\"contentUrl\":\"https:\\\/\\\/www.organisator.ch\\\/wp-content\\\/uploads\\\/2019\\\/07\\\/Big-Bang-fuer-Business-Innovation-Business-Innovation-Week-Switzerland-in-Zuerich-Oerlikon.jpg\",\"width\":680,\"height\":369,\"caption\":\"Die Themen der Business Innovation Week (Bild: obs\\\/EMEX Management GmbH\\\/J. Schneider)\"},{\"@type\":\"BreadcrumbList\",\"@id\":\"https:\\\/\\\/www.organisator.ch\\\/management\\\/2019-07-08\\\/big-bang-fuer-business-innovation-business-innovation-week-switzerland-in-zuerich-oerlikon\\\/#breadcrumb\",\"itemListElement\":[{\"@type\":\"ListItem\",\"position\":1,\"name\":\"Home\",\"item\":\"https:\\\/\\\/www.organisator.ch\\\/\"},{\"@type\":\"ListItem\",\"position\":2,\"name\":\"Big Bang f\u00fcr Business Innovation: \u00abBusiness Innovation Week Switzerland\u00bb in Z\u00fcrich Oerlikon\"}]},{\"@type\":\"WebSite\",\"@id\":\"https:\\\/\\\/www.organisator.ch\\\/#website\",\"url\":\"https:\\\/\\\/www.organisator.ch\\\/\",\"name\":\"Organisator\",\"description\":\"Kompetent. Praxisnah. Der ORGANISATOR bereitet in 10 Ausgaben pro Jahr die wesentlichen Themen f\u00fcr F\u00fchrungskr\u00e4fte von KMU auf.\",\"publisher\":{\"@id\":\"https:\\\/\\\/www.organisator.ch\\\/#organization\"},\"potentialAction\":[{\"@type\":\"SearchAction\",\"target\":{\"@type\":\"EntryPoint\",\"urlTemplate\":\"https:\\\/\\\/www.organisator.ch\\\/?s={search_term_string}\"},\"query-input\":{\"@type\":\"PropertyValueSpecification\",\"valueRequired\":true,\"valueName\":\"search_term_string\"}}],\"inLanguage\":\"fr-FR\"},{\"@type\":\"Organization\",\"@id\":\"https:\\\/\\\/www.organisator.ch\\\/#organization\",\"name\":\"Organisator\",\"url\":\"https:\\\/\\\/www.organisator.ch\\\/\",\"logo\":{\"@type\":\"ImageObject\",\"inLanguage\":\"fr-FR\",\"@id\":\"https:\\\/\\\/www.organisator.ch\\\/#\\\/schema\\\/logo\\\/image\\\/\",\"url\":\"https:\\\/\\\/www.organisator.ch\\\/wp-content\\\/uploads\\\/2022\\\/01\\\/Logo_Organisator_Website.png\",\"contentUrl\":\"https:\\\/\\\/www.organisator.ch\\\/wp-content\\\/uploads\\\/2022\\\/01\\\/Logo_Organisator_Website.png\",\"width\":800,\"height\":77,\"caption\":\"Organisator\"},\"image\":{\"@id\":\"https:\\\/\\\/www.organisator.ch\\\/#\\\/schema\\\/logo\\\/image\\\/\"},\"sameAs\":[\"https:\\\/\\\/www.facebook.com\\\/OrganisatorFachmagazin\",\"https:\\\/\\\/www.linkedin.com\\\/showcase\\\/organisator-das-magazin-fr-kmu\",\"https:\\\/\\\/www.xing.com\\\/news\\\/pages\\\/organisator-ch-695\",\"https:\\\/\\\/www.youtube.com\\\/channel\\\/UCGP2Sq0iWaZwT3BdIAQFYpw\"]},{\"@type\":\"Person\",\"@id\":\"https:\\\/\\\/www.organisator.ch\\\/#\\\/schema\\\/person\\\/6f650f90b2842cd4c0cc334b4e36f67e\",\"name\":\"thomas.berner\",\"image\":{\"@type\":\"ImageObject\",\"inLanguage\":\"fr-FR\",\"@id\":\"https:\\\/\\\/secure.gravatar.com\\\/avatar\\\/ac5001d2a36cb6c6cd3e50789007ffca834b477b74a2144564522e944eabff61?s=96&d=mm&r=g\",\"url\":\"https:\\\/\\\/secure.gravatar.com\\\/avatar\\\/ac5001d2a36cb6c6cd3e50789007ffca834b477b74a2144564522e944eabff61?s=96&d=mm&r=g\",\"contentUrl\":\"https:\\\/\\\/secure.gravatar.com\\\/avatar\\\/ac5001d2a36cb6c6cd3e50789007ffca834b477b74a2144564522e944eabff61?s=96&d=mm&r=g\",\"caption\":\"thomas.berner\"},\"url\":\"https:\\\/\\\/www.organisator.ch\\\/fr\\\/author\\\/thomas-berner\\\/\"}]}<\/script>\n<!-- \/ Yoast SEO plugin. -->","yoast_head_json":{"title":"Big Bang pour l'innovation commerciale : \"Business Innovation Week Switzerland\" \u00e0 Zurich Oerlikon - Organisateur","description":"Du 30 septembre au 4 octobre 2019, Zurich Oerlikon accueillera un nouvel \u00e9v\u00e9nement \u00e9conomique consacr\u00e9 \u00e0 l'innovation commerciale. 300 speakers sont annonc\u00e9s.","robots":{"index":"index","follow":"follow","max-snippet":"max-snippet:-1","max-image-preview":"max-image-preview:large","max-video-preview":"max-video-preview:-1"},"canonical":"https:\/\/www.organisator.ch\/fr\/gestion-2\/2019-07-08\/big-bang-fuer-business-innovation-business-innovation-week-switzerland-in-zuerich-oerlikon\/","og_locale":"fr_FR","og_type":"article","og_title":"Big Bang f\u00fcr Business Innovation: \u00abBusiness Innovation Week Switzerland\u00bb in Z\u00fcrich Oerlikon","og_description":"Vom 30. September bis 4. Oktober 2019 findet in Z\u00fcrich Oerlikon ein neuer Wirtschaftsevent f\u00fcr Business Innovation statt. 300 Speaker sind angek\u00fcndigt.","og_url":"https:\/\/www.organisator.ch\/fr\/gestion-2\/2019-07-08\/big-bang-fuer-business-innovation-business-innovation-week-switzerland-in-zuerich-oerlikon\/","og_site_name":"Organisator","article_publisher":"https:\/\/www.facebook.com\/OrganisatorFachmagazin","article_published_time":"2019-07-08T11:47:10+00:00","og_image":[{"width":680,"height":369,"url":"https:\/\/www.organisator.ch\/wp-content\/uploads\/2019\/07\/Big-Bang-fuer-Business-Innovation-Business-Innovation-Week-Switzerland-in-Zuerich-Oerlikon.jpg","type":"image\/jpeg"}],"author":"thomas.berner","twitter_card":"summary_large_image","twitter_title":"Big Bang f\u00fcr #Business #Innovation: \u00abBusiness Innovation Week Switzerland\u00bb #BIW in Z\u00fcrich Oerlikon","twitter_description":"Vom 30. September bis 4. Oktober 2019 findet in Z\u00fcrich Oerlikon ein neuer Wirtschaftsevent f\u00fcr #Business #Innovation statt. 300 Speaker sind angek\u00fcndigt.","twitter_image":"https:\/\/www.organisator.ch\/wp-content\/uploads\/2019\/07\/Big-Bang-f\u00fcr-Business-Innovation-Business-Innovation-Week-Switzerland-in-Z\u00fcrich-Oerlikon.jpg","schema":{"@context":"https:\/\/schema.org","@graph":[{"@type":"Article","@id":"https:\/\/www.organisator.ch\/management\/2019-07-08\/big-bang-fuer-business-innovation-business-innovation-week-switzerland-in-zuerich-oerlikon\/#article","isPartOf":{"@id":"https:\/\/www.organisator.ch\/management\/2019-07-08\/big-bang-fuer-business-innovation-business-innovation-week-switzerland-in-zuerich-oerlikon\/"},"author":{"name":"thomas.berner","@id":"https:\/\/www.organisator.ch\/#\/schema\/person\/6f650f90b2842cd4c0cc334b4e36f67e"},"headline":"Big Bang f\u00fcr Business Innovation: \u00abBusiness Innovation Week Switzerland\u00bb in Z\u00fcrich Oerlikon","datePublished":"2019-07-08T11:47:10+00:00","mainEntityOfPage":{"@id":"https:\/\/www.organisator.ch\/management\/2019-07-08\/big-bang-fuer-business-innovation-business-innovation-week-switzerland-in-zuerich-oerlikon\/"},"wordCount":417,"commentCount":0,"publisher":{"@id":"https:\/\/www.organisator.ch\/#organization"},"image":{"@id":"https:\/\/www.organisator.ch\/management\/2019-07-08\/big-bang-fuer-business-innovation-business-innovation-week-switzerland-in-zuerich-oerlikon\/#primaryimage"},"thumbnailUrl":"https:\/\/www.organisator.ch\/wp-content\/uploads\/2019\/07\/Big-Bang-fuer-Business-Innovation-Business-Innovation-Week-Switzerland-in-Zuerich-Oerlikon.jpg","keywords":["Digitalisierung","Fachkongress\/Fachmesse","Management und Unternehmensf\u00fchrung"],"articleSection":["MANAGEMENT"],"inLanguage":"fr-FR"},{"@type":"WebPage","@id":"https:\/\/www.organisator.ch\/management\/2019-07-08\/big-bang-fuer-business-innovation-business-innovation-week-switzerland-in-zuerich-oerlikon\/","url":"https:\/\/www.organisator.ch\/management\/2019-07-08\/big-bang-fuer-business-innovation-business-innovation-week-switzerland-in-zuerich-oerlikon\/","name":"Big Bang pour l'innovation commerciale : \"Business Innovation Week Switzerland\" \u00e0 Zurich Oerlikon - Organisateur","isPartOf":{"@id":"https:\/\/www.organisator.ch\/#website"},"primaryImageOfPage":{"@id":"https:\/\/www.organisator.ch\/management\/2019-07-08\/big-bang-fuer-business-innovation-business-innovation-week-switzerland-in-zuerich-oerlikon\/#primaryimage"},"image":{"@id":"https:\/\/www.organisator.ch\/management\/2019-07-08\/big-bang-fuer-business-innovation-business-innovation-week-switzerland-in-zuerich-oerlikon\/#primaryimage"},"thumbnailUrl":"https:\/\/www.organisator.ch\/wp-content\/uploads\/2019\/07\/Big-Bang-fuer-Business-Innovation-Business-Innovation-Week-Switzerland-in-Zuerich-Oerlikon.jpg","datePublished":"2019-07-08T11:47:10+00:00","description":"Du 30 septembre au 4 octobre 2019, Zurich Oerlikon accueillera un nouvel \u00e9v\u00e9nement \u00e9conomique consacr\u00e9 \u00e0 l'innovation commerciale. 300 speakers sont annonc\u00e9s.","breadcrumb":{"@id":"https:\/\/www.organisator.ch\/management\/2019-07-08\/big-bang-fuer-business-innovation-business-innovation-week-switzerland-in-zuerich-oerlikon\/#breadcrumb"},"inLanguage":"fr-FR","potentialAction":[{"@type":"ReadAction","target":["https:\/\/www.organisator.ch\/management\/2019-07-08\/big-bang-fuer-business-innovation-business-innovation-week-switzerland-in-zuerich-oerlikon\/"]}]},{"@type":"ImageObject","inLanguage":"fr-FR","@id":"https:\/\/www.organisator.ch\/management\/2019-07-08\/big-bang-fuer-business-innovation-business-innovation-week-switzerland-in-zuerich-oerlikon\/#primaryimage","url":"https:\/\/www.organisator.ch\/wp-content\/uploads\/2019\/07\/Big-Bang-fuer-Business-Innovation-Business-Innovation-Week-Switzerland-in-Zuerich-Oerlikon.jpg","contentUrl":"https:\/\/www.organisator.ch\/wp-content\/uploads\/2019\/07\/Big-Bang-fuer-Business-Innovation-Business-Innovation-Week-Switzerland-in-Zuerich-Oerlikon.jpg","width":680,"height":369,"caption":"Die Themen der Business Innovation Week (Bild: obs\/EMEX Management GmbH\/J. Schneider)"},{"@type":"BreadcrumbList","@id":"https:\/\/www.organisator.ch\/management\/2019-07-08\/big-bang-fuer-business-innovation-business-innovation-week-switzerland-in-zuerich-oerlikon\/#breadcrumb","itemListElement":[{"@type":"ListItem","position":1,"name":"Home","item":"https:\/\/www.organisator.ch\/"},{"@type":"ListItem","position":2,"name":"Big Bang f\u00fcr Business Innovation: \u00abBusiness Innovation Week Switzerland\u00bb in Z\u00fcrich Oerlikon"}]},{"@type":"WebSite","@id":"https:\/\/www.organisator.ch\/#website","url":"https:\/\/www.organisator.ch\/","name":"Organisateur","description":"Comp\u00e9tence et comp\u00e9tence. Proches de la pratique. L'ORGANISATEUR pr\u00e9pare 10 num\u00e9ros par an sur les th\u00e8mes essentiels pour les dirigeants de PME.","publisher":{"@id":"https:\/\/www.organisator.ch\/#organization"},"potentialAction":[{"@type":"SearchAction","target":{"@type":"EntryPoint","urlTemplate":"https:\/\/www.organisator.ch\/?s={search_term_string}"},"query-input":{"@type":"PropertyValueSpecification","valueRequired":true,"valueName":"search_term_string"}}],"inLanguage":"fr-FR"},{"@type":"Organization","@id":"https:\/\/www.organisator.ch\/#organization","name":"Organisateur","url":"https:\/\/www.organisator.ch\/","logo":{"@type":"ImageObject","inLanguage":"fr-FR","@id":"https:\/\/www.organisator.ch\/#\/schema\/logo\/image\/","url":"https:\/\/www.organisator.ch\/wp-content\/uploads\/2022\/01\/Logo_Organisator_Website.png","contentUrl":"https:\/\/www.organisator.ch\/wp-content\/uploads\/2022\/01\/Logo_Organisator_Website.png","width":800,"height":77,"caption":"Organisator"},"image":{"@id":"https:\/\/www.organisator.ch\/#\/schema\/logo\/image\/"},"sameAs":["https:\/\/www.facebook.com\/OrganisatorFachmagazin","https:\/\/www.linkedin.com\/showcase\/organisator-das-magazin-fr-kmu","https:\/\/www.xing.com\/news\/pages\/organisator-ch-695","https:\/\/www.youtube.com\/channel\/UCGP2Sq0iWaZwT3BdIAQFYpw"]},{"@type":"Person","@id":"https:\/\/www.organisator.ch\/#\/schema\/person\/6f650f90b2842cd4c0cc334b4e36f67e","name":"thomas.berner","image":{"@type":"ImageObject","inLanguage":"fr-FR","@id":"https:\/\/secure.gravatar.com\/avatar\/ac5001d2a36cb6c6cd3e50789007ffca834b477b74a2144564522e944eabff61?s=96&d=mm&r=g","url":"https:\/\/secure.gravatar.com\/avatar\/ac5001d2a36cb6c6cd3e50789007ffca834b477b74a2144564522e944eabff61?s=96&d=mm&r=g","contentUrl":"https:\/\/secure.gravatar.com\/avatar\/ac5001d2a36cb6c6cd3e50789007ffca834b477b74a2144564522e944eabff61?s=96&d=mm&r=g","caption":"thomas.berner"},"url":"https:\/\/www.organisator.ch\/fr\/author\/thomas-berner\/"}]}},"_links":{"self":[{"href":"https:\/\/www.organisator.ch\/fr\/wp-json\/wp\/v2\/posts\/5510","targetHints":{"allow":["GET"]}}],"collection":[{"href":"https:\/\/www.organisator.ch\/fr\/wp-json\/wp\/v2\/posts"}],"about":[{"href":"https:\/\/www.organisator.ch\/fr\/wp-json\/wp\/v2\/types\/post"}],"author":[{"embeddable":true,"href":"https:\/\/www.organisator.ch\/fr\/wp-json\/wp\/v2\/users\/4"}],"replies":[{"embeddable":true,"href":"https:\/\/www.organisator.ch\/fr\/wp-json\/wp\/v2\/comments?post=5510"}],"version-history":[{"count":0,"href":"https:\/\/www.organisator.ch\/fr\/wp-json\/wp\/v2\/posts\/5510\/revisions"}],"wp:featuredmedia":[{"embeddable":true,"href":"https:\/\/www.organisator.ch\/fr\/wp-json\/wp\/v2\/media\/5511"}],"wp:attachment":[{"href":"https:\/\/www.organisator.ch\/fr\/wp-json\/wp\/v2\/media?parent=5510"}],"wp:term":[{"taxonomy":"category","embeddable":true,"href":"https:\/\/www.organisator.ch\/fr\/wp-json\/wp\/v2\/categories?post=5510"},{"taxonomy":"post_tag","embeddable":true,"href":"https:\/\/www.organisator.ch\/fr\/wp-json\/wp\/v2\/tags?post=5510"}],"curies":[{"name":"wp","href":"https:\/\/api.w.org\/{rel}","templated":true}]}}