{"id":5513,"date":"2019-07-09T08:29:10","date_gmt":"2019-07-09T06:29:10","guid":{"rendered":"https:\/\/www.organisator.ch\/?p=5513"},"modified":"2019-07-09T08:29:10","modified_gmt":"2019-07-09T06:29:10","slug":"bike-to-work-72000-velofahrende-legen-17-millionen-velokilometer-zurueck","status":"publish","type":"post","link":"https:\/\/www.organisator.ch\/fr\/human-resources\/fit_im_job\/2019-07-09\/bike-to-work-72000-velofahrende-legen-17-millionen-velokilometer-zurueck\/","title":{"rendered":"bike to work : 72'000 cyclistes parcourent 17 millions de kilom\u00e8tres \u00e0 v\u00e9lo"},"content":{"rendered":"<div data-editor=\"fareeawvfa\" data-block=\"true\" data-offset-key=\"llgf-0-0\" data-radium=\"true\">\n<figure id=\"attachment_5516\" aria-describedby=\"caption-attachment-5516\" style=\"width: 680px\" class=\"wp-caption alignnone\"><img loading=\"lazy\" decoding=\"async\" class=\"size-medium wp-image-5516\" src=\"https:\/\/www.organisator.ch\/wp-content\/uploads\/2019\/07\/bike-to-work-72000-Velofahrende-legen-17-Millionen-Velokilometer-zurueck_Organisator.jpg\" alt=\"\" width=\"680\" height=\"439\" srcset=\"https:\/\/www.organisator.ch\/wp-content\/uploads\/2019\/07\/bike-to-work-72000-Velofahrende-legen-17-Millionen-Velokilometer-zurueck_Organisator.jpg 680w, https:\/\/www.organisator.ch\/wp-content\/uploads\/2019\/07\/bike-to-work-72000-Velofahrende-legen-17-Millionen-Velokilometer-zurueck_Organisator-16x10.jpg 16w, https:\/\/www.organisator.ch\/wp-content\/uploads\/2019\/07\/bike-to-work-72000-Velofahrende-legen-17-Millionen-Velokilometer-zurueck_Organisator-271x175.jpg 271w, https:\/\/www.organisator.ch\/wp-content\/uploads\/2019\/07\/bike-to-work-72000-Velofahrende-legen-17-Millionen-Velokilometer-zurueck_Organisator-542x350.jpg 542w, https:\/\/www.organisator.ch\/wp-content\/uploads\/2019\/07\/bike-to-work-72000-Velofahrende-legen-17-Millionen-Velokilometer-zurueck_Organisator-300x194.jpg 300w\" sizes=\"auto, (max-width: 680px) 100vw, 680px\" \/><figcaption id=\"caption-attachment-5516\" class=\"wp-caption-text\">Se rendre au travail \u00e0 v\u00e9lo est de plus en plus populaire. (Image : zVg \/ bike to work)<\/figcaption><\/figure>\n<p data-offset-key=\"llgf-0-0\">En mai et juin derniers, 71'834 participants de 2'397 entreprises ont parcouru 17'510'088 kilom\u00e8tres \u00e0 v\u00e9lo pour se rendre \u00e0 leur travail. L'\u00e9quivalent en CO2 est de 2'521 tonnes, ce qui correspond \u00e0 une for\u00eat de h\u00eatres de 201'000 arbres. En moyenne, les participants ont parcouru 244 kilom\u00e8tres \u00e0 v\u00e9lo en 19 jours pour se rendre au travail. \"De plus en plus de gens veulent faire du v\u00e9lo parce que c'est sain et amusant. J'attends des autorit\u00e9s qu'elles reconnaissent les signes du temps et qu'elles aillent de l'avant en am\u00e9liorant les infrastructures cyclables\", d\u00e9clare Aline Trede, vice-pr\u00e9sidente de PRO VELO Suisse.<\/p>\n<h2 data-offset-key=\"llgf-0-0\">Succ\u00e8s de l'action v\u00e9lo depuis 2005<\/h2>\n<p data-offset-key=\"llgf-0-0\">Depuis 15 ans, gr\u00e2ce \u00e0 bike to work, de nombreux pendulaires ont acc\u00e8s au v\u00e9lo et se laissent s\u00e9duire par l'action v\u00e9lo. Ils sont g\u00e9n\u00e9ralement surpris de voir \u00e0 quel point il est facile de se rendre au travail \u00e0 v\u00e9lo et de constater les effets positifs de la pratique du v\u00e9lo. Rebecca Schwob de Waldenburg a particip\u00e9 pour la premi\u00e8re fois \u00e0 bike to work et est enthousiaste : \"J'y ai pris go\u00fbt et j'ai achet\u00e9 un nouveau v\u00e9lo g\u00e9nial et je continuerai \u00e0 me rendre au travail \u00e0 v\u00e9lo !\"<\/p>\n<p data-offset-key=\"llgf-0-0\">Werner B\u00e4rtschi, chef de la police du Oberes Fricktal, constate : \"Il est impressionnant de voir le nombre de kilom\u00e8tres parcourus, m\u00eame si ce ne sont que quelques personnes qui se rendent \u00e0 leur travail \u00e0 v\u00e9lo. bike to work montre que tout commence \u00e0 \"petite \u00e9chelle\" et que chacun peut apporter sa contribution individuelle. Et si, comme dans le cas de bike to work, beaucoup font la m\u00eame chose ensemble, il peut en r\u00e9sulter quelque chose de grand, qui aura un effet positif\".<\/p>\n<h2 data-offset-key=\"llgf-0-0\">Promotion de la sant\u00e9 pour les entreprises<\/h2>\n<p data-offset-key=\"llgf-0-0\">bike to work est synonyme de plus d'activit\u00e9 physique dans la journ\u00e9e de travail. Les personnes qui se rendent au travail \u00e0 v\u00e9lo ont d\u00e9j\u00e0 fait une partie de l'activit\u00e9 physique quotidienne recommand\u00e9e. Les mesures de promotion de la sant\u00e9 dans l'entreprise, dont fait partie bike to work, ont en outre une importance \u00e9conomique. Les collaborateurs en bonne sant\u00e9 sont moins souvent absents et plus performants. Les co\u00fbts engendr\u00e9s par les maladies peuvent ainsi \u00eatre r\u00e9duits.<\/p>\n<\/div>\n<div data-editor=\"fareeawvfa\" data-block=\"true\" data-offset-key=\"1ob8e-0-0\" data-radium=\"true\">\n<h2 data-offset-key=\"1ob8e-0-0\">Les chiffres du bike to work Challenge 2019<\/h2>\n<\/div>\n<ul class=\"public-DraftStyleDefault-ul\" data-offset-key=\"27acf-0-0\">\n<li class=\"public-DraftStyleDefault-unorderedListItem public-DraftStyleDefault-reset public-DraftStyleDefault-depth0 public-DraftStyleDefault-listLTR\" data-editor=\"fareeawvfa\" data-block=\"true\" data-offset-key=\"27acf-0-0\">\n<div class=\"public-DraftStyleDefault-block public-DraftStyleDefault-ltr\" data-offset-key=\"27acf-0-0\"><span data-offset-key=\"27acf-0-0\">71'834 participants +11%<\/span><\/div>\n<\/li>\n<li class=\"public-DraftStyleDefault-unorderedListItem public-DraftStyleDefault-depth0 public-DraftStyleDefault-listLTR\" data-editor=\"fareeawvfa\" data-block=\"true\" data-offset-key=\"50f1a-0-0\">\n<div class=\"public-DraftStyleDefault-block public-DraftStyleDefault-ltr\" data-offset-key=\"50f1a-0-0\"><span data-offset-key=\"50f1a-0-0\">18'815 \u00e9quipes +11%<\/span><\/div>\n<\/li>\n<li class=\"public-DraftStyleDefault-unorderedListItem public-DraftStyleDefault-depth0 public-DraftStyleDefault-listLTR\" data-editor=\"fareeawvfa\" data-block=\"true\" data-offset-key=\"a5a2e-0-0\">\n<div class=\"public-DraftStyleDefault-block public-DraftStyleDefault-ltr\" data-offset-key=\"a5a2e-0-0\"><span data-offset-key=\"a5a2e-0-0\">2 397 \u00e9tablissements +13%<\/span><\/div>\n<\/li>\n<li class=\"public-DraftStyleDefault-unorderedListItem public-DraftStyleDefault-depth0 public-DraftStyleDefault-listLTR\" data-editor=\"fareeawvfa\" data-block=\"true\" data-offset-key=\"2e89r-0-0\">\n<div class=\"public-DraftStyleDefault-block public-DraftStyleDefault-ltr\" data-offset-key=\"2e89r-0-0\"><span data-offset-key=\"2e89r-0-0\">17'510'088 kilom\u00e8tres +10%<\/span><\/div>\n<\/li>\n<li class=\"public-DraftStyleDefault-unorderedListItem public-DraftStyleDefault-depth0 public-DraftStyleDefault-listLTR\" data-editor=\"fareeawvfa\" data-block=\"true\" data-offset-key=\"23r6l-0-0\">\n<div class=\"public-DraftStyleDefault-block public-DraftStyleDefault-ltr\" data-offset-key=\"23r6l-0-0\"><span data-offset-key=\"23r6l-0-0\">1'334'328 Jours-v\u00e9lo +8%<\/span><\/div>\n<\/li>\n<li class=\"public-DraftStyleDefault-unorderedListItem public-DraftStyleDefault-depth0 public-DraftStyleDefault-listLTR\" data-editor=\"fareeawvfa\" data-block=\"true\" data-offset-key=\"4749k-0-0\">\n<div class=\"public-DraftStyleDefault-block public-DraftStyleDefault-ltr\" data-offset-key=\"4749k-0-0\"><span data-offset-key=\"4749k-0-0\"> 2 521 tonnes d'\u00e9quivalent CO2 +10%<\/span><\/div>\n<\/li>\n<\/ul>\n<div class=\"paragraph\" data-editor=\"fareeawvfa\" data-block=\"true\" data-offset-key=\"elfbi-0-0\" data-radium=\"true\">\n<h2 class=\"public-DraftStyleDefault-block public-DraftStyleDefault-ltr\" data-offset-key=\"elfbi-0-0\"><span data-offset-key=\"elfbi-0-0\">Top 5 des cantons selon le nombre d'\u00e9tablissements <\/span><\/h2>\n<\/div>\n<ol class=\"public-DraftStyleDefault-ol\" data-offset-key=\"d8dfq-0-0\">\n<li class=\"public-DraftStyleDefault-orderedListItem public-DraftStyleDefault-reset public-DraftStyleDefault-depth0 public-DraftStyleDefault-listLTR\" data-editor=\"fareeawvfa\" data-block=\"true\" data-offset-key=\"d8dfq-0-0\">\n<div class=\"public-DraftStyleDefault-block public-DraftStyleDefault-ltr\" data-offset-key=\"d8dfq-0-0\"><span data-offset-key=\"d8dfq-0-0\">Zurich 535 \u00e9tablissements <\/span><\/div>\n<\/li>\n<li class=\"public-DraftStyleDefault-orderedListItem public-DraftStyleDefault-depth0 public-DraftStyleDefault-listLTR\" data-editor=\"fareeawvfa\" data-block=\"true\" data-offset-key=\"8g3lf-0-0\">\n<div class=\"public-DraftStyleDefault-block public-DraftStyleDefault-ltr\" data-offset-key=\"8g3lf-0-0\"><span data-offset-key=\"8g3lf-0-0\">Berne 488 \u00e9tablissements <\/span><\/div>\n<\/li>\n<li class=\"public-DraftStyleDefault-orderedListItem public-DraftStyleDefault-depth0 public-DraftStyleDefault-listLTR\" data-editor=\"fareeawvfa\" data-block=\"true\" data-offset-key=\"bn8pf-0-0\">\n<div class=\"public-DraftStyleDefault-block public-DraftStyleDefault-ltr\" data-offset-key=\"bn8pf-0-0\"><span data-offset-key=\"bn8pf-0-0\">Argovie 196 \u00e9tablissements <\/span><\/div>\n<\/li>\n<li class=\"public-DraftStyleDefault-orderedListItem public-DraftStyleDefault-depth0 public-DraftStyleDefault-listLTR\" data-editor=\"fareeawvfa\" data-block=\"true\" data-offset-key=\"d0od3-0-0\">\n<div class=\"public-DraftStyleDefault-block public-DraftStyleDefault-ltr\" data-offset-key=\"d0od3-0-0\"><span data-offset-key=\"d0od3-0-0\">Saint-Gall 178 \u00e9tablissements <\/span><\/div>\n<\/li>\n<li class=\"public-DraftStyleDefault-orderedListItem public-DraftStyleDefault-depth0 public-DraftStyleDefault-listLTR\" data-editor=\"fareeawvfa\" data-block=\"true\" data-offset-key=\"34l9a-0-0\">\n<div class=\"public-DraftStyleDefault-block public-DraftStyleDefault-ltr\" data-offset-key=\"34l9a-0-0\"><span data-offset-key=\"34l9a-0-0\">Lucerne 150 \u00e9tablissements<\/span><\/div>\n<\/li>\n<\/ol>\n<p><em><a href=\"https:\/\/www.biketowork.ch\/\">Plus d'informations<\/a><\/em><\/p>","protected":false},"excerpt":{"rendered":"<p>Im vergangenen Mai und Juni haben 71\u2019834 Teilnehmende aus 2\u2018397 Betrieben 17\u2018510\u2018088 Kilometer Arbeitsweg mit dem Velo zur\u00fcckgelegt. Dabei betr\u00e4gt die CO2-\u00c4quivalenz 2\u2019521 Tonnen, was einem Buchenwald mit 201\u2019000 B\u00e4umen entspricht. Durchschnittlich fuhren die Teilnehmenden 244 Kilometer an 19 Tagen mit dem Velo zur Arbeit. &#8222;Immer mehr Menschen wollen Velo fahren, weil es gesund ist [&hellip;]<\/p>\n","protected":false},"author":4,"featured_media":5516,"comment_status":"open","ping_status":"open","sticky":false,"template":"","format":"standard","meta":{"_acf_changed":false,"_yoast_wpseo_focuskw":"bike to work","_yoast_wpseo_metadesc":"Die bike to work Challenge 2019 bricht alle Rekorde: mehr Teilnehmende, mehr Teams, mehr Betriebe und mehr Kilometer.","articlekey":"","footnotes":""},"categories":[25],"tags":[77,208,508],"class_list":["post-5513","post","type-post","status-publish","format-standard","has-post-thumbnail","hentry","category-fit_im_job","tag-betriebliches-gesundheitsmanagement","tag-fit-im-job","tag-vermischtes"],"acf":[],"yoast_head":"<!-- This site is optimized with the Yoast SEO plugin v27.4 - https:\/\/yoast.com\/product\/yoast-seo-wordpress\/ -->\n<title>bike to work: 72\u2019000 Velofahrende legen 17 Millionen Velokilometer zur\u00fcck - Organisator<\/title>\n<meta name=\"description\" content=\"Die bike to work Challenge 2019 bricht alle Rekorde: mehr Teilnehmende, mehr Teams, mehr Betriebe und mehr Kilometer.\" \/>\n<meta name=\"robots\" content=\"index, follow, max-snippet:-1, max-image-preview:large, max-video-preview:-1\" \/>\n<link rel=\"canonical\" href=\"https:\/\/www.organisator.ch\/fr\/ressources-humaines\/fit_im_job\/2019-07-09\/bike-to-work-72000-velofahrende-legen-17-millionen-velokilometer-zurueck\/\" \/>\n<meta property=\"og:locale\" content=\"fr_FR\" \/>\n<meta property=\"og:type\" content=\"article\" \/>\n<meta property=\"og:title\" content=\"bike to work: 72\u2019000 Velofahrende legen 17 Millionen Velokilometer zur\u00fcck\" \/>\n<meta property=\"og:description\" content=\"Die bike to work Challenge 2019 bricht alle Rekorde: mehr Teilnehmende, mehr Teams, mehr Betriebe und mehr Kilometer.\" \/>\n<meta property=\"og:url\" content=\"https:\/\/www.organisator.ch\/fr\/ressources-humaines\/fit_im_job\/2019-07-09\/bike-to-work-72000-velofahrende-legen-17-millionen-velokilometer-zurueck\/\" \/>\n<meta property=\"og:site_name\" content=\"Organisator\" \/>\n<meta property=\"article:publisher\" content=\"https:\/\/www.facebook.com\/OrganisatorFachmagazin\" \/>\n<meta property=\"article:published_time\" content=\"2019-07-09T06:29:10+00:00\" \/>\n<meta property=\"og:image\" content=\"https:\/\/www.organisator.ch\/wp-content\/uploads\/2019\/07\/bike-to-work-72000-Velofahrende-legen-17-Millionen-Velokilometer-zurueck_Organisator.jpg\" \/>\n\t<meta property=\"og:image:width\" content=\"680\" \/>\n\t<meta property=\"og:image:height\" content=\"439\" \/>\n\t<meta property=\"og:image:type\" content=\"image\/jpeg\" \/>\n<meta name=\"author\" content=\"thomas.berner\" \/>\n<meta name=\"twitter:card\" content=\"summary_large_image\" \/>\n<meta name=\"twitter:title\" content=\"bike to work: 72\u2019000 #Velofahrende legen 17 Millionen #Velokilometer zur\u00fcck\" \/>\n<meta name=\"twitter:description\" content=\"Die bike to work Challenge 2019 bricht alle Rekorde: mehr Teilnehmende, mehr Teams, mehr Betriebe und mehr Kilometer.\" \/>\n<meta name=\"twitter:image\" content=\"https:\/\/www.organisator.ch\/wp-content\/uploads\/2019\/07\/bike-to-work-72000-Velofahrende-legen-17-Millionen-Velokilometer-zur\u00fcck_Organisator.jpg\" \/>\n<script type=\"application\/ld+json\" class=\"yoast-schema-graph\">{\"@context\":\"https:\\\/\\\/schema.org\",\"@graph\":[{\"@type\":\"Article\",\"@id\":\"https:\\\/\\\/www.organisator.ch\\\/human-resources\\\/fit_im_job\\\/2019-07-09\\\/bike-to-work-72000-velofahrende-legen-17-millionen-velokilometer-zurueck\\\/#article\",\"isPartOf\":{\"@id\":\"https:\\\/\\\/www.organisator.ch\\\/human-resources\\\/fit_im_job\\\/2019-07-09\\\/bike-to-work-72000-velofahrende-legen-17-millionen-velokilometer-zurueck\\\/\"},\"author\":{\"name\":\"thomas.berner\",\"@id\":\"https:\\\/\\\/www.organisator.ch\\\/#\\\/schema\\\/person\\\/6f650f90b2842cd4c0cc334b4e36f67e\"},\"headline\":\"bike to work: 72\u2019000 Velofahrende legen 17 Millionen Velokilometer zur\u00fcck\",\"datePublished\":\"2019-07-09T06:29:10+00:00\",\"mainEntityOfPage\":{\"@id\":\"https:\\\/\\\/www.organisator.ch\\\/human-resources\\\/fit_im_job\\\/2019-07-09\\\/bike-to-work-72000-velofahrende-legen-17-millionen-velokilometer-zurueck\\\/\"},\"wordCount\":385,\"commentCount\":0,\"publisher\":{\"@id\":\"https:\\\/\\\/www.organisator.ch\\\/#organization\"},\"image\":{\"@id\":\"https:\\\/\\\/www.organisator.ch\\\/human-resources\\\/fit_im_job\\\/2019-07-09\\\/bike-to-work-72000-velofahrende-legen-17-millionen-velokilometer-zurueck\\\/#primaryimage\"},\"thumbnailUrl\":\"https:\\\/\\\/www.organisator.ch\\\/wp-content\\\/uploads\\\/2019\\\/07\\\/bike-to-work-72000-Velofahrende-legen-17-Millionen-Velokilometer-zurueck_Organisator.jpg\",\"keywords\":[\"Betriebliches Gesundheitsmanagement\",\"Fit im Job\",\"Vermischtes\"],\"articleSection\":[\"FIT IM JOB\"],\"inLanguage\":\"fr-FR\"},{\"@type\":\"WebPage\",\"@id\":\"https:\\\/\\\/www.organisator.ch\\\/human-resources\\\/fit_im_job\\\/2019-07-09\\\/bike-to-work-72000-velofahrende-legen-17-millionen-velokilometer-zurueck\\\/\",\"url\":\"https:\\\/\\\/www.organisator.ch\\\/human-resources\\\/fit_im_job\\\/2019-07-09\\\/bike-to-work-72000-velofahrende-legen-17-millionen-velokilometer-zurueck\\\/\",\"name\":\"bike to work: 72\u2019000 Velofahrende legen 17 Millionen Velokilometer zur\u00fcck - Organisator\",\"isPartOf\":{\"@id\":\"https:\\\/\\\/www.organisator.ch\\\/#website\"},\"primaryImageOfPage\":{\"@id\":\"https:\\\/\\\/www.organisator.ch\\\/human-resources\\\/fit_im_job\\\/2019-07-09\\\/bike-to-work-72000-velofahrende-legen-17-millionen-velokilometer-zurueck\\\/#primaryimage\"},\"image\":{\"@id\":\"https:\\\/\\\/www.organisator.ch\\\/human-resources\\\/fit_im_job\\\/2019-07-09\\\/bike-to-work-72000-velofahrende-legen-17-millionen-velokilometer-zurueck\\\/#primaryimage\"},\"thumbnailUrl\":\"https:\\\/\\\/www.organisator.ch\\\/wp-content\\\/uploads\\\/2019\\\/07\\\/bike-to-work-72000-Velofahrende-legen-17-Millionen-Velokilometer-zurueck_Organisator.jpg\",\"datePublished\":\"2019-07-09T06:29:10+00:00\",\"description\":\"Die bike to work Challenge 2019 bricht alle Rekorde: mehr Teilnehmende, mehr Teams, mehr Betriebe und mehr Kilometer.\",\"breadcrumb\":{\"@id\":\"https:\\\/\\\/www.organisator.ch\\\/human-resources\\\/fit_im_job\\\/2019-07-09\\\/bike-to-work-72000-velofahrende-legen-17-millionen-velokilometer-zurueck\\\/#breadcrumb\"},\"inLanguage\":\"fr-FR\",\"potentialAction\":[{\"@type\":\"ReadAction\",\"target\":[\"https:\\\/\\\/www.organisator.ch\\\/human-resources\\\/fit_im_job\\\/2019-07-09\\\/bike-to-work-72000-velofahrende-legen-17-millionen-velokilometer-zurueck\\\/\"]}]},{\"@type\":\"ImageObject\",\"inLanguage\":\"fr-FR\",\"@id\":\"https:\\\/\\\/www.organisator.ch\\\/human-resources\\\/fit_im_job\\\/2019-07-09\\\/bike-to-work-72000-velofahrende-legen-17-millionen-velokilometer-zurueck\\\/#primaryimage\",\"url\":\"https:\\\/\\\/www.organisator.ch\\\/wp-content\\\/uploads\\\/2019\\\/07\\\/bike-to-work-72000-Velofahrende-legen-17-Millionen-Velokilometer-zurueck_Organisator.jpg\",\"contentUrl\":\"https:\\\/\\\/www.organisator.ch\\\/wp-content\\\/uploads\\\/2019\\\/07\\\/bike-to-work-72000-Velofahrende-legen-17-Millionen-Velokilometer-zurueck_Organisator.jpg\",\"width\":680,\"height\":439,\"caption\":\"Mit dem Velo zur Arbeit zu fahren erfreut sich einer wachsenden Beliebtheit. (Bild: zVg \\\/ bike to work)\"},{\"@type\":\"BreadcrumbList\",\"@id\":\"https:\\\/\\\/www.organisator.ch\\\/human-resources\\\/fit_im_job\\\/2019-07-09\\\/bike-to-work-72000-velofahrende-legen-17-millionen-velokilometer-zurueck\\\/#breadcrumb\",\"itemListElement\":[{\"@type\":\"ListItem\",\"position\":1,\"name\":\"Home\",\"item\":\"https:\\\/\\\/www.organisator.ch\\\/\"},{\"@type\":\"ListItem\",\"position\":2,\"name\":\"bike to work: 72\u2019000 Velofahrende legen 17 Millionen Velokilometer zur\u00fcck\"}]},{\"@type\":\"WebSite\",\"@id\":\"https:\\\/\\\/www.organisator.ch\\\/#website\",\"url\":\"https:\\\/\\\/www.organisator.ch\\\/\",\"name\":\"Organisator\",\"description\":\"Kompetent. Praxisnah. Der ORGANISATOR bereitet in 10 Ausgaben pro Jahr die wesentlichen Themen f\u00fcr F\u00fchrungskr\u00e4fte von KMU auf.\",\"publisher\":{\"@id\":\"https:\\\/\\\/www.organisator.ch\\\/#organization\"},\"potentialAction\":[{\"@type\":\"SearchAction\",\"target\":{\"@type\":\"EntryPoint\",\"urlTemplate\":\"https:\\\/\\\/www.organisator.ch\\\/?s={search_term_string}\"},\"query-input\":{\"@type\":\"PropertyValueSpecification\",\"valueRequired\":true,\"valueName\":\"search_term_string\"}}],\"inLanguage\":\"fr-FR\"},{\"@type\":\"Organization\",\"@id\":\"https:\\\/\\\/www.organisator.ch\\\/#organization\",\"name\":\"Organisator\",\"url\":\"https:\\\/\\\/www.organisator.ch\\\/\",\"logo\":{\"@type\":\"ImageObject\",\"inLanguage\":\"fr-FR\",\"@id\":\"https:\\\/\\\/www.organisator.ch\\\/#\\\/schema\\\/logo\\\/image\\\/\",\"url\":\"https:\\\/\\\/www.organisator.ch\\\/wp-content\\\/uploads\\\/2022\\\/01\\\/Logo_Organisator_Website.png\",\"contentUrl\":\"https:\\\/\\\/www.organisator.ch\\\/wp-content\\\/uploads\\\/2022\\\/01\\\/Logo_Organisator_Website.png\",\"width\":800,\"height\":77,\"caption\":\"Organisator\"},\"image\":{\"@id\":\"https:\\\/\\\/www.organisator.ch\\\/#\\\/schema\\\/logo\\\/image\\\/\"},\"sameAs\":[\"https:\\\/\\\/www.facebook.com\\\/OrganisatorFachmagazin\",\"https:\\\/\\\/www.linkedin.com\\\/showcase\\\/organisator-das-magazin-fr-kmu\",\"https:\\\/\\\/www.xing.com\\\/news\\\/pages\\\/organisator-ch-695\",\"https:\\\/\\\/www.youtube.com\\\/channel\\\/UCGP2Sq0iWaZwT3BdIAQFYpw\"]},{\"@type\":\"Person\",\"@id\":\"https:\\\/\\\/www.organisator.ch\\\/#\\\/schema\\\/person\\\/6f650f90b2842cd4c0cc334b4e36f67e\",\"name\":\"thomas.berner\",\"image\":{\"@type\":\"ImageObject\",\"inLanguage\":\"fr-FR\",\"@id\":\"https:\\\/\\\/secure.gravatar.com\\\/avatar\\\/ac5001d2a36cb6c6cd3e50789007ffca834b477b74a2144564522e944eabff61?s=96&d=mm&r=g\",\"url\":\"https:\\\/\\\/secure.gravatar.com\\\/avatar\\\/ac5001d2a36cb6c6cd3e50789007ffca834b477b74a2144564522e944eabff61?s=96&d=mm&r=g\",\"contentUrl\":\"https:\\\/\\\/secure.gravatar.com\\\/avatar\\\/ac5001d2a36cb6c6cd3e50789007ffca834b477b74a2144564522e944eabff61?s=96&d=mm&r=g\",\"caption\":\"thomas.berner\"},\"url\":\"https:\\\/\\\/www.organisator.ch\\\/fr\\\/author\\\/thomas-berner\\\/\"}]}<\/script>\n<!-- \/ Yoast SEO plugin. -->","yoast_head_json":{"title":"bike to work : 72'000 cyclistes parcourent 17 millions de kilom\u00e8tres \u00e0 v\u00e9lo - organisateur","description":"Le bike to work Challenge 2019 bat tous les records : plus de participants, plus d'\u00e9quipes, plus d'entreprises et plus de kilom\u00e8tres.","robots":{"index":"index","follow":"follow","max-snippet":"max-snippet:-1","max-image-preview":"max-image-preview:large","max-video-preview":"max-video-preview:-1"},"canonical":"https:\/\/www.organisator.ch\/fr\/ressources-humaines\/fit_im_job\/2019-07-09\/bike-to-work-72000-velofahrende-legen-17-millionen-velokilometer-zurueck\/","og_locale":"fr_FR","og_type":"article","og_title":"bike to work: 72\u2019000 Velofahrende legen 17 Millionen Velokilometer zur\u00fcck","og_description":"Die bike to work Challenge 2019 bricht alle Rekorde: mehr Teilnehmende, mehr Teams, mehr Betriebe und mehr Kilometer.","og_url":"https:\/\/www.organisator.ch\/fr\/ressources-humaines\/fit_im_job\/2019-07-09\/bike-to-work-72000-velofahrende-legen-17-millionen-velokilometer-zurueck\/","og_site_name":"Organisator","article_publisher":"https:\/\/www.facebook.com\/OrganisatorFachmagazin","article_published_time":"2019-07-09T06:29:10+00:00","og_image":[{"width":680,"height":439,"url":"https:\/\/www.organisator.ch\/wp-content\/uploads\/2019\/07\/bike-to-work-72000-Velofahrende-legen-17-Millionen-Velokilometer-zurueck_Organisator.jpg","type":"image\/jpeg"}],"author":"thomas.berner","twitter_card":"summary_large_image","twitter_title":"bike to work: 72\u2019000 #Velofahrende legen 17 Millionen #Velokilometer zur\u00fcck","twitter_description":"Die bike to work Challenge 2019 bricht alle Rekorde: mehr Teilnehmende, mehr Teams, mehr Betriebe und mehr Kilometer.","twitter_image":"https:\/\/www.organisator.ch\/wp-content\/uploads\/2019\/07\/bike-to-work-72000-Velofahrende-legen-17-Millionen-Velokilometer-zur\u00fcck_Organisator.jpg","schema":{"@context":"https:\/\/schema.org","@graph":[{"@type":"Article","@id":"https:\/\/www.organisator.ch\/human-resources\/fit_im_job\/2019-07-09\/bike-to-work-72000-velofahrende-legen-17-millionen-velokilometer-zurueck\/#article","isPartOf":{"@id":"https:\/\/www.organisator.ch\/human-resources\/fit_im_job\/2019-07-09\/bike-to-work-72000-velofahrende-legen-17-millionen-velokilometer-zurueck\/"},"author":{"name":"thomas.berner","@id":"https:\/\/www.organisator.ch\/#\/schema\/person\/6f650f90b2842cd4c0cc334b4e36f67e"},"headline":"bike to work: 72\u2019000 Velofahrende legen 17 Millionen Velokilometer zur\u00fcck","datePublished":"2019-07-09T06:29:10+00:00","mainEntityOfPage":{"@id":"https:\/\/www.organisator.ch\/human-resources\/fit_im_job\/2019-07-09\/bike-to-work-72000-velofahrende-legen-17-millionen-velokilometer-zurueck\/"},"wordCount":385,"commentCount":0,"publisher":{"@id":"https:\/\/www.organisator.ch\/#organization"},"image":{"@id":"https:\/\/www.organisator.ch\/human-resources\/fit_im_job\/2019-07-09\/bike-to-work-72000-velofahrende-legen-17-millionen-velokilometer-zurueck\/#primaryimage"},"thumbnailUrl":"https:\/\/www.organisator.ch\/wp-content\/uploads\/2019\/07\/bike-to-work-72000-Velofahrende-legen-17-Millionen-Velokilometer-zurueck_Organisator.jpg","keywords":["Betriebliches Gesundheitsmanagement","Fit im Job","Vermischtes"],"articleSection":["FIT IM JOB"],"inLanguage":"fr-FR"},{"@type":"WebPage","@id":"https:\/\/www.organisator.ch\/human-resources\/fit_im_job\/2019-07-09\/bike-to-work-72000-velofahrende-legen-17-millionen-velokilometer-zurueck\/","url":"https:\/\/www.organisator.ch\/human-resources\/fit_im_job\/2019-07-09\/bike-to-work-72000-velofahrende-legen-17-millionen-velokilometer-zurueck\/","name":"bike to work : 72'000 cyclistes parcourent 17 millions de kilom\u00e8tres \u00e0 v\u00e9lo - organisateur","isPartOf":{"@id":"https:\/\/www.organisator.ch\/#website"},"primaryImageOfPage":{"@id":"https:\/\/www.organisator.ch\/human-resources\/fit_im_job\/2019-07-09\/bike-to-work-72000-velofahrende-legen-17-millionen-velokilometer-zurueck\/#primaryimage"},"image":{"@id":"https:\/\/www.organisator.ch\/human-resources\/fit_im_job\/2019-07-09\/bike-to-work-72000-velofahrende-legen-17-millionen-velokilometer-zurueck\/#primaryimage"},"thumbnailUrl":"https:\/\/www.organisator.ch\/wp-content\/uploads\/2019\/07\/bike-to-work-72000-Velofahrende-legen-17-Millionen-Velokilometer-zurueck_Organisator.jpg","datePublished":"2019-07-09T06:29:10+00:00","description":"Le bike to work Challenge 2019 bat tous les records : plus de participants, plus d'\u00e9quipes, plus d'entreprises et plus de kilom\u00e8tres.","breadcrumb":{"@id":"https:\/\/www.organisator.ch\/human-resources\/fit_im_job\/2019-07-09\/bike-to-work-72000-velofahrende-legen-17-millionen-velokilometer-zurueck\/#breadcrumb"},"inLanguage":"fr-FR","potentialAction":[{"@type":"ReadAction","target":["https:\/\/www.organisator.ch\/human-resources\/fit_im_job\/2019-07-09\/bike-to-work-72000-velofahrende-legen-17-millionen-velokilometer-zurueck\/"]}]},{"@type":"ImageObject","inLanguage":"fr-FR","@id":"https:\/\/www.organisator.ch\/human-resources\/fit_im_job\/2019-07-09\/bike-to-work-72000-velofahrende-legen-17-millionen-velokilometer-zurueck\/#primaryimage","url":"https:\/\/www.organisator.ch\/wp-content\/uploads\/2019\/07\/bike-to-work-72000-Velofahrende-legen-17-Millionen-Velokilometer-zurueck_Organisator.jpg","contentUrl":"https:\/\/www.organisator.ch\/wp-content\/uploads\/2019\/07\/bike-to-work-72000-Velofahrende-legen-17-Millionen-Velokilometer-zurueck_Organisator.jpg","width":680,"height":439,"caption":"Mit dem Velo zur Arbeit zu fahren erfreut sich einer wachsenden Beliebtheit. (Bild: zVg \/ bike to work)"},{"@type":"BreadcrumbList","@id":"https:\/\/www.organisator.ch\/human-resources\/fit_im_job\/2019-07-09\/bike-to-work-72000-velofahrende-legen-17-millionen-velokilometer-zurueck\/#breadcrumb","itemListElement":[{"@type":"ListItem","position":1,"name":"Home","item":"https:\/\/www.organisator.ch\/"},{"@type":"ListItem","position":2,"name":"bike to work: 72\u2019000 Velofahrende legen 17 Millionen Velokilometer zur\u00fcck"}]},{"@type":"WebSite","@id":"https:\/\/www.organisator.ch\/#website","url":"https:\/\/www.organisator.ch\/","name":"Organisateur","description":"Comp\u00e9tence et comp\u00e9tence. Proches de la pratique. L'ORGANISATEUR pr\u00e9pare 10 num\u00e9ros par an sur les th\u00e8mes essentiels pour les dirigeants de PME.","publisher":{"@id":"https:\/\/www.organisator.ch\/#organization"},"potentialAction":[{"@type":"SearchAction","target":{"@type":"EntryPoint","urlTemplate":"https:\/\/www.organisator.ch\/?s={search_term_string}"},"query-input":{"@type":"PropertyValueSpecification","valueRequired":true,"valueName":"search_term_string"}}],"inLanguage":"fr-FR"},{"@type":"Organization","@id":"https:\/\/www.organisator.ch\/#organization","name":"Organisateur","url":"https:\/\/www.organisator.ch\/","logo":{"@type":"ImageObject","inLanguage":"fr-FR","@id":"https:\/\/www.organisator.ch\/#\/schema\/logo\/image\/","url":"https:\/\/www.organisator.ch\/wp-content\/uploads\/2022\/01\/Logo_Organisator_Website.png","contentUrl":"https:\/\/www.organisator.ch\/wp-content\/uploads\/2022\/01\/Logo_Organisator_Website.png","width":800,"height":77,"caption":"Organisator"},"image":{"@id":"https:\/\/www.organisator.ch\/#\/schema\/logo\/image\/"},"sameAs":["https:\/\/www.facebook.com\/OrganisatorFachmagazin","https:\/\/www.linkedin.com\/showcase\/organisator-das-magazin-fr-kmu","https:\/\/www.xing.com\/news\/pages\/organisator-ch-695","https:\/\/www.youtube.com\/channel\/UCGP2Sq0iWaZwT3BdIAQFYpw"]},{"@type":"Person","@id":"https:\/\/www.organisator.ch\/#\/schema\/person\/6f650f90b2842cd4c0cc334b4e36f67e","name":"thomas.berner","image":{"@type":"ImageObject","inLanguage":"fr-FR","@id":"https:\/\/secure.gravatar.com\/avatar\/ac5001d2a36cb6c6cd3e50789007ffca834b477b74a2144564522e944eabff61?s=96&d=mm&r=g","url":"https:\/\/secure.gravatar.com\/avatar\/ac5001d2a36cb6c6cd3e50789007ffca834b477b74a2144564522e944eabff61?s=96&d=mm&r=g","contentUrl":"https:\/\/secure.gravatar.com\/avatar\/ac5001d2a36cb6c6cd3e50789007ffca834b477b74a2144564522e944eabff61?s=96&d=mm&r=g","caption":"thomas.berner"},"url":"https:\/\/www.organisator.ch\/fr\/author\/thomas-berner\/"}]}},"_links":{"self":[{"href":"https:\/\/www.organisator.ch\/fr\/wp-json\/wp\/v2\/posts\/5513","targetHints":{"allow":["GET"]}}],"collection":[{"href":"https:\/\/www.organisator.ch\/fr\/wp-json\/wp\/v2\/posts"}],"about":[{"href":"https:\/\/www.organisator.ch\/fr\/wp-json\/wp\/v2\/types\/post"}],"author":[{"embeddable":true,"href":"https:\/\/www.organisator.ch\/fr\/wp-json\/wp\/v2\/users\/4"}],"replies":[{"embeddable":true,"href":"https:\/\/www.organisator.ch\/fr\/wp-json\/wp\/v2\/comments?post=5513"}],"version-history":[{"count":0,"href":"https:\/\/www.organisator.ch\/fr\/wp-json\/wp\/v2\/posts\/5513\/revisions"}],"wp:featuredmedia":[{"embeddable":true,"href":"https:\/\/www.organisator.ch\/fr\/wp-json\/wp\/v2\/media\/5516"}],"wp:attachment":[{"href":"https:\/\/www.organisator.ch\/fr\/wp-json\/wp\/v2\/media?parent=5513"}],"wp:term":[{"taxonomy":"category","embeddable":true,"href":"https:\/\/www.organisator.ch\/fr\/wp-json\/wp\/v2\/categories?post=5513"},{"taxonomy":"post_tag","embeddable":true,"href":"https:\/\/www.organisator.ch\/fr\/wp-json\/wp\/v2\/tags?post=5513"}],"curies":[{"name":"wp","href":"https:\/\/api.w.org\/{rel}","templated":true}]}}