{"id":5525,"date":"2019-07-10T13:28:06","date_gmt":"2019-07-10T11:28:06","guid":{"rendered":"https:\/\/www.organisator.ch\/?p=5525"},"modified":"2019-07-10T13:28:06","modified_gmt":"2019-07-10T11:28:06","slug":"stephan-ulrich-wird-neu-chief-sales-officer-bei-cyberlink","status":"publish","type":"post","link":"https:\/\/www.organisator.ch\/fr\/management\/it\/2019-07-10\/stephan-ulrich-wird-neu-chief-sales-officer-bei-cyberlink\/","title":{"rendered":"Stephan Ulrich devient Chief Sales Officer chez Cyberlink"},"content":{"rendered":"<figure id=\"attachment_5526\" aria-describedby=\"caption-attachment-5526\" style=\"width: 680px\" class=\"wp-caption alignnone\"><img loading=\"lazy\" decoding=\"async\" class=\"size-medium wp-image-5526\" src=\"https:\/\/www.organisator.ch\/wp-content\/uploads\/2019\/07\/Stephan-Ulrich-wird-neu-Chief-Sales-Officer-bei-Cyberlink_Organisator.jpg\" alt=\"\" width=\"680\" height=\"540\" srcset=\"https:\/\/www.organisator.ch\/wp-content\/uploads\/2019\/07\/Stephan-Ulrich-wird-neu-Chief-Sales-Officer-bei-Cyberlink_Organisator.jpg 680w, https:\/\/www.organisator.ch\/wp-content\/uploads\/2019\/07\/Stephan-Ulrich-wird-neu-Chief-Sales-Officer-bei-Cyberlink_Organisator-16x12.jpg 16w, https:\/\/www.organisator.ch\/wp-content\/uploads\/2019\/07\/Stephan-Ulrich-wird-neu-Chief-Sales-Officer-bei-Cyberlink_Organisator-220x175.jpg 220w, https:\/\/www.organisator.ch\/wp-content\/uploads\/2019\/07\/Stephan-Ulrich-wird-neu-Chief-Sales-Officer-bei-Cyberlink_Organisator-441x350.jpg 441w, https:\/\/www.organisator.ch\/wp-content\/uploads\/2019\/07\/Stephan-Ulrich-wird-neu-Chief-Sales-Officer-bei-Cyberlink_Organisator-300x238.jpg 300w\" sizes=\"auto, (max-width: 680px) 100vw, 680px\" \/><figcaption id=\"caption-attachment-5526\" class=\"wp-caption-text\">Stephan Ulrich, nouveau Chief Sales Officer chez Cyberlink. (Image : zVg \/ Cyberlink)<\/figcaption><\/figure>\n<p>Le 1er juillet 2019, Stephan Ulrich (39 ans), titulaire d'un EMBA \/ MAS, a repris le poste de Chief Sales Officer chez Cyberlink et est devenu membre de la direction. Ulrich occupe depuis 2013 le poste de Key Account Manager au MSP et a contribu\u00e9 de mani\u00e8re d\u00e9terminante au succ\u00e8s et \u00e0 la croissance de l'entreprise. L'empathie, la pens\u00e9e partenariale ainsi que la proximit\u00e9 avec les clients caract\u00e9risent entre autres Ulrich, qui aime consacrer son temps libre aux voyages, au hockey sur glace et au tennis. Ces qualit\u00e9s lui ont \u00e9galement permis de toujours int\u00e9grer les souhaits et les besoins des clients dans le d\u00e9veloppement des produits et de les concevoir de mani\u00e8re dynamique et orient\u00e9e vers le client. Avant de rejoindre Cyberlink, Ulrich a occup\u00e9 divers postes chez Swisscom de 2006 \u00e0 2013.<\/p>\n<p>Ulrich rapporte directement au CEO Beat Tinner. Ce dernier d\u00e9clare : \"Je suis personnellement tr\u00e8s heureux que Stephan Ulrich, apr\u00e8s plus de six ans chez Cyberlink, ait pu \u00eatre recrut\u00e9 comme nouveau Chief Sales Officer et membre de la direction et qu'il poursuive la croissance de l'entreprise en tant que moteur. D\u00e8s le d\u00e9but, Stephan Ulrich s'est r\u00e9v\u00e9l\u00e9 \u00eatre un partenaire fiable, engag\u00e9 et honn\u00eate pour nos clients commerciaux exigeants. Il a mis en \u0153uvre des projets tr\u00e8s importants et b\u00e9n\u00e9fiques pour les clients sur l'infrastructure r\u00e9seau et cloud de Cyberlink. En collaboration avec nos \u00e9quipes d'exploitation et d'ing\u00e9nierie, il a accompli des choses incroyables\".<\/p>\n<p>Stephan Ulrich ajoute : \"Je suis tr\u00e8s heureux de diriger les ventes et de proposer \u00e0 nos partenaires et clients, avec toute l'\u00e9quipe Cyberlink, des solutions de services g\u00e9r\u00e9s sur mesure qui ont un sens \u00e9conomique. C'est la condition pr\u00e9alable \u00e0 la croissance durable de notre entreprise\".<\/p>\n<p><em>Source : <a href=\"http:\/\/www.cyberlink.ch\">Cyberlink<\/a><\/em><\/p>","protected":false},"excerpt":{"rendered":"<p>Per 1. Juli 2019 hat Stephan Ulrich (39), welcher \u00fcber ein EMBA \/ MAS verf\u00fcgt, die Position des Chief Sales Officer bei Cyberlink \u00fcbernommen und ist neues Mitglied der Gesch\u00e4ftsleitung. Ulrich amtet seit 2013 als Key Account Manager beim MSP und hat massgeblich zum Erfolg und Wachstum des Unternehmens beigetragen. Empathie, partnerschaftliches Denken sowie N\u00e4he [&hellip;]<\/p>\n","protected":false},"author":4,"featured_media":5526,"comment_status":"open","ping_status":"open","sticky":false,"template":"","format":"standard","meta":{"_acf_changed":false,"_yoast_wpseo_focuskw":"Stephan Ulrich","_yoast_wpseo_metadesc":"Beim Managed Service Provider (MSP) Cyberlink \u00fcbernimmt Stephan Ulrich neu die Position des Chief Sales Officer und nimmt Einsitz in die Gesch\u00e4ftsleitung.","articlekey":"","footnotes":""},"categories":[27],"tags":[286,381],"class_list":["post-5525","post","type-post","status-publish","format-standard","has-post-thumbnail","hentry","category-it","tag-it","tag-personalia"],"acf":[],"yoast_head":"<!-- This site is optimized with the Yoast SEO plugin v27.4 - https:\/\/yoast.com\/product\/yoast-seo-wordpress\/ -->\n<title>Stephan Ulrich wird neu Chief Sales Officer bei Cyberlink - Organisator<\/title>\n<meta name=\"description\" content=\"Beim Managed Service Provider (MSP) Cyberlink \u00fcbernimmt Stephan Ulrich neu die Position des Chief Sales Officer und nimmt Einsitz in die Gesch\u00e4ftsleitung.\" \/>\n<meta name=\"robots\" content=\"index, follow, max-snippet:-1, max-image-preview:large, max-video-preview:-1\" \/>\n<link rel=\"canonical\" href=\"https:\/\/www.organisator.ch\/fr\/gestion-2\/it\/2019-07-10\/stephan-ulrich-wird-neu-chief-sales-officer-bei-cyberlink\/\" \/>\n<meta property=\"og:locale\" content=\"fr_FR\" \/>\n<meta property=\"og:type\" content=\"article\" \/>\n<meta property=\"og:title\" content=\"Stephan Ulrich wird neu Chief Sales Officer bei Cyberlink\" \/>\n<meta property=\"og:description\" content=\"Beim Managed Service Provider (MSP) Cyberlink \u00fcbernimmt Stephan Ulrich neu die Position des Chief Sales Officer und nimmt Einsitz in die Gesch\u00e4ftsleitung.\" \/>\n<meta property=\"og:url\" content=\"https:\/\/www.organisator.ch\/fr\/gestion-2\/it\/2019-07-10\/stephan-ulrich-wird-neu-chief-sales-officer-bei-cyberlink\/\" \/>\n<meta property=\"og:site_name\" content=\"Organisator\" \/>\n<meta property=\"article:publisher\" content=\"https:\/\/www.facebook.com\/OrganisatorFachmagazin\" \/>\n<meta property=\"article:published_time\" content=\"2019-07-10T11:28:06+00:00\" \/>\n<meta property=\"og:image\" content=\"https:\/\/www.organisator.ch\/wp-content\/uploads\/2019\/07\/Stephan-Ulrich-wird-neu-Chief-Sales-Officer-bei-Cyberlink_Organisator.jpg\" \/>\n\t<meta property=\"og:image:width\" content=\"680\" \/>\n\t<meta property=\"og:image:height\" content=\"540\" \/>\n\t<meta property=\"og:image:type\" content=\"image\/jpeg\" \/>\n<meta name=\"author\" content=\"thomas.berner\" \/>\n<meta name=\"twitter:card\" content=\"summary_large_image\" \/>\n<meta name=\"twitter:title\" content=\"Stephan Ulrich wird neu Chief Sales Officer bei #Cyberlink\" \/>\n<meta name=\"twitter:description\" content=\"Beim Managed Service Provider (#MSP) #Cyberlink \u00fcbernimmt Stephan Ulrich neu die Position des Chief Sales Officer und nimmt Einsitz in die Gesch\u00e4ftsleitung.\" \/>\n<meta name=\"twitter:image\" content=\"https:\/\/www.organisator.ch\/wp-content\/uploads\/2019\/07\/Stephan-Ulrich-wird-neu-Chief-Sales-Officer-bei-Cyberlink_Organisator.jpg\" \/>\n<script type=\"application\/ld+json\" class=\"yoast-schema-graph\">{\"@context\":\"https:\\\/\\\/schema.org\",\"@graph\":[{\"@type\":\"Article\",\"@id\":\"https:\\\/\\\/www.organisator.ch\\\/management\\\/it\\\/2019-07-10\\\/stephan-ulrich-wird-neu-chief-sales-officer-bei-cyberlink\\\/#article\",\"isPartOf\":{\"@id\":\"https:\\\/\\\/www.organisator.ch\\\/management\\\/it\\\/2019-07-10\\\/stephan-ulrich-wird-neu-chief-sales-officer-bei-cyberlink\\\/\"},\"author\":{\"name\":\"thomas.berner\",\"@id\":\"https:\\\/\\\/www.organisator.ch\\\/#\\\/schema\\\/person\\\/6f650f90b2842cd4c0cc334b4e36f67e\"},\"headline\":\"Stephan Ulrich wird neu Chief Sales Officer bei Cyberlink\",\"datePublished\":\"2019-07-10T11:28:06+00:00\",\"mainEntityOfPage\":{\"@id\":\"https:\\\/\\\/www.organisator.ch\\\/management\\\/it\\\/2019-07-10\\\/stephan-ulrich-wird-neu-chief-sales-officer-bei-cyberlink\\\/\"},\"wordCount\":285,\"commentCount\":0,\"publisher\":{\"@id\":\"https:\\\/\\\/www.organisator.ch\\\/#organization\"},\"image\":{\"@id\":\"https:\\\/\\\/www.organisator.ch\\\/management\\\/it\\\/2019-07-10\\\/stephan-ulrich-wird-neu-chief-sales-officer-bei-cyberlink\\\/#primaryimage\"},\"thumbnailUrl\":\"https:\\\/\\\/www.organisator.ch\\\/wp-content\\\/uploads\\\/2019\\\/07\\\/Stephan-Ulrich-wird-neu-Chief-Sales-Officer-bei-Cyberlink_Organisator.jpg\",\"keywords\":[\"IT\",\"Personalia\"],\"articleSection\":[\"IT\"],\"inLanguage\":\"fr-FR\"},{\"@type\":\"WebPage\",\"@id\":\"https:\\\/\\\/www.organisator.ch\\\/management\\\/it\\\/2019-07-10\\\/stephan-ulrich-wird-neu-chief-sales-officer-bei-cyberlink\\\/\",\"url\":\"https:\\\/\\\/www.organisator.ch\\\/management\\\/it\\\/2019-07-10\\\/stephan-ulrich-wird-neu-chief-sales-officer-bei-cyberlink\\\/\",\"name\":\"Stephan Ulrich wird neu Chief Sales Officer bei Cyberlink - Organisator\",\"isPartOf\":{\"@id\":\"https:\\\/\\\/www.organisator.ch\\\/#website\"},\"primaryImageOfPage\":{\"@id\":\"https:\\\/\\\/www.organisator.ch\\\/management\\\/it\\\/2019-07-10\\\/stephan-ulrich-wird-neu-chief-sales-officer-bei-cyberlink\\\/#primaryimage\"},\"image\":{\"@id\":\"https:\\\/\\\/www.organisator.ch\\\/management\\\/it\\\/2019-07-10\\\/stephan-ulrich-wird-neu-chief-sales-officer-bei-cyberlink\\\/#primaryimage\"},\"thumbnailUrl\":\"https:\\\/\\\/www.organisator.ch\\\/wp-content\\\/uploads\\\/2019\\\/07\\\/Stephan-Ulrich-wird-neu-Chief-Sales-Officer-bei-Cyberlink_Organisator.jpg\",\"datePublished\":\"2019-07-10T11:28:06+00:00\",\"description\":\"Beim Managed Service Provider (MSP) Cyberlink \u00fcbernimmt Stephan Ulrich neu die Position des Chief Sales Officer und nimmt Einsitz in die Gesch\u00e4ftsleitung.\",\"breadcrumb\":{\"@id\":\"https:\\\/\\\/www.organisator.ch\\\/management\\\/it\\\/2019-07-10\\\/stephan-ulrich-wird-neu-chief-sales-officer-bei-cyberlink\\\/#breadcrumb\"},\"inLanguage\":\"fr-FR\",\"potentialAction\":[{\"@type\":\"ReadAction\",\"target\":[\"https:\\\/\\\/www.organisator.ch\\\/management\\\/it\\\/2019-07-10\\\/stephan-ulrich-wird-neu-chief-sales-officer-bei-cyberlink\\\/\"]}]},{\"@type\":\"ImageObject\",\"inLanguage\":\"fr-FR\",\"@id\":\"https:\\\/\\\/www.organisator.ch\\\/management\\\/it\\\/2019-07-10\\\/stephan-ulrich-wird-neu-chief-sales-officer-bei-cyberlink\\\/#primaryimage\",\"url\":\"https:\\\/\\\/www.organisator.ch\\\/wp-content\\\/uploads\\\/2019\\\/07\\\/Stephan-Ulrich-wird-neu-Chief-Sales-Officer-bei-Cyberlink_Organisator.jpg\",\"contentUrl\":\"https:\\\/\\\/www.organisator.ch\\\/wp-content\\\/uploads\\\/2019\\\/07\\\/Stephan-Ulrich-wird-neu-Chief-Sales-Officer-bei-Cyberlink_Organisator.jpg\",\"width\":680,\"height\":540,\"caption\":\"Stephan Ulrich, neuer Chief Sales Officer bei Cyberlink. (Bild: zVg \\\/ Cyberlink)\"},{\"@type\":\"BreadcrumbList\",\"@id\":\"https:\\\/\\\/www.organisator.ch\\\/management\\\/it\\\/2019-07-10\\\/stephan-ulrich-wird-neu-chief-sales-officer-bei-cyberlink\\\/#breadcrumb\",\"itemListElement\":[{\"@type\":\"ListItem\",\"position\":1,\"name\":\"Home\",\"item\":\"https:\\\/\\\/www.organisator.ch\\\/\"},{\"@type\":\"ListItem\",\"position\":2,\"name\":\"Stephan Ulrich wird neu Chief Sales Officer bei Cyberlink\"}]},{\"@type\":\"WebSite\",\"@id\":\"https:\\\/\\\/www.organisator.ch\\\/#website\",\"url\":\"https:\\\/\\\/www.organisator.ch\\\/\",\"name\":\"Organisator\",\"description\":\"Kompetent. Praxisnah. Der ORGANISATOR bereitet in 10 Ausgaben pro Jahr die wesentlichen Themen f\u00fcr F\u00fchrungskr\u00e4fte von KMU auf.\",\"publisher\":{\"@id\":\"https:\\\/\\\/www.organisator.ch\\\/#organization\"},\"potentialAction\":[{\"@type\":\"SearchAction\",\"target\":{\"@type\":\"EntryPoint\",\"urlTemplate\":\"https:\\\/\\\/www.organisator.ch\\\/?s={search_term_string}\"},\"query-input\":{\"@type\":\"PropertyValueSpecification\",\"valueRequired\":true,\"valueName\":\"search_term_string\"}}],\"inLanguage\":\"fr-FR\"},{\"@type\":\"Organization\",\"@id\":\"https:\\\/\\\/www.organisator.ch\\\/#organization\",\"name\":\"Organisator\",\"url\":\"https:\\\/\\\/www.organisator.ch\\\/\",\"logo\":{\"@type\":\"ImageObject\",\"inLanguage\":\"fr-FR\",\"@id\":\"https:\\\/\\\/www.organisator.ch\\\/#\\\/schema\\\/logo\\\/image\\\/\",\"url\":\"https:\\\/\\\/www.organisator.ch\\\/wp-content\\\/uploads\\\/2022\\\/01\\\/Logo_Organisator_Website.png\",\"contentUrl\":\"https:\\\/\\\/www.organisator.ch\\\/wp-content\\\/uploads\\\/2022\\\/01\\\/Logo_Organisator_Website.png\",\"width\":800,\"height\":77,\"caption\":\"Organisator\"},\"image\":{\"@id\":\"https:\\\/\\\/www.organisator.ch\\\/#\\\/schema\\\/logo\\\/image\\\/\"},\"sameAs\":[\"https:\\\/\\\/www.facebook.com\\\/OrganisatorFachmagazin\",\"https:\\\/\\\/www.linkedin.com\\\/showcase\\\/organisator-das-magazin-fr-kmu\",\"https:\\\/\\\/www.xing.com\\\/news\\\/pages\\\/organisator-ch-695\",\"https:\\\/\\\/www.youtube.com\\\/channel\\\/UCGP2Sq0iWaZwT3BdIAQFYpw\"]},{\"@type\":\"Person\",\"@id\":\"https:\\\/\\\/www.organisator.ch\\\/#\\\/schema\\\/person\\\/6f650f90b2842cd4c0cc334b4e36f67e\",\"name\":\"thomas.berner\",\"image\":{\"@type\":\"ImageObject\",\"inLanguage\":\"fr-FR\",\"@id\":\"https:\\\/\\\/secure.gravatar.com\\\/avatar\\\/ac5001d2a36cb6c6cd3e50789007ffca834b477b74a2144564522e944eabff61?s=96&d=mm&r=g\",\"url\":\"https:\\\/\\\/secure.gravatar.com\\\/avatar\\\/ac5001d2a36cb6c6cd3e50789007ffca834b477b74a2144564522e944eabff61?s=96&d=mm&r=g\",\"contentUrl\":\"https:\\\/\\\/secure.gravatar.com\\\/avatar\\\/ac5001d2a36cb6c6cd3e50789007ffca834b477b74a2144564522e944eabff61?s=96&d=mm&r=g\",\"caption\":\"thomas.berner\"},\"url\":\"https:\\\/\\\/www.organisator.ch\\\/fr\\\/author\\\/thomas-berner\\\/\"}]}<\/script>\n<!-- \/ Yoast SEO plugin. -->","yoast_head_json":{"title":"Stephan Ulrich devient Chief Sales Officer chez Cyberlink - Organisateur","description":"Chez le Managed Service Provider (MSP) Cyberlink, Stephan Ulrich occupe d\u00e9sormais le poste de Chief Sales Officer et si\u00e8ge \u00e0 la direction.","robots":{"index":"index","follow":"follow","max-snippet":"max-snippet:-1","max-image-preview":"max-image-preview:large","max-video-preview":"max-video-preview:-1"},"canonical":"https:\/\/www.organisator.ch\/fr\/gestion-2\/it\/2019-07-10\/stephan-ulrich-wird-neu-chief-sales-officer-bei-cyberlink\/","og_locale":"fr_FR","og_type":"article","og_title":"Stephan Ulrich wird neu Chief Sales Officer bei Cyberlink","og_description":"Beim Managed Service Provider (MSP) Cyberlink \u00fcbernimmt Stephan Ulrich neu die Position des Chief Sales Officer und nimmt Einsitz in die Gesch\u00e4ftsleitung.","og_url":"https:\/\/www.organisator.ch\/fr\/gestion-2\/it\/2019-07-10\/stephan-ulrich-wird-neu-chief-sales-officer-bei-cyberlink\/","og_site_name":"Organisator","article_publisher":"https:\/\/www.facebook.com\/OrganisatorFachmagazin","article_published_time":"2019-07-10T11:28:06+00:00","og_image":[{"width":680,"height":540,"url":"https:\/\/www.organisator.ch\/wp-content\/uploads\/2019\/07\/Stephan-Ulrich-wird-neu-Chief-Sales-Officer-bei-Cyberlink_Organisator.jpg","type":"image\/jpeg"}],"author":"thomas.berner","twitter_card":"summary_large_image","twitter_title":"Stephan Ulrich wird neu Chief Sales Officer bei #Cyberlink","twitter_description":"Beim Managed Service Provider (#MSP) #Cyberlink \u00fcbernimmt Stephan Ulrich neu die Position des Chief Sales Officer und nimmt Einsitz in die Gesch\u00e4ftsleitung.","twitter_image":"https:\/\/www.organisator.ch\/wp-content\/uploads\/2019\/07\/Stephan-Ulrich-wird-neu-Chief-Sales-Officer-bei-Cyberlink_Organisator.jpg","schema":{"@context":"https:\/\/schema.org","@graph":[{"@type":"Article","@id":"https:\/\/www.organisator.ch\/management\/it\/2019-07-10\/stephan-ulrich-wird-neu-chief-sales-officer-bei-cyberlink\/#article","isPartOf":{"@id":"https:\/\/www.organisator.ch\/management\/it\/2019-07-10\/stephan-ulrich-wird-neu-chief-sales-officer-bei-cyberlink\/"},"author":{"name":"thomas.berner","@id":"https:\/\/www.organisator.ch\/#\/schema\/person\/6f650f90b2842cd4c0cc334b4e36f67e"},"headline":"Stephan Ulrich wird neu Chief Sales Officer bei Cyberlink","datePublished":"2019-07-10T11:28:06+00:00","mainEntityOfPage":{"@id":"https:\/\/www.organisator.ch\/management\/it\/2019-07-10\/stephan-ulrich-wird-neu-chief-sales-officer-bei-cyberlink\/"},"wordCount":285,"commentCount":0,"publisher":{"@id":"https:\/\/www.organisator.ch\/#organization"},"image":{"@id":"https:\/\/www.organisator.ch\/management\/it\/2019-07-10\/stephan-ulrich-wird-neu-chief-sales-officer-bei-cyberlink\/#primaryimage"},"thumbnailUrl":"https:\/\/www.organisator.ch\/wp-content\/uploads\/2019\/07\/Stephan-Ulrich-wird-neu-Chief-Sales-Officer-bei-Cyberlink_Organisator.jpg","keywords":["IT","Personalia"],"articleSection":["IT"],"inLanguage":"fr-FR"},{"@type":"WebPage","@id":"https:\/\/www.organisator.ch\/management\/it\/2019-07-10\/stephan-ulrich-wird-neu-chief-sales-officer-bei-cyberlink\/","url":"https:\/\/www.organisator.ch\/management\/it\/2019-07-10\/stephan-ulrich-wird-neu-chief-sales-officer-bei-cyberlink\/","name":"Stephan Ulrich devient Chief Sales Officer chez Cyberlink - Organisateur","isPartOf":{"@id":"https:\/\/www.organisator.ch\/#website"},"primaryImageOfPage":{"@id":"https:\/\/www.organisator.ch\/management\/it\/2019-07-10\/stephan-ulrich-wird-neu-chief-sales-officer-bei-cyberlink\/#primaryimage"},"image":{"@id":"https:\/\/www.organisator.ch\/management\/it\/2019-07-10\/stephan-ulrich-wird-neu-chief-sales-officer-bei-cyberlink\/#primaryimage"},"thumbnailUrl":"https:\/\/www.organisator.ch\/wp-content\/uploads\/2019\/07\/Stephan-Ulrich-wird-neu-Chief-Sales-Officer-bei-Cyberlink_Organisator.jpg","datePublished":"2019-07-10T11:28:06+00:00","description":"Chez le Managed Service Provider (MSP) Cyberlink, Stephan Ulrich occupe d\u00e9sormais le poste de Chief Sales Officer et si\u00e8ge \u00e0 la direction.","breadcrumb":{"@id":"https:\/\/www.organisator.ch\/management\/it\/2019-07-10\/stephan-ulrich-wird-neu-chief-sales-officer-bei-cyberlink\/#breadcrumb"},"inLanguage":"fr-FR","potentialAction":[{"@type":"ReadAction","target":["https:\/\/www.organisator.ch\/management\/it\/2019-07-10\/stephan-ulrich-wird-neu-chief-sales-officer-bei-cyberlink\/"]}]},{"@type":"ImageObject","inLanguage":"fr-FR","@id":"https:\/\/www.organisator.ch\/management\/it\/2019-07-10\/stephan-ulrich-wird-neu-chief-sales-officer-bei-cyberlink\/#primaryimage","url":"https:\/\/www.organisator.ch\/wp-content\/uploads\/2019\/07\/Stephan-Ulrich-wird-neu-Chief-Sales-Officer-bei-Cyberlink_Organisator.jpg","contentUrl":"https:\/\/www.organisator.ch\/wp-content\/uploads\/2019\/07\/Stephan-Ulrich-wird-neu-Chief-Sales-Officer-bei-Cyberlink_Organisator.jpg","width":680,"height":540,"caption":"Stephan Ulrich, neuer Chief Sales Officer bei Cyberlink. (Bild: zVg \/ Cyberlink)"},{"@type":"BreadcrumbList","@id":"https:\/\/www.organisator.ch\/management\/it\/2019-07-10\/stephan-ulrich-wird-neu-chief-sales-officer-bei-cyberlink\/#breadcrumb","itemListElement":[{"@type":"ListItem","position":1,"name":"Home","item":"https:\/\/www.organisator.ch\/"},{"@type":"ListItem","position":2,"name":"Stephan Ulrich wird neu Chief Sales Officer bei Cyberlink"}]},{"@type":"WebSite","@id":"https:\/\/www.organisator.ch\/#website","url":"https:\/\/www.organisator.ch\/","name":"Organisateur","description":"Comp\u00e9tence et comp\u00e9tence. Proches de la pratique. L'ORGANISATEUR pr\u00e9pare 10 num\u00e9ros par an sur les th\u00e8mes essentiels pour les dirigeants de PME.","publisher":{"@id":"https:\/\/www.organisator.ch\/#organization"},"potentialAction":[{"@type":"SearchAction","target":{"@type":"EntryPoint","urlTemplate":"https:\/\/www.organisator.ch\/?s={search_term_string}"},"query-input":{"@type":"PropertyValueSpecification","valueRequired":true,"valueName":"search_term_string"}}],"inLanguage":"fr-FR"},{"@type":"Organization","@id":"https:\/\/www.organisator.ch\/#organization","name":"Organisateur","url":"https:\/\/www.organisator.ch\/","logo":{"@type":"ImageObject","inLanguage":"fr-FR","@id":"https:\/\/www.organisator.ch\/#\/schema\/logo\/image\/","url":"https:\/\/www.organisator.ch\/wp-content\/uploads\/2022\/01\/Logo_Organisator_Website.png","contentUrl":"https:\/\/www.organisator.ch\/wp-content\/uploads\/2022\/01\/Logo_Organisator_Website.png","width":800,"height":77,"caption":"Organisator"},"image":{"@id":"https:\/\/www.organisator.ch\/#\/schema\/logo\/image\/"},"sameAs":["https:\/\/www.facebook.com\/OrganisatorFachmagazin","https:\/\/www.linkedin.com\/showcase\/organisator-das-magazin-fr-kmu","https:\/\/www.xing.com\/news\/pages\/organisator-ch-695","https:\/\/www.youtube.com\/channel\/UCGP2Sq0iWaZwT3BdIAQFYpw"]},{"@type":"Person","@id":"https:\/\/www.organisator.ch\/#\/schema\/person\/6f650f90b2842cd4c0cc334b4e36f67e","name":"thomas.berner","image":{"@type":"ImageObject","inLanguage":"fr-FR","@id":"https:\/\/secure.gravatar.com\/avatar\/ac5001d2a36cb6c6cd3e50789007ffca834b477b74a2144564522e944eabff61?s=96&d=mm&r=g","url":"https:\/\/secure.gravatar.com\/avatar\/ac5001d2a36cb6c6cd3e50789007ffca834b477b74a2144564522e944eabff61?s=96&d=mm&r=g","contentUrl":"https:\/\/secure.gravatar.com\/avatar\/ac5001d2a36cb6c6cd3e50789007ffca834b477b74a2144564522e944eabff61?s=96&d=mm&r=g","caption":"thomas.berner"},"url":"https:\/\/www.organisator.ch\/fr\/author\/thomas-berner\/"}]}},"_links":{"self":[{"href":"https:\/\/www.organisator.ch\/fr\/wp-json\/wp\/v2\/posts\/5525","targetHints":{"allow":["GET"]}}],"collection":[{"href":"https:\/\/www.organisator.ch\/fr\/wp-json\/wp\/v2\/posts"}],"about":[{"href":"https:\/\/www.organisator.ch\/fr\/wp-json\/wp\/v2\/types\/post"}],"author":[{"embeddable":true,"href":"https:\/\/www.organisator.ch\/fr\/wp-json\/wp\/v2\/users\/4"}],"replies":[{"embeddable":true,"href":"https:\/\/www.organisator.ch\/fr\/wp-json\/wp\/v2\/comments?post=5525"}],"version-history":[{"count":0,"href":"https:\/\/www.organisator.ch\/fr\/wp-json\/wp\/v2\/posts\/5525\/revisions"}],"wp:featuredmedia":[{"embeddable":true,"href":"https:\/\/www.organisator.ch\/fr\/wp-json\/wp\/v2\/media\/5526"}],"wp:attachment":[{"href":"https:\/\/www.organisator.ch\/fr\/wp-json\/wp\/v2\/media?parent=5525"}],"wp:term":[{"taxonomy":"category","embeddable":true,"href":"https:\/\/www.organisator.ch\/fr\/wp-json\/wp\/v2\/categories?post=5525"},{"taxonomy":"post_tag","embeddable":true,"href":"https:\/\/www.organisator.ch\/fr\/wp-json\/wp\/v2\/tags?post=5525"}],"curies":[{"name":"wp","href":"https:\/\/api.w.org\/{rel}","templated":true}]}}