{"id":5533,"date":"2019-07-11T11:18:43","date_gmt":"2019-07-11T09:18:43","guid":{"rendered":"https:\/\/www.organisator.ch\/?p=5533"},"modified":"2019-07-11T11:18:43","modified_gmt":"2019-07-11T09:18:43","slug":"seco-baut-den-online-schalter-fuer-unternehmen-weiter-aus","status":"publish","type":"post","link":"https:\/\/www.organisator.ch\/fr\/management\/2019-07-11\/seco-baut-den-online-schalter-fuer-unternehmen-weiter-aus\/","title":{"rendered":"Le SECO continue de d\u00e9velopper le guichet en ligne pour les entreprises"},"content":{"rendered":"<figure id=\"attachment_5534\" aria-describedby=\"caption-attachment-5534\" style=\"width: 680px\" class=\"wp-caption alignnone\"><img loading=\"lazy\" decoding=\"async\" class=\"size-medium wp-image-5534\" src=\"https:\/\/www.organisator.ch\/wp-content\/uploads\/2019\/07\/Seco-baut-den-Online-Schalter-fuer-Unternehmen-weiter-aus_Organisator.jpg\" alt=\"\" width=\"680\" height=\"258\" srcset=\"https:\/\/www.organisator.ch\/wp-content\/uploads\/2019\/07\/Seco-baut-den-Online-Schalter-fuer-Unternehmen-weiter-aus_Organisator.jpg 680w, https:\/\/www.organisator.ch\/wp-content\/uploads\/2019\/07\/Seco-baut-den-Online-Schalter-fuer-Unternehmen-weiter-aus_Organisator-16x6.jpg 16w, https:\/\/www.organisator.ch\/wp-content\/uploads\/2019\/07\/Seco-baut-den-Online-Schalter-fuer-Unternehmen-weiter-aus_Organisator-375x142.jpg 375w, https:\/\/www.organisator.ch\/wp-content\/uploads\/2019\/07\/Seco-baut-den-Online-Schalter-fuer-Unternehmen-weiter-aus_Organisator-300x114.jpg 300w\" sizes=\"auto, (max-width: 680px) 100vw, 680px\" \/><figcaption id=\"caption-attachment-5534\" class=\"wp-caption-text\">Le guichet en ligne easyGov.swiss propose de nouvelles prestations depuis d\u00e9but juillet 2019. (Image : SECO)<\/figcaption><\/figure>\n<p>Depuis d\u00e9but juillet, easyGov.swiss, le guichet en ligne pour les entreprises du SECO, dispose de fonctions suppl\u00e9mentaires. D\u00e9sormais, tant les entreprises que les particuliers b\u00e9n\u00e9ficient sur la plateforme d'une assistance pour l'\u00e9tablissement de r\u00e9quisitions de poursuite et de demandes de renseignements sur les poursuites. L'office des poursuites comp\u00e9tent est alors automatiquement d\u00e9termin\u00e9. Les personnes disposant d'une signature qualifi\u00e9e peuvent effectuer enti\u00e8rement en ligne le d\u00e9p\u00f4t de ces demandes aupr\u00e8s des quelque 400 offices des poursuites de Suisse. Dans le cas contraire, le formulaire doit \u00eatre imprim\u00e9, sign\u00e9 et envoy\u00e9 par la poste \u00e0 l'office des poursuites comp\u00e9tent.<\/p>\n<p>Le guichet en ligne sera \u00e9galement compl\u00e9t\u00e9 par une rubrique \"Aide au financement\". Il y est propos\u00e9 de prendre contact avec les organisations de cautionnement reconnues par la Conf\u00e9d\u00e9ration. Celles-ci facilitent l'obtention de cr\u00e9dits bancaires pour les PME performantes et en d\u00e9veloppement. La loi f\u00e9d\u00e9rale r\u00e9vis\u00e9e sur le cautionnement est entr\u00e9e en vigueur le 1er juillet 2019. Gr\u00e2ce \u00e0 cette modification, il est d\u00e9sormais possible d'accorder aux PME des cautionnements d'un montant allant jusqu'\u00e0 1 million de francs.<\/p>\n<p>Cette offre de prestations repr\u00e9sente une nouvelle extension des fonctionnalit\u00e9s d'easyGov.swiss. Jusqu'\u00e0 pr\u00e9sent, cette plateforme permettait d\u00e9j\u00e0 de cr\u00e9er des entreprises, de s'inscrire au registre du commerce, \u00e0 la TVA, \u00e0 l'assurance-accidents et \u00e0 la caisse de compensation AVS. Les mutations au registre du commerce, telles que les transferts de si\u00e8ge intercantonaux avec acte authentique, les mutations de personnel ou les modifications de statuts font \u00e9galement partie des fonctions du guichet en ligne. D'autres offres \u00e9lectroniques des autorit\u00e9s seront progressivement int\u00e9gr\u00e9es \u00e0 EasyGov.swiss et le portail sera optimis\u00e9 en permanence.<\/p>\n<p><a href=\"https:\/\/www.easygov.swiss\"><em>www.easygov.swiss<\/em><\/a><\/p>","protected":false},"excerpt":{"rendered":"<p>Seit Anfang Juli verf\u00fcgt easyGov.swiss, der Online-Schalter f\u00fcr Unternehmen des SECO, \u00fcber zus\u00e4tzliche Funktionen. Neu erhalten sowohl Unternehmen als auch Privatpersonen auf der Plattform Unterst\u00fctzung beim Erstellen von Betreibungsbegehren und Betreibungsauskunftsbegehren. Dabei wird automatisch das zust\u00e4ndige Betreibungsamt ermittelt. Wer \u00fcber eine qualifizierte Signatur verf\u00fcgt, kann die Einreichung dieser Begehren bei den rund 400 Betreibungs\u00e4mtern in [&hellip;]<\/p>\n","protected":false},"author":4,"featured_media":5534,"comment_status":"open","ping_status":"open","sticky":false,"template":"","format":"standard","meta":{"_acf_changed":false,"_yoast_wpseo_focuskw":"Online-Schalter","_yoast_wpseo_metadesc":"Der Online-Schalter des SECO easyGov.swiss unterst\u00fctzt KMU neu auch beim Erstellen von Eingaben an Betreibungs\u00e4mter.","articlekey":"","footnotes":""},"categories":[28],"tags":[202,334,393],"class_list":["post-5533","post","type-post","status-publish","format-standard","has-post-thumbnail","hentry","category-management","tag-finanzenrecht","tag-management","tag-produkte"],"acf":[],"yoast_head":"<!-- This site is optimized with the Yoast SEO plugin v27.5 - https:\/\/yoast.com\/product\/yoast-seo-wordpress\/ -->\n<title>SECO baut den Online-Schalter f\u00fcr Unternehmen weiter aus - Organisator<\/title>\n<meta name=\"description\" content=\"Der Online-Schalter des SECO easyGov.swiss unterst\u00fctzt KMU neu auch beim Erstellen von Eingaben an Betreibungs\u00e4mter.\" \/>\n<meta name=\"robots\" content=\"index, follow, max-snippet:-1, max-image-preview:large, max-video-preview:-1\" \/>\n<link rel=\"canonical\" href=\"https:\/\/www.organisator.ch\/fr\/gestion-2\/2019-07-11\/seco-baut-den-online-schalter-fuer-unternehmen-weiter-aus\/\" \/>\n<meta property=\"og:locale\" content=\"fr_FR\" \/>\n<meta property=\"og:type\" content=\"article\" \/>\n<meta property=\"og:title\" content=\"SECO baut den Online-Schalter f\u00fcr Unternehmen weiter aus\" \/>\n<meta property=\"og:description\" content=\"Der Online-Schalter des SECO easyGov.swiss unterst\u00fctzt KMU neu auch beim Erstellen von Eingaben an Betreibungs\u00e4mter.\" \/>\n<meta property=\"og:url\" content=\"https:\/\/www.organisator.ch\/fr\/gestion-2\/2019-07-11\/seco-baut-den-online-schalter-fuer-unternehmen-weiter-aus\/\" \/>\n<meta property=\"og:site_name\" content=\"Organisator\" \/>\n<meta property=\"article:publisher\" content=\"https:\/\/www.facebook.com\/OrganisatorFachmagazin\" \/>\n<meta property=\"article:published_time\" content=\"2019-07-11T09:18:43+00:00\" \/>\n<meta property=\"og:image\" content=\"https:\/\/www.organisator.ch\/wp-content\/uploads\/2019\/07\/Seco-baut-den-Online-Schalter-fuer-Unternehmen-weiter-aus_Organisator.jpg\" \/>\n\t<meta property=\"og:image:width\" content=\"680\" \/>\n\t<meta property=\"og:image:height\" content=\"258\" \/>\n\t<meta property=\"og:image:type\" content=\"image\/jpeg\" \/>\n<meta name=\"author\" content=\"thomas.berner\" \/>\n<meta name=\"twitter:card\" content=\"summary_large_image\" \/>\n<meta name=\"twitter:title\" content=\"#SECO baut den #Online-Schalter f\u00fcr Unternehmen weiter aus\" \/>\n<meta name=\"twitter:description\" content=\"Der #Online-Schalter des #SECO #easyGov.swiss unterst\u00fctzt KMU neu auch beim Erstellen von Eingaben an Betreibungs\u00e4mter.\" \/>\n<meta name=\"twitter:image\" content=\"https:\/\/www.organisator.ch\/wp-content\/uploads\/2019\/07\/Seco-baut-den-Online-Schalter-f\u00fcr-Unternehmen-weiter-aus_Organisator.jpg\" \/>\n<script type=\"application\/ld+json\" class=\"yoast-schema-graph\">{\"@context\":\"https:\\\/\\\/schema.org\",\"@graph\":[{\"@type\":\"Article\",\"@id\":\"https:\\\/\\\/www.organisator.ch\\\/management\\\/2019-07-11\\\/seco-baut-den-online-schalter-fuer-unternehmen-weiter-aus\\\/#article\",\"isPartOf\":{\"@id\":\"https:\\\/\\\/www.organisator.ch\\\/management\\\/2019-07-11\\\/seco-baut-den-online-schalter-fuer-unternehmen-weiter-aus\\\/\"},\"author\":{\"name\":\"thomas.berner\",\"@id\":\"https:\\\/\\\/www.organisator.ch\\\/#\\\/schema\\\/person\\\/6f650f90b2842cd4c0cc334b4e36f67e\"},\"headline\":\"SECO baut den Online-Schalter f\u00fcr Unternehmen weiter aus\",\"datePublished\":\"2019-07-11T09:18:43+00:00\",\"mainEntityOfPage\":{\"@id\":\"https:\\\/\\\/www.organisator.ch\\\/management\\\/2019-07-11\\\/seco-baut-den-online-schalter-fuer-unternehmen-weiter-aus\\\/\"},\"wordCount\":255,\"commentCount\":0,\"publisher\":{\"@id\":\"https:\\\/\\\/www.organisator.ch\\\/#organization\"},\"image\":{\"@id\":\"https:\\\/\\\/www.organisator.ch\\\/management\\\/2019-07-11\\\/seco-baut-den-online-schalter-fuer-unternehmen-weiter-aus\\\/#primaryimage\"},\"thumbnailUrl\":\"https:\\\/\\\/www.organisator.ch\\\/wp-content\\\/uploads\\\/2019\\\/07\\\/Seco-baut-den-Online-Schalter-fuer-Unternehmen-weiter-aus_Organisator.jpg\",\"keywords\":[\"Finanzen\\\/Recht\",\"Management\",\"Produkte\"],\"articleSection\":[\"MANAGEMENT\"],\"inLanguage\":\"fr-FR\"},{\"@type\":\"WebPage\",\"@id\":\"https:\\\/\\\/www.organisator.ch\\\/management\\\/2019-07-11\\\/seco-baut-den-online-schalter-fuer-unternehmen-weiter-aus\\\/\",\"url\":\"https:\\\/\\\/www.organisator.ch\\\/management\\\/2019-07-11\\\/seco-baut-den-online-schalter-fuer-unternehmen-weiter-aus\\\/\",\"name\":\"SECO baut den Online-Schalter f\u00fcr Unternehmen weiter aus - Organisator\",\"isPartOf\":{\"@id\":\"https:\\\/\\\/www.organisator.ch\\\/#website\"},\"primaryImageOfPage\":{\"@id\":\"https:\\\/\\\/www.organisator.ch\\\/management\\\/2019-07-11\\\/seco-baut-den-online-schalter-fuer-unternehmen-weiter-aus\\\/#primaryimage\"},\"image\":{\"@id\":\"https:\\\/\\\/www.organisator.ch\\\/management\\\/2019-07-11\\\/seco-baut-den-online-schalter-fuer-unternehmen-weiter-aus\\\/#primaryimage\"},\"thumbnailUrl\":\"https:\\\/\\\/www.organisator.ch\\\/wp-content\\\/uploads\\\/2019\\\/07\\\/Seco-baut-den-Online-Schalter-fuer-Unternehmen-weiter-aus_Organisator.jpg\",\"datePublished\":\"2019-07-11T09:18:43+00:00\",\"description\":\"Der Online-Schalter des SECO easyGov.swiss unterst\u00fctzt KMU neu auch beim Erstellen von Eingaben an Betreibungs\u00e4mter.\",\"breadcrumb\":{\"@id\":\"https:\\\/\\\/www.organisator.ch\\\/management\\\/2019-07-11\\\/seco-baut-den-online-schalter-fuer-unternehmen-weiter-aus\\\/#breadcrumb\"},\"inLanguage\":\"fr-FR\",\"potentialAction\":[{\"@type\":\"ReadAction\",\"target\":[\"https:\\\/\\\/www.organisator.ch\\\/management\\\/2019-07-11\\\/seco-baut-den-online-schalter-fuer-unternehmen-weiter-aus\\\/\"]}]},{\"@type\":\"ImageObject\",\"inLanguage\":\"fr-FR\",\"@id\":\"https:\\\/\\\/www.organisator.ch\\\/management\\\/2019-07-11\\\/seco-baut-den-online-schalter-fuer-unternehmen-weiter-aus\\\/#primaryimage\",\"url\":\"https:\\\/\\\/www.organisator.ch\\\/wp-content\\\/uploads\\\/2019\\\/07\\\/Seco-baut-den-Online-Schalter-fuer-Unternehmen-weiter-aus_Organisator.jpg\",\"contentUrl\":\"https:\\\/\\\/www.organisator.ch\\\/wp-content\\\/uploads\\\/2019\\\/07\\\/Seco-baut-den-Online-Schalter-fuer-Unternehmen-weiter-aus_Organisator.jpg\",\"width\":680,\"height\":258,\"caption\":\"Der Online-Schalter easygov.swiss bietet seit Anfang Juli 2019 neue Leistungen an. (Bild: Seco)\"},{\"@type\":\"BreadcrumbList\",\"@id\":\"https:\\\/\\\/www.organisator.ch\\\/management\\\/2019-07-11\\\/seco-baut-den-online-schalter-fuer-unternehmen-weiter-aus\\\/#breadcrumb\",\"itemListElement\":[{\"@type\":\"ListItem\",\"position\":1,\"name\":\"Home\",\"item\":\"https:\\\/\\\/www.organisator.ch\\\/\"},{\"@type\":\"ListItem\",\"position\":2,\"name\":\"SECO baut den Online-Schalter f\u00fcr Unternehmen weiter aus\"}]},{\"@type\":\"WebSite\",\"@id\":\"https:\\\/\\\/www.organisator.ch\\\/#website\",\"url\":\"https:\\\/\\\/www.organisator.ch\\\/\",\"name\":\"Organisator\",\"description\":\"Kompetent. Praxisnah. Der ORGANISATOR bereitet in 10 Ausgaben pro Jahr die wesentlichen Themen f\u00fcr F\u00fchrungskr\u00e4fte von KMU auf.\",\"publisher\":{\"@id\":\"https:\\\/\\\/www.organisator.ch\\\/#organization\"},\"potentialAction\":[{\"@type\":\"SearchAction\",\"target\":{\"@type\":\"EntryPoint\",\"urlTemplate\":\"https:\\\/\\\/www.organisator.ch\\\/?s={search_term_string}\"},\"query-input\":{\"@type\":\"PropertyValueSpecification\",\"valueRequired\":true,\"valueName\":\"search_term_string\"}}],\"inLanguage\":\"fr-FR\"},{\"@type\":\"Organization\",\"@id\":\"https:\\\/\\\/www.organisator.ch\\\/#organization\",\"name\":\"Organisator\",\"url\":\"https:\\\/\\\/www.organisator.ch\\\/\",\"logo\":{\"@type\":\"ImageObject\",\"inLanguage\":\"fr-FR\",\"@id\":\"https:\\\/\\\/www.organisator.ch\\\/#\\\/schema\\\/logo\\\/image\\\/\",\"url\":\"https:\\\/\\\/www.organisator.ch\\\/wp-content\\\/uploads\\\/2022\\\/01\\\/Logo_Organisator_Website.png\",\"contentUrl\":\"https:\\\/\\\/www.organisator.ch\\\/wp-content\\\/uploads\\\/2022\\\/01\\\/Logo_Organisator_Website.png\",\"width\":800,\"height\":77,\"caption\":\"Organisator\"},\"image\":{\"@id\":\"https:\\\/\\\/www.organisator.ch\\\/#\\\/schema\\\/logo\\\/image\\\/\"},\"sameAs\":[\"https:\\\/\\\/www.facebook.com\\\/OrganisatorFachmagazin\",\"https:\\\/\\\/www.linkedin.com\\\/showcase\\\/organisator-das-magazin-fr-kmu\",\"https:\\\/\\\/www.xing.com\\\/news\\\/pages\\\/organisator-ch-695\",\"https:\\\/\\\/www.youtube.com\\\/channel\\\/UCGP2Sq0iWaZwT3BdIAQFYpw\"]},{\"@type\":\"Person\",\"@id\":\"https:\\\/\\\/www.organisator.ch\\\/#\\\/schema\\\/person\\\/6f650f90b2842cd4c0cc334b4e36f67e\",\"name\":\"thomas.berner\",\"image\":{\"@type\":\"ImageObject\",\"inLanguage\":\"fr-FR\",\"@id\":\"https:\\\/\\\/secure.gravatar.com\\\/avatar\\\/ac5001d2a36cb6c6cd3e50789007ffca834b477b74a2144564522e944eabff61?s=96&d=mm&r=g\",\"url\":\"https:\\\/\\\/secure.gravatar.com\\\/avatar\\\/ac5001d2a36cb6c6cd3e50789007ffca834b477b74a2144564522e944eabff61?s=96&d=mm&r=g\",\"contentUrl\":\"https:\\\/\\\/secure.gravatar.com\\\/avatar\\\/ac5001d2a36cb6c6cd3e50789007ffca834b477b74a2144564522e944eabff61?s=96&d=mm&r=g\",\"caption\":\"thomas.berner\"},\"url\":\"https:\\\/\\\/www.organisator.ch\\\/fr\\\/author\\\/thomas-berner\\\/\"}]}<\/script>\n<!-- \/ Yoast SEO plugin. -->","yoast_head_json":{"title":"Le SECO continue de d\u00e9velopper le guichet en ligne pour les entreprises - Organisateur","description":"Le guichet en ligne du SECO easyGov.swiss aide d\u00e9sormais aussi les PME \u00e0 r\u00e9diger leurs demandes aux offices des poursuites.","robots":{"index":"index","follow":"follow","max-snippet":"max-snippet:-1","max-image-preview":"max-image-preview:large","max-video-preview":"max-video-preview:-1"},"canonical":"https:\/\/www.organisator.ch\/fr\/gestion-2\/2019-07-11\/seco-baut-den-online-schalter-fuer-unternehmen-weiter-aus\/","og_locale":"fr_FR","og_type":"article","og_title":"SECO baut den Online-Schalter f\u00fcr Unternehmen weiter aus","og_description":"Der Online-Schalter des SECO easyGov.swiss unterst\u00fctzt KMU neu auch beim Erstellen von Eingaben an Betreibungs\u00e4mter.","og_url":"https:\/\/www.organisator.ch\/fr\/gestion-2\/2019-07-11\/seco-baut-den-online-schalter-fuer-unternehmen-weiter-aus\/","og_site_name":"Organisator","article_publisher":"https:\/\/www.facebook.com\/OrganisatorFachmagazin","article_published_time":"2019-07-11T09:18:43+00:00","og_image":[{"width":680,"height":258,"url":"https:\/\/www.organisator.ch\/wp-content\/uploads\/2019\/07\/Seco-baut-den-Online-Schalter-fuer-Unternehmen-weiter-aus_Organisator.jpg","type":"image\/jpeg"}],"author":"thomas.berner","twitter_card":"summary_large_image","twitter_title":"#SECO baut den #Online-Schalter f\u00fcr Unternehmen weiter aus","twitter_description":"Der #Online-Schalter des #SECO #easyGov.swiss unterst\u00fctzt KMU neu auch beim Erstellen von Eingaben an Betreibungs\u00e4mter.","twitter_image":"https:\/\/www.organisator.ch\/wp-content\/uploads\/2019\/07\/Seco-baut-den-Online-Schalter-f\u00fcr-Unternehmen-weiter-aus_Organisator.jpg","schema":{"@context":"https:\/\/schema.org","@graph":[{"@type":"Article","@id":"https:\/\/www.organisator.ch\/management\/2019-07-11\/seco-baut-den-online-schalter-fuer-unternehmen-weiter-aus\/#article","isPartOf":{"@id":"https:\/\/www.organisator.ch\/management\/2019-07-11\/seco-baut-den-online-schalter-fuer-unternehmen-weiter-aus\/"},"author":{"name":"thomas.berner","@id":"https:\/\/www.organisator.ch\/#\/schema\/person\/6f650f90b2842cd4c0cc334b4e36f67e"},"headline":"SECO baut den Online-Schalter f\u00fcr Unternehmen weiter aus","datePublished":"2019-07-11T09:18:43+00:00","mainEntityOfPage":{"@id":"https:\/\/www.organisator.ch\/management\/2019-07-11\/seco-baut-den-online-schalter-fuer-unternehmen-weiter-aus\/"},"wordCount":255,"commentCount":0,"publisher":{"@id":"https:\/\/www.organisator.ch\/#organization"},"image":{"@id":"https:\/\/www.organisator.ch\/management\/2019-07-11\/seco-baut-den-online-schalter-fuer-unternehmen-weiter-aus\/#primaryimage"},"thumbnailUrl":"https:\/\/www.organisator.ch\/wp-content\/uploads\/2019\/07\/Seco-baut-den-Online-Schalter-fuer-Unternehmen-weiter-aus_Organisator.jpg","keywords":["Finanzen\/Recht","Management","Produkte"],"articleSection":["MANAGEMENT"],"inLanguage":"fr-FR"},{"@type":"WebPage","@id":"https:\/\/www.organisator.ch\/management\/2019-07-11\/seco-baut-den-online-schalter-fuer-unternehmen-weiter-aus\/","url":"https:\/\/www.organisator.ch\/management\/2019-07-11\/seco-baut-den-online-schalter-fuer-unternehmen-weiter-aus\/","name":"Le SECO continue de d\u00e9velopper le guichet en ligne pour les entreprises - Organisateur","isPartOf":{"@id":"https:\/\/www.organisator.ch\/#website"},"primaryImageOfPage":{"@id":"https:\/\/www.organisator.ch\/management\/2019-07-11\/seco-baut-den-online-schalter-fuer-unternehmen-weiter-aus\/#primaryimage"},"image":{"@id":"https:\/\/www.organisator.ch\/management\/2019-07-11\/seco-baut-den-online-schalter-fuer-unternehmen-weiter-aus\/#primaryimage"},"thumbnailUrl":"https:\/\/www.organisator.ch\/wp-content\/uploads\/2019\/07\/Seco-baut-den-Online-Schalter-fuer-Unternehmen-weiter-aus_Organisator.jpg","datePublished":"2019-07-11T09:18:43+00:00","description":"Le guichet en ligne du SECO easyGov.swiss aide d\u00e9sormais aussi les PME \u00e0 r\u00e9diger leurs demandes aux offices des poursuites.","breadcrumb":{"@id":"https:\/\/www.organisator.ch\/management\/2019-07-11\/seco-baut-den-online-schalter-fuer-unternehmen-weiter-aus\/#breadcrumb"},"inLanguage":"fr-FR","potentialAction":[{"@type":"ReadAction","target":["https:\/\/www.organisator.ch\/management\/2019-07-11\/seco-baut-den-online-schalter-fuer-unternehmen-weiter-aus\/"]}]},{"@type":"ImageObject","inLanguage":"fr-FR","@id":"https:\/\/www.organisator.ch\/management\/2019-07-11\/seco-baut-den-online-schalter-fuer-unternehmen-weiter-aus\/#primaryimage","url":"https:\/\/www.organisator.ch\/wp-content\/uploads\/2019\/07\/Seco-baut-den-Online-Schalter-fuer-Unternehmen-weiter-aus_Organisator.jpg","contentUrl":"https:\/\/www.organisator.ch\/wp-content\/uploads\/2019\/07\/Seco-baut-den-Online-Schalter-fuer-Unternehmen-weiter-aus_Organisator.jpg","width":680,"height":258,"caption":"Der Online-Schalter easygov.swiss bietet seit Anfang Juli 2019 neue Leistungen an. (Bild: Seco)"},{"@type":"BreadcrumbList","@id":"https:\/\/www.organisator.ch\/management\/2019-07-11\/seco-baut-den-online-schalter-fuer-unternehmen-weiter-aus\/#breadcrumb","itemListElement":[{"@type":"ListItem","position":1,"name":"Home","item":"https:\/\/www.organisator.ch\/"},{"@type":"ListItem","position":2,"name":"SECO baut den Online-Schalter f\u00fcr Unternehmen weiter aus"}]},{"@type":"WebSite","@id":"https:\/\/www.organisator.ch\/#website","url":"https:\/\/www.organisator.ch\/","name":"Organisateur","description":"Comp\u00e9tence et comp\u00e9tence. Proches de la pratique. L'ORGANISATEUR pr\u00e9pare 10 num\u00e9ros par an sur les th\u00e8mes essentiels pour les dirigeants de PME.","publisher":{"@id":"https:\/\/www.organisator.ch\/#organization"},"potentialAction":[{"@type":"SearchAction","target":{"@type":"EntryPoint","urlTemplate":"https:\/\/www.organisator.ch\/?s={search_term_string}"},"query-input":{"@type":"PropertyValueSpecification","valueRequired":true,"valueName":"search_term_string"}}],"inLanguage":"fr-FR"},{"@type":"Organization","@id":"https:\/\/www.organisator.ch\/#organization","name":"Organisateur","url":"https:\/\/www.organisator.ch\/","logo":{"@type":"ImageObject","inLanguage":"fr-FR","@id":"https:\/\/www.organisator.ch\/#\/schema\/logo\/image\/","url":"https:\/\/www.organisator.ch\/wp-content\/uploads\/2022\/01\/Logo_Organisator_Website.png","contentUrl":"https:\/\/www.organisator.ch\/wp-content\/uploads\/2022\/01\/Logo_Organisator_Website.png","width":800,"height":77,"caption":"Organisator"},"image":{"@id":"https:\/\/www.organisator.ch\/#\/schema\/logo\/image\/"},"sameAs":["https:\/\/www.facebook.com\/OrganisatorFachmagazin","https:\/\/www.linkedin.com\/showcase\/organisator-das-magazin-fr-kmu","https:\/\/www.xing.com\/news\/pages\/organisator-ch-695","https:\/\/www.youtube.com\/channel\/UCGP2Sq0iWaZwT3BdIAQFYpw"]},{"@type":"Person","@id":"https:\/\/www.organisator.ch\/#\/schema\/person\/6f650f90b2842cd4c0cc334b4e36f67e","name":"thomas.berner","image":{"@type":"ImageObject","inLanguage":"fr-FR","@id":"https:\/\/secure.gravatar.com\/avatar\/ac5001d2a36cb6c6cd3e50789007ffca834b477b74a2144564522e944eabff61?s=96&d=mm&r=g","url":"https:\/\/secure.gravatar.com\/avatar\/ac5001d2a36cb6c6cd3e50789007ffca834b477b74a2144564522e944eabff61?s=96&d=mm&r=g","contentUrl":"https:\/\/secure.gravatar.com\/avatar\/ac5001d2a36cb6c6cd3e50789007ffca834b477b74a2144564522e944eabff61?s=96&d=mm&r=g","caption":"thomas.berner"},"url":"https:\/\/www.organisator.ch\/fr\/author\/thomas-berner\/"}]}},"_links":{"self":[{"href":"https:\/\/www.organisator.ch\/fr\/wp-json\/wp\/v2\/posts\/5533","targetHints":{"allow":["GET"]}}],"collection":[{"href":"https:\/\/www.organisator.ch\/fr\/wp-json\/wp\/v2\/posts"}],"about":[{"href":"https:\/\/www.organisator.ch\/fr\/wp-json\/wp\/v2\/types\/post"}],"author":[{"embeddable":true,"href":"https:\/\/www.organisator.ch\/fr\/wp-json\/wp\/v2\/users\/4"}],"replies":[{"embeddable":true,"href":"https:\/\/www.organisator.ch\/fr\/wp-json\/wp\/v2\/comments?post=5533"}],"version-history":[{"count":0,"href":"https:\/\/www.organisator.ch\/fr\/wp-json\/wp\/v2\/posts\/5533\/revisions"}],"wp:featuredmedia":[{"embeddable":true,"href":"https:\/\/www.organisator.ch\/fr\/wp-json\/wp\/v2\/media\/5534"}],"wp:attachment":[{"href":"https:\/\/www.organisator.ch\/fr\/wp-json\/wp\/v2\/media?parent=5533"}],"wp:term":[{"taxonomy":"category","embeddable":true,"href":"https:\/\/www.organisator.ch\/fr\/wp-json\/wp\/v2\/categories?post=5533"},{"taxonomy":"post_tag","embeddable":true,"href":"https:\/\/www.organisator.ch\/fr\/wp-json\/wp\/v2\/tags?post=5533"}],"curies":[{"name":"wp","href":"https:\/\/api.w.org\/{rel}","templated":true}]}}