{"id":5539,"date":"2019-07-11T16:06:32","date_gmt":"2019-07-11T14:06:32","guid":{"rendered":"https:\/\/www.organisator.ch\/?p=5539"},"modified":"2019-07-11T16:06:32","modified_gmt":"2019-07-11T14:06:32","slug":"abwaertstrend-gestoppt-exportstimmung-wieder-im-aufwind","status":"publish","type":"post","link":"https:\/\/www.organisator.ch\/fr\/management\/2019-07-11\/abwaertstrend-gestoppt-exportstimmung-wieder-im-aufwind\/","title":{"rendered":"Tendance \u00e0 la baisse stopp\u00e9e - le climat d'exportation \u00e0 nouveau en hausse"},"content":{"rendered":"<figure id=\"attachment_5540\" aria-describedby=\"caption-attachment-5540\" style=\"width: 680px\" class=\"wp-caption alignnone\"><img loading=\"lazy\" decoding=\"async\" class=\"size-medium wp-image-5540\" src=\"https:\/\/www.organisator.ch\/wp-content\/uploads\/2019\/07\/Abwaertstrend-gestoppt-Exportstimmung-wieder-im-Aufwind_Organisator.jpg\" alt=\"\" width=\"680\" height=\"381\" srcset=\"https:\/\/www.organisator.ch\/wp-content\/uploads\/2019\/07\/Abwaertstrend-gestoppt-Exportstimmung-wieder-im-Aufwind_Organisator.jpg 680w, https:\/\/www.organisator.ch\/wp-content\/uploads\/2019\/07\/Abwaertstrend-gestoppt-Exportstimmung-wieder-im-Aufwind_Organisator-16x9.jpg 16w, https:\/\/www.organisator.ch\/wp-content\/uploads\/2019\/07\/Abwaertstrend-gestoppt-Exportstimmung-wieder-im-Aufwind_Organisator-312x175.jpg 312w, https:\/\/www.organisator.ch\/wp-content\/uploads\/2019\/07\/Abwaertstrend-gestoppt-Exportstimmung-wieder-im-Aufwind_Organisator-625x350.jpg 625w, https:\/\/www.organisator.ch\/wp-content\/uploads\/2019\/07\/Abwaertstrend-gestoppt-Exportstimmung-wieder-im-Aufwind_Organisator-300x168.jpg 300w\" sizes=\"auto, (max-width: 680px) 100vw, 680px\" \/><figcaption id=\"caption-attachment-5540\" class=\"wp-caption-text\">La tendance \u00e0 la baisse semble \u00eatre stopp\u00e9e, le moral des entreprises suisses \u00e0 l'exportation s'am\u00e9liore. (Image : Switzerland Global Enterprise)<\/figcaption><\/figure>\n<p>Apr\u00e8s une l\u00e9g\u00e8re tendance \u00e0 la baisse au cours des mois pr\u00e9c\u00e9dents, le climat d'exportation est de nouveau positif. Selon les indicateurs du Credit Suisse et de S-GE, la demande de biens d'exportation suisses devrait continuer \u00e0 augmenter globalement, m\u00eame si ce n'est pas dans la m\u00eame mesure ni au m\u00eame rythme que l'ann\u00e9e pr\u00e9c\u00e9dente. La moiti\u00e9 des PME suisses interrog\u00e9es par S-GE s'attendent \u00e0 une augmentation des exportations pour le trimestre \u00e0 venir. Alors que 35% s'attendent \u00e0 une augmentation des exportations de 1 \u00e0 10%, 11% pr\u00e9voient une augmentation de 10 \u00e0 25%. 3% esp\u00e8rent m\u00eame une augmentation de 25% ou plus. 39% des PME s'attendent \u00e0 une stagnation de leur volume d'exportation, 12% \u00e0 une baisse.<\/p>\n<h2>Les entreprises d\u00e9veloppent des comp\u00e9tences \u00e0 l'export<\/h2>\n<p><span style=\"display: inline !important; float: none; background-color: transparent; color: #333333; cursor: text; font-family: Georgia,'Times New Roman','Bitstream Charter',Times,serif; font-size: 16px; font-style: normal; font-variant: normal; font-weight: 400; letter-spacing: normal; orphans: 2; text-align: left; text-decoration: none; text-indent: 0px; text-transform: none; -webkit-text-stroke-width: 0px; white-space: normal; word-spacing: 0px;\">Claude Maurer, \u00e9conomiste au Credit Suisse, explique : \"En Europe, la situation de la demande de biens et de services suisses s'est au moins stabilis\u00e9e, alors qu'elle s'est quelque peu assombrie aux Etats-Unis. Cela explique pourquoi le barom\u00e8tre des exportations du Credit Suisse se situe juste au-dessus du seuil de croissance\". <\/span><span style=\"display: inline !important; float: none; background-color: transparent; color: #333333; cursor: text; font-family: Georgia,'Times New Roman','Bitstream Charter',Times,serif; font-size: 16px; font-style: normal; font-variant: normal; font-weight: 400; letter-spacing: normal; orphans: 2; text-align: left; text-decoration: none; text-indent: 0px; text-transform: none; -webkit-text-stroke-width: 0px; white-space: normal; word-spacing: 0px;\">Alberto Silini, responsable du conseil chez Switzerland Global Enterprise (S-GE), constate que <\/span><span style=\"display: inline !important; float: none; background-color: transparent; color: #333333; cursor: text; font-family: Georgia,'Times New Roman','Bitstream Charter',Times,serif; font-size: 16px; font-style: normal; font-variant: normal; font-weight: 400; letter-spacing: normal; orphans: 2; text-align: left; text-decoration: none; text-indent: 0px; text-transform: none; -webkit-text-stroke-width: 0px; white-space: normal; word-spacing: 0px;\">\"Le regain d'optimisme \u00e0 l'\u00e9gard des exportations refl\u00e8te la confiance des PME suisses, mais les d\u00e9fis du commerce international demeurent. Ce n'est donc pas un hasard si les entreprises d\u00e9veloppent des comp\u00e9tences pour relever les d\u00e9fis de l'exportation. S-GE soutient les entreprises dans ce processus avec son savoir-faire, un r\u00e9seau mondial et des outils num\u00e9riques utiles\". <\/span><\/p>\n<h2>L'Allemagne, premier march\u00e9 d'exportation<\/h2>\n<p>Le march\u00e9 d'exportation de loin le plus important est et reste l'Allemagne. <span style=\"display: inline !important; float: none; background-color: transparent; color: #333333; cursor: text; font-family: Georgia,'Times New Roman','Bitstream Charter',Times,serif; font-size: 16px; font-style: normal; font-variant: normal; font-weight: 400; letter-spacing: normal; orphans: 2; text-align: left; text-decoration: none; text-indent: 0px; text-transform: none; -webkit-text-stroke-width: 0px; white-space: normal; word-spacing: 0px;\">Le voisin du nord de l'Allemagne est en t\u00eate avec 58%, suivi par les Etats-Unis avec 20% et la Chine avec 16%. 11% des PME interrog\u00e9es ont indiqu\u00e9 la France comme principale destination de leurs exportations et 10% l'Autriche.<\/span><\/p>\n<p>83% des PME interrog\u00e9es souhaitent exporter des biens ou des services vers l'Allemagne au cours des six prochains mois. La France et l'Autriche suivent avec 61% de citations, les Etats-Unis arrivent en quatri\u00e8me position avec 56%. Les PME souhaitent exporter vers l'Italie et la Chine \u00e0 raison de 52% chacune, et vers les Pays-Bas \u00e0 raison de 43%. L'Espagne arrive en huiti\u00e8me position avec 421 TP2T. Parmi les PME interrog\u00e9es, 15% ont indiqu\u00e9 vouloir se lancer en Russie au cours du prochain semestre. Les pays du Golfe suivent avec 13%, 11% visent la Scandinavie et le Japon, et 9% ont cit\u00e9 les \u00c9tats-Unis, la France, l'Espagne, l'Inde et la Chine comme nouvelle destination.<\/p>\n<p><em>Source : <a href=\"http:\/\/www.s-ge.com\">Switzerland Global Enterprise<\/a><\/em><\/p>","protected":false},"excerpt":{"rendered":"<p>Nach dem leichten Abw\u00e4rtstrend in den Vormonaten kehrt die Exportstimmung wieder ins Positive zur\u00fcck. Gem\u00e4ss den Indikatoren der Credit Suisse und S-GE d\u00fcrfte die Nachfrage nach Schweizer Exportg\u00fctern global weiter steigen, wenn auch nicht mehr in dem Ausmass und Tempo wie dies im Vorjahr der Fall war. Die H\u00e4lfte der Schweizer KMU, die von S-GE [&hellip;]<\/p>\n","protected":false},"author":4,"featured_media":5540,"comment_status":"open","ping_status":"open","sticky":false,"template":"","format":"standard","meta":{"_acf_changed":false,"_yoast_wpseo_focuskw":"Abw\u00e4rtstrend","_yoast_wpseo_metadesc":"Gem\u00e4ss der aktuellen Umfrage von Switzerland Global Enterprise (S-GE) zur Exportstimmung erwarten 49% aller KMU steigende Exporte f\u00fcr das 3. Quartal 2019.","articlekey":"","footnotes":""},"categories":[28],"tags":[63,189,335,452],"class_list":["post-5539","post","type-post","status-publish","format-standard","has-post-thumbnail","hentry","category-management","tag-aussenwirtschaft","tag-export","tag-management-und-unternehmensfuehrung","tag-statistik"],"acf":[],"yoast_head":"<!-- This site is optimized with the Yoast SEO plugin v27.4 - https:\/\/yoast.com\/product\/yoast-seo-wordpress\/ -->\n<title>Abw\u00e4rtstrend gestoppt - Exportstimmung wieder im Aufwind - Organisator<\/title>\n<meta name=\"description\" content=\"Gem\u00e4ss der aktuellen Umfrage von Switzerland Global Enterprise (S-GE) zur Exportstimmung erwarten 49% aller KMU steigende Exporte f\u00fcr das 3. Quartal 2019.\" \/>\n<meta name=\"robots\" content=\"index, follow, max-snippet:-1, max-image-preview:large, max-video-preview:-1\" \/>\n<link rel=\"canonical\" href=\"https:\/\/www.organisator.ch\/fr\/gestion-2\/2019-07-11\/abwaertstrend-gestoppt-exportstimmung-wieder-im-aufwind\/\" \/>\n<meta property=\"og:locale\" content=\"fr_FR\" \/>\n<meta property=\"og:type\" content=\"article\" \/>\n<meta property=\"og:title\" content=\"Abw\u00e4rtstrend gestoppt - Exportstimmung wieder im Aufwind\" \/>\n<meta property=\"og:description\" content=\"Gem\u00e4ss der aktuellen Umfrage von Switzerland Global Enterprise (S-GE) zur Exportstimmung erwarten 49% aller KMU steigende Exporte f\u00fcr das 3. Quartal 2019.\" \/>\n<meta property=\"og:url\" content=\"https:\/\/www.organisator.ch\/fr\/gestion-2\/2019-07-11\/abwaertstrend-gestoppt-exportstimmung-wieder-im-aufwind\/\" \/>\n<meta property=\"og:site_name\" content=\"Organisator\" \/>\n<meta property=\"article:publisher\" content=\"https:\/\/www.facebook.com\/OrganisatorFachmagazin\" \/>\n<meta property=\"article:published_time\" content=\"2019-07-11T14:06:32+00:00\" \/>\n<meta property=\"og:image\" content=\"https:\/\/www.organisator.ch\/wp-content\/uploads\/2019\/07\/Abwaertstrend-gestoppt-Exportstimmung-wieder-im-Aufwind_Organisator.jpg\" \/>\n\t<meta property=\"og:image:width\" content=\"680\" \/>\n\t<meta property=\"og:image:height\" content=\"381\" \/>\n\t<meta property=\"og:image:type\" content=\"image\/jpeg\" \/>\n<meta name=\"author\" content=\"thomas.berner\" \/>\n<meta name=\"twitter:card\" content=\"summary_large_image\" \/>\n<meta name=\"twitter:title\" content=\"#Abw\u00e4rtstrend gestoppt - #Exportstimmung wieder im Aufwind\" \/>\n<meta name=\"twitter:description\" content=\"Gem\u00e4ss der aktuellen Umfrage von Switzerland Global Enterprise (#S-GE) zur #Exportstimmung erwarten 49% aller KMU steigende Exporte f\u00fcr das 3. Quartal 2019.\" \/>\n<meta name=\"twitter:image\" content=\"https:\/\/www.organisator.ch\/wp-content\/uploads\/2019\/07\/Abw\u00e4rtstrend-gestoppt-Exportstimmung-wieder-im-Aufwind_Organisator.jpg\" \/>\n<script type=\"application\/ld+json\" class=\"yoast-schema-graph\">{\"@context\":\"https:\\\/\\\/schema.org\",\"@graph\":[{\"@type\":\"Article\",\"@id\":\"https:\\\/\\\/www.organisator.ch\\\/management\\\/2019-07-11\\\/abwaertstrend-gestoppt-exportstimmung-wieder-im-aufwind\\\/#article\",\"isPartOf\":{\"@id\":\"https:\\\/\\\/www.organisator.ch\\\/management\\\/2019-07-11\\\/abwaertstrend-gestoppt-exportstimmung-wieder-im-aufwind\\\/\"},\"author\":{\"name\":\"thomas.berner\",\"@id\":\"https:\\\/\\\/www.organisator.ch\\\/#\\\/schema\\\/person\\\/6f650f90b2842cd4c0cc334b4e36f67e\"},\"headline\":\"Abw\u00e4rtstrend gestoppt &#8211; Exportstimmung wieder im Aufwind\",\"datePublished\":\"2019-07-11T14:06:32+00:00\",\"mainEntityOfPage\":{\"@id\":\"https:\\\/\\\/www.organisator.ch\\\/management\\\/2019-07-11\\\/abwaertstrend-gestoppt-exportstimmung-wieder-im-aufwind\\\/\"},\"wordCount\":381,\"commentCount\":0,\"publisher\":{\"@id\":\"https:\\\/\\\/www.organisator.ch\\\/#organization\"},\"image\":{\"@id\":\"https:\\\/\\\/www.organisator.ch\\\/management\\\/2019-07-11\\\/abwaertstrend-gestoppt-exportstimmung-wieder-im-aufwind\\\/#primaryimage\"},\"thumbnailUrl\":\"https:\\\/\\\/www.organisator.ch\\\/wp-content\\\/uploads\\\/2019\\\/07\\\/Abwaertstrend-gestoppt-Exportstimmung-wieder-im-Aufwind_Organisator.jpg\",\"keywords\":[\"Aussenwirtschaft\",\"Export\",\"Management und Unternehmensf\u00fchrung\",\"Statistik\"],\"articleSection\":[\"MANAGEMENT\"],\"inLanguage\":\"fr-FR\"},{\"@type\":\"WebPage\",\"@id\":\"https:\\\/\\\/www.organisator.ch\\\/management\\\/2019-07-11\\\/abwaertstrend-gestoppt-exportstimmung-wieder-im-aufwind\\\/\",\"url\":\"https:\\\/\\\/www.organisator.ch\\\/management\\\/2019-07-11\\\/abwaertstrend-gestoppt-exportstimmung-wieder-im-aufwind\\\/\",\"name\":\"Abw\u00e4rtstrend gestoppt - Exportstimmung wieder im Aufwind - Organisator\",\"isPartOf\":{\"@id\":\"https:\\\/\\\/www.organisator.ch\\\/#website\"},\"primaryImageOfPage\":{\"@id\":\"https:\\\/\\\/www.organisator.ch\\\/management\\\/2019-07-11\\\/abwaertstrend-gestoppt-exportstimmung-wieder-im-aufwind\\\/#primaryimage\"},\"image\":{\"@id\":\"https:\\\/\\\/www.organisator.ch\\\/management\\\/2019-07-11\\\/abwaertstrend-gestoppt-exportstimmung-wieder-im-aufwind\\\/#primaryimage\"},\"thumbnailUrl\":\"https:\\\/\\\/www.organisator.ch\\\/wp-content\\\/uploads\\\/2019\\\/07\\\/Abwaertstrend-gestoppt-Exportstimmung-wieder-im-Aufwind_Organisator.jpg\",\"datePublished\":\"2019-07-11T14:06:32+00:00\",\"description\":\"Gem\u00e4ss der aktuellen Umfrage von Switzerland Global Enterprise (S-GE) zur Exportstimmung erwarten 49% aller KMU steigende Exporte f\u00fcr das 3. Quartal 2019.\",\"breadcrumb\":{\"@id\":\"https:\\\/\\\/www.organisator.ch\\\/management\\\/2019-07-11\\\/abwaertstrend-gestoppt-exportstimmung-wieder-im-aufwind\\\/#breadcrumb\"},\"inLanguage\":\"fr-FR\",\"potentialAction\":[{\"@type\":\"ReadAction\",\"target\":[\"https:\\\/\\\/www.organisator.ch\\\/management\\\/2019-07-11\\\/abwaertstrend-gestoppt-exportstimmung-wieder-im-aufwind\\\/\"]}]},{\"@type\":\"ImageObject\",\"inLanguage\":\"fr-FR\",\"@id\":\"https:\\\/\\\/www.organisator.ch\\\/management\\\/2019-07-11\\\/abwaertstrend-gestoppt-exportstimmung-wieder-im-aufwind\\\/#primaryimage\",\"url\":\"https:\\\/\\\/www.organisator.ch\\\/wp-content\\\/uploads\\\/2019\\\/07\\\/Abwaertstrend-gestoppt-Exportstimmung-wieder-im-Aufwind_Organisator.jpg\",\"contentUrl\":\"https:\\\/\\\/www.organisator.ch\\\/wp-content\\\/uploads\\\/2019\\\/07\\\/Abwaertstrend-gestoppt-Exportstimmung-wieder-im-Aufwind_Organisator.jpg\",\"width\":680,\"height\":381,\"caption\":\"Der Abw\u00e4rtstrend scheint gestoppt, die Exportstimmung bei Schweizer Unternehmen bessert sich. (Bild: Switzerland Global Enterprise)\"},{\"@type\":\"BreadcrumbList\",\"@id\":\"https:\\\/\\\/www.organisator.ch\\\/management\\\/2019-07-11\\\/abwaertstrend-gestoppt-exportstimmung-wieder-im-aufwind\\\/#breadcrumb\",\"itemListElement\":[{\"@type\":\"ListItem\",\"position\":1,\"name\":\"Home\",\"item\":\"https:\\\/\\\/www.organisator.ch\\\/\"},{\"@type\":\"ListItem\",\"position\":2,\"name\":\"Abw\u00e4rtstrend gestoppt &#8211; Exportstimmung wieder im Aufwind\"}]},{\"@type\":\"WebSite\",\"@id\":\"https:\\\/\\\/www.organisator.ch\\\/#website\",\"url\":\"https:\\\/\\\/www.organisator.ch\\\/\",\"name\":\"Organisator\",\"description\":\"Kompetent. Praxisnah. Der ORGANISATOR bereitet in 10 Ausgaben pro Jahr die wesentlichen Themen f\u00fcr F\u00fchrungskr\u00e4fte von KMU auf.\",\"publisher\":{\"@id\":\"https:\\\/\\\/www.organisator.ch\\\/#organization\"},\"potentialAction\":[{\"@type\":\"SearchAction\",\"target\":{\"@type\":\"EntryPoint\",\"urlTemplate\":\"https:\\\/\\\/www.organisator.ch\\\/?s={search_term_string}\"},\"query-input\":{\"@type\":\"PropertyValueSpecification\",\"valueRequired\":true,\"valueName\":\"search_term_string\"}}],\"inLanguage\":\"fr-FR\"},{\"@type\":\"Organization\",\"@id\":\"https:\\\/\\\/www.organisator.ch\\\/#organization\",\"name\":\"Organisator\",\"url\":\"https:\\\/\\\/www.organisator.ch\\\/\",\"logo\":{\"@type\":\"ImageObject\",\"inLanguage\":\"fr-FR\",\"@id\":\"https:\\\/\\\/www.organisator.ch\\\/#\\\/schema\\\/logo\\\/image\\\/\",\"url\":\"https:\\\/\\\/www.organisator.ch\\\/wp-content\\\/uploads\\\/2022\\\/01\\\/Logo_Organisator_Website.png\",\"contentUrl\":\"https:\\\/\\\/www.organisator.ch\\\/wp-content\\\/uploads\\\/2022\\\/01\\\/Logo_Organisator_Website.png\",\"width\":800,\"height\":77,\"caption\":\"Organisator\"},\"image\":{\"@id\":\"https:\\\/\\\/www.organisator.ch\\\/#\\\/schema\\\/logo\\\/image\\\/\"},\"sameAs\":[\"https:\\\/\\\/www.facebook.com\\\/OrganisatorFachmagazin\",\"https:\\\/\\\/www.linkedin.com\\\/showcase\\\/organisator-das-magazin-fr-kmu\",\"https:\\\/\\\/www.xing.com\\\/news\\\/pages\\\/organisator-ch-695\",\"https:\\\/\\\/www.youtube.com\\\/channel\\\/UCGP2Sq0iWaZwT3BdIAQFYpw\"]},{\"@type\":\"Person\",\"@id\":\"https:\\\/\\\/www.organisator.ch\\\/#\\\/schema\\\/person\\\/6f650f90b2842cd4c0cc334b4e36f67e\",\"name\":\"thomas.berner\",\"image\":{\"@type\":\"ImageObject\",\"inLanguage\":\"fr-FR\",\"@id\":\"https:\\\/\\\/secure.gravatar.com\\\/avatar\\\/ac5001d2a36cb6c6cd3e50789007ffca834b477b74a2144564522e944eabff61?s=96&d=mm&r=g\",\"url\":\"https:\\\/\\\/secure.gravatar.com\\\/avatar\\\/ac5001d2a36cb6c6cd3e50789007ffca834b477b74a2144564522e944eabff61?s=96&d=mm&r=g\",\"contentUrl\":\"https:\\\/\\\/secure.gravatar.com\\\/avatar\\\/ac5001d2a36cb6c6cd3e50789007ffca834b477b74a2144564522e944eabff61?s=96&d=mm&r=g\",\"caption\":\"thomas.berner\"},\"url\":\"https:\\\/\\\/www.organisator.ch\\\/fr\\\/author\\\/thomas-berner\\\/\"}]}<\/script>\n<!-- \/ Yoast SEO plugin. -->","yoast_head_json":{"title":"Tendance \u00e0 la baisse stopp\u00e9e - Le moral des exportateurs repart \u00e0 la hausse - Organisateur","description":"Selon la derni\u00e8re enqu\u00eate de Switzerland Global Enterprise (S-GE) sur le climat d'exportation, 49% de toutes les PME s'attendent \u00e0 des exportations en hausse pour le 3e trimestre 2019.","robots":{"index":"index","follow":"follow","max-snippet":"max-snippet:-1","max-image-preview":"max-image-preview:large","max-video-preview":"max-video-preview:-1"},"canonical":"https:\/\/www.organisator.ch\/fr\/gestion-2\/2019-07-11\/abwaertstrend-gestoppt-exportstimmung-wieder-im-aufwind\/","og_locale":"fr_FR","og_type":"article","og_title":"Abw\u00e4rtstrend gestoppt - Exportstimmung wieder im Aufwind","og_description":"Gem\u00e4ss der aktuellen Umfrage von Switzerland Global Enterprise (S-GE) zur Exportstimmung erwarten 49% aller KMU steigende Exporte f\u00fcr das 3. Quartal 2019.","og_url":"https:\/\/www.organisator.ch\/fr\/gestion-2\/2019-07-11\/abwaertstrend-gestoppt-exportstimmung-wieder-im-aufwind\/","og_site_name":"Organisator","article_publisher":"https:\/\/www.facebook.com\/OrganisatorFachmagazin","article_published_time":"2019-07-11T14:06:32+00:00","og_image":[{"width":680,"height":381,"url":"https:\/\/www.organisator.ch\/wp-content\/uploads\/2019\/07\/Abwaertstrend-gestoppt-Exportstimmung-wieder-im-Aufwind_Organisator.jpg","type":"image\/jpeg"}],"author":"thomas.berner","twitter_card":"summary_large_image","twitter_title":"#Abw\u00e4rtstrend gestoppt - #Exportstimmung wieder im Aufwind","twitter_description":"Gem\u00e4ss der aktuellen Umfrage von Switzerland Global Enterprise (#S-GE) zur #Exportstimmung erwarten 49% aller KMU steigende Exporte f\u00fcr das 3. Quartal 2019.","twitter_image":"https:\/\/www.organisator.ch\/wp-content\/uploads\/2019\/07\/Abw\u00e4rtstrend-gestoppt-Exportstimmung-wieder-im-Aufwind_Organisator.jpg","schema":{"@context":"https:\/\/schema.org","@graph":[{"@type":"Article","@id":"https:\/\/www.organisator.ch\/management\/2019-07-11\/abwaertstrend-gestoppt-exportstimmung-wieder-im-aufwind\/#article","isPartOf":{"@id":"https:\/\/www.organisator.ch\/management\/2019-07-11\/abwaertstrend-gestoppt-exportstimmung-wieder-im-aufwind\/"},"author":{"name":"thomas.berner","@id":"https:\/\/www.organisator.ch\/#\/schema\/person\/6f650f90b2842cd4c0cc334b4e36f67e"},"headline":"Abw\u00e4rtstrend gestoppt &#8211; Exportstimmung wieder im Aufwind","datePublished":"2019-07-11T14:06:32+00:00","mainEntityOfPage":{"@id":"https:\/\/www.organisator.ch\/management\/2019-07-11\/abwaertstrend-gestoppt-exportstimmung-wieder-im-aufwind\/"},"wordCount":381,"commentCount":0,"publisher":{"@id":"https:\/\/www.organisator.ch\/#organization"},"image":{"@id":"https:\/\/www.organisator.ch\/management\/2019-07-11\/abwaertstrend-gestoppt-exportstimmung-wieder-im-aufwind\/#primaryimage"},"thumbnailUrl":"https:\/\/www.organisator.ch\/wp-content\/uploads\/2019\/07\/Abwaertstrend-gestoppt-Exportstimmung-wieder-im-Aufwind_Organisator.jpg","keywords":["Aussenwirtschaft","Export","Management und Unternehmensf\u00fchrung","Statistik"],"articleSection":["MANAGEMENT"],"inLanguage":"fr-FR"},{"@type":"WebPage","@id":"https:\/\/www.organisator.ch\/management\/2019-07-11\/abwaertstrend-gestoppt-exportstimmung-wieder-im-aufwind\/","url":"https:\/\/www.organisator.ch\/management\/2019-07-11\/abwaertstrend-gestoppt-exportstimmung-wieder-im-aufwind\/","name":"Tendance \u00e0 la baisse stopp\u00e9e - Le moral des exportateurs repart \u00e0 la hausse - Organisateur","isPartOf":{"@id":"https:\/\/www.organisator.ch\/#website"},"primaryImageOfPage":{"@id":"https:\/\/www.organisator.ch\/management\/2019-07-11\/abwaertstrend-gestoppt-exportstimmung-wieder-im-aufwind\/#primaryimage"},"image":{"@id":"https:\/\/www.organisator.ch\/management\/2019-07-11\/abwaertstrend-gestoppt-exportstimmung-wieder-im-aufwind\/#primaryimage"},"thumbnailUrl":"https:\/\/www.organisator.ch\/wp-content\/uploads\/2019\/07\/Abwaertstrend-gestoppt-Exportstimmung-wieder-im-Aufwind_Organisator.jpg","datePublished":"2019-07-11T14:06:32+00:00","description":"Selon la derni\u00e8re enqu\u00eate de Switzerland Global Enterprise (S-GE) sur le climat d'exportation, 49% de toutes les PME s'attendent \u00e0 des exportations en hausse pour le 3e trimestre 2019.","breadcrumb":{"@id":"https:\/\/www.organisator.ch\/management\/2019-07-11\/abwaertstrend-gestoppt-exportstimmung-wieder-im-aufwind\/#breadcrumb"},"inLanguage":"fr-FR","potentialAction":[{"@type":"ReadAction","target":["https:\/\/www.organisator.ch\/management\/2019-07-11\/abwaertstrend-gestoppt-exportstimmung-wieder-im-aufwind\/"]}]},{"@type":"ImageObject","inLanguage":"fr-FR","@id":"https:\/\/www.organisator.ch\/management\/2019-07-11\/abwaertstrend-gestoppt-exportstimmung-wieder-im-aufwind\/#primaryimage","url":"https:\/\/www.organisator.ch\/wp-content\/uploads\/2019\/07\/Abwaertstrend-gestoppt-Exportstimmung-wieder-im-Aufwind_Organisator.jpg","contentUrl":"https:\/\/www.organisator.ch\/wp-content\/uploads\/2019\/07\/Abwaertstrend-gestoppt-Exportstimmung-wieder-im-Aufwind_Organisator.jpg","width":680,"height":381,"caption":"Der Abw\u00e4rtstrend scheint gestoppt, die Exportstimmung bei Schweizer Unternehmen bessert sich. (Bild: Switzerland Global Enterprise)"},{"@type":"BreadcrumbList","@id":"https:\/\/www.organisator.ch\/management\/2019-07-11\/abwaertstrend-gestoppt-exportstimmung-wieder-im-aufwind\/#breadcrumb","itemListElement":[{"@type":"ListItem","position":1,"name":"Home","item":"https:\/\/www.organisator.ch\/"},{"@type":"ListItem","position":2,"name":"Abw\u00e4rtstrend gestoppt &#8211; Exportstimmung wieder im Aufwind"}]},{"@type":"WebSite","@id":"https:\/\/www.organisator.ch\/#website","url":"https:\/\/www.organisator.ch\/","name":"Organisateur","description":"Comp\u00e9tence et comp\u00e9tence. Proches de la pratique. L'ORGANISATEUR pr\u00e9pare 10 num\u00e9ros par an sur les th\u00e8mes essentiels pour les dirigeants de PME.","publisher":{"@id":"https:\/\/www.organisator.ch\/#organization"},"potentialAction":[{"@type":"SearchAction","target":{"@type":"EntryPoint","urlTemplate":"https:\/\/www.organisator.ch\/?s={search_term_string}"},"query-input":{"@type":"PropertyValueSpecification","valueRequired":true,"valueName":"search_term_string"}}],"inLanguage":"fr-FR"},{"@type":"Organization","@id":"https:\/\/www.organisator.ch\/#organization","name":"Organisateur","url":"https:\/\/www.organisator.ch\/","logo":{"@type":"ImageObject","inLanguage":"fr-FR","@id":"https:\/\/www.organisator.ch\/#\/schema\/logo\/image\/","url":"https:\/\/www.organisator.ch\/wp-content\/uploads\/2022\/01\/Logo_Organisator_Website.png","contentUrl":"https:\/\/www.organisator.ch\/wp-content\/uploads\/2022\/01\/Logo_Organisator_Website.png","width":800,"height":77,"caption":"Organisator"},"image":{"@id":"https:\/\/www.organisator.ch\/#\/schema\/logo\/image\/"},"sameAs":["https:\/\/www.facebook.com\/OrganisatorFachmagazin","https:\/\/www.linkedin.com\/showcase\/organisator-das-magazin-fr-kmu","https:\/\/www.xing.com\/news\/pages\/organisator-ch-695","https:\/\/www.youtube.com\/channel\/UCGP2Sq0iWaZwT3BdIAQFYpw"]},{"@type":"Person","@id":"https:\/\/www.organisator.ch\/#\/schema\/person\/6f650f90b2842cd4c0cc334b4e36f67e","name":"thomas.berner","image":{"@type":"ImageObject","inLanguage":"fr-FR","@id":"https:\/\/secure.gravatar.com\/avatar\/ac5001d2a36cb6c6cd3e50789007ffca834b477b74a2144564522e944eabff61?s=96&d=mm&r=g","url":"https:\/\/secure.gravatar.com\/avatar\/ac5001d2a36cb6c6cd3e50789007ffca834b477b74a2144564522e944eabff61?s=96&d=mm&r=g","contentUrl":"https:\/\/secure.gravatar.com\/avatar\/ac5001d2a36cb6c6cd3e50789007ffca834b477b74a2144564522e944eabff61?s=96&d=mm&r=g","caption":"thomas.berner"},"url":"https:\/\/www.organisator.ch\/fr\/author\/thomas-berner\/"}]}},"_links":{"self":[{"href":"https:\/\/www.organisator.ch\/fr\/wp-json\/wp\/v2\/posts\/5539","targetHints":{"allow":["GET"]}}],"collection":[{"href":"https:\/\/www.organisator.ch\/fr\/wp-json\/wp\/v2\/posts"}],"about":[{"href":"https:\/\/www.organisator.ch\/fr\/wp-json\/wp\/v2\/types\/post"}],"author":[{"embeddable":true,"href":"https:\/\/www.organisator.ch\/fr\/wp-json\/wp\/v2\/users\/4"}],"replies":[{"embeddable":true,"href":"https:\/\/www.organisator.ch\/fr\/wp-json\/wp\/v2\/comments?post=5539"}],"version-history":[{"count":0,"href":"https:\/\/www.organisator.ch\/fr\/wp-json\/wp\/v2\/posts\/5539\/revisions"}],"wp:featuredmedia":[{"embeddable":true,"href":"https:\/\/www.organisator.ch\/fr\/wp-json\/wp\/v2\/media\/5540"}],"wp:attachment":[{"href":"https:\/\/www.organisator.ch\/fr\/wp-json\/wp\/v2\/media?parent=5539"}],"wp:term":[{"taxonomy":"category","embeddable":true,"href":"https:\/\/www.organisator.ch\/fr\/wp-json\/wp\/v2\/categories?post=5539"},{"taxonomy":"post_tag","embeddable":true,"href":"https:\/\/www.organisator.ch\/fr\/wp-json\/wp\/v2\/tags?post=5539"}],"curies":[{"name":"wp","href":"https:\/\/api.w.org\/{rel}","templated":true}]}}