{"id":5546,"date":"2019-07-15T10:26:11","date_gmt":"2019-07-15T08:26:11","guid":{"rendered":"https:\/\/www.organisator.ch\/?p=5546"},"modified":"2019-07-15T10:26:11","modified_gmt":"2019-07-15T08:26:11","slug":"whitepaper-digitale-ethik-wenn-die-digitalisierung-unsere-gesellschaft-lenkt","status":"publish","type":"post","link":"https:\/\/www.organisator.ch\/fr\/management\/it\/2019-07-15\/whitepaper-digitale-ethik-wenn-die-digitalisierung-unsere-gesellschaft-lenkt\/","title":{"rendered":"Livre blanc sur l'\u00e9thique num\u00e9rique : quand la num\u00e9risation guide notre soci\u00e9t\u00e9"},"content":{"rendered":"<figure id=\"attachment_5547\" aria-describedby=\"caption-attachment-5547\" style=\"width: 552px\" class=\"wp-caption alignnone\"><img loading=\"lazy\" decoding=\"async\" class=\"size-full wp-image-5547\" src=\"https:\/\/www.organisator.ch\/wp-content\/uploads\/2019\/07\/white-paper-digital-ethics-org-organisator.jpg\" alt=\"\" width=\"552\" height=\"359\" srcset=\"https:\/\/www.organisator.ch\/wp-content\/uploads\/2019\/07\/white-paper-digital-ethics-org-organisator.jpg 552w, https:\/\/www.organisator.ch\/wp-content\/uploads\/2019\/07\/white-paper-digital-ethics-org-organisator-16x10.jpg 16w, https:\/\/www.organisator.ch\/wp-content\/uploads\/2019\/07\/white-paper-digital-ethics-org-organisator-269x175.jpg 269w, https:\/\/www.organisator.ch\/wp-content\/uploads\/2019\/07\/white-paper-digital-ethics-org-organisator-538x350.jpg 538w, https:\/\/www.organisator.ch\/wp-content\/uploads\/2019\/07\/white-paper-digital-ethics-org-organisator-300x195.jpg 300w\" sizes=\"auto, (max-width: 552px) 100vw, 552px\" \/><figcaption id=\"caption-attachment-5547\" class=\"wp-caption-text\">Les robots dot\u00e9s d'une intelligence artificielle font-ils preuve d'un peu de moralit\u00e9 ? (Image symbolique : Unsplash)<\/figcaption><\/figure>\n<p>Ce qu'un ours en peluche pourrait avoir en commun avec un robot sexuel, explique le <a href=\"https:\/\/fh-hwz.ch\/content\/uploads\/2019\/04\/HWZ-Whitepaper-Digital-Ethics-2019.pdf\">\"Livre blanc sur l'\u00e9thique num\u00e9rique\"<\/a>. Les deux sont des choses auxquelles les gens attribuent des attributs subjectifs. Cela signifie que notre comportement \u00e0 leur \u00e9gard en dit long sur nous-m\u00eames, nos valeurs et l'id\u00e9e que nous nous faisons de nous-m\u00eames. Mais ce comportement n'est pas naturel. Il repose sur la biens\u00e9ance, sur les usages, bref, sur la morale. La morale est soumise \u00e0 des changements constants.<\/p>\n<p><strong>Adaptation de certaines valeurs n\u00e9cessaire\u00a0 <\/strong><\/p>\n<p>Avec chaque nouvelle technologie - de la ma\u00eetrise du feu au clonage de la brebis Dolly - la soci\u00e9t\u00e9 doit s'interroger sur les chances, les risques, mais aussi les changements des valeurs humaines qui accompagnent son application.<\/p>\n<p>R\u00e9pondre \u00e0 de telles questions est une t\u00e2che de l'\u00e9thique. Cette discipline de la philosophie se consacre \u00e0 la morale, elle interroge et analyse notre sens des convenances et d\u00e9finit la voie \u00e0 suivre. Jusqu'\u00e0 pr\u00e9sent, l'\u00e9thique a b\u00e9n\u00e9fici\u00e9 du luxe du temps et d'espaces limit\u00e9s : La morale \u00e9voluait lentement et pouvait \u00eatre facilement observ\u00e9e et influenc\u00e9e par le discours social. De plus, elle \u00e9tait g\u00e9n\u00e9ralement limit\u00e9e \u00e0 une zone de culture, de langue et de syst\u00e8me juridique similaires.<\/p>\n<p><strong>La libert\u00e9 de choix des individus est limit\u00e9e<\/strong><\/p>\n<p>Cela change avec la num\u00e9risation. Le monde devient de plus en plus une m\u00e9tropole unique et la vie y devient un voyage express : le progr\u00e8s est mis en mode turbo par le trio de l'augmentation de la puissance des ordinateurs, de l'explosion du volume des donn\u00e9es et de la mise en r\u00e9seau globale. La technologie cr\u00e9e de nouvelles possibilit\u00e9s et fait tomber les barri\u00e8res. De nombreuses opportunit\u00e9s et risques s'ouvrent. Il n'est pas toujours facile de les distinguer et de les \u00e9valuer d'un point de vue \u00e9thique ; certains avantages co\u00fbtent \u00e0 la soci\u00e9t\u00e9 quelques inconv\u00e9nients. Par exemple, lorsque des principes moraux tels que le respect de la vie priv\u00e9e<br \/>\n\u00e0 savoir vaincre le cancer gr\u00e2ce \u00e0 la collecte de donn\u00e9es \u00e0 grande \u00e9chelle. Ou si les v\u00e9hicules autonomes en r\u00e9seau permettaient d'augmenter l'efficacit\u00e9 du trafic de 30 %, ce qui limiterait la libert\u00e9 de choix des individus.<\/p>\n<p>L'\"\u00e9thique num\u00e9rique\" doit aborder les questions de :<\/p>\n<ol>\n<li>Opportunit\u00e9s et effets secondaires des technologies,<\/li>\n<li>leurs risques et<\/li>\n<li>leur influence sur l'identit\u00e9 humaine<\/li>\n<\/ol>\n<p>dans un monde num\u00e9rique o\u00f9 tout laisse des traces de donn\u00e9es et devient ainsi saisissable, analysable et influen\u00e7able. <em>La technologie num\u00e9rique cr\u00e9e de nouvelles possibilit\u00e9s si vastes que nous devons d\u00e9cider lesquelles utiliser et lesquelles abandonner d\u00e9lib\u00e9r\u00e9ment parce qu'elles entrent en conflit avec les valeurs existantes. <\/em><\/p>\n<p><em>Le \"Livre blanc sur l'\u00e9thique num\u00e9rique\" fournit des exemples et des explications. Il a \u00e9t\u00e9 r\u00e9dig\u00e9 par <a href=\"https:\/\/www.linkedin.com\/in\/corneliadiethelm\/\">Cornelia Diethelm<\/a> (animatrice du s\u00e9minaire <a href=\"https:\/\/fh-hwz.ch\/produkt\/seminar-digital-ethics\/\">\u00c9thique num\u00e9rique <\/a>&amp; Fondatrice <a href=\"https:\/\/digitalresponsibility.ch\/\">Centre de responsabilit\u00e9 num\u00e9rique<\/a>) et\u00a0<a href=\"https:\/\/www.swissreporter.ch\/\" target=\"_blank\" rel=\"noopener\">Peter Sennhauser<\/a> (Auteur , <a href=\"https:\/\/buchundnetz.com\/\">buchundnetz.com<\/a>). Il ne s'agit pas seulement de chances et de risques d\u00e9finissables.<br \/>\n<\/em><\/p>\n<p><em>Ce livre blanc est une collaboration du\u00a0<a href=\"https:\/\/fh-hwz.ch\/center-institute\/institute-digital-business\/\" target=\"_blank\" rel=\"noopener\" data-cke-saved-href=\"https:\/\/fh-hwz.ch\/center-institute\/institute-digital-business\/\">Institut du commerce num\u00e9rique<\/a>\u00a0&amp; le\u00a0<\/em><a href=\"https:\/\/fh-hwz.ch\/produktgruppe\/intensivseminare\/\" target=\"_blank\" rel=\"noopener\"><em>Acad\u00e9mie HWZ.<\/em><\/a><\/p>","protected":false},"excerpt":{"rendered":"<p>Was ein Teddyb\u00e4r mit einem Sex-Roboter gemeinsam haben k\u00f6nnte, erkl\u00e4rt das &#8222;Whitepaper Digitale Ethik&#8220;. Beides sind Dinge, die von Menschen mit subjekthaften Attributen bedacht werden. Das bedeutet, dass unser Verhalten ihnen gegen\u00fcber viel \u00fcber uns, unsere Werte und unser Selbstverst\u00e4ndnis aussagt. Aber dieses Verhalten ist nicht naturgegeben. Es\u00a0 beruht auf Anstand, auf Gepflogenheiten, kurz: auf [&hellip;]<\/p>\n","protected":false},"author":5,"featured_media":5547,"comment_status":"open","ping_status":"open","sticky":false,"template":"","format":"standard","meta":{"_acf_changed":false,"_yoast_wpseo_focuskw":"Whitepaper Digitale Ethik","_yoast_wpseo_metadesc":"Das neu erschienene Whitepaper zum Thema Digitale Ethik liefert Beispiele f\u00fcr Fragestellungen, die sich einer digitalisierten Gesellschaft er\u00f6ffnen.","articlekey":"","footnotes":""},"categories":[27],"tags":[183,298,319,524],"class_list":["post-5546","post","type-post","status-publish","format-standard","has-post-thumbnail","hentry","category-it","tag-ethik","tag-ki","tag-kuenstliche-intelligenz","tag-whitepaper"],"acf":[],"yoast_head":"<!-- This site is optimized with the Yoast SEO plugin v27.5 - https:\/\/yoast.com\/product\/yoast-seo-wordpress\/ -->\n<title>Whitepaper Digitale Ethik: Wenn die Digitalisierung unsere Gesellschaft lenkt - Organisator<\/title>\n<meta name=\"description\" content=\"Das neu erschienene Whitepaper zum Thema Digitale Ethik liefert Beispiele f\u00fcr Fragestellungen, die sich einer digitalisierten Gesellschaft er\u00f6ffnen.\" \/>\n<meta name=\"robots\" content=\"index, follow, max-snippet:-1, max-image-preview:large, max-video-preview:-1\" \/>\n<link rel=\"canonical\" href=\"https:\/\/www.organisator.ch\/fr\/gestion-2\/it\/2019-07-15\/whitepaper-digitale-ethik-wenn-die-digitalisierung-unsere-gesellschaft-lenkt\/\" \/>\n<meta property=\"og:locale\" content=\"fr_FR\" \/>\n<meta property=\"og:type\" content=\"article\" \/>\n<meta property=\"og:title\" content=\"Whitepaper Digitale Ethik: Wenn die Digitalisierung unsere Gesellschaft lenkt - Organisator\" \/>\n<meta property=\"og:description\" content=\"Das neu erschienene Whitepaper zum Thema Digitale Ethik liefert Beispiele f\u00fcr Fragestellungen, die sich einer digitalisierten Gesellschaft er\u00f6ffnen.\" \/>\n<meta property=\"og:url\" content=\"https:\/\/www.organisator.ch\/fr\/gestion-2\/it\/2019-07-15\/whitepaper-digitale-ethik-wenn-die-digitalisierung-unsere-gesellschaft-lenkt\/\" \/>\n<meta property=\"og:site_name\" content=\"Organisator\" \/>\n<meta property=\"article:publisher\" content=\"https:\/\/www.facebook.com\/OrganisatorFachmagazin\" \/>\n<meta property=\"article:published_time\" content=\"2019-07-15T08:26:11+00:00\" \/>\n<meta property=\"og:image\" content=\"https:\/\/www.organisator.ch\/wp-content\/uploads\/2019\/07\/white-paper-digital-ethics-org-organisator.jpg\" \/>\n\t<meta property=\"og:image:width\" content=\"552\" \/>\n\t<meta property=\"og:image:height\" content=\"359\" \/>\n\t<meta property=\"og:image:type\" content=\"image\/jpeg\" \/>\n<meta name=\"author\" content=\"michael.merz\" \/>\n<meta name=\"twitter:card\" content=\"summary_large_image\" \/>\n<script type=\"application\/ld+json\" class=\"yoast-schema-graph\">{\"@context\":\"https:\\\/\\\/schema.org\",\"@graph\":[{\"@type\":\"Article\",\"@id\":\"https:\\\/\\\/www.organisator.ch\\\/management\\\/it\\\/2019-07-15\\\/whitepaper-digitale-ethik-wenn-die-digitalisierung-unsere-gesellschaft-lenkt\\\/#article\",\"isPartOf\":{\"@id\":\"https:\\\/\\\/www.organisator.ch\\\/management\\\/it\\\/2019-07-15\\\/whitepaper-digitale-ethik-wenn-die-digitalisierung-unsere-gesellschaft-lenkt\\\/\"},\"author\":{\"name\":\"michael.merz\",\"@id\":\"https:\\\/\\\/www.organisator.ch\\\/#\\\/schema\\\/person\\\/134708ca9321c57b0362cceb7948ffbd\"},\"headline\":\"Whitepaper Digitale Ethik: Wenn die Digitalisierung unsere Gesellschaft lenkt\",\"datePublished\":\"2019-07-15T08:26:11+00:00\",\"mainEntityOfPage\":{\"@id\":\"https:\\\/\\\/www.organisator.ch\\\/management\\\/it\\\/2019-07-15\\\/whitepaper-digitale-ethik-wenn-die-digitalisierung-unsere-gesellschaft-lenkt\\\/\"},\"wordCount\":467,\"commentCount\":0,\"publisher\":{\"@id\":\"https:\\\/\\\/www.organisator.ch\\\/#organization\"},\"image\":{\"@id\":\"https:\\\/\\\/www.organisator.ch\\\/management\\\/it\\\/2019-07-15\\\/whitepaper-digitale-ethik-wenn-die-digitalisierung-unsere-gesellschaft-lenkt\\\/#primaryimage\"},\"thumbnailUrl\":\"https:\\\/\\\/www.organisator.ch\\\/wp-content\\\/uploads\\\/2019\\\/07\\\/white-paper-digital-ethics-org-organisator.jpg\",\"keywords\":[\"Ethik\",\"KI\",\"K\u00fcnstliche Intelligenz\",\"Whitepaper\"],\"articleSection\":[\"IT\"],\"inLanguage\":\"fr-FR\"},{\"@type\":\"WebPage\",\"@id\":\"https:\\\/\\\/www.organisator.ch\\\/management\\\/it\\\/2019-07-15\\\/whitepaper-digitale-ethik-wenn-die-digitalisierung-unsere-gesellschaft-lenkt\\\/\",\"url\":\"https:\\\/\\\/www.organisator.ch\\\/management\\\/it\\\/2019-07-15\\\/whitepaper-digitale-ethik-wenn-die-digitalisierung-unsere-gesellschaft-lenkt\\\/\",\"name\":\"Whitepaper Digitale Ethik: Wenn die Digitalisierung unsere Gesellschaft lenkt - Organisator\",\"isPartOf\":{\"@id\":\"https:\\\/\\\/www.organisator.ch\\\/#website\"},\"primaryImageOfPage\":{\"@id\":\"https:\\\/\\\/www.organisator.ch\\\/management\\\/it\\\/2019-07-15\\\/whitepaper-digitale-ethik-wenn-die-digitalisierung-unsere-gesellschaft-lenkt\\\/#primaryimage\"},\"image\":{\"@id\":\"https:\\\/\\\/www.organisator.ch\\\/management\\\/it\\\/2019-07-15\\\/whitepaper-digitale-ethik-wenn-die-digitalisierung-unsere-gesellschaft-lenkt\\\/#primaryimage\"},\"thumbnailUrl\":\"https:\\\/\\\/www.organisator.ch\\\/wp-content\\\/uploads\\\/2019\\\/07\\\/white-paper-digital-ethics-org-organisator.jpg\",\"datePublished\":\"2019-07-15T08:26:11+00:00\",\"description\":\"Das neu erschienene Whitepaper zum Thema Digitale Ethik liefert Beispiele f\u00fcr Fragestellungen, die sich einer digitalisierten Gesellschaft er\u00f6ffnen.\",\"breadcrumb\":{\"@id\":\"https:\\\/\\\/www.organisator.ch\\\/management\\\/it\\\/2019-07-15\\\/whitepaper-digitale-ethik-wenn-die-digitalisierung-unsere-gesellschaft-lenkt\\\/#breadcrumb\"},\"inLanguage\":\"fr-FR\",\"potentialAction\":[{\"@type\":\"ReadAction\",\"target\":[\"https:\\\/\\\/www.organisator.ch\\\/management\\\/it\\\/2019-07-15\\\/whitepaper-digitale-ethik-wenn-die-digitalisierung-unsere-gesellschaft-lenkt\\\/\"]}]},{\"@type\":\"ImageObject\",\"inLanguage\":\"fr-FR\",\"@id\":\"https:\\\/\\\/www.organisator.ch\\\/management\\\/it\\\/2019-07-15\\\/whitepaper-digitale-ethik-wenn-die-digitalisierung-unsere-gesellschaft-lenkt\\\/#primaryimage\",\"url\":\"https:\\\/\\\/www.organisator.ch\\\/wp-content\\\/uploads\\\/2019\\\/07\\\/white-paper-digital-ethics-org-organisator.jpg\",\"contentUrl\":\"https:\\\/\\\/www.organisator.ch\\\/wp-content\\\/uploads\\\/2019\\\/07\\\/white-paper-digital-ethics-org-organisator.jpg\",\"width\":552,\"height\":359,\"caption\":\"Zeigen Roboter mit eine k\u00fcnstlichen Intelligenz so etwas wie Moral? (Symbolbild: Unsplash)\"},{\"@type\":\"BreadcrumbList\",\"@id\":\"https:\\\/\\\/www.organisator.ch\\\/management\\\/it\\\/2019-07-15\\\/whitepaper-digitale-ethik-wenn-die-digitalisierung-unsere-gesellschaft-lenkt\\\/#breadcrumb\",\"itemListElement\":[{\"@type\":\"ListItem\",\"position\":1,\"name\":\"Home\",\"item\":\"https:\\\/\\\/www.organisator.ch\\\/\"},{\"@type\":\"ListItem\",\"position\":2,\"name\":\"Whitepaper Digitale Ethik: Wenn die Digitalisierung unsere Gesellschaft lenkt\"}]},{\"@type\":\"WebSite\",\"@id\":\"https:\\\/\\\/www.organisator.ch\\\/#website\",\"url\":\"https:\\\/\\\/www.organisator.ch\\\/\",\"name\":\"Organisator\",\"description\":\"Kompetent. Praxisnah. Der ORGANISATOR bereitet in 10 Ausgaben pro Jahr die wesentlichen Themen f\u00fcr F\u00fchrungskr\u00e4fte von KMU auf.\",\"publisher\":{\"@id\":\"https:\\\/\\\/www.organisator.ch\\\/#organization\"},\"potentialAction\":[{\"@type\":\"SearchAction\",\"target\":{\"@type\":\"EntryPoint\",\"urlTemplate\":\"https:\\\/\\\/www.organisator.ch\\\/?s={search_term_string}\"},\"query-input\":{\"@type\":\"PropertyValueSpecification\",\"valueRequired\":true,\"valueName\":\"search_term_string\"}}],\"inLanguage\":\"fr-FR\"},{\"@type\":\"Organization\",\"@id\":\"https:\\\/\\\/www.organisator.ch\\\/#organization\",\"name\":\"Organisator\",\"url\":\"https:\\\/\\\/www.organisator.ch\\\/\",\"logo\":{\"@type\":\"ImageObject\",\"inLanguage\":\"fr-FR\",\"@id\":\"https:\\\/\\\/www.organisator.ch\\\/#\\\/schema\\\/logo\\\/image\\\/\",\"url\":\"https:\\\/\\\/www.organisator.ch\\\/wp-content\\\/uploads\\\/2022\\\/01\\\/Logo_Organisator_Website.png\",\"contentUrl\":\"https:\\\/\\\/www.organisator.ch\\\/wp-content\\\/uploads\\\/2022\\\/01\\\/Logo_Organisator_Website.png\",\"width\":800,\"height\":77,\"caption\":\"Organisator\"},\"image\":{\"@id\":\"https:\\\/\\\/www.organisator.ch\\\/#\\\/schema\\\/logo\\\/image\\\/\"},\"sameAs\":[\"https:\\\/\\\/www.facebook.com\\\/OrganisatorFachmagazin\",\"https:\\\/\\\/www.linkedin.com\\\/showcase\\\/organisator-das-magazin-fr-kmu\",\"https:\\\/\\\/www.xing.com\\\/news\\\/pages\\\/organisator-ch-695\",\"https:\\\/\\\/www.youtube.com\\\/channel\\\/UCGP2Sq0iWaZwT3BdIAQFYpw\"]},{\"@type\":\"Person\",\"@id\":\"https:\\\/\\\/www.organisator.ch\\\/#\\\/schema\\\/person\\\/134708ca9321c57b0362cceb7948ffbd\",\"name\":\"michael.merz\",\"image\":{\"@type\":\"ImageObject\",\"inLanguage\":\"fr-FR\",\"@id\":\"https:\\\/\\\/secure.gravatar.com\\\/avatar\\\/?s=96&d=mm&r=g\",\"url\":\"https:\\\/\\\/secure.gravatar.com\\\/avatar\\\/?s=96&d=mm&r=g\",\"contentUrl\":\"https:\\\/\\\/secure.gravatar.com\\\/avatar\\\/?s=96&d=mm&r=g\",\"caption\":\"michael.merz\"},\"url\":\"https:\\\/\\\/www.organisator.ch\\\/fr\\\/author\\\/michael-merz\\\/\"}]}<\/script>\n<!-- \/ Yoast SEO plugin. -->","yoast_head_json":{"title":"Livre blanc sur l'\u00e9thique num\u00e9rique : quand la num\u00e9risation guide notre soci\u00e9t\u00e9 - Organisateur","description":"Le livre blanc sur l'\u00e9thique num\u00e9rique qui vient de para\u00eetre fournit des exemples de questions qui s'ouvrent \u00e0 une soci\u00e9t\u00e9 num\u00e9ris\u00e9e.","robots":{"index":"index","follow":"follow","max-snippet":"max-snippet:-1","max-image-preview":"max-image-preview:large","max-video-preview":"max-video-preview:-1"},"canonical":"https:\/\/www.organisator.ch\/fr\/gestion-2\/it\/2019-07-15\/whitepaper-digitale-ethik-wenn-die-digitalisierung-unsere-gesellschaft-lenkt\/","og_locale":"fr_FR","og_type":"article","og_title":"Whitepaper Digitale Ethik: Wenn die Digitalisierung unsere Gesellschaft lenkt - Organisator","og_description":"Das neu erschienene Whitepaper zum Thema Digitale Ethik liefert Beispiele f\u00fcr Fragestellungen, die sich einer digitalisierten Gesellschaft er\u00f6ffnen.","og_url":"https:\/\/www.organisator.ch\/fr\/gestion-2\/it\/2019-07-15\/whitepaper-digitale-ethik-wenn-die-digitalisierung-unsere-gesellschaft-lenkt\/","og_site_name":"Organisator","article_publisher":"https:\/\/www.facebook.com\/OrganisatorFachmagazin","article_published_time":"2019-07-15T08:26:11+00:00","og_image":[{"width":552,"height":359,"url":"https:\/\/www.organisator.ch\/wp-content\/uploads\/2019\/07\/white-paper-digital-ethics-org-organisator.jpg","type":"image\/jpeg"}],"author":"michael.merz","twitter_card":"summary_large_image","schema":{"@context":"https:\/\/schema.org","@graph":[{"@type":"Article","@id":"https:\/\/www.organisator.ch\/management\/it\/2019-07-15\/whitepaper-digitale-ethik-wenn-die-digitalisierung-unsere-gesellschaft-lenkt\/#article","isPartOf":{"@id":"https:\/\/www.organisator.ch\/management\/it\/2019-07-15\/whitepaper-digitale-ethik-wenn-die-digitalisierung-unsere-gesellschaft-lenkt\/"},"author":{"name":"michael.merz","@id":"https:\/\/www.organisator.ch\/#\/schema\/person\/134708ca9321c57b0362cceb7948ffbd"},"headline":"Whitepaper Digitale Ethik: Wenn die Digitalisierung unsere Gesellschaft lenkt","datePublished":"2019-07-15T08:26:11+00:00","mainEntityOfPage":{"@id":"https:\/\/www.organisator.ch\/management\/it\/2019-07-15\/whitepaper-digitale-ethik-wenn-die-digitalisierung-unsere-gesellschaft-lenkt\/"},"wordCount":467,"commentCount":0,"publisher":{"@id":"https:\/\/www.organisator.ch\/#organization"},"image":{"@id":"https:\/\/www.organisator.ch\/management\/it\/2019-07-15\/whitepaper-digitale-ethik-wenn-die-digitalisierung-unsere-gesellschaft-lenkt\/#primaryimage"},"thumbnailUrl":"https:\/\/www.organisator.ch\/wp-content\/uploads\/2019\/07\/white-paper-digital-ethics-org-organisator.jpg","keywords":["Ethik","KI","K\u00fcnstliche Intelligenz","Whitepaper"],"articleSection":["IT"],"inLanguage":"fr-FR"},{"@type":"WebPage","@id":"https:\/\/www.organisator.ch\/management\/it\/2019-07-15\/whitepaper-digitale-ethik-wenn-die-digitalisierung-unsere-gesellschaft-lenkt\/","url":"https:\/\/www.organisator.ch\/management\/it\/2019-07-15\/whitepaper-digitale-ethik-wenn-die-digitalisierung-unsere-gesellschaft-lenkt\/","name":"Livre blanc sur l'\u00e9thique num\u00e9rique : quand la num\u00e9risation guide notre soci\u00e9t\u00e9 - Organisateur","isPartOf":{"@id":"https:\/\/www.organisator.ch\/#website"},"primaryImageOfPage":{"@id":"https:\/\/www.organisator.ch\/management\/it\/2019-07-15\/whitepaper-digitale-ethik-wenn-die-digitalisierung-unsere-gesellschaft-lenkt\/#primaryimage"},"image":{"@id":"https:\/\/www.organisator.ch\/management\/it\/2019-07-15\/whitepaper-digitale-ethik-wenn-die-digitalisierung-unsere-gesellschaft-lenkt\/#primaryimage"},"thumbnailUrl":"https:\/\/www.organisator.ch\/wp-content\/uploads\/2019\/07\/white-paper-digital-ethics-org-organisator.jpg","datePublished":"2019-07-15T08:26:11+00:00","description":"Le livre blanc sur l'\u00e9thique num\u00e9rique qui vient de para\u00eetre fournit des exemples de questions qui s'ouvrent \u00e0 une soci\u00e9t\u00e9 num\u00e9ris\u00e9e.","breadcrumb":{"@id":"https:\/\/www.organisator.ch\/management\/it\/2019-07-15\/whitepaper-digitale-ethik-wenn-die-digitalisierung-unsere-gesellschaft-lenkt\/#breadcrumb"},"inLanguage":"fr-FR","potentialAction":[{"@type":"ReadAction","target":["https:\/\/www.organisator.ch\/management\/it\/2019-07-15\/whitepaper-digitale-ethik-wenn-die-digitalisierung-unsere-gesellschaft-lenkt\/"]}]},{"@type":"ImageObject","inLanguage":"fr-FR","@id":"https:\/\/www.organisator.ch\/management\/it\/2019-07-15\/whitepaper-digitale-ethik-wenn-die-digitalisierung-unsere-gesellschaft-lenkt\/#primaryimage","url":"https:\/\/www.organisator.ch\/wp-content\/uploads\/2019\/07\/white-paper-digital-ethics-org-organisator.jpg","contentUrl":"https:\/\/www.organisator.ch\/wp-content\/uploads\/2019\/07\/white-paper-digital-ethics-org-organisator.jpg","width":552,"height":359,"caption":"Zeigen Roboter mit eine k\u00fcnstlichen Intelligenz so etwas wie Moral? (Symbolbild: Unsplash)"},{"@type":"BreadcrumbList","@id":"https:\/\/www.organisator.ch\/management\/it\/2019-07-15\/whitepaper-digitale-ethik-wenn-die-digitalisierung-unsere-gesellschaft-lenkt\/#breadcrumb","itemListElement":[{"@type":"ListItem","position":1,"name":"Home","item":"https:\/\/www.organisator.ch\/"},{"@type":"ListItem","position":2,"name":"Whitepaper Digitale Ethik: Wenn die Digitalisierung unsere Gesellschaft lenkt"}]},{"@type":"WebSite","@id":"https:\/\/www.organisator.ch\/#website","url":"https:\/\/www.organisator.ch\/","name":"Organisateur","description":"Comp\u00e9tence et comp\u00e9tence. Proches de la pratique. L'ORGANISATEUR pr\u00e9pare 10 num\u00e9ros par an sur les th\u00e8mes essentiels pour les dirigeants de PME.","publisher":{"@id":"https:\/\/www.organisator.ch\/#organization"},"potentialAction":[{"@type":"SearchAction","target":{"@type":"EntryPoint","urlTemplate":"https:\/\/www.organisator.ch\/?s={search_term_string}"},"query-input":{"@type":"PropertyValueSpecification","valueRequired":true,"valueName":"search_term_string"}}],"inLanguage":"fr-FR"},{"@type":"Organization","@id":"https:\/\/www.organisator.ch\/#organization","name":"Organisateur","url":"https:\/\/www.organisator.ch\/","logo":{"@type":"ImageObject","inLanguage":"fr-FR","@id":"https:\/\/www.organisator.ch\/#\/schema\/logo\/image\/","url":"https:\/\/www.organisator.ch\/wp-content\/uploads\/2022\/01\/Logo_Organisator_Website.png","contentUrl":"https:\/\/www.organisator.ch\/wp-content\/uploads\/2022\/01\/Logo_Organisator_Website.png","width":800,"height":77,"caption":"Organisator"},"image":{"@id":"https:\/\/www.organisator.ch\/#\/schema\/logo\/image\/"},"sameAs":["https:\/\/www.facebook.com\/OrganisatorFachmagazin","https:\/\/www.linkedin.com\/showcase\/organisator-das-magazin-fr-kmu","https:\/\/www.xing.com\/news\/pages\/organisator-ch-695","https:\/\/www.youtube.com\/channel\/UCGP2Sq0iWaZwT3BdIAQFYpw"]},{"@type":"Person","@id":"https:\/\/www.organisator.ch\/#\/schema\/person\/134708ca9321c57b0362cceb7948ffbd","name":"michael.merz","image":{"@type":"ImageObject","inLanguage":"fr-FR","@id":"https:\/\/secure.gravatar.com\/avatar\/?s=96&d=mm&r=g","url":"https:\/\/secure.gravatar.com\/avatar\/?s=96&d=mm&r=g","contentUrl":"https:\/\/secure.gravatar.com\/avatar\/?s=96&d=mm&r=g","caption":"michael.merz"},"url":"https:\/\/www.organisator.ch\/fr\/author\/michael-merz\/"}]}},"_links":{"self":[{"href":"https:\/\/www.organisator.ch\/fr\/wp-json\/wp\/v2\/posts\/5546","targetHints":{"allow":["GET"]}}],"collection":[{"href":"https:\/\/www.organisator.ch\/fr\/wp-json\/wp\/v2\/posts"}],"about":[{"href":"https:\/\/www.organisator.ch\/fr\/wp-json\/wp\/v2\/types\/post"}],"author":[{"embeddable":true,"href":"https:\/\/www.organisator.ch\/fr\/wp-json\/wp\/v2\/users\/5"}],"replies":[{"embeddable":true,"href":"https:\/\/www.organisator.ch\/fr\/wp-json\/wp\/v2\/comments?post=5546"}],"version-history":[{"count":0,"href":"https:\/\/www.organisator.ch\/fr\/wp-json\/wp\/v2\/posts\/5546\/revisions"}],"wp:featuredmedia":[{"embeddable":true,"href":"https:\/\/www.organisator.ch\/fr\/wp-json\/wp\/v2\/media\/5547"}],"wp:attachment":[{"href":"https:\/\/www.organisator.ch\/fr\/wp-json\/wp\/v2\/media?parent=5546"}],"wp:term":[{"taxonomy":"category","embeddable":true,"href":"https:\/\/www.organisator.ch\/fr\/wp-json\/wp\/v2\/categories?post=5546"},{"taxonomy":"post_tag","embeddable":true,"href":"https:\/\/www.organisator.ch\/fr\/wp-json\/wp\/v2\/tags?post=5546"}],"curies":[{"name":"wp","href":"https:\/\/api.w.org\/{rel}","templated":true}]}}