{"id":5555,"date":"2019-07-16T16:41:56","date_gmt":"2019-07-16T14:41:56","guid":{"rendered":"https:\/\/www.organisator.ch\/?p=5555"},"modified":"2019-07-16T16:41:56","modified_gmt":"2019-07-16T14:41:56","slug":"decoding-global-talents-die-schweiz-gehoert-weltweit-zu-den-attraktivsten-laendern-fuer-digitale-talente","status":"publish","type":"post","link":"https:\/\/www.organisator.ch\/fr\/human-resources\/hrm\/2019-07-16\/decoding-global-talents-die-schweiz-gehoert-weltweit-zu-den-attraktivsten-laendern-fuer-digitale-talente\/","title":{"rendered":"Decoding Global Talents : la Suisse est l'un des pays les plus attractifs au monde pour les talents num\u00e9riques"},"content":{"rendered":"<figure id=\"attachment_5557\" aria-describedby=\"caption-attachment-5557\" style=\"width: 680px\" class=\"wp-caption alignnone\"><img loading=\"lazy\" decoding=\"async\" class=\"size-medium wp-image-5557\" src=\"https:\/\/www.organisator.ch\/wp-content\/uploads\/2019\/07\/Studie_digitale-Fachkraefte-Org-Organisator.jpg\" alt=\"\" width=\"680\" height=\"453\" \/><figcaption id=\"caption-attachment-5557\" class=\"wp-caption-text\">Les experts num\u00e9riques d'aujourd'hui sont particuli\u00e8rement mobiles, selon l'\u00e9tude du Boston Consulting Group. (Image symbolique : Unsplash)<\/figcaption><\/figure>\n<p>Pr\u00e8s de 27 000 experts num\u00e9riques de 180 pays ont donn\u00e9 leur avis dans le cadre de l'\u00e9tude \"Decoding Global Talent - l'\u00e9tude sur les employ\u00e9s dans le monde\" : plus des deux tiers (67%) sont pr\u00eats \u00e0 travailler \u00e0 l'\u00e9tranger. Parmi les destinations les plus pris\u00e9es figure la Suisse (6e rang). La Suisse semble marquer des points dans ce domaine gr\u00e2ce \u00e0 son haut degr\u00e9 d'innovation, \u00e0 la r\u00e9putation de sa recherche de pointe et de ses universit\u00e9s, aux nombreux centres d'entreprises tech qui y sont implant\u00e9s et \u00e0 sa qualit\u00e9 de vie \u00e9lev\u00e9e.<\/p>\n<p>Sur les plus de 365'000 travailleurs interrog\u00e9s dans le cadre de l'\u00e9tude \"Decoding Global Talent\" men\u00e9e par le Boston Consulting Group, The Network et JobCloud, pr\u00e8s de 27'000 sont ce que l'on appelle des talents num\u00e9riques. Leurs comp\u00e9tences comprennent entre autres le traitement de grandes quantit\u00e9s de donn\u00e9es, la programmation et le d\u00e9veloppement, le marketing et le design num\u00e9riques, l'intelligence artificielle, la robotique et l'automatisation.<\/p>\n<p>&nbsp;<\/p>\n<figure id=\"attachment_5556\" aria-describedby=\"caption-attachment-5556\" style=\"width: 623px\" class=\"wp-caption alignnone\"><img loading=\"lazy\" decoding=\"async\" class=\"wp-image-5556\" src=\"https:\/\/www.organisator.ch\/wp-content\/uploads\/2019\/07\/Grafik_JobCloud_Medienmitteilung_Digitale-Talente.jpg\" alt=\"\" width=\"623\" height=\"875\" srcset=\"https:\/\/www.organisator.ch\/wp-content\/uploads\/2019\/07\/Grafik_JobCloud_Medienmitteilung_Digitale-Talente.jpg 909w, https:\/\/www.organisator.ch\/wp-content\/uploads\/2019\/07\/Grafik_JobCloud_Medienmitteilung_Digitale-Talente-680x955.jpg 680w, https:\/\/www.organisator.ch\/wp-content\/uploads\/2019\/07\/Grafik_JobCloud_Medienmitteilung_Digitale-Talente-729x1024.jpg 729w, https:\/\/www.organisator.ch\/wp-content\/uploads\/2019\/07\/Grafik_JobCloud_Medienmitteilung_Digitale-Talente-768x1078.jpg 768w, https:\/\/www.organisator.ch\/wp-content\/uploads\/2019\/07\/Grafik_JobCloud_Medienmitteilung_Digitale-Talente-9x12.jpg 9w, https:\/\/www.organisator.ch\/wp-content\/uploads\/2019\/07\/Grafik_JobCloud_Medienmitteilung_Digitale-Talente-125x175.jpg 125w, https:\/\/www.organisator.ch\/wp-content\/uploads\/2019\/07\/Grafik_JobCloud_Medienmitteilung_Digitale-Talente-249x350.jpg 249w, https:\/\/www.organisator.ch\/wp-content\/uploads\/2019\/07\/Grafik_JobCloud_Medienmitteilung_Digitale-Talente-570x800.jpg 570w, https:\/\/www.organisator.ch\/wp-content\/uploads\/2019\/07\/Grafik_JobCloud_Medienmitteilung_Digitale-Talente-300x421.jpg 300w\" sizes=\"auto, (max-width: 623px) 100vw, 623px\" \/><figcaption id=\"caption-attachment-5556\" class=\"wp-caption-text\">(Source : JobCloud)<\/figcaption><\/figure>\n<p><strong>Les experts num\u00e9riques d'aujourd'hui ?<\/strong><\/p>\n<p>Les experts num\u00e9riques sont tr\u00e8s mobiles, plus encore que le grand public : 67% d'entre eux sont pr\u00eats \u00e0 travailler \u00e0 l'\u00e9tranger (tous r\u00e9pondants confondus : 58%). O\u00f9 vont-ils ? Le top 5 est identique pour les talents num\u00e9riques et non num\u00e9riques : ils travailleraient le plus volontiers aux \u00c9tats-Unis, en Allemagne, au Canada, en Australie et au Royaume-Uni. Pour les experts num\u00e9riques, la Suisse est toutefois encore plus attrayante : elle arrive d\u00e9j\u00e0 en 6e position (8e position au total).<\/p>\n<p><strong>Les talents num\u00e9riques sont motiv\u00e9s par le pragmatisme<\/strong><br \/>\nMais la mobilit\u00e9 doit avant tout aller de pair avec un bon \u00e9quilibre entre vie professionnelle et vie priv\u00e9e : C'est la plus grande motivation des experts num\u00e9riques pour travailler \u00e0 l'\u00e9tranger. Les autres motivations sont les opportunit\u00e9s de d\u00e9veloppement personnel, d'apprentissage et de progression de carri\u00e8re. Les incitations financi\u00e8res sont \u00e9galement importantes pour les \"num\u00e9riques\".<\/p>\n<p>Cela donne une image beaucoup plus pragmatique que celle qui ressort de l'ensemble des personnes interrog\u00e9es. Derri\u00e8re la mobilit\u00e9 des talents non num\u00e9riques se cachent des facteurs plus \"soft\" comme les bonnes relations avec les coll\u00e8gues et les sup\u00e9rieurs. Ces facteurs arrivent en 4e et 6e position chez les experts num\u00e9riques.<\/p>\n<p>\"De nombreuses entreprises manquent de talents num\u00e9riques, d'autres ont du mal \u00e0 les retenir. Il est clair que les organisations ont besoin d'une nouvelle approche des experts num\u00e9riques, de programmes de formation strat\u00e9giques et de possibilit\u00e9s de d\u00e9veloppement des comp\u00e9tences. Mais il vaut certainement la peine d'\u00e9tendre les efforts de recrutement \u00e0 l'\u00e9tranger proche, par exemple aux pays qui parlent les m\u00eames langues\", commente Davide Villa, CEO de JobCloud, \u00e0 propos des r\u00e9sultats.<\/p>\n<p><a href=\"http:\/\/jobcloud.ch\">www.jobcloud.ch<\/a><\/p>\n<p>&nbsp;<\/p>\n<p>&nbsp;<\/p>\n<p>&nbsp;<\/p>\n<p>&nbsp;<\/p>\n<p>&nbsp;<\/p>\n<p>&nbsp;<\/p>","protected":false},"excerpt":{"rendered":"<p>Fast 27&#8217;000 digitale Experten aus 180 L\u00e4ndern haben ihre Meinung in der Studie &#8222;Decoding Global Talent \u2013 die Arbeitnehmer-Studie der Welt&#8220; abgegeben: \u00fcber zwei Drittel (67%) sind bereit, im Ausland zu arbeiten. Zu den beliebtesten Destinationen geh\u00f6rt auch die Schweiz (Rang 6). Die Schweiz scheint hier dank dem hohen Grad an Innovation, der Reputation der [&hellip;]<\/p>\n","protected":false},"author":5,"featured_media":5557,"comment_status":"open","ping_status":"open","sticky":false,"template":"","format":"standard","meta":{"_acf_changed":false,"_yoast_wpseo_focuskw":"Decoding Global Talent","_yoast_wpseo_metadesc":"In einer Studie namens \"Decoding Global Talent \u2013 die Arbeitnehmer-Studie der Welt\" der Boston Consulting Group rangiert die Schweiz auf h\u00f6heren R\u00e4ngen.","articlekey":"","footnotes":""},"categories":[26],"tags":[152,154,362,459,472],"class_list":["post-5555","post","type-post","status-publish","format-standard","has-post-thumbnail","hentry","category-hrm","tag-digital-learning","tag-digital-natives","tag-new-jobs","tag-studie","tag-talents"],"acf":[],"yoast_head":"<!-- This site is optimized with the Yoast SEO plugin v27.4 - https:\/\/yoast.com\/product\/yoast-seo-wordpress\/ -->\n<title>Decoding Global Talents: Die Schweiz geh\u00f6rt weltweit zu den attraktivsten L\u00e4ndern f\u00fcr digitale Talente - Organisator<\/title>\n<meta name=\"description\" content=\"In einer Studie namens &quot;Decoding Global Talent \u2013 die Arbeitnehmer-Studie der Welt&quot; der Boston Consulting Group rangiert die Schweiz auf h\u00f6heren R\u00e4ngen.\" \/>\n<meta name=\"robots\" content=\"index, follow, max-snippet:-1, max-image-preview:large, max-video-preview:-1\" \/>\n<link rel=\"canonical\" href=\"https:\/\/www.organisator.ch\/fr\/ressources-humaines\/hrm\/2019-07-16\/decoding-global-talents-die-schweiz-gehoert-weltweit-zu-den-attraktivsten-laendern-fuer-digitale-talente\/\" \/>\n<meta property=\"og:locale\" content=\"fr_FR\" \/>\n<meta property=\"og:type\" content=\"article\" \/>\n<meta property=\"og:title\" content=\"Decoding Global Talents: Die Schweiz geh\u00f6rt weltweit zu den attraktivsten L\u00e4ndern f\u00fcr digitale Talente - Organisator\" \/>\n<meta property=\"og:description\" content=\"In einer Studie namens &quot;Decoding Global Talent \u2013 die Arbeitnehmer-Studie der Welt&quot; der Boston Consulting Group rangiert die Schweiz auf h\u00f6heren R\u00e4ngen.\" \/>\n<meta property=\"og:url\" content=\"https:\/\/www.organisator.ch\/fr\/ressources-humaines\/hrm\/2019-07-16\/decoding-global-talents-die-schweiz-gehoert-weltweit-zu-den-attraktivsten-laendern-fuer-digitale-talente\/\" \/>\n<meta property=\"og:site_name\" content=\"Organisator\" \/>\n<meta property=\"article:publisher\" content=\"https:\/\/www.facebook.com\/OrganisatorFachmagazin\" \/>\n<meta property=\"article:published_time\" content=\"2019-07-16T14:41:56+00:00\" \/>\n<meta property=\"og:image\" content=\"https:\/\/www.organisator.ch\/wp-content\/uploads\/2019\/07\/Studie_digitale-Fachkraefte-Org-Organisator-scaled.jpg\" \/>\n\t<meta property=\"og:image:width\" content=\"2560\" \/>\n\t<meta property=\"og:image:height\" content=\"1707\" \/>\n\t<meta property=\"og:image:type\" content=\"image\/jpeg\" \/>\n<meta name=\"author\" content=\"michael.merz\" \/>\n<meta name=\"twitter:card\" content=\"summary_large_image\" \/>\n<script type=\"application\/ld+json\" class=\"yoast-schema-graph\">{\"@context\":\"https:\\\/\\\/schema.org\",\"@graph\":[{\"@type\":\"Article\",\"@id\":\"https:\\\/\\\/www.organisator.ch\\\/human-resources\\\/hrm\\\/2019-07-16\\\/decoding-global-talents-die-schweiz-gehoert-weltweit-zu-den-attraktivsten-laendern-fuer-digitale-talente\\\/#article\",\"isPartOf\":{\"@id\":\"https:\\\/\\\/www.organisator.ch\\\/human-resources\\\/hrm\\\/2019-07-16\\\/decoding-global-talents-die-schweiz-gehoert-weltweit-zu-den-attraktivsten-laendern-fuer-digitale-talente\\\/\"},\"author\":{\"name\":\"michael.merz\",\"@id\":\"https:\\\/\\\/www.organisator.ch\\\/#\\\/schema\\\/person\\\/134708ca9321c57b0362cceb7948ffbd\"},\"headline\":\"Decoding Global Talents: Die Schweiz geh\u00f6rt weltweit zu den attraktivsten L\u00e4ndern f\u00fcr digitale Talente\",\"datePublished\":\"2019-07-16T14:41:56+00:00\",\"mainEntityOfPage\":{\"@id\":\"https:\\\/\\\/www.organisator.ch\\\/human-resources\\\/hrm\\\/2019-07-16\\\/decoding-global-talents-die-schweiz-gehoert-weltweit-zu-den-attraktivsten-laendern-fuer-digitale-talente\\\/\"},\"wordCount\":420,\"commentCount\":0,\"publisher\":{\"@id\":\"https:\\\/\\\/www.organisator.ch\\\/#organization\"},\"image\":{\"@id\":\"https:\\\/\\\/www.organisator.ch\\\/human-resources\\\/hrm\\\/2019-07-16\\\/decoding-global-talents-die-schweiz-gehoert-weltweit-zu-den-attraktivsten-laendern-fuer-digitale-talente\\\/#primaryimage\"},\"thumbnailUrl\":\"https:\\\/\\\/www.organisator.ch\\\/wp-content\\\/uploads\\\/2019\\\/07\\\/Studie_digitale-Fachkraefte-Org-Organisator-scaled.jpg\",\"keywords\":[\"Digital Learning\",\"Digital Natives\",\"New Jobs\",\"Studie\",\"Talents\"],\"articleSection\":[\"HRM\"],\"inLanguage\":\"fr-FR\"},{\"@type\":\"WebPage\",\"@id\":\"https:\\\/\\\/www.organisator.ch\\\/human-resources\\\/hrm\\\/2019-07-16\\\/decoding-global-talents-die-schweiz-gehoert-weltweit-zu-den-attraktivsten-laendern-fuer-digitale-talente\\\/\",\"url\":\"https:\\\/\\\/www.organisator.ch\\\/human-resources\\\/hrm\\\/2019-07-16\\\/decoding-global-talents-die-schweiz-gehoert-weltweit-zu-den-attraktivsten-laendern-fuer-digitale-talente\\\/\",\"name\":\"Decoding Global Talents: Die Schweiz geh\u00f6rt weltweit zu den attraktivsten L\u00e4ndern f\u00fcr digitale Talente - Organisator\",\"isPartOf\":{\"@id\":\"https:\\\/\\\/www.organisator.ch\\\/#website\"},\"primaryImageOfPage\":{\"@id\":\"https:\\\/\\\/www.organisator.ch\\\/human-resources\\\/hrm\\\/2019-07-16\\\/decoding-global-talents-die-schweiz-gehoert-weltweit-zu-den-attraktivsten-laendern-fuer-digitale-talente\\\/#primaryimage\"},\"image\":{\"@id\":\"https:\\\/\\\/www.organisator.ch\\\/human-resources\\\/hrm\\\/2019-07-16\\\/decoding-global-talents-die-schweiz-gehoert-weltweit-zu-den-attraktivsten-laendern-fuer-digitale-talente\\\/#primaryimage\"},\"thumbnailUrl\":\"https:\\\/\\\/www.organisator.ch\\\/wp-content\\\/uploads\\\/2019\\\/07\\\/Studie_digitale-Fachkraefte-Org-Organisator-scaled.jpg\",\"datePublished\":\"2019-07-16T14:41:56+00:00\",\"description\":\"In einer Studie namens \\\"Decoding Global Talent \u2013 die Arbeitnehmer-Studie der Welt\\\" der Boston Consulting Group rangiert die Schweiz auf h\u00f6heren R\u00e4ngen.\",\"breadcrumb\":{\"@id\":\"https:\\\/\\\/www.organisator.ch\\\/human-resources\\\/hrm\\\/2019-07-16\\\/decoding-global-talents-die-schweiz-gehoert-weltweit-zu-den-attraktivsten-laendern-fuer-digitale-talente\\\/#breadcrumb\"},\"inLanguage\":\"fr-FR\",\"potentialAction\":[{\"@type\":\"ReadAction\",\"target\":[\"https:\\\/\\\/www.organisator.ch\\\/human-resources\\\/hrm\\\/2019-07-16\\\/decoding-global-talents-die-schweiz-gehoert-weltweit-zu-den-attraktivsten-laendern-fuer-digitale-talente\\\/\"]}]},{\"@type\":\"ImageObject\",\"inLanguage\":\"fr-FR\",\"@id\":\"https:\\\/\\\/www.organisator.ch\\\/human-resources\\\/hrm\\\/2019-07-16\\\/decoding-global-talents-die-schweiz-gehoert-weltweit-zu-den-attraktivsten-laendern-fuer-digitale-talente\\\/#primaryimage\",\"url\":\"https:\\\/\\\/www.organisator.ch\\\/wp-content\\\/uploads\\\/2019\\\/07\\\/Studie_digitale-Fachkraefte-Org-Organisator-scaled.jpg\",\"contentUrl\":\"https:\\\/\\\/www.organisator.ch\\\/wp-content\\\/uploads\\\/2019\\\/07\\\/Studie_digitale-Fachkraefte-Org-Organisator-scaled.jpg\",\"width\":2560,\"height\":1707,\"caption\":\"Die digitalen Experten von heute sind ausgesprochen mobil, heisst es in einer neuen Studie von Boston Globe. (Symbolbild: Unsplash)\"},{\"@type\":\"BreadcrumbList\",\"@id\":\"https:\\\/\\\/www.organisator.ch\\\/human-resources\\\/hrm\\\/2019-07-16\\\/decoding-global-talents-die-schweiz-gehoert-weltweit-zu-den-attraktivsten-laendern-fuer-digitale-talente\\\/#breadcrumb\",\"itemListElement\":[{\"@type\":\"ListItem\",\"position\":1,\"name\":\"Home\",\"item\":\"https:\\\/\\\/www.organisator.ch\\\/\"},{\"@type\":\"ListItem\",\"position\":2,\"name\":\"Decoding Global Talents: Die Schweiz geh\u00f6rt weltweit zu den attraktivsten L\u00e4ndern f\u00fcr digitale Talente\"}]},{\"@type\":\"WebSite\",\"@id\":\"https:\\\/\\\/www.organisator.ch\\\/#website\",\"url\":\"https:\\\/\\\/www.organisator.ch\\\/\",\"name\":\"Organisator\",\"description\":\"Kompetent. Praxisnah. Der ORGANISATOR bereitet in 10 Ausgaben pro Jahr die wesentlichen Themen f\u00fcr F\u00fchrungskr\u00e4fte von KMU auf.\",\"publisher\":{\"@id\":\"https:\\\/\\\/www.organisator.ch\\\/#organization\"},\"potentialAction\":[{\"@type\":\"SearchAction\",\"target\":{\"@type\":\"EntryPoint\",\"urlTemplate\":\"https:\\\/\\\/www.organisator.ch\\\/?s={search_term_string}\"},\"query-input\":{\"@type\":\"PropertyValueSpecification\",\"valueRequired\":true,\"valueName\":\"search_term_string\"}}],\"inLanguage\":\"fr-FR\"},{\"@type\":\"Organization\",\"@id\":\"https:\\\/\\\/www.organisator.ch\\\/#organization\",\"name\":\"Organisator\",\"url\":\"https:\\\/\\\/www.organisator.ch\\\/\",\"logo\":{\"@type\":\"ImageObject\",\"inLanguage\":\"fr-FR\",\"@id\":\"https:\\\/\\\/www.organisator.ch\\\/#\\\/schema\\\/logo\\\/image\\\/\",\"url\":\"https:\\\/\\\/www.organisator.ch\\\/wp-content\\\/uploads\\\/2022\\\/01\\\/Logo_Organisator_Website.png\",\"contentUrl\":\"https:\\\/\\\/www.organisator.ch\\\/wp-content\\\/uploads\\\/2022\\\/01\\\/Logo_Organisator_Website.png\",\"width\":800,\"height\":77,\"caption\":\"Organisator\"},\"image\":{\"@id\":\"https:\\\/\\\/www.organisator.ch\\\/#\\\/schema\\\/logo\\\/image\\\/\"},\"sameAs\":[\"https:\\\/\\\/www.facebook.com\\\/OrganisatorFachmagazin\",\"https:\\\/\\\/www.linkedin.com\\\/showcase\\\/organisator-das-magazin-fr-kmu\",\"https:\\\/\\\/www.xing.com\\\/news\\\/pages\\\/organisator-ch-695\",\"https:\\\/\\\/www.youtube.com\\\/channel\\\/UCGP2Sq0iWaZwT3BdIAQFYpw\"]},{\"@type\":\"Person\",\"@id\":\"https:\\\/\\\/www.organisator.ch\\\/#\\\/schema\\\/person\\\/134708ca9321c57b0362cceb7948ffbd\",\"name\":\"michael.merz\",\"image\":{\"@type\":\"ImageObject\",\"inLanguage\":\"fr-FR\",\"@id\":\"https:\\\/\\\/secure.gravatar.com\\\/avatar\\\/?s=96&d=mm&r=g\",\"url\":\"https:\\\/\\\/secure.gravatar.com\\\/avatar\\\/?s=96&d=mm&r=g\",\"contentUrl\":\"https:\\\/\\\/secure.gravatar.com\\\/avatar\\\/?s=96&d=mm&r=g\",\"caption\":\"michael.merz\"},\"url\":\"https:\\\/\\\/www.organisator.ch\\\/fr\\\/author\\\/michael-merz\\\/\"}]}<\/script>\n<!-- \/ Yoast SEO plugin. -->","yoast_head_json":{"title":"Decoding Global Talents : La Suisse est l'un des pays les plus attractifs au monde pour les talents du num\u00e9rique - Organisateur","description":"Dans une \u00e9tude intitul\u00e9e \"Decoding Global Talent - the employee study of the world\" du Boston Consulting Group, la Suisse se classe dans des rangs plus \u00e9lev\u00e9s.","robots":{"index":"index","follow":"follow","max-snippet":"max-snippet:-1","max-image-preview":"max-image-preview:large","max-video-preview":"max-video-preview:-1"},"canonical":"https:\/\/www.organisator.ch\/fr\/ressources-humaines\/hrm\/2019-07-16\/decoding-global-talents-die-schweiz-gehoert-weltweit-zu-den-attraktivsten-laendern-fuer-digitale-talente\/","og_locale":"fr_FR","og_type":"article","og_title":"Decoding Global Talents: Die Schweiz geh\u00f6rt weltweit zu den attraktivsten L\u00e4ndern f\u00fcr digitale Talente - Organisator","og_description":"In einer Studie namens \"Decoding Global Talent \u2013 die Arbeitnehmer-Studie der Welt\" der Boston Consulting Group rangiert die Schweiz auf h\u00f6heren R\u00e4ngen.","og_url":"https:\/\/www.organisator.ch\/fr\/ressources-humaines\/hrm\/2019-07-16\/decoding-global-talents-die-schweiz-gehoert-weltweit-zu-den-attraktivsten-laendern-fuer-digitale-talente\/","og_site_name":"Organisator","article_publisher":"https:\/\/www.facebook.com\/OrganisatorFachmagazin","article_published_time":"2019-07-16T14:41:56+00:00","og_image":[{"width":2560,"height":1707,"url":"https:\/\/www.organisator.ch\/wp-content\/uploads\/2019\/07\/Studie_digitale-Fachkraefte-Org-Organisator-scaled.jpg","type":"image\/jpeg"}],"author":"michael.merz","twitter_card":"summary_large_image","schema":{"@context":"https:\/\/schema.org","@graph":[{"@type":"Article","@id":"https:\/\/www.organisator.ch\/human-resources\/hrm\/2019-07-16\/decoding-global-talents-die-schweiz-gehoert-weltweit-zu-den-attraktivsten-laendern-fuer-digitale-talente\/#article","isPartOf":{"@id":"https:\/\/www.organisator.ch\/human-resources\/hrm\/2019-07-16\/decoding-global-talents-die-schweiz-gehoert-weltweit-zu-den-attraktivsten-laendern-fuer-digitale-talente\/"},"author":{"name":"michael.merz","@id":"https:\/\/www.organisator.ch\/#\/schema\/person\/134708ca9321c57b0362cceb7948ffbd"},"headline":"Decoding Global Talents: Die Schweiz geh\u00f6rt weltweit zu den attraktivsten L\u00e4ndern f\u00fcr digitale Talente","datePublished":"2019-07-16T14:41:56+00:00","mainEntityOfPage":{"@id":"https:\/\/www.organisator.ch\/human-resources\/hrm\/2019-07-16\/decoding-global-talents-die-schweiz-gehoert-weltweit-zu-den-attraktivsten-laendern-fuer-digitale-talente\/"},"wordCount":420,"commentCount":0,"publisher":{"@id":"https:\/\/www.organisator.ch\/#organization"},"image":{"@id":"https:\/\/www.organisator.ch\/human-resources\/hrm\/2019-07-16\/decoding-global-talents-die-schweiz-gehoert-weltweit-zu-den-attraktivsten-laendern-fuer-digitale-talente\/#primaryimage"},"thumbnailUrl":"https:\/\/www.organisator.ch\/wp-content\/uploads\/2019\/07\/Studie_digitale-Fachkraefte-Org-Organisator-scaled.jpg","keywords":["Digital Learning","Digital Natives","New Jobs","Studie","Talents"],"articleSection":["HRM"],"inLanguage":"fr-FR"},{"@type":"WebPage","@id":"https:\/\/www.organisator.ch\/human-resources\/hrm\/2019-07-16\/decoding-global-talents-die-schweiz-gehoert-weltweit-zu-den-attraktivsten-laendern-fuer-digitale-talente\/","url":"https:\/\/www.organisator.ch\/human-resources\/hrm\/2019-07-16\/decoding-global-talents-die-schweiz-gehoert-weltweit-zu-den-attraktivsten-laendern-fuer-digitale-talente\/","name":"Decoding Global Talents : La Suisse est l'un des pays les plus attractifs au monde pour les talents du num\u00e9rique - Organisateur","isPartOf":{"@id":"https:\/\/www.organisator.ch\/#website"},"primaryImageOfPage":{"@id":"https:\/\/www.organisator.ch\/human-resources\/hrm\/2019-07-16\/decoding-global-talents-die-schweiz-gehoert-weltweit-zu-den-attraktivsten-laendern-fuer-digitale-talente\/#primaryimage"},"image":{"@id":"https:\/\/www.organisator.ch\/human-resources\/hrm\/2019-07-16\/decoding-global-talents-die-schweiz-gehoert-weltweit-zu-den-attraktivsten-laendern-fuer-digitale-talente\/#primaryimage"},"thumbnailUrl":"https:\/\/www.organisator.ch\/wp-content\/uploads\/2019\/07\/Studie_digitale-Fachkraefte-Org-Organisator-scaled.jpg","datePublished":"2019-07-16T14:41:56+00:00","description":"Dans une \u00e9tude intitul\u00e9e \"Decoding Global Talent - the employee study of the world\" du Boston Consulting Group, la Suisse se classe dans des rangs plus \u00e9lev\u00e9s.","breadcrumb":{"@id":"https:\/\/www.organisator.ch\/human-resources\/hrm\/2019-07-16\/decoding-global-talents-die-schweiz-gehoert-weltweit-zu-den-attraktivsten-laendern-fuer-digitale-talente\/#breadcrumb"},"inLanguage":"fr-FR","potentialAction":[{"@type":"ReadAction","target":["https:\/\/www.organisator.ch\/human-resources\/hrm\/2019-07-16\/decoding-global-talents-die-schweiz-gehoert-weltweit-zu-den-attraktivsten-laendern-fuer-digitale-talente\/"]}]},{"@type":"ImageObject","inLanguage":"fr-FR","@id":"https:\/\/www.organisator.ch\/human-resources\/hrm\/2019-07-16\/decoding-global-talents-die-schweiz-gehoert-weltweit-zu-den-attraktivsten-laendern-fuer-digitale-talente\/#primaryimage","url":"https:\/\/www.organisator.ch\/wp-content\/uploads\/2019\/07\/Studie_digitale-Fachkraefte-Org-Organisator-scaled.jpg","contentUrl":"https:\/\/www.organisator.ch\/wp-content\/uploads\/2019\/07\/Studie_digitale-Fachkraefte-Org-Organisator-scaled.jpg","width":2560,"height":1707,"caption":"Die digitalen Experten von heute sind ausgesprochen mobil, heisst es in einer neuen Studie von Boston Globe. (Symbolbild: Unsplash)"},{"@type":"BreadcrumbList","@id":"https:\/\/www.organisator.ch\/human-resources\/hrm\/2019-07-16\/decoding-global-talents-die-schweiz-gehoert-weltweit-zu-den-attraktivsten-laendern-fuer-digitale-talente\/#breadcrumb","itemListElement":[{"@type":"ListItem","position":1,"name":"Home","item":"https:\/\/www.organisator.ch\/"},{"@type":"ListItem","position":2,"name":"Decoding Global Talents: Die Schweiz geh\u00f6rt weltweit zu den attraktivsten L\u00e4ndern f\u00fcr digitale Talente"}]},{"@type":"WebSite","@id":"https:\/\/www.organisator.ch\/#website","url":"https:\/\/www.organisator.ch\/","name":"Organisateur","description":"Comp\u00e9tence et comp\u00e9tence. Proches de la pratique. L'ORGANISATEUR pr\u00e9pare 10 num\u00e9ros par an sur les th\u00e8mes essentiels pour les dirigeants de PME.","publisher":{"@id":"https:\/\/www.organisator.ch\/#organization"},"potentialAction":[{"@type":"SearchAction","target":{"@type":"EntryPoint","urlTemplate":"https:\/\/www.organisator.ch\/?s={search_term_string}"},"query-input":{"@type":"PropertyValueSpecification","valueRequired":true,"valueName":"search_term_string"}}],"inLanguage":"fr-FR"},{"@type":"Organization","@id":"https:\/\/www.organisator.ch\/#organization","name":"Organisateur","url":"https:\/\/www.organisator.ch\/","logo":{"@type":"ImageObject","inLanguage":"fr-FR","@id":"https:\/\/www.organisator.ch\/#\/schema\/logo\/image\/","url":"https:\/\/www.organisator.ch\/wp-content\/uploads\/2022\/01\/Logo_Organisator_Website.png","contentUrl":"https:\/\/www.organisator.ch\/wp-content\/uploads\/2022\/01\/Logo_Organisator_Website.png","width":800,"height":77,"caption":"Organisator"},"image":{"@id":"https:\/\/www.organisator.ch\/#\/schema\/logo\/image\/"},"sameAs":["https:\/\/www.facebook.com\/OrganisatorFachmagazin","https:\/\/www.linkedin.com\/showcase\/organisator-das-magazin-fr-kmu","https:\/\/www.xing.com\/news\/pages\/organisator-ch-695","https:\/\/www.youtube.com\/channel\/UCGP2Sq0iWaZwT3BdIAQFYpw"]},{"@type":"Person","@id":"https:\/\/www.organisator.ch\/#\/schema\/person\/134708ca9321c57b0362cceb7948ffbd","name":"michael.merz","image":{"@type":"ImageObject","inLanguage":"fr-FR","@id":"https:\/\/secure.gravatar.com\/avatar\/?s=96&d=mm&r=g","url":"https:\/\/secure.gravatar.com\/avatar\/?s=96&d=mm&r=g","contentUrl":"https:\/\/secure.gravatar.com\/avatar\/?s=96&d=mm&r=g","caption":"michael.merz"},"url":"https:\/\/www.organisator.ch\/fr\/author\/michael-merz\/"}]}},"_links":{"self":[{"href":"https:\/\/www.organisator.ch\/fr\/wp-json\/wp\/v2\/posts\/5555","targetHints":{"allow":["GET"]}}],"collection":[{"href":"https:\/\/www.organisator.ch\/fr\/wp-json\/wp\/v2\/posts"}],"about":[{"href":"https:\/\/www.organisator.ch\/fr\/wp-json\/wp\/v2\/types\/post"}],"author":[{"embeddable":true,"href":"https:\/\/www.organisator.ch\/fr\/wp-json\/wp\/v2\/users\/5"}],"replies":[{"embeddable":true,"href":"https:\/\/www.organisator.ch\/fr\/wp-json\/wp\/v2\/comments?post=5555"}],"version-history":[{"count":0,"href":"https:\/\/www.organisator.ch\/fr\/wp-json\/wp\/v2\/posts\/5555\/revisions"}],"wp:featuredmedia":[{"embeddable":true,"href":"https:\/\/www.organisator.ch\/fr\/wp-json\/wp\/v2\/media\/5557"}],"wp:attachment":[{"href":"https:\/\/www.organisator.ch\/fr\/wp-json\/wp\/v2\/media?parent=5555"}],"wp:term":[{"taxonomy":"category","embeddable":true,"href":"https:\/\/www.organisator.ch\/fr\/wp-json\/wp\/v2\/categories?post=5555"},{"taxonomy":"post_tag","embeddable":true,"href":"https:\/\/www.organisator.ch\/fr\/wp-json\/wp\/v2\/tags?post=5555"}],"curies":[{"name":"wp","href":"https:\/\/api.w.org\/{rel}","templated":true}]}}