{"id":5577,"date":"2019-07-23T14:32:33","date_gmt":"2019-07-23T12:32:33","guid":{"rendered":"https:\/\/www.organisator.ch\/?p=5577"},"modified":"2019-07-23T14:32:33","modified_gmt":"2019-07-23T12:32:33","slug":"st-gallen-vergibt-auftrag-an-abraxas","status":"publish","type":"post","link":"https:\/\/www.organisator.ch\/fr\/management\/it\/2019-07-23\/st-gallen-vergibt-auftrag-an-abraxas\/","title":{"rendered":"Saint-Gall passe commande \u00e0 Abraxas"},"content":{"rendered":"<figure id=\"attachment_5578\" aria-describedby=\"caption-attachment-5578\" style=\"width: 640px\" class=\"wp-caption alignnone\"><img loading=\"lazy\" decoding=\"async\" class=\"size-full wp-image-5578\" src=\"https:\/\/www.organisator.ch\/wp-content\/uploads\/2019\/07\/StGallenAltstadt.jpg\" alt=\"\" width=\"640\" height=\"480\" srcset=\"https:\/\/www.organisator.ch\/wp-content\/uploads\/2019\/07\/StGallenAltstadt.jpg 640w, https:\/\/www.organisator.ch\/wp-content\/uploads\/2019\/07\/StGallenAltstadt-16x12.jpg 16w, https:\/\/www.organisator.ch\/wp-content\/uploads\/2019\/07\/StGallenAltstadt-233x175.jpg 233w, https:\/\/www.organisator.ch\/wp-content\/uploads\/2019\/07\/StGallenAltstadt-467x350.jpg 467w, https:\/\/www.organisator.ch\/wp-content\/uploads\/2019\/07\/StGallenAltstadt-300x225.jpg 300w\" sizes=\"auto, (max-width: 640px) 100vw, 640px\" \/><figcaption id=\"caption-attachment-5578\" class=\"wp-caption-text\">La vieille ville de Saint-Gall (image transf\u00e9r\u00e9e de fr.wikipedia)<\/figcaption><\/figure>\n<p>La nouvelle solution de gestion du personnel et des finances d'Abacus Research couvre tous les processus et op\u00e9rations importants dans le domaine des finances et des salaires\/RH de la ville de Saint-Gall. Le logiciel est utilis\u00e9 par les collaborateurs de l'\u00e9cole et de l'administration de la plus grande commune de Saint-Gall. La solution comprend une gestion des archives et des dossiers enti\u00e8rement int\u00e9gr\u00e9e et met en r\u00e9seau l'administration \u00e9galement gr\u00e2ce \u00e0 des solutions mobiles. L'administration municipale sera ainsi en mesure de r\u00e9duire durablement ses charges administratives. Les 80 000 habitants de Saint-Gall en profiteront notamment.<\/p>\n<p><strong>Une collaboration r\u00e9ussie<\/strong><\/p>\n<p>La coop\u00e9ration entre Abacus Research et Abraxas Informatik, communiqu\u00e9e mi-2018, s'est concr\u00e9tis\u00e9e d\u00e9but 2019 par un partenariat de distribution. Depuis, Abraxas a \u00e9largi son offre \u00e0 l'ensemble de la gamme de produits Abacus et mis en place une \u00e9quipe de conseil Abacus comp\u00e9tente. Cette collaboration porte d\u00e9j\u00e0 ses fruits cette ann\u00e9e : Abraxas a pu gagner une douzaine de nouveaux clients pour le logiciel Abacus, dont d\u00e9sormais la ville de Saint-Gall. Le succ\u00e8s commun lors de l'appel d'offres pour le logiciel prouve que le partenariat pr\u00e9sente des avantages pour les deux entreprises. De leur c\u00f4t\u00e9, les utilisateurs b\u00e9n\u00e9ficient ainsi de solutions modulaires sur mesure.<\/p>\n<p>\"Nous nous compl\u00e9tons de mani\u00e8re id\u00e9ale\" est convaincu Reto Gutmann, le CEO d'Abraxas. \"Abacus Research, en tant que leader suisse des logiciels, est depuis des d\u00e9cennies un fournisseur de logiciels \u00e9tabli et fiable sur le march\u00e9 de l'administration publique\". Daniel Senn, membre de la direction d'Abacus, rench\u00e9rit : \"De son c\u00f4t\u00e9, Abraxas est un int\u00e9grateur comp\u00e9tent et exp\u00e9riment\u00e9 pour l'introduction et la formation de solutions informatiques\".<\/p>\n<p><a href=\"http:\/\/www.abacus.ch\">www.abacus.ch<\/a><\/p>\n<p>&nbsp;<\/p>\n<p><em>Abraxas Informatique SA <\/em><br \/>\n<em>Abraxas Informatique SA est le plus grand fournisseur de solutions informatiques de bout en bout pour le secteur public en Suisse. L'entreprise, dont le si\u00e8ge est \u00e0 Saint-Gall, emploie environ 800 personnes dans toutes les r\u00e9gions linguistiques. Abraxas met en r\u00e9seau les administrations suisses, les autorit\u00e9s, les entreprises et la population avec des solutions et des services informatiques efficaces, s\u00fbrs et de bout en bout.<\/em><\/p>\n<p><em>Abacus Research SA <\/em><br \/>\n<em>L'entreprise de logiciels Abacus Research est le leader du march\u00e9 suisse dans le domaine des logiciels de gestion. Depuis 1985, elle d\u00e9veloppe des logiciels standard adapt\u00e9s aux besoins des PME helv\u00e9tiques. A ce jour, plus de 40'000 entreprises ont opt\u00e9 pour les logiciels d'Abacus. Abacus emploie 425 personnes dans l'ensemble du groupe. Le si\u00e8ge principal se trouve \u00e0 Wittenbach-St.Gallen, la succursale romande est domicili\u00e9e \u00e0 Bienne, une filiale se trouve \u00e0 Thalwil-Zurich et une autre en Allemagne avec des sites \u00e0 Munich et Hambourg.<\/em><\/p>","protected":false},"excerpt":{"rendered":"<p>Die neue Personal- und Finanzl\u00f6sung von Abacus Research deckt alle relevanten Prozesse und Gesch\u00e4ftsf\u00e4lle im Bereich Finanzen und Lohn\/HR der Stadt St.Gallen ab. Genutzt wird die Software von Mitarbeitenden in Schule und Verwaltung der gr\u00f6ssten St.Galler Gemeinde. Die L\u00f6sung beinhaltet eine vollst\u00e4ndig integrierte Archiv- und Dossierf\u00fchrung und vernetzt die Verwaltung auch dank mobiler L\u00f6sungen. Die [&hellip;]<\/p>\n","protected":false},"author":5,"featured_media":5578,"comment_status":"open","ping_status":"open","sticky":false,"template":"","format":"standard","meta":{"_acf_changed":false,"_yoast_wpseo_focuskw":"Abraxas","_yoast_wpseo_metadesc":"Abacus und Abraxas zeitigt Erfolge: Die Stadt St.Gallen hat heute die Auftragsvergabe f\u00fcr eine neue Personal- und Finanzsoftware bekanntgegeben.","articlekey":"","footnotes":""},"categories":[27],"tags":[286,313,514],"class_list":["post-5577","post","type-post","status-publish","format-standard","has-post-thumbnail","hentry","category-it","tag-it","tag-kooperation","tag-vewaltung"],"acf":[],"yoast_head":"<!-- This site is optimized with the Yoast SEO plugin v27.5 - https:\/\/yoast.com\/product\/yoast-seo-wordpress\/ -->\n<title>St.Gallen vergibt Auftrag an Abraxas - Organisator<\/title>\n<meta name=\"description\" content=\"Abacus und Abraxas zeitigt Erfolge: Die Stadt St.Gallen hat heute die Auftragsvergabe f\u00fcr eine neue Personal- und Finanzsoftware bekanntgegeben.\" \/>\n<meta name=\"robots\" content=\"index, follow, max-snippet:-1, max-image-preview:large, max-video-preview:-1\" \/>\n<link rel=\"canonical\" href=\"https:\/\/www.organisator.ch\/fr\/gestion-2\/it\/2019-07-23\/st-gallen-vergibt-auftrag-an-abraxas\/\" \/>\n<meta property=\"og:locale\" content=\"fr_FR\" \/>\n<meta property=\"og:type\" content=\"article\" \/>\n<meta property=\"og:title\" content=\"St.Gallen vergibt Auftrag an Abraxas - Organisator\" \/>\n<meta property=\"og:description\" content=\"Abacus und Abraxas zeitigt Erfolge: Die Stadt St.Gallen hat heute die Auftragsvergabe f\u00fcr eine neue Personal- und Finanzsoftware bekanntgegeben.\" \/>\n<meta property=\"og:url\" content=\"https:\/\/www.organisator.ch\/fr\/gestion-2\/it\/2019-07-23\/st-gallen-vergibt-auftrag-an-abraxas\/\" \/>\n<meta property=\"og:site_name\" content=\"Organisator\" \/>\n<meta property=\"article:publisher\" content=\"https:\/\/www.facebook.com\/OrganisatorFachmagazin\" \/>\n<meta property=\"article:published_time\" content=\"2019-07-23T12:32:33+00:00\" \/>\n<meta property=\"og:image\" content=\"https:\/\/www.organisator.ch\/wp-content\/uploads\/2019\/07\/StGallenAltstadt.jpg\" \/>\n\t<meta property=\"og:image:width\" content=\"640\" \/>\n\t<meta property=\"og:image:height\" content=\"480\" \/>\n\t<meta property=\"og:image:type\" content=\"image\/jpeg\" \/>\n<meta name=\"author\" content=\"michael.merz\" \/>\n<meta name=\"twitter:card\" content=\"summary_large_image\" \/>\n<script type=\"application\/ld+json\" class=\"yoast-schema-graph\">{\"@context\":\"https:\\\/\\\/schema.org\",\"@graph\":[{\"@type\":\"Article\",\"@id\":\"https:\\\/\\\/www.organisator.ch\\\/management\\\/it\\\/2019-07-23\\\/st-gallen-vergibt-auftrag-an-abraxas\\\/#article\",\"isPartOf\":{\"@id\":\"https:\\\/\\\/www.organisator.ch\\\/management\\\/it\\\/2019-07-23\\\/st-gallen-vergibt-auftrag-an-abraxas\\\/\"},\"author\":{\"name\":\"michael.merz\",\"@id\":\"https:\\\/\\\/www.organisator.ch\\\/#\\\/schema\\\/person\\\/134708ca9321c57b0362cceb7948ffbd\"},\"headline\":\"St.Gallen vergibt Auftrag an Abraxas\",\"datePublished\":\"2019-07-23T12:32:33+00:00\",\"mainEntityOfPage\":{\"@id\":\"https:\\\/\\\/www.organisator.ch\\\/management\\\/it\\\/2019-07-23\\\/st-gallen-vergibt-auftrag-an-abraxas\\\/\"},\"wordCount\":409,\"commentCount\":0,\"publisher\":{\"@id\":\"https:\\\/\\\/www.organisator.ch\\\/#organization\"},\"image\":{\"@id\":\"https:\\\/\\\/www.organisator.ch\\\/management\\\/it\\\/2019-07-23\\\/st-gallen-vergibt-auftrag-an-abraxas\\\/#primaryimage\"},\"thumbnailUrl\":\"https:\\\/\\\/www.organisator.ch\\\/wp-content\\\/uploads\\\/2019\\\/07\\\/StGallenAltstadt.jpg\",\"keywords\":[\"IT\",\"Kooperation\",\"Vewaltung\"],\"articleSection\":[\"IT\"],\"inLanguage\":\"fr-FR\"},{\"@type\":\"WebPage\",\"@id\":\"https:\\\/\\\/www.organisator.ch\\\/management\\\/it\\\/2019-07-23\\\/st-gallen-vergibt-auftrag-an-abraxas\\\/\",\"url\":\"https:\\\/\\\/www.organisator.ch\\\/management\\\/it\\\/2019-07-23\\\/st-gallen-vergibt-auftrag-an-abraxas\\\/\",\"name\":\"St.Gallen vergibt Auftrag an Abraxas - Organisator\",\"isPartOf\":{\"@id\":\"https:\\\/\\\/www.organisator.ch\\\/#website\"},\"primaryImageOfPage\":{\"@id\":\"https:\\\/\\\/www.organisator.ch\\\/management\\\/it\\\/2019-07-23\\\/st-gallen-vergibt-auftrag-an-abraxas\\\/#primaryimage\"},\"image\":{\"@id\":\"https:\\\/\\\/www.organisator.ch\\\/management\\\/it\\\/2019-07-23\\\/st-gallen-vergibt-auftrag-an-abraxas\\\/#primaryimage\"},\"thumbnailUrl\":\"https:\\\/\\\/www.organisator.ch\\\/wp-content\\\/uploads\\\/2019\\\/07\\\/StGallenAltstadt.jpg\",\"datePublished\":\"2019-07-23T12:32:33+00:00\",\"description\":\"Abacus und Abraxas zeitigt Erfolge: Die Stadt St.Gallen hat heute die Auftragsvergabe f\u00fcr eine neue Personal- und Finanzsoftware bekanntgegeben.\",\"breadcrumb\":{\"@id\":\"https:\\\/\\\/www.organisator.ch\\\/management\\\/it\\\/2019-07-23\\\/st-gallen-vergibt-auftrag-an-abraxas\\\/#breadcrumb\"},\"inLanguage\":\"fr-FR\",\"potentialAction\":[{\"@type\":\"ReadAction\",\"target\":[\"https:\\\/\\\/www.organisator.ch\\\/management\\\/it\\\/2019-07-23\\\/st-gallen-vergibt-auftrag-an-abraxas\\\/\"]}]},{\"@type\":\"ImageObject\",\"inLanguage\":\"fr-FR\",\"@id\":\"https:\\\/\\\/www.organisator.ch\\\/management\\\/it\\\/2019-07-23\\\/st-gallen-vergibt-auftrag-an-abraxas\\\/#primaryimage\",\"url\":\"https:\\\/\\\/www.organisator.ch\\\/wp-content\\\/uploads\\\/2019\\\/07\\\/StGallenAltstadt.jpg\",\"contentUrl\":\"https:\\\/\\\/www.organisator.ch\\\/wp-content\\\/uploads\\\/2019\\\/07\\\/StGallenAltstadt.jpg\",\"width\":640,\"height\":480,\"caption\":\"Die St. Galler Altstadt (Bild \u00fcbertragen aus fr.wikipedia)\"},{\"@type\":\"BreadcrumbList\",\"@id\":\"https:\\\/\\\/www.organisator.ch\\\/management\\\/it\\\/2019-07-23\\\/st-gallen-vergibt-auftrag-an-abraxas\\\/#breadcrumb\",\"itemListElement\":[{\"@type\":\"ListItem\",\"position\":1,\"name\":\"Home\",\"item\":\"https:\\\/\\\/www.organisator.ch\\\/\"},{\"@type\":\"ListItem\",\"position\":2,\"name\":\"St.Gallen vergibt Auftrag an Abraxas\"}]},{\"@type\":\"WebSite\",\"@id\":\"https:\\\/\\\/www.organisator.ch\\\/#website\",\"url\":\"https:\\\/\\\/www.organisator.ch\\\/\",\"name\":\"Organisator\",\"description\":\"Kompetent. Praxisnah. Der ORGANISATOR bereitet in 10 Ausgaben pro Jahr die wesentlichen Themen f\u00fcr F\u00fchrungskr\u00e4fte von KMU auf.\",\"publisher\":{\"@id\":\"https:\\\/\\\/www.organisator.ch\\\/#organization\"},\"potentialAction\":[{\"@type\":\"SearchAction\",\"target\":{\"@type\":\"EntryPoint\",\"urlTemplate\":\"https:\\\/\\\/www.organisator.ch\\\/?s={search_term_string}\"},\"query-input\":{\"@type\":\"PropertyValueSpecification\",\"valueRequired\":true,\"valueName\":\"search_term_string\"}}],\"inLanguage\":\"fr-FR\"},{\"@type\":\"Organization\",\"@id\":\"https:\\\/\\\/www.organisator.ch\\\/#organization\",\"name\":\"Organisator\",\"url\":\"https:\\\/\\\/www.organisator.ch\\\/\",\"logo\":{\"@type\":\"ImageObject\",\"inLanguage\":\"fr-FR\",\"@id\":\"https:\\\/\\\/www.organisator.ch\\\/#\\\/schema\\\/logo\\\/image\\\/\",\"url\":\"https:\\\/\\\/www.organisator.ch\\\/wp-content\\\/uploads\\\/2022\\\/01\\\/Logo_Organisator_Website.png\",\"contentUrl\":\"https:\\\/\\\/www.organisator.ch\\\/wp-content\\\/uploads\\\/2022\\\/01\\\/Logo_Organisator_Website.png\",\"width\":800,\"height\":77,\"caption\":\"Organisator\"},\"image\":{\"@id\":\"https:\\\/\\\/www.organisator.ch\\\/#\\\/schema\\\/logo\\\/image\\\/\"},\"sameAs\":[\"https:\\\/\\\/www.facebook.com\\\/OrganisatorFachmagazin\",\"https:\\\/\\\/www.linkedin.com\\\/showcase\\\/organisator-das-magazin-fr-kmu\",\"https:\\\/\\\/www.xing.com\\\/news\\\/pages\\\/organisator-ch-695\",\"https:\\\/\\\/www.youtube.com\\\/channel\\\/UCGP2Sq0iWaZwT3BdIAQFYpw\"]},{\"@type\":\"Person\",\"@id\":\"https:\\\/\\\/www.organisator.ch\\\/#\\\/schema\\\/person\\\/134708ca9321c57b0362cceb7948ffbd\",\"name\":\"michael.merz\",\"image\":{\"@type\":\"ImageObject\",\"inLanguage\":\"fr-FR\",\"@id\":\"https:\\\/\\\/secure.gravatar.com\\\/avatar\\\/?s=96&d=mm&r=g\",\"url\":\"https:\\\/\\\/secure.gravatar.com\\\/avatar\\\/?s=96&d=mm&r=g\",\"contentUrl\":\"https:\\\/\\\/secure.gravatar.com\\\/avatar\\\/?s=96&d=mm&r=g\",\"caption\":\"michael.merz\"},\"url\":\"https:\\\/\\\/www.organisator.ch\\\/fr\\\/author\\\/michael-merz\\\/\"}]}<\/script>\n<!-- \/ Yoast SEO plugin. -->","yoast_head_json":{"title":"Saint-Gall confie un mandat \u00e0 Abraxas - Organisateur","description":"Abacus et Abraxas remportent des succ\u00e8s : la ville de Saint-Gall a annonc\u00e9 aujourd'hui l'attribution d'un contrat pour un nouveau logiciel de gestion du personnel et des finances.","robots":{"index":"index","follow":"follow","max-snippet":"max-snippet:-1","max-image-preview":"max-image-preview:large","max-video-preview":"max-video-preview:-1"},"canonical":"https:\/\/www.organisator.ch\/fr\/gestion-2\/it\/2019-07-23\/st-gallen-vergibt-auftrag-an-abraxas\/","og_locale":"fr_FR","og_type":"article","og_title":"St.Gallen vergibt Auftrag an Abraxas - Organisator","og_description":"Abacus und Abraxas zeitigt Erfolge: Die Stadt St.Gallen hat heute die Auftragsvergabe f\u00fcr eine neue Personal- und Finanzsoftware bekanntgegeben.","og_url":"https:\/\/www.organisator.ch\/fr\/gestion-2\/it\/2019-07-23\/st-gallen-vergibt-auftrag-an-abraxas\/","og_site_name":"Organisator","article_publisher":"https:\/\/www.facebook.com\/OrganisatorFachmagazin","article_published_time":"2019-07-23T12:32:33+00:00","og_image":[{"width":640,"height":480,"url":"https:\/\/www.organisator.ch\/wp-content\/uploads\/2019\/07\/StGallenAltstadt.jpg","type":"image\/jpeg"}],"author":"michael.merz","twitter_card":"summary_large_image","schema":{"@context":"https:\/\/schema.org","@graph":[{"@type":"Article","@id":"https:\/\/www.organisator.ch\/management\/it\/2019-07-23\/st-gallen-vergibt-auftrag-an-abraxas\/#article","isPartOf":{"@id":"https:\/\/www.organisator.ch\/management\/it\/2019-07-23\/st-gallen-vergibt-auftrag-an-abraxas\/"},"author":{"name":"michael.merz","@id":"https:\/\/www.organisator.ch\/#\/schema\/person\/134708ca9321c57b0362cceb7948ffbd"},"headline":"St.Gallen vergibt Auftrag an Abraxas","datePublished":"2019-07-23T12:32:33+00:00","mainEntityOfPage":{"@id":"https:\/\/www.organisator.ch\/management\/it\/2019-07-23\/st-gallen-vergibt-auftrag-an-abraxas\/"},"wordCount":409,"commentCount":0,"publisher":{"@id":"https:\/\/www.organisator.ch\/#organization"},"image":{"@id":"https:\/\/www.organisator.ch\/management\/it\/2019-07-23\/st-gallen-vergibt-auftrag-an-abraxas\/#primaryimage"},"thumbnailUrl":"https:\/\/www.organisator.ch\/wp-content\/uploads\/2019\/07\/StGallenAltstadt.jpg","keywords":["IT","Kooperation","Vewaltung"],"articleSection":["IT"],"inLanguage":"fr-FR"},{"@type":"WebPage","@id":"https:\/\/www.organisator.ch\/management\/it\/2019-07-23\/st-gallen-vergibt-auftrag-an-abraxas\/","url":"https:\/\/www.organisator.ch\/management\/it\/2019-07-23\/st-gallen-vergibt-auftrag-an-abraxas\/","name":"Saint-Gall confie un mandat \u00e0 Abraxas - Organisateur","isPartOf":{"@id":"https:\/\/www.organisator.ch\/#website"},"primaryImageOfPage":{"@id":"https:\/\/www.organisator.ch\/management\/it\/2019-07-23\/st-gallen-vergibt-auftrag-an-abraxas\/#primaryimage"},"image":{"@id":"https:\/\/www.organisator.ch\/management\/it\/2019-07-23\/st-gallen-vergibt-auftrag-an-abraxas\/#primaryimage"},"thumbnailUrl":"https:\/\/www.organisator.ch\/wp-content\/uploads\/2019\/07\/StGallenAltstadt.jpg","datePublished":"2019-07-23T12:32:33+00:00","description":"Abacus et Abraxas remportent des succ\u00e8s : la ville de Saint-Gall a annonc\u00e9 aujourd'hui l'attribution d'un contrat pour un nouveau logiciel de gestion du personnel et des finances.","breadcrumb":{"@id":"https:\/\/www.organisator.ch\/management\/it\/2019-07-23\/st-gallen-vergibt-auftrag-an-abraxas\/#breadcrumb"},"inLanguage":"fr-FR","potentialAction":[{"@type":"ReadAction","target":["https:\/\/www.organisator.ch\/management\/it\/2019-07-23\/st-gallen-vergibt-auftrag-an-abraxas\/"]}]},{"@type":"ImageObject","inLanguage":"fr-FR","@id":"https:\/\/www.organisator.ch\/management\/it\/2019-07-23\/st-gallen-vergibt-auftrag-an-abraxas\/#primaryimage","url":"https:\/\/www.organisator.ch\/wp-content\/uploads\/2019\/07\/StGallenAltstadt.jpg","contentUrl":"https:\/\/www.organisator.ch\/wp-content\/uploads\/2019\/07\/StGallenAltstadt.jpg","width":640,"height":480,"caption":"Die St. Galler Altstadt (Bild \u00fcbertragen aus fr.wikipedia)"},{"@type":"BreadcrumbList","@id":"https:\/\/www.organisator.ch\/management\/it\/2019-07-23\/st-gallen-vergibt-auftrag-an-abraxas\/#breadcrumb","itemListElement":[{"@type":"ListItem","position":1,"name":"Home","item":"https:\/\/www.organisator.ch\/"},{"@type":"ListItem","position":2,"name":"St.Gallen vergibt Auftrag an Abraxas"}]},{"@type":"WebSite","@id":"https:\/\/www.organisator.ch\/#website","url":"https:\/\/www.organisator.ch\/","name":"Organisateur","description":"Comp\u00e9tence et comp\u00e9tence. Proches de la pratique. L'ORGANISATEUR pr\u00e9pare 10 num\u00e9ros par an sur les th\u00e8mes essentiels pour les dirigeants de PME.","publisher":{"@id":"https:\/\/www.organisator.ch\/#organization"},"potentialAction":[{"@type":"SearchAction","target":{"@type":"EntryPoint","urlTemplate":"https:\/\/www.organisator.ch\/?s={search_term_string}"},"query-input":{"@type":"PropertyValueSpecification","valueRequired":true,"valueName":"search_term_string"}}],"inLanguage":"fr-FR"},{"@type":"Organization","@id":"https:\/\/www.organisator.ch\/#organization","name":"Organisateur","url":"https:\/\/www.organisator.ch\/","logo":{"@type":"ImageObject","inLanguage":"fr-FR","@id":"https:\/\/www.organisator.ch\/#\/schema\/logo\/image\/","url":"https:\/\/www.organisator.ch\/wp-content\/uploads\/2022\/01\/Logo_Organisator_Website.png","contentUrl":"https:\/\/www.organisator.ch\/wp-content\/uploads\/2022\/01\/Logo_Organisator_Website.png","width":800,"height":77,"caption":"Organisator"},"image":{"@id":"https:\/\/www.organisator.ch\/#\/schema\/logo\/image\/"},"sameAs":["https:\/\/www.facebook.com\/OrganisatorFachmagazin","https:\/\/www.linkedin.com\/showcase\/organisator-das-magazin-fr-kmu","https:\/\/www.xing.com\/news\/pages\/organisator-ch-695","https:\/\/www.youtube.com\/channel\/UCGP2Sq0iWaZwT3BdIAQFYpw"]},{"@type":"Person","@id":"https:\/\/www.organisator.ch\/#\/schema\/person\/134708ca9321c57b0362cceb7948ffbd","name":"michael.merz","image":{"@type":"ImageObject","inLanguage":"fr-FR","@id":"https:\/\/secure.gravatar.com\/avatar\/?s=96&d=mm&r=g","url":"https:\/\/secure.gravatar.com\/avatar\/?s=96&d=mm&r=g","contentUrl":"https:\/\/secure.gravatar.com\/avatar\/?s=96&d=mm&r=g","caption":"michael.merz"},"url":"https:\/\/www.organisator.ch\/fr\/author\/michael-merz\/"}]}},"_links":{"self":[{"href":"https:\/\/www.organisator.ch\/fr\/wp-json\/wp\/v2\/posts\/5577","targetHints":{"allow":["GET"]}}],"collection":[{"href":"https:\/\/www.organisator.ch\/fr\/wp-json\/wp\/v2\/posts"}],"about":[{"href":"https:\/\/www.organisator.ch\/fr\/wp-json\/wp\/v2\/types\/post"}],"author":[{"embeddable":true,"href":"https:\/\/www.organisator.ch\/fr\/wp-json\/wp\/v2\/users\/5"}],"replies":[{"embeddable":true,"href":"https:\/\/www.organisator.ch\/fr\/wp-json\/wp\/v2\/comments?post=5577"}],"version-history":[{"count":0,"href":"https:\/\/www.organisator.ch\/fr\/wp-json\/wp\/v2\/posts\/5577\/revisions"}],"wp:featuredmedia":[{"embeddable":true,"href":"https:\/\/www.organisator.ch\/fr\/wp-json\/wp\/v2\/media\/5578"}],"wp:attachment":[{"href":"https:\/\/www.organisator.ch\/fr\/wp-json\/wp\/v2\/media?parent=5577"}],"wp:term":[{"taxonomy":"category","embeddable":true,"href":"https:\/\/www.organisator.ch\/fr\/wp-json\/wp\/v2\/categories?post=5577"},{"taxonomy":"post_tag","embeddable":true,"href":"https:\/\/www.organisator.ch\/fr\/wp-json\/wp\/v2\/tags?post=5577"}],"curies":[{"name":"wp","href":"https:\/\/api.w.org\/{rel}","templated":true}]}}