{"id":5580,"date":"2019-07-23T14:46:07","date_gmt":"2019-07-23T12:46:07","guid":{"rendered":"https:\/\/www.organisator.ch\/?p=5580"},"modified":"2019-07-23T14:46:07","modified_gmt":"2019-07-23T12:46:07","slug":"so-gelingt-coworking-auf-dem-land","status":"publish","type":"post","link":"https:\/\/www.organisator.ch\/fr\/human-resources\/hrm\/2019-07-23\/so-gelingt-coworking-auf-dem-land\/","title":{"rendered":"Comment r\u00e9ussir le coworking \u00e0 la campagne"},"content":{"rendered":"<figure id=\"attachment_5582\" aria-describedby=\"caption-attachment-5582\" style=\"width: 680px\" class=\"wp-caption alignnone\"><img loading=\"lazy\" decoding=\"async\" class=\"size-medium wp-image-5582\" src=\"https:\/\/www.organisator.ch\/wp-content\/uploads\/2019\/07\/christian_amstad_brownbageffinger.width-2500.png\" alt=\"\" width=\"680\" height=\"449\" srcset=\"https:\/\/www.organisator.ch\/wp-content\/uploads\/2019\/07\/christian_amstad_brownbageffinger.width-2500.png 2306w, https:\/\/www.organisator.ch\/wp-content\/uploads\/2019\/07\/christian_amstad_brownbageffinger.width-2500-680x449.png 680w, https:\/\/www.organisator.ch\/wp-content\/uploads\/2019\/07\/christian_amstad_brownbageffinger.width-2500-1024x677.png 1024w, https:\/\/www.organisator.ch\/wp-content\/uploads\/2019\/07\/christian_amstad_brownbageffinger.width-2500-768x508.png 768w, https:\/\/www.organisator.ch\/wp-content\/uploads\/2019\/07\/christian_amstad_brownbageffinger.width-2500-1536x1015.png 1536w, https:\/\/www.organisator.ch\/wp-content\/uploads\/2019\/07\/christian_amstad_brownbageffinger.width-2500-2048x1353.png 2048w, https:\/\/www.organisator.ch\/wp-content\/uploads\/2019\/07\/christian_amstad_brownbageffinger.width-2500-16x12.png 16w, https:\/\/www.organisator.ch\/wp-content\/uploads\/2019\/07\/christian_amstad_brownbageffinger.width-2500-265x175.png 265w, https:\/\/www.organisator.ch\/wp-content\/uploads\/2019\/07\/christian_amstad_brownbageffinger.width-2500-530x350.png 530w, https:\/\/www.organisator.ch\/wp-content\/uploads\/2019\/07\/christian_amstad_brownbageffinger.width-2500-1210x800.png 1210w, https:\/\/www.organisator.ch\/wp-content\/uploads\/2019\/07\/christian_amstad_brownbageffinger.width-2500-920x608.png 920w, https:\/\/www.organisator.ch\/wp-content\/uploads\/2019\/07\/christian_amstad_brownbageffinger.width-2500-1400x925.png 1400w, https:\/\/www.organisator.ch\/wp-content\/uploads\/2019\/07\/christian_amstad_brownbageffinger.width-2500-300x198.png 300w\" sizes=\"auto, (max-width: 680px) 100vw, 680px\" \/><figcaption id=\"caption-attachment-5582\" class=\"wp-caption-text\">Chrisitan Amstad explique les principaux piliers d'un co-working r\u00e9ussi dans les communes. (Image : zVg)<\/figcaption><\/figure>\n<p>Un espace de coworking est un lieu o\u00f9 l'on travaille. Cela signifie que l'infrastructure de travail y est disponible. Mais un espace de coworking est aussi un lieu d'interaction sociale et de cr\u00e9ation. Un m\u00e9lange d'\u00e9coute, de narration, d'\u00e9change et d'enrichissement. Un peu comme le couchsurfing, selon Christian Amstad. Il existe diff\u00e9rents concepts et objectifs pour les espaces de coworking. Mais les espaces de coworking qui r\u00e9ussissent ont tous un d\u00e9nominateur commun : l'utilisation. Plus un espace de coworking est occup\u00e9, plus il a du succ\u00e8s.<\/p>\n<h3>Les espaces de coworking qui r\u00e9ussissent se reconnaissent \u00e0 leur utilisation<\/h3>\n<p>Il est midi. Au premier \u00e9tage du <a href=\"https:\/\/www.effinger.ch\/\">Espaces de coworking Effinger<\/a> il n'y a plus une chaise de libre. Les papiers des sandwichs cr\u00e9pitent timidement, les fourchettes s'entrechoquent doucement dans les r\u00e9cipients \u00e0 emporter. La tension et l'impatience montent. \"Facteurs de r\u00e9ussite des espaces de coworking dans les communes rurales et urbaines en dehors des grands centres. C'est le titre de mon travail de master\". <a href=\"https:\/\/www.linkedin.com\/in\/christian-amstad-1289b915a\/\">Christian Amstad<\/a> commence son brownbag. Pendant l'heure qui suit, il explique aux d\u00e9jeuners int\u00e9ress\u00e9s avec quoi il a pass\u00e9 les huit derniers mois pour son travail de master \u00e0 l'universit\u00e9 de Zurich, sur mandat de VillageOffice. <a href=\"https:\/\/www.hslu.ch\/de-ch\/wirtschaft\/\">HSLU \u00c9conomie<\/a> a \u00e9t\u00e9 tr\u00e8s occup\u00e9. Nous \u00e9tions pr\u00e9sents. Un aper\u00e7u.<\/p>\n<div class=\"l-block l-block--gutter l-block--row-small l-block--text l-block--spacing l-block--center\">\n<h3>Ces sept facteurs contribuent \u00e0 la r\u00e9ussite<\/h3>\n<div class=\"rich-text\">\n<p>Dans son travail de master, Christian Amstad cite sept facteurs de r\u00e9ussite pour les espaces de coworking dans les zones rurales. Il est possible d'influencer les cinq premiers facteurs. Pour les facteurs 6 et 7, il n'y a gu\u00e8re de marge de man\u0153uvre.<\/p>\n<p><b>1 - Aide au d\u00e9marrage<\/b>:<\/p>\n<p>Les communes, les propri\u00e9taires immobiliers, les sponsors et les exploitants de coworking peuvent aider \u00e0 r\u00e9duire les co\u00fbts de fonctionnement pendant la phase de d\u00e9marrage. Par exemple : des loyers r\u00e9duits, un soutien financier ou mat\u00e9riel, du travail non r\u00e9mun\u00e9r\u00e9.<\/p>\n<p><b>2 - R\u00e9seau personnel<\/b>:<\/p>\n<p>La taille du r\u00e9seau influence le potentiel d'utilisation et pose la premi\u00e8re pierre d'une communaut\u00e9 active. Le r\u00e9seautage personnel joue un r\u00f4le crucial dans les communaut\u00e9s rurales - en particulier avec les voisins.<\/p>\n<p><b>3 - Communaut\u00e9 :<\/b><\/p>\n<p>Une communaut\u00e9 de travail avec des valeurs v\u00e9cues ensemble assure un taux d'occupation minimal de l'espace. Plus un espace de coworking est rural et petit, moins il faut de personnes pour qu'un groupe de fondateurs fonctionne.<\/p>\n<p><b>4 - Personnes motiv\u00e9es &amp; forme d'organisation<\/b>:<\/p>\n<p>Les exploitants de coworking d\u00e9fendent leur r\u00e9gion et sont intrins\u00e8quement motiv\u00e9s. Ils choisissent une forme d'organisation qui permet d'adapter les conditions cadres et de faire participer la communaut\u00e9.<\/p>\n<p><b>5 - Une offre attrayante :<\/b><\/p>\n<p>Sans une bonne offre, aucun espace de coworking ne survit. Elle comprend les \u00e9l\u00e9ments suivants : L'atmosph\u00e8re, l'emplacement, l'acc\u00e8s, le rapport qualit\u00e9-prix, l'infrastructure.<\/p>\n<p><b>6 - Environnement lib\u00e9ral<\/b>:<\/p>\n<p>Plus l'attitude fondamentale lib\u00e9rale d'une population est grande, plus celle-ci est ouverte \u00e0 la nouveaut\u00e9 et int\u00e9ress\u00e9e par de nouvelles formes de travail.<\/p>\n<p><b>7 - Promouvoir les conditions g\u00e9n\u00e9rales<\/b>:<\/p>\n<p>Pour que le coworking perdure et continue \u00e0 se d\u00e9velopper, il faut un soutien de la part des politiques (promotion du travail d\u00e9centralis\u00e9) et des entreprises (employee branding des entreprises).<\/p>\n<\/div>\n<\/div>\n<div class=\"l-block l-block--gutter l-block--row-small l-block--text l-block--spacing l-block--center\">\n<h3><\/h3>\n<h3>Vid\u00e9o de pr\u00e9sentation : Pr\u00e9sentation du travail de master avec Christian Amstad au Brownbag en <a href=\"https:\/\/www.effinger.ch\/\">Espace de coworking Effinger<\/a><\/h3>\n<p><iframe loading=\"lazy\" title=\"Coworking \u00e0 la campagne | Christian Amstad | Brownbag \u00e0 Effinger\" width=\"768\" height=\"432\" src=\"https:\/\/www.youtube.com\/embed\/MkJ2ZBtt0v8?feature=oembed\" frameborder=\"0\" allow=\"accelerometer; autoplay; clipboard-write; encrypted-media; gyroscope; picture-in-picture\" allowfullscreen><\/iframe><\/p>\n<\/div>\n<p>&nbsp;<\/p>\n<p>Nous emportons avec nous les cl\u00e9s de vo\u00fbte de son travail de master et nous nous r\u00e9jouissons d'avoir <a href=\"https:\/\/villageoffice.ch\/de\/ueber-uns\/%C3%BCber-uns\/\">VillageOffice Vision<\/a> de continuer \u00e0 faire avancer les choses - en collaboration avec <a href=\"https:\/\/villageoffice.ch\/de\/angebot\/gemeinde\/\">Communes<\/a>, <a href=\"https:\/\/villageoffice.ch\/de\/angebot\/immobilieneigentuemer\/\">Propri\u00e9taires de biens immobiliers<\/a>, <a href=\"https:\/\/villageoffice.ch\/de\/angebot\/unternehmen\/\">Entreprise<\/a> et <a href=\"https:\/\/villageoffice.ch\/de\/angebot\/coworking-betreiber\/\">Coworker<\/a>.<\/p>\n<p>&nbsp;<\/p>\n<p>&nbsp;<\/p>","protected":false},"excerpt":{"rendered":"<p>Ein Coworking Space ist ein Ort, an dem gearbeitet wird. Das heisst, an dem die Arbeitsinfrastruktur vorhanden ist. Ein Coworking Space ist aber auch ein Ort, an dem soziale Interaktion stattfindet und ein kreativer N\u00e4hrboden ensteht. Ein bunt durchmischtes Zuh\u00f6ren, Erz\u00e4hlen, Austauschen, Bereichern. \u00c4hnlich wie beim Couchsurfing, meint Christian Amstad. Es gibt unterschiedliche Konzepte und [&hellip;]<\/p>\n","protected":false},"author":5,"featured_media":5582,"comment_status":"open","ping_status":"open","sticky":false,"template":"","format":"standard","meta":{"_acf_changed":false,"_yoast_wpseo_focuskw":"Coworking","_yoast_wpseo_metadesc":"Welches sind die Erfolgsfaktoren von Coworking Spaces ausserhalb von grossen St\u00e4dten? Was zeichnet einen erfolgreichen Coworking Space aus?","articlekey":"","footnotes":""},"categories":[26],"tags":[114,124,231,424],"class_list":["post-5580","post","type-post","status-publish","format-standard","has-post-thumbnail","hentry","category-hrm","tag-checkliste","tag-co-working","tag-gemeinden","tag-schweiz"],"acf":[],"yoast_head":"<!-- This site is optimized with the Yoast SEO plugin v27.4 - https:\/\/yoast.com\/product\/yoast-seo-wordpress\/ -->\n<title>So gelingt Coworking auf dem Land - Organisator<\/title>\n<meta name=\"description\" content=\"Welches sind die Erfolgsfaktoren von Coworking Spaces ausserhalb von grossen St\u00e4dten? Was zeichnet einen erfolgreichen Coworking Space aus?\" \/>\n<meta name=\"robots\" content=\"index, follow, max-snippet:-1, max-image-preview:large, max-video-preview:-1\" \/>\n<link rel=\"canonical\" href=\"https:\/\/www.organisator.ch\/fr\/ressources-humaines\/hrm\/2019-07-23\/so-gelingt-coworking-auf-dem-land\/\" \/>\n<meta property=\"og:locale\" content=\"fr_FR\" \/>\n<meta property=\"og:type\" content=\"article\" \/>\n<meta property=\"og:title\" content=\"So gelingt Coworking auf dem Land - Organisator\" \/>\n<meta property=\"og:description\" content=\"Welches sind die Erfolgsfaktoren von Coworking Spaces ausserhalb von grossen St\u00e4dten? Was zeichnet einen erfolgreichen Coworking Space aus?\" \/>\n<meta property=\"og:url\" content=\"https:\/\/www.organisator.ch\/fr\/ressources-humaines\/hrm\/2019-07-23\/so-gelingt-coworking-auf-dem-land\/\" \/>\n<meta property=\"og:site_name\" content=\"Organisator\" \/>\n<meta property=\"article:publisher\" content=\"https:\/\/www.facebook.com\/OrganisatorFachmagazin\" \/>\n<meta property=\"article:published_time\" content=\"2019-07-23T12:46:07+00:00\" \/>\n<meta property=\"og:image\" content=\"https:\/\/www.organisator.ch\/wp-content\/uploads\/2019\/07\/christian_amstad_brownbageffinger.width-2500-1024x677.png\" \/>\n\t<meta property=\"og:image:width\" content=\"1024\" \/>\n\t<meta property=\"og:image:height\" content=\"677\" \/>\n\t<meta property=\"og:image:type\" content=\"image\/png\" \/>\n<meta name=\"author\" content=\"michael.merz\" \/>\n<meta name=\"twitter:card\" content=\"summary_large_image\" \/>\n<script type=\"application\/ld+json\" class=\"yoast-schema-graph\">{\"@context\":\"https:\\\/\\\/schema.org\",\"@graph\":[{\"@type\":\"Article\",\"@id\":\"https:\\\/\\\/www.organisator.ch\\\/human-resources\\\/hrm\\\/2019-07-23\\\/so-gelingt-coworking-auf-dem-land\\\/#article\",\"isPartOf\":{\"@id\":\"https:\\\/\\\/www.organisator.ch\\\/human-resources\\\/hrm\\\/2019-07-23\\\/so-gelingt-coworking-auf-dem-land\\\/\"},\"author\":{\"name\":\"michael.merz\",\"@id\":\"https:\\\/\\\/www.organisator.ch\\\/#\\\/schema\\\/person\\\/134708ca9321c57b0362cceb7948ffbd\"},\"headline\":\"So gelingt Coworking auf dem Land\",\"datePublished\":\"2019-07-23T12:46:07+00:00\",\"mainEntityOfPage\":{\"@id\":\"https:\\\/\\\/www.organisator.ch\\\/human-resources\\\/hrm\\\/2019-07-23\\\/so-gelingt-coworking-auf-dem-land\\\/\"},\"wordCount\":507,\"commentCount\":0,\"publisher\":{\"@id\":\"https:\\\/\\\/www.organisator.ch\\\/#organization\"},\"image\":{\"@id\":\"https:\\\/\\\/www.organisator.ch\\\/human-resources\\\/hrm\\\/2019-07-23\\\/so-gelingt-coworking-auf-dem-land\\\/#primaryimage\"},\"thumbnailUrl\":\"https:\\\/\\\/www.organisator.ch\\\/wp-content\\\/uploads\\\/2019\\\/07\\\/christian_amstad_brownbageffinger.width-2500.png\",\"keywords\":[\"Checkliste\",\"Co-Working\",\"Gemeinden\",\"Schweiz\"],\"articleSection\":[\"HRM\"],\"inLanguage\":\"fr-FR\"},{\"@type\":\"WebPage\",\"@id\":\"https:\\\/\\\/www.organisator.ch\\\/human-resources\\\/hrm\\\/2019-07-23\\\/so-gelingt-coworking-auf-dem-land\\\/\",\"url\":\"https:\\\/\\\/www.organisator.ch\\\/human-resources\\\/hrm\\\/2019-07-23\\\/so-gelingt-coworking-auf-dem-land\\\/\",\"name\":\"So gelingt Coworking auf dem Land - Organisator\",\"isPartOf\":{\"@id\":\"https:\\\/\\\/www.organisator.ch\\\/#website\"},\"primaryImageOfPage\":{\"@id\":\"https:\\\/\\\/www.organisator.ch\\\/human-resources\\\/hrm\\\/2019-07-23\\\/so-gelingt-coworking-auf-dem-land\\\/#primaryimage\"},\"image\":{\"@id\":\"https:\\\/\\\/www.organisator.ch\\\/human-resources\\\/hrm\\\/2019-07-23\\\/so-gelingt-coworking-auf-dem-land\\\/#primaryimage\"},\"thumbnailUrl\":\"https:\\\/\\\/www.organisator.ch\\\/wp-content\\\/uploads\\\/2019\\\/07\\\/christian_amstad_brownbageffinger.width-2500.png\",\"datePublished\":\"2019-07-23T12:46:07+00:00\",\"description\":\"Welches sind die Erfolgsfaktoren von Coworking Spaces ausserhalb von grossen St\u00e4dten? Was zeichnet einen erfolgreichen Coworking Space aus?\",\"breadcrumb\":{\"@id\":\"https:\\\/\\\/www.organisator.ch\\\/human-resources\\\/hrm\\\/2019-07-23\\\/so-gelingt-coworking-auf-dem-land\\\/#breadcrumb\"},\"inLanguage\":\"fr-FR\",\"potentialAction\":[{\"@type\":\"ReadAction\",\"target\":[\"https:\\\/\\\/www.organisator.ch\\\/human-resources\\\/hrm\\\/2019-07-23\\\/so-gelingt-coworking-auf-dem-land\\\/\"]}]},{\"@type\":\"ImageObject\",\"inLanguage\":\"fr-FR\",\"@id\":\"https:\\\/\\\/www.organisator.ch\\\/human-resources\\\/hrm\\\/2019-07-23\\\/so-gelingt-coworking-auf-dem-land\\\/#primaryimage\",\"url\":\"https:\\\/\\\/www.organisator.ch\\\/wp-content\\\/uploads\\\/2019\\\/07\\\/christian_amstad_brownbageffinger.width-2500.png\",\"contentUrl\":\"https:\\\/\\\/www.organisator.ch\\\/wp-content\\\/uploads\\\/2019\\\/07\\\/christian_amstad_brownbageffinger.width-2500.png\",\"width\":2306,\"height\":1524,\"caption\":\"Chrisitan Amstad erkl\u00e4rt die wichtigsten Eckpfeiler f\u00fcr ein gelungenes Co-Working in Gemeinden. (Bild: zVg)\"},{\"@type\":\"BreadcrumbList\",\"@id\":\"https:\\\/\\\/www.organisator.ch\\\/human-resources\\\/hrm\\\/2019-07-23\\\/so-gelingt-coworking-auf-dem-land\\\/#breadcrumb\",\"itemListElement\":[{\"@type\":\"ListItem\",\"position\":1,\"name\":\"Home\",\"item\":\"https:\\\/\\\/www.organisator.ch\\\/\"},{\"@type\":\"ListItem\",\"position\":2,\"name\":\"So gelingt Coworking auf dem Land\"}]},{\"@type\":\"WebSite\",\"@id\":\"https:\\\/\\\/www.organisator.ch\\\/#website\",\"url\":\"https:\\\/\\\/www.organisator.ch\\\/\",\"name\":\"Organisator\",\"description\":\"Kompetent. Praxisnah. Der ORGANISATOR bereitet in 10 Ausgaben pro Jahr die wesentlichen Themen f\u00fcr F\u00fchrungskr\u00e4fte von KMU auf.\",\"publisher\":{\"@id\":\"https:\\\/\\\/www.organisator.ch\\\/#organization\"},\"potentialAction\":[{\"@type\":\"SearchAction\",\"target\":{\"@type\":\"EntryPoint\",\"urlTemplate\":\"https:\\\/\\\/www.organisator.ch\\\/?s={search_term_string}\"},\"query-input\":{\"@type\":\"PropertyValueSpecification\",\"valueRequired\":true,\"valueName\":\"search_term_string\"}}],\"inLanguage\":\"fr-FR\"},{\"@type\":\"Organization\",\"@id\":\"https:\\\/\\\/www.organisator.ch\\\/#organization\",\"name\":\"Organisator\",\"url\":\"https:\\\/\\\/www.organisator.ch\\\/\",\"logo\":{\"@type\":\"ImageObject\",\"inLanguage\":\"fr-FR\",\"@id\":\"https:\\\/\\\/www.organisator.ch\\\/#\\\/schema\\\/logo\\\/image\\\/\",\"url\":\"https:\\\/\\\/www.organisator.ch\\\/wp-content\\\/uploads\\\/2022\\\/01\\\/Logo_Organisator_Website.png\",\"contentUrl\":\"https:\\\/\\\/www.organisator.ch\\\/wp-content\\\/uploads\\\/2022\\\/01\\\/Logo_Organisator_Website.png\",\"width\":800,\"height\":77,\"caption\":\"Organisator\"},\"image\":{\"@id\":\"https:\\\/\\\/www.organisator.ch\\\/#\\\/schema\\\/logo\\\/image\\\/\"},\"sameAs\":[\"https:\\\/\\\/www.facebook.com\\\/OrganisatorFachmagazin\",\"https:\\\/\\\/www.linkedin.com\\\/showcase\\\/organisator-das-magazin-fr-kmu\",\"https:\\\/\\\/www.xing.com\\\/news\\\/pages\\\/organisator-ch-695\",\"https:\\\/\\\/www.youtube.com\\\/channel\\\/UCGP2Sq0iWaZwT3BdIAQFYpw\"]},{\"@type\":\"Person\",\"@id\":\"https:\\\/\\\/www.organisator.ch\\\/#\\\/schema\\\/person\\\/134708ca9321c57b0362cceb7948ffbd\",\"name\":\"michael.merz\",\"image\":{\"@type\":\"ImageObject\",\"inLanguage\":\"fr-FR\",\"@id\":\"https:\\\/\\\/secure.gravatar.com\\\/avatar\\\/?s=96&d=mm&r=g\",\"url\":\"https:\\\/\\\/secure.gravatar.com\\\/avatar\\\/?s=96&d=mm&r=g\",\"contentUrl\":\"https:\\\/\\\/secure.gravatar.com\\\/avatar\\\/?s=96&d=mm&r=g\",\"caption\":\"michael.merz\"},\"url\":\"https:\\\/\\\/www.organisator.ch\\\/fr\\\/author\\\/michael-merz\\\/\"}]}<\/script>\n<!-- \/ Yoast SEO plugin. -->","yoast_head_json":{"title":"Comment r\u00e9ussir le coworking \u00e0 la campagne - Organisateur","description":"Quels sont les facteurs de r\u00e9ussite des espaces de coworking en dehors des grandes villes ? Qu'est-ce qui caract\u00e9rise un espace de coworking performant ?","robots":{"index":"index","follow":"follow","max-snippet":"max-snippet:-1","max-image-preview":"max-image-preview:large","max-video-preview":"max-video-preview:-1"},"canonical":"https:\/\/www.organisator.ch\/fr\/ressources-humaines\/hrm\/2019-07-23\/so-gelingt-coworking-auf-dem-land\/","og_locale":"fr_FR","og_type":"article","og_title":"So gelingt Coworking auf dem Land - Organisator","og_description":"Welches sind die Erfolgsfaktoren von Coworking Spaces ausserhalb von grossen St\u00e4dten? Was zeichnet einen erfolgreichen Coworking Space aus?","og_url":"https:\/\/www.organisator.ch\/fr\/ressources-humaines\/hrm\/2019-07-23\/so-gelingt-coworking-auf-dem-land\/","og_site_name":"Organisator","article_publisher":"https:\/\/www.facebook.com\/OrganisatorFachmagazin","article_published_time":"2019-07-23T12:46:07+00:00","og_image":[{"width":1024,"height":677,"url":"https:\/\/www.organisator.ch\/wp-content\/uploads\/2019\/07\/christian_amstad_brownbageffinger.width-2500-1024x677.png","type":"image\/png"}],"author":"michael.merz","twitter_card":"summary_large_image","schema":{"@context":"https:\/\/schema.org","@graph":[{"@type":"Article","@id":"https:\/\/www.organisator.ch\/human-resources\/hrm\/2019-07-23\/so-gelingt-coworking-auf-dem-land\/#article","isPartOf":{"@id":"https:\/\/www.organisator.ch\/human-resources\/hrm\/2019-07-23\/so-gelingt-coworking-auf-dem-land\/"},"author":{"name":"michael.merz","@id":"https:\/\/www.organisator.ch\/#\/schema\/person\/134708ca9321c57b0362cceb7948ffbd"},"headline":"So gelingt Coworking auf dem Land","datePublished":"2019-07-23T12:46:07+00:00","mainEntityOfPage":{"@id":"https:\/\/www.organisator.ch\/human-resources\/hrm\/2019-07-23\/so-gelingt-coworking-auf-dem-land\/"},"wordCount":507,"commentCount":0,"publisher":{"@id":"https:\/\/www.organisator.ch\/#organization"},"image":{"@id":"https:\/\/www.organisator.ch\/human-resources\/hrm\/2019-07-23\/so-gelingt-coworking-auf-dem-land\/#primaryimage"},"thumbnailUrl":"https:\/\/www.organisator.ch\/wp-content\/uploads\/2019\/07\/christian_amstad_brownbageffinger.width-2500.png","keywords":["Checkliste","Co-Working","Gemeinden","Schweiz"],"articleSection":["HRM"],"inLanguage":"fr-FR"},{"@type":"WebPage","@id":"https:\/\/www.organisator.ch\/human-resources\/hrm\/2019-07-23\/so-gelingt-coworking-auf-dem-land\/","url":"https:\/\/www.organisator.ch\/human-resources\/hrm\/2019-07-23\/so-gelingt-coworking-auf-dem-land\/","name":"Comment r\u00e9ussir le coworking \u00e0 la campagne - Organisateur","isPartOf":{"@id":"https:\/\/www.organisator.ch\/#website"},"primaryImageOfPage":{"@id":"https:\/\/www.organisator.ch\/human-resources\/hrm\/2019-07-23\/so-gelingt-coworking-auf-dem-land\/#primaryimage"},"image":{"@id":"https:\/\/www.organisator.ch\/human-resources\/hrm\/2019-07-23\/so-gelingt-coworking-auf-dem-land\/#primaryimage"},"thumbnailUrl":"https:\/\/www.organisator.ch\/wp-content\/uploads\/2019\/07\/christian_amstad_brownbageffinger.width-2500.png","datePublished":"2019-07-23T12:46:07+00:00","description":"Quels sont les facteurs de r\u00e9ussite des espaces de coworking en dehors des grandes villes ? Qu'est-ce qui caract\u00e9rise un espace de coworking performant ?","breadcrumb":{"@id":"https:\/\/www.organisator.ch\/human-resources\/hrm\/2019-07-23\/so-gelingt-coworking-auf-dem-land\/#breadcrumb"},"inLanguage":"fr-FR","potentialAction":[{"@type":"ReadAction","target":["https:\/\/www.organisator.ch\/human-resources\/hrm\/2019-07-23\/so-gelingt-coworking-auf-dem-land\/"]}]},{"@type":"ImageObject","inLanguage":"fr-FR","@id":"https:\/\/www.organisator.ch\/human-resources\/hrm\/2019-07-23\/so-gelingt-coworking-auf-dem-land\/#primaryimage","url":"https:\/\/www.organisator.ch\/wp-content\/uploads\/2019\/07\/christian_amstad_brownbageffinger.width-2500.png","contentUrl":"https:\/\/www.organisator.ch\/wp-content\/uploads\/2019\/07\/christian_amstad_brownbageffinger.width-2500.png","width":2306,"height":1524,"caption":"Chrisitan Amstad erkl\u00e4rt die wichtigsten Eckpfeiler f\u00fcr ein gelungenes Co-Working in Gemeinden. (Bild: zVg)"},{"@type":"BreadcrumbList","@id":"https:\/\/www.organisator.ch\/human-resources\/hrm\/2019-07-23\/so-gelingt-coworking-auf-dem-land\/#breadcrumb","itemListElement":[{"@type":"ListItem","position":1,"name":"Home","item":"https:\/\/www.organisator.ch\/"},{"@type":"ListItem","position":2,"name":"So gelingt Coworking auf dem Land"}]},{"@type":"WebSite","@id":"https:\/\/www.organisator.ch\/#website","url":"https:\/\/www.organisator.ch\/","name":"Organisateur","description":"Comp\u00e9tence et comp\u00e9tence. Proches de la pratique. L'ORGANISATEUR pr\u00e9pare 10 num\u00e9ros par an sur les th\u00e8mes essentiels pour les dirigeants de PME.","publisher":{"@id":"https:\/\/www.organisator.ch\/#organization"},"potentialAction":[{"@type":"SearchAction","target":{"@type":"EntryPoint","urlTemplate":"https:\/\/www.organisator.ch\/?s={search_term_string}"},"query-input":{"@type":"PropertyValueSpecification","valueRequired":true,"valueName":"search_term_string"}}],"inLanguage":"fr-FR"},{"@type":"Organization","@id":"https:\/\/www.organisator.ch\/#organization","name":"Organisateur","url":"https:\/\/www.organisator.ch\/","logo":{"@type":"ImageObject","inLanguage":"fr-FR","@id":"https:\/\/www.organisator.ch\/#\/schema\/logo\/image\/","url":"https:\/\/www.organisator.ch\/wp-content\/uploads\/2022\/01\/Logo_Organisator_Website.png","contentUrl":"https:\/\/www.organisator.ch\/wp-content\/uploads\/2022\/01\/Logo_Organisator_Website.png","width":800,"height":77,"caption":"Organisator"},"image":{"@id":"https:\/\/www.organisator.ch\/#\/schema\/logo\/image\/"},"sameAs":["https:\/\/www.facebook.com\/OrganisatorFachmagazin","https:\/\/www.linkedin.com\/showcase\/organisator-das-magazin-fr-kmu","https:\/\/www.xing.com\/news\/pages\/organisator-ch-695","https:\/\/www.youtube.com\/channel\/UCGP2Sq0iWaZwT3BdIAQFYpw"]},{"@type":"Person","@id":"https:\/\/www.organisator.ch\/#\/schema\/person\/134708ca9321c57b0362cceb7948ffbd","name":"michael.merz","image":{"@type":"ImageObject","inLanguage":"fr-FR","@id":"https:\/\/secure.gravatar.com\/avatar\/?s=96&d=mm&r=g","url":"https:\/\/secure.gravatar.com\/avatar\/?s=96&d=mm&r=g","contentUrl":"https:\/\/secure.gravatar.com\/avatar\/?s=96&d=mm&r=g","caption":"michael.merz"},"url":"https:\/\/www.organisator.ch\/fr\/author\/michael-merz\/"}]}},"_links":{"self":[{"href":"https:\/\/www.organisator.ch\/fr\/wp-json\/wp\/v2\/posts\/5580","targetHints":{"allow":["GET"]}}],"collection":[{"href":"https:\/\/www.organisator.ch\/fr\/wp-json\/wp\/v2\/posts"}],"about":[{"href":"https:\/\/www.organisator.ch\/fr\/wp-json\/wp\/v2\/types\/post"}],"author":[{"embeddable":true,"href":"https:\/\/www.organisator.ch\/fr\/wp-json\/wp\/v2\/users\/5"}],"replies":[{"embeddable":true,"href":"https:\/\/www.organisator.ch\/fr\/wp-json\/wp\/v2\/comments?post=5580"}],"version-history":[{"count":0,"href":"https:\/\/www.organisator.ch\/fr\/wp-json\/wp\/v2\/posts\/5580\/revisions"}],"wp:featuredmedia":[{"embeddable":true,"href":"https:\/\/www.organisator.ch\/fr\/wp-json\/wp\/v2\/media\/5582"}],"wp:attachment":[{"href":"https:\/\/www.organisator.ch\/fr\/wp-json\/wp\/v2\/media?parent=5580"}],"wp:term":[{"taxonomy":"category","embeddable":true,"href":"https:\/\/www.organisator.ch\/fr\/wp-json\/wp\/v2\/categories?post=5580"},{"taxonomy":"post_tag","embeddable":true,"href":"https:\/\/www.organisator.ch\/fr\/wp-json\/wp\/v2\/tags?post=5580"}],"curies":[{"name":"wp","href":"https:\/\/api.w.org\/{rel}","templated":true}]}}