{"id":5604,"date":"2019-07-30T08:23:44","date_gmt":"2019-07-30T06:23:44","guid":{"rendered":"https:\/\/www.organisator.ch\/?p=5604"},"modified":"2019-07-30T08:23:44","modified_gmt":"2019-07-30T06:23:44","slug":"unified-communications-und-collaboration-in-kmu-5-tipps-zum-richtigen-einsatz","status":"publish","type":"post","link":"https:\/\/www.organisator.ch\/fr\/management\/it\/2019-07-30\/unified-communications-und-collaboration-in-kmu-5-tipps-zum-richtigen-einsatz\/","title":{"rendered":"Communications unifi\u00e9es et collaboration dans les PME - 5 conseils pour une utilisation correcte"},"content":{"rendered":"<figure id=\"attachment_5605\" aria-describedby=\"caption-attachment-5605\" style=\"width: 680px\" class=\"wp-caption alignnone\"><img loading=\"lazy\" decoding=\"async\" class=\"size-medium wp-image-5605\" src=\"https:\/\/www.organisator.ch\/wp-content\/uploads\/2019\/07\/Unified-Communications-und-Collaboration-in-KMU-5-Tipps-zum-richtigen-Einsatz_Organisator.jpg\" alt=\"\" width=\"680\" height=\"453\" srcset=\"https:\/\/www.organisator.ch\/wp-content\/uploads\/2019\/07\/Unified-Communications-und-Collaboration-in-KMU-5-Tipps-zum-richtigen-Einsatz_Organisator.jpg 680w, https:\/\/www.organisator.ch\/wp-content\/uploads\/2019\/07\/Unified-Communications-und-Collaboration-in-KMU-5-Tipps-zum-richtigen-Einsatz_Organisator-16x12.jpg 16w, https:\/\/www.organisator.ch\/wp-content\/uploads\/2019\/07\/Unified-Communications-und-Collaboration-in-KMU-5-Tipps-zum-richtigen-Einsatz_Organisator-263x175.jpg 263w, https:\/\/www.organisator.ch\/wp-content\/uploads\/2019\/07\/Unified-Communications-und-Collaboration-in-KMU-5-Tipps-zum-richtigen-Einsatz_Organisator-525x350.jpg 525w, https:\/\/www.organisator.ch\/wp-content\/uploads\/2019\/07\/Unified-Communications-und-Collaboration-in-KMU-5-Tipps-zum-richtigen-Einsatz_Organisator-300x200.jpg 300w\" sizes=\"auto, (max-width: 680px) 100vw, 680px\" \/><figcaption id=\"caption-attachment-5605\" class=\"wp-caption-text\">Les communications unifi\u00e9es et la collaboration (UCC) facilitent la collaboration en \u00e9quipe (Source : Atos\/Getty)<\/figcaption><\/figure>\n<p>D<span lang=\"DE\">e lieu de travail devient de plus en plus num\u00e9rique. Cela vaut pour les grands groupes comme pour les petites et moyennes entreprises. Les plateformes de communications unifi\u00e9es et de collaboration (UCC) constituent la base technologique du bureau num\u00e9rique, dans lequel les collaborateurs peuvent plus facilement se mettre en r\u00e9seau et partager des informations. Celles-ci r\u00e9unissent toutes les fonctions de communication et de collaboration - \u00e0 savoir la voix, la vid\u00e9o, la messagerie, le partage d'\u00e9cran et le partage de fichiers - sur une interface utilisateur unique et intuitive. Voici cinq conseils pour une bonne utilisation des communications unifi\u00e9es et de la collaboration :<\/span><\/p>\n<h2><span lang=\"DE\">1)\u00a0\u00a0\u00a0 <\/span><span lang=\"DE\">Prot\u00e9ger les investissements d\u00e9j\u00e0 r\u00e9alis\u00e9s<\/span><\/h2>\n<p><span lang=\"DE\">Les bonnes plateformes UCC disposent d'une architecture et d'une plateforme (CPaaS) avec des interfaces ouvertes. Il est ainsi possible d'int\u00e9grer dans la solution des infrastructures existantes, comme par exemple des syst\u00e8mes de communication existants, des applications CRM, des bases de donn\u00e9es ou - de plus en plus important aujourd'hui - des plateformes de m\u00e9dias sociaux, et de prot\u00e9ger les investissements d\u00e9j\u00e0 r\u00e9alis\u00e9s. Les chatbots permettent d'augmenter l'automatisation et de r\u00e9aliser \u00e9galement des int\u00e9grations dans des plateformes IoT.<\/span><\/p>\n<h2><span lang=\"DE\">2)\u00a0\u00a0\u00a0 <\/span><span lang=\"DE\">Se lancer pas \u00e0 pas<\/span><\/h2>\n<p><span lang=\"DE\">En misant sur une plate-forme \u00e9volutive et flexible qui ne n\u00e9cessite que peu de connaissances techniques, il est d'autant plus facile d'int\u00e9grer plus tard d'autres collaborateurs dans le syst\u00e8me UCC ou d'ajouter des fonctions suppl\u00e9mentaires n\u00e9cessaires. Les PME s'assurent ainsi une s\u00e9curit\u00e9 pour l'avenir et la planification. L'utilisation d'une solution qui ne n\u00e9cessite aucun mat\u00e9riel suppl\u00e9mentaire pr\u00e9sente d'autres avantages : Cela acc\u00e9l\u00e8re le d\u00e9ploiement et minimise les frais d'installation et d'administration.<\/span><\/p>\n<h2><span lang=\"DE\">3)\u00a0\u00a0\u00a0 <\/span><span lang=\"DE\">R\u00e9fl\u00e9chir au cloud<\/span><\/h2>\n<p><span lang=\"DE\">Les solutions de communication et de collaboration se d\u00e9placent de plus en plus vers le cloud. Les ressources y sont disponibles \u00e0 la demande. Cela fait de l'utilisation d'une solution UCC via le cloud une alternative avantageuse, notamment pour les petites et moyennes entreprises disposant d'un budget informatique serr\u00e9. Elles peuvent ainsi non seulement limiter les co\u00fbts d'entr\u00e9e et les investissements pr\u00e9alables, mais aussi profiter d'une utilisation et d'une facturation adapt\u00e9es \u00e0 leurs besoins. Id\u00e9alement, les clients devraient pouvoir choisir entre plusieurs options de d\u00e9ploiement, du cloud public au cloud priv\u00e9 dans leur propre salle de serveurs, en passant par des mod\u00e8les hybrides. <\/span><\/p>\n<h2><span lang=\"DE\">4)\u00a0\u00a0\u00a0 <\/span><span lang=\"DE\">Ne pas faire de compromis en mati\u00e8re de s\u00e9curit\u00e9<\/span><\/h2>\n<p><span lang=\"DE\">La s\u00e9curit\u00e9 et la protection des donn\u00e9es figurent \u00e9galement en bonne place dans l'agenda des PME. Mais les experts en la mati\u00e8re y sont particuli\u00e8rement rares. C'est l\u00e0 aussi qu'une solution UCC bas\u00e9e sur le cloud fait valoir ses avantages : En effet, un bon fournisseur propose d'une part une solution qui crypte les donn\u00e9es sur le serveur et lors du transfert. D'autre part, il satisfait aux strictes prescriptions europ\u00e9ennes en mati\u00e8re de s\u00e9curit\u00e9 des donn\u00e9es et d'obligation de justification, qui sont \u00e9galement tr\u00e8s importantes pour la Suisse - mot-cl\u00e9 : r\u00e8glement g\u00e9n\u00e9ral de l'UE sur la protection des donn\u00e9es (RGPD). <\/span><\/p>\n<h2><span lang=\"DE\">5)\u00a0\u00a0\u00a0 <\/span><span lang=\"DE\">Miser sur les services g\u00e9r\u00e9s<\/span><\/h2>\n<p><span lang=\"DE\">Les services g\u00e9r\u00e9s dans l'environnement UCC signifient pour les entreprises utilisatrices que les services leur sont enti\u00e8rement fournis par un seul et m\u00eame fournisseur. Ce mod\u00e8le peut \u00e9galement \u00eatre int\u00e9ressant pour les PME. En effet, ce n'est pas le nombre d'utilisateurs d'une solution UCC qui d\u00e9termine si un service g\u00e9r\u00e9 est rentable. D'autres facteurs sont d\u00e9terminants, par exemple des exigences de s\u00e9curit\u00e9 particuli\u00e8rement \u00e9lev\u00e9es, pour lesquelles un Managed Private Cloud peut \u00eatre la meilleure option. Outre les fabricants, les op\u00e9rateurs de t\u00e9l\u00e9communications nationaux et les revendeurs sp\u00e9cialis\u00e9s r\u00e9gionaux proposent \u00e9galement des services innovants adapt\u00e9s aux besoins des entreprises dans le mod\u00e8le de service g\u00e9r\u00e9.<\/span><\/p>\n<p><em>Auteur :<br \/>\n<\/em><em><span lang=\"EN-US\">Drazen-Ivan Andjelic est Managing Director et Vice President Channel CEE Unify chez <a href=\"https:\/\/atos.net\/de-ch\/switzerland\">Atos<\/a><\/span><\/em><\/p>","protected":false},"excerpt":{"rendered":"<p>Der Arbeitsplatz wird zunehmend digital. Das gilt f\u00fcr Konzerne ebenso wie f\u00fcr kleine und mittelst\u00e4ndische Unternehmen. Die technologische Basis f\u00fcr das digitale B\u00fcro, in dem die Mitarbeiter sich einfacher vernetzen und Informationen besser teilen k\u00f6nnen, bilden Plattformen f\u00fcr Unified Communications und Collaboration (UCC). Diese vereinen alle Funktionen f\u00fcr die Kommunikation und die Zusammenarbeit \u2013 also [&hellip;]<\/p>\n","protected":false},"author":4,"featured_media":5605,"comment_status":"open","ping_status":"open","sticky":false,"template":"","format":"standard","meta":{"_acf_changed":false,"_yoast_wpseo_focuskw":"Unified Communications und Collaboration","_yoast_wpseo_metadesc":"Warum sich der Einstieg in eine Plattform f\u00fcr Unified Communications und Collaboration auch f\u00fcr kleine und mittlere Unternehmen lohnt.","articlekey":"","footnotes":""},"categories":[27],"tags":[115,123,156,286],"class_list":["post-5604","post","type-post","status-publish","format-standard","has-post-thumbnail","hentry","category-it","tag-checklisten","tag-cloud-computing","tag-digitalisierung","tag-it"],"acf":[],"yoast_head":"<!-- This site is optimized with the Yoast SEO plugin v27.5 - https:\/\/yoast.com\/product\/yoast-seo-wordpress\/ -->\n<title>Unified Communications und Collaboration in KMU \u2013 5 Tipps zum richtigen Einsatz - Organisator<\/title>\n<meta name=\"description\" content=\"Warum sich der Einstieg in eine Plattform f\u00fcr Unified Communications und Collaboration auch f\u00fcr kleine und mittlere Unternehmen lohnt.\" \/>\n<meta name=\"robots\" content=\"index, follow, max-snippet:-1, max-image-preview:large, max-video-preview:-1\" \/>\n<link rel=\"canonical\" href=\"https:\/\/www.organisator.ch\/fr\/gestion-2\/it\/2019-07-30\/unified-communications-und-collaboration-in-kmu-5-tipps-zum-richtigen-einsatz\/\" \/>\n<meta property=\"og:locale\" content=\"fr_FR\" \/>\n<meta property=\"og:type\" content=\"article\" \/>\n<meta property=\"og:title\" content=\"Unified Communications und Collaboration in KMU \u2013 5 Tipps zum richtigen Einsatz\" \/>\n<meta property=\"og:description\" content=\"Warum sich der Einstieg in eine Plattform f\u00fcr Unified Communications und Collaboration auch f\u00fcr kleine und mittlere Unternehmen lohnt.\" \/>\n<meta property=\"og:url\" content=\"https:\/\/www.organisator.ch\/fr\/gestion-2\/it\/2019-07-30\/unified-communications-und-collaboration-in-kmu-5-tipps-zum-richtigen-einsatz\/\" \/>\n<meta property=\"og:site_name\" content=\"Organisator\" \/>\n<meta property=\"article:publisher\" content=\"https:\/\/www.facebook.com\/OrganisatorFachmagazin\" \/>\n<meta property=\"article:published_time\" content=\"2019-07-30T06:23:44+00:00\" \/>\n<meta property=\"og:image\" content=\"https:\/\/www.organisator.ch\/wp-content\/uploads\/2019\/07\/Unified-Communications-und-Collaboration-in-KMU-5-Tipps-zum-richtigen-Einsatz_Organisator.jpg\" \/>\n\t<meta property=\"og:image:width\" content=\"680\" \/>\n\t<meta property=\"og:image:height\" content=\"453\" \/>\n\t<meta property=\"og:image:type\" content=\"image\/jpeg\" \/>\n<meta name=\"author\" content=\"thomas.berner\" \/>\n<meta name=\"twitter:card\" content=\"summary_large_image\" \/>\n<meta name=\"twitter:title\" content=\"#Unified Communications und #Collaboration in KMU \u2013 5 Tipps zum richtigen Einsatz\" \/>\n<meta name=\"twitter:description\" content=\"Warum sich der Einstieg in eine Plattform f\u00fcr #Unified Communications und #Collaboration auch f\u00fcr kleine und mittlere Unternehmen lohnt.\" \/>\n<meta name=\"twitter:image\" content=\"https:\/\/www.organisator.ch\/wp-content\/uploads\/2019\/07\/Unified-Communications-und-Collaboration-in-KMU-5-Tipps-zum-richtigen-Einsatz_Organisator.jpg\" \/>\n<script type=\"application\/ld+json\" class=\"yoast-schema-graph\">{\"@context\":\"https:\\\/\\\/schema.org\",\"@graph\":[{\"@type\":\"Article\",\"@id\":\"https:\\\/\\\/www.organisator.ch\\\/management\\\/it\\\/2019-07-30\\\/unified-communications-und-collaboration-in-kmu-5-tipps-zum-richtigen-einsatz\\\/#article\",\"isPartOf\":{\"@id\":\"https:\\\/\\\/www.organisator.ch\\\/management\\\/it\\\/2019-07-30\\\/unified-communications-und-collaboration-in-kmu-5-tipps-zum-richtigen-einsatz\\\/\"},\"author\":{\"name\":\"thomas.berner\",\"@id\":\"https:\\\/\\\/www.organisator.ch\\\/#\\\/schema\\\/person\\\/6f650f90b2842cd4c0cc334b4e36f67e\"},\"headline\":\"Unified Communications und Collaboration in KMU \u2013 5 Tipps zum richtigen Einsatz\",\"datePublished\":\"2019-07-30T06:23:44+00:00\",\"mainEntityOfPage\":{\"@id\":\"https:\\\/\\\/www.organisator.ch\\\/management\\\/it\\\/2019-07-30\\\/unified-communications-und-collaboration-in-kmu-5-tipps-zum-richtigen-einsatz\\\/\"},\"wordCount\":530,\"commentCount\":0,\"publisher\":{\"@id\":\"https:\\\/\\\/www.organisator.ch\\\/#organization\"},\"image\":{\"@id\":\"https:\\\/\\\/www.organisator.ch\\\/management\\\/it\\\/2019-07-30\\\/unified-communications-und-collaboration-in-kmu-5-tipps-zum-richtigen-einsatz\\\/#primaryimage\"},\"thumbnailUrl\":\"https:\\\/\\\/www.organisator.ch\\\/wp-content\\\/uploads\\\/2019\\\/07\\\/Unified-Communications-und-Collaboration-in-KMU-5-Tipps-zum-richtigen-Einsatz_Organisator.jpg\",\"keywords\":[\"Checklisten\",\"Cloud Computing\",\"Digitalisierung\",\"IT\"],\"articleSection\":[\"IT\"],\"inLanguage\":\"fr-FR\"},{\"@type\":\"WebPage\",\"@id\":\"https:\\\/\\\/www.organisator.ch\\\/management\\\/it\\\/2019-07-30\\\/unified-communications-und-collaboration-in-kmu-5-tipps-zum-richtigen-einsatz\\\/\",\"url\":\"https:\\\/\\\/www.organisator.ch\\\/management\\\/it\\\/2019-07-30\\\/unified-communications-und-collaboration-in-kmu-5-tipps-zum-richtigen-einsatz\\\/\",\"name\":\"Unified Communications und Collaboration in KMU \u2013 5 Tipps zum richtigen Einsatz - Organisator\",\"isPartOf\":{\"@id\":\"https:\\\/\\\/www.organisator.ch\\\/#website\"},\"primaryImageOfPage\":{\"@id\":\"https:\\\/\\\/www.organisator.ch\\\/management\\\/it\\\/2019-07-30\\\/unified-communications-und-collaboration-in-kmu-5-tipps-zum-richtigen-einsatz\\\/#primaryimage\"},\"image\":{\"@id\":\"https:\\\/\\\/www.organisator.ch\\\/management\\\/it\\\/2019-07-30\\\/unified-communications-und-collaboration-in-kmu-5-tipps-zum-richtigen-einsatz\\\/#primaryimage\"},\"thumbnailUrl\":\"https:\\\/\\\/www.organisator.ch\\\/wp-content\\\/uploads\\\/2019\\\/07\\\/Unified-Communications-und-Collaboration-in-KMU-5-Tipps-zum-richtigen-Einsatz_Organisator.jpg\",\"datePublished\":\"2019-07-30T06:23:44+00:00\",\"description\":\"Warum sich der Einstieg in eine Plattform f\u00fcr Unified Communications und Collaboration auch f\u00fcr kleine und mittlere Unternehmen lohnt.\",\"breadcrumb\":{\"@id\":\"https:\\\/\\\/www.organisator.ch\\\/management\\\/it\\\/2019-07-30\\\/unified-communications-und-collaboration-in-kmu-5-tipps-zum-richtigen-einsatz\\\/#breadcrumb\"},\"inLanguage\":\"fr-FR\",\"potentialAction\":[{\"@type\":\"ReadAction\",\"target\":[\"https:\\\/\\\/www.organisator.ch\\\/management\\\/it\\\/2019-07-30\\\/unified-communications-und-collaboration-in-kmu-5-tipps-zum-richtigen-einsatz\\\/\"]}]},{\"@type\":\"ImageObject\",\"inLanguage\":\"fr-FR\",\"@id\":\"https:\\\/\\\/www.organisator.ch\\\/management\\\/it\\\/2019-07-30\\\/unified-communications-und-collaboration-in-kmu-5-tipps-zum-richtigen-einsatz\\\/#primaryimage\",\"url\":\"https:\\\/\\\/www.organisator.ch\\\/wp-content\\\/uploads\\\/2019\\\/07\\\/Unified-Communications-und-Collaboration-in-KMU-5-Tipps-zum-richtigen-Einsatz_Organisator.jpg\",\"contentUrl\":\"https:\\\/\\\/www.organisator.ch\\\/wp-content\\\/uploads\\\/2019\\\/07\\\/Unified-Communications-und-Collaboration-in-KMU-5-Tipps-zum-richtigen-Einsatz_Organisator.jpg\",\"width\":680,\"height\":453,\"caption\":\"UCC erleichtert die Zusammenarbeit im Team (Quelle: Atos\\\/Getty)\"},{\"@type\":\"BreadcrumbList\",\"@id\":\"https:\\\/\\\/www.organisator.ch\\\/management\\\/it\\\/2019-07-30\\\/unified-communications-und-collaboration-in-kmu-5-tipps-zum-richtigen-einsatz\\\/#breadcrumb\",\"itemListElement\":[{\"@type\":\"ListItem\",\"position\":1,\"name\":\"Home\",\"item\":\"https:\\\/\\\/www.organisator.ch\\\/\"},{\"@type\":\"ListItem\",\"position\":2,\"name\":\"Unified Communications und Collaboration in KMU \u2013 5 Tipps zum richtigen Einsatz\"}]},{\"@type\":\"WebSite\",\"@id\":\"https:\\\/\\\/www.organisator.ch\\\/#website\",\"url\":\"https:\\\/\\\/www.organisator.ch\\\/\",\"name\":\"Organisator\",\"description\":\"Kompetent. Praxisnah. Der ORGANISATOR bereitet in 10 Ausgaben pro Jahr die wesentlichen Themen f\u00fcr F\u00fchrungskr\u00e4fte von KMU auf.\",\"publisher\":{\"@id\":\"https:\\\/\\\/www.organisator.ch\\\/#organization\"},\"potentialAction\":[{\"@type\":\"SearchAction\",\"target\":{\"@type\":\"EntryPoint\",\"urlTemplate\":\"https:\\\/\\\/www.organisator.ch\\\/?s={search_term_string}\"},\"query-input\":{\"@type\":\"PropertyValueSpecification\",\"valueRequired\":true,\"valueName\":\"search_term_string\"}}],\"inLanguage\":\"fr-FR\"},{\"@type\":\"Organization\",\"@id\":\"https:\\\/\\\/www.organisator.ch\\\/#organization\",\"name\":\"Organisator\",\"url\":\"https:\\\/\\\/www.organisator.ch\\\/\",\"logo\":{\"@type\":\"ImageObject\",\"inLanguage\":\"fr-FR\",\"@id\":\"https:\\\/\\\/www.organisator.ch\\\/#\\\/schema\\\/logo\\\/image\\\/\",\"url\":\"https:\\\/\\\/www.organisator.ch\\\/wp-content\\\/uploads\\\/2022\\\/01\\\/Logo_Organisator_Website.png\",\"contentUrl\":\"https:\\\/\\\/www.organisator.ch\\\/wp-content\\\/uploads\\\/2022\\\/01\\\/Logo_Organisator_Website.png\",\"width\":800,\"height\":77,\"caption\":\"Organisator\"},\"image\":{\"@id\":\"https:\\\/\\\/www.organisator.ch\\\/#\\\/schema\\\/logo\\\/image\\\/\"},\"sameAs\":[\"https:\\\/\\\/www.facebook.com\\\/OrganisatorFachmagazin\",\"https:\\\/\\\/www.linkedin.com\\\/showcase\\\/organisator-das-magazin-fr-kmu\",\"https:\\\/\\\/www.xing.com\\\/news\\\/pages\\\/organisator-ch-695\",\"https:\\\/\\\/www.youtube.com\\\/channel\\\/UCGP2Sq0iWaZwT3BdIAQFYpw\"]},{\"@type\":\"Person\",\"@id\":\"https:\\\/\\\/www.organisator.ch\\\/#\\\/schema\\\/person\\\/6f650f90b2842cd4c0cc334b4e36f67e\",\"name\":\"thomas.berner\",\"image\":{\"@type\":\"ImageObject\",\"inLanguage\":\"fr-FR\",\"@id\":\"https:\\\/\\\/secure.gravatar.com\\\/avatar\\\/ac5001d2a36cb6c6cd3e50789007ffca834b477b74a2144564522e944eabff61?s=96&d=mm&r=g\",\"url\":\"https:\\\/\\\/secure.gravatar.com\\\/avatar\\\/ac5001d2a36cb6c6cd3e50789007ffca834b477b74a2144564522e944eabff61?s=96&d=mm&r=g\",\"contentUrl\":\"https:\\\/\\\/secure.gravatar.com\\\/avatar\\\/ac5001d2a36cb6c6cd3e50789007ffca834b477b74a2144564522e944eabff61?s=96&d=mm&r=g\",\"caption\":\"thomas.berner\"},\"url\":\"https:\\\/\\\/www.organisator.ch\\\/fr\\\/author\\\/thomas-berner\\\/\"}]}<\/script>\n<!-- \/ Yoast SEO plugin. -->","yoast_head_json":{"title":"Communications unifi\u00e9es et collaboration dans les PME - 5 conseils pour une bonne utilisation - Organisateur","description":"Pourquoi les petites et moyennes entreprises ont tout int\u00e9r\u00eat \u00e0 se lancer dans une plate-forme de communications unifi\u00e9es et de collaboration.","robots":{"index":"index","follow":"follow","max-snippet":"max-snippet:-1","max-image-preview":"max-image-preview:large","max-video-preview":"max-video-preview:-1"},"canonical":"https:\/\/www.organisator.ch\/fr\/gestion-2\/it\/2019-07-30\/unified-communications-und-collaboration-in-kmu-5-tipps-zum-richtigen-einsatz\/","og_locale":"fr_FR","og_type":"article","og_title":"Unified Communications und Collaboration in KMU \u2013 5 Tipps zum richtigen Einsatz","og_description":"Warum sich der Einstieg in eine Plattform f\u00fcr Unified Communications und Collaboration auch f\u00fcr kleine und mittlere Unternehmen lohnt.","og_url":"https:\/\/www.organisator.ch\/fr\/gestion-2\/it\/2019-07-30\/unified-communications-und-collaboration-in-kmu-5-tipps-zum-richtigen-einsatz\/","og_site_name":"Organisator","article_publisher":"https:\/\/www.facebook.com\/OrganisatorFachmagazin","article_published_time":"2019-07-30T06:23:44+00:00","og_image":[{"width":680,"height":453,"url":"https:\/\/www.organisator.ch\/wp-content\/uploads\/2019\/07\/Unified-Communications-und-Collaboration-in-KMU-5-Tipps-zum-richtigen-Einsatz_Organisator.jpg","type":"image\/jpeg"}],"author":"thomas.berner","twitter_card":"summary_large_image","twitter_title":"#Unified Communications und #Collaboration in KMU \u2013 5 Tipps zum richtigen Einsatz","twitter_description":"Warum sich der Einstieg in eine Plattform f\u00fcr #Unified Communications und #Collaboration auch f\u00fcr kleine und mittlere Unternehmen lohnt.","twitter_image":"https:\/\/www.organisator.ch\/wp-content\/uploads\/2019\/07\/Unified-Communications-und-Collaboration-in-KMU-5-Tipps-zum-richtigen-Einsatz_Organisator.jpg","schema":{"@context":"https:\/\/schema.org","@graph":[{"@type":"Article","@id":"https:\/\/www.organisator.ch\/management\/it\/2019-07-30\/unified-communications-und-collaboration-in-kmu-5-tipps-zum-richtigen-einsatz\/#article","isPartOf":{"@id":"https:\/\/www.organisator.ch\/management\/it\/2019-07-30\/unified-communications-und-collaboration-in-kmu-5-tipps-zum-richtigen-einsatz\/"},"author":{"name":"thomas.berner","@id":"https:\/\/www.organisator.ch\/#\/schema\/person\/6f650f90b2842cd4c0cc334b4e36f67e"},"headline":"Unified Communications und Collaboration in KMU \u2013 5 Tipps zum richtigen Einsatz","datePublished":"2019-07-30T06:23:44+00:00","mainEntityOfPage":{"@id":"https:\/\/www.organisator.ch\/management\/it\/2019-07-30\/unified-communications-und-collaboration-in-kmu-5-tipps-zum-richtigen-einsatz\/"},"wordCount":530,"commentCount":0,"publisher":{"@id":"https:\/\/www.organisator.ch\/#organization"},"image":{"@id":"https:\/\/www.organisator.ch\/management\/it\/2019-07-30\/unified-communications-und-collaboration-in-kmu-5-tipps-zum-richtigen-einsatz\/#primaryimage"},"thumbnailUrl":"https:\/\/www.organisator.ch\/wp-content\/uploads\/2019\/07\/Unified-Communications-und-Collaboration-in-KMU-5-Tipps-zum-richtigen-Einsatz_Organisator.jpg","keywords":["Checklisten","Cloud Computing","Digitalisierung","IT"],"articleSection":["IT"],"inLanguage":"fr-FR"},{"@type":"WebPage","@id":"https:\/\/www.organisator.ch\/management\/it\/2019-07-30\/unified-communications-und-collaboration-in-kmu-5-tipps-zum-richtigen-einsatz\/","url":"https:\/\/www.organisator.ch\/management\/it\/2019-07-30\/unified-communications-und-collaboration-in-kmu-5-tipps-zum-richtigen-einsatz\/","name":"Communications unifi\u00e9es et collaboration dans les PME - 5 conseils pour une bonne utilisation - Organisateur","isPartOf":{"@id":"https:\/\/www.organisator.ch\/#website"},"primaryImageOfPage":{"@id":"https:\/\/www.organisator.ch\/management\/it\/2019-07-30\/unified-communications-und-collaboration-in-kmu-5-tipps-zum-richtigen-einsatz\/#primaryimage"},"image":{"@id":"https:\/\/www.organisator.ch\/management\/it\/2019-07-30\/unified-communications-und-collaboration-in-kmu-5-tipps-zum-richtigen-einsatz\/#primaryimage"},"thumbnailUrl":"https:\/\/www.organisator.ch\/wp-content\/uploads\/2019\/07\/Unified-Communications-und-Collaboration-in-KMU-5-Tipps-zum-richtigen-Einsatz_Organisator.jpg","datePublished":"2019-07-30T06:23:44+00:00","description":"Pourquoi les petites et moyennes entreprises ont tout int\u00e9r\u00eat \u00e0 se lancer dans une plate-forme de communications unifi\u00e9es et de collaboration.","breadcrumb":{"@id":"https:\/\/www.organisator.ch\/management\/it\/2019-07-30\/unified-communications-und-collaboration-in-kmu-5-tipps-zum-richtigen-einsatz\/#breadcrumb"},"inLanguage":"fr-FR","potentialAction":[{"@type":"ReadAction","target":["https:\/\/www.organisator.ch\/management\/it\/2019-07-30\/unified-communications-und-collaboration-in-kmu-5-tipps-zum-richtigen-einsatz\/"]}]},{"@type":"ImageObject","inLanguage":"fr-FR","@id":"https:\/\/www.organisator.ch\/management\/it\/2019-07-30\/unified-communications-und-collaboration-in-kmu-5-tipps-zum-richtigen-einsatz\/#primaryimage","url":"https:\/\/www.organisator.ch\/wp-content\/uploads\/2019\/07\/Unified-Communications-und-Collaboration-in-KMU-5-Tipps-zum-richtigen-Einsatz_Organisator.jpg","contentUrl":"https:\/\/www.organisator.ch\/wp-content\/uploads\/2019\/07\/Unified-Communications-und-Collaboration-in-KMU-5-Tipps-zum-richtigen-Einsatz_Organisator.jpg","width":680,"height":453,"caption":"UCC erleichtert die Zusammenarbeit im Team (Quelle: Atos\/Getty)"},{"@type":"BreadcrumbList","@id":"https:\/\/www.organisator.ch\/management\/it\/2019-07-30\/unified-communications-und-collaboration-in-kmu-5-tipps-zum-richtigen-einsatz\/#breadcrumb","itemListElement":[{"@type":"ListItem","position":1,"name":"Home","item":"https:\/\/www.organisator.ch\/"},{"@type":"ListItem","position":2,"name":"Unified Communications und Collaboration in KMU \u2013 5 Tipps zum richtigen Einsatz"}]},{"@type":"WebSite","@id":"https:\/\/www.organisator.ch\/#website","url":"https:\/\/www.organisator.ch\/","name":"Organisateur","description":"Comp\u00e9tence et comp\u00e9tence. Proches de la pratique. L'ORGANISATEUR pr\u00e9pare 10 num\u00e9ros par an sur les th\u00e8mes essentiels pour les dirigeants de PME.","publisher":{"@id":"https:\/\/www.organisator.ch\/#organization"},"potentialAction":[{"@type":"SearchAction","target":{"@type":"EntryPoint","urlTemplate":"https:\/\/www.organisator.ch\/?s={search_term_string}"},"query-input":{"@type":"PropertyValueSpecification","valueRequired":true,"valueName":"search_term_string"}}],"inLanguage":"fr-FR"},{"@type":"Organization","@id":"https:\/\/www.organisator.ch\/#organization","name":"Organisateur","url":"https:\/\/www.organisator.ch\/","logo":{"@type":"ImageObject","inLanguage":"fr-FR","@id":"https:\/\/www.organisator.ch\/#\/schema\/logo\/image\/","url":"https:\/\/www.organisator.ch\/wp-content\/uploads\/2022\/01\/Logo_Organisator_Website.png","contentUrl":"https:\/\/www.organisator.ch\/wp-content\/uploads\/2022\/01\/Logo_Organisator_Website.png","width":800,"height":77,"caption":"Organisator"},"image":{"@id":"https:\/\/www.organisator.ch\/#\/schema\/logo\/image\/"},"sameAs":["https:\/\/www.facebook.com\/OrganisatorFachmagazin","https:\/\/www.linkedin.com\/showcase\/organisator-das-magazin-fr-kmu","https:\/\/www.xing.com\/news\/pages\/organisator-ch-695","https:\/\/www.youtube.com\/channel\/UCGP2Sq0iWaZwT3BdIAQFYpw"]},{"@type":"Person","@id":"https:\/\/www.organisator.ch\/#\/schema\/person\/6f650f90b2842cd4c0cc334b4e36f67e","name":"thomas.berner","image":{"@type":"ImageObject","inLanguage":"fr-FR","@id":"https:\/\/secure.gravatar.com\/avatar\/ac5001d2a36cb6c6cd3e50789007ffca834b477b74a2144564522e944eabff61?s=96&d=mm&r=g","url":"https:\/\/secure.gravatar.com\/avatar\/ac5001d2a36cb6c6cd3e50789007ffca834b477b74a2144564522e944eabff61?s=96&d=mm&r=g","contentUrl":"https:\/\/secure.gravatar.com\/avatar\/ac5001d2a36cb6c6cd3e50789007ffca834b477b74a2144564522e944eabff61?s=96&d=mm&r=g","caption":"thomas.berner"},"url":"https:\/\/www.organisator.ch\/fr\/author\/thomas-berner\/"}]}},"_links":{"self":[{"href":"https:\/\/www.organisator.ch\/fr\/wp-json\/wp\/v2\/posts\/5604","targetHints":{"allow":["GET"]}}],"collection":[{"href":"https:\/\/www.organisator.ch\/fr\/wp-json\/wp\/v2\/posts"}],"about":[{"href":"https:\/\/www.organisator.ch\/fr\/wp-json\/wp\/v2\/types\/post"}],"author":[{"embeddable":true,"href":"https:\/\/www.organisator.ch\/fr\/wp-json\/wp\/v2\/users\/4"}],"replies":[{"embeddable":true,"href":"https:\/\/www.organisator.ch\/fr\/wp-json\/wp\/v2\/comments?post=5604"}],"version-history":[{"count":0,"href":"https:\/\/www.organisator.ch\/fr\/wp-json\/wp\/v2\/posts\/5604\/revisions"}],"wp:featuredmedia":[{"embeddable":true,"href":"https:\/\/www.organisator.ch\/fr\/wp-json\/wp\/v2\/media\/5605"}],"wp:attachment":[{"href":"https:\/\/www.organisator.ch\/fr\/wp-json\/wp\/v2\/media?parent=5604"}],"wp:term":[{"taxonomy":"category","embeddable":true,"href":"https:\/\/www.organisator.ch\/fr\/wp-json\/wp\/v2\/categories?post=5604"},{"taxonomy":"post_tag","embeddable":true,"href":"https:\/\/www.organisator.ch\/fr\/wp-json\/wp\/v2\/tags?post=5604"}],"curies":[{"name":"wp","href":"https:\/\/api.w.org\/{rel}","templated":true}]}}