{"id":5607,"date":"2019-07-30T08:56:56","date_gmt":"2019-07-30T06:56:56","guid":{"rendered":"https:\/\/www.organisator.ch\/?p=5607"},"modified":"2019-07-30T08:56:56","modified_gmt":"2019-07-30T06:56:56","slug":"erfolgs-impuls-warum-sie-zum-mond-fliegen-sollten","status":"publish","type":"post","link":"https:\/\/www.organisator.ch\/fr\/management\/2019-07-30\/erfolgs-impuls-warum-sie-zum-mond-fliegen-sollten\/","title":{"rendered":"Impulsion du succ\u00e8s : pourquoi vous devriez aller sur la lune"},"content":{"rendered":"<figure id=\"attachment_5610\" aria-describedby=\"caption-attachment-5610\" style=\"width: 680px\" class=\"wp-caption alignnone\"><img loading=\"lazy\" decoding=\"async\" class=\"size-medium wp-image-5610\" src=\"https:\/\/www.organisator.ch\/wp-content\/uploads\/2019\/07\/Erfolgs-Impuls-Warum-Sie-zum-Mond-fliegen-sollten_Organisator.jpg\" alt=\"\" width=\"680\" height=\"469\" srcset=\"https:\/\/www.organisator.ch\/wp-content\/uploads\/2019\/07\/Erfolgs-Impuls-Warum-Sie-zum-Mond-fliegen-sollten_Organisator.jpg 680w, https:\/\/www.organisator.ch\/wp-content\/uploads\/2019\/07\/Erfolgs-Impuls-Warum-Sie-zum-Mond-fliegen-sollten_Organisator-16x12.jpg 16w, https:\/\/www.organisator.ch\/wp-content\/uploads\/2019\/07\/Erfolgs-Impuls-Warum-Sie-zum-Mond-fliegen-sollten_Organisator-254x175.jpg 254w, https:\/\/www.organisator.ch\/wp-content\/uploads\/2019\/07\/Erfolgs-Impuls-Warum-Sie-zum-Mond-fliegen-sollten_Organisator-507x350.jpg 507w, https:\/\/www.organisator.ch\/wp-content\/uploads\/2019\/07\/Erfolgs-Impuls-Warum-Sie-zum-Mond-fliegen-sollten_Organisator-300x207.jpg 300w\" sizes=\"auto, (max-width: 680px) 100vw, 680px\" \/><figcaption id=\"caption-attachment-5610\" class=\"wp-caption-text\">Pourquoi aller sur la lune de toute fa\u00e7on ? Peut-\u00eatre serait-il bon de poursuivre \u00e0 nouveau de grandes visions... (Image : Gerd Altmann \/ Pixabay.com)<\/figcaption><\/figure>\n<p>Il y a 50 ans, nous sommes all\u00e9s pour la premi\u00e8re fois sur la lune (et il y a 47 ans pour la derni\u00e8re fois). Beaucoup se posaient la question \"Pourquoi devrions-nous y aller ?\". Et : \"N'y a-t-il pas des probl\u00e8mes plus urgents \u00e0 r\u00e9soudre ?\" De telles questions r\u00e9v\u00e8lent pr\u00e9cis\u00e9ment le probl\u00e8me : elles tuent l'ambition dans l'\u0153uf et mettent l'accent sur ce qui est urgent et non sur ce qui est grandiose.<\/p>\n<p>Vous pouvez tourner les choses comme vous voulez : un progr\u00e8s vraiment exceptionnel n'a toujours \u00e9t\u00e9 obtenu qu'avec des visions ambitieuses - souvent d\u00e9raisonnables. Tout le reste n'est qu'am\u00e9lioration incr\u00e9mentale. Il ne s'agit bien s\u00fbr pas du tout de la lune, mais du fait que la plupart des dirigeants ont d\u00e9sappris \u00e0 voir grand et \u00e0 croire en des objectifs extraordinaires.<\/p>\n<p>La devise est \"ne pas trop s'aventurer\". On pr\u00e9f\u00e8re d'abord optimiser les processus et lancer la prochaine enqu\u00eate aupr\u00e8s des collaborateurs. Et de toute fa\u00e7on, on pr\u00e9f\u00e8re passer ses journ\u00e9es \u00e0 discuter sans fin des probl\u00e8mes en suspens.<\/p>\n<p>Un test : regardez dans votre calendrier. Combien de temps y avez-vous pr\u00e9vu pour d\u00e9velopper et poursuivre des objectifs vraiment importants et extraordinaires ? Pour la plupart des dirigeants, c'est bien moins de cinq pour cent - voire rien du tout.<\/p>\n<p>Les grandes visions me manquent, en politique et surtout dans les entreprises. Voici trois suggestions \u00e0 ce sujet, si vous \u00eates pr\u00eat \u00e0 sortir un peu de votre zone de confort :<\/p>\n<ol start=\"1\" type=\"1\">\n<li>Nouvelle question. Ne demandez pas \"Pourquoi ?\", mais \"Pourquoi pas ? Cela conduit \u00e0 des discussions compl\u00e8tement diff\u00e9rentes. Exemples : \"Je pense que nous devrions doubler notre chiffre d'affaires dans ce segment en trois ans\". \"Pourquoi pas ? Comment pouvons-nous y arriver ?\" \"Amusons-nous \u00e9norm\u00e9ment au travail chaque jour\". \"Pourquoi pas ? Comment pouvons-nous y arriver ?\"<\/li>\n<li>Le courage . La plupart des dirigeants ont d\u00e9sappris le courage. Oui, c'est vrai : le courage s'apprend et se d\u00e9sapprend. Et courage ne signifie pas d\u00e9raison (m\u00eame si cela serait parfois appropri\u00e9 pour briser la glace). Soyez courageux et d\u00e9veloppez des visions grandioses : O\u00f9 voyez-vous votre entreprise dans 3-5 ans ? Qu'est-ce qui semble presque irr\u00e9alisable (comme un vol sur la lune avec les capacit\u00e9s informatiques de l'\u00e9poque) ?<\/li>\n<li>L'\u00e9motion. L'\u00e9motion positive me manque dans de nombreuses \u00e9quipes et entreprises. Tout le monde est tellement \"occup\u00e9\" que l'esprit se perd. La bonne nouvelle : on peut cr\u00e9er des \u00e9motions de mani\u00e8re consciente. Cela aussi n\u00e9cessite souvent un changement de mentalit\u00e9.<\/li>\n<\/ol>\n<p>Alors, r\u00e9fl\u00e9chissez avec votre \u00e9quipe de direction au grand voyage que vous voulez entreprendre. Et rappelez-vous les paroles de John F. Kennedy en 1962, en substance : \"Nous allons sur la lune non pas parce que c'est facile, mais parce que c'est dur. Parce que \u00e7a fait ressortir le meilleur de nous-m\u00eames\". Une belle raison, selon moi.<\/p>\n<p><i>Vers l'auteur :<br \/>\n<\/i><em>Volkmar V\u00f6lzke est un maximisateur de succ\u00e8s. Auteur de livres. Conseiller et consultant. Coach de formation. Orateur. <a href=\"http:\/\/www.volkmarvoelzke.ch\/\">www.volkmarvoelzke.ch<\/a><\/em><\/p>","protected":false},"excerpt":{"rendered":"<p>Vor 50 Jahren waren wir das erste Mal auf dem Mond (und vor 47 Jahren das letzte Mal). Viele stellten sich die Frage \u201cWarum sollen wir \u00fcberhaupt dorthin?\u201d Und: \u201cGibt es nicht dringendere Probleme zu l\u00f6sen?\u201d Solche Fragen offenbaren genau das Problem: Sie t\u00f6ten Ambition im Keim und legen den Fokus auf das Dringende, nicht [&hellip;]<\/p>\n","protected":false},"author":4,"featured_media":5610,"comment_status":"open","ping_status":"open","sticky":false,"template":"","format":"standard","meta":{"_acf_changed":false,"_yoast_wpseo_focuskw":"Mond","_yoast_wpseo_metadesc":"Warum es sich lohnt, grosse Visionen haben, erl\u00e4utert unser Kolumnist Volkmar V\u00f6lzke in seinem neuesten Erfolgs-Impuls und liefert drei Anregungen.","articlekey":"","footnotes":""},"categories":[28],"tags":[115,177,335,508],"class_list":["post-5607","post","type-post","status-publish","format-standard","has-post-thumbnail","hentry","category-management","tag-checklisten","tag-erfolgs-impuls","tag-management-und-unternehmensfuehrung","tag-vermischtes"],"acf":[],"yoast_head":"<!-- This site is optimized with the Yoast SEO plugin v27.5 - https:\/\/yoast.com\/product\/yoast-seo-wordpress\/ -->\n<title>Erfolgs-Impuls: Warum Sie zum Mond fliegen sollten - Organisator<\/title>\n<meta name=\"description\" content=\"Warum es sich lohnt, grosse Visionen haben, erl\u00e4utert unser Kolumnist Volkmar V\u00f6lzke in seinem neuesten Erfolgs-Impuls und liefert drei Anregungen.\" \/>\n<meta name=\"robots\" content=\"index, follow, max-snippet:-1, max-image-preview:large, max-video-preview:-1\" \/>\n<link rel=\"canonical\" href=\"https:\/\/www.organisator.ch\/fr\/gestion-2\/2019-07-30\/erfolgs-impuls-warum-sie-zum-mond-fliegen-sollten\/\" \/>\n<meta property=\"og:locale\" content=\"fr_FR\" \/>\n<meta property=\"og:type\" content=\"article\" \/>\n<meta property=\"og:title\" content=\"Erfolgs-Impuls: Warum Sie zum Mond fliegen sollten\" \/>\n<meta property=\"og:description\" content=\"Warum es sich lohnt, grosse Visionen haben, erl\u00e4utert unser Kolumnist Volkmar V\u00f6lzke in seinem neuesten Erfolgs-Impuls und liefert drei Anregungen.\" \/>\n<meta property=\"og:url\" content=\"https:\/\/www.organisator.ch\/fr\/gestion-2\/2019-07-30\/erfolgs-impuls-warum-sie-zum-mond-fliegen-sollten\/\" \/>\n<meta property=\"og:site_name\" content=\"Organisator\" \/>\n<meta property=\"article:publisher\" content=\"https:\/\/www.facebook.com\/OrganisatorFachmagazin\" \/>\n<meta property=\"article:published_time\" content=\"2019-07-30T06:56:56+00:00\" \/>\n<meta property=\"og:image\" content=\"https:\/\/www.organisator.ch\/wp-content\/uploads\/2019\/07\/Erfolgs-Impuls-Warum-Sie-zum-Mond-fliegen-sollten_Organisator.jpg\" \/>\n\t<meta property=\"og:image:width\" content=\"680\" \/>\n\t<meta property=\"og:image:height\" content=\"469\" \/>\n\t<meta property=\"og:image:type\" content=\"image\/jpeg\" \/>\n<meta name=\"author\" content=\"thomas.berner\" \/>\n<meta name=\"twitter:card\" content=\"summary_large_image\" \/>\n<meta name=\"twitter:title\" content=\"#Erfolgs-Impuls: Warum Sie zum #Mond fliegen sollten\" \/>\n<meta name=\"twitter:description\" content=\"Warum es sich lohnt, grosse Visionen haben, erl\u00e4utert unser Kolumnist Volkmar V\u00f6lzke in seinem neuesten Erfolgs-Impuls und liefert drei Anregungen.\" \/>\n<meta name=\"twitter:image\" content=\"https:\/\/www.organisator.ch\/wp-content\/uploads\/2019\/07\/Erfolgs-Impuls-Warum-Sie-zum-Mond-fliegen-sollten_Organisator.jpg\" \/>\n<script type=\"application\/ld+json\" class=\"yoast-schema-graph\">{\"@context\":\"https:\\\/\\\/schema.org\",\"@graph\":[{\"@type\":\"Article\",\"@id\":\"https:\\\/\\\/www.organisator.ch\\\/management\\\/2019-07-30\\\/erfolgs-impuls-warum-sie-zum-mond-fliegen-sollten\\\/#article\",\"isPartOf\":{\"@id\":\"https:\\\/\\\/www.organisator.ch\\\/management\\\/2019-07-30\\\/erfolgs-impuls-warum-sie-zum-mond-fliegen-sollten\\\/\"},\"author\":{\"name\":\"thomas.berner\",\"@id\":\"https:\\\/\\\/www.organisator.ch\\\/#\\\/schema\\\/person\\\/6f650f90b2842cd4c0cc334b4e36f67e\"},\"headline\":\"Erfolgs-Impuls: Warum Sie zum Mond fliegen sollten\",\"datePublished\":\"2019-07-30T06:56:56+00:00\",\"mainEntityOfPage\":{\"@id\":\"https:\\\/\\\/www.organisator.ch\\\/management\\\/2019-07-30\\\/erfolgs-impuls-warum-sie-zum-mond-fliegen-sollten\\\/\"},\"wordCount\":473,\"commentCount\":0,\"publisher\":{\"@id\":\"https:\\\/\\\/www.organisator.ch\\\/#organization\"},\"image\":{\"@id\":\"https:\\\/\\\/www.organisator.ch\\\/management\\\/2019-07-30\\\/erfolgs-impuls-warum-sie-zum-mond-fliegen-sollten\\\/#primaryimage\"},\"thumbnailUrl\":\"https:\\\/\\\/www.organisator.ch\\\/wp-content\\\/uploads\\\/2019\\\/07\\\/Erfolgs-Impuls-Warum-Sie-zum-Mond-fliegen-sollten_Organisator.jpg\",\"keywords\":[\"Checklisten\",\"Erfolgs-Impuls\",\"Management und Unternehmensf\u00fchrung\",\"Vermischtes\"],\"articleSection\":[\"MANAGEMENT\"],\"inLanguage\":\"fr-FR\"},{\"@type\":\"WebPage\",\"@id\":\"https:\\\/\\\/www.organisator.ch\\\/management\\\/2019-07-30\\\/erfolgs-impuls-warum-sie-zum-mond-fliegen-sollten\\\/\",\"url\":\"https:\\\/\\\/www.organisator.ch\\\/management\\\/2019-07-30\\\/erfolgs-impuls-warum-sie-zum-mond-fliegen-sollten\\\/\",\"name\":\"Erfolgs-Impuls: Warum Sie zum Mond fliegen sollten - Organisator\",\"isPartOf\":{\"@id\":\"https:\\\/\\\/www.organisator.ch\\\/#website\"},\"primaryImageOfPage\":{\"@id\":\"https:\\\/\\\/www.organisator.ch\\\/management\\\/2019-07-30\\\/erfolgs-impuls-warum-sie-zum-mond-fliegen-sollten\\\/#primaryimage\"},\"image\":{\"@id\":\"https:\\\/\\\/www.organisator.ch\\\/management\\\/2019-07-30\\\/erfolgs-impuls-warum-sie-zum-mond-fliegen-sollten\\\/#primaryimage\"},\"thumbnailUrl\":\"https:\\\/\\\/www.organisator.ch\\\/wp-content\\\/uploads\\\/2019\\\/07\\\/Erfolgs-Impuls-Warum-Sie-zum-Mond-fliegen-sollten_Organisator.jpg\",\"datePublished\":\"2019-07-30T06:56:56+00:00\",\"description\":\"Warum es sich lohnt, grosse Visionen haben, erl\u00e4utert unser Kolumnist Volkmar V\u00f6lzke in seinem neuesten Erfolgs-Impuls und liefert drei Anregungen.\",\"breadcrumb\":{\"@id\":\"https:\\\/\\\/www.organisator.ch\\\/management\\\/2019-07-30\\\/erfolgs-impuls-warum-sie-zum-mond-fliegen-sollten\\\/#breadcrumb\"},\"inLanguage\":\"fr-FR\",\"potentialAction\":[{\"@type\":\"ReadAction\",\"target\":[\"https:\\\/\\\/www.organisator.ch\\\/management\\\/2019-07-30\\\/erfolgs-impuls-warum-sie-zum-mond-fliegen-sollten\\\/\"]}]},{\"@type\":\"ImageObject\",\"inLanguage\":\"fr-FR\",\"@id\":\"https:\\\/\\\/www.organisator.ch\\\/management\\\/2019-07-30\\\/erfolgs-impuls-warum-sie-zum-mond-fliegen-sollten\\\/#primaryimage\",\"url\":\"https:\\\/\\\/www.organisator.ch\\\/wp-content\\\/uploads\\\/2019\\\/07\\\/Erfolgs-Impuls-Warum-Sie-zum-Mond-fliegen-sollten_Organisator.jpg\",\"contentUrl\":\"https:\\\/\\\/www.organisator.ch\\\/wp-content\\\/uploads\\\/2019\\\/07\\\/Erfolgs-Impuls-Warum-Sie-zum-Mond-fliegen-sollten_Organisator.jpg\",\"width\":680,\"height\":469,\"caption\":\"Warum sollen wir \u00fcberhaupt zum Mond fliegen? Vielleicht w\u00e4re es gut, wieder einmal grosse Visionen zu verfolgen... (Bild: Gerd Altmann \\\/ Pixabay.com)\"},{\"@type\":\"BreadcrumbList\",\"@id\":\"https:\\\/\\\/www.organisator.ch\\\/management\\\/2019-07-30\\\/erfolgs-impuls-warum-sie-zum-mond-fliegen-sollten\\\/#breadcrumb\",\"itemListElement\":[{\"@type\":\"ListItem\",\"position\":1,\"name\":\"Home\",\"item\":\"https:\\\/\\\/www.organisator.ch\\\/\"},{\"@type\":\"ListItem\",\"position\":2,\"name\":\"Erfolgs-Impuls: Warum Sie zum Mond fliegen sollten\"}]},{\"@type\":\"WebSite\",\"@id\":\"https:\\\/\\\/www.organisator.ch\\\/#website\",\"url\":\"https:\\\/\\\/www.organisator.ch\\\/\",\"name\":\"Organisator\",\"description\":\"Kompetent. Praxisnah. Der ORGANISATOR bereitet in 10 Ausgaben pro Jahr die wesentlichen Themen f\u00fcr F\u00fchrungskr\u00e4fte von KMU auf.\",\"publisher\":{\"@id\":\"https:\\\/\\\/www.organisator.ch\\\/#organization\"},\"potentialAction\":[{\"@type\":\"SearchAction\",\"target\":{\"@type\":\"EntryPoint\",\"urlTemplate\":\"https:\\\/\\\/www.organisator.ch\\\/?s={search_term_string}\"},\"query-input\":{\"@type\":\"PropertyValueSpecification\",\"valueRequired\":true,\"valueName\":\"search_term_string\"}}],\"inLanguage\":\"fr-FR\"},{\"@type\":\"Organization\",\"@id\":\"https:\\\/\\\/www.organisator.ch\\\/#organization\",\"name\":\"Organisator\",\"url\":\"https:\\\/\\\/www.organisator.ch\\\/\",\"logo\":{\"@type\":\"ImageObject\",\"inLanguage\":\"fr-FR\",\"@id\":\"https:\\\/\\\/www.organisator.ch\\\/#\\\/schema\\\/logo\\\/image\\\/\",\"url\":\"https:\\\/\\\/www.organisator.ch\\\/wp-content\\\/uploads\\\/2022\\\/01\\\/Logo_Organisator_Website.png\",\"contentUrl\":\"https:\\\/\\\/www.organisator.ch\\\/wp-content\\\/uploads\\\/2022\\\/01\\\/Logo_Organisator_Website.png\",\"width\":800,\"height\":77,\"caption\":\"Organisator\"},\"image\":{\"@id\":\"https:\\\/\\\/www.organisator.ch\\\/#\\\/schema\\\/logo\\\/image\\\/\"},\"sameAs\":[\"https:\\\/\\\/www.facebook.com\\\/OrganisatorFachmagazin\",\"https:\\\/\\\/www.linkedin.com\\\/showcase\\\/organisator-das-magazin-fr-kmu\",\"https:\\\/\\\/www.xing.com\\\/news\\\/pages\\\/organisator-ch-695\",\"https:\\\/\\\/www.youtube.com\\\/channel\\\/UCGP2Sq0iWaZwT3BdIAQFYpw\"]},{\"@type\":\"Person\",\"@id\":\"https:\\\/\\\/www.organisator.ch\\\/#\\\/schema\\\/person\\\/6f650f90b2842cd4c0cc334b4e36f67e\",\"name\":\"thomas.berner\",\"image\":{\"@type\":\"ImageObject\",\"inLanguage\":\"fr-FR\",\"@id\":\"https:\\\/\\\/secure.gravatar.com\\\/avatar\\\/ac5001d2a36cb6c6cd3e50789007ffca834b477b74a2144564522e944eabff61?s=96&d=mm&r=g\",\"url\":\"https:\\\/\\\/secure.gravatar.com\\\/avatar\\\/ac5001d2a36cb6c6cd3e50789007ffca834b477b74a2144564522e944eabff61?s=96&d=mm&r=g\",\"contentUrl\":\"https:\\\/\\\/secure.gravatar.com\\\/avatar\\\/ac5001d2a36cb6c6cd3e50789007ffca834b477b74a2144564522e944eabff61?s=96&d=mm&r=g\",\"caption\":\"thomas.berner\"},\"url\":\"https:\\\/\\\/www.organisator.ch\\\/fr\\\/author\\\/thomas-berner\\\/\"}]}<\/script>\n<!-- \/ Yoast SEO plugin. -->","yoast_head_json":{"title":"Impulsion du succ\u00e8s : pourquoi vous devriez aller sur la lune - Organisateur","description":"Notre chroniqueur Volkmar V\u00f6lzke explique dans son dernier article sur le succ\u00e8s pourquoi il vaut la peine d'avoir de grandes visions et fournit trois suggestions.","robots":{"index":"index","follow":"follow","max-snippet":"max-snippet:-1","max-image-preview":"max-image-preview:large","max-video-preview":"max-video-preview:-1"},"canonical":"https:\/\/www.organisator.ch\/fr\/gestion-2\/2019-07-30\/erfolgs-impuls-warum-sie-zum-mond-fliegen-sollten\/","og_locale":"fr_FR","og_type":"article","og_title":"Erfolgs-Impuls: Warum Sie zum Mond fliegen sollten","og_description":"Warum es sich lohnt, grosse Visionen haben, erl\u00e4utert unser Kolumnist Volkmar V\u00f6lzke in seinem neuesten Erfolgs-Impuls und liefert drei Anregungen.","og_url":"https:\/\/www.organisator.ch\/fr\/gestion-2\/2019-07-30\/erfolgs-impuls-warum-sie-zum-mond-fliegen-sollten\/","og_site_name":"Organisator","article_publisher":"https:\/\/www.facebook.com\/OrganisatorFachmagazin","article_published_time":"2019-07-30T06:56:56+00:00","og_image":[{"width":680,"height":469,"url":"https:\/\/www.organisator.ch\/wp-content\/uploads\/2019\/07\/Erfolgs-Impuls-Warum-Sie-zum-Mond-fliegen-sollten_Organisator.jpg","type":"image\/jpeg"}],"author":"thomas.berner","twitter_card":"summary_large_image","twitter_title":"#Erfolgs-Impuls: Warum Sie zum #Mond fliegen sollten","twitter_description":"Warum es sich lohnt, grosse Visionen haben, erl\u00e4utert unser Kolumnist Volkmar V\u00f6lzke in seinem neuesten Erfolgs-Impuls und liefert drei Anregungen.","twitter_image":"https:\/\/www.organisator.ch\/wp-content\/uploads\/2019\/07\/Erfolgs-Impuls-Warum-Sie-zum-Mond-fliegen-sollten_Organisator.jpg","schema":{"@context":"https:\/\/schema.org","@graph":[{"@type":"Article","@id":"https:\/\/www.organisator.ch\/management\/2019-07-30\/erfolgs-impuls-warum-sie-zum-mond-fliegen-sollten\/#article","isPartOf":{"@id":"https:\/\/www.organisator.ch\/management\/2019-07-30\/erfolgs-impuls-warum-sie-zum-mond-fliegen-sollten\/"},"author":{"name":"thomas.berner","@id":"https:\/\/www.organisator.ch\/#\/schema\/person\/6f650f90b2842cd4c0cc334b4e36f67e"},"headline":"Erfolgs-Impuls: Warum Sie zum Mond fliegen sollten","datePublished":"2019-07-30T06:56:56+00:00","mainEntityOfPage":{"@id":"https:\/\/www.organisator.ch\/management\/2019-07-30\/erfolgs-impuls-warum-sie-zum-mond-fliegen-sollten\/"},"wordCount":473,"commentCount":0,"publisher":{"@id":"https:\/\/www.organisator.ch\/#organization"},"image":{"@id":"https:\/\/www.organisator.ch\/management\/2019-07-30\/erfolgs-impuls-warum-sie-zum-mond-fliegen-sollten\/#primaryimage"},"thumbnailUrl":"https:\/\/www.organisator.ch\/wp-content\/uploads\/2019\/07\/Erfolgs-Impuls-Warum-Sie-zum-Mond-fliegen-sollten_Organisator.jpg","keywords":["Checklisten","Erfolgs-Impuls","Management und Unternehmensf\u00fchrung","Vermischtes"],"articleSection":["MANAGEMENT"],"inLanguage":"fr-FR"},{"@type":"WebPage","@id":"https:\/\/www.organisator.ch\/management\/2019-07-30\/erfolgs-impuls-warum-sie-zum-mond-fliegen-sollten\/","url":"https:\/\/www.organisator.ch\/management\/2019-07-30\/erfolgs-impuls-warum-sie-zum-mond-fliegen-sollten\/","name":"Impulsion du succ\u00e8s : pourquoi vous devriez aller sur la lune - Organisateur","isPartOf":{"@id":"https:\/\/www.organisator.ch\/#website"},"primaryImageOfPage":{"@id":"https:\/\/www.organisator.ch\/management\/2019-07-30\/erfolgs-impuls-warum-sie-zum-mond-fliegen-sollten\/#primaryimage"},"image":{"@id":"https:\/\/www.organisator.ch\/management\/2019-07-30\/erfolgs-impuls-warum-sie-zum-mond-fliegen-sollten\/#primaryimage"},"thumbnailUrl":"https:\/\/www.organisator.ch\/wp-content\/uploads\/2019\/07\/Erfolgs-Impuls-Warum-Sie-zum-Mond-fliegen-sollten_Organisator.jpg","datePublished":"2019-07-30T06:56:56+00:00","description":"Notre chroniqueur Volkmar V\u00f6lzke explique dans son dernier article sur le succ\u00e8s pourquoi il vaut la peine d'avoir de grandes visions et fournit trois suggestions.","breadcrumb":{"@id":"https:\/\/www.organisator.ch\/management\/2019-07-30\/erfolgs-impuls-warum-sie-zum-mond-fliegen-sollten\/#breadcrumb"},"inLanguage":"fr-FR","potentialAction":[{"@type":"ReadAction","target":["https:\/\/www.organisator.ch\/management\/2019-07-30\/erfolgs-impuls-warum-sie-zum-mond-fliegen-sollten\/"]}]},{"@type":"ImageObject","inLanguage":"fr-FR","@id":"https:\/\/www.organisator.ch\/management\/2019-07-30\/erfolgs-impuls-warum-sie-zum-mond-fliegen-sollten\/#primaryimage","url":"https:\/\/www.organisator.ch\/wp-content\/uploads\/2019\/07\/Erfolgs-Impuls-Warum-Sie-zum-Mond-fliegen-sollten_Organisator.jpg","contentUrl":"https:\/\/www.organisator.ch\/wp-content\/uploads\/2019\/07\/Erfolgs-Impuls-Warum-Sie-zum-Mond-fliegen-sollten_Organisator.jpg","width":680,"height":469,"caption":"Warum sollen wir \u00fcberhaupt zum Mond fliegen? Vielleicht w\u00e4re es gut, wieder einmal grosse Visionen zu verfolgen... (Bild: Gerd Altmann \/ Pixabay.com)"},{"@type":"BreadcrumbList","@id":"https:\/\/www.organisator.ch\/management\/2019-07-30\/erfolgs-impuls-warum-sie-zum-mond-fliegen-sollten\/#breadcrumb","itemListElement":[{"@type":"ListItem","position":1,"name":"Home","item":"https:\/\/www.organisator.ch\/"},{"@type":"ListItem","position":2,"name":"Erfolgs-Impuls: Warum Sie zum Mond fliegen sollten"}]},{"@type":"WebSite","@id":"https:\/\/www.organisator.ch\/#website","url":"https:\/\/www.organisator.ch\/","name":"Organisateur","description":"Comp\u00e9tence et comp\u00e9tence. Proches de la pratique. L'ORGANISATEUR pr\u00e9pare 10 num\u00e9ros par an sur les th\u00e8mes essentiels pour les dirigeants de PME.","publisher":{"@id":"https:\/\/www.organisator.ch\/#organization"},"potentialAction":[{"@type":"SearchAction","target":{"@type":"EntryPoint","urlTemplate":"https:\/\/www.organisator.ch\/?s={search_term_string}"},"query-input":{"@type":"PropertyValueSpecification","valueRequired":true,"valueName":"search_term_string"}}],"inLanguage":"fr-FR"},{"@type":"Organization","@id":"https:\/\/www.organisator.ch\/#organization","name":"Organisateur","url":"https:\/\/www.organisator.ch\/","logo":{"@type":"ImageObject","inLanguage":"fr-FR","@id":"https:\/\/www.organisator.ch\/#\/schema\/logo\/image\/","url":"https:\/\/www.organisator.ch\/wp-content\/uploads\/2022\/01\/Logo_Organisator_Website.png","contentUrl":"https:\/\/www.organisator.ch\/wp-content\/uploads\/2022\/01\/Logo_Organisator_Website.png","width":800,"height":77,"caption":"Organisator"},"image":{"@id":"https:\/\/www.organisator.ch\/#\/schema\/logo\/image\/"},"sameAs":["https:\/\/www.facebook.com\/OrganisatorFachmagazin","https:\/\/www.linkedin.com\/showcase\/organisator-das-magazin-fr-kmu","https:\/\/www.xing.com\/news\/pages\/organisator-ch-695","https:\/\/www.youtube.com\/channel\/UCGP2Sq0iWaZwT3BdIAQFYpw"]},{"@type":"Person","@id":"https:\/\/www.organisator.ch\/#\/schema\/person\/6f650f90b2842cd4c0cc334b4e36f67e","name":"thomas.berner","image":{"@type":"ImageObject","inLanguage":"fr-FR","@id":"https:\/\/secure.gravatar.com\/avatar\/ac5001d2a36cb6c6cd3e50789007ffca834b477b74a2144564522e944eabff61?s=96&d=mm&r=g","url":"https:\/\/secure.gravatar.com\/avatar\/ac5001d2a36cb6c6cd3e50789007ffca834b477b74a2144564522e944eabff61?s=96&d=mm&r=g","contentUrl":"https:\/\/secure.gravatar.com\/avatar\/ac5001d2a36cb6c6cd3e50789007ffca834b477b74a2144564522e944eabff61?s=96&d=mm&r=g","caption":"thomas.berner"},"url":"https:\/\/www.organisator.ch\/fr\/author\/thomas-berner\/"}]}},"_links":{"self":[{"href":"https:\/\/www.organisator.ch\/fr\/wp-json\/wp\/v2\/posts\/5607","targetHints":{"allow":["GET"]}}],"collection":[{"href":"https:\/\/www.organisator.ch\/fr\/wp-json\/wp\/v2\/posts"}],"about":[{"href":"https:\/\/www.organisator.ch\/fr\/wp-json\/wp\/v2\/types\/post"}],"author":[{"embeddable":true,"href":"https:\/\/www.organisator.ch\/fr\/wp-json\/wp\/v2\/users\/4"}],"replies":[{"embeddable":true,"href":"https:\/\/www.organisator.ch\/fr\/wp-json\/wp\/v2\/comments?post=5607"}],"version-history":[{"count":0,"href":"https:\/\/www.organisator.ch\/fr\/wp-json\/wp\/v2\/posts\/5607\/revisions"}],"wp:featuredmedia":[{"embeddable":true,"href":"https:\/\/www.organisator.ch\/fr\/wp-json\/wp\/v2\/media\/5610"}],"wp:attachment":[{"href":"https:\/\/www.organisator.ch\/fr\/wp-json\/wp\/v2\/media?parent=5607"}],"wp:term":[{"taxonomy":"category","embeddable":true,"href":"https:\/\/www.organisator.ch\/fr\/wp-json\/wp\/v2\/categories?post=5607"},{"taxonomy":"post_tag","embeddable":true,"href":"https:\/\/www.organisator.ch\/fr\/wp-json\/wp\/v2\/tags?post=5607"}],"curies":[{"name":"wp","href":"https:\/\/api.w.org\/{rel}","templated":true}]}}