{"id":5629,"date":"2019-08-02T15:54:01","date_gmt":"2019-08-02T13:54:01","guid":{"rendered":"https:\/\/www.organisator.ch\/?p=5629"},"modified":"2019-08-02T15:54:01","modified_gmt":"2019-08-02T13:54:01","slug":"remote-work-den-chef-das-erste-mal-nach-zwei-jahren-getroffen","status":"publish","type":"post","link":"https:\/\/www.organisator.ch\/fr\/management\/2019-08-02\/remote-work-den-chef-das-erste-mal-nach-zwei-jahren-getroffen\/","title":{"rendered":"Travail \u00e0 distance : rencontrer le chef pour la premi\u00e8re fois apr\u00e8s deux ans"},"content":{"rendered":"<figure id=\"attachment_5630\" aria-describedby=\"caption-attachment-5630\" style=\"width: 678px\" class=\"wp-caption alignnone\"><img loading=\"lazy\" decoding=\"async\" class=\"size-full wp-image-5630\" src=\"https:\/\/www.organisator.ch\/wp-content\/uploads\/2019\/08\/Remote-Work-Den-Chef-das-erste-Mal-nach-zwei-Jahren-getroffen_Organisator.jpg\" alt=\"\" width=\"678\" height=\"392\" srcset=\"https:\/\/www.organisator.ch\/wp-content\/uploads\/2019\/08\/Remote-Work-Den-Chef-das-erste-Mal-nach-zwei-Jahren-getroffen_Organisator.jpg 678w, https:\/\/www.organisator.ch\/wp-content\/uploads\/2019\/08\/Remote-Work-Den-Chef-das-erste-Mal-nach-zwei-Jahren-getroffen_Organisator-16x9.jpg 16w, https:\/\/www.organisator.ch\/wp-content\/uploads\/2019\/08\/Remote-Work-Den-Chef-das-erste-Mal-nach-zwei-Jahren-getroffen_Organisator-303x175.jpg 303w, https:\/\/www.organisator.ch\/wp-content\/uploads\/2019\/08\/Remote-Work-Den-Chef-das-erste-Mal-nach-zwei-Jahren-getroffen_Organisator-605x350.jpg 605w, https:\/\/www.organisator.ch\/wp-content\/uploads\/2019\/08\/Remote-Work-Den-Chef-das-erste-Mal-nach-zwei-Jahren-getroffen_Organisator-300x173.jpg 300w\" sizes=\"auto, (max-width: 678px) 100vw, 678px\" \/><figcaption id=\"caption-attachment-5630\" class=\"wp-caption-text\">Le directeur d'Ofri, Benny Hertach (deuxi\u00e8me \u00e0 partir de la droite), et son \u00e9quipe misent sur le travail \u00e0 distance. La photo a \u00e9t\u00e9 prise lors de la derni\u00e8re Company Retreat \u00e0 Zurich. (Image : zVg \/ Ofri)<\/figcaption><\/figure>\n<p>Renoncer aux trajets domicile-travail, travailler en coworking ou accompagner les enfants au cours de natation l'apr\u00e8s-midi ? Ce qui ressemble \u00e0 un r\u00eave pour beaucoup est une r\u00e9alit\u00e9 pour l'\u00e9quipe de quatre personnes d'Ofri. Cette entreprise bas\u00e9e \u00e0 Zurich g\u00e8re depuis 2011 un portail ind\u00e9pendant pour les artisans. Les employ\u00e9s d'Ofri d\u00e9terminent librement leur lieu de travail et la r\u00e9partition de leur travail.\u00a0<span style=\"display: inline !important; float: none; background-color: transparent; color: #333333; cursor: text; font-family: Georgia,'Times New Roman','Bitstream Charter',Times,serif; font-size: 16px; font-style: normal; font-variant: normal; font-weight: 400; letter-spacing: normal; orphans: 2; text-align: left; text-decoration: none; text-indent: 0px; text-transform: none; -webkit-text-stroke-width: 0px; white-space: normal; word-spacing: 0px;\">Dans le cas du travail \u00e0 distance, l'accent est mis sur le r\u00e9sultat du travail de l'employ\u00e9. <\/span><span style=\"display: inline !important; float: none; background-color: transparent; color: #333333; cursor: text; font-family: Georgia,'Times New Roman','Bitstream Charter',Times,serif; font-size: 16px; font-style: normal; font-variant: normal; font-weight: 400; letter-spacing: normal; orphans: 2; text-align: left; text-decoration: none; text-indent: 0px; text-transform: none; -webkit-text-stroke-width: 0px; white-space: normal; word-spacing: 0px;\">collaborateurs et non sur son temps de pr\u00e9sence.<\/span><\/p>\n<h2>Le r\u00e9sultat est plus important que la pr\u00e9sence<\/h2>\n<p>\"Ce qui m'importe, c'est le r\u00e9sultat du travail. Quand et d'o\u00f9 mes collaborateurs travaillent ne joue aucun r\u00f4le pour moi\", introduit Benny Hertach, fondateur de la plateforme pour artisans. Depuis 2015, l'entreprise zurichoise travaille de mani\u00e8re totalement ind\u00e9pendante du lieu. Ses collaborateurs se trouvent actuellement en Gr\u00e8ce, en Pologne, en Espagne et en Suisse. La seule condition qu'il pose est que le d\u00e9calage horaire avec le bureau de Zurich soit de deux heures maximum. \"Pendant les quatre premi\u00e8res ann\u00e9es, j'\u00e9tais le seul employ\u00e9 de mon entreprise. Durant cette p\u00e9riode, j'ai appris \u00e0 appr\u00e9cier les avantages du travail ind\u00e9pendant. Lors de journ\u00e9es particuli\u00e8rement chaudes<br \/>\njours, je prenais une pause l'apr\u00e8s-midi et je travaillais plus longtemps le soir\". Pour lui, il \u00e9tait clair qu'il voulait offrir la m\u00eame libert\u00e9 \u00e0 ses collaborateurs. Certains membres de l'\u00e9quipe sont des oiseaux de nuit, d'autres travaillent mieux t\u00f4t le matin. Chacun sait quand et o\u00f9 il est le plus productif, il ne veut pas intervenir artificiellement dans ce domaine.<\/p>\n<h2>Documentation et r\u00e9unions r\u00e9guli\u00e8res par webcam<\/h2>\n<p>La forme de travail d\u00e9centralis\u00e9e et asynchrone n\u00e9cessite une documentation transparente. Gr\u00e2ce \u00e0 des programmes de communication et de gestion de projet tels que Slack, Trello ou Confluence, les collaborateurs peuvent consulter les statuts, les objectifs et les t\u00e2ches en attente. L'\u00e9quipe se r\u00e9unit r\u00e9guli\u00e8rement, du moins virtuellement. Avec le programme de vid\u00e9oconf\u00e9rence Zoom, l'\u00e9quipe Ofri tient des r\u00e9unions d'\u00e9quipe et de projet hebdomadaires. L\u00e0 aussi, la documentation est m\u00e9ticuleuse, a r\u00e9cemment expliqu\u00e9 Corina Burri, sa collaboratrice. <a href=\"https:\/\/www.forbes.com\/sites\/barnabylashbrooke\/2019\/03\/19\/forget-jeff-bezos-two-pizza-rulelets- put-meetings-out-of-their-misery\/#56c480d81c51\">Forbes<\/a>.<\/p>\n<h2>Retraite d'entreprise pour compenser<\/h2>\n<p>Le travail \u00e0 distance comporte aussi des d\u00e9fis, fait remarquer Hertach : \"Nous ne nous rencontrons pas par hasard dans la cuisine du caf\u00e9. Il y a un risque que la relation de travail devienne trop st\u00e9rile\". Pour y rem\u00e9dier, l'\u00e9quipe Ofri a int\u00e9gr\u00e9 il y a un an une partie culturelle de 15 minutes dans la r\u00e9union d'\u00e9quipe. Pour une fois, il n'est pas question d'optimisation des chiffres cl\u00e9s ou de suivi de la client\u00e8le, mais de plans pour le week-end, de conseils sur les s\u00e9ries et de blogs pr\u00e9f\u00e9r\u00e9s.<\/p>\n<p>Depuis trois ans, l'\u00e9quipe Ofri organise \u00e9galement chaque ann\u00e9e une Company Retreat. Pendant cinq jours, les membres de l'\u00e9quipe se retrouvent dans une ville et travaillent ensemble au d\u00e9veloppement des produits pour les douze mois suivants. La partie culturelle n'est pas pour autant n\u00e9glig\u00e9e. Pendant un jour et demi, l'\u00e9quipe s'adonne ensemble \u00e0 une activit\u00e9 de loisirs. Il peut s'agir de randonn\u00e9es \u00e0 Malte, de stand-up paddle \u00e0 Lisbonne ou d'une conf\u00e9rence \u00e0 Zurich. C'est \u00e9galement lors de la premi\u00e8re Company Retreat \u00e0 Malte que Silvia Piangou, responsable du service client\u00e8le, a rencontr\u00e9 son sup\u00e9rieur pour la premi\u00e8re fois. \"J'attendais bien s\u00fbr cette premi\u00e8re vraie rencontre avec impatience. Depuis deux ans, nous \u00e9tions en contact quotidien via Slack et Zoom, mais nous ne nous \u00e9tions encore jamais rencontr\u00e9s\", raconte Piangou. \"La tension s'est dissip\u00e9e d\u00e8s la premi\u00e8re poign\u00e9e de main\", poursuit Piangou. Elle \u00e9tait \u00e9tonn\u00e9e de voir \u00e0 quel point elle connaissait d\u00e9j\u00e0 son sup\u00e9rieur gr\u00e2ce \u00e0 la collaboration num\u00e9rique. \"Cette rencontre a permis de consolider la confiance mutuelle\", ajoute Piangou.<\/p>\n<h2>Rechercher des professionnels dans toute l'Europe<\/h2>\n<p>\"Lors du recrutement, j'ai pu prendre en compte des candidats \u00e9loign\u00e9s de Zurich. Le rayon d'action des candidats s'est \u00e9largi, j'ai pu \u00eatre plus s\u00e9lectif et recruter les personnes qui nous convenaient vraiment le mieux sur le plan professionnel et personnel\", explique Hertach, ce qui constitue pour lui l'avantage le plus important du point de vue de l'entrepreneur. Il a constat\u00e9 que les employ\u00e9s exp\u00e9riment\u00e9s, en particulier, n'\u00e9taient pas pr\u00eats \u00e0 d\u00e9m\u00e9nager pour un nouveau poste.<\/p>\n<p><em>Source : <a href=\"http:\/\/www.ofri.ch\">Ofri<\/a><\/em><\/p>","protected":false},"excerpt":{"rendered":"<p>Aufs Pendeln verzichten, im Coworking arbeiten oder die Kinder nachmittags in den Schwimmkurs begleiten? Was f\u00fcr viele wie ein Traum klingt, ist f\u00fcr das vierk\u00f6pfige Team von Ofri Realit\u00e4t. Dieses in Z\u00fcrich ans\u00e4ssige Unternehmen betreibt seit 2011 ein unabh\u00e4ngiges Handwerkerportal. Die Angestellten von Ofri bestimmen ihren Arbeitsort und die Arbeitseinteilung frei.\u00a0Bei Remote-Work liegt der Fokus [&hellip;]<\/p>\n","protected":false},"author":4,"featured_media":5630,"comment_status":"open","ping_status":"open","sticky":false,"template":"","format":"standard","meta":{"_acf_changed":false,"_yoast_wpseo_focuskw":"Remote-Work","_yoast_wpseo_metadesc":"Benny Hertach, Gr\u00fcnder der Handwerkerplattform Ofri, experimentiert seit vier Jahren mit Remote-Work. Seine Mitarbeiter w\u00e4hlen den Arbeitsort selbst.","articlekey":"","footnotes":""},"categories":[28],"tags":[51,363,492],"class_list":["post-5629","post","type-post","status-publish","format-standard","has-post-thumbnail","hentry","category-management","tag-arbeitsplatzgestaltung","tag-new-work","tag-unternehmen"],"acf":[],"yoast_head":"<!-- This site is optimized with the Yoast SEO plugin v27.4 - https:\/\/yoast.com\/product\/yoast-seo-wordpress\/ -->\n<title>Remote-Work: Den Chef das erste Mal nach zwei Jahren getroffen - Organisator<\/title>\n<meta name=\"description\" content=\"Benny Hertach, Gr\u00fcnder der Handwerkerplattform Ofri, experimentiert seit vier Jahren mit Remote-Work. Seine Mitarbeiter w\u00e4hlen den Arbeitsort selbst.\" \/>\n<meta name=\"robots\" content=\"index, follow, max-snippet:-1, max-image-preview:large, max-video-preview:-1\" \/>\n<link rel=\"canonical\" href=\"https:\/\/www.organisator.ch\/fr\/gestion-2\/2019-08-02\/remote-work-den-chef-das-erste-mal-nach-zwei-jahren-getroffen\/\" \/>\n<meta property=\"og:locale\" content=\"fr_FR\" \/>\n<meta property=\"og:type\" content=\"article\" \/>\n<meta property=\"og:title\" content=\"Remote-Work: Den Chef das erste Mal nach zwei Jahren getroffen\" \/>\n<meta property=\"og:description\" content=\"Benny Hertach, Gr\u00fcnder der Handwerkerplattform Ofri, experimentiert seit vier Jahren mit Remote-Work. Seine Mitarbeiter w\u00e4hlen den Arbeitsort selbst.\" \/>\n<meta property=\"og:url\" content=\"https:\/\/www.organisator.ch\/fr\/gestion-2\/2019-08-02\/remote-work-den-chef-das-erste-mal-nach-zwei-jahren-getroffen\/\" \/>\n<meta property=\"og:site_name\" content=\"Organisator\" \/>\n<meta property=\"article:publisher\" content=\"https:\/\/www.facebook.com\/OrganisatorFachmagazin\" \/>\n<meta property=\"article:published_time\" content=\"2019-08-02T13:54:01+00:00\" \/>\n<meta property=\"og:image\" content=\"https:\/\/www.organisator.ch\/wp-content\/uploads\/2019\/08\/Remote-Work-Den-Chef-das-erste-Mal-nach-zwei-Jahren-getroffen_Organisator.jpg\" \/>\n\t<meta property=\"og:image:width\" content=\"678\" \/>\n\t<meta property=\"og:image:height\" content=\"392\" \/>\n\t<meta property=\"og:image:type\" content=\"image\/jpeg\" \/>\n<meta name=\"author\" content=\"thomas.berner\" \/>\n<meta name=\"twitter:card\" content=\"summary_large_image\" \/>\n<meta name=\"twitter:title\" content=\"#Remote-Work: Den Chef das erste Mal nach zwei Jahren getroffen\" \/>\n<meta name=\"twitter:description\" content=\"Benny Hertach, Gr\u00fcnder der Handwerkerplattform #Ofri, experimentiert seit vier Jahren mit #Remote-Work. Seine Mitarbeiter w\u00e4hlen den Arbeitsort selbst.\" \/>\n<meta name=\"twitter:image\" content=\"https:\/\/www.organisator.ch\/wp-content\/uploads\/2019\/08\/Remote-Work-Den-Chef-das-erste-Mal-nach-zwei-Jahren-getroffen_Organisator.jpg\" \/>\n<script type=\"application\/ld+json\" class=\"yoast-schema-graph\">{\"@context\":\"https:\\\/\\\/schema.org\",\"@graph\":[{\"@type\":\"Article\",\"@id\":\"https:\\\/\\\/www.organisator.ch\\\/management\\\/2019-08-02\\\/remote-work-den-chef-das-erste-mal-nach-zwei-jahren-getroffen\\\/#article\",\"isPartOf\":{\"@id\":\"https:\\\/\\\/www.organisator.ch\\\/management\\\/2019-08-02\\\/remote-work-den-chef-das-erste-mal-nach-zwei-jahren-getroffen\\\/\"},\"author\":{\"name\":\"thomas.berner\",\"@id\":\"https:\\\/\\\/www.organisator.ch\\\/#\\\/schema\\\/person\\\/6f650f90b2842cd4c0cc334b4e36f67e\"},\"headline\":\"Remote-Work: Den Chef das erste Mal nach zwei Jahren getroffen\",\"datePublished\":\"2019-08-02T13:54:01+00:00\",\"mainEntityOfPage\":{\"@id\":\"https:\\\/\\\/www.organisator.ch\\\/management\\\/2019-08-02\\\/remote-work-den-chef-das-erste-mal-nach-zwei-jahren-getroffen\\\/\"},\"wordCount\":654,\"commentCount\":0,\"publisher\":{\"@id\":\"https:\\\/\\\/www.organisator.ch\\\/#organization\"},\"image\":{\"@id\":\"https:\\\/\\\/www.organisator.ch\\\/management\\\/2019-08-02\\\/remote-work-den-chef-das-erste-mal-nach-zwei-jahren-getroffen\\\/#primaryimage\"},\"thumbnailUrl\":\"https:\\\/\\\/www.organisator.ch\\\/wp-content\\\/uploads\\\/2019\\\/08\\\/Remote-Work-Den-Chef-das-erste-Mal-nach-zwei-Jahren-getroffen_Organisator.jpg\",\"keywords\":[\"Arbeitsplatzgestaltung\",\"New Work\",\"Unternehmen\"],\"articleSection\":[\"MANAGEMENT\"],\"inLanguage\":\"fr-FR\"},{\"@type\":\"WebPage\",\"@id\":\"https:\\\/\\\/www.organisator.ch\\\/management\\\/2019-08-02\\\/remote-work-den-chef-das-erste-mal-nach-zwei-jahren-getroffen\\\/\",\"url\":\"https:\\\/\\\/www.organisator.ch\\\/management\\\/2019-08-02\\\/remote-work-den-chef-das-erste-mal-nach-zwei-jahren-getroffen\\\/\",\"name\":\"Remote-Work: Den Chef das erste Mal nach zwei Jahren getroffen - Organisator\",\"isPartOf\":{\"@id\":\"https:\\\/\\\/www.organisator.ch\\\/#website\"},\"primaryImageOfPage\":{\"@id\":\"https:\\\/\\\/www.organisator.ch\\\/management\\\/2019-08-02\\\/remote-work-den-chef-das-erste-mal-nach-zwei-jahren-getroffen\\\/#primaryimage\"},\"image\":{\"@id\":\"https:\\\/\\\/www.organisator.ch\\\/management\\\/2019-08-02\\\/remote-work-den-chef-das-erste-mal-nach-zwei-jahren-getroffen\\\/#primaryimage\"},\"thumbnailUrl\":\"https:\\\/\\\/www.organisator.ch\\\/wp-content\\\/uploads\\\/2019\\\/08\\\/Remote-Work-Den-Chef-das-erste-Mal-nach-zwei-Jahren-getroffen_Organisator.jpg\",\"datePublished\":\"2019-08-02T13:54:01+00:00\",\"description\":\"Benny Hertach, Gr\u00fcnder der Handwerkerplattform Ofri, experimentiert seit vier Jahren mit Remote-Work. Seine Mitarbeiter w\u00e4hlen den Arbeitsort selbst.\",\"breadcrumb\":{\"@id\":\"https:\\\/\\\/www.organisator.ch\\\/management\\\/2019-08-02\\\/remote-work-den-chef-das-erste-mal-nach-zwei-jahren-getroffen\\\/#breadcrumb\"},\"inLanguage\":\"fr-FR\",\"potentialAction\":[{\"@type\":\"ReadAction\",\"target\":[\"https:\\\/\\\/www.organisator.ch\\\/management\\\/2019-08-02\\\/remote-work-den-chef-das-erste-mal-nach-zwei-jahren-getroffen\\\/\"]}]},{\"@type\":\"ImageObject\",\"inLanguage\":\"fr-FR\",\"@id\":\"https:\\\/\\\/www.organisator.ch\\\/management\\\/2019-08-02\\\/remote-work-den-chef-das-erste-mal-nach-zwei-jahren-getroffen\\\/#primaryimage\",\"url\":\"https:\\\/\\\/www.organisator.ch\\\/wp-content\\\/uploads\\\/2019\\\/08\\\/Remote-Work-Den-Chef-das-erste-Mal-nach-zwei-Jahren-getroffen_Organisator.jpg\",\"contentUrl\":\"https:\\\/\\\/www.organisator.ch\\\/wp-content\\\/uploads\\\/2019\\\/08\\\/Remote-Work-Den-Chef-das-erste-Mal-nach-zwei-Jahren-getroffen_Organisator.jpg\",\"width\":678,\"height\":392,\"caption\":\"Remote-Work: Das Team von Ofri bestimmt seinen Arbeitsplatz selbst und trifft sich einmal im Jahr zu einem Company-Retreat. (Bild: zVg \\\/ Ofri)\"},{\"@type\":\"BreadcrumbList\",\"@id\":\"https:\\\/\\\/www.organisator.ch\\\/management\\\/2019-08-02\\\/remote-work-den-chef-das-erste-mal-nach-zwei-jahren-getroffen\\\/#breadcrumb\",\"itemListElement\":[{\"@type\":\"ListItem\",\"position\":1,\"name\":\"Home\",\"item\":\"https:\\\/\\\/www.organisator.ch\\\/\"},{\"@type\":\"ListItem\",\"position\":2,\"name\":\"Remote-Work: Den Chef das erste Mal nach zwei Jahren getroffen\"}]},{\"@type\":\"WebSite\",\"@id\":\"https:\\\/\\\/www.organisator.ch\\\/#website\",\"url\":\"https:\\\/\\\/www.organisator.ch\\\/\",\"name\":\"Organisator\",\"description\":\"Kompetent. Praxisnah. Der ORGANISATOR bereitet in 10 Ausgaben pro Jahr die wesentlichen Themen f\u00fcr F\u00fchrungskr\u00e4fte von KMU auf.\",\"publisher\":{\"@id\":\"https:\\\/\\\/www.organisator.ch\\\/#organization\"},\"potentialAction\":[{\"@type\":\"SearchAction\",\"target\":{\"@type\":\"EntryPoint\",\"urlTemplate\":\"https:\\\/\\\/www.organisator.ch\\\/?s={search_term_string}\"},\"query-input\":{\"@type\":\"PropertyValueSpecification\",\"valueRequired\":true,\"valueName\":\"search_term_string\"}}],\"inLanguage\":\"fr-FR\"},{\"@type\":\"Organization\",\"@id\":\"https:\\\/\\\/www.organisator.ch\\\/#organization\",\"name\":\"Organisator\",\"url\":\"https:\\\/\\\/www.organisator.ch\\\/\",\"logo\":{\"@type\":\"ImageObject\",\"inLanguage\":\"fr-FR\",\"@id\":\"https:\\\/\\\/www.organisator.ch\\\/#\\\/schema\\\/logo\\\/image\\\/\",\"url\":\"https:\\\/\\\/www.organisator.ch\\\/wp-content\\\/uploads\\\/2022\\\/01\\\/Logo_Organisator_Website.png\",\"contentUrl\":\"https:\\\/\\\/www.organisator.ch\\\/wp-content\\\/uploads\\\/2022\\\/01\\\/Logo_Organisator_Website.png\",\"width\":800,\"height\":77,\"caption\":\"Organisator\"},\"image\":{\"@id\":\"https:\\\/\\\/www.organisator.ch\\\/#\\\/schema\\\/logo\\\/image\\\/\"},\"sameAs\":[\"https:\\\/\\\/www.facebook.com\\\/OrganisatorFachmagazin\",\"https:\\\/\\\/www.linkedin.com\\\/showcase\\\/organisator-das-magazin-fr-kmu\",\"https:\\\/\\\/www.xing.com\\\/news\\\/pages\\\/organisator-ch-695\",\"https:\\\/\\\/www.youtube.com\\\/channel\\\/UCGP2Sq0iWaZwT3BdIAQFYpw\"]},{\"@type\":\"Person\",\"@id\":\"https:\\\/\\\/www.organisator.ch\\\/#\\\/schema\\\/person\\\/6f650f90b2842cd4c0cc334b4e36f67e\",\"name\":\"thomas.berner\",\"image\":{\"@type\":\"ImageObject\",\"inLanguage\":\"fr-FR\",\"@id\":\"https:\\\/\\\/secure.gravatar.com\\\/avatar\\\/ac5001d2a36cb6c6cd3e50789007ffca834b477b74a2144564522e944eabff61?s=96&d=mm&r=g\",\"url\":\"https:\\\/\\\/secure.gravatar.com\\\/avatar\\\/ac5001d2a36cb6c6cd3e50789007ffca834b477b74a2144564522e944eabff61?s=96&d=mm&r=g\",\"contentUrl\":\"https:\\\/\\\/secure.gravatar.com\\\/avatar\\\/ac5001d2a36cb6c6cd3e50789007ffca834b477b74a2144564522e944eabff61?s=96&d=mm&r=g\",\"caption\":\"thomas.berner\"},\"url\":\"https:\\\/\\\/www.organisator.ch\\\/fr\\\/author\\\/thomas-berner\\\/\"}]}<\/script>\n<!-- \/ Yoast SEO plugin. -->","yoast_head_json":{"title":"Travail \u00e0 distance : rencontrer le chef pour la premi\u00e8re fois apr\u00e8s deux ans - Organisateur","description":"Benny Hertach, fondateur de la plateforme d'artisans Ofri, exp\u00e9rimente le travail \u00e0 distance depuis quatre ans. Ses employ\u00e9s choisissent eux-m\u00eames leur lieu de travail.","robots":{"index":"index","follow":"follow","max-snippet":"max-snippet:-1","max-image-preview":"max-image-preview:large","max-video-preview":"max-video-preview:-1"},"canonical":"https:\/\/www.organisator.ch\/fr\/gestion-2\/2019-08-02\/remote-work-den-chef-das-erste-mal-nach-zwei-jahren-getroffen\/","og_locale":"fr_FR","og_type":"article","og_title":"Remote-Work: Den Chef das erste Mal nach zwei Jahren getroffen","og_description":"Benny Hertach, Gr\u00fcnder der Handwerkerplattform Ofri, experimentiert seit vier Jahren mit Remote-Work. Seine Mitarbeiter w\u00e4hlen den Arbeitsort selbst.","og_url":"https:\/\/www.organisator.ch\/fr\/gestion-2\/2019-08-02\/remote-work-den-chef-das-erste-mal-nach-zwei-jahren-getroffen\/","og_site_name":"Organisator","article_publisher":"https:\/\/www.facebook.com\/OrganisatorFachmagazin","article_published_time":"2019-08-02T13:54:01+00:00","og_image":[{"width":678,"height":392,"url":"https:\/\/www.organisator.ch\/wp-content\/uploads\/2019\/08\/Remote-Work-Den-Chef-das-erste-Mal-nach-zwei-Jahren-getroffen_Organisator.jpg","type":"image\/jpeg"}],"author":"thomas.berner","twitter_card":"summary_large_image","twitter_title":"#Remote-Work: Den Chef das erste Mal nach zwei Jahren getroffen","twitter_description":"Benny Hertach, Gr\u00fcnder der Handwerkerplattform #Ofri, experimentiert seit vier Jahren mit #Remote-Work. Seine Mitarbeiter w\u00e4hlen den Arbeitsort selbst.","twitter_image":"https:\/\/www.organisator.ch\/wp-content\/uploads\/2019\/08\/Remote-Work-Den-Chef-das-erste-Mal-nach-zwei-Jahren-getroffen_Organisator.jpg","schema":{"@context":"https:\/\/schema.org","@graph":[{"@type":"Article","@id":"https:\/\/www.organisator.ch\/management\/2019-08-02\/remote-work-den-chef-das-erste-mal-nach-zwei-jahren-getroffen\/#article","isPartOf":{"@id":"https:\/\/www.organisator.ch\/management\/2019-08-02\/remote-work-den-chef-das-erste-mal-nach-zwei-jahren-getroffen\/"},"author":{"name":"thomas.berner","@id":"https:\/\/www.organisator.ch\/#\/schema\/person\/6f650f90b2842cd4c0cc334b4e36f67e"},"headline":"Remote-Work: Den Chef das erste Mal nach zwei Jahren getroffen","datePublished":"2019-08-02T13:54:01+00:00","mainEntityOfPage":{"@id":"https:\/\/www.organisator.ch\/management\/2019-08-02\/remote-work-den-chef-das-erste-mal-nach-zwei-jahren-getroffen\/"},"wordCount":654,"commentCount":0,"publisher":{"@id":"https:\/\/www.organisator.ch\/#organization"},"image":{"@id":"https:\/\/www.organisator.ch\/management\/2019-08-02\/remote-work-den-chef-das-erste-mal-nach-zwei-jahren-getroffen\/#primaryimage"},"thumbnailUrl":"https:\/\/www.organisator.ch\/wp-content\/uploads\/2019\/08\/Remote-Work-Den-Chef-das-erste-Mal-nach-zwei-Jahren-getroffen_Organisator.jpg","keywords":["Arbeitsplatzgestaltung","New Work","Unternehmen"],"articleSection":["MANAGEMENT"],"inLanguage":"fr-FR"},{"@type":"WebPage","@id":"https:\/\/www.organisator.ch\/management\/2019-08-02\/remote-work-den-chef-das-erste-mal-nach-zwei-jahren-getroffen\/","url":"https:\/\/www.organisator.ch\/management\/2019-08-02\/remote-work-den-chef-das-erste-mal-nach-zwei-jahren-getroffen\/","name":"Travail \u00e0 distance : rencontrer le chef pour la premi\u00e8re fois apr\u00e8s deux ans - Organisateur","isPartOf":{"@id":"https:\/\/www.organisator.ch\/#website"},"primaryImageOfPage":{"@id":"https:\/\/www.organisator.ch\/management\/2019-08-02\/remote-work-den-chef-das-erste-mal-nach-zwei-jahren-getroffen\/#primaryimage"},"image":{"@id":"https:\/\/www.organisator.ch\/management\/2019-08-02\/remote-work-den-chef-das-erste-mal-nach-zwei-jahren-getroffen\/#primaryimage"},"thumbnailUrl":"https:\/\/www.organisator.ch\/wp-content\/uploads\/2019\/08\/Remote-Work-Den-Chef-das-erste-Mal-nach-zwei-Jahren-getroffen_Organisator.jpg","datePublished":"2019-08-02T13:54:01+00:00","description":"Benny Hertach, fondateur de la plateforme d'artisans Ofri, exp\u00e9rimente le travail \u00e0 distance depuis quatre ans. Ses employ\u00e9s choisissent eux-m\u00eames leur lieu de travail.","breadcrumb":{"@id":"https:\/\/www.organisator.ch\/management\/2019-08-02\/remote-work-den-chef-das-erste-mal-nach-zwei-jahren-getroffen\/#breadcrumb"},"inLanguage":"fr-FR","potentialAction":[{"@type":"ReadAction","target":["https:\/\/www.organisator.ch\/management\/2019-08-02\/remote-work-den-chef-das-erste-mal-nach-zwei-jahren-getroffen\/"]}]},{"@type":"ImageObject","inLanguage":"fr-FR","@id":"https:\/\/www.organisator.ch\/management\/2019-08-02\/remote-work-den-chef-das-erste-mal-nach-zwei-jahren-getroffen\/#primaryimage","url":"https:\/\/www.organisator.ch\/wp-content\/uploads\/2019\/08\/Remote-Work-Den-Chef-das-erste-Mal-nach-zwei-Jahren-getroffen_Organisator.jpg","contentUrl":"https:\/\/www.organisator.ch\/wp-content\/uploads\/2019\/08\/Remote-Work-Den-Chef-das-erste-Mal-nach-zwei-Jahren-getroffen_Organisator.jpg","width":678,"height":392,"caption":"Remote-Work: Das Team von Ofri bestimmt seinen Arbeitsplatz selbst und trifft sich einmal im Jahr zu einem Company-Retreat. (Bild: zVg \/ Ofri)"},{"@type":"BreadcrumbList","@id":"https:\/\/www.organisator.ch\/management\/2019-08-02\/remote-work-den-chef-das-erste-mal-nach-zwei-jahren-getroffen\/#breadcrumb","itemListElement":[{"@type":"ListItem","position":1,"name":"Home","item":"https:\/\/www.organisator.ch\/"},{"@type":"ListItem","position":2,"name":"Remote-Work: Den Chef das erste Mal nach zwei Jahren getroffen"}]},{"@type":"WebSite","@id":"https:\/\/www.organisator.ch\/#website","url":"https:\/\/www.organisator.ch\/","name":"Organisateur","description":"Comp\u00e9tence et comp\u00e9tence. Proches de la pratique. L'ORGANISATEUR pr\u00e9pare 10 num\u00e9ros par an sur les th\u00e8mes essentiels pour les dirigeants de PME.","publisher":{"@id":"https:\/\/www.organisator.ch\/#organization"},"potentialAction":[{"@type":"SearchAction","target":{"@type":"EntryPoint","urlTemplate":"https:\/\/www.organisator.ch\/?s={search_term_string}"},"query-input":{"@type":"PropertyValueSpecification","valueRequired":true,"valueName":"search_term_string"}}],"inLanguage":"fr-FR"},{"@type":"Organization","@id":"https:\/\/www.organisator.ch\/#organization","name":"Organisateur","url":"https:\/\/www.organisator.ch\/","logo":{"@type":"ImageObject","inLanguage":"fr-FR","@id":"https:\/\/www.organisator.ch\/#\/schema\/logo\/image\/","url":"https:\/\/www.organisator.ch\/wp-content\/uploads\/2022\/01\/Logo_Organisator_Website.png","contentUrl":"https:\/\/www.organisator.ch\/wp-content\/uploads\/2022\/01\/Logo_Organisator_Website.png","width":800,"height":77,"caption":"Organisator"},"image":{"@id":"https:\/\/www.organisator.ch\/#\/schema\/logo\/image\/"},"sameAs":["https:\/\/www.facebook.com\/OrganisatorFachmagazin","https:\/\/www.linkedin.com\/showcase\/organisator-das-magazin-fr-kmu","https:\/\/www.xing.com\/news\/pages\/organisator-ch-695","https:\/\/www.youtube.com\/channel\/UCGP2Sq0iWaZwT3BdIAQFYpw"]},{"@type":"Person","@id":"https:\/\/www.organisator.ch\/#\/schema\/person\/6f650f90b2842cd4c0cc334b4e36f67e","name":"thomas.berner","image":{"@type":"ImageObject","inLanguage":"fr-FR","@id":"https:\/\/secure.gravatar.com\/avatar\/ac5001d2a36cb6c6cd3e50789007ffca834b477b74a2144564522e944eabff61?s=96&d=mm&r=g","url":"https:\/\/secure.gravatar.com\/avatar\/ac5001d2a36cb6c6cd3e50789007ffca834b477b74a2144564522e944eabff61?s=96&d=mm&r=g","contentUrl":"https:\/\/secure.gravatar.com\/avatar\/ac5001d2a36cb6c6cd3e50789007ffca834b477b74a2144564522e944eabff61?s=96&d=mm&r=g","caption":"thomas.berner"},"url":"https:\/\/www.organisator.ch\/fr\/author\/thomas-berner\/"}]}},"_links":{"self":[{"href":"https:\/\/www.organisator.ch\/fr\/wp-json\/wp\/v2\/posts\/5629","targetHints":{"allow":["GET"]}}],"collection":[{"href":"https:\/\/www.organisator.ch\/fr\/wp-json\/wp\/v2\/posts"}],"about":[{"href":"https:\/\/www.organisator.ch\/fr\/wp-json\/wp\/v2\/types\/post"}],"author":[{"embeddable":true,"href":"https:\/\/www.organisator.ch\/fr\/wp-json\/wp\/v2\/users\/4"}],"replies":[{"embeddable":true,"href":"https:\/\/www.organisator.ch\/fr\/wp-json\/wp\/v2\/comments?post=5629"}],"version-history":[{"count":0,"href":"https:\/\/www.organisator.ch\/fr\/wp-json\/wp\/v2\/posts\/5629\/revisions"}],"wp:featuredmedia":[{"embeddable":true,"href":"https:\/\/www.organisator.ch\/fr\/wp-json\/wp\/v2\/media\/5630"}],"wp:attachment":[{"href":"https:\/\/www.organisator.ch\/fr\/wp-json\/wp\/v2\/media?parent=5629"}],"wp:term":[{"taxonomy":"category","embeddable":true,"href":"https:\/\/www.organisator.ch\/fr\/wp-json\/wp\/v2\/categories?post=5629"},{"taxonomy":"post_tag","embeddable":true,"href":"https:\/\/www.organisator.ch\/fr\/wp-json\/wp\/v2\/tags?post=5629"}],"curies":[{"name":"wp","href":"https:\/\/api.w.org\/{rel}","templated":true}]}}