{"id":5644,"date":"2019-08-09T09:16:26","date_gmt":"2019-08-09T07:16:26","guid":{"rendered":"https:\/\/www.organisator.ch\/?p=5644"},"modified":"2019-08-09T09:16:26","modified_gmt":"2019-08-09T07:16:26","slug":"biella-schweiz-ag-organisiert-sich-neu","status":"publish","type":"post","link":"https:\/\/www.organisator.ch\/fr\/management\/2019-08-09\/biella-schweiz-ag-organisiert-sich-neu\/","title":{"rendered":"Biella Suisse SA se r\u00e9organise"},"content":{"rendered":"<p><img loading=\"lazy\" decoding=\"async\" class=\"alignnone size-medium wp-image-5645\" src=\"https:\/\/www.organisator.ch\/wp-content\/uploads\/2019\/08\/Biella-Schweiz-AG-organisiert-sich-neu_Organisator.jpg\" alt=\"\" width=\"680\" height=\"234\" srcset=\"https:\/\/www.organisator.ch\/wp-content\/uploads\/2019\/08\/Biella-Schweiz-AG-organisiert-sich-neu_Organisator.jpg 680w, https:\/\/www.organisator.ch\/wp-content\/uploads\/2019\/08\/Biella-Schweiz-AG-organisiert-sich-neu_Organisator-16x6.jpg 16w, https:\/\/www.organisator.ch\/wp-content\/uploads\/2019\/08\/Biella-Schweiz-AG-organisiert-sich-neu_Organisator-375x129.jpg 375w, https:\/\/www.organisator.ch\/wp-content\/uploads\/2019\/08\/Biella-Schweiz-AG-organisiert-sich-neu_Organisator-300x103.jpg 300w\" sizes=\"auto, (max-width: 680px) 100vw, 680px\" \/><\/p>\n<p>Fin mai, la soci\u00e9t\u00e9 Biella Neher-Holding AG (Biella Group) a \u00e9t\u00e9 enti\u00e8rement reprise par la soci\u00e9t\u00e9 fran\u00e7aise EXACOMPTA SAS (Exacompta). Au 30 juin 2019, la soci\u00e9t\u00e9 holding a \u00e9t\u00e9 dissoute et int\u00e9gr\u00e9e dans Biella Suisse SA, dont le si\u00e8ge est \u00e0 Br\u00fcgg pr\u00e8s de Bienne. Dans le cadre de cette reprise et de la restructuration, Marco Arrigoni, CEO du Biella Group, et Markus Heinzle, directeur de Biella Suisse SA, ont quitt\u00e9 l'entreprise. D\u00e8s \u00e0 pr\u00e9sent, Stefan Perrig prend donc la direction de Biella Suisse SA. Stefan Perrig travaille depuis sept ans d\u00e9j\u00e0 chez Biella en tant que directeur du Supply Chain Management et membre de la direction. Depuis le 1er ao\u00fbt, M. Alexandre Sola prend en outre la direction du secteur Vente et Marketing en Suisse. Monsieur Sola travaille depuis 12 ans au sein du groupe Exacompta, o\u00f9 il a occup\u00e9 diff\u00e9rentes fonctions en France, en Allemagne et en Autriche. En dernier lieu, il a travaill\u00e9 dans la soci\u00e9t\u00e9 du groupe Registres Le Dauphin dans le domaine des ventes et du marketing du secteur Office.<\/p>\n<p>Biella veut profiter des nouvelles opportunit\u00e9s offertes par cette fusion pour se positionner comme un partenaire encore plus performant sur le march\u00e9, comme l'indique un communiqu\u00e9 de l'entreprise. Pour 2020, l'assortiment Biella sera \u00e9largi avec une multitude de nouveaux produits, principalement Exacompta, pour le march\u00e9 suisse. De plus, la marque Biella sera encore renforc\u00e9e. De nouveaux services et offres suivront.<\/p>\n<p><a href=\"http:\/\/www.biella.ch\"><em>www.biella.ch<\/em><\/a><\/p>","protected":false},"excerpt":{"rendered":"<p>Ende Mai wurde die Biella Neher-Holding AG (Biella Group) durch die franz\u00f6sische EXACOMPTA SAS (Exacompta) vollst\u00e4ndig \u00fcbernommen. Per 30. Juni 2019 wurde die Holdinggesellschaft aufgel\u00f6st und in die Biella Schweiz AG mit Sitz in Br\u00fcgg bei Biel integriert. Im Rahmen dieser \u00dcbernahme und der Umstrukturierung haben Marco Arrigoni, CEO der Biella Group, und Markus Heinzle, [&hellip;]<\/p>\n","protected":false},"author":4,"featured_media":5645,"comment_status":"open","ping_status":"open","sticky":false,"template":"","format":"standard","meta":{"_acf_changed":false,"_yoast_wpseo_focuskw":"Biella Schweiz AG","_yoast_wpseo_metadesc":"Mit der \u00dcbernahme der Biella Group durch die EXACOMPTA SAS wurde die Holdinggesellschaft aufgel\u00f6st und das Management von Biella Schweiz AG neu aufgestellt.","articlekey":"","footnotes":""},"categories":[28],"tags":[334,492,508],"class_list":["post-5644","post","type-post","status-publish","format-standard","has-post-thumbnail","hentry","category-management","tag-management","tag-unternehmen","tag-vermischtes"],"acf":[],"yoast_head":"<!-- This site is optimized with the Yoast SEO plugin v27.4 - https:\/\/yoast.com\/product\/yoast-seo-wordpress\/ -->\n<title>Biella Schweiz AG organisiert sich neu - Organisator<\/title>\n<meta name=\"description\" content=\"Mit der \u00dcbernahme der Biella Group durch die EXACOMPTA SAS wurde die Holdinggesellschaft aufgel\u00f6st und das Management von Biella Schweiz AG neu aufgestellt.\" \/>\n<meta name=\"robots\" content=\"index, follow, max-snippet:-1, max-image-preview:large, max-video-preview:-1\" \/>\n<link rel=\"canonical\" href=\"https:\/\/www.organisator.ch\/fr\/gestion-2\/2019-08-09\/biella-schweiz-ag-organisiert-sich-neu\/\" \/>\n<meta property=\"og:locale\" content=\"fr_FR\" \/>\n<meta property=\"og:type\" content=\"article\" \/>\n<meta property=\"og:title\" content=\"Biella Schweiz AG organisiert sich neu\" \/>\n<meta property=\"og:description\" content=\"Mit der \u00dcbernahme der Biella Group durch die EXACOMPTA SAS wurde die Holdinggesellschaft aufgel\u00f6st und das Management von Biella Schweiz AG neu aufgestellt.\" \/>\n<meta property=\"og:url\" content=\"https:\/\/www.organisator.ch\/fr\/gestion-2\/2019-08-09\/biella-schweiz-ag-organisiert-sich-neu\/\" \/>\n<meta property=\"og:site_name\" content=\"Organisator\" \/>\n<meta property=\"article:publisher\" content=\"https:\/\/www.facebook.com\/OrganisatorFachmagazin\" \/>\n<meta property=\"article:published_time\" content=\"2019-08-09T07:16:26+00:00\" \/>\n<meta property=\"og:image\" content=\"https:\/\/www.organisator.ch\/wp-content\/uploads\/2019\/08\/Biella-Schweiz-AG-organisiert-sich-neu_Organisator.jpg\" \/>\n\t<meta property=\"og:image:width\" content=\"680\" \/>\n\t<meta property=\"og:image:height\" content=\"234\" \/>\n\t<meta property=\"og:image:type\" content=\"image\/jpeg\" \/>\n<meta name=\"author\" content=\"thomas.berner\" \/>\n<meta name=\"twitter:card\" content=\"summary_large_image\" \/>\n<meta name=\"twitter:title\" content=\"#Biella Schweiz AG organisiert sich neu\" \/>\n<meta name=\"twitter:description\" content=\"Mit der \u00dcbernahme der #Biella Group durch die #EXACOMPTA SAS wurde die Holdinggesellschaft aufgel\u00f6st und das Management von Biella Schweiz AG neu aufgestellt.\" \/>\n<meta name=\"twitter:image\" content=\"https:\/\/www.organisator.ch\/wp-content\/uploads\/2019\/08\/Biella-Schweiz-AG-organisiert-sich-neu_Organisator.jpg\" \/>\n<script type=\"application\/ld+json\" class=\"yoast-schema-graph\">{\"@context\":\"https:\\\/\\\/schema.org\",\"@graph\":[{\"@type\":\"Article\",\"@id\":\"https:\\\/\\\/www.organisator.ch\\\/management\\\/2019-08-09\\\/biella-schweiz-ag-organisiert-sich-neu\\\/#article\",\"isPartOf\":{\"@id\":\"https:\\\/\\\/www.organisator.ch\\\/management\\\/2019-08-09\\\/biella-schweiz-ag-organisiert-sich-neu\\\/\"},\"author\":{\"name\":\"thomas.berner\",\"@id\":\"https:\\\/\\\/www.organisator.ch\\\/#\\\/schema\\\/person\\\/6f650f90b2842cd4c0cc334b4e36f67e\"},\"headline\":\"Biella Schweiz AG organisiert sich neu\",\"datePublished\":\"2019-08-09T07:16:26+00:00\",\"mainEntityOfPage\":{\"@id\":\"https:\\\/\\\/www.organisator.ch\\\/management\\\/2019-08-09\\\/biella-schweiz-ag-organisiert-sich-neu\\\/\"},\"wordCount\":229,\"commentCount\":0,\"publisher\":{\"@id\":\"https:\\\/\\\/www.organisator.ch\\\/#organization\"},\"image\":{\"@id\":\"https:\\\/\\\/www.organisator.ch\\\/management\\\/2019-08-09\\\/biella-schweiz-ag-organisiert-sich-neu\\\/#primaryimage\"},\"thumbnailUrl\":\"https:\\\/\\\/www.organisator.ch\\\/wp-content\\\/uploads\\\/2019\\\/08\\\/Biella-Schweiz-AG-organisiert-sich-neu_Organisator.jpg\",\"keywords\":[\"Management\",\"Unternehmen\",\"Vermischtes\"],\"articleSection\":[\"MANAGEMENT\"],\"inLanguage\":\"fr-FR\"},{\"@type\":\"WebPage\",\"@id\":\"https:\\\/\\\/www.organisator.ch\\\/management\\\/2019-08-09\\\/biella-schweiz-ag-organisiert-sich-neu\\\/\",\"url\":\"https:\\\/\\\/www.organisator.ch\\\/management\\\/2019-08-09\\\/biella-schweiz-ag-organisiert-sich-neu\\\/\",\"name\":\"Biella Schweiz AG organisiert sich neu - Organisator\",\"isPartOf\":{\"@id\":\"https:\\\/\\\/www.organisator.ch\\\/#website\"},\"primaryImageOfPage\":{\"@id\":\"https:\\\/\\\/www.organisator.ch\\\/management\\\/2019-08-09\\\/biella-schweiz-ag-organisiert-sich-neu\\\/#primaryimage\"},\"image\":{\"@id\":\"https:\\\/\\\/www.organisator.ch\\\/management\\\/2019-08-09\\\/biella-schweiz-ag-organisiert-sich-neu\\\/#primaryimage\"},\"thumbnailUrl\":\"https:\\\/\\\/www.organisator.ch\\\/wp-content\\\/uploads\\\/2019\\\/08\\\/Biella-Schweiz-AG-organisiert-sich-neu_Organisator.jpg\",\"datePublished\":\"2019-08-09T07:16:26+00:00\",\"description\":\"Mit der \u00dcbernahme der Biella Group durch die EXACOMPTA SAS wurde die Holdinggesellschaft aufgel\u00f6st und das Management von Biella Schweiz AG neu aufgestellt.\",\"breadcrumb\":{\"@id\":\"https:\\\/\\\/www.organisator.ch\\\/management\\\/2019-08-09\\\/biella-schweiz-ag-organisiert-sich-neu\\\/#breadcrumb\"},\"inLanguage\":\"fr-FR\",\"potentialAction\":[{\"@type\":\"ReadAction\",\"target\":[\"https:\\\/\\\/www.organisator.ch\\\/management\\\/2019-08-09\\\/biella-schweiz-ag-organisiert-sich-neu\\\/\"]}]},{\"@type\":\"ImageObject\",\"inLanguage\":\"fr-FR\",\"@id\":\"https:\\\/\\\/www.organisator.ch\\\/management\\\/2019-08-09\\\/biella-schweiz-ag-organisiert-sich-neu\\\/#primaryimage\",\"url\":\"https:\\\/\\\/www.organisator.ch\\\/wp-content\\\/uploads\\\/2019\\\/08\\\/Biella-Schweiz-AG-organisiert-sich-neu_Organisator.jpg\",\"contentUrl\":\"https:\\\/\\\/www.organisator.ch\\\/wp-content\\\/uploads\\\/2019\\\/08\\\/Biella-Schweiz-AG-organisiert-sich-neu_Organisator.jpg\",\"width\":680,\"height\":234},{\"@type\":\"BreadcrumbList\",\"@id\":\"https:\\\/\\\/www.organisator.ch\\\/management\\\/2019-08-09\\\/biella-schweiz-ag-organisiert-sich-neu\\\/#breadcrumb\",\"itemListElement\":[{\"@type\":\"ListItem\",\"position\":1,\"name\":\"Home\",\"item\":\"https:\\\/\\\/www.organisator.ch\\\/\"},{\"@type\":\"ListItem\",\"position\":2,\"name\":\"Biella Schweiz AG organisiert sich neu\"}]},{\"@type\":\"WebSite\",\"@id\":\"https:\\\/\\\/www.organisator.ch\\\/#website\",\"url\":\"https:\\\/\\\/www.organisator.ch\\\/\",\"name\":\"Organisator\",\"description\":\"Kompetent. Praxisnah. Der ORGANISATOR bereitet in 10 Ausgaben pro Jahr die wesentlichen Themen f\u00fcr F\u00fchrungskr\u00e4fte von KMU auf.\",\"publisher\":{\"@id\":\"https:\\\/\\\/www.organisator.ch\\\/#organization\"},\"potentialAction\":[{\"@type\":\"SearchAction\",\"target\":{\"@type\":\"EntryPoint\",\"urlTemplate\":\"https:\\\/\\\/www.organisator.ch\\\/?s={search_term_string}\"},\"query-input\":{\"@type\":\"PropertyValueSpecification\",\"valueRequired\":true,\"valueName\":\"search_term_string\"}}],\"inLanguage\":\"fr-FR\"},{\"@type\":\"Organization\",\"@id\":\"https:\\\/\\\/www.organisator.ch\\\/#organization\",\"name\":\"Organisator\",\"url\":\"https:\\\/\\\/www.organisator.ch\\\/\",\"logo\":{\"@type\":\"ImageObject\",\"inLanguage\":\"fr-FR\",\"@id\":\"https:\\\/\\\/www.organisator.ch\\\/#\\\/schema\\\/logo\\\/image\\\/\",\"url\":\"https:\\\/\\\/www.organisator.ch\\\/wp-content\\\/uploads\\\/2022\\\/01\\\/Logo_Organisator_Website.png\",\"contentUrl\":\"https:\\\/\\\/www.organisator.ch\\\/wp-content\\\/uploads\\\/2022\\\/01\\\/Logo_Organisator_Website.png\",\"width\":800,\"height\":77,\"caption\":\"Organisator\"},\"image\":{\"@id\":\"https:\\\/\\\/www.organisator.ch\\\/#\\\/schema\\\/logo\\\/image\\\/\"},\"sameAs\":[\"https:\\\/\\\/www.facebook.com\\\/OrganisatorFachmagazin\",\"https:\\\/\\\/www.linkedin.com\\\/showcase\\\/organisator-das-magazin-fr-kmu\",\"https:\\\/\\\/www.xing.com\\\/news\\\/pages\\\/organisator-ch-695\",\"https:\\\/\\\/www.youtube.com\\\/channel\\\/UCGP2Sq0iWaZwT3BdIAQFYpw\"]},{\"@type\":\"Person\",\"@id\":\"https:\\\/\\\/www.organisator.ch\\\/#\\\/schema\\\/person\\\/6f650f90b2842cd4c0cc334b4e36f67e\",\"name\":\"thomas.berner\",\"image\":{\"@type\":\"ImageObject\",\"inLanguage\":\"fr-FR\",\"@id\":\"https:\\\/\\\/secure.gravatar.com\\\/avatar\\\/ac5001d2a36cb6c6cd3e50789007ffca834b477b74a2144564522e944eabff61?s=96&d=mm&r=g\",\"url\":\"https:\\\/\\\/secure.gravatar.com\\\/avatar\\\/ac5001d2a36cb6c6cd3e50789007ffca834b477b74a2144564522e944eabff61?s=96&d=mm&r=g\",\"contentUrl\":\"https:\\\/\\\/secure.gravatar.com\\\/avatar\\\/ac5001d2a36cb6c6cd3e50789007ffca834b477b74a2144564522e944eabff61?s=96&d=mm&r=g\",\"caption\":\"thomas.berner\"},\"url\":\"https:\\\/\\\/www.organisator.ch\\\/fr\\\/author\\\/thomas-berner\\\/\"}]}<\/script>\n<!-- \/ Yoast SEO plugin. -->","yoast_head_json":{"title":"Biella Suisse SA se r\u00e9organise - Organisateur","description":"Avec le rachat de Biella Group par EXACOMPTA SAS, la soci\u00e9t\u00e9 holding a \u00e9t\u00e9 dissoute et le management de Biella Schweiz AG a \u00e9t\u00e9 r\u00e9organis\u00e9.","robots":{"index":"index","follow":"follow","max-snippet":"max-snippet:-1","max-image-preview":"max-image-preview:large","max-video-preview":"max-video-preview:-1"},"canonical":"https:\/\/www.organisator.ch\/fr\/gestion-2\/2019-08-09\/biella-schweiz-ag-organisiert-sich-neu\/","og_locale":"fr_FR","og_type":"article","og_title":"Biella Schweiz AG organisiert sich neu","og_description":"Mit der \u00dcbernahme der Biella Group durch die EXACOMPTA SAS wurde die Holdinggesellschaft aufgel\u00f6st und das Management von Biella Schweiz AG neu aufgestellt.","og_url":"https:\/\/www.organisator.ch\/fr\/gestion-2\/2019-08-09\/biella-schweiz-ag-organisiert-sich-neu\/","og_site_name":"Organisator","article_publisher":"https:\/\/www.facebook.com\/OrganisatorFachmagazin","article_published_time":"2019-08-09T07:16:26+00:00","og_image":[{"width":680,"height":234,"url":"https:\/\/www.organisator.ch\/wp-content\/uploads\/2019\/08\/Biella-Schweiz-AG-organisiert-sich-neu_Organisator.jpg","type":"image\/jpeg"}],"author":"thomas.berner","twitter_card":"summary_large_image","twitter_title":"#Biella Schweiz AG organisiert sich neu","twitter_description":"Mit der \u00dcbernahme der #Biella Group durch die #EXACOMPTA SAS wurde die Holdinggesellschaft aufgel\u00f6st und das Management von Biella Schweiz AG neu aufgestellt.","twitter_image":"https:\/\/www.organisator.ch\/wp-content\/uploads\/2019\/08\/Biella-Schweiz-AG-organisiert-sich-neu_Organisator.jpg","schema":{"@context":"https:\/\/schema.org","@graph":[{"@type":"Article","@id":"https:\/\/www.organisator.ch\/management\/2019-08-09\/biella-schweiz-ag-organisiert-sich-neu\/#article","isPartOf":{"@id":"https:\/\/www.organisator.ch\/management\/2019-08-09\/biella-schweiz-ag-organisiert-sich-neu\/"},"author":{"name":"thomas.berner","@id":"https:\/\/www.organisator.ch\/#\/schema\/person\/6f650f90b2842cd4c0cc334b4e36f67e"},"headline":"Biella Schweiz AG organisiert sich neu","datePublished":"2019-08-09T07:16:26+00:00","mainEntityOfPage":{"@id":"https:\/\/www.organisator.ch\/management\/2019-08-09\/biella-schweiz-ag-organisiert-sich-neu\/"},"wordCount":229,"commentCount":0,"publisher":{"@id":"https:\/\/www.organisator.ch\/#organization"},"image":{"@id":"https:\/\/www.organisator.ch\/management\/2019-08-09\/biella-schweiz-ag-organisiert-sich-neu\/#primaryimage"},"thumbnailUrl":"https:\/\/www.organisator.ch\/wp-content\/uploads\/2019\/08\/Biella-Schweiz-AG-organisiert-sich-neu_Organisator.jpg","keywords":["Management","Unternehmen","Vermischtes"],"articleSection":["MANAGEMENT"],"inLanguage":"fr-FR"},{"@type":"WebPage","@id":"https:\/\/www.organisator.ch\/management\/2019-08-09\/biella-schweiz-ag-organisiert-sich-neu\/","url":"https:\/\/www.organisator.ch\/management\/2019-08-09\/biella-schweiz-ag-organisiert-sich-neu\/","name":"Biella Suisse SA se r\u00e9organise - Organisateur","isPartOf":{"@id":"https:\/\/www.organisator.ch\/#website"},"primaryImageOfPage":{"@id":"https:\/\/www.organisator.ch\/management\/2019-08-09\/biella-schweiz-ag-organisiert-sich-neu\/#primaryimage"},"image":{"@id":"https:\/\/www.organisator.ch\/management\/2019-08-09\/biella-schweiz-ag-organisiert-sich-neu\/#primaryimage"},"thumbnailUrl":"https:\/\/www.organisator.ch\/wp-content\/uploads\/2019\/08\/Biella-Schweiz-AG-organisiert-sich-neu_Organisator.jpg","datePublished":"2019-08-09T07:16:26+00:00","description":"Avec le rachat de Biella Group par EXACOMPTA SAS, la soci\u00e9t\u00e9 holding a \u00e9t\u00e9 dissoute et le management de Biella Schweiz AG a \u00e9t\u00e9 r\u00e9organis\u00e9.","breadcrumb":{"@id":"https:\/\/www.organisator.ch\/management\/2019-08-09\/biella-schweiz-ag-organisiert-sich-neu\/#breadcrumb"},"inLanguage":"fr-FR","potentialAction":[{"@type":"ReadAction","target":["https:\/\/www.organisator.ch\/management\/2019-08-09\/biella-schweiz-ag-organisiert-sich-neu\/"]}]},{"@type":"ImageObject","inLanguage":"fr-FR","@id":"https:\/\/www.organisator.ch\/management\/2019-08-09\/biella-schweiz-ag-organisiert-sich-neu\/#primaryimage","url":"https:\/\/www.organisator.ch\/wp-content\/uploads\/2019\/08\/Biella-Schweiz-AG-organisiert-sich-neu_Organisator.jpg","contentUrl":"https:\/\/www.organisator.ch\/wp-content\/uploads\/2019\/08\/Biella-Schweiz-AG-organisiert-sich-neu_Organisator.jpg","width":680,"height":234},{"@type":"BreadcrumbList","@id":"https:\/\/www.organisator.ch\/management\/2019-08-09\/biella-schweiz-ag-organisiert-sich-neu\/#breadcrumb","itemListElement":[{"@type":"ListItem","position":1,"name":"Home","item":"https:\/\/www.organisator.ch\/"},{"@type":"ListItem","position":2,"name":"Biella Schweiz AG organisiert sich neu"}]},{"@type":"WebSite","@id":"https:\/\/www.organisator.ch\/#website","url":"https:\/\/www.organisator.ch\/","name":"Organisateur","description":"Comp\u00e9tence et comp\u00e9tence. Proches de la pratique. L'ORGANISATEUR pr\u00e9pare 10 num\u00e9ros par an sur les th\u00e8mes essentiels pour les dirigeants de PME.","publisher":{"@id":"https:\/\/www.organisator.ch\/#organization"},"potentialAction":[{"@type":"SearchAction","target":{"@type":"EntryPoint","urlTemplate":"https:\/\/www.organisator.ch\/?s={search_term_string}"},"query-input":{"@type":"PropertyValueSpecification","valueRequired":true,"valueName":"search_term_string"}}],"inLanguage":"fr-FR"},{"@type":"Organization","@id":"https:\/\/www.organisator.ch\/#organization","name":"Organisateur","url":"https:\/\/www.organisator.ch\/","logo":{"@type":"ImageObject","inLanguage":"fr-FR","@id":"https:\/\/www.organisator.ch\/#\/schema\/logo\/image\/","url":"https:\/\/www.organisator.ch\/wp-content\/uploads\/2022\/01\/Logo_Organisator_Website.png","contentUrl":"https:\/\/www.organisator.ch\/wp-content\/uploads\/2022\/01\/Logo_Organisator_Website.png","width":800,"height":77,"caption":"Organisator"},"image":{"@id":"https:\/\/www.organisator.ch\/#\/schema\/logo\/image\/"},"sameAs":["https:\/\/www.facebook.com\/OrganisatorFachmagazin","https:\/\/www.linkedin.com\/showcase\/organisator-das-magazin-fr-kmu","https:\/\/www.xing.com\/news\/pages\/organisator-ch-695","https:\/\/www.youtube.com\/channel\/UCGP2Sq0iWaZwT3BdIAQFYpw"]},{"@type":"Person","@id":"https:\/\/www.organisator.ch\/#\/schema\/person\/6f650f90b2842cd4c0cc334b4e36f67e","name":"thomas.berner","image":{"@type":"ImageObject","inLanguage":"fr-FR","@id":"https:\/\/secure.gravatar.com\/avatar\/ac5001d2a36cb6c6cd3e50789007ffca834b477b74a2144564522e944eabff61?s=96&d=mm&r=g","url":"https:\/\/secure.gravatar.com\/avatar\/ac5001d2a36cb6c6cd3e50789007ffca834b477b74a2144564522e944eabff61?s=96&d=mm&r=g","contentUrl":"https:\/\/secure.gravatar.com\/avatar\/ac5001d2a36cb6c6cd3e50789007ffca834b477b74a2144564522e944eabff61?s=96&d=mm&r=g","caption":"thomas.berner"},"url":"https:\/\/www.organisator.ch\/fr\/author\/thomas-berner\/"}]}},"_links":{"self":[{"href":"https:\/\/www.organisator.ch\/fr\/wp-json\/wp\/v2\/posts\/5644","targetHints":{"allow":["GET"]}}],"collection":[{"href":"https:\/\/www.organisator.ch\/fr\/wp-json\/wp\/v2\/posts"}],"about":[{"href":"https:\/\/www.organisator.ch\/fr\/wp-json\/wp\/v2\/types\/post"}],"author":[{"embeddable":true,"href":"https:\/\/www.organisator.ch\/fr\/wp-json\/wp\/v2\/users\/4"}],"replies":[{"embeddable":true,"href":"https:\/\/www.organisator.ch\/fr\/wp-json\/wp\/v2\/comments?post=5644"}],"version-history":[{"count":0,"href":"https:\/\/www.organisator.ch\/fr\/wp-json\/wp\/v2\/posts\/5644\/revisions"}],"wp:featuredmedia":[{"embeddable":true,"href":"https:\/\/www.organisator.ch\/fr\/wp-json\/wp\/v2\/media\/5645"}],"wp:attachment":[{"href":"https:\/\/www.organisator.ch\/fr\/wp-json\/wp\/v2\/media?parent=5644"}],"wp:term":[{"taxonomy":"category","embeddable":true,"href":"https:\/\/www.organisator.ch\/fr\/wp-json\/wp\/v2\/categories?post=5644"},{"taxonomy":"post_tag","embeddable":true,"href":"https:\/\/www.organisator.ch\/fr\/wp-json\/wp\/v2\/tags?post=5644"}],"curies":[{"name":"wp","href":"https:\/\/api.w.org\/{rel}","templated":true}]}}