{"id":5653,"date":"2019-08-22T12:00:37","date_gmt":"2019-08-22T10:00:37","guid":{"rendered":"https:\/\/www.organisator.ch\/?p=5653"},"modified":"2019-08-22T12:00:37","modified_gmt":"2019-08-22T10:00:37","slug":"was-bringt-die-steuerreform-den-kmu-das-sollten-unternehmer-jetzt-pruefen","status":"publish","type":"post","link":"https:\/\/www.organisator.ch\/fr\/management\/finanzen_recht\/2019-08-22\/was-bringt-die-steuerreform-den-kmu-das-sollten-unternehmer-jetzt-pruefen\/","title":{"rendered":"Qu'apporte la r\u00e9forme fiscale aux PME ? Ce que les entrepreneurs devraient v\u00e9rifier d\u00e8s maintenant"},"content":{"rendered":"<figure id=\"attachment_5696\" aria-describedby=\"caption-attachment-5696\" style=\"width: 680px\" class=\"wp-caption alignnone\"><img loading=\"lazy\" decoding=\"async\" class=\"size-medium wp-image-5696\" src=\"https:\/\/www.organisator.ch\/wp-content\/uploads\/2019\/08\/Was-bringt-die-Steuerreform-den-KMU-Das-sollten-Unternehmer-jetzt-pruefen_Organisator.jpg\" alt=\"\" width=\"680\" height=\"480\" srcset=\"https:\/\/www.organisator.ch\/wp-content\/uploads\/2019\/08\/Was-bringt-die-Steuerreform-den-KMU-Das-sollten-Unternehmer-jetzt-pruefen_Organisator.jpg 680w, https:\/\/www.organisator.ch\/wp-content\/uploads\/2019\/08\/Was-bringt-die-Steuerreform-den-KMU-Das-sollten-Unternehmer-jetzt-pruefen_Organisator-16x12.jpg 16w, https:\/\/www.organisator.ch\/wp-content\/uploads\/2019\/08\/Was-bringt-die-Steuerreform-den-KMU-Das-sollten-Unternehmer-jetzt-pruefen_Organisator-248x175.jpg 248w, https:\/\/www.organisator.ch\/wp-content\/uploads\/2019\/08\/Was-bringt-die-Steuerreform-den-KMU-Das-sollten-Unternehmer-jetzt-pruefen_Organisator-496x350.jpg 496w, https:\/\/www.organisator.ch\/wp-content\/uploads\/2019\/08\/Was-bringt-die-Steuerreform-den-KMU-Das-sollten-Unternehmer-jetzt-pruefen_Organisator-300x212.jpg 300w\" sizes=\"auto, (max-width: 680px) 100vw, 680px\" \/><figcaption id=\"caption-attachment-5696\" class=\"wp-caption-text\">La r\u00e9forme fiscale STAF apporte des changements pour les entreprises. (Image : Pixabay.com)<\/figcaption><\/figure>\n<p>Les STAF soul\u00e8vent de nombreuses questions qui devraient \u00eatre r\u00e9solues rapidement afin d'\u00e9viter aux entreprises et aux entrepreneurs des d\u00e9savantages fiscaux. Cet aper\u00e7u offre une orientation sur les aspects les plus importants pour la structure de l'entreprise, la strat\u00e9gie de r\u00e9f\u00e9rence et l'analyse de l'exploitation.<\/p>\n<h2><strong>Structure d'entreprise : soci\u00e9t\u00e9 holding - est-elle encore n\u00e9cessaire ? <\/strong><\/h2>\n<p>Au 1er janvier 2020, les privil\u00e8ges fiscaux cantonaux pour les soci\u00e9t\u00e9s holding dispara\u00eetront. Le taux d'imposition de la holding sera donc le m\u00eame que celui d'une entreprise op\u00e9rationnelle situ\u00e9e au m\u00eame endroit. En cons\u00e9quence, le financement de groupe par le biais d'une holding perd sa plus grande incitation fiscale.<\/p>\n<p>La question de savoir si une structure de holding avec des filiales sera n\u00e9cessaire \u00e0 l'avenir doit donc \u00eatre examin\u00e9e exclusivement d'un point de vue op\u00e9rationnel. Elle est conseill\u00e9e pour garantir la s\u00e9paration de diff\u00e9rents secteurs d'activit\u00e9, dans la mesure o\u00f9 cela ne peut pas se faire directement chez l'actionnaire. S'il n'y a pas de n\u00e9cessit\u00e9 op\u00e9rationnelle, une soci\u00e9t\u00e9 op\u00e9rationnelle peut \u00e0 l'avenir assumer la fonction de soci\u00e9t\u00e9 sup\u00e9rieure du groupe. Il peut m\u00eame \u00eatre judicieux de regrouper toutes les soci\u00e9t\u00e9s au sein d'une maison m\u00e8re. Cela permet d'\u00e9conomiser des co\u00fbts et de r\u00e9duire la valeur de l'imp\u00f4t sur la fortune. Pour le financement des successions d'entreprises, les soci\u00e9t\u00e9s holding conservent leur l\u00e9gitimit\u00e9 et sont consid\u00e9r\u00e9es comme la structure d'entreprise privil\u00e9gi\u00e9e.<\/p>\n<h2><strong>Strat\u00e9gie de retrait : augmenter le salaire et d\u00e9velopper la caisse de pension ou percevoir des dividendes ? <\/strong><\/h2>\n<p>Avec le STAF, les avantages fiscaux li\u00e9s au versement de dividendes sont r\u00e9duits au niveau f\u00e9d\u00e9ral et dans de nombreux cantons. N\u00e9anmoins, il ne faut pas pr\u00e9voir trop vite un dividende extraordinaire pour 2019, mais examiner avec soin la strat\u00e9gie de perception de l'entrepreneur et l'analyser globalement :<\/p>\n<p>Un salaire plus \u00e9lev\u00e9 au lieu d'un dividende entra\u00eene certes des cotisations AVS et des imp\u00f4ts sur le revenu plus \u00e9lev\u00e9s, mais d'un point de vue g\u00e9n\u00e9ral, cela peut n\u00e9anmoins pr\u00e9senter des avantages financiers. D'une part, le salaire plus \u00e9lev\u00e9 r\u00e9duit la valeur de l'imp\u00f4t sur la fortune. D'autre part, le salaire augment\u00e9 peut \u00eatre coassur\u00e9 dans la caisse de pension et les liquidit\u00e9s non n\u00e9cessaires peuvent \u00eatre utilis\u00e9es pour des rachats dans la caisse de pension. Dans ce contexte, la situation de la caisse de pension devrait \u00eatre examin\u00e9e et, le cas \u00e9ch\u00e9ant, l'introduction de plans dits 1e avec des possibilit\u00e9s de placement flexibles pour les assur\u00e9s devrait \u00eatre envisag\u00e9e pour une strat\u00e9gie de placement optimis\u00e9e.<\/p>\n<p>Si une distribution des r\u00e9serves exc\u00e9dentaires s'av\u00e8re judicieuse, d'autres exigences l\u00e9gales doivent en outre \u00eatre respect\u00e9es. Si la fin du dernier exercice remonte \u00e0 plus de six mois, une distribution suppl\u00e9mentaire ne peut \u00eatre obtenue en 2019 que par le biais d'un dividende extraordinaire. Celle-ci n\u00e9cessite une assembl\u00e9e g\u00e9n\u00e9rale suppl\u00e9mentaire qui d\u00e9cide d'une distribution \u00e0 partir des b\u00e9n\u00e9fices du bilan des exercices pr\u00e9c\u00e9dents. En outre, l'admissibilit\u00e9 de la distribution doit \u00eatre confirm\u00e9e par un organe de r\u00e9vision reconnu. Une alternative pourrait \u00eatre d'envisager pour 2019 un exercice raccourci (par exemple jusqu'\u00e0 fin septembre). Cela pr\u00e9sente l'avantage que les futurs versements de dividendes peuvent \u00eatre effectu\u00e9s au cours du dernier trimestre et que l'imp\u00f4t anticip\u00e9 est ainsi r\u00e9imput\u00e9 sur l'imp\u00f4t d\u00e8s le d\u00e9but de l'ann\u00e9e suivante.<\/p>\n<h2><strong>Analyse op\u00e9rationnelle : quels sont les avantages des entreprises fortement ax\u00e9es sur l'innovation ? <\/strong><\/h2>\n<p>Alors que les privil\u00e8ges fiscaux profitaient jusqu'\u00e0 pr\u00e9sent principalement aux entreprises actives au niveau international, les entreprises exer\u00e7ant des activit\u00e9s de recherche et de d\u00e9veloppement en Suisse seront d\u00e9sormais favoris\u00e9es fiscalement. Pour ce faire, les cantons disposeront \u00e0 partir de 2020 d'un nouvel arsenal de possibilit\u00e9s pour inciter les entreprises innovantes \u00e0 mener des activit\u00e9s de recherche en Suisse. L'introduction de la d\u00e9duction pour la recherche et le d\u00e9veloppement permet aux cantons d'accorder une d\u00e9duction fictive avec effet fiscal pouvant aller jusqu'\u00e0 50 % des d\u00e9penses de recherche et de d\u00e9veloppement qualifiantes engag\u00e9es en Suisse.<\/p>\n<p>Gr\u00e2ce \u00e0 la patent box, les b\u00e9n\u00e9fices issus de produits bas\u00e9s sur des brevets d\u00e9velopp\u00e9s en Suisse pourront \u00e0 l'avenir \u00eatre impos\u00e9s au niveau cantonal avec une r\u00e9duction allant jusqu'\u00e0 90%. Dans ce contexte, l'entreprise peut d\u00e9cider elle-m\u00eame \u00e0 quels brevets elle souhaite appliquer cette imposition privil\u00e9gi\u00e9e. La performance d'innovation en Suisse est ainsi consid\u00e9rablement r\u00e9compens\u00e9e. Pour les entreprises dont les produits contiennent des innovations d\u00e9velopp\u00e9es en interne, il est recommand\u00e9 par la suite d'examiner leur strat\u00e9gie de protection des brevets. Les d\u00e9penses li\u00e9es \u00e0 cette d\u00e9marche ainsi que le surcro\u00eet de travail administratif n\u00e9cessaire \u00e0 la d\u00e9termination correcte du b\u00e9n\u00e9fice en valent la peine, puisqu'elles sont rapidement amorties en cas de succ\u00e8s des produits.<\/p>\n<h2>L'essentiel en bref<\/h2>\n<p>Il est n\u00e9cessaire d'agir en raison de la r\u00e9forme fiscale si<\/p>\n<ul>\n<li>l'entreprise est d\u00e9tenue ou financ\u00e9e par l'interm\u00e9diaire d'un holding.<\/li>\n<li>l'entreprise pr\u00e9sente des liquidit\u00e9s et des r\u00e9serves exc\u00e9dentaires<\/li>\n<li>la strat\u00e9gie de perception optimale en termes de salaire et de dividendes n'est pas claire.<\/li>\n<li>l'entreprise est innovante.<\/li>\n<li>les produits comportent des d\u00e9veloppements propres.<\/li>\n<\/ul>\n<p><em>Auteurs : Nicole Bregy et Nathanael Frischkopf sont, avec Simone Moser, propri\u00e9taires de xplena AG. Gr\u00e2ce \u00e0 leur longue exp\u00e9rience professionnelle, notamment dans des cabinets d'avocats, des banques, au sein de l'administration fiscale et aupr\u00e8s des \"Big Four\", ces experts fiscaux dipl\u00f4m\u00e9s disposent d'un savoir-faire aussi large que solide en mati\u00e8re d'exigences et de l\u00e9gislations fiscales les plus diverses. <a href=\"http:\/\/www.xplena.com\">www.xplena.com<\/a><\/em><\/p>","protected":false},"excerpt":{"rendered":"<p>Die STAF wirft viele Fragen auf, die z\u00fcgig gekl\u00e4rt werden sollten, um Unternehmen und Unternehmer vor steuerlichen Nachteilen zu bewahren. Dieser \u00dcberblick bietet Orien\u00adtierung zu den wichtigsten Aspekten f\u00fcr Unternehmensstruktur, Bezugsstrategie und Betriebsanalyse. Unternehmensstruktur: Holdinggesellschaft \u2013 braucht es diese noch? Per 1. Januar 2020 entfallen die kantonalen Steuer\u00adprivilegien f\u00fcr Holdinggesellschaften. Damit gilt f\u00fcr die Holding [&hellip;]<\/p>\n","protected":false},"author":7,"featured_media":5696,"comment_status":"open","ping_status":"open","sticky":false,"template":"","format":"standard","meta":{"_acf_changed":false,"_yoast_wpseo_focuskw":"STAF","_yoast_wpseo_metadesc":"Die neue Steuerreform (STAF) ist ein wichtiger Anlass f\u00fcr eine umfassende \u00dcberpr\u00fcfung der Steuersituation des eigenen Unternehmens.","articlekey":"","footnotes":""},"categories":[24],"tags":[115,202,334,454],"class_list":["post-5653","post","type-post","status-publish","format-standard","has-post-thumbnail","hentry","category-finanzen_recht","tag-checklisten","tag-finanzenrecht","tag-management","tag-steuern"],"acf":[],"yoast_head":"<!-- This site is optimized with the Yoast SEO plugin v27.5 - https:\/\/yoast.com\/product\/yoast-seo-wordpress\/ -->\n<title>Was bringt die Steuerreform den KMU? Das sollten Unternehmer jetzt \u00adpr\u00fcfen - Organisator<\/title>\n<meta name=\"description\" content=\"Die neue Steuerreform (STAF) ist ein wichtiger Anlass f\u00fcr eine umfassende \u00dcberpr\u00fcfung der Steuersituation des eigenen Unternehmens.\" \/>\n<meta name=\"robots\" content=\"index, follow, max-snippet:-1, max-image-preview:large, max-video-preview:-1\" \/>\n<link rel=\"canonical\" href=\"https:\/\/www.organisator.ch\/fr\/gestion-2\/finanzen_recht\/2019-08-22\/was-bringt-die-steuerreform-den-kmu-das-sollten-unternehmer-jetzt-pruefen\/\" \/>\n<meta property=\"og:locale\" content=\"fr_FR\" \/>\n<meta property=\"og:type\" content=\"article\" \/>\n<meta property=\"og:title\" content=\"Was bringt die Steuerreform den KMU? Das sollten Unternehmer jetzt \u00adpr\u00fcfen\" \/>\n<meta property=\"og:description\" content=\"Die neue Steuerreform (STAF) ist ein wichtiger Anlass f\u00fcr eine umfassende \u00dcberpr\u00fcfung der Steuersituation des eigenen Unternehmens.\" \/>\n<meta property=\"og:url\" content=\"https:\/\/www.organisator.ch\/fr\/gestion-2\/finanzen_recht\/2019-08-22\/was-bringt-die-steuerreform-den-kmu-das-sollten-unternehmer-jetzt-pruefen\/\" \/>\n<meta property=\"og:site_name\" content=\"Organisator\" \/>\n<meta property=\"article:publisher\" content=\"https:\/\/www.facebook.com\/OrganisatorFachmagazin\" \/>\n<meta property=\"article:published_time\" content=\"2019-08-22T10:00:37+00:00\" \/>\n<meta property=\"og:image\" content=\"https:\/\/www.organisator.ch\/wp-content\/uploads\/2019\/08\/Was-bringt-die-Steuerreform-den-KMU-Das-sollten-Unternehmer-jetzt-pruefen_Organisator.jpg\" \/>\n\t<meta property=\"og:image:width\" content=\"680\" \/>\n\t<meta property=\"og:image:height\" content=\"480\" \/>\n\t<meta property=\"og:image:type\" content=\"image\/jpeg\" \/>\n<meta name=\"author\" content=\"K4-Import\" \/>\n<meta name=\"twitter:card\" content=\"summary_large_image\" \/>\n<meta name=\"twitter:title\" content=\"Was bringt die #Steuerreform den KMU? Das sollten Unternehmer jetzt \u00adpr\u00fcfen\" \/>\n<meta name=\"twitter:description\" content=\"Die neue #Steuerreform (#STAF) ist ein wichtiger Anlass f\u00fcr eine umfassende \u00dcberpr\u00fcfung der Steuersituation des eigenen Unternehmens.\" \/>\n<meta name=\"twitter:image\" content=\"https:\/\/www.organisator.ch\/wp-content\/uploads\/2019\/08\/Was-bringt-die-Steuerreform-den-KMU-Das-sollten-Unternehmer-jetzt-pr\u00fcfen_Organisator.jpg\" \/>\n<script type=\"application\/ld+json\" class=\"yoast-schema-graph\">{\"@context\":\"https:\\\/\\\/schema.org\",\"@graph\":[{\"@type\":\"Article\",\"@id\":\"https:\\\/\\\/www.organisator.ch\\\/management\\\/finanzen_recht\\\/2019-08-22\\\/was-bringt-die-steuerreform-den-kmu-das-sollten-unternehmer-jetzt-pruefen\\\/#article\",\"isPartOf\":{\"@id\":\"https:\\\/\\\/www.organisator.ch\\\/management\\\/finanzen_recht\\\/2019-08-22\\\/was-bringt-die-steuerreform-den-kmu-das-sollten-unternehmer-jetzt-pruefen\\\/\"},\"author\":{\"name\":\"K4-Import\",\"@id\":\"https:\\\/\\\/www.organisator.ch\\\/#\\\/schema\\\/person\\\/dd8ffea01043c9c41d7718296a158fac\"},\"headline\":\"Was bringt die Steuerreform den KMU? Das sollten Unternehmer jetzt \u00adpr\u00fcfen\",\"datePublished\":\"2019-08-22T10:00:37+00:00\",\"mainEntityOfPage\":{\"@id\":\"https:\\\/\\\/www.organisator.ch\\\/management\\\/finanzen_recht\\\/2019-08-22\\\/was-bringt-die-steuerreform-den-kmu-das-sollten-unternehmer-jetzt-pruefen\\\/\"},\"wordCount\":776,\"commentCount\":0,\"publisher\":{\"@id\":\"https:\\\/\\\/www.organisator.ch\\\/#organization\"},\"image\":{\"@id\":\"https:\\\/\\\/www.organisator.ch\\\/management\\\/finanzen_recht\\\/2019-08-22\\\/was-bringt-die-steuerreform-den-kmu-das-sollten-unternehmer-jetzt-pruefen\\\/#primaryimage\"},\"thumbnailUrl\":\"https:\\\/\\\/www.organisator.ch\\\/wp-content\\\/uploads\\\/2019\\\/08\\\/Was-bringt-die-Steuerreform-den-KMU-Das-sollten-Unternehmer-jetzt-pruefen_Organisator.jpg\",\"keywords\":[\"Checklisten\",\"Finanzen\\\/Recht\",\"Management\",\"Steuern\"],\"articleSection\":[\"FINANZEN\\\/RECHT\"],\"inLanguage\":\"fr-FR\"},{\"@type\":\"WebPage\",\"@id\":\"https:\\\/\\\/www.organisator.ch\\\/management\\\/finanzen_recht\\\/2019-08-22\\\/was-bringt-die-steuerreform-den-kmu-das-sollten-unternehmer-jetzt-pruefen\\\/\",\"url\":\"https:\\\/\\\/www.organisator.ch\\\/management\\\/finanzen_recht\\\/2019-08-22\\\/was-bringt-die-steuerreform-den-kmu-das-sollten-unternehmer-jetzt-pruefen\\\/\",\"name\":\"Was bringt die Steuerreform den KMU? Das sollten Unternehmer jetzt \u00adpr\u00fcfen - Organisator\",\"isPartOf\":{\"@id\":\"https:\\\/\\\/www.organisator.ch\\\/#website\"},\"primaryImageOfPage\":{\"@id\":\"https:\\\/\\\/www.organisator.ch\\\/management\\\/finanzen_recht\\\/2019-08-22\\\/was-bringt-die-steuerreform-den-kmu-das-sollten-unternehmer-jetzt-pruefen\\\/#primaryimage\"},\"image\":{\"@id\":\"https:\\\/\\\/www.organisator.ch\\\/management\\\/finanzen_recht\\\/2019-08-22\\\/was-bringt-die-steuerreform-den-kmu-das-sollten-unternehmer-jetzt-pruefen\\\/#primaryimage\"},\"thumbnailUrl\":\"https:\\\/\\\/www.organisator.ch\\\/wp-content\\\/uploads\\\/2019\\\/08\\\/Was-bringt-die-Steuerreform-den-KMU-Das-sollten-Unternehmer-jetzt-pruefen_Organisator.jpg\",\"datePublished\":\"2019-08-22T10:00:37+00:00\",\"description\":\"Die neue Steuerreform (STAF) ist ein wichtiger Anlass f\u00fcr eine umfassende \u00dcberpr\u00fcfung der Steuersituation des eigenen Unternehmens.\",\"breadcrumb\":{\"@id\":\"https:\\\/\\\/www.organisator.ch\\\/management\\\/finanzen_recht\\\/2019-08-22\\\/was-bringt-die-steuerreform-den-kmu-das-sollten-unternehmer-jetzt-pruefen\\\/#breadcrumb\"},\"inLanguage\":\"fr-FR\",\"potentialAction\":[{\"@type\":\"ReadAction\",\"target\":[\"https:\\\/\\\/www.organisator.ch\\\/management\\\/finanzen_recht\\\/2019-08-22\\\/was-bringt-die-steuerreform-den-kmu-das-sollten-unternehmer-jetzt-pruefen\\\/\"]}]},{\"@type\":\"ImageObject\",\"inLanguage\":\"fr-FR\",\"@id\":\"https:\\\/\\\/www.organisator.ch\\\/management\\\/finanzen_recht\\\/2019-08-22\\\/was-bringt-die-steuerreform-den-kmu-das-sollten-unternehmer-jetzt-pruefen\\\/#primaryimage\",\"url\":\"https:\\\/\\\/www.organisator.ch\\\/wp-content\\\/uploads\\\/2019\\\/08\\\/Was-bringt-die-Steuerreform-den-KMU-Das-sollten-Unternehmer-jetzt-pruefen_Organisator.jpg\",\"contentUrl\":\"https:\\\/\\\/www.organisator.ch\\\/wp-content\\\/uploads\\\/2019\\\/08\\\/Was-bringt-die-Steuerreform-den-KMU-Das-sollten-Unternehmer-jetzt-pruefen_Organisator.jpg\",\"width\":680,\"height\":480,\"caption\":\"Die Steuerreform STAF bringt Ver\u00e4nderungen f\u00fcr Unternehmen. (Bild: Pixabay.com)\"},{\"@type\":\"BreadcrumbList\",\"@id\":\"https:\\\/\\\/www.organisator.ch\\\/management\\\/finanzen_recht\\\/2019-08-22\\\/was-bringt-die-steuerreform-den-kmu-das-sollten-unternehmer-jetzt-pruefen\\\/#breadcrumb\",\"itemListElement\":[{\"@type\":\"ListItem\",\"position\":1,\"name\":\"Home\",\"item\":\"https:\\\/\\\/www.organisator.ch\\\/\"},{\"@type\":\"ListItem\",\"position\":2,\"name\":\"Was bringt die Steuerreform den KMU? Das sollten Unternehmer jetzt \u00adpr\u00fcfen\"}]},{\"@type\":\"WebSite\",\"@id\":\"https:\\\/\\\/www.organisator.ch\\\/#website\",\"url\":\"https:\\\/\\\/www.organisator.ch\\\/\",\"name\":\"Organisator\",\"description\":\"Kompetent. Praxisnah. Der ORGANISATOR bereitet in 10 Ausgaben pro Jahr die wesentlichen Themen f\u00fcr F\u00fchrungskr\u00e4fte von KMU auf.\",\"publisher\":{\"@id\":\"https:\\\/\\\/www.organisator.ch\\\/#organization\"},\"potentialAction\":[{\"@type\":\"SearchAction\",\"target\":{\"@type\":\"EntryPoint\",\"urlTemplate\":\"https:\\\/\\\/www.organisator.ch\\\/?s={search_term_string}\"},\"query-input\":{\"@type\":\"PropertyValueSpecification\",\"valueRequired\":true,\"valueName\":\"search_term_string\"}}],\"inLanguage\":\"fr-FR\"},{\"@type\":\"Organization\",\"@id\":\"https:\\\/\\\/www.organisator.ch\\\/#organization\",\"name\":\"Organisator\",\"url\":\"https:\\\/\\\/www.organisator.ch\\\/\",\"logo\":{\"@type\":\"ImageObject\",\"inLanguage\":\"fr-FR\",\"@id\":\"https:\\\/\\\/www.organisator.ch\\\/#\\\/schema\\\/logo\\\/image\\\/\",\"url\":\"https:\\\/\\\/www.organisator.ch\\\/wp-content\\\/uploads\\\/2022\\\/01\\\/Logo_Organisator_Website.png\",\"contentUrl\":\"https:\\\/\\\/www.organisator.ch\\\/wp-content\\\/uploads\\\/2022\\\/01\\\/Logo_Organisator_Website.png\",\"width\":800,\"height\":77,\"caption\":\"Organisator\"},\"image\":{\"@id\":\"https:\\\/\\\/www.organisator.ch\\\/#\\\/schema\\\/logo\\\/image\\\/\"},\"sameAs\":[\"https:\\\/\\\/www.facebook.com\\\/OrganisatorFachmagazin\",\"https:\\\/\\\/www.linkedin.com\\\/showcase\\\/organisator-das-magazin-fr-kmu\",\"https:\\\/\\\/www.xing.com\\\/news\\\/pages\\\/organisator-ch-695\",\"https:\\\/\\\/www.youtube.com\\\/channel\\\/UCGP2Sq0iWaZwT3BdIAQFYpw\"]},{\"@type\":\"Person\",\"@id\":\"https:\\\/\\\/www.organisator.ch\\\/#\\\/schema\\\/person\\\/dd8ffea01043c9c41d7718296a158fac\",\"name\":\"K4-Import\",\"image\":{\"@type\":\"ImageObject\",\"inLanguage\":\"fr-FR\",\"@id\":\"https:\\\/\\\/secure.gravatar.com\\\/avatar\\\/73620ab7215a54b074cc226514e02ed65cb79211bbaee1eb49b63b57e58aaad6?s=96&d=mm&r=g\",\"url\":\"https:\\\/\\\/secure.gravatar.com\\\/avatar\\\/73620ab7215a54b074cc226514e02ed65cb79211bbaee1eb49b63b57e58aaad6?s=96&d=mm&r=g\",\"contentUrl\":\"https:\\\/\\\/secure.gravatar.com\\\/avatar\\\/73620ab7215a54b074cc226514e02ed65cb79211bbaee1eb49b63b57e58aaad6?s=96&d=mm&r=g\",\"caption\":\"K4-Import\"},\"url\":\"https:\\\/\\\/www.organisator.ch\\\/fr\\\/author\\\/k4-import\\\/\"}]}<\/script>\n<!-- \/ Yoast SEO plugin. -->","yoast_head_json":{"title":"Qu'apporte la r\u00e9forme fiscale aux PME ? Ce que les entrepreneurs devraient v\u00e9rifier d\u00e8s maintenant - Organisateur","description":"La nouvelle r\u00e9forme fiscale (STAF) est une occasion importante de proc\u00e9der \u00e0 un examen complet de la situation fiscale de son entreprise.","robots":{"index":"index","follow":"follow","max-snippet":"max-snippet:-1","max-image-preview":"max-image-preview:large","max-video-preview":"max-video-preview:-1"},"canonical":"https:\/\/www.organisator.ch\/fr\/gestion-2\/finanzen_recht\/2019-08-22\/was-bringt-die-steuerreform-den-kmu-das-sollten-unternehmer-jetzt-pruefen\/","og_locale":"fr_FR","og_type":"article","og_title":"Was bringt die Steuerreform den KMU? Das sollten Unternehmer jetzt \u00adpr\u00fcfen","og_description":"Die neue Steuerreform (STAF) ist ein wichtiger Anlass f\u00fcr eine umfassende \u00dcberpr\u00fcfung der Steuersituation des eigenen Unternehmens.","og_url":"https:\/\/www.organisator.ch\/fr\/gestion-2\/finanzen_recht\/2019-08-22\/was-bringt-die-steuerreform-den-kmu-das-sollten-unternehmer-jetzt-pruefen\/","og_site_name":"Organisator","article_publisher":"https:\/\/www.facebook.com\/OrganisatorFachmagazin","article_published_time":"2019-08-22T10:00:37+00:00","og_image":[{"width":680,"height":480,"url":"https:\/\/www.organisator.ch\/wp-content\/uploads\/2019\/08\/Was-bringt-die-Steuerreform-den-KMU-Das-sollten-Unternehmer-jetzt-pruefen_Organisator.jpg","type":"image\/jpeg"}],"author":"K4-Import","twitter_card":"summary_large_image","twitter_title":"Was bringt die #Steuerreform den KMU? Das sollten Unternehmer jetzt \u00adpr\u00fcfen","twitter_description":"Die neue #Steuerreform (#STAF) ist ein wichtiger Anlass f\u00fcr eine umfassende \u00dcberpr\u00fcfung der Steuersituation des eigenen Unternehmens.","twitter_image":"https:\/\/www.organisator.ch\/wp-content\/uploads\/2019\/08\/Was-bringt-die-Steuerreform-den-KMU-Das-sollten-Unternehmer-jetzt-pr\u00fcfen_Organisator.jpg","schema":{"@context":"https:\/\/schema.org","@graph":[{"@type":"Article","@id":"https:\/\/www.organisator.ch\/management\/finanzen_recht\/2019-08-22\/was-bringt-die-steuerreform-den-kmu-das-sollten-unternehmer-jetzt-pruefen\/#article","isPartOf":{"@id":"https:\/\/www.organisator.ch\/management\/finanzen_recht\/2019-08-22\/was-bringt-die-steuerreform-den-kmu-das-sollten-unternehmer-jetzt-pruefen\/"},"author":{"name":"K4-Import","@id":"https:\/\/www.organisator.ch\/#\/schema\/person\/dd8ffea01043c9c41d7718296a158fac"},"headline":"Was bringt die Steuerreform den KMU? Das sollten Unternehmer jetzt \u00adpr\u00fcfen","datePublished":"2019-08-22T10:00:37+00:00","mainEntityOfPage":{"@id":"https:\/\/www.organisator.ch\/management\/finanzen_recht\/2019-08-22\/was-bringt-die-steuerreform-den-kmu-das-sollten-unternehmer-jetzt-pruefen\/"},"wordCount":776,"commentCount":0,"publisher":{"@id":"https:\/\/www.organisator.ch\/#organization"},"image":{"@id":"https:\/\/www.organisator.ch\/management\/finanzen_recht\/2019-08-22\/was-bringt-die-steuerreform-den-kmu-das-sollten-unternehmer-jetzt-pruefen\/#primaryimage"},"thumbnailUrl":"https:\/\/www.organisator.ch\/wp-content\/uploads\/2019\/08\/Was-bringt-die-Steuerreform-den-KMU-Das-sollten-Unternehmer-jetzt-pruefen_Organisator.jpg","keywords":["Checklisten","Finanzen\/Recht","Management","Steuern"],"articleSection":["FINANZEN\/RECHT"],"inLanguage":"fr-FR"},{"@type":"WebPage","@id":"https:\/\/www.organisator.ch\/management\/finanzen_recht\/2019-08-22\/was-bringt-die-steuerreform-den-kmu-das-sollten-unternehmer-jetzt-pruefen\/","url":"https:\/\/www.organisator.ch\/management\/finanzen_recht\/2019-08-22\/was-bringt-die-steuerreform-den-kmu-das-sollten-unternehmer-jetzt-pruefen\/","name":"Qu'apporte la r\u00e9forme fiscale aux PME ? Ce que les entrepreneurs devraient v\u00e9rifier d\u00e8s maintenant - Organisateur","isPartOf":{"@id":"https:\/\/www.organisator.ch\/#website"},"primaryImageOfPage":{"@id":"https:\/\/www.organisator.ch\/management\/finanzen_recht\/2019-08-22\/was-bringt-die-steuerreform-den-kmu-das-sollten-unternehmer-jetzt-pruefen\/#primaryimage"},"image":{"@id":"https:\/\/www.organisator.ch\/management\/finanzen_recht\/2019-08-22\/was-bringt-die-steuerreform-den-kmu-das-sollten-unternehmer-jetzt-pruefen\/#primaryimage"},"thumbnailUrl":"https:\/\/www.organisator.ch\/wp-content\/uploads\/2019\/08\/Was-bringt-die-Steuerreform-den-KMU-Das-sollten-Unternehmer-jetzt-pruefen_Organisator.jpg","datePublished":"2019-08-22T10:00:37+00:00","description":"La nouvelle r\u00e9forme fiscale (STAF) est une occasion importante de proc\u00e9der \u00e0 un examen complet de la situation fiscale de son entreprise.","breadcrumb":{"@id":"https:\/\/www.organisator.ch\/management\/finanzen_recht\/2019-08-22\/was-bringt-die-steuerreform-den-kmu-das-sollten-unternehmer-jetzt-pruefen\/#breadcrumb"},"inLanguage":"fr-FR","potentialAction":[{"@type":"ReadAction","target":["https:\/\/www.organisator.ch\/management\/finanzen_recht\/2019-08-22\/was-bringt-die-steuerreform-den-kmu-das-sollten-unternehmer-jetzt-pruefen\/"]}]},{"@type":"ImageObject","inLanguage":"fr-FR","@id":"https:\/\/www.organisator.ch\/management\/finanzen_recht\/2019-08-22\/was-bringt-die-steuerreform-den-kmu-das-sollten-unternehmer-jetzt-pruefen\/#primaryimage","url":"https:\/\/www.organisator.ch\/wp-content\/uploads\/2019\/08\/Was-bringt-die-Steuerreform-den-KMU-Das-sollten-Unternehmer-jetzt-pruefen_Organisator.jpg","contentUrl":"https:\/\/www.organisator.ch\/wp-content\/uploads\/2019\/08\/Was-bringt-die-Steuerreform-den-KMU-Das-sollten-Unternehmer-jetzt-pruefen_Organisator.jpg","width":680,"height":480,"caption":"Die Steuerreform STAF bringt Ver\u00e4nderungen f\u00fcr Unternehmen. (Bild: Pixabay.com)"},{"@type":"BreadcrumbList","@id":"https:\/\/www.organisator.ch\/management\/finanzen_recht\/2019-08-22\/was-bringt-die-steuerreform-den-kmu-das-sollten-unternehmer-jetzt-pruefen\/#breadcrumb","itemListElement":[{"@type":"ListItem","position":1,"name":"Home","item":"https:\/\/www.organisator.ch\/"},{"@type":"ListItem","position":2,"name":"Was bringt die Steuerreform den KMU? Das sollten Unternehmer jetzt \u00adpr\u00fcfen"}]},{"@type":"WebSite","@id":"https:\/\/www.organisator.ch\/#website","url":"https:\/\/www.organisator.ch\/","name":"Organisateur","description":"Comp\u00e9tence et comp\u00e9tence. Proches de la pratique. L'ORGANISATEUR pr\u00e9pare 10 num\u00e9ros par an sur les th\u00e8mes essentiels pour les dirigeants de PME.","publisher":{"@id":"https:\/\/www.organisator.ch\/#organization"},"potentialAction":[{"@type":"SearchAction","target":{"@type":"EntryPoint","urlTemplate":"https:\/\/www.organisator.ch\/?s={search_term_string}"},"query-input":{"@type":"PropertyValueSpecification","valueRequired":true,"valueName":"search_term_string"}}],"inLanguage":"fr-FR"},{"@type":"Organization","@id":"https:\/\/www.organisator.ch\/#organization","name":"Organisateur","url":"https:\/\/www.organisator.ch\/","logo":{"@type":"ImageObject","inLanguage":"fr-FR","@id":"https:\/\/www.organisator.ch\/#\/schema\/logo\/image\/","url":"https:\/\/www.organisator.ch\/wp-content\/uploads\/2022\/01\/Logo_Organisator_Website.png","contentUrl":"https:\/\/www.organisator.ch\/wp-content\/uploads\/2022\/01\/Logo_Organisator_Website.png","width":800,"height":77,"caption":"Organisator"},"image":{"@id":"https:\/\/www.organisator.ch\/#\/schema\/logo\/image\/"},"sameAs":["https:\/\/www.facebook.com\/OrganisatorFachmagazin","https:\/\/www.linkedin.com\/showcase\/organisator-das-magazin-fr-kmu","https:\/\/www.xing.com\/news\/pages\/organisator-ch-695","https:\/\/www.youtube.com\/channel\/UCGP2Sq0iWaZwT3BdIAQFYpw"]},{"@type":"Person","@id":"https:\/\/www.organisator.ch\/#\/schema\/person\/dd8ffea01043c9c41d7718296a158fac","name":"Importation K4","image":{"@type":"ImageObject","inLanguage":"fr-FR","@id":"https:\/\/secure.gravatar.com\/avatar\/73620ab7215a54b074cc226514e02ed65cb79211bbaee1eb49b63b57e58aaad6?s=96&d=mm&r=g","url":"https:\/\/secure.gravatar.com\/avatar\/73620ab7215a54b074cc226514e02ed65cb79211bbaee1eb49b63b57e58aaad6?s=96&d=mm&r=g","contentUrl":"https:\/\/secure.gravatar.com\/avatar\/73620ab7215a54b074cc226514e02ed65cb79211bbaee1eb49b63b57e58aaad6?s=96&d=mm&r=g","caption":"K4-Import"},"url":"https:\/\/www.organisator.ch\/fr\/author\/k4-import\/"}]}},"_links":{"self":[{"href":"https:\/\/www.organisator.ch\/fr\/wp-json\/wp\/v2\/posts\/5653","targetHints":{"allow":["GET"]}}],"collection":[{"href":"https:\/\/www.organisator.ch\/fr\/wp-json\/wp\/v2\/posts"}],"about":[{"href":"https:\/\/www.organisator.ch\/fr\/wp-json\/wp\/v2\/types\/post"}],"author":[{"embeddable":true,"href":"https:\/\/www.organisator.ch\/fr\/wp-json\/wp\/v2\/users\/7"}],"replies":[{"embeddable":true,"href":"https:\/\/www.organisator.ch\/fr\/wp-json\/wp\/v2\/comments?post=5653"}],"version-history":[{"count":0,"href":"https:\/\/www.organisator.ch\/fr\/wp-json\/wp\/v2\/posts\/5653\/revisions"}],"wp:featuredmedia":[{"embeddable":true,"href":"https:\/\/www.organisator.ch\/fr\/wp-json\/wp\/v2\/media\/5696"}],"wp:attachment":[{"href":"https:\/\/www.organisator.ch\/fr\/wp-json\/wp\/v2\/media?parent=5653"}],"wp:term":[{"taxonomy":"category","embeddable":true,"href":"https:\/\/www.organisator.ch\/fr\/wp-json\/wp\/v2\/categories?post=5653"},{"taxonomy":"post_tag","embeddable":true,"href":"https:\/\/www.organisator.ch\/fr\/wp-json\/wp\/v2\/tags?post=5653"}],"curies":[{"name":"wp","href":"https:\/\/api.w.org\/{rel}","templated":true}]}}