{"id":5657,"date":"2019-08-22T08:00:47","date_gmt":"2019-08-22T06:00:47","guid":{"rendered":"https:\/\/www.organisator.ch\/?p=5657"},"modified":"2019-08-22T08:00:47","modified_gmt":"2019-08-22T06:00:47","slug":"erhoehen-sie-mit-sprachaufenthalten-ihren-marktwert","status":"publish","type":"post","link":"https:\/\/www.organisator.ch\/fr\/human-resources\/fit_im_job\/2019-08-22\/erhoehen-sie-mit-sprachaufenthalten-ihren-marktwert\/","title":{"rendered":"Augmentez votre valeur sur le march\u00e9 gr\u00e2ce aux s\u00e9jours linguistiques"},"content":{"rendered":"<h2><img loading=\"lazy\" decoding=\"async\" class=\"alignnone size-medium wp-image-5691\" src=\"https:\/\/www.organisator.ch\/wp-content\/uploads\/2019\/08\/Erhoehen-Sie-mit-Sprachaufenthalten-Ihren-Marktwert-1_Organisator.jpg\" alt=\"\" width=\"680\" height=\"454\" srcset=\"https:\/\/www.organisator.ch\/wp-content\/uploads\/2019\/08\/Erhoehen-Sie-mit-Sprachaufenthalten-Ihren-Marktwert-1_Organisator.jpg 680w, https:\/\/www.organisator.ch\/wp-content\/uploads\/2019\/08\/Erhoehen-Sie-mit-Sprachaufenthalten-Ihren-Marktwert-1_Organisator-16x12.jpg 16w, https:\/\/www.organisator.ch\/wp-content\/uploads\/2019\/08\/Erhoehen-Sie-mit-Sprachaufenthalten-Ihren-Marktwert-1_Organisator-262x175.jpg 262w, https:\/\/www.organisator.ch\/wp-content\/uploads\/2019\/08\/Erhoehen-Sie-mit-Sprachaufenthalten-Ihren-Marktwert-1_Organisator-524x350.jpg 524w, https:\/\/www.organisator.ch\/wp-content\/uploads\/2019\/08\/Erhoehen-Sie-mit-Sprachaufenthalten-Ihren-Marktwert-1_Organisator-300x200.jpg 300w\" sizes=\"auto, (max-width: 680px) 100vw, 680px\" \/><\/h2>\n<h2>1. les langues sont la porte d'entr\u00e9e dans le monde des affaires<\/h2>\n<p>Investissez dans la formation de vos employ\u00e9s et cela portera ses fruits ! Les connaissances qu'ils acqui\u00e8rent lors de s\u00e9jours linguistiques \u00e0 l'\u00e9tranger servent \u00e9galement \u00e0 votre bien-\u00eatre. Pour entrer en contact avec des entreprises \u00e0 l'\u00e9tranger et promouvoir les relations internationales de votre entreprise, il est n\u00e9cessaire de disposer de moyens de communication que vos employ\u00e9s acqui\u00e8rent de pr\u00e9f\u00e9rence lors de s\u00e9jours d'\u00e9tudes \u00e0 l'\u00e9tranger. Ils apprennent ainsi non seulement une langue \u00e9trang\u00e8re, mais ont \u00e9galement un aper\u00e7u du monde du travail local, ce qui contribue aux connaissances culturelles de votre entreprise. Cela augmente votre force \u00e9conomique.<\/p>\n<h2>2. voyager pour r\u00e9compenser vos employ\u00e9s et vous-m\u00eame<\/h2>\n<p>Les cours de langues font de vous un employeur attractif \u00e0 long terme. Dans notre monde moderne, de plus en plus de personnes ressentent le besoin de se d\u00e9velopper professionnellement. Les s\u00e9jours linguistiques sont le r\u00eave de nombreux travailleurs et contribuent de mani\u00e8re d\u00e9terminante \u00e0 leur \u00e9panouissement personnel. Pour les candidats, les s\u00e9jours linguistiques constituent une incitation int\u00e9ressante dans le cadre du processus de formation et, pour les collaborateurs \u00e0 long terme, une r\u00e9compense pour leurs ann\u00e9es de service. Quel que soit votre choix, vos employ\u00e9s vous remercieront de leur fid\u00e9lit\u00e9 !<\/p>\n<h2>3. attirer l'attention des travailleurs qualifi\u00e9s<\/h2>\n<p>Votre d\u00e9partement des ressources humaines a-t-il du mal \u00e0 pourvoir les postes vacants ou \u00e0 trouver des collaborateurs qualifi\u00e9s ? D\u00e9marquez-vous en faisant la promotion des s\u00e9jours linguistiques dans le cadre du processus d'int\u00e9gration ! Vous attirez ainsi l'attention des jeunes recrues sur votre entreprise, car dans le monde d'aujourd'hui, les candidats accordent de plus en plus d'importance \u00e0 la croissance personnelle et aux possibilit\u00e9s de voyage et de formation. Faites de votre entreprise un aimant \u00e0 talents gr\u00e2ce aux programmes d'\u00e9tudes \u00e0 l'\u00e9tranger !<\/p>\n<h2>4. stimulez vos affaires en collaboration avec une agence de voyage<\/h2>\n<p>Tout cela peut sembler bien beau, mais comment faire le premier pas ? La r\u00e9ponse est simple : le meilleur et le plus simple moyen d'avoir un aper\u00e7u des programmes de cours possibles pour vos employ\u00e9s est de collaborer avec un organisateur de s\u00e9jours linguistiques sp\u00e9cialis\u00e9 dans les cours de langue des affaires, qui propose des cours de langue aussi bien pour les d\u00e9butants que pour les avanc\u00e9s qui souhaitent approfondir leurs connaissances pratiques. L'agence suisse ESL - S\u00e9jours linguistiques dispose de plus de 20 ans d'exp\u00e9rience dans l'organisation de cours de langue business dans le monde entier. De plus, les clients professionnels b\u00e9n\u00e9ficient d'offres sp\u00e9ciales pour que votre budget n'en souffre pas. N'oubliez jamais que les s\u00e9jours linguistiques pour vos employ\u00e9s sont rentables !<\/p>\n<h2>Int\u00e9ress\u00e9(e) ?<\/h2>\n<p>Le Swiss Area Manager d'ESL, Michel Jenal, se fera un plaisir de vous proposer un programme d'\u00e9tudes \u00e0 l'\u00e9tranger parfaitement adapt\u00e9 \u00e0 votre entreprise, y compris un rabais sp\u00e9cial, afin que vous puissiez augmenter votre valeur sur le march\u00e9 gr\u00e2ce aux s\u00e9jours linguistiques. Contactez ESL d\u00e8s aujourd'hui :<\/p>\n<p><strong><a href=\"mailto:michel.jenal@esl-education.org\">michel.jenal@esl-education.org<\/a>, T 044 397 17 02,\u00a0<\/strong><a href=\"http:\/\/www.esl.ch\"><strong>www.esl.ch<\/strong><\/a><\/p>\n<p><strong>ESL<br \/>\n<\/strong>Grand-Rue 50<br \/>\nCase postale 1204<br \/>\nCH-1820 Montreux<br \/>\nT 021 962 88 80<br \/>\n<a href=\"mailto:info@esl.ch\">info@esl.ch<\/a><\/p>\n<p><a href=\"http:\/\/www.esl.ch\"><img loading=\"lazy\" decoding=\"async\" class=\"alignnone size-full wp-image-5692\" src=\"https:\/\/www.organisator.ch\/wp-content\/uploads\/2019\/08\/Erhoehen-Sie-mit-Sprachaufenthalten-Ihren-Marktwert-2_Organisator.jpg\" alt=\"\" width=\"165\" height=\"87\" srcset=\"https:\/\/www.organisator.ch\/wp-content\/uploads\/2019\/08\/Erhoehen-Sie-mit-Sprachaufenthalten-Ihren-Marktwert-2_Organisator.jpg 165w, https:\/\/www.organisator.ch\/wp-content\/uploads\/2019\/08\/Erhoehen-Sie-mit-Sprachaufenthalten-Ihren-Marktwert-2_Organisator-16x8.jpg 16w\" sizes=\"auto, (max-width: 165px) 100vw, 165px\" \/><\/a><\/p>","protected":false},"excerpt":{"rendered":"<p>1. Sprachen sind das Tor zur Business-Welt Investieren Sie in die Ausbildung Ihrer An\u00adgestellten und es wird sich auszahlen! Das Wissen, welches diese bei Sprachaufenthalten im Ausland erwerben, dient auch Ihrem Wohl. Um mit Firmen im Ausland in Kontakt zu treten und die internationalen Beziehungen Ihres Unternehmens zu f\u00f6rdern, sind kommunikative Mittel notwendig, welche Ihre [&hellip;]<\/p>\n","protected":false},"author":7,"featured_media":5691,"comment_status":"open","ping_status":"open","sticky":false,"template":"","format":"standard","meta":{"_acf_changed":false,"_yoast_wpseo_focuskw":"Sprachaufenthalte","_yoast_wpseo_metadesc":"Sprachaufenthalte im Ausland erh\u00f6hen die Arbeitsmoral Ihrer Angestellten und f\u00f6rdern das internationale Ansehen Ihres Unternehmens.","articlekey":"","footnotes":""},"categories":[25],"tags":[62,393,446],"class_list":["post-5657","post","type-post","status-publish","format-standard","has-post-thumbnail","hentry","category-fit_im_job","tag-aus-weiterbildung","tag-produkte","tag-sprachreisen"],"acf":[],"yoast_head":"<!-- This site is optimized with the Yoast SEO plugin v27.5 - https:\/\/yoast.com\/product\/yoast-seo-wordpress\/ -->\n<title>Erh\u00f6hen Sie mit Sprachaufenthalten Ihren Marktwert - Organisator<\/title>\n<meta name=\"description\" content=\"Sprachaufenthalte im Ausland erh\u00f6hen die Arbeitsmoral Ihrer Angestellten und f\u00f6rdern das internationale Ansehen Ihres Unternehmens.\" \/>\n<meta name=\"robots\" content=\"index, follow, max-snippet:-1, max-image-preview:large, max-video-preview:-1\" \/>\n<link rel=\"canonical\" href=\"https:\/\/www.organisator.ch\/fr\/ressources-humaines\/fit_im_job\/2019-08-22\/erhoehen-sie-mit-sprachaufenthalten-ihren-marktwert\/\" \/>\n<meta property=\"og:locale\" content=\"fr_FR\" \/>\n<meta property=\"og:type\" content=\"article\" \/>\n<meta property=\"og:title\" content=\"Erh\u00f6hen Sie mit Sprachaufenthalten Ihren Marktwert\" \/>\n<meta property=\"og:description\" content=\"Sprachaufenthalte im Ausland erh\u00f6hen die Arbeitsmoral Ihrer Angestellten und f\u00f6rdern das internationale Ansehen Ihres Unternehmens.\" \/>\n<meta property=\"og:url\" content=\"https:\/\/www.organisator.ch\/fr\/ressources-humaines\/fit_im_job\/2019-08-22\/erhoehen-sie-mit-sprachaufenthalten-ihren-marktwert\/\" \/>\n<meta property=\"og:site_name\" content=\"Organisator\" \/>\n<meta property=\"article:publisher\" content=\"https:\/\/www.facebook.com\/OrganisatorFachmagazin\" \/>\n<meta property=\"article:published_time\" content=\"2019-08-22T06:00:47+00:00\" \/>\n<meta property=\"og:image\" content=\"https:\/\/www.organisator.ch\/wp-content\/uploads\/2019\/08\/Erhoehen-Sie-mit-Sprachaufenthalten-Ihren-Marktwert-1_Organisator.jpg\" \/>\n\t<meta property=\"og:image:width\" content=\"680\" \/>\n\t<meta property=\"og:image:height\" content=\"454\" \/>\n\t<meta property=\"og:image:type\" content=\"image\/jpeg\" \/>\n<meta name=\"author\" content=\"K4-Import\" \/>\n<meta name=\"twitter:card\" content=\"summary_large_image\" \/>\n<meta name=\"twitter:title\" content=\"Erh\u00f6hen Sie mit #Sprachaufenthalten Ihren #Marktwert\" \/>\n<meta name=\"twitter:description\" content=\"#Sprachaufenthalte im Ausland erh\u00f6hen die Arbeitsmoral Ihrer Angestellten und f\u00f6rdern das internationale Ansehen Ihres Unternehmens.\" \/>\n<meta name=\"twitter:image\" content=\"https:\/\/www.organisator.ch\/wp-content\/uploads\/2019\/08\/Erh\u00f6hen-Sie-mit-Sprachaufenthalten-Ihren-Marktwert-1_Organisator.jpg\" \/>\n<script type=\"application\/ld+json\" class=\"yoast-schema-graph\">{\"@context\":\"https:\\\/\\\/schema.org\",\"@graph\":[{\"@type\":\"Article\",\"@id\":\"https:\\\/\\\/www.organisator.ch\\\/human-resources\\\/fit_im_job\\\/2019-08-22\\\/erhoehen-sie-mit-sprachaufenthalten-ihren-marktwert\\\/#article\",\"isPartOf\":{\"@id\":\"https:\\\/\\\/www.organisator.ch\\\/human-resources\\\/fit_im_job\\\/2019-08-22\\\/erhoehen-sie-mit-sprachaufenthalten-ihren-marktwert\\\/\"},\"author\":{\"name\":\"K4-Import\",\"@id\":\"https:\\\/\\\/www.organisator.ch\\\/#\\\/schema\\\/person\\\/dd8ffea01043c9c41d7718296a158fac\"},\"headline\":\"Erh\u00f6hen Sie mit Sprachaufenthalten Ihren Marktwert\",\"datePublished\":\"2019-08-22T06:00:47+00:00\",\"mainEntityOfPage\":{\"@id\":\"https:\\\/\\\/www.organisator.ch\\\/human-resources\\\/fit_im_job\\\/2019-08-22\\\/erhoehen-sie-mit-sprachaufenthalten-ihren-marktwert\\\/\"},\"wordCount\":437,\"commentCount\":0,\"publisher\":{\"@id\":\"https:\\\/\\\/www.organisator.ch\\\/#organization\"},\"image\":{\"@id\":\"https:\\\/\\\/www.organisator.ch\\\/human-resources\\\/fit_im_job\\\/2019-08-22\\\/erhoehen-sie-mit-sprachaufenthalten-ihren-marktwert\\\/#primaryimage\"},\"thumbnailUrl\":\"https:\\\/\\\/www.organisator.ch\\\/wp-content\\\/uploads\\\/2019\\\/08\\\/Erhoehen-Sie-mit-Sprachaufenthalten-Ihren-Marktwert-1_Organisator.jpg\",\"keywords\":[\"Aus-\\\/Weiterbildung\",\"Produkte\",\"Sprachreisen\"],\"articleSection\":[\"FIT IM JOB\"],\"inLanguage\":\"fr-FR\"},{\"@type\":\"WebPage\",\"@id\":\"https:\\\/\\\/www.organisator.ch\\\/human-resources\\\/fit_im_job\\\/2019-08-22\\\/erhoehen-sie-mit-sprachaufenthalten-ihren-marktwert\\\/\",\"url\":\"https:\\\/\\\/www.organisator.ch\\\/human-resources\\\/fit_im_job\\\/2019-08-22\\\/erhoehen-sie-mit-sprachaufenthalten-ihren-marktwert\\\/\",\"name\":\"Erh\u00f6hen Sie mit Sprachaufenthalten Ihren Marktwert - Organisator\",\"isPartOf\":{\"@id\":\"https:\\\/\\\/www.organisator.ch\\\/#website\"},\"primaryImageOfPage\":{\"@id\":\"https:\\\/\\\/www.organisator.ch\\\/human-resources\\\/fit_im_job\\\/2019-08-22\\\/erhoehen-sie-mit-sprachaufenthalten-ihren-marktwert\\\/#primaryimage\"},\"image\":{\"@id\":\"https:\\\/\\\/www.organisator.ch\\\/human-resources\\\/fit_im_job\\\/2019-08-22\\\/erhoehen-sie-mit-sprachaufenthalten-ihren-marktwert\\\/#primaryimage\"},\"thumbnailUrl\":\"https:\\\/\\\/www.organisator.ch\\\/wp-content\\\/uploads\\\/2019\\\/08\\\/Erhoehen-Sie-mit-Sprachaufenthalten-Ihren-Marktwert-1_Organisator.jpg\",\"datePublished\":\"2019-08-22T06:00:47+00:00\",\"description\":\"Sprachaufenthalte im Ausland erh\u00f6hen die Arbeitsmoral Ihrer Angestellten und f\u00f6rdern das internationale Ansehen Ihres Unternehmens.\",\"breadcrumb\":{\"@id\":\"https:\\\/\\\/www.organisator.ch\\\/human-resources\\\/fit_im_job\\\/2019-08-22\\\/erhoehen-sie-mit-sprachaufenthalten-ihren-marktwert\\\/#breadcrumb\"},\"inLanguage\":\"fr-FR\",\"potentialAction\":[{\"@type\":\"ReadAction\",\"target\":[\"https:\\\/\\\/www.organisator.ch\\\/human-resources\\\/fit_im_job\\\/2019-08-22\\\/erhoehen-sie-mit-sprachaufenthalten-ihren-marktwert\\\/\"]}]},{\"@type\":\"ImageObject\",\"inLanguage\":\"fr-FR\",\"@id\":\"https:\\\/\\\/www.organisator.ch\\\/human-resources\\\/fit_im_job\\\/2019-08-22\\\/erhoehen-sie-mit-sprachaufenthalten-ihren-marktwert\\\/#primaryimage\",\"url\":\"https:\\\/\\\/www.organisator.ch\\\/wp-content\\\/uploads\\\/2019\\\/08\\\/Erhoehen-Sie-mit-Sprachaufenthalten-Ihren-Marktwert-1_Organisator.jpg\",\"contentUrl\":\"https:\\\/\\\/www.organisator.ch\\\/wp-content\\\/uploads\\\/2019\\\/08\\\/Erhoehen-Sie-mit-Sprachaufenthalten-Ihren-Marktwert-1_Organisator.jpg\",\"width\":680,\"height\":454},{\"@type\":\"BreadcrumbList\",\"@id\":\"https:\\\/\\\/www.organisator.ch\\\/human-resources\\\/fit_im_job\\\/2019-08-22\\\/erhoehen-sie-mit-sprachaufenthalten-ihren-marktwert\\\/#breadcrumb\",\"itemListElement\":[{\"@type\":\"ListItem\",\"position\":1,\"name\":\"Home\",\"item\":\"https:\\\/\\\/www.organisator.ch\\\/\"},{\"@type\":\"ListItem\",\"position\":2,\"name\":\"Erh\u00f6hen Sie mit Sprachaufenthalten Ihren Marktwert\"}]},{\"@type\":\"WebSite\",\"@id\":\"https:\\\/\\\/www.organisator.ch\\\/#website\",\"url\":\"https:\\\/\\\/www.organisator.ch\\\/\",\"name\":\"Organisator\",\"description\":\"Kompetent. Praxisnah. Der ORGANISATOR bereitet in 10 Ausgaben pro Jahr die wesentlichen Themen f\u00fcr F\u00fchrungskr\u00e4fte von KMU auf.\",\"publisher\":{\"@id\":\"https:\\\/\\\/www.organisator.ch\\\/#organization\"},\"potentialAction\":[{\"@type\":\"SearchAction\",\"target\":{\"@type\":\"EntryPoint\",\"urlTemplate\":\"https:\\\/\\\/www.organisator.ch\\\/?s={search_term_string}\"},\"query-input\":{\"@type\":\"PropertyValueSpecification\",\"valueRequired\":true,\"valueName\":\"search_term_string\"}}],\"inLanguage\":\"fr-FR\"},{\"@type\":\"Organization\",\"@id\":\"https:\\\/\\\/www.organisator.ch\\\/#organization\",\"name\":\"Organisator\",\"url\":\"https:\\\/\\\/www.organisator.ch\\\/\",\"logo\":{\"@type\":\"ImageObject\",\"inLanguage\":\"fr-FR\",\"@id\":\"https:\\\/\\\/www.organisator.ch\\\/#\\\/schema\\\/logo\\\/image\\\/\",\"url\":\"https:\\\/\\\/www.organisator.ch\\\/wp-content\\\/uploads\\\/2022\\\/01\\\/Logo_Organisator_Website.png\",\"contentUrl\":\"https:\\\/\\\/www.organisator.ch\\\/wp-content\\\/uploads\\\/2022\\\/01\\\/Logo_Organisator_Website.png\",\"width\":800,\"height\":77,\"caption\":\"Organisator\"},\"image\":{\"@id\":\"https:\\\/\\\/www.organisator.ch\\\/#\\\/schema\\\/logo\\\/image\\\/\"},\"sameAs\":[\"https:\\\/\\\/www.facebook.com\\\/OrganisatorFachmagazin\",\"https:\\\/\\\/www.linkedin.com\\\/showcase\\\/organisator-das-magazin-fr-kmu\",\"https:\\\/\\\/www.xing.com\\\/news\\\/pages\\\/organisator-ch-695\",\"https:\\\/\\\/www.youtube.com\\\/channel\\\/UCGP2Sq0iWaZwT3BdIAQFYpw\"]},{\"@type\":\"Person\",\"@id\":\"https:\\\/\\\/www.organisator.ch\\\/#\\\/schema\\\/person\\\/dd8ffea01043c9c41d7718296a158fac\",\"name\":\"K4-Import\",\"image\":{\"@type\":\"ImageObject\",\"inLanguage\":\"fr-FR\",\"@id\":\"https:\\\/\\\/secure.gravatar.com\\\/avatar\\\/73620ab7215a54b074cc226514e02ed65cb79211bbaee1eb49b63b57e58aaad6?s=96&d=mm&r=g\",\"url\":\"https:\\\/\\\/secure.gravatar.com\\\/avatar\\\/73620ab7215a54b074cc226514e02ed65cb79211bbaee1eb49b63b57e58aaad6?s=96&d=mm&r=g\",\"contentUrl\":\"https:\\\/\\\/secure.gravatar.com\\\/avatar\\\/73620ab7215a54b074cc226514e02ed65cb79211bbaee1eb49b63b57e58aaad6?s=96&d=mm&r=g\",\"caption\":\"K4-Import\"},\"url\":\"https:\\\/\\\/www.organisator.ch\\\/fr\\\/author\\\/k4-import\\\/\"}]}<\/script>\n<!-- \/ Yoast SEO plugin. -->","yoast_head_json":{"title":"Augmentez votre valeur sur le march\u00e9 gr\u00e2ce aux s\u00e9jours linguistiques - Organisateur","description":"Les s\u00e9jours linguistiques \u00e0 l'\u00e9tranger am\u00e9liorent le moral de vos employ\u00e9s et renforcent la r\u00e9putation internationale de votre entreprise.","robots":{"index":"index","follow":"follow","max-snippet":"max-snippet:-1","max-image-preview":"max-image-preview:large","max-video-preview":"max-video-preview:-1"},"canonical":"https:\/\/www.organisator.ch\/fr\/ressources-humaines\/fit_im_job\/2019-08-22\/erhoehen-sie-mit-sprachaufenthalten-ihren-marktwert\/","og_locale":"fr_FR","og_type":"article","og_title":"Erh\u00f6hen Sie mit Sprachaufenthalten Ihren Marktwert","og_description":"Sprachaufenthalte im Ausland erh\u00f6hen die Arbeitsmoral Ihrer Angestellten und f\u00f6rdern das internationale Ansehen Ihres Unternehmens.","og_url":"https:\/\/www.organisator.ch\/fr\/ressources-humaines\/fit_im_job\/2019-08-22\/erhoehen-sie-mit-sprachaufenthalten-ihren-marktwert\/","og_site_name":"Organisator","article_publisher":"https:\/\/www.facebook.com\/OrganisatorFachmagazin","article_published_time":"2019-08-22T06:00:47+00:00","og_image":[{"width":680,"height":454,"url":"https:\/\/www.organisator.ch\/wp-content\/uploads\/2019\/08\/Erhoehen-Sie-mit-Sprachaufenthalten-Ihren-Marktwert-1_Organisator.jpg","type":"image\/jpeg"}],"author":"K4-Import","twitter_card":"summary_large_image","twitter_title":"Erh\u00f6hen Sie mit #Sprachaufenthalten Ihren #Marktwert","twitter_description":"#Sprachaufenthalte im Ausland erh\u00f6hen die Arbeitsmoral Ihrer Angestellten und f\u00f6rdern das internationale Ansehen Ihres Unternehmens.","twitter_image":"https:\/\/www.organisator.ch\/wp-content\/uploads\/2019\/08\/Erh\u00f6hen-Sie-mit-Sprachaufenthalten-Ihren-Marktwert-1_Organisator.jpg","schema":{"@context":"https:\/\/schema.org","@graph":[{"@type":"Article","@id":"https:\/\/www.organisator.ch\/human-resources\/fit_im_job\/2019-08-22\/erhoehen-sie-mit-sprachaufenthalten-ihren-marktwert\/#article","isPartOf":{"@id":"https:\/\/www.organisator.ch\/human-resources\/fit_im_job\/2019-08-22\/erhoehen-sie-mit-sprachaufenthalten-ihren-marktwert\/"},"author":{"name":"K4-Import","@id":"https:\/\/www.organisator.ch\/#\/schema\/person\/dd8ffea01043c9c41d7718296a158fac"},"headline":"Erh\u00f6hen Sie mit Sprachaufenthalten Ihren Marktwert","datePublished":"2019-08-22T06:00:47+00:00","mainEntityOfPage":{"@id":"https:\/\/www.organisator.ch\/human-resources\/fit_im_job\/2019-08-22\/erhoehen-sie-mit-sprachaufenthalten-ihren-marktwert\/"},"wordCount":437,"commentCount":0,"publisher":{"@id":"https:\/\/www.organisator.ch\/#organization"},"image":{"@id":"https:\/\/www.organisator.ch\/human-resources\/fit_im_job\/2019-08-22\/erhoehen-sie-mit-sprachaufenthalten-ihren-marktwert\/#primaryimage"},"thumbnailUrl":"https:\/\/www.organisator.ch\/wp-content\/uploads\/2019\/08\/Erhoehen-Sie-mit-Sprachaufenthalten-Ihren-Marktwert-1_Organisator.jpg","keywords":["Aus-\/Weiterbildung","Produkte","Sprachreisen"],"articleSection":["FIT IM JOB"],"inLanguage":"fr-FR"},{"@type":"WebPage","@id":"https:\/\/www.organisator.ch\/human-resources\/fit_im_job\/2019-08-22\/erhoehen-sie-mit-sprachaufenthalten-ihren-marktwert\/","url":"https:\/\/www.organisator.ch\/human-resources\/fit_im_job\/2019-08-22\/erhoehen-sie-mit-sprachaufenthalten-ihren-marktwert\/","name":"Augmentez votre valeur sur le march\u00e9 gr\u00e2ce aux s\u00e9jours linguistiques - Organisateur","isPartOf":{"@id":"https:\/\/www.organisator.ch\/#website"},"primaryImageOfPage":{"@id":"https:\/\/www.organisator.ch\/human-resources\/fit_im_job\/2019-08-22\/erhoehen-sie-mit-sprachaufenthalten-ihren-marktwert\/#primaryimage"},"image":{"@id":"https:\/\/www.organisator.ch\/human-resources\/fit_im_job\/2019-08-22\/erhoehen-sie-mit-sprachaufenthalten-ihren-marktwert\/#primaryimage"},"thumbnailUrl":"https:\/\/www.organisator.ch\/wp-content\/uploads\/2019\/08\/Erhoehen-Sie-mit-Sprachaufenthalten-Ihren-Marktwert-1_Organisator.jpg","datePublished":"2019-08-22T06:00:47+00:00","description":"Les s\u00e9jours linguistiques \u00e0 l'\u00e9tranger am\u00e9liorent le moral de vos employ\u00e9s et renforcent la r\u00e9putation internationale de votre entreprise.","breadcrumb":{"@id":"https:\/\/www.organisator.ch\/human-resources\/fit_im_job\/2019-08-22\/erhoehen-sie-mit-sprachaufenthalten-ihren-marktwert\/#breadcrumb"},"inLanguage":"fr-FR","potentialAction":[{"@type":"ReadAction","target":["https:\/\/www.organisator.ch\/human-resources\/fit_im_job\/2019-08-22\/erhoehen-sie-mit-sprachaufenthalten-ihren-marktwert\/"]}]},{"@type":"ImageObject","inLanguage":"fr-FR","@id":"https:\/\/www.organisator.ch\/human-resources\/fit_im_job\/2019-08-22\/erhoehen-sie-mit-sprachaufenthalten-ihren-marktwert\/#primaryimage","url":"https:\/\/www.organisator.ch\/wp-content\/uploads\/2019\/08\/Erhoehen-Sie-mit-Sprachaufenthalten-Ihren-Marktwert-1_Organisator.jpg","contentUrl":"https:\/\/www.organisator.ch\/wp-content\/uploads\/2019\/08\/Erhoehen-Sie-mit-Sprachaufenthalten-Ihren-Marktwert-1_Organisator.jpg","width":680,"height":454},{"@type":"BreadcrumbList","@id":"https:\/\/www.organisator.ch\/human-resources\/fit_im_job\/2019-08-22\/erhoehen-sie-mit-sprachaufenthalten-ihren-marktwert\/#breadcrumb","itemListElement":[{"@type":"ListItem","position":1,"name":"Home","item":"https:\/\/www.organisator.ch\/"},{"@type":"ListItem","position":2,"name":"Erh\u00f6hen Sie mit Sprachaufenthalten Ihren Marktwert"}]},{"@type":"WebSite","@id":"https:\/\/www.organisator.ch\/#website","url":"https:\/\/www.organisator.ch\/","name":"Organisateur","description":"Comp\u00e9tence et comp\u00e9tence. Proches de la pratique. L'ORGANISATEUR pr\u00e9pare 10 num\u00e9ros par an sur les th\u00e8mes essentiels pour les dirigeants de PME.","publisher":{"@id":"https:\/\/www.organisator.ch\/#organization"},"potentialAction":[{"@type":"SearchAction","target":{"@type":"EntryPoint","urlTemplate":"https:\/\/www.organisator.ch\/?s={search_term_string}"},"query-input":{"@type":"PropertyValueSpecification","valueRequired":true,"valueName":"search_term_string"}}],"inLanguage":"fr-FR"},{"@type":"Organization","@id":"https:\/\/www.organisator.ch\/#organization","name":"Organisateur","url":"https:\/\/www.organisator.ch\/","logo":{"@type":"ImageObject","inLanguage":"fr-FR","@id":"https:\/\/www.organisator.ch\/#\/schema\/logo\/image\/","url":"https:\/\/www.organisator.ch\/wp-content\/uploads\/2022\/01\/Logo_Organisator_Website.png","contentUrl":"https:\/\/www.organisator.ch\/wp-content\/uploads\/2022\/01\/Logo_Organisator_Website.png","width":800,"height":77,"caption":"Organisator"},"image":{"@id":"https:\/\/www.organisator.ch\/#\/schema\/logo\/image\/"},"sameAs":["https:\/\/www.facebook.com\/OrganisatorFachmagazin","https:\/\/www.linkedin.com\/showcase\/organisator-das-magazin-fr-kmu","https:\/\/www.xing.com\/news\/pages\/organisator-ch-695","https:\/\/www.youtube.com\/channel\/UCGP2Sq0iWaZwT3BdIAQFYpw"]},{"@type":"Person","@id":"https:\/\/www.organisator.ch\/#\/schema\/person\/dd8ffea01043c9c41d7718296a158fac","name":"Importation K4","image":{"@type":"ImageObject","inLanguage":"fr-FR","@id":"https:\/\/secure.gravatar.com\/avatar\/73620ab7215a54b074cc226514e02ed65cb79211bbaee1eb49b63b57e58aaad6?s=96&d=mm&r=g","url":"https:\/\/secure.gravatar.com\/avatar\/73620ab7215a54b074cc226514e02ed65cb79211bbaee1eb49b63b57e58aaad6?s=96&d=mm&r=g","contentUrl":"https:\/\/secure.gravatar.com\/avatar\/73620ab7215a54b074cc226514e02ed65cb79211bbaee1eb49b63b57e58aaad6?s=96&d=mm&r=g","caption":"K4-Import"},"url":"https:\/\/www.organisator.ch\/fr\/author\/k4-import\/"}]}},"_links":{"self":[{"href":"https:\/\/www.organisator.ch\/fr\/wp-json\/wp\/v2\/posts\/5657","targetHints":{"allow":["GET"]}}],"collection":[{"href":"https:\/\/www.organisator.ch\/fr\/wp-json\/wp\/v2\/posts"}],"about":[{"href":"https:\/\/www.organisator.ch\/fr\/wp-json\/wp\/v2\/types\/post"}],"author":[{"embeddable":true,"href":"https:\/\/www.organisator.ch\/fr\/wp-json\/wp\/v2\/users\/7"}],"replies":[{"embeddable":true,"href":"https:\/\/www.organisator.ch\/fr\/wp-json\/wp\/v2\/comments?post=5657"}],"version-history":[{"count":0,"href":"https:\/\/www.organisator.ch\/fr\/wp-json\/wp\/v2\/posts\/5657\/revisions"}],"wp:featuredmedia":[{"embeddable":true,"href":"https:\/\/www.organisator.ch\/fr\/wp-json\/wp\/v2\/media\/5691"}],"wp:attachment":[{"href":"https:\/\/www.organisator.ch\/fr\/wp-json\/wp\/v2\/media?parent=5657"}],"wp:term":[{"taxonomy":"category","embeddable":true,"href":"https:\/\/www.organisator.ch\/fr\/wp-json\/wp\/v2\/categories?post=5657"},{"taxonomy":"post_tag","embeddable":true,"href":"https:\/\/www.organisator.ch\/fr\/wp-json\/wp\/v2\/tags?post=5657"}],"curies":[{"name":"wp","href":"https:\/\/api.w.org\/{rel}","templated":true}]}}