{"id":566,"date":"2016-06-03T11:49:48","date_gmt":"2016-06-03T09:49:48","guid":{"rendered":"http:\/\/dev.organisator.ch\/?p=566"},"modified":"2016-06-03T11:49:48","modified_gmt":"2016-06-03T09:49:48","slug":"erstes-forum-dienstleistungsmanagement-an-der-universitaet-basel","status":"publish","type":"post","link":"https:\/\/www.organisator.ch\/fr\/management\/2016-06-03\/erstes-forum-dienstleistungsmanagement-an-der-universitaet-basel\/","title":{"rendered":"Premier Forum sur la gestion des services \u00e0 l'Universit\u00e9 de B\u00e2le"},"content":{"rendered":"<figure id=\"attachment_567\" aria-describedby=\"caption-attachment-567\" style=\"width: 640px\" class=\"wp-caption alignnone\"><img loading=\"lazy\" decoding=\"async\" class=\"size-full wp-image-567\" src=\"https:\/\/www.organisator.ch\/wp-content\/uploads\/2016\/12\/Erstes-Forum-Dienstleistungsmanagement-an-der-Universitaet-Basel-organisator.jpg\" alt=\"\" width=\"640\" height=\"416\" srcset=\"https:\/\/www.organisator.ch\/wp-content\/uploads\/2016\/12\/Erstes-Forum-Dienstleistungsmanagement-an-der-Universitaet-Basel-organisator.jpg 640w, https:\/\/www.organisator.ch\/wp-content\/uploads\/2016\/12\/Erstes-Forum-Dienstleistungsmanagement-an-der-Universitaet-Basel-organisator-16x10.jpg 16w, https:\/\/www.organisator.ch\/wp-content\/uploads\/2016\/12\/Erstes-Forum-Dienstleistungsmanagement-an-der-Universitaet-Basel-organisator-269x175.jpg 269w, https:\/\/www.organisator.ch\/wp-content\/uploads\/2016\/12\/Erstes-Forum-Dienstleistungsmanagement-an-der-Universitaet-Basel-organisator-538x350.jpg 538w, https:\/\/www.organisator.ch\/wp-content\/uploads\/2016\/12\/Erstes-Forum-Dienstleistungsmanagement-an-der-Universitaet-Basel-organisator-300x195.jpg 300w\" sizes=\"auto, (max-width: 640px) 100vw, 640px\" \/><figcaption id=\"caption-attachment-567\" class=\"wp-caption-text\">Le pionnier du marketing, le Prof. Dr. h.c. mult. Manfred Bruhn<\/figcaption><\/figure>\n<p>Pourquoi la transformation ? La num\u00e9risation, l'intensit\u00e9 croissante de la concurrence, l'effondrement des prix, la commoditisation des produits et la disparition des mod\u00e8les commerciaux classiques - les d\u00e9fis auxquels sont confront\u00e9es les entreprises, tels que les d\u00e9crit le pionnier du marketing, le professeur Dr. h.c. mult. Manfred Bruhn sont multiples. Selon lui, celles qui ne sont pas capables d'\u00e9voluer restent sur le carreau.<\/p>\n<p><strong>Des th\u00e8mes omnipr\u00e9sents - mais des discussions peu concluantes<\/strong><\/p>\n<p>Le professeur de l'universit\u00e9 de B\u00e2le tiendra, avec son coll\u00e8gue Karsten Hadwich, professeur \u00e0 l'universit\u00e9 de Hohenheim (Stuttgart), la conf\u00e9rence d'ouverture du forum commun sur la gestion des services \u00e0 l'universit\u00e9 de B\u00e2le. Bruhn critique le fait que la discussion sur des th\u00e8mes tels que la disruption et la transformation num\u00e9rique est certes omnipr\u00e9sente, mais peu pertinente : \"Les mots \u00e0 la mode tels que disruption et num\u00e9risation ne fournissent en soi aucun concept ni solution. C'est pourquoi il est difficile pour les entreprises de s'attaquer de mani\u00e8re cibl\u00e9e aux multiples changements. Beaucoup savent qu'elles doivent changer. La question est de savoir comment !\"<\/p>\n<p>Manfred Bruhn explique qu'au c\u0153ur d'une transformation r\u00e9ussie se trouve le service. Il s'agit de cr\u00e9er de nouvelles formes d'interaction, de nouveaux mod\u00e8les commerciaux et de nouvelles offres de prestations. Ensemble, les deux professeurs montrent les \u00e9tapes de d\u00e9veloppement et les phases de la transformation d'un fournisseur de produits en une entreprise de services.<\/p>\n<p>Cette \u00e9volution apporte de nombreuses opportunit\u00e9s, mais aussi de nombreux d\u00e9fis. De nouveaux mod\u00e8les de prix sont n\u00e9cessaires, la relation avec le client change fondamentalement et un changement est \u00e9galement n\u00e9cessaire en interne. La technologie ne doit pas \u00eatre au premier plan : \"La num\u00e9risation est un facilitateur pour ces \u00e9volutions. Mais si l'on se concentre uniquement sur ce point, on risque de passer \u00e0 c\u00f4t\u00e9 du client. Le num\u00e9rique n'est pas automatiquement meilleur\", affirme Karsten Hadwich.<\/p>\n<p><strong>Exemples tir\u00e9s de la pratique<\/strong><\/p>\n<p>Ensuite, des repr\u00e9sentants de la pratique pr\u00e9senteront leurs exp\u00e9riences pass\u00e9es. Le g\u00e9ant pharmaceutique Novartis exp\u00e9rimente de nouveaux mod\u00e8les de prix bas\u00e9s sur les r\u00e9sultats. L'entreprise d'automatisation des processus Endress+Hauser passe elle aussi du statut de fournisseur de produits \u00e0 celui de fournisseur de solutions par le biais de la co-ing\u00e9nierie et de la gestion des actifs de l'usine. La start-up de mode Outfittery montre comment la curation en tant que service permet un nouveau type de distribution et de mod\u00e8le commercial. L'entreprise de logistique MAN Truck &amp; Bus, l'un des principaux constructeurs de v\u00e9hicules utilitaires et inventeur du moteur diesel, \u00e9met l'hypoth\u00e8se que les v\u00e9hicules connect\u00e9s ne seront plus pertinents \u00e0 l'avenir qu'en tant que supports de services polyvalents.<\/p>\n<p>Que signifie la transformation des services pour le management ? Lors de la table ronde, les intervenants mettront en \u00e9vidence, avec le public, les t\u00e2ches concr\u00e8tes du management. Il ne suffit pas d'offrir des services. Les entreprises doivent g\u00e9n\u00e9rer des connaissances sur les clients et ancrer l'orientation client dans leur organisation. Sans l'implication du client, le risque est grand, selon eux. Souvent, il faut en outre revoir le positionnement de sa propre marque ou aborder le march\u00e9 avec de nouvelles sous-marques. La vente et les collaborateurs doivent \u00eatre form\u00e9s et perfectionn\u00e9s. O\u00f9 va le voyage ? \"Je ne veux plus vendre de voitures. Nos clients doivent utiliser des voitures et payer l'utilisation situationnelle en fonction de leurs souhaits. Cela signifie bien s\u00fbr qu'ils paient le transport, volontiers combin\u00e9 avec d'autres moyens de transport. En outre, ils paient \u00e9galement, si n\u00e9cessaire, des services suppl\u00e9mentaires tels que le divertissement, le si\u00e8ge de massage, la navigation, le parking et ainsi de suite. Le client re\u00e7oit les prestations dont il a besoin et quand il en a besoin\", d\u00e9crit un repr\u00e9sentant de la branche automobile.<\/p>\n<p><em>Source : <a href=\"http:\/\/www.bruhn-partner.com\/\" target=\"_blank\" data-cke-saved-href=\"http:\/\/www.bruhn-partner.com\/\" rel=\"noopener\">www.bruhn-partner.com<\/a><\/em><\/p>","protected":false},"excerpt":{"rendered":"<p>Warum Transformation? Digitalisierung, steigende Wettbewerbsintensit\u00e4t, Preiszerfall, die Commoditisierung von Produkten und der Untergang von klassischen Gesch\u00e4ftsmodellen \u2013 die Herausforderungen f\u00fcr Unternehmen, die Marketingpionier Prof. Dr. Dr. h.c. mult. Manfred Bruhn aufzeigt, sind vielseitig. Wer nicht ver\u00e4nderungsf\u00e4hig sei, bleibt auf der Strecke. Allgegenw\u00e4rtige Themen &#8211; aber wenig zielf\u00fchrende Diskussionen Der Professor von der Universit\u00e4t Basel h\u00e4lt [&hellip;]<\/p>\n","protected":false},"author":1,"featured_media":567,"comment_status":"open","ping_status":"open","sticky":false,"template":"","format":"standard","meta":{"_acf_changed":false,"_yoast_wpseo_focuskw":"Dienstleistungsmanagement","_yoast_wpseo_metadesc":"Wissenschaftler, F\u00fchrungspersonen und Marketingexperten trafen sich am ersten Forum Dienstleistungsmanagement zum Thema Servicetransformation.","articlekey":"","footnotes":""},"categories":[28],"tags":[193,334,335,339],"class_list":["post-566","post","type-post","status-publish","format-standard","has-post-thumbnail","hentry","category-management","tag-fachkongressfachmesse","tag-management","tag-management-und-unternehmensfuehrung","tag-marketing"],"acf":[],"yoast_head":"<!-- This site is optimized with the Yoast SEO plugin v27.4 - https:\/\/yoast.com\/product\/yoast-seo-wordpress\/ -->\n<title>Erstes Forum Dienstleistungsmanagement an der Universit\u00e4t Basel - Organisator<\/title>\n<meta name=\"description\" content=\"Wissenschaftler, F\u00fchrungspersonen und Marketingexperten trafen sich am ersten Forum Dienstleistungsmanagement zum Thema Servicetransformation.\" \/>\n<meta name=\"robots\" content=\"index, follow, max-snippet:-1, max-image-preview:large, max-video-preview:-1\" \/>\n<link rel=\"canonical\" href=\"https:\/\/www.organisator.ch\/fr\/gestion-2\/2016-06-03\/erstes-forum-dienstleistungsmanagement-an-der-universitaet-basel\/\" \/>\n<meta property=\"og:locale\" content=\"fr_FR\" \/>\n<meta property=\"og:type\" content=\"article\" \/>\n<meta property=\"og:title\" content=\"Erstes Forum Dienstleistungsmanagement an der Universit\u00e4t Basel\" \/>\n<meta property=\"og:description\" content=\"Mit \u00fcber 100 Teilnehmern aus Praxis und Wissenschaft war das Auditorium der Wirtschaftswissenschaftlichen Fakult\u00e4t der Universit\u00e4t Basel am 1. Juni bis auf den letzten Platz belegt. Wissenschaftler sowie F\u00fchrungspersonen und Marketingexperten aus unterschiedlichen Branchen trafen sich am ersten Forum Dienstleistungsmanagement, in diesem Jahr zum Thema Servicetransformation.\" \/>\n<meta property=\"og:url\" content=\"https:\/\/www.organisator.ch\/fr\/gestion-2\/2016-06-03\/erstes-forum-dienstleistungsmanagement-an-der-universitaet-basel\/\" \/>\n<meta property=\"og:site_name\" content=\"Organisator\" \/>\n<meta property=\"article:publisher\" content=\"https:\/\/www.facebook.com\/OrganisatorFachmagazin\" \/>\n<meta property=\"article:published_time\" content=\"2016-06-03T09:49:48+00:00\" \/>\n<meta name=\"author\" content=\"admin\" \/>\n<meta name=\"twitter:card\" content=\"summary_large_image\" \/>\n<meta name=\"twitter:image\" content=\"https:\/\/www.organisator.ch\/wp-content\/uploads\/2016\/12\/Erstes-Forum-Dienstleistungsmanagement-an-der-Universitaet-Basel-organisator.jpg\" \/>\n<script type=\"application\/ld+json\" class=\"yoast-schema-graph\">{\"@context\":\"https:\\\/\\\/schema.org\",\"@graph\":[{\"@type\":\"Article\",\"@id\":\"https:\\\/\\\/www.organisator.ch\\\/management\\\/2016-06-03\\\/erstes-forum-dienstleistungsmanagement-an-der-universitaet-basel\\\/#article\",\"isPartOf\":{\"@id\":\"https:\\\/\\\/www.organisator.ch\\\/management\\\/2016-06-03\\\/erstes-forum-dienstleistungsmanagement-an-der-universitaet-basel\\\/\"},\"author\":{\"name\":\"admin\",\"@id\":\"https:\\\/\\\/www.organisator.ch\\\/#\\\/schema\\\/person\\\/aa2bace6c5c5aad60102004a50c4eb1c\"},\"headline\":\"Erstes Forum Dienstleistungsmanagement an der Universit\u00e4t Basel\",\"datePublished\":\"2016-06-03T09:49:48+00:00\",\"mainEntityOfPage\":{\"@id\":\"https:\\\/\\\/www.organisator.ch\\\/management\\\/2016-06-03\\\/erstes-forum-dienstleistungsmanagement-an-der-universitaet-basel\\\/\"},\"wordCount\":530,\"commentCount\":0,\"publisher\":{\"@id\":\"https:\\\/\\\/www.organisator.ch\\\/#organization\"},\"image\":{\"@id\":\"https:\\\/\\\/www.organisator.ch\\\/management\\\/2016-06-03\\\/erstes-forum-dienstleistungsmanagement-an-der-universitaet-basel\\\/#primaryimage\"},\"thumbnailUrl\":\"https:\\\/\\\/www.organisator.ch\\\/wp-content\\\/uploads\\\/2016\\\/12\\\/Erstes-Forum-Dienstleistungsmanagement-an-der-Universitaet-Basel-organisator.jpg\",\"keywords\":[\"Fachkongress\\\/Fachmesse\",\"Management\",\"Management und Unternehmensf\u00fchrung\",\"Marketing\"],\"articleSection\":[\"MANAGEMENT\"],\"inLanguage\":\"fr-FR\"},{\"@type\":\"WebPage\",\"@id\":\"https:\\\/\\\/www.organisator.ch\\\/management\\\/2016-06-03\\\/erstes-forum-dienstleistungsmanagement-an-der-universitaet-basel\\\/\",\"url\":\"https:\\\/\\\/www.organisator.ch\\\/management\\\/2016-06-03\\\/erstes-forum-dienstleistungsmanagement-an-der-universitaet-basel\\\/\",\"name\":\"Erstes Forum Dienstleistungsmanagement an der Universit\u00e4t Basel - Organisator\",\"isPartOf\":{\"@id\":\"https:\\\/\\\/www.organisator.ch\\\/#website\"},\"primaryImageOfPage\":{\"@id\":\"https:\\\/\\\/www.organisator.ch\\\/management\\\/2016-06-03\\\/erstes-forum-dienstleistungsmanagement-an-der-universitaet-basel\\\/#primaryimage\"},\"image\":{\"@id\":\"https:\\\/\\\/www.organisator.ch\\\/management\\\/2016-06-03\\\/erstes-forum-dienstleistungsmanagement-an-der-universitaet-basel\\\/#primaryimage\"},\"thumbnailUrl\":\"https:\\\/\\\/www.organisator.ch\\\/wp-content\\\/uploads\\\/2016\\\/12\\\/Erstes-Forum-Dienstleistungsmanagement-an-der-Universitaet-Basel-organisator.jpg\",\"datePublished\":\"2016-06-03T09:49:48+00:00\",\"description\":\"Wissenschaftler, F\u00fchrungspersonen und Marketingexperten trafen sich am ersten Forum Dienstleistungsmanagement zum Thema Servicetransformation.\",\"breadcrumb\":{\"@id\":\"https:\\\/\\\/www.organisator.ch\\\/management\\\/2016-06-03\\\/erstes-forum-dienstleistungsmanagement-an-der-universitaet-basel\\\/#breadcrumb\"},\"inLanguage\":\"fr-FR\",\"potentialAction\":[{\"@type\":\"ReadAction\",\"target\":[\"https:\\\/\\\/www.organisator.ch\\\/management\\\/2016-06-03\\\/erstes-forum-dienstleistungsmanagement-an-der-universitaet-basel\\\/\"]}]},{\"@type\":\"ImageObject\",\"inLanguage\":\"fr-FR\",\"@id\":\"https:\\\/\\\/www.organisator.ch\\\/management\\\/2016-06-03\\\/erstes-forum-dienstleistungsmanagement-an-der-universitaet-basel\\\/#primaryimage\",\"url\":\"https:\\\/\\\/www.organisator.ch\\\/wp-content\\\/uploads\\\/2016\\\/12\\\/Erstes-Forum-Dienstleistungsmanagement-an-der-Universitaet-Basel-organisator.jpg\",\"contentUrl\":\"https:\\\/\\\/www.organisator.ch\\\/wp-content\\\/uploads\\\/2016\\\/12\\\/Erstes-Forum-Dienstleistungsmanagement-an-der-Universitaet-Basel-organisator.jpg\",\"width\":640,\"height\":416,\"caption\":\"Marketingpionier Prof. Dr. Dr. h.c. mult. Manfred Bruhn aufzeigt\"},{\"@type\":\"BreadcrumbList\",\"@id\":\"https:\\\/\\\/www.organisator.ch\\\/management\\\/2016-06-03\\\/erstes-forum-dienstleistungsmanagement-an-der-universitaet-basel\\\/#breadcrumb\",\"itemListElement\":[{\"@type\":\"ListItem\",\"position\":1,\"name\":\"Home\",\"item\":\"https:\\\/\\\/www.organisator.ch\\\/\"},{\"@type\":\"ListItem\",\"position\":2,\"name\":\"Erstes Forum Dienstleistungsmanagement an der Universit\u00e4t Basel\"}]},{\"@type\":\"WebSite\",\"@id\":\"https:\\\/\\\/www.organisator.ch\\\/#website\",\"url\":\"https:\\\/\\\/www.organisator.ch\\\/\",\"name\":\"Organisator\",\"description\":\"Kompetent. Praxisnah. Der ORGANISATOR bereitet in 10 Ausgaben pro Jahr die wesentlichen Themen f\u00fcr F\u00fchrungskr\u00e4fte von KMU auf.\",\"publisher\":{\"@id\":\"https:\\\/\\\/www.organisator.ch\\\/#organization\"},\"potentialAction\":[{\"@type\":\"SearchAction\",\"target\":{\"@type\":\"EntryPoint\",\"urlTemplate\":\"https:\\\/\\\/www.organisator.ch\\\/?s={search_term_string}\"},\"query-input\":{\"@type\":\"PropertyValueSpecification\",\"valueRequired\":true,\"valueName\":\"search_term_string\"}}],\"inLanguage\":\"fr-FR\"},{\"@type\":\"Organization\",\"@id\":\"https:\\\/\\\/www.organisator.ch\\\/#organization\",\"name\":\"Organisator\",\"url\":\"https:\\\/\\\/www.organisator.ch\\\/\",\"logo\":{\"@type\":\"ImageObject\",\"inLanguage\":\"fr-FR\",\"@id\":\"https:\\\/\\\/www.organisator.ch\\\/#\\\/schema\\\/logo\\\/image\\\/\",\"url\":\"https:\\\/\\\/www.organisator.ch\\\/wp-content\\\/uploads\\\/2022\\\/01\\\/Logo_Organisator_Website.png\",\"contentUrl\":\"https:\\\/\\\/www.organisator.ch\\\/wp-content\\\/uploads\\\/2022\\\/01\\\/Logo_Organisator_Website.png\",\"width\":800,\"height\":77,\"caption\":\"Organisator\"},\"image\":{\"@id\":\"https:\\\/\\\/www.organisator.ch\\\/#\\\/schema\\\/logo\\\/image\\\/\"},\"sameAs\":[\"https:\\\/\\\/www.facebook.com\\\/OrganisatorFachmagazin\",\"https:\\\/\\\/www.linkedin.com\\\/showcase\\\/organisator-das-magazin-fr-kmu\",\"https:\\\/\\\/www.xing.com\\\/news\\\/pages\\\/organisator-ch-695\",\"https:\\\/\\\/www.youtube.com\\\/channel\\\/UCGP2Sq0iWaZwT3BdIAQFYpw\"]},{\"@type\":\"Person\",\"@id\":\"https:\\\/\\\/www.organisator.ch\\\/#\\\/schema\\\/person\\\/aa2bace6c5c5aad60102004a50c4eb1c\",\"name\":\"admin\",\"image\":{\"@type\":\"ImageObject\",\"inLanguage\":\"fr-FR\",\"@id\":\"https:\\\/\\\/secure.gravatar.com\\\/avatar\\\/ae2f4d718e6c49043e314ce431e7e645d646302a24a5ef5a8bc8e3f5a032e319?s=96&d=mm&r=g\",\"url\":\"https:\\\/\\\/secure.gravatar.com\\\/avatar\\\/ae2f4d718e6c49043e314ce431e7e645d646302a24a5ef5a8bc8e3f5a032e319?s=96&d=mm&r=g\",\"contentUrl\":\"https:\\\/\\\/secure.gravatar.com\\\/avatar\\\/ae2f4d718e6c49043e314ce431e7e645d646302a24a5ef5a8bc8e3f5a032e319?s=96&d=mm&r=g\",\"caption\":\"admin\"},\"sameAs\":[\"https:\\\/\\\/www.organisator.ch\"],\"url\":\"https:\\\/\\\/www.organisator.ch\\\/fr\\\/author\\\/admin\\\/\"}]}<\/script>\n<!-- \/ Yoast SEO plugin. -->","yoast_head_json":{"title":"Premier Forum sur la gestion des services \u00e0 l'Universit\u00e9 de B\u00e2le - Organisateur","description":"Des scientifiques, des dirigeants et des experts en marketing se sont rencontr\u00e9s lors du premier forum sur la gestion des services, qui avait pour th\u00e8me la transformation des services.","robots":{"index":"index","follow":"follow","max-snippet":"max-snippet:-1","max-image-preview":"max-image-preview:large","max-video-preview":"max-video-preview:-1"},"canonical":"https:\/\/www.organisator.ch\/fr\/gestion-2\/2016-06-03\/erstes-forum-dienstleistungsmanagement-an-der-universitaet-basel\/","og_locale":"fr_FR","og_type":"article","og_title":"Erstes Forum Dienstleistungsmanagement an der Universit\u00e4t Basel","og_description":"Mit \u00fcber 100 Teilnehmern aus Praxis und Wissenschaft war das Auditorium der Wirtschaftswissenschaftlichen Fakult\u00e4t der Universit\u00e4t Basel am 1. Juni bis auf den letzten Platz belegt. Wissenschaftler sowie F\u00fchrungspersonen und Marketingexperten aus unterschiedlichen Branchen trafen sich am ersten Forum Dienstleistungsmanagement, in diesem Jahr zum Thema Servicetransformation.","og_url":"https:\/\/www.organisator.ch\/fr\/gestion-2\/2016-06-03\/erstes-forum-dienstleistungsmanagement-an-der-universitaet-basel\/","og_site_name":"Organisator","article_publisher":"https:\/\/www.facebook.com\/OrganisatorFachmagazin","article_published_time":"2016-06-03T09:49:48+00:00","author":"admin","twitter_card":"summary_large_image","twitter_image":"https:\/\/www.organisator.ch\/wp-content\/uploads\/2016\/12\/Erstes-Forum-Dienstleistungsmanagement-an-der-Universitaet-Basel-organisator.jpg","schema":{"@context":"https:\/\/schema.org","@graph":[{"@type":"Article","@id":"https:\/\/www.organisator.ch\/management\/2016-06-03\/erstes-forum-dienstleistungsmanagement-an-der-universitaet-basel\/#article","isPartOf":{"@id":"https:\/\/www.organisator.ch\/management\/2016-06-03\/erstes-forum-dienstleistungsmanagement-an-der-universitaet-basel\/"},"author":{"name":"admin","@id":"https:\/\/www.organisator.ch\/#\/schema\/person\/aa2bace6c5c5aad60102004a50c4eb1c"},"headline":"Erstes Forum Dienstleistungsmanagement an der Universit\u00e4t Basel","datePublished":"2016-06-03T09:49:48+00:00","mainEntityOfPage":{"@id":"https:\/\/www.organisator.ch\/management\/2016-06-03\/erstes-forum-dienstleistungsmanagement-an-der-universitaet-basel\/"},"wordCount":530,"commentCount":0,"publisher":{"@id":"https:\/\/www.organisator.ch\/#organization"},"image":{"@id":"https:\/\/www.organisator.ch\/management\/2016-06-03\/erstes-forum-dienstleistungsmanagement-an-der-universitaet-basel\/#primaryimage"},"thumbnailUrl":"https:\/\/www.organisator.ch\/wp-content\/uploads\/2016\/12\/Erstes-Forum-Dienstleistungsmanagement-an-der-Universitaet-Basel-organisator.jpg","keywords":["Fachkongress\/Fachmesse","Management","Management und Unternehmensf\u00fchrung","Marketing"],"articleSection":["MANAGEMENT"],"inLanguage":"fr-FR"},{"@type":"WebPage","@id":"https:\/\/www.organisator.ch\/management\/2016-06-03\/erstes-forum-dienstleistungsmanagement-an-der-universitaet-basel\/","url":"https:\/\/www.organisator.ch\/management\/2016-06-03\/erstes-forum-dienstleistungsmanagement-an-der-universitaet-basel\/","name":"Premier Forum sur la gestion des services \u00e0 l'Universit\u00e9 de B\u00e2le - Organisateur","isPartOf":{"@id":"https:\/\/www.organisator.ch\/#website"},"primaryImageOfPage":{"@id":"https:\/\/www.organisator.ch\/management\/2016-06-03\/erstes-forum-dienstleistungsmanagement-an-der-universitaet-basel\/#primaryimage"},"image":{"@id":"https:\/\/www.organisator.ch\/management\/2016-06-03\/erstes-forum-dienstleistungsmanagement-an-der-universitaet-basel\/#primaryimage"},"thumbnailUrl":"https:\/\/www.organisator.ch\/wp-content\/uploads\/2016\/12\/Erstes-Forum-Dienstleistungsmanagement-an-der-Universitaet-Basel-organisator.jpg","datePublished":"2016-06-03T09:49:48+00:00","description":"Des scientifiques, des dirigeants et des experts en marketing se sont rencontr\u00e9s lors du premier forum sur la gestion des services, qui avait pour th\u00e8me la transformation des services.","breadcrumb":{"@id":"https:\/\/www.organisator.ch\/management\/2016-06-03\/erstes-forum-dienstleistungsmanagement-an-der-universitaet-basel\/#breadcrumb"},"inLanguage":"fr-FR","potentialAction":[{"@type":"ReadAction","target":["https:\/\/www.organisator.ch\/management\/2016-06-03\/erstes-forum-dienstleistungsmanagement-an-der-universitaet-basel\/"]}]},{"@type":"ImageObject","inLanguage":"fr-FR","@id":"https:\/\/www.organisator.ch\/management\/2016-06-03\/erstes-forum-dienstleistungsmanagement-an-der-universitaet-basel\/#primaryimage","url":"https:\/\/www.organisator.ch\/wp-content\/uploads\/2016\/12\/Erstes-Forum-Dienstleistungsmanagement-an-der-Universitaet-Basel-organisator.jpg","contentUrl":"https:\/\/www.organisator.ch\/wp-content\/uploads\/2016\/12\/Erstes-Forum-Dienstleistungsmanagement-an-der-Universitaet-Basel-organisator.jpg","width":640,"height":416,"caption":"Marketingpionier Prof. Dr. Dr. h.c. mult. Manfred Bruhn aufzeigt"},{"@type":"BreadcrumbList","@id":"https:\/\/www.organisator.ch\/management\/2016-06-03\/erstes-forum-dienstleistungsmanagement-an-der-universitaet-basel\/#breadcrumb","itemListElement":[{"@type":"ListItem","position":1,"name":"Home","item":"https:\/\/www.organisator.ch\/"},{"@type":"ListItem","position":2,"name":"Erstes Forum Dienstleistungsmanagement an der Universit\u00e4t Basel"}]},{"@type":"WebSite","@id":"https:\/\/www.organisator.ch\/#website","url":"https:\/\/www.organisator.ch\/","name":"Organisateur","description":"Comp\u00e9tence et comp\u00e9tence. Proches de la pratique. L'ORGANISATEUR pr\u00e9pare 10 num\u00e9ros par an sur les th\u00e8mes essentiels pour les dirigeants de PME.","publisher":{"@id":"https:\/\/www.organisator.ch\/#organization"},"potentialAction":[{"@type":"SearchAction","target":{"@type":"EntryPoint","urlTemplate":"https:\/\/www.organisator.ch\/?s={search_term_string}"},"query-input":{"@type":"PropertyValueSpecification","valueRequired":true,"valueName":"search_term_string"}}],"inLanguage":"fr-FR"},{"@type":"Organization","@id":"https:\/\/www.organisator.ch\/#organization","name":"Organisateur","url":"https:\/\/www.organisator.ch\/","logo":{"@type":"ImageObject","inLanguage":"fr-FR","@id":"https:\/\/www.organisator.ch\/#\/schema\/logo\/image\/","url":"https:\/\/www.organisator.ch\/wp-content\/uploads\/2022\/01\/Logo_Organisator_Website.png","contentUrl":"https:\/\/www.organisator.ch\/wp-content\/uploads\/2022\/01\/Logo_Organisator_Website.png","width":800,"height":77,"caption":"Organisator"},"image":{"@id":"https:\/\/www.organisator.ch\/#\/schema\/logo\/image\/"},"sameAs":["https:\/\/www.facebook.com\/OrganisatorFachmagazin","https:\/\/www.linkedin.com\/showcase\/organisator-das-magazin-fr-kmu","https:\/\/www.xing.com\/news\/pages\/organisator-ch-695","https:\/\/www.youtube.com\/channel\/UCGP2Sq0iWaZwT3BdIAQFYpw"]},{"@type":"Person","@id":"https:\/\/www.organisator.ch\/#\/schema\/person\/aa2bace6c5c5aad60102004a50c4eb1c","name":"admin","image":{"@type":"ImageObject","inLanguage":"fr-FR","@id":"https:\/\/secure.gravatar.com\/avatar\/ae2f4d718e6c49043e314ce431e7e645d646302a24a5ef5a8bc8e3f5a032e319?s=96&d=mm&r=g","url":"https:\/\/secure.gravatar.com\/avatar\/ae2f4d718e6c49043e314ce431e7e645d646302a24a5ef5a8bc8e3f5a032e319?s=96&d=mm&r=g","contentUrl":"https:\/\/secure.gravatar.com\/avatar\/ae2f4d718e6c49043e314ce431e7e645d646302a24a5ef5a8bc8e3f5a032e319?s=96&d=mm&r=g","caption":"admin"},"sameAs":["https:\/\/www.organisator.ch"],"url":"https:\/\/www.organisator.ch\/fr\/author\/admin\/"}]}},"_links":{"self":[{"href":"https:\/\/www.organisator.ch\/fr\/wp-json\/wp\/v2\/posts\/566","targetHints":{"allow":["GET"]}}],"collection":[{"href":"https:\/\/www.organisator.ch\/fr\/wp-json\/wp\/v2\/posts"}],"about":[{"href":"https:\/\/www.organisator.ch\/fr\/wp-json\/wp\/v2\/types\/post"}],"author":[{"embeddable":true,"href":"https:\/\/www.organisator.ch\/fr\/wp-json\/wp\/v2\/users\/1"}],"replies":[{"embeddable":true,"href":"https:\/\/www.organisator.ch\/fr\/wp-json\/wp\/v2\/comments?post=566"}],"version-history":[{"count":0,"href":"https:\/\/www.organisator.ch\/fr\/wp-json\/wp\/v2\/posts\/566\/revisions"}],"wp:featuredmedia":[{"embeddable":true,"href":"https:\/\/www.organisator.ch\/fr\/wp-json\/wp\/v2\/media\/567"}],"wp:attachment":[{"href":"https:\/\/www.organisator.ch\/fr\/wp-json\/wp\/v2\/media?parent=566"}],"wp:term":[{"taxonomy":"category","embeddable":true,"href":"https:\/\/www.organisator.ch\/fr\/wp-json\/wp\/v2\/categories?post=566"},{"taxonomy":"post_tag","embeddable":true,"href":"https:\/\/www.organisator.ch\/fr\/wp-json\/wp\/v2\/tags?post=566"}],"curies":[{"name":"wp","href":"https:\/\/api.w.org\/{rel}","templated":true}]}}