{"id":5702,"date":"2019-08-21T17:44:20","date_gmt":"2019-08-21T15:44:20","guid":{"rendered":"https:\/\/www.organisator.ch\/?p=5702"},"modified":"2019-08-21T17:44:20","modified_gmt":"2019-08-21T15:44:20","slug":"was-den-digital-workplace-als-arbeitsplatz-der-zukunft-ausmacht","status":"publish","type":"post","link":"https:\/\/www.organisator.ch\/fr\/management\/2019-08-21\/was-den-digital-workplace-als-arbeitsplatz-der-zukunft-ausmacht\/","title":{"rendered":"Ce qui fait du Digital Workplace le lieu de travail du futur"},"content":{"rendered":"<figure id=\"attachment_5704\" aria-describedby=\"caption-attachment-5704\" style=\"width: 680px\" class=\"wp-caption alignnone\"><img loading=\"lazy\" decoding=\"async\" class=\"size-medium wp-image-5704\" src=\"https:\/\/www.organisator.ch\/wp-content\/uploads\/2019\/08\/Was-den-Digital-Workplace-als-Arbeitsplatz-der-Zukunft-ausmacht_Organisator.jpg\" alt=\"\" width=\"680\" height=\"452\" srcset=\"https:\/\/www.organisator.ch\/wp-content\/uploads\/2019\/08\/Was-den-Digital-Workplace-als-Arbeitsplatz-der-Zukunft-ausmacht_Organisator.jpg 680w, https:\/\/www.organisator.ch\/wp-content\/uploads\/2019\/08\/Was-den-Digital-Workplace-als-Arbeitsplatz-der-Zukunft-ausmacht_Organisator-16x12.jpg 16w, https:\/\/www.organisator.ch\/wp-content\/uploads\/2019\/08\/Was-den-Digital-Workplace-als-Arbeitsplatz-der-Zukunft-ausmacht_Organisator-263x175.jpg 263w, https:\/\/www.organisator.ch\/wp-content\/uploads\/2019\/08\/Was-den-Digital-Workplace-als-Arbeitsplatz-der-Zukunft-ausmacht_Organisator-527x350.jpg 527w, https:\/\/www.organisator.ch\/wp-content\/uploads\/2019\/08\/Was-den-Digital-Workplace-als-Arbeitsplatz-der-Zukunft-ausmacht_Organisator-300x199.jpg 300w\" sizes=\"auto, (max-width: 680px) 100vw, 680px\" \/><figcaption id=\"caption-attachment-5704\" class=\"wp-caption-text\">Le poste de travail du futur permet aux collaborateurs d'acc\u00e9der en toute s\u00e9curit\u00e9 \u00e0 toutes les donn\u00e9es pertinentes de l'entreprise. (Image : Pixabay.com)<\/figcaption><\/figure>\n<p>Nous travaillons en d\u00e9placement, sur place chez les clients ou, de plus en plus souvent, dans un bureau \u00e0 domicile. Le moment et le terminal num\u00e9rique ne sont pas d\u00e9terminants.<\/p>\n<h2><strong>Travailler de mani\u00e8re flexible avec le Digital Workplace<\/strong><\/h2>\n<p>Pour que les employeurs puissent relever les d\u00e9fis actuels, il est recommand\u00e9 d'impl\u00e9menter un espace de travail num\u00e9rique performant. Le Digital Workplace permet aux collaborateurs d'acc\u00e9der en toute s\u00e9curit\u00e9 \u00e0 toutes les donn\u00e9es et applications pertinentes de l'entreprise. Le lieu o\u00f9 se trouve l'utilisateur n'a aucune importance. Le travail flexible est particuli\u00e8rement demand\u00e9 par les jeunes professionnels et augmente \u00e9norm\u00e9ment la satisfaction de leurs collaborateurs.<\/p>\n<h2><strong>La productivit\u00e9 des collaborateurs est augment\u00e9e<\/strong><\/h2>\n<p>En plus de cette satisfaction, on obtient \u00e9galement une augmentation de la productivit\u00e9, car des formes de collaboration optimis\u00e9es deviennent possibles. Le r\u00e9sultat : une augmentation du succ\u00e8s de l'entreprise. Une \u00e9tude <a href=\"https:\/\/www.vmware.com\/de\/company\/news\/releases\/2018\/vmware-forbes-insights-study-employees-see-massive-productivity-gains-from-digital-jobs.html\">\u00c9tude<\/a>L'\u00e9tude r\u00e9alis\u00e9e en collaboration avec l'institut de recherche Forbes Insights montre que l'espace de travail num\u00e9rique a un impact positif sur la productivit\u00e9 du travail. Les collaborateurs font \u00e9tat d'une augmentation massive de l'efficacit\u00e9 lors de l'introduction de postes de travail num\u00e9riques.<\/p>\n<h2>Les effets du Digital Workplace :<\/h2>\n<ul>\n<li>Soutien des concepts de travail modernes tels que le home office et le Bring Your Own Device<\/li>\n<li>R\u00e9duction des temps improductifs<\/li>\n<li>Base pour une \"guerre des talents\" r\u00e9ussie (p\u00e9nurie de personnel qualifi\u00e9)<\/li>\n<li>Positionnement en tant qu'employeur attrayant et moderne<\/li>\n<li>Concilier famille et travail en travaillant de mani\u00e8re ind\u00e9pendante<\/li>\n<li>Am\u00e9lioration des performances gr\u00e2ce \u00e0 des formes de collaboration optimis\u00e9es<\/li>\n<li>Mobilit\u00e9 et flexibilit\u00e9 adapt\u00e9es aux besoins<\/li>\n<\/ul>\n<p><em>Auteur :<\/em><br \/>\n<em>Silvan Wyser, Head of Marketing GIA Informatik AG, Peyermattstrasse 3, CH4665 Oftringen<\/em><br \/>\n<em>T +41 62 789 71 71, <a href=\"mailto:hello@gia.ch\">hello@gia.ch<\/a>, <a href=\"http:\/\/www.gia.ch\">www.gia.ch<\/a><\/em><\/p>","protected":false},"excerpt":{"rendered":"<p>Wir arbeiten von unterwegs, vor Ort bei den Kunden oder immer h\u00e4ufiger im Homeoffice. Zu welchem Zeitpunkt und mit welchem digitalen Endger\u00e4t ist dabei nicht entscheidend. Flexibles Arbeiten mit dem Digital Workplace Damit Arbeitgeber die aktuellen Herausforderungen meistern k\u00f6nnen, empfiehlt sich die Implementation eines leistungsstarken und digitalen Arbeitsplatzes. Der Digital Workplace erlaubt es den Mitarbeitenden, [&hellip;]<\/p>\n","protected":false},"author":4,"featured_media":5704,"comment_status":"open","ping_status":"open","sticky":false,"template":"","format":"standard","meta":{"_acf_changed":false,"_yoast_wpseo_focuskw":"Arbeitsplatz der Zukunft","_yoast_wpseo_metadesc":"Arbeitsplatz der Zukunft: Durch die Digitalisierung werden traditionelle und starre Arbeitsmodelle abgel\u00f6st durch flexible und zeitgem\u00e4sse Arbeitsformen.","articlekey":"","footnotes":""},"categories":[28],"tags":[51,156,286,363],"class_list":["post-5702","post","type-post","status-publish","format-standard","has-post-thumbnail","hentry","category-management","tag-arbeitsplatzgestaltung","tag-digitalisierung","tag-it","tag-new-work"],"acf":[],"yoast_head":"<!-- This site is optimized with the Yoast SEO plugin v27.4 - https:\/\/yoast.com\/product\/yoast-seo-wordpress\/ -->\n<title>Was den Digital Workplace als Arbeitsplatz der Zukunft ausmacht - Organisator<\/title>\n<meta name=\"description\" content=\"Arbeitsplatz der Zukunft: Durch die Digitalisierung werden traditionelle und starre Arbeitsmodelle abgel\u00f6st durch flexible und zeitgem\u00e4sse Arbeitsformen.\" \/>\n<meta name=\"robots\" content=\"index, follow, max-snippet:-1, max-image-preview:large, max-video-preview:-1\" \/>\n<link rel=\"canonical\" href=\"https:\/\/www.organisator.ch\/fr\/gestion-2\/2019-08-21\/was-den-digital-workplace-als-arbeitsplatz-der-zukunft-ausmacht\/\" \/>\n<meta property=\"og:locale\" content=\"fr_FR\" \/>\n<meta property=\"og:type\" content=\"article\" \/>\n<meta property=\"og:title\" content=\"Was den Digital Workplace als Arbeitsplatz der Zukunft ausmacht\" \/>\n<meta property=\"og:description\" content=\"Arbeitsplatz der Zukunft: Durch die Digitalisierung werden traditionelle und starre Arbeitsmodelle abgel\u00f6st durch flexible und zeitgem\u00e4sse Arbeitsformen.\" \/>\n<meta property=\"og:url\" content=\"https:\/\/www.organisator.ch\/fr\/gestion-2\/2019-08-21\/was-den-digital-workplace-als-arbeitsplatz-der-zukunft-ausmacht\/\" \/>\n<meta property=\"og:site_name\" content=\"Organisator\" \/>\n<meta property=\"article:publisher\" content=\"https:\/\/www.facebook.com\/OrganisatorFachmagazin\" \/>\n<meta property=\"article:published_time\" content=\"2019-08-21T15:44:20+00:00\" \/>\n<meta property=\"og:image\" content=\"https:\/\/www.organisator.ch\/wp-content\/uploads\/2019\/08\/Was-den-Digital-Workplace-als-Arbeitsplatz-der-Zukunft-ausmacht_Organisator.jpg\" \/>\n\t<meta property=\"og:image:width\" content=\"680\" \/>\n\t<meta property=\"og:image:height\" content=\"452\" \/>\n\t<meta property=\"og:image:type\" content=\"image\/jpeg\" \/>\n<meta name=\"author\" content=\"thomas.berner\" \/>\n<meta name=\"twitter:card\" content=\"summary_large_image\" \/>\n<meta name=\"twitter:title\" content=\"Was den #DigitalWorkplace als #Arbeitsplatz der #Zukunft ausmacht\" \/>\n<meta name=\"twitter:description\" content=\"Arbeitsplatz der Zukunft: Durch die #Digitalisierung werden traditionelle und starre #Arbeitsmodelle abgel\u00f6st durch flexible und zeitgem\u00e4sse Arbeitsformen.\" \/>\n<meta name=\"twitter:image\" content=\"https:\/\/www.organisator.ch\/wp-content\/uploads\/2019\/08\/Was-den-Digital-Workplace-als-Arbeitsplatz-der-Zukunft-ausmacht_Organisator.jpg\" \/>\n<script type=\"application\/ld+json\" class=\"yoast-schema-graph\">{\"@context\":\"https:\\\/\\\/schema.org\",\"@graph\":[{\"@type\":\"Article\",\"@id\":\"https:\\\/\\\/www.organisator.ch\\\/management\\\/2019-08-21\\\/was-den-digital-workplace-als-arbeitsplatz-der-zukunft-ausmacht\\\/#article\",\"isPartOf\":{\"@id\":\"https:\\\/\\\/www.organisator.ch\\\/management\\\/2019-08-21\\\/was-den-digital-workplace-als-arbeitsplatz-der-zukunft-ausmacht\\\/\"},\"author\":{\"name\":\"thomas.berner\",\"@id\":\"https:\\\/\\\/www.organisator.ch\\\/#\\\/schema\\\/person\\\/6f650f90b2842cd4c0cc334b4e36f67e\"},\"headline\":\"Was den Digital Workplace als Arbeitsplatz der Zukunft ausmacht\",\"datePublished\":\"2019-08-21T15:44:20+00:00\",\"mainEntityOfPage\":{\"@id\":\"https:\\\/\\\/www.organisator.ch\\\/management\\\/2019-08-21\\\/was-den-digital-workplace-als-arbeitsplatz-der-zukunft-ausmacht\\\/\"},\"wordCount\":271,\"commentCount\":0,\"publisher\":{\"@id\":\"https:\\\/\\\/www.organisator.ch\\\/#organization\"},\"image\":{\"@id\":\"https:\\\/\\\/www.organisator.ch\\\/management\\\/2019-08-21\\\/was-den-digital-workplace-als-arbeitsplatz-der-zukunft-ausmacht\\\/#primaryimage\"},\"thumbnailUrl\":\"https:\\\/\\\/www.organisator.ch\\\/wp-content\\\/uploads\\\/2019\\\/08\\\/Was-den-Digital-Workplace-als-Arbeitsplatz-der-Zukunft-ausmacht_Organisator.jpg\",\"keywords\":[\"Arbeitsplatzgestaltung\",\"Digitalisierung\",\"IT\",\"New Work\"],\"articleSection\":[\"MANAGEMENT\"],\"inLanguage\":\"fr-FR\"},{\"@type\":\"WebPage\",\"@id\":\"https:\\\/\\\/www.organisator.ch\\\/management\\\/2019-08-21\\\/was-den-digital-workplace-als-arbeitsplatz-der-zukunft-ausmacht\\\/\",\"url\":\"https:\\\/\\\/www.organisator.ch\\\/management\\\/2019-08-21\\\/was-den-digital-workplace-als-arbeitsplatz-der-zukunft-ausmacht\\\/\",\"name\":\"Was den Digital Workplace als Arbeitsplatz der Zukunft ausmacht - Organisator\",\"isPartOf\":{\"@id\":\"https:\\\/\\\/www.organisator.ch\\\/#website\"},\"primaryImageOfPage\":{\"@id\":\"https:\\\/\\\/www.organisator.ch\\\/management\\\/2019-08-21\\\/was-den-digital-workplace-als-arbeitsplatz-der-zukunft-ausmacht\\\/#primaryimage\"},\"image\":{\"@id\":\"https:\\\/\\\/www.organisator.ch\\\/management\\\/2019-08-21\\\/was-den-digital-workplace-als-arbeitsplatz-der-zukunft-ausmacht\\\/#primaryimage\"},\"thumbnailUrl\":\"https:\\\/\\\/www.organisator.ch\\\/wp-content\\\/uploads\\\/2019\\\/08\\\/Was-den-Digital-Workplace-als-Arbeitsplatz-der-Zukunft-ausmacht_Organisator.jpg\",\"datePublished\":\"2019-08-21T15:44:20+00:00\",\"description\":\"Arbeitsplatz der Zukunft: Durch die Digitalisierung werden traditionelle und starre Arbeitsmodelle abgel\u00f6st durch flexible und zeitgem\u00e4sse Arbeitsformen.\",\"breadcrumb\":{\"@id\":\"https:\\\/\\\/www.organisator.ch\\\/management\\\/2019-08-21\\\/was-den-digital-workplace-als-arbeitsplatz-der-zukunft-ausmacht\\\/#breadcrumb\"},\"inLanguage\":\"fr-FR\",\"potentialAction\":[{\"@type\":\"ReadAction\",\"target\":[\"https:\\\/\\\/www.organisator.ch\\\/management\\\/2019-08-21\\\/was-den-digital-workplace-als-arbeitsplatz-der-zukunft-ausmacht\\\/\"]}]},{\"@type\":\"ImageObject\",\"inLanguage\":\"fr-FR\",\"@id\":\"https:\\\/\\\/www.organisator.ch\\\/management\\\/2019-08-21\\\/was-den-digital-workplace-als-arbeitsplatz-der-zukunft-ausmacht\\\/#primaryimage\",\"url\":\"https:\\\/\\\/www.organisator.ch\\\/wp-content\\\/uploads\\\/2019\\\/08\\\/Was-den-Digital-Workplace-als-Arbeitsplatz-der-Zukunft-ausmacht_Organisator.jpg\",\"contentUrl\":\"https:\\\/\\\/www.organisator.ch\\\/wp-content\\\/uploads\\\/2019\\\/08\\\/Was-den-Digital-Workplace-als-Arbeitsplatz-der-Zukunft-ausmacht_Organisator.jpg\",\"width\":680,\"height\":452,\"caption\":\"Der Arbeitsplatz der Zukunft erlaubt es den Mitarbeitenden, sicher auf alle relevanten Unternehmensdaten zugreifen zu k\u00f6nnen. (Bild: Pixabay.com)\"},{\"@type\":\"BreadcrumbList\",\"@id\":\"https:\\\/\\\/www.organisator.ch\\\/management\\\/2019-08-21\\\/was-den-digital-workplace-als-arbeitsplatz-der-zukunft-ausmacht\\\/#breadcrumb\",\"itemListElement\":[{\"@type\":\"ListItem\",\"position\":1,\"name\":\"Home\",\"item\":\"https:\\\/\\\/www.organisator.ch\\\/\"},{\"@type\":\"ListItem\",\"position\":2,\"name\":\"Was den Digital Workplace als Arbeitsplatz der Zukunft ausmacht\"}]},{\"@type\":\"WebSite\",\"@id\":\"https:\\\/\\\/www.organisator.ch\\\/#website\",\"url\":\"https:\\\/\\\/www.organisator.ch\\\/\",\"name\":\"Organisator\",\"description\":\"Kompetent. Praxisnah. Der ORGANISATOR bereitet in 10 Ausgaben pro Jahr die wesentlichen Themen f\u00fcr F\u00fchrungskr\u00e4fte von KMU auf.\",\"publisher\":{\"@id\":\"https:\\\/\\\/www.organisator.ch\\\/#organization\"},\"potentialAction\":[{\"@type\":\"SearchAction\",\"target\":{\"@type\":\"EntryPoint\",\"urlTemplate\":\"https:\\\/\\\/www.organisator.ch\\\/?s={search_term_string}\"},\"query-input\":{\"@type\":\"PropertyValueSpecification\",\"valueRequired\":true,\"valueName\":\"search_term_string\"}}],\"inLanguage\":\"fr-FR\"},{\"@type\":\"Organization\",\"@id\":\"https:\\\/\\\/www.organisator.ch\\\/#organization\",\"name\":\"Organisator\",\"url\":\"https:\\\/\\\/www.organisator.ch\\\/\",\"logo\":{\"@type\":\"ImageObject\",\"inLanguage\":\"fr-FR\",\"@id\":\"https:\\\/\\\/www.organisator.ch\\\/#\\\/schema\\\/logo\\\/image\\\/\",\"url\":\"https:\\\/\\\/www.organisator.ch\\\/wp-content\\\/uploads\\\/2022\\\/01\\\/Logo_Organisator_Website.png\",\"contentUrl\":\"https:\\\/\\\/www.organisator.ch\\\/wp-content\\\/uploads\\\/2022\\\/01\\\/Logo_Organisator_Website.png\",\"width\":800,\"height\":77,\"caption\":\"Organisator\"},\"image\":{\"@id\":\"https:\\\/\\\/www.organisator.ch\\\/#\\\/schema\\\/logo\\\/image\\\/\"},\"sameAs\":[\"https:\\\/\\\/www.facebook.com\\\/OrganisatorFachmagazin\",\"https:\\\/\\\/www.linkedin.com\\\/showcase\\\/organisator-das-magazin-fr-kmu\",\"https:\\\/\\\/www.xing.com\\\/news\\\/pages\\\/organisator-ch-695\",\"https:\\\/\\\/www.youtube.com\\\/channel\\\/UCGP2Sq0iWaZwT3BdIAQFYpw\"]},{\"@type\":\"Person\",\"@id\":\"https:\\\/\\\/www.organisator.ch\\\/#\\\/schema\\\/person\\\/6f650f90b2842cd4c0cc334b4e36f67e\",\"name\":\"thomas.berner\",\"image\":{\"@type\":\"ImageObject\",\"inLanguage\":\"fr-FR\",\"@id\":\"https:\\\/\\\/secure.gravatar.com\\\/avatar\\\/ac5001d2a36cb6c6cd3e50789007ffca834b477b74a2144564522e944eabff61?s=96&d=mm&r=g\",\"url\":\"https:\\\/\\\/secure.gravatar.com\\\/avatar\\\/ac5001d2a36cb6c6cd3e50789007ffca834b477b74a2144564522e944eabff61?s=96&d=mm&r=g\",\"contentUrl\":\"https:\\\/\\\/secure.gravatar.com\\\/avatar\\\/ac5001d2a36cb6c6cd3e50789007ffca834b477b74a2144564522e944eabff61?s=96&d=mm&r=g\",\"caption\":\"thomas.berner\"},\"url\":\"https:\\\/\\\/www.organisator.ch\\\/fr\\\/author\\\/thomas-berner\\\/\"}]}<\/script>\n<!-- \/ Yoast SEO plugin. -->","yoast_head_json":{"title":"Ce qui fait du Digital Workplace le lieu de travail du futur - Organisateur","description":"Le poste de travail du futur : gr\u00e2ce \u00e0 la num\u00e9risation, les mod\u00e8les de travail traditionnels et rigides sont remplac\u00e9s par des formes de travail flexibles et modernes.","robots":{"index":"index","follow":"follow","max-snippet":"max-snippet:-1","max-image-preview":"max-image-preview:large","max-video-preview":"max-video-preview:-1"},"canonical":"https:\/\/www.organisator.ch\/fr\/gestion-2\/2019-08-21\/was-den-digital-workplace-als-arbeitsplatz-der-zukunft-ausmacht\/","og_locale":"fr_FR","og_type":"article","og_title":"Was den Digital Workplace als Arbeitsplatz der Zukunft ausmacht","og_description":"Arbeitsplatz der Zukunft: Durch die Digitalisierung werden traditionelle und starre Arbeitsmodelle abgel\u00f6st durch flexible und zeitgem\u00e4sse Arbeitsformen.","og_url":"https:\/\/www.organisator.ch\/fr\/gestion-2\/2019-08-21\/was-den-digital-workplace-als-arbeitsplatz-der-zukunft-ausmacht\/","og_site_name":"Organisator","article_publisher":"https:\/\/www.facebook.com\/OrganisatorFachmagazin","article_published_time":"2019-08-21T15:44:20+00:00","og_image":[{"width":680,"height":452,"url":"https:\/\/www.organisator.ch\/wp-content\/uploads\/2019\/08\/Was-den-Digital-Workplace-als-Arbeitsplatz-der-Zukunft-ausmacht_Organisator.jpg","type":"image\/jpeg"}],"author":"thomas.berner","twitter_card":"summary_large_image","twitter_title":"Was den #DigitalWorkplace als #Arbeitsplatz der #Zukunft ausmacht","twitter_description":"Arbeitsplatz der Zukunft: Durch die #Digitalisierung werden traditionelle und starre #Arbeitsmodelle abgel\u00f6st durch flexible und zeitgem\u00e4sse Arbeitsformen.","twitter_image":"https:\/\/www.organisator.ch\/wp-content\/uploads\/2019\/08\/Was-den-Digital-Workplace-als-Arbeitsplatz-der-Zukunft-ausmacht_Organisator.jpg","schema":{"@context":"https:\/\/schema.org","@graph":[{"@type":"Article","@id":"https:\/\/www.organisator.ch\/management\/2019-08-21\/was-den-digital-workplace-als-arbeitsplatz-der-zukunft-ausmacht\/#article","isPartOf":{"@id":"https:\/\/www.organisator.ch\/management\/2019-08-21\/was-den-digital-workplace-als-arbeitsplatz-der-zukunft-ausmacht\/"},"author":{"name":"thomas.berner","@id":"https:\/\/www.organisator.ch\/#\/schema\/person\/6f650f90b2842cd4c0cc334b4e36f67e"},"headline":"Was den Digital Workplace als Arbeitsplatz der Zukunft ausmacht","datePublished":"2019-08-21T15:44:20+00:00","mainEntityOfPage":{"@id":"https:\/\/www.organisator.ch\/management\/2019-08-21\/was-den-digital-workplace-als-arbeitsplatz-der-zukunft-ausmacht\/"},"wordCount":271,"commentCount":0,"publisher":{"@id":"https:\/\/www.organisator.ch\/#organization"},"image":{"@id":"https:\/\/www.organisator.ch\/management\/2019-08-21\/was-den-digital-workplace-als-arbeitsplatz-der-zukunft-ausmacht\/#primaryimage"},"thumbnailUrl":"https:\/\/www.organisator.ch\/wp-content\/uploads\/2019\/08\/Was-den-Digital-Workplace-als-Arbeitsplatz-der-Zukunft-ausmacht_Organisator.jpg","keywords":["Arbeitsplatzgestaltung","Digitalisierung","IT","New Work"],"articleSection":["MANAGEMENT"],"inLanguage":"fr-FR"},{"@type":"WebPage","@id":"https:\/\/www.organisator.ch\/management\/2019-08-21\/was-den-digital-workplace-als-arbeitsplatz-der-zukunft-ausmacht\/","url":"https:\/\/www.organisator.ch\/management\/2019-08-21\/was-den-digital-workplace-als-arbeitsplatz-der-zukunft-ausmacht\/","name":"Ce qui fait du Digital Workplace le lieu de travail du futur - Organisateur","isPartOf":{"@id":"https:\/\/www.organisator.ch\/#website"},"primaryImageOfPage":{"@id":"https:\/\/www.organisator.ch\/management\/2019-08-21\/was-den-digital-workplace-als-arbeitsplatz-der-zukunft-ausmacht\/#primaryimage"},"image":{"@id":"https:\/\/www.organisator.ch\/management\/2019-08-21\/was-den-digital-workplace-als-arbeitsplatz-der-zukunft-ausmacht\/#primaryimage"},"thumbnailUrl":"https:\/\/www.organisator.ch\/wp-content\/uploads\/2019\/08\/Was-den-Digital-Workplace-als-Arbeitsplatz-der-Zukunft-ausmacht_Organisator.jpg","datePublished":"2019-08-21T15:44:20+00:00","description":"Le poste de travail du futur : gr\u00e2ce \u00e0 la num\u00e9risation, les mod\u00e8les de travail traditionnels et rigides sont remplac\u00e9s par des formes de travail flexibles et modernes.","breadcrumb":{"@id":"https:\/\/www.organisator.ch\/management\/2019-08-21\/was-den-digital-workplace-als-arbeitsplatz-der-zukunft-ausmacht\/#breadcrumb"},"inLanguage":"fr-FR","potentialAction":[{"@type":"ReadAction","target":["https:\/\/www.organisator.ch\/management\/2019-08-21\/was-den-digital-workplace-als-arbeitsplatz-der-zukunft-ausmacht\/"]}]},{"@type":"ImageObject","inLanguage":"fr-FR","@id":"https:\/\/www.organisator.ch\/management\/2019-08-21\/was-den-digital-workplace-als-arbeitsplatz-der-zukunft-ausmacht\/#primaryimage","url":"https:\/\/www.organisator.ch\/wp-content\/uploads\/2019\/08\/Was-den-Digital-Workplace-als-Arbeitsplatz-der-Zukunft-ausmacht_Organisator.jpg","contentUrl":"https:\/\/www.organisator.ch\/wp-content\/uploads\/2019\/08\/Was-den-Digital-Workplace-als-Arbeitsplatz-der-Zukunft-ausmacht_Organisator.jpg","width":680,"height":452,"caption":"Der Arbeitsplatz der Zukunft erlaubt es den Mitarbeitenden, sicher auf alle relevanten Unternehmensdaten zugreifen zu k\u00f6nnen. (Bild: Pixabay.com)"},{"@type":"BreadcrumbList","@id":"https:\/\/www.organisator.ch\/management\/2019-08-21\/was-den-digital-workplace-als-arbeitsplatz-der-zukunft-ausmacht\/#breadcrumb","itemListElement":[{"@type":"ListItem","position":1,"name":"Home","item":"https:\/\/www.organisator.ch\/"},{"@type":"ListItem","position":2,"name":"Was den Digital Workplace als Arbeitsplatz der Zukunft ausmacht"}]},{"@type":"WebSite","@id":"https:\/\/www.organisator.ch\/#website","url":"https:\/\/www.organisator.ch\/","name":"Organisateur","description":"Comp\u00e9tence et comp\u00e9tence. Proches de la pratique. L'ORGANISATEUR pr\u00e9pare 10 num\u00e9ros par an sur les th\u00e8mes essentiels pour les dirigeants de PME.","publisher":{"@id":"https:\/\/www.organisator.ch\/#organization"},"potentialAction":[{"@type":"SearchAction","target":{"@type":"EntryPoint","urlTemplate":"https:\/\/www.organisator.ch\/?s={search_term_string}"},"query-input":{"@type":"PropertyValueSpecification","valueRequired":true,"valueName":"search_term_string"}}],"inLanguage":"fr-FR"},{"@type":"Organization","@id":"https:\/\/www.organisator.ch\/#organization","name":"Organisateur","url":"https:\/\/www.organisator.ch\/","logo":{"@type":"ImageObject","inLanguage":"fr-FR","@id":"https:\/\/www.organisator.ch\/#\/schema\/logo\/image\/","url":"https:\/\/www.organisator.ch\/wp-content\/uploads\/2022\/01\/Logo_Organisator_Website.png","contentUrl":"https:\/\/www.organisator.ch\/wp-content\/uploads\/2022\/01\/Logo_Organisator_Website.png","width":800,"height":77,"caption":"Organisator"},"image":{"@id":"https:\/\/www.organisator.ch\/#\/schema\/logo\/image\/"},"sameAs":["https:\/\/www.facebook.com\/OrganisatorFachmagazin","https:\/\/www.linkedin.com\/showcase\/organisator-das-magazin-fr-kmu","https:\/\/www.xing.com\/news\/pages\/organisator-ch-695","https:\/\/www.youtube.com\/channel\/UCGP2Sq0iWaZwT3BdIAQFYpw"]},{"@type":"Person","@id":"https:\/\/www.organisator.ch\/#\/schema\/person\/6f650f90b2842cd4c0cc334b4e36f67e","name":"thomas.berner","image":{"@type":"ImageObject","inLanguage":"fr-FR","@id":"https:\/\/secure.gravatar.com\/avatar\/ac5001d2a36cb6c6cd3e50789007ffca834b477b74a2144564522e944eabff61?s=96&d=mm&r=g","url":"https:\/\/secure.gravatar.com\/avatar\/ac5001d2a36cb6c6cd3e50789007ffca834b477b74a2144564522e944eabff61?s=96&d=mm&r=g","contentUrl":"https:\/\/secure.gravatar.com\/avatar\/ac5001d2a36cb6c6cd3e50789007ffca834b477b74a2144564522e944eabff61?s=96&d=mm&r=g","caption":"thomas.berner"},"url":"https:\/\/www.organisator.ch\/fr\/author\/thomas-berner\/"}]}},"_links":{"self":[{"href":"https:\/\/www.organisator.ch\/fr\/wp-json\/wp\/v2\/posts\/5702","targetHints":{"allow":["GET"]}}],"collection":[{"href":"https:\/\/www.organisator.ch\/fr\/wp-json\/wp\/v2\/posts"}],"about":[{"href":"https:\/\/www.organisator.ch\/fr\/wp-json\/wp\/v2\/types\/post"}],"author":[{"embeddable":true,"href":"https:\/\/www.organisator.ch\/fr\/wp-json\/wp\/v2\/users\/4"}],"replies":[{"embeddable":true,"href":"https:\/\/www.organisator.ch\/fr\/wp-json\/wp\/v2\/comments?post=5702"}],"version-history":[{"count":0,"href":"https:\/\/www.organisator.ch\/fr\/wp-json\/wp\/v2\/posts\/5702\/revisions"}],"wp:featuredmedia":[{"embeddable":true,"href":"https:\/\/www.organisator.ch\/fr\/wp-json\/wp\/v2\/media\/5704"}],"wp:attachment":[{"href":"https:\/\/www.organisator.ch\/fr\/wp-json\/wp\/v2\/media?parent=5702"}],"wp:term":[{"taxonomy":"category","embeddable":true,"href":"https:\/\/www.organisator.ch\/fr\/wp-json\/wp\/v2\/categories?post=5702"},{"taxonomy":"post_tag","embeddable":true,"href":"https:\/\/www.organisator.ch\/fr\/wp-json\/wp\/v2\/tags?post=5702"}],"curies":[{"name":"wp","href":"https:\/\/api.w.org\/{rel}","templated":true}]}}