{"id":5727,"date":"2019-08-26T08:34:15","date_gmt":"2019-08-26T06:34:15","guid":{"rendered":"https:\/\/www.organisator.ch\/?p=5727"},"modified":"2019-08-26T08:34:15","modified_gmt":"2019-08-26T06:34:15","slug":"verwaltungsraete-als-treiber-der-digitalisierung","status":"publish","type":"post","link":"https:\/\/www.organisator.ch\/fr\/management\/2019-08-26\/verwaltungsraete-als-treiber-der-digitalisierung\/","title":{"rendered":"Les conseils d'administration, moteurs de la num\u00e9risation"},"content":{"rendered":"<figure id=\"attachment_5729\" aria-describedby=\"caption-attachment-5729\" style=\"width: 680px\" class=\"wp-caption alignnone\"><img loading=\"lazy\" decoding=\"async\" class=\"size-medium wp-image-5729\" src=\"https:\/\/www.organisator.ch\/wp-content\/uploads\/2019\/08\/Verwaltungsraete-als-Treiber-der-Digitalisierung_Organisator.jpg\" alt=\"\" width=\"680\" height=\"425\" srcset=\"https:\/\/www.organisator.ch\/wp-content\/uploads\/2019\/08\/Verwaltungsraete-als-Treiber-der-Digitalisierung_Organisator.jpg 680w, https:\/\/www.organisator.ch\/wp-content\/uploads\/2019\/08\/Verwaltungsraete-als-Treiber-der-Digitalisierung_Organisator-16x10.jpg 16w, https:\/\/www.organisator.ch\/wp-content\/uploads\/2019\/08\/Verwaltungsraete-als-Treiber-der-Digitalisierung_Organisator-280x175.jpg 280w, https:\/\/www.organisator.ch\/wp-content\/uploads\/2019\/08\/Verwaltungsraete-als-Treiber-der-Digitalisierung_Organisator-560x350.jpg 560w, https:\/\/www.organisator.ch\/wp-content\/uploads\/2019\/08\/Verwaltungsraete-als-Treiber-der-Digitalisierung_Organisator-300x188.jpg 300w\" sizes=\"auto, (max-width: 680px) 100vw, 680px\" \/><figcaption id=\"caption-attachment-5729\" class=\"wp-caption-text\">Les conseils d'administration suisses font avancer la num\u00e9risation - les d\u00e9fis sont des co\u00fbts \u00e9lev\u00e9s et des questions \u00e9thiques. (Image : Gerd Altmann \/ Pixabay.com)<\/figcaption><\/figure>\n<p>La num\u00e9risation et l'automatisation sont les principaux th\u00e8mes abord\u00e9s cette ann\u00e9e dans les organes de direction des entreprises en Suisse - c'est ce que montre le swissVR Monitor, \u00e9tabli par l'association swissVR en collaboration avec le cabinet de conseil Deloitte et la Haute \u00e9cole de Lucerne. L'enqu\u00eate actuelle men\u00e9e aupr\u00e8s d'environ 400 membres de conseils d'administration montre clairement que lorsqu'il s'agit de la num\u00e9risation, les entreprises choisissent une approche pragmatique (91%) et sont majoritairement (60%) convaincues d'\u00eatre d\u00e9j\u00e0 plus avanc\u00e9es que la concurrence. Cette derni\u00e8re affirmation est beaucoup plus vraie pour les grandes entreprises (70%) que pour les PME (54%). Mais les conseils d'administration interrog\u00e9s sont aussi quelque peu inquiets : Moins d'un cinqui\u00e8me d'entre eux sont pleinement convaincus que le conseil d'administration (19%) ou la direction (18%) de leur entreprise disposent de suffisamment de savoir-faire et de comp\u00e9tences pour mener \u00e0 bien la transformation num\u00e9rique.<\/p>\n<h2>Les conseils d'administration croient aux opportunit\u00e9s de la num\u00e9risation<\/h2>\n<p>La grande majorit\u00e9 des personnes interrog\u00e9es est tout \u00e0 fait (36%) ou plut\u00f4t (46%) d'avis que la num\u00e9risation ouvre de nouvelles possibilit\u00e9s commerciales ainsi que des opportunit\u00e9s de chiffre d'affaires suppl\u00e9mentaire. Les grandes entreprises (90%) ont une vision plus positive que les PME (78%). Mais la num\u00e9risation comporte aussi des risques : elle n\u00e9cessite des investissements importants et entra\u00eene des co\u00fbts suppl\u00e9mentaires qui p\u00e8sent sur les marges et les r\u00e9sultats commerciaux : Pour 15%, cette affirmation est tout \u00e0 fait vraie et pour 42% plut\u00f4t vraie. 69% estiment en outre que l'\u00e9change de donn\u00e9es num\u00e9riques au sein du conseil d'administration a tendance \u00e0 augmenter le risque de s\u00e9curit\u00e9 li\u00e9 aux cyberattaques. Et seule une minorit\u00e9 de 46 % des personnes interrog\u00e9es se pr\u00e9occupe des risques potentiels de la num\u00e9risation de nature \u00e9thique, comme la suppression d'emplois, la discrimination, la manipulation ou la protection des donn\u00e9es.<\/p>\n<h2>La gestion du changement est d\u00e9cisive pour le succ\u00e8s<\/h2>\n<p>\"Ces r\u00e9sultats correspondent en grande partie \u00e0 notre exp\u00e9rience en tant que conseillers pour les projets de transformation les plus divers. Pour que les co\u00fbts de la transformation num\u00e9rique ne d\u00e9rapent pas ou que les projets ne r\u00e9duisent pas les b\u00e9n\u00e9fices pendant des ann\u00e9es, une direction claire et une prise de responsabilit\u00e9 de la part de la direction sont tout aussi n\u00e9cessaires qu'une gestion globale du changement et un reporting s\u00e9rieux des projets. En outre, le conseil d'administration ne doit en aucun cas occulter les \u00e9ventuels d\u00e9fis \u00e9thiques - il est pr\u00e9cis\u00e9ment l'organe appropri\u00e9 pour poser de telles questions et apporter des clarifications\", d\u00e9clare Reto Savoia, CEO de Deloitte Suisse.<\/p>\n<p>La num\u00e9risation englobe les technologies les plus diverses. Les personnes interrog\u00e9es estiment que le big data et l'automatisation sont les plus importantes d'entre elles (voir graphique pour les d\u00e9tails). La mise \u00e0 disposition d'espace de stockage, de puissance de calcul ou d'applications via Internet (cloud computing) et la mise en r\u00e9seau d'objets physiques et virtuels \u00e0 l'aide des technologies de l'information et de la communication (Internet des objets, IoT) ont \u00e9galement une large importance. L'intelligence artificielle et l'informatique mobile sont encore cit\u00e9es comme des th\u00e8mes importants par plus d'un tiers des personnes interrog\u00e9es.<\/p>\n<h2>La blockchain est importante pour les prestataires de services financiers<\/h2>\n<p>Les technologies sont class\u00e9es de mani\u00e8re tr\u00e8s diff\u00e9rente selon le secteur : Dans le secteur des services financiers, la technologie blockchain a toujours une grande importance (60%), dans l'industrie manufacturi\u00e8re, l'IoT (61%) et les robots (35%) sont plus importants que la moyenne.<\/p>\n<p>\"Deux technologies num\u00e9riques sont clairement au premier plan pour la plupart des entreprises suisses : d'une part, la collecte et l'analyse de grandes quantit\u00e9s de donn\u00e9es et la pr\u00e9vision des tendances qui en d\u00e9coulent, d'autre part, l'automatisation des processus fonctionnels et des processus de travail afin d'augmenter l'efficacit\u00e9 tout au long de la cha\u00eene de cr\u00e9ation de valeur. D'autres technologies, comme l'impression 3D ou les robots, ne sont int\u00e9ressantes que pour des secteurs sp\u00e9cifiques. Les r\u00e9sultats sont un instantan\u00e9, car les niveaux de maturit\u00e9 et les possibilit\u00e9s d'application des technologies num\u00e9riques \u00e9voluent et changent rapidement. Ainsi, la technologie blockchain n'a pas encore pu r\u00e9pondre aux espoirs plac\u00e9s en elle - mais une utilisation plus large dans quelques ann\u00e9es reste probable\", explique Cornelia Ritz Bossicard, pr\u00e9sidente de swissVR.<\/p>\n<h2>La num\u00e9risation est l'affaire du chef<\/h2>\n<p>Selon le swissVR Monitor, le th\u00e8me de la num\u00e9risation est clairement pilot\u00e9 par la direction de l'entreprise : les principaux moteurs sont le conseil d'administration en tant qu'organe (48%), le CEO (46%) et la direction (43%). Toutes les autres options de r\u00e9ponse ont \u00e9t\u00e9 choisies par moins de 18%. Dans quatre entreprises sur cinq (79%), la num\u00e9risation fait donc \u00e9galement partie int\u00e9grante de la strat\u00e9gie d'entreprise et moins de deux entreprises sur cinq (17%) ont une strat\u00e9gie de num\u00e9risation s\u00e9par\u00e9e. Cependant, toutes les entreprises ne r\u00e9agissent pas assez vite ou ne prennent pas assez de temps pour le sujet : un tiers indique que son entreprise r\u00e9agit trop lentement aux d\u00e9fis de la num\u00e9risation (31%) ou qu'elle ne prend pas assez de temps pour se pencher sur le sujet (33%).<\/p>\n<h2>Des conseils d'administration pragmatiques<\/h2>\n<p>Christoph Lengwiler, professeur \u00e0 l'Institut f\u00fcr Finanzdienstleistungen Zug IFZ de la Haute \u00e9cole de Lucerne et vice-pr\u00e9sident de swissVR, explique : \"Il est r\u00e9jouissant de constater que les conseils d'administration s'int\u00e9ressent de pr\u00e8s au changement num\u00e9rique, mais aussi avec le pragmatisme n\u00e9cessaire. Une transformation num\u00e9rique r\u00e9ussie n\u00e9cessite le soutien total du conseil d'administration et de la direction, sinon l'\u00e9chec est programm\u00e9. Parall\u00e8lement, il convient toutefois d'accorder suffisamment de place aux initiatives \u00e9manant des niveaux inf\u00e9rieurs de l'entreprise. Et des impulsions externes telles que des ateliers ou des formations continues ainsi que de nouveaux membres disposant de connaissances en mati\u00e8re de num\u00e9risation peuvent \u00e9galement faire avancer un conseil d'administration en mati\u00e8re de num\u00e9risation\".<\/p>\n<p><em>Plus d'informations :\u00a0<a href=\"http:\/\/www.swissvr.ch\">www.swissvr.ch<\/a><\/em><\/p>","protected":false},"excerpt":{"rendered":"<p>Digitalisierung und Automatisierung sind im laufenden Jahr die wichtigsten Themen in den Steuerungsgremien der Unternehmen in der Schweiz \u2013 das zeigt der swissVR Monitor, der von der Vereinigung swissVR zusammen mit dem Beratungsunternehmen Deloitte und der Hochschule Luzern erstellt wird. In der aktuellen Umfrage bei rund 400 Verwaltungsr\u00e4tinnen und Verwaltungsr\u00e4ten wird klar: Wenn es um [&hellip;]<\/p>\n","protected":false},"author":4,"featured_media":5729,"comment_status":"open","ping_status":"open","sticky":false,"template":"","format":"standard","meta":{"_acf_changed":false,"_yoast_wpseo_focuskw":"Verwaltungsr\u00e4te","_yoast_wpseo_metadesc":"\u00dcber vier F\u00fcnftel der befragten Verwaltungsr\u00e4te sehen in der Digitalisierung neue Gesch\u00e4ftsm\u00f6glichkeiten und Chancen f\u00fcr Umsatzwachstum.","articlekey":"","footnotes":""},"categories":[28],"tags":[156,335,459,513],"class_list":["post-5727","post","type-post","status-publish","format-standard","has-post-thumbnail","hentry","category-management","tag-digitalisierung","tag-management-und-unternehmensfuehrung","tag-studie","tag-verwaltungsraete"],"acf":[],"yoast_head":"<!-- This site is optimized with the Yoast SEO plugin v27.5 - https:\/\/yoast.com\/product\/yoast-seo-wordpress\/ -->\n<title>Verwaltungsr\u00e4te als Treiber der Digitalisierung - Organisator<\/title>\n<meta name=\"description\" content=\"\u00dcber vier F\u00fcnftel der befragten Verwaltungsr\u00e4te sehen in der Digitalisierung neue Gesch\u00e4ftsm\u00f6glichkeiten und Chancen f\u00fcr Umsatzwachstum.\" \/>\n<meta name=\"robots\" content=\"index, follow, max-snippet:-1, max-image-preview:large, max-video-preview:-1\" \/>\n<link rel=\"canonical\" href=\"https:\/\/www.organisator.ch\/fr\/gestion-2\/2019-08-26\/verwaltungsraete-als-treiber-der-digitalisierung\/\" \/>\n<meta property=\"og:locale\" content=\"fr_FR\" \/>\n<meta property=\"og:type\" content=\"article\" \/>\n<meta property=\"og:title\" content=\"Verwaltungsr\u00e4te als Treiber der Digitalisierung\" \/>\n<meta property=\"og:description\" content=\"\u00dcber vier F\u00fcnftel der befragten Verwaltungsr\u00e4te sehen in der Digitalisierung neue Gesch\u00e4ftsm\u00f6glichkeiten und Chancen f\u00fcr Umsatzwachstum.\" \/>\n<meta property=\"og:url\" content=\"https:\/\/www.organisator.ch\/fr\/gestion-2\/2019-08-26\/verwaltungsraete-als-treiber-der-digitalisierung\/\" \/>\n<meta property=\"og:site_name\" content=\"Organisator\" \/>\n<meta property=\"article:publisher\" content=\"https:\/\/www.facebook.com\/OrganisatorFachmagazin\" \/>\n<meta property=\"article:published_time\" content=\"2019-08-26T06:34:15+00:00\" \/>\n<meta property=\"og:image\" content=\"https:\/\/www.organisator.ch\/wp-content\/uploads\/2019\/08\/Verwaltungsraete-als-Treiber-der-Digitalisierung_Organisator.jpg\" \/>\n\t<meta property=\"og:image:width\" content=\"680\" \/>\n\t<meta property=\"og:image:height\" content=\"425\" \/>\n\t<meta property=\"og:image:type\" content=\"image\/jpeg\" \/>\n<meta name=\"author\" content=\"thomas.berner\" \/>\n<meta name=\"twitter:card\" content=\"summary_large_image\" \/>\n<meta name=\"twitter:title\" content=\"#Verwaltungsr\u00e4te als Treiber der #Digitalisierung\" \/>\n<meta name=\"twitter:description\" content=\"\u00dcber vier F\u00fcnftel der befragten #Verwaltungsr\u00e4te sehen in der #Digitalisierung neue Gesch\u00e4ftsm\u00f6glichkeiten und Chancen f\u00fcr Umsatzwachstum.\" \/>\n<meta name=\"twitter:image\" content=\"https:\/\/www.organisator.ch\/wp-content\/uploads\/2019\/08\/Verwaltungsr\u00e4te-als-Treiber-der-Digitalisierung_Organisator.jpg\" \/>\n<script type=\"application\/ld+json\" class=\"yoast-schema-graph\">{\"@context\":\"https:\\\/\\\/schema.org\",\"@graph\":[{\"@type\":\"Article\",\"@id\":\"https:\\\/\\\/www.organisator.ch\\\/management\\\/2019-08-26\\\/verwaltungsraete-als-treiber-der-digitalisierung\\\/#article\",\"isPartOf\":{\"@id\":\"https:\\\/\\\/www.organisator.ch\\\/management\\\/2019-08-26\\\/verwaltungsraete-als-treiber-der-digitalisierung\\\/\"},\"author\":{\"name\":\"thomas.berner\",\"@id\":\"https:\\\/\\\/www.organisator.ch\\\/#\\\/schema\\\/person\\\/6f650f90b2842cd4c0cc334b4e36f67e\"},\"headline\":\"Verwaltungsr\u00e4te als Treiber der Digitalisierung\",\"datePublished\":\"2019-08-26T06:34:15+00:00\",\"mainEntityOfPage\":{\"@id\":\"https:\\\/\\\/www.organisator.ch\\\/management\\\/2019-08-26\\\/verwaltungsraete-als-treiber-der-digitalisierung\\\/\"},\"wordCount\":809,\"commentCount\":0,\"publisher\":{\"@id\":\"https:\\\/\\\/www.organisator.ch\\\/#organization\"},\"image\":{\"@id\":\"https:\\\/\\\/www.organisator.ch\\\/management\\\/2019-08-26\\\/verwaltungsraete-als-treiber-der-digitalisierung\\\/#primaryimage\"},\"thumbnailUrl\":\"https:\\\/\\\/www.organisator.ch\\\/wp-content\\\/uploads\\\/2019\\\/08\\\/Verwaltungsraete-als-Treiber-der-Digitalisierung_Organisator.jpg\",\"keywords\":[\"Digitalisierung\",\"Management und Unternehmensf\u00fchrung\",\"Studie\",\"Verwaltungsr\u00e4te\"],\"articleSection\":[\"MANAGEMENT\"],\"inLanguage\":\"fr-FR\"},{\"@type\":\"WebPage\",\"@id\":\"https:\\\/\\\/www.organisator.ch\\\/management\\\/2019-08-26\\\/verwaltungsraete-als-treiber-der-digitalisierung\\\/\",\"url\":\"https:\\\/\\\/www.organisator.ch\\\/management\\\/2019-08-26\\\/verwaltungsraete-als-treiber-der-digitalisierung\\\/\",\"name\":\"Verwaltungsr\u00e4te als Treiber der Digitalisierung - Organisator\",\"isPartOf\":{\"@id\":\"https:\\\/\\\/www.organisator.ch\\\/#website\"},\"primaryImageOfPage\":{\"@id\":\"https:\\\/\\\/www.organisator.ch\\\/management\\\/2019-08-26\\\/verwaltungsraete-als-treiber-der-digitalisierung\\\/#primaryimage\"},\"image\":{\"@id\":\"https:\\\/\\\/www.organisator.ch\\\/management\\\/2019-08-26\\\/verwaltungsraete-als-treiber-der-digitalisierung\\\/#primaryimage\"},\"thumbnailUrl\":\"https:\\\/\\\/www.organisator.ch\\\/wp-content\\\/uploads\\\/2019\\\/08\\\/Verwaltungsraete-als-Treiber-der-Digitalisierung_Organisator.jpg\",\"datePublished\":\"2019-08-26T06:34:15+00:00\",\"description\":\"\u00dcber vier F\u00fcnftel der befragten Verwaltungsr\u00e4te sehen in der Digitalisierung neue Gesch\u00e4ftsm\u00f6glichkeiten und Chancen f\u00fcr Umsatzwachstum.\",\"breadcrumb\":{\"@id\":\"https:\\\/\\\/www.organisator.ch\\\/management\\\/2019-08-26\\\/verwaltungsraete-als-treiber-der-digitalisierung\\\/#breadcrumb\"},\"inLanguage\":\"fr-FR\",\"potentialAction\":[{\"@type\":\"ReadAction\",\"target\":[\"https:\\\/\\\/www.organisator.ch\\\/management\\\/2019-08-26\\\/verwaltungsraete-als-treiber-der-digitalisierung\\\/\"]}]},{\"@type\":\"ImageObject\",\"inLanguage\":\"fr-FR\",\"@id\":\"https:\\\/\\\/www.organisator.ch\\\/management\\\/2019-08-26\\\/verwaltungsraete-als-treiber-der-digitalisierung\\\/#primaryimage\",\"url\":\"https:\\\/\\\/www.organisator.ch\\\/wp-content\\\/uploads\\\/2019\\\/08\\\/Verwaltungsraete-als-Treiber-der-Digitalisierung_Organisator.jpg\",\"contentUrl\":\"https:\\\/\\\/www.organisator.ch\\\/wp-content\\\/uploads\\\/2019\\\/08\\\/Verwaltungsraete-als-Treiber-der-Digitalisierung_Organisator.jpg\",\"width\":680,\"height\":425,\"caption\":\"Schweizer Verwaltungsr\u00e4te treiben die Digitalisierung voran \u2013 Herausforderungen sind hohe Kosten und ethische Fragen. (Bild: Gerd Altmann \\\/ Pixabay.com)\"},{\"@type\":\"BreadcrumbList\",\"@id\":\"https:\\\/\\\/www.organisator.ch\\\/management\\\/2019-08-26\\\/verwaltungsraete-als-treiber-der-digitalisierung\\\/#breadcrumb\",\"itemListElement\":[{\"@type\":\"ListItem\",\"position\":1,\"name\":\"Home\",\"item\":\"https:\\\/\\\/www.organisator.ch\\\/\"},{\"@type\":\"ListItem\",\"position\":2,\"name\":\"Verwaltungsr\u00e4te als Treiber der Digitalisierung\"}]},{\"@type\":\"WebSite\",\"@id\":\"https:\\\/\\\/www.organisator.ch\\\/#website\",\"url\":\"https:\\\/\\\/www.organisator.ch\\\/\",\"name\":\"Organisator\",\"description\":\"Kompetent. Praxisnah. Der ORGANISATOR bereitet in 10 Ausgaben pro Jahr die wesentlichen Themen f\u00fcr F\u00fchrungskr\u00e4fte von KMU auf.\",\"publisher\":{\"@id\":\"https:\\\/\\\/www.organisator.ch\\\/#organization\"},\"potentialAction\":[{\"@type\":\"SearchAction\",\"target\":{\"@type\":\"EntryPoint\",\"urlTemplate\":\"https:\\\/\\\/www.organisator.ch\\\/?s={search_term_string}\"},\"query-input\":{\"@type\":\"PropertyValueSpecification\",\"valueRequired\":true,\"valueName\":\"search_term_string\"}}],\"inLanguage\":\"fr-FR\"},{\"@type\":\"Organization\",\"@id\":\"https:\\\/\\\/www.organisator.ch\\\/#organization\",\"name\":\"Organisator\",\"url\":\"https:\\\/\\\/www.organisator.ch\\\/\",\"logo\":{\"@type\":\"ImageObject\",\"inLanguage\":\"fr-FR\",\"@id\":\"https:\\\/\\\/www.organisator.ch\\\/#\\\/schema\\\/logo\\\/image\\\/\",\"url\":\"https:\\\/\\\/www.organisator.ch\\\/wp-content\\\/uploads\\\/2022\\\/01\\\/Logo_Organisator_Website.png\",\"contentUrl\":\"https:\\\/\\\/www.organisator.ch\\\/wp-content\\\/uploads\\\/2022\\\/01\\\/Logo_Organisator_Website.png\",\"width\":800,\"height\":77,\"caption\":\"Organisator\"},\"image\":{\"@id\":\"https:\\\/\\\/www.organisator.ch\\\/#\\\/schema\\\/logo\\\/image\\\/\"},\"sameAs\":[\"https:\\\/\\\/www.facebook.com\\\/OrganisatorFachmagazin\",\"https:\\\/\\\/www.linkedin.com\\\/showcase\\\/organisator-das-magazin-fr-kmu\",\"https:\\\/\\\/www.xing.com\\\/news\\\/pages\\\/organisator-ch-695\",\"https:\\\/\\\/www.youtube.com\\\/channel\\\/UCGP2Sq0iWaZwT3BdIAQFYpw\"]},{\"@type\":\"Person\",\"@id\":\"https:\\\/\\\/www.organisator.ch\\\/#\\\/schema\\\/person\\\/6f650f90b2842cd4c0cc334b4e36f67e\",\"name\":\"thomas.berner\",\"image\":{\"@type\":\"ImageObject\",\"inLanguage\":\"fr-FR\",\"@id\":\"https:\\\/\\\/secure.gravatar.com\\\/avatar\\\/ac5001d2a36cb6c6cd3e50789007ffca834b477b74a2144564522e944eabff61?s=96&d=mm&r=g\",\"url\":\"https:\\\/\\\/secure.gravatar.com\\\/avatar\\\/ac5001d2a36cb6c6cd3e50789007ffca834b477b74a2144564522e944eabff61?s=96&d=mm&r=g\",\"contentUrl\":\"https:\\\/\\\/secure.gravatar.com\\\/avatar\\\/ac5001d2a36cb6c6cd3e50789007ffca834b477b74a2144564522e944eabff61?s=96&d=mm&r=g\",\"caption\":\"thomas.berner\"},\"url\":\"https:\\\/\\\/www.organisator.ch\\\/fr\\\/author\\\/thomas-berner\\\/\"}]}<\/script>\n<!-- \/ Yoast SEO plugin. -->","yoast_head_json":{"title":"Les conseils d'administration, moteurs de la num\u00e9risation - Organisateur","description":"Plus de quatre cinqui\u00e8mes des conseils d'administration interrog\u00e9s voient dans la num\u00e9risation de nouvelles opportunit\u00e9s commerciales et des chances de croissance du chiffre d'affaires.","robots":{"index":"index","follow":"follow","max-snippet":"max-snippet:-1","max-image-preview":"max-image-preview:large","max-video-preview":"max-video-preview:-1"},"canonical":"https:\/\/www.organisator.ch\/fr\/gestion-2\/2019-08-26\/verwaltungsraete-als-treiber-der-digitalisierung\/","og_locale":"fr_FR","og_type":"article","og_title":"Verwaltungsr\u00e4te als Treiber der Digitalisierung","og_description":"\u00dcber vier F\u00fcnftel der befragten Verwaltungsr\u00e4te sehen in der Digitalisierung neue Gesch\u00e4ftsm\u00f6glichkeiten und Chancen f\u00fcr Umsatzwachstum.","og_url":"https:\/\/www.organisator.ch\/fr\/gestion-2\/2019-08-26\/verwaltungsraete-als-treiber-der-digitalisierung\/","og_site_name":"Organisator","article_publisher":"https:\/\/www.facebook.com\/OrganisatorFachmagazin","article_published_time":"2019-08-26T06:34:15+00:00","og_image":[{"width":680,"height":425,"url":"https:\/\/www.organisator.ch\/wp-content\/uploads\/2019\/08\/Verwaltungsraete-als-Treiber-der-Digitalisierung_Organisator.jpg","type":"image\/jpeg"}],"author":"thomas.berner","twitter_card":"summary_large_image","twitter_title":"#Verwaltungsr\u00e4te als Treiber der #Digitalisierung","twitter_description":"\u00dcber vier F\u00fcnftel der befragten #Verwaltungsr\u00e4te sehen in der #Digitalisierung neue Gesch\u00e4ftsm\u00f6glichkeiten und Chancen f\u00fcr Umsatzwachstum.","twitter_image":"https:\/\/www.organisator.ch\/wp-content\/uploads\/2019\/08\/Verwaltungsr\u00e4te-als-Treiber-der-Digitalisierung_Organisator.jpg","schema":{"@context":"https:\/\/schema.org","@graph":[{"@type":"Article","@id":"https:\/\/www.organisator.ch\/management\/2019-08-26\/verwaltungsraete-als-treiber-der-digitalisierung\/#article","isPartOf":{"@id":"https:\/\/www.organisator.ch\/management\/2019-08-26\/verwaltungsraete-als-treiber-der-digitalisierung\/"},"author":{"name":"thomas.berner","@id":"https:\/\/www.organisator.ch\/#\/schema\/person\/6f650f90b2842cd4c0cc334b4e36f67e"},"headline":"Verwaltungsr\u00e4te als Treiber der Digitalisierung","datePublished":"2019-08-26T06:34:15+00:00","mainEntityOfPage":{"@id":"https:\/\/www.organisator.ch\/management\/2019-08-26\/verwaltungsraete-als-treiber-der-digitalisierung\/"},"wordCount":809,"commentCount":0,"publisher":{"@id":"https:\/\/www.organisator.ch\/#organization"},"image":{"@id":"https:\/\/www.organisator.ch\/management\/2019-08-26\/verwaltungsraete-als-treiber-der-digitalisierung\/#primaryimage"},"thumbnailUrl":"https:\/\/www.organisator.ch\/wp-content\/uploads\/2019\/08\/Verwaltungsraete-als-Treiber-der-Digitalisierung_Organisator.jpg","keywords":["Digitalisierung","Management und Unternehmensf\u00fchrung","Studie","Verwaltungsr\u00e4te"],"articleSection":["MANAGEMENT"],"inLanguage":"fr-FR"},{"@type":"WebPage","@id":"https:\/\/www.organisator.ch\/management\/2019-08-26\/verwaltungsraete-als-treiber-der-digitalisierung\/","url":"https:\/\/www.organisator.ch\/management\/2019-08-26\/verwaltungsraete-als-treiber-der-digitalisierung\/","name":"Les conseils d'administration, moteurs de la num\u00e9risation - Organisateur","isPartOf":{"@id":"https:\/\/www.organisator.ch\/#website"},"primaryImageOfPage":{"@id":"https:\/\/www.organisator.ch\/management\/2019-08-26\/verwaltungsraete-als-treiber-der-digitalisierung\/#primaryimage"},"image":{"@id":"https:\/\/www.organisator.ch\/management\/2019-08-26\/verwaltungsraete-als-treiber-der-digitalisierung\/#primaryimage"},"thumbnailUrl":"https:\/\/www.organisator.ch\/wp-content\/uploads\/2019\/08\/Verwaltungsraete-als-Treiber-der-Digitalisierung_Organisator.jpg","datePublished":"2019-08-26T06:34:15+00:00","description":"Plus de quatre cinqui\u00e8mes des conseils d'administration interrog\u00e9s voient dans la num\u00e9risation de nouvelles opportunit\u00e9s commerciales et des chances de croissance du chiffre d'affaires.","breadcrumb":{"@id":"https:\/\/www.organisator.ch\/management\/2019-08-26\/verwaltungsraete-als-treiber-der-digitalisierung\/#breadcrumb"},"inLanguage":"fr-FR","potentialAction":[{"@type":"ReadAction","target":["https:\/\/www.organisator.ch\/management\/2019-08-26\/verwaltungsraete-als-treiber-der-digitalisierung\/"]}]},{"@type":"ImageObject","inLanguage":"fr-FR","@id":"https:\/\/www.organisator.ch\/management\/2019-08-26\/verwaltungsraete-als-treiber-der-digitalisierung\/#primaryimage","url":"https:\/\/www.organisator.ch\/wp-content\/uploads\/2019\/08\/Verwaltungsraete-als-Treiber-der-Digitalisierung_Organisator.jpg","contentUrl":"https:\/\/www.organisator.ch\/wp-content\/uploads\/2019\/08\/Verwaltungsraete-als-Treiber-der-Digitalisierung_Organisator.jpg","width":680,"height":425,"caption":"Schweizer Verwaltungsr\u00e4te treiben die Digitalisierung voran \u2013 Herausforderungen sind hohe Kosten und ethische Fragen. (Bild: Gerd Altmann \/ Pixabay.com)"},{"@type":"BreadcrumbList","@id":"https:\/\/www.organisator.ch\/management\/2019-08-26\/verwaltungsraete-als-treiber-der-digitalisierung\/#breadcrumb","itemListElement":[{"@type":"ListItem","position":1,"name":"Home","item":"https:\/\/www.organisator.ch\/"},{"@type":"ListItem","position":2,"name":"Verwaltungsr\u00e4te als Treiber der Digitalisierung"}]},{"@type":"WebSite","@id":"https:\/\/www.organisator.ch\/#website","url":"https:\/\/www.organisator.ch\/","name":"Organisateur","description":"Comp\u00e9tence et comp\u00e9tence. Proches de la pratique. L'ORGANISATEUR pr\u00e9pare 10 num\u00e9ros par an sur les th\u00e8mes essentiels pour les dirigeants de PME.","publisher":{"@id":"https:\/\/www.organisator.ch\/#organization"},"potentialAction":[{"@type":"SearchAction","target":{"@type":"EntryPoint","urlTemplate":"https:\/\/www.organisator.ch\/?s={search_term_string}"},"query-input":{"@type":"PropertyValueSpecification","valueRequired":true,"valueName":"search_term_string"}}],"inLanguage":"fr-FR"},{"@type":"Organization","@id":"https:\/\/www.organisator.ch\/#organization","name":"Organisateur","url":"https:\/\/www.organisator.ch\/","logo":{"@type":"ImageObject","inLanguage":"fr-FR","@id":"https:\/\/www.organisator.ch\/#\/schema\/logo\/image\/","url":"https:\/\/www.organisator.ch\/wp-content\/uploads\/2022\/01\/Logo_Organisator_Website.png","contentUrl":"https:\/\/www.organisator.ch\/wp-content\/uploads\/2022\/01\/Logo_Organisator_Website.png","width":800,"height":77,"caption":"Organisator"},"image":{"@id":"https:\/\/www.organisator.ch\/#\/schema\/logo\/image\/"},"sameAs":["https:\/\/www.facebook.com\/OrganisatorFachmagazin","https:\/\/www.linkedin.com\/showcase\/organisator-das-magazin-fr-kmu","https:\/\/www.xing.com\/news\/pages\/organisator-ch-695","https:\/\/www.youtube.com\/channel\/UCGP2Sq0iWaZwT3BdIAQFYpw"]},{"@type":"Person","@id":"https:\/\/www.organisator.ch\/#\/schema\/person\/6f650f90b2842cd4c0cc334b4e36f67e","name":"thomas.berner","image":{"@type":"ImageObject","inLanguage":"fr-FR","@id":"https:\/\/secure.gravatar.com\/avatar\/ac5001d2a36cb6c6cd3e50789007ffca834b477b74a2144564522e944eabff61?s=96&d=mm&r=g","url":"https:\/\/secure.gravatar.com\/avatar\/ac5001d2a36cb6c6cd3e50789007ffca834b477b74a2144564522e944eabff61?s=96&d=mm&r=g","contentUrl":"https:\/\/secure.gravatar.com\/avatar\/ac5001d2a36cb6c6cd3e50789007ffca834b477b74a2144564522e944eabff61?s=96&d=mm&r=g","caption":"thomas.berner"},"url":"https:\/\/www.organisator.ch\/fr\/author\/thomas-berner\/"}]}},"_links":{"self":[{"href":"https:\/\/www.organisator.ch\/fr\/wp-json\/wp\/v2\/posts\/5727","targetHints":{"allow":["GET"]}}],"collection":[{"href":"https:\/\/www.organisator.ch\/fr\/wp-json\/wp\/v2\/posts"}],"about":[{"href":"https:\/\/www.organisator.ch\/fr\/wp-json\/wp\/v2\/types\/post"}],"author":[{"embeddable":true,"href":"https:\/\/www.organisator.ch\/fr\/wp-json\/wp\/v2\/users\/4"}],"replies":[{"embeddable":true,"href":"https:\/\/www.organisator.ch\/fr\/wp-json\/wp\/v2\/comments?post=5727"}],"version-history":[{"count":0,"href":"https:\/\/www.organisator.ch\/fr\/wp-json\/wp\/v2\/posts\/5727\/revisions"}],"wp:featuredmedia":[{"embeddable":true,"href":"https:\/\/www.organisator.ch\/fr\/wp-json\/wp\/v2\/media\/5729"}],"wp:attachment":[{"href":"https:\/\/www.organisator.ch\/fr\/wp-json\/wp\/v2\/media?parent=5727"}],"wp:term":[{"taxonomy":"category","embeddable":true,"href":"https:\/\/www.organisator.ch\/fr\/wp-json\/wp\/v2\/categories?post=5727"},{"taxonomy":"post_tag","embeddable":true,"href":"https:\/\/www.organisator.ch\/fr\/wp-json\/wp\/v2\/tags?post=5727"}],"curies":[{"name":"wp","href":"https:\/\/api.w.org\/{rel}","templated":true}]}}