{"id":5742,"date":"2019-08-30T08:15:07","date_gmt":"2019-08-30T06:15:07","guid":{"rendered":"https:\/\/www.organisator.ch\/?p=5742"},"modified":"2019-08-30T08:15:07","modified_gmt":"2019-08-30T06:15:07","slug":"snv-1980-1990-lange-nicht-geschnallt-die-gurtentragpflicht-bringt-sicherheit","status":"publish","type":"post","link":"https:\/\/www.organisator.ch\/fr\/allgemein\/2019-08-30\/snv-1980-1990-lange-nicht-geschnallt-die-gurtentragpflicht-bringt-sicherheit\/","title":{"rendered":"SNV 1980-1990 : \"Longtemps sans ceinture\" - Le port obligatoire de la ceinture apporte la s\u00e9curit\u00e9"},"content":{"rendered":"<figure id=\"attachment_5743\" aria-describedby=\"caption-attachment-5743\" style=\"width: 680px\" class=\"wp-caption alignnone\"><img loading=\"lazy\" decoding=\"async\" class=\"size-medium wp-image-5743\" src=\"https:\/\/www.organisator.ch\/wp-content\/uploads\/2019\/08\/SNV-1980\u20131990-Lange-nicht-geschnallt-Die-Gurtentragpflicht-bringt-Sicherheit_Organisator.jpg\" alt=\"\" width=\"680\" height=\"453\" srcset=\"https:\/\/www.organisator.ch\/wp-content\/uploads\/2019\/08\/SNV-1980\u20131990-Lange-nicht-geschnallt-Die-Gurtentragpflicht-bringt-Sicherheit_Organisator.jpg 680w, https:\/\/www.organisator.ch\/wp-content\/uploads\/2019\/08\/SNV-1980\u20131990-Lange-nicht-geschnallt-Die-Gurtentragpflicht-bringt-Sicherheit_Organisator-16x12.jpg 16w, https:\/\/www.organisator.ch\/wp-content\/uploads\/2019\/08\/SNV-1980\u20131990-Lange-nicht-geschnallt-Die-Gurtentragpflicht-bringt-Sicherheit_Organisator-263x175.jpg 263w, https:\/\/www.organisator.ch\/wp-content\/uploads\/2019\/08\/SNV-1980\u20131990-Lange-nicht-geschnallt-Die-Gurtentragpflicht-bringt-Sicherheit_Organisator-525x350.jpg 525w, https:\/\/www.organisator.ch\/wp-content\/uploads\/2019\/08\/SNV-1980\u20131990-Lange-nicht-geschnallt-Die-Gurtentragpflicht-bringt-Sicherheit_Organisator-300x200.jpg 300w\" sizes=\"auto, (max-width: 680px) 100vw, 680px\" \/><figcaption id=\"caption-attachment-5743\" class=\"wp-caption-text\">Les normes internationales r\u00e9glementent l'allongement du mat\u00e9riau de la sangle \u00e0 une force de traction de 11kN ainsi que la r\u00e9sistance \u00e0 la rupture de la sangle (ECE R-16). (Image : Pixabay.com)<\/figcaption><\/figure>\n<p>La n\u00e9cessit\u00e9 de la ceinture de s\u00e9curit\u00e9 n'est pas reconnue comme telle d\u00e8s le d\u00e9but et son histoire est donc longue, puisqu'elle dure jusque dans les ann\u00e9es 80 ! Plus de 20 ans s'\u00e9coulent entre son invention et son introduction en Suisse. D\u00e8s 1959, la ceinture de s\u00e9curit\u00e9 est fabriqu\u00e9e en s\u00e9rie sur un mod\u00e8le Volvo. En 1976, le Conseil f\u00e9d\u00e9ral d\u00e9cide par ordonnance de rendre le port de la ceinture obligatoire en Suisse, mais le Tribunal f\u00e9d\u00e9ral annule l'obligation en raison d'un litige. Il faudra encore cinq ans pour que, apr\u00e8s la r\u00e9vision de la loi sur la circulation routi\u00e8re et une votation populaire f\u00e9d\u00e9rale, la loi soit accept\u00e9e de justesse par le peuple et introduite \u00e0 partir de juillet 1981.<\/p>\n<h2>Le long chemin vers le port obligatoire de la ceinture de s\u00e9curit\u00e9<\/h2>\n<p>Aujourd'hui, l'obligation de porter la ceinture de s\u00e9curit\u00e9 fait partie des \u00e9vidences pour la plupart des gens en Suisse. Les ceintures de s\u00e9curit\u00e9 contribuent chaque jour de mani\u00e8re indispensable \u00e0 notre s\u00e9curit\u00e9 et sont largement reconnues depuis leur introduction l\u00e9gale dans les ann\u00e9es 80. Pour que les ceintures de s\u00e9curit\u00e9 r\u00e9pondent aux exigences complexes en mati\u00e8re de s\u00e9curit\u00e9, elles ont \u00e9galement \u00e9t\u00e9 discut\u00e9es et standardis\u00e9es dans le cadre du travail de normalisation international. Les ann\u00e9es 1980 n'augmentent pas seulement la s\u00e9curit\u00e9 routi\u00e8re avec le port obligatoire de la ceinture, c'est aussi l'\u00e9poque o\u00f9 le syst\u00e8me d'airbag, \u00e9galement une invention des ann\u00e9es 1950, trouve ses premi\u00e8res voies importantes dans la construction automobile (ISO 12097-1).<\/p>\n<h2><strong>Les ann\u00e9es 1980 : la naissance de l'\u00e8re de l'information<\/strong><\/h2>\n<p>Le d\u00e9but de l'\u00e8re de l'information est dat\u00e9 du d\u00e9but des ann\u00e9es 1980. La technologie informatique fait de grands progr\u00e8s, IBM lance le premier ordinateur personnel et les gens s'arrachent les nouvelles inventions comme les r\u00e9pondeurs t\u00e9l\u00e9phoniques, les fours \u00e0 micro-ondes et les lecteurs de CD. Le nouveau support sonore Compact Disc (CD) supplantera le disque vinyle d'ici la fin de la d\u00e9cennie et s'imposera comme une nouvelle technologie (SN EN 60908). Le protocole Internet TCP\/IP se r\u00e9pand \u00e9galement dans le monde entier et devient la norme en mati\u00e8re de mise en r\u00e9seau (SN EN 62457).<\/p>\n<h2><strong>Des aides invisibles assurent la s\u00e9curit\u00e9 et une interaction sans faille au quotidien<\/strong><\/h2>\n<p>De la m\u00eame mani\u00e8re que nous comptons aujourd'hui sur la s\u00e9curit\u00e9 des ceintures de s\u00e9curit\u00e9 en voiture pour nous attacher, nous utilisons chaque jour d'innombrables objets qui ne nous garantissent une s\u00e9curit\u00e9 et une facilit\u00e9 d'utilisation absolument inaper\u00e7ues que gr\u00e2ce \u00e0 des r\u00e9glementations, des proc\u00e9dures et des processus standardis\u00e9s.<\/p>\n<figure id=\"attachment_5744\" aria-describedby=\"caption-attachment-5744\" style=\"width: 680px\" class=\"wp-caption alignnone\"><img loading=\"lazy\" decoding=\"async\" class=\"size-medium wp-image-5744\" src=\"https:\/\/www.organisator.ch\/wp-content\/uploads\/2019\/08\/SNV-1980-1990-Lange-nicht-geschnallt-Die-Gurtentragpflicht-bringt-Sicherheit-2_Organisator.jpg\" alt=\"\" width=\"680\" height=\"454\" srcset=\"\" sizes=\"auto, (max-width: 680px) 100vw, 680px\" data-srcset=\"\" \/><figcaption id=\"caption-attachment-5744\" class=\"wp-caption-text\">Parking non normalis\u00e9 avec des espaces de stationnement de tailles et de formes diff\u00e9rentes (source : Standards Norway)<\/figcaption><\/figure>\n<p><em>Sources : Wikipedia, <a href=\"http:\/\/www.bfu.ch\">Bfu.ch<\/a>ISO, Commission allemande pour l'\u00e9lectrotechnique, l'\u00e9lectronique et la technologie de l'information (DKE)<\/em><\/p>","protected":false},"excerpt":{"rendered":"<p>Die Notwendigkeit des Sicherheitsgurtes wird nicht von Anfang an als solche erkannt und entsprechend lang ist seine Geschichte, die bis in die 80er Jahre dauert! Von seiner Erfindung bis zur Einf\u00fchrung vergehen in der Schweiz \u00fcber 20 Jahre. Bereits im Jahr 1959 geht der Sicherheitsgurt mit einem Volvo-Modell in Serie. 1976 beschliesst der Bundesrat in [&hellip;]<\/p>\n","protected":false},"author":4,"featured_media":5743,"comment_status":"open","ping_status":"open","sticky":false,"template":"","format":"standard","meta":{"_acf_changed":false,"_yoast_wpseo_focuskw":"Gurtentragpflicht","_yoast_wpseo_metadesc":"Heute ist die Gurtentragpflicht eine Selbstverst\u00e4ndlichkeit, bis zu ihrer gesetzlichen Einf\u00fchrung wurde allerdings lange diskutiert und argumentiert.","articlekey":"","footnotes":""},"categories":[1],"tags":[292,364,434,503],"class_list":["post-5742","post","type-post","status-publish","format-standard","has-post-thumbnail","hentry","category-allgemein","tag-jubilaeum","tag-normenstandards","tag-sicherheit","tag-verbaende"],"acf":[],"yoast_head":"<!-- This site is optimized with the Yoast SEO plugin v27.4 - https:\/\/yoast.com\/product\/yoast-seo-wordpress\/ -->\n<title>SNV 1980\u20131990: \u00abLange nicht geschnallt\u00bb \u2013 Die Gurtentragpflicht bringt Sicherheit - Organisator<\/title>\n<meta name=\"description\" content=\"Heute ist die Gurtentragpflicht eine Selbstverst\u00e4ndlichkeit, bis zu ihrer gesetzlichen Einf\u00fchrung wurde allerdings lange diskutiert und argumentiert.\" \/>\n<meta name=\"robots\" content=\"index, follow, max-snippet:-1, max-image-preview:large, max-video-preview:-1\" \/>\n<link rel=\"canonical\" href=\"https:\/\/www.organisator.ch\/fr\/general\/2019-08-30\/snv-1980-1990-lange-nicht-geschnallt-die-gurtentragpflicht-bringt-sicherheit\/\" \/>\n<meta property=\"og:locale\" content=\"fr_FR\" \/>\n<meta property=\"og:type\" content=\"article\" \/>\n<meta property=\"og:title\" content=\"SNV 1980\u20131990: \u00abLange nicht geschnallt\u00bb \u2013 Die Gurtentragpflicht bringt Sicherheit\" \/>\n<meta property=\"og:description\" content=\"Heute ist die Gurtentragpflicht eine Selbstverst\u00e4ndlichkeit, bis zu ihrer gesetzlichen Einf\u00fchrung wurde allerdings lange diskutiert und argumentiert.\" \/>\n<meta property=\"og:url\" content=\"https:\/\/www.organisator.ch\/fr\/general\/2019-08-30\/snv-1980-1990-lange-nicht-geschnallt-die-gurtentragpflicht-bringt-sicherheit\/\" \/>\n<meta property=\"og:site_name\" content=\"Organisator\" \/>\n<meta property=\"article:publisher\" content=\"https:\/\/www.facebook.com\/OrganisatorFachmagazin\" \/>\n<meta property=\"article:published_time\" content=\"2019-08-30T06:15:07+00:00\" \/>\n<meta property=\"og:image\" content=\"https:\/\/www.organisator.ch\/wp-content\/uploads\/2019\/08\/SNV-1980\u20131990-Lange-nicht-geschnallt-Die-Gurtentragpflicht-bringt-Sicherheit-2_Organisator.jpg\" \/>\n\t<meta property=\"og:image:width\" content=\"680\" \/>\n\t<meta property=\"og:image:height\" content=\"454\" \/>\n\t<meta property=\"og:image:type\" content=\"image\/jpeg\" \/>\n<meta name=\"author\" content=\"thomas.berner\" \/>\n<meta name=\"twitter:card\" content=\"summary_large_image\" \/>\n<meta name=\"twitter:title\" content=\"SNV 1980\u20131990: \u00abLange nicht geschnallt\u00bb \u2013 Die #Gurtentragpflicht bringt Sicherheit\" \/>\n<meta name=\"twitter:description\" content=\"Heute ist die #Gurtentragpflicht eine Selbstverst\u00e4ndlichkeit, bis zu ihrer gesetzlichen Einf\u00fchrung wurde allerdings lange diskutiert und argumentiert.\" \/>\n<meta name=\"twitter:image\" content=\"https:\/\/www.organisator.ch\/wp-content\/uploads\/2019\/08\/SNV-1980\u20131990-Lange-nicht-geschnallt-Die-Gurtentragpflicht-bringt-Sicherheit-2_Organisator.jpg\" \/>\n<script type=\"application\/ld+json\" class=\"yoast-schema-graph\">{\"@context\":\"https:\\\/\\\/schema.org\",\"@graph\":[{\"@type\":\"Article\",\"@id\":\"https:\\\/\\\/www.organisator.ch\\\/it\\\/generale\\\/2019-08-30\\\/snv-1980-1990-lange-nicht-geschnallt-die-gurtentragpflicht-bringt-sicherheit\\\/#article\",\"isPartOf\":{\"@id\":\"https:\\\/\\\/www.organisator.ch\\\/it\\\/generale\\\/2019-08-30\\\/snv-1980-1990-lange-nicht-geschnallt-die-gurtentragpflicht-bringt-sicherheit\\\/\"},\"author\":{\"name\":\"thomas.berner\",\"@id\":\"https:\\\/\\\/www.organisator.ch\\\/#\\\/schema\\\/person\\\/6f650f90b2842cd4c0cc334b4e36f67e\"},\"headline\":\"SNV 1980\u20131990: \u00abLange nicht geschnallt\u00bb \u2013 Die Gurtentragpflicht bringt Sicherheit\",\"datePublished\":\"2019-08-30T06:15:07+00:00\",\"mainEntityOfPage\":{\"@id\":\"https:\\\/\\\/www.organisator.ch\\\/it\\\/generale\\\/2019-08-30\\\/snv-1980-1990-lange-nicht-geschnallt-die-gurtentragpflicht-bringt-sicherheit\\\/\"},\"wordCount\":399,\"commentCount\":0,\"publisher\":{\"@id\":\"https:\\\/\\\/www.organisator.ch\\\/#organization\"},\"image\":{\"@id\":\"https:\\\/\\\/www.organisator.ch\\\/it\\\/generale\\\/2019-08-30\\\/snv-1980-1990-lange-nicht-geschnallt-die-gurtentragpflicht-bringt-sicherheit\\\/#primaryimage\"},\"thumbnailUrl\":\"https:\\\/\\\/www.organisator.ch\\\/wp-content\\\/uploads\\\/2019\\\/08\\\/SNV-1980\u20131990-Lange-nicht-geschnallt-Die-Gurtentragpflicht-bringt-Sicherheit_Organisator.jpg\",\"keywords\":[\"Jubil\u00e4um\",\"Normen\\\/Standards\",\"Sicherheit\",\"Verb\u00e4nde\"],\"articleSection\":[\"Allgemein\"],\"inLanguage\":\"fr-FR\"},{\"@type\":\"WebPage\",\"@id\":\"https:\\\/\\\/www.organisator.ch\\\/it\\\/generale\\\/2019-08-30\\\/snv-1980-1990-lange-nicht-geschnallt-die-gurtentragpflicht-bringt-sicherheit\\\/\",\"url\":\"https:\\\/\\\/www.organisator.ch\\\/it\\\/generale\\\/2019-08-30\\\/snv-1980-1990-lange-nicht-geschnallt-die-gurtentragpflicht-bringt-sicherheit\\\/\",\"name\":\"SNV 1980\u20131990: \u00abLange nicht geschnallt\u00bb \u2013 Die Gurtentragpflicht bringt Sicherheit - Organisator\",\"isPartOf\":{\"@id\":\"https:\\\/\\\/www.organisator.ch\\\/#website\"},\"primaryImageOfPage\":{\"@id\":\"https:\\\/\\\/www.organisator.ch\\\/it\\\/generale\\\/2019-08-30\\\/snv-1980-1990-lange-nicht-geschnallt-die-gurtentragpflicht-bringt-sicherheit\\\/#primaryimage\"},\"image\":{\"@id\":\"https:\\\/\\\/www.organisator.ch\\\/it\\\/generale\\\/2019-08-30\\\/snv-1980-1990-lange-nicht-geschnallt-die-gurtentragpflicht-bringt-sicherheit\\\/#primaryimage\"},\"thumbnailUrl\":\"https:\\\/\\\/www.organisator.ch\\\/wp-content\\\/uploads\\\/2019\\\/08\\\/SNV-1980\u20131990-Lange-nicht-geschnallt-Die-Gurtentragpflicht-bringt-Sicherheit_Organisator.jpg\",\"datePublished\":\"2019-08-30T06:15:07+00:00\",\"description\":\"Heute ist die Gurtentragpflicht eine Selbstverst\u00e4ndlichkeit, bis zu ihrer gesetzlichen Einf\u00fchrung wurde allerdings lange diskutiert und argumentiert.\",\"breadcrumb\":{\"@id\":\"https:\\\/\\\/www.organisator.ch\\\/it\\\/generale\\\/2019-08-30\\\/snv-1980-1990-lange-nicht-geschnallt-die-gurtentragpflicht-bringt-sicherheit\\\/#breadcrumb\"},\"inLanguage\":\"fr-FR\",\"potentialAction\":[{\"@type\":\"ReadAction\",\"target\":[\"https:\\\/\\\/www.organisator.ch\\\/it\\\/generale\\\/2019-08-30\\\/snv-1980-1990-lange-nicht-geschnallt-die-gurtentragpflicht-bringt-sicherheit\\\/\"]}]},{\"@type\":\"ImageObject\",\"inLanguage\":\"fr-FR\",\"@id\":\"https:\\\/\\\/www.organisator.ch\\\/it\\\/generale\\\/2019-08-30\\\/snv-1980-1990-lange-nicht-geschnallt-die-gurtentragpflicht-bringt-sicherheit\\\/#primaryimage\",\"url\":\"https:\\\/\\\/www.organisator.ch\\\/wp-content\\\/uploads\\\/2019\\\/08\\\/SNV-1980\u20131990-Lange-nicht-geschnallt-Die-Gurtentragpflicht-bringt-Sicherheit_Organisator.jpg\",\"contentUrl\":\"https:\\\/\\\/www.organisator.ch\\\/wp-content\\\/uploads\\\/2019\\\/08\\\/SNV-1980\u20131990-Lange-nicht-geschnallt-Die-Gurtentragpflicht-bringt-Sicherheit_Organisator.jpg\",\"width\":680,\"height\":453,\"caption\":\"Internationale Normen regeln die Dehnung des Gurtbandmaterials bei einer Zugkraft von 11kN sowie die Bruchfestigkeit des Gurtbandes (ECE R-16). (Bild: Pixabay.com)\"},{\"@type\":\"BreadcrumbList\",\"@id\":\"https:\\\/\\\/www.organisator.ch\\\/it\\\/generale\\\/2019-08-30\\\/snv-1980-1990-lange-nicht-geschnallt-die-gurtentragpflicht-bringt-sicherheit\\\/#breadcrumb\",\"itemListElement\":[{\"@type\":\"ListItem\",\"position\":1,\"name\":\"Home\",\"item\":\"https:\\\/\\\/www.organisator.ch\\\/\"},{\"@type\":\"ListItem\",\"position\":2,\"name\":\"SNV 1980\u20131990: \u00abLange nicht geschnallt\u00bb \u2013 Die Gurtentragpflicht bringt Sicherheit\"}]},{\"@type\":\"WebSite\",\"@id\":\"https:\\\/\\\/www.organisator.ch\\\/#website\",\"url\":\"https:\\\/\\\/www.organisator.ch\\\/\",\"name\":\"Organisator\",\"description\":\"Kompetent. Praxisnah. Der ORGANISATOR bereitet in 10 Ausgaben pro Jahr die wesentlichen Themen f\u00fcr F\u00fchrungskr\u00e4fte von KMU auf.\",\"publisher\":{\"@id\":\"https:\\\/\\\/www.organisator.ch\\\/#organization\"},\"potentialAction\":[{\"@type\":\"SearchAction\",\"target\":{\"@type\":\"EntryPoint\",\"urlTemplate\":\"https:\\\/\\\/www.organisator.ch\\\/?s={search_term_string}\"},\"query-input\":{\"@type\":\"PropertyValueSpecification\",\"valueRequired\":true,\"valueName\":\"search_term_string\"}}],\"inLanguage\":\"fr-FR\"},{\"@type\":\"Organization\",\"@id\":\"https:\\\/\\\/www.organisator.ch\\\/#organization\",\"name\":\"Organisator\",\"url\":\"https:\\\/\\\/www.organisator.ch\\\/\",\"logo\":{\"@type\":\"ImageObject\",\"inLanguage\":\"fr-FR\",\"@id\":\"https:\\\/\\\/www.organisator.ch\\\/#\\\/schema\\\/logo\\\/image\\\/\",\"url\":\"https:\\\/\\\/www.organisator.ch\\\/wp-content\\\/uploads\\\/2022\\\/01\\\/Logo_Organisator_Website.png\",\"contentUrl\":\"https:\\\/\\\/www.organisator.ch\\\/wp-content\\\/uploads\\\/2022\\\/01\\\/Logo_Organisator_Website.png\",\"width\":800,\"height\":77,\"caption\":\"Organisator\"},\"image\":{\"@id\":\"https:\\\/\\\/www.organisator.ch\\\/#\\\/schema\\\/logo\\\/image\\\/\"},\"sameAs\":[\"https:\\\/\\\/www.facebook.com\\\/OrganisatorFachmagazin\",\"https:\\\/\\\/www.linkedin.com\\\/showcase\\\/organisator-das-magazin-fr-kmu\",\"https:\\\/\\\/www.xing.com\\\/news\\\/pages\\\/organisator-ch-695\",\"https:\\\/\\\/www.youtube.com\\\/channel\\\/UCGP2Sq0iWaZwT3BdIAQFYpw\"]},{\"@type\":\"Person\",\"@id\":\"https:\\\/\\\/www.organisator.ch\\\/#\\\/schema\\\/person\\\/6f650f90b2842cd4c0cc334b4e36f67e\",\"name\":\"thomas.berner\",\"image\":{\"@type\":\"ImageObject\",\"inLanguage\":\"fr-FR\",\"@id\":\"https:\\\/\\\/secure.gravatar.com\\\/avatar\\\/ac5001d2a36cb6c6cd3e50789007ffca834b477b74a2144564522e944eabff61?s=96&d=mm&r=g\",\"url\":\"https:\\\/\\\/secure.gravatar.com\\\/avatar\\\/ac5001d2a36cb6c6cd3e50789007ffca834b477b74a2144564522e944eabff61?s=96&d=mm&r=g\",\"contentUrl\":\"https:\\\/\\\/secure.gravatar.com\\\/avatar\\\/ac5001d2a36cb6c6cd3e50789007ffca834b477b74a2144564522e944eabff61?s=96&d=mm&r=g\",\"caption\":\"thomas.berner\"},\"url\":\"https:\\\/\\\/www.organisator.ch\\\/fr\\\/author\\\/thomas-berner\\\/\"}]}<\/script>\n<!-- \/ Yoast SEO plugin. -->","yoast_head_json":{"title":"SNV 1980-1990 : \"Longtemps sans ceinture\" - Le port obligatoire de la ceinture apporte la s\u00e9curit\u00e9 - Organisateur","description":"Aujourd'hui, le port obligatoire de la ceinture de s\u00e9curit\u00e9 est une \u00e9vidence, mais jusqu'\u00e0 son introduction l\u00e9gale, il a fait l'objet de longues discussions et d'arguments.","robots":{"index":"index","follow":"follow","max-snippet":"max-snippet:-1","max-image-preview":"max-image-preview:large","max-video-preview":"max-video-preview:-1"},"canonical":"https:\/\/www.organisator.ch\/fr\/general\/2019-08-30\/snv-1980-1990-lange-nicht-geschnallt-die-gurtentragpflicht-bringt-sicherheit\/","og_locale":"fr_FR","og_type":"article","og_title":"SNV 1980\u20131990: \u00abLange nicht geschnallt\u00bb \u2013 Die Gurtentragpflicht bringt Sicherheit","og_description":"Heute ist die Gurtentragpflicht eine Selbstverst\u00e4ndlichkeit, bis zu ihrer gesetzlichen Einf\u00fchrung wurde allerdings lange diskutiert und argumentiert.","og_url":"https:\/\/www.organisator.ch\/fr\/general\/2019-08-30\/snv-1980-1990-lange-nicht-geschnallt-die-gurtentragpflicht-bringt-sicherheit\/","og_site_name":"Organisator","article_publisher":"https:\/\/www.facebook.com\/OrganisatorFachmagazin","article_published_time":"2019-08-30T06:15:07+00:00","og_image":[{"width":680,"height":454,"url":"https:\/\/www.organisator.ch\/wp-content\/uploads\/2019\/08\/SNV-1980\u20131990-Lange-nicht-geschnallt-Die-Gurtentragpflicht-bringt-Sicherheit-2_Organisator.jpg","type":"image\/jpeg"}],"author":"thomas.berner","twitter_card":"summary_large_image","twitter_title":"SNV 1980\u20131990: \u00abLange nicht geschnallt\u00bb \u2013 Die #Gurtentragpflicht bringt Sicherheit","twitter_description":"Heute ist die #Gurtentragpflicht eine Selbstverst\u00e4ndlichkeit, bis zu ihrer gesetzlichen Einf\u00fchrung wurde allerdings lange diskutiert und argumentiert.","twitter_image":"https:\/\/www.organisator.ch\/wp-content\/uploads\/2019\/08\/SNV-1980\u20131990-Lange-nicht-geschnallt-Die-Gurtentragpflicht-bringt-Sicherheit-2_Organisator.jpg","schema":{"@context":"https:\/\/schema.org","@graph":[{"@type":"Article","@id":"https:\/\/www.organisator.ch\/it\/generale\/2019-08-30\/snv-1980-1990-lange-nicht-geschnallt-die-gurtentragpflicht-bringt-sicherheit\/#article","isPartOf":{"@id":"https:\/\/www.organisator.ch\/it\/generale\/2019-08-30\/snv-1980-1990-lange-nicht-geschnallt-die-gurtentragpflicht-bringt-sicherheit\/"},"author":{"name":"thomas.berner","@id":"https:\/\/www.organisator.ch\/#\/schema\/person\/6f650f90b2842cd4c0cc334b4e36f67e"},"headline":"SNV 1980\u20131990: \u00abLange nicht geschnallt\u00bb \u2013 Die Gurtentragpflicht bringt Sicherheit","datePublished":"2019-08-30T06:15:07+00:00","mainEntityOfPage":{"@id":"https:\/\/www.organisator.ch\/it\/generale\/2019-08-30\/snv-1980-1990-lange-nicht-geschnallt-die-gurtentragpflicht-bringt-sicherheit\/"},"wordCount":399,"commentCount":0,"publisher":{"@id":"https:\/\/www.organisator.ch\/#organization"},"image":{"@id":"https:\/\/www.organisator.ch\/it\/generale\/2019-08-30\/snv-1980-1990-lange-nicht-geschnallt-die-gurtentragpflicht-bringt-sicherheit\/#primaryimage"},"thumbnailUrl":"https:\/\/www.organisator.ch\/wp-content\/uploads\/2019\/08\/SNV-1980\u20131990-Lange-nicht-geschnallt-Die-Gurtentragpflicht-bringt-Sicherheit_Organisator.jpg","keywords":["Jubil\u00e4um","Normen\/Standards","Sicherheit","Verb\u00e4nde"],"articleSection":["Allgemein"],"inLanguage":"fr-FR"},{"@type":"WebPage","@id":"https:\/\/www.organisator.ch\/it\/generale\/2019-08-30\/snv-1980-1990-lange-nicht-geschnallt-die-gurtentragpflicht-bringt-sicherheit\/","url":"https:\/\/www.organisator.ch\/it\/generale\/2019-08-30\/snv-1980-1990-lange-nicht-geschnallt-die-gurtentragpflicht-bringt-sicherheit\/","name":"SNV 1980-1990 : \"Longtemps sans ceinture\" - Le port obligatoire de la ceinture apporte la s\u00e9curit\u00e9 - Organisateur","isPartOf":{"@id":"https:\/\/www.organisator.ch\/#website"},"primaryImageOfPage":{"@id":"https:\/\/www.organisator.ch\/it\/generale\/2019-08-30\/snv-1980-1990-lange-nicht-geschnallt-die-gurtentragpflicht-bringt-sicherheit\/#primaryimage"},"image":{"@id":"https:\/\/www.organisator.ch\/it\/generale\/2019-08-30\/snv-1980-1990-lange-nicht-geschnallt-die-gurtentragpflicht-bringt-sicherheit\/#primaryimage"},"thumbnailUrl":"https:\/\/www.organisator.ch\/wp-content\/uploads\/2019\/08\/SNV-1980\u20131990-Lange-nicht-geschnallt-Die-Gurtentragpflicht-bringt-Sicherheit_Organisator.jpg","datePublished":"2019-08-30T06:15:07+00:00","description":"Aujourd'hui, le port obligatoire de la ceinture de s\u00e9curit\u00e9 est une \u00e9vidence, mais jusqu'\u00e0 son introduction l\u00e9gale, il a fait l'objet de longues discussions et d'arguments.","breadcrumb":{"@id":"https:\/\/www.organisator.ch\/it\/generale\/2019-08-30\/snv-1980-1990-lange-nicht-geschnallt-die-gurtentragpflicht-bringt-sicherheit\/#breadcrumb"},"inLanguage":"fr-FR","potentialAction":[{"@type":"ReadAction","target":["https:\/\/www.organisator.ch\/it\/generale\/2019-08-30\/snv-1980-1990-lange-nicht-geschnallt-die-gurtentragpflicht-bringt-sicherheit\/"]}]},{"@type":"ImageObject","inLanguage":"fr-FR","@id":"https:\/\/www.organisator.ch\/it\/generale\/2019-08-30\/snv-1980-1990-lange-nicht-geschnallt-die-gurtentragpflicht-bringt-sicherheit\/#primaryimage","url":"https:\/\/www.organisator.ch\/wp-content\/uploads\/2019\/08\/SNV-1980\u20131990-Lange-nicht-geschnallt-Die-Gurtentragpflicht-bringt-Sicherheit_Organisator.jpg","contentUrl":"https:\/\/www.organisator.ch\/wp-content\/uploads\/2019\/08\/SNV-1980\u20131990-Lange-nicht-geschnallt-Die-Gurtentragpflicht-bringt-Sicherheit_Organisator.jpg","width":680,"height":453,"caption":"Internationale Normen regeln die Dehnung des Gurtbandmaterials bei einer Zugkraft von 11kN sowie die Bruchfestigkeit des Gurtbandes (ECE R-16). (Bild: Pixabay.com)"},{"@type":"BreadcrumbList","@id":"https:\/\/www.organisator.ch\/it\/generale\/2019-08-30\/snv-1980-1990-lange-nicht-geschnallt-die-gurtentragpflicht-bringt-sicherheit\/#breadcrumb","itemListElement":[{"@type":"ListItem","position":1,"name":"Home","item":"https:\/\/www.organisator.ch\/"},{"@type":"ListItem","position":2,"name":"SNV 1980\u20131990: \u00abLange nicht geschnallt\u00bb \u2013 Die Gurtentragpflicht bringt Sicherheit"}]},{"@type":"WebSite","@id":"https:\/\/www.organisator.ch\/#website","url":"https:\/\/www.organisator.ch\/","name":"Organisateur","description":"Comp\u00e9tence et comp\u00e9tence. Proches de la pratique. L'ORGANISATEUR pr\u00e9pare 10 num\u00e9ros par an sur les th\u00e8mes essentiels pour les dirigeants de PME.","publisher":{"@id":"https:\/\/www.organisator.ch\/#organization"},"potentialAction":[{"@type":"SearchAction","target":{"@type":"EntryPoint","urlTemplate":"https:\/\/www.organisator.ch\/?s={search_term_string}"},"query-input":{"@type":"PropertyValueSpecification","valueRequired":true,"valueName":"search_term_string"}}],"inLanguage":"fr-FR"},{"@type":"Organization","@id":"https:\/\/www.organisator.ch\/#organization","name":"Organisateur","url":"https:\/\/www.organisator.ch\/","logo":{"@type":"ImageObject","inLanguage":"fr-FR","@id":"https:\/\/www.organisator.ch\/#\/schema\/logo\/image\/","url":"https:\/\/www.organisator.ch\/wp-content\/uploads\/2022\/01\/Logo_Organisator_Website.png","contentUrl":"https:\/\/www.organisator.ch\/wp-content\/uploads\/2022\/01\/Logo_Organisator_Website.png","width":800,"height":77,"caption":"Organisator"},"image":{"@id":"https:\/\/www.organisator.ch\/#\/schema\/logo\/image\/"},"sameAs":["https:\/\/www.facebook.com\/OrganisatorFachmagazin","https:\/\/www.linkedin.com\/showcase\/organisator-das-magazin-fr-kmu","https:\/\/www.xing.com\/news\/pages\/organisator-ch-695","https:\/\/www.youtube.com\/channel\/UCGP2Sq0iWaZwT3BdIAQFYpw"]},{"@type":"Person","@id":"https:\/\/www.organisator.ch\/#\/schema\/person\/6f650f90b2842cd4c0cc334b4e36f67e","name":"thomas.berner","image":{"@type":"ImageObject","inLanguage":"fr-FR","@id":"https:\/\/secure.gravatar.com\/avatar\/ac5001d2a36cb6c6cd3e50789007ffca834b477b74a2144564522e944eabff61?s=96&d=mm&r=g","url":"https:\/\/secure.gravatar.com\/avatar\/ac5001d2a36cb6c6cd3e50789007ffca834b477b74a2144564522e944eabff61?s=96&d=mm&r=g","contentUrl":"https:\/\/secure.gravatar.com\/avatar\/ac5001d2a36cb6c6cd3e50789007ffca834b477b74a2144564522e944eabff61?s=96&d=mm&r=g","caption":"thomas.berner"},"url":"https:\/\/www.organisator.ch\/fr\/author\/thomas-berner\/"}]}},"_links":{"self":[{"href":"https:\/\/www.organisator.ch\/fr\/wp-json\/wp\/v2\/posts\/5742","targetHints":{"allow":["GET"]}}],"collection":[{"href":"https:\/\/www.organisator.ch\/fr\/wp-json\/wp\/v2\/posts"}],"about":[{"href":"https:\/\/www.organisator.ch\/fr\/wp-json\/wp\/v2\/types\/post"}],"author":[{"embeddable":true,"href":"https:\/\/www.organisator.ch\/fr\/wp-json\/wp\/v2\/users\/4"}],"replies":[{"embeddable":true,"href":"https:\/\/www.organisator.ch\/fr\/wp-json\/wp\/v2\/comments?post=5742"}],"version-history":[{"count":0,"href":"https:\/\/www.organisator.ch\/fr\/wp-json\/wp\/v2\/posts\/5742\/revisions"}],"wp:featuredmedia":[{"embeddable":true,"href":"https:\/\/www.organisator.ch\/fr\/wp-json\/wp\/v2\/media\/5743"}],"wp:attachment":[{"href":"https:\/\/www.organisator.ch\/fr\/wp-json\/wp\/v2\/media?parent=5742"}],"wp:term":[{"taxonomy":"category","embeddable":true,"href":"https:\/\/www.organisator.ch\/fr\/wp-json\/wp\/v2\/categories?post=5742"},{"taxonomy":"post_tag","embeddable":true,"href":"https:\/\/www.organisator.ch\/fr\/wp-json\/wp\/v2\/tags?post=5742"}],"curies":[{"name":"wp","href":"https:\/\/api.w.org\/{rel}","templated":true}]}}