{"id":5746,"date":"2019-08-30T08:33:27","date_gmt":"2019-08-30T06:33:27","guid":{"rendered":"https:\/\/www.organisator.ch\/?p=5746"},"modified":"2019-08-30T08:33:27","modified_gmt":"2019-08-30T06:33:27","slug":"leila-summa-viel-innovation-entsteht-bei-uns-nicht-nur-durch-schweizer","status":"publish","type":"post","link":"https:\/\/www.organisator.ch\/fr\/management\/2019-08-30\/leila-summa-viel-innovation-entsteht-bei-uns-nicht-nur-durch-schweizer\/","title":{"rendered":"Leila Summa : \"Chez nous, beaucoup d'innovations ne sont pas uniquement le fait de Suisses\"."},"content":{"rendered":"<figure id=\"attachment_5748\" aria-describedby=\"caption-attachment-5748\" style=\"width: 680px\" class=\"wp-caption alignnone\"><img loading=\"lazy\" decoding=\"async\" class=\"size-medium wp-image-5748\" src=\"https:\/\/www.organisator.ch\/wp-content\/uploads\/2019\/08\/Leila-Summa-Viel-Innovation-entsteht-bei-uns-nicht-nur-durch-Schweizer_Organisator.jpg\" alt=\"\" width=\"680\" height=\"453\" srcset=\"https:\/\/www.organisator.ch\/wp-content\/uploads\/2019\/08\/Leila-Summa-Viel-Innovation-entsteht-bei-uns-nicht-nur-durch-Schweizer_Organisator.jpg 680w, https:\/\/www.organisator.ch\/wp-content\/uploads\/2019\/08\/Leila-Summa-Viel-Innovation-entsteht-bei-uns-nicht-nur-durch-Schweizer_Organisator-16x12.jpg 16w, https:\/\/www.organisator.ch\/wp-content\/uploads\/2019\/08\/Leila-Summa-Viel-Innovation-entsteht-bei-uns-nicht-nur-durch-Schweizer_Organisator-263x175.jpg 263w, https:\/\/www.organisator.ch\/wp-content\/uploads\/2019\/08\/Leila-Summa-Viel-Innovation-entsteht-bei-uns-nicht-nur-durch-Schweizer_Organisator-525x350.jpg 525w, https:\/\/www.organisator.ch\/wp-content\/uploads\/2019\/08\/Leila-Summa-Viel-Innovation-entsteht-bei-uns-nicht-nur-durch-Schweizer_Organisator-300x200.jpg 300w\" sizes=\"auto, (max-width: 680px) 100vw, 680px\" \/><figcaption id=\"caption-attachment-5748\" class=\"wp-caption-text\">La pionni\u00e8re suisse de la vente en ligne Leila Summa se produira \u00e0 la Business Innovation Week. (Image : Alexander Heil)<\/figcaption><\/figure>\n<p>Leila Summa - en tant que Suissesse, elle a \u00e9t\u00e9 l'une des premi\u00e8res collaboratrices de Facebook Germany - est convaincue qu'il y a beaucoup \u00e0 apprendre des g\u00e9ants du num\u00e9rique comme Google, Amazon et consorts. Ils utilisent intelligemment les progr\u00e8s technologiques pour anticiper les besoins des clients et se r\u00e9inventent chaque jour. Et aussi de mani\u00e8re pertinente : Elles parviennent \u00e0 attirer les meilleurs talents sur le long terme. Leila Summa pr\u00e9sentera le 1er octobre dans une keynote cinq \u00e9l\u00e9ments essentiels qui distinguent une \u00e9quipe \"normale\" d'une \u00e9quipe \u00e0 haute performance.<\/p>\n<p><em>Leila Summa, expliquez-nous : qu'est-ce qu'une \"High Performance Team\" ? Qu'est-ce qui caract\u00e9rise ces \u00e9quipes ?<\/em><br \/>\nLeila Summa : Il n'y a pas de d\u00e9finition unique de ce qui caract\u00e9rise les \u00e9quipes de haute performance. Je la d\u00e9crirais comme suit : Il s'agit d'une \u00e9quipe qui s'engage avec passion dans des objectifs tr\u00e8s ambitieux et qui partage une forte conviction commune. Elle se caract\u00e9rise par une collaboration marqu\u00e9e par une confiance maximale, des pratiques cr\u00e9atives de r\u00e9solution des probl\u00e8mes, une volont\u00e9 d'apprendre et une prise de d\u00e9cision rapide. La propension au risque et \u00e0 l'innovation de chacun est \u00e9lev\u00e9e et les collaborateurs pensent et agissent en entrepreneurs, c'est-\u00e0-dire qu'ils assument pleinement leurs responsabilit\u00e9s afin de contribuer chaque jour au succ\u00e8s de l'entreprise.<\/p>\n<p><em>Pourquoi de telles \u00e9quipes sont-elles si importantes pour la capacit\u00e9 d'innovation des entreprises ?<\/em><br \/>\nLes \u00e9quipes \u00e0 haute performance constituent un avantage concurrentiel, car elles raccourcissent le processus d'innovation. Il permet de r\u00e9duire le d\u00e9lai de mise sur le march\u00e9 de nouveaux produits, c'est-\u00e0-dire de r\u00e9agir plus rapidement \u00e0 l'\u00e9volution des besoins du march\u00e9 et des clients.<\/p>\n<p><em>En mati\u00e8re de capacit\u00e9 d'innovation, la Suisse occupe r\u00e9guli\u00e8rement les premi\u00e8res places dans les classements mondiaux. C'est justement parce qu'elle dispose de nombreuses \"High-Performance Teams\" ?<\/em><br \/>\nLe nombre de demandes de brevets par rapport \u00e0 la population et par rapport \u00e0 l'UE est ici d\u00e9terminant. Nous sommes un petit pays, mais nous disposons d'une grande infrastructure scientifique et d'un bon syst\u00e8me scolaire et universitaire. \u00c0 mon avis, l'innovation n'est pas uniquement le fait de Suisses, mais aussi d'un m\u00e9lange de sp\u00e9cialistes immigr\u00e9s, notamment dans le milieu universitaire. Je pense que nous avons des personnes et des experts formidables. Mais je suis aussi d'avis que nous pourrions faire beaucoup plus avec cette base si nous nous ouvrions encore plus vers l'ext\u00e9rieur.<\/p>\n<p><em>De nombreuses innovations proviennent de start-ups, mais sont ensuite commercialis\u00e9es par des groupes internationaux. Qu'est-ce qui ne va pas ici - ou pourquoi est-ce juste ?<\/em><br \/>\nLes start-ups peuvent par nature d\u00e9velopper des id\u00e9es plus rapidement et pensent bien s\u00fbr souvent de mani\u00e8re tr\u00e8s cr\u00e9ative. Ce qui manque souvent, c'est l'accent mis sur un mod\u00e8le d'entreprise qui fonctionne, une marque connue ou l'acc\u00e8s aux clients, ainsi que les structures permettant de rendre une id\u00e9e vraiment grande. D'un point de vue commercial, je trouve tr\u00e8s judicieux de faire appel \u00e0 un groupe mondial. Je pense que c'est m\u00eame une preuve de maturit\u00e9 que de s'entourer des partenaires ad\u00e9quats au bon moment.<\/p>\n<p><em>Vos conseils aux PME sur la mani\u00e8re d'am\u00e9liorer leur capacit\u00e9 d'innovation ?<\/em><br \/>\nLes PME doivent reconna\u00eetre qu'une culture d'entreprise capable d'innover ne peut se d\u00e9velopper que par l'action d'un grand nombre de personnes et pas seulement de mani\u00e8re descendante. Concr\u00e8tement, il faut donner \u00e0 tous les collaborateurs la plus grande marge de man\u0153uvre possible pour qu'ils d\u00e9veloppent eux-m\u00eames des id\u00e9es. Les entreprises doivent leur fournir les bons outils et les bonnes pratiques et investir beaucoup dans le d\u00e9veloppement \"sur le tas\". Mais plus important encore : lors de la recherche de nouveaux talents, veiller \u00e0 recruter en fonction du potentiel et de la volont\u00e9 d'apprendre. Nous avons besoin de plus de collaborateurs qui sont continuellement ouverts \u00e0 l'apprentissage et \u00e0 la remise en question de ce qui existe d\u00e9j\u00e0 afin de l'am\u00e9liorer encore.<\/p>\n<p><em>Leila Summa est une pionni\u00e8re en ligne de la premi\u00e8re heure et accompagne et dirige depuis plus de 22 ans des projets de transformation num\u00e9rique dans des entreprises traditionnelles et num\u00e9riques. On pourra la voir en direct \u00e0 l'occasion de la Business Innovation Week le 1er octobre 2019 \u00e0 Zurich.<\/em><br \/>\n<a href=\"http:\/\/www.businessinnovation.ch\"><em>www.businessinnovation.ch<\/em><\/a><\/p>\n<p><a href=\"http:\/\/www.businessinnovation.ch\"><img loading=\"lazy\" decoding=\"async\" class=\"alignnone size-medium wp-image-5747\" src=\"https:\/\/www.organisator.ch\/wp-content\/uploads\/2019\/08\/KW-35_2019-08-30_EMEX_10368E_BIW_leaderboard-728x90_NL_org.jpg\" alt=\"\" width=\"680\" height=\"84\" srcset=\"https:\/\/www.organisator.ch\/wp-content\/uploads\/2019\/08\/KW-35_2019-08-30_EMEX_10368E_BIW_leaderboard-728x90_NL_org.jpg 728w, https:\/\/www.organisator.ch\/wp-content\/uploads\/2019\/08\/KW-35_2019-08-30_EMEX_10368E_BIW_leaderboard-728x90_NL_org-680x84.jpg 680w, https:\/\/www.organisator.ch\/wp-content\/uploads\/2019\/08\/KW-35_2019-08-30_EMEX_10368E_BIW_leaderboard-728x90_NL_org-16x2.jpg 16w, https:\/\/www.organisator.ch\/wp-content\/uploads\/2019\/08\/KW-35_2019-08-30_EMEX_10368E_BIW_leaderboard-728x90_NL_org-375x46.jpg 375w, https:\/\/www.organisator.ch\/wp-content\/uploads\/2019\/08\/KW-35_2019-08-30_EMEX_10368E_BIW_leaderboard-728x90_NL_org-300x37.jpg 300w\" sizes=\"auto, (max-width: 680px) 100vw, 680px\" \/><\/a><\/p>","protected":false},"excerpt":{"rendered":"<p>Leila Summa \u2013 sie war als Schweizerin eine der ersten Mitarbeitenden bei Facebook Germany \u2013 ist \u00fcberzeugt, dass sich vieles von den digitalen Riesen wie Google, Amazon und Co. lernen l\u00e4sst. Sie nutzen clever den technologischen Fortschritt, um Kundenbed\u00fcrfnisse zu antizipieren und erfinden sich t\u00e4glich neu. Und auch relevant: Sie schaffen es, die besten Talente [&hellip;]<\/p>\n","protected":false},"author":4,"featured_media":5748,"comment_status":"open","ping_status":"open","sticky":false,"template":"","format":"standard","meta":{"_acf_changed":false,"_yoast_wpseo_focuskw":"Leila Summa","_yoast_wpseo_metadesc":"Unter den zahlreichen Speakerinnen und Speakern, die an der Business Innovation Week ihre Aufwartung machen, ist auch Online-Pionierin Leila Summa.","articlekey":"","footnotes":""},"categories":[28],"tags":[156,274,335,502],"class_list":["post-5746","post","type-post","status-publish","format-standard","has-post-thumbnail","hentry","category-management","tag-digitalisierung","tag-innovation","tag-management-und-unternehmensfuehrung","tag-veranstaltungen"],"acf":[],"yoast_head":"<!-- This site is optimized with the Yoast SEO plugin v27.5 - https:\/\/yoast.com\/product\/yoast-seo-wordpress\/ -->\n<title>Leila Summa: \u00abViel Innovation entsteht bei uns nicht nur durch Schweizer\u00bb - Organisator<\/title>\n<meta name=\"description\" content=\"Unter den zahlreichen Speakerinnen und Speakern, die an der Business Innovation Week ihre Aufwartung machen, ist auch Online-Pionierin Leila Summa.\" \/>\n<meta name=\"robots\" content=\"index, follow, max-snippet:-1, max-image-preview:large, max-video-preview:-1\" \/>\n<link rel=\"canonical\" href=\"https:\/\/www.organisator.ch\/fr\/gestion-2\/2019-08-30\/leila-summa-viel-innovation-entsteht-bei-uns-nicht-nur-durch-schweizer\/\" \/>\n<meta property=\"og:locale\" content=\"fr_FR\" \/>\n<meta property=\"og:type\" content=\"article\" \/>\n<meta property=\"og:title\" content=\"Leila Summa: \u00abViel Innovation entsteht bei uns nicht nur durch Schweizer\u00bb\" \/>\n<meta property=\"og:description\" content=\"Unter den zahlreichen Speakerinnen und Speakern, die an der Business Innovation Week ihre Aufwartung machen, ist auch Online-Pionierin Leila Summa.\" \/>\n<meta property=\"og:url\" content=\"https:\/\/www.organisator.ch\/fr\/gestion-2\/2019-08-30\/leila-summa-viel-innovation-entsteht-bei-uns-nicht-nur-durch-schweizer\/\" \/>\n<meta property=\"og:site_name\" content=\"Organisator\" \/>\n<meta property=\"article:publisher\" content=\"https:\/\/www.facebook.com\/OrganisatorFachmagazin\" \/>\n<meta property=\"article:published_time\" content=\"2019-08-30T06:33:27+00:00\" \/>\n<meta property=\"og:image\" content=\"https:\/\/www.organisator.ch\/wp-content\/uploads\/2019\/08\/Leila-Summa-Viel-Innovation-entsteht-bei-uns-nicht-nur-durch-Schweizer_Organisator.jpg\" \/>\n\t<meta property=\"og:image:width\" content=\"680\" \/>\n\t<meta property=\"og:image:height\" content=\"453\" \/>\n\t<meta property=\"og:image:type\" content=\"image\/jpeg\" \/>\n<meta name=\"author\" content=\"thomas.berner\" \/>\n<meta name=\"twitter:card\" content=\"summary_large_image\" \/>\n<meta name=\"twitter:title\" content=\"Leila Summa: \u00abViel #Innovation entsteht bei uns nicht nur durch Schweizer\u00bb\" \/>\n<meta name=\"twitter:description\" content=\"Unter den zahlreichen Speakerinnen und Speakern, die an der Business #Innovation Week ihre Aufwartung machen, ist auch Online-Pionierin #LeilaSumma.\" \/>\n<meta name=\"twitter:image\" content=\"https:\/\/www.organisator.ch\/wp-content\/uploads\/2019\/08\/Leila-Summa-Viel-Innovation-entsteht-bei-uns-nicht-nur-durch-Schweizer_Organisator.jpg\" \/>\n<script type=\"application\/ld+json\" class=\"yoast-schema-graph\">{\"@context\":\"https:\\\/\\\/schema.org\",\"@graph\":[{\"@type\":\"Article\",\"@id\":\"https:\\\/\\\/www.organisator.ch\\\/management\\\/2019-08-30\\\/leila-summa-viel-innovation-entsteht-bei-uns-nicht-nur-durch-schweizer\\\/#article\",\"isPartOf\":{\"@id\":\"https:\\\/\\\/www.organisator.ch\\\/management\\\/2019-08-30\\\/leila-summa-viel-innovation-entsteht-bei-uns-nicht-nur-durch-schweizer\\\/\"},\"author\":{\"name\":\"thomas.berner\",\"@id\":\"https:\\\/\\\/www.organisator.ch\\\/#\\\/schema\\\/person\\\/6f650f90b2842cd4c0cc334b4e36f67e\"},\"headline\":\"Leila Summa: \u00abViel Innovation entsteht bei uns nicht nur durch Schweizer\u00bb\",\"datePublished\":\"2019-08-30T06:33:27+00:00\",\"mainEntityOfPage\":{\"@id\":\"https:\\\/\\\/www.organisator.ch\\\/management\\\/2019-08-30\\\/leila-summa-viel-innovation-entsteht-bei-uns-nicht-nur-durch-schweizer\\\/\"},\"wordCount\":631,\"commentCount\":1,\"publisher\":{\"@id\":\"https:\\\/\\\/www.organisator.ch\\\/#organization\"},\"image\":{\"@id\":\"https:\\\/\\\/www.organisator.ch\\\/management\\\/2019-08-30\\\/leila-summa-viel-innovation-entsteht-bei-uns-nicht-nur-durch-schweizer\\\/#primaryimage\"},\"thumbnailUrl\":\"https:\\\/\\\/www.organisator.ch\\\/wp-content\\\/uploads\\\/2019\\\/08\\\/Leila-Summa-Viel-Innovation-entsteht-bei-uns-nicht-nur-durch-Schweizer_Organisator.jpg\",\"keywords\":[\"Digitalisierung\",\"Innovation\",\"Management und Unternehmensf\u00fchrung\",\"Veranstaltungen\"],\"articleSection\":[\"MANAGEMENT\"],\"inLanguage\":\"fr-FR\"},{\"@type\":\"WebPage\",\"@id\":\"https:\\\/\\\/www.organisator.ch\\\/management\\\/2019-08-30\\\/leila-summa-viel-innovation-entsteht-bei-uns-nicht-nur-durch-schweizer\\\/\",\"url\":\"https:\\\/\\\/www.organisator.ch\\\/management\\\/2019-08-30\\\/leila-summa-viel-innovation-entsteht-bei-uns-nicht-nur-durch-schweizer\\\/\",\"name\":\"Leila Summa: \u00abViel Innovation entsteht bei uns nicht nur durch Schweizer\u00bb - Organisator\",\"isPartOf\":{\"@id\":\"https:\\\/\\\/www.organisator.ch\\\/#website\"},\"primaryImageOfPage\":{\"@id\":\"https:\\\/\\\/www.organisator.ch\\\/management\\\/2019-08-30\\\/leila-summa-viel-innovation-entsteht-bei-uns-nicht-nur-durch-schweizer\\\/#primaryimage\"},\"image\":{\"@id\":\"https:\\\/\\\/www.organisator.ch\\\/management\\\/2019-08-30\\\/leila-summa-viel-innovation-entsteht-bei-uns-nicht-nur-durch-schweizer\\\/#primaryimage\"},\"thumbnailUrl\":\"https:\\\/\\\/www.organisator.ch\\\/wp-content\\\/uploads\\\/2019\\\/08\\\/Leila-Summa-Viel-Innovation-entsteht-bei-uns-nicht-nur-durch-Schweizer_Organisator.jpg\",\"datePublished\":\"2019-08-30T06:33:27+00:00\",\"description\":\"Unter den zahlreichen Speakerinnen und Speakern, die an der Business Innovation Week ihre Aufwartung machen, ist auch Online-Pionierin Leila Summa.\",\"breadcrumb\":{\"@id\":\"https:\\\/\\\/www.organisator.ch\\\/management\\\/2019-08-30\\\/leila-summa-viel-innovation-entsteht-bei-uns-nicht-nur-durch-schweizer\\\/#breadcrumb\"},\"inLanguage\":\"fr-FR\",\"potentialAction\":[{\"@type\":\"ReadAction\",\"target\":[\"https:\\\/\\\/www.organisator.ch\\\/management\\\/2019-08-30\\\/leila-summa-viel-innovation-entsteht-bei-uns-nicht-nur-durch-schweizer\\\/\"]}]},{\"@type\":\"ImageObject\",\"inLanguage\":\"fr-FR\",\"@id\":\"https:\\\/\\\/www.organisator.ch\\\/management\\\/2019-08-30\\\/leila-summa-viel-innovation-entsteht-bei-uns-nicht-nur-durch-schweizer\\\/#primaryimage\",\"url\":\"https:\\\/\\\/www.organisator.ch\\\/wp-content\\\/uploads\\\/2019\\\/08\\\/Leila-Summa-Viel-Innovation-entsteht-bei-uns-nicht-nur-durch-Schweizer_Organisator.jpg\",\"contentUrl\":\"https:\\\/\\\/www.organisator.ch\\\/wp-content\\\/uploads\\\/2019\\\/08\\\/Leila-Summa-Viel-Innovation-entsteht-bei-uns-nicht-nur-durch-Schweizer_Organisator.jpg\",\"width\":680,\"height\":453,\"caption\":\"Online-Pionierin Leila Summa tritt an der Business Innovation Week auf. (Bild: Alexander Heil)\"},{\"@type\":\"BreadcrumbList\",\"@id\":\"https:\\\/\\\/www.organisator.ch\\\/management\\\/2019-08-30\\\/leila-summa-viel-innovation-entsteht-bei-uns-nicht-nur-durch-schweizer\\\/#breadcrumb\",\"itemListElement\":[{\"@type\":\"ListItem\",\"position\":1,\"name\":\"Home\",\"item\":\"https:\\\/\\\/www.organisator.ch\\\/\"},{\"@type\":\"ListItem\",\"position\":2,\"name\":\"Leila Summa: \u00abViel Innovation entsteht bei uns nicht nur durch Schweizer\u00bb\"}]},{\"@type\":\"WebSite\",\"@id\":\"https:\\\/\\\/www.organisator.ch\\\/#website\",\"url\":\"https:\\\/\\\/www.organisator.ch\\\/\",\"name\":\"Organisator\",\"description\":\"Kompetent. Praxisnah. Der ORGANISATOR bereitet in 10 Ausgaben pro Jahr die wesentlichen Themen f\u00fcr F\u00fchrungskr\u00e4fte von KMU auf.\",\"publisher\":{\"@id\":\"https:\\\/\\\/www.organisator.ch\\\/#organization\"},\"potentialAction\":[{\"@type\":\"SearchAction\",\"target\":{\"@type\":\"EntryPoint\",\"urlTemplate\":\"https:\\\/\\\/www.organisator.ch\\\/?s={search_term_string}\"},\"query-input\":{\"@type\":\"PropertyValueSpecification\",\"valueRequired\":true,\"valueName\":\"search_term_string\"}}],\"inLanguage\":\"fr-FR\"},{\"@type\":\"Organization\",\"@id\":\"https:\\\/\\\/www.organisator.ch\\\/#organization\",\"name\":\"Organisator\",\"url\":\"https:\\\/\\\/www.organisator.ch\\\/\",\"logo\":{\"@type\":\"ImageObject\",\"inLanguage\":\"fr-FR\",\"@id\":\"https:\\\/\\\/www.organisator.ch\\\/#\\\/schema\\\/logo\\\/image\\\/\",\"url\":\"https:\\\/\\\/www.organisator.ch\\\/wp-content\\\/uploads\\\/2022\\\/01\\\/Logo_Organisator_Website.png\",\"contentUrl\":\"https:\\\/\\\/www.organisator.ch\\\/wp-content\\\/uploads\\\/2022\\\/01\\\/Logo_Organisator_Website.png\",\"width\":800,\"height\":77,\"caption\":\"Organisator\"},\"image\":{\"@id\":\"https:\\\/\\\/www.organisator.ch\\\/#\\\/schema\\\/logo\\\/image\\\/\"},\"sameAs\":[\"https:\\\/\\\/www.facebook.com\\\/OrganisatorFachmagazin\",\"https:\\\/\\\/www.linkedin.com\\\/showcase\\\/organisator-das-magazin-fr-kmu\",\"https:\\\/\\\/www.xing.com\\\/news\\\/pages\\\/organisator-ch-695\",\"https:\\\/\\\/www.youtube.com\\\/channel\\\/UCGP2Sq0iWaZwT3BdIAQFYpw\"]},{\"@type\":\"Person\",\"@id\":\"https:\\\/\\\/www.organisator.ch\\\/#\\\/schema\\\/person\\\/6f650f90b2842cd4c0cc334b4e36f67e\",\"name\":\"thomas.berner\",\"image\":{\"@type\":\"ImageObject\",\"inLanguage\":\"fr-FR\",\"@id\":\"https:\\\/\\\/secure.gravatar.com\\\/avatar\\\/ac5001d2a36cb6c6cd3e50789007ffca834b477b74a2144564522e944eabff61?s=96&d=mm&r=g\",\"url\":\"https:\\\/\\\/secure.gravatar.com\\\/avatar\\\/ac5001d2a36cb6c6cd3e50789007ffca834b477b74a2144564522e944eabff61?s=96&d=mm&r=g\",\"contentUrl\":\"https:\\\/\\\/secure.gravatar.com\\\/avatar\\\/ac5001d2a36cb6c6cd3e50789007ffca834b477b74a2144564522e944eabff61?s=96&d=mm&r=g\",\"caption\":\"thomas.berner\"},\"url\":\"https:\\\/\\\/www.organisator.ch\\\/fr\\\/author\\\/thomas-berner\\\/\"}]}<\/script>\n<!-- \/ Yoast SEO plugin. -->","yoast_head_json":{"title":"Leila Summa : \"Chez nous, beaucoup d'innovation ne vient pas seulement des Suisses\" - Organisateur","description":"Parmi les nombreux conf\u00e9renciers et conf\u00e9renci\u00e8res qui se pr\u00e9sentent \u00e0 la Business Innovation Week, on trouve la pionni\u00e8re en ligne Leila Summa.","robots":{"index":"index","follow":"follow","max-snippet":"max-snippet:-1","max-image-preview":"max-image-preview:large","max-video-preview":"max-video-preview:-1"},"canonical":"https:\/\/www.organisator.ch\/fr\/gestion-2\/2019-08-30\/leila-summa-viel-innovation-entsteht-bei-uns-nicht-nur-durch-schweizer\/","og_locale":"fr_FR","og_type":"article","og_title":"Leila Summa: \u00abViel Innovation entsteht bei uns nicht nur durch Schweizer\u00bb","og_description":"Unter den zahlreichen Speakerinnen und Speakern, die an der Business Innovation Week ihre Aufwartung machen, ist auch Online-Pionierin Leila Summa.","og_url":"https:\/\/www.organisator.ch\/fr\/gestion-2\/2019-08-30\/leila-summa-viel-innovation-entsteht-bei-uns-nicht-nur-durch-schweizer\/","og_site_name":"Organisator","article_publisher":"https:\/\/www.facebook.com\/OrganisatorFachmagazin","article_published_time":"2019-08-30T06:33:27+00:00","og_image":[{"width":680,"height":453,"url":"https:\/\/www.organisator.ch\/wp-content\/uploads\/2019\/08\/Leila-Summa-Viel-Innovation-entsteht-bei-uns-nicht-nur-durch-Schweizer_Organisator.jpg","type":"image\/jpeg"}],"author":"thomas.berner","twitter_card":"summary_large_image","twitter_title":"Leila Summa: \u00abViel #Innovation entsteht bei uns nicht nur durch Schweizer\u00bb","twitter_description":"Unter den zahlreichen Speakerinnen und Speakern, die an der Business #Innovation Week ihre Aufwartung machen, ist auch Online-Pionierin #LeilaSumma.","twitter_image":"https:\/\/www.organisator.ch\/wp-content\/uploads\/2019\/08\/Leila-Summa-Viel-Innovation-entsteht-bei-uns-nicht-nur-durch-Schweizer_Organisator.jpg","schema":{"@context":"https:\/\/schema.org","@graph":[{"@type":"Article","@id":"https:\/\/www.organisator.ch\/management\/2019-08-30\/leila-summa-viel-innovation-entsteht-bei-uns-nicht-nur-durch-schweizer\/#article","isPartOf":{"@id":"https:\/\/www.organisator.ch\/management\/2019-08-30\/leila-summa-viel-innovation-entsteht-bei-uns-nicht-nur-durch-schweizer\/"},"author":{"name":"thomas.berner","@id":"https:\/\/www.organisator.ch\/#\/schema\/person\/6f650f90b2842cd4c0cc334b4e36f67e"},"headline":"Leila Summa: \u00abViel Innovation entsteht bei uns nicht nur durch Schweizer\u00bb","datePublished":"2019-08-30T06:33:27+00:00","mainEntityOfPage":{"@id":"https:\/\/www.organisator.ch\/management\/2019-08-30\/leila-summa-viel-innovation-entsteht-bei-uns-nicht-nur-durch-schweizer\/"},"wordCount":631,"commentCount":1,"publisher":{"@id":"https:\/\/www.organisator.ch\/#organization"},"image":{"@id":"https:\/\/www.organisator.ch\/management\/2019-08-30\/leila-summa-viel-innovation-entsteht-bei-uns-nicht-nur-durch-schweizer\/#primaryimage"},"thumbnailUrl":"https:\/\/www.organisator.ch\/wp-content\/uploads\/2019\/08\/Leila-Summa-Viel-Innovation-entsteht-bei-uns-nicht-nur-durch-Schweizer_Organisator.jpg","keywords":["Digitalisierung","Innovation","Management und Unternehmensf\u00fchrung","Veranstaltungen"],"articleSection":["MANAGEMENT"],"inLanguage":"fr-FR"},{"@type":"WebPage","@id":"https:\/\/www.organisator.ch\/management\/2019-08-30\/leila-summa-viel-innovation-entsteht-bei-uns-nicht-nur-durch-schweizer\/","url":"https:\/\/www.organisator.ch\/management\/2019-08-30\/leila-summa-viel-innovation-entsteht-bei-uns-nicht-nur-durch-schweizer\/","name":"Leila Summa : \"Chez nous, beaucoup d'innovation ne vient pas seulement des Suisses\" - Organisateur","isPartOf":{"@id":"https:\/\/www.organisator.ch\/#website"},"primaryImageOfPage":{"@id":"https:\/\/www.organisator.ch\/management\/2019-08-30\/leila-summa-viel-innovation-entsteht-bei-uns-nicht-nur-durch-schweizer\/#primaryimage"},"image":{"@id":"https:\/\/www.organisator.ch\/management\/2019-08-30\/leila-summa-viel-innovation-entsteht-bei-uns-nicht-nur-durch-schweizer\/#primaryimage"},"thumbnailUrl":"https:\/\/www.organisator.ch\/wp-content\/uploads\/2019\/08\/Leila-Summa-Viel-Innovation-entsteht-bei-uns-nicht-nur-durch-Schweizer_Organisator.jpg","datePublished":"2019-08-30T06:33:27+00:00","description":"Parmi les nombreux conf\u00e9renciers et conf\u00e9renci\u00e8res qui se pr\u00e9sentent \u00e0 la Business Innovation Week, on trouve la pionni\u00e8re en ligne Leila Summa.","breadcrumb":{"@id":"https:\/\/www.organisator.ch\/management\/2019-08-30\/leila-summa-viel-innovation-entsteht-bei-uns-nicht-nur-durch-schweizer\/#breadcrumb"},"inLanguage":"fr-FR","potentialAction":[{"@type":"ReadAction","target":["https:\/\/www.organisator.ch\/management\/2019-08-30\/leila-summa-viel-innovation-entsteht-bei-uns-nicht-nur-durch-schweizer\/"]}]},{"@type":"ImageObject","inLanguage":"fr-FR","@id":"https:\/\/www.organisator.ch\/management\/2019-08-30\/leila-summa-viel-innovation-entsteht-bei-uns-nicht-nur-durch-schweizer\/#primaryimage","url":"https:\/\/www.organisator.ch\/wp-content\/uploads\/2019\/08\/Leila-Summa-Viel-Innovation-entsteht-bei-uns-nicht-nur-durch-Schweizer_Organisator.jpg","contentUrl":"https:\/\/www.organisator.ch\/wp-content\/uploads\/2019\/08\/Leila-Summa-Viel-Innovation-entsteht-bei-uns-nicht-nur-durch-Schweizer_Organisator.jpg","width":680,"height":453,"caption":"Online-Pionierin Leila Summa tritt an der Business Innovation Week auf. (Bild: Alexander Heil)"},{"@type":"BreadcrumbList","@id":"https:\/\/www.organisator.ch\/management\/2019-08-30\/leila-summa-viel-innovation-entsteht-bei-uns-nicht-nur-durch-schweizer\/#breadcrumb","itemListElement":[{"@type":"ListItem","position":1,"name":"Home","item":"https:\/\/www.organisator.ch\/"},{"@type":"ListItem","position":2,"name":"Leila Summa: \u00abViel Innovation entsteht bei uns nicht nur durch Schweizer\u00bb"}]},{"@type":"WebSite","@id":"https:\/\/www.organisator.ch\/#website","url":"https:\/\/www.organisator.ch\/","name":"Organisateur","description":"Comp\u00e9tence et comp\u00e9tence. Proches de la pratique. L'ORGANISATEUR pr\u00e9pare 10 num\u00e9ros par an sur les th\u00e8mes essentiels pour les dirigeants de PME.","publisher":{"@id":"https:\/\/www.organisator.ch\/#organization"},"potentialAction":[{"@type":"SearchAction","target":{"@type":"EntryPoint","urlTemplate":"https:\/\/www.organisator.ch\/?s={search_term_string}"},"query-input":{"@type":"PropertyValueSpecification","valueRequired":true,"valueName":"search_term_string"}}],"inLanguage":"fr-FR"},{"@type":"Organization","@id":"https:\/\/www.organisator.ch\/#organization","name":"Organisateur","url":"https:\/\/www.organisator.ch\/","logo":{"@type":"ImageObject","inLanguage":"fr-FR","@id":"https:\/\/www.organisator.ch\/#\/schema\/logo\/image\/","url":"https:\/\/www.organisator.ch\/wp-content\/uploads\/2022\/01\/Logo_Organisator_Website.png","contentUrl":"https:\/\/www.organisator.ch\/wp-content\/uploads\/2022\/01\/Logo_Organisator_Website.png","width":800,"height":77,"caption":"Organisator"},"image":{"@id":"https:\/\/www.organisator.ch\/#\/schema\/logo\/image\/"},"sameAs":["https:\/\/www.facebook.com\/OrganisatorFachmagazin","https:\/\/www.linkedin.com\/showcase\/organisator-das-magazin-fr-kmu","https:\/\/www.xing.com\/news\/pages\/organisator-ch-695","https:\/\/www.youtube.com\/channel\/UCGP2Sq0iWaZwT3BdIAQFYpw"]},{"@type":"Person","@id":"https:\/\/www.organisator.ch\/#\/schema\/person\/6f650f90b2842cd4c0cc334b4e36f67e","name":"thomas.berner","image":{"@type":"ImageObject","inLanguage":"fr-FR","@id":"https:\/\/secure.gravatar.com\/avatar\/ac5001d2a36cb6c6cd3e50789007ffca834b477b74a2144564522e944eabff61?s=96&d=mm&r=g","url":"https:\/\/secure.gravatar.com\/avatar\/ac5001d2a36cb6c6cd3e50789007ffca834b477b74a2144564522e944eabff61?s=96&d=mm&r=g","contentUrl":"https:\/\/secure.gravatar.com\/avatar\/ac5001d2a36cb6c6cd3e50789007ffca834b477b74a2144564522e944eabff61?s=96&d=mm&r=g","caption":"thomas.berner"},"url":"https:\/\/www.organisator.ch\/fr\/author\/thomas-berner\/"}]}},"_links":{"self":[{"href":"https:\/\/www.organisator.ch\/fr\/wp-json\/wp\/v2\/posts\/5746","targetHints":{"allow":["GET"]}}],"collection":[{"href":"https:\/\/www.organisator.ch\/fr\/wp-json\/wp\/v2\/posts"}],"about":[{"href":"https:\/\/www.organisator.ch\/fr\/wp-json\/wp\/v2\/types\/post"}],"author":[{"embeddable":true,"href":"https:\/\/www.organisator.ch\/fr\/wp-json\/wp\/v2\/users\/4"}],"replies":[{"embeddable":true,"href":"https:\/\/www.organisator.ch\/fr\/wp-json\/wp\/v2\/comments?post=5746"}],"version-history":[{"count":0,"href":"https:\/\/www.organisator.ch\/fr\/wp-json\/wp\/v2\/posts\/5746\/revisions"}],"wp:featuredmedia":[{"embeddable":true,"href":"https:\/\/www.organisator.ch\/fr\/wp-json\/wp\/v2\/media\/5748"}],"wp:attachment":[{"href":"https:\/\/www.organisator.ch\/fr\/wp-json\/wp\/v2\/media?parent=5746"}],"wp:term":[{"taxonomy":"category","embeddable":true,"href":"https:\/\/www.organisator.ch\/fr\/wp-json\/wp\/v2\/categories?post=5746"},{"taxonomy":"post_tag","embeddable":true,"href":"https:\/\/www.organisator.ch\/fr\/wp-json\/wp\/v2\/tags?post=5746"}],"curies":[{"name":"wp","href":"https:\/\/api.w.org\/{rel}","templated":true}]}}