{"id":5780,"date":"2019-09-10T15:13:41","date_gmt":"2019-09-10T13:13:41","guid":{"rendered":"https:\/\/www.organisator.ch\/?p=5780"},"modified":"2019-09-10T15:13:41","modified_gmt":"2019-09-10T13:13:41","slug":"wirtschaftsforum-olten-2019-unternehmenserfolg-dank-wandel-und-stabilitaet","status":"publish","type":"post","link":"https:\/\/www.organisator.ch\/fr\/management\/2019-09-10\/wirtschaftsforum-olten-2019-unternehmenserfolg-dank-wandel-und-stabilitaet\/","title":{"rendered":"Forum \u00e9conomique d'Olten 2019 : le succ\u00e8s des entreprises gr\u00e2ce au changement et \u00e0 la stabilit\u00e9"},"content":{"rendered":"<figure id=\"attachment_5781\" aria-describedby=\"caption-attachment-5781\" style=\"width: 680px\" class=\"wp-caption alignnone\"><img loading=\"lazy\" decoding=\"async\" class=\"size-medium wp-image-5781\" src=\"https:\/\/www.organisator.ch\/wp-content\/uploads\/2019\/09\/Wirtschaftsforum-Olten-2019-Unternehmenserfolg-dank-Wandel-und-Stabilitaet_Organisator.jpg\" alt=\"\" width=\"680\" height=\"510\" srcset=\"https:\/\/www.organisator.ch\/wp-content\/uploads\/2019\/09\/Wirtschaftsforum-Olten-2019-Unternehmenserfolg-dank-Wandel-und-Stabilitaet_Organisator.jpg 680w, https:\/\/www.organisator.ch\/wp-content\/uploads\/2019\/09\/Wirtschaftsforum-Olten-2019-Unternehmenserfolg-dank-Wandel-und-Stabilitaet_Organisator-16x12.jpg 16w, https:\/\/www.organisator.ch\/wp-content\/uploads\/2019\/09\/Wirtschaftsforum-Olten-2019-Unternehmenserfolg-dank-Wandel-und-Stabilitaet_Organisator-233x175.jpg 233w, https:\/\/www.organisator.ch\/wp-content\/uploads\/2019\/09\/Wirtschaftsforum-Olten-2019-Unternehmenserfolg-dank-Wandel-und-Stabilitaet_Organisator-467x350.jpg 467w, https:\/\/www.organisator.ch\/wp-content\/uploads\/2019\/09\/Wirtschaftsforum-Olten-2019-Unternehmenserfolg-dank-Wandel-und-Stabilitaet_Organisator-300x225.jpg 300w\" sizes=\"auto, (max-width: 680px) 100vw, 680px\" \/><figcaption id=\"caption-attachment-5781\" class=\"wp-caption-text\">Environ 160 invit\u00e9s ont particip\u00e9 au Forum \u00e9conomique d'Olten 2019. (Image : FHNW)<\/figcaption><\/figure>\n<p>La Suisse occupe depuis des ann\u00e9es la premi\u00e8re place du Global Innovation Index. Il ne faut toutefois pas se reposer sur ses lauriers, car ce classement ne dit pas toute la v\u00e9rit\u00e9, a d\u00e9clar\u00e9 Peter Gr\u00fcnenfelder, directeur d'Avenir Suisse, lors du Forum \u00e9conomique d'Olten de cette ann\u00e9e. Selon lui, il ne faut pas perdre de vue d'autres faits : l'augmentation des restrictions commerciales, l'importance croissante de la Chine (au d\u00e9triment des \u00c9tats-Unis), la migration et la num\u00e9risation. La Suisse fait preuve de beaucoup trop peu de flexibilit\u00e9 face \u00e0 ces m\u00e9gatendances. C'est pourquoi Gr\u00fcnenfelder a demand\u00e9 \u00e0 la Suisse de supprimer le blocage des r\u00e9formes et d'introduire une politique \u00e9conomique ext\u00e9rieure dynamique. En outre, les hautes \u00e9coles devraient r\u00e9agir plus rapidement aux besoins de l'\u00e9conomie afin de mettre \u00e0 disposition les sp\u00e9cialistes n\u00e9cessaires.<\/p>\n<h2>#LifelongLearning (formation continue)<\/h2>\n<p>Remo Ankli, conseiller d'\u00c9tat du canton de Soleure, a attribu\u00e9 de bonnes notes au paysage suisse de la formation. Les hautes \u00e9coles sp\u00e9cialis\u00e9es, notamment, ont un lien \u00e9troit avec l'\u00e9conomie gr\u00e2ce \u00e0 leur orientation pratique. Il a \u00e9galement \u00e9voqu\u00e9 la campagne #LifelongLearning lanc\u00e9e \u00e0 l'occasion de la Journ\u00e9e suisse du num\u00e9rique et a soulign\u00e9 qu'une des t\u00e2ches principales de l'\u00e9cole \u00e9tait d'enseigner aux enfants avant tout comment apprendre et conserver le plaisir d'apprendre tout au long de la vie.<\/p>\n<h2>Entreprise du futur<\/h2>\n<p>Roger W\u00fcthrich Hasenb\u00f6hler, Chief Digital Officer Swisscom, a pr\u00e9sent\u00e9 l'approche strat\u00e9gique de Swisscom. Pour ne pas devenir un mod\u00e8le d\u00e9pass\u00e9, les entreprises seraient bien avis\u00e9es d'investir dans l'avenir : 80 pour cent des moyens pour l'activit\u00e9 principale, 15 pour cent pour les secteurs d'activit\u00e9 voisins et 5 pour cent pour les innovations r\u00e9volutionnaires (disruptives). Ce n'est qu'en s\u00e9parant syst\u00e9matiquement l'activit\u00e9 principale de l'activit\u00e9 d'innovation que l'on peut r\u00e9aliser avec succ\u00e8s des changements fondamentaux et de nouvelles id\u00e9es. Sinon, ces \"jeunes pousses\" seraient trop n\u00e9glig\u00e9es d\u00e8s que l'activit\u00e9 principale ne fonctionne pas de mani\u00e8re optimale. W\u00fcthrich a \u00e9galement refus\u00e9 de faire cavalier seul. Pour ne pas innover sans tenir compte des consommateurs et pour r\u00e9aliser rapidement de nouvelles id\u00e9es, la coop\u00e9ration et le prototypage sont indispensables.<\/p>\n<p><em>Le prochain Forum \u00e9conomique d'Olten aura lieu le\u00a0<strong>2 septembre 2020<\/strong>\u00a0a eu lieu. Informations :\u00a0<a href=\"http:\/\/www.fhnw.ch\/wirtschaft\">www.fhnw.ch\/wirtschaft<\/a><\/em><\/p>","protected":false},"excerpt":{"rendered":"<p>Die Schweiz ist seit Jahren auf Platz 1 des Global Innovation Index. Auf diesen Lorbeeren d\u00fcrfe man sich allerdings nicht ausruhen, denn diese Rangliste erz\u00e4hle nicht die ganze Wahrheit, meinte am diesj\u00e4hrigen Wirtschaftsforum Olten Peter Gr\u00fcnenfelder, Direktor von Avenir Suisse. Andere Fakten d\u00fcrfe man nicht aus dem Blick verlieren: die Zunahme der Handelsbeschr\u00e4nkungen, die zunehmende [&hellip;]<\/p>\n","protected":false},"author":4,"featured_media":5781,"comment_status":"open","ping_status":"open","sticky":false,"template":"","format":"standard","meta":{"_acf_changed":false,"_yoast_wpseo_focuskw":"Wirtschaftsforum Olten","_yoast_wpseo_metadesc":"\u00abAlles geht immer schneller\u00bb, so die einhellige Meinung unter den 160 Teilnehmenden des Forums an der Hochschule f\u00fcr Wirtschaft FHNW.","articlekey":"","footnotes":""},"categories":[28],"tags":[192,193,335,508],"class_list":["post-5780","post","type-post","status-publish","format-standard","has-post-thumbnail","hentry","category-management","tag-fachhochschulen","tag-fachkongressfachmesse","tag-management-und-unternehmensfuehrung","tag-vermischtes"],"acf":[],"yoast_head":"<!-- This site is optimized with the Yoast SEO plugin v27.4 - https:\/\/yoast.com\/product\/yoast-seo-wordpress\/ -->\n<title>Wirtschaftsforum Olten 2019: Unternehmenserfolg dank Wandel und Stabilit\u00e4t - Organisator<\/title>\n<meta name=\"description\" content=\"\u00abAlles geht immer schneller\u00bb, so die einhellige Meinung unter den 160 Teilnehmenden des Forums an der Hochschule f\u00fcr Wirtschaft FHNW.\" \/>\n<meta name=\"robots\" content=\"index, follow, max-snippet:-1, max-image-preview:large, max-video-preview:-1\" \/>\n<link rel=\"canonical\" href=\"https:\/\/www.organisator.ch\/fr\/gestion-2\/2019-09-10\/wirtschaftsforum-olten-2019-unternehmenserfolg-dank-wandel-und-stabilitaet\/\" \/>\n<meta property=\"og:locale\" content=\"fr_FR\" \/>\n<meta property=\"og:type\" content=\"article\" \/>\n<meta property=\"og:title\" content=\"Wirtschaftsforum Olten 2019: Unternehmenserfolg dank Wandel und Stabilit\u00e4t\" \/>\n<meta property=\"og:description\" content=\"\u00abAlles geht immer schneller\u00bb, so die einhellige Meinung unter den 160 Teilnehmenden des Forums an der Hochschule f\u00fcr Wirtschaft FHNW.\" \/>\n<meta property=\"og:url\" content=\"https:\/\/www.organisator.ch\/fr\/gestion-2\/2019-09-10\/wirtschaftsforum-olten-2019-unternehmenserfolg-dank-wandel-und-stabilitaet\/\" \/>\n<meta property=\"og:site_name\" content=\"Organisator\" \/>\n<meta property=\"article:publisher\" content=\"https:\/\/www.facebook.com\/OrganisatorFachmagazin\" \/>\n<meta property=\"article:published_time\" content=\"2019-09-10T13:13:41+00:00\" \/>\n<meta property=\"og:image\" content=\"https:\/\/www.organisator.ch\/wp-content\/uploads\/2019\/09\/Wirtschaftsforum-Olten-2019-Unternehmenserfolg-dank-Wandel-und-Stabilitaet_Organisator.jpg\" \/>\n\t<meta property=\"og:image:width\" content=\"680\" \/>\n\t<meta property=\"og:image:height\" content=\"510\" \/>\n\t<meta property=\"og:image:type\" content=\"image\/jpeg\" \/>\n<meta name=\"author\" content=\"thomas.berner\" \/>\n<meta name=\"twitter:card\" content=\"summary_large_image\" \/>\n<meta name=\"twitter:title\" content=\"#Wirtschaftsforum Olten 2019: #Unternehmenserfolg dank Wandel und Stabilit\u00e4t\" \/>\n<meta name=\"twitter:description\" content=\"\u00abAlles geht immer schneller\u00bb, so die einhellige Meinung unter den 160 Teilnehmenden des Forums an der Hochschule f\u00fcr Wirtschaft #FHNW.\" \/>\n<meta name=\"twitter:image\" content=\"https:\/\/www.organisator.ch\/wp-content\/uploads\/2019\/09\/Wirtschaftsforum-Olten-2019-Unternehmenserfolg-dank-Wandel-und-Stabilit\u00e4t_Organisator.jpg\" \/>\n<script type=\"application\/ld+json\" class=\"yoast-schema-graph\">{\"@context\":\"https:\\\/\\\/schema.org\",\"@graph\":[{\"@type\":\"Article\",\"@id\":\"https:\\\/\\\/www.organisator.ch\\\/management\\\/2019-09-10\\\/wirtschaftsforum-olten-2019-unternehmenserfolg-dank-wandel-und-stabilitaet\\\/#article\",\"isPartOf\":{\"@id\":\"https:\\\/\\\/www.organisator.ch\\\/management\\\/2019-09-10\\\/wirtschaftsforum-olten-2019-unternehmenserfolg-dank-wandel-und-stabilitaet\\\/\"},\"author\":{\"name\":\"thomas.berner\",\"@id\":\"https:\\\/\\\/www.organisator.ch\\\/#\\\/schema\\\/person\\\/6f650f90b2842cd4c0cc334b4e36f67e\"},\"headline\":\"Wirtschaftsforum Olten 2019: Unternehmenserfolg dank Wandel und Stabilit\u00e4t\",\"datePublished\":\"2019-09-10T13:13:41+00:00\",\"mainEntityOfPage\":{\"@id\":\"https:\\\/\\\/www.organisator.ch\\\/management\\\/2019-09-10\\\/wirtschaftsforum-olten-2019-unternehmenserfolg-dank-wandel-und-stabilitaet\\\/\"},\"wordCount\":347,\"commentCount\":0,\"publisher\":{\"@id\":\"https:\\\/\\\/www.organisator.ch\\\/#organization\"},\"image\":{\"@id\":\"https:\\\/\\\/www.organisator.ch\\\/management\\\/2019-09-10\\\/wirtschaftsforum-olten-2019-unternehmenserfolg-dank-wandel-und-stabilitaet\\\/#primaryimage\"},\"thumbnailUrl\":\"https:\\\/\\\/www.organisator.ch\\\/wp-content\\\/uploads\\\/2019\\\/09\\\/Wirtschaftsforum-Olten-2019-Unternehmenserfolg-dank-Wandel-und-Stabilitaet_Organisator.jpg\",\"keywords\":[\"Fachhochschulen\",\"Fachkongress\\\/Fachmesse\",\"Management und Unternehmensf\u00fchrung\",\"Vermischtes\"],\"articleSection\":[\"MANAGEMENT\"],\"inLanguage\":\"fr-FR\"},{\"@type\":\"WebPage\",\"@id\":\"https:\\\/\\\/www.organisator.ch\\\/management\\\/2019-09-10\\\/wirtschaftsforum-olten-2019-unternehmenserfolg-dank-wandel-und-stabilitaet\\\/\",\"url\":\"https:\\\/\\\/www.organisator.ch\\\/management\\\/2019-09-10\\\/wirtschaftsforum-olten-2019-unternehmenserfolg-dank-wandel-und-stabilitaet\\\/\",\"name\":\"Wirtschaftsforum Olten 2019: Unternehmenserfolg dank Wandel und Stabilit\u00e4t - Organisator\",\"isPartOf\":{\"@id\":\"https:\\\/\\\/www.organisator.ch\\\/#website\"},\"primaryImageOfPage\":{\"@id\":\"https:\\\/\\\/www.organisator.ch\\\/management\\\/2019-09-10\\\/wirtschaftsforum-olten-2019-unternehmenserfolg-dank-wandel-und-stabilitaet\\\/#primaryimage\"},\"image\":{\"@id\":\"https:\\\/\\\/www.organisator.ch\\\/management\\\/2019-09-10\\\/wirtschaftsforum-olten-2019-unternehmenserfolg-dank-wandel-und-stabilitaet\\\/#primaryimage\"},\"thumbnailUrl\":\"https:\\\/\\\/www.organisator.ch\\\/wp-content\\\/uploads\\\/2019\\\/09\\\/Wirtschaftsforum-Olten-2019-Unternehmenserfolg-dank-Wandel-und-Stabilitaet_Organisator.jpg\",\"datePublished\":\"2019-09-10T13:13:41+00:00\",\"description\":\"\u00abAlles geht immer schneller\u00bb, so die einhellige Meinung unter den 160 Teilnehmenden des Forums an der Hochschule f\u00fcr Wirtschaft FHNW.\",\"breadcrumb\":{\"@id\":\"https:\\\/\\\/www.organisator.ch\\\/management\\\/2019-09-10\\\/wirtschaftsforum-olten-2019-unternehmenserfolg-dank-wandel-und-stabilitaet\\\/#breadcrumb\"},\"inLanguage\":\"fr-FR\",\"potentialAction\":[{\"@type\":\"ReadAction\",\"target\":[\"https:\\\/\\\/www.organisator.ch\\\/management\\\/2019-09-10\\\/wirtschaftsforum-olten-2019-unternehmenserfolg-dank-wandel-und-stabilitaet\\\/\"]}]},{\"@type\":\"ImageObject\",\"inLanguage\":\"fr-FR\",\"@id\":\"https:\\\/\\\/www.organisator.ch\\\/management\\\/2019-09-10\\\/wirtschaftsforum-olten-2019-unternehmenserfolg-dank-wandel-und-stabilitaet\\\/#primaryimage\",\"url\":\"https:\\\/\\\/www.organisator.ch\\\/wp-content\\\/uploads\\\/2019\\\/09\\\/Wirtschaftsforum-Olten-2019-Unternehmenserfolg-dank-Wandel-und-Stabilitaet_Organisator.jpg\",\"contentUrl\":\"https:\\\/\\\/www.organisator.ch\\\/wp-content\\\/uploads\\\/2019\\\/09\\\/Wirtschaftsforum-Olten-2019-Unternehmenserfolg-dank-Wandel-und-Stabilitaet_Organisator.jpg\",\"width\":680,\"height\":510,\"caption\":\"Rund 160 G\u00e4ste nahmen am Wirtschaftsforum Olten 2019 teil. (Bild: FHNW)\"},{\"@type\":\"BreadcrumbList\",\"@id\":\"https:\\\/\\\/www.organisator.ch\\\/management\\\/2019-09-10\\\/wirtschaftsforum-olten-2019-unternehmenserfolg-dank-wandel-und-stabilitaet\\\/#breadcrumb\",\"itemListElement\":[{\"@type\":\"ListItem\",\"position\":1,\"name\":\"Home\",\"item\":\"https:\\\/\\\/www.organisator.ch\\\/\"},{\"@type\":\"ListItem\",\"position\":2,\"name\":\"Wirtschaftsforum Olten 2019: Unternehmenserfolg dank Wandel und Stabilit\u00e4t\"}]},{\"@type\":\"WebSite\",\"@id\":\"https:\\\/\\\/www.organisator.ch\\\/#website\",\"url\":\"https:\\\/\\\/www.organisator.ch\\\/\",\"name\":\"Organisator\",\"description\":\"Kompetent. Praxisnah. Der ORGANISATOR bereitet in 10 Ausgaben pro Jahr die wesentlichen Themen f\u00fcr F\u00fchrungskr\u00e4fte von KMU auf.\",\"publisher\":{\"@id\":\"https:\\\/\\\/www.organisator.ch\\\/#organization\"},\"potentialAction\":[{\"@type\":\"SearchAction\",\"target\":{\"@type\":\"EntryPoint\",\"urlTemplate\":\"https:\\\/\\\/www.organisator.ch\\\/?s={search_term_string}\"},\"query-input\":{\"@type\":\"PropertyValueSpecification\",\"valueRequired\":true,\"valueName\":\"search_term_string\"}}],\"inLanguage\":\"fr-FR\"},{\"@type\":\"Organization\",\"@id\":\"https:\\\/\\\/www.organisator.ch\\\/#organization\",\"name\":\"Organisator\",\"url\":\"https:\\\/\\\/www.organisator.ch\\\/\",\"logo\":{\"@type\":\"ImageObject\",\"inLanguage\":\"fr-FR\",\"@id\":\"https:\\\/\\\/www.organisator.ch\\\/#\\\/schema\\\/logo\\\/image\\\/\",\"url\":\"https:\\\/\\\/www.organisator.ch\\\/wp-content\\\/uploads\\\/2022\\\/01\\\/Logo_Organisator_Website.png\",\"contentUrl\":\"https:\\\/\\\/www.organisator.ch\\\/wp-content\\\/uploads\\\/2022\\\/01\\\/Logo_Organisator_Website.png\",\"width\":800,\"height\":77,\"caption\":\"Organisator\"},\"image\":{\"@id\":\"https:\\\/\\\/www.organisator.ch\\\/#\\\/schema\\\/logo\\\/image\\\/\"},\"sameAs\":[\"https:\\\/\\\/www.facebook.com\\\/OrganisatorFachmagazin\",\"https:\\\/\\\/www.linkedin.com\\\/showcase\\\/organisator-das-magazin-fr-kmu\",\"https:\\\/\\\/www.xing.com\\\/news\\\/pages\\\/organisator-ch-695\",\"https:\\\/\\\/www.youtube.com\\\/channel\\\/UCGP2Sq0iWaZwT3BdIAQFYpw\"]},{\"@type\":\"Person\",\"@id\":\"https:\\\/\\\/www.organisator.ch\\\/#\\\/schema\\\/person\\\/6f650f90b2842cd4c0cc334b4e36f67e\",\"name\":\"thomas.berner\",\"image\":{\"@type\":\"ImageObject\",\"inLanguage\":\"fr-FR\",\"@id\":\"https:\\\/\\\/secure.gravatar.com\\\/avatar\\\/ac5001d2a36cb6c6cd3e50789007ffca834b477b74a2144564522e944eabff61?s=96&d=mm&r=g\",\"url\":\"https:\\\/\\\/secure.gravatar.com\\\/avatar\\\/ac5001d2a36cb6c6cd3e50789007ffca834b477b74a2144564522e944eabff61?s=96&d=mm&r=g\",\"contentUrl\":\"https:\\\/\\\/secure.gravatar.com\\\/avatar\\\/ac5001d2a36cb6c6cd3e50789007ffca834b477b74a2144564522e944eabff61?s=96&d=mm&r=g\",\"caption\":\"thomas.berner\"},\"url\":\"https:\\\/\\\/www.organisator.ch\\\/fr\\\/author\\\/thomas-berner\\\/\"}]}<\/script>\n<!-- \/ Yoast SEO plugin. -->","yoast_head_json":{"title":"Forum \u00e9conomique d'Olten 2019 : le succ\u00e8s des entreprises gr\u00e2ce au changement et \u00e0 la stabilit\u00e9 - Organisateur","description":"\"Tout va de plus en plus vite\", c'est l'avis unanime des 160 participants au forum organis\u00e9 \u00e0 la Haute \u00e9cole d'\u00e9conomie FHNW.","robots":{"index":"index","follow":"follow","max-snippet":"max-snippet:-1","max-image-preview":"max-image-preview:large","max-video-preview":"max-video-preview:-1"},"canonical":"https:\/\/www.organisator.ch\/fr\/gestion-2\/2019-09-10\/wirtschaftsforum-olten-2019-unternehmenserfolg-dank-wandel-und-stabilitaet\/","og_locale":"fr_FR","og_type":"article","og_title":"Wirtschaftsforum Olten 2019: Unternehmenserfolg dank Wandel und Stabilit\u00e4t","og_description":"\u00abAlles geht immer schneller\u00bb, so die einhellige Meinung unter den 160 Teilnehmenden des Forums an der Hochschule f\u00fcr Wirtschaft FHNW.","og_url":"https:\/\/www.organisator.ch\/fr\/gestion-2\/2019-09-10\/wirtschaftsforum-olten-2019-unternehmenserfolg-dank-wandel-und-stabilitaet\/","og_site_name":"Organisator","article_publisher":"https:\/\/www.facebook.com\/OrganisatorFachmagazin","article_published_time":"2019-09-10T13:13:41+00:00","og_image":[{"width":680,"height":510,"url":"https:\/\/www.organisator.ch\/wp-content\/uploads\/2019\/09\/Wirtschaftsforum-Olten-2019-Unternehmenserfolg-dank-Wandel-und-Stabilitaet_Organisator.jpg","type":"image\/jpeg"}],"author":"thomas.berner","twitter_card":"summary_large_image","twitter_title":"#Wirtschaftsforum Olten 2019: #Unternehmenserfolg dank Wandel und Stabilit\u00e4t","twitter_description":"\u00abAlles geht immer schneller\u00bb, so die einhellige Meinung unter den 160 Teilnehmenden des Forums an der Hochschule f\u00fcr Wirtschaft #FHNW.","twitter_image":"https:\/\/www.organisator.ch\/wp-content\/uploads\/2019\/09\/Wirtschaftsforum-Olten-2019-Unternehmenserfolg-dank-Wandel-und-Stabilit\u00e4t_Organisator.jpg","schema":{"@context":"https:\/\/schema.org","@graph":[{"@type":"Article","@id":"https:\/\/www.organisator.ch\/management\/2019-09-10\/wirtschaftsforum-olten-2019-unternehmenserfolg-dank-wandel-und-stabilitaet\/#article","isPartOf":{"@id":"https:\/\/www.organisator.ch\/management\/2019-09-10\/wirtschaftsforum-olten-2019-unternehmenserfolg-dank-wandel-und-stabilitaet\/"},"author":{"name":"thomas.berner","@id":"https:\/\/www.organisator.ch\/#\/schema\/person\/6f650f90b2842cd4c0cc334b4e36f67e"},"headline":"Wirtschaftsforum Olten 2019: Unternehmenserfolg dank Wandel und Stabilit\u00e4t","datePublished":"2019-09-10T13:13:41+00:00","mainEntityOfPage":{"@id":"https:\/\/www.organisator.ch\/management\/2019-09-10\/wirtschaftsforum-olten-2019-unternehmenserfolg-dank-wandel-und-stabilitaet\/"},"wordCount":347,"commentCount":0,"publisher":{"@id":"https:\/\/www.organisator.ch\/#organization"},"image":{"@id":"https:\/\/www.organisator.ch\/management\/2019-09-10\/wirtschaftsforum-olten-2019-unternehmenserfolg-dank-wandel-und-stabilitaet\/#primaryimage"},"thumbnailUrl":"https:\/\/www.organisator.ch\/wp-content\/uploads\/2019\/09\/Wirtschaftsforum-Olten-2019-Unternehmenserfolg-dank-Wandel-und-Stabilitaet_Organisator.jpg","keywords":["Fachhochschulen","Fachkongress\/Fachmesse","Management und Unternehmensf\u00fchrung","Vermischtes"],"articleSection":["MANAGEMENT"],"inLanguage":"fr-FR"},{"@type":"WebPage","@id":"https:\/\/www.organisator.ch\/management\/2019-09-10\/wirtschaftsforum-olten-2019-unternehmenserfolg-dank-wandel-und-stabilitaet\/","url":"https:\/\/www.organisator.ch\/management\/2019-09-10\/wirtschaftsforum-olten-2019-unternehmenserfolg-dank-wandel-und-stabilitaet\/","name":"Forum \u00e9conomique d'Olten 2019 : le succ\u00e8s des entreprises gr\u00e2ce au changement et \u00e0 la stabilit\u00e9 - Organisateur","isPartOf":{"@id":"https:\/\/www.organisator.ch\/#website"},"primaryImageOfPage":{"@id":"https:\/\/www.organisator.ch\/management\/2019-09-10\/wirtschaftsforum-olten-2019-unternehmenserfolg-dank-wandel-und-stabilitaet\/#primaryimage"},"image":{"@id":"https:\/\/www.organisator.ch\/management\/2019-09-10\/wirtschaftsforum-olten-2019-unternehmenserfolg-dank-wandel-und-stabilitaet\/#primaryimage"},"thumbnailUrl":"https:\/\/www.organisator.ch\/wp-content\/uploads\/2019\/09\/Wirtschaftsforum-Olten-2019-Unternehmenserfolg-dank-Wandel-und-Stabilitaet_Organisator.jpg","datePublished":"2019-09-10T13:13:41+00:00","description":"\"Tout va de plus en plus vite\", c'est l'avis unanime des 160 participants au forum organis\u00e9 \u00e0 la Haute \u00e9cole d'\u00e9conomie FHNW.","breadcrumb":{"@id":"https:\/\/www.organisator.ch\/management\/2019-09-10\/wirtschaftsforum-olten-2019-unternehmenserfolg-dank-wandel-und-stabilitaet\/#breadcrumb"},"inLanguage":"fr-FR","potentialAction":[{"@type":"ReadAction","target":["https:\/\/www.organisator.ch\/management\/2019-09-10\/wirtschaftsforum-olten-2019-unternehmenserfolg-dank-wandel-und-stabilitaet\/"]}]},{"@type":"ImageObject","inLanguage":"fr-FR","@id":"https:\/\/www.organisator.ch\/management\/2019-09-10\/wirtschaftsforum-olten-2019-unternehmenserfolg-dank-wandel-und-stabilitaet\/#primaryimage","url":"https:\/\/www.organisator.ch\/wp-content\/uploads\/2019\/09\/Wirtschaftsforum-Olten-2019-Unternehmenserfolg-dank-Wandel-und-Stabilitaet_Organisator.jpg","contentUrl":"https:\/\/www.organisator.ch\/wp-content\/uploads\/2019\/09\/Wirtschaftsforum-Olten-2019-Unternehmenserfolg-dank-Wandel-und-Stabilitaet_Organisator.jpg","width":680,"height":510,"caption":"Rund 160 G\u00e4ste nahmen am Wirtschaftsforum Olten 2019 teil. (Bild: FHNW)"},{"@type":"BreadcrumbList","@id":"https:\/\/www.organisator.ch\/management\/2019-09-10\/wirtschaftsforum-olten-2019-unternehmenserfolg-dank-wandel-und-stabilitaet\/#breadcrumb","itemListElement":[{"@type":"ListItem","position":1,"name":"Home","item":"https:\/\/www.organisator.ch\/"},{"@type":"ListItem","position":2,"name":"Wirtschaftsforum Olten 2019: Unternehmenserfolg dank Wandel und Stabilit\u00e4t"}]},{"@type":"WebSite","@id":"https:\/\/www.organisator.ch\/#website","url":"https:\/\/www.organisator.ch\/","name":"Organisateur","description":"Comp\u00e9tence et comp\u00e9tence. Proches de la pratique. L'ORGANISATEUR pr\u00e9pare 10 num\u00e9ros par an sur les th\u00e8mes essentiels pour les dirigeants de PME.","publisher":{"@id":"https:\/\/www.organisator.ch\/#organization"},"potentialAction":[{"@type":"SearchAction","target":{"@type":"EntryPoint","urlTemplate":"https:\/\/www.organisator.ch\/?s={search_term_string}"},"query-input":{"@type":"PropertyValueSpecification","valueRequired":true,"valueName":"search_term_string"}}],"inLanguage":"fr-FR"},{"@type":"Organization","@id":"https:\/\/www.organisator.ch\/#organization","name":"Organisateur","url":"https:\/\/www.organisator.ch\/","logo":{"@type":"ImageObject","inLanguage":"fr-FR","@id":"https:\/\/www.organisator.ch\/#\/schema\/logo\/image\/","url":"https:\/\/www.organisator.ch\/wp-content\/uploads\/2022\/01\/Logo_Organisator_Website.png","contentUrl":"https:\/\/www.organisator.ch\/wp-content\/uploads\/2022\/01\/Logo_Organisator_Website.png","width":800,"height":77,"caption":"Organisator"},"image":{"@id":"https:\/\/www.organisator.ch\/#\/schema\/logo\/image\/"},"sameAs":["https:\/\/www.facebook.com\/OrganisatorFachmagazin","https:\/\/www.linkedin.com\/showcase\/organisator-das-magazin-fr-kmu","https:\/\/www.xing.com\/news\/pages\/organisator-ch-695","https:\/\/www.youtube.com\/channel\/UCGP2Sq0iWaZwT3BdIAQFYpw"]},{"@type":"Person","@id":"https:\/\/www.organisator.ch\/#\/schema\/person\/6f650f90b2842cd4c0cc334b4e36f67e","name":"thomas.berner","image":{"@type":"ImageObject","inLanguage":"fr-FR","@id":"https:\/\/secure.gravatar.com\/avatar\/ac5001d2a36cb6c6cd3e50789007ffca834b477b74a2144564522e944eabff61?s=96&d=mm&r=g","url":"https:\/\/secure.gravatar.com\/avatar\/ac5001d2a36cb6c6cd3e50789007ffca834b477b74a2144564522e944eabff61?s=96&d=mm&r=g","contentUrl":"https:\/\/secure.gravatar.com\/avatar\/ac5001d2a36cb6c6cd3e50789007ffca834b477b74a2144564522e944eabff61?s=96&d=mm&r=g","caption":"thomas.berner"},"url":"https:\/\/www.organisator.ch\/fr\/author\/thomas-berner\/"}]}},"_links":{"self":[{"href":"https:\/\/www.organisator.ch\/fr\/wp-json\/wp\/v2\/posts\/5780","targetHints":{"allow":["GET"]}}],"collection":[{"href":"https:\/\/www.organisator.ch\/fr\/wp-json\/wp\/v2\/posts"}],"about":[{"href":"https:\/\/www.organisator.ch\/fr\/wp-json\/wp\/v2\/types\/post"}],"author":[{"embeddable":true,"href":"https:\/\/www.organisator.ch\/fr\/wp-json\/wp\/v2\/users\/4"}],"replies":[{"embeddable":true,"href":"https:\/\/www.organisator.ch\/fr\/wp-json\/wp\/v2\/comments?post=5780"}],"version-history":[{"count":0,"href":"https:\/\/www.organisator.ch\/fr\/wp-json\/wp\/v2\/posts\/5780\/revisions"}],"wp:featuredmedia":[{"embeddable":true,"href":"https:\/\/www.organisator.ch\/fr\/wp-json\/wp\/v2\/media\/5781"}],"wp:attachment":[{"href":"https:\/\/www.organisator.ch\/fr\/wp-json\/wp\/v2\/media?parent=5780"}],"wp:term":[{"taxonomy":"category","embeddable":true,"href":"https:\/\/www.organisator.ch\/fr\/wp-json\/wp\/v2\/categories?post=5780"},{"taxonomy":"post_tag","embeddable":true,"href":"https:\/\/www.organisator.ch\/fr\/wp-json\/wp\/v2\/tags?post=5780"}],"curies":[{"name":"wp","href":"https:\/\/api.w.org\/{rel}","templated":true}]}}