{"id":5799,"date":"2019-09-16T13:46:38","date_gmt":"2019-09-16T11:46:38","guid":{"rendered":"https:\/\/www.organisator.ch\/?p=5799"},"modified":"2019-09-16T13:46:38","modified_gmt":"2019-09-16T11:46:38","slug":"wirtschaftskraefte-messen-300-teilnehmer-am-kmu-swiss-podium","status":"publish","type":"post","link":"https:\/\/www.organisator.ch\/fr\/management\/2019-09-16\/wirtschaftskraefte-messen-300-teilnehmer-am-kmu-swiss-podium\/","title":{"rendered":"\"Forces \u00e9conomiques - mesurer\" : 300 participants au Podium PME Swiss"},"content":{"rendered":"<figure id=\"attachment_5800\" aria-describedby=\"caption-attachment-5800\" style=\"width: 680px\" class=\"wp-caption alignnone\"><img loading=\"lazy\" decoding=\"async\" class=\"size-medium wp-image-5800\" src=\"https:\/\/www.organisator.ch\/wp-content\/uploads\/2019\/09\/Wirtschaftskraefte-messen-300-Teilnehmer-am-KMU-Swiss-Podium_Organisator.jpg\" alt=\"\" width=\"680\" height=\"453\" srcset=\"https:\/\/www.organisator.ch\/wp-content\/uploads\/2019\/09\/Wirtschaftskraefte-messen-300-Teilnehmer-am-KMU-Swiss-Podium_Organisator.jpg 680w, https:\/\/www.organisator.ch\/wp-content\/uploads\/2019\/09\/Wirtschaftskraefte-messen-300-Teilnehmer-am-KMU-Swiss-Podium_Organisator-16x12.jpg 16w, https:\/\/www.organisator.ch\/wp-content\/uploads\/2019\/09\/Wirtschaftskraefte-messen-300-Teilnehmer-am-KMU-Swiss-Podium_Organisator-263x175.jpg 263w, https:\/\/www.organisator.ch\/wp-content\/uploads\/2019\/09\/Wirtschaftskraefte-messen-300-Teilnehmer-am-KMU-Swiss-Podium_Organisator-525x350.jpg 525w, https:\/\/www.organisator.ch\/wp-content\/uploads\/2019\/09\/Wirtschaftskraefte-messen-300-Teilnehmer-am-KMU-Swiss-Podium_Organisator-300x200.jpg 300w\" sizes=\"auto, (max-width: 680px) 100vw, 680px\" \/><figcaption id=\"caption-attachment-5800\" class=\"wp-caption-text\">\"Forces \u00e9conomiques - mesurer\" : Roland Goethe, Bruno Dobler et Bruno Stiegeler, entre autres, se sont exprim\u00e9s sur ce th\u00e8me. (Image : PME Swiss)<\/figcaption><\/figure>\n<p>Lors de la 11e \u00e9dition du Podium PME Suisse, qui s'est tenue le 12 septembre 2019 dans la salle du campus de Brugg-Windisch, plus de 300 participants ont suivi avec int\u00e9r\u00eat les expos\u00e9s des conf\u00e9renciers \u00e0 l'esprit entrepreneurial. Ils ont montr\u00e9 comment leur entreprise pouvait rester comp\u00e9titive et capable d'agir sur le march\u00e9 \u00e0 l'avenir.<\/p>\n<h2>\"Forces \u00e9conomiques - mesurer\"<\/h2>\n<p>\"Celui qui sait g\u00e9rer les changements constants, analyser les chances et les dangers, agir avec souplesse face aux changements et \u00eatre ouvert \u00e0 la nouveaut\u00e9, pourra aborder l'avenir avec s\u00e9r\u00e9nit\u00e9 mais aussi avec plus de force\", a d\u00e9clar\u00e9 Armin Baumann, initiateur de PME Swiss, dans son discours d'ouverture de la table ronde. Les changements peuvent \u00eatre tr\u00e8s diff\u00e9rents d'un secteur \u00e0 l'autre. Les concurrents, la p\u00e9nurie de main-d'\u0153uvre qualifi\u00e9e et les innovations sont toutefois de puissants moteurs des changements sur le march\u00e9 pour de nombreuses entreprises. Un concurrent peut devenir demain un partenaire, afin de devenir ensemble encore plus fort sur le march\u00e9.<\/p>\n<h2>L'envie rend fort !<\/h2>\n<p>Il est possible de r\u00e9aliser des performances de haut niveau si l'on fait un effort suppl\u00e9mentaire. La proette de golf, participante aux Jeux olympiques et jeune entrepreneuse Fabienne In-Albon en est convaincue. Avec sa mani\u00e8re sympathique, elle a donn\u00e9 un aper\u00e7u de son parcours de r\u00e9ussite pas si simple. Le succ\u00e8s rend solitaire et vuln\u00e9rable. Et plus on a de succ\u00e8s, plus il y a de jaloux dans l'entourage. Mais l'envie rend fort. Et l'envie est une forme de reconnaissance. Fabienne In-Albon a clairement recommand\u00e9 de consid\u00e9rer les critiques et les envieux comme des motivateurs et des moteurs permettant d'\u00e9largir ses propres horizons et de d\u00e9velopper une saine ambition. De plus, l'autor\u00e9flexion et le changement de perspective aident \u00e0 s'am\u00e9liorer sans cesse.<\/p>\n<h2>C'est vous le capitaine ! - D\u00e9coller et arriver avec des risques<\/h2>\n<p>\"Concentrez-vous sur vos id\u00e9es. Donnez-leur plus d'espace et d'attention. Et notez ces id\u00e9es imm\u00e9diatement et partout\". Telle \u00e9tait la recommandation insistante de Bruno Dobler. Il a \u00e9t\u00e9 pendant de nombreuses ann\u00e9es pilote en chef chez Crossair, instructeur de vol et fait aujourd'hui office de faiseur de possibilit\u00e9s et de sparring-partner pour les personnes ambitieuses. Car chaque id\u00e9e peut \u00eatre une chance et un succ\u00e8s potentiel pour l'avenir. Bruno Dobler a montr\u00e9 \u00e0 quel point une \u00e9quipe bien rod\u00e9e est essentielle. Les facteurs de r\u00e9ussite importants dans l'\u00e9conomie sont : les bons collaborateurs avec leurs connaissances et leurs capacit\u00e9s. Des processus propres qui sont respect\u00e9s. Une grande fiabilit\u00e9 des collaborateurs et de la technique et une formation continue des collaborateurs. Ces facteurs permettent de r\u00e9ussir dans l'\u00e9conomie. Mais Bruno Dobler a \u00e9galement mis en \u00e9vidence les raisons possibles de l'\u00e9chec : Le surmenage, la facilit\u00e9 et le manque de confiance, en p\u00e9riode de difficult\u00e9s et de turbulences. Pour atteindre des sommets insoup\u00e7onn\u00e9s, il ne faut jamais perdre la force et la foi en son id\u00e9e ou son projet - et simplement \u00eatre meilleur que les autres.<\/p>\n<h2>Avenir - Monde du travail ?<\/h2>\n<p>Nicole Burth Tschudi, CEO du groupe Adecco Suisse, a r\u00e9pondu dans son expos\u00e9 \u00e0 la question de savoir \u00e0 quoi pourrait ressembler ce monde du travail \u00e0 l'avenir. A l'avenir, de toutes nouvelles qualifications seront exig\u00e9es. L'un des d\u00e9fis en Suisse sera de former les bons talents et d'orienter les cultures d'entreprise vers les jeunes. Selon Nicole Burth Tschudi, l'apprentissage tout au long de la vie et une formation continue constante - \u00e0 tout \u00e2ge - sont incontournables. \"Nous devons \u00e0 nouveau 'apprendre \u00e0 apprendre'\", a-t-elle d\u00e9clar\u00e9. Les entreprises ont \u00e9galement un r\u00f4le \u00e0 jouer dans ce domaine. Elles devraient investir dans le d\u00e9veloppement de leurs collaborateurs et attirer, encourager et conserver les jeunes talents. Cela est \u00e9galement essentiel pour le d\u00e9veloppement de leur propre entreprise. Avec la m\u00e9ga-tendance de la num\u00e9risation, on exigera \u00e0 l'avenir encore plus de comp\u00e9tences num\u00e9riques. Or, les possibilit\u00e9s de formation continue sont encore \u00e0 la tra\u00eene par rapport \u00e0 ce besoin. Burth Tschudi demande des solutions rapides. Pour lutter contre le manque de personnel qualifi\u00e9 et la p\u00e9nurie de talents, il faudrait permettre aux actifs plus \u00e2g\u00e9s de travailler plus longtemps et encourager le travail \u00e0 temps partiel afin de permettre une meilleure r\u00e9partition de la garde des enfants.<\/p>\n<h2>Entre agacement et euphorie : une id\u00e9e polarise depuis 85 ans<\/h2>\n<p>Bruno Stiegeler, CEO de la banque coop\u00e9rative WIR, a emmen\u00e9 le public dans un voyage dans le temps. Avec dynamisme, il a racont\u00e9 l'histoire et l'id\u00e9e de Werner Zimmermann d'introduire une monnaie compl\u00e9mentaire pour renforcer l'\u00e9conomie des PME suisses. Aujourd'hui encore, cette id\u00e9e est d'actualit\u00e9 : l'argent doit circuler pour un syst\u00e8me vivant, et ce sans int\u00e9r\u00eat.<br \/>\nAujourd'hui, 30'000 PME issues des secteurs les plus divers sont membres du r\u00e9seau ferm\u00e9 de la Banque WIR. Elles contribuent \u00e0 la croissance et au bon fonctionnement de l'\u00e9conomie suisse. M\u00eame une banque WIR \u00e9tablie de longue date devient num\u00e9rique et se d\u00e9veloppe. Aujourd'hui d\u00e9j\u00e0, 90% de tous les paiements des membres sont effectu\u00e9s par voie num\u00e9rique. Et une activit\u00e9 diversifi\u00e9e avec de nouveaux produits d'\u00e9pargne et de pr\u00e9voyance semble porter ses fruits.<\/p>\n<h2>Une conclusion r\u00e9ussie<\/h2>\n<p>Les divers expos\u00e9s ainsi que la table ronde passionnante et instructive avec Roland Goethe, pr\u00e9sident de Swissmechanic et d\u00e9put\u00e9 glaronnais, Bruno Dobler ainsi que Bruno Stiegeler ont suscit\u00e9 des discussions int\u00e9ressantes lors du Flying Dinner final. Tous \u00e9taient d'accord pour dire que les points essentiels d'un bon entrepreneur sont la passion pour son id\u00e9e, une caract\u00e9ristique unique claire pour l'entreprise et le FAIRE. Le journaliste Michael Sokoll a anim\u00e9 le programme de la table ronde avec comp\u00e9tence et humour.<\/p>\n<p><em>Les expos\u00e9s sur le th\u00e8me \"Forces \u00e9conomiques - mesurer\" seront disponibles \u00e0 partir du 17 septembre sur <a href=\"http:\/\/www.kmuswiss.tv\">www.kmuswiss.tv<\/a> peuvent \u00eatre consult\u00e9s. Plus d'informations : <\/em><a href=\"http:\/\/www.kmu-swiss.ch\"><em>www.kmu-swiss.ch<\/em><\/a><\/p>","protected":false},"excerpt":{"rendered":"<p>\u00dcber 300 Teilnehmerinnen und Teilnehmer verfolgten an der 11. Ausgabe vom KMU Swiss Podium am 12. September 2019 im Campussaal in Brugg-Windisch gespannt die Einblicke der unternehmerisch denkenden Referentinnen und Referenten. Sie zeigten auf, wie sie mit ihrem Unternehmen auch in Zukunft konkurrenz- und handlungsf\u00e4hig am Markt bleiben. \u00abWirtschaftskr\u00e4fte \u2013 messen\u00bb &#8222;Wer mit dem stetigen [&hellip;]<\/p>\n","protected":false},"author":4,"featured_media":5800,"comment_status":"closed","ping_status":"closed","sticky":false,"template":"","format":"standard","meta":{"_acf_changed":false,"_yoast_wpseo_focuskw":"Wirtschaftskr\u00e4fte messen","_yoast_wpseo_metadesc":"Wie soll ein Unternehmen mit den einwirkenden Wirtschaftskr\u00e4ften umgehen und wie kann es sich im stetig wandelnden Umfeld behaupten?","articlekey":"","footnotes":""},"categories":[28],"tags":[193,335,492],"class_list":["post-5799","post","type-post","status-publish","format-standard","has-post-thumbnail","hentry","category-management","tag-fachkongressfachmesse","tag-management-und-unternehmensfuehrung","tag-unternehmen"],"acf":[],"yoast_head":"<!-- This site is optimized with the Yoast SEO plugin v27.4 - https:\/\/yoast.com\/product\/yoast-seo-wordpress\/ -->\n<title>\u201eWirtschaftskr\u00e4fte \u2013 messen\u201c: 300 Teilnehmer am KMU Swiss Podium - Organisator<\/title>\n<meta name=\"description\" content=\"Wie soll ein Unternehmen mit den einwirkenden Wirtschaftskr\u00e4ften umgehen und wie kann es sich im stetig wandelnden Umfeld behaupten?\" \/>\n<meta name=\"robots\" content=\"index, follow, max-snippet:-1, max-image-preview:large, max-video-preview:-1\" \/>\n<link rel=\"canonical\" href=\"https:\/\/www.organisator.ch\/fr\/gestion-2\/2019-09-16\/wirtschaftskraefte-messen-300-teilnehmer-am-kmu-swiss-podium\/\" \/>\n<meta property=\"og:locale\" content=\"fr_FR\" \/>\n<meta property=\"og:type\" content=\"article\" \/>\n<meta property=\"og:title\" content=\"\u201eWirtschaftskr\u00e4fte \u2013 messen\u201c: 300 Teilnehmer am KMU Swiss Podium\" \/>\n<meta property=\"og:description\" content=\"Wie soll ein Unternehmen mit den einwirkenden Wirtschaftskr\u00e4ften umgehen und wie kann es sich im stetig wandelnden Umfeld behaupten?\" \/>\n<meta property=\"og:url\" content=\"https:\/\/www.organisator.ch\/fr\/gestion-2\/2019-09-16\/wirtschaftskraefte-messen-300-teilnehmer-am-kmu-swiss-podium\/\" \/>\n<meta property=\"og:site_name\" content=\"Organisator\" \/>\n<meta property=\"article:publisher\" content=\"https:\/\/www.facebook.com\/OrganisatorFachmagazin\" \/>\n<meta property=\"article:published_time\" content=\"2019-09-16T11:46:38+00:00\" \/>\n<meta property=\"og:image\" content=\"https:\/\/www.organisator.ch\/wp-content\/uploads\/2019\/09\/Wirtschaftskraefte-messen-300-Teilnehmer-am-KMU-Swiss-Podium_Organisator.jpg\" \/>\n\t<meta property=\"og:image:width\" content=\"680\" \/>\n\t<meta property=\"og:image:height\" content=\"453\" \/>\n\t<meta property=\"og:image:type\" content=\"image\/jpeg\" \/>\n<meta name=\"author\" content=\"thomas.berner\" \/>\n<meta name=\"twitter:card\" content=\"summary_large_image\" \/>\n<meta name=\"twitter:title\" content=\"\u201eWirtschaftskr\u00e4fte \u2013 messen\u201c: 300 Teilnehmer am #KMU Swiss #Podium\" \/>\n<meta name=\"twitter:description\" content=\"Wie soll ein #Unternehmen mit den einwirkenden #Wirtschaftskr\u00e4ften umgehen und wie kann es sich im stetig wandelnden Umfeld behaupten?\" \/>\n<meta name=\"twitter:image\" content=\"https:\/\/www.organisator.ch\/wp-content\/uploads\/2019\/09\/Wirtschaftskraefte-messen-300-Teilnehmer-am-KMU-Swiss-Podium_Organisator.jpg\" \/>\n<script type=\"application\/ld+json\" class=\"yoast-schema-graph\">{\"@context\":\"https:\\\/\\\/schema.org\",\"@graph\":[{\"@type\":\"Article\",\"@id\":\"https:\\\/\\\/www.organisator.ch\\\/management\\\/2019-09-16\\\/wirtschaftskraefte-messen-300-teilnehmer-am-kmu-swiss-podium\\\/#article\",\"isPartOf\":{\"@id\":\"https:\\\/\\\/www.organisator.ch\\\/management\\\/2019-09-16\\\/wirtschaftskraefte-messen-300-teilnehmer-am-kmu-swiss-podium\\\/\"},\"author\":{\"name\":\"thomas.berner\",\"@id\":\"https:\\\/\\\/www.organisator.ch\\\/#\\\/schema\\\/person\\\/6f650f90b2842cd4c0cc334b4e36f67e\"},\"headline\":\"\u201eWirtschaftskr\u00e4fte \u2013 messen\u201c: 300 Teilnehmer am KMU Swiss Podium\",\"datePublished\":\"2019-09-16T11:46:38+00:00\",\"mainEntityOfPage\":{\"@id\":\"https:\\\/\\\/www.organisator.ch\\\/management\\\/2019-09-16\\\/wirtschaftskraefte-messen-300-teilnehmer-am-kmu-swiss-podium\\\/\"},\"wordCount\":849,\"publisher\":{\"@id\":\"https:\\\/\\\/www.organisator.ch\\\/#organization\"},\"image\":{\"@id\":\"https:\\\/\\\/www.organisator.ch\\\/management\\\/2019-09-16\\\/wirtschaftskraefte-messen-300-teilnehmer-am-kmu-swiss-podium\\\/#primaryimage\"},\"thumbnailUrl\":\"https:\\\/\\\/www.organisator.ch\\\/wp-content\\\/uploads\\\/2019\\\/09\\\/Wirtschaftskraefte-messen-300-Teilnehmer-am-KMU-Swiss-Podium_Organisator.jpg\",\"keywords\":[\"Fachkongress\\\/Fachmesse\",\"Management und Unternehmensf\u00fchrung\",\"Unternehmen\"],\"articleSection\":[\"MANAGEMENT\"],\"inLanguage\":\"fr-FR\"},{\"@type\":\"WebPage\",\"@id\":\"https:\\\/\\\/www.organisator.ch\\\/management\\\/2019-09-16\\\/wirtschaftskraefte-messen-300-teilnehmer-am-kmu-swiss-podium\\\/\",\"url\":\"https:\\\/\\\/www.organisator.ch\\\/management\\\/2019-09-16\\\/wirtschaftskraefte-messen-300-teilnehmer-am-kmu-swiss-podium\\\/\",\"name\":\"\u201eWirtschaftskr\u00e4fte \u2013 messen\u201c: 300 Teilnehmer am KMU Swiss Podium - Organisator\",\"isPartOf\":{\"@id\":\"https:\\\/\\\/www.organisator.ch\\\/#website\"},\"primaryImageOfPage\":{\"@id\":\"https:\\\/\\\/www.organisator.ch\\\/management\\\/2019-09-16\\\/wirtschaftskraefte-messen-300-teilnehmer-am-kmu-swiss-podium\\\/#primaryimage\"},\"image\":{\"@id\":\"https:\\\/\\\/www.organisator.ch\\\/management\\\/2019-09-16\\\/wirtschaftskraefte-messen-300-teilnehmer-am-kmu-swiss-podium\\\/#primaryimage\"},\"thumbnailUrl\":\"https:\\\/\\\/www.organisator.ch\\\/wp-content\\\/uploads\\\/2019\\\/09\\\/Wirtschaftskraefte-messen-300-Teilnehmer-am-KMU-Swiss-Podium_Organisator.jpg\",\"datePublished\":\"2019-09-16T11:46:38+00:00\",\"description\":\"Wie soll ein Unternehmen mit den einwirkenden Wirtschaftskr\u00e4ften umgehen und wie kann es sich im stetig wandelnden Umfeld behaupten?\",\"breadcrumb\":{\"@id\":\"https:\\\/\\\/www.organisator.ch\\\/management\\\/2019-09-16\\\/wirtschaftskraefte-messen-300-teilnehmer-am-kmu-swiss-podium\\\/#breadcrumb\"},\"inLanguage\":\"fr-FR\",\"potentialAction\":[{\"@type\":\"ReadAction\",\"target\":[\"https:\\\/\\\/www.organisator.ch\\\/management\\\/2019-09-16\\\/wirtschaftskraefte-messen-300-teilnehmer-am-kmu-swiss-podium\\\/\"]}]},{\"@type\":\"ImageObject\",\"inLanguage\":\"fr-FR\",\"@id\":\"https:\\\/\\\/www.organisator.ch\\\/management\\\/2019-09-16\\\/wirtschaftskraefte-messen-300-teilnehmer-am-kmu-swiss-podium\\\/#primaryimage\",\"url\":\"https:\\\/\\\/www.organisator.ch\\\/wp-content\\\/uploads\\\/2019\\\/09\\\/Wirtschaftskraefte-messen-300-Teilnehmer-am-KMU-Swiss-Podium_Organisator.jpg\",\"contentUrl\":\"https:\\\/\\\/www.organisator.ch\\\/wp-content\\\/uploads\\\/2019\\\/09\\\/Wirtschaftskraefte-messen-300-Teilnehmer-am-KMU-Swiss-Podium_Organisator.jpg\",\"width\":680,\"height\":453,\"caption\":\"\\\"Wirtschaftskr\u00e4fte - messen\\\": Zu diesem Thema sprachen u.a. Roland Goethe, Bruno Dobler und Bruno Stiegeler. (Bild: KMU Swiss)\"},{\"@type\":\"BreadcrumbList\",\"@id\":\"https:\\\/\\\/www.organisator.ch\\\/management\\\/2019-09-16\\\/wirtschaftskraefte-messen-300-teilnehmer-am-kmu-swiss-podium\\\/#breadcrumb\",\"itemListElement\":[{\"@type\":\"ListItem\",\"position\":1,\"name\":\"Home\",\"item\":\"https:\\\/\\\/www.organisator.ch\\\/\"},{\"@type\":\"ListItem\",\"position\":2,\"name\":\"\u201eWirtschaftskr\u00e4fte \u2013 messen\u201c: 300 Teilnehmer am KMU Swiss Podium\"}]},{\"@type\":\"WebSite\",\"@id\":\"https:\\\/\\\/www.organisator.ch\\\/#website\",\"url\":\"https:\\\/\\\/www.organisator.ch\\\/\",\"name\":\"Organisator\",\"description\":\"Kompetent. Praxisnah. Der ORGANISATOR bereitet in 10 Ausgaben pro Jahr die wesentlichen Themen f\u00fcr F\u00fchrungskr\u00e4fte von KMU auf.\",\"publisher\":{\"@id\":\"https:\\\/\\\/www.organisator.ch\\\/#organization\"},\"potentialAction\":[{\"@type\":\"SearchAction\",\"target\":{\"@type\":\"EntryPoint\",\"urlTemplate\":\"https:\\\/\\\/www.organisator.ch\\\/?s={search_term_string}\"},\"query-input\":{\"@type\":\"PropertyValueSpecification\",\"valueRequired\":true,\"valueName\":\"search_term_string\"}}],\"inLanguage\":\"fr-FR\"},{\"@type\":\"Organization\",\"@id\":\"https:\\\/\\\/www.organisator.ch\\\/#organization\",\"name\":\"Organisator\",\"url\":\"https:\\\/\\\/www.organisator.ch\\\/\",\"logo\":{\"@type\":\"ImageObject\",\"inLanguage\":\"fr-FR\",\"@id\":\"https:\\\/\\\/www.organisator.ch\\\/#\\\/schema\\\/logo\\\/image\\\/\",\"url\":\"https:\\\/\\\/www.organisator.ch\\\/wp-content\\\/uploads\\\/2022\\\/01\\\/Logo_Organisator_Website.png\",\"contentUrl\":\"https:\\\/\\\/www.organisator.ch\\\/wp-content\\\/uploads\\\/2022\\\/01\\\/Logo_Organisator_Website.png\",\"width\":800,\"height\":77,\"caption\":\"Organisator\"},\"image\":{\"@id\":\"https:\\\/\\\/www.organisator.ch\\\/#\\\/schema\\\/logo\\\/image\\\/\"},\"sameAs\":[\"https:\\\/\\\/www.facebook.com\\\/OrganisatorFachmagazin\",\"https:\\\/\\\/www.linkedin.com\\\/showcase\\\/organisator-das-magazin-fr-kmu\",\"https:\\\/\\\/www.xing.com\\\/news\\\/pages\\\/organisator-ch-695\",\"https:\\\/\\\/www.youtube.com\\\/channel\\\/UCGP2Sq0iWaZwT3BdIAQFYpw\"]},{\"@type\":\"Person\",\"@id\":\"https:\\\/\\\/www.organisator.ch\\\/#\\\/schema\\\/person\\\/6f650f90b2842cd4c0cc334b4e36f67e\",\"name\":\"thomas.berner\",\"image\":{\"@type\":\"ImageObject\",\"inLanguage\":\"fr-FR\",\"@id\":\"https:\\\/\\\/secure.gravatar.com\\\/avatar\\\/ac5001d2a36cb6c6cd3e50789007ffca834b477b74a2144564522e944eabff61?s=96&d=mm&r=g\",\"url\":\"https:\\\/\\\/secure.gravatar.com\\\/avatar\\\/ac5001d2a36cb6c6cd3e50789007ffca834b477b74a2144564522e944eabff61?s=96&d=mm&r=g\",\"contentUrl\":\"https:\\\/\\\/secure.gravatar.com\\\/avatar\\\/ac5001d2a36cb6c6cd3e50789007ffca834b477b74a2144564522e944eabff61?s=96&d=mm&r=g\",\"caption\":\"thomas.berner\"},\"url\":\"https:\\\/\\\/www.organisator.ch\\\/fr\\\/author\\\/thomas-berner\\\/\"}]}<\/script>\n<!-- \/ Yoast SEO plugin. -->","yoast_head_json":{"title":"\"Forces \u00e9conomiques - mesurer\" : 300 participants au KMU Swiss Podium - Organisateur","description":"Comment une entreprise doit-elle g\u00e9rer les forces \u00e9conomiques qui l'influencent et comment peut-elle s'affirmer dans un environnement en constante \u00e9volution ?","robots":{"index":"index","follow":"follow","max-snippet":"max-snippet:-1","max-image-preview":"max-image-preview:large","max-video-preview":"max-video-preview:-1"},"canonical":"https:\/\/www.organisator.ch\/fr\/gestion-2\/2019-09-16\/wirtschaftskraefte-messen-300-teilnehmer-am-kmu-swiss-podium\/","og_locale":"fr_FR","og_type":"article","og_title":"\u201eWirtschaftskr\u00e4fte \u2013 messen\u201c: 300 Teilnehmer am KMU Swiss Podium","og_description":"Wie soll ein Unternehmen mit den einwirkenden Wirtschaftskr\u00e4ften umgehen und wie kann es sich im stetig wandelnden Umfeld behaupten?","og_url":"https:\/\/www.organisator.ch\/fr\/gestion-2\/2019-09-16\/wirtschaftskraefte-messen-300-teilnehmer-am-kmu-swiss-podium\/","og_site_name":"Organisator","article_publisher":"https:\/\/www.facebook.com\/OrganisatorFachmagazin","article_published_time":"2019-09-16T11:46:38+00:00","og_image":[{"width":680,"height":453,"url":"https:\/\/www.organisator.ch\/wp-content\/uploads\/2019\/09\/Wirtschaftskraefte-messen-300-Teilnehmer-am-KMU-Swiss-Podium_Organisator.jpg","type":"image\/jpeg"}],"author":"thomas.berner","twitter_card":"summary_large_image","twitter_title":"\u201eWirtschaftskr\u00e4fte \u2013 messen\u201c: 300 Teilnehmer am #KMU Swiss #Podium","twitter_description":"Wie soll ein #Unternehmen mit den einwirkenden #Wirtschaftskr\u00e4ften umgehen und wie kann es sich im stetig wandelnden Umfeld behaupten?","twitter_image":"https:\/\/www.organisator.ch\/wp-content\/uploads\/2019\/09\/Wirtschaftskraefte-messen-300-Teilnehmer-am-KMU-Swiss-Podium_Organisator.jpg","schema":{"@context":"https:\/\/schema.org","@graph":[{"@type":"Article","@id":"https:\/\/www.organisator.ch\/management\/2019-09-16\/wirtschaftskraefte-messen-300-teilnehmer-am-kmu-swiss-podium\/#article","isPartOf":{"@id":"https:\/\/www.organisator.ch\/management\/2019-09-16\/wirtschaftskraefte-messen-300-teilnehmer-am-kmu-swiss-podium\/"},"author":{"name":"thomas.berner","@id":"https:\/\/www.organisator.ch\/#\/schema\/person\/6f650f90b2842cd4c0cc334b4e36f67e"},"headline":"\u201eWirtschaftskr\u00e4fte \u2013 messen\u201c: 300 Teilnehmer am KMU Swiss Podium","datePublished":"2019-09-16T11:46:38+00:00","mainEntityOfPage":{"@id":"https:\/\/www.organisator.ch\/management\/2019-09-16\/wirtschaftskraefte-messen-300-teilnehmer-am-kmu-swiss-podium\/"},"wordCount":849,"publisher":{"@id":"https:\/\/www.organisator.ch\/#organization"},"image":{"@id":"https:\/\/www.organisator.ch\/management\/2019-09-16\/wirtschaftskraefte-messen-300-teilnehmer-am-kmu-swiss-podium\/#primaryimage"},"thumbnailUrl":"https:\/\/www.organisator.ch\/wp-content\/uploads\/2019\/09\/Wirtschaftskraefte-messen-300-Teilnehmer-am-KMU-Swiss-Podium_Organisator.jpg","keywords":["Fachkongress\/Fachmesse","Management und Unternehmensf\u00fchrung","Unternehmen"],"articleSection":["MANAGEMENT"],"inLanguage":"fr-FR"},{"@type":"WebPage","@id":"https:\/\/www.organisator.ch\/management\/2019-09-16\/wirtschaftskraefte-messen-300-teilnehmer-am-kmu-swiss-podium\/","url":"https:\/\/www.organisator.ch\/management\/2019-09-16\/wirtschaftskraefte-messen-300-teilnehmer-am-kmu-swiss-podium\/","name":"\"Forces \u00e9conomiques - mesurer\" : 300 participants au KMU Swiss Podium - Organisateur","isPartOf":{"@id":"https:\/\/www.organisator.ch\/#website"},"primaryImageOfPage":{"@id":"https:\/\/www.organisator.ch\/management\/2019-09-16\/wirtschaftskraefte-messen-300-teilnehmer-am-kmu-swiss-podium\/#primaryimage"},"image":{"@id":"https:\/\/www.organisator.ch\/management\/2019-09-16\/wirtschaftskraefte-messen-300-teilnehmer-am-kmu-swiss-podium\/#primaryimage"},"thumbnailUrl":"https:\/\/www.organisator.ch\/wp-content\/uploads\/2019\/09\/Wirtschaftskraefte-messen-300-Teilnehmer-am-KMU-Swiss-Podium_Organisator.jpg","datePublished":"2019-09-16T11:46:38+00:00","description":"Comment une entreprise doit-elle g\u00e9rer les forces \u00e9conomiques qui l'influencent et comment peut-elle s'affirmer dans un environnement en constante \u00e9volution ?","breadcrumb":{"@id":"https:\/\/www.organisator.ch\/management\/2019-09-16\/wirtschaftskraefte-messen-300-teilnehmer-am-kmu-swiss-podium\/#breadcrumb"},"inLanguage":"fr-FR","potentialAction":[{"@type":"ReadAction","target":["https:\/\/www.organisator.ch\/management\/2019-09-16\/wirtschaftskraefte-messen-300-teilnehmer-am-kmu-swiss-podium\/"]}]},{"@type":"ImageObject","inLanguage":"fr-FR","@id":"https:\/\/www.organisator.ch\/management\/2019-09-16\/wirtschaftskraefte-messen-300-teilnehmer-am-kmu-swiss-podium\/#primaryimage","url":"https:\/\/www.organisator.ch\/wp-content\/uploads\/2019\/09\/Wirtschaftskraefte-messen-300-Teilnehmer-am-KMU-Swiss-Podium_Organisator.jpg","contentUrl":"https:\/\/www.organisator.ch\/wp-content\/uploads\/2019\/09\/Wirtschaftskraefte-messen-300-Teilnehmer-am-KMU-Swiss-Podium_Organisator.jpg","width":680,"height":453,"caption":"\"Wirtschaftskr\u00e4fte - messen\": Zu diesem Thema sprachen u.a. Roland Goethe, Bruno Dobler und Bruno Stiegeler. (Bild: KMU Swiss)"},{"@type":"BreadcrumbList","@id":"https:\/\/www.organisator.ch\/management\/2019-09-16\/wirtschaftskraefte-messen-300-teilnehmer-am-kmu-swiss-podium\/#breadcrumb","itemListElement":[{"@type":"ListItem","position":1,"name":"Home","item":"https:\/\/www.organisator.ch\/"},{"@type":"ListItem","position":2,"name":"\u201eWirtschaftskr\u00e4fte \u2013 messen\u201c: 300 Teilnehmer am KMU Swiss Podium"}]},{"@type":"WebSite","@id":"https:\/\/www.organisator.ch\/#website","url":"https:\/\/www.organisator.ch\/","name":"Organisateur","description":"Comp\u00e9tence et comp\u00e9tence. Proches de la pratique. L'ORGANISATEUR pr\u00e9pare 10 num\u00e9ros par an sur les th\u00e8mes essentiels pour les dirigeants de PME.","publisher":{"@id":"https:\/\/www.organisator.ch\/#organization"},"potentialAction":[{"@type":"SearchAction","target":{"@type":"EntryPoint","urlTemplate":"https:\/\/www.organisator.ch\/?s={search_term_string}"},"query-input":{"@type":"PropertyValueSpecification","valueRequired":true,"valueName":"search_term_string"}}],"inLanguage":"fr-FR"},{"@type":"Organization","@id":"https:\/\/www.organisator.ch\/#organization","name":"Organisateur","url":"https:\/\/www.organisator.ch\/","logo":{"@type":"ImageObject","inLanguage":"fr-FR","@id":"https:\/\/www.organisator.ch\/#\/schema\/logo\/image\/","url":"https:\/\/www.organisator.ch\/wp-content\/uploads\/2022\/01\/Logo_Organisator_Website.png","contentUrl":"https:\/\/www.organisator.ch\/wp-content\/uploads\/2022\/01\/Logo_Organisator_Website.png","width":800,"height":77,"caption":"Organisator"},"image":{"@id":"https:\/\/www.organisator.ch\/#\/schema\/logo\/image\/"},"sameAs":["https:\/\/www.facebook.com\/OrganisatorFachmagazin","https:\/\/www.linkedin.com\/showcase\/organisator-das-magazin-fr-kmu","https:\/\/www.xing.com\/news\/pages\/organisator-ch-695","https:\/\/www.youtube.com\/channel\/UCGP2Sq0iWaZwT3BdIAQFYpw"]},{"@type":"Person","@id":"https:\/\/www.organisator.ch\/#\/schema\/person\/6f650f90b2842cd4c0cc334b4e36f67e","name":"thomas.berner","image":{"@type":"ImageObject","inLanguage":"fr-FR","@id":"https:\/\/secure.gravatar.com\/avatar\/ac5001d2a36cb6c6cd3e50789007ffca834b477b74a2144564522e944eabff61?s=96&d=mm&r=g","url":"https:\/\/secure.gravatar.com\/avatar\/ac5001d2a36cb6c6cd3e50789007ffca834b477b74a2144564522e944eabff61?s=96&d=mm&r=g","contentUrl":"https:\/\/secure.gravatar.com\/avatar\/ac5001d2a36cb6c6cd3e50789007ffca834b477b74a2144564522e944eabff61?s=96&d=mm&r=g","caption":"thomas.berner"},"url":"https:\/\/www.organisator.ch\/fr\/author\/thomas-berner\/"}]}},"_links":{"self":[{"href":"https:\/\/www.organisator.ch\/fr\/wp-json\/wp\/v2\/posts\/5799","targetHints":{"allow":["GET"]}}],"collection":[{"href":"https:\/\/www.organisator.ch\/fr\/wp-json\/wp\/v2\/posts"}],"about":[{"href":"https:\/\/www.organisator.ch\/fr\/wp-json\/wp\/v2\/types\/post"}],"author":[{"embeddable":true,"href":"https:\/\/www.organisator.ch\/fr\/wp-json\/wp\/v2\/users\/4"}],"replies":[{"embeddable":true,"href":"https:\/\/www.organisator.ch\/fr\/wp-json\/wp\/v2\/comments?post=5799"}],"version-history":[{"count":0,"href":"https:\/\/www.organisator.ch\/fr\/wp-json\/wp\/v2\/posts\/5799\/revisions"}],"wp:featuredmedia":[{"embeddable":true,"href":"https:\/\/www.organisator.ch\/fr\/wp-json\/wp\/v2\/media\/5800"}],"wp:attachment":[{"href":"https:\/\/www.organisator.ch\/fr\/wp-json\/wp\/v2\/media?parent=5799"}],"wp:term":[{"taxonomy":"category","embeddable":true,"href":"https:\/\/www.organisator.ch\/fr\/wp-json\/wp\/v2\/categories?post=5799"},{"taxonomy":"post_tag","embeddable":true,"href":"https:\/\/www.organisator.ch\/fr\/wp-json\/wp\/v2\/tags?post=5799"}],"curies":[{"name":"wp","href":"https:\/\/api.w.org\/{rel}","templated":true}]}}