{"id":5802,"date":"2019-09-16T15:12:25","date_gmt":"2019-09-16T13:12:25","guid":{"rendered":"https:\/\/www.organisator.ch\/?p=5802"},"modified":"2019-09-16T15:12:25","modified_gmt":"2019-09-16T13:12:25","slug":"zermatt-summit-2019-anti-illicit-trade-declaration-unterzeichnet","status":"publish","type":"post","link":"https:\/\/www.organisator.ch\/fr\/management\/2019-09-16\/zermatt-summit-2019-anti-illicit-trade-declaration-unterzeichnet\/","title":{"rendered":"Zermatt Summit 2019 : signature de la D\u00e9claration sur le commerce illicite"},"content":{"rendered":"<figure id=\"attachment_5803\" aria-describedby=\"caption-attachment-5803\" style=\"width: 680px\" class=\"wp-caption alignnone\"><img loading=\"lazy\" decoding=\"async\" class=\"size-medium wp-image-5803\" src=\"https:\/\/www.organisator.ch\/wp-content\/uploads\/2019\/09\/Zermatt-Summit-2019-Anti-Illicit-Trade-Declaration-unterzeichnet_Organisator.jpg\" alt=\"\" width=\"680\" height=\"474\" srcset=\"https:\/\/www.organisator.ch\/wp-content\/uploads\/2019\/09\/Zermatt-Summit-2019-Anti-Illicit-Trade-Declaration-unterzeichnet_Organisator.jpg 680w, https:\/\/www.organisator.ch\/wp-content\/uploads\/2019\/09\/Zermatt-Summit-2019-Anti-Illicit-Trade-Declaration-unterzeichnet_Organisator-16x12.jpg 16w, https:\/\/www.organisator.ch\/wp-content\/uploads\/2019\/09\/Zermatt-Summit-2019-Anti-Illicit-Trade-Declaration-unterzeichnet_Organisator-251x175.jpg 251w, https:\/\/www.organisator.ch\/wp-content\/uploads\/2019\/09\/Zermatt-Summit-2019-Anti-Illicit-Trade-Declaration-unterzeichnet_Organisator-502x350.jpg 502w, https:\/\/www.organisator.ch\/wp-content\/uploads\/2019\/09\/Zermatt-Summit-2019-Anti-Illicit-Trade-Declaration-unterzeichnet_Organisator-300x209.jpg 300w\" sizes=\"auto, (max-width: 680px) 100vw, 680px\" \/><figcaption id=\"caption-attachment-5803\" class=\"wp-caption-text\">Signature de la d\u00e9claration sur le commerce illicite : (de gauche \u00e0 droite) Dourgam Kummer, Member of the Board, OISTE ; David Behrends, Managing Partner and Head of Trading, Sucafina ; Alvise Giustiniani, Vice President Illicit Trade Prevention, Philip Morris International ; Carlos Moreira, Founder and Chairman and CEO, WISeKey SA ; Christopher Wasserman, President and Founder, Zermatt Summit Foundation. (Image : obs\/Zermatt Summit\/OISTE\/Zermatt Summit Foundation)<\/figcaption><\/figure>\n<p>Depuis 2010, le sommet de Zermatt a lieu chaque ann\u00e9e en Suisse. Ce congr\u00e8s est principalement destin\u00e9 aux dirigeants d'entreprise \/ financiers et aux entrepreneurs dans le cadre d'un dialogue orient\u00e9 vers l'action avec des d\u00e9cideurs de la soci\u00e9t\u00e9 civile, des sciences, de l'\u00e9ducation, des arts visuels, de l'architecture, de la m\u00e9decine, de la spiritualit\u00e9 et du secteur public. Selon les organisateurs, le programme annuel de conf\u00e9rences du Sommet de Zermatt est un catalyseur pour inspirer, partager des innovations et mettre en pratique de nouveaux mod\u00e8les de d\u00e9veloppement commercial, en donnant la priorit\u00e9 \u00e0 la dignit\u00e9 humaine dans notre monde globalis\u00e9.<\/p>\n<h2>Signature de la d\u00e9claration sur le commerce illicite<\/h2>\n<p>La Fondation OISTE, la Fondation du Sommet de Zermatt, Sucafina, Integral Petroleum, Philip Morris International et des d\u00e9l\u00e9gu\u00e9s de 46 pays diff\u00e9rents ont d\u00e9sormais sign\u00e9 la D\u00e9claration sur le commerce illicite, lanc\u00e9e lors du Sommet de Zermatt 2018, qui appelle la communaut\u00e9 internationale \u00e0 s'attaquer \u00e0 toutes les formes de commerce illicite. En effet, malgr\u00e9 les efforts consid\u00e9rables des organisations mondiales, des gouvernements et des activistes du secteur priv\u00e9, le commerce illicite reste tr\u00e8s r\u00e9pandu et constitue une menace consid\u00e9rable pour l'\u00e9conomie mondiale.<\/p>\n<h2>Le commerce ill\u00e9gal \u00e0 l'origine des \u00e9carts de richesse<\/h2>\n<p>La D\u00e9claration sur la lutte contre le trafic illicite esquisse les mesures \u00e0 prendre pour mettre fin au trafic illicite. Les gouvernements et les signataires du secteur priv\u00e9 s'accordent \u00e0 dire que celui-ci doit \u00eatre trait\u00e9 comme un d\u00e9lit grave.<\/p>\n<p>Avec la num\u00e9risation des \u00e9conomies et les r\u00e9cents d\u00e9veloppements technologiques, les bases du commerce changent aujourd'hui, tant dans les \u00e9conomies l\u00e9gales qu'ill\u00e9gales. L'am\u00e9lioration des r\u00e9seaux mondiaux, des syst\u00e8mes d'\u00e9change de donn\u00e9es en temps r\u00e9el et des plateformes en ligne permet un approvisionnement plus efficace en produits ill\u00e9gaux et augmente le nombre de parties impliqu\u00e9es dans ce march\u00e9. Cela pose des d\u00e9fis consid\u00e9rables aux producteurs l\u00e9gitimes, aux gouvernements et aux autres op\u00e9rateurs des secteurs concern\u00e9s.<\/p>\n<p>Par cons\u00e9quent, le commerce illicite a entra\u00een\u00e9 des \u00e9carts de richesse consid\u00e9rables entre les pays en d\u00e9veloppement et les pays d\u00e9velopp\u00e9s, alimentant des conflits d\u00e9vastateurs et sapant la l\u00e9gitimit\u00e9 des pays. En fait, le commerce illicite est le canal qui permet la d\u00e9stabilisation et les activit\u00e9s dangereuses dans presque tous les domaines de l'\u00e9conomie mondiale. En cons\u00e9quence, de nouvelles formes de commerce illicite sont apparues, rendant la lutte contre le commerce illicite plus complexe et transnationale que jamais.<\/p>\n<h2>De plus en plus de marchandises concern\u00e9es<\/h2>\n<p>Le commerce ill\u00e9gal entrave les \u00e9l\u00e9ments constitutifs fondamentaux du d\u00e9veloppement, de la d\u00e9mocratie, des droits de l'homme et de l'\u00c9tat de droit. Il permet des pratiques de corruption chez les fonctionnaires gouvernementaux et les particuliers. Chaque ann\u00e9e, le commerce illicite touche en outre un nombre croissant de produits et de marques dans tous les secteurs. Il est donc urgent d'\u00e9laborer une d\u00e9claration sur la lutte contre le commerce illicite afin de sensibiliser le public au probl\u00e8me et de r\u00e9pondre \u00e0 ces d\u00e9fis.<\/p>\n<p>La Fondation OISTE et le Zermatt Summit, avec un groupe d'experts internationaux de haut niveau, ont donc lanc\u00e9 la D\u00e9claration sur le commerce illicite lors du Zermatt Summit en septembre 2018. La D\u00e9claration a \u00e9t\u00e9 pr\u00e9sent\u00e9e \u00e0 la communaut\u00e9 internationale dans le cadre d'un roadshow mondial appelant la communaut\u00e9 internationale \u00e0 s'attaquer \u00e0 toutes les formes de commerce illicite, \u00e0 promouvoir le devoir de diligence et le contr\u00f4le de la cha\u00eene d'approvisionnement, et \u00e0 encourager la coop\u00e9ration entre les acteurs gouvernementaux et non gouvernementaux afin de d\u00e9velopper des solutions durables.<\/p>\n<h2 class=\"xmllist\">Les grands principes de la D\u00e9claration sur le commerce illicite<\/h2>\n<ul>\n<li class=\"xmllist\">de traiter le trafic illicite comme un crime grave dans le cadre de la Convention des Nations unies contre la criminalit\u00e9 transnationale organis\u00e9e (CNUCED), de la Convention des Nations unies contre la corruption (CNUCC) et de l'Accord sur les aspects des droits de propri\u00e9t\u00e9 intellectuelle qui touchent au commerce (ADPIC),<\/li>\n<li class=\"xmllist\">Lutter contre les probl\u00e8mes de corruption et de blanchiment d'argent li\u00e9s au commerce ill\u00e9gal de la l\u00e9gislation<\/li>\n<li class=\"xmllist\">une politique de tol\u00e9rance z\u00e9ro ;<\/li>\n<li class=\"xmllist\">Renforcer le cadre juridique et soutenir l'application de la loi ;<\/li>\n<li class=\"xmllist\">Am\u00e9liorer les m\u00e9canismes inter-agences de lutte contre la criminalit\u00e9 commerciale ill\u00e9gale ;<\/li>\n<li class=\"xmllist\">soutenir les gouvernements qui d\u00e9truisent les produits du commerce ill\u00e9gal<\/li>\n<li class=\"xmllist\">Faire pression sur les gouvernements et autres entit\u00e9s qui utilisent ou facilitent l'utilisation de produits issus du commerce illicite ;<\/li>\n<li class=\"xmllist\">mettre les entrepreneurs criminels hors d'\u00e9tat de nuire<\/li>\n<li class=\"xmllist\">R\u00e9duire les incitations \u00e0 entrer sur les march\u00e9s ill\u00e9gaux ;<\/li>\n<li class=\"xmllist\">R\u00e9duire les possibilit\u00e9s pour le crime organis\u00e9 de p\u00e9n\u00e9trer dans le syst\u00e8me financier ;<\/li>\n<li class=\"xmllist\">Aider les gouvernements \u00e0 maintenir des march\u00e9s l\u00e9gitimes et \u00e0 promouvoir les objectifs de d\u00e9veloppement durable des Nations unies (UN SDGs).<\/li>\n<\/ul>\n<p>Le commerce ill\u00e9gal a un impact n\u00e9gatif sur la stabilit\u00e9 \u00e9conomique, le bien-\u00eatre social, la sant\u00e9 publique, la s\u00e9curit\u00e9 publique et notre environnement. De nombreux exemples en t\u00e9moignent.<\/p>\n<p><em>Plus d'informations : <a href=\"http:\/\/www.oiste.org\">http:\/\/www.oiste.org<\/a> et <a href=\"http:\/\/www.zermattsummit.org\">http:\/\/www.zermattsummit.org<\/a><\/em><\/p>\n<p>&nbsp;<\/p>\n<pre class=\"xmllist\"><\/pre>\n<p>&nbsp;<\/p>","protected":false},"excerpt":{"rendered":"<p>Seit 2010 findet in der Schweiz j\u00e4hrlich der Zermatter Gipfel statt. Die Tagung ist in erster Linie gedacht f\u00fcr F\u00fchrungskr\u00e4fte aus Wirtschaft \/ Finanzen und Unternehmer in einem handlungsorientierten Dialog mit Entscheidungstr\u00e4gern aus Zivilgesellschaft, Wissenschaft, Bildung, Bildender Kunst, Architektur, Medizin, Spiritualit\u00e4t und dem \u00f6ffentlichen Sektor. Das j\u00e4hrliche Konferenzprogramm des Zermatter Gipfels ist nach Angabe der [&hellip;]<\/p>\n","protected":false},"author":4,"featured_media":5803,"comment_status":"closed","ping_status":"closed","sticky":false,"template":"","format":"standard","meta":{"_acf_changed":false,"_yoast_wpseo_focuskw":"Anti-Illicit Trade Declaration unterzeichnet","_yoast_wpseo_metadesc":"OISTE Foundation und Zermatt Summit Foundation haben die Anti-Illicit Trade Declaration unterzeichnet gegen alle Formen des illegalen Handels.","articlekey":"","footnotes":""},"categories":[28],"tags":[202,335,508,531],"class_list":["post-5802","post","type-post","status-publish","format-standard","has-post-thumbnail","hentry","category-management","tag-finanzenrecht","tag-management-und-unternehmensfuehrung","tag-vermischtes","tag-wirtschaftspolitik"],"acf":[],"yoast_head":"<!-- This site is optimized with the Yoast SEO plugin v27.5 - https:\/\/yoast.com\/product\/yoast-seo-wordpress\/ -->\n<title>Zermatt Summit 2019: Anti-Illicit Trade Declaration unterzeichnet - Organisator<\/title>\n<meta name=\"description\" content=\"OISTE Foundation und Zermatt Summit Foundation haben die Anti-Illicit Trade Declaration unterzeichnet gegen alle Formen des illegalen Handels.\" \/>\n<meta name=\"robots\" content=\"index, follow, max-snippet:-1, max-image-preview:large, max-video-preview:-1\" \/>\n<link rel=\"canonical\" href=\"https:\/\/www.organisator.ch\/fr\/gestion-2\/2019-09-16\/zermatt-summit-2019-anti-illicit-trade-declaration-unterzeichnet\/\" \/>\n<meta property=\"og:locale\" content=\"fr_FR\" \/>\n<meta property=\"og:type\" content=\"article\" \/>\n<meta property=\"og:title\" content=\"Zermatt Summit 2019: Anti-Illicit Trade Declaration unterzeichnet\" \/>\n<meta property=\"og:description\" content=\"OISTE Foundation und Zermatt Summit Foundation haben die Anti-Illicit Trade Declaration unterzeichnet gegen alle Formen des illegalen Handels.\" \/>\n<meta property=\"og:url\" content=\"https:\/\/www.organisator.ch\/fr\/gestion-2\/2019-09-16\/zermatt-summit-2019-anti-illicit-trade-declaration-unterzeichnet\/\" \/>\n<meta property=\"og:site_name\" content=\"Organisator\" \/>\n<meta property=\"article:publisher\" content=\"https:\/\/www.facebook.com\/OrganisatorFachmagazin\" \/>\n<meta property=\"article:published_time\" content=\"2019-09-16T13:12:25+00:00\" \/>\n<meta property=\"og:image\" content=\"https:\/\/www.organisator.ch\/wp-content\/uploads\/2019\/09\/Zermatt-Summit-2019-Anti-Illicit-Trade-Declaration-unterzeichnet_Organisator.jpg\" \/>\n\t<meta property=\"og:image:width\" content=\"680\" \/>\n\t<meta property=\"og:image:height\" content=\"474\" \/>\n\t<meta property=\"og:image:type\" content=\"image\/jpeg\" \/>\n<meta name=\"author\" content=\"thomas.berner\" \/>\n<meta name=\"twitter:card\" content=\"summary_large_image\" \/>\n<meta name=\"twitter:title\" content=\"Zermatt Summit 2019: #Anti-Illicit Trade Declaration unterzeichnet\" \/>\n<meta name=\"twitter:description\" content=\"#OISTE Foundation und #Zermatt Summit Foundation haben die #Anti-Illicit Trade Declaration unterzeichnet gegen alle Formen des illegalen Handels.\" \/>\n<meta name=\"twitter:image\" content=\"https:\/\/www.organisator.ch\/wp-content\/uploads\/2019\/09\/Zermatt-Summit-2019-Anti-Illicit-Trade-Declaration-unterzeichnet_Organisator.jpg\" \/>\n<script type=\"application\/ld+json\" class=\"yoast-schema-graph\">{\"@context\":\"https:\\\/\\\/schema.org\",\"@graph\":[{\"@type\":\"Article\",\"@id\":\"https:\\\/\\\/www.organisator.ch\\\/management\\\/2019-09-16\\\/zermatt-summit-2019-anti-illicit-trade-declaration-unterzeichnet\\\/#article\",\"isPartOf\":{\"@id\":\"https:\\\/\\\/www.organisator.ch\\\/management\\\/2019-09-16\\\/zermatt-summit-2019-anti-illicit-trade-declaration-unterzeichnet\\\/\"},\"author\":{\"name\":\"thomas.berner\",\"@id\":\"https:\\\/\\\/www.organisator.ch\\\/#\\\/schema\\\/person\\\/6f650f90b2842cd4c0cc334b4e36f67e\"},\"headline\":\"Zermatt Summit 2019: Anti-Illicit Trade Declaration unterzeichnet\",\"datePublished\":\"2019-09-16T13:12:25+00:00\",\"mainEntityOfPage\":{\"@id\":\"https:\\\/\\\/www.organisator.ch\\\/management\\\/2019-09-16\\\/zermatt-summit-2019-anti-illicit-trade-declaration-unterzeichnet\\\/\"},\"wordCount\":796,\"publisher\":{\"@id\":\"https:\\\/\\\/www.organisator.ch\\\/#organization\"},\"image\":{\"@id\":\"https:\\\/\\\/www.organisator.ch\\\/management\\\/2019-09-16\\\/zermatt-summit-2019-anti-illicit-trade-declaration-unterzeichnet\\\/#primaryimage\"},\"thumbnailUrl\":\"https:\\\/\\\/www.organisator.ch\\\/wp-content\\\/uploads\\\/2019\\\/09\\\/Zermatt-Summit-2019-Anti-Illicit-Trade-Declaration-unterzeichnet_Organisator.jpg\",\"keywords\":[\"Finanzen\\\/Recht\",\"Management und Unternehmensf\u00fchrung\",\"Vermischtes\",\"Wirtschaftspolitik\"],\"articleSection\":[\"MANAGEMENT\"],\"inLanguage\":\"fr-FR\"},{\"@type\":\"WebPage\",\"@id\":\"https:\\\/\\\/www.organisator.ch\\\/management\\\/2019-09-16\\\/zermatt-summit-2019-anti-illicit-trade-declaration-unterzeichnet\\\/\",\"url\":\"https:\\\/\\\/www.organisator.ch\\\/management\\\/2019-09-16\\\/zermatt-summit-2019-anti-illicit-trade-declaration-unterzeichnet\\\/\",\"name\":\"Zermatt Summit 2019: Anti-Illicit Trade Declaration unterzeichnet - Organisator\",\"isPartOf\":{\"@id\":\"https:\\\/\\\/www.organisator.ch\\\/#website\"},\"primaryImageOfPage\":{\"@id\":\"https:\\\/\\\/www.organisator.ch\\\/management\\\/2019-09-16\\\/zermatt-summit-2019-anti-illicit-trade-declaration-unterzeichnet\\\/#primaryimage\"},\"image\":{\"@id\":\"https:\\\/\\\/www.organisator.ch\\\/management\\\/2019-09-16\\\/zermatt-summit-2019-anti-illicit-trade-declaration-unterzeichnet\\\/#primaryimage\"},\"thumbnailUrl\":\"https:\\\/\\\/www.organisator.ch\\\/wp-content\\\/uploads\\\/2019\\\/09\\\/Zermatt-Summit-2019-Anti-Illicit-Trade-Declaration-unterzeichnet_Organisator.jpg\",\"datePublished\":\"2019-09-16T13:12:25+00:00\",\"description\":\"OISTE Foundation und Zermatt Summit Foundation haben die Anti-Illicit Trade Declaration unterzeichnet gegen alle Formen des illegalen Handels.\",\"breadcrumb\":{\"@id\":\"https:\\\/\\\/www.organisator.ch\\\/management\\\/2019-09-16\\\/zermatt-summit-2019-anti-illicit-trade-declaration-unterzeichnet\\\/#breadcrumb\"},\"inLanguage\":\"fr-FR\",\"potentialAction\":[{\"@type\":\"ReadAction\",\"target\":[\"https:\\\/\\\/www.organisator.ch\\\/management\\\/2019-09-16\\\/zermatt-summit-2019-anti-illicit-trade-declaration-unterzeichnet\\\/\"]}]},{\"@type\":\"ImageObject\",\"inLanguage\":\"fr-FR\",\"@id\":\"https:\\\/\\\/www.organisator.ch\\\/management\\\/2019-09-16\\\/zermatt-summit-2019-anti-illicit-trade-declaration-unterzeichnet\\\/#primaryimage\",\"url\":\"https:\\\/\\\/www.organisator.ch\\\/wp-content\\\/uploads\\\/2019\\\/09\\\/Zermatt-Summit-2019-Anti-Illicit-Trade-Declaration-unterzeichnet_Organisator.jpg\",\"contentUrl\":\"https:\\\/\\\/www.organisator.ch\\\/wp-content\\\/uploads\\\/2019\\\/09\\\/Zermatt-Summit-2019-Anti-Illicit-Trade-Declaration-unterzeichnet_Organisator.jpg\",\"width\":680,\"height\":474,\"caption\":\"Anti-Illicit Trade Declaration unterzeichnet: (v.l.n.r.) Dourgam Kummer, Member of the Board, OISTE; David Behrends, Managing Partner and Head of Trading, Sucafina; Alvise Giustiniani, Vicepresident Illicit Trade Prevention, Philip Morris International; Carlos Moreira, Founder and Chairman and CEO, WISeKey SA; Christopher Wasserman, President and Founder, Zermatt Summit Foundation. Weiterer Text \u00fcber ots und www.presseportal.ch\\\/de\\\/nr\\\/100067668 \\\/ Die Verwendung dieses Bildes ist f\u00fcr redaktionelle Zwecke honorarfrei. Ver\u00f6ffentlichung bitte unter Quellenangabe: \\\"obs\\\/Zermatt Summit\\\/OISTE\\\/Zermatt Summit Foundation\\\"\"},{\"@type\":\"BreadcrumbList\",\"@id\":\"https:\\\/\\\/www.organisator.ch\\\/management\\\/2019-09-16\\\/zermatt-summit-2019-anti-illicit-trade-declaration-unterzeichnet\\\/#breadcrumb\",\"itemListElement\":[{\"@type\":\"ListItem\",\"position\":1,\"name\":\"Home\",\"item\":\"https:\\\/\\\/www.organisator.ch\\\/\"},{\"@type\":\"ListItem\",\"position\":2,\"name\":\"Zermatt Summit 2019: Anti-Illicit Trade Declaration unterzeichnet\"}]},{\"@type\":\"WebSite\",\"@id\":\"https:\\\/\\\/www.organisator.ch\\\/#website\",\"url\":\"https:\\\/\\\/www.organisator.ch\\\/\",\"name\":\"Organisator\",\"description\":\"Kompetent. Praxisnah. Der ORGANISATOR bereitet in 10 Ausgaben pro Jahr die wesentlichen Themen f\u00fcr F\u00fchrungskr\u00e4fte von KMU auf.\",\"publisher\":{\"@id\":\"https:\\\/\\\/www.organisator.ch\\\/#organization\"},\"potentialAction\":[{\"@type\":\"SearchAction\",\"target\":{\"@type\":\"EntryPoint\",\"urlTemplate\":\"https:\\\/\\\/www.organisator.ch\\\/?s={search_term_string}\"},\"query-input\":{\"@type\":\"PropertyValueSpecification\",\"valueRequired\":true,\"valueName\":\"search_term_string\"}}],\"inLanguage\":\"fr-FR\"},{\"@type\":\"Organization\",\"@id\":\"https:\\\/\\\/www.organisator.ch\\\/#organization\",\"name\":\"Organisator\",\"url\":\"https:\\\/\\\/www.organisator.ch\\\/\",\"logo\":{\"@type\":\"ImageObject\",\"inLanguage\":\"fr-FR\",\"@id\":\"https:\\\/\\\/www.organisator.ch\\\/#\\\/schema\\\/logo\\\/image\\\/\",\"url\":\"https:\\\/\\\/www.organisator.ch\\\/wp-content\\\/uploads\\\/2022\\\/01\\\/Logo_Organisator_Website.png\",\"contentUrl\":\"https:\\\/\\\/www.organisator.ch\\\/wp-content\\\/uploads\\\/2022\\\/01\\\/Logo_Organisator_Website.png\",\"width\":800,\"height\":77,\"caption\":\"Organisator\"},\"image\":{\"@id\":\"https:\\\/\\\/www.organisator.ch\\\/#\\\/schema\\\/logo\\\/image\\\/\"},\"sameAs\":[\"https:\\\/\\\/www.facebook.com\\\/OrganisatorFachmagazin\",\"https:\\\/\\\/www.linkedin.com\\\/showcase\\\/organisator-das-magazin-fr-kmu\",\"https:\\\/\\\/www.xing.com\\\/news\\\/pages\\\/organisator-ch-695\",\"https:\\\/\\\/www.youtube.com\\\/channel\\\/UCGP2Sq0iWaZwT3BdIAQFYpw\"]},{\"@type\":\"Person\",\"@id\":\"https:\\\/\\\/www.organisator.ch\\\/#\\\/schema\\\/person\\\/6f650f90b2842cd4c0cc334b4e36f67e\",\"name\":\"thomas.berner\",\"image\":{\"@type\":\"ImageObject\",\"inLanguage\":\"fr-FR\",\"@id\":\"https:\\\/\\\/secure.gravatar.com\\\/avatar\\\/ac5001d2a36cb6c6cd3e50789007ffca834b477b74a2144564522e944eabff61?s=96&d=mm&r=g\",\"url\":\"https:\\\/\\\/secure.gravatar.com\\\/avatar\\\/ac5001d2a36cb6c6cd3e50789007ffca834b477b74a2144564522e944eabff61?s=96&d=mm&r=g\",\"contentUrl\":\"https:\\\/\\\/secure.gravatar.com\\\/avatar\\\/ac5001d2a36cb6c6cd3e50789007ffca834b477b74a2144564522e944eabff61?s=96&d=mm&r=g\",\"caption\":\"thomas.berner\"},\"url\":\"https:\\\/\\\/www.organisator.ch\\\/fr\\\/author\\\/thomas-berner\\\/\"}]}<\/script>\n<!-- \/ Yoast SEO plugin. -->","yoast_head_json":{"title":"Zermatt Summit 2019 : Signature de la D\u00e9claration sur le commerce illicite - Organisateur","description":"OISTE Foundation et Zermatt Summit Foundation ont sign\u00e9 l'Anti-Illicit Trade Declaration contre toutes les formes de commerce ill\u00e9gal.","robots":{"index":"index","follow":"follow","max-snippet":"max-snippet:-1","max-image-preview":"max-image-preview:large","max-video-preview":"max-video-preview:-1"},"canonical":"https:\/\/www.organisator.ch\/fr\/gestion-2\/2019-09-16\/zermatt-summit-2019-anti-illicit-trade-declaration-unterzeichnet\/","og_locale":"fr_FR","og_type":"article","og_title":"Zermatt Summit 2019: Anti-Illicit Trade Declaration unterzeichnet","og_description":"OISTE Foundation und Zermatt Summit Foundation haben die Anti-Illicit Trade Declaration unterzeichnet gegen alle Formen des illegalen Handels.","og_url":"https:\/\/www.organisator.ch\/fr\/gestion-2\/2019-09-16\/zermatt-summit-2019-anti-illicit-trade-declaration-unterzeichnet\/","og_site_name":"Organisator","article_publisher":"https:\/\/www.facebook.com\/OrganisatorFachmagazin","article_published_time":"2019-09-16T13:12:25+00:00","og_image":[{"width":680,"height":474,"url":"https:\/\/www.organisator.ch\/wp-content\/uploads\/2019\/09\/Zermatt-Summit-2019-Anti-Illicit-Trade-Declaration-unterzeichnet_Organisator.jpg","type":"image\/jpeg"}],"author":"thomas.berner","twitter_card":"summary_large_image","twitter_title":"Zermatt Summit 2019: #Anti-Illicit Trade Declaration unterzeichnet","twitter_description":"#OISTE Foundation und #Zermatt Summit Foundation haben die #Anti-Illicit Trade Declaration unterzeichnet gegen alle Formen des illegalen Handels.","twitter_image":"https:\/\/www.organisator.ch\/wp-content\/uploads\/2019\/09\/Zermatt-Summit-2019-Anti-Illicit-Trade-Declaration-unterzeichnet_Organisator.jpg","schema":{"@context":"https:\/\/schema.org","@graph":[{"@type":"Article","@id":"https:\/\/www.organisator.ch\/management\/2019-09-16\/zermatt-summit-2019-anti-illicit-trade-declaration-unterzeichnet\/#article","isPartOf":{"@id":"https:\/\/www.organisator.ch\/management\/2019-09-16\/zermatt-summit-2019-anti-illicit-trade-declaration-unterzeichnet\/"},"author":{"name":"thomas.berner","@id":"https:\/\/www.organisator.ch\/#\/schema\/person\/6f650f90b2842cd4c0cc334b4e36f67e"},"headline":"Zermatt Summit 2019: Anti-Illicit Trade Declaration unterzeichnet","datePublished":"2019-09-16T13:12:25+00:00","mainEntityOfPage":{"@id":"https:\/\/www.organisator.ch\/management\/2019-09-16\/zermatt-summit-2019-anti-illicit-trade-declaration-unterzeichnet\/"},"wordCount":796,"publisher":{"@id":"https:\/\/www.organisator.ch\/#organization"},"image":{"@id":"https:\/\/www.organisator.ch\/management\/2019-09-16\/zermatt-summit-2019-anti-illicit-trade-declaration-unterzeichnet\/#primaryimage"},"thumbnailUrl":"https:\/\/www.organisator.ch\/wp-content\/uploads\/2019\/09\/Zermatt-Summit-2019-Anti-Illicit-Trade-Declaration-unterzeichnet_Organisator.jpg","keywords":["Finanzen\/Recht","Management und Unternehmensf\u00fchrung","Vermischtes","Wirtschaftspolitik"],"articleSection":["MANAGEMENT"],"inLanguage":"fr-FR"},{"@type":"WebPage","@id":"https:\/\/www.organisator.ch\/management\/2019-09-16\/zermatt-summit-2019-anti-illicit-trade-declaration-unterzeichnet\/","url":"https:\/\/www.organisator.ch\/management\/2019-09-16\/zermatt-summit-2019-anti-illicit-trade-declaration-unterzeichnet\/","name":"Zermatt Summit 2019 : Signature de la D\u00e9claration sur le commerce illicite - Organisateur","isPartOf":{"@id":"https:\/\/www.organisator.ch\/#website"},"primaryImageOfPage":{"@id":"https:\/\/www.organisator.ch\/management\/2019-09-16\/zermatt-summit-2019-anti-illicit-trade-declaration-unterzeichnet\/#primaryimage"},"image":{"@id":"https:\/\/www.organisator.ch\/management\/2019-09-16\/zermatt-summit-2019-anti-illicit-trade-declaration-unterzeichnet\/#primaryimage"},"thumbnailUrl":"https:\/\/www.organisator.ch\/wp-content\/uploads\/2019\/09\/Zermatt-Summit-2019-Anti-Illicit-Trade-Declaration-unterzeichnet_Organisator.jpg","datePublished":"2019-09-16T13:12:25+00:00","description":"OISTE Foundation et Zermatt Summit Foundation ont sign\u00e9 l'Anti-Illicit Trade Declaration contre toutes les formes de commerce ill\u00e9gal.","breadcrumb":{"@id":"https:\/\/www.organisator.ch\/management\/2019-09-16\/zermatt-summit-2019-anti-illicit-trade-declaration-unterzeichnet\/#breadcrumb"},"inLanguage":"fr-FR","potentialAction":[{"@type":"ReadAction","target":["https:\/\/www.organisator.ch\/management\/2019-09-16\/zermatt-summit-2019-anti-illicit-trade-declaration-unterzeichnet\/"]}]},{"@type":"ImageObject","inLanguage":"fr-FR","@id":"https:\/\/www.organisator.ch\/management\/2019-09-16\/zermatt-summit-2019-anti-illicit-trade-declaration-unterzeichnet\/#primaryimage","url":"https:\/\/www.organisator.ch\/wp-content\/uploads\/2019\/09\/Zermatt-Summit-2019-Anti-Illicit-Trade-Declaration-unterzeichnet_Organisator.jpg","contentUrl":"https:\/\/www.organisator.ch\/wp-content\/uploads\/2019\/09\/Zermatt-Summit-2019-Anti-Illicit-Trade-Declaration-unterzeichnet_Organisator.jpg","width":680,"height":474,"caption":"Anti-Illicit Trade Declaration unterzeichnet: (v.l.n.r.) Dourgam Kummer, Member of the Board, OISTE; David Behrends, Managing Partner and Head of Trading, Sucafina; Alvise Giustiniani, Vicepresident Illicit Trade Prevention, Philip Morris International; Carlos Moreira, Founder and Chairman and CEO, WISeKey SA; Christopher Wasserman, President and Founder, Zermatt Summit Foundation. Weiterer Text \u00fcber ots und www.presseportal.ch\/de\/nr\/100067668 \/ Die Verwendung dieses Bildes ist f\u00fcr redaktionelle Zwecke honorarfrei. Ver\u00f6ffentlichung bitte unter Quellenangabe: \"obs\/Zermatt Summit\/OISTE\/Zermatt Summit Foundation\""},{"@type":"BreadcrumbList","@id":"https:\/\/www.organisator.ch\/management\/2019-09-16\/zermatt-summit-2019-anti-illicit-trade-declaration-unterzeichnet\/#breadcrumb","itemListElement":[{"@type":"ListItem","position":1,"name":"Home","item":"https:\/\/www.organisator.ch\/"},{"@type":"ListItem","position":2,"name":"Zermatt Summit 2019: Anti-Illicit Trade Declaration unterzeichnet"}]},{"@type":"WebSite","@id":"https:\/\/www.organisator.ch\/#website","url":"https:\/\/www.organisator.ch\/","name":"Organisateur","description":"Comp\u00e9tence et comp\u00e9tence. Proches de la pratique. L'ORGANISATEUR pr\u00e9pare 10 num\u00e9ros par an sur les th\u00e8mes essentiels pour les dirigeants de PME.","publisher":{"@id":"https:\/\/www.organisator.ch\/#organization"},"potentialAction":[{"@type":"SearchAction","target":{"@type":"EntryPoint","urlTemplate":"https:\/\/www.organisator.ch\/?s={search_term_string}"},"query-input":{"@type":"PropertyValueSpecification","valueRequired":true,"valueName":"search_term_string"}}],"inLanguage":"fr-FR"},{"@type":"Organization","@id":"https:\/\/www.organisator.ch\/#organization","name":"Organisateur","url":"https:\/\/www.organisator.ch\/","logo":{"@type":"ImageObject","inLanguage":"fr-FR","@id":"https:\/\/www.organisator.ch\/#\/schema\/logo\/image\/","url":"https:\/\/www.organisator.ch\/wp-content\/uploads\/2022\/01\/Logo_Organisator_Website.png","contentUrl":"https:\/\/www.organisator.ch\/wp-content\/uploads\/2022\/01\/Logo_Organisator_Website.png","width":800,"height":77,"caption":"Organisator"},"image":{"@id":"https:\/\/www.organisator.ch\/#\/schema\/logo\/image\/"},"sameAs":["https:\/\/www.facebook.com\/OrganisatorFachmagazin","https:\/\/www.linkedin.com\/showcase\/organisator-das-magazin-fr-kmu","https:\/\/www.xing.com\/news\/pages\/organisator-ch-695","https:\/\/www.youtube.com\/channel\/UCGP2Sq0iWaZwT3BdIAQFYpw"]},{"@type":"Person","@id":"https:\/\/www.organisator.ch\/#\/schema\/person\/6f650f90b2842cd4c0cc334b4e36f67e","name":"thomas.berner","image":{"@type":"ImageObject","inLanguage":"fr-FR","@id":"https:\/\/secure.gravatar.com\/avatar\/ac5001d2a36cb6c6cd3e50789007ffca834b477b74a2144564522e944eabff61?s=96&d=mm&r=g","url":"https:\/\/secure.gravatar.com\/avatar\/ac5001d2a36cb6c6cd3e50789007ffca834b477b74a2144564522e944eabff61?s=96&d=mm&r=g","contentUrl":"https:\/\/secure.gravatar.com\/avatar\/ac5001d2a36cb6c6cd3e50789007ffca834b477b74a2144564522e944eabff61?s=96&d=mm&r=g","caption":"thomas.berner"},"url":"https:\/\/www.organisator.ch\/fr\/author\/thomas-berner\/"}]}},"_links":{"self":[{"href":"https:\/\/www.organisator.ch\/fr\/wp-json\/wp\/v2\/posts\/5802","targetHints":{"allow":["GET"]}}],"collection":[{"href":"https:\/\/www.organisator.ch\/fr\/wp-json\/wp\/v2\/posts"}],"about":[{"href":"https:\/\/www.organisator.ch\/fr\/wp-json\/wp\/v2\/types\/post"}],"author":[{"embeddable":true,"href":"https:\/\/www.organisator.ch\/fr\/wp-json\/wp\/v2\/users\/4"}],"replies":[{"embeddable":true,"href":"https:\/\/www.organisator.ch\/fr\/wp-json\/wp\/v2\/comments?post=5802"}],"version-history":[{"count":0,"href":"https:\/\/www.organisator.ch\/fr\/wp-json\/wp\/v2\/posts\/5802\/revisions"}],"wp:featuredmedia":[{"embeddable":true,"href":"https:\/\/www.organisator.ch\/fr\/wp-json\/wp\/v2\/media\/5803"}],"wp:attachment":[{"href":"https:\/\/www.organisator.ch\/fr\/wp-json\/wp\/v2\/media?parent=5802"}],"wp:term":[{"taxonomy":"category","embeddable":true,"href":"https:\/\/www.organisator.ch\/fr\/wp-json\/wp\/v2\/categories?post=5802"},{"taxonomy":"post_tag","embeddable":true,"href":"https:\/\/www.organisator.ch\/fr\/wp-json\/wp\/v2\/tags?post=5802"}],"curies":[{"name":"wp","href":"https:\/\/api.w.org\/{rel}","templated":true}]}}