{"id":5816,"date":"2019-09-18T16:43:45","date_gmt":"2019-09-18T14:43:45","guid":{"rendered":"https:\/\/www.organisator.ch\/?p=5816"},"modified":"2019-09-18T16:43:45","modified_gmt":"2019-09-18T14:43:45","slug":"spannende-impulse-von-hofnarren-und-aus-der-hoehle-des-loewen","status":"publish","type":"post","link":"https:\/\/www.organisator.ch\/fr\/management\/2019-09-18\/spannende-impulse-von-hofnarren-und-aus-der-hoehle-des-loewen\/","title":{"rendered":"Des impulsions passionnantes de la part des bouffons et de l'antre du lion"},"content":{"rendered":"<figure id=\"attachment_5817\" aria-describedby=\"caption-attachment-5817\" style=\"width: 667px\" class=\"wp-caption alignnone\"><img loading=\"lazy\" decoding=\"async\" class=\"size-medium wp-image-5817\" src=\"https:\/\/www.organisator.ch\/wp-content\/uploads\/2019\/09\/Spannende-Impulse-von-Hofnarren-und-aus-der-Hoehle-des-Loewen_Organisator-667x1000.jpg\" alt=\"\" width=\"667\" height=\"1000\" srcset=\"https:\/\/www.organisator.ch\/wp-content\/uploads\/2019\/09\/Spannende-Impulse-von-Hofnarren-und-aus-der-Hoehle-des-Loewen_Organisator-667x1000.jpg 667w, https:\/\/www.organisator.ch\/wp-content\/uploads\/2019\/09\/Spannende-Impulse-von-Hofnarren-und-aus-der-Hoehle-des-Loewen_Organisator-8x12.jpg 8w, https:\/\/www.organisator.ch\/wp-content\/uploads\/2019\/09\/Spannende-Impulse-von-Hofnarren-und-aus-der-Hoehle-des-Loewen_Organisator-117x175.jpg 117w, https:\/\/www.organisator.ch\/wp-content\/uploads\/2019\/09\/Spannende-Impulse-von-Hofnarren-und-aus-der-Hoehle-des-Loewen_Organisator-233x350.jpg 233w, https:\/\/www.organisator.ch\/wp-content\/uploads\/2019\/09\/Spannende-Impulse-von-Hofnarren-und-aus-der-Hoehle-des-Loewen_Organisator-533x800.jpg 533w, https:\/\/www.organisator.ch\/wp-content\/uploads\/2019\/09\/Spannende-Impulse-von-Hofnarren-und-aus-der-Hoehle-des-Loewen_Organisator-300x450.jpg 300w, https:\/\/www.organisator.ch\/wp-content\/uploads\/2019\/09\/Spannende-Impulse-von-Hofnarren-und-aus-der-Hoehle-des-Loewen_Organisator.jpg 680w\" sizes=\"auto, (max-width: 667px) 100vw, 667px\" \/><figcaption id=\"caption-attachment-5817\" class=\"wp-caption-text\">De la \"grotte du lion\" : L'entrepreneur du Fricktal Roland Brack est consid\u00e9r\u00e9 comme un orateur de premier plan au forum \u00e9conomique \"ErfolgsSignale\" du 17 octobre. (Image : zVg)<\/figcaption><\/figure>\n<p>Il \u00e9tait une fois ... Le forum \u00e9conomique \"Signaux de r\u00e9ussite\" \u00e0 Rheinfelden pr\u00e9sente des histoires d'entrepreneurs qui ont \u00e9crit l'histoire d'une entreprise \u00e0 succ\u00e8s gr\u00e2ce \u00e0 des id\u00e9es, des innovations et des d\u00e9fis particuliers. \"Les histoires ne sont pas seulement passionnantes, elles sont aussi instructives, inspirantes et motivantes. C'est exactement ce que nous voulons atteindre avec notre forum \u00e9conomique\", explique l'initiateur et fondateur Fabrice M\u00fcller, qui organise le forum \u00e9conomique avec Mich\u00e8le D\u00fcrrenberger. C'est pourquoi les deux organisateurs sont \u00e0 la recherche intensive d'intervenants passionnants tout au long de l'ann\u00e9e, afin de les convaincre de participer au Forum \u00e9conomique de Rheinfelden.<\/p>\n<h2><strong>Roland Brack de la \"grotte du lion<\/strong><\/h2>\n<p>Lors du forum \u00e9conomique \"Signaux de r\u00e9ussite\" de cette ann\u00e9e, l'entrepreneur Roland Brack, originaire du Fricktal, a par exemple pu \u00eatre invit\u00e9 comme conf\u00e9rencier. Fond\u00e9e en 1994 par Roland Brack en tant que soci\u00e9t\u00e9 unipersonnelle, l'entreprise a connu un d\u00e9veloppement fulgurant au cours des ann\u00e9es qui ont suivi. Tr\u00e8s t\u00f4t, BRACK.CH a mis\u00e9 sur Internet et sur le commerce \u00e9lectronique. Aujourd'hui, BRACK.CH AG, qui fait partie du groupe d'entreprises Competec, g\u00e9n\u00e8re la majeure partie de son chiffre d'affaires via sa boutique en ligne BRACK.CH. Roland Brack, connu entre autres de l'\u00e9mission t\u00e9l\u00e9vis\u00e9e \"H\u00f6hle des L\u00f6wen\", retracera le chemin de sa r\u00e9ussite lors du forum \u00e9conomique et parlera de ses innovations et des d\u00e9fis qu'il a relev\u00e9s en tant qu'entrepreneur.<\/p>\n<h2><strong>Le succ\u00e8s avec des meubles de jardin robustes<\/strong><\/h2>\n<p>Martin Schaffner, directeur de la deuxi\u00e8me g\u00e9n\u00e9ration de l'entreprise Schaffner AG \u00e0 M\u00fcllheim, a \u00e9galement pu \u00eatre invit\u00e9 comme conf\u00e9rencier. L'entreprise, fond\u00e9e il y a 60 ans, s'est fait un nom avec ses meubles de jardin robustes en m\u00e9tal. Le patron, qui a les pieds sur terre, aime les choses sans pr\u00e9tention. L'histoire de l'entreprise Schaffner est marqu\u00e9e par des hauts et des bas. De difficult\u00e9s financi\u00e8res et de burn-out. De lueurs d'espoir, de collaborateurs loyaux et de success stories. Par exemple, lorsque Schaffner a rafl\u00e9 le German Brand Award 2017 \u00e0 Berlin et remport\u00e9 deux prix. Le 17 octobre, Martin Schaffner r\u00e9v\u00e8le comment il a mis son entreprise sur les rails en tant que patron et comment ses meubles de jardin devenus cultes sont \u00e9galement demand\u00e9s \u00e0 l'international.<\/p>\n<h2><strong>L'\u00e9conomie a besoin de plus de bouffons<\/strong><\/h2>\n<p>L'expert-comptable et entrepreneur de Magden Peter Haller se pr\u00e9sentera sur le ring de \"Signaux de succ\u00e8s\" en tant que matador local avec l'avantage d'\u00eatre \u00e0 domicile. Dans son expos\u00e9, il plaidera pour davantage de bouffons et de penseurs transversaux dans l'\u00e9conomie. Pourquoi sont-ils si importants pour la r\u00e9ussite d'une entreprise ? Et comment devient-on un bouffon dans l'\u00e9conomie ?<\/p>\n<p>Tel un bouffon, l'artiste et musicien Gabriel Kramer de Laufenburg reproduira simultan\u00e9ment sur papier, sous forme de caricatures, les d\u00e9clarations et les votes des intervenants. En outre, il accompagnera la manifestation d'un accompagnement musical en compagnie de Sonja Wunderlin du \"Foifer und Weggli Trionettli\". En raison des travaux de r\u00e9novation de l'h\u00f4tel Sch\u00fctzen, le Forum \u00e9conomique aura lieu cette ann\u00e9e exceptionnellement dans l'\u00e9glise des Capucins. D\u00e9sormais, la manifestation d\u00e9butera \u00e0 17h30 avec l'ouverture des portes ou \u00e0 18h avec le programme officiel. Apr\u00e8s les expos\u00e9s, un \"ap\u00e9ro riche\" sera servi vers 20h15 par l'h\u00f4tel Sch\u00fctzen. La foire aux tables des sponsors aura alors lieu en m\u00eame temps. <em>(EF)<\/em><\/p>\n<p><em>Forum \u00e9conomique \"Signaux de r\u00e9ussite<br \/>\nJeudi 17 octobre, \u00e9glise des Capucins de Rheinfelden<br \/>\nOuverture des portes, 17h30, d\u00e9but : 18h00<br \/>\nEntr\u00e9e : 40 francs, boissons et \"ap\u00e9ro riche\" inclus<br \/>\nInfos et inscription :<br \/>\n<a href=\"http:\/\/www.erfolgssignale.ch\">www.erfolgssignale.ch<\/a><\/em><\/p>","protected":false},"excerpt":{"rendered":"<p>Es war einmal &#8230; Das Wirtschaftsforum \u201eErfolgsSignale\u201c in Rheinfelden pr\u00e4sentiert Geschichten von Unternehmerinnen und Unternehmern, die mit besonderen Ideen, Innovationen und Herausforderungen eine erfolgreiche Firmengeschichte schreiben. \u201eGeschichten sind nicht nur spannend, sondern auch lehrreich, inspirierend und motivierend. Genau dies wollen wir mit unserem Wirtschaftsforum erreichen\u201c, sagt der Initiant und Gr\u00fcnder Fabrice M\u00fcller, der das Wirtschaftsforum [&hellip;]<\/p>\n","protected":false},"author":4,"featured_media":5817,"comment_status":"closed","ping_status":"closed","sticky":false,"template":"","format":"standard","meta":{"_acf_changed":false,"_yoast_wpseo_focuskw":"H\u00f6hle des L\u00f6wen","_yoast_wpseo_metadesc":"Ein Hofnarr, ein Patron und ein Unternehmer aus der \u201eH\u00f6hle des L\u00f6wen\u201c referieren am Wirtschaftsforum \u201eErfolgsSignale\u201c 17. Oktober, in Rheinfelden.","articlekey":"","footnotes":""},"categories":[28],"tags":[193,335,502],"class_list":["post-5816","post","type-post","status-publish","format-standard","has-post-thumbnail","hentry","category-management","tag-fachkongressfachmesse","tag-management-und-unternehmensfuehrung","tag-veranstaltungen"],"acf":[],"yoast_head":"<!-- This site is optimized with the Yoast SEO plugin v27.4 - https:\/\/yoast.com\/product\/yoast-seo-wordpress\/ -->\n<title>Spannende Impulse von Hofnarren und aus der H\u00f6hle des L\u00f6wen - Organisator<\/title>\n<meta name=\"description\" content=\"Ein Hofnarr, ein Patron und ein Unternehmer aus der \u201eH\u00f6hle des L\u00f6wen\u201c referieren am Wirtschaftsforum \u201eErfolgsSignale\u201c 17. Oktober, in Rheinfelden.\" \/>\n<meta name=\"robots\" content=\"index, follow, max-snippet:-1, max-image-preview:large, max-video-preview:-1\" \/>\n<link rel=\"canonical\" href=\"https:\/\/www.organisator.ch\/fr\/gestion-2\/2019-09-18\/spannende-impulse-von-hofnarren-und-aus-der-hoehle-des-loewen\/\" \/>\n<meta property=\"og:locale\" content=\"fr_FR\" \/>\n<meta property=\"og:type\" content=\"article\" \/>\n<meta property=\"og:title\" content=\"Spannende Impulse von Hofnarren und aus der H\u00f6hle des L\u00f6wen\" \/>\n<meta property=\"og:description\" content=\"Ein Hofnarr, ein Patron und ein Unternehmer aus der \u201eH\u00f6hle des L\u00f6wen\u201c referieren am Wirtschaftsforum \u201eErfolgsSignale\u201c 17. Oktober, in Rheinfelden.\" \/>\n<meta property=\"og:url\" content=\"https:\/\/www.organisator.ch\/fr\/gestion-2\/2019-09-18\/spannende-impulse-von-hofnarren-und-aus-der-hoehle-des-loewen\/\" \/>\n<meta property=\"og:site_name\" content=\"Organisator\" \/>\n<meta property=\"article:publisher\" content=\"https:\/\/www.facebook.com\/OrganisatorFachmagazin\" \/>\n<meta property=\"article:published_time\" content=\"2019-09-18T14:43:45+00:00\" \/>\n<meta property=\"og:image\" content=\"https:\/\/www.organisator.ch\/wp-content\/uploads\/2019\/09\/Spannende-Impulse-von-Hofnarren-und-aus-der-Hoehle-des-Loewen_Organisator.jpg\" \/>\n\t<meta property=\"og:image:width\" content=\"680\" \/>\n\t<meta property=\"og:image:height\" content=\"1020\" \/>\n\t<meta property=\"og:image:type\" content=\"image\/jpeg\" \/>\n<meta name=\"author\" content=\"thomas.berner\" \/>\n<meta name=\"twitter:card\" content=\"summary_large_image\" \/>\n<meta name=\"twitter:title\" content=\"Spannende Impulse von #Hofnarren und aus der H\u00f6hle des L\u00f6wen\" \/>\n<meta name=\"twitter:description\" content=\"Ein #Hofnarr, ein #Patron und ein Unternehmer aus der \u201eH\u00f6hle des L\u00f6wen\u201c referieren am Wirtschaftsforum \u201e#ErfolgsSignale\u201c 17. Oktober, in Rheinfelden.\" \/>\n<meta name=\"twitter:image\" content=\"https:\/\/www.organisator.ch\/wp-content\/uploads\/2019\/09\/Spannende-Impulse-von-Hofnarren-und-aus-der-Hoehle-des-Loewen_Organisator.jpg\" \/>\n<script type=\"application\/ld+json\" class=\"yoast-schema-graph\">{\"@context\":\"https:\\\/\\\/schema.org\",\"@graph\":[{\"@type\":\"Article\",\"@id\":\"https:\\\/\\\/www.organisator.ch\\\/management\\\/2019-09-18\\\/spannende-impulse-von-hofnarren-und-aus-der-hoehle-des-loewen\\\/#article\",\"isPartOf\":{\"@id\":\"https:\\\/\\\/www.organisator.ch\\\/management\\\/2019-09-18\\\/spannende-impulse-von-hofnarren-und-aus-der-hoehle-des-loewen\\\/\"},\"author\":{\"name\":\"thomas.berner\",\"@id\":\"https:\\\/\\\/www.organisator.ch\\\/#\\\/schema\\\/person\\\/6f650f90b2842cd4c0cc334b4e36f67e\"},\"headline\":\"Spannende Impulse von Hofnarren und aus der H\u00f6hle des L\u00f6wen\",\"datePublished\":\"2019-09-18T14:43:45+00:00\",\"mainEntityOfPage\":{\"@id\":\"https:\\\/\\\/www.organisator.ch\\\/management\\\/2019-09-18\\\/spannende-impulse-von-hofnarren-und-aus-der-hoehle-des-loewen\\\/\"},\"wordCount\":554,\"publisher\":{\"@id\":\"https:\\\/\\\/www.organisator.ch\\\/#organization\"},\"image\":{\"@id\":\"https:\\\/\\\/www.organisator.ch\\\/management\\\/2019-09-18\\\/spannende-impulse-von-hofnarren-und-aus-der-hoehle-des-loewen\\\/#primaryimage\"},\"thumbnailUrl\":\"https:\\\/\\\/www.organisator.ch\\\/wp-content\\\/uploads\\\/2019\\\/09\\\/Spannende-Impulse-von-Hofnarren-und-aus-der-Hoehle-des-Loewen_Organisator.jpg\",\"keywords\":[\"Fachkongress\\\/Fachmesse\",\"Management und Unternehmensf\u00fchrung\",\"Veranstaltungen\"],\"articleSection\":[\"MANAGEMENT\"],\"inLanguage\":\"fr-FR\"},{\"@type\":\"WebPage\",\"@id\":\"https:\\\/\\\/www.organisator.ch\\\/management\\\/2019-09-18\\\/spannende-impulse-von-hofnarren-und-aus-der-hoehle-des-loewen\\\/\",\"url\":\"https:\\\/\\\/www.organisator.ch\\\/management\\\/2019-09-18\\\/spannende-impulse-von-hofnarren-und-aus-der-hoehle-des-loewen\\\/\",\"name\":\"Spannende Impulse von Hofnarren und aus der H\u00f6hle des L\u00f6wen - Organisator\",\"isPartOf\":{\"@id\":\"https:\\\/\\\/www.organisator.ch\\\/#website\"},\"primaryImageOfPage\":{\"@id\":\"https:\\\/\\\/www.organisator.ch\\\/management\\\/2019-09-18\\\/spannende-impulse-von-hofnarren-und-aus-der-hoehle-des-loewen\\\/#primaryimage\"},\"image\":{\"@id\":\"https:\\\/\\\/www.organisator.ch\\\/management\\\/2019-09-18\\\/spannende-impulse-von-hofnarren-und-aus-der-hoehle-des-loewen\\\/#primaryimage\"},\"thumbnailUrl\":\"https:\\\/\\\/www.organisator.ch\\\/wp-content\\\/uploads\\\/2019\\\/09\\\/Spannende-Impulse-von-Hofnarren-und-aus-der-Hoehle-des-Loewen_Organisator.jpg\",\"datePublished\":\"2019-09-18T14:43:45+00:00\",\"description\":\"Ein Hofnarr, ein Patron und ein Unternehmer aus der \u201eH\u00f6hle des L\u00f6wen\u201c referieren am Wirtschaftsforum \u201eErfolgsSignale\u201c 17. Oktober, in Rheinfelden.\",\"breadcrumb\":{\"@id\":\"https:\\\/\\\/www.organisator.ch\\\/management\\\/2019-09-18\\\/spannende-impulse-von-hofnarren-und-aus-der-hoehle-des-loewen\\\/#breadcrumb\"},\"inLanguage\":\"fr-FR\",\"potentialAction\":[{\"@type\":\"ReadAction\",\"target\":[\"https:\\\/\\\/www.organisator.ch\\\/management\\\/2019-09-18\\\/spannende-impulse-von-hofnarren-und-aus-der-hoehle-des-loewen\\\/\"]}]},{\"@type\":\"ImageObject\",\"inLanguage\":\"fr-FR\",\"@id\":\"https:\\\/\\\/www.organisator.ch\\\/management\\\/2019-09-18\\\/spannende-impulse-von-hofnarren-und-aus-der-hoehle-des-loewen\\\/#primaryimage\",\"url\":\"https:\\\/\\\/www.organisator.ch\\\/wp-content\\\/uploads\\\/2019\\\/09\\\/Spannende-Impulse-von-Hofnarren-und-aus-der-Hoehle-des-Loewen_Organisator.jpg\",\"contentUrl\":\"https:\\\/\\\/www.organisator.ch\\\/wp-content\\\/uploads\\\/2019\\\/09\\\/Spannende-Impulse-von-Hofnarren-und-aus-der-Hoehle-des-Loewen_Organisator.jpg\",\"width\":680,\"height\":1020,\"caption\":\"Aus der \\\"H\u00f6hle des L\u00f6wen\\\": Der Fricktaler Unternehmer Roland Brack gilt als prominenter Redner am Wirtschaftsforum \u201eErfolgsSignale\u201c vom 17. Oktober. (Bild: zVg)\"},{\"@type\":\"BreadcrumbList\",\"@id\":\"https:\\\/\\\/www.organisator.ch\\\/management\\\/2019-09-18\\\/spannende-impulse-von-hofnarren-und-aus-der-hoehle-des-loewen\\\/#breadcrumb\",\"itemListElement\":[{\"@type\":\"ListItem\",\"position\":1,\"name\":\"Home\",\"item\":\"https:\\\/\\\/www.organisator.ch\\\/\"},{\"@type\":\"ListItem\",\"position\":2,\"name\":\"Spannende Impulse von Hofnarren und aus der H\u00f6hle des L\u00f6wen\"}]},{\"@type\":\"WebSite\",\"@id\":\"https:\\\/\\\/www.organisator.ch\\\/#website\",\"url\":\"https:\\\/\\\/www.organisator.ch\\\/\",\"name\":\"Organisator\",\"description\":\"Kompetent. Praxisnah. Der ORGANISATOR bereitet in 10 Ausgaben pro Jahr die wesentlichen Themen f\u00fcr F\u00fchrungskr\u00e4fte von KMU auf.\",\"publisher\":{\"@id\":\"https:\\\/\\\/www.organisator.ch\\\/#organization\"},\"potentialAction\":[{\"@type\":\"SearchAction\",\"target\":{\"@type\":\"EntryPoint\",\"urlTemplate\":\"https:\\\/\\\/www.organisator.ch\\\/?s={search_term_string}\"},\"query-input\":{\"@type\":\"PropertyValueSpecification\",\"valueRequired\":true,\"valueName\":\"search_term_string\"}}],\"inLanguage\":\"fr-FR\"},{\"@type\":\"Organization\",\"@id\":\"https:\\\/\\\/www.organisator.ch\\\/#organization\",\"name\":\"Organisator\",\"url\":\"https:\\\/\\\/www.organisator.ch\\\/\",\"logo\":{\"@type\":\"ImageObject\",\"inLanguage\":\"fr-FR\",\"@id\":\"https:\\\/\\\/www.organisator.ch\\\/#\\\/schema\\\/logo\\\/image\\\/\",\"url\":\"https:\\\/\\\/www.organisator.ch\\\/wp-content\\\/uploads\\\/2022\\\/01\\\/Logo_Organisator_Website.png\",\"contentUrl\":\"https:\\\/\\\/www.organisator.ch\\\/wp-content\\\/uploads\\\/2022\\\/01\\\/Logo_Organisator_Website.png\",\"width\":800,\"height\":77,\"caption\":\"Organisator\"},\"image\":{\"@id\":\"https:\\\/\\\/www.organisator.ch\\\/#\\\/schema\\\/logo\\\/image\\\/\"},\"sameAs\":[\"https:\\\/\\\/www.facebook.com\\\/OrganisatorFachmagazin\",\"https:\\\/\\\/www.linkedin.com\\\/showcase\\\/organisator-das-magazin-fr-kmu\",\"https:\\\/\\\/www.xing.com\\\/news\\\/pages\\\/organisator-ch-695\",\"https:\\\/\\\/www.youtube.com\\\/channel\\\/UCGP2Sq0iWaZwT3BdIAQFYpw\"]},{\"@type\":\"Person\",\"@id\":\"https:\\\/\\\/www.organisator.ch\\\/#\\\/schema\\\/person\\\/6f650f90b2842cd4c0cc334b4e36f67e\",\"name\":\"thomas.berner\",\"image\":{\"@type\":\"ImageObject\",\"inLanguage\":\"fr-FR\",\"@id\":\"https:\\\/\\\/secure.gravatar.com\\\/avatar\\\/ac5001d2a36cb6c6cd3e50789007ffca834b477b74a2144564522e944eabff61?s=96&d=mm&r=g\",\"url\":\"https:\\\/\\\/secure.gravatar.com\\\/avatar\\\/ac5001d2a36cb6c6cd3e50789007ffca834b477b74a2144564522e944eabff61?s=96&d=mm&r=g\",\"contentUrl\":\"https:\\\/\\\/secure.gravatar.com\\\/avatar\\\/ac5001d2a36cb6c6cd3e50789007ffca834b477b74a2144564522e944eabff61?s=96&d=mm&r=g\",\"caption\":\"thomas.berner\"},\"url\":\"https:\\\/\\\/www.organisator.ch\\\/fr\\\/author\\\/thomas-berner\\\/\"}]}<\/script>\n<!-- \/ Yoast SEO plugin. -->","yoast_head_json":{"title":"Des impulsions passionnantes de la part des bouffons et de l'antre du lion - Organisateur","description":"Un bouffon, un patron et un entrepreneur de la \"grotte du lion\" feront un expos\u00e9 lors du forum \u00e9conomique \"Signaux de r\u00e9ussite\" le 17 octobre \u00e0 Rheinfelden.","robots":{"index":"index","follow":"follow","max-snippet":"max-snippet:-1","max-image-preview":"max-image-preview:large","max-video-preview":"max-video-preview:-1"},"canonical":"https:\/\/www.organisator.ch\/fr\/gestion-2\/2019-09-18\/spannende-impulse-von-hofnarren-und-aus-der-hoehle-des-loewen\/","og_locale":"fr_FR","og_type":"article","og_title":"Spannende Impulse von Hofnarren und aus der H\u00f6hle des L\u00f6wen","og_description":"Ein Hofnarr, ein Patron und ein Unternehmer aus der \u201eH\u00f6hle des L\u00f6wen\u201c referieren am Wirtschaftsforum \u201eErfolgsSignale\u201c 17. Oktober, in Rheinfelden.","og_url":"https:\/\/www.organisator.ch\/fr\/gestion-2\/2019-09-18\/spannende-impulse-von-hofnarren-und-aus-der-hoehle-des-loewen\/","og_site_name":"Organisator","article_publisher":"https:\/\/www.facebook.com\/OrganisatorFachmagazin","article_published_time":"2019-09-18T14:43:45+00:00","og_image":[{"width":680,"height":1020,"url":"https:\/\/www.organisator.ch\/wp-content\/uploads\/2019\/09\/Spannende-Impulse-von-Hofnarren-und-aus-der-Hoehle-des-Loewen_Organisator.jpg","type":"image\/jpeg"}],"author":"thomas.berner","twitter_card":"summary_large_image","twitter_title":"Spannende Impulse von #Hofnarren und aus der H\u00f6hle des L\u00f6wen","twitter_description":"Ein #Hofnarr, ein #Patron und ein Unternehmer aus der \u201eH\u00f6hle des L\u00f6wen\u201c referieren am Wirtschaftsforum \u201e#ErfolgsSignale\u201c 17. Oktober, in Rheinfelden.","twitter_image":"https:\/\/www.organisator.ch\/wp-content\/uploads\/2019\/09\/Spannende-Impulse-von-Hofnarren-und-aus-der-Hoehle-des-Loewen_Organisator.jpg","schema":{"@context":"https:\/\/schema.org","@graph":[{"@type":"Article","@id":"https:\/\/www.organisator.ch\/management\/2019-09-18\/spannende-impulse-von-hofnarren-und-aus-der-hoehle-des-loewen\/#article","isPartOf":{"@id":"https:\/\/www.organisator.ch\/management\/2019-09-18\/spannende-impulse-von-hofnarren-und-aus-der-hoehle-des-loewen\/"},"author":{"name":"thomas.berner","@id":"https:\/\/www.organisator.ch\/#\/schema\/person\/6f650f90b2842cd4c0cc334b4e36f67e"},"headline":"Spannende Impulse von Hofnarren und aus der H\u00f6hle des L\u00f6wen","datePublished":"2019-09-18T14:43:45+00:00","mainEntityOfPage":{"@id":"https:\/\/www.organisator.ch\/management\/2019-09-18\/spannende-impulse-von-hofnarren-und-aus-der-hoehle-des-loewen\/"},"wordCount":554,"publisher":{"@id":"https:\/\/www.organisator.ch\/#organization"},"image":{"@id":"https:\/\/www.organisator.ch\/management\/2019-09-18\/spannende-impulse-von-hofnarren-und-aus-der-hoehle-des-loewen\/#primaryimage"},"thumbnailUrl":"https:\/\/www.organisator.ch\/wp-content\/uploads\/2019\/09\/Spannende-Impulse-von-Hofnarren-und-aus-der-Hoehle-des-Loewen_Organisator.jpg","keywords":["Fachkongress\/Fachmesse","Management und Unternehmensf\u00fchrung","Veranstaltungen"],"articleSection":["MANAGEMENT"],"inLanguage":"fr-FR"},{"@type":"WebPage","@id":"https:\/\/www.organisator.ch\/management\/2019-09-18\/spannende-impulse-von-hofnarren-und-aus-der-hoehle-des-loewen\/","url":"https:\/\/www.organisator.ch\/management\/2019-09-18\/spannende-impulse-von-hofnarren-und-aus-der-hoehle-des-loewen\/","name":"Des impulsions passionnantes de la part des bouffons et de l'antre du lion - Organisateur","isPartOf":{"@id":"https:\/\/www.organisator.ch\/#website"},"primaryImageOfPage":{"@id":"https:\/\/www.organisator.ch\/management\/2019-09-18\/spannende-impulse-von-hofnarren-und-aus-der-hoehle-des-loewen\/#primaryimage"},"image":{"@id":"https:\/\/www.organisator.ch\/management\/2019-09-18\/spannende-impulse-von-hofnarren-und-aus-der-hoehle-des-loewen\/#primaryimage"},"thumbnailUrl":"https:\/\/www.organisator.ch\/wp-content\/uploads\/2019\/09\/Spannende-Impulse-von-Hofnarren-und-aus-der-Hoehle-des-Loewen_Organisator.jpg","datePublished":"2019-09-18T14:43:45+00:00","description":"Un bouffon, un patron et un entrepreneur de la \"grotte du lion\" feront un expos\u00e9 lors du forum \u00e9conomique \"Signaux de r\u00e9ussite\" le 17 octobre \u00e0 Rheinfelden.","breadcrumb":{"@id":"https:\/\/www.organisator.ch\/management\/2019-09-18\/spannende-impulse-von-hofnarren-und-aus-der-hoehle-des-loewen\/#breadcrumb"},"inLanguage":"fr-FR","potentialAction":[{"@type":"ReadAction","target":["https:\/\/www.organisator.ch\/management\/2019-09-18\/spannende-impulse-von-hofnarren-und-aus-der-hoehle-des-loewen\/"]}]},{"@type":"ImageObject","inLanguage":"fr-FR","@id":"https:\/\/www.organisator.ch\/management\/2019-09-18\/spannende-impulse-von-hofnarren-und-aus-der-hoehle-des-loewen\/#primaryimage","url":"https:\/\/www.organisator.ch\/wp-content\/uploads\/2019\/09\/Spannende-Impulse-von-Hofnarren-und-aus-der-Hoehle-des-Loewen_Organisator.jpg","contentUrl":"https:\/\/www.organisator.ch\/wp-content\/uploads\/2019\/09\/Spannende-Impulse-von-Hofnarren-und-aus-der-Hoehle-des-Loewen_Organisator.jpg","width":680,"height":1020,"caption":"Aus der \"H\u00f6hle des L\u00f6wen\": Der Fricktaler Unternehmer Roland Brack gilt als prominenter Redner am Wirtschaftsforum \u201eErfolgsSignale\u201c vom 17. Oktober. (Bild: zVg)"},{"@type":"BreadcrumbList","@id":"https:\/\/www.organisator.ch\/management\/2019-09-18\/spannende-impulse-von-hofnarren-und-aus-der-hoehle-des-loewen\/#breadcrumb","itemListElement":[{"@type":"ListItem","position":1,"name":"Home","item":"https:\/\/www.organisator.ch\/"},{"@type":"ListItem","position":2,"name":"Spannende Impulse von Hofnarren und aus der H\u00f6hle des L\u00f6wen"}]},{"@type":"WebSite","@id":"https:\/\/www.organisator.ch\/#website","url":"https:\/\/www.organisator.ch\/","name":"Organisateur","description":"Comp\u00e9tence et comp\u00e9tence. Proches de la pratique. L'ORGANISATEUR pr\u00e9pare 10 num\u00e9ros par an sur les th\u00e8mes essentiels pour les dirigeants de PME.","publisher":{"@id":"https:\/\/www.organisator.ch\/#organization"},"potentialAction":[{"@type":"SearchAction","target":{"@type":"EntryPoint","urlTemplate":"https:\/\/www.organisator.ch\/?s={search_term_string}"},"query-input":{"@type":"PropertyValueSpecification","valueRequired":true,"valueName":"search_term_string"}}],"inLanguage":"fr-FR"},{"@type":"Organization","@id":"https:\/\/www.organisator.ch\/#organization","name":"Organisateur","url":"https:\/\/www.organisator.ch\/","logo":{"@type":"ImageObject","inLanguage":"fr-FR","@id":"https:\/\/www.organisator.ch\/#\/schema\/logo\/image\/","url":"https:\/\/www.organisator.ch\/wp-content\/uploads\/2022\/01\/Logo_Organisator_Website.png","contentUrl":"https:\/\/www.organisator.ch\/wp-content\/uploads\/2022\/01\/Logo_Organisator_Website.png","width":800,"height":77,"caption":"Organisator"},"image":{"@id":"https:\/\/www.organisator.ch\/#\/schema\/logo\/image\/"},"sameAs":["https:\/\/www.facebook.com\/OrganisatorFachmagazin","https:\/\/www.linkedin.com\/showcase\/organisator-das-magazin-fr-kmu","https:\/\/www.xing.com\/news\/pages\/organisator-ch-695","https:\/\/www.youtube.com\/channel\/UCGP2Sq0iWaZwT3BdIAQFYpw"]},{"@type":"Person","@id":"https:\/\/www.organisator.ch\/#\/schema\/person\/6f650f90b2842cd4c0cc334b4e36f67e","name":"thomas.berner","image":{"@type":"ImageObject","inLanguage":"fr-FR","@id":"https:\/\/secure.gravatar.com\/avatar\/ac5001d2a36cb6c6cd3e50789007ffca834b477b74a2144564522e944eabff61?s=96&d=mm&r=g","url":"https:\/\/secure.gravatar.com\/avatar\/ac5001d2a36cb6c6cd3e50789007ffca834b477b74a2144564522e944eabff61?s=96&d=mm&r=g","contentUrl":"https:\/\/secure.gravatar.com\/avatar\/ac5001d2a36cb6c6cd3e50789007ffca834b477b74a2144564522e944eabff61?s=96&d=mm&r=g","caption":"thomas.berner"},"url":"https:\/\/www.organisator.ch\/fr\/author\/thomas-berner\/"}]}},"_links":{"self":[{"href":"https:\/\/www.organisator.ch\/fr\/wp-json\/wp\/v2\/posts\/5816","targetHints":{"allow":["GET"]}}],"collection":[{"href":"https:\/\/www.organisator.ch\/fr\/wp-json\/wp\/v2\/posts"}],"about":[{"href":"https:\/\/www.organisator.ch\/fr\/wp-json\/wp\/v2\/types\/post"}],"author":[{"embeddable":true,"href":"https:\/\/www.organisator.ch\/fr\/wp-json\/wp\/v2\/users\/4"}],"replies":[{"embeddable":true,"href":"https:\/\/www.organisator.ch\/fr\/wp-json\/wp\/v2\/comments?post=5816"}],"version-history":[{"count":0,"href":"https:\/\/www.organisator.ch\/fr\/wp-json\/wp\/v2\/posts\/5816\/revisions"}],"wp:featuredmedia":[{"embeddable":true,"href":"https:\/\/www.organisator.ch\/fr\/wp-json\/wp\/v2\/media\/5817"}],"wp:attachment":[{"href":"https:\/\/www.organisator.ch\/fr\/wp-json\/wp\/v2\/media?parent=5816"}],"wp:term":[{"taxonomy":"category","embeddable":true,"href":"https:\/\/www.organisator.ch\/fr\/wp-json\/wp\/v2\/categories?post=5816"},{"taxonomy":"post_tag","embeddable":true,"href":"https:\/\/www.organisator.ch\/fr\/wp-json\/wp\/v2\/tags?post=5816"}],"curies":[{"name":"wp","href":"https:\/\/api.w.org\/{rel}","templated":true}]}}