{"id":5842,"date":"2019-09-26T08:32:09","date_gmt":"2019-09-26T06:32:09","guid":{"rendered":"https:\/\/www.organisator.ch\/?p=5842"},"modified":"2019-09-26T08:32:09","modified_gmt":"2019-09-26T06:32:09","slug":"die-nachfolgebus-tour-2019-unterwegs-in-zuerich-und-winterthur","status":"publish","type":"post","link":"https:\/\/www.organisator.ch\/fr\/management\/2019-09-26\/die-nachfolgebus-tour-2019-unterwegs-in-zuerich-und-winterthur\/","title":{"rendered":"La tourn\u00e9e des bus de remplacement 2019 en route pour Zurich et Winterthur"},"content":{"rendered":"<figure id=\"attachment_5103\" aria-describedby=\"caption-attachment-5103\" style=\"width: 680px\" class=\"wp-caption alignnone\"><img loading=\"lazy\" decoding=\"async\" class=\"size-medium wp-image-5103\" src=\"https:\/\/www.organisator.ch\/wp-content\/uploads\/2019\/04\/Initiative-Nachfolgebus-2019-Gut-besuchter-Start-in-Zuerich_Organisator.jpg\" alt=\"\" width=\"680\" height=\"383\" srcset=\"https:\/\/www.organisator.ch\/wp-content\/uploads\/2019\/04\/Initiative-Nachfolgebus-2019-Gut-besuchter-Start-in-Zuerich_Organisator.jpg 680w, https:\/\/www.organisator.ch\/wp-content\/uploads\/2019\/04\/Initiative-Nachfolgebus-2019-Gut-besuchter-Start-in-Zuerich_Organisator-16x9.jpg 16w, https:\/\/www.organisator.ch\/wp-content\/uploads\/2019\/04\/Initiative-Nachfolgebus-2019-Gut-besuchter-Start-in-Zuerich_Organisator-311x175.jpg 311w, https:\/\/www.organisator.ch\/wp-content\/uploads\/2019\/04\/Initiative-Nachfolgebus-2019-Gut-besuchter-Start-in-Zuerich_Organisator-621x350.jpg 621w, https:\/\/www.organisator.ch\/wp-content\/uploads\/2019\/04\/Initiative-Nachfolgebus-2019-Gut-besuchter-Start-in-Zuerich_Organisator-300x169.jpg 300w\" sizes=\"auto, (max-width: 680px) 100vw, 680px\" \/><figcaption id=\"caption-attachment-5103\" class=\"wp-caption-text\">Carla Kaufmann, initiatrice du bus de la rel\u00e8ve, se r\u00e9jouit du lancement r\u00e9ussi \u00e0 Zurich de la tourn\u00e9e 2019 du bus de la rel\u00e8ve. (Photo : Nachfolgebus.ch)<\/figcaption><\/figure>\n<p>Initi\u00e9 par Carla Kaufmann, elle-m\u00eame experte en succession et partenaire de Companymarket AG, le bus de la succession est une tourn\u00e9e \u00e0 travers la Suisse al\u00e9manique de 15 experts chevronn\u00e9s en mati\u00e8re de r\u00e8glement de succession. Depuis avril et jusqu'en novembre 2019, ils informent les entrepreneurs de PME de mani\u00e8re d\u00e9taill\u00e9e sur la succession d'entreprise dans le cadre d'entretiens gratuits.<\/p>\n<h2>Invit\u00e9 \u00e0 la Business Innovation Week<\/h2>\n<p>La deuxi\u00e8me \u00e9tape du Nachfolgebus Tour 2019 en automne aura lieu les 1er et 2 octobre \u00e0 Zurich. L'infomobile, unique en son genre, fera alors halte \u00e0 la Business Innovation<br \/>\nWeek, KMU-Expo Halle 622, Therese-Giehse-Strasse 10, 8050 Zurich. Un cadre appropri\u00e9, car succession et innovation commerciale vont souvent de pair. Chaque fois de 10 \u00e0 19 heures, les entrepreneurs de PME ont l'occasion de s'informer de mani\u00e8re compl\u00e8te et gratuite aupr\u00e8s d'une \u00e9quipe d'experts exp\u00e9riment\u00e9s sur tout ce qui touche \u00e0 la succession d'entreprise.<\/p>\n<h2>Le bus de la tourn\u00e9e 2019 s'arr\u00eate aussi \u00e0 Winterthur<\/h2>\n<p>Le 3 octobre, le bus de la succession s'arr\u00eatera de 7 \u00e0 12 heures au MAXX (Kitag Cinemas) dans le Kesselhaus, Z\u00fcrcherstrasse 1, 8400 Winterthur. Sous la devise \"Nous pr\u00e9sentons des histoires d'entreprises et discutons de r\u00e9alit\u00e9s\", le bus de la succession Tour 2019 se concentre encore plus sur la pratique de la succession. Pour ce faire, en compl\u00e9ment des entretiens individuels, des entretiens et des dialogues pratiques avec des entrepreneurs de PME r\u00e9gionales et des experts exp\u00e9riment\u00e9s en mati\u00e8re de succession permettront de d\u00e9couvrir les histoires de succession de diff\u00e9rentes entreprises suisses. A Winterthour, il s'agit de D\u00e9sir\u00e9e Schiess, directrice de Schiess AG et pr\u00e9sidente de l'association des PME de Winterthour et environs, de Judith Maag, directrice de Maag Recycling AG ainsi que de diff\u00e9rents experts de l'\u00e9quipe du bus de la succession.<\/p>\n<p>La r\u00e9servation des entretiens avec les experts se fait par <a href=\"http:\/\/www.nachfolgebus.ch\">bus successif.ch<\/a>.<\/p>","protected":false},"excerpt":{"rendered":"<p>Initiiert von Carla Kaufmann, selber Nachfolge-Expertin und Partnerin der Companymarket AG, touren mit dem Nachfolgebus 15 erfahrene Expertinnen und Experten f\u00fcr Nachfolgeregelungen quer durch die Deutschschweiz. Seit April bis November 2019 informieren sie KMU-Unternehmer in kostenlosen Gespr\u00e4chen umfassend rund um die Unternehmensnachfolge. Zu Gast an der Business Innovation Week Die zweite Station der Nachfolgebus Tour [&hellip;]<\/p>\n","protected":false},"author":4,"featured_media":5103,"comment_status":"closed","ping_status":"closed","sticky":false,"template":"","format":"standard","meta":{"_acf_changed":false,"_yoast_wpseo_focuskw":"Nachfolgebus Tour 2019","_yoast_wpseo_metadesc":"Die n\u00e4chsten Stationen der Nachfolgebus Tour 2019 sind am 1. und 2. Oktober Z\u00fcrich (im Rahmen der Business Innovation Week) und am 3. Oktober Winterthur.","articlekey":"","footnotes":""},"categories":[28],"tags":[193,207,357,492],"class_list":["post-5842","post","type-post","status-publish","format-standard","has-post-thumbnail","hentry","category-management","tag-fachkongressfachmesse","tag-firmennachfolge","tag-nachfolgeregelung","tag-unternehmen"],"acf":[],"yoast_head":"<!-- This site is optimized with the Yoast SEO plugin v27.4 - https:\/\/yoast.com\/product\/yoast-seo-wordpress\/ -->\n<title>Die Nachfolgebus Tour 2019 unterwegs in Z\u00fcrich und Winterthur - Organisator<\/title>\n<meta name=\"description\" content=\"Die n\u00e4chsten Stationen der Nachfolgebus Tour 2019 sind am 1. und 2. Oktober Z\u00fcrich (im Rahmen der Business Innovation Week) und am 3. Oktober Winterthur.\" \/>\n<meta name=\"robots\" content=\"index, follow, max-snippet:-1, max-image-preview:large, max-video-preview:-1\" \/>\n<link rel=\"canonical\" href=\"https:\/\/www.organisator.ch\/fr\/gestion-2\/2019-09-26\/die-nachfolgebus-tour-2019-unterwegs-in-zuerich-und-winterthur\/\" \/>\n<meta property=\"og:locale\" content=\"fr_FR\" \/>\n<meta property=\"og:type\" content=\"article\" \/>\n<meta property=\"og:title\" content=\"Die Nachfolgebus Tour 2019 unterwegs in Z\u00fcrich und Winterthur\" \/>\n<meta property=\"og:description\" content=\"Die n\u00e4chsten Stationen der Nachfolgebus Tour 2019 sind am 1. und 2. Oktober Z\u00fcrich (im Rahmen der Business Innovation Week) und am 3. Oktober Winterthur.\" \/>\n<meta property=\"og:url\" content=\"https:\/\/www.organisator.ch\/fr\/gestion-2\/2019-09-26\/die-nachfolgebus-tour-2019-unterwegs-in-zuerich-und-winterthur\/\" \/>\n<meta property=\"og:site_name\" content=\"Organisator\" \/>\n<meta property=\"article:publisher\" content=\"https:\/\/www.facebook.com\/OrganisatorFachmagazin\" \/>\n<meta property=\"article:published_time\" content=\"2019-09-26T06:32:09+00:00\" \/>\n<meta property=\"og:image\" content=\"https:\/\/www.organisator.ch\/wp-content\/uploads\/2019\/04\/Initiative-Nachfolgebus-2019-Gut-besuchter-Start-in-Zuerich_Organisator.jpg\" \/>\n\t<meta property=\"og:image:width\" content=\"680\" \/>\n\t<meta property=\"og:image:height\" content=\"383\" \/>\n\t<meta property=\"og:image:type\" content=\"image\/jpeg\" \/>\n<meta name=\"author\" content=\"thomas.berner\" \/>\n<meta name=\"twitter:card\" content=\"summary_large_image\" \/>\n<meta name=\"twitter:title\" content=\"Die #Nachfolgebus Tour 2019 unterwegs in Z\u00fcrich und Winterthur\" \/>\n<meta name=\"twitter:description\" content=\"Die n\u00e4chsten Stationen der #Nachfolgebus Tour 2019 sind am 1. und 2. Oktober Z\u00fcrich (im Rahmen der Business Innovation Week) und am 3. Oktober Winterthur.\" \/>\n<meta name=\"twitter:image\" content=\"https:\/\/www.organisator.ch\/wp-content\/uploads\/2019\/04\/Initiative-Nachfolgebus-2019-Gut-besuchter-Start-in-Zuerich_Organisator.jpg\" \/>\n<script type=\"application\/ld+json\" class=\"yoast-schema-graph\">{\"@context\":\"https:\\\/\\\/schema.org\",\"@graph\":[{\"@type\":\"Article\",\"@id\":\"https:\\\/\\\/www.organisator.ch\\\/management\\\/2019-09-26\\\/die-nachfolgebus-tour-2019-unterwegs-in-zuerich-und-winterthur\\\/#article\",\"isPartOf\":{\"@id\":\"https:\\\/\\\/www.organisator.ch\\\/management\\\/2019-09-26\\\/die-nachfolgebus-tour-2019-unterwegs-in-zuerich-und-winterthur\\\/\"},\"author\":{\"name\":\"thomas.berner\",\"@id\":\"https:\\\/\\\/www.organisator.ch\\\/#\\\/schema\\\/person\\\/6f650f90b2842cd4c0cc334b4e36f67e\"},\"headline\":\"Die Nachfolgebus Tour 2019 unterwegs in Z\u00fcrich und Winterthur\",\"datePublished\":\"2019-09-26T06:32:09+00:00\",\"mainEntityOfPage\":{\"@id\":\"https:\\\/\\\/www.organisator.ch\\\/management\\\/2019-09-26\\\/die-nachfolgebus-tour-2019-unterwegs-in-zuerich-und-winterthur\\\/\"},\"wordCount\":274,\"publisher\":{\"@id\":\"https:\\\/\\\/www.organisator.ch\\\/#organization\"},\"image\":{\"@id\":\"https:\\\/\\\/www.organisator.ch\\\/management\\\/2019-09-26\\\/die-nachfolgebus-tour-2019-unterwegs-in-zuerich-und-winterthur\\\/#primaryimage\"},\"thumbnailUrl\":\"https:\\\/\\\/www.organisator.ch\\\/wp-content\\\/uploads\\\/2019\\\/04\\\/Initiative-Nachfolgebus-2019-Gut-besuchter-Start-in-Zuerich_Organisator.jpg\",\"keywords\":[\"Fachkongress\\\/Fachmesse\",\"Firmennachfolge\",\"Nachfolgeregelung\",\"Unternehmen\"],\"articleSection\":[\"MANAGEMENT\"],\"inLanguage\":\"fr-FR\"},{\"@type\":\"WebPage\",\"@id\":\"https:\\\/\\\/www.organisator.ch\\\/management\\\/2019-09-26\\\/die-nachfolgebus-tour-2019-unterwegs-in-zuerich-und-winterthur\\\/\",\"url\":\"https:\\\/\\\/www.organisator.ch\\\/management\\\/2019-09-26\\\/die-nachfolgebus-tour-2019-unterwegs-in-zuerich-und-winterthur\\\/\",\"name\":\"Die Nachfolgebus Tour 2019 unterwegs in Z\u00fcrich und Winterthur - Organisator\",\"isPartOf\":{\"@id\":\"https:\\\/\\\/www.organisator.ch\\\/#website\"},\"primaryImageOfPage\":{\"@id\":\"https:\\\/\\\/www.organisator.ch\\\/management\\\/2019-09-26\\\/die-nachfolgebus-tour-2019-unterwegs-in-zuerich-und-winterthur\\\/#primaryimage\"},\"image\":{\"@id\":\"https:\\\/\\\/www.organisator.ch\\\/management\\\/2019-09-26\\\/die-nachfolgebus-tour-2019-unterwegs-in-zuerich-und-winterthur\\\/#primaryimage\"},\"thumbnailUrl\":\"https:\\\/\\\/www.organisator.ch\\\/wp-content\\\/uploads\\\/2019\\\/04\\\/Initiative-Nachfolgebus-2019-Gut-besuchter-Start-in-Zuerich_Organisator.jpg\",\"datePublished\":\"2019-09-26T06:32:09+00:00\",\"description\":\"Die n\u00e4chsten Stationen der Nachfolgebus Tour 2019 sind am 1. und 2. Oktober Z\u00fcrich (im Rahmen der Business Innovation Week) und am 3. Oktober Winterthur.\",\"breadcrumb\":{\"@id\":\"https:\\\/\\\/www.organisator.ch\\\/management\\\/2019-09-26\\\/die-nachfolgebus-tour-2019-unterwegs-in-zuerich-und-winterthur\\\/#breadcrumb\"},\"inLanguage\":\"fr-FR\",\"potentialAction\":[{\"@type\":\"ReadAction\",\"target\":[\"https:\\\/\\\/www.organisator.ch\\\/management\\\/2019-09-26\\\/die-nachfolgebus-tour-2019-unterwegs-in-zuerich-und-winterthur\\\/\"]}]},{\"@type\":\"ImageObject\",\"inLanguage\":\"fr-FR\",\"@id\":\"https:\\\/\\\/www.organisator.ch\\\/management\\\/2019-09-26\\\/die-nachfolgebus-tour-2019-unterwegs-in-zuerich-und-winterthur\\\/#primaryimage\",\"url\":\"https:\\\/\\\/www.organisator.ch\\\/wp-content\\\/uploads\\\/2019\\\/04\\\/Initiative-Nachfolgebus-2019-Gut-besuchter-Start-in-Zuerich_Organisator.jpg\",\"contentUrl\":\"https:\\\/\\\/www.organisator.ch\\\/wp-content\\\/uploads\\\/2019\\\/04\\\/Initiative-Nachfolgebus-2019-Gut-besuchter-Start-in-Zuerich_Organisator.jpg\",\"width\":680,\"height\":383,\"caption\":\"Carla Kaufmann, Initiatorin des Nachfolgebus, freut sich \u00fcber den gelungenen Auftakt in Z\u00fcrich f\u00fcr die Nachfolgebus Tour 2019. (Bild: Nachfolgebus.ch)\"},{\"@type\":\"BreadcrumbList\",\"@id\":\"https:\\\/\\\/www.organisator.ch\\\/management\\\/2019-09-26\\\/die-nachfolgebus-tour-2019-unterwegs-in-zuerich-und-winterthur\\\/#breadcrumb\",\"itemListElement\":[{\"@type\":\"ListItem\",\"position\":1,\"name\":\"Home\",\"item\":\"https:\\\/\\\/www.organisator.ch\\\/\"},{\"@type\":\"ListItem\",\"position\":2,\"name\":\"Die Nachfolgebus Tour 2019 unterwegs in Z\u00fcrich und Winterthur\"}]},{\"@type\":\"WebSite\",\"@id\":\"https:\\\/\\\/www.organisator.ch\\\/#website\",\"url\":\"https:\\\/\\\/www.organisator.ch\\\/\",\"name\":\"Organisator\",\"description\":\"Kompetent. Praxisnah. Der ORGANISATOR bereitet in 10 Ausgaben pro Jahr die wesentlichen Themen f\u00fcr F\u00fchrungskr\u00e4fte von KMU auf.\",\"publisher\":{\"@id\":\"https:\\\/\\\/www.organisator.ch\\\/#organization\"},\"potentialAction\":[{\"@type\":\"SearchAction\",\"target\":{\"@type\":\"EntryPoint\",\"urlTemplate\":\"https:\\\/\\\/www.organisator.ch\\\/?s={search_term_string}\"},\"query-input\":{\"@type\":\"PropertyValueSpecification\",\"valueRequired\":true,\"valueName\":\"search_term_string\"}}],\"inLanguage\":\"fr-FR\"},{\"@type\":\"Organization\",\"@id\":\"https:\\\/\\\/www.organisator.ch\\\/#organization\",\"name\":\"Organisator\",\"url\":\"https:\\\/\\\/www.organisator.ch\\\/\",\"logo\":{\"@type\":\"ImageObject\",\"inLanguage\":\"fr-FR\",\"@id\":\"https:\\\/\\\/www.organisator.ch\\\/#\\\/schema\\\/logo\\\/image\\\/\",\"url\":\"https:\\\/\\\/www.organisator.ch\\\/wp-content\\\/uploads\\\/2022\\\/01\\\/Logo_Organisator_Website.png\",\"contentUrl\":\"https:\\\/\\\/www.organisator.ch\\\/wp-content\\\/uploads\\\/2022\\\/01\\\/Logo_Organisator_Website.png\",\"width\":800,\"height\":77,\"caption\":\"Organisator\"},\"image\":{\"@id\":\"https:\\\/\\\/www.organisator.ch\\\/#\\\/schema\\\/logo\\\/image\\\/\"},\"sameAs\":[\"https:\\\/\\\/www.facebook.com\\\/OrganisatorFachmagazin\",\"https:\\\/\\\/www.linkedin.com\\\/showcase\\\/organisator-das-magazin-fr-kmu\",\"https:\\\/\\\/www.xing.com\\\/news\\\/pages\\\/organisator-ch-695\",\"https:\\\/\\\/www.youtube.com\\\/channel\\\/UCGP2Sq0iWaZwT3BdIAQFYpw\"]},{\"@type\":\"Person\",\"@id\":\"https:\\\/\\\/www.organisator.ch\\\/#\\\/schema\\\/person\\\/6f650f90b2842cd4c0cc334b4e36f67e\",\"name\":\"thomas.berner\",\"image\":{\"@type\":\"ImageObject\",\"inLanguage\":\"fr-FR\",\"@id\":\"https:\\\/\\\/secure.gravatar.com\\\/avatar\\\/ac5001d2a36cb6c6cd3e50789007ffca834b477b74a2144564522e944eabff61?s=96&d=mm&r=g\",\"url\":\"https:\\\/\\\/secure.gravatar.com\\\/avatar\\\/ac5001d2a36cb6c6cd3e50789007ffca834b477b74a2144564522e944eabff61?s=96&d=mm&r=g\",\"contentUrl\":\"https:\\\/\\\/secure.gravatar.com\\\/avatar\\\/ac5001d2a36cb6c6cd3e50789007ffca834b477b74a2144564522e944eabff61?s=96&d=mm&r=g\",\"caption\":\"thomas.berner\"},\"url\":\"https:\\\/\\\/www.organisator.ch\\\/fr\\\/author\\\/thomas-berner\\\/\"}]}<\/script>\n<!-- \/ Yoast SEO plugin. -->","yoast_head_json":{"title":"La tourn\u00e9e de bus de suivi 2019 en route pour Zurich et Winterthur - Organisateur","description":"Les prochaines \u00e9tapes du bus successeur Tour 2019 seront Zurich les 1er et 2 octobre (dans le cadre de la Business Innovation Week) et Winterthur le 3 octobre.","robots":{"index":"index","follow":"follow","max-snippet":"max-snippet:-1","max-image-preview":"max-image-preview:large","max-video-preview":"max-video-preview:-1"},"canonical":"https:\/\/www.organisator.ch\/fr\/gestion-2\/2019-09-26\/die-nachfolgebus-tour-2019-unterwegs-in-zuerich-und-winterthur\/","og_locale":"fr_FR","og_type":"article","og_title":"Die Nachfolgebus Tour 2019 unterwegs in Z\u00fcrich und Winterthur","og_description":"Die n\u00e4chsten Stationen der Nachfolgebus Tour 2019 sind am 1. und 2. Oktober Z\u00fcrich (im Rahmen der Business Innovation Week) und am 3. Oktober Winterthur.","og_url":"https:\/\/www.organisator.ch\/fr\/gestion-2\/2019-09-26\/die-nachfolgebus-tour-2019-unterwegs-in-zuerich-und-winterthur\/","og_site_name":"Organisator","article_publisher":"https:\/\/www.facebook.com\/OrganisatorFachmagazin","article_published_time":"2019-09-26T06:32:09+00:00","og_image":[{"width":680,"height":383,"url":"https:\/\/www.organisator.ch\/wp-content\/uploads\/2019\/04\/Initiative-Nachfolgebus-2019-Gut-besuchter-Start-in-Zuerich_Organisator.jpg","type":"image\/jpeg"}],"author":"thomas.berner","twitter_card":"summary_large_image","twitter_title":"Die #Nachfolgebus Tour 2019 unterwegs in Z\u00fcrich und Winterthur","twitter_description":"Die n\u00e4chsten Stationen der #Nachfolgebus Tour 2019 sind am 1. und 2. Oktober Z\u00fcrich (im Rahmen der Business Innovation Week) und am 3. Oktober Winterthur.","twitter_image":"https:\/\/www.organisator.ch\/wp-content\/uploads\/2019\/04\/Initiative-Nachfolgebus-2019-Gut-besuchter-Start-in-Zuerich_Organisator.jpg","schema":{"@context":"https:\/\/schema.org","@graph":[{"@type":"Article","@id":"https:\/\/www.organisator.ch\/management\/2019-09-26\/die-nachfolgebus-tour-2019-unterwegs-in-zuerich-und-winterthur\/#article","isPartOf":{"@id":"https:\/\/www.organisator.ch\/management\/2019-09-26\/die-nachfolgebus-tour-2019-unterwegs-in-zuerich-und-winterthur\/"},"author":{"name":"thomas.berner","@id":"https:\/\/www.organisator.ch\/#\/schema\/person\/6f650f90b2842cd4c0cc334b4e36f67e"},"headline":"Die Nachfolgebus Tour 2019 unterwegs in Z\u00fcrich und Winterthur","datePublished":"2019-09-26T06:32:09+00:00","mainEntityOfPage":{"@id":"https:\/\/www.organisator.ch\/management\/2019-09-26\/die-nachfolgebus-tour-2019-unterwegs-in-zuerich-und-winterthur\/"},"wordCount":274,"publisher":{"@id":"https:\/\/www.organisator.ch\/#organization"},"image":{"@id":"https:\/\/www.organisator.ch\/management\/2019-09-26\/die-nachfolgebus-tour-2019-unterwegs-in-zuerich-und-winterthur\/#primaryimage"},"thumbnailUrl":"https:\/\/www.organisator.ch\/wp-content\/uploads\/2019\/04\/Initiative-Nachfolgebus-2019-Gut-besuchter-Start-in-Zuerich_Organisator.jpg","keywords":["Fachkongress\/Fachmesse","Firmennachfolge","Nachfolgeregelung","Unternehmen"],"articleSection":["MANAGEMENT"],"inLanguage":"fr-FR"},{"@type":"WebPage","@id":"https:\/\/www.organisator.ch\/management\/2019-09-26\/die-nachfolgebus-tour-2019-unterwegs-in-zuerich-und-winterthur\/","url":"https:\/\/www.organisator.ch\/management\/2019-09-26\/die-nachfolgebus-tour-2019-unterwegs-in-zuerich-und-winterthur\/","name":"La tourn\u00e9e de bus de suivi 2019 en route pour Zurich et Winterthur - Organisateur","isPartOf":{"@id":"https:\/\/www.organisator.ch\/#website"},"primaryImageOfPage":{"@id":"https:\/\/www.organisator.ch\/management\/2019-09-26\/die-nachfolgebus-tour-2019-unterwegs-in-zuerich-und-winterthur\/#primaryimage"},"image":{"@id":"https:\/\/www.organisator.ch\/management\/2019-09-26\/die-nachfolgebus-tour-2019-unterwegs-in-zuerich-und-winterthur\/#primaryimage"},"thumbnailUrl":"https:\/\/www.organisator.ch\/wp-content\/uploads\/2019\/04\/Initiative-Nachfolgebus-2019-Gut-besuchter-Start-in-Zuerich_Organisator.jpg","datePublished":"2019-09-26T06:32:09+00:00","description":"Les prochaines \u00e9tapes du bus successeur Tour 2019 seront Zurich les 1er et 2 octobre (dans le cadre de la Business Innovation Week) et Winterthur le 3 octobre.","breadcrumb":{"@id":"https:\/\/www.organisator.ch\/management\/2019-09-26\/die-nachfolgebus-tour-2019-unterwegs-in-zuerich-und-winterthur\/#breadcrumb"},"inLanguage":"fr-FR","potentialAction":[{"@type":"ReadAction","target":["https:\/\/www.organisator.ch\/management\/2019-09-26\/die-nachfolgebus-tour-2019-unterwegs-in-zuerich-und-winterthur\/"]}]},{"@type":"ImageObject","inLanguage":"fr-FR","@id":"https:\/\/www.organisator.ch\/management\/2019-09-26\/die-nachfolgebus-tour-2019-unterwegs-in-zuerich-und-winterthur\/#primaryimage","url":"https:\/\/www.organisator.ch\/wp-content\/uploads\/2019\/04\/Initiative-Nachfolgebus-2019-Gut-besuchter-Start-in-Zuerich_Organisator.jpg","contentUrl":"https:\/\/www.organisator.ch\/wp-content\/uploads\/2019\/04\/Initiative-Nachfolgebus-2019-Gut-besuchter-Start-in-Zuerich_Organisator.jpg","width":680,"height":383,"caption":"Carla Kaufmann, Initiatorin des Nachfolgebus, freut sich \u00fcber den gelungenen Auftakt in Z\u00fcrich f\u00fcr die Nachfolgebus Tour 2019. (Bild: Nachfolgebus.ch)"},{"@type":"BreadcrumbList","@id":"https:\/\/www.organisator.ch\/management\/2019-09-26\/die-nachfolgebus-tour-2019-unterwegs-in-zuerich-und-winterthur\/#breadcrumb","itemListElement":[{"@type":"ListItem","position":1,"name":"Home","item":"https:\/\/www.organisator.ch\/"},{"@type":"ListItem","position":2,"name":"Die Nachfolgebus Tour 2019 unterwegs in Z\u00fcrich und Winterthur"}]},{"@type":"WebSite","@id":"https:\/\/www.organisator.ch\/#website","url":"https:\/\/www.organisator.ch\/","name":"Organisateur","description":"Comp\u00e9tence et comp\u00e9tence. Proches de la pratique. L'ORGANISATEUR pr\u00e9pare 10 num\u00e9ros par an sur les th\u00e8mes essentiels pour les dirigeants de PME.","publisher":{"@id":"https:\/\/www.organisator.ch\/#organization"},"potentialAction":[{"@type":"SearchAction","target":{"@type":"EntryPoint","urlTemplate":"https:\/\/www.organisator.ch\/?s={search_term_string}"},"query-input":{"@type":"PropertyValueSpecification","valueRequired":true,"valueName":"search_term_string"}}],"inLanguage":"fr-FR"},{"@type":"Organization","@id":"https:\/\/www.organisator.ch\/#organization","name":"Organisateur","url":"https:\/\/www.organisator.ch\/","logo":{"@type":"ImageObject","inLanguage":"fr-FR","@id":"https:\/\/www.organisator.ch\/#\/schema\/logo\/image\/","url":"https:\/\/www.organisator.ch\/wp-content\/uploads\/2022\/01\/Logo_Organisator_Website.png","contentUrl":"https:\/\/www.organisator.ch\/wp-content\/uploads\/2022\/01\/Logo_Organisator_Website.png","width":800,"height":77,"caption":"Organisator"},"image":{"@id":"https:\/\/www.organisator.ch\/#\/schema\/logo\/image\/"},"sameAs":["https:\/\/www.facebook.com\/OrganisatorFachmagazin","https:\/\/www.linkedin.com\/showcase\/organisator-das-magazin-fr-kmu","https:\/\/www.xing.com\/news\/pages\/organisator-ch-695","https:\/\/www.youtube.com\/channel\/UCGP2Sq0iWaZwT3BdIAQFYpw"]},{"@type":"Person","@id":"https:\/\/www.organisator.ch\/#\/schema\/person\/6f650f90b2842cd4c0cc334b4e36f67e","name":"thomas.berner","image":{"@type":"ImageObject","inLanguage":"fr-FR","@id":"https:\/\/secure.gravatar.com\/avatar\/ac5001d2a36cb6c6cd3e50789007ffca834b477b74a2144564522e944eabff61?s=96&d=mm&r=g","url":"https:\/\/secure.gravatar.com\/avatar\/ac5001d2a36cb6c6cd3e50789007ffca834b477b74a2144564522e944eabff61?s=96&d=mm&r=g","contentUrl":"https:\/\/secure.gravatar.com\/avatar\/ac5001d2a36cb6c6cd3e50789007ffca834b477b74a2144564522e944eabff61?s=96&d=mm&r=g","caption":"thomas.berner"},"url":"https:\/\/www.organisator.ch\/fr\/author\/thomas-berner\/"}]}},"_links":{"self":[{"href":"https:\/\/www.organisator.ch\/fr\/wp-json\/wp\/v2\/posts\/5842","targetHints":{"allow":["GET"]}}],"collection":[{"href":"https:\/\/www.organisator.ch\/fr\/wp-json\/wp\/v2\/posts"}],"about":[{"href":"https:\/\/www.organisator.ch\/fr\/wp-json\/wp\/v2\/types\/post"}],"author":[{"embeddable":true,"href":"https:\/\/www.organisator.ch\/fr\/wp-json\/wp\/v2\/users\/4"}],"replies":[{"embeddable":true,"href":"https:\/\/www.organisator.ch\/fr\/wp-json\/wp\/v2\/comments?post=5842"}],"version-history":[{"count":0,"href":"https:\/\/www.organisator.ch\/fr\/wp-json\/wp\/v2\/posts\/5842\/revisions"}],"wp:featuredmedia":[{"embeddable":true,"href":"https:\/\/www.organisator.ch\/fr\/wp-json\/wp\/v2\/media\/5103"}],"wp:attachment":[{"href":"https:\/\/www.organisator.ch\/fr\/wp-json\/wp\/v2\/media?parent=5842"}],"wp:term":[{"taxonomy":"category","embeddable":true,"href":"https:\/\/www.organisator.ch\/fr\/wp-json\/wp\/v2\/categories?post=5842"},{"taxonomy":"post_tag","embeddable":true,"href":"https:\/\/www.organisator.ch\/fr\/wp-json\/wp\/v2\/tags?post=5842"}],"curies":[{"name":"wp","href":"https:\/\/api.w.org\/{rel}","templated":true}]}}