{"id":5853,"date":"2019-09-27T09:09:33","date_gmt":"2019-09-27T07:09:33","guid":{"rendered":"https:\/\/www.organisator.ch\/?p=5853"},"modified":"2019-09-27T09:09:33","modified_gmt":"2019-09-27T07:09:33","slug":"unternehmerische-zukunftsfaehigkeit-oebu-laedt-zum-forum-oe","status":"publish","type":"post","link":"https:\/\/www.organisator.ch\/fr\/management\/2019-09-27\/unternehmerische-zukunftsfaehigkeit-oebu-laedt-zum-forum-oe\/","title":{"rendered":"P\u00e9rennit\u00e9 entrepreneuriale : \u00f6bu invite au Forum \u00f6"},"content":{"rendered":"<figure id=\"attachment_5854\" aria-describedby=\"caption-attachment-5854\" style=\"width: 680px\" class=\"wp-caption alignnone\"><img loading=\"lazy\" decoding=\"async\" class=\"size-medium wp-image-5854\" src=\"https:\/\/www.organisator.ch\/wp-content\/uploads\/2019\/09\/Unternehmerische-Zukunftsfaehigkeit-oebu-laedt-zum-Forum-oe_Organisator.jpg\" alt=\"\" width=\"680\" height=\"264\" srcset=\"https:\/\/www.organisator.ch\/wp-content\/uploads\/2019\/09\/Unternehmerische-Zukunftsfaehigkeit-oebu-laedt-zum-Forum-oe_Organisator.jpg 680w, https:\/\/www.organisator.ch\/wp-content\/uploads\/2019\/09\/Unternehmerische-Zukunftsfaehigkeit-oebu-laedt-zum-Forum-oe_Organisator-16x6.jpg 16w, https:\/\/www.organisator.ch\/wp-content\/uploads\/2019\/09\/Unternehmerische-Zukunftsfaehigkeit-oebu-laedt-zum-Forum-oe_Organisator-375x146.jpg 375w, https:\/\/www.organisator.ch\/wp-content\/uploads\/2019\/09\/Unternehmerische-Zukunftsfaehigkeit-oebu-laedt-zum-Forum-oe_Organisator-300x116.jpg 300w\" sizes=\"auto, (max-width: 680px) 100vw, 680px\" \/><figcaption id=\"caption-attachment-5854\" class=\"wp-caption-text\">La p\u00e9rennit\u00e9 de l'entreprise : l'homme comme constructeur de ponts. Tel est le th\u00e8me du Forum \u00f6 de cette ann\u00e9e, qui se tiendra le 31 octobre 2019 au GDI \u00e0 R\u00fcschlikon.<\/figcaption><\/figure>\n<p>Le Forum \u00f6 est le rendez-vous annuel de l'\u00e9conomie durable en Suisse. Une fois par an, cette manifestation r\u00e9unit des entreprises et des organisations suisses de premier plan et des penseurs issus des milieux scientifiques, politiques et du conseil, afin de discuter des chances et des d\u00e9fis d'un d\u00e9veloppement \u00e9conomique durable. Sous le slogan de cette ann\u00e9e \"P\u00e9rennit\u00e9 des entreprises : L'homme comme b\u00e2tisseur de ponts\", des pr\u00e9curseurs et des penseurs issus de l'\u00e9conomie, de la science et de la soci\u00e9t\u00e9 discuteront le 31 octobre des chances et des d\u00e9fis d'un d\u00e9veloppement \u00e9conomique durable. Des aper\u00e7us passionnants de mod\u00e8les commerciaux durables, in\u00e9dits et couronn\u00e9s de succ\u00e8s ainsi que des th\u00e8mes pertinents pour les entreprises viables attendent les visiteurs : De l'intrapreneuriat et des dialogues multipartites \u00e0 la suffisance et aux innovations soci\u00e9tales, en passant par les cha\u00eenes d'approvisionnement durables, l'\u00e9conomie circulaire et le reporting.<\/p>\n<p>En tant que visiteur, vous avez le choix. Vous aurez tout le temps de poser des questions aux experts et, si vous le souhaitez, de participer activement. L'\u00e9change avec les participants ne sera pas non plus n\u00e9glig\u00e9. Car il est grand temps de passer \u00e0 l'action ensemble et de construire des ponts avec courage. Entre les entreprises. Entre les personnes. Et cela va bien au-del\u00e0 du Forum \u00f6. Nous attendons plus de 200 participants \u00e0 cet \u00e9v\u00e9nement anniversaire dans le cadre inspirant de l'Institut Gottlieb Duttweiler \u00e0 R\u00fcschlikon.<\/p>\n<p><em> <a href=\"http:\/\/www.oebu.ch\/forumoe-2019\">www.oebu.ch\/forumoe-2019<\/a><\/em><\/p>","protected":false},"excerpt":{"rendered":"<p>Das Forum \u00f6 ist das j\u00e4hrliche Treffen der nachhaltigen Wirtschaft in der Schweiz. Einmal pro Jahr bringt dieser Anlass f\u00fchrende Schweizer Unternehmen und Organisationen zusammen mit Vordenkern aus Wissenschaft, Politik und Beratung, um die Chancen und Herausforderungen einer nachhaltigen Wirtschaftsentwicklung zu diskutieren. Unter dem diesj\u00e4hrigen Motto \u00abZukunftsf\u00e4higkeit von Unternehmen: Der Mensch als Br\u00fcckenbauer\u00bb diskutieren am [&hellip;]<\/p>\n","protected":false},"author":4,"featured_media":5854,"comment_status":"closed","ping_status":"closed","sticky":false,"template":"","format":"standard","meta":{"_acf_changed":false,"_yoast_wpseo_focuskw":"Zukunftsf\u00e4higkeit","_yoast_wpseo_metadesc":"\u00f6bu, der Verband f\u00fcr nachhaltiges Wirtschaften in der Schweiz, feiert 2019 sein 30j\u00e4hriges Bestehen. Grund, um einen Blick in die Zukunft zu werfen.","articlekey":"","footnotes":""},"categories":[28],"tags":[193,335,358,503],"class_list":["post-5853","post","type-post","status-publish","format-standard","has-post-thumbnail","hentry","category-management","tag-fachkongressfachmesse","tag-management-und-unternehmensfuehrung","tag-nachhaltige-wirtschaft","tag-verbaende"],"acf":[],"yoast_head":"<!-- This site is optimized with the Yoast SEO plugin v27.4 - https:\/\/yoast.com\/product\/yoast-seo-wordpress\/ -->\n<title>Unternehmerische Zukunftsf\u00e4higkeit: \u00f6bu l\u00e4dt zum Forum \u00f6 - Organisator<\/title>\n<meta name=\"description\" content=\"\u00f6bu, der Verband f\u00fcr nachhaltiges Wirtschaften in der Schweiz, feiert 2019 sein 30j\u00e4hriges Bestehen. Grund, um einen Blick in die Zukunft zu werfen.\" \/>\n<meta name=\"robots\" content=\"index, follow, max-snippet:-1, max-image-preview:large, max-video-preview:-1\" \/>\n<link rel=\"canonical\" href=\"https:\/\/www.organisator.ch\/fr\/gestion-2\/2019-09-27\/unternehmerische-zukunftsfaehigkeit-oebu-laedt-zum-forum-oe\/\" \/>\n<meta property=\"og:locale\" content=\"fr_FR\" \/>\n<meta property=\"og:type\" content=\"article\" \/>\n<meta property=\"og:title\" content=\"Unternehmerische Zukunftsf\u00e4higkeit: \u00f6bu l\u00e4dt zum Forum \u00f6\" \/>\n<meta property=\"og:description\" content=\"\u00f6bu, der Verband f\u00fcr nachhaltiges Wirtschaften in der Schweiz, feiert 2019 sein 30j\u00e4hriges Bestehen. Grund, um einen Blick in die Zukunft zu werfen.\" \/>\n<meta property=\"og:url\" content=\"https:\/\/www.organisator.ch\/fr\/gestion-2\/2019-09-27\/unternehmerische-zukunftsfaehigkeit-oebu-laedt-zum-forum-oe\/\" \/>\n<meta property=\"og:site_name\" content=\"Organisator\" \/>\n<meta property=\"article:publisher\" content=\"https:\/\/www.facebook.com\/OrganisatorFachmagazin\" \/>\n<meta property=\"article:published_time\" content=\"2019-09-27T07:09:33+00:00\" \/>\n<meta property=\"og:image\" content=\"https:\/\/www.organisator.ch\/wp-content\/uploads\/2019\/09\/Unternehmerische-Zukunftsfaehigkeit-oebu-laedt-zum-Forum-oe_Organisator.jpg\" \/>\n\t<meta property=\"og:image:width\" content=\"680\" \/>\n\t<meta property=\"og:image:height\" content=\"264\" \/>\n\t<meta property=\"og:image:type\" content=\"image\/jpeg\" \/>\n<meta name=\"author\" content=\"thomas.berner\" \/>\n<meta name=\"twitter:card\" content=\"summary_large_image\" \/>\n<meta name=\"twitter:title\" content=\"Unternehmerische #Zukunftsf\u00e4higkeit: #\u00f6bu l\u00e4dt zum Forum \u00f6\" \/>\n<meta name=\"twitter:description\" content=\"#\u00f6bu, der Verband f\u00fcr nachhaltiges Wirtschaften in der Schweiz, feiert 2019 sein 30j\u00e4hriges Bestehen. Grund, um einen Blick in die Zukunft zu werfen.\" \/>\n<meta name=\"twitter:image\" content=\"https:\/\/www.organisator.ch\/wp-content\/uploads\/2019\/09\/Unternehmerische-Zukunftsfaehigkeit-oebu-laedt-zum-Forum-oe_Organisator.jpg\" \/>\n<script type=\"application\/ld+json\" class=\"yoast-schema-graph\">{\"@context\":\"https:\\\/\\\/schema.org\",\"@graph\":[{\"@type\":\"Article\",\"@id\":\"https:\\\/\\\/www.organisator.ch\\\/management\\\/2019-09-27\\\/unternehmerische-zukunftsfaehigkeit-oebu-laedt-zum-forum-oe\\\/#article\",\"isPartOf\":{\"@id\":\"https:\\\/\\\/www.organisator.ch\\\/management\\\/2019-09-27\\\/unternehmerische-zukunftsfaehigkeit-oebu-laedt-zum-forum-oe\\\/\"},\"author\":{\"name\":\"thomas.berner\",\"@id\":\"https:\\\/\\\/www.organisator.ch\\\/#\\\/schema\\\/person\\\/6f650f90b2842cd4c0cc334b4e36f67e\"},\"headline\":\"Unternehmerische Zukunftsf\u00e4higkeit: \u00f6bu l\u00e4dt zum Forum \u00f6\",\"datePublished\":\"2019-09-27T07:09:33+00:00\",\"mainEntityOfPage\":{\"@id\":\"https:\\\/\\\/www.organisator.ch\\\/management\\\/2019-09-27\\\/unternehmerische-zukunftsfaehigkeit-oebu-laedt-zum-forum-oe\\\/\"},\"wordCount\":236,\"publisher\":{\"@id\":\"https:\\\/\\\/www.organisator.ch\\\/#organization\"},\"image\":{\"@id\":\"https:\\\/\\\/www.organisator.ch\\\/management\\\/2019-09-27\\\/unternehmerische-zukunftsfaehigkeit-oebu-laedt-zum-forum-oe\\\/#primaryimage\"},\"thumbnailUrl\":\"https:\\\/\\\/www.organisator.ch\\\/wp-content\\\/uploads\\\/2019\\\/09\\\/Unternehmerische-Zukunftsfaehigkeit-oebu-laedt-zum-Forum-oe_Organisator.jpg\",\"keywords\":[\"Fachkongress\\\/Fachmesse\",\"Management und Unternehmensf\u00fchrung\",\"Nachhaltige Wirtschaft\",\"Verb\u00e4nde\"],\"articleSection\":[\"MANAGEMENT\"],\"inLanguage\":\"fr-FR\"},{\"@type\":\"WebPage\",\"@id\":\"https:\\\/\\\/www.organisator.ch\\\/management\\\/2019-09-27\\\/unternehmerische-zukunftsfaehigkeit-oebu-laedt-zum-forum-oe\\\/\",\"url\":\"https:\\\/\\\/www.organisator.ch\\\/management\\\/2019-09-27\\\/unternehmerische-zukunftsfaehigkeit-oebu-laedt-zum-forum-oe\\\/\",\"name\":\"Unternehmerische Zukunftsf\u00e4higkeit: \u00f6bu l\u00e4dt zum Forum \u00f6 - Organisator\",\"isPartOf\":{\"@id\":\"https:\\\/\\\/www.organisator.ch\\\/#website\"},\"primaryImageOfPage\":{\"@id\":\"https:\\\/\\\/www.organisator.ch\\\/management\\\/2019-09-27\\\/unternehmerische-zukunftsfaehigkeit-oebu-laedt-zum-forum-oe\\\/#primaryimage\"},\"image\":{\"@id\":\"https:\\\/\\\/www.organisator.ch\\\/management\\\/2019-09-27\\\/unternehmerische-zukunftsfaehigkeit-oebu-laedt-zum-forum-oe\\\/#primaryimage\"},\"thumbnailUrl\":\"https:\\\/\\\/www.organisator.ch\\\/wp-content\\\/uploads\\\/2019\\\/09\\\/Unternehmerische-Zukunftsfaehigkeit-oebu-laedt-zum-Forum-oe_Organisator.jpg\",\"datePublished\":\"2019-09-27T07:09:33+00:00\",\"description\":\"\u00f6bu, der Verband f\u00fcr nachhaltiges Wirtschaften in der Schweiz, feiert 2019 sein 30j\u00e4hriges Bestehen. Grund, um einen Blick in die Zukunft zu werfen.\",\"breadcrumb\":{\"@id\":\"https:\\\/\\\/www.organisator.ch\\\/management\\\/2019-09-27\\\/unternehmerische-zukunftsfaehigkeit-oebu-laedt-zum-forum-oe\\\/#breadcrumb\"},\"inLanguage\":\"fr-FR\",\"potentialAction\":[{\"@type\":\"ReadAction\",\"target\":[\"https:\\\/\\\/www.organisator.ch\\\/management\\\/2019-09-27\\\/unternehmerische-zukunftsfaehigkeit-oebu-laedt-zum-forum-oe\\\/\"]}]},{\"@type\":\"ImageObject\",\"inLanguage\":\"fr-FR\",\"@id\":\"https:\\\/\\\/www.organisator.ch\\\/management\\\/2019-09-27\\\/unternehmerische-zukunftsfaehigkeit-oebu-laedt-zum-forum-oe\\\/#primaryimage\",\"url\":\"https:\\\/\\\/www.organisator.ch\\\/wp-content\\\/uploads\\\/2019\\\/09\\\/Unternehmerische-Zukunftsfaehigkeit-oebu-laedt-zum-Forum-oe_Organisator.jpg\",\"contentUrl\":\"https:\\\/\\\/www.organisator.ch\\\/wp-content\\\/uploads\\\/2019\\\/09\\\/Unternehmerische-Zukunftsfaehigkeit-oebu-laedt-zum-Forum-oe_Organisator.jpg\",\"width\":680,\"height\":264,\"caption\":\"Unternehmerische Zukunftsf\u00e4higkeit: Der Mensch als Br\u00fcckenbauer. So lautet das Thema des diesj\u00e4hrigen Forum \u00f6 am 31. Oktober 2019 im GDI in R\u00fcschlikon.\"},{\"@type\":\"BreadcrumbList\",\"@id\":\"https:\\\/\\\/www.organisator.ch\\\/management\\\/2019-09-27\\\/unternehmerische-zukunftsfaehigkeit-oebu-laedt-zum-forum-oe\\\/#breadcrumb\",\"itemListElement\":[{\"@type\":\"ListItem\",\"position\":1,\"name\":\"Home\",\"item\":\"https:\\\/\\\/www.organisator.ch\\\/\"},{\"@type\":\"ListItem\",\"position\":2,\"name\":\"Unternehmerische Zukunftsf\u00e4higkeit: \u00f6bu l\u00e4dt zum Forum \u00f6\"}]},{\"@type\":\"WebSite\",\"@id\":\"https:\\\/\\\/www.organisator.ch\\\/#website\",\"url\":\"https:\\\/\\\/www.organisator.ch\\\/\",\"name\":\"Organisator\",\"description\":\"Kompetent. Praxisnah. Der ORGANISATOR bereitet in 10 Ausgaben pro Jahr die wesentlichen Themen f\u00fcr F\u00fchrungskr\u00e4fte von KMU auf.\",\"publisher\":{\"@id\":\"https:\\\/\\\/www.organisator.ch\\\/#organization\"},\"potentialAction\":[{\"@type\":\"SearchAction\",\"target\":{\"@type\":\"EntryPoint\",\"urlTemplate\":\"https:\\\/\\\/www.organisator.ch\\\/?s={search_term_string}\"},\"query-input\":{\"@type\":\"PropertyValueSpecification\",\"valueRequired\":true,\"valueName\":\"search_term_string\"}}],\"inLanguage\":\"fr-FR\"},{\"@type\":\"Organization\",\"@id\":\"https:\\\/\\\/www.organisator.ch\\\/#organization\",\"name\":\"Organisator\",\"url\":\"https:\\\/\\\/www.organisator.ch\\\/\",\"logo\":{\"@type\":\"ImageObject\",\"inLanguage\":\"fr-FR\",\"@id\":\"https:\\\/\\\/www.organisator.ch\\\/#\\\/schema\\\/logo\\\/image\\\/\",\"url\":\"https:\\\/\\\/www.organisator.ch\\\/wp-content\\\/uploads\\\/2022\\\/01\\\/Logo_Organisator_Website.png\",\"contentUrl\":\"https:\\\/\\\/www.organisator.ch\\\/wp-content\\\/uploads\\\/2022\\\/01\\\/Logo_Organisator_Website.png\",\"width\":800,\"height\":77,\"caption\":\"Organisator\"},\"image\":{\"@id\":\"https:\\\/\\\/www.organisator.ch\\\/#\\\/schema\\\/logo\\\/image\\\/\"},\"sameAs\":[\"https:\\\/\\\/www.facebook.com\\\/OrganisatorFachmagazin\",\"https:\\\/\\\/www.linkedin.com\\\/showcase\\\/organisator-das-magazin-fr-kmu\",\"https:\\\/\\\/www.xing.com\\\/news\\\/pages\\\/organisator-ch-695\",\"https:\\\/\\\/www.youtube.com\\\/channel\\\/UCGP2Sq0iWaZwT3BdIAQFYpw\"]},{\"@type\":\"Person\",\"@id\":\"https:\\\/\\\/www.organisator.ch\\\/#\\\/schema\\\/person\\\/6f650f90b2842cd4c0cc334b4e36f67e\",\"name\":\"thomas.berner\",\"image\":{\"@type\":\"ImageObject\",\"inLanguage\":\"fr-FR\",\"@id\":\"https:\\\/\\\/secure.gravatar.com\\\/avatar\\\/ac5001d2a36cb6c6cd3e50789007ffca834b477b74a2144564522e944eabff61?s=96&d=mm&r=g\",\"url\":\"https:\\\/\\\/secure.gravatar.com\\\/avatar\\\/ac5001d2a36cb6c6cd3e50789007ffca834b477b74a2144564522e944eabff61?s=96&d=mm&r=g\",\"contentUrl\":\"https:\\\/\\\/secure.gravatar.com\\\/avatar\\\/ac5001d2a36cb6c6cd3e50789007ffca834b477b74a2144564522e944eabff61?s=96&d=mm&r=g\",\"caption\":\"thomas.berner\"},\"url\":\"https:\\\/\\\/www.organisator.ch\\\/fr\\\/author\\\/thomas-berner\\\/\"}]}<\/script>\n<!-- \/ Yoast SEO plugin. -->","yoast_head_json":{"title":"P\u00e9rennit\u00e9 entrepreneuriale : \u00f6bu invite au Forum \u00f6 - Organisateur","description":"\u00f6bu, l'association pour une \u00e9conomie durable en Suisse, f\u00eatera ses 30 ans d'existence en 2019. Raison de plus pour jeter un regard sur l'avenir.","robots":{"index":"index","follow":"follow","max-snippet":"max-snippet:-1","max-image-preview":"max-image-preview:large","max-video-preview":"max-video-preview:-1"},"canonical":"https:\/\/www.organisator.ch\/fr\/gestion-2\/2019-09-27\/unternehmerische-zukunftsfaehigkeit-oebu-laedt-zum-forum-oe\/","og_locale":"fr_FR","og_type":"article","og_title":"Unternehmerische Zukunftsf\u00e4higkeit: \u00f6bu l\u00e4dt zum Forum \u00f6","og_description":"\u00f6bu, der Verband f\u00fcr nachhaltiges Wirtschaften in der Schweiz, feiert 2019 sein 30j\u00e4hriges Bestehen. Grund, um einen Blick in die Zukunft zu werfen.","og_url":"https:\/\/www.organisator.ch\/fr\/gestion-2\/2019-09-27\/unternehmerische-zukunftsfaehigkeit-oebu-laedt-zum-forum-oe\/","og_site_name":"Organisator","article_publisher":"https:\/\/www.facebook.com\/OrganisatorFachmagazin","article_published_time":"2019-09-27T07:09:33+00:00","og_image":[{"width":680,"height":264,"url":"https:\/\/www.organisator.ch\/wp-content\/uploads\/2019\/09\/Unternehmerische-Zukunftsfaehigkeit-oebu-laedt-zum-Forum-oe_Organisator.jpg","type":"image\/jpeg"}],"author":"thomas.berner","twitter_card":"summary_large_image","twitter_title":"Unternehmerische #Zukunftsf\u00e4higkeit: #\u00f6bu l\u00e4dt zum Forum \u00f6","twitter_description":"#\u00f6bu, der Verband f\u00fcr nachhaltiges Wirtschaften in der Schweiz, feiert 2019 sein 30j\u00e4hriges Bestehen. Grund, um einen Blick in die Zukunft zu werfen.","twitter_image":"https:\/\/www.organisator.ch\/wp-content\/uploads\/2019\/09\/Unternehmerische-Zukunftsfaehigkeit-oebu-laedt-zum-Forum-oe_Organisator.jpg","schema":{"@context":"https:\/\/schema.org","@graph":[{"@type":"Article","@id":"https:\/\/www.organisator.ch\/management\/2019-09-27\/unternehmerische-zukunftsfaehigkeit-oebu-laedt-zum-forum-oe\/#article","isPartOf":{"@id":"https:\/\/www.organisator.ch\/management\/2019-09-27\/unternehmerische-zukunftsfaehigkeit-oebu-laedt-zum-forum-oe\/"},"author":{"name":"thomas.berner","@id":"https:\/\/www.organisator.ch\/#\/schema\/person\/6f650f90b2842cd4c0cc334b4e36f67e"},"headline":"Unternehmerische Zukunftsf\u00e4higkeit: \u00f6bu l\u00e4dt zum Forum \u00f6","datePublished":"2019-09-27T07:09:33+00:00","mainEntityOfPage":{"@id":"https:\/\/www.organisator.ch\/management\/2019-09-27\/unternehmerische-zukunftsfaehigkeit-oebu-laedt-zum-forum-oe\/"},"wordCount":236,"publisher":{"@id":"https:\/\/www.organisator.ch\/#organization"},"image":{"@id":"https:\/\/www.organisator.ch\/management\/2019-09-27\/unternehmerische-zukunftsfaehigkeit-oebu-laedt-zum-forum-oe\/#primaryimage"},"thumbnailUrl":"https:\/\/www.organisator.ch\/wp-content\/uploads\/2019\/09\/Unternehmerische-Zukunftsfaehigkeit-oebu-laedt-zum-Forum-oe_Organisator.jpg","keywords":["Fachkongress\/Fachmesse","Management und Unternehmensf\u00fchrung","Nachhaltige Wirtschaft","Verb\u00e4nde"],"articleSection":["MANAGEMENT"],"inLanguage":"fr-FR"},{"@type":"WebPage","@id":"https:\/\/www.organisator.ch\/management\/2019-09-27\/unternehmerische-zukunftsfaehigkeit-oebu-laedt-zum-forum-oe\/","url":"https:\/\/www.organisator.ch\/management\/2019-09-27\/unternehmerische-zukunftsfaehigkeit-oebu-laedt-zum-forum-oe\/","name":"P\u00e9rennit\u00e9 entrepreneuriale : \u00f6bu invite au Forum \u00f6 - Organisateur","isPartOf":{"@id":"https:\/\/www.organisator.ch\/#website"},"primaryImageOfPage":{"@id":"https:\/\/www.organisator.ch\/management\/2019-09-27\/unternehmerische-zukunftsfaehigkeit-oebu-laedt-zum-forum-oe\/#primaryimage"},"image":{"@id":"https:\/\/www.organisator.ch\/management\/2019-09-27\/unternehmerische-zukunftsfaehigkeit-oebu-laedt-zum-forum-oe\/#primaryimage"},"thumbnailUrl":"https:\/\/www.organisator.ch\/wp-content\/uploads\/2019\/09\/Unternehmerische-Zukunftsfaehigkeit-oebu-laedt-zum-Forum-oe_Organisator.jpg","datePublished":"2019-09-27T07:09:33+00:00","description":"\u00f6bu, l'association pour une \u00e9conomie durable en Suisse, f\u00eatera ses 30 ans d'existence en 2019. Raison de plus pour jeter un regard sur l'avenir.","breadcrumb":{"@id":"https:\/\/www.organisator.ch\/management\/2019-09-27\/unternehmerische-zukunftsfaehigkeit-oebu-laedt-zum-forum-oe\/#breadcrumb"},"inLanguage":"fr-FR","potentialAction":[{"@type":"ReadAction","target":["https:\/\/www.organisator.ch\/management\/2019-09-27\/unternehmerische-zukunftsfaehigkeit-oebu-laedt-zum-forum-oe\/"]}]},{"@type":"ImageObject","inLanguage":"fr-FR","@id":"https:\/\/www.organisator.ch\/management\/2019-09-27\/unternehmerische-zukunftsfaehigkeit-oebu-laedt-zum-forum-oe\/#primaryimage","url":"https:\/\/www.organisator.ch\/wp-content\/uploads\/2019\/09\/Unternehmerische-Zukunftsfaehigkeit-oebu-laedt-zum-Forum-oe_Organisator.jpg","contentUrl":"https:\/\/www.organisator.ch\/wp-content\/uploads\/2019\/09\/Unternehmerische-Zukunftsfaehigkeit-oebu-laedt-zum-Forum-oe_Organisator.jpg","width":680,"height":264,"caption":"Unternehmerische Zukunftsf\u00e4higkeit: Der Mensch als Br\u00fcckenbauer. So lautet das Thema des diesj\u00e4hrigen Forum \u00f6 am 31. Oktober 2019 im GDI in R\u00fcschlikon."},{"@type":"BreadcrumbList","@id":"https:\/\/www.organisator.ch\/management\/2019-09-27\/unternehmerische-zukunftsfaehigkeit-oebu-laedt-zum-forum-oe\/#breadcrumb","itemListElement":[{"@type":"ListItem","position":1,"name":"Home","item":"https:\/\/www.organisator.ch\/"},{"@type":"ListItem","position":2,"name":"Unternehmerische Zukunftsf\u00e4higkeit: \u00f6bu l\u00e4dt zum Forum \u00f6"}]},{"@type":"WebSite","@id":"https:\/\/www.organisator.ch\/#website","url":"https:\/\/www.organisator.ch\/","name":"Organisateur","description":"Comp\u00e9tence et comp\u00e9tence. Proches de la pratique. L'ORGANISATEUR pr\u00e9pare 10 num\u00e9ros par an sur les th\u00e8mes essentiels pour les dirigeants de PME.","publisher":{"@id":"https:\/\/www.organisator.ch\/#organization"},"potentialAction":[{"@type":"SearchAction","target":{"@type":"EntryPoint","urlTemplate":"https:\/\/www.organisator.ch\/?s={search_term_string}"},"query-input":{"@type":"PropertyValueSpecification","valueRequired":true,"valueName":"search_term_string"}}],"inLanguage":"fr-FR"},{"@type":"Organization","@id":"https:\/\/www.organisator.ch\/#organization","name":"Organisateur","url":"https:\/\/www.organisator.ch\/","logo":{"@type":"ImageObject","inLanguage":"fr-FR","@id":"https:\/\/www.organisator.ch\/#\/schema\/logo\/image\/","url":"https:\/\/www.organisator.ch\/wp-content\/uploads\/2022\/01\/Logo_Organisator_Website.png","contentUrl":"https:\/\/www.organisator.ch\/wp-content\/uploads\/2022\/01\/Logo_Organisator_Website.png","width":800,"height":77,"caption":"Organisator"},"image":{"@id":"https:\/\/www.organisator.ch\/#\/schema\/logo\/image\/"},"sameAs":["https:\/\/www.facebook.com\/OrganisatorFachmagazin","https:\/\/www.linkedin.com\/showcase\/organisator-das-magazin-fr-kmu","https:\/\/www.xing.com\/news\/pages\/organisator-ch-695","https:\/\/www.youtube.com\/channel\/UCGP2Sq0iWaZwT3BdIAQFYpw"]},{"@type":"Person","@id":"https:\/\/www.organisator.ch\/#\/schema\/person\/6f650f90b2842cd4c0cc334b4e36f67e","name":"thomas.berner","image":{"@type":"ImageObject","inLanguage":"fr-FR","@id":"https:\/\/secure.gravatar.com\/avatar\/ac5001d2a36cb6c6cd3e50789007ffca834b477b74a2144564522e944eabff61?s=96&d=mm&r=g","url":"https:\/\/secure.gravatar.com\/avatar\/ac5001d2a36cb6c6cd3e50789007ffca834b477b74a2144564522e944eabff61?s=96&d=mm&r=g","contentUrl":"https:\/\/secure.gravatar.com\/avatar\/ac5001d2a36cb6c6cd3e50789007ffca834b477b74a2144564522e944eabff61?s=96&d=mm&r=g","caption":"thomas.berner"},"url":"https:\/\/www.organisator.ch\/fr\/author\/thomas-berner\/"}]}},"_links":{"self":[{"href":"https:\/\/www.organisator.ch\/fr\/wp-json\/wp\/v2\/posts\/5853","targetHints":{"allow":["GET"]}}],"collection":[{"href":"https:\/\/www.organisator.ch\/fr\/wp-json\/wp\/v2\/posts"}],"about":[{"href":"https:\/\/www.organisator.ch\/fr\/wp-json\/wp\/v2\/types\/post"}],"author":[{"embeddable":true,"href":"https:\/\/www.organisator.ch\/fr\/wp-json\/wp\/v2\/users\/4"}],"replies":[{"embeddable":true,"href":"https:\/\/www.organisator.ch\/fr\/wp-json\/wp\/v2\/comments?post=5853"}],"version-history":[{"count":0,"href":"https:\/\/www.organisator.ch\/fr\/wp-json\/wp\/v2\/posts\/5853\/revisions"}],"wp:featuredmedia":[{"embeddable":true,"href":"https:\/\/www.organisator.ch\/fr\/wp-json\/wp\/v2\/media\/5854"}],"wp:attachment":[{"href":"https:\/\/www.organisator.ch\/fr\/wp-json\/wp\/v2\/media?parent=5853"}],"wp:term":[{"taxonomy":"category","embeddable":true,"href":"https:\/\/www.organisator.ch\/fr\/wp-json\/wp\/v2\/categories?post=5853"},{"taxonomy":"post_tag","embeddable":true,"href":"https:\/\/www.organisator.ch\/fr\/wp-json\/wp\/v2\/tags?post=5853"}],"curies":[{"name":"wp","href":"https:\/\/api.w.org\/{rel}","templated":true}]}}