{"id":5885,"date":"2019-10-08T08:17:08","date_gmt":"2019-10-08T06:17:08","guid":{"rendered":"https:\/\/www.organisator.ch\/?p=5885"},"modified":"2019-10-08T08:17:08","modified_gmt":"2019-10-08T06:17:08","slug":"mit-unternehmensresilienz-in-der-krise-nicht-ausgeliefert-sein","status":"publish","type":"post","link":"https:\/\/www.organisator.ch\/fr\/management\/2019-10-08\/mit-unternehmensresilienz-in-der-krise-nicht-ausgeliefert-sein\/","title":{"rendered":"La r\u00e9silience d'entreprise permet de ne pas \u00eatre \u00e0 la merci de la crise"},"content":{"rendered":"<figure id=\"attachment_5886\" aria-describedby=\"caption-attachment-5886\" style=\"width: 680px\" class=\"wp-caption alignnone\"><img loading=\"lazy\" decoding=\"async\" class=\"size-medium wp-image-5886\" src=\"https:\/\/www.organisator.ch\/wp-content\/uploads\/2019\/10\/Mit-Unternehmensresilienz-in-der-Krise-nicht-ausgeliefert-sein_Organisator.jpg\" alt=\"\" width=\"680\" height=\"453\" srcset=\"https:\/\/www.organisator.ch\/wp-content\/uploads\/2019\/10\/Mit-Unternehmensresilienz-in-der-Krise-nicht-ausgeliefert-sein_Organisator.jpg 680w, https:\/\/www.organisator.ch\/wp-content\/uploads\/2019\/10\/Mit-Unternehmensresilienz-in-der-Krise-nicht-ausgeliefert-sein_Organisator-16x12.jpg 16w, https:\/\/www.organisator.ch\/wp-content\/uploads\/2019\/10\/Mit-Unternehmensresilienz-in-der-Krise-nicht-ausgeliefert-sein_Organisator-263x175.jpg 263w, https:\/\/www.organisator.ch\/wp-content\/uploads\/2019\/10\/Mit-Unternehmensresilienz-in-der-Krise-nicht-ausgeliefert-sein_Organisator-525x350.jpg 525w, https:\/\/www.organisator.ch\/wp-content\/uploads\/2019\/10\/Mit-Unternehmensresilienz-in-der-Krise-nicht-ausgeliefert-sein_Organisator-300x200.jpg 300w\" sizes=\"auto, (max-width: 680px) 100vw, 680px\" \/><figcaption id=\"caption-attachment-5886\" class=\"wp-caption-text\">Avec la r\u00e9silience d'entreprise, on n'est pas compl\u00e8tement \u00e0 la merci de la crise. (Image : Adobe Stock)<\/figcaption><\/figure>\n<p>La r\u00e9silience organisationnelle ou la r\u00e9silience d'entreprise renforce la capacit\u00e9 d'une entreprise ou d'une organisation \u00e0 se pr\u00e9parer syst\u00e9matiquement aux influences n\u00e9gatives actuelles et futures et \u00e0 s'y adapter de mani\u00e8re \u00e0 \u00e9viter les dommages et \u00e0 maintenir sa viabilit\u00e9. Cette r\u00e9silience est obtenue par une interaction habile de divers syst\u00e8mes de gestion. La s\u00e9curit\u00e9 de l'information, la conformit\u00e9, la continuit\u00e9 des activit\u00e9s, la gestion des risques, la gestion des services, la gestion de la qualit\u00e9, la gestion des ressources humaines et la gestion de l'innovation en font partie.<\/p>\n<h2>S'armer contre les d\u00e9fis avec la r\u00e9silience d'entreprise<\/h2>\n<p>\"Aujourd'hui, les entreprises doivent s'adapter aux changements plus rapidement que jamais. La mondialisation, la num\u00e9risation, les cycles d'innovation toujours plus courts et de nombreux autres facteurs d'influence exigent un dynamisme et une flexibilit\u00e9 \u00e9lev\u00e9s. Parall\u00e8lement, les exigences en mati\u00e8re de s\u00e9curit\u00e9 de l'information, de qualit\u00e9, de conformit\u00e9, etc. augmentent. Il est donc d'autant plus important de renforcer la r\u00e9sistance d'un syst\u00e8me d'organisation ou de gestion\", explique Ulrich Heun, directeur de l'entreprise de conseil Carmao GmbH, bas\u00e9e \u00e0 Limburg.<\/p>\n<p>La r\u00e9silience organisationnelle vise \u00e0 ce qu'une entreprise soit r\u00e9siliente face \u00e0 un environnement dynamique et aux influences n\u00e9gatives qui y sont li\u00e9es. Gr\u00e2ce \u00e0 des mesures de r\u00e9silience coordonn\u00e9es entre elles, l'entreprise devient plus r\u00e9sistante, car le syst\u00e8me immunitaire de l'organisme organisationnel est renforc\u00e9. Il ne s'agit pas seulement d'augmenter l'efficacit\u00e9 par une int\u00e9gration habile des syst\u00e8mes de gestion, mais aussi de cr\u00e9er de nouvelles capacit\u00e9s de pr\u00e9vision pour les d\u00e9fis futurs. C'est la base pour \u00e9viter une crise ou pour rester capable d'agir en cas de crise.<\/p>\n<h2><strong>Des donn\u00e9es prot\u00e9g\u00e9es aux innovations en passant par le personnel sensibilis\u00e9<\/strong><\/h2>\n<p>Pour atteindre la r\u00e9silience de l'entreprise, les structures et les processus pertinents doivent \u00eatre con\u00e7us en cons\u00e9quence. Cela est possible gr\u00e2ce \u00e0 des syst\u00e8mes de gestion qui fonctionnent ensemble : S\u00e9curit\u00e9 de l'information, conformit\u00e9, continuit\u00e9 des activit\u00e9s, gestion des risques, gestion des services, gestion de la qualit\u00e9, gestion du personnel et gestion de l'innovation. Ce sont les \u00e9l\u00e9ments centraux dont la mise en \u0153uvre et l'interconnexion conduisent \u00e0 la r\u00e9silience de l'entreprise.<\/p>\n<p>\"Il est essentiel d'impliquer les collaborateurs et les partenaires commerciaux \u00e0 tous les niveaux pour obtenir une r\u00e9silience de bout en bout\", explique Ulrich Heun, qui ajoute : \"Aujourd'hui, avec la num\u00e9risation et la mise en r\u00e9seau, il est de plus en plus important de savoir comment g\u00e9rer les innovations et les nouveaux mod\u00e8les commerciaux. Par exemple, en ce qui concerne la protection des donn\u00e9es, lorsque plusieurs acteurs d'une cha\u00eene de cr\u00e9ation de valeur sont mis en r\u00e9seau. Dans tous les domaines li\u00e9s \u00e0 la r\u00e9silience organisationnelle, nous proposons des conseils et des services appropri\u00e9s pour une int\u00e9gration parfaite des diff\u00e9rentes sous-disciplines. Cela va de l'analyse des liens et de l'identification des probl\u00e8mes jusqu'\u00e0 la mise en \u0153uvre m\u00e9thodologique et \u00e0 la formation ou l'\u00e9ducation d'accompagnement pour permettre aux employ\u00e9s de mettre en \u0153uvre des mesures de r\u00e9silience de mani\u00e8re autonome\".<\/p>\n<p><em>Source : <a href=\"http:\/\/www.carmao.de\">Carmao GmbH<\/a><\/em><\/p>","protected":false},"excerpt":{"rendered":"<p>Organisationale Resilienz resp. Unternehmensresilienz st\u00e4rkt die F\u00e4higkeit eines Unternehmens oder einer Organisation, sich syste\u00admatisch auf aktuelle und k\u00fcnftige negative Einfl\u00fcsse vorzubereiten und so darauf einzustellen, dass Sch\u00e4den vermieden werden und die Zukunftsf\u00e4higkeit aufrecht\u00aderhalten wird. Diese Resilienz wird durch geschicktes Zusammenwirken diverser Managementsysteme erreicht. Dazu z\u00e4hlen Informationssicherheit, Compliance, Business Continuity, Risikomanagement ebenso wie Service Management, Qualit\u00e4tsmanagement, [&hellip;]<\/p>\n","protected":false},"author":4,"featured_media":5886,"comment_status":"closed","ping_status":"closed","sticky":false,"template":"","format":"standard","meta":{"_acf_changed":false,"_yoast_wpseo_focuskw":"Unternehmensresilienz","_yoast_wpseo_metadesc":"Das Jahr 2020 d\u00fcrfte schwierig werden. Unternehmen sind also gut beraten, Massnahmen zur Unternehmensresilienz bzw. organisationalen Resilienz zu ergreifen.","articlekey":"","footnotes":""},"categories":[28],"tags":[315,335,496],"class_list":["post-5885","post","type-post","status-publish","format-standard","has-post-thumbnail","hentry","category-management","tag-krisenmanagement","tag-management-und-unternehmensfuehrung","tag-unternehmensfuehrung"],"acf":[],"yoast_head":"<!-- This site is optimized with the Yoast SEO plugin v27.5 - https:\/\/yoast.com\/product\/yoast-seo-wordpress\/ -->\n<title>Mit Unternehmensresilienz in der Krise nicht ausgeliefert sein - Organisator<\/title>\n<meta name=\"description\" content=\"Das Jahr 2020 d\u00fcrfte schwierig werden. Unternehmen sind also gut beraten, Massnahmen zur Unternehmensresilienz bzw. organisationalen Resilienz zu ergreifen.\" \/>\n<meta name=\"robots\" content=\"index, follow, max-snippet:-1, max-image-preview:large, max-video-preview:-1\" \/>\n<link rel=\"canonical\" href=\"https:\/\/www.organisator.ch\/fr\/gestion-2\/2019-10-08\/mit-unternehmensresilienz-in-der-krise-nicht-ausgeliefert-sein\/\" \/>\n<meta property=\"og:locale\" content=\"fr_FR\" \/>\n<meta property=\"og:type\" content=\"article\" \/>\n<meta property=\"og:title\" content=\"Mit Unternehmensresilienz in der Krise nicht ausgeliefert sein\" \/>\n<meta property=\"og:description\" content=\"Das Jahr 2020 d\u00fcrfte schwierig werden. Unternehmen sind also gut beraten, Massnahmen zur Unternehmensresilienz bzw. organisationalen Resilienz zu ergreifen.\" \/>\n<meta property=\"og:url\" content=\"https:\/\/www.organisator.ch\/fr\/gestion-2\/2019-10-08\/mit-unternehmensresilienz-in-der-krise-nicht-ausgeliefert-sein\/\" \/>\n<meta property=\"og:site_name\" content=\"Organisator\" \/>\n<meta property=\"article:publisher\" content=\"https:\/\/www.facebook.com\/OrganisatorFachmagazin\" \/>\n<meta property=\"article:published_time\" content=\"2019-10-08T06:17:08+00:00\" \/>\n<meta property=\"og:image\" content=\"https:\/\/www.organisator.ch\/wp-content\/uploads\/2019\/10\/Mit-Unternehmensresilienz-in-der-Krise-nicht-ausgeliefert-sein_Organisator.jpg\" \/>\n\t<meta property=\"og:image:width\" content=\"680\" \/>\n\t<meta property=\"og:image:height\" content=\"453\" \/>\n\t<meta property=\"og:image:type\" content=\"image\/jpeg\" \/>\n<meta name=\"author\" content=\"thomas.berner\" \/>\n<meta name=\"twitter:card\" content=\"summary_large_image\" \/>\n<meta name=\"twitter:title\" content=\"Mit #Unternehmensresilienz in der #Krise nicht ausgeliefert sein\" \/>\n<meta name=\"twitter:description\" content=\"Das Jahr 2020 d\u00fcrfte schwierig werden. Unternehmen sind also gut beraten, Massnahmen zur #Unternehmensresilienz bzw. organisationalen Resilienz zu ergreifen.\" \/>\n<meta name=\"twitter:image\" content=\"https:\/\/www.organisator.ch\/wp-content\/uploads\/2019\/10\/Mit-Unternehmensresilienz-in-der-Krise-nicht-ausgeliefert-sein_Organisator.jpg\" \/>\n<script type=\"application\/ld+json\" class=\"yoast-schema-graph\">{\"@context\":\"https:\\\/\\\/schema.org\",\"@graph\":[{\"@type\":\"Article\",\"@id\":\"https:\\\/\\\/www.organisator.ch\\\/management\\\/2019-10-08\\\/mit-unternehmensresilienz-in-der-krise-nicht-ausgeliefert-sein\\\/#article\",\"isPartOf\":{\"@id\":\"https:\\\/\\\/www.organisator.ch\\\/management\\\/2019-10-08\\\/mit-unternehmensresilienz-in-der-krise-nicht-ausgeliefert-sein\\\/\"},\"author\":{\"name\":\"thomas.berner\",\"@id\":\"https:\\\/\\\/www.organisator.ch\\\/#\\\/schema\\\/person\\\/6f650f90b2842cd4c0cc334b4e36f67e\"},\"headline\":\"Mit Unternehmensresilienz in der Krise nicht ausgeliefert sein\",\"datePublished\":\"2019-10-08T06:17:08+00:00\",\"mainEntityOfPage\":{\"@id\":\"https:\\\/\\\/www.organisator.ch\\\/management\\\/2019-10-08\\\/mit-unternehmensresilienz-in-der-krise-nicht-ausgeliefert-sein\\\/\"},\"wordCount\":448,\"publisher\":{\"@id\":\"https:\\\/\\\/www.organisator.ch\\\/#organization\"},\"image\":{\"@id\":\"https:\\\/\\\/www.organisator.ch\\\/management\\\/2019-10-08\\\/mit-unternehmensresilienz-in-der-krise-nicht-ausgeliefert-sein\\\/#primaryimage\"},\"thumbnailUrl\":\"https:\\\/\\\/www.organisator.ch\\\/wp-content\\\/uploads\\\/2019\\\/10\\\/Mit-Unternehmensresilienz-in-der-Krise-nicht-ausgeliefert-sein_Organisator.jpg\",\"keywords\":[\"Krisenmanagement\",\"Management und Unternehmensf\u00fchrung\",\"Unternehmensf\u00fchrung\"],\"articleSection\":[\"MANAGEMENT\"],\"inLanguage\":\"fr-FR\"},{\"@type\":\"WebPage\",\"@id\":\"https:\\\/\\\/www.organisator.ch\\\/management\\\/2019-10-08\\\/mit-unternehmensresilienz-in-der-krise-nicht-ausgeliefert-sein\\\/\",\"url\":\"https:\\\/\\\/www.organisator.ch\\\/management\\\/2019-10-08\\\/mit-unternehmensresilienz-in-der-krise-nicht-ausgeliefert-sein\\\/\",\"name\":\"Mit Unternehmensresilienz in der Krise nicht ausgeliefert sein - Organisator\",\"isPartOf\":{\"@id\":\"https:\\\/\\\/www.organisator.ch\\\/#website\"},\"primaryImageOfPage\":{\"@id\":\"https:\\\/\\\/www.organisator.ch\\\/management\\\/2019-10-08\\\/mit-unternehmensresilienz-in-der-krise-nicht-ausgeliefert-sein\\\/#primaryimage\"},\"image\":{\"@id\":\"https:\\\/\\\/www.organisator.ch\\\/management\\\/2019-10-08\\\/mit-unternehmensresilienz-in-der-krise-nicht-ausgeliefert-sein\\\/#primaryimage\"},\"thumbnailUrl\":\"https:\\\/\\\/www.organisator.ch\\\/wp-content\\\/uploads\\\/2019\\\/10\\\/Mit-Unternehmensresilienz-in-der-Krise-nicht-ausgeliefert-sein_Organisator.jpg\",\"datePublished\":\"2019-10-08T06:17:08+00:00\",\"description\":\"Das Jahr 2020 d\u00fcrfte schwierig werden. Unternehmen sind also gut beraten, Massnahmen zur Unternehmensresilienz bzw. organisationalen Resilienz zu ergreifen.\",\"breadcrumb\":{\"@id\":\"https:\\\/\\\/www.organisator.ch\\\/management\\\/2019-10-08\\\/mit-unternehmensresilienz-in-der-krise-nicht-ausgeliefert-sein\\\/#breadcrumb\"},\"inLanguage\":\"fr-FR\",\"potentialAction\":[{\"@type\":\"ReadAction\",\"target\":[\"https:\\\/\\\/www.organisator.ch\\\/management\\\/2019-10-08\\\/mit-unternehmensresilienz-in-der-krise-nicht-ausgeliefert-sein\\\/\"]}]},{\"@type\":\"ImageObject\",\"inLanguage\":\"fr-FR\",\"@id\":\"https:\\\/\\\/www.organisator.ch\\\/management\\\/2019-10-08\\\/mit-unternehmensresilienz-in-der-krise-nicht-ausgeliefert-sein\\\/#primaryimage\",\"url\":\"https:\\\/\\\/www.organisator.ch\\\/wp-content\\\/uploads\\\/2019\\\/10\\\/Mit-Unternehmensresilienz-in-der-Krise-nicht-ausgeliefert-sein_Organisator.jpg\",\"contentUrl\":\"https:\\\/\\\/www.organisator.ch\\\/wp-content\\\/uploads\\\/2019\\\/10\\\/Mit-Unternehmensresilienz-in-der-Krise-nicht-ausgeliefert-sein_Organisator.jpg\",\"width\":680,\"height\":453,\"caption\":\"Mit Unternehmensresilienz ist man der Krise nicht komplett ausgeliefert. (Bild: Adobe Stock)\"},{\"@type\":\"BreadcrumbList\",\"@id\":\"https:\\\/\\\/www.organisator.ch\\\/management\\\/2019-10-08\\\/mit-unternehmensresilienz-in-der-krise-nicht-ausgeliefert-sein\\\/#breadcrumb\",\"itemListElement\":[{\"@type\":\"ListItem\",\"position\":1,\"name\":\"Home\",\"item\":\"https:\\\/\\\/www.organisator.ch\\\/\"},{\"@type\":\"ListItem\",\"position\":2,\"name\":\"Mit Unternehmensresilienz in der Krise nicht ausgeliefert sein\"}]},{\"@type\":\"WebSite\",\"@id\":\"https:\\\/\\\/www.organisator.ch\\\/#website\",\"url\":\"https:\\\/\\\/www.organisator.ch\\\/\",\"name\":\"Organisator\",\"description\":\"Kompetent. Praxisnah. Der ORGANISATOR bereitet in 10 Ausgaben pro Jahr die wesentlichen Themen f\u00fcr F\u00fchrungskr\u00e4fte von KMU auf.\",\"publisher\":{\"@id\":\"https:\\\/\\\/www.organisator.ch\\\/#organization\"},\"potentialAction\":[{\"@type\":\"SearchAction\",\"target\":{\"@type\":\"EntryPoint\",\"urlTemplate\":\"https:\\\/\\\/www.organisator.ch\\\/?s={search_term_string}\"},\"query-input\":{\"@type\":\"PropertyValueSpecification\",\"valueRequired\":true,\"valueName\":\"search_term_string\"}}],\"inLanguage\":\"fr-FR\"},{\"@type\":\"Organization\",\"@id\":\"https:\\\/\\\/www.organisator.ch\\\/#organization\",\"name\":\"Organisator\",\"url\":\"https:\\\/\\\/www.organisator.ch\\\/\",\"logo\":{\"@type\":\"ImageObject\",\"inLanguage\":\"fr-FR\",\"@id\":\"https:\\\/\\\/www.organisator.ch\\\/#\\\/schema\\\/logo\\\/image\\\/\",\"url\":\"https:\\\/\\\/www.organisator.ch\\\/wp-content\\\/uploads\\\/2022\\\/01\\\/Logo_Organisator_Website.png\",\"contentUrl\":\"https:\\\/\\\/www.organisator.ch\\\/wp-content\\\/uploads\\\/2022\\\/01\\\/Logo_Organisator_Website.png\",\"width\":800,\"height\":77,\"caption\":\"Organisator\"},\"image\":{\"@id\":\"https:\\\/\\\/www.organisator.ch\\\/#\\\/schema\\\/logo\\\/image\\\/\"},\"sameAs\":[\"https:\\\/\\\/www.facebook.com\\\/OrganisatorFachmagazin\",\"https:\\\/\\\/www.linkedin.com\\\/showcase\\\/organisator-das-magazin-fr-kmu\",\"https:\\\/\\\/www.xing.com\\\/news\\\/pages\\\/organisator-ch-695\",\"https:\\\/\\\/www.youtube.com\\\/channel\\\/UCGP2Sq0iWaZwT3BdIAQFYpw\"]},{\"@type\":\"Person\",\"@id\":\"https:\\\/\\\/www.organisator.ch\\\/#\\\/schema\\\/person\\\/6f650f90b2842cd4c0cc334b4e36f67e\",\"name\":\"thomas.berner\",\"image\":{\"@type\":\"ImageObject\",\"inLanguage\":\"fr-FR\",\"@id\":\"https:\\\/\\\/secure.gravatar.com\\\/avatar\\\/ac5001d2a36cb6c6cd3e50789007ffca834b477b74a2144564522e944eabff61?s=96&d=mm&r=g\",\"url\":\"https:\\\/\\\/secure.gravatar.com\\\/avatar\\\/ac5001d2a36cb6c6cd3e50789007ffca834b477b74a2144564522e944eabff61?s=96&d=mm&r=g\",\"contentUrl\":\"https:\\\/\\\/secure.gravatar.com\\\/avatar\\\/ac5001d2a36cb6c6cd3e50789007ffca834b477b74a2144564522e944eabff61?s=96&d=mm&r=g\",\"caption\":\"thomas.berner\"},\"url\":\"https:\\\/\\\/www.organisator.ch\\\/fr\\\/author\\\/thomas-berner\\\/\"}]}<\/script>\n<!-- \/ Yoast SEO plugin. -->","yoast_head_json":{"title":"Ne pas \u00eatre \u00e0 la merci de la crise gr\u00e2ce \u00e0 la r\u00e9silience des entreprises - Organisateur","description":"L'ann\u00e9e 2020 risque d'\u00eatre difficile. Les entreprises ont donc tout int\u00e9r\u00eat \u00e0 prendre des mesures de r\u00e9silience d'entreprise ou de r\u00e9silience organisationnelle.","robots":{"index":"index","follow":"follow","max-snippet":"max-snippet:-1","max-image-preview":"max-image-preview:large","max-video-preview":"max-video-preview:-1"},"canonical":"https:\/\/www.organisator.ch\/fr\/gestion-2\/2019-10-08\/mit-unternehmensresilienz-in-der-krise-nicht-ausgeliefert-sein\/","og_locale":"fr_FR","og_type":"article","og_title":"Mit Unternehmensresilienz in der Krise nicht ausgeliefert sein","og_description":"Das Jahr 2020 d\u00fcrfte schwierig werden. Unternehmen sind also gut beraten, Massnahmen zur Unternehmensresilienz bzw. organisationalen Resilienz zu ergreifen.","og_url":"https:\/\/www.organisator.ch\/fr\/gestion-2\/2019-10-08\/mit-unternehmensresilienz-in-der-krise-nicht-ausgeliefert-sein\/","og_site_name":"Organisator","article_publisher":"https:\/\/www.facebook.com\/OrganisatorFachmagazin","article_published_time":"2019-10-08T06:17:08+00:00","og_image":[{"width":680,"height":453,"url":"https:\/\/www.organisator.ch\/wp-content\/uploads\/2019\/10\/Mit-Unternehmensresilienz-in-der-Krise-nicht-ausgeliefert-sein_Organisator.jpg","type":"image\/jpeg"}],"author":"thomas.berner","twitter_card":"summary_large_image","twitter_title":"Mit #Unternehmensresilienz in der #Krise nicht ausgeliefert sein","twitter_description":"Das Jahr 2020 d\u00fcrfte schwierig werden. Unternehmen sind also gut beraten, Massnahmen zur #Unternehmensresilienz bzw. organisationalen Resilienz zu ergreifen.","twitter_image":"https:\/\/www.organisator.ch\/wp-content\/uploads\/2019\/10\/Mit-Unternehmensresilienz-in-der-Krise-nicht-ausgeliefert-sein_Organisator.jpg","schema":{"@context":"https:\/\/schema.org","@graph":[{"@type":"Article","@id":"https:\/\/www.organisator.ch\/management\/2019-10-08\/mit-unternehmensresilienz-in-der-krise-nicht-ausgeliefert-sein\/#article","isPartOf":{"@id":"https:\/\/www.organisator.ch\/management\/2019-10-08\/mit-unternehmensresilienz-in-der-krise-nicht-ausgeliefert-sein\/"},"author":{"name":"thomas.berner","@id":"https:\/\/www.organisator.ch\/#\/schema\/person\/6f650f90b2842cd4c0cc334b4e36f67e"},"headline":"Mit Unternehmensresilienz in der Krise nicht ausgeliefert sein","datePublished":"2019-10-08T06:17:08+00:00","mainEntityOfPage":{"@id":"https:\/\/www.organisator.ch\/management\/2019-10-08\/mit-unternehmensresilienz-in-der-krise-nicht-ausgeliefert-sein\/"},"wordCount":448,"publisher":{"@id":"https:\/\/www.organisator.ch\/#organization"},"image":{"@id":"https:\/\/www.organisator.ch\/management\/2019-10-08\/mit-unternehmensresilienz-in-der-krise-nicht-ausgeliefert-sein\/#primaryimage"},"thumbnailUrl":"https:\/\/www.organisator.ch\/wp-content\/uploads\/2019\/10\/Mit-Unternehmensresilienz-in-der-Krise-nicht-ausgeliefert-sein_Organisator.jpg","keywords":["Krisenmanagement","Management und Unternehmensf\u00fchrung","Unternehmensf\u00fchrung"],"articleSection":["MANAGEMENT"],"inLanguage":"fr-FR"},{"@type":"WebPage","@id":"https:\/\/www.organisator.ch\/management\/2019-10-08\/mit-unternehmensresilienz-in-der-krise-nicht-ausgeliefert-sein\/","url":"https:\/\/www.organisator.ch\/management\/2019-10-08\/mit-unternehmensresilienz-in-der-krise-nicht-ausgeliefert-sein\/","name":"Ne pas \u00eatre \u00e0 la merci de la crise gr\u00e2ce \u00e0 la r\u00e9silience des entreprises - Organisateur","isPartOf":{"@id":"https:\/\/www.organisator.ch\/#website"},"primaryImageOfPage":{"@id":"https:\/\/www.organisator.ch\/management\/2019-10-08\/mit-unternehmensresilienz-in-der-krise-nicht-ausgeliefert-sein\/#primaryimage"},"image":{"@id":"https:\/\/www.organisator.ch\/management\/2019-10-08\/mit-unternehmensresilienz-in-der-krise-nicht-ausgeliefert-sein\/#primaryimage"},"thumbnailUrl":"https:\/\/www.organisator.ch\/wp-content\/uploads\/2019\/10\/Mit-Unternehmensresilienz-in-der-Krise-nicht-ausgeliefert-sein_Organisator.jpg","datePublished":"2019-10-08T06:17:08+00:00","description":"L'ann\u00e9e 2020 risque d'\u00eatre difficile. Les entreprises ont donc tout int\u00e9r\u00eat \u00e0 prendre des mesures de r\u00e9silience d'entreprise ou de r\u00e9silience organisationnelle.","breadcrumb":{"@id":"https:\/\/www.organisator.ch\/management\/2019-10-08\/mit-unternehmensresilienz-in-der-krise-nicht-ausgeliefert-sein\/#breadcrumb"},"inLanguage":"fr-FR","potentialAction":[{"@type":"ReadAction","target":["https:\/\/www.organisator.ch\/management\/2019-10-08\/mit-unternehmensresilienz-in-der-krise-nicht-ausgeliefert-sein\/"]}]},{"@type":"ImageObject","inLanguage":"fr-FR","@id":"https:\/\/www.organisator.ch\/management\/2019-10-08\/mit-unternehmensresilienz-in-der-krise-nicht-ausgeliefert-sein\/#primaryimage","url":"https:\/\/www.organisator.ch\/wp-content\/uploads\/2019\/10\/Mit-Unternehmensresilienz-in-der-Krise-nicht-ausgeliefert-sein_Organisator.jpg","contentUrl":"https:\/\/www.organisator.ch\/wp-content\/uploads\/2019\/10\/Mit-Unternehmensresilienz-in-der-Krise-nicht-ausgeliefert-sein_Organisator.jpg","width":680,"height":453,"caption":"Mit Unternehmensresilienz ist man der Krise nicht komplett ausgeliefert. (Bild: Adobe Stock)"},{"@type":"BreadcrumbList","@id":"https:\/\/www.organisator.ch\/management\/2019-10-08\/mit-unternehmensresilienz-in-der-krise-nicht-ausgeliefert-sein\/#breadcrumb","itemListElement":[{"@type":"ListItem","position":1,"name":"Home","item":"https:\/\/www.organisator.ch\/"},{"@type":"ListItem","position":2,"name":"Mit Unternehmensresilienz in der Krise nicht ausgeliefert sein"}]},{"@type":"WebSite","@id":"https:\/\/www.organisator.ch\/#website","url":"https:\/\/www.organisator.ch\/","name":"Organisateur","description":"Comp\u00e9tence et comp\u00e9tence. Proches de la pratique. L'ORGANISATEUR pr\u00e9pare 10 num\u00e9ros par an sur les th\u00e8mes essentiels pour les dirigeants de PME.","publisher":{"@id":"https:\/\/www.organisator.ch\/#organization"},"potentialAction":[{"@type":"SearchAction","target":{"@type":"EntryPoint","urlTemplate":"https:\/\/www.organisator.ch\/?s={search_term_string}"},"query-input":{"@type":"PropertyValueSpecification","valueRequired":true,"valueName":"search_term_string"}}],"inLanguage":"fr-FR"},{"@type":"Organization","@id":"https:\/\/www.organisator.ch\/#organization","name":"Organisateur","url":"https:\/\/www.organisator.ch\/","logo":{"@type":"ImageObject","inLanguage":"fr-FR","@id":"https:\/\/www.organisator.ch\/#\/schema\/logo\/image\/","url":"https:\/\/www.organisator.ch\/wp-content\/uploads\/2022\/01\/Logo_Organisator_Website.png","contentUrl":"https:\/\/www.organisator.ch\/wp-content\/uploads\/2022\/01\/Logo_Organisator_Website.png","width":800,"height":77,"caption":"Organisator"},"image":{"@id":"https:\/\/www.organisator.ch\/#\/schema\/logo\/image\/"},"sameAs":["https:\/\/www.facebook.com\/OrganisatorFachmagazin","https:\/\/www.linkedin.com\/showcase\/organisator-das-magazin-fr-kmu","https:\/\/www.xing.com\/news\/pages\/organisator-ch-695","https:\/\/www.youtube.com\/channel\/UCGP2Sq0iWaZwT3BdIAQFYpw"]},{"@type":"Person","@id":"https:\/\/www.organisator.ch\/#\/schema\/person\/6f650f90b2842cd4c0cc334b4e36f67e","name":"thomas.berner","image":{"@type":"ImageObject","inLanguage":"fr-FR","@id":"https:\/\/secure.gravatar.com\/avatar\/ac5001d2a36cb6c6cd3e50789007ffca834b477b74a2144564522e944eabff61?s=96&d=mm&r=g","url":"https:\/\/secure.gravatar.com\/avatar\/ac5001d2a36cb6c6cd3e50789007ffca834b477b74a2144564522e944eabff61?s=96&d=mm&r=g","contentUrl":"https:\/\/secure.gravatar.com\/avatar\/ac5001d2a36cb6c6cd3e50789007ffca834b477b74a2144564522e944eabff61?s=96&d=mm&r=g","caption":"thomas.berner"},"url":"https:\/\/www.organisator.ch\/fr\/author\/thomas-berner\/"}]}},"_links":{"self":[{"href":"https:\/\/www.organisator.ch\/fr\/wp-json\/wp\/v2\/posts\/5885","targetHints":{"allow":["GET"]}}],"collection":[{"href":"https:\/\/www.organisator.ch\/fr\/wp-json\/wp\/v2\/posts"}],"about":[{"href":"https:\/\/www.organisator.ch\/fr\/wp-json\/wp\/v2\/types\/post"}],"author":[{"embeddable":true,"href":"https:\/\/www.organisator.ch\/fr\/wp-json\/wp\/v2\/users\/4"}],"replies":[{"embeddable":true,"href":"https:\/\/www.organisator.ch\/fr\/wp-json\/wp\/v2\/comments?post=5885"}],"version-history":[{"count":0,"href":"https:\/\/www.organisator.ch\/fr\/wp-json\/wp\/v2\/posts\/5885\/revisions"}],"wp:featuredmedia":[{"embeddable":true,"href":"https:\/\/www.organisator.ch\/fr\/wp-json\/wp\/v2\/media\/5886"}],"wp:attachment":[{"href":"https:\/\/www.organisator.ch\/fr\/wp-json\/wp\/v2\/media?parent=5885"}],"wp:term":[{"taxonomy":"category","embeddable":true,"href":"https:\/\/www.organisator.ch\/fr\/wp-json\/wp\/v2\/categories?post=5885"},{"taxonomy":"post_tag","embeddable":true,"href":"https:\/\/www.organisator.ch\/fr\/wp-json\/wp\/v2\/tags?post=5885"}],"curies":[{"name":"wp","href":"https:\/\/api.w.org\/{rel}","templated":true}]}}