{"id":589,"date":"2016-11-22T16:42:53","date_gmt":"2016-11-22T15:42:53","guid":{"rendered":"https:\/\/dev.umweltperspektiven.ch\/?p=589"},"modified":"2016-11-22T16:42:53","modified_gmt":"2016-11-22T15:42:53","slug":"gasbranche-fordert-anerkennung-von-biogas-als-erneuerbare-energie","status":"publish","type":"post","link":"https:\/\/www.organisator.ch\/fr\/allgemein\/2016-11-22\/gasbranche-fordert-anerkennung-von-biogas-als-erneuerbare-energie\/","title":{"rendered":"Le secteur gazier demande la reconnaissance du biogaz comme \u00e9nergie renouvelable"},"content":{"rendered":"<figure id=\"attachment_590\" aria-describedby=\"caption-attachment-590\" style=\"width: 680px\" class=\"wp-caption alignnone\"><a href=\"\/\/dev.umweltperspektiven.ch\/wp-content\/uploads\/2016\/12\/Gasbranche-fordert-Anerkennung-von-Biogas-als-erneuerbare-Energie-umweltperspektiven.jpg\"><img loading=\"lazy\" decoding=\"async\" class=\"size-medium wp-image-590\" src=\"\/\/dev.umweltperspektiven.ch\/wp-content\/uploads\/2016\/12\/Gasbranche-fordert-Anerkennung-von-Biogas-als-erneuerbare-Energie-umweltperspektiven.jpg\" alt=\"Le biogaz doit \u00eatre reconnu \u00e0 l&#039;avenir comme une \u00e9nergie renouvelable. (Image : Energie 360\u00b0)\" width=\"680\" height=\"453\" \/><\/a><figcaption id=\"caption-attachment-590\" class=\"wp-caption-text\">Le biogaz doit \u00eatre reconnu \u00e0 l'avenir comme une \u00e9nergie renouvelable. (Image : Energie 360\u00b0)<\/figcaption><\/figure>\n<p>De plus en plus de biogaz est inject\u00e9 dans le r\u00e9seau de gaz naturel suisse : Selon l'association professionnelle VSG, la quantit\u00e9 a quadrupl\u00e9 au cours des cinq derni\u00e8res ann\u00e9es et s'\u00e9l\u00e8ve aujourd'hui \u00e0 262 GWh. Le secteur gazier critique le fait que seul le biogaz transform\u00e9 en \u00e9lectricit\u00e9 est encourag\u00e9 par les pouvoirs publics - s'il est utilis\u00e9 pour le chauffage, il n'est pas reconnu comme \u00e9nergie renouvelable au sens des prescriptions cantonales.<\/p>\n<p>La VSG invite donc les responsables politiques et administratifs \u00e0 poser les jalons pour que le potentiel du biogaz en tant que source d'\u00e9nergie durable et climatiquement neutre puisse \u00eatre pleinement exploit\u00e9.<\/p>\n<p><strong>La demande augmente<\/strong><\/p>\n<p>En Suisse, la demande en biogaz est en forte hausse. Combin\u00e9 au gaz naturel, il est utilis\u00e9 non seulement comme carburant, mais aussi de plus en plus pour le chauffage. De plus en plus de fournisseurs de gaz locaux m\u00e9langent une part fixe de biogaz au gaz naturel. Le biogaz est une \u00e9nergie renouvelable et sans CO2 produite \u00e0 partir de d\u00e9chets naturels. L'offre nationale \u00e9tant limit\u00e9e, il est \u00e9galement import\u00e9 des pays voisins. L'industrie gazi\u00e8re estime que la part de biogaz vendue augmentera encore consid\u00e9rablement dans les ann\u00e9es \u00e0 venir. Ce que l'on oublie souvent, c'est qu'en injectant le biogaz dans le r\u00e9seau, on obtient un rendement global plus \u00e9lev\u00e9 que celui de la production d'\u00e9lectricit\u00e9 \u00e0 partir de biogaz.<\/p>\n<p>Le biogaz a un grand potentiel en tant qu'\u00e9nergie renouvelable ; combin\u00e9 au gaz naturel et \u00e0 d'autres gaz renouvelables, il pourrait contribuer de mani\u00e8re importante \u00e0 la r\u00e9alisation des objectifs \u00e9nerg\u00e9tiques et climatiques de la Conf\u00e9d\u00e9ration.<\/p>\n<p>D\u00e8s 2010, l'industrie gazi\u00e8re a cr\u00e9\u00e9 un fonds de soutien dans lequel les fournisseurs locaux versent chaque ann\u00e9e environ 3 millions de francs. Cela permet de soutenir les investissements dans de nouvelles installations de production ainsi que l'injection dans le r\u00e9seau. Entre-temps, 25 installations sont en service entre le lac L\u00e9man et le lac de Constance.<\/p>\n<p>L'industrie gazi\u00e8re veut supprimer les obstacles juridiques et bureaucratiques qui existent aujourd'hui pour la reconnaissance du biogaz ; d'une part pour le mod\u00e8le de prescriptions des cantons (MoPEC 2014) ainsi que pour l'importation de biogaz. L'accent est mis sur la reconnaissance du biogaz comme \u00e9nergie renouvelable pour toutes les utilisations.<\/p>","protected":false},"excerpt":{"rendered":"<p>Immer mehr Biogas wird ins Schweizer Erdgasnetz eingespeist: In den letzten f\u00fcnf Jahren hat sich die Menge laut Branchenverband VSG vervierfacht und betr\u00e4gt heute 262 GWh. Die Gasbranche kritisiert, dass nur Biogas, welches verstromt wird, von der \u00f6ffentlichen Hand gef\u00f6rdert wird &#8211; wenn es zum Heizen genutzt wird, wird es nicht als erneuerbare Energie im [&hellip;]<\/p>\n","protected":false},"author":1,"featured_media":590,"comment_status":"open","ping_status":"open","sticky":false,"template":"","format":"standard","meta":{"_acf_changed":false,"_yoast_wpseo_focuskw":"Gasbranche","_yoast_wpseo_metadesc":"Biogas, welches ins Erdgasnetz eingespeist wird, ist nicht als erneuerbare Energie im Sinne der kantonalen Vorschriften anerkannt.","articlekey":"","footnotes":""},"categories":[1],"tags":[835,584,1242],"class_list":["post-589","post","type-post","status-publish","format-standard","has-post-thumbnail","hentry","category-allgemein","tag-biogas","tag-energie","tag-gasindustrie"],"acf":[],"yoast_head":"<!-- This site is optimized with the Yoast SEO plugin v27.4 - https:\/\/yoast.com\/product\/yoast-seo-wordpress\/ -->\n<title>Gasbranche fordert Anerkennung von Biogas als erneuerbare Energie - Organisator<\/title>\n<meta name=\"description\" content=\"Biogas, welches ins Erdgasnetz eingespeist wird, ist nicht als erneuerbare Energie im Sinne der kantonalen Vorschriften anerkannt.\" \/>\n<meta name=\"robots\" content=\"index, follow, max-snippet:-1, max-image-preview:large, max-video-preview:-1\" \/>\n<link rel=\"canonical\" href=\"https:\/\/www.organisator.ch\/fr\/general\/2016-11-22\/gasbranche-fordert-anerkennung-von-biogas-als-erneuerbare-energie\/\" \/>\n<meta property=\"og:locale\" content=\"fr_FR\" \/>\n<meta property=\"og:type\" content=\"article\" \/>\n<meta property=\"og:title\" content=\"Gasbranche fordert Anerkennung von Biogas als erneuerbare Energie - Organisator\" \/>\n<meta property=\"og:description\" content=\"Biogas, welches ins Erdgasnetz eingespeist wird, ist nicht als erneuerbare Energie im Sinne der kantonalen Vorschriften anerkannt.\" \/>\n<meta property=\"og:url\" content=\"https:\/\/www.organisator.ch\/fr\/general\/2016-11-22\/gasbranche-fordert-anerkennung-von-biogas-als-erneuerbare-energie\/\" \/>\n<meta property=\"og:site_name\" content=\"Organisator\" \/>\n<meta property=\"article:publisher\" content=\"https:\/\/www.facebook.com\/OrganisatorFachmagazin\" \/>\n<meta property=\"article:published_time\" content=\"2016-11-22T15:42:53+00:00\" \/>\n<meta property=\"og:image\" content=\"https:\/\/www.organisator.ch\/wp-content\/uploads\/2016\/12\/Gasbranche-fordert-Anerkennung-von-Biogas-als-erneuerbare-Energie-umweltperspektiven-scaled.jpg\" \/>\n\t<meta property=\"og:image:width\" content=\"2560\" \/>\n\t<meta property=\"og:image:height\" content=\"1707\" \/>\n\t<meta property=\"og:image:type\" content=\"image\/jpeg\" \/>\n<meta name=\"author\" content=\"admin\" \/>\n<meta name=\"twitter:card\" content=\"summary_large_image\" \/>\n<script type=\"application\/ld+json\" class=\"yoast-schema-graph\">{\"@context\":\"https:\\\/\\\/schema.org\",\"@graph\":[{\"@type\":\"Article\",\"@id\":\"https:\\\/\\\/www.organisator.ch\\\/de\\\/allgemein\\\/2016-11-22\\\/gasbranche-fordert-anerkennung-von-biogas-als-erneuerbare-energie\\\/#article\",\"isPartOf\":{\"@id\":\"https:\\\/\\\/www.organisator.ch\\\/de\\\/allgemein\\\/2016-11-22\\\/gasbranche-fordert-anerkennung-von-biogas-als-erneuerbare-energie\\\/\"},\"author\":{\"name\":\"admin\",\"@id\":\"https:\\\/\\\/www.organisator.ch\\\/#\\\/schema\\\/person\\\/aa2bace6c5c5aad60102004a50c4eb1c\"},\"headline\":\"Gasbranche fordert Anerkennung von Biogas als erneuerbare Energie\",\"datePublished\":\"2016-11-22T15:42:53+00:00\",\"mainEntityOfPage\":{\"@id\":\"https:\\\/\\\/www.organisator.ch\\\/de\\\/allgemein\\\/2016-11-22\\\/gasbranche-fordert-anerkennung-von-biogas-als-erneuerbare-energie\\\/\"},\"wordCount\":337,\"commentCount\":0,\"publisher\":{\"@id\":\"https:\\\/\\\/www.organisator.ch\\\/#organization\"},\"image\":{\"@id\":\"https:\\\/\\\/www.organisator.ch\\\/de\\\/allgemein\\\/2016-11-22\\\/gasbranche-fordert-anerkennung-von-biogas-als-erneuerbare-energie\\\/#primaryimage\"},\"thumbnailUrl\":\"https:\\\/\\\/www.organisator.ch\\\/wp-content\\\/uploads\\\/2016\\\/12\\\/Gasbranche-fordert-Anerkennung-von-Biogas-als-erneuerbare-Energie-umweltperspektiven-scaled.jpg\",\"keywords\":[\"Biogas\",\"ENERGIE\",\"Gasindustrie\"],\"articleSection\":[\"Allgemein\"],\"inLanguage\":\"fr-FR\"},{\"@type\":\"WebPage\",\"@id\":\"https:\\\/\\\/www.organisator.ch\\\/de\\\/allgemein\\\/2016-11-22\\\/gasbranche-fordert-anerkennung-von-biogas-als-erneuerbare-energie\\\/\",\"url\":\"https:\\\/\\\/www.organisator.ch\\\/de\\\/allgemein\\\/2016-11-22\\\/gasbranche-fordert-anerkennung-von-biogas-als-erneuerbare-energie\\\/\",\"name\":\"Gasbranche fordert Anerkennung von Biogas als erneuerbare Energie - Organisator\",\"isPartOf\":{\"@id\":\"https:\\\/\\\/www.organisator.ch\\\/#website\"},\"primaryImageOfPage\":{\"@id\":\"https:\\\/\\\/www.organisator.ch\\\/de\\\/allgemein\\\/2016-11-22\\\/gasbranche-fordert-anerkennung-von-biogas-als-erneuerbare-energie\\\/#primaryimage\"},\"image\":{\"@id\":\"https:\\\/\\\/www.organisator.ch\\\/de\\\/allgemein\\\/2016-11-22\\\/gasbranche-fordert-anerkennung-von-biogas-als-erneuerbare-energie\\\/#primaryimage\"},\"thumbnailUrl\":\"https:\\\/\\\/www.organisator.ch\\\/wp-content\\\/uploads\\\/2016\\\/12\\\/Gasbranche-fordert-Anerkennung-von-Biogas-als-erneuerbare-Energie-umweltperspektiven-scaled.jpg\",\"datePublished\":\"2016-11-22T15:42:53+00:00\",\"description\":\"Biogas, welches ins Erdgasnetz eingespeist wird, ist nicht als erneuerbare Energie im Sinne der kantonalen Vorschriften anerkannt.\",\"breadcrumb\":{\"@id\":\"https:\\\/\\\/www.organisator.ch\\\/de\\\/allgemein\\\/2016-11-22\\\/gasbranche-fordert-anerkennung-von-biogas-als-erneuerbare-energie\\\/#breadcrumb\"},\"inLanguage\":\"fr-FR\",\"potentialAction\":[{\"@type\":\"ReadAction\",\"target\":[\"https:\\\/\\\/www.organisator.ch\\\/de\\\/allgemein\\\/2016-11-22\\\/gasbranche-fordert-anerkennung-von-biogas-als-erneuerbare-energie\\\/\"]}]},{\"@type\":\"ImageObject\",\"inLanguage\":\"fr-FR\",\"@id\":\"https:\\\/\\\/www.organisator.ch\\\/de\\\/allgemein\\\/2016-11-22\\\/gasbranche-fordert-anerkennung-von-biogas-als-erneuerbare-energie\\\/#primaryimage\",\"url\":\"https:\\\/\\\/www.organisator.ch\\\/wp-content\\\/uploads\\\/2016\\\/12\\\/Gasbranche-fordert-Anerkennung-von-Biogas-als-erneuerbare-Energie-umweltperspektiven-scaled.jpg\",\"contentUrl\":\"https:\\\/\\\/www.organisator.ch\\\/wp-content\\\/uploads\\\/2016\\\/12\\\/Gasbranche-fordert-Anerkennung-von-Biogas-als-erneuerbare-Energie-umweltperspektiven-scaled.jpg\",\"width\":2560,\"height\":1707,\"caption\":\"Biogas soll k\u00fcnftig als erneuerbare Energie anerkannt werden. (Bild: Energie 360\u00b0)\"},{\"@type\":\"BreadcrumbList\",\"@id\":\"https:\\\/\\\/www.organisator.ch\\\/de\\\/allgemein\\\/2016-11-22\\\/gasbranche-fordert-anerkennung-von-biogas-als-erneuerbare-energie\\\/#breadcrumb\",\"itemListElement\":[{\"@type\":\"ListItem\",\"position\":1,\"name\":\"Home\",\"item\":\"https:\\\/\\\/www.organisator.ch\\\/\"},{\"@type\":\"ListItem\",\"position\":2,\"name\":\"Gasbranche fordert Anerkennung von Biogas als erneuerbare Energie\"}]},{\"@type\":\"WebSite\",\"@id\":\"https:\\\/\\\/www.organisator.ch\\\/#website\",\"url\":\"https:\\\/\\\/www.organisator.ch\\\/\",\"name\":\"Organisator\",\"description\":\"Kompetent. Praxisnah. Der ORGANISATOR bereitet in 10 Ausgaben pro Jahr die wesentlichen Themen f\u00fcr F\u00fchrungskr\u00e4fte von KMU auf.\",\"publisher\":{\"@id\":\"https:\\\/\\\/www.organisator.ch\\\/#organization\"},\"potentialAction\":[{\"@type\":\"SearchAction\",\"target\":{\"@type\":\"EntryPoint\",\"urlTemplate\":\"https:\\\/\\\/www.organisator.ch\\\/?s={search_term_string}\"},\"query-input\":{\"@type\":\"PropertyValueSpecification\",\"valueRequired\":true,\"valueName\":\"search_term_string\"}}],\"inLanguage\":\"fr-FR\"},{\"@type\":\"Organization\",\"@id\":\"https:\\\/\\\/www.organisator.ch\\\/#organization\",\"name\":\"Organisator\",\"url\":\"https:\\\/\\\/www.organisator.ch\\\/\",\"logo\":{\"@type\":\"ImageObject\",\"inLanguage\":\"fr-FR\",\"@id\":\"https:\\\/\\\/www.organisator.ch\\\/#\\\/schema\\\/logo\\\/image\\\/\",\"url\":\"https:\\\/\\\/www.organisator.ch\\\/wp-content\\\/uploads\\\/2022\\\/01\\\/Logo_Organisator_Website.png\",\"contentUrl\":\"https:\\\/\\\/www.organisator.ch\\\/wp-content\\\/uploads\\\/2022\\\/01\\\/Logo_Organisator_Website.png\",\"width\":800,\"height\":77,\"caption\":\"Organisator\"},\"image\":{\"@id\":\"https:\\\/\\\/www.organisator.ch\\\/#\\\/schema\\\/logo\\\/image\\\/\"},\"sameAs\":[\"https:\\\/\\\/www.facebook.com\\\/OrganisatorFachmagazin\",\"https:\\\/\\\/www.linkedin.com\\\/showcase\\\/organisator-das-magazin-fr-kmu\",\"https:\\\/\\\/www.xing.com\\\/news\\\/pages\\\/organisator-ch-695\",\"https:\\\/\\\/www.youtube.com\\\/channel\\\/UCGP2Sq0iWaZwT3BdIAQFYpw\"]},{\"@type\":\"Person\",\"@id\":\"https:\\\/\\\/www.organisator.ch\\\/#\\\/schema\\\/person\\\/aa2bace6c5c5aad60102004a50c4eb1c\",\"name\":\"admin\",\"image\":{\"@type\":\"ImageObject\",\"inLanguage\":\"fr-FR\",\"@id\":\"https:\\\/\\\/secure.gravatar.com\\\/avatar\\\/ae2f4d718e6c49043e314ce431e7e645d646302a24a5ef5a8bc8e3f5a032e319?s=96&d=mm&r=g\",\"url\":\"https:\\\/\\\/secure.gravatar.com\\\/avatar\\\/ae2f4d718e6c49043e314ce431e7e645d646302a24a5ef5a8bc8e3f5a032e319?s=96&d=mm&r=g\",\"contentUrl\":\"https:\\\/\\\/secure.gravatar.com\\\/avatar\\\/ae2f4d718e6c49043e314ce431e7e645d646302a24a5ef5a8bc8e3f5a032e319?s=96&d=mm&r=g\",\"caption\":\"admin\"},\"sameAs\":[\"https:\\\/\\\/www.organisator.ch\"],\"url\":\"https:\\\/\\\/www.organisator.ch\\\/fr\\\/author\\\/admin\\\/\"}]}<\/script>\n<!-- \/ Yoast SEO plugin. -->","yoast_head_json":{"title":"Le secteur gazier demande la reconnaissance du biogaz comme \u00e9nergie renouvelable - Organisateur","description":"Le biogaz inject\u00e9 dans le r\u00e9seau de gaz naturel n'est pas reconnu comme une \u00e9nergie renouvelable au sens des prescriptions cantonales.","robots":{"index":"index","follow":"follow","max-snippet":"max-snippet:-1","max-image-preview":"max-image-preview:large","max-video-preview":"max-video-preview:-1"},"canonical":"https:\/\/www.organisator.ch\/fr\/general\/2016-11-22\/gasbranche-fordert-anerkennung-von-biogas-als-erneuerbare-energie\/","og_locale":"fr_FR","og_type":"article","og_title":"Gasbranche fordert Anerkennung von Biogas als erneuerbare Energie - Organisator","og_description":"Biogas, welches ins Erdgasnetz eingespeist wird, ist nicht als erneuerbare Energie im Sinne der kantonalen Vorschriften anerkannt.","og_url":"https:\/\/www.organisator.ch\/fr\/general\/2016-11-22\/gasbranche-fordert-anerkennung-von-biogas-als-erneuerbare-energie\/","og_site_name":"Organisator","article_publisher":"https:\/\/www.facebook.com\/OrganisatorFachmagazin","article_published_time":"2016-11-22T15:42:53+00:00","og_image":[{"width":2560,"height":1707,"url":"https:\/\/www.organisator.ch\/wp-content\/uploads\/2016\/12\/Gasbranche-fordert-Anerkennung-von-Biogas-als-erneuerbare-Energie-umweltperspektiven-scaled.jpg","type":"image\/jpeg"}],"author":"admin","twitter_card":"summary_large_image","schema":{"@context":"https:\/\/schema.org","@graph":[{"@type":"Article","@id":"https:\/\/www.organisator.ch\/de\/allgemein\/2016-11-22\/gasbranche-fordert-anerkennung-von-biogas-als-erneuerbare-energie\/#article","isPartOf":{"@id":"https:\/\/www.organisator.ch\/de\/allgemein\/2016-11-22\/gasbranche-fordert-anerkennung-von-biogas-als-erneuerbare-energie\/"},"author":{"name":"admin","@id":"https:\/\/www.organisator.ch\/#\/schema\/person\/aa2bace6c5c5aad60102004a50c4eb1c"},"headline":"Gasbranche fordert Anerkennung von Biogas als erneuerbare Energie","datePublished":"2016-11-22T15:42:53+00:00","mainEntityOfPage":{"@id":"https:\/\/www.organisator.ch\/de\/allgemein\/2016-11-22\/gasbranche-fordert-anerkennung-von-biogas-als-erneuerbare-energie\/"},"wordCount":337,"commentCount":0,"publisher":{"@id":"https:\/\/www.organisator.ch\/#organization"},"image":{"@id":"https:\/\/www.organisator.ch\/de\/allgemein\/2016-11-22\/gasbranche-fordert-anerkennung-von-biogas-als-erneuerbare-energie\/#primaryimage"},"thumbnailUrl":"https:\/\/www.organisator.ch\/wp-content\/uploads\/2016\/12\/Gasbranche-fordert-Anerkennung-von-Biogas-als-erneuerbare-Energie-umweltperspektiven-scaled.jpg","keywords":["Biogas","ENERGIE","Gasindustrie"],"articleSection":["Allgemein"],"inLanguage":"fr-FR"},{"@type":"WebPage","@id":"https:\/\/www.organisator.ch\/de\/allgemein\/2016-11-22\/gasbranche-fordert-anerkennung-von-biogas-als-erneuerbare-energie\/","url":"https:\/\/www.organisator.ch\/de\/allgemein\/2016-11-22\/gasbranche-fordert-anerkennung-von-biogas-als-erneuerbare-energie\/","name":"Le secteur gazier demande la reconnaissance du biogaz comme \u00e9nergie renouvelable - Organisateur","isPartOf":{"@id":"https:\/\/www.organisator.ch\/#website"},"primaryImageOfPage":{"@id":"https:\/\/www.organisator.ch\/de\/allgemein\/2016-11-22\/gasbranche-fordert-anerkennung-von-biogas-als-erneuerbare-energie\/#primaryimage"},"image":{"@id":"https:\/\/www.organisator.ch\/de\/allgemein\/2016-11-22\/gasbranche-fordert-anerkennung-von-biogas-als-erneuerbare-energie\/#primaryimage"},"thumbnailUrl":"https:\/\/www.organisator.ch\/wp-content\/uploads\/2016\/12\/Gasbranche-fordert-Anerkennung-von-Biogas-als-erneuerbare-Energie-umweltperspektiven-scaled.jpg","datePublished":"2016-11-22T15:42:53+00:00","description":"Le biogaz inject\u00e9 dans le r\u00e9seau de gaz naturel n'est pas reconnu comme une \u00e9nergie renouvelable au sens des prescriptions cantonales.","breadcrumb":{"@id":"https:\/\/www.organisator.ch\/de\/allgemein\/2016-11-22\/gasbranche-fordert-anerkennung-von-biogas-als-erneuerbare-energie\/#breadcrumb"},"inLanguage":"fr-FR","potentialAction":[{"@type":"ReadAction","target":["https:\/\/www.organisator.ch\/de\/allgemein\/2016-11-22\/gasbranche-fordert-anerkennung-von-biogas-als-erneuerbare-energie\/"]}]},{"@type":"ImageObject","inLanguage":"fr-FR","@id":"https:\/\/www.organisator.ch\/de\/allgemein\/2016-11-22\/gasbranche-fordert-anerkennung-von-biogas-als-erneuerbare-energie\/#primaryimage","url":"https:\/\/www.organisator.ch\/wp-content\/uploads\/2016\/12\/Gasbranche-fordert-Anerkennung-von-Biogas-als-erneuerbare-Energie-umweltperspektiven-scaled.jpg","contentUrl":"https:\/\/www.organisator.ch\/wp-content\/uploads\/2016\/12\/Gasbranche-fordert-Anerkennung-von-Biogas-als-erneuerbare-Energie-umweltperspektiven-scaled.jpg","width":2560,"height":1707,"caption":"Biogas soll k\u00fcnftig als erneuerbare Energie anerkannt werden. (Bild: Energie 360\u00b0)"},{"@type":"BreadcrumbList","@id":"https:\/\/www.organisator.ch\/de\/allgemein\/2016-11-22\/gasbranche-fordert-anerkennung-von-biogas-als-erneuerbare-energie\/#breadcrumb","itemListElement":[{"@type":"ListItem","position":1,"name":"Home","item":"https:\/\/www.organisator.ch\/"},{"@type":"ListItem","position":2,"name":"Gasbranche fordert Anerkennung von Biogas als erneuerbare Energie"}]},{"@type":"WebSite","@id":"https:\/\/www.organisator.ch\/#website","url":"https:\/\/www.organisator.ch\/","name":"Organisateur","description":"Comp\u00e9tence et comp\u00e9tence. Proches de la pratique. L'ORGANISATEUR pr\u00e9pare 10 num\u00e9ros par an sur les th\u00e8mes essentiels pour les dirigeants de PME.","publisher":{"@id":"https:\/\/www.organisator.ch\/#organization"},"potentialAction":[{"@type":"SearchAction","target":{"@type":"EntryPoint","urlTemplate":"https:\/\/www.organisator.ch\/?s={search_term_string}"},"query-input":{"@type":"PropertyValueSpecification","valueRequired":true,"valueName":"search_term_string"}}],"inLanguage":"fr-FR"},{"@type":"Organization","@id":"https:\/\/www.organisator.ch\/#organization","name":"Organisateur","url":"https:\/\/www.organisator.ch\/","logo":{"@type":"ImageObject","inLanguage":"fr-FR","@id":"https:\/\/www.organisator.ch\/#\/schema\/logo\/image\/","url":"https:\/\/www.organisator.ch\/wp-content\/uploads\/2022\/01\/Logo_Organisator_Website.png","contentUrl":"https:\/\/www.organisator.ch\/wp-content\/uploads\/2022\/01\/Logo_Organisator_Website.png","width":800,"height":77,"caption":"Organisator"},"image":{"@id":"https:\/\/www.organisator.ch\/#\/schema\/logo\/image\/"},"sameAs":["https:\/\/www.facebook.com\/OrganisatorFachmagazin","https:\/\/www.linkedin.com\/showcase\/organisator-das-magazin-fr-kmu","https:\/\/www.xing.com\/news\/pages\/organisator-ch-695","https:\/\/www.youtube.com\/channel\/UCGP2Sq0iWaZwT3BdIAQFYpw"]},{"@type":"Person","@id":"https:\/\/www.organisator.ch\/#\/schema\/person\/aa2bace6c5c5aad60102004a50c4eb1c","name":"admin","image":{"@type":"ImageObject","inLanguage":"fr-FR","@id":"https:\/\/secure.gravatar.com\/avatar\/ae2f4d718e6c49043e314ce431e7e645d646302a24a5ef5a8bc8e3f5a032e319?s=96&d=mm&r=g","url":"https:\/\/secure.gravatar.com\/avatar\/ae2f4d718e6c49043e314ce431e7e645d646302a24a5ef5a8bc8e3f5a032e319?s=96&d=mm&r=g","contentUrl":"https:\/\/secure.gravatar.com\/avatar\/ae2f4d718e6c49043e314ce431e7e645d646302a24a5ef5a8bc8e3f5a032e319?s=96&d=mm&r=g","caption":"admin"},"sameAs":["https:\/\/www.organisator.ch"],"url":"https:\/\/www.organisator.ch\/fr\/author\/admin\/"}]}},"_links":{"self":[{"href":"https:\/\/www.organisator.ch\/fr\/wp-json\/wp\/v2\/posts\/589","targetHints":{"allow":["GET"]}}],"collection":[{"href":"https:\/\/www.organisator.ch\/fr\/wp-json\/wp\/v2\/posts"}],"about":[{"href":"https:\/\/www.organisator.ch\/fr\/wp-json\/wp\/v2\/types\/post"}],"author":[{"embeddable":true,"href":"https:\/\/www.organisator.ch\/fr\/wp-json\/wp\/v2\/users\/1"}],"replies":[{"embeddable":true,"href":"https:\/\/www.organisator.ch\/fr\/wp-json\/wp\/v2\/comments?post=589"}],"version-history":[{"count":0,"href":"https:\/\/www.organisator.ch\/fr\/wp-json\/wp\/v2\/posts\/589\/revisions"}],"wp:featuredmedia":[{"embeddable":true,"href":"https:\/\/www.organisator.ch\/fr\/wp-json\/wp\/v2\/media\/590"}],"wp:attachment":[{"href":"https:\/\/www.organisator.ch\/fr\/wp-json\/wp\/v2\/media?parent=589"}],"wp:term":[{"taxonomy":"category","embeddable":true,"href":"https:\/\/www.organisator.ch\/fr\/wp-json\/wp\/v2\/categories?post=589"},{"taxonomy":"post_tag","embeddable":true,"href":"https:\/\/www.organisator.ch\/fr\/wp-json\/wp\/v2\/tags?post=589"}],"curies":[{"name":"wp","href":"https:\/\/api.w.org\/{rel}","templated":true}]}}