{"id":5894,"date":"2019-10-09T13:42:36","date_gmt":"2019-10-09T11:42:36","guid":{"rendered":"https:\/\/www.organisator.ch\/?p=5894"},"modified":"2019-10-09T13:42:36","modified_gmt":"2019-10-09T11:42:36","slug":"arbeitsmarkt-studie-2019-von-jobcloud-zeigt-jobsuche-als-dauerzustand","status":"publish","type":"post","link":"https:\/\/www.organisator.ch\/fr\/human-resources\/hrm\/2019-10-09\/arbeitsmarkt-studie-2019-von-jobcloud-zeigt-jobsuche-als-dauerzustand\/","title":{"rendered":"L'\u00e9tude 2019 sur le march\u00e9 du travail de Jobcloud montre que : La recherche d'emploi comme \u00e9tat permanent"},"content":{"rendered":"<figure id=\"attachment_5896\" aria-describedby=\"caption-attachment-5896\" style=\"width: 680px\" class=\"wp-caption alignnone\"><img loading=\"lazy\" decoding=\"async\" class=\"size-medium wp-image-5896\" src=\"https:\/\/www.organisator.ch\/wp-content\/uploads\/2019\/10\/Arbeitsmarkt-Studie-2019-von-Jobcloud-zeigt-Jobsuche-als-Dauerzustand-1_Organisator.jpg\" alt=\"\" width=\"680\" height=\"453\" srcset=\"https:\/\/www.organisator.ch\/wp-content\/uploads\/2019\/10\/Arbeitsmarkt-Studie-2019-von-Jobcloud-zeigt-Jobsuche-als-Dauerzustand-1_Organisator.jpg 680w, https:\/\/www.organisator.ch\/wp-content\/uploads\/2019\/10\/Arbeitsmarkt-Studie-2019-von-Jobcloud-zeigt-Jobsuche-als-Dauerzustand-1_Organisator-16x12.jpg 16w, https:\/\/www.organisator.ch\/wp-content\/uploads\/2019\/10\/Arbeitsmarkt-Studie-2019-von-Jobcloud-zeigt-Jobsuche-als-Dauerzustand-1_Organisator-263x175.jpg 263w, https:\/\/www.organisator.ch\/wp-content\/uploads\/2019\/10\/Arbeitsmarkt-Studie-2019-von-Jobcloud-zeigt-Jobsuche-als-Dauerzustand-1_Organisator-525x350.jpg 525w, https:\/\/www.organisator.ch\/wp-content\/uploads\/2019\/10\/Arbeitsmarkt-Studie-2019-von-Jobcloud-zeigt-Jobsuche-als-Dauerzustand-1_Organisator-300x200.jpg 300w\" sizes=\"auto, (max-width: 680px) 100vw, 680px\" \/><figcaption id=\"caption-attachment-5896\" class=\"wp-caption-text\">Selon l'\u00e9tude sur le march\u00e9 du travail 2019 de JobCloud, la recherche d'emploi est \"un \u00e9tat permanent\". (Image : Pixabay.com)<\/figcaption><\/figure>\n<p>Les personnes qui ne font aucun effort actif ou passif dans leur recherche d'emploi sont en recul depuis des ann\u00e9es : alors qu'elles \u00e9taient encore 44% en 2010, elles ne sont plus que 39% \u00e0 rester compl\u00e8tement les pieds sur terre en 2019. En revanche, toutes les activit\u00e9s li\u00e9es \u00e0 la recherche d'emploi augmentent. En principe, 28 pour cent sont ouverts \u00e0 un nouveau d\u00e9fi sans avoir cherch\u00e9 activement (contre 20 pour cent en 2010). Selon l'enqu\u00eate de cette ann\u00e9e, 19 pour cent ont postul\u00e9 pour au moins un emploi, contre 15 pour cent en 2010. C'est ce qui ressort de l'\u00e9tude sur le march\u00e9 du travail 2019 de JobCloud.<\/p>\n<h2>L'utilisation accrue des portails d'emploi num\u00e9riques se poursuit<\/h2>\n<p>Les personnes en recherche active utilisent de plus en plus de sources d'information diff\u00e9rentes. Alors qu'en 2008, on consultait en moyenne quatre portails d'emploi, on en compte aujourd'hui 6,5 - ce qui s'explique aussi par le fait que l'offre n'a cess\u00e9 de cro\u00eetre au cours des dix derni\u00e8res ann\u00e9es. Gr\u00e2ce \u00e0 la diffusion plus large des portails d'emploi num\u00e9riques comme jobs.ch, les emplois sont de plus en plus facilement accessibles \u00e0 un public cible plus large. Les portails en ligne restent la premi\u00e8re adresse pour la recherche d'emploi.<\/p>\n<h2>Moteur le plus puissant pour la recherche : l'argent - moteur le plus puissant pour rester : l'\u00e9quipe<\/h2>\n<p>Pourtant, il n'est m\u00eame pas n\u00e9cessaire d'\u00eatre m\u00e9content de son travail pour garder les yeux ouverts. L'\u00e9tude le montre : Ceux qui changent de travail souhaitent en premier lieu gagner plus d'argent - pour 44 %, c'est vrai ou tr\u00e8s vrai. Mais le souhait d'un changement fondamental dans la vie professionnelle est \u00e9galement une forte motivation (42 %).<\/p>\n<figure id=\"attachment_5895\" aria-describedby=\"caption-attachment-5895\" style=\"width: 680px\" class=\"wp-caption alignnone\"><img loading=\"lazy\" decoding=\"async\" class=\"size-medium wp-image-5895\" src=\"https:\/\/www.organisator.ch\/wp-content\/uploads\/2019\/10\/Arbeitsmarkt-Studie-2019-von-Jobcloud-zeigt-Jobsuche-als-Dauerzustand-2_Organisator.jpg\" alt=\"\" width=\"680\" height=\"504\" srcset=\"https:\/\/www.organisator.ch\/wp-content\/uploads\/2019\/10\/Arbeitsmarkt-Studie-2019-von-Jobcloud-zeigt-Jobsuche-als-Dauerzustand-2_Organisator.jpg 680w, https:\/\/www.organisator.ch\/wp-content\/uploads\/2019\/10\/Arbeitsmarkt-Studie-2019-von-Jobcloud-zeigt-Jobsuche-als-Dauerzustand-2_Organisator-16x12.jpg 16w, https:\/\/www.organisator.ch\/wp-content\/uploads\/2019\/10\/Arbeitsmarkt-Studie-2019-von-Jobcloud-zeigt-Jobsuche-als-Dauerzustand-2_Organisator-236x175.jpg 236w, https:\/\/www.organisator.ch\/wp-content\/uploads\/2019\/10\/Arbeitsmarkt-Studie-2019-von-Jobcloud-zeigt-Jobsuche-als-Dauerzustand-2_Organisator-472x350.jpg 472w, https:\/\/www.organisator.ch\/wp-content\/uploads\/2019\/10\/Arbeitsmarkt-Studie-2019-von-Jobcloud-zeigt-Jobsuche-als-Dauerzustand-2_Organisator-300x222.jpg 300w\" sizes=\"auto, (max-width: 680px) 100vw, 680px\" \/><figcaption id=\"caption-attachment-5895\" class=\"wp-caption-text\">Les principales raisons de changer d'emploi. (Image : \u00c9tude sur le march\u00e9 du travail 2019)<\/figcaption><\/figure>\n<h2>Autres conclusions de l'\u00e9tude 2019 sur le march\u00e9 du travail<\/h2>\n<p>L'argent est certes une forte motivation pour changer de travail, mais il n'est gu\u00e8re une incitation \u00e0 rester. Ceux qui ne sont pas \u00e0 la recherche d'un emploi, ni activement ni passivement, ne citent pas comme raison le super salaire, mais les bonnes relations avec les co\u00e9quipiers : Pour 91%, cette affirmation est vraie ou tr\u00e8s vraie. Les salari\u00e9s sont \u00e9galement satisfaits du contenu de leur travail et de leur lieu de travail (88 %).<\/p>\n<p>D'autres conclusions de l'Etude sur le march\u00e9 de l'emploi 2019 seront publi\u00e9es prochainement.<\/p>\n<p><em>Source : <a href=\"http:\/\/www.jobcloud.ch\">JobCloud AG<\/a><\/em><\/p>","protected":false},"excerpt":{"rendered":"<p>Personen, die weder aktive noch passive Anstrengungen in der Jobsuche unternehmen, sind seit Jahren r\u00fcckl\u00e4ufig: Waren es 2010 noch 44 Prozent, sind es 2019 nur noch 39 Prozent, die die F\u00fcsse komplett stillhalten. Dagegen nehmen alle Aktivit\u00e4ten rund um die Jobsuche zu. Grunds\u00e4tzlich offen f\u00fcr eine neue Herausforderung, ohne aktiv gesucht zu haben, sind heuer [&hellip;]<\/p>\n","protected":false},"author":4,"featured_media":5896,"comment_status":"closed","ping_status":"closed","sticky":false,"template":"","format":"standard","meta":{"_acf_changed":false,"_yoast_wpseo_focuskw":"Arbeitsmarkt-Studie 2019","_yoast_wpseo_metadesc":"Es ist heute normal, konstant auf Stellensuche zu sein \u2013 egal ob aktiv oder passiv. Das zeigt die Arbeitsmarkt-Studie 2019 von JobCloud.","articlekey":"","footnotes":""},"categories":[26],"tags":[254,407,459],"class_list":["post-5894","post","type-post","status-publish","format-standard","has-post-thumbnail","hentry","category-hrm","tag-hrm","tag-recruiting","tag-studie"],"acf":[],"yoast_head":"<!-- This site is optimized with the Yoast SEO plugin v27.4 - https:\/\/yoast.com\/product\/yoast-seo-wordpress\/ -->\n<title>Arbeitsmarkt-Studie 2019 von Jobcloud zeigt: Jobsuche als Dauerzustand - Organisator<\/title>\n<meta name=\"description\" content=\"Es ist heute normal, konstant auf Stellensuche zu sein \u2013 egal ob aktiv oder passiv. Das zeigt die Arbeitsmarkt-Studie 2019 von JobCloud.\" \/>\n<meta name=\"robots\" content=\"index, follow, max-snippet:-1, max-image-preview:large, max-video-preview:-1\" \/>\n<link rel=\"canonical\" href=\"https:\/\/www.organisator.ch\/fr\/ressources-humaines\/hrm\/2019-10-09\/arbeitsmarkt-studie-2019-von-jobcloud-zeigt-jobsuche-als-dauerzustand\/\" \/>\n<meta property=\"og:locale\" content=\"fr_FR\" \/>\n<meta property=\"og:type\" content=\"article\" \/>\n<meta property=\"og:title\" content=\"Arbeitsmarkt-Studie 2019 von Jobcloud zeigt: Jobsuche als Dauerzustand\" \/>\n<meta property=\"og:description\" content=\"Es ist heute normal, konstant auf Stellensuche zu sein \u2013 egal ob aktiv oder passiv. Das zeigt die Arbeitsmarkt-Studie 2019 von JobCloud.\" \/>\n<meta property=\"og:url\" content=\"https:\/\/www.organisator.ch\/fr\/ressources-humaines\/hrm\/2019-10-09\/arbeitsmarkt-studie-2019-von-jobcloud-zeigt-jobsuche-als-dauerzustand\/\" \/>\n<meta property=\"og:site_name\" content=\"Organisator\" \/>\n<meta property=\"article:publisher\" content=\"https:\/\/www.facebook.com\/OrganisatorFachmagazin\" \/>\n<meta property=\"article:published_time\" content=\"2019-10-09T11:42:36+00:00\" \/>\n<meta property=\"og:image\" content=\"https:\/\/www.organisator.ch\/wp-content\/uploads\/2019\/10\/Arbeitsmarkt-Studie-2019-von-Jobcloud-zeigt-Jobsuche-als-Dauerzustand-1_Organisator.jpg\" \/>\n\t<meta property=\"og:image:width\" content=\"680\" \/>\n\t<meta property=\"og:image:height\" content=\"453\" \/>\n\t<meta property=\"og:image:type\" content=\"image\/jpeg\" \/>\n<meta name=\"author\" content=\"thomas.berner\" \/>\n<meta name=\"twitter:card\" content=\"summary_large_image\" \/>\n<meta name=\"twitter:title\" content=\"#Arbeitsmarkt-Studie 2019 von #Jobcloud zeigt: Jobsuche als Dauerzustand\" \/>\n<meta name=\"twitter:description\" content=\"Es ist heute normal, konstant auf Stellensuche zu sein \u2013 egal ob aktiv oder passiv. Das zeigt die #Arbeitsmarkt-Studie 2019 von #JobCloud.\" \/>\n<meta name=\"twitter:image\" content=\"https:\/\/www.organisator.ch\/wp-content\/uploads\/2019\/10\/Arbeitsmarkt-Studie-2019-von-Jobcloud-zeigt-Jobsuche-als-Dauerzustand-1_Organisator.jpg\" \/>\n<script type=\"application\/ld+json\" class=\"yoast-schema-graph\">{\"@context\":\"https:\\\/\\\/schema.org\",\"@graph\":[{\"@type\":\"Article\",\"@id\":\"https:\\\/\\\/www.organisator.ch\\\/human-resources\\\/hrm\\\/2019-10-09\\\/arbeitsmarkt-studie-2019-von-jobcloud-zeigt-jobsuche-als-dauerzustand\\\/#article\",\"isPartOf\":{\"@id\":\"https:\\\/\\\/www.organisator.ch\\\/human-resources\\\/hrm\\\/2019-10-09\\\/arbeitsmarkt-studie-2019-von-jobcloud-zeigt-jobsuche-als-dauerzustand\\\/\"},\"author\":{\"name\":\"thomas.berner\",\"@id\":\"https:\\\/\\\/www.organisator.ch\\\/#\\\/schema\\\/person\\\/6f650f90b2842cd4c0cc334b4e36f67e\"},\"headline\":\"Arbeitsmarkt-Studie 2019 von Jobcloud zeigt: Jobsuche als Dauerzustand\",\"datePublished\":\"2019-10-09T11:42:36+00:00\",\"mainEntityOfPage\":{\"@id\":\"https:\\\/\\\/www.organisator.ch\\\/human-resources\\\/hrm\\\/2019-10-09\\\/arbeitsmarkt-studie-2019-von-jobcloud-zeigt-jobsuche-als-dauerzustand\\\/\"},\"wordCount\":365,\"publisher\":{\"@id\":\"https:\\\/\\\/www.organisator.ch\\\/#organization\"},\"image\":{\"@id\":\"https:\\\/\\\/www.organisator.ch\\\/human-resources\\\/hrm\\\/2019-10-09\\\/arbeitsmarkt-studie-2019-von-jobcloud-zeigt-jobsuche-als-dauerzustand\\\/#primaryimage\"},\"thumbnailUrl\":\"https:\\\/\\\/www.organisator.ch\\\/wp-content\\\/uploads\\\/2019\\\/10\\\/Arbeitsmarkt-Studie-2019-von-Jobcloud-zeigt-Jobsuche-als-Dauerzustand-1_Organisator.jpg\",\"keywords\":[\"HRM\",\"Recruiting\",\"Studie\"],\"articleSection\":[\"HRM\"],\"inLanguage\":\"fr-FR\"},{\"@type\":\"WebPage\",\"@id\":\"https:\\\/\\\/www.organisator.ch\\\/human-resources\\\/hrm\\\/2019-10-09\\\/arbeitsmarkt-studie-2019-von-jobcloud-zeigt-jobsuche-als-dauerzustand\\\/\",\"url\":\"https:\\\/\\\/www.organisator.ch\\\/human-resources\\\/hrm\\\/2019-10-09\\\/arbeitsmarkt-studie-2019-von-jobcloud-zeigt-jobsuche-als-dauerzustand\\\/\",\"name\":\"Arbeitsmarkt-Studie 2019 von Jobcloud zeigt: Jobsuche als Dauerzustand - Organisator\",\"isPartOf\":{\"@id\":\"https:\\\/\\\/www.organisator.ch\\\/#website\"},\"primaryImageOfPage\":{\"@id\":\"https:\\\/\\\/www.organisator.ch\\\/human-resources\\\/hrm\\\/2019-10-09\\\/arbeitsmarkt-studie-2019-von-jobcloud-zeigt-jobsuche-als-dauerzustand\\\/#primaryimage\"},\"image\":{\"@id\":\"https:\\\/\\\/www.organisator.ch\\\/human-resources\\\/hrm\\\/2019-10-09\\\/arbeitsmarkt-studie-2019-von-jobcloud-zeigt-jobsuche-als-dauerzustand\\\/#primaryimage\"},\"thumbnailUrl\":\"https:\\\/\\\/www.organisator.ch\\\/wp-content\\\/uploads\\\/2019\\\/10\\\/Arbeitsmarkt-Studie-2019-von-Jobcloud-zeigt-Jobsuche-als-Dauerzustand-1_Organisator.jpg\",\"datePublished\":\"2019-10-09T11:42:36+00:00\",\"description\":\"Es ist heute normal, konstant auf Stellensuche zu sein \u2013 egal ob aktiv oder passiv. Das zeigt die Arbeitsmarkt-Studie 2019 von JobCloud.\",\"breadcrumb\":{\"@id\":\"https:\\\/\\\/www.organisator.ch\\\/human-resources\\\/hrm\\\/2019-10-09\\\/arbeitsmarkt-studie-2019-von-jobcloud-zeigt-jobsuche-als-dauerzustand\\\/#breadcrumb\"},\"inLanguage\":\"fr-FR\",\"potentialAction\":[{\"@type\":\"ReadAction\",\"target\":[\"https:\\\/\\\/www.organisator.ch\\\/human-resources\\\/hrm\\\/2019-10-09\\\/arbeitsmarkt-studie-2019-von-jobcloud-zeigt-jobsuche-als-dauerzustand\\\/\"]}]},{\"@type\":\"ImageObject\",\"inLanguage\":\"fr-FR\",\"@id\":\"https:\\\/\\\/www.organisator.ch\\\/human-resources\\\/hrm\\\/2019-10-09\\\/arbeitsmarkt-studie-2019-von-jobcloud-zeigt-jobsuche-als-dauerzustand\\\/#primaryimage\",\"url\":\"https:\\\/\\\/www.organisator.ch\\\/wp-content\\\/uploads\\\/2019\\\/10\\\/Arbeitsmarkt-Studie-2019-von-Jobcloud-zeigt-Jobsuche-als-Dauerzustand-1_Organisator.jpg\",\"contentUrl\":\"https:\\\/\\\/www.organisator.ch\\\/wp-content\\\/uploads\\\/2019\\\/10\\\/Arbeitsmarkt-Studie-2019-von-Jobcloud-zeigt-Jobsuche-als-Dauerzustand-1_Organisator.jpg\",\"width\":680,\"height\":453,\"caption\":\"Die Jobsuche ist gem\u00e4ss der Arbeitsmarkt-Studie 2019 von Jobcloud \\\"ein Dauerzustand\\\". (Bild: Pixabay.com)\"},{\"@type\":\"BreadcrumbList\",\"@id\":\"https:\\\/\\\/www.organisator.ch\\\/human-resources\\\/hrm\\\/2019-10-09\\\/arbeitsmarkt-studie-2019-von-jobcloud-zeigt-jobsuche-als-dauerzustand\\\/#breadcrumb\",\"itemListElement\":[{\"@type\":\"ListItem\",\"position\":1,\"name\":\"Home\",\"item\":\"https:\\\/\\\/www.organisator.ch\\\/\"},{\"@type\":\"ListItem\",\"position\":2,\"name\":\"Arbeitsmarkt-Studie 2019 von Jobcloud zeigt: Jobsuche als Dauerzustand\"}]},{\"@type\":\"WebSite\",\"@id\":\"https:\\\/\\\/www.organisator.ch\\\/#website\",\"url\":\"https:\\\/\\\/www.organisator.ch\\\/\",\"name\":\"Organisator\",\"description\":\"Kompetent. Praxisnah. Der ORGANISATOR bereitet in 10 Ausgaben pro Jahr die wesentlichen Themen f\u00fcr F\u00fchrungskr\u00e4fte von KMU auf.\",\"publisher\":{\"@id\":\"https:\\\/\\\/www.organisator.ch\\\/#organization\"},\"potentialAction\":[{\"@type\":\"SearchAction\",\"target\":{\"@type\":\"EntryPoint\",\"urlTemplate\":\"https:\\\/\\\/www.organisator.ch\\\/?s={search_term_string}\"},\"query-input\":{\"@type\":\"PropertyValueSpecification\",\"valueRequired\":true,\"valueName\":\"search_term_string\"}}],\"inLanguage\":\"fr-FR\"},{\"@type\":\"Organization\",\"@id\":\"https:\\\/\\\/www.organisator.ch\\\/#organization\",\"name\":\"Organisator\",\"url\":\"https:\\\/\\\/www.organisator.ch\\\/\",\"logo\":{\"@type\":\"ImageObject\",\"inLanguage\":\"fr-FR\",\"@id\":\"https:\\\/\\\/www.organisator.ch\\\/#\\\/schema\\\/logo\\\/image\\\/\",\"url\":\"https:\\\/\\\/www.organisator.ch\\\/wp-content\\\/uploads\\\/2022\\\/01\\\/Logo_Organisator_Website.png\",\"contentUrl\":\"https:\\\/\\\/www.organisator.ch\\\/wp-content\\\/uploads\\\/2022\\\/01\\\/Logo_Organisator_Website.png\",\"width\":800,\"height\":77,\"caption\":\"Organisator\"},\"image\":{\"@id\":\"https:\\\/\\\/www.organisator.ch\\\/#\\\/schema\\\/logo\\\/image\\\/\"},\"sameAs\":[\"https:\\\/\\\/www.facebook.com\\\/OrganisatorFachmagazin\",\"https:\\\/\\\/www.linkedin.com\\\/showcase\\\/organisator-das-magazin-fr-kmu\",\"https:\\\/\\\/www.xing.com\\\/news\\\/pages\\\/organisator-ch-695\",\"https:\\\/\\\/www.youtube.com\\\/channel\\\/UCGP2Sq0iWaZwT3BdIAQFYpw\"]},{\"@type\":\"Person\",\"@id\":\"https:\\\/\\\/www.organisator.ch\\\/#\\\/schema\\\/person\\\/6f650f90b2842cd4c0cc334b4e36f67e\",\"name\":\"thomas.berner\",\"image\":{\"@type\":\"ImageObject\",\"inLanguage\":\"fr-FR\",\"@id\":\"https:\\\/\\\/secure.gravatar.com\\\/avatar\\\/ac5001d2a36cb6c6cd3e50789007ffca834b477b74a2144564522e944eabff61?s=96&d=mm&r=g\",\"url\":\"https:\\\/\\\/secure.gravatar.com\\\/avatar\\\/ac5001d2a36cb6c6cd3e50789007ffca834b477b74a2144564522e944eabff61?s=96&d=mm&r=g\",\"contentUrl\":\"https:\\\/\\\/secure.gravatar.com\\\/avatar\\\/ac5001d2a36cb6c6cd3e50789007ffca834b477b74a2144564522e944eabff61?s=96&d=mm&r=g\",\"caption\":\"thomas.berner\"},\"url\":\"https:\\\/\\\/www.organisator.ch\\\/fr\\\/author\\\/thomas-berner\\\/\"}]}<\/script>\n<!-- \/ Yoast SEO plugin. -->","yoast_head_json":{"title":"L'\u00e9tude 2019 sur le march\u00e9 du travail de Jobcloud r\u00e9v\u00e8le : La recherche d'emploi, un \u00e9tat permanent - Organisateur","description":"Il est aujourd'hui normal d'\u00eatre constamment \u00e0 la recherche d'un emploi, que ce soit de mani\u00e8re active ou passive. C'est ce que montre l'\u00e9tude sur le march\u00e9 du travail 2019 de JobCloud.","robots":{"index":"index","follow":"follow","max-snippet":"max-snippet:-1","max-image-preview":"max-image-preview:large","max-video-preview":"max-video-preview:-1"},"canonical":"https:\/\/www.organisator.ch\/fr\/ressources-humaines\/hrm\/2019-10-09\/arbeitsmarkt-studie-2019-von-jobcloud-zeigt-jobsuche-als-dauerzustand\/","og_locale":"fr_FR","og_type":"article","og_title":"Arbeitsmarkt-Studie 2019 von Jobcloud zeigt: Jobsuche als Dauerzustand","og_description":"Es ist heute normal, konstant auf Stellensuche zu sein \u2013 egal ob aktiv oder passiv. Das zeigt die Arbeitsmarkt-Studie 2019 von JobCloud.","og_url":"https:\/\/www.organisator.ch\/fr\/ressources-humaines\/hrm\/2019-10-09\/arbeitsmarkt-studie-2019-von-jobcloud-zeigt-jobsuche-als-dauerzustand\/","og_site_name":"Organisator","article_publisher":"https:\/\/www.facebook.com\/OrganisatorFachmagazin","article_published_time":"2019-10-09T11:42:36+00:00","og_image":[{"width":680,"height":453,"url":"https:\/\/www.organisator.ch\/wp-content\/uploads\/2019\/10\/Arbeitsmarkt-Studie-2019-von-Jobcloud-zeigt-Jobsuche-als-Dauerzustand-1_Organisator.jpg","type":"image\/jpeg"}],"author":"thomas.berner","twitter_card":"summary_large_image","twitter_title":"#Arbeitsmarkt-Studie 2019 von #Jobcloud zeigt: Jobsuche als Dauerzustand","twitter_description":"Es ist heute normal, konstant auf Stellensuche zu sein \u2013 egal ob aktiv oder passiv. Das zeigt die #Arbeitsmarkt-Studie 2019 von #JobCloud.","twitter_image":"https:\/\/www.organisator.ch\/wp-content\/uploads\/2019\/10\/Arbeitsmarkt-Studie-2019-von-Jobcloud-zeigt-Jobsuche-als-Dauerzustand-1_Organisator.jpg","schema":{"@context":"https:\/\/schema.org","@graph":[{"@type":"Article","@id":"https:\/\/www.organisator.ch\/human-resources\/hrm\/2019-10-09\/arbeitsmarkt-studie-2019-von-jobcloud-zeigt-jobsuche-als-dauerzustand\/#article","isPartOf":{"@id":"https:\/\/www.organisator.ch\/human-resources\/hrm\/2019-10-09\/arbeitsmarkt-studie-2019-von-jobcloud-zeigt-jobsuche-als-dauerzustand\/"},"author":{"name":"thomas.berner","@id":"https:\/\/www.organisator.ch\/#\/schema\/person\/6f650f90b2842cd4c0cc334b4e36f67e"},"headline":"Arbeitsmarkt-Studie 2019 von Jobcloud zeigt: Jobsuche als Dauerzustand","datePublished":"2019-10-09T11:42:36+00:00","mainEntityOfPage":{"@id":"https:\/\/www.organisator.ch\/human-resources\/hrm\/2019-10-09\/arbeitsmarkt-studie-2019-von-jobcloud-zeigt-jobsuche-als-dauerzustand\/"},"wordCount":365,"publisher":{"@id":"https:\/\/www.organisator.ch\/#organization"},"image":{"@id":"https:\/\/www.organisator.ch\/human-resources\/hrm\/2019-10-09\/arbeitsmarkt-studie-2019-von-jobcloud-zeigt-jobsuche-als-dauerzustand\/#primaryimage"},"thumbnailUrl":"https:\/\/www.organisator.ch\/wp-content\/uploads\/2019\/10\/Arbeitsmarkt-Studie-2019-von-Jobcloud-zeigt-Jobsuche-als-Dauerzustand-1_Organisator.jpg","keywords":["HRM","Recruiting","Studie"],"articleSection":["HRM"],"inLanguage":"fr-FR"},{"@type":"WebPage","@id":"https:\/\/www.organisator.ch\/human-resources\/hrm\/2019-10-09\/arbeitsmarkt-studie-2019-von-jobcloud-zeigt-jobsuche-als-dauerzustand\/","url":"https:\/\/www.organisator.ch\/human-resources\/hrm\/2019-10-09\/arbeitsmarkt-studie-2019-von-jobcloud-zeigt-jobsuche-als-dauerzustand\/","name":"L'\u00e9tude 2019 sur le march\u00e9 du travail de Jobcloud r\u00e9v\u00e8le : La recherche d'emploi, un \u00e9tat permanent - Organisateur","isPartOf":{"@id":"https:\/\/www.organisator.ch\/#website"},"primaryImageOfPage":{"@id":"https:\/\/www.organisator.ch\/human-resources\/hrm\/2019-10-09\/arbeitsmarkt-studie-2019-von-jobcloud-zeigt-jobsuche-als-dauerzustand\/#primaryimage"},"image":{"@id":"https:\/\/www.organisator.ch\/human-resources\/hrm\/2019-10-09\/arbeitsmarkt-studie-2019-von-jobcloud-zeigt-jobsuche-als-dauerzustand\/#primaryimage"},"thumbnailUrl":"https:\/\/www.organisator.ch\/wp-content\/uploads\/2019\/10\/Arbeitsmarkt-Studie-2019-von-Jobcloud-zeigt-Jobsuche-als-Dauerzustand-1_Organisator.jpg","datePublished":"2019-10-09T11:42:36+00:00","description":"Il est aujourd'hui normal d'\u00eatre constamment \u00e0 la recherche d'un emploi, que ce soit de mani\u00e8re active ou passive. C'est ce que montre l'\u00e9tude sur le march\u00e9 du travail 2019 de JobCloud.","breadcrumb":{"@id":"https:\/\/www.organisator.ch\/human-resources\/hrm\/2019-10-09\/arbeitsmarkt-studie-2019-von-jobcloud-zeigt-jobsuche-als-dauerzustand\/#breadcrumb"},"inLanguage":"fr-FR","potentialAction":[{"@type":"ReadAction","target":["https:\/\/www.organisator.ch\/human-resources\/hrm\/2019-10-09\/arbeitsmarkt-studie-2019-von-jobcloud-zeigt-jobsuche-als-dauerzustand\/"]}]},{"@type":"ImageObject","inLanguage":"fr-FR","@id":"https:\/\/www.organisator.ch\/human-resources\/hrm\/2019-10-09\/arbeitsmarkt-studie-2019-von-jobcloud-zeigt-jobsuche-als-dauerzustand\/#primaryimage","url":"https:\/\/www.organisator.ch\/wp-content\/uploads\/2019\/10\/Arbeitsmarkt-Studie-2019-von-Jobcloud-zeigt-Jobsuche-als-Dauerzustand-1_Organisator.jpg","contentUrl":"https:\/\/www.organisator.ch\/wp-content\/uploads\/2019\/10\/Arbeitsmarkt-Studie-2019-von-Jobcloud-zeigt-Jobsuche-als-Dauerzustand-1_Organisator.jpg","width":680,"height":453,"caption":"Die Jobsuche ist gem\u00e4ss der Arbeitsmarkt-Studie 2019 von Jobcloud \"ein Dauerzustand\". (Bild: Pixabay.com)"},{"@type":"BreadcrumbList","@id":"https:\/\/www.organisator.ch\/human-resources\/hrm\/2019-10-09\/arbeitsmarkt-studie-2019-von-jobcloud-zeigt-jobsuche-als-dauerzustand\/#breadcrumb","itemListElement":[{"@type":"ListItem","position":1,"name":"Home","item":"https:\/\/www.organisator.ch\/"},{"@type":"ListItem","position":2,"name":"Arbeitsmarkt-Studie 2019 von Jobcloud zeigt: Jobsuche als Dauerzustand"}]},{"@type":"WebSite","@id":"https:\/\/www.organisator.ch\/#website","url":"https:\/\/www.organisator.ch\/","name":"Organisateur","description":"Comp\u00e9tence et comp\u00e9tence. Proches de la pratique. L'ORGANISATEUR pr\u00e9pare 10 num\u00e9ros par an sur les th\u00e8mes essentiels pour les dirigeants de PME.","publisher":{"@id":"https:\/\/www.organisator.ch\/#organization"},"potentialAction":[{"@type":"SearchAction","target":{"@type":"EntryPoint","urlTemplate":"https:\/\/www.organisator.ch\/?s={search_term_string}"},"query-input":{"@type":"PropertyValueSpecification","valueRequired":true,"valueName":"search_term_string"}}],"inLanguage":"fr-FR"},{"@type":"Organization","@id":"https:\/\/www.organisator.ch\/#organization","name":"Organisateur","url":"https:\/\/www.organisator.ch\/","logo":{"@type":"ImageObject","inLanguage":"fr-FR","@id":"https:\/\/www.organisator.ch\/#\/schema\/logo\/image\/","url":"https:\/\/www.organisator.ch\/wp-content\/uploads\/2022\/01\/Logo_Organisator_Website.png","contentUrl":"https:\/\/www.organisator.ch\/wp-content\/uploads\/2022\/01\/Logo_Organisator_Website.png","width":800,"height":77,"caption":"Organisator"},"image":{"@id":"https:\/\/www.organisator.ch\/#\/schema\/logo\/image\/"},"sameAs":["https:\/\/www.facebook.com\/OrganisatorFachmagazin","https:\/\/www.linkedin.com\/showcase\/organisator-das-magazin-fr-kmu","https:\/\/www.xing.com\/news\/pages\/organisator-ch-695","https:\/\/www.youtube.com\/channel\/UCGP2Sq0iWaZwT3BdIAQFYpw"]},{"@type":"Person","@id":"https:\/\/www.organisator.ch\/#\/schema\/person\/6f650f90b2842cd4c0cc334b4e36f67e","name":"thomas.berner","image":{"@type":"ImageObject","inLanguage":"fr-FR","@id":"https:\/\/secure.gravatar.com\/avatar\/ac5001d2a36cb6c6cd3e50789007ffca834b477b74a2144564522e944eabff61?s=96&d=mm&r=g","url":"https:\/\/secure.gravatar.com\/avatar\/ac5001d2a36cb6c6cd3e50789007ffca834b477b74a2144564522e944eabff61?s=96&d=mm&r=g","contentUrl":"https:\/\/secure.gravatar.com\/avatar\/ac5001d2a36cb6c6cd3e50789007ffca834b477b74a2144564522e944eabff61?s=96&d=mm&r=g","caption":"thomas.berner"},"url":"https:\/\/www.organisator.ch\/fr\/author\/thomas-berner\/"}]}},"_links":{"self":[{"href":"https:\/\/www.organisator.ch\/fr\/wp-json\/wp\/v2\/posts\/5894","targetHints":{"allow":["GET"]}}],"collection":[{"href":"https:\/\/www.organisator.ch\/fr\/wp-json\/wp\/v2\/posts"}],"about":[{"href":"https:\/\/www.organisator.ch\/fr\/wp-json\/wp\/v2\/types\/post"}],"author":[{"embeddable":true,"href":"https:\/\/www.organisator.ch\/fr\/wp-json\/wp\/v2\/users\/4"}],"replies":[{"embeddable":true,"href":"https:\/\/www.organisator.ch\/fr\/wp-json\/wp\/v2\/comments?post=5894"}],"version-history":[{"count":0,"href":"https:\/\/www.organisator.ch\/fr\/wp-json\/wp\/v2\/posts\/5894\/revisions"}],"wp:featuredmedia":[{"embeddable":true,"href":"https:\/\/www.organisator.ch\/fr\/wp-json\/wp\/v2\/media\/5896"}],"wp:attachment":[{"href":"https:\/\/www.organisator.ch\/fr\/wp-json\/wp\/v2\/media?parent=5894"}],"wp:term":[{"taxonomy":"category","embeddable":true,"href":"https:\/\/www.organisator.ch\/fr\/wp-json\/wp\/v2\/categories?post=5894"},{"taxonomy":"post_tag","embeddable":true,"href":"https:\/\/www.organisator.ch\/fr\/wp-json\/wp\/v2\/tags?post=5894"}],"curies":[{"name":"wp","href":"https:\/\/api.w.org\/{rel}","templated":true}]}}