{"id":5940,"date":"2019-10-22T09:42:27","date_gmt":"2019-10-22T07:42:27","guid":{"rendered":"https:\/\/www.organisator.ch\/?p=5940"},"modified":"2019-10-22T09:42:27","modified_gmt":"2019-10-22T07:42:27","slug":"neuer-lehrgang-zu-mobbing-sexueller-belaestigung-und-diskriminierung","status":"publish","type":"post","link":"https:\/\/www.organisator.ch\/fr\/human-resources\/fit_im_job\/2019-10-22\/neuer-lehrgang-zu-mobbing-sexueller-belaestigung-und-diskriminierung\/","title":{"rendered":"Nouveau cours sur l'intimidation, le harc\u00e8lement sexuel et la discrimination"},"content":{"rendered":"<figure id=\"attachment_5941\" aria-describedby=\"caption-attachment-5941\" style=\"width: 680px\" class=\"wp-caption alignnone\"><img loading=\"lazy\" decoding=\"async\" class=\"size-medium wp-image-5941\" src=\"https:\/\/www.organisator.ch\/wp-content\/uploads\/2019\/10\/Neuer-Lehrgang-zu-Mobbing-sexueller-Belaestigung-und-Diskriminierung_Organisator.jpg\" alt=\"\" width=\"680\" height=\"454\" srcset=\"https:\/\/www.organisator.ch\/wp-content\/uploads\/2019\/10\/Neuer-Lehrgang-zu-Mobbing-sexueller-Belaestigung-und-Diskriminierung_Organisator.jpg 680w, https:\/\/www.organisator.ch\/wp-content\/uploads\/2019\/10\/Neuer-Lehrgang-zu-Mobbing-sexueller-Belaestigung-und-Diskriminierung_Organisator-16x12.jpg 16w, https:\/\/www.organisator.ch\/wp-content\/uploads\/2019\/10\/Neuer-Lehrgang-zu-Mobbing-sexueller-Belaestigung-und-Diskriminierung_Organisator-262x175.jpg 262w, https:\/\/www.organisator.ch\/wp-content\/uploads\/2019\/10\/Neuer-Lehrgang-zu-Mobbing-sexueller-Belaestigung-und-Diskriminierung_Organisator-524x350.jpg 524w, https:\/\/www.organisator.ch\/wp-content\/uploads\/2019\/10\/Neuer-Lehrgang-zu-Mobbing-sexueller-Belaestigung-und-Diskriminierung_Organisator-300x200.jpg 300w\" sizes=\"auto, (max-width: 680px) 100vw, 680px\" \/><figcaption id=\"caption-attachment-5941\" class=\"wp-caption-text\">Nouveau cours sur le mobbing, le harc\u00e8lement sexuel et la discrimination dans le secteur du nettoyage : Corinne Sch\u00e4rer explique les motivations. (Image : zVg)<\/figcaption><\/figure>\n<p>En Suisse al\u00e9manique, 65'000 personnes travaillent dans le secteur du nettoyage. De nombreux travailleurs sont issus de l'immigration et ne ma\u00eetrisent pas encore la langue nationale \u00e0 un niveau \u00e9lev\u00e9. Le secteur du nettoyage leur offre la possibilit\u00e9 de prendre pied dans une profession vari\u00e9e, mais aussi de plus en plus exigeante. Ils peuvent en outre profiter de nombreuses offres pour se former en permanence sur le tas.<\/p>\n<h2><strong>Formation professionnelle ax\u00e9e sur la pratique <\/strong><\/h2>\n<p><strong>Corinne Sch\u00e4rer<\/strong> est vice-pr\u00e9sidente de la CP Nettoyage et d\u00e9fend les int\u00e9r\u00eats des travailleurs. La secr\u00e9taire centrale et responsable du d\u00e9partement politique d'Unia est convaincue que la formation est indispensable pour le secteur du nettoyage, \u00e0 commencer par les connaissances linguistiques : \"Les agents de nettoyage doivent pouvoir se faire comprendre et comprendre les missions qu'ils doivent accomplir. Celui qui dispose de bonnes connaissances dans son activit\u00e9 progresse professionnellement et personnellement. L'ensemble du secteur en profite, car les exigences des clients augmentent \u00e9galement dans le nettoyage. Des collaborateurs mieux form\u00e9s fournissent de meilleures prestations de service aux clients - ainsi, tout le monde est satisfait\". La vice-pr\u00e9sidente de la CP Nettoyage souligne que la mani\u00e8re dont la formation est dispens\u00e9e est d\u00e9cisive : \"La formation doit \u00eatre ax\u00e9e sur l'individu - sur ses comp\u00e9tences. La formation professionnelle en particulier doit \u00eatre tr\u00e8s ax\u00e9e sur la pratique. La formation est tr\u00e8s importante pour le d\u00e9veloppement du secteur du nettoyage, mais aussi pour l'avenir de notre soci\u00e9t\u00e9 en g\u00e9n\u00e9ral, et du monde du travail en particulier. Pour les individus, c'est la possibilit\u00e9 de progresser professionnellement et d'exercer des activit\u00e9s int\u00e9ressantes\". (Vid\u00e9o de l'interview : <a href=\"https:\/\/www.youtube.com\/watch?v=uCSVlbwyygE\">https:\/\/www.youtube.com\/watch?v=uCSVlbwyygE<\/a>)<\/p>\n<h2>\"Le respect au travail\" : Nouveau cours sur l'intimidation, le harc\u00e8lement sexuel et la discrimination<\/h2>\n<p>Les nombreuses offres de la CP Nettoyage sont tr\u00e8s utilis\u00e9es. Rien que les cours d'allemand ont \u00e9t\u00e9 suivis par environ 900 personnes en 2018. En 2018, la CP Nettoyage a introduit avec succ\u00e8s le cours de formation sur la CCT qui concerne les salaires. A partir d'octobre 2019, un nouveau cours en deux parties sur le harc\u00e8lement moral, le harc\u00e8lement sexuel et la discrimination sera organis\u00e9. Dans le module de base et le module d'approfondissement, les collaborateurs et les cadres acqui\u00e8rent les connaissances n\u00e9cessaires pour reconna\u00eetre les cas de mobbing, de harc\u00e8lement sexuel et de discrimination. Ils apprennent \u00e0 r\u00e9agir de mani\u00e8re appropri\u00e9e et \u00e0 prendre les mesures n\u00e9cessaires. Ils testent des actions concr\u00e8tes. L'\u00e9ducateur social Lu Decurtins est l'un des six experts qui ont d\u00e9velopp\u00e9 le cours. Il formule son souhait personnel pour le secteur du nettoyage : \"Les collaborateurs doivent se sentir forts, avoir une position s\u00fbre et d\u00e9fendre leurs droits\".<\/p>\n<p><em>Plus d'informations : <a href=\"http:\/\/www.reineprofis.ch\">www.reineprofis.ch <\/a><\/em><\/p>","protected":false},"excerpt":{"rendered":"<p>In der Reinigungsbranche sind in der Deutschschweiz 65\u2019000 Menschen t\u00e4tig. Zahreiche Arbeitnehmenden verf\u00fcgen \u00fcber einen Migrationshintergrund und beherrschen die Landessprache noch nicht auf hohem Niveau. Ihnen bietet die Reinigungsbranche die Chance, in einem vielseitigen, aber auch zunehmend anspruchsvollen Beruf Fuss zu fassen. Sie k\u00f6nnen zudem zahlreiche Angebote nutzen, um sich laufend on the Job weiterzubilden. [&hellip;]<\/p>\n","protected":false},"author":4,"featured_media":5941,"comment_status":"closed","ping_status":"closed","sticky":false,"template":"","format":"standard","meta":{"_acf_changed":false,"_yoast_wpseo_focuskw":"Neuer Lehrgang zu Mobbing","_yoast_wpseo_metadesc":"Die Reinigungsbranche setzt ihre Bildungsoffensive weiter um. Ein neuer Lehrgang zu Mobbing, sexueller Bel\u00e4stigung und Diskriminierung wurde geschaffen.","articlekey":"","footnotes":""},"categories":[25],"tags":[62,208,254,503],"class_list":["post-5940","post","type-post","status-publish","format-standard","has-post-thumbnail","hentry","category-fit_im_job","tag-aus-weiterbildung","tag-fit-im-job","tag-hrm","tag-verbaende"],"acf":[],"yoast_head":"<!-- This site is optimized with the Yoast SEO plugin v27.4 - https:\/\/yoast.com\/product\/yoast-seo-wordpress\/ -->\n<title>Neuer Lehrgang zu Mobbing, sexueller Bel\u00e4stigung und Diskriminierung - Organisator<\/title>\n<meta name=\"description\" content=\"Die Reinigungsbranche setzt ihre Bildungsoffensive weiter um. Ein neuer Lehrgang zu Mobbing, sexueller Bel\u00e4stigung und Diskriminierung wurde geschaffen.\" \/>\n<meta name=\"robots\" content=\"index, follow, max-snippet:-1, max-image-preview:large, max-video-preview:-1\" \/>\n<link rel=\"canonical\" href=\"https:\/\/www.organisator.ch\/fr\/ressources-humaines\/fit_im_job\/2019-10-22\/neuer-lehrgang-zu-mobbing-sexueller-belaestigung-und-diskriminierung\/\" \/>\n<meta property=\"og:locale\" content=\"fr_FR\" \/>\n<meta property=\"og:type\" content=\"article\" \/>\n<meta property=\"og:title\" content=\"Neuer Lehrgang zu Mobbing, sexueller Bel\u00e4stigung und Diskriminierung\" \/>\n<meta property=\"og:description\" content=\"Die Reinigungsbranche setzt ihre Bildungsoffensive weiter um. Ein neuer Lehrgang zu Mobbing, sexueller Bel\u00e4stigung und Diskriminierung wurde geschaffen.\" \/>\n<meta property=\"og:url\" content=\"https:\/\/www.organisator.ch\/fr\/ressources-humaines\/fit_im_job\/2019-10-22\/neuer-lehrgang-zu-mobbing-sexueller-belaestigung-und-diskriminierung\/\" \/>\n<meta property=\"og:site_name\" content=\"Organisator\" \/>\n<meta property=\"article:publisher\" content=\"https:\/\/www.facebook.com\/OrganisatorFachmagazin\" \/>\n<meta property=\"article:published_time\" content=\"2019-10-22T07:42:27+00:00\" \/>\n<meta property=\"og:image\" content=\"https:\/\/www.organisator.ch\/wp-content\/uploads\/2019\/10\/Neuer-Lehrgang-zu-Mobbing-sexueller-Belaestigung-und-Diskriminierung_Organisator.jpg\" \/>\n\t<meta property=\"og:image:width\" content=\"680\" \/>\n\t<meta property=\"og:image:height\" content=\"454\" \/>\n\t<meta property=\"og:image:type\" content=\"image\/jpeg\" \/>\n<meta name=\"author\" content=\"thomas.berner\" \/>\n<meta name=\"twitter:card\" content=\"summary_large_image\" \/>\n<meta name=\"twitter:title\" content=\"Neuer Lehrgang zu #Mobbing, sexueller #Bel\u00e4stigung und #Diskriminierung\" \/>\n<meta name=\"twitter:description\" content=\"Die #Reinigungsbranche setzt ihre #Bildungsoffensive weiter um. Ein neuer Lehrgang zu #Mobbing, sexueller #Bel\u00e4stigung und #Diskriminierung wurde geschaffen.\" \/>\n<meta name=\"twitter:image\" content=\"https:\/\/www.organisator.ch\/wp-content\/uploads\/2019\/10\/Neuer-Lehrgang-zu-Mobbing-sexueller-Belaestigung-und-Diskriminierung_Organisator.jpg\" \/>\n<script type=\"application\/ld+json\" class=\"yoast-schema-graph\">{\"@context\":\"https:\\\/\\\/schema.org\",\"@graph\":[{\"@type\":\"Article\",\"@id\":\"https:\\\/\\\/www.organisator.ch\\\/human-resources\\\/fit_im_job\\\/2019-10-22\\\/neuer-lehrgang-zu-mobbing-sexueller-belaestigung-und-diskriminierung\\\/#article\",\"isPartOf\":{\"@id\":\"https:\\\/\\\/www.organisator.ch\\\/human-resources\\\/fit_im_job\\\/2019-10-22\\\/neuer-lehrgang-zu-mobbing-sexueller-belaestigung-und-diskriminierung\\\/\"},\"author\":{\"name\":\"thomas.berner\",\"@id\":\"https:\\\/\\\/www.organisator.ch\\\/#\\\/schema\\\/person\\\/6f650f90b2842cd4c0cc334b4e36f67e\"},\"headline\":\"Neuer Lehrgang zu Mobbing, sexueller Bel\u00e4stigung und Diskriminierung\",\"datePublished\":\"2019-10-22T07:42:27+00:00\",\"mainEntityOfPage\":{\"@id\":\"https:\\\/\\\/www.organisator.ch\\\/human-resources\\\/fit_im_job\\\/2019-10-22\\\/neuer-lehrgang-zu-mobbing-sexueller-belaestigung-und-diskriminierung\\\/\"},\"wordCount\":427,\"publisher\":{\"@id\":\"https:\\\/\\\/www.organisator.ch\\\/#organization\"},\"image\":{\"@id\":\"https:\\\/\\\/www.organisator.ch\\\/human-resources\\\/fit_im_job\\\/2019-10-22\\\/neuer-lehrgang-zu-mobbing-sexueller-belaestigung-und-diskriminierung\\\/#primaryimage\"},\"thumbnailUrl\":\"https:\\\/\\\/www.organisator.ch\\\/wp-content\\\/uploads\\\/2019\\\/10\\\/Neuer-Lehrgang-zu-Mobbing-sexueller-Belaestigung-und-Diskriminierung_Organisator.jpg\",\"keywords\":[\"Aus-\\\/Weiterbildung\",\"Fit im Job\",\"HRM\",\"Verb\u00e4nde\"],\"articleSection\":[\"FIT IM JOB\"],\"inLanguage\":\"fr-FR\"},{\"@type\":\"WebPage\",\"@id\":\"https:\\\/\\\/www.organisator.ch\\\/human-resources\\\/fit_im_job\\\/2019-10-22\\\/neuer-lehrgang-zu-mobbing-sexueller-belaestigung-und-diskriminierung\\\/\",\"url\":\"https:\\\/\\\/www.organisator.ch\\\/human-resources\\\/fit_im_job\\\/2019-10-22\\\/neuer-lehrgang-zu-mobbing-sexueller-belaestigung-und-diskriminierung\\\/\",\"name\":\"Neuer Lehrgang zu Mobbing, sexueller Bel\u00e4stigung und Diskriminierung - Organisator\",\"isPartOf\":{\"@id\":\"https:\\\/\\\/www.organisator.ch\\\/#website\"},\"primaryImageOfPage\":{\"@id\":\"https:\\\/\\\/www.organisator.ch\\\/human-resources\\\/fit_im_job\\\/2019-10-22\\\/neuer-lehrgang-zu-mobbing-sexueller-belaestigung-und-diskriminierung\\\/#primaryimage\"},\"image\":{\"@id\":\"https:\\\/\\\/www.organisator.ch\\\/human-resources\\\/fit_im_job\\\/2019-10-22\\\/neuer-lehrgang-zu-mobbing-sexueller-belaestigung-und-diskriminierung\\\/#primaryimage\"},\"thumbnailUrl\":\"https:\\\/\\\/www.organisator.ch\\\/wp-content\\\/uploads\\\/2019\\\/10\\\/Neuer-Lehrgang-zu-Mobbing-sexueller-Belaestigung-und-Diskriminierung_Organisator.jpg\",\"datePublished\":\"2019-10-22T07:42:27+00:00\",\"description\":\"Die Reinigungsbranche setzt ihre Bildungsoffensive weiter um. Ein neuer Lehrgang zu Mobbing, sexueller Bel\u00e4stigung und Diskriminierung wurde geschaffen.\",\"breadcrumb\":{\"@id\":\"https:\\\/\\\/www.organisator.ch\\\/human-resources\\\/fit_im_job\\\/2019-10-22\\\/neuer-lehrgang-zu-mobbing-sexueller-belaestigung-und-diskriminierung\\\/#breadcrumb\"},\"inLanguage\":\"fr-FR\",\"potentialAction\":[{\"@type\":\"ReadAction\",\"target\":[\"https:\\\/\\\/www.organisator.ch\\\/human-resources\\\/fit_im_job\\\/2019-10-22\\\/neuer-lehrgang-zu-mobbing-sexueller-belaestigung-und-diskriminierung\\\/\"]}]},{\"@type\":\"ImageObject\",\"inLanguage\":\"fr-FR\",\"@id\":\"https:\\\/\\\/www.organisator.ch\\\/human-resources\\\/fit_im_job\\\/2019-10-22\\\/neuer-lehrgang-zu-mobbing-sexueller-belaestigung-und-diskriminierung\\\/#primaryimage\",\"url\":\"https:\\\/\\\/www.organisator.ch\\\/wp-content\\\/uploads\\\/2019\\\/10\\\/Neuer-Lehrgang-zu-Mobbing-sexueller-Belaestigung-und-Diskriminierung_Organisator.jpg\",\"contentUrl\":\"https:\\\/\\\/www.organisator.ch\\\/wp-content\\\/uploads\\\/2019\\\/10\\\/Neuer-Lehrgang-zu-Mobbing-sexueller-Belaestigung-und-Diskriminierung_Organisator.jpg\",\"width\":680,\"height\":454,\"caption\":\"Neuer Lehrgang zu Mobbing, sexueller Bel\u00e4stigung und Diskriminierung in der Reinigungsbranche: Corinne Sch\u00e4rer erl\u00e4utert die Beweggr\u00fcnde. (Bild: zVg)\"},{\"@type\":\"BreadcrumbList\",\"@id\":\"https:\\\/\\\/www.organisator.ch\\\/human-resources\\\/fit_im_job\\\/2019-10-22\\\/neuer-lehrgang-zu-mobbing-sexueller-belaestigung-und-diskriminierung\\\/#breadcrumb\",\"itemListElement\":[{\"@type\":\"ListItem\",\"position\":1,\"name\":\"Home\",\"item\":\"https:\\\/\\\/www.organisator.ch\\\/\"},{\"@type\":\"ListItem\",\"position\":2,\"name\":\"Neuer Lehrgang zu Mobbing, sexueller Bel\u00e4stigung und Diskriminierung\"}]},{\"@type\":\"WebSite\",\"@id\":\"https:\\\/\\\/www.organisator.ch\\\/#website\",\"url\":\"https:\\\/\\\/www.organisator.ch\\\/\",\"name\":\"Organisator\",\"description\":\"Kompetent. Praxisnah. Der ORGANISATOR bereitet in 10 Ausgaben pro Jahr die wesentlichen Themen f\u00fcr F\u00fchrungskr\u00e4fte von KMU auf.\",\"publisher\":{\"@id\":\"https:\\\/\\\/www.organisator.ch\\\/#organization\"},\"potentialAction\":[{\"@type\":\"SearchAction\",\"target\":{\"@type\":\"EntryPoint\",\"urlTemplate\":\"https:\\\/\\\/www.organisator.ch\\\/?s={search_term_string}\"},\"query-input\":{\"@type\":\"PropertyValueSpecification\",\"valueRequired\":true,\"valueName\":\"search_term_string\"}}],\"inLanguage\":\"fr-FR\"},{\"@type\":\"Organization\",\"@id\":\"https:\\\/\\\/www.organisator.ch\\\/#organization\",\"name\":\"Organisator\",\"url\":\"https:\\\/\\\/www.organisator.ch\\\/\",\"logo\":{\"@type\":\"ImageObject\",\"inLanguage\":\"fr-FR\",\"@id\":\"https:\\\/\\\/www.organisator.ch\\\/#\\\/schema\\\/logo\\\/image\\\/\",\"url\":\"https:\\\/\\\/www.organisator.ch\\\/wp-content\\\/uploads\\\/2022\\\/01\\\/Logo_Organisator_Website.png\",\"contentUrl\":\"https:\\\/\\\/www.organisator.ch\\\/wp-content\\\/uploads\\\/2022\\\/01\\\/Logo_Organisator_Website.png\",\"width\":800,\"height\":77,\"caption\":\"Organisator\"},\"image\":{\"@id\":\"https:\\\/\\\/www.organisator.ch\\\/#\\\/schema\\\/logo\\\/image\\\/\"},\"sameAs\":[\"https:\\\/\\\/www.facebook.com\\\/OrganisatorFachmagazin\",\"https:\\\/\\\/www.linkedin.com\\\/showcase\\\/organisator-das-magazin-fr-kmu\",\"https:\\\/\\\/www.xing.com\\\/news\\\/pages\\\/organisator-ch-695\",\"https:\\\/\\\/www.youtube.com\\\/channel\\\/UCGP2Sq0iWaZwT3BdIAQFYpw\"]},{\"@type\":\"Person\",\"@id\":\"https:\\\/\\\/www.organisator.ch\\\/#\\\/schema\\\/person\\\/6f650f90b2842cd4c0cc334b4e36f67e\",\"name\":\"thomas.berner\",\"image\":{\"@type\":\"ImageObject\",\"inLanguage\":\"fr-FR\",\"@id\":\"https:\\\/\\\/secure.gravatar.com\\\/avatar\\\/ac5001d2a36cb6c6cd3e50789007ffca834b477b74a2144564522e944eabff61?s=96&d=mm&r=g\",\"url\":\"https:\\\/\\\/secure.gravatar.com\\\/avatar\\\/ac5001d2a36cb6c6cd3e50789007ffca834b477b74a2144564522e944eabff61?s=96&d=mm&r=g\",\"contentUrl\":\"https:\\\/\\\/secure.gravatar.com\\\/avatar\\\/ac5001d2a36cb6c6cd3e50789007ffca834b477b74a2144564522e944eabff61?s=96&d=mm&r=g\",\"caption\":\"thomas.berner\"},\"url\":\"https:\\\/\\\/www.organisator.ch\\\/fr\\\/author\\\/thomas-berner\\\/\"}]}<\/script>\n<!-- \/ Yoast SEO plugin. -->","yoast_head_json":{"title":"Nouveau cours sur l'intimidation, le harc\u00e8lement sexuel et la discrimination - Organisateur","description":"Le secteur du nettoyage poursuit son offensive en mati\u00e8re de formation. Un nouveau cours sur le harc\u00e8lement moral, le harc\u00e8lement sexuel et la discrimination a \u00e9t\u00e9 cr\u00e9\u00e9.","robots":{"index":"index","follow":"follow","max-snippet":"max-snippet:-1","max-image-preview":"max-image-preview:large","max-video-preview":"max-video-preview:-1"},"canonical":"https:\/\/www.organisator.ch\/fr\/ressources-humaines\/fit_im_job\/2019-10-22\/neuer-lehrgang-zu-mobbing-sexueller-belaestigung-und-diskriminierung\/","og_locale":"fr_FR","og_type":"article","og_title":"Neuer Lehrgang zu Mobbing, sexueller Bel\u00e4stigung und Diskriminierung","og_description":"Die Reinigungsbranche setzt ihre Bildungsoffensive weiter um. Ein neuer Lehrgang zu Mobbing, sexueller Bel\u00e4stigung und Diskriminierung wurde geschaffen.","og_url":"https:\/\/www.organisator.ch\/fr\/ressources-humaines\/fit_im_job\/2019-10-22\/neuer-lehrgang-zu-mobbing-sexueller-belaestigung-und-diskriminierung\/","og_site_name":"Organisator","article_publisher":"https:\/\/www.facebook.com\/OrganisatorFachmagazin","article_published_time":"2019-10-22T07:42:27+00:00","og_image":[{"width":680,"height":454,"url":"https:\/\/www.organisator.ch\/wp-content\/uploads\/2019\/10\/Neuer-Lehrgang-zu-Mobbing-sexueller-Belaestigung-und-Diskriminierung_Organisator.jpg","type":"image\/jpeg"}],"author":"thomas.berner","twitter_card":"summary_large_image","twitter_title":"Neuer Lehrgang zu #Mobbing, sexueller #Bel\u00e4stigung und #Diskriminierung","twitter_description":"Die #Reinigungsbranche setzt ihre #Bildungsoffensive weiter um. Ein neuer Lehrgang zu #Mobbing, sexueller #Bel\u00e4stigung und #Diskriminierung wurde geschaffen.","twitter_image":"https:\/\/www.organisator.ch\/wp-content\/uploads\/2019\/10\/Neuer-Lehrgang-zu-Mobbing-sexueller-Belaestigung-und-Diskriminierung_Organisator.jpg","schema":{"@context":"https:\/\/schema.org","@graph":[{"@type":"Article","@id":"https:\/\/www.organisator.ch\/human-resources\/fit_im_job\/2019-10-22\/neuer-lehrgang-zu-mobbing-sexueller-belaestigung-und-diskriminierung\/#article","isPartOf":{"@id":"https:\/\/www.organisator.ch\/human-resources\/fit_im_job\/2019-10-22\/neuer-lehrgang-zu-mobbing-sexueller-belaestigung-und-diskriminierung\/"},"author":{"name":"thomas.berner","@id":"https:\/\/www.organisator.ch\/#\/schema\/person\/6f650f90b2842cd4c0cc334b4e36f67e"},"headline":"Neuer Lehrgang zu Mobbing, sexueller Bel\u00e4stigung und Diskriminierung","datePublished":"2019-10-22T07:42:27+00:00","mainEntityOfPage":{"@id":"https:\/\/www.organisator.ch\/human-resources\/fit_im_job\/2019-10-22\/neuer-lehrgang-zu-mobbing-sexueller-belaestigung-und-diskriminierung\/"},"wordCount":427,"publisher":{"@id":"https:\/\/www.organisator.ch\/#organization"},"image":{"@id":"https:\/\/www.organisator.ch\/human-resources\/fit_im_job\/2019-10-22\/neuer-lehrgang-zu-mobbing-sexueller-belaestigung-und-diskriminierung\/#primaryimage"},"thumbnailUrl":"https:\/\/www.organisator.ch\/wp-content\/uploads\/2019\/10\/Neuer-Lehrgang-zu-Mobbing-sexueller-Belaestigung-und-Diskriminierung_Organisator.jpg","keywords":["Aus-\/Weiterbildung","Fit im Job","HRM","Verb\u00e4nde"],"articleSection":["FIT IM JOB"],"inLanguage":"fr-FR"},{"@type":"WebPage","@id":"https:\/\/www.organisator.ch\/human-resources\/fit_im_job\/2019-10-22\/neuer-lehrgang-zu-mobbing-sexueller-belaestigung-und-diskriminierung\/","url":"https:\/\/www.organisator.ch\/human-resources\/fit_im_job\/2019-10-22\/neuer-lehrgang-zu-mobbing-sexueller-belaestigung-und-diskriminierung\/","name":"Nouveau cours sur l'intimidation, le harc\u00e8lement sexuel et la discrimination - Organisateur","isPartOf":{"@id":"https:\/\/www.organisator.ch\/#website"},"primaryImageOfPage":{"@id":"https:\/\/www.organisator.ch\/human-resources\/fit_im_job\/2019-10-22\/neuer-lehrgang-zu-mobbing-sexueller-belaestigung-und-diskriminierung\/#primaryimage"},"image":{"@id":"https:\/\/www.organisator.ch\/human-resources\/fit_im_job\/2019-10-22\/neuer-lehrgang-zu-mobbing-sexueller-belaestigung-und-diskriminierung\/#primaryimage"},"thumbnailUrl":"https:\/\/www.organisator.ch\/wp-content\/uploads\/2019\/10\/Neuer-Lehrgang-zu-Mobbing-sexueller-Belaestigung-und-Diskriminierung_Organisator.jpg","datePublished":"2019-10-22T07:42:27+00:00","description":"Le secteur du nettoyage poursuit son offensive en mati\u00e8re de formation. Un nouveau cours sur le harc\u00e8lement moral, le harc\u00e8lement sexuel et la discrimination a \u00e9t\u00e9 cr\u00e9\u00e9.","breadcrumb":{"@id":"https:\/\/www.organisator.ch\/human-resources\/fit_im_job\/2019-10-22\/neuer-lehrgang-zu-mobbing-sexueller-belaestigung-und-diskriminierung\/#breadcrumb"},"inLanguage":"fr-FR","potentialAction":[{"@type":"ReadAction","target":["https:\/\/www.organisator.ch\/human-resources\/fit_im_job\/2019-10-22\/neuer-lehrgang-zu-mobbing-sexueller-belaestigung-und-diskriminierung\/"]}]},{"@type":"ImageObject","inLanguage":"fr-FR","@id":"https:\/\/www.organisator.ch\/human-resources\/fit_im_job\/2019-10-22\/neuer-lehrgang-zu-mobbing-sexueller-belaestigung-und-diskriminierung\/#primaryimage","url":"https:\/\/www.organisator.ch\/wp-content\/uploads\/2019\/10\/Neuer-Lehrgang-zu-Mobbing-sexueller-Belaestigung-und-Diskriminierung_Organisator.jpg","contentUrl":"https:\/\/www.organisator.ch\/wp-content\/uploads\/2019\/10\/Neuer-Lehrgang-zu-Mobbing-sexueller-Belaestigung-und-Diskriminierung_Organisator.jpg","width":680,"height":454,"caption":"Neuer Lehrgang zu Mobbing, sexueller Bel\u00e4stigung und Diskriminierung in der Reinigungsbranche: Corinne Sch\u00e4rer erl\u00e4utert die Beweggr\u00fcnde. (Bild: zVg)"},{"@type":"BreadcrumbList","@id":"https:\/\/www.organisator.ch\/human-resources\/fit_im_job\/2019-10-22\/neuer-lehrgang-zu-mobbing-sexueller-belaestigung-und-diskriminierung\/#breadcrumb","itemListElement":[{"@type":"ListItem","position":1,"name":"Home","item":"https:\/\/www.organisator.ch\/"},{"@type":"ListItem","position":2,"name":"Neuer Lehrgang zu Mobbing, sexueller Bel\u00e4stigung und Diskriminierung"}]},{"@type":"WebSite","@id":"https:\/\/www.organisator.ch\/#website","url":"https:\/\/www.organisator.ch\/","name":"Organisateur","description":"Comp\u00e9tence et comp\u00e9tence. Proches de la pratique. L'ORGANISATEUR pr\u00e9pare 10 num\u00e9ros par an sur les th\u00e8mes essentiels pour les dirigeants de PME.","publisher":{"@id":"https:\/\/www.organisator.ch\/#organization"},"potentialAction":[{"@type":"SearchAction","target":{"@type":"EntryPoint","urlTemplate":"https:\/\/www.organisator.ch\/?s={search_term_string}"},"query-input":{"@type":"PropertyValueSpecification","valueRequired":true,"valueName":"search_term_string"}}],"inLanguage":"fr-FR"},{"@type":"Organization","@id":"https:\/\/www.organisator.ch\/#organization","name":"Organisateur","url":"https:\/\/www.organisator.ch\/","logo":{"@type":"ImageObject","inLanguage":"fr-FR","@id":"https:\/\/www.organisator.ch\/#\/schema\/logo\/image\/","url":"https:\/\/www.organisator.ch\/wp-content\/uploads\/2022\/01\/Logo_Organisator_Website.png","contentUrl":"https:\/\/www.organisator.ch\/wp-content\/uploads\/2022\/01\/Logo_Organisator_Website.png","width":800,"height":77,"caption":"Organisator"},"image":{"@id":"https:\/\/www.organisator.ch\/#\/schema\/logo\/image\/"},"sameAs":["https:\/\/www.facebook.com\/OrganisatorFachmagazin","https:\/\/www.linkedin.com\/showcase\/organisator-das-magazin-fr-kmu","https:\/\/www.xing.com\/news\/pages\/organisator-ch-695","https:\/\/www.youtube.com\/channel\/UCGP2Sq0iWaZwT3BdIAQFYpw"]},{"@type":"Person","@id":"https:\/\/www.organisator.ch\/#\/schema\/person\/6f650f90b2842cd4c0cc334b4e36f67e","name":"thomas.berner","image":{"@type":"ImageObject","inLanguage":"fr-FR","@id":"https:\/\/secure.gravatar.com\/avatar\/ac5001d2a36cb6c6cd3e50789007ffca834b477b74a2144564522e944eabff61?s=96&d=mm&r=g","url":"https:\/\/secure.gravatar.com\/avatar\/ac5001d2a36cb6c6cd3e50789007ffca834b477b74a2144564522e944eabff61?s=96&d=mm&r=g","contentUrl":"https:\/\/secure.gravatar.com\/avatar\/ac5001d2a36cb6c6cd3e50789007ffca834b477b74a2144564522e944eabff61?s=96&d=mm&r=g","caption":"thomas.berner"},"url":"https:\/\/www.organisator.ch\/fr\/author\/thomas-berner\/"}]}},"_links":{"self":[{"href":"https:\/\/www.organisator.ch\/fr\/wp-json\/wp\/v2\/posts\/5940","targetHints":{"allow":["GET"]}}],"collection":[{"href":"https:\/\/www.organisator.ch\/fr\/wp-json\/wp\/v2\/posts"}],"about":[{"href":"https:\/\/www.organisator.ch\/fr\/wp-json\/wp\/v2\/types\/post"}],"author":[{"embeddable":true,"href":"https:\/\/www.organisator.ch\/fr\/wp-json\/wp\/v2\/users\/4"}],"replies":[{"embeddable":true,"href":"https:\/\/www.organisator.ch\/fr\/wp-json\/wp\/v2\/comments?post=5940"}],"version-history":[{"count":0,"href":"https:\/\/www.organisator.ch\/fr\/wp-json\/wp\/v2\/posts\/5940\/revisions"}],"wp:featuredmedia":[{"embeddable":true,"href":"https:\/\/www.organisator.ch\/fr\/wp-json\/wp\/v2\/media\/5941"}],"wp:attachment":[{"href":"https:\/\/www.organisator.ch\/fr\/wp-json\/wp\/v2\/media?parent=5940"}],"wp:term":[{"taxonomy":"category","embeddable":true,"href":"https:\/\/www.organisator.ch\/fr\/wp-json\/wp\/v2\/categories?post=5940"},{"taxonomy":"post_tag","embeddable":true,"href":"https:\/\/www.organisator.ch\/fr\/wp-json\/wp\/v2\/tags?post=5940"}],"curies":[{"name":"wp","href":"https:\/\/api.w.org\/{rel}","templated":true}]}}