{"id":5943,"date":"2019-10-22T12:04:30","date_gmt":"2019-10-22T10:04:30","guid":{"rendered":"https:\/\/www.organisator.ch\/?p=5943"},"modified":"2019-10-22T12:04:30","modified_gmt":"2019-10-22T10:04:30","slug":"arbeitswelt-4-0-der-wandel-findet-ohne-die-mitarbeitenden-statt","status":"publish","type":"post","link":"https:\/\/www.organisator.ch\/fr\/management\/2019-10-22\/arbeitswelt-4-0-der-wandel-findet-ohne-die-mitarbeitenden-statt\/","title":{"rendered":"Monde du travail 4.0 : le changement se fait sans les collaborateurs"},"content":{"rendered":"<figure id=\"attachment_5944\" aria-describedby=\"caption-attachment-5944\" style=\"width: 680px\" class=\"wp-caption alignnone\"><img loading=\"lazy\" decoding=\"async\" class=\"size-medium wp-image-5944\" src=\"https:\/\/www.organisator.ch\/wp-content\/uploads\/2019\/10\/Arbeitswelt-4-0-Der-Wandel-findet-ohne-die-Mitarbeitenden-statt_Organisator.jpg\" alt=\"\" width=\"680\" height=\"385\" srcset=\"https:\/\/www.organisator.ch\/wp-content\/uploads\/2019\/10\/Arbeitswelt-4-0-Der-Wandel-findet-ohne-die-Mitarbeitenden-statt_Organisator.jpg 680w, https:\/\/www.organisator.ch\/wp-content\/uploads\/2019\/10\/Arbeitswelt-4-0-Der-Wandel-findet-ohne-die-Mitarbeitenden-statt_Organisator-16x9.jpg 16w, https:\/\/www.organisator.ch\/wp-content\/uploads\/2019\/10\/Arbeitswelt-4-0-Der-Wandel-findet-ohne-die-Mitarbeitenden-statt_Organisator-309x175.jpg 309w, https:\/\/www.organisator.ch\/wp-content\/uploads\/2019\/10\/Arbeitswelt-4-0-Der-Wandel-findet-ohne-die-Mitarbeitenden-statt_Organisator-618x350.jpg 618w, https:\/\/www.organisator.ch\/wp-content\/uploads\/2019\/10\/Arbeitswelt-4-0-Der-Wandel-findet-ohne-die-Mitarbeitenden-statt_Organisator-300x170.jpg 300w\" sizes=\"auto, (max-width: 680px) 100vw, 680px\" \/><figcaption id=\"caption-attachment-5944\" class=\"wp-caption-text\">Une nouvelle \u00e9tude sur le monde du travail 4.0 le montre : La transformation se fait sans les collaborateurs. (Image : zVg)<\/figcaption><\/figure>\n<p>Apr\u00e8s la premi\u00e8re grande \u00e9tude suisse sur la transformation num\u00e9rique il y a deux ans, le deuxi\u00e8me volume de recherche sur le monde du travail 4.0 est maintenant disponible. Les auteurs de la Haute \u00e9cole d'\u00e9conomie FHNW et de la Haute \u00e9cole de psychologie appliqu\u00e9e FHNW ainsi que du Future Work Group ont analys\u00e9 l'\u00e9tat du New Work par le biais d'une \u00e9tude \u00e0 grande \u00e9chelle avec 1'144 participants.<\/p>\n<h2>Pas de strat\u00e9gie pour le monde du travail 4.0<\/h2>\n<p>Les principales conclusions de l'\u00e9tude sont les suivantes :<\/p>\n<ul>\n<li>Seules 12% des entreprises interrog\u00e9es ont d\u00e9j\u00e0 atteint un stade avanc\u00e9 en mati\u00e8re de New Work ; 45% des entreprises sont en cours de transformation et 43% n'en sont qu'au d\u00e9but.<\/li>\n<li>76% des entreprises ne disposent pas d'une strat\u00e9gie sur le New Work ou celle-ci n'est pas connue des collaborateurs.<\/li>\n<li>58% des entreprises n'impliquent pas les collaborateurs dans la conception du monde du travail 4.0.<\/li>\n<li>Les principales barri\u00e8res pour les entreprises sont le manque de connaissances\/de savoir-faire (42%), les structures de gestion et d'organisation existantes, parfois rigides (41%), et les conflits avec d'autres priorit\u00e9s de l'entreprise (35%).<\/li>\n<li>Les principales raisons du New Work sont la pression de l'innovation (66%), une meilleure communication interne (64%) et l'obtention d'une plus grande flexibilit\u00e9 (55%).<\/li>\n<\/ul>\n<h2>New Work comme initiative strat\u00e9gique<\/h2>\n<p>L'\u00e9tude montre que le monde du travail 4.0 fait partie int\u00e9grante de la transformation num\u00e9rique des entreprises. Le New Work peut \u00eatre d\u00e9crit comme une initiative strat\u00e9gique qui lib\u00e8re le potentiel des processus optimis\u00e9s, de l'automatisation, du renforcement de la collaboration et de la mise en r\u00e9seau ainsi que de l'utilisation des technologies dans le contexte des personnes et en particulier des collaborateurs. Les trois dimensions People (collaborateurs), Place (environnement de travail) et Technology (technologies) sont au c\u0153ur du New Work.<\/p>\n<p>Selon le responsable de l'\u00e9tude, le professeur Marc K. Peter de l'Institute for Competitiveness and Communication de la Hochschule f\u00fcr Wirtschaft FHNW, chaque dimension a ses particularit\u00e9s. Dans la dimension People, les th\u00e8mes de la culture d'entreprise et de direction, de la collaboration, de la r\u00e9putation de l'employeur ainsi que de la formation et du perfectionnement des collaborateurs sont fortement pond\u00e9r\u00e9s. Dans l'environnement de travail moderne (Place), le besoin d'horaires de travail flexibles est pr\u00e9sent et dans la dimension technologique (Technology), des investissements cibl\u00e9s en mat\u00e9riel et en logiciels soutiennent la transformation vers le monde du travail 4.0.<\/p>\n<p><em>Le projet de recherche a \u00e9t\u00e9 soutenu entre autres par Promotion Sant\u00e9 Suisse, Sedus Stoll, Sharp Electronics et Lenovo. Les r\u00e9sultats de l'\u00e9tude ainsi que le guide pratique sur le monde du travail 4.0 sont disponibles gratuitement en format PDF sur <a href=\"http:\/\/www.arbeitswelt-zukunft.ch\">www.arbeitswelt-zukunft.ch<\/a><\/em><\/p>","protected":false},"excerpt":{"rendered":"<p>Nach der ersten grossen Schweizer Studie zur digitalen Transformation vor zwei Jahren liegt nun der zweite Forschungsband zur Arbeitswelt 4.0 vor. Autorinnen und Autoren der Hochschule f\u00fcr Wirtschaft FHNW und der Hochschule f\u00fcr Angewandte Psychologie FHNW sowie der Future Work Group untersuchten den Stand von New Work durch eine breit angelegte Studie mit 1&#8217;144 Teilnehmenden. [&hellip;]<\/p>\n","protected":false},"author":4,"featured_media":5944,"comment_status":"closed","ping_status":"closed","sticky":false,"template":"","format":"standard","meta":{"_acf_changed":false,"_yoast_wpseo_focuskw":"Arbeitswelt 4.0","_yoast_wpseo_metadesc":"Eine Studie der FHNW zeigt, dass die Arbeitswelt 4.0 (auch \u00abNew Work\u00bb genannt) wichtiger Bestandteil der digitalen Transformation von Unternehmen ist.","articlekey":"","footnotes":""},"categories":[28],"tags":[156,335,363,459,533],"class_list":["post-5943","post","type-post","status-publish","format-standard","has-post-thumbnail","hentry","category-management","tag-digitalisierung","tag-management-und-unternehmensfuehrung","tag-new-work","tag-studie","tag-wissenschaft"],"acf":[],"yoast_head":"<!-- This site is optimized with the Yoast SEO plugin v27.4 - https:\/\/yoast.com\/product\/yoast-seo-wordpress\/ -->\n<title>Arbeitswelt 4.0: Der Wandel findet ohne die Mitarbeitenden statt - Organisator<\/title>\n<meta name=\"description\" content=\"Eine Studie der FHNW zeigt, dass die Arbeitswelt 4.0 (auch \u00abNew Work\u00bb genannt) wichtiger Bestandteil der digitalen Transformation von Unternehmen ist.\" \/>\n<meta name=\"robots\" content=\"index, follow, max-snippet:-1, max-image-preview:large, max-video-preview:-1\" \/>\n<link rel=\"canonical\" href=\"https:\/\/www.organisator.ch\/fr\/gestion-2\/2019-10-22\/arbeitswelt-4-0-der-wandel-findet-ohne-die-mitarbeitenden-statt\/\" \/>\n<meta property=\"og:locale\" content=\"fr_FR\" \/>\n<meta property=\"og:type\" content=\"article\" \/>\n<meta property=\"og:title\" content=\"Arbeitswelt 4.0: Der Wandel findet ohne die Mitarbeitenden statt\" \/>\n<meta property=\"og:description\" content=\"Eine Studie der FHNW zeigt, dass die Arbeitswelt 4.0 (auch \u00abNew Work\u00bb genannt) wichtiger Bestandteil der digitalen Transformation von Unternehmen ist.\" \/>\n<meta property=\"og:url\" content=\"https:\/\/www.organisator.ch\/fr\/gestion-2\/2019-10-22\/arbeitswelt-4-0-der-wandel-findet-ohne-die-mitarbeitenden-statt\/\" \/>\n<meta property=\"og:site_name\" content=\"Organisator\" \/>\n<meta property=\"article:publisher\" content=\"https:\/\/www.facebook.com\/OrganisatorFachmagazin\" \/>\n<meta property=\"article:published_time\" content=\"2019-10-22T10:04:30+00:00\" \/>\n<meta property=\"og:image\" content=\"https:\/\/www.organisator.ch\/wp-content\/uploads\/2019\/10\/Arbeitswelt-4-0-Der-Wandel-findet-ohne-die-Mitarbeitenden-statt_Organisator.jpg\" \/>\n\t<meta property=\"og:image:width\" content=\"680\" \/>\n\t<meta property=\"og:image:height\" content=\"385\" \/>\n\t<meta property=\"og:image:type\" content=\"image\/jpeg\" \/>\n<meta name=\"author\" content=\"thomas.berner\" \/>\n<meta name=\"twitter:card\" content=\"summary_large_image\" \/>\n<meta name=\"twitter:title\" content=\"Arbeitswelt 4.0: Der #Wandel findet ohne die #Mitarbeitenden statt\" \/>\n<meta name=\"twitter:description\" content=\"Eine Studie der #FHNW zeigt, dass die Arbeitswelt 4.0 (auch \u00abNew Work\u00bb genannt) wichtiger Bestandteil der digitalen Transformation von Unternehmen ist.\" \/>\n<meta name=\"twitter:image\" content=\"https:\/\/www.organisator.ch\/wp-content\/uploads\/2019\/10\/Arbeitswelt-4-0-Der-Wandel-findet-ohne-die-Mitarbeitenden-statt_Organisator.jpg\" \/>\n<script type=\"application\/ld+json\" class=\"yoast-schema-graph\">{\"@context\":\"https:\\\/\\\/schema.org\",\"@graph\":[{\"@type\":\"Article\",\"@id\":\"https:\\\/\\\/www.organisator.ch\\\/management\\\/2019-10-22\\\/arbeitswelt-4-0-der-wandel-findet-ohne-die-mitarbeitenden-statt\\\/#article\",\"isPartOf\":{\"@id\":\"https:\\\/\\\/www.organisator.ch\\\/management\\\/2019-10-22\\\/arbeitswelt-4-0-der-wandel-findet-ohne-die-mitarbeitenden-statt\\\/\"},\"author\":{\"name\":\"thomas.berner\",\"@id\":\"https:\\\/\\\/www.organisator.ch\\\/#\\\/schema\\\/person\\\/6f650f90b2842cd4c0cc334b4e36f67e\"},\"headline\":\"Arbeitswelt 4.0: Der Wandel findet ohne die Mitarbeitenden statt\",\"datePublished\":\"2019-10-22T10:04:30+00:00\",\"mainEntityOfPage\":{\"@id\":\"https:\\\/\\\/www.organisator.ch\\\/management\\\/2019-10-22\\\/arbeitswelt-4-0-der-wandel-findet-ohne-die-mitarbeitenden-statt\\\/\"},\"wordCount\":378,\"publisher\":{\"@id\":\"https:\\\/\\\/www.organisator.ch\\\/#organization\"},\"image\":{\"@id\":\"https:\\\/\\\/www.organisator.ch\\\/management\\\/2019-10-22\\\/arbeitswelt-4-0-der-wandel-findet-ohne-die-mitarbeitenden-statt\\\/#primaryimage\"},\"thumbnailUrl\":\"https:\\\/\\\/www.organisator.ch\\\/wp-content\\\/uploads\\\/2019\\\/10\\\/Arbeitswelt-4-0-Der-Wandel-findet-ohne-die-Mitarbeitenden-statt_Organisator.jpg\",\"keywords\":[\"Digitalisierung\",\"Management und Unternehmensf\u00fchrung\",\"New Work\",\"Studie\",\"Wissenschaft\"],\"articleSection\":[\"MANAGEMENT\"],\"inLanguage\":\"fr-FR\"},{\"@type\":\"WebPage\",\"@id\":\"https:\\\/\\\/www.organisator.ch\\\/management\\\/2019-10-22\\\/arbeitswelt-4-0-der-wandel-findet-ohne-die-mitarbeitenden-statt\\\/\",\"url\":\"https:\\\/\\\/www.organisator.ch\\\/management\\\/2019-10-22\\\/arbeitswelt-4-0-der-wandel-findet-ohne-die-mitarbeitenden-statt\\\/\",\"name\":\"Arbeitswelt 4.0: Der Wandel findet ohne die Mitarbeitenden statt - Organisator\",\"isPartOf\":{\"@id\":\"https:\\\/\\\/www.organisator.ch\\\/#website\"},\"primaryImageOfPage\":{\"@id\":\"https:\\\/\\\/www.organisator.ch\\\/management\\\/2019-10-22\\\/arbeitswelt-4-0-der-wandel-findet-ohne-die-mitarbeitenden-statt\\\/#primaryimage\"},\"image\":{\"@id\":\"https:\\\/\\\/www.organisator.ch\\\/management\\\/2019-10-22\\\/arbeitswelt-4-0-der-wandel-findet-ohne-die-mitarbeitenden-statt\\\/#primaryimage\"},\"thumbnailUrl\":\"https:\\\/\\\/www.organisator.ch\\\/wp-content\\\/uploads\\\/2019\\\/10\\\/Arbeitswelt-4-0-Der-Wandel-findet-ohne-die-Mitarbeitenden-statt_Organisator.jpg\",\"datePublished\":\"2019-10-22T10:04:30+00:00\",\"description\":\"Eine Studie der FHNW zeigt, dass die Arbeitswelt 4.0 (auch \u00abNew Work\u00bb genannt) wichtiger Bestandteil der digitalen Transformation von Unternehmen ist.\",\"breadcrumb\":{\"@id\":\"https:\\\/\\\/www.organisator.ch\\\/management\\\/2019-10-22\\\/arbeitswelt-4-0-der-wandel-findet-ohne-die-mitarbeitenden-statt\\\/#breadcrumb\"},\"inLanguage\":\"fr-FR\",\"potentialAction\":[{\"@type\":\"ReadAction\",\"target\":[\"https:\\\/\\\/www.organisator.ch\\\/management\\\/2019-10-22\\\/arbeitswelt-4-0-der-wandel-findet-ohne-die-mitarbeitenden-statt\\\/\"]}]},{\"@type\":\"ImageObject\",\"inLanguage\":\"fr-FR\",\"@id\":\"https:\\\/\\\/www.organisator.ch\\\/management\\\/2019-10-22\\\/arbeitswelt-4-0-der-wandel-findet-ohne-die-mitarbeitenden-statt\\\/#primaryimage\",\"url\":\"https:\\\/\\\/www.organisator.ch\\\/wp-content\\\/uploads\\\/2019\\\/10\\\/Arbeitswelt-4-0-Der-Wandel-findet-ohne-die-Mitarbeitenden-statt_Organisator.jpg\",\"contentUrl\":\"https:\\\/\\\/www.organisator.ch\\\/wp-content\\\/uploads\\\/2019\\\/10\\\/Arbeitswelt-4-0-Der-Wandel-findet-ohne-die-Mitarbeitenden-statt_Organisator.jpg\",\"width\":680,\"height\":385,\"caption\":\"Eine neue Studie zur Arbeitswelt 4.0 zeigt: Die Transformation findet ohne die Mitarbeitenden statt. (Bild: zVg)\"},{\"@type\":\"BreadcrumbList\",\"@id\":\"https:\\\/\\\/www.organisator.ch\\\/management\\\/2019-10-22\\\/arbeitswelt-4-0-der-wandel-findet-ohne-die-mitarbeitenden-statt\\\/#breadcrumb\",\"itemListElement\":[{\"@type\":\"ListItem\",\"position\":1,\"name\":\"Home\",\"item\":\"https:\\\/\\\/www.organisator.ch\\\/\"},{\"@type\":\"ListItem\",\"position\":2,\"name\":\"Arbeitswelt 4.0: Der Wandel findet ohne die Mitarbeitenden statt\"}]},{\"@type\":\"WebSite\",\"@id\":\"https:\\\/\\\/www.organisator.ch\\\/#website\",\"url\":\"https:\\\/\\\/www.organisator.ch\\\/\",\"name\":\"Organisator\",\"description\":\"Kompetent. Praxisnah. Der ORGANISATOR bereitet in 10 Ausgaben pro Jahr die wesentlichen Themen f\u00fcr F\u00fchrungskr\u00e4fte von KMU auf.\",\"publisher\":{\"@id\":\"https:\\\/\\\/www.organisator.ch\\\/#organization\"},\"potentialAction\":[{\"@type\":\"SearchAction\",\"target\":{\"@type\":\"EntryPoint\",\"urlTemplate\":\"https:\\\/\\\/www.organisator.ch\\\/?s={search_term_string}\"},\"query-input\":{\"@type\":\"PropertyValueSpecification\",\"valueRequired\":true,\"valueName\":\"search_term_string\"}}],\"inLanguage\":\"fr-FR\"},{\"@type\":\"Organization\",\"@id\":\"https:\\\/\\\/www.organisator.ch\\\/#organization\",\"name\":\"Organisator\",\"url\":\"https:\\\/\\\/www.organisator.ch\\\/\",\"logo\":{\"@type\":\"ImageObject\",\"inLanguage\":\"fr-FR\",\"@id\":\"https:\\\/\\\/www.organisator.ch\\\/#\\\/schema\\\/logo\\\/image\\\/\",\"url\":\"https:\\\/\\\/www.organisator.ch\\\/wp-content\\\/uploads\\\/2022\\\/01\\\/Logo_Organisator_Website.png\",\"contentUrl\":\"https:\\\/\\\/www.organisator.ch\\\/wp-content\\\/uploads\\\/2022\\\/01\\\/Logo_Organisator_Website.png\",\"width\":800,\"height\":77,\"caption\":\"Organisator\"},\"image\":{\"@id\":\"https:\\\/\\\/www.organisator.ch\\\/#\\\/schema\\\/logo\\\/image\\\/\"},\"sameAs\":[\"https:\\\/\\\/www.facebook.com\\\/OrganisatorFachmagazin\",\"https:\\\/\\\/www.linkedin.com\\\/showcase\\\/organisator-das-magazin-fr-kmu\",\"https:\\\/\\\/www.xing.com\\\/news\\\/pages\\\/organisator-ch-695\",\"https:\\\/\\\/www.youtube.com\\\/channel\\\/UCGP2Sq0iWaZwT3BdIAQFYpw\"]},{\"@type\":\"Person\",\"@id\":\"https:\\\/\\\/www.organisator.ch\\\/#\\\/schema\\\/person\\\/6f650f90b2842cd4c0cc334b4e36f67e\",\"name\":\"thomas.berner\",\"image\":{\"@type\":\"ImageObject\",\"inLanguage\":\"fr-FR\",\"@id\":\"https:\\\/\\\/secure.gravatar.com\\\/avatar\\\/ac5001d2a36cb6c6cd3e50789007ffca834b477b74a2144564522e944eabff61?s=96&d=mm&r=g\",\"url\":\"https:\\\/\\\/secure.gravatar.com\\\/avatar\\\/ac5001d2a36cb6c6cd3e50789007ffca834b477b74a2144564522e944eabff61?s=96&d=mm&r=g\",\"contentUrl\":\"https:\\\/\\\/secure.gravatar.com\\\/avatar\\\/ac5001d2a36cb6c6cd3e50789007ffca834b477b74a2144564522e944eabff61?s=96&d=mm&r=g\",\"caption\":\"thomas.berner\"},\"url\":\"https:\\\/\\\/www.organisator.ch\\\/fr\\\/author\\\/thomas-berner\\\/\"}]}<\/script>\n<!-- \/ Yoast SEO plugin. -->","yoast_head_json":{"title":"Monde du travail 4.0 : le changement se fait sans les collaborateurs - Organisator","description":"Une \u00e9tude de la FHNW montre que le monde du travail 4.0 (\u00e9galement appel\u00e9 \"New Work\") est un \u00e9l\u00e9ment important de la transformation num\u00e9rique des entreprises.","robots":{"index":"index","follow":"follow","max-snippet":"max-snippet:-1","max-image-preview":"max-image-preview:large","max-video-preview":"max-video-preview:-1"},"canonical":"https:\/\/www.organisator.ch\/fr\/gestion-2\/2019-10-22\/arbeitswelt-4-0-der-wandel-findet-ohne-die-mitarbeitenden-statt\/","og_locale":"fr_FR","og_type":"article","og_title":"Arbeitswelt 4.0: Der Wandel findet ohne die Mitarbeitenden statt","og_description":"Eine Studie der FHNW zeigt, dass die Arbeitswelt 4.0 (auch \u00abNew Work\u00bb genannt) wichtiger Bestandteil der digitalen Transformation von Unternehmen ist.","og_url":"https:\/\/www.organisator.ch\/fr\/gestion-2\/2019-10-22\/arbeitswelt-4-0-der-wandel-findet-ohne-die-mitarbeitenden-statt\/","og_site_name":"Organisator","article_publisher":"https:\/\/www.facebook.com\/OrganisatorFachmagazin","article_published_time":"2019-10-22T10:04:30+00:00","og_image":[{"width":680,"height":385,"url":"https:\/\/www.organisator.ch\/wp-content\/uploads\/2019\/10\/Arbeitswelt-4-0-Der-Wandel-findet-ohne-die-Mitarbeitenden-statt_Organisator.jpg","type":"image\/jpeg"}],"author":"thomas.berner","twitter_card":"summary_large_image","twitter_title":"Arbeitswelt 4.0: Der #Wandel findet ohne die #Mitarbeitenden statt","twitter_description":"Eine Studie der #FHNW zeigt, dass die Arbeitswelt 4.0 (auch \u00abNew Work\u00bb genannt) wichtiger Bestandteil der digitalen Transformation von Unternehmen ist.","twitter_image":"https:\/\/www.organisator.ch\/wp-content\/uploads\/2019\/10\/Arbeitswelt-4-0-Der-Wandel-findet-ohne-die-Mitarbeitenden-statt_Organisator.jpg","schema":{"@context":"https:\/\/schema.org","@graph":[{"@type":"Article","@id":"https:\/\/www.organisator.ch\/management\/2019-10-22\/arbeitswelt-4-0-der-wandel-findet-ohne-die-mitarbeitenden-statt\/#article","isPartOf":{"@id":"https:\/\/www.organisator.ch\/management\/2019-10-22\/arbeitswelt-4-0-der-wandel-findet-ohne-die-mitarbeitenden-statt\/"},"author":{"name":"thomas.berner","@id":"https:\/\/www.organisator.ch\/#\/schema\/person\/6f650f90b2842cd4c0cc334b4e36f67e"},"headline":"Arbeitswelt 4.0: Der Wandel findet ohne die Mitarbeitenden statt","datePublished":"2019-10-22T10:04:30+00:00","mainEntityOfPage":{"@id":"https:\/\/www.organisator.ch\/management\/2019-10-22\/arbeitswelt-4-0-der-wandel-findet-ohne-die-mitarbeitenden-statt\/"},"wordCount":378,"publisher":{"@id":"https:\/\/www.organisator.ch\/#organization"},"image":{"@id":"https:\/\/www.organisator.ch\/management\/2019-10-22\/arbeitswelt-4-0-der-wandel-findet-ohne-die-mitarbeitenden-statt\/#primaryimage"},"thumbnailUrl":"https:\/\/www.organisator.ch\/wp-content\/uploads\/2019\/10\/Arbeitswelt-4-0-Der-Wandel-findet-ohne-die-Mitarbeitenden-statt_Organisator.jpg","keywords":["Digitalisierung","Management und Unternehmensf\u00fchrung","New Work","Studie","Wissenschaft"],"articleSection":["MANAGEMENT"],"inLanguage":"fr-FR"},{"@type":"WebPage","@id":"https:\/\/www.organisator.ch\/management\/2019-10-22\/arbeitswelt-4-0-der-wandel-findet-ohne-die-mitarbeitenden-statt\/","url":"https:\/\/www.organisator.ch\/management\/2019-10-22\/arbeitswelt-4-0-der-wandel-findet-ohne-die-mitarbeitenden-statt\/","name":"Monde du travail 4.0 : le changement se fait sans les collaborateurs - Organisator","isPartOf":{"@id":"https:\/\/www.organisator.ch\/#website"},"primaryImageOfPage":{"@id":"https:\/\/www.organisator.ch\/management\/2019-10-22\/arbeitswelt-4-0-der-wandel-findet-ohne-die-mitarbeitenden-statt\/#primaryimage"},"image":{"@id":"https:\/\/www.organisator.ch\/management\/2019-10-22\/arbeitswelt-4-0-der-wandel-findet-ohne-die-mitarbeitenden-statt\/#primaryimage"},"thumbnailUrl":"https:\/\/www.organisator.ch\/wp-content\/uploads\/2019\/10\/Arbeitswelt-4-0-Der-Wandel-findet-ohne-die-Mitarbeitenden-statt_Organisator.jpg","datePublished":"2019-10-22T10:04:30+00:00","description":"Une \u00e9tude de la FHNW montre que le monde du travail 4.0 (\u00e9galement appel\u00e9 \"New Work\") est un \u00e9l\u00e9ment important de la transformation num\u00e9rique des entreprises.","breadcrumb":{"@id":"https:\/\/www.organisator.ch\/management\/2019-10-22\/arbeitswelt-4-0-der-wandel-findet-ohne-die-mitarbeitenden-statt\/#breadcrumb"},"inLanguage":"fr-FR","potentialAction":[{"@type":"ReadAction","target":["https:\/\/www.organisator.ch\/management\/2019-10-22\/arbeitswelt-4-0-der-wandel-findet-ohne-die-mitarbeitenden-statt\/"]}]},{"@type":"ImageObject","inLanguage":"fr-FR","@id":"https:\/\/www.organisator.ch\/management\/2019-10-22\/arbeitswelt-4-0-der-wandel-findet-ohne-die-mitarbeitenden-statt\/#primaryimage","url":"https:\/\/www.organisator.ch\/wp-content\/uploads\/2019\/10\/Arbeitswelt-4-0-Der-Wandel-findet-ohne-die-Mitarbeitenden-statt_Organisator.jpg","contentUrl":"https:\/\/www.organisator.ch\/wp-content\/uploads\/2019\/10\/Arbeitswelt-4-0-Der-Wandel-findet-ohne-die-Mitarbeitenden-statt_Organisator.jpg","width":680,"height":385,"caption":"Eine neue Studie zur Arbeitswelt 4.0 zeigt: Die Transformation findet ohne die Mitarbeitenden statt. (Bild: zVg)"},{"@type":"BreadcrumbList","@id":"https:\/\/www.organisator.ch\/management\/2019-10-22\/arbeitswelt-4-0-der-wandel-findet-ohne-die-mitarbeitenden-statt\/#breadcrumb","itemListElement":[{"@type":"ListItem","position":1,"name":"Home","item":"https:\/\/www.organisator.ch\/"},{"@type":"ListItem","position":2,"name":"Arbeitswelt 4.0: Der Wandel findet ohne die Mitarbeitenden statt"}]},{"@type":"WebSite","@id":"https:\/\/www.organisator.ch\/#website","url":"https:\/\/www.organisator.ch\/","name":"Organisateur","description":"Comp\u00e9tence et comp\u00e9tence. Proches de la pratique. L'ORGANISATEUR pr\u00e9pare 10 num\u00e9ros par an sur les th\u00e8mes essentiels pour les dirigeants de PME.","publisher":{"@id":"https:\/\/www.organisator.ch\/#organization"},"potentialAction":[{"@type":"SearchAction","target":{"@type":"EntryPoint","urlTemplate":"https:\/\/www.organisator.ch\/?s={search_term_string}"},"query-input":{"@type":"PropertyValueSpecification","valueRequired":true,"valueName":"search_term_string"}}],"inLanguage":"fr-FR"},{"@type":"Organization","@id":"https:\/\/www.organisator.ch\/#organization","name":"Organisateur","url":"https:\/\/www.organisator.ch\/","logo":{"@type":"ImageObject","inLanguage":"fr-FR","@id":"https:\/\/www.organisator.ch\/#\/schema\/logo\/image\/","url":"https:\/\/www.organisator.ch\/wp-content\/uploads\/2022\/01\/Logo_Organisator_Website.png","contentUrl":"https:\/\/www.organisator.ch\/wp-content\/uploads\/2022\/01\/Logo_Organisator_Website.png","width":800,"height":77,"caption":"Organisator"},"image":{"@id":"https:\/\/www.organisator.ch\/#\/schema\/logo\/image\/"},"sameAs":["https:\/\/www.facebook.com\/OrganisatorFachmagazin","https:\/\/www.linkedin.com\/showcase\/organisator-das-magazin-fr-kmu","https:\/\/www.xing.com\/news\/pages\/organisator-ch-695","https:\/\/www.youtube.com\/channel\/UCGP2Sq0iWaZwT3BdIAQFYpw"]},{"@type":"Person","@id":"https:\/\/www.organisator.ch\/#\/schema\/person\/6f650f90b2842cd4c0cc334b4e36f67e","name":"thomas.berner","image":{"@type":"ImageObject","inLanguage":"fr-FR","@id":"https:\/\/secure.gravatar.com\/avatar\/ac5001d2a36cb6c6cd3e50789007ffca834b477b74a2144564522e944eabff61?s=96&d=mm&r=g","url":"https:\/\/secure.gravatar.com\/avatar\/ac5001d2a36cb6c6cd3e50789007ffca834b477b74a2144564522e944eabff61?s=96&d=mm&r=g","contentUrl":"https:\/\/secure.gravatar.com\/avatar\/ac5001d2a36cb6c6cd3e50789007ffca834b477b74a2144564522e944eabff61?s=96&d=mm&r=g","caption":"thomas.berner"},"url":"https:\/\/www.organisator.ch\/fr\/author\/thomas-berner\/"}]}},"_links":{"self":[{"href":"https:\/\/www.organisator.ch\/fr\/wp-json\/wp\/v2\/posts\/5943","targetHints":{"allow":["GET"]}}],"collection":[{"href":"https:\/\/www.organisator.ch\/fr\/wp-json\/wp\/v2\/posts"}],"about":[{"href":"https:\/\/www.organisator.ch\/fr\/wp-json\/wp\/v2\/types\/post"}],"author":[{"embeddable":true,"href":"https:\/\/www.organisator.ch\/fr\/wp-json\/wp\/v2\/users\/4"}],"replies":[{"embeddable":true,"href":"https:\/\/www.organisator.ch\/fr\/wp-json\/wp\/v2\/comments?post=5943"}],"version-history":[{"count":0,"href":"https:\/\/www.organisator.ch\/fr\/wp-json\/wp\/v2\/posts\/5943\/revisions"}],"wp:featuredmedia":[{"embeddable":true,"href":"https:\/\/www.organisator.ch\/fr\/wp-json\/wp\/v2\/media\/5944"}],"wp:attachment":[{"href":"https:\/\/www.organisator.ch\/fr\/wp-json\/wp\/v2\/media?parent=5943"}],"wp:term":[{"taxonomy":"category","embeddable":true,"href":"https:\/\/www.organisator.ch\/fr\/wp-json\/wp\/v2\/categories?post=5943"},{"taxonomy":"post_tag","embeddable":true,"href":"https:\/\/www.organisator.ch\/fr\/wp-json\/wp\/v2\/tags?post=5943"}],"curies":[{"name":"wp","href":"https:\/\/api.w.org\/{rel}","templated":true}]}}