{"id":598,"date":"2016-12-02T16:46:43","date_gmt":"2016-12-02T15:46:43","guid":{"rendered":"https:\/\/dev.umweltperspektiven.ch\/?p=598"},"modified":"2022-02-09T11:06:22","modified_gmt":"2022-02-09T10:06:22","slug":"bundesrat-senkt-kev-saetze","status":"publish","type":"post","link":"https:\/\/www.organisator.ch\/fr\/sustainability\/2016-12-02\/bundesrat-senkt-kev-saetze\/","title":{"rendered":"Le Conseil f\u00e9d\u00e9ral baisse les taux de la RPC"},"content":{"rendered":"<figure id=\"attachment_599\" aria-describedby=\"caption-attachment-599\" style=\"width: 680px\" class=\"wp-caption alignnone\"><a href=\"\/\/dev.umweltperspektiven.ch\/wp-content\/uploads\/2016\/12\/Bundesrat-senkt-KEV-S\u00e4tze-umweltperspektiven.jpg\"><img loading=\"lazy\" decoding=\"async\" class=\"size-medium wp-image-599\" src=\"\/\/dev.umweltperspektiven.ch\/wp-content\/uploads\/2016\/12\/Bundesrat-senkt-KEV-S\u00e4tze-umweltperspektiven.jpg\" alt=\"Photovolta\u00efque : les taux de r\u00e9mun\u00e9ration seront \u00e0 nouveau r\u00e9duits en 2017.\" width=\"680\" height=\"454\" \/><\/a><figcaption id=\"caption-attachment-599\" class=\"wp-caption-text\">Photovolta\u00efque : les taux de r\u00e9mun\u00e9ration seront \u00e0 nouveau r\u00e9duits en 2017.<\/figcaption><\/figure>\n<p>Mauvaise nouvelle pour les exploitants d'installations photovolta\u00efques : les taux de r\u00e9tribution devraient \u00e0 nouveau \u00eatre massivement r\u00e9duits en 2017. Le taux de r\u00e9tribution du photovolta\u00efque sera r\u00e9duit jusqu'\u00e0 28% en deux \u00e9tapes, le 1er avril et le 1er octobre 2017, et s'\u00e9l\u00e8vera alors uniform\u00e9ment \u00e0 13,7 centimes pour les installations rapport\u00e9es et ind\u00e9pendantes et \u00e0 15,8 centimes pour les installations int\u00e9gr\u00e9es.<\/p>\n<p>La r\u00e9tribution unique pour les installations photovolta\u00efques d'une puissance maximale de 30 kW sera abaiss\u00e9e en deux \u00e9tapes au 1er avril 2017 et au 1er avril 2018. Pour les installations int\u00e9gr\u00e9es et ind\u00e9pendantes, la contribution de base reste inchang\u00e9e, la contribution de puissance est r\u00e9duite de 100 francs\/kW au total au cours des deux \u00e9tapes. Pour les installations int\u00e9gr\u00e9es, la contribution de base diminue de 200 francs et la contribution \u00e0 la puissance diminue en deux \u00e9tapes de 150 francs\/kW au total.<\/p>\n<p>Les nouveaux taux de r\u00e9tribution RPC et les r\u00e9tributions uniques s'appliquent aux installations mises en service apr\u00e8s l'entr\u00e9e en vigueur de la pr\u00e9sente r\u00e9vision de l'ordonnance.<\/p>\n<p><strong>Petite hydro\u00e9lectricit\u00e9 : bonus d'am\u00e9nagement hydraulique et redevances de base concern\u00e9s<\/strong><\/p>\n<p>Les petites centrales hydro\u00e9lectriques sont \u00e9galement concern\u00e9es. Celles-ci b\u00e9n\u00e9ficieront d\u00e8s le 1er janvier 2017 d'une baisse de la r\u00e9tribution de base pouvant aller jusqu'\u00e0 18% et d'une baisse du bonus hydraulique pouvant aller jusqu'\u00e0 50%. Les nouveaux taux de r\u00e9mun\u00e9ration s'appliquent aux installations mises en service apr\u00e8s l'entr\u00e9e en vigueur de la pr\u00e9sente r\u00e9vision de l'ordonnance. Ne sont pas concern\u00e9s les exploitants d'installations mises en service \u00e0 partir du 1er janvier 2017, mais qui ont re\u00e7u une d\u00e9cision positive avant cette date et qui ont envoy\u00e9 la premi\u00e8re d\u00e9claration compl\u00e8te d'avancement du projet.<\/p>\n<p>Le 2 d\u00e9cembre 2016, le Conseil f\u00e9d\u00e9ral a fix\u00e9 ces modifications et d'autres dans une r\u00e9vision de l'ordonnance sur l'\u00e9nergie qui entrera en vigueur le 1er janvier 2017.<\/p>\n<p><em>Source : Conseil f\u00e9d\u00e9ral\/DETEC\/OFEN<\/em><\/p>","protected":false},"excerpt":{"rendered":"<p>Schlechte Nachrichten f\u00fcr Betreiber von PV-Anlagen: Die Verg\u00fctungss\u00e4tze sollen 2017 erneut massiv gesenkt werden. Der Photovoltaik-Verg\u00fctungssatz wird in zwei Schritten per 1. April und per 1. Oktober 2017 um bis zu 28 Prozent gesenkt und liegt ab dann f\u00fcr angebaute und freistehende Anlagen einheitlich bei 13,7 Rappen und f\u00fcr integrierte Anlagen bei 15,8 Rappen. Die [&hellip;]<\/p>\n","protected":false},"author":1,"featured_media":599,"comment_status":"open","ping_status":"open","sticky":false,"template":"","format":"standard","meta":{"_acf_changed":false,"_yoast_wpseo_focuskw":"Bundesrat","_yoast_wpseo_metadesc":"Betreiber von PV-Anlagen und Kleinwasserkraftwerken erhalten k\u00fcnftig deutlich tiefere S\u00e4tze aus der kostendeckenden Einspeiseverg\u00fctung (KEV).","articlekey":"","footnotes":""},"categories":[580],"tags":[100,1486,1908,2451,2519],"class_list":["post-598","post","type-post","status-publish","format-standard","has-post-thumbnail","hentry","category-sustainability","tag-bundesrat","tag-kev","tag-photovoltaik","tag-verguetung","tag-wasserkraft"],"acf":[],"yoast_head":"<!-- This site is optimized with the Yoast SEO plugin v27.4 - https:\/\/yoast.com\/product\/yoast-seo-wordpress\/ -->\n<title>Bundesrat senkt KEV-S\u00e4tze - Organisator<\/title>\n<meta name=\"description\" content=\"Betreiber von PV-Anlagen und Kleinwasserkraftwerken erhalten k\u00fcnftig deutlich tiefere S\u00e4tze aus der kostendeckenden Einspeiseverg\u00fctung (KEV).\" \/>\n<meta name=\"robots\" content=\"index, follow, max-snippet:-1, max-image-preview:large, max-video-preview:-1\" \/>\n<link rel=\"canonical\" href=\"https:\/\/www.organisator.ch\/fr\/sustainability\/2016-12-02\/bundesrat-senkt-kev-saetze\/\" \/>\n<meta property=\"og:locale\" content=\"fr_FR\" \/>\n<meta property=\"og:type\" content=\"article\" \/>\n<meta property=\"og:title\" content=\"Bundesrat senkt KEV-S\u00e4tze - Organisator\" \/>\n<meta property=\"og:description\" content=\"Betreiber von PV-Anlagen und Kleinwasserkraftwerken erhalten k\u00fcnftig deutlich tiefere S\u00e4tze aus der kostendeckenden Einspeiseverg\u00fctung (KEV).\" \/>\n<meta property=\"og:url\" content=\"https:\/\/www.organisator.ch\/fr\/sustainability\/2016-12-02\/bundesrat-senkt-kev-saetze\/\" \/>\n<meta property=\"og:site_name\" content=\"Organisator\" \/>\n<meta property=\"article:publisher\" content=\"https:\/\/www.facebook.com\/OrganisatorFachmagazin\" \/>\n<meta property=\"article:published_time\" content=\"2016-12-02T15:46:43+00:00\" \/>\n<meta property=\"article:modified_time\" content=\"2022-02-09T10:06:22+00:00\" \/>\n<meta property=\"og:image\" content=\"https:\/\/www.organisator.ch\/wp-content\/uploads\/2016\/12\/Bundesrat-senkt-KEV-Saetze-umweltperspektiven.jpg\" \/>\n\t<meta property=\"og:image:width\" content=\"1000\" \/>\n\t<meta property=\"og:image:height\" content=\"667\" \/>\n\t<meta property=\"og:image:type\" content=\"image\/jpeg\" \/>\n<meta name=\"author\" content=\"admin\" \/>\n<meta name=\"twitter:card\" content=\"summary_large_image\" \/>\n<script type=\"application\/ld+json\" class=\"yoast-schema-graph\">{\"@context\":\"https:\\\/\\\/schema.org\",\"@graph\":[{\"@type\":\"Article\",\"@id\":\"https:\\\/\\\/www.organisator.ch\\\/sustainability\\\/2016-12-02\\\/bundesrat-senkt-kev-saetze\\\/#article\",\"isPartOf\":{\"@id\":\"https:\\\/\\\/www.organisator.ch\\\/sustainability\\\/2016-12-02\\\/bundesrat-senkt-kev-saetze\\\/\"},\"author\":{\"name\":\"admin\",\"@id\":\"https:\\\/\\\/www.organisator.ch\\\/#\\\/schema\\\/person\\\/aa2bace6c5c5aad60102004a50c4eb1c\"},\"headline\":\"Bundesrat senkt KEV-S\u00e4tze\",\"datePublished\":\"2016-12-02T15:46:43+00:00\",\"dateModified\":\"2022-02-09T10:06:22+00:00\",\"mainEntityOfPage\":{\"@id\":\"https:\\\/\\\/www.organisator.ch\\\/sustainability\\\/2016-12-02\\\/bundesrat-senkt-kev-saetze\\\/\"},\"wordCount\":257,\"commentCount\":0,\"publisher\":{\"@id\":\"https:\\\/\\\/www.organisator.ch\\\/#organization\"},\"image\":{\"@id\":\"https:\\\/\\\/www.organisator.ch\\\/sustainability\\\/2016-12-02\\\/bundesrat-senkt-kev-saetze\\\/#primaryimage\"},\"thumbnailUrl\":\"https:\\\/\\\/www.organisator.ch\\\/wp-content\\\/uploads\\\/2016\\\/12\\\/Bundesrat-senkt-KEV-Saetze-umweltperspektiven.jpg\",\"keywords\":[\"Bundesrat\",\"KEV\",\"Photovoltaik\",\"Verg\u00fctung\",\"Wasserkraft\"],\"articleSection\":[\"SUSTAINABILITY\"],\"inLanguage\":\"fr-FR\"},{\"@type\":\"WebPage\",\"@id\":\"https:\\\/\\\/www.organisator.ch\\\/sustainability\\\/2016-12-02\\\/bundesrat-senkt-kev-saetze\\\/\",\"url\":\"https:\\\/\\\/www.organisator.ch\\\/sustainability\\\/2016-12-02\\\/bundesrat-senkt-kev-saetze\\\/\",\"name\":\"Bundesrat senkt KEV-S\u00e4tze - Organisator\",\"isPartOf\":{\"@id\":\"https:\\\/\\\/www.organisator.ch\\\/#website\"},\"primaryImageOfPage\":{\"@id\":\"https:\\\/\\\/www.organisator.ch\\\/sustainability\\\/2016-12-02\\\/bundesrat-senkt-kev-saetze\\\/#primaryimage\"},\"image\":{\"@id\":\"https:\\\/\\\/www.organisator.ch\\\/sustainability\\\/2016-12-02\\\/bundesrat-senkt-kev-saetze\\\/#primaryimage\"},\"thumbnailUrl\":\"https:\\\/\\\/www.organisator.ch\\\/wp-content\\\/uploads\\\/2016\\\/12\\\/Bundesrat-senkt-KEV-Saetze-umweltperspektiven.jpg\",\"datePublished\":\"2016-12-02T15:46:43+00:00\",\"dateModified\":\"2022-02-09T10:06:22+00:00\",\"description\":\"Betreiber von PV-Anlagen und Kleinwasserkraftwerken erhalten k\u00fcnftig deutlich tiefere S\u00e4tze aus der kostendeckenden Einspeiseverg\u00fctung (KEV).\",\"breadcrumb\":{\"@id\":\"https:\\\/\\\/www.organisator.ch\\\/sustainability\\\/2016-12-02\\\/bundesrat-senkt-kev-saetze\\\/#breadcrumb\"},\"inLanguage\":\"fr-FR\",\"potentialAction\":[{\"@type\":\"ReadAction\",\"target\":[\"https:\\\/\\\/www.organisator.ch\\\/sustainability\\\/2016-12-02\\\/bundesrat-senkt-kev-saetze\\\/\"]}]},{\"@type\":\"ImageObject\",\"inLanguage\":\"fr-FR\",\"@id\":\"https:\\\/\\\/www.organisator.ch\\\/sustainability\\\/2016-12-02\\\/bundesrat-senkt-kev-saetze\\\/#primaryimage\",\"url\":\"https:\\\/\\\/www.organisator.ch\\\/wp-content\\\/uploads\\\/2016\\\/12\\\/Bundesrat-senkt-KEV-Saetze-umweltperspektiven.jpg\",\"contentUrl\":\"https:\\\/\\\/www.organisator.ch\\\/wp-content\\\/uploads\\\/2016\\\/12\\\/Bundesrat-senkt-KEV-Saetze-umweltperspektiven.jpg\",\"width\":1000,\"height\":667,\"caption\":\"Photovoltaik: Die Verg\u00fctungss\u00e4tze werden 2017 erneut gek\u00fcrzt.\"},{\"@type\":\"BreadcrumbList\",\"@id\":\"https:\\\/\\\/www.organisator.ch\\\/sustainability\\\/2016-12-02\\\/bundesrat-senkt-kev-saetze\\\/#breadcrumb\",\"itemListElement\":[{\"@type\":\"ListItem\",\"position\":1,\"name\":\"Home\",\"item\":\"https:\\\/\\\/www.organisator.ch\\\/\"},{\"@type\":\"ListItem\",\"position\":2,\"name\":\"Bundesrat senkt KEV-S\u00e4tze\"}]},{\"@type\":\"WebSite\",\"@id\":\"https:\\\/\\\/www.organisator.ch\\\/#website\",\"url\":\"https:\\\/\\\/www.organisator.ch\\\/\",\"name\":\"Organisator\",\"description\":\"Kompetent. Praxisnah. Der ORGANISATOR bereitet in 10 Ausgaben pro Jahr die wesentlichen Themen f\u00fcr F\u00fchrungskr\u00e4fte von KMU auf.\",\"publisher\":{\"@id\":\"https:\\\/\\\/www.organisator.ch\\\/#organization\"},\"potentialAction\":[{\"@type\":\"SearchAction\",\"target\":{\"@type\":\"EntryPoint\",\"urlTemplate\":\"https:\\\/\\\/www.organisator.ch\\\/?s={search_term_string}\"},\"query-input\":{\"@type\":\"PropertyValueSpecification\",\"valueRequired\":true,\"valueName\":\"search_term_string\"}}],\"inLanguage\":\"fr-FR\"},{\"@type\":\"Organization\",\"@id\":\"https:\\\/\\\/www.organisator.ch\\\/#organization\",\"name\":\"Organisator\",\"url\":\"https:\\\/\\\/www.organisator.ch\\\/\",\"logo\":{\"@type\":\"ImageObject\",\"inLanguage\":\"fr-FR\",\"@id\":\"https:\\\/\\\/www.organisator.ch\\\/#\\\/schema\\\/logo\\\/image\\\/\",\"url\":\"https:\\\/\\\/www.organisator.ch\\\/wp-content\\\/uploads\\\/2022\\\/01\\\/Logo_Organisator_Website.png\",\"contentUrl\":\"https:\\\/\\\/www.organisator.ch\\\/wp-content\\\/uploads\\\/2022\\\/01\\\/Logo_Organisator_Website.png\",\"width\":800,\"height\":77,\"caption\":\"Organisator\"},\"image\":{\"@id\":\"https:\\\/\\\/www.organisator.ch\\\/#\\\/schema\\\/logo\\\/image\\\/\"},\"sameAs\":[\"https:\\\/\\\/www.facebook.com\\\/OrganisatorFachmagazin\",\"https:\\\/\\\/www.linkedin.com\\\/showcase\\\/organisator-das-magazin-fr-kmu\",\"https:\\\/\\\/www.xing.com\\\/news\\\/pages\\\/organisator-ch-695\",\"https:\\\/\\\/www.youtube.com\\\/channel\\\/UCGP2Sq0iWaZwT3BdIAQFYpw\"]},{\"@type\":\"Person\",\"@id\":\"https:\\\/\\\/www.organisator.ch\\\/#\\\/schema\\\/person\\\/aa2bace6c5c5aad60102004a50c4eb1c\",\"name\":\"admin\",\"image\":{\"@type\":\"ImageObject\",\"inLanguage\":\"fr-FR\",\"@id\":\"https:\\\/\\\/secure.gravatar.com\\\/avatar\\\/ae2f4d718e6c49043e314ce431e7e645d646302a24a5ef5a8bc8e3f5a032e319?s=96&d=mm&r=g\",\"url\":\"https:\\\/\\\/secure.gravatar.com\\\/avatar\\\/ae2f4d718e6c49043e314ce431e7e645d646302a24a5ef5a8bc8e3f5a032e319?s=96&d=mm&r=g\",\"contentUrl\":\"https:\\\/\\\/secure.gravatar.com\\\/avatar\\\/ae2f4d718e6c49043e314ce431e7e645d646302a24a5ef5a8bc8e3f5a032e319?s=96&d=mm&r=g\",\"caption\":\"admin\"},\"sameAs\":[\"https:\\\/\\\/www.organisator.ch\"],\"url\":\"https:\\\/\\\/www.organisator.ch\\\/fr\\\/author\\\/admin\\\/\"}]}<\/script>\n<!-- \/ Yoast SEO plugin. -->","yoast_head_json":{"title":"Le Conseil f\u00e9d\u00e9ral baisse les taux de la RPC - Organisateur","description":"Les exploitants d'installations photovolta\u00efques et de petites centrales hydro\u00e9lectriques recevront \u00e0 l'avenir des taux nettement plus bas de la r\u00e9tribution \u00e0 prix co\u00fbtant du courant inject\u00e9 (RPC).","robots":{"index":"index","follow":"follow","max-snippet":"max-snippet:-1","max-image-preview":"max-image-preview:large","max-video-preview":"max-video-preview:-1"},"canonical":"https:\/\/www.organisator.ch\/fr\/sustainability\/2016-12-02\/bundesrat-senkt-kev-saetze\/","og_locale":"fr_FR","og_type":"article","og_title":"Bundesrat senkt KEV-S\u00e4tze - Organisator","og_description":"Betreiber von PV-Anlagen und Kleinwasserkraftwerken erhalten k\u00fcnftig deutlich tiefere S\u00e4tze aus der kostendeckenden Einspeiseverg\u00fctung (KEV).","og_url":"https:\/\/www.organisator.ch\/fr\/sustainability\/2016-12-02\/bundesrat-senkt-kev-saetze\/","og_site_name":"Organisator","article_publisher":"https:\/\/www.facebook.com\/OrganisatorFachmagazin","article_published_time":"2016-12-02T15:46:43+00:00","article_modified_time":"2022-02-09T10:06:22+00:00","og_image":[{"width":1000,"height":667,"url":"https:\/\/www.organisator.ch\/wp-content\/uploads\/2016\/12\/Bundesrat-senkt-KEV-Saetze-umweltperspektiven.jpg","type":"image\/jpeg"}],"author":"admin","twitter_card":"summary_large_image","schema":{"@context":"https:\/\/schema.org","@graph":[{"@type":"Article","@id":"https:\/\/www.organisator.ch\/sustainability\/2016-12-02\/bundesrat-senkt-kev-saetze\/#article","isPartOf":{"@id":"https:\/\/www.organisator.ch\/sustainability\/2016-12-02\/bundesrat-senkt-kev-saetze\/"},"author":{"name":"admin","@id":"https:\/\/www.organisator.ch\/#\/schema\/person\/aa2bace6c5c5aad60102004a50c4eb1c"},"headline":"Bundesrat senkt KEV-S\u00e4tze","datePublished":"2016-12-02T15:46:43+00:00","dateModified":"2022-02-09T10:06:22+00:00","mainEntityOfPage":{"@id":"https:\/\/www.organisator.ch\/sustainability\/2016-12-02\/bundesrat-senkt-kev-saetze\/"},"wordCount":257,"commentCount":0,"publisher":{"@id":"https:\/\/www.organisator.ch\/#organization"},"image":{"@id":"https:\/\/www.organisator.ch\/sustainability\/2016-12-02\/bundesrat-senkt-kev-saetze\/#primaryimage"},"thumbnailUrl":"https:\/\/www.organisator.ch\/wp-content\/uploads\/2016\/12\/Bundesrat-senkt-KEV-Saetze-umweltperspektiven.jpg","keywords":["Bundesrat","KEV","Photovoltaik","Verg\u00fctung","Wasserkraft"],"articleSection":["SUSTAINABILITY"],"inLanguage":"fr-FR"},{"@type":"WebPage","@id":"https:\/\/www.organisator.ch\/sustainability\/2016-12-02\/bundesrat-senkt-kev-saetze\/","url":"https:\/\/www.organisator.ch\/sustainability\/2016-12-02\/bundesrat-senkt-kev-saetze\/","name":"Le Conseil f\u00e9d\u00e9ral baisse les taux de la RPC - Organisateur","isPartOf":{"@id":"https:\/\/www.organisator.ch\/#website"},"primaryImageOfPage":{"@id":"https:\/\/www.organisator.ch\/sustainability\/2016-12-02\/bundesrat-senkt-kev-saetze\/#primaryimage"},"image":{"@id":"https:\/\/www.organisator.ch\/sustainability\/2016-12-02\/bundesrat-senkt-kev-saetze\/#primaryimage"},"thumbnailUrl":"https:\/\/www.organisator.ch\/wp-content\/uploads\/2016\/12\/Bundesrat-senkt-KEV-Saetze-umweltperspektiven.jpg","datePublished":"2016-12-02T15:46:43+00:00","dateModified":"2022-02-09T10:06:22+00:00","description":"Les exploitants d'installations photovolta\u00efques et de petites centrales hydro\u00e9lectriques recevront \u00e0 l'avenir des taux nettement plus bas de la r\u00e9tribution \u00e0 prix co\u00fbtant du courant inject\u00e9 (RPC).","breadcrumb":{"@id":"https:\/\/www.organisator.ch\/sustainability\/2016-12-02\/bundesrat-senkt-kev-saetze\/#breadcrumb"},"inLanguage":"fr-FR","potentialAction":[{"@type":"ReadAction","target":["https:\/\/www.organisator.ch\/sustainability\/2016-12-02\/bundesrat-senkt-kev-saetze\/"]}]},{"@type":"ImageObject","inLanguage":"fr-FR","@id":"https:\/\/www.organisator.ch\/sustainability\/2016-12-02\/bundesrat-senkt-kev-saetze\/#primaryimage","url":"https:\/\/www.organisator.ch\/wp-content\/uploads\/2016\/12\/Bundesrat-senkt-KEV-Saetze-umweltperspektiven.jpg","contentUrl":"https:\/\/www.organisator.ch\/wp-content\/uploads\/2016\/12\/Bundesrat-senkt-KEV-Saetze-umweltperspektiven.jpg","width":1000,"height":667,"caption":"Photovoltaik: Die Verg\u00fctungss\u00e4tze werden 2017 erneut gek\u00fcrzt."},{"@type":"BreadcrumbList","@id":"https:\/\/www.organisator.ch\/sustainability\/2016-12-02\/bundesrat-senkt-kev-saetze\/#breadcrumb","itemListElement":[{"@type":"ListItem","position":1,"name":"Home","item":"https:\/\/www.organisator.ch\/"},{"@type":"ListItem","position":2,"name":"Bundesrat senkt KEV-S\u00e4tze"}]},{"@type":"WebSite","@id":"https:\/\/www.organisator.ch\/#website","url":"https:\/\/www.organisator.ch\/","name":"Organisateur","description":"Comp\u00e9tence et comp\u00e9tence. Proches de la pratique. L'ORGANISATEUR pr\u00e9pare 10 num\u00e9ros par an sur les th\u00e8mes essentiels pour les dirigeants de PME.","publisher":{"@id":"https:\/\/www.organisator.ch\/#organization"},"potentialAction":[{"@type":"SearchAction","target":{"@type":"EntryPoint","urlTemplate":"https:\/\/www.organisator.ch\/?s={search_term_string}"},"query-input":{"@type":"PropertyValueSpecification","valueRequired":true,"valueName":"search_term_string"}}],"inLanguage":"fr-FR"},{"@type":"Organization","@id":"https:\/\/www.organisator.ch\/#organization","name":"Organisateur","url":"https:\/\/www.organisator.ch\/","logo":{"@type":"ImageObject","inLanguage":"fr-FR","@id":"https:\/\/www.organisator.ch\/#\/schema\/logo\/image\/","url":"https:\/\/www.organisator.ch\/wp-content\/uploads\/2022\/01\/Logo_Organisator_Website.png","contentUrl":"https:\/\/www.organisator.ch\/wp-content\/uploads\/2022\/01\/Logo_Organisator_Website.png","width":800,"height":77,"caption":"Organisator"},"image":{"@id":"https:\/\/www.organisator.ch\/#\/schema\/logo\/image\/"},"sameAs":["https:\/\/www.facebook.com\/OrganisatorFachmagazin","https:\/\/www.linkedin.com\/showcase\/organisator-das-magazin-fr-kmu","https:\/\/www.xing.com\/news\/pages\/organisator-ch-695","https:\/\/www.youtube.com\/channel\/UCGP2Sq0iWaZwT3BdIAQFYpw"]},{"@type":"Person","@id":"https:\/\/www.organisator.ch\/#\/schema\/person\/aa2bace6c5c5aad60102004a50c4eb1c","name":"admin","image":{"@type":"ImageObject","inLanguage":"fr-FR","@id":"https:\/\/secure.gravatar.com\/avatar\/ae2f4d718e6c49043e314ce431e7e645d646302a24a5ef5a8bc8e3f5a032e319?s=96&d=mm&r=g","url":"https:\/\/secure.gravatar.com\/avatar\/ae2f4d718e6c49043e314ce431e7e645d646302a24a5ef5a8bc8e3f5a032e319?s=96&d=mm&r=g","contentUrl":"https:\/\/secure.gravatar.com\/avatar\/ae2f4d718e6c49043e314ce431e7e645d646302a24a5ef5a8bc8e3f5a032e319?s=96&d=mm&r=g","caption":"admin"},"sameAs":["https:\/\/www.organisator.ch"],"url":"https:\/\/www.organisator.ch\/fr\/author\/admin\/"}]}},"_links":{"self":[{"href":"https:\/\/www.organisator.ch\/fr\/wp-json\/wp\/v2\/posts\/598","targetHints":{"allow":["GET"]}}],"collection":[{"href":"https:\/\/www.organisator.ch\/fr\/wp-json\/wp\/v2\/posts"}],"about":[{"href":"https:\/\/www.organisator.ch\/fr\/wp-json\/wp\/v2\/types\/post"}],"author":[{"embeddable":true,"href":"https:\/\/www.organisator.ch\/fr\/wp-json\/wp\/v2\/users\/1"}],"replies":[{"embeddable":true,"href":"https:\/\/www.organisator.ch\/fr\/wp-json\/wp\/v2\/comments?post=598"}],"version-history":[{"count":1,"href":"https:\/\/www.organisator.ch\/fr\/wp-json\/wp\/v2\/posts\/598\/revisions"}],"predecessor-version":[{"id":10603,"href":"https:\/\/www.organisator.ch\/fr\/wp-json\/wp\/v2\/posts\/598\/revisions\/10603"}],"wp:featuredmedia":[{"embeddable":true,"href":"https:\/\/www.organisator.ch\/fr\/wp-json\/wp\/v2\/media\/599"}],"wp:attachment":[{"href":"https:\/\/www.organisator.ch\/fr\/wp-json\/wp\/v2\/media?parent=598"}],"wp:term":[{"taxonomy":"category","embeddable":true,"href":"https:\/\/www.organisator.ch\/fr\/wp-json\/wp\/v2\/categories?post=598"},{"taxonomy":"post_tag","embeddable":true,"href":"https:\/\/www.organisator.ch\/fr\/wp-json\/wp\/v2\/tags?post=598"}],"curies":[{"name":"wp","href":"https:\/\/api.w.org\/{rel}","templated":true}]}}