{"id":629,"date":"2016-10-24T13:46:44","date_gmt":"2016-10-24T11:46:44","guid":{"rendered":"http:\/\/dev.organisator.ch\/?p=629"},"modified":"2016-10-24T13:46:44","modified_gmt":"2016-10-24T11:46:44","slug":"etampa-ag-mit-neuem-qualitaetsmanager","status":"publish","type":"post","link":"https:\/\/www.organisator.ch\/fr\/management\/2016-10-24\/etampa-ag-mit-neuem-qualitaetsmanager\/","title":{"rendered":"etampa AG a un nouveau responsable qualit\u00e9"},"content":{"rendered":"<figure id=\"attachment_630\" aria-describedby=\"caption-attachment-630\" style=\"width: 480px\" class=\"wp-caption alignnone\"><img loading=\"lazy\" decoding=\"async\" class=\"size-full wp-image-630\" src=\"https:\/\/www.organisator.ch\/wp-content\/uploads\/2016\/12\/etampa-AG-mit-neuem-Qualitaetsmanager-organisator.jpg\" alt=\"\" width=\"480\" height=\"547\" srcset=\"https:\/\/www.organisator.ch\/wp-content\/uploads\/2016\/12\/etampa-AG-mit-neuem-Qualitaetsmanager-organisator.jpg 480w, https:\/\/www.organisator.ch\/wp-content\/uploads\/2016\/12\/etampa-AG-mit-neuem-Qualitaetsmanager-organisator-11x12.jpg 11w, https:\/\/www.organisator.ch\/wp-content\/uploads\/2016\/12\/etampa-AG-mit-neuem-Qualitaetsmanager-organisator-154x175.jpg 154w, https:\/\/www.organisator.ch\/wp-content\/uploads\/2016\/12\/etampa-AG-mit-neuem-Qualitaetsmanager-organisator-307x350.jpg 307w, https:\/\/www.organisator.ch\/wp-content\/uploads\/2016\/12\/etampa-AG-mit-neuem-Qualitaetsmanager-organisator-300x342.jpg 300w\" sizes=\"auto, (max-width: 480px) 100vw, 480px\" \/><figcaption id=\"caption-attachment-630\" class=\"wp-caption-text\">Josef Lorenz, responsable qualit\u00e9<\/figcaption><\/figure>\n<p>Cet outilleur de formation, technicien en construction m\u00e9canique et gestionnaire de la qualit\u00e9, qui dispose d'une longue exp\u00e9rience dans le secteur, notamment dans la technique d'estampage et la technique d'injection plastique, a toujours occup\u00e9 ces derni\u00e8res ann\u00e9es des postes de direction dans des entreprises de sous-traitance suisses de renom. Depuis longtemps, il accorde une attention particuli\u00e8re aux domaines de la gestion et de l'assurance de la qualit\u00e9. Chez etampa, il est en outre responsable des th\u00e8mes de la gestion de l'environnement, de la s\u00e9curit\u00e9 au travail et de la protection de la sant\u00e9.<\/p>\n<p>Lorenz rapporte directement au CEO et pr\u00e9sident du conseil d'administration Hans Rudolf Haefeli. Haefeli se r\u00e9jouit de cette nouvelle arriv\u00e9e : \"Avec Josef Lorenz, nous avons trouv\u00e9 quelqu'un qui a fait de la th\u00e9matique de la qualit\u00e9 et de la s\u00e9curit\u00e9 son credo personnel\".<\/p>\n<p><a href=\"http:\/\/www.etampa.ch\" target=\"_blank\" rel=\"noreferrer noopener\" data-cke-saved-href=\"http:\/\/www.etampa.ch\">http:\/\/www.etampa.ch<\/a><\/p>","protected":false},"excerpt":{"rendered":"<p>Der ausgebildete Werkzeugmacher, Maschinenbautechniker und Qualit\u00e4tsmanager, der \u00fcber eine langj\u00e4hrige Branchenerfahrung unter anderem in der Stanztechnik und der Kunststoff-Spritztechnik verf\u00fcgt, war in den letzten Jahren stets in leitenden Positionen bei namhaften Schweizer Zulieferfirmen t\u00e4tig. Ein besonderes Augenmerk lag dabei seit langem auf den Bereichen Qualit\u00e4tsmanagement und Qualit\u00e4tssicherung. Bei etampa zeichnet er sich dar\u00fcber hinaus f\u00fcr [&hellip;]<\/p>\n","protected":false},"author":1,"featured_media":630,"comment_status":"open","ping_status":"open","sticky":false,"template":"","format":"standard","meta":{"_acf_changed":false,"_yoast_wpseo_focuskw":"etampa AG","_yoast_wpseo_metadesc":"Josef Lorenz, ist neuer Leiter Qualit\u00e4tsmanagement der etampa AG, des Schweizer Pr\u00e4zisionsherstellers f\u00fcr das Feinschneiden und Stanzen.","articlekey":"","footnotes":""},"categories":[28],"tags":[334,382,402],"class_list":["post-629","post","type-post","status-publish","format-standard","has-post-thumbnail","hentry","category-management","tag-management","tag-personalien","tag-qualitaetssicherung"],"acf":[],"yoast_head":"<!-- This site is optimized with the Yoast SEO plugin v27.4 - https:\/\/yoast.com\/product\/yoast-seo-wordpress\/ -->\n<title>etampa AG mit neuem Qualit\u00e4tsmanager - Organisator<\/title>\n<meta name=\"description\" content=\"Josef Lorenz, ist neuer Leiter Qualit\u00e4tsmanagement der etampa AG, des Schweizer Pr\u00e4zisionsherstellers f\u00fcr das Feinschneiden und Stanzen.\" \/>\n<meta name=\"robots\" content=\"index, follow, max-snippet:-1, max-image-preview:large, max-video-preview:-1\" \/>\n<link rel=\"canonical\" href=\"https:\/\/www.organisator.ch\/fr\/gestion-2\/2016-10-24\/etampa-ag-mit-neuem-qualitaetsmanager\/\" \/>\n<meta property=\"og:locale\" content=\"fr_FR\" \/>\n<meta property=\"og:type\" content=\"article\" \/>\n<meta property=\"og:title\" content=\"etampa AG mit neuem Qualit\u00e4tsmanager\" \/>\n<meta property=\"og:description\" content=\"Josef Lorenz, Jahrgang 1966, zeichnet seit kurzem als neuer Leiter Qualit\u00e4tsmanagement der etampa AG, des Schweizer Pr\u00e4zisionsherstellers f\u00fcr das Feinschneiden und Stanzen verantwortlich. Dar\u00fcber hinaus verantwortet er sich in den Bereichen Umweltmanagement, Arbeitssicherheit und Gesundheitsschutz.\" \/>\n<meta property=\"og:url\" content=\"https:\/\/www.organisator.ch\/fr\/gestion-2\/2016-10-24\/etampa-ag-mit-neuem-qualitaetsmanager\/\" \/>\n<meta property=\"og:site_name\" content=\"Organisator\" \/>\n<meta property=\"article:publisher\" content=\"https:\/\/www.facebook.com\/OrganisatorFachmagazin\" \/>\n<meta property=\"article:published_time\" content=\"2016-10-24T11:46:44+00:00\" \/>\n<meta name=\"author\" content=\"admin\" \/>\n<meta name=\"twitter:card\" content=\"summary_large_image\" \/>\n<meta name=\"twitter:image\" content=\"https:\/\/www.organisator.ch\/wp-content\/uploads\/2016\/12\/etampa-AG-mit-neuem-Qualitaetsmanager-organisator.jpg\" \/>\n<script type=\"application\/ld+json\" class=\"yoast-schema-graph\">{\"@context\":\"https:\\\/\\\/schema.org\",\"@graph\":[{\"@type\":\"Article\",\"@id\":\"https:\\\/\\\/www.organisator.ch\\\/management\\\/2016-10-24\\\/etampa-ag-mit-neuem-qualitaetsmanager\\\/#article\",\"isPartOf\":{\"@id\":\"https:\\\/\\\/www.organisator.ch\\\/management\\\/2016-10-24\\\/etampa-ag-mit-neuem-qualitaetsmanager\\\/\"},\"author\":{\"name\":\"admin\",\"@id\":\"https:\\\/\\\/www.organisator.ch\\\/#\\\/schema\\\/person\\\/aa2bace6c5c5aad60102004a50c4eb1c\"},\"headline\":\"etampa AG mit neuem Qualit\u00e4tsmanager\",\"datePublished\":\"2016-10-24T11:46:44+00:00\",\"mainEntityOfPage\":{\"@id\":\"https:\\\/\\\/www.organisator.ch\\\/management\\\/2016-10-24\\\/etampa-ag-mit-neuem-qualitaetsmanager\\\/\"},\"wordCount\":130,\"commentCount\":0,\"publisher\":{\"@id\":\"https:\\\/\\\/www.organisator.ch\\\/#organization\"},\"image\":{\"@id\":\"https:\\\/\\\/www.organisator.ch\\\/management\\\/2016-10-24\\\/etampa-ag-mit-neuem-qualitaetsmanager\\\/#primaryimage\"},\"thumbnailUrl\":\"https:\\\/\\\/www.organisator.ch\\\/wp-content\\\/uploads\\\/2016\\\/12\\\/etampa-AG-mit-neuem-Qualitaetsmanager-organisator.jpg\",\"keywords\":[\"Management\",\"Personalien\",\"Qualit\u00e4tssicherung\"],\"articleSection\":[\"MANAGEMENT\"],\"inLanguage\":\"fr-FR\"},{\"@type\":\"WebPage\",\"@id\":\"https:\\\/\\\/www.organisator.ch\\\/management\\\/2016-10-24\\\/etampa-ag-mit-neuem-qualitaetsmanager\\\/\",\"url\":\"https:\\\/\\\/www.organisator.ch\\\/management\\\/2016-10-24\\\/etampa-ag-mit-neuem-qualitaetsmanager\\\/\",\"name\":\"etampa AG mit neuem Qualit\u00e4tsmanager - Organisator\",\"isPartOf\":{\"@id\":\"https:\\\/\\\/www.organisator.ch\\\/#website\"},\"primaryImageOfPage\":{\"@id\":\"https:\\\/\\\/www.organisator.ch\\\/management\\\/2016-10-24\\\/etampa-ag-mit-neuem-qualitaetsmanager\\\/#primaryimage\"},\"image\":{\"@id\":\"https:\\\/\\\/www.organisator.ch\\\/management\\\/2016-10-24\\\/etampa-ag-mit-neuem-qualitaetsmanager\\\/#primaryimage\"},\"thumbnailUrl\":\"https:\\\/\\\/www.organisator.ch\\\/wp-content\\\/uploads\\\/2016\\\/12\\\/etampa-AG-mit-neuem-Qualitaetsmanager-organisator.jpg\",\"datePublished\":\"2016-10-24T11:46:44+00:00\",\"description\":\"Josef Lorenz, ist neuer Leiter Qualit\u00e4tsmanagement der etampa AG, des Schweizer Pr\u00e4zisionsherstellers f\u00fcr das Feinschneiden und Stanzen.\",\"breadcrumb\":{\"@id\":\"https:\\\/\\\/www.organisator.ch\\\/management\\\/2016-10-24\\\/etampa-ag-mit-neuem-qualitaetsmanager\\\/#breadcrumb\"},\"inLanguage\":\"fr-FR\",\"potentialAction\":[{\"@type\":\"ReadAction\",\"target\":[\"https:\\\/\\\/www.organisator.ch\\\/management\\\/2016-10-24\\\/etampa-ag-mit-neuem-qualitaetsmanager\\\/\"]}]},{\"@type\":\"ImageObject\",\"inLanguage\":\"fr-FR\",\"@id\":\"https:\\\/\\\/www.organisator.ch\\\/management\\\/2016-10-24\\\/etampa-ag-mit-neuem-qualitaetsmanager\\\/#primaryimage\",\"url\":\"https:\\\/\\\/www.organisator.ch\\\/wp-content\\\/uploads\\\/2016\\\/12\\\/etampa-AG-mit-neuem-Qualitaetsmanager-organisator.jpg\",\"contentUrl\":\"https:\\\/\\\/www.organisator.ch\\\/wp-content\\\/uploads\\\/2016\\\/12\\\/etampa-AG-mit-neuem-Qualitaetsmanager-organisator.jpg\",\"width\":480,\"height\":547,\"caption\":\"Josef Lorenz, Qualit\u00e4tsmanager\"},{\"@type\":\"BreadcrumbList\",\"@id\":\"https:\\\/\\\/www.organisator.ch\\\/management\\\/2016-10-24\\\/etampa-ag-mit-neuem-qualitaetsmanager\\\/#breadcrumb\",\"itemListElement\":[{\"@type\":\"ListItem\",\"position\":1,\"name\":\"Home\",\"item\":\"https:\\\/\\\/www.organisator.ch\\\/\"},{\"@type\":\"ListItem\",\"position\":2,\"name\":\"etampa AG mit neuem Qualit\u00e4tsmanager\"}]},{\"@type\":\"WebSite\",\"@id\":\"https:\\\/\\\/www.organisator.ch\\\/#website\",\"url\":\"https:\\\/\\\/www.organisator.ch\\\/\",\"name\":\"Organisator\",\"description\":\"Kompetent. Praxisnah. Der ORGANISATOR bereitet in 10 Ausgaben pro Jahr die wesentlichen Themen f\u00fcr F\u00fchrungskr\u00e4fte von KMU auf.\",\"publisher\":{\"@id\":\"https:\\\/\\\/www.organisator.ch\\\/#organization\"},\"potentialAction\":[{\"@type\":\"SearchAction\",\"target\":{\"@type\":\"EntryPoint\",\"urlTemplate\":\"https:\\\/\\\/www.organisator.ch\\\/?s={search_term_string}\"},\"query-input\":{\"@type\":\"PropertyValueSpecification\",\"valueRequired\":true,\"valueName\":\"search_term_string\"}}],\"inLanguage\":\"fr-FR\"},{\"@type\":\"Organization\",\"@id\":\"https:\\\/\\\/www.organisator.ch\\\/#organization\",\"name\":\"Organisator\",\"url\":\"https:\\\/\\\/www.organisator.ch\\\/\",\"logo\":{\"@type\":\"ImageObject\",\"inLanguage\":\"fr-FR\",\"@id\":\"https:\\\/\\\/www.organisator.ch\\\/#\\\/schema\\\/logo\\\/image\\\/\",\"url\":\"https:\\\/\\\/www.organisator.ch\\\/wp-content\\\/uploads\\\/2022\\\/01\\\/Logo_Organisator_Website.png\",\"contentUrl\":\"https:\\\/\\\/www.organisator.ch\\\/wp-content\\\/uploads\\\/2022\\\/01\\\/Logo_Organisator_Website.png\",\"width\":800,\"height\":77,\"caption\":\"Organisator\"},\"image\":{\"@id\":\"https:\\\/\\\/www.organisator.ch\\\/#\\\/schema\\\/logo\\\/image\\\/\"},\"sameAs\":[\"https:\\\/\\\/www.facebook.com\\\/OrganisatorFachmagazin\",\"https:\\\/\\\/www.linkedin.com\\\/showcase\\\/organisator-das-magazin-fr-kmu\",\"https:\\\/\\\/www.xing.com\\\/news\\\/pages\\\/organisator-ch-695\",\"https:\\\/\\\/www.youtube.com\\\/channel\\\/UCGP2Sq0iWaZwT3BdIAQFYpw\"]},{\"@type\":\"Person\",\"@id\":\"https:\\\/\\\/www.organisator.ch\\\/#\\\/schema\\\/person\\\/aa2bace6c5c5aad60102004a50c4eb1c\",\"name\":\"admin\",\"image\":{\"@type\":\"ImageObject\",\"inLanguage\":\"fr-FR\",\"@id\":\"https:\\\/\\\/secure.gravatar.com\\\/avatar\\\/ae2f4d718e6c49043e314ce431e7e645d646302a24a5ef5a8bc8e3f5a032e319?s=96&d=mm&r=g\",\"url\":\"https:\\\/\\\/secure.gravatar.com\\\/avatar\\\/ae2f4d718e6c49043e314ce431e7e645d646302a24a5ef5a8bc8e3f5a032e319?s=96&d=mm&r=g\",\"contentUrl\":\"https:\\\/\\\/secure.gravatar.com\\\/avatar\\\/ae2f4d718e6c49043e314ce431e7e645d646302a24a5ef5a8bc8e3f5a032e319?s=96&d=mm&r=g\",\"caption\":\"admin\"},\"sameAs\":[\"https:\\\/\\\/www.organisator.ch\"],\"url\":\"https:\\\/\\\/www.organisator.ch\\\/fr\\\/author\\\/admin\\\/\"}]}<\/script>\n<!-- \/ Yoast SEO plugin. -->","yoast_head_json":{"title":"etampa AG a un nouveau responsable qualit\u00e9 - Organisateur","description":"Josef Lorenz, est le nouveau responsable de la gestion de la qualit\u00e9 chez etampa AG, le fabricant suisse de pr\u00e9cision pour la d\u00e9coupe fine et l'estampage.","robots":{"index":"index","follow":"follow","max-snippet":"max-snippet:-1","max-image-preview":"max-image-preview:large","max-video-preview":"max-video-preview:-1"},"canonical":"https:\/\/www.organisator.ch\/fr\/gestion-2\/2016-10-24\/etampa-ag-mit-neuem-qualitaetsmanager\/","og_locale":"fr_FR","og_type":"article","og_title":"etampa AG mit neuem Qualit\u00e4tsmanager","og_description":"Josef Lorenz, Jahrgang 1966, zeichnet seit kurzem als neuer Leiter Qualit\u00e4tsmanagement der etampa AG, des Schweizer Pr\u00e4zisionsherstellers f\u00fcr das Feinschneiden und Stanzen verantwortlich. Dar\u00fcber hinaus verantwortet er sich in den Bereichen Umweltmanagement, Arbeitssicherheit und Gesundheitsschutz.","og_url":"https:\/\/www.organisator.ch\/fr\/gestion-2\/2016-10-24\/etampa-ag-mit-neuem-qualitaetsmanager\/","og_site_name":"Organisator","article_publisher":"https:\/\/www.facebook.com\/OrganisatorFachmagazin","article_published_time":"2016-10-24T11:46:44+00:00","author":"admin","twitter_card":"summary_large_image","twitter_image":"https:\/\/www.organisator.ch\/wp-content\/uploads\/2016\/12\/etampa-AG-mit-neuem-Qualitaetsmanager-organisator.jpg","schema":{"@context":"https:\/\/schema.org","@graph":[{"@type":"Article","@id":"https:\/\/www.organisator.ch\/management\/2016-10-24\/etampa-ag-mit-neuem-qualitaetsmanager\/#article","isPartOf":{"@id":"https:\/\/www.organisator.ch\/management\/2016-10-24\/etampa-ag-mit-neuem-qualitaetsmanager\/"},"author":{"name":"admin","@id":"https:\/\/www.organisator.ch\/#\/schema\/person\/aa2bace6c5c5aad60102004a50c4eb1c"},"headline":"etampa AG mit neuem Qualit\u00e4tsmanager","datePublished":"2016-10-24T11:46:44+00:00","mainEntityOfPage":{"@id":"https:\/\/www.organisator.ch\/management\/2016-10-24\/etampa-ag-mit-neuem-qualitaetsmanager\/"},"wordCount":130,"commentCount":0,"publisher":{"@id":"https:\/\/www.organisator.ch\/#organization"},"image":{"@id":"https:\/\/www.organisator.ch\/management\/2016-10-24\/etampa-ag-mit-neuem-qualitaetsmanager\/#primaryimage"},"thumbnailUrl":"https:\/\/www.organisator.ch\/wp-content\/uploads\/2016\/12\/etampa-AG-mit-neuem-Qualitaetsmanager-organisator.jpg","keywords":["Management","Personalien","Qualit\u00e4tssicherung"],"articleSection":["MANAGEMENT"],"inLanguage":"fr-FR"},{"@type":"WebPage","@id":"https:\/\/www.organisator.ch\/management\/2016-10-24\/etampa-ag-mit-neuem-qualitaetsmanager\/","url":"https:\/\/www.organisator.ch\/management\/2016-10-24\/etampa-ag-mit-neuem-qualitaetsmanager\/","name":"etampa AG a un nouveau responsable qualit\u00e9 - Organisateur","isPartOf":{"@id":"https:\/\/www.organisator.ch\/#website"},"primaryImageOfPage":{"@id":"https:\/\/www.organisator.ch\/management\/2016-10-24\/etampa-ag-mit-neuem-qualitaetsmanager\/#primaryimage"},"image":{"@id":"https:\/\/www.organisator.ch\/management\/2016-10-24\/etampa-ag-mit-neuem-qualitaetsmanager\/#primaryimage"},"thumbnailUrl":"https:\/\/www.organisator.ch\/wp-content\/uploads\/2016\/12\/etampa-AG-mit-neuem-Qualitaetsmanager-organisator.jpg","datePublished":"2016-10-24T11:46:44+00:00","description":"Josef Lorenz, est le nouveau responsable de la gestion de la qualit\u00e9 chez etampa AG, le fabricant suisse de pr\u00e9cision pour la d\u00e9coupe fine et l'estampage.","breadcrumb":{"@id":"https:\/\/www.organisator.ch\/management\/2016-10-24\/etampa-ag-mit-neuem-qualitaetsmanager\/#breadcrumb"},"inLanguage":"fr-FR","potentialAction":[{"@type":"ReadAction","target":["https:\/\/www.organisator.ch\/management\/2016-10-24\/etampa-ag-mit-neuem-qualitaetsmanager\/"]}]},{"@type":"ImageObject","inLanguage":"fr-FR","@id":"https:\/\/www.organisator.ch\/management\/2016-10-24\/etampa-ag-mit-neuem-qualitaetsmanager\/#primaryimage","url":"https:\/\/www.organisator.ch\/wp-content\/uploads\/2016\/12\/etampa-AG-mit-neuem-Qualitaetsmanager-organisator.jpg","contentUrl":"https:\/\/www.organisator.ch\/wp-content\/uploads\/2016\/12\/etampa-AG-mit-neuem-Qualitaetsmanager-organisator.jpg","width":480,"height":547,"caption":"Josef Lorenz, Qualit\u00e4tsmanager"},{"@type":"BreadcrumbList","@id":"https:\/\/www.organisator.ch\/management\/2016-10-24\/etampa-ag-mit-neuem-qualitaetsmanager\/#breadcrumb","itemListElement":[{"@type":"ListItem","position":1,"name":"Home","item":"https:\/\/www.organisator.ch\/"},{"@type":"ListItem","position":2,"name":"etampa AG mit neuem Qualit\u00e4tsmanager"}]},{"@type":"WebSite","@id":"https:\/\/www.organisator.ch\/#website","url":"https:\/\/www.organisator.ch\/","name":"Organisateur","description":"Comp\u00e9tence et comp\u00e9tence. Proches de la pratique. L'ORGANISATEUR pr\u00e9pare 10 num\u00e9ros par an sur les th\u00e8mes essentiels pour les dirigeants de PME.","publisher":{"@id":"https:\/\/www.organisator.ch\/#organization"},"potentialAction":[{"@type":"SearchAction","target":{"@type":"EntryPoint","urlTemplate":"https:\/\/www.organisator.ch\/?s={search_term_string}"},"query-input":{"@type":"PropertyValueSpecification","valueRequired":true,"valueName":"search_term_string"}}],"inLanguage":"fr-FR"},{"@type":"Organization","@id":"https:\/\/www.organisator.ch\/#organization","name":"Organisateur","url":"https:\/\/www.organisator.ch\/","logo":{"@type":"ImageObject","inLanguage":"fr-FR","@id":"https:\/\/www.organisator.ch\/#\/schema\/logo\/image\/","url":"https:\/\/www.organisator.ch\/wp-content\/uploads\/2022\/01\/Logo_Organisator_Website.png","contentUrl":"https:\/\/www.organisator.ch\/wp-content\/uploads\/2022\/01\/Logo_Organisator_Website.png","width":800,"height":77,"caption":"Organisator"},"image":{"@id":"https:\/\/www.organisator.ch\/#\/schema\/logo\/image\/"},"sameAs":["https:\/\/www.facebook.com\/OrganisatorFachmagazin","https:\/\/www.linkedin.com\/showcase\/organisator-das-magazin-fr-kmu","https:\/\/www.xing.com\/news\/pages\/organisator-ch-695","https:\/\/www.youtube.com\/channel\/UCGP2Sq0iWaZwT3BdIAQFYpw"]},{"@type":"Person","@id":"https:\/\/www.organisator.ch\/#\/schema\/person\/aa2bace6c5c5aad60102004a50c4eb1c","name":"admin","image":{"@type":"ImageObject","inLanguage":"fr-FR","@id":"https:\/\/secure.gravatar.com\/avatar\/ae2f4d718e6c49043e314ce431e7e645d646302a24a5ef5a8bc8e3f5a032e319?s=96&d=mm&r=g","url":"https:\/\/secure.gravatar.com\/avatar\/ae2f4d718e6c49043e314ce431e7e645d646302a24a5ef5a8bc8e3f5a032e319?s=96&d=mm&r=g","contentUrl":"https:\/\/secure.gravatar.com\/avatar\/ae2f4d718e6c49043e314ce431e7e645d646302a24a5ef5a8bc8e3f5a032e319?s=96&d=mm&r=g","caption":"admin"},"sameAs":["https:\/\/www.organisator.ch"],"url":"https:\/\/www.organisator.ch\/fr\/author\/admin\/"}]}},"_links":{"self":[{"href":"https:\/\/www.organisator.ch\/fr\/wp-json\/wp\/v2\/posts\/629","targetHints":{"allow":["GET"]}}],"collection":[{"href":"https:\/\/www.organisator.ch\/fr\/wp-json\/wp\/v2\/posts"}],"about":[{"href":"https:\/\/www.organisator.ch\/fr\/wp-json\/wp\/v2\/types\/post"}],"author":[{"embeddable":true,"href":"https:\/\/www.organisator.ch\/fr\/wp-json\/wp\/v2\/users\/1"}],"replies":[{"embeddable":true,"href":"https:\/\/www.organisator.ch\/fr\/wp-json\/wp\/v2\/comments?post=629"}],"version-history":[{"count":0,"href":"https:\/\/www.organisator.ch\/fr\/wp-json\/wp\/v2\/posts\/629\/revisions"}],"wp:featuredmedia":[{"embeddable":true,"href":"https:\/\/www.organisator.ch\/fr\/wp-json\/wp\/v2\/media\/630"}],"wp:attachment":[{"href":"https:\/\/www.organisator.ch\/fr\/wp-json\/wp\/v2\/media?parent=629"}],"wp:term":[{"taxonomy":"category","embeddable":true,"href":"https:\/\/www.organisator.ch\/fr\/wp-json\/wp\/v2\/categories?post=629"},{"taxonomy":"post_tag","embeddable":true,"href":"https:\/\/www.organisator.ch\/fr\/wp-json\/wp\/v2\/tags?post=629"}],"curies":[{"name":"wp","href":"https:\/\/api.w.org\/{rel}","templated":true}]}}