{"id":6314,"date":"2020-02-06T12:37:12","date_gmt":"2020-02-06T11:37:12","guid":{"rendered":"https:\/\/www.organisator.ch\/?p=6314"},"modified":"2020-02-06T12:37:12","modified_gmt":"2020-02-06T11:37:12","slug":"coronavirus-reisende-die-im-januar-in-china-waren-muessen-mit-restriktionen-rechnen","status":"publish","type":"post","link":"https:\/\/www.organisator.ch\/fr\/allgemein\/2020-02-06\/coronavirus-reisende-die-im-januar-in-china-waren-muessen-mit-restriktionen-rechnen\/","title":{"rendered":"Coronavirus : les voyageurs qui \u00e9taient en Chine en janvier doivent s'attendre \u00e0 des restrictions"},"content":{"rendered":"<figure id=\"attachment_6315\" aria-describedby=\"caption-attachment-6315\" style=\"width: 680px\" class=\"wp-caption alignnone\"><img loading=\"lazy\" decoding=\"async\" class=\"size-medium wp-image-6315\" src=\"https:\/\/www.organisator.ch\/wp-content\/uploads\/2020\/02\/Coronavirus-Reisende-die-im-Januar-in-China-waren-muessen-mit-Restriktionen-rechnen_Organisator.jpg\" alt=\"\" width=\"680\" height=\"230\" srcset=\"https:\/\/www.organisator.ch\/wp-content\/uploads\/2020\/02\/Coronavirus-Reisende-die-im-Januar-in-China-waren-muessen-mit-Restriktionen-rechnen_Organisator.jpg 680w, https:\/\/www.organisator.ch\/wp-content\/uploads\/2020\/02\/Coronavirus-Reisende-die-im-Januar-in-China-waren-muessen-mit-Restriktionen-rechnen_Organisator-16x5.jpg 16w, https:\/\/www.organisator.ch\/wp-content\/uploads\/2020\/02\/Coronavirus-Reisende-die-im-Januar-in-China-waren-muessen-mit-Restriktionen-rechnen_Organisator-375x127.jpg 375w, https:\/\/www.organisator.ch\/wp-content\/uploads\/2020\/02\/Coronavirus-Reisende-die-im-Januar-in-China-waren-muessen-mit-Restriktionen-rechnen_Organisator-300x101.jpg 300w\" sizes=\"auto, (max-width: 680px) 100vw, 680px\" \/><figcaption id=\"caption-attachment-6315\" class=\"wp-caption-text\">Cons\u00e9quences du coronavirus : de plus en plus de restrictions pour les voyageurs qui \u00e9taient en Chine en janvier. (Image : Pixabay.com)<\/figcaption><\/figure>\n<p>Comme on le sait d\u00e9j\u00e0, l'Office f\u00e9d\u00e9ral de la sant\u00e9 publique d\u00e9conseille les voyages dans la province du Hubei\/Chine en raison du coronavirus et de nombreuses compagnies a\u00e9riennes ont temporairement suspendu leurs vols de et vers la Chine. La F\u00e9d\u00e9ration Suisse du Voyage attire maintenant l'attention sur le fait que de plus en plus de pays imposent des restrictions, voire des interdictions d'entr\u00e9e, aux voyageurs qui ont visit\u00e9 la Chine en janvier. Cela peut donc \u00e9galement concerner les voyageurs suisses qui y ont r\u00e9cemment s\u00e9journ\u00e9 pour affaires. Comme le fait savoir la F\u00e9d\u00e9ration suisse du voyage, l'entr\u00e9e est par exemple refus\u00e9e par les pays suivants : Etats-Unis, Australie, Nouvelle-Z\u00e9lande, Vietnam, Philippines, Cor\u00e9e du Sud, Indon\u00e9sie, Japon et Isra\u00ebl. D'autres pays appliquent des restrictions d'entr\u00e9e telles que le contr\u00f4le de la temp\u00e9rature corporelle ou des r\u00e8gles de quarantaine. Ces informations changent actuellement presque toutes les heures. La F\u00e9d\u00e9ration Suisse du Voyage invite donc les voyageurs qui ont effectu\u00e9 un s\u00e9jour en Chine en janvier \u00e0 contacter leur agence de voyage ou leur bureau de r\u00e9servation avant leur prochain voyage ou \u00e0 se renseigner aupr\u00e8s de l'ambassade du nouveau pays \u00e0 visiter sur les formalit\u00e9s d'entr\u00e9e actuelles.<\/p>\n<p><em>Source : <a href=\"http:\/\/www.srv.ch\">F\u00e9d\u00e9ration suisse du voyage\u00a0<\/a><\/em><\/p>","protected":false},"excerpt":{"rendered":"<p>Wie bereits bekannt, r\u00e4t das Bundesamt f\u00fcr Gesundheit infolge des Coronavirus von Reisen in die Provinz Hubei\/China ab und viele Fluggesellschaften haben ihre Fl\u00fcge von und nach China vor\u00fcbergehend eingestellt. Der Schweizer Reise-Verband macht nun darauf aufmerksam, dass immer mehr L\u00e4nder Restriktionen oder gar Einreisesperren f\u00fcr Reisende erlassen, die im Januar China besucht haben. Das [&hellip;]<\/p>\n","protected":false},"author":4,"featured_media":6315,"comment_status":"closed","ping_status":"closed","sticky":false,"template":"","format":"standard","meta":{"_acf_changed":false,"_yoast_wpseo_focuskw":"Coronavirus","_yoast_wpseo_metadesc":"Das Coronavirus zieht weitere Kreise. Viele Staaten sind laufend dabei, ihre Einreisebestimmungen im Zusammenhang mit China anzupassen.","articlekey":"","footnotes":""},"categories":[1],"tags":[239,418,508],"class_list":["post-6314","post","type-post","status-publish","format-standard","has-post-thumbnail","hentry","category-allgemein","tag-geschaeftsreisen","tag-risikomanagement","tag-vermischtes"],"acf":[],"yoast_head":"<!-- This site is optimized with the Yoast SEO plugin v27.5 - https:\/\/yoast.com\/product\/yoast-seo-wordpress\/ -->\n<title>Coronavirus: Reisende, die im Januar in China waren, m\u00fcssen mit Restriktionen rechnen - Organisator<\/title>\n<meta name=\"description\" content=\"Das Coronavirus zieht weitere Kreise. Viele Staaten sind laufend dabei, ihre Einreisebestimmungen im Zusammenhang mit China anzupassen.\" \/>\n<meta name=\"robots\" content=\"index, follow, max-snippet:-1, max-image-preview:large, max-video-preview:-1\" \/>\n<link rel=\"canonical\" href=\"https:\/\/www.organisator.ch\/fr\/general\/2020-02-06\/coronavirus-reisende-die-im-januar-in-china-waren-muessen-mit-restriktionen-rechnen\/\" \/>\n<meta property=\"og:locale\" content=\"fr_FR\" \/>\n<meta property=\"og:type\" content=\"article\" \/>\n<meta property=\"og:title\" content=\"Coronavirus: Reisende, die im Januar in China waren, m\u00fcssen mit Restriktionen rechnen\" \/>\n<meta property=\"og:description\" content=\"Das Coronavirus zieht weitere Kreise. Viele Staaten sind laufend dabei, ihre Einreisebestimmungen im Zusammenhang mit China anzupassen.\" \/>\n<meta property=\"og:url\" content=\"https:\/\/www.organisator.ch\/fr\/general\/2020-02-06\/coronavirus-reisende-die-im-januar-in-china-waren-muessen-mit-restriktionen-rechnen\/\" \/>\n<meta property=\"og:site_name\" content=\"Organisator\" \/>\n<meta property=\"article:publisher\" content=\"https:\/\/www.facebook.com\/OrganisatorFachmagazin\" \/>\n<meta property=\"article:published_time\" content=\"2020-02-06T11:37:12+00:00\" \/>\n<meta property=\"og:image\" content=\"https:\/\/www.organisator.ch\/wp-content\/uploads\/2020\/02\/Coronavirus-Reisende-die-im-Januar-in-China-waren-muessen-mit-Restriktionen-rechnen_Organisator.jpg\" \/>\n\t<meta property=\"og:image:width\" content=\"680\" \/>\n\t<meta property=\"og:image:height\" content=\"230\" \/>\n\t<meta property=\"og:image:type\" content=\"image\/jpeg\" \/>\n<meta name=\"author\" content=\"thomas.berner\" \/>\n<meta name=\"twitter:card\" content=\"summary_large_image\" \/>\n<meta name=\"twitter:title\" content=\"#Coronavirus: Reisende, die im Januar in China waren, m\u00fcssen mit #Restriktionen rechnen\" \/>\n<meta name=\"twitter:description\" content=\"Das #Coronavirus zieht weitere Kreise. Viele Staaten sind laufend dabei, ihre #Einreisebestimmungen im Zusammenhang mit China anzupassen.\" \/>\n<meta name=\"twitter:image\" content=\"https:\/\/www.organisator.ch\/wp-content\/uploads\/2020\/02\/Coronavirus-Reisende-die-im-Januar-in-China-waren-muessen-mit-Restriktionen-rechnen_Organisator.jpg\" \/>\n<script type=\"application\/ld+json\" class=\"yoast-schema-graph\">{\"@context\":\"https:\\\/\\\/schema.org\",\"@graph\":[{\"@type\":\"Article\",\"@id\":\"https:\\\/\\\/www.organisator.ch\\\/de\\\/allgemein\\\/2020-02-06\\\/coronavirus-reisende-die-im-januar-in-china-waren-muessen-mit-restriktionen-rechnen\\\/#article\",\"isPartOf\":{\"@id\":\"https:\\\/\\\/www.organisator.ch\\\/de\\\/allgemein\\\/2020-02-06\\\/coronavirus-reisende-die-im-januar-in-china-waren-muessen-mit-restriktionen-rechnen\\\/\"},\"author\":{\"name\":\"thomas.berner\",\"@id\":\"https:\\\/\\\/www.organisator.ch\\\/#\\\/schema\\\/person\\\/6f650f90b2842cd4c0cc334b4e36f67e\"},\"headline\":\"Coronavirus: Reisende, die im Januar in China waren, m\u00fcssen mit Restriktionen rechnen\",\"datePublished\":\"2020-02-06T11:37:12+00:00\",\"mainEntityOfPage\":{\"@id\":\"https:\\\/\\\/www.organisator.ch\\\/de\\\/allgemein\\\/2020-02-06\\\/coronavirus-reisende-die-im-januar-in-china-waren-muessen-mit-restriktionen-rechnen\\\/\"},\"wordCount\":218,\"publisher\":{\"@id\":\"https:\\\/\\\/www.organisator.ch\\\/#organization\"},\"image\":{\"@id\":\"https:\\\/\\\/www.organisator.ch\\\/de\\\/allgemein\\\/2020-02-06\\\/coronavirus-reisende-die-im-januar-in-china-waren-muessen-mit-restriktionen-rechnen\\\/#primaryimage\"},\"thumbnailUrl\":\"https:\\\/\\\/www.organisator.ch\\\/wp-content\\\/uploads\\\/2020\\\/02\\\/Coronavirus-Reisende-die-im-Januar-in-China-waren-muessen-mit-Restriktionen-rechnen_Organisator.jpg\",\"keywords\":[\"Gesch\u00e4ftsreisen\",\"Risikomanagement\",\"Vermischtes\"],\"articleSection\":[\"Allgemein\"],\"inLanguage\":\"fr-FR\"},{\"@type\":\"WebPage\",\"@id\":\"https:\\\/\\\/www.organisator.ch\\\/de\\\/allgemein\\\/2020-02-06\\\/coronavirus-reisende-die-im-januar-in-china-waren-muessen-mit-restriktionen-rechnen\\\/\",\"url\":\"https:\\\/\\\/www.organisator.ch\\\/de\\\/allgemein\\\/2020-02-06\\\/coronavirus-reisende-die-im-januar-in-china-waren-muessen-mit-restriktionen-rechnen\\\/\",\"name\":\"Coronavirus: Reisende, die im Januar in China waren, m\u00fcssen mit Restriktionen rechnen - Organisator\",\"isPartOf\":{\"@id\":\"https:\\\/\\\/www.organisator.ch\\\/#website\"},\"primaryImageOfPage\":{\"@id\":\"https:\\\/\\\/www.organisator.ch\\\/de\\\/allgemein\\\/2020-02-06\\\/coronavirus-reisende-die-im-januar-in-china-waren-muessen-mit-restriktionen-rechnen\\\/#primaryimage\"},\"image\":{\"@id\":\"https:\\\/\\\/www.organisator.ch\\\/de\\\/allgemein\\\/2020-02-06\\\/coronavirus-reisende-die-im-januar-in-china-waren-muessen-mit-restriktionen-rechnen\\\/#primaryimage\"},\"thumbnailUrl\":\"https:\\\/\\\/www.organisator.ch\\\/wp-content\\\/uploads\\\/2020\\\/02\\\/Coronavirus-Reisende-die-im-Januar-in-China-waren-muessen-mit-Restriktionen-rechnen_Organisator.jpg\",\"datePublished\":\"2020-02-06T11:37:12+00:00\",\"description\":\"Das Coronavirus zieht weitere Kreise. Viele Staaten sind laufend dabei, ihre Einreisebestimmungen im Zusammenhang mit China anzupassen.\",\"breadcrumb\":{\"@id\":\"https:\\\/\\\/www.organisator.ch\\\/de\\\/allgemein\\\/2020-02-06\\\/coronavirus-reisende-die-im-januar-in-china-waren-muessen-mit-restriktionen-rechnen\\\/#breadcrumb\"},\"inLanguage\":\"fr-FR\",\"potentialAction\":[{\"@type\":\"ReadAction\",\"target\":[\"https:\\\/\\\/www.organisator.ch\\\/de\\\/allgemein\\\/2020-02-06\\\/coronavirus-reisende-die-im-januar-in-china-waren-muessen-mit-restriktionen-rechnen\\\/\"]}]},{\"@type\":\"ImageObject\",\"inLanguage\":\"fr-FR\",\"@id\":\"https:\\\/\\\/www.organisator.ch\\\/de\\\/allgemein\\\/2020-02-06\\\/coronavirus-reisende-die-im-januar-in-china-waren-muessen-mit-restriktionen-rechnen\\\/#primaryimage\",\"url\":\"https:\\\/\\\/www.organisator.ch\\\/wp-content\\\/uploads\\\/2020\\\/02\\\/Coronavirus-Reisende-die-im-Januar-in-China-waren-muessen-mit-Restriktionen-rechnen_Organisator.jpg\",\"contentUrl\":\"https:\\\/\\\/www.organisator.ch\\\/wp-content\\\/uploads\\\/2020\\\/02\\\/Coronavirus-Reisende-die-im-Januar-in-China-waren-muessen-mit-Restriktionen-rechnen_Organisator.jpg\",\"width\":680,\"height\":230,\"caption\":\"Folgen des Coronavirus: Immer mehr Restriktionen f\u00fcr Reisende, die im Januar in China waren. (Bild: Pixabay.com)\"},{\"@type\":\"BreadcrumbList\",\"@id\":\"https:\\\/\\\/www.organisator.ch\\\/de\\\/allgemein\\\/2020-02-06\\\/coronavirus-reisende-die-im-januar-in-china-waren-muessen-mit-restriktionen-rechnen\\\/#breadcrumb\",\"itemListElement\":[{\"@type\":\"ListItem\",\"position\":1,\"name\":\"Home\",\"item\":\"https:\\\/\\\/www.organisator.ch\\\/\"},{\"@type\":\"ListItem\",\"position\":2,\"name\":\"Coronavirus: Reisende, die im Januar in China waren, m\u00fcssen mit Restriktionen rechnen\"}]},{\"@type\":\"WebSite\",\"@id\":\"https:\\\/\\\/www.organisator.ch\\\/#website\",\"url\":\"https:\\\/\\\/www.organisator.ch\\\/\",\"name\":\"Organisator\",\"description\":\"Kompetent. Praxisnah. Der ORGANISATOR bereitet in 10 Ausgaben pro Jahr die wesentlichen Themen f\u00fcr F\u00fchrungskr\u00e4fte von KMU auf.\",\"publisher\":{\"@id\":\"https:\\\/\\\/www.organisator.ch\\\/#organization\"},\"potentialAction\":[{\"@type\":\"SearchAction\",\"target\":{\"@type\":\"EntryPoint\",\"urlTemplate\":\"https:\\\/\\\/www.organisator.ch\\\/?s={search_term_string}\"},\"query-input\":{\"@type\":\"PropertyValueSpecification\",\"valueRequired\":true,\"valueName\":\"search_term_string\"}}],\"inLanguage\":\"fr-FR\"},{\"@type\":\"Organization\",\"@id\":\"https:\\\/\\\/www.organisator.ch\\\/#organization\",\"name\":\"Organisator\",\"url\":\"https:\\\/\\\/www.organisator.ch\\\/\",\"logo\":{\"@type\":\"ImageObject\",\"inLanguage\":\"fr-FR\",\"@id\":\"https:\\\/\\\/www.organisator.ch\\\/#\\\/schema\\\/logo\\\/image\\\/\",\"url\":\"https:\\\/\\\/www.organisator.ch\\\/wp-content\\\/uploads\\\/2022\\\/01\\\/Logo_Organisator_Website.png\",\"contentUrl\":\"https:\\\/\\\/www.organisator.ch\\\/wp-content\\\/uploads\\\/2022\\\/01\\\/Logo_Organisator_Website.png\",\"width\":800,\"height\":77,\"caption\":\"Organisator\"},\"image\":{\"@id\":\"https:\\\/\\\/www.organisator.ch\\\/#\\\/schema\\\/logo\\\/image\\\/\"},\"sameAs\":[\"https:\\\/\\\/www.facebook.com\\\/OrganisatorFachmagazin\",\"https:\\\/\\\/www.linkedin.com\\\/showcase\\\/organisator-das-magazin-fr-kmu\",\"https:\\\/\\\/www.xing.com\\\/news\\\/pages\\\/organisator-ch-695\",\"https:\\\/\\\/www.youtube.com\\\/channel\\\/UCGP2Sq0iWaZwT3BdIAQFYpw\"]},{\"@type\":\"Person\",\"@id\":\"https:\\\/\\\/www.organisator.ch\\\/#\\\/schema\\\/person\\\/6f650f90b2842cd4c0cc334b4e36f67e\",\"name\":\"thomas.berner\",\"image\":{\"@type\":\"ImageObject\",\"inLanguage\":\"fr-FR\",\"@id\":\"https:\\\/\\\/secure.gravatar.com\\\/avatar\\\/ac5001d2a36cb6c6cd3e50789007ffca834b477b74a2144564522e944eabff61?s=96&d=mm&r=g\",\"url\":\"https:\\\/\\\/secure.gravatar.com\\\/avatar\\\/ac5001d2a36cb6c6cd3e50789007ffca834b477b74a2144564522e944eabff61?s=96&d=mm&r=g\",\"contentUrl\":\"https:\\\/\\\/secure.gravatar.com\\\/avatar\\\/ac5001d2a36cb6c6cd3e50789007ffca834b477b74a2144564522e944eabff61?s=96&d=mm&r=g\",\"caption\":\"thomas.berner\"},\"url\":\"https:\\\/\\\/www.organisator.ch\\\/fr\\\/author\\\/thomas-berner\\\/\"}]}<\/script>\n<!-- \/ Yoast SEO plugin. -->","yoast_head_json":{"title":"Coronavirus : les voyageurs qui se trouvaient en Chine en janvier doivent s'attendre \u00e0 des restrictions - Organisateur","description":"Le coronavirus continue de faire des \u00e9mules. De nombreux pays sont en train d'adapter leurs conditions d'entr\u00e9e en relation avec la Chine.","robots":{"index":"index","follow":"follow","max-snippet":"max-snippet:-1","max-image-preview":"max-image-preview:large","max-video-preview":"max-video-preview:-1"},"canonical":"https:\/\/www.organisator.ch\/fr\/general\/2020-02-06\/coronavirus-reisende-die-im-januar-in-china-waren-muessen-mit-restriktionen-rechnen\/","og_locale":"fr_FR","og_type":"article","og_title":"Coronavirus: Reisende, die im Januar in China waren, m\u00fcssen mit Restriktionen rechnen","og_description":"Das Coronavirus zieht weitere Kreise. Viele Staaten sind laufend dabei, ihre Einreisebestimmungen im Zusammenhang mit China anzupassen.","og_url":"https:\/\/www.organisator.ch\/fr\/general\/2020-02-06\/coronavirus-reisende-die-im-januar-in-china-waren-muessen-mit-restriktionen-rechnen\/","og_site_name":"Organisator","article_publisher":"https:\/\/www.facebook.com\/OrganisatorFachmagazin","article_published_time":"2020-02-06T11:37:12+00:00","og_image":[{"width":680,"height":230,"url":"https:\/\/www.organisator.ch\/wp-content\/uploads\/2020\/02\/Coronavirus-Reisende-die-im-Januar-in-China-waren-muessen-mit-Restriktionen-rechnen_Organisator.jpg","type":"image\/jpeg"}],"author":"thomas.berner","twitter_card":"summary_large_image","twitter_title":"#Coronavirus: Reisende, die im Januar in China waren, m\u00fcssen mit #Restriktionen rechnen","twitter_description":"Das #Coronavirus zieht weitere Kreise. Viele Staaten sind laufend dabei, ihre #Einreisebestimmungen im Zusammenhang mit China anzupassen.","twitter_image":"https:\/\/www.organisator.ch\/wp-content\/uploads\/2020\/02\/Coronavirus-Reisende-die-im-Januar-in-China-waren-muessen-mit-Restriktionen-rechnen_Organisator.jpg","schema":{"@context":"https:\/\/schema.org","@graph":[{"@type":"Article","@id":"https:\/\/www.organisator.ch\/de\/allgemein\/2020-02-06\/coronavirus-reisende-die-im-januar-in-china-waren-muessen-mit-restriktionen-rechnen\/#article","isPartOf":{"@id":"https:\/\/www.organisator.ch\/de\/allgemein\/2020-02-06\/coronavirus-reisende-die-im-januar-in-china-waren-muessen-mit-restriktionen-rechnen\/"},"author":{"name":"thomas.berner","@id":"https:\/\/www.organisator.ch\/#\/schema\/person\/6f650f90b2842cd4c0cc334b4e36f67e"},"headline":"Coronavirus: Reisende, die im Januar in China waren, m\u00fcssen mit Restriktionen rechnen","datePublished":"2020-02-06T11:37:12+00:00","mainEntityOfPage":{"@id":"https:\/\/www.organisator.ch\/de\/allgemein\/2020-02-06\/coronavirus-reisende-die-im-januar-in-china-waren-muessen-mit-restriktionen-rechnen\/"},"wordCount":218,"publisher":{"@id":"https:\/\/www.organisator.ch\/#organization"},"image":{"@id":"https:\/\/www.organisator.ch\/de\/allgemein\/2020-02-06\/coronavirus-reisende-die-im-januar-in-china-waren-muessen-mit-restriktionen-rechnen\/#primaryimage"},"thumbnailUrl":"https:\/\/www.organisator.ch\/wp-content\/uploads\/2020\/02\/Coronavirus-Reisende-die-im-Januar-in-China-waren-muessen-mit-Restriktionen-rechnen_Organisator.jpg","keywords":["Gesch\u00e4ftsreisen","Risikomanagement","Vermischtes"],"articleSection":["Allgemein"],"inLanguage":"fr-FR"},{"@type":"WebPage","@id":"https:\/\/www.organisator.ch\/de\/allgemein\/2020-02-06\/coronavirus-reisende-die-im-januar-in-china-waren-muessen-mit-restriktionen-rechnen\/","url":"https:\/\/www.organisator.ch\/de\/allgemein\/2020-02-06\/coronavirus-reisende-die-im-januar-in-china-waren-muessen-mit-restriktionen-rechnen\/","name":"Coronavirus : les voyageurs qui se trouvaient en Chine en janvier doivent s'attendre \u00e0 des restrictions - Organisateur","isPartOf":{"@id":"https:\/\/www.organisator.ch\/#website"},"primaryImageOfPage":{"@id":"https:\/\/www.organisator.ch\/de\/allgemein\/2020-02-06\/coronavirus-reisende-die-im-januar-in-china-waren-muessen-mit-restriktionen-rechnen\/#primaryimage"},"image":{"@id":"https:\/\/www.organisator.ch\/de\/allgemein\/2020-02-06\/coronavirus-reisende-die-im-januar-in-china-waren-muessen-mit-restriktionen-rechnen\/#primaryimage"},"thumbnailUrl":"https:\/\/www.organisator.ch\/wp-content\/uploads\/2020\/02\/Coronavirus-Reisende-die-im-Januar-in-China-waren-muessen-mit-Restriktionen-rechnen_Organisator.jpg","datePublished":"2020-02-06T11:37:12+00:00","description":"Le coronavirus continue de faire des \u00e9mules. De nombreux pays sont en train d'adapter leurs conditions d'entr\u00e9e en relation avec la Chine.","breadcrumb":{"@id":"https:\/\/www.organisator.ch\/de\/allgemein\/2020-02-06\/coronavirus-reisende-die-im-januar-in-china-waren-muessen-mit-restriktionen-rechnen\/#breadcrumb"},"inLanguage":"fr-FR","potentialAction":[{"@type":"ReadAction","target":["https:\/\/www.organisator.ch\/de\/allgemein\/2020-02-06\/coronavirus-reisende-die-im-januar-in-china-waren-muessen-mit-restriktionen-rechnen\/"]}]},{"@type":"ImageObject","inLanguage":"fr-FR","@id":"https:\/\/www.organisator.ch\/de\/allgemein\/2020-02-06\/coronavirus-reisende-die-im-januar-in-china-waren-muessen-mit-restriktionen-rechnen\/#primaryimage","url":"https:\/\/www.organisator.ch\/wp-content\/uploads\/2020\/02\/Coronavirus-Reisende-die-im-Januar-in-China-waren-muessen-mit-Restriktionen-rechnen_Organisator.jpg","contentUrl":"https:\/\/www.organisator.ch\/wp-content\/uploads\/2020\/02\/Coronavirus-Reisende-die-im-Januar-in-China-waren-muessen-mit-Restriktionen-rechnen_Organisator.jpg","width":680,"height":230,"caption":"Folgen des Coronavirus: Immer mehr Restriktionen f\u00fcr Reisende, die im Januar in China waren. (Bild: Pixabay.com)"},{"@type":"BreadcrumbList","@id":"https:\/\/www.organisator.ch\/de\/allgemein\/2020-02-06\/coronavirus-reisende-die-im-januar-in-china-waren-muessen-mit-restriktionen-rechnen\/#breadcrumb","itemListElement":[{"@type":"ListItem","position":1,"name":"Home","item":"https:\/\/www.organisator.ch\/"},{"@type":"ListItem","position":2,"name":"Coronavirus: Reisende, die im Januar in China waren, m\u00fcssen mit Restriktionen rechnen"}]},{"@type":"WebSite","@id":"https:\/\/www.organisator.ch\/#website","url":"https:\/\/www.organisator.ch\/","name":"Organisateur","description":"Comp\u00e9tence et comp\u00e9tence. Proches de la pratique. L'ORGANISATEUR pr\u00e9pare 10 num\u00e9ros par an sur les th\u00e8mes essentiels pour les dirigeants de PME.","publisher":{"@id":"https:\/\/www.organisator.ch\/#organization"},"potentialAction":[{"@type":"SearchAction","target":{"@type":"EntryPoint","urlTemplate":"https:\/\/www.organisator.ch\/?s={search_term_string}"},"query-input":{"@type":"PropertyValueSpecification","valueRequired":true,"valueName":"search_term_string"}}],"inLanguage":"fr-FR"},{"@type":"Organization","@id":"https:\/\/www.organisator.ch\/#organization","name":"Organisateur","url":"https:\/\/www.organisator.ch\/","logo":{"@type":"ImageObject","inLanguage":"fr-FR","@id":"https:\/\/www.organisator.ch\/#\/schema\/logo\/image\/","url":"https:\/\/www.organisator.ch\/wp-content\/uploads\/2022\/01\/Logo_Organisator_Website.png","contentUrl":"https:\/\/www.organisator.ch\/wp-content\/uploads\/2022\/01\/Logo_Organisator_Website.png","width":800,"height":77,"caption":"Organisator"},"image":{"@id":"https:\/\/www.organisator.ch\/#\/schema\/logo\/image\/"},"sameAs":["https:\/\/www.facebook.com\/OrganisatorFachmagazin","https:\/\/www.linkedin.com\/showcase\/organisator-das-magazin-fr-kmu","https:\/\/www.xing.com\/news\/pages\/organisator-ch-695","https:\/\/www.youtube.com\/channel\/UCGP2Sq0iWaZwT3BdIAQFYpw"]},{"@type":"Person","@id":"https:\/\/www.organisator.ch\/#\/schema\/person\/6f650f90b2842cd4c0cc334b4e36f67e","name":"thomas.berner","image":{"@type":"ImageObject","inLanguage":"fr-FR","@id":"https:\/\/secure.gravatar.com\/avatar\/ac5001d2a36cb6c6cd3e50789007ffca834b477b74a2144564522e944eabff61?s=96&d=mm&r=g","url":"https:\/\/secure.gravatar.com\/avatar\/ac5001d2a36cb6c6cd3e50789007ffca834b477b74a2144564522e944eabff61?s=96&d=mm&r=g","contentUrl":"https:\/\/secure.gravatar.com\/avatar\/ac5001d2a36cb6c6cd3e50789007ffca834b477b74a2144564522e944eabff61?s=96&d=mm&r=g","caption":"thomas.berner"},"url":"https:\/\/www.organisator.ch\/fr\/author\/thomas-berner\/"}]}},"_links":{"self":[{"href":"https:\/\/www.organisator.ch\/fr\/wp-json\/wp\/v2\/posts\/6314","targetHints":{"allow":["GET"]}}],"collection":[{"href":"https:\/\/www.organisator.ch\/fr\/wp-json\/wp\/v2\/posts"}],"about":[{"href":"https:\/\/www.organisator.ch\/fr\/wp-json\/wp\/v2\/types\/post"}],"author":[{"embeddable":true,"href":"https:\/\/www.organisator.ch\/fr\/wp-json\/wp\/v2\/users\/4"}],"replies":[{"embeddable":true,"href":"https:\/\/www.organisator.ch\/fr\/wp-json\/wp\/v2\/comments?post=6314"}],"version-history":[{"count":0,"href":"https:\/\/www.organisator.ch\/fr\/wp-json\/wp\/v2\/posts\/6314\/revisions"}],"wp:featuredmedia":[{"embeddable":true,"href":"https:\/\/www.organisator.ch\/fr\/wp-json\/wp\/v2\/media\/6315"}],"wp:attachment":[{"href":"https:\/\/www.organisator.ch\/fr\/wp-json\/wp\/v2\/media?parent=6314"}],"wp:term":[{"taxonomy":"category","embeddable":true,"href":"https:\/\/www.organisator.ch\/fr\/wp-json\/wp\/v2\/categories?post=6314"},{"taxonomy":"post_tag","embeddable":true,"href":"https:\/\/www.organisator.ch\/fr\/wp-json\/wp\/v2\/tags?post=6314"}],"curies":[{"name":"wp","href":"https:\/\/api.w.org\/{rel}","templated":true}]}}