{"id":6325,"date":"2020-02-11T09:58:01","date_gmt":"2020-02-11T08:58:01","guid":{"rendered":"https:\/\/www.organisator.ch\/?p=6325"},"modified":"2020-02-11T09:58:01","modified_gmt":"2020-02-11T08:58:01","slug":"am-puls-der-schweizer-tech-bewegung","status":"publish","type":"post","link":"https:\/\/www.organisator.ch\/fr\/management\/2020-02-11\/am-puls-der-schweizer-tech-bewegung\/","title":{"rendered":"Au c\u0153ur du mouvement tech suisse"},"content":{"rendered":"<figure id=\"attachment_6326\" aria-describedby=\"caption-attachment-6326\" style=\"width: 680px\" class=\"wp-caption alignnone\"><img loading=\"lazy\" decoding=\"async\" class=\"size-medium wp-image-6326\" src=\"https:\/\/www.organisator.ch\/wp-content\/uploads\/2020\/02\/Am-Puls-der-Schweizer-Tech-Bewegung_Organisator.jpg\" alt=\"\" width=\"680\" height=\"354\" srcset=\"https:\/\/www.organisator.ch\/wp-content\/uploads\/2020\/02\/Am-Puls-der-Schweizer-Tech-Bewegung_Organisator.jpg 680w, https:\/\/www.organisator.ch\/wp-content\/uploads\/2020\/02\/Am-Puls-der-Schweizer-Tech-Bewegung_Organisator-16x8.jpg 16w, https:\/\/www.organisator.ch\/wp-content\/uploads\/2020\/02\/Am-Puls-der-Schweizer-Tech-Bewegung_Organisator-336x175.jpg 336w, https:\/\/www.organisator.ch\/wp-content\/uploads\/2020\/02\/Am-Puls-der-Schweizer-Tech-Bewegung_Organisator-672x350.jpg 672w, https:\/\/www.organisator.ch\/wp-content\/uploads\/2020\/02\/Am-Puls-der-Schweizer-Tech-Bewegung_Organisator-300x156.jpg 300w\" sizes=\"auto, (max-width: 680px) 100vw, 680px\" \/><figcaption id=\"caption-attachment-6326\" class=\"wp-caption-text\">Cr\u00e9e un lieu de rencontre pour le mouvement tech suisse : Alex von M\u00fchlenen, fondateur de Chainwork. (Image : zVg)<\/figcaption><\/figure>\n<p>Les fondateurs de Chainwork veulent continuer \u00e0 renforcer la place \u00e9conomique suisse en tant que plaque tournante mondiale dans le monde de la technologie. \"Chainwork soutient la transformation num\u00e9rique des entreprises et offre \u00e0 l'\u00e9conomie suisse un acc\u00e8s unique \u00e0 des technologies d'avenir et disruptives. Nous misons sur la coop\u00e9ration et le transfert de connaissances entre les startups, les investisseurs, les entreprises technologiques ainsi que les PME et les groupes suisses\", explique Alex von M\u00fchlenen, directeur et fondateur de Chainwork.<\/p>\n<h2>Soutenir le mouvement Tech<\/h2>\n<p>Ce jeune entrepreneur bien connect\u00e9 a cr\u00e9\u00e9 il y a environ un an, avec Chainwork, la base d'une plate-forme qui doit soutenir l'\u00e9cosyst\u00e8me suisse des start-up par une densification cibl\u00e9e. Von M\u00fchlenen explique : \"La Suisse est un hotspot pour l'innovation technologique et est tr\u00e8s bien plac\u00e9e dans la concurrence mondiale. Nous voyons toutefois un probl\u00e8me dans la fragmentation actuelle des diff\u00e9rents acteurs \u00e9conomiques. C'est \u00e0 cette fragmentation que nous voulons rem\u00e9dier avec Chainwork\".<\/p>\n<h2>Coop\u00e9ration plut\u00f4t que concurrence<\/h2>\n<p>Le HUB de l'entreprise, situ\u00e9 dans le quartier zurichois de Seefeld, s'\u00e9tend sur plus de 1800 m2 et comprend un grand espace de coworking, un lieu d'\u00e9v\u00e9nements moderne et un living-room avec son propre concept de bar-caf\u00e9. Alex von M\u00fchlenen souligne : \"Nous voulons ainsi offrir aux cr\u00e9atifs et aux personnes partageant les m\u00eames id\u00e9es un cadre passionnant pour la mise en r\u00e9seau et le d\u00e9veloppement de la communaut\u00e9. Chainwork doit devenir un point de rencontre et un lieu de rencontre interg\u00e9n\u00e9rationnel pour le monde de la technologie et des entreprises\". Avec son espace de coworking, diff\u00e9rentes s\u00e9ries d'\u00e9v\u00e9nements et un programme de soutien aux start-up, Chainwork est un \u00e9cosyst\u00e8me interactif \u00e0 part enti\u00e8re, dans lequel la transformation num\u00e9rique des entreprises suisses doit s'acc\u00e9l\u00e9rer. \"Les synergies entre nos domaines d'activit\u00e9 nous rendent uniques. Mais en m\u00eame temps, nous repr\u00e9sentons une plateforme ouverte, con\u00e7ue pour la coop\u00e9ration et capable d'int\u00e9grer d'autres \u00e9cosyst\u00e8mes\".<\/p>\n<h2>Identifier les d\u00e9fis du march\u00e9<\/h2>\n<p>Avec son entreprise, Alex von M\u00fchlenen fait appel \u00e0 des personnalit\u00e9s reconnues de la sc\u00e8ne \u00e9conomique suisse. Contrairement \u00e0 d'autres prestataires de promotion de start-ups, Chainwork pr\u00e9sente des aspects explicitement commerciaux. Von M\u00fchlenen souligne : \"Il n'y a pas que les 'bonnes' id\u00e9es des startups qui comptent. Celles-ci doivent aussi \u00eatre ax\u00e9es sur la pratique et correspondre aux besoins r\u00e9els des entreprises en anticipant les int\u00e9r\u00eats \u00e9conomiques\". En cons\u00e9quence, Chainwork accorde une grande importance \u00e0 la curation et \u00e0 la coordination minutieuses des entreprises qui constituent le pool de ses membres : \"Chez nous, la qualit\u00e9 prime sur la quantit\u00e9. Nous nous consid\u00e9rons comme un label de boutique pour des coop\u00e9rations d'avenir entre innovateurs et investisseurs qui se rencontrent sur un pied d'\u00e9galit\u00e9\", explique Alex von M\u00fchlenen.<\/p>\n<p><em>informations : <a href=\"http:\/\/www.chainwork.com\">www.chainwork.com<\/a><\/em><\/p>","protected":false},"excerpt":{"rendered":"<p>Die Gr\u00fcnder von Chainwork wollen den Wirtschaftsstandort Schweiz weiter als globalen Drehpunkt in der Technologie-Welt st\u00e4rken. \u201eChainwork unterst\u00fctzt die digitale Transformation von Unternehmen und bietet der Schweizer Wirtschaft einen einzigartigen Zugang zu zukunftsweisenden und disruptiven Technologien. Wir setzen auf Kooperation und Wissenstransfer zwischen Startups, Investoren, Technologie-unternehmen sowie Schweizer KMU und Konzernen\u201c, sagt Alex von M\u00fchlenen, [&hellip;]<\/p>\n","protected":false},"author":4,"featured_media":6326,"comment_status":"closed","ping_status":"closed","sticky":false,"template":"","format":"standard","meta":{"_acf_changed":false,"_yoast_wpseo_focuskw":"Tech-Bewegung","_yoast_wpseo_metadesc":"Am Puls der Schweizer Tech-Bewegung: Das Schweizer Unternehmen Chainwork schafft einen Begegnungsort f\u00fcr technologieaffine KMU, Startups und Investoren.","articlekey":"","footnotes":""},"categories":[28],"tags":[135,156,451,492],"class_list":["post-6325","post","type-post","status-publish","format-standard","has-post-thumbnail","hentry","category-management","tag-coworking","tag-digitalisierung","tag-startups","tag-unternehmen"],"acf":[],"yoast_head":"<!-- This site is optimized with the Yoast SEO plugin v27.4 - https:\/\/yoast.com\/product\/yoast-seo-wordpress\/ -->\n<title>Am Puls der Schweizer Tech-Bewegung - Organisator<\/title>\n<meta name=\"description\" content=\"Am Puls der Schweizer Tech-Bewegung: Das Schweizer Unternehmen Chainwork schafft einen Begegnungsort f\u00fcr technologieaffine KMU, Startups und Investoren.\" \/>\n<meta name=\"robots\" content=\"index, follow, max-snippet:-1, max-image-preview:large, max-video-preview:-1\" \/>\n<link rel=\"canonical\" href=\"https:\/\/www.organisator.ch\/fr\/gestion-2\/2020-02-11\/am-puls-der-schweizer-tech-bewegung\/\" \/>\n<meta property=\"og:locale\" content=\"fr_FR\" \/>\n<meta property=\"og:type\" content=\"article\" \/>\n<meta property=\"og:title\" content=\"Am Puls der Schweizer Tech-Bewegung\" \/>\n<meta property=\"og:description\" content=\"Am Puls der Schweizer Tech-Bewegung: Das Schweizer Unternehmen Chainwork schafft einen Begegnungsort f\u00fcr technologieaffine KMU, Startups und Investoren.\" \/>\n<meta property=\"og:url\" content=\"https:\/\/www.organisator.ch\/fr\/gestion-2\/2020-02-11\/am-puls-der-schweizer-tech-bewegung\/\" \/>\n<meta property=\"og:site_name\" content=\"Organisator\" \/>\n<meta property=\"article:publisher\" content=\"https:\/\/www.facebook.com\/OrganisatorFachmagazin\" \/>\n<meta property=\"article:published_time\" content=\"2020-02-11T08:58:01+00:00\" \/>\n<meta property=\"og:image\" content=\"https:\/\/www.organisator.ch\/wp-content\/uploads\/2020\/02\/Am-Puls-der-Schweizer-Tech-Bewegung_Organisator.jpg\" \/>\n\t<meta property=\"og:image:width\" content=\"680\" \/>\n\t<meta property=\"og:image:height\" content=\"354\" \/>\n\t<meta property=\"og:image:type\" content=\"image\/jpeg\" \/>\n<meta name=\"author\" content=\"thomas.berner\" \/>\n<meta name=\"twitter:card\" content=\"summary_large_image\" \/>\n<meta name=\"twitter:title\" content=\"Am Puls der Schweizer #Tech-Bewegung\" \/>\n<meta name=\"twitter:description\" content=\"Am Puls der Schweizer #Tech-Bewegung: Das Schweizer Unternehmen #Chainwork schafft einen Begegnungsort f\u00fcr technologieaffine KMU, Startups und Investoren.\" \/>\n<meta name=\"twitter:image\" content=\"https:\/\/www.organisator.ch\/wp-content\/uploads\/2020\/02\/Am-Puls-der-Schweizer-Tech-Bewegung_Organisator.jpg\" \/>\n<script type=\"application\/ld+json\" class=\"yoast-schema-graph\">{\"@context\":\"https:\\\/\\\/schema.org\",\"@graph\":[{\"@type\":\"Article\",\"@id\":\"https:\\\/\\\/www.organisator.ch\\\/management\\\/2020-02-11\\\/am-puls-der-schweizer-tech-bewegung\\\/#article\",\"isPartOf\":{\"@id\":\"https:\\\/\\\/www.organisator.ch\\\/management\\\/2020-02-11\\\/am-puls-der-schweizer-tech-bewegung\\\/\"},\"author\":{\"name\":\"thomas.berner\",\"@id\":\"https:\\\/\\\/www.organisator.ch\\\/#\\\/schema\\\/person\\\/6f650f90b2842cd4c0cc334b4e36f67e\"},\"headline\":\"Am Puls der Schweizer Tech-Bewegung\",\"datePublished\":\"2020-02-11T08:58:01+00:00\",\"mainEntityOfPage\":{\"@id\":\"https:\\\/\\\/www.organisator.ch\\\/management\\\/2020-02-11\\\/am-puls-der-schweizer-tech-bewegung\\\/\"},\"wordCount\":407,\"publisher\":{\"@id\":\"https:\\\/\\\/www.organisator.ch\\\/#organization\"},\"image\":{\"@id\":\"https:\\\/\\\/www.organisator.ch\\\/management\\\/2020-02-11\\\/am-puls-der-schweizer-tech-bewegung\\\/#primaryimage\"},\"thumbnailUrl\":\"https:\\\/\\\/www.organisator.ch\\\/wp-content\\\/uploads\\\/2020\\\/02\\\/Am-Puls-der-Schweizer-Tech-Bewegung_Organisator.jpg\",\"keywords\":[\"Coworking\",\"Digitalisierung\",\"Startups\",\"Unternehmen\"],\"articleSection\":[\"MANAGEMENT\"],\"inLanguage\":\"fr-FR\"},{\"@type\":\"WebPage\",\"@id\":\"https:\\\/\\\/www.organisator.ch\\\/management\\\/2020-02-11\\\/am-puls-der-schweizer-tech-bewegung\\\/\",\"url\":\"https:\\\/\\\/www.organisator.ch\\\/management\\\/2020-02-11\\\/am-puls-der-schweizer-tech-bewegung\\\/\",\"name\":\"Am Puls der Schweizer Tech-Bewegung - Organisator\",\"isPartOf\":{\"@id\":\"https:\\\/\\\/www.organisator.ch\\\/#website\"},\"primaryImageOfPage\":{\"@id\":\"https:\\\/\\\/www.organisator.ch\\\/management\\\/2020-02-11\\\/am-puls-der-schweizer-tech-bewegung\\\/#primaryimage\"},\"image\":{\"@id\":\"https:\\\/\\\/www.organisator.ch\\\/management\\\/2020-02-11\\\/am-puls-der-schweizer-tech-bewegung\\\/#primaryimage\"},\"thumbnailUrl\":\"https:\\\/\\\/www.organisator.ch\\\/wp-content\\\/uploads\\\/2020\\\/02\\\/Am-Puls-der-Schweizer-Tech-Bewegung_Organisator.jpg\",\"datePublished\":\"2020-02-11T08:58:01+00:00\",\"description\":\"Am Puls der Schweizer Tech-Bewegung: Das Schweizer Unternehmen Chainwork schafft einen Begegnungsort f\u00fcr technologieaffine KMU, Startups und Investoren.\",\"breadcrumb\":{\"@id\":\"https:\\\/\\\/www.organisator.ch\\\/management\\\/2020-02-11\\\/am-puls-der-schweizer-tech-bewegung\\\/#breadcrumb\"},\"inLanguage\":\"fr-FR\",\"potentialAction\":[{\"@type\":\"ReadAction\",\"target\":[\"https:\\\/\\\/www.organisator.ch\\\/management\\\/2020-02-11\\\/am-puls-der-schweizer-tech-bewegung\\\/\"]}]},{\"@type\":\"ImageObject\",\"inLanguage\":\"fr-FR\",\"@id\":\"https:\\\/\\\/www.organisator.ch\\\/management\\\/2020-02-11\\\/am-puls-der-schweizer-tech-bewegung\\\/#primaryimage\",\"url\":\"https:\\\/\\\/www.organisator.ch\\\/wp-content\\\/uploads\\\/2020\\\/02\\\/Am-Puls-der-Schweizer-Tech-Bewegung_Organisator.jpg\",\"contentUrl\":\"https:\\\/\\\/www.organisator.ch\\\/wp-content\\\/uploads\\\/2020\\\/02\\\/Am-Puls-der-Schweizer-Tech-Bewegung_Organisator.jpg\",\"width\":680,\"height\":354,\"caption\":\"Schafft einen Begegnungsort f\u00fcr die Schweizer Tech-Bewegung: Alex von M\u00fchlenen, Gr\u00fcnder von Chainwork. (Bild: zVg)\"},{\"@type\":\"BreadcrumbList\",\"@id\":\"https:\\\/\\\/www.organisator.ch\\\/management\\\/2020-02-11\\\/am-puls-der-schweizer-tech-bewegung\\\/#breadcrumb\",\"itemListElement\":[{\"@type\":\"ListItem\",\"position\":1,\"name\":\"Home\",\"item\":\"https:\\\/\\\/www.organisator.ch\\\/\"},{\"@type\":\"ListItem\",\"position\":2,\"name\":\"Am Puls der Schweizer Tech-Bewegung\"}]},{\"@type\":\"WebSite\",\"@id\":\"https:\\\/\\\/www.organisator.ch\\\/#website\",\"url\":\"https:\\\/\\\/www.organisator.ch\\\/\",\"name\":\"Organisator\",\"description\":\"Kompetent. Praxisnah. Der ORGANISATOR bereitet in 10 Ausgaben pro Jahr die wesentlichen Themen f\u00fcr F\u00fchrungskr\u00e4fte von KMU auf.\",\"publisher\":{\"@id\":\"https:\\\/\\\/www.organisator.ch\\\/#organization\"},\"potentialAction\":[{\"@type\":\"SearchAction\",\"target\":{\"@type\":\"EntryPoint\",\"urlTemplate\":\"https:\\\/\\\/www.organisator.ch\\\/?s={search_term_string}\"},\"query-input\":{\"@type\":\"PropertyValueSpecification\",\"valueRequired\":true,\"valueName\":\"search_term_string\"}}],\"inLanguage\":\"fr-FR\"},{\"@type\":\"Organization\",\"@id\":\"https:\\\/\\\/www.organisator.ch\\\/#organization\",\"name\":\"Organisator\",\"url\":\"https:\\\/\\\/www.organisator.ch\\\/\",\"logo\":{\"@type\":\"ImageObject\",\"inLanguage\":\"fr-FR\",\"@id\":\"https:\\\/\\\/www.organisator.ch\\\/#\\\/schema\\\/logo\\\/image\\\/\",\"url\":\"https:\\\/\\\/www.organisator.ch\\\/wp-content\\\/uploads\\\/2022\\\/01\\\/Logo_Organisator_Website.png\",\"contentUrl\":\"https:\\\/\\\/www.organisator.ch\\\/wp-content\\\/uploads\\\/2022\\\/01\\\/Logo_Organisator_Website.png\",\"width\":800,\"height\":77,\"caption\":\"Organisator\"},\"image\":{\"@id\":\"https:\\\/\\\/www.organisator.ch\\\/#\\\/schema\\\/logo\\\/image\\\/\"},\"sameAs\":[\"https:\\\/\\\/www.facebook.com\\\/OrganisatorFachmagazin\",\"https:\\\/\\\/www.linkedin.com\\\/showcase\\\/organisator-das-magazin-fr-kmu\",\"https:\\\/\\\/www.xing.com\\\/news\\\/pages\\\/organisator-ch-695\",\"https:\\\/\\\/www.youtube.com\\\/channel\\\/UCGP2Sq0iWaZwT3BdIAQFYpw\"]},{\"@type\":\"Person\",\"@id\":\"https:\\\/\\\/www.organisator.ch\\\/#\\\/schema\\\/person\\\/6f650f90b2842cd4c0cc334b4e36f67e\",\"name\":\"thomas.berner\",\"image\":{\"@type\":\"ImageObject\",\"inLanguage\":\"fr-FR\",\"@id\":\"https:\\\/\\\/secure.gravatar.com\\\/avatar\\\/ac5001d2a36cb6c6cd3e50789007ffca834b477b74a2144564522e944eabff61?s=96&d=mm&r=g\",\"url\":\"https:\\\/\\\/secure.gravatar.com\\\/avatar\\\/ac5001d2a36cb6c6cd3e50789007ffca834b477b74a2144564522e944eabff61?s=96&d=mm&r=g\",\"contentUrl\":\"https:\\\/\\\/secure.gravatar.com\\\/avatar\\\/ac5001d2a36cb6c6cd3e50789007ffca834b477b74a2144564522e944eabff61?s=96&d=mm&r=g\",\"caption\":\"thomas.berner\"},\"url\":\"https:\\\/\\\/www.organisator.ch\\\/fr\\\/author\\\/thomas-berner\\\/\"}]}<\/script>\n<!-- \/ Yoast SEO plugin. -->","yoast_head_json":{"title":"Au c\u0153ur du mouvement tech suisse - Organisateur","description":"Au c\u0153ur du mouvement tech suisse : L'entreprise suisse Chainwork cr\u00e9e un lieu de rencontre pour les PME, les start-ups et les investisseurs int\u00e9ress\u00e9s par la technologie.","robots":{"index":"index","follow":"follow","max-snippet":"max-snippet:-1","max-image-preview":"max-image-preview:large","max-video-preview":"max-video-preview:-1"},"canonical":"https:\/\/www.organisator.ch\/fr\/gestion-2\/2020-02-11\/am-puls-der-schweizer-tech-bewegung\/","og_locale":"fr_FR","og_type":"article","og_title":"Am Puls der Schweizer Tech-Bewegung","og_description":"Am Puls der Schweizer Tech-Bewegung: Das Schweizer Unternehmen Chainwork schafft einen Begegnungsort f\u00fcr technologieaffine KMU, Startups und Investoren.","og_url":"https:\/\/www.organisator.ch\/fr\/gestion-2\/2020-02-11\/am-puls-der-schweizer-tech-bewegung\/","og_site_name":"Organisator","article_publisher":"https:\/\/www.facebook.com\/OrganisatorFachmagazin","article_published_time":"2020-02-11T08:58:01+00:00","og_image":[{"width":680,"height":354,"url":"https:\/\/www.organisator.ch\/wp-content\/uploads\/2020\/02\/Am-Puls-der-Schweizer-Tech-Bewegung_Organisator.jpg","type":"image\/jpeg"}],"author":"thomas.berner","twitter_card":"summary_large_image","twitter_title":"Am Puls der Schweizer #Tech-Bewegung","twitter_description":"Am Puls der Schweizer #Tech-Bewegung: Das Schweizer Unternehmen #Chainwork schafft einen Begegnungsort f\u00fcr technologieaffine KMU, Startups und Investoren.","twitter_image":"https:\/\/www.organisator.ch\/wp-content\/uploads\/2020\/02\/Am-Puls-der-Schweizer-Tech-Bewegung_Organisator.jpg","schema":{"@context":"https:\/\/schema.org","@graph":[{"@type":"Article","@id":"https:\/\/www.organisator.ch\/management\/2020-02-11\/am-puls-der-schweizer-tech-bewegung\/#article","isPartOf":{"@id":"https:\/\/www.organisator.ch\/management\/2020-02-11\/am-puls-der-schweizer-tech-bewegung\/"},"author":{"name":"thomas.berner","@id":"https:\/\/www.organisator.ch\/#\/schema\/person\/6f650f90b2842cd4c0cc334b4e36f67e"},"headline":"Am Puls der Schweizer Tech-Bewegung","datePublished":"2020-02-11T08:58:01+00:00","mainEntityOfPage":{"@id":"https:\/\/www.organisator.ch\/management\/2020-02-11\/am-puls-der-schweizer-tech-bewegung\/"},"wordCount":407,"publisher":{"@id":"https:\/\/www.organisator.ch\/#organization"},"image":{"@id":"https:\/\/www.organisator.ch\/management\/2020-02-11\/am-puls-der-schweizer-tech-bewegung\/#primaryimage"},"thumbnailUrl":"https:\/\/www.organisator.ch\/wp-content\/uploads\/2020\/02\/Am-Puls-der-Schweizer-Tech-Bewegung_Organisator.jpg","keywords":["Coworking","Digitalisierung","Startups","Unternehmen"],"articleSection":["MANAGEMENT"],"inLanguage":"fr-FR"},{"@type":"WebPage","@id":"https:\/\/www.organisator.ch\/management\/2020-02-11\/am-puls-der-schweizer-tech-bewegung\/","url":"https:\/\/www.organisator.ch\/management\/2020-02-11\/am-puls-der-schweizer-tech-bewegung\/","name":"Au c\u0153ur du mouvement tech suisse - Organisateur","isPartOf":{"@id":"https:\/\/www.organisator.ch\/#website"},"primaryImageOfPage":{"@id":"https:\/\/www.organisator.ch\/management\/2020-02-11\/am-puls-der-schweizer-tech-bewegung\/#primaryimage"},"image":{"@id":"https:\/\/www.organisator.ch\/management\/2020-02-11\/am-puls-der-schweizer-tech-bewegung\/#primaryimage"},"thumbnailUrl":"https:\/\/www.organisator.ch\/wp-content\/uploads\/2020\/02\/Am-Puls-der-Schweizer-Tech-Bewegung_Organisator.jpg","datePublished":"2020-02-11T08:58:01+00:00","description":"Au c\u0153ur du mouvement tech suisse : L'entreprise suisse Chainwork cr\u00e9e un lieu de rencontre pour les PME, les start-ups et les investisseurs int\u00e9ress\u00e9s par la technologie.","breadcrumb":{"@id":"https:\/\/www.organisator.ch\/management\/2020-02-11\/am-puls-der-schweizer-tech-bewegung\/#breadcrumb"},"inLanguage":"fr-FR","potentialAction":[{"@type":"ReadAction","target":["https:\/\/www.organisator.ch\/management\/2020-02-11\/am-puls-der-schweizer-tech-bewegung\/"]}]},{"@type":"ImageObject","inLanguage":"fr-FR","@id":"https:\/\/www.organisator.ch\/management\/2020-02-11\/am-puls-der-schweizer-tech-bewegung\/#primaryimage","url":"https:\/\/www.organisator.ch\/wp-content\/uploads\/2020\/02\/Am-Puls-der-Schweizer-Tech-Bewegung_Organisator.jpg","contentUrl":"https:\/\/www.organisator.ch\/wp-content\/uploads\/2020\/02\/Am-Puls-der-Schweizer-Tech-Bewegung_Organisator.jpg","width":680,"height":354,"caption":"Schafft einen Begegnungsort f\u00fcr die Schweizer Tech-Bewegung: Alex von M\u00fchlenen, Gr\u00fcnder von Chainwork. (Bild: zVg)"},{"@type":"BreadcrumbList","@id":"https:\/\/www.organisator.ch\/management\/2020-02-11\/am-puls-der-schweizer-tech-bewegung\/#breadcrumb","itemListElement":[{"@type":"ListItem","position":1,"name":"Home","item":"https:\/\/www.organisator.ch\/"},{"@type":"ListItem","position":2,"name":"Am Puls der Schweizer Tech-Bewegung"}]},{"@type":"WebSite","@id":"https:\/\/www.organisator.ch\/#website","url":"https:\/\/www.organisator.ch\/","name":"Organisateur","description":"Comp\u00e9tence et comp\u00e9tence. Proches de la pratique. L'ORGANISATEUR pr\u00e9pare 10 num\u00e9ros par an sur les th\u00e8mes essentiels pour les dirigeants de PME.","publisher":{"@id":"https:\/\/www.organisator.ch\/#organization"},"potentialAction":[{"@type":"SearchAction","target":{"@type":"EntryPoint","urlTemplate":"https:\/\/www.organisator.ch\/?s={search_term_string}"},"query-input":{"@type":"PropertyValueSpecification","valueRequired":true,"valueName":"search_term_string"}}],"inLanguage":"fr-FR"},{"@type":"Organization","@id":"https:\/\/www.organisator.ch\/#organization","name":"Organisateur","url":"https:\/\/www.organisator.ch\/","logo":{"@type":"ImageObject","inLanguage":"fr-FR","@id":"https:\/\/www.organisator.ch\/#\/schema\/logo\/image\/","url":"https:\/\/www.organisator.ch\/wp-content\/uploads\/2022\/01\/Logo_Organisator_Website.png","contentUrl":"https:\/\/www.organisator.ch\/wp-content\/uploads\/2022\/01\/Logo_Organisator_Website.png","width":800,"height":77,"caption":"Organisator"},"image":{"@id":"https:\/\/www.organisator.ch\/#\/schema\/logo\/image\/"},"sameAs":["https:\/\/www.facebook.com\/OrganisatorFachmagazin","https:\/\/www.linkedin.com\/showcase\/organisator-das-magazin-fr-kmu","https:\/\/www.xing.com\/news\/pages\/organisator-ch-695","https:\/\/www.youtube.com\/channel\/UCGP2Sq0iWaZwT3BdIAQFYpw"]},{"@type":"Person","@id":"https:\/\/www.organisator.ch\/#\/schema\/person\/6f650f90b2842cd4c0cc334b4e36f67e","name":"thomas.berner","image":{"@type":"ImageObject","inLanguage":"fr-FR","@id":"https:\/\/secure.gravatar.com\/avatar\/ac5001d2a36cb6c6cd3e50789007ffca834b477b74a2144564522e944eabff61?s=96&d=mm&r=g","url":"https:\/\/secure.gravatar.com\/avatar\/ac5001d2a36cb6c6cd3e50789007ffca834b477b74a2144564522e944eabff61?s=96&d=mm&r=g","contentUrl":"https:\/\/secure.gravatar.com\/avatar\/ac5001d2a36cb6c6cd3e50789007ffca834b477b74a2144564522e944eabff61?s=96&d=mm&r=g","caption":"thomas.berner"},"url":"https:\/\/www.organisator.ch\/fr\/author\/thomas-berner\/"}]}},"_links":{"self":[{"href":"https:\/\/www.organisator.ch\/fr\/wp-json\/wp\/v2\/posts\/6325","targetHints":{"allow":["GET"]}}],"collection":[{"href":"https:\/\/www.organisator.ch\/fr\/wp-json\/wp\/v2\/posts"}],"about":[{"href":"https:\/\/www.organisator.ch\/fr\/wp-json\/wp\/v2\/types\/post"}],"author":[{"embeddable":true,"href":"https:\/\/www.organisator.ch\/fr\/wp-json\/wp\/v2\/users\/4"}],"replies":[{"embeddable":true,"href":"https:\/\/www.organisator.ch\/fr\/wp-json\/wp\/v2\/comments?post=6325"}],"version-history":[{"count":0,"href":"https:\/\/www.organisator.ch\/fr\/wp-json\/wp\/v2\/posts\/6325\/revisions"}],"wp:featuredmedia":[{"embeddable":true,"href":"https:\/\/www.organisator.ch\/fr\/wp-json\/wp\/v2\/media\/6326"}],"wp:attachment":[{"href":"https:\/\/www.organisator.ch\/fr\/wp-json\/wp\/v2\/media?parent=6325"}],"wp:term":[{"taxonomy":"category","embeddable":true,"href":"https:\/\/www.organisator.ch\/fr\/wp-json\/wp\/v2\/categories?post=6325"},{"taxonomy":"post_tag","embeddable":true,"href":"https:\/\/www.organisator.ch\/fr\/wp-json\/wp\/v2\/tags?post=6325"}],"curies":[{"name":"wp","href":"https:\/\/api.w.org\/{rel}","templated":true}]}}