{"id":6331,"date":"2020-02-12T13:45:27","date_gmt":"2020-02-12T12:45:27","guid":{"rendered":"https:\/\/www.organisator.ch\/?p=6331"},"modified":"2020-02-12T13:45:27","modified_gmt":"2020-02-12T12:45:27","slug":"samuel-schweizer-folgt-bei-elo-digital-office-schweiz-auf-helmar-steinmann","status":"publish","type":"post","link":"https:\/\/www.organisator.ch\/fr\/management\/it\/2020-02-12\/samuel-schweizer-folgt-bei-elo-digital-office-schweiz-auf-helmar-steinmann\/","title":{"rendered":"Samuel Schweizer succ\u00e8de \u00e0 Helmar Steinmann chez ELO Digital Office Suisse"},"content":{"rendered":"<figure id=\"attachment_6332\" aria-describedby=\"caption-attachment-6332\" style=\"width: 680px\" class=\"wp-caption alignnone\"><img loading=\"lazy\" decoding=\"async\" class=\"size-medium wp-image-6332\" src=\"https:\/\/www.organisator.ch\/wp-content\/uploads\/2020\/02\/ELO-Digital-Office-Schweiz-Samuel-Schweizer-folgt-auf-Helmar-Steinmann_Organisator.jpg\" alt=\"\" width=\"680\" height=\"454\" srcset=\"https:\/\/www.organisator.ch\/wp-content\/uploads\/2020\/02\/ELO-Digital-Office-Schweiz-Samuel-Schweizer-folgt-auf-Helmar-Steinmann_Organisator.jpg 680w, https:\/\/www.organisator.ch\/wp-content\/uploads\/2020\/02\/ELO-Digital-Office-Schweiz-Samuel-Schweizer-folgt-auf-Helmar-Steinmann_Organisator-16x12.jpg 16w, https:\/\/www.organisator.ch\/wp-content\/uploads\/2020\/02\/ELO-Digital-Office-Schweiz-Samuel-Schweizer-folgt-auf-Helmar-Steinmann_Organisator-262x175.jpg 262w, https:\/\/www.organisator.ch\/wp-content\/uploads\/2020\/02\/ELO-Digital-Office-Schweiz-Samuel-Schweizer-folgt-auf-Helmar-Steinmann_Organisator-524x350.jpg 524w, https:\/\/www.organisator.ch\/wp-content\/uploads\/2020\/02\/ELO-Digital-Office-Schweiz-Samuel-Schweizer-folgt-auf-Helmar-Steinmann_Organisator-300x200.jpg 300w\" sizes=\"auto, (max-width: 680px) 100vw, 680px\" \/><figcaption id=\"caption-attachment-6332\" class=\"wp-caption-text\">Helmar Steinmann (\u00e0 gauche) transmet la direction de la succursale \u00e0 Samuel Schweizer. (Image : ELO Digital Office)<\/figcaption><\/figure>\n<p>La soci\u00e9t\u00e9 ELO Digital Office CH AG \u00e0 Wallisellen est l'un des plus anciens et des plus grands sites du fabricant mondial de gestion de contenu d'entreprise (ECM) de Stuttgart. Un changement intervient maintenant \u00e0 la direction de la succursale : Samuel Schweizer succ\u00e8de \u00e0 Helmar Steinmann.<\/p>\n<h2>Samuel Schweizer veut porter le succ\u00e8s \u00e0 l'avenir<\/h2>\n<p>Samuel Schweizer a rejoint ELO Digital Office CH AG d\u00e8s 2018 en tant que Head of Sales. Dans cette fonction, il \u00e9tait responsable des activit\u00e9s de vente et du suivi des ELO Business Partners. Depuis, il a d\u00e9j\u00e0 pu gagner deux nouveaux Business Partners en tant que partenaires de distribution pour les solutions ELO. Au d\u00e9but de l'ann\u00e9e, il a maintenant repris la fonction de directeur de la succursale. \"Je suis convaincu d'avoir trouv\u00e9 en Samuel Schweizer un successeur digne de ce nom, qui saura porter le cap du succ\u00e8s actuel vers l'avenir\", souligne son pr\u00e9d\u00e9cesseur Helmar Steinmann.<\/p>\n<h2><strong>Syst\u00e8mes ECM simples d'utilisation<\/strong><\/h2>\n<p>Le nouveau directeur de la succursale conna\u00eet parfaitement le march\u00e9 suisse de l'ECM et dispose d'un bon r\u00e9seau dans la branche. Il voit un grand potentiel pour ELO CH : \"En raison des r\u00e9gulateurs l\u00e9gaux, notamment en mati\u00e8re de protection des donn\u00e9es, de nombreuses entreprises sont oblig\u00e9es d'adapter leurs m\u00e9thodes et processus de travail. ELO propose ici d'excellentes solutions commerciales telles que le dossier num\u00e9rique du personnel, une gestion num\u00e9rique des contrats et une solution de traitement num\u00e9rique des factures, qui sont rapidement introduites et surtout faciles \u00e0 utiliser\", explique Schweizer. Il s'agit de les \u00e9tablir aupr\u00e8s des principaux d\u00e9cideurs dans une multitude de contextes commerciaux. Il souhaite en outre continuer \u00e0 d\u00e9velopper et - si n\u00e9cessaire - \u00e0 optimiser le support dans les entreprises, les projets et la vente.<\/p>\n<p><em>Plus d'informations sous : <a href=\"https:\/\/complecta.us3.list-manage.com\/track\/click?u=26dd61776ff7181fa2f794553&amp;id=925cdb4052&amp;e=a3a7effbb4\">www.elo.swiss<\/a><\/em><\/p>","protected":false},"excerpt":{"rendered":"<p>Die ELO Digital Office CH AG in Wallisellen ist einer der \u00e4ltesten und gr\u00f6ssten Standorte des weltweit t\u00e4tigen Herstellers f\u00fcr Enterprise-Content-Management (ECM) aus Stuttgart. Nun kommt es zu einem Wechsel in der Niederlassungsleitung: Samuel Schweizer folgt auf Helmar Steinmann. Samuel Schweizer will den Erfolg in die Zukunft tragen Samuel Schweizer trat bereits 2018 als Head [&hellip;]<\/p>\n","protected":false},"author":4,"featured_media":6332,"comment_status":"closed","ping_status":"closed","sticky":false,"template":"","format":"standard","meta":{"_acf_changed":false,"_yoast_wpseo_focuskw":"Samuel Schweizer","_yoast_wpseo_metadesc":"Samuel Schweizer hat per Januar die Niederlassungsleitung bei ELO Digital Office Schweiz von seinem Vorg\u00e4nger Helmar Steinmann \u00fcbernommen.","articlekey":"","footnotes":""},"categories":[27],"tags":[286,288,381,492],"class_list":["post-6331","post","type-post","status-publish","format-standard","has-post-thumbnail","hentry","category-it","tag-it","tag-it-business-software","tag-personalia","tag-unternehmen"],"acf":[],"yoast_head":"<!-- This site is optimized with the Yoast SEO plugin v27.5 - https:\/\/yoast.com\/product\/yoast-seo-wordpress\/ -->\n<title>Samuel Schweizer folgt bei ELO Digital Office Schweiz auf Helmar Steinmann - Organisator<\/title>\n<meta name=\"description\" content=\"Samuel Schweizer hat per Januar die Niederlassungsleitung bei ELO Digital Office Schweiz von seinem Vorg\u00e4nger Helmar Steinmann \u00fcbernommen.\" \/>\n<meta name=\"robots\" content=\"index, follow, max-snippet:-1, max-image-preview:large, max-video-preview:-1\" \/>\n<link rel=\"canonical\" href=\"https:\/\/www.organisator.ch\/fr\/gestion-2\/it\/2020-02-12\/samuel-schweizer-folgt-bei-elo-digital-office-schweiz-auf-helmar-steinmann\/\" \/>\n<meta property=\"og:locale\" content=\"fr_FR\" \/>\n<meta property=\"og:type\" content=\"article\" \/>\n<meta property=\"og:title\" content=\"Samuel Schweizer folgt bei ELO Digital Office Schweiz auf Helmar Steinmann\" \/>\n<meta property=\"og:description\" content=\"Samuel Schweizer hat per Januar die Niederlassungsleitung bei ELO Digital Office Schweiz von seinem Vorg\u00e4nger Helmar Steinmann \u00fcbernommen.\" \/>\n<meta property=\"og:url\" content=\"https:\/\/www.organisator.ch\/fr\/gestion-2\/it\/2020-02-12\/samuel-schweizer-folgt-bei-elo-digital-office-schweiz-auf-helmar-steinmann\/\" \/>\n<meta property=\"og:site_name\" content=\"Organisator\" \/>\n<meta property=\"article:publisher\" content=\"https:\/\/www.facebook.com\/OrganisatorFachmagazin\" \/>\n<meta property=\"article:published_time\" content=\"2020-02-12T12:45:27+00:00\" \/>\n<meta property=\"og:image\" content=\"https:\/\/www.organisator.ch\/wp-content\/uploads\/2020\/02\/ELO-Digital-Office-Schweiz-Samuel-Schweizer-folgt-auf-Helmar-Steinmann_Organisator.jpg\" \/>\n\t<meta property=\"og:image:width\" content=\"680\" \/>\n\t<meta property=\"og:image:height\" content=\"454\" \/>\n\t<meta property=\"og:image:type\" content=\"image\/jpeg\" \/>\n<meta name=\"author\" content=\"thomas.berner\" \/>\n<meta name=\"twitter:card\" content=\"summary_large_image\" \/>\n<meta name=\"twitter:title\" content=\"Samuel Schweizer folgt bei #ELO Digital Office Schweiz auf Helmar Steinmann\" \/>\n<meta name=\"twitter:description\" content=\"Samuel Schweizer hat per Januar die #Niederlassungsleitung bei #ELO Digital Office Schweiz von seinem Vorg\u00e4nger Helmar Steinmann \u00fcbernommen.\" \/>\n<meta name=\"twitter:image\" content=\"https:\/\/www.organisator.ch\/wp-content\/uploads\/2020\/02\/ELO-Digital-Office-Schweiz-Samuel-Schweizer-folgt-auf-Helmar-Steinmann_Organisator.jpg\" \/>\n<script type=\"application\/ld+json\" class=\"yoast-schema-graph\">{\"@context\":\"https:\\\/\\\/schema.org\",\"@graph\":[{\"@type\":\"Article\",\"@id\":\"https:\\\/\\\/www.organisator.ch\\\/management\\\/it\\\/2020-02-12\\\/samuel-schweizer-folgt-bei-elo-digital-office-schweiz-auf-helmar-steinmann\\\/#article\",\"isPartOf\":{\"@id\":\"https:\\\/\\\/www.organisator.ch\\\/management\\\/it\\\/2020-02-12\\\/samuel-schweizer-folgt-bei-elo-digital-office-schweiz-auf-helmar-steinmann\\\/\"},\"author\":{\"name\":\"thomas.berner\",\"@id\":\"https:\\\/\\\/www.organisator.ch\\\/#\\\/schema\\\/person\\\/6f650f90b2842cd4c0cc334b4e36f67e\"},\"headline\":\"Samuel Schweizer folgt bei ELO Digital Office Schweiz auf Helmar Steinmann\",\"datePublished\":\"2020-02-12T12:45:27+00:00\",\"mainEntityOfPage\":{\"@id\":\"https:\\\/\\\/www.organisator.ch\\\/management\\\/it\\\/2020-02-12\\\/samuel-schweizer-folgt-bei-elo-digital-office-schweiz-auf-helmar-steinmann\\\/\"},\"wordCount\":297,\"publisher\":{\"@id\":\"https:\\\/\\\/www.organisator.ch\\\/#organization\"},\"image\":{\"@id\":\"https:\\\/\\\/www.organisator.ch\\\/management\\\/it\\\/2020-02-12\\\/samuel-schweizer-folgt-bei-elo-digital-office-schweiz-auf-helmar-steinmann\\\/#primaryimage\"},\"thumbnailUrl\":\"https:\\\/\\\/www.organisator.ch\\\/wp-content\\\/uploads\\\/2020\\\/02\\\/ELO-Digital-Office-Schweiz-Samuel-Schweizer-folgt-auf-Helmar-Steinmann_Organisator.jpg\",\"keywords\":[\"IT\",\"IT &amp; Business Software\",\"Personalia\",\"Unternehmen\"],\"articleSection\":[\"IT\"],\"inLanguage\":\"fr-FR\"},{\"@type\":\"WebPage\",\"@id\":\"https:\\\/\\\/www.organisator.ch\\\/management\\\/it\\\/2020-02-12\\\/samuel-schweizer-folgt-bei-elo-digital-office-schweiz-auf-helmar-steinmann\\\/\",\"url\":\"https:\\\/\\\/www.organisator.ch\\\/management\\\/it\\\/2020-02-12\\\/samuel-schweizer-folgt-bei-elo-digital-office-schweiz-auf-helmar-steinmann\\\/\",\"name\":\"Samuel Schweizer folgt bei ELO Digital Office Schweiz auf Helmar Steinmann - Organisator\",\"isPartOf\":{\"@id\":\"https:\\\/\\\/www.organisator.ch\\\/#website\"},\"primaryImageOfPage\":{\"@id\":\"https:\\\/\\\/www.organisator.ch\\\/management\\\/it\\\/2020-02-12\\\/samuel-schweizer-folgt-bei-elo-digital-office-schweiz-auf-helmar-steinmann\\\/#primaryimage\"},\"image\":{\"@id\":\"https:\\\/\\\/www.organisator.ch\\\/management\\\/it\\\/2020-02-12\\\/samuel-schweizer-folgt-bei-elo-digital-office-schweiz-auf-helmar-steinmann\\\/#primaryimage\"},\"thumbnailUrl\":\"https:\\\/\\\/www.organisator.ch\\\/wp-content\\\/uploads\\\/2020\\\/02\\\/ELO-Digital-Office-Schweiz-Samuel-Schweizer-folgt-auf-Helmar-Steinmann_Organisator.jpg\",\"datePublished\":\"2020-02-12T12:45:27+00:00\",\"description\":\"Samuel Schweizer hat per Januar die Niederlassungsleitung bei ELO Digital Office Schweiz von seinem Vorg\u00e4nger Helmar Steinmann \u00fcbernommen.\",\"breadcrumb\":{\"@id\":\"https:\\\/\\\/www.organisator.ch\\\/management\\\/it\\\/2020-02-12\\\/samuel-schweizer-folgt-bei-elo-digital-office-schweiz-auf-helmar-steinmann\\\/#breadcrumb\"},\"inLanguage\":\"fr-FR\",\"potentialAction\":[{\"@type\":\"ReadAction\",\"target\":[\"https:\\\/\\\/www.organisator.ch\\\/management\\\/it\\\/2020-02-12\\\/samuel-schweizer-folgt-bei-elo-digital-office-schweiz-auf-helmar-steinmann\\\/\"]}]},{\"@type\":\"ImageObject\",\"inLanguage\":\"fr-FR\",\"@id\":\"https:\\\/\\\/www.organisator.ch\\\/management\\\/it\\\/2020-02-12\\\/samuel-schweizer-folgt-bei-elo-digital-office-schweiz-auf-helmar-steinmann\\\/#primaryimage\",\"url\":\"https:\\\/\\\/www.organisator.ch\\\/wp-content\\\/uploads\\\/2020\\\/02\\\/ELO-Digital-Office-Schweiz-Samuel-Schweizer-folgt-auf-Helmar-Steinmann_Organisator.jpg\",\"contentUrl\":\"https:\\\/\\\/www.organisator.ch\\\/wp-content\\\/uploads\\\/2020\\\/02\\\/ELO-Digital-Office-Schweiz-Samuel-Schweizer-folgt-auf-Helmar-Steinmann_Organisator.jpg\",\"width\":680,\"height\":454,\"caption\":\"Helmar Steinmann (links) \u00fcbergibt die Niederlassungsleitung an Samuel Schweizer. (Bild: ELO Digital Office)\"},{\"@type\":\"BreadcrumbList\",\"@id\":\"https:\\\/\\\/www.organisator.ch\\\/management\\\/it\\\/2020-02-12\\\/samuel-schweizer-folgt-bei-elo-digital-office-schweiz-auf-helmar-steinmann\\\/#breadcrumb\",\"itemListElement\":[{\"@type\":\"ListItem\",\"position\":1,\"name\":\"Home\",\"item\":\"https:\\\/\\\/www.organisator.ch\\\/\"},{\"@type\":\"ListItem\",\"position\":2,\"name\":\"Samuel Schweizer folgt bei ELO Digital Office Schweiz auf Helmar Steinmann\"}]},{\"@type\":\"WebSite\",\"@id\":\"https:\\\/\\\/www.organisator.ch\\\/#website\",\"url\":\"https:\\\/\\\/www.organisator.ch\\\/\",\"name\":\"Organisator\",\"description\":\"Kompetent. Praxisnah. Der ORGANISATOR bereitet in 10 Ausgaben pro Jahr die wesentlichen Themen f\u00fcr F\u00fchrungskr\u00e4fte von KMU auf.\",\"publisher\":{\"@id\":\"https:\\\/\\\/www.organisator.ch\\\/#organization\"},\"potentialAction\":[{\"@type\":\"SearchAction\",\"target\":{\"@type\":\"EntryPoint\",\"urlTemplate\":\"https:\\\/\\\/www.organisator.ch\\\/?s={search_term_string}\"},\"query-input\":{\"@type\":\"PropertyValueSpecification\",\"valueRequired\":true,\"valueName\":\"search_term_string\"}}],\"inLanguage\":\"fr-FR\"},{\"@type\":\"Organization\",\"@id\":\"https:\\\/\\\/www.organisator.ch\\\/#organization\",\"name\":\"Organisator\",\"url\":\"https:\\\/\\\/www.organisator.ch\\\/\",\"logo\":{\"@type\":\"ImageObject\",\"inLanguage\":\"fr-FR\",\"@id\":\"https:\\\/\\\/www.organisator.ch\\\/#\\\/schema\\\/logo\\\/image\\\/\",\"url\":\"https:\\\/\\\/www.organisator.ch\\\/wp-content\\\/uploads\\\/2022\\\/01\\\/Logo_Organisator_Website.png\",\"contentUrl\":\"https:\\\/\\\/www.organisator.ch\\\/wp-content\\\/uploads\\\/2022\\\/01\\\/Logo_Organisator_Website.png\",\"width\":800,\"height\":77,\"caption\":\"Organisator\"},\"image\":{\"@id\":\"https:\\\/\\\/www.organisator.ch\\\/#\\\/schema\\\/logo\\\/image\\\/\"},\"sameAs\":[\"https:\\\/\\\/www.facebook.com\\\/OrganisatorFachmagazin\",\"https:\\\/\\\/www.linkedin.com\\\/showcase\\\/organisator-das-magazin-fr-kmu\",\"https:\\\/\\\/www.xing.com\\\/news\\\/pages\\\/organisator-ch-695\",\"https:\\\/\\\/www.youtube.com\\\/channel\\\/UCGP2Sq0iWaZwT3BdIAQFYpw\"]},{\"@type\":\"Person\",\"@id\":\"https:\\\/\\\/www.organisator.ch\\\/#\\\/schema\\\/person\\\/6f650f90b2842cd4c0cc334b4e36f67e\",\"name\":\"thomas.berner\",\"image\":{\"@type\":\"ImageObject\",\"inLanguage\":\"fr-FR\",\"@id\":\"https:\\\/\\\/secure.gravatar.com\\\/avatar\\\/ac5001d2a36cb6c6cd3e50789007ffca834b477b74a2144564522e944eabff61?s=96&d=mm&r=g\",\"url\":\"https:\\\/\\\/secure.gravatar.com\\\/avatar\\\/ac5001d2a36cb6c6cd3e50789007ffca834b477b74a2144564522e944eabff61?s=96&d=mm&r=g\",\"contentUrl\":\"https:\\\/\\\/secure.gravatar.com\\\/avatar\\\/ac5001d2a36cb6c6cd3e50789007ffca834b477b74a2144564522e944eabff61?s=96&d=mm&r=g\",\"caption\":\"thomas.berner\"},\"url\":\"https:\\\/\\\/www.organisator.ch\\\/fr\\\/author\\\/thomas-berner\\\/\"}]}<\/script>\n<!-- \/ Yoast SEO plugin. -->","yoast_head_json":{"title":"Samuel Schweizer succ\u00e8de \u00e0 Helmar Steinmann chez ELO Digital Office Suisse - Organisateur","description":"Samuel Schweizer a repris en janvier la direction de la succursale d'ELO Digital Office Suisse de son pr\u00e9d\u00e9cesseur Helmar Steinmann.","robots":{"index":"index","follow":"follow","max-snippet":"max-snippet:-1","max-image-preview":"max-image-preview:large","max-video-preview":"max-video-preview:-1"},"canonical":"https:\/\/www.organisator.ch\/fr\/gestion-2\/it\/2020-02-12\/samuel-schweizer-folgt-bei-elo-digital-office-schweiz-auf-helmar-steinmann\/","og_locale":"fr_FR","og_type":"article","og_title":"Samuel Schweizer folgt bei ELO Digital Office Schweiz auf Helmar Steinmann","og_description":"Samuel Schweizer hat per Januar die Niederlassungsleitung bei ELO Digital Office Schweiz von seinem Vorg\u00e4nger Helmar Steinmann \u00fcbernommen.","og_url":"https:\/\/www.organisator.ch\/fr\/gestion-2\/it\/2020-02-12\/samuel-schweizer-folgt-bei-elo-digital-office-schweiz-auf-helmar-steinmann\/","og_site_name":"Organisator","article_publisher":"https:\/\/www.facebook.com\/OrganisatorFachmagazin","article_published_time":"2020-02-12T12:45:27+00:00","og_image":[{"width":680,"height":454,"url":"https:\/\/www.organisator.ch\/wp-content\/uploads\/2020\/02\/ELO-Digital-Office-Schweiz-Samuel-Schweizer-folgt-auf-Helmar-Steinmann_Organisator.jpg","type":"image\/jpeg"}],"author":"thomas.berner","twitter_card":"summary_large_image","twitter_title":"Samuel Schweizer folgt bei #ELO Digital Office Schweiz auf Helmar Steinmann","twitter_description":"Samuel Schweizer hat per Januar die #Niederlassungsleitung bei #ELO Digital Office Schweiz von seinem Vorg\u00e4nger Helmar Steinmann \u00fcbernommen.","twitter_image":"https:\/\/www.organisator.ch\/wp-content\/uploads\/2020\/02\/ELO-Digital-Office-Schweiz-Samuel-Schweizer-folgt-auf-Helmar-Steinmann_Organisator.jpg","schema":{"@context":"https:\/\/schema.org","@graph":[{"@type":"Article","@id":"https:\/\/www.organisator.ch\/management\/it\/2020-02-12\/samuel-schweizer-folgt-bei-elo-digital-office-schweiz-auf-helmar-steinmann\/#article","isPartOf":{"@id":"https:\/\/www.organisator.ch\/management\/it\/2020-02-12\/samuel-schweizer-folgt-bei-elo-digital-office-schweiz-auf-helmar-steinmann\/"},"author":{"name":"thomas.berner","@id":"https:\/\/www.organisator.ch\/#\/schema\/person\/6f650f90b2842cd4c0cc334b4e36f67e"},"headline":"Samuel Schweizer folgt bei ELO Digital Office Schweiz auf Helmar Steinmann","datePublished":"2020-02-12T12:45:27+00:00","mainEntityOfPage":{"@id":"https:\/\/www.organisator.ch\/management\/it\/2020-02-12\/samuel-schweizer-folgt-bei-elo-digital-office-schweiz-auf-helmar-steinmann\/"},"wordCount":297,"publisher":{"@id":"https:\/\/www.organisator.ch\/#organization"},"image":{"@id":"https:\/\/www.organisator.ch\/management\/it\/2020-02-12\/samuel-schweizer-folgt-bei-elo-digital-office-schweiz-auf-helmar-steinmann\/#primaryimage"},"thumbnailUrl":"https:\/\/www.organisator.ch\/wp-content\/uploads\/2020\/02\/ELO-Digital-Office-Schweiz-Samuel-Schweizer-folgt-auf-Helmar-Steinmann_Organisator.jpg","keywords":["IT","IT &amp; Business Software","Personalia","Unternehmen"],"articleSection":["IT"],"inLanguage":"fr-FR"},{"@type":"WebPage","@id":"https:\/\/www.organisator.ch\/management\/it\/2020-02-12\/samuel-schweizer-folgt-bei-elo-digital-office-schweiz-auf-helmar-steinmann\/","url":"https:\/\/www.organisator.ch\/management\/it\/2020-02-12\/samuel-schweizer-folgt-bei-elo-digital-office-schweiz-auf-helmar-steinmann\/","name":"Samuel Schweizer succ\u00e8de \u00e0 Helmar Steinmann chez ELO Digital Office Suisse - Organisateur","isPartOf":{"@id":"https:\/\/www.organisator.ch\/#website"},"primaryImageOfPage":{"@id":"https:\/\/www.organisator.ch\/management\/it\/2020-02-12\/samuel-schweizer-folgt-bei-elo-digital-office-schweiz-auf-helmar-steinmann\/#primaryimage"},"image":{"@id":"https:\/\/www.organisator.ch\/management\/it\/2020-02-12\/samuel-schweizer-folgt-bei-elo-digital-office-schweiz-auf-helmar-steinmann\/#primaryimage"},"thumbnailUrl":"https:\/\/www.organisator.ch\/wp-content\/uploads\/2020\/02\/ELO-Digital-Office-Schweiz-Samuel-Schweizer-folgt-auf-Helmar-Steinmann_Organisator.jpg","datePublished":"2020-02-12T12:45:27+00:00","description":"Samuel Schweizer a repris en janvier la direction de la succursale d'ELO Digital Office Suisse de son pr\u00e9d\u00e9cesseur Helmar Steinmann.","breadcrumb":{"@id":"https:\/\/www.organisator.ch\/management\/it\/2020-02-12\/samuel-schweizer-folgt-bei-elo-digital-office-schweiz-auf-helmar-steinmann\/#breadcrumb"},"inLanguage":"fr-FR","potentialAction":[{"@type":"ReadAction","target":["https:\/\/www.organisator.ch\/management\/it\/2020-02-12\/samuel-schweizer-folgt-bei-elo-digital-office-schweiz-auf-helmar-steinmann\/"]}]},{"@type":"ImageObject","inLanguage":"fr-FR","@id":"https:\/\/www.organisator.ch\/management\/it\/2020-02-12\/samuel-schweizer-folgt-bei-elo-digital-office-schweiz-auf-helmar-steinmann\/#primaryimage","url":"https:\/\/www.organisator.ch\/wp-content\/uploads\/2020\/02\/ELO-Digital-Office-Schweiz-Samuel-Schweizer-folgt-auf-Helmar-Steinmann_Organisator.jpg","contentUrl":"https:\/\/www.organisator.ch\/wp-content\/uploads\/2020\/02\/ELO-Digital-Office-Schweiz-Samuel-Schweizer-folgt-auf-Helmar-Steinmann_Organisator.jpg","width":680,"height":454,"caption":"Helmar Steinmann (links) \u00fcbergibt die Niederlassungsleitung an Samuel Schweizer. (Bild: ELO Digital Office)"},{"@type":"BreadcrumbList","@id":"https:\/\/www.organisator.ch\/management\/it\/2020-02-12\/samuel-schweizer-folgt-bei-elo-digital-office-schweiz-auf-helmar-steinmann\/#breadcrumb","itemListElement":[{"@type":"ListItem","position":1,"name":"Home","item":"https:\/\/www.organisator.ch\/"},{"@type":"ListItem","position":2,"name":"Samuel Schweizer folgt bei ELO Digital Office Schweiz auf Helmar Steinmann"}]},{"@type":"WebSite","@id":"https:\/\/www.organisator.ch\/#website","url":"https:\/\/www.organisator.ch\/","name":"Organisateur","description":"Comp\u00e9tence et comp\u00e9tence. Proches de la pratique. L'ORGANISATEUR pr\u00e9pare 10 num\u00e9ros par an sur les th\u00e8mes essentiels pour les dirigeants de PME.","publisher":{"@id":"https:\/\/www.organisator.ch\/#organization"},"potentialAction":[{"@type":"SearchAction","target":{"@type":"EntryPoint","urlTemplate":"https:\/\/www.organisator.ch\/?s={search_term_string}"},"query-input":{"@type":"PropertyValueSpecification","valueRequired":true,"valueName":"search_term_string"}}],"inLanguage":"fr-FR"},{"@type":"Organization","@id":"https:\/\/www.organisator.ch\/#organization","name":"Organisateur","url":"https:\/\/www.organisator.ch\/","logo":{"@type":"ImageObject","inLanguage":"fr-FR","@id":"https:\/\/www.organisator.ch\/#\/schema\/logo\/image\/","url":"https:\/\/www.organisator.ch\/wp-content\/uploads\/2022\/01\/Logo_Organisator_Website.png","contentUrl":"https:\/\/www.organisator.ch\/wp-content\/uploads\/2022\/01\/Logo_Organisator_Website.png","width":800,"height":77,"caption":"Organisator"},"image":{"@id":"https:\/\/www.organisator.ch\/#\/schema\/logo\/image\/"},"sameAs":["https:\/\/www.facebook.com\/OrganisatorFachmagazin","https:\/\/www.linkedin.com\/showcase\/organisator-das-magazin-fr-kmu","https:\/\/www.xing.com\/news\/pages\/organisator-ch-695","https:\/\/www.youtube.com\/channel\/UCGP2Sq0iWaZwT3BdIAQFYpw"]},{"@type":"Person","@id":"https:\/\/www.organisator.ch\/#\/schema\/person\/6f650f90b2842cd4c0cc334b4e36f67e","name":"thomas.berner","image":{"@type":"ImageObject","inLanguage":"fr-FR","@id":"https:\/\/secure.gravatar.com\/avatar\/ac5001d2a36cb6c6cd3e50789007ffca834b477b74a2144564522e944eabff61?s=96&d=mm&r=g","url":"https:\/\/secure.gravatar.com\/avatar\/ac5001d2a36cb6c6cd3e50789007ffca834b477b74a2144564522e944eabff61?s=96&d=mm&r=g","contentUrl":"https:\/\/secure.gravatar.com\/avatar\/ac5001d2a36cb6c6cd3e50789007ffca834b477b74a2144564522e944eabff61?s=96&d=mm&r=g","caption":"thomas.berner"},"url":"https:\/\/www.organisator.ch\/fr\/author\/thomas-berner\/"}]}},"_links":{"self":[{"href":"https:\/\/www.organisator.ch\/fr\/wp-json\/wp\/v2\/posts\/6331","targetHints":{"allow":["GET"]}}],"collection":[{"href":"https:\/\/www.organisator.ch\/fr\/wp-json\/wp\/v2\/posts"}],"about":[{"href":"https:\/\/www.organisator.ch\/fr\/wp-json\/wp\/v2\/types\/post"}],"author":[{"embeddable":true,"href":"https:\/\/www.organisator.ch\/fr\/wp-json\/wp\/v2\/users\/4"}],"replies":[{"embeddable":true,"href":"https:\/\/www.organisator.ch\/fr\/wp-json\/wp\/v2\/comments?post=6331"}],"version-history":[{"count":0,"href":"https:\/\/www.organisator.ch\/fr\/wp-json\/wp\/v2\/posts\/6331\/revisions"}],"wp:featuredmedia":[{"embeddable":true,"href":"https:\/\/www.organisator.ch\/fr\/wp-json\/wp\/v2\/media\/6332"}],"wp:attachment":[{"href":"https:\/\/www.organisator.ch\/fr\/wp-json\/wp\/v2\/media?parent=6331"}],"wp:term":[{"taxonomy":"category","embeddable":true,"href":"https:\/\/www.organisator.ch\/fr\/wp-json\/wp\/v2\/categories?post=6331"},{"taxonomy":"post_tag","embeddable":true,"href":"https:\/\/www.organisator.ch\/fr\/wp-json\/wp\/v2\/tags?post=6331"}],"curies":[{"name":"wp","href":"https:\/\/api.w.org\/{rel}","templated":true}]}}