{"id":6337,"date":"2020-02-14T08:58:56","date_gmt":"2020-02-14T07:58:56","guid":{"rendered":"https:\/\/www.organisator.ch\/?p=6337"},"modified":"2020-02-14T08:58:56","modified_gmt":"2020-02-14T07:58:56","slug":"zweite-swiss-cyber-security-days-scsd-stiessen-auf-grosses-interesse","status":"publish","type":"post","link":"https:\/\/www.organisator.ch\/fr\/management\/it\/2020-02-14\/zweite-swiss-cyber-security-days-scsd-stiessen-auf-grosses-interesse\/","title":{"rendered":"Les deuxi\u00e8mes Swiss Cyber Security Days (SCSD) ont suscit\u00e9 un grand int\u00e9r\u00eat"},"content":{"rendered":"<figure id=\"attachment_6338\" aria-describedby=\"caption-attachment-6338\" style=\"width: 680px\" class=\"wp-caption alignnone\"><img loading=\"lazy\" decoding=\"async\" class=\"size-medium wp-image-6338\" src=\"https:\/\/www.organisator.ch\/wp-content\/uploads\/2020\/02\/Zweite-Swiss-Cyber-Security-Days-SCSD-stiessen-auf-grosses-Interesse-1_Organisator.jpg\" alt=\"\" width=\"680\" height=\"452\" srcset=\"https:\/\/www.organisator.ch\/wp-content\/uploads\/2020\/02\/Zweite-Swiss-Cyber-Security-Days-SCSD-stiessen-auf-grosses-Interesse-1_Organisator.jpg 680w, https:\/\/www.organisator.ch\/wp-content\/uploads\/2020\/02\/Zweite-Swiss-Cyber-Security-Days-SCSD-stiessen-auf-grosses-Interesse-1_Organisator-16x12.jpg 16w, https:\/\/www.organisator.ch\/wp-content\/uploads\/2020\/02\/Zweite-Swiss-Cyber-Security-Days-SCSD-stiessen-auf-grosses-Interesse-1_Organisator-263x175.jpg 263w, https:\/\/www.organisator.ch\/wp-content\/uploads\/2020\/02\/Zweite-Swiss-Cyber-Security-Days-SCSD-stiessen-auf-grosses-Interesse-1_Organisator-527x350.jpg 527w, https:\/\/www.organisator.ch\/wp-content\/uploads\/2020\/02\/Zweite-Swiss-Cyber-Security-Days-SCSD-stiessen-auf-grosses-Interesse-1_Organisator-300x199.jpg 300w\" sizes=\"auto, (max-width: 680px) 100vw, 680px\" \/><figcaption id=\"caption-attachment-6338\" class=\"wp-caption-text\">Les cybermenaces nous concernent tous : table ronde lors des Swiss Cyber Security Days 2020. De gauche \u00e0 droite : Monique J. Morrow, Jean-Marc Rickli, Daniel Nussbaumer, Nicolas Mayencourt. (Image : Thomas Berner)<\/figcaption><\/figure>\n<p>Avec leur deuxi\u00e8me \u00e9dition, les Swiss Cyber Security Days se sont impos\u00e9s comme la plateforme de r\u00e9f\u00e9rence en mati\u00e8re de cybers\u00e9curit\u00e9 en Suisse. \"Outre les participants internationaux, l'origine des visiteurs - 50 % de Suisse al\u00e9manique, 40 % de Suisse romande et 10 % de Suisse italophone - refl\u00e8te le caract\u00e8re national de notre manifestation\", d\u00e9clare B\u00e9at Kunz, CEO des SCSD. \"Une fois de plus, nous avons r\u00e9ussi \u00e0 construire des ponts par-dessus le cyber-R\u00f6stigraben\".<\/p>\n<h2>Les cybermenaces sont partout<\/h2>\n<p>Dans presque toutes les \u00e9tudes qui s'interrogent sur les risques les plus importants pour la soci\u00e9t\u00e9 et l'\u00e9conomie, les cybermenaces se classent dans le top 3, aux c\u00f4t\u00e9s du changement climatique et des menaces g\u00e9opolitiques. Outre de nombreuses nouvelles r\u00e9alisations bienvenues, l'\u00e9volution rapide du num\u00e9rique a \u00e9galement entra\u00een\u00e9 une \u00e9norme diversit\u00e9 de sc\u00e9narios de menaces. Dans un monde o\u00f9 de plus en plus d'objets sont interconnect\u00e9s, l'informatique devient une infrastructure critique. Les SCSD veulent contribuer au d\u00e9veloppement contr\u00f4l\u00e9 et s\u00fbr de la num\u00e9risation, tel est l'objectif des organisateurs. Lors des expos\u00e9s du programme du forum, des experts de renomm\u00e9e nationale et internationale ont abord\u00e9 un large \u00e9ventail de sujets tels que l'hyperconnectivit\u00e9, la 5G, le train du futur et l'Internet des objets.<\/p>\n<h2>Le facteur humain est d\u00e9cisif<\/h2>\n<p>Les entreprises suisses sont-elles bien arm\u00e9es contre les cyber-attaques ? Daniel Nussbaumer, chef de la division cybercriminalit\u00e9 de la police cantonale zurichoise, ne dresse pas un bilan fondamentalement n\u00e9gatif des entreprises. Toutefois, les entreprises seraient encore trop souvent surprises par des cyberincidents. \"Si des pirates veulent entrer dans une entreprise, ils y parviennent en g\u00e9n\u00e9ral\", explique Nussbaumer. Nicolas Mayencourt de Dreamlab Technologies fait remarquer qu'avec des falsifications de plus en plus parfaites, par exemple des e-mails, toute sensibilisation ne sert plus \u00e0 rien. Le bon sens est de plus en plus sollicit\u00e9. Donc : si un e-mail du chef - bien qu'il semble tr\u00e8s r\u00e9el - ne semble pas tout \u00e0 fait \"casher\", il vaut mieux se renseigner une fois de trop...<\/p>\n<p>Si l'on consid\u00e8re les sc\u00e9narios de menaces possibles pour l'avenir, on pourrait avoir peur. Une reconnaissance faciale command\u00e9e par l'IA coupl\u00e9e \u00e0 une d\u00e9cision automatis\u00e9e sur le \"bien\" et le \"mal\" avec les cons\u00e9quences correspondantes : On n'ose pas imaginer qu'une machine puisse soudain donner l'ordre de tuer. L'id\u00e9al serait de conserver un \u00eatre humain comme derni\u00e8re instance morale.<\/p>\n<h2>Swiss Cyber Security Days pour un \u00e9change d'exp\u00e9riences<\/h2>\n<p>L'\u00e9change d'exp\u00e9riences avec des entreprises ayant elles-m\u00eames subi des cyberattaques de grande ampleur a \u00e9t\u00e9 passionnant pour les visiteurs de la SCSD. L'une d'entre elles \u00e9tait le prestataire de services logistiques mondial Maersk, qui a \u00e9t\u00e9 touch\u00e9 par le malware \"notpety\" en 2017. Pendant des jours et des semaines, il a fallu d\u00e9terminer manuellement et laborieusement o\u00f9 se trouvait tel ou tel conteneur maritime et ce qu'il contenait. Dans le monde entier - environ 25 pour cent des flux de marchandises mondiaux sont li\u00e9s d'une mani\u00e8re ou d'une autre \u00e0 Maersk - la circulation des marchandises a \u00e9t\u00e9 perturb\u00e9e par cette attaque. Ou encore l'exemple de l'h\u00f4pital de Wetzikon, touch\u00e9 par le malware \"emotet\", a montr\u00e9 comment les cyberattaques ne se contentent plus d'endommager l'infrastructure informatique, mais peuvent devenir une menace directe pour la vie et l'int\u00e9grit\u00e9 physique. L'\u00e9change de telles informations entre les entreprises, les organisations d'intervention en cas d'urgence, l'arm\u00e9e et les autorit\u00e9s politiques \u00e9tait donc au premier plan de l'\u00e9dition de cette ann\u00e9e du SCSD.<\/p>\n<figure id=\"attachment_6339\" aria-describedby=\"caption-attachment-6339\" style=\"width: 680px\" class=\"wp-caption alignnone\"><img loading=\"lazy\" decoding=\"async\" class=\"size-medium wp-image-6339\" src=\"https:\/\/www.organisator.ch\/wp-content\/uploads\/2020\/02\/Zweite-Swiss-Cyber-Security-Days-SCSD-stiessen-auf-grosses-Interesse-2_Organisator.jpg\" alt=\"\" width=\"680\" height=\"361\" srcset=\"https:\/\/www.organisator.ch\/wp-content\/uploads\/2020\/02\/Zweite-Swiss-Cyber-Security-Days-SCSD-stiessen-auf-grosses-Interesse-2_Organisator.jpg 680w, https:\/\/www.organisator.ch\/wp-content\/uploads\/2020\/02\/Zweite-Swiss-Cyber-Security-Days-SCSD-stiessen-auf-grosses-Interesse-2_Organisator-16x8.jpg 16w, https:\/\/www.organisator.ch\/wp-content\/uploads\/2020\/02\/Zweite-Swiss-Cyber-Security-Days-SCSD-stiessen-auf-grosses-Interesse-2_Organisator-330x175.jpg 330w, https:\/\/www.organisator.ch\/wp-content\/uploads\/2020\/02\/Zweite-Swiss-Cyber-Security-Days-SCSD-stiessen-auf-grosses-Interesse-2_Organisator-659x350.jpg 659w, https:\/\/www.organisator.ch\/wp-content\/uploads\/2020\/02\/Zweite-Swiss-Cyber-Security-Days-SCSD-stiessen-auf-grosses-Interesse-2_Organisator-300x159.jpg 300w\" sizes=\"auto, (max-width: 680px) 100vw, 680px\" \/><figcaption id=\"caption-attachment-6339\" class=\"wp-caption-text\">120 exposants ont pr\u00e9sent\u00e9 leurs solutions de protection contre les cybermenaces. (Image : Thomas Berner)<\/figcaption><\/figure>\n<h2>Former les cybersp\u00e9cialistes de demain<\/h2>\n<p>Comme principale nouveaut\u00e9 de l'\u00e9dition 2020, les SCSD ont mis un accent particulier sur la formation et l'innovation. La Suisse manque actuellement d'environ 40 000 experts en cybers\u00e9curit\u00e9. \"Il est essentiel de cr\u00e9er des formations ad\u00e9quates\", explique Doris Fiala, pr\u00e9sidente des SCSD. \"La cybercriminalit\u00e9 a d\u00e9j\u00e0 caus\u00e9 un pr\u00e9judice financier de 5 milliards de francs en Suisse, et le risque augmente de jour en jour\". B\u00e9at Kunz ajoute : \"Cette ann\u00e9e, nous avons propos\u00e9 un pavillon sp\u00e9cial Education et Innovation. En r\u00e9unissant les jeunes et les universit\u00e9s, nous esp\u00e9rons contribuer \u00e0 la formation des jeunes talents suisses\". Les exemples mentionn\u00e9s ont montr\u00e9 que les probl\u00e8mes cr\u00e9\u00e9s par les cyber-attaques ne pouvaient \u00eatre r\u00e9solus qu'avec des ressources humaines importantes. Dans le cadre du programme gratuit pour les \u00e9tudiants, 300 personnes ont maintenant profit\u00e9 de l'occasion pour d\u00e9couvrir les diff\u00e9rentes universit\u00e9s et hautes \u00e9coles sp\u00e9cialis\u00e9es suisses sur la Cyber Education Stage et pour entrer en contact avec des start-ups innovantes au Swiss Pavillon for Cyber Innovation, organis\u00e9 en collaboration avec innosuisse.<\/p>\n<h2>La lutte contre les cyber-risques est internationale<\/h2>\n<p>Un regard sur la perspective internationale a cl\u00f4tur\u00e9 la SCSD. Un panel international de haut niveau, organis\u00e9 en collaboration avec le Centre for Cybersecurity (C4C) du World Economic Forum, a r\u00e9uni Sir Rob Wainwright, associ\u00e9 principal chez Deloitte et ancien directeur d'Europol, Andy Powell, CISO chez MAERSK, Alois Zwinggi, directeur g\u00e9n\u00e9ral du World Economic Forum et directeur du Centre for Cybersecurity (C4C), Monique J. Morrow, pr\u00e9sidente de The Humanized Internet et de la fondation VETRI, ainsi que la pr\u00e9sidente de la SCSD Doris Fiala. Les intervenants ont discut\u00e9 des possibilit\u00e9s de coop\u00e9ration mondiale dans le domaine de la cybers\u00e9curit\u00e9 ainsi que des opportunit\u00e9s et des risques de la connectivit\u00e9 num\u00e9rique internationale.<\/p>\n<p>Les prochains Swiss Cyber Security Days auront lieu les 10 et 11 mars 2021, \u00e0 nouveau au Forum Fribourg.<\/p>\n<p><a href=\"http:\/\/www.swisscybersecuritydays.ch\"><em>Plus d'informations<\/em><\/a><\/p>","protected":false},"excerpt":{"rendered":"<p>Mit ihrer zweiten Ausgabe haben sich die Swiss Cyber Security Days als die Referenzplattform f\u00fcr Cybersicherheit in der Schweiz etabliert. \u00abAbgesehen von den internationalen Teilnehmern spiegelt die Herkunft der Besucher \u2013 50 % aus der Deutschschweiz, 40 % aus der Westschweiz und 10 % aus der italienischsprachigen Schweiz \u2013 den nationalen Charakter unserer Veranstaltung wider\u00bb, [&hellip;]<\/p>\n","protected":false},"author":4,"featured_media":6338,"comment_status":"closed","ping_status":"closed","sticky":false,"template":"","format":"standard","meta":{"_acf_changed":false,"_yoast_wpseo_focuskw":"Swiss Cyber Security Days","_yoast_wpseo_metadesc":"Fast 2\u2019700 Personen nahmen an den Swiss Cyber Security Days 2020 (SCSD) teil, die am 12. und 13. Februar im Forum Fribourg stattfanden.","articlekey":"","footnotes":""},"categories":[27],"tags":[142,156,260,502],"class_list":["post-6337","post","type-post","status-publish","format-standard","has-post-thumbnail","hentry","category-it","tag-cyber-crime","tag-digitalisierung","tag-ict-sicherheit","tag-veranstaltungen"],"acf":[],"yoast_head":"<!-- This site is optimized with the Yoast SEO plugin v27.5 - https:\/\/yoast.com\/product\/yoast-seo-wordpress\/ -->\n<title>Zweite Swiss Cyber Security Days (SCSD) stiessen auf grosses Interesse - Organisator<\/title>\n<meta name=\"description\" content=\"Fast 2\u2019700 Personen nahmen an den Swiss Cyber Security Days 2020 (SCSD) teil, die am 12. und 13. Februar im Forum Fribourg stattfanden.\" \/>\n<meta name=\"robots\" content=\"index, follow, max-snippet:-1, max-image-preview:large, max-video-preview:-1\" \/>\n<link rel=\"canonical\" href=\"https:\/\/www.organisator.ch\/fr\/gestion-2\/it\/2020-02-14\/zweite-swiss-cyber-security-days-scsd-stiessen-auf-grosses-interesse\/\" \/>\n<meta property=\"og:locale\" content=\"fr_FR\" \/>\n<meta property=\"og:type\" content=\"article\" \/>\n<meta property=\"og:title\" content=\"Zweite Swiss Cyber Security Days (SCSD) stiessen auf grosses Interesse\" \/>\n<meta property=\"og:description\" content=\"Fast 2\u2019700 Personen nahmen an den Swiss Cyber Security Days 2020 (SCSD) teil, die am 12. und 13. Februar im Forum Fribourg stattfanden.\" \/>\n<meta property=\"og:url\" content=\"https:\/\/www.organisator.ch\/fr\/gestion-2\/it\/2020-02-14\/zweite-swiss-cyber-security-days-scsd-stiessen-auf-grosses-interesse\/\" \/>\n<meta property=\"og:site_name\" content=\"Organisator\" \/>\n<meta property=\"article:publisher\" content=\"https:\/\/www.facebook.com\/OrganisatorFachmagazin\" \/>\n<meta property=\"article:published_time\" content=\"2020-02-14T07:58:56+00:00\" \/>\n<meta property=\"og:image\" content=\"https:\/\/www.organisator.ch\/wp-content\/uploads\/2020\/02\/Zweite-Swiss-Cyber-Security-Days-SCSD-stiessen-auf-grosses-Interesse-1_Organisator.jpg\" \/>\n\t<meta property=\"og:image:width\" content=\"680\" \/>\n\t<meta property=\"og:image:height\" content=\"452\" \/>\n\t<meta property=\"og:image:type\" content=\"image\/jpeg\" \/>\n<meta name=\"author\" content=\"thomas.berner\" \/>\n<meta name=\"twitter:card\" content=\"summary_large_image\" \/>\n<meta name=\"twitter:title\" content=\"Zweite Swiss Cyber Security Days (#SCSD) stiessen auf grosses Interesse\" \/>\n<meta name=\"twitter:description\" content=\"Fast 2\u2019700 Personen nahmen an den Swiss Cyber Security Days 2020 (#SCSD) teil, die am 12. und 13. Februar im Forum Fribourg stattfanden.\" \/>\n<meta name=\"twitter:image\" content=\"https:\/\/www.organisator.ch\/wp-content\/uploads\/2020\/02\/Zweite-Swiss-Cyber-Security-Days-SCSD-stiessen-auf-grosses-Interesse-1_Organisator.jpg\" \/>\n<script type=\"application\/ld+json\" class=\"yoast-schema-graph\">{\"@context\":\"https:\\\/\\\/schema.org\",\"@graph\":[{\"@type\":\"Article\",\"@id\":\"https:\\\/\\\/www.organisator.ch\\\/management\\\/it\\\/2020-02-14\\\/zweite-swiss-cyber-security-days-scsd-stiessen-auf-grosses-interesse\\\/#article\",\"isPartOf\":{\"@id\":\"https:\\\/\\\/www.organisator.ch\\\/management\\\/it\\\/2020-02-14\\\/zweite-swiss-cyber-security-days-scsd-stiessen-auf-grosses-interesse\\\/\"},\"author\":{\"name\":\"thomas.berner\",\"@id\":\"https:\\\/\\\/www.organisator.ch\\\/#\\\/schema\\\/person\\\/6f650f90b2842cd4c0cc334b4e36f67e\"},\"headline\":\"Zweite Swiss Cyber Security Days (SCSD) stiessen auf grosses Interesse\",\"datePublished\":\"2020-02-14T07:58:56+00:00\",\"mainEntityOfPage\":{\"@id\":\"https:\\\/\\\/www.organisator.ch\\\/management\\\/it\\\/2020-02-14\\\/zweite-swiss-cyber-security-days-scsd-stiessen-auf-grosses-interesse\\\/\"},\"wordCount\":866,\"publisher\":{\"@id\":\"https:\\\/\\\/www.organisator.ch\\\/#organization\"},\"image\":{\"@id\":\"https:\\\/\\\/www.organisator.ch\\\/management\\\/it\\\/2020-02-14\\\/zweite-swiss-cyber-security-days-scsd-stiessen-auf-grosses-interesse\\\/#primaryimage\"},\"thumbnailUrl\":\"https:\\\/\\\/www.organisator.ch\\\/wp-content\\\/uploads\\\/2020\\\/02\\\/Zweite-Swiss-Cyber-Security-Days-SCSD-stiessen-auf-grosses-Interesse-1_Organisator.jpg\",\"keywords\":[\"Cyber-Crime\",\"Digitalisierung\",\"ICT-Sicherheit\",\"Veranstaltungen\"],\"articleSection\":[\"IT\"],\"inLanguage\":\"fr-FR\"},{\"@type\":\"WebPage\",\"@id\":\"https:\\\/\\\/www.organisator.ch\\\/management\\\/it\\\/2020-02-14\\\/zweite-swiss-cyber-security-days-scsd-stiessen-auf-grosses-interesse\\\/\",\"url\":\"https:\\\/\\\/www.organisator.ch\\\/management\\\/it\\\/2020-02-14\\\/zweite-swiss-cyber-security-days-scsd-stiessen-auf-grosses-interesse\\\/\",\"name\":\"Zweite Swiss Cyber Security Days (SCSD) stiessen auf grosses Interesse - Organisator\",\"isPartOf\":{\"@id\":\"https:\\\/\\\/www.organisator.ch\\\/#website\"},\"primaryImageOfPage\":{\"@id\":\"https:\\\/\\\/www.organisator.ch\\\/management\\\/it\\\/2020-02-14\\\/zweite-swiss-cyber-security-days-scsd-stiessen-auf-grosses-interesse\\\/#primaryimage\"},\"image\":{\"@id\":\"https:\\\/\\\/www.organisator.ch\\\/management\\\/it\\\/2020-02-14\\\/zweite-swiss-cyber-security-days-scsd-stiessen-auf-grosses-interesse\\\/#primaryimage\"},\"thumbnailUrl\":\"https:\\\/\\\/www.organisator.ch\\\/wp-content\\\/uploads\\\/2020\\\/02\\\/Zweite-Swiss-Cyber-Security-Days-SCSD-stiessen-auf-grosses-Interesse-1_Organisator.jpg\",\"datePublished\":\"2020-02-14T07:58:56+00:00\",\"description\":\"Fast 2\u2019700 Personen nahmen an den Swiss Cyber Security Days 2020 (SCSD) teil, die am 12. und 13. Februar im Forum Fribourg stattfanden.\",\"breadcrumb\":{\"@id\":\"https:\\\/\\\/www.organisator.ch\\\/management\\\/it\\\/2020-02-14\\\/zweite-swiss-cyber-security-days-scsd-stiessen-auf-grosses-interesse\\\/#breadcrumb\"},\"inLanguage\":\"fr-FR\",\"potentialAction\":[{\"@type\":\"ReadAction\",\"target\":[\"https:\\\/\\\/www.organisator.ch\\\/management\\\/it\\\/2020-02-14\\\/zweite-swiss-cyber-security-days-scsd-stiessen-auf-grosses-interesse\\\/\"]}]},{\"@type\":\"ImageObject\",\"inLanguage\":\"fr-FR\",\"@id\":\"https:\\\/\\\/www.organisator.ch\\\/management\\\/it\\\/2020-02-14\\\/zweite-swiss-cyber-security-days-scsd-stiessen-auf-grosses-interesse\\\/#primaryimage\",\"url\":\"https:\\\/\\\/www.organisator.ch\\\/wp-content\\\/uploads\\\/2020\\\/02\\\/Zweite-Swiss-Cyber-Security-Days-SCSD-stiessen-auf-grosses-Interesse-1_Organisator.jpg\",\"contentUrl\":\"https:\\\/\\\/www.organisator.ch\\\/wp-content\\\/uploads\\\/2020\\\/02\\\/Zweite-Swiss-Cyber-Security-Days-SCSD-stiessen-auf-grosses-Interesse-1_Organisator.jpg\",\"width\":680,\"height\":452,\"caption\":\"Cyber-Bedrohungen betreffen uns alle: Podium an den Swiss Cyber Security Days 2020. V.l.n.r.: Monique J. Morrow, Jean-Marc Rickli, Daniel Nussbaumer, Nicolas Mayencourt. (Bild: Thomas Berner)\"},{\"@type\":\"BreadcrumbList\",\"@id\":\"https:\\\/\\\/www.organisator.ch\\\/management\\\/it\\\/2020-02-14\\\/zweite-swiss-cyber-security-days-scsd-stiessen-auf-grosses-interesse\\\/#breadcrumb\",\"itemListElement\":[{\"@type\":\"ListItem\",\"position\":1,\"name\":\"Home\",\"item\":\"https:\\\/\\\/www.organisator.ch\\\/\"},{\"@type\":\"ListItem\",\"position\":2,\"name\":\"Zweite Swiss Cyber Security Days (SCSD) stiessen auf grosses Interesse\"}]},{\"@type\":\"WebSite\",\"@id\":\"https:\\\/\\\/www.organisator.ch\\\/#website\",\"url\":\"https:\\\/\\\/www.organisator.ch\\\/\",\"name\":\"Organisator\",\"description\":\"Kompetent. Praxisnah. Der ORGANISATOR bereitet in 10 Ausgaben pro Jahr die wesentlichen Themen f\u00fcr F\u00fchrungskr\u00e4fte von KMU auf.\",\"publisher\":{\"@id\":\"https:\\\/\\\/www.organisator.ch\\\/#organization\"},\"potentialAction\":[{\"@type\":\"SearchAction\",\"target\":{\"@type\":\"EntryPoint\",\"urlTemplate\":\"https:\\\/\\\/www.organisator.ch\\\/?s={search_term_string}\"},\"query-input\":{\"@type\":\"PropertyValueSpecification\",\"valueRequired\":true,\"valueName\":\"search_term_string\"}}],\"inLanguage\":\"fr-FR\"},{\"@type\":\"Organization\",\"@id\":\"https:\\\/\\\/www.organisator.ch\\\/#organization\",\"name\":\"Organisator\",\"url\":\"https:\\\/\\\/www.organisator.ch\\\/\",\"logo\":{\"@type\":\"ImageObject\",\"inLanguage\":\"fr-FR\",\"@id\":\"https:\\\/\\\/www.organisator.ch\\\/#\\\/schema\\\/logo\\\/image\\\/\",\"url\":\"https:\\\/\\\/www.organisator.ch\\\/wp-content\\\/uploads\\\/2022\\\/01\\\/Logo_Organisator_Website.png\",\"contentUrl\":\"https:\\\/\\\/www.organisator.ch\\\/wp-content\\\/uploads\\\/2022\\\/01\\\/Logo_Organisator_Website.png\",\"width\":800,\"height\":77,\"caption\":\"Organisator\"},\"image\":{\"@id\":\"https:\\\/\\\/www.organisator.ch\\\/#\\\/schema\\\/logo\\\/image\\\/\"},\"sameAs\":[\"https:\\\/\\\/www.facebook.com\\\/OrganisatorFachmagazin\",\"https:\\\/\\\/www.linkedin.com\\\/showcase\\\/organisator-das-magazin-fr-kmu\",\"https:\\\/\\\/www.xing.com\\\/news\\\/pages\\\/organisator-ch-695\",\"https:\\\/\\\/www.youtube.com\\\/channel\\\/UCGP2Sq0iWaZwT3BdIAQFYpw\"]},{\"@type\":\"Person\",\"@id\":\"https:\\\/\\\/www.organisator.ch\\\/#\\\/schema\\\/person\\\/6f650f90b2842cd4c0cc334b4e36f67e\",\"name\":\"thomas.berner\",\"image\":{\"@type\":\"ImageObject\",\"inLanguage\":\"fr-FR\",\"@id\":\"https:\\\/\\\/secure.gravatar.com\\\/avatar\\\/ac5001d2a36cb6c6cd3e50789007ffca834b477b74a2144564522e944eabff61?s=96&d=mm&r=g\",\"url\":\"https:\\\/\\\/secure.gravatar.com\\\/avatar\\\/ac5001d2a36cb6c6cd3e50789007ffca834b477b74a2144564522e944eabff61?s=96&d=mm&r=g\",\"contentUrl\":\"https:\\\/\\\/secure.gravatar.com\\\/avatar\\\/ac5001d2a36cb6c6cd3e50789007ffca834b477b74a2144564522e944eabff61?s=96&d=mm&r=g\",\"caption\":\"thomas.berner\"},\"url\":\"https:\\\/\\\/www.organisator.ch\\\/fr\\\/author\\\/thomas-berner\\\/\"}]}<\/script>\n<!-- \/ Yoast SEO plugin. -->","yoast_head_json":{"title":"Les deuxi\u00e8mes Swiss Cyber Security Days (SCSD) ont suscit\u00e9 un grand int\u00e9r\u00eat - organisateur","description":"Pr\u00e8s de 2 700 personnes ont particip\u00e9 aux Swiss Cyber Security Days 2020 (SCSD), qui se sont d\u00e9roul\u00e9s les 12 et 13 f\u00e9vrier au Forum Fribourg.","robots":{"index":"index","follow":"follow","max-snippet":"max-snippet:-1","max-image-preview":"max-image-preview:large","max-video-preview":"max-video-preview:-1"},"canonical":"https:\/\/www.organisator.ch\/fr\/gestion-2\/it\/2020-02-14\/zweite-swiss-cyber-security-days-scsd-stiessen-auf-grosses-interesse\/","og_locale":"fr_FR","og_type":"article","og_title":"Zweite Swiss Cyber Security Days (SCSD) stiessen auf grosses Interesse","og_description":"Fast 2\u2019700 Personen nahmen an den Swiss Cyber Security Days 2020 (SCSD) teil, die am 12. und 13. Februar im Forum Fribourg stattfanden.","og_url":"https:\/\/www.organisator.ch\/fr\/gestion-2\/it\/2020-02-14\/zweite-swiss-cyber-security-days-scsd-stiessen-auf-grosses-interesse\/","og_site_name":"Organisator","article_publisher":"https:\/\/www.facebook.com\/OrganisatorFachmagazin","article_published_time":"2020-02-14T07:58:56+00:00","og_image":[{"width":680,"height":452,"url":"https:\/\/www.organisator.ch\/wp-content\/uploads\/2020\/02\/Zweite-Swiss-Cyber-Security-Days-SCSD-stiessen-auf-grosses-Interesse-1_Organisator.jpg","type":"image\/jpeg"}],"author":"thomas.berner","twitter_card":"summary_large_image","twitter_title":"Zweite Swiss Cyber Security Days (#SCSD) stiessen auf grosses Interesse","twitter_description":"Fast 2\u2019700 Personen nahmen an den Swiss Cyber Security Days 2020 (#SCSD) teil, die am 12. und 13. Februar im Forum Fribourg stattfanden.","twitter_image":"https:\/\/www.organisator.ch\/wp-content\/uploads\/2020\/02\/Zweite-Swiss-Cyber-Security-Days-SCSD-stiessen-auf-grosses-Interesse-1_Organisator.jpg","schema":{"@context":"https:\/\/schema.org","@graph":[{"@type":"Article","@id":"https:\/\/www.organisator.ch\/management\/it\/2020-02-14\/zweite-swiss-cyber-security-days-scsd-stiessen-auf-grosses-interesse\/#article","isPartOf":{"@id":"https:\/\/www.organisator.ch\/management\/it\/2020-02-14\/zweite-swiss-cyber-security-days-scsd-stiessen-auf-grosses-interesse\/"},"author":{"name":"thomas.berner","@id":"https:\/\/www.organisator.ch\/#\/schema\/person\/6f650f90b2842cd4c0cc334b4e36f67e"},"headline":"Zweite Swiss Cyber Security Days (SCSD) stiessen auf grosses Interesse","datePublished":"2020-02-14T07:58:56+00:00","mainEntityOfPage":{"@id":"https:\/\/www.organisator.ch\/management\/it\/2020-02-14\/zweite-swiss-cyber-security-days-scsd-stiessen-auf-grosses-interesse\/"},"wordCount":866,"publisher":{"@id":"https:\/\/www.organisator.ch\/#organization"},"image":{"@id":"https:\/\/www.organisator.ch\/management\/it\/2020-02-14\/zweite-swiss-cyber-security-days-scsd-stiessen-auf-grosses-interesse\/#primaryimage"},"thumbnailUrl":"https:\/\/www.organisator.ch\/wp-content\/uploads\/2020\/02\/Zweite-Swiss-Cyber-Security-Days-SCSD-stiessen-auf-grosses-Interesse-1_Organisator.jpg","keywords":["Cyber-Crime","Digitalisierung","ICT-Sicherheit","Veranstaltungen"],"articleSection":["IT"],"inLanguage":"fr-FR"},{"@type":"WebPage","@id":"https:\/\/www.organisator.ch\/management\/it\/2020-02-14\/zweite-swiss-cyber-security-days-scsd-stiessen-auf-grosses-interesse\/","url":"https:\/\/www.organisator.ch\/management\/it\/2020-02-14\/zweite-swiss-cyber-security-days-scsd-stiessen-auf-grosses-interesse\/","name":"Les deuxi\u00e8mes Swiss Cyber Security Days (SCSD) ont suscit\u00e9 un grand int\u00e9r\u00eat - organisateur","isPartOf":{"@id":"https:\/\/www.organisator.ch\/#website"},"primaryImageOfPage":{"@id":"https:\/\/www.organisator.ch\/management\/it\/2020-02-14\/zweite-swiss-cyber-security-days-scsd-stiessen-auf-grosses-interesse\/#primaryimage"},"image":{"@id":"https:\/\/www.organisator.ch\/management\/it\/2020-02-14\/zweite-swiss-cyber-security-days-scsd-stiessen-auf-grosses-interesse\/#primaryimage"},"thumbnailUrl":"https:\/\/www.organisator.ch\/wp-content\/uploads\/2020\/02\/Zweite-Swiss-Cyber-Security-Days-SCSD-stiessen-auf-grosses-Interesse-1_Organisator.jpg","datePublished":"2020-02-14T07:58:56+00:00","description":"Pr\u00e8s de 2 700 personnes ont particip\u00e9 aux Swiss Cyber Security Days 2020 (SCSD), qui se sont d\u00e9roul\u00e9s les 12 et 13 f\u00e9vrier au Forum Fribourg.","breadcrumb":{"@id":"https:\/\/www.organisator.ch\/management\/it\/2020-02-14\/zweite-swiss-cyber-security-days-scsd-stiessen-auf-grosses-interesse\/#breadcrumb"},"inLanguage":"fr-FR","potentialAction":[{"@type":"ReadAction","target":["https:\/\/www.organisator.ch\/management\/it\/2020-02-14\/zweite-swiss-cyber-security-days-scsd-stiessen-auf-grosses-interesse\/"]}]},{"@type":"ImageObject","inLanguage":"fr-FR","@id":"https:\/\/www.organisator.ch\/management\/it\/2020-02-14\/zweite-swiss-cyber-security-days-scsd-stiessen-auf-grosses-interesse\/#primaryimage","url":"https:\/\/www.organisator.ch\/wp-content\/uploads\/2020\/02\/Zweite-Swiss-Cyber-Security-Days-SCSD-stiessen-auf-grosses-Interesse-1_Organisator.jpg","contentUrl":"https:\/\/www.organisator.ch\/wp-content\/uploads\/2020\/02\/Zweite-Swiss-Cyber-Security-Days-SCSD-stiessen-auf-grosses-Interesse-1_Organisator.jpg","width":680,"height":452,"caption":"Cyber-Bedrohungen betreffen uns alle: Podium an den Swiss Cyber Security Days 2020. V.l.n.r.: Monique J. Morrow, Jean-Marc Rickli, Daniel Nussbaumer, Nicolas Mayencourt. (Bild: Thomas Berner)"},{"@type":"BreadcrumbList","@id":"https:\/\/www.organisator.ch\/management\/it\/2020-02-14\/zweite-swiss-cyber-security-days-scsd-stiessen-auf-grosses-interesse\/#breadcrumb","itemListElement":[{"@type":"ListItem","position":1,"name":"Home","item":"https:\/\/www.organisator.ch\/"},{"@type":"ListItem","position":2,"name":"Zweite Swiss Cyber Security Days (SCSD) stiessen auf grosses Interesse"}]},{"@type":"WebSite","@id":"https:\/\/www.organisator.ch\/#website","url":"https:\/\/www.organisator.ch\/","name":"Organisateur","description":"Comp\u00e9tence et comp\u00e9tence. Proches de la pratique. L'ORGANISATEUR pr\u00e9pare 10 num\u00e9ros par an sur les th\u00e8mes essentiels pour les dirigeants de PME.","publisher":{"@id":"https:\/\/www.organisator.ch\/#organization"},"potentialAction":[{"@type":"SearchAction","target":{"@type":"EntryPoint","urlTemplate":"https:\/\/www.organisator.ch\/?s={search_term_string}"},"query-input":{"@type":"PropertyValueSpecification","valueRequired":true,"valueName":"search_term_string"}}],"inLanguage":"fr-FR"},{"@type":"Organization","@id":"https:\/\/www.organisator.ch\/#organization","name":"Organisateur","url":"https:\/\/www.organisator.ch\/","logo":{"@type":"ImageObject","inLanguage":"fr-FR","@id":"https:\/\/www.organisator.ch\/#\/schema\/logo\/image\/","url":"https:\/\/www.organisator.ch\/wp-content\/uploads\/2022\/01\/Logo_Organisator_Website.png","contentUrl":"https:\/\/www.organisator.ch\/wp-content\/uploads\/2022\/01\/Logo_Organisator_Website.png","width":800,"height":77,"caption":"Organisator"},"image":{"@id":"https:\/\/www.organisator.ch\/#\/schema\/logo\/image\/"},"sameAs":["https:\/\/www.facebook.com\/OrganisatorFachmagazin","https:\/\/www.linkedin.com\/showcase\/organisator-das-magazin-fr-kmu","https:\/\/www.xing.com\/news\/pages\/organisator-ch-695","https:\/\/www.youtube.com\/channel\/UCGP2Sq0iWaZwT3BdIAQFYpw"]},{"@type":"Person","@id":"https:\/\/www.organisator.ch\/#\/schema\/person\/6f650f90b2842cd4c0cc334b4e36f67e","name":"thomas.berner","image":{"@type":"ImageObject","inLanguage":"fr-FR","@id":"https:\/\/secure.gravatar.com\/avatar\/ac5001d2a36cb6c6cd3e50789007ffca834b477b74a2144564522e944eabff61?s=96&d=mm&r=g","url":"https:\/\/secure.gravatar.com\/avatar\/ac5001d2a36cb6c6cd3e50789007ffca834b477b74a2144564522e944eabff61?s=96&d=mm&r=g","contentUrl":"https:\/\/secure.gravatar.com\/avatar\/ac5001d2a36cb6c6cd3e50789007ffca834b477b74a2144564522e944eabff61?s=96&d=mm&r=g","caption":"thomas.berner"},"url":"https:\/\/www.organisator.ch\/fr\/author\/thomas-berner\/"}]}},"_links":{"self":[{"href":"https:\/\/www.organisator.ch\/fr\/wp-json\/wp\/v2\/posts\/6337","targetHints":{"allow":["GET"]}}],"collection":[{"href":"https:\/\/www.organisator.ch\/fr\/wp-json\/wp\/v2\/posts"}],"about":[{"href":"https:\/\/www.organisator.ch\/fr\/wp-json\/wp\/v2\/types\/post"}],"author":[{"embeddable":true,"href":"https:\/\/www.organisator.ch\/fr\/wp-json\/wp\/v2\/users\/4"}],"replies":[{"embeddable":true,"href":"https:\/\/www.organisator.ch\/fr\/wp-json\/wp\/v2\/comments?post=6337"}],"version-history":[{"count":0,"href":"https:\/\/www.organisator.ch\/fr\/wp-json\/wp\/v2\/posts\/6337\/revisions"}],"wp:featuredmedia":[{"embeddable":true,"href":"https:\/\/www.organisator.ch\/fr\/wp-json\/wp\/v2\/media\/6338"}],"wp:attachment":[{"href":"https:\/\/www.organisator.ch\/fr\/wp-json\/wp\/v2\/media?parent=6337"}],"wp:term":[{"taxonomy":"category","embeddable":true,"href":"https:\/\/www.organisator.ch\/fr\/wp-json\/wp\/v2\/categories?post=6337"},{"taxonomy":"post_tag","embeddable":true,"href":"https:\/\/www.organisator.ch\/fr\/wp-json\/wp\/v2\/tags?post=6337"}],"curies":[{"name":"wp","href":"https:\/\/api.w.org\/{rel}","templated":true}]}}