{"id":6362,"date":"2020-02-20T10:11:48","date_gmt":"2020-02-20T09:11:48","guid":{"rendered":"https:\/\/www.organisator.ch\/?p=6362"},"modified":"2020-02-20T10:11:48","modified_gmt":"2020-02-20T09:11:48","slug":"mem-branche-schaetzt-geschaeftsklima-mehrheitlich-negativ-ein","status":"publish","type":"post","link":"https:\/\/www.organisator.ch\/fr\/management\/2020-02-20\/mem-branche-schaetzt-geschaeftsklima-mehrheitlich-negativ-ein\/","title":{"rendered":"La branche MEM \u00e9value majoritairement de mani\u00e8re n\u00e9gative le climat des affaires"},"content":{"rendered":"<figure id=\"attachment_6363\" aria-describedby=\"caption-attachment-6363\" style=\"width: 680px\" class=\"wp-caption alignnone\"><img loading=\"lazy\" decoding=\"async\" class=\"size-medium wp-image-6363\" src=\"https:\/\/www.organisator.ch\/wp-content\/uploads\/2020\/02\/MEM-Branche-schaetzt-Geschaeftsklima-mehrheitlich-negativ-ein-1_Organisator.jpg\" alt=\"\" width=\"680\" height=\"444\" srcset=\"https:\/\/www.organisator.ch\/wp-content\/uploads\/2020\/02\/MEM-Branche-schaetzt-Geschaeftsklima-mehrheitlich-negativ-ein-1_Organisator.jpg 680w, https:\/\/www.organisator.ch\/wp-content\/uploads\/2020\/02\/MEM-Branche-schaetzt-Geschaeftsklima-mehrheitlich-negativ-ein-1_Organisator-16x10.jpg 16w, https:\/\/www.organisator.ch\/wp-content\/uploads\/2020\/02\/MEM-Branche-schaetzt-Geschaeftsklima-mehrheitlich-negativ-ein-1_Organisator-268x175.jpg 268w, https:\/\/www.organisator.ch\/wp-content\/uploads\/2020\/02\/MEM-Branche-schaetzt-Geschaeftsklima-mehrheitlich-negativ-ein-1_Organisator-536x350.jpg 536w, https:\/\/www.organisator.ch\/wp-content\/uploads\/2020\/02\/MEM-Branche-schaetzt-Geschaeftsklima-mehrheitlich-negativ-ein-1_Organisator-300x196.jpg 300w\" sizes=\"auto, (max-width: 680px) 100vw, 680px\" \/><figcaption id=\"caption-attachment-6363\" class=\"wp-caption-text\">L'indice du climat des affaires de Swissmechanic montre que le pessimisme continue de pr\u00e9valoir dans la branche MEM. (Graphique : Swissmechanic)<\/figcaption><\/figure>\n<p>L'enqu\u00eate trimestrielle de Swissmechanic, l'association leader des PME-MEM suisses, montre que la situation commerciale des entreprises interrog\u00e9es s'est significativement d\u00e9t\u00e9rior\u00e9e entre avril et octobre 2019. Si les optimistes l'emportaient encore au printemps, les pessimistes l'ont emport\u00e9 \u00e0 l'automne. D\u00e9but 2020, la situation est \u00e9galement jug\u00e9e majoritairement n\u00e9gative, mais un peu moins qu'en octobre, comme le montre le dernier barom\u00e8tre \u00e9conomique.<\/p>\n<h2><strong>Faible entr\u00e9e de commandes pour la branche MEM<\/strong><\/h2>\n<p>\"Outre le franc fort, le plus grand d\u00e9fi actuel est la faiblesse des entr\u00e9es de commandes\", explique J\u00fcrg Marti, directeur de Swissmechanic. Ainsi, 62% des entreprises annoncent un recul des commandes au quatri\u00e8me trimestre 2019 et seulement 15% une augmentation. Cette \u00e9volution se refl\u00e8te dans la baisse des chiffres d'affaires et des marges. En outre, les entreprises envisagent de plus en plus d'adapter leurs effectifs. Pour le premier trimestre 2020, les entreprises sont toujours plus nombreuses \u00e0 pr\u00e9voir une d\u00e9t\u00e9rioration qu'une am\u00e9lioration de leur carnet de commandes, mais l'\u00e9cart n'est plus aussi marqu\u00e9.<\/p>\n<figure id=\"attachment_6365\" aria-describedby=\"caption-attachment-6365\" style=\"width: 670px\" class=\"wp-caption alignnone\"><img loading=\"lazy\" decoding=\"async\" class=\"size-full wp-image-6365\" src=\"https:\/\/www.organisator.ch\/wp-content\/uploads\/2020\/02\/MEM-Branche-schaetzt-Geschaeftsklima-mehrheitlich-negativ-ein-2_Organisator.jpg\" alt=\"\" width=\"670\" height=\"448\" srcset=\"https:\/\/www.organisator.ch\/wp-content\/uploads\/2020\/02\/MEM-Branche-schaetzt-Geschaeftsklima-mehrheitlich-negativ-ein-2_Organisator.jpg 670w, https:\/\/www.organisator.ch\/wp-content\/uploads\/2020\/02\/MEM-Branche-schaetzt-Geschaeftsklima-mehrheitlich-negativ-ein-2_Organisator-16x12.jpg 16w, https:\/\/www.organisator.ch\/wp-content\/uploads\/2020\/02\/MEM-Branche-schaetzt-Geschaeftsklima-mehrheitlich-negativ-ein-2_Organisator-262x175.jpg 262w, https:\/\/www.organisator.ch\/wp-content\/uploads\/2020\/02\/MEM-Branche-schaetzt-Geschaeftsklima-mehrheitlich-negativ-ein-2_Organisator-523x350.jpg 523w, https:\/\/www.organisator.ch\/wp-content\/uploads\/2020\/02\/MEM-Branche-schaetzt-Geschaeftsklima-mehrheitlich-negativ-ein-2_Organisator-300x201.jpg 300w\" sizes=\"auto, (max-width: 670px) 100vw, 670px\" \/><figcaption id=\"caption-attachment-6365\" class=\"wp-caption-text\">Variation des carnets de commandes en comparaison trimestrielle. (Graphique : Swissmechanic)<\/figcaption><\/figure>\n<h2><strong>Une pression de deux c\u00f4t\u00e9s<\/strong><\/h2>\n<p>La conjoncture de la branche MEM suisse est en premier lieu assombrie par les incertitudes politiques \u00e0 l'\u00e9tranger. La situation est aggrav\u00e9e par la faiblesse du principal d\u00e9bouch\u00e9, l'UE, et par la force du franc. Swissmechanic demande \u00e0 la Banque nationale suisse (BNS) de maintenir le cap qu'elle s'est fix\u00e9 et de continuer \u00e0 veiller de mani\u00e8re cons\u00e9quente et avec v\u00e9h\u00e9mence \u00e0 ce que le franc suisse ne se renforce pas davantage, mais au contraire s'affaiblisse. Ce faisant, la BNS apporte une contribution essentielle au renforcement de l'\u00e9conomie locale. Cela est absolument n\u00e9cessaire, car les entreprises de la branche MEM sont pour ainsi dire mises sous pression de deux c\u00f4t\u00e9s en raison de la force du franc et de la faiblesse des entr\u00e9es de commandes.<\/p>\n<h2><strong>Tendances \u00e0 la d\u00e9tente<\/strong><\/h2>\n<p>BAK Economics part du principe que les r\u00e9centes tendances \u00e0 la d\u00e9tente dans le conflit commercial entre les \u00c9tats-Unis et la Chine et le Brexit se poursuivront au cours de l'ann\u00e9e. Au plus tard en 2021, le secteur MEM peut donc s'attendre \u00e0 une reprise de la demande \u00e9trang\u00e8re. En Suisse, on peut s'attendre \u00e0 une reprise des investissements en biens d'\u00e9quipement d\u00e8s 2020, car l'adoption de la r\u00e9forme fiscale et du financement de l'AVS (STAF) a fait dispara\u00eetre un facteur d'incertitude important. En cons\u00e9quence, BAK Economics s'attend \u00e0 une acc\u00e9l\u00e9ration croissante du secteur MEM suisse en 2020\/2021.<\/p>\n<p><em>Source et informations compl\u00e9mentaires : <a href=\"http:\/\/www.swissmechanic.ch\">www.swissmechanic.ch<\/a><\/em><\/p>","protected":false},"excerpt":{"rendered":"<p>Die Quartalsbefragung von Swissmechanic, dem f\u00fchrenden Verband der Schweizer KMU-MEM, zeigt, dass sich die Gesch\u00e4ftslage der befragten Unternehmen zwischen April und Oktober 2019 signifikant verschlechtert hat. \u00dcberwogen im Fr\u00fchling noch die Optimisten, waren es im Herbst die Pessimisten. Auch Anfang 2020 wird die Lage mehrheitlich negativ eingesch\u00e4tzt, allerdings etwas weniger stark als noch im Oktober, [&hellip;]<\/p>\n","protected":false},"author":4,"featured_media":6363,"comment_status":"closed","ping_status":"closed","sticky":false,"template":"","format":"standard","meta":{"_acf_changed":false,"_yoast_wpseo_focuskw":"MEM-Branche","_yoast_wpseo_metadesc":"Gem\u00e4ss dem Swissmechanic Wirtschaftsbarometer agiert die Schweizer MEM-Branche weiterhin in einem hektischen Umfeld. Doch der Pessimismus nimmt leicht ab.","articlekey":"","footnotes":""},"categories":[28],"tags":[310,459,492,531],"class_list":["post-6362","post","type-post","status-publish","format-standard","has-post-thumbnail","hentry","category-management","tag-konjunktur","tag-studie","tag-unternehmen","tag-wirtschaftspolitik"],"acf":[],"yoast_head":"<!-- This site is optimized with the Yoast SEO plugin v27.5 - https:\/\/yoast.com\/product\/yoast-seo-wordpress\/ -->\n<title>MEM-Branche sch\u00e4tzt Gesch\u00e4ftsklima mehrheitlich negativ ein - Organisator<\/title>\n<meta name=\"description\" content=\"Gem\u00e4ss dem Swissmechanic Wirtschaftsbarometer agiert die Schweizer MEM-Branche weiterhin in einem hektischen Umfeld. Doch der Pessimismus nimmt leicht ab.\" \/>\n<meta name=\"robots\" content=\"index, follow, max-snippet:-1, max-image-preview:large, max-video-preview:-1\" \/>\n<link rel=\"canonical\" href=\"https:\/\/www.organisator.ch\/fr\/gestion-2\/2020-02-20\/mem-branche-schaetzt-geschaeftsklima-mehrheitlich-negativ-ein\/\" \/>\n<meta property=\"og:locale\" content=\"fr_FR\" \/>\n<meta property=\"og:type\" content=\"article\" \/>\n<meta property=\"og:title\" content=\"MEM-Branche sch\u00e4tzt Gesch\u00e4ftsklima mehrheitlich negativ ein\" \/>\n<meta property=\"og:description\" content=\"Gem\u00e4ss dem Swissmechanic Wirtschaftsbarometer agiert die Schweizer MEM-Branche weiterhin in einem hektischen Umfeld. Doch der Pessimismus nimmt leicht ab.\" \/>\n<meta property=\"og:url\" content=\"https:\/\/www.organisator.ch\/fr\/gestion-2\/2020-02-20\/mem-branche-schaetzt-geschaeftsklima-mehrheitlich-negativ-ein\/\" \/>\n<meta property=\"og:site_name\" content=\"Organisator\" \/>\n<meta property=\"article:publisher\" content=\"https:\/\/www.facebook.com\/OrganisatorFachmagazin\" \/>\n<meta property=\"article:published_time\" content=\"2020-02-20T09:11:48+00:00\" \/>\n<meta property=\"og:image\" content=\"https:\/\/www.organisator.ch\/wp-content\/uploads\/2020\/02\/MEM-Branche-schaetzt-Geschaeftsklima-mehrheitlich-negativ-ein-1_Organisator.jpg\" \/>\n\t<meta property=\"og:image:width\" content=\"680\" \/>\n\t<meta property=\"og:image:height\" content=\"444\" \/>\n\t<meta property=\"og:image:type\" content=\"image\/jpeg\" \/>\n<meta name=\"author\" content=\"thomas.berner\" \/>\n<meta name=\"twitter:card\" content=\"summary_large_image\" \/>\n<meta name=\"twitter:title\" content=\"#MEM-Branche sch\u00e4tzt #Gesch\u00e4ftsklima mehrheitlich negativ ein\" \/>\n<meta name=\"twitter:description\" content=\"Gem\u00e4ss dem #Swissmechanic Wirtschaftsbarometer agiert die Schweizer #MEM-Branche weiterhin in einem hektischen Umfeld. Doch der Pessimismus nimmt leicht ab.\" \/>\n<meta name=\"twitter:image\" content=\"https:\/\/www.organisator.ch\/wp-content\/uploads\/2020\/02\/MEM-Branche-schaetzt-Geschaeftsklima-mehrheitlich-negativ-ein-1_Organisator.jpg\" \/>\n<script type=\"application\/ld+json\" class=\"yoast-schema-graph\">{\"@context\":\"https:\\\/\\\/schema.org\",\"@graph\":[{\"@type\":\"Article\",\"@id\":\"https:\\\/\\\/www.organisator.ch\\\/management\\\/2020-02-20\\\/mem-branche-schaetzt-geschaeftsklima-mehrheitlich-negativ-ein\\\/#article\",\"isPartOf\":{\"@id\":\"https:\\\/\\\/www.organisator.ch\\\/management\\\/2020-02-20\\\/mem-branche-schaetzt-geschaeftsklima-mehrheitlich-negativ-ein\\\/\"},\"author\":{\"name\":\"thomas.berner\",\"@id\":\"https:\\\/\\\/www.organisator.ch\\\/#\\\/schema\\\/person\\\/6f650f90b2842cd4c0cc334b4e36f67e\"},\"headline\":\"MEM-Branche sch\u00e4tzt Gesch\u00e4ftsklima mehrheitlich negativ ein\",\"datePublished\":\"2020-02-20T09:11:48+00:00\",\"mainEntityOfPage\":{\"@id\":\"https:\\\/\\\/www.organisator.ch\\\/management\\\/2020-02-20\\\/mem-branche-schaetzt-geschaeftsklima-mehrheitlich-negativ-ein\\\/\"},\"wordCount\":394,\"publisher\":{\"@id\":\"https:\\\/\\\/www.organisator.ch\\\/#organization\"},\"image\":{\"@id\":\"https:\\\/\\\/www.organisator.ch\\\/management\\\/2020-02-20\\\/mem-branche-schaetzt-geschaeftsklima-mehrheitlich-negativ-ein\\\/#primaryimage\"},\"thumbnailUrl\":\"https:\\\/\\\/www.organisator.ch\\\/wp-content\\\/uploads\\\/2020\\\/02\\\/MEM-Branche-schaetzt-Geschaeftsklima-mehrheitlich-negativ-ein-1_Organisator.jpg\",\"keywords\":[\"Konjunktur\",\"Studie\",\"Unternehmen\",\"Wirtschaftspolitik\"],\"articleSection\":[\"MANAGEMENT\"],\"inLanguage\":\"fr-FR\"},{\"@type\":\"WebPage\",\"@id\":\"https:\\\/\\\/www.organisator.ch\\\/management\\\/2020-02-20\\\/mem-branche-schaetzt-geschaeftsklima-mehrheitlich-negativ-ein\\\/\",\"url\":\"https:\\\/\\\/www.organisator.ch\\\/management\\\/2020-02-20\\\/mem-branche-schaetzt-geschaeftsklima-mehrheitlich-negativ-ein\\\/\",\"name\":\"MEM-Branche sch\u00e4tzt Gesch\u00e4ftsklima mehrheitlich negativ ein - Organisator\",\"isPartOf\":{\"@id\":\"https:\\\/\\\/www.organisator.ch\\\/#website\"},\"primaryImageOfPage\":{\"@id\":\"https:\\\/\\\/www.organisator.ch\\\/management\\\/2020-02-20\\\/mem-branche-schaetzt-geschaeftsklima-mehrheitlich-negativ-ein\\\/#primaryimage\"},\"image\":{\"@id\":\"https:\\\/\\\/www.organisator.ch\\\/management\\\/2020-02-20\\\/mem-branche-schaetzt-geschaeftsklima-mehrheitlich-negativ-ein\\\/#primaryimage\"},\"thumbnailUrl\":\"https:\\\/\\\/www.organisator.ch\\\/wp-content\\\/uploads\\\/2020\\\/02\\\/MEM-Branche-schaetzt-Geschaeftsklima-mehrheitlich-negativ-ein-1_Organisator.jpg\",\"datePublished\":\"2020-02-20T09:11:48+00:00\",\"description\":\"Gem\u00e4ss dem Swissmechanic Wirtschaftsbarometer agiert die Schweizer MEM-Branche weiterhin in einem hektischen Umfeld. Doch der Pessimismus nimmt leicht ab.\",\"breadcrumb\":{\"@id\":\"https:\\\/\\\/www.organisator.ch\\\/management\\\/2020-02-20\\\/mem-branche-schaetzt-geschaeftsklima-mehrheitlich-negativ-ein\\\/#breadcrumb\"},\"inLanguage\":\"fr-FR\",\"potentialAction\":[{\"@type\":\"ReadAction\",\"target\":[\"https:\\\/\\\/www.organisator.ch\\\/management\\\/2020-02-20\\\/mem-branche-schaetzt-geschaeftsklima-mehrheitlich-negativ-ein\\\/\"]}]},{\"@type\":\"ImageObject\",\"inLanguage\":\"fr-FR\",\"@id\":\"https:\\\/\\\/www.organisator.ch\\\/management\\\/2020-02-20\\\/mem-branche-schaetzt-geschaeftsklima-mehrheitlich-negativ-ein\\\/#primaryimage\",\"url\":\"https:\\\/\\\/www.organisator.ch\\\/wp-content\\\/uploads\\\/2020\\\/02\\\/MEM-Branche-schaetzt-Geschaeftsklima-mehrheitlich-negativ-ein-1_Organisator.jpg\",\"contentUrl\":\"https:\\\/\\\/www.organisator.ch\\\/wp-content\\\/uploads\\\/2020\\\/02\\\/MEM-Branche-schaetzt-Geschaeftsklima-mehrheitlich-negativ-ein-1_Organisator.jpg\",\"width\":680,\"height\":444,\"caption\":\"Der Gesch\u00e4ftsklima-Index von Swissmechanic zeigt, dass in der MEM-Branche nach wie vor Pessimismus vorherrscht. (Grafik: Swissmechanic)\"},{\"@type\":\"BreadcrumbList\",\"@id\":\"https:\\\/\\\/www.organisator.ch\\\/management\\\/2020-02-20\\\/mem-branche-schaetzt-geschaeftsklima-mehrheitlich-negativ-ein\\\/#breadcrumb\",\"itemListElement\":[{\"@type\":\"ListItem\",\"position\":1,\"name\":\"Home\",\"item\":\"https:\\\/\\\/www.organisator.ch\\\/\"},{\"@type\":\"ListItem\",\"position\":2,\"name\":\"MEM-Branche sch\u00e4tzt Gesch\u00e4ftsklima mehrheitlich negativ ein\"}]},{\"@type\":\"WebSite\",\"@id\":\"https:\\\/\\\/www.organisator.ch\\\/#website\",\"url\":\"https:\\\/\\\/www.organisator.ch\\\/\",\"name\":\"Organisator\",\"description\":\"Kompetent. Praxisnah. Der ORGANISATOR bereitet in 10 Ausgaben pro Jahr die wesentlichen Themen f\u00fcr F\u00fchrungskr\u00e4fte von KMU auf.\",\"publisher\":{\"@id\":\"https:\\\/\\\/www.organisator.ch\\\/#organization\"},\"potentialAction\":[{\"@type\":\"SearchAction\",\"target\":{\"@type\":\"EntryPoint\",\"urlTemplate\":\"https:\\\/\\\/www.organisator.ch\\\/?s={search_term_string}\"},\"query-input\":{\"@type\":\"PropertyValueSpecification\",\"valueRequired\":true,\"valueName\":\"search_term_string\"}}],\"inLanguage\":\"fr-FR\"},{\"@type\":\"Organization\",\"@id\":\"https:\\\/\\\/www.organisator.ch\\\/#organization\",\"name\":\"Organisator\",\"url\":\"https:\\\/\\\/www.organisator.ch\\\/\",\"logo\":{\"@type\":\"ImageObject\",\"inLanguage\":\"fr-FR\",\"@id\":\"https:\\\/\\\/www.organisator.ch\\\/#\\\/schema\\\/logo\\\/image\\\/\",\"url\":\"https:\\\/\\\/www.organisator.ch\\\/wp-content\\\/uploads\\\/2022\\\/01\\\/Logo_Organisator_Website.png\",\"contentUrl\":\"https:\\\/\\\/www.organisator.ch\\\/wp-content\\\/uploads\\\/2022\\\/01\\\/Logo_Organisator_Website.png\",\"width\":800,\"height\":77,\"caption\":\"Organisator\"},\"image\":{\"@id\":\"https:\\\/\\\/www.organisator.ch\\\/#\\\/schema\\\/logo\\\/image\\\/\"},\"sameAs\":[\"https:\\\/\\\/www.facebook.com\\\/OrganisatorFachmagazin\",\"https:\\\/\\\/www.linkedin.com\\\/showcase\\\/organisator-das-magazin-fr-kmu\",\"https:\\\/\\\/www.xing.com\\\/news\\\/pages\\\/organisator-ch-695\",\"https:\\\/\\\/www.youtube.com\\\/channel\\\/UCGP2Sq0iWaZwT3BdIAQFYpw\"]},{\"@type\":\"Person\",\"@id\":\"https:\\\/\\\/www.organisator.ch\\\/#\\\/schema\\\/person\\\/6f650f90b2842cd4c0cc334b4e36f67e\",\"name\":\"thomas.berner\",\"image\":{\"@type\":\"ImageObject\",\"inLanguage\":\"fr-FR\",\"@id\":\"https:\\\/\\\/secure.gravatar.com\\\/avatar\\\/ac5001d2a36cb6c6cd3e50789007ffca834b477b74a2144564522e944eabff61?s=96&d=mm&r=g\",\"url\":\"https:\\\/\\\/secure.gravatar.com\\\/avatar\\\/ac5001d2a36cb6c6cd3e50789007ffca834b477b74a2144564522e944eabff61?s=96&d=mm&r=g\",\"contentUrl\":\"https:\\\/\\\/secure.gravatar.com\\\/avatar\\\/ac5001d2a36cb6c6cd3e50789007ffca834b477b74a2144564522e944eabff61?s=96&d=mm&r=g\",\"caption\":\"thomas.berner\"},\"url\":\"https:\\\/\\\/www.organisator.ch\\\/fr\\\/author\\\/thomas-berner\\\/\"}]}<\/script>\n<!-- \/ Yoast SEO plugin. -->","yoast_head_json":{"title":"La branche MEM \u00e9value majoritairement le climat des affaires de mani\u00e8re n\u00e9gative - Organisateur","description":"Selon le barom\u00e8tre \u00e9conomique de Swissmechanic, la branche MEM suisse continue d'agir dans un environnement tr\u00e9pidant. Mais le pessimisme diminue l\u00e9g\u00e8rement.","robots":{"index":"index","follow":"follow","max-snippet":"max-snippet:-1","max-image-preview":"max-image-preview:large","max-video-preview":"max-video-preview:-1"},"canonical":"https:\/\/www.organisator.ch\/fr\/gestion-2\/2020-02-20\/mem-branche-schaetzt-geschaeftsklima-mehrheitlich-negativ-ein\/","og_locale":"fr_FR","og_type":"article","og_title":"MEM-Branche sch\u00e4tzt Gesch\u00e4ftsklima mehrheitlich negativ ein","og_description":"Gem\u00e4ss dem Swissmechanic Wirtschaftsbarometer agiert die Schweizer MEM-Branche weiterhin in einem hektischen Umfeld. Doch der Pessimismus nimmt leicht ab.","og_url":"https:\/\/www.organisator.ch\/fr\/gestion-2\/2020-02-20\/mem-branche-schaetzt-geschaeftsklima-mehrheitlich-negativ-ein\/","og_site_name":"Organisator","article_publisher":"https:\/\/www.facebook.com\/OrganisatorFachmagazin","article_published_time":"2020-02-20T09:11:48+00:00","og_image":[{"width":680,"height":444,"url":"https:\/\/www.organisator.ch\/wp-content\/uploads\/2020\/02\/MEM-Branche-schaetzt-Geschaeftsklima-mehrheitlich-negativ-ein-1_Organisator.jpg","type":"image\/jpeg"}],"author":"thomas.berner","twitter_card":"summary_large_image","twitter_title":"#MEM-Branche sch\u00e4tzt #Gesch\u00e4ftsklima mehrheitlich negativ ein","twitter_description":"Gem\u00e4ss dem #Swissmechanic Wirtschaftsbarometer agiert die Schweizer #MEM-Branche weiterhin in einem hektischen Umfeld. Doch der Pessimismus nimmt leicht ab.","twitter_image":"https:\/\/www.organisator.ch\/wp-content\/uploads\/2020\/02\/MEM-Branche-schaetzt-Geschaeftsklima-mehrheitlich-negativ-ein-1_Organisator.jpg","schema":{"@context":"https:\/\/schema.org","@graph":[{"@type":"Article","@id":"https:\/\/www.organisator.ch\/management\/2020-02-20\/mem-branche-schaetzt-geschaeftsklima-mehrheitlich-negativ-ein\/#article","isPartOf":{"@id":"https:\/\/www.organisator.ch\/management\/2020-02-20\/mem-branche-schaetzt-geschaeftsklima-mehrheitlich-negativ-ein\/"},"author":{"name":"thomas.berner","@id":"https:\/\/www.organisator.ch\/#\/schema\/person\/6f650f90b2842cd4c0cc334b4e36f67e"},"headline":"MEM-Branche sch\u00e4tzt Gesch\u00e4ftsklima mehrheitlich negativ ein","datePublished":"2020-02-20T09:11:48+00:00","mainEntityOfPage":{"@id":"https:\/\/www.organisator.ch\/management\/2020-02-20\/mem-branche-schaetzt-geschaeftsklima-mehrheitlich-negativ-ein\/"},"wordCount":394,"publisher":{"@id":"https:\/\/www.organisator.ch\/#organization"},"image":{"@id":"https:\/\/www.organisator.ch\/management\/2020-02-20\/mem-branche-schaetzt-geschaeftsklima-mehrheitlich-negativ-ein\/#primaryimage"},"thumbnailUrl":"https:\/\/www.organisator.ch\/wp-content\/uploads\/2020\/02\/MEM-Branche-schaetzt-Geschaeftsklima-mehrheitlich-negativ-ein-1_Organisator.jpg","keywords":["Konjunktur","Studie","Unternehmen","Wirtschaftspolitik"],"articleSection":["MANAGEMENT"],"inLanguage":"fr-FR"},{"@type":"WebPage","@id":"https:\/\/www.organisator.ch\/management\/2020-02-20\/mem-branche-schaetzt-geschaeftsklima-mehrheitlich-negativ-ein\/","url":"https:\/\/www.organisator.ch\/management\/2020-02-20\/mem-branche-schaetzt-geschaeftsklima-mehrheitlich-negativ-ein\/","name":"La branche MEM \u00e9value majoritairement le climat des affaires de mani\u00e8re n\u00e9gative - Organisateur","isPartOf":{"@id":"https:\/\/www.organisator.ch\/#website"},"primaryImageOfPage":{"@id":"https:\/\/www.organisator.ch\/management\/2020-02-20\/mem-branche-schaetzt-geschaeftsklima-mehrheitlich-negativ-ein\/#primaryimage"},"image":{"@id":"https:\/\/www.organisator.ch\/management\/2020-02-20\/mem-branche-schaetzt-geschaeftsklima-mehrheitlich-negativ-ein\/#primaryimage"},"thumbnailUrl":"https:\/\/www.organisator.ch\/wp-content\/uploads\/2020\/02\/MEM-Branche-schaetzt-Geschaeftsklima-mehrheitlich-negativ-ein-1_Organisator.jpg","datePublished":"2020-02-20T09:11:48+00:00","description":"Selon le barom\u00e8tre \u00e9conomique de Swissmechanic, la branche MEM suisse continue d'agir dans un environnement tr\u00e9pidant. Mais le pessimisme diminue l\u00e9g\u00e8rement.","breadcrumb":{"@id":"https:\/\/www.organisator.ch\/management\/2020-02-20\/mem-branche-schaetzt-geschaeftsklima-mehrheitlich-negativ-ein\/#breadcrumb"},"inLanguage":"fr-FR","potentialAction":[{"@type":"ReadAction","target":["https:\/\/www.organisator.ch\/management\/2020-02-20\/mem-branche-schaetzt-geschaeftsklima-mehrheitlich-negativ-ein\/"]}]},{"@type":"ImageObject","inLanguage":"fr-FR","@id":"https:\/\/www.organisator.ch\/management\/2020-02-20\/mem-branche-schaetzt-geschaeftsklima-mehrheitlich-negativ-ein\/#primaryimage","url":"https:\/\/www.organisator.ch\/wp-content\/uploads\/2020\/02\/MEM-Branche-schaetzt-Geschaeftsklima-mehrheitlich-negativ-ein-1_Organisator.jpg","contentUrl":"https:\/\/www.organisator.ch\/wp-content\/uploads\/2020\/02\/MEM-Branche-schaetzt-Geschaeftsklima-mehrheitlich-negativ-ein-1_Organisator.jpg","width":680,"height":444,"caption":"Der Gesch\u00e4ftsklima-Index von Swissmechanic zeigt, dass in der MEM-Branche nach wie vor Pessimismus vorherrscht. (Grafik: Swissmechanic)"},{"@type":"BreadcrumbList","@id":"https:\/\/www.organisator.ch\/management\/2020-02-20\/mem-branche-schaetzt-geschaeftsklima-mehrheitlich-negativ-ein\/#breadcrumb","itemListElement":[{"@type":"ListItem","position":1,"name":"Home","item":"https:\/\/www.organisator.ch\/"},{"@type":"ListItem","position":2,"name":"MEM-Branche sch\u00e4tzt Gesch\u00e4ftsklima mehrheitlich negativ ein"}]},{"@type":"WebSite","@id":"https:\/\/www.organisator.ch\/#website","url":"https:\/\/www.organisator.ch\/","name":"Organisateur","description":"Comp\u00e9tence et comp\u00e9tence. Proches de la pratique. L'ORGANISATEUR pr\u00e9pare 10 num\u00e9ros par an sur les th\u00e8mes essentiels pour les dirigeants de PME.","publisher":{"@id":"https:\/\/www.organisator.ch\/#organization"},"potentialAction":[{"@type":"SearchAction","target":{"@type":"EntryPoint","urlTemplate":"https:\/\/www.organisator.ch\/?s={search_term_string}"},"query-input":{"@type":"PropertyValueSpecification","valueRequired":true,"valueName":"search_term_string"}}],"inLanguage":"fr-FR"},{"@type":"Organization","@id":"https:\/\/www.organisator.ch\/#organization","name":"Organisateur","url":"https:\/\/www.organisator.ch\/","logo":{"@type":"ImageObject","inLanguage":"fr-FR","@id":"https:\/\/www.organisator.ch\/#\/schema\/logo\/image\/","url":"https:\/\/www.organisator.ch\/wp-content\/uploads\/2022\/01\/Logo_Organisator_Website.png","contentUrl":"https:\/\/www.organisator.ch\/wp-content\/uploads\/2022\/01\/Logo_Organisator_Website.png","width":800,"height":77,"caption":"Organisator"},"image":{"@id":"https:\/\/www.organisator.ch\/#\/schema\/logo\/image\/"},"sameAs":["https:\/\/www.facebook.com\/OrganisatorFachmagazin","https:\/\/www.linkedin.com\/showcase\/organisator-das-magazin-fr-kmu","https:\/\/www.xing.com\/news\/pages\/organisator-ch-695","https:\/\/www.youtube.com\/channel\/UCGP2Sq0iWaZwT3BdIAQFYpw"]},{"@type":"Person","@id":"https:\/\/www.organisator.ch\/#\/schema\/person\/6f650f90b2842cd4c0cc334b4e36f67e","name":"thomas.berner","image":{"@type":"ImageObject","inLanguage":"fr-FR","@id":"https:\/\/secure.gravatar.com\/avatar\/ac5001d2a36cb6c6cd3e50789007ffca834b477b74a2144564522e944eabff61?s=96&d=mm&r=g","url":"https:\/\/secure.gravatar.com\/avatar\/ac5001d2a36cb6c6cd3e50789007ffca834b477b74a2144564522e944eabff61?s=96&d=mm&r=g","contentUrl":"https:\/\/secure.gravatar.com\/avatar\/ac5001d2a36cb6c6cd3e50789007ffca834b477b74a2144564522e944eabff61?s=96&d=mm&r=g","caption":"thomas.berner"},"url":"https:\/\/www.organisator.ch\/fr\/author\/thomas-berner\/"}]}},"_links":{"self":[{"href":"https:\/\/www.organisator.ch\/fr\/wp-json\/wp\/v2\/posts\/6362","targetHints":{"allow":["GET"]}}],"collection":[{"href":"https:\/\/www.organisator.ch\/fr\/wp-json\/wp\/v2\/posts"}],"about":[{"href":"https:\/\/www.organisator.ch\/fr\/wp-json\/wp\/v2\/types\/post"}],"author":[{"embeddable":true,"href":"https:\/\/www.organisator.ch\/fr\/wp-json\/wp\/v2\/users\/4"}],"replies":[{"embeddable":true,"href":"https:\/\/www.organisator.ch\/fr\/wp-json\/wp\/v2\/comments?post=6362"}],"version-history":[{"count":0,"href":"https:\/\/www.organisator.ch\/fr\/wp-json\/wp\/v2\/posts\/6362\/revisions"}],"wp:featuredmedia":[{"embeddable":true,"href":"https:\/\/www.organisator.ch\/fr\/wp-json\/wp\/v2\/media\/6363"}],"wp:attachment":[{"href":"https:\/\/www.organisator.ch\/fr\/wp-json\/wp\/v2\/media?parent=6362"}],"wp:term":[{"taxonomy":"category","embeddable":true,"href":"https:\/\/www.organisator.ch\/fr\/wp-json\/wp\/v2\/categories?post=6362"},{"taxonomy":"post_tag","embeddable":true,"href":"https:\/\/www.organisator.ch\/fr\/wp-json\/wp\/v2\/tags?post=6362"}],"curies":[{"name":"wp","href":"https:\/\/api.w.org\/{rel}","templated":true}]}}