{"id":638,"date":"2016-10-20T13:53:06","date_gmt":"2016-10-20T11:53:06","guid":{"rendered":"http:\/\/dev.organisator.ch\/?p=638"},"modified":"2016-10-20T13:53:06","modified_gmt":"2016-10-20T11:53:06","slug":"betriebsstoerungen-durchschn-20-tage-gehen-pro-jahr-in-die-binsen","status":"publish","type":"post","link":"https:\/\/www.organisator.ch\/fr\/allgemein\/2016-10-20\/betriebsstoerungen-durchschn-20-tage-gehen-pro-jahr-in-die-binsen\/","title":{"rendered":"Incidents de fonctionnement : Une moyenne de 20 jours de panne par an"},"content":{"rendered":"<figure id=\"attachment_639\" aria-describedby=\"caption-attachment-639\" style=\"width: 427px\" class=\"wp-caption alignnone\"><img loading=\"lazy\" decoding=\"async\" class=\"size-full wp-image-639\" src=\"https:\/\/www.organisator.ch\/wp-content\/uploads\/2016\/12\/Betriebsstoerungen-Durchschn.-20-Tage-gehen-pro-Jahr-in-die-Binsen-organisator.jpg\" alt=\"\" width=\"427\" height=\"640\" srcset=\"https:\/\/www.organisator.ch\/wp-content\/uploads\/2016\/12\/Betriebsstoerungen-Durchschn.-20-Tage-gehen-pro-Jahr-in-die-Binsen-organisator.jpg 427w, https:\/\/www.organisator.ch\/wp-content\/uploads\/2016\/12\/Betriebsstoerungen-Durchschn.-20-Tage-gehen-pro-Jahr-in-die-Binsen-organisator-8x12.jpg 8w, https:\/\/www.organisator.ch\/wp-content\/uploads\/2016\/12\/Betriebsstoerungen-Durchschn.-20-Tage-gehen-pro-Jahr-in-die-Binsen-organisator-117x175.jpg 117w, https:\/\/www.organisator.ch\/wp-content\/uploads\/2016\/12\/Betriebsstoerungen-Durchschn.-20-Tage-gehen-pro-Jahr-in-die-Binsen-organisator-234x350.jpg 234w, https:\/\/www.organisator.ch\/wp-content\/uploads\/2016\/12\/Betriebsstoerungen-Durchschn.-20-Tage-gehen-pro-Jahr-in-die-Binsen-organisator-300x450.jpg 300w\" sizes=\"auto, (max-width: 427px) 100vw, 427px\" \/><figcaption id=\"caption-attachment-639\" class=\"wp-caption-text\">Il n'est pas toujours possible de rem\u00e9dier aux dysfonctionnements \u00e0 l'aide d'un marteau. Les employ\u00e9s de bureau doivent attendre jusqu'\u00e0 38 minutes par jour pour obtenir de l'aide.<\/figcaption><\/figure>\n<p>Selon l'\u00e9tude men\u00e9e aupr\u00e8s de 6'045 employ\u00e9s de bureau dans neuf pays europ\u00e9ens, l'\u00e9quipement technique fait partie des plus grands d\u00e9voreurs de temps au bureau. Selon cette \u00e9tude, les employ\u00e9s de bureau allemands perdent chaque ann\u00e9e pr\u00e8s de 10'000 minutes, soit 20 jours de travail, parce que l'\u00e9quipement technique du bureau les ralentit au lieu d'acc\u00e9l\u00e9rer leur travail.<\/p>\n<p>Ainsi, les employ\u00e9s de bureau passent en moyenne 22 minutes par jour \u00e0 rechercher des documents et des images difficiles \u00e0 trouver sur le r\u00e9seau de leur entreprise. Ils passent 8 minutes \u00e0 attendre le d\u00e9marrage et le pr\u00e9chauffage des imprimantes. L'impression de documents prend 9 minutes de plus.<\/p>\n<p>Au total, les employ\u00e9s de bureau en Allemagne doivent laisser passer environ 38 minutes de leur journ\u00e9e de travail sans en profiter !<\/p>\n<p><strong>Incertitude dans l'utilisation<\/strong><\/p>\n<p>Cette perte de temps a plusieurs causes. Pour les employ\u00e9s allemands, le classement confus des documents est le probl\u00e8me le plus grave : 31 % des personnes interrog\u00e9es indiquent qu'elles perdent du temps parce que les documents ne sont pas faciles \u00e0 trouver ou \u00e0 partager. 25 % se plaignent de technologies d\u00e9pass\u00e9es qui les emp\u00eachent de travailler efficacement.<\/p>\n<p>Les coll\u00e8gues passent \u00e9galement beaucoup de temps \u00e0 essayer de s'aider entre eux. Ainsi, 25 % des personnes interrog\u00e9es indiquent qu'elles aident occasionnellement leurs coll\u00e8gues \u00e0 utiliser des imprimantes et des scanners. 23 % coachent leurs coll\u00e8gues dans l'utilisation de la technologie de vid\u00e9oconf\u00e9rence. Il n'en reste pas moins que 21 pour cent des employ\u00e9s de bureau avouent ne pas savoir eux-m\u00eames comment fonctionnent les appareils.<\/p>\n<p><strong>Effet secondaire : d\u00e9motivation \u00a0<\/strong><\/p>\n<p>Les retards dus \u00e0 des probl\u00e8mes techniques n'ont pas seulement un impact sur l'efficacit\u00e9 des employ\u00e9s - ils ont \u00e9galement un impact significatif sur leur satisfaction au travail. Ainsi, 52 % des personnes interrog\u00e9es indiquent qu'elles seraient plus productives avec une technologie plus r\u00e9cente. 42 % sont certains que leur motivation augmenterait et 16 % supposent m\u00eame qu'ils se sentiraient plus attach\u00e9s \u00e0 leur employeur et qu'ils cesseraient de chercher un nouvel emploi.<\/p>\n<p>\"En raison d'une technologie obsol\u00e8te, d\u00e9fectueuse et compliqu\u00e9e, les entreprises risquent de ralentir leurs processus de travail, de perdre des b\u00e9n\u00e9fices et m\u00eame de perdre des collaborateurs pr\u00e9cieux\", commente Alexander Hermann, vice-pr\u00e9sident Information Systems Europe chez Sharp. \"Il est temps pour elles de reconna\u00eetre l'importance des technologies actuelles et intelligentes qui r\u00e9pondent aux besoins en constante \u00e9volution des collaborateurs. La bonne technologie n'augmente pas seulement l'efficacit\u00e9 des \u00e9quipes. Elle augmente \u00e9galement le plaisir au travail et l'attractivit\u00e9 de l'employeur\".<\/p>\n<p>Pour plus d'informations sur les r\u00e9sultats paneurop\u00e9ens, veuillez consulter ce site. <a href=\"http:\/\/www.sharp.de\/Unlock\" target=\"_blank\" rel=\"noreferrer noopener\" data-cke-saved-href=\"http:\/\/www.sharp.de\/Unlock\">Lien<\/a><\/p>","protected":false},"excerpt":{"rendered":"<p>Laut der Studie, die unter 6\u2018045 B\u00fcrokr\u00e4ften in neun L\u00e4ndern Europas durchgef\u00fchrt wurde, z\u00e4hlt die technische Ausstattung zu den gr\u00f6ssten Zeitfressern im B\u00fcro. Demnach verlieren deutsche B\u00fcroangestellte j\u00e4hrlich gegen 10\u2018000 Minuten oder 20 Arbeitstage pro Jahr, weil die technische Ausstattung im B\u00fcro sie aufh\u00e4lt, anstatt ihre Arbeit zu beschleunigen. So verbringen B\u00fcrokr\u00e4fte pro Tag durchschnittlich [&hellip;]<\/p>\n","protected":false},"author":1,"featured_media":639,"comment_status":"open","ping_status":"open","sticky":false,"template":"","format":"standard","meta":{"_acf_changed":false,"_yoast_wpseo_focuskw":"Betriebsst\u00f6rungen","_yoast_wpseo_metadesc":"B\u00fcroangestellte verlieren viel Zeit dadurch, dass sie sich mit fehlerhafter, langsamer oder komplizierter Technik auseinandersetzen m\u00fcssen.","articlekey":"","footnotes":""},"categories":[1],"tags":[459],"class_list":["post-638","post","type-post","status-publish","format-standard","has-post-thumbnail","hentry","category-allgemein","tag-studie"],"acf":[],"yoast_head":"<!-- This site is optimized with the Yoast SEO plugin v27.5 - https:\/\/yoast.com\/product\/yoast-seo-wordpress\/ -->\n<title>Betriebsst\u00f6rungen: Durchschn. 20 Tage gehen pro Jahr in die Binsen - Organisator<\/title>\n<meta name=\"description\" content=\"B\u00fcroangestellte verlieren viel Zeit dadurch, dass sie sich mit fehlerhafter, langsamer oder komplizierter Technik auseinandersetzen m\u00fcssen.\" \/>\n<meta name=\"robots\" content=\"index, follow, max-snippet:-1, max-image-preview:large, max-video-preview:-1\" \/>\n<link rel=\"canonical\" href=\"https:\/\/www.organisator.ch\/fr\/general\/2016-10-20\/betriebsstoerungen-durchschn-20-tage-gehen-pro-jahr-in-die-binsen\/\" \/>\n<meta property=\"og:locale\" content=\"fr_FR\" \/>\n<meta property=\"og:type\" content=\"article\" \/>\n<meta property=\"og:title\" content=\"Betriebsst\u00f6rungen: Durchschn. 20 Tage gehen pro Jahr in die Binsen\" \/>\n<meta property=\"og:description\" content=\"Im Idealfall unterst\u00fctzt die technische Ausstattung im B\u00fcro den Angestellten darin, seine Aufgaben schneller und effizienter abzuarbeiten. Die Realit\u00e4t sieht jedoch oft anders aus: B\u00fcroangestellte verlieren viel Zeit dadurch, dass sie sich mit fehlerhafter, langsamer oder komplizierter Technik auseinandersetzen m\u00fcssen. Dies ergab eine Studie von Sharp Business Systems in Zusammenarbeit mit dem Marktforschungsinstitut Censuswide.\" \/>\n<meta property=\"og:url\" content=\"https:\/\/www.organisator.ch\/fr\/general\/2016-10-20\/betriebsstoerungen-durchschn-20-tage-gehen-pro-jahr-in-die-binsen\/\" \/>\n<meta property=\"og:site_name\" content=\"Organisator\" \/>\n<meta property=\"article:publisher\" content=\"https:\/\/www.facebook.com\/OrganisatorFachmagazin\" \/>\n<meta property=\"article:published_time\" content=\"2016-10-20T11:53:06+00:00\" \/>\n<meta property=\"og:image\" content=\"https:\/\/www.organisator.ch\/wp-content\/uploads\/2016\/12\/Betriebsstoerungen-Durchschn.-20-Tage-gehen-pro-Jahr-in-die-Binsen-organisator.jpg\" \/>\n\t<meta property=\"og:image:width\" content=\"427\" \/>\n\t<meta property=\"og:image:height\" content=\"640\" \/>\n\t<meta property=\"og:image:type\" content=\"image\/jpeg\" \/>\n<meta name=\"author\" content=\"admin\" \/>\n<meta name=\"twitter:card\" content=\"summary_large_image\" \/>\n<script type=\"application\/ld+json\" class=\"yoast-schema-graph\">{\"@context\":\"https:\\\/\\\/schema.org\",\"@graph\":[{\"@type\":\"Article\",\"@id\":\"https:\\\/\\\/www.organisator.ch\\\/it\\\/generale\\\/2016-10-20\\\/betriebsstoerungen-durchschn-20-tage-gehen-pro-jahr-in-die-binsen\\\/#article\",\"isPartOf\":{\"@id\":\"https:\\\/\\\/www.organisator.ch\\\/it\\\/generale\\\/2016-10-20\\\/betriebsstoerungen-durchschn-20-tage-gehen-pro-jahr-in-die-binsen\\\/\"},\"author\":{\"name\":\"admin\",\"@id\":\"https:\\\/\\\/www.organisator.ch\\\/#\\\/schema\\\/person\\\/aa2bace6c5c5aad60102004a50c4eb1c\"},\"headline\":\"Betriebsst\u00f6rungen: Durchschn. 20 Tage gehen pro Jahr in die Binsen\",\"datePublished\":\"2016-10-20T11:53:06+00:00\",\"mainEntityOfPage\":{\"@id\":\"https:\\\/\\\/www.organisator.ch\\\/it\\\/generale\\\/2016-10-20\\\/betriebsstoerungen-durchschn-20-tage-gehen-pro-jahr-in-die-binsen\\\/\"},\"wordCount\":430,\"commentCount\":0,\"publisher\":{\"@id\":\"https:\\\/\\\/www.organisator.ch\\\/#organization\"},\"image\":{\"@id\":\"https:\\\/\\\/www.organisator.ch\\\/it\\\/generale\\\/2016-10-20\\\/betriebsstoerungen-durchschn-20-tage-gehen-pro-jahr-in-die-binsen\\\/#primaryimage\"},\"thumbnailUrl\":\"https:\\\/\\\/www.organisator.ch\\\/wp-content\\\/uploads\\\/2016\\\/12\\\/Betriebsstoerungen-Durchschn.-20-Tage-gehen-pro-Jahr-in-die-Binsen-organisator.jpg\",\"keywords\":[\"Studie\"],\"articleSection\":[\"Allgemein\"],\"inLanguage\":\"fr-FR\"},{\"@type\":\"WebPage\",\"@id\":\"https:\\\/\\\/www.organisator.ch\\\/it\\\/generale\\\/2016-10-20\\\/betriebsstoerungen-durchschn-20-tage-gehen-pro-jahr-in-die-binsen\\\/\",\"url\":\"https:\\\/\\\/www.organisator.ch\\\/it\\\/generale\\\/2016-10-20\\\/betriebsstoerungen-durchschn-20-tage-gehen-pro-jahr-in-die-binsen\\\/\",\"name\":\"Betriebsst\u00f6rungen: Durchschn. 20 Tage gehen pro Jahr in die Binsen - Organisator\",\"isPartOf\":{\"@id\":\"https:\\\/\\\/www.organisator.ch\\\/#website\"},\"primaryImageOfPage\":{\"@id\":\"https:\\\/\\\/www.organisator.ch\\\/it\\\/generale\\\/2016-10-20\\\/betriebsstoerungen-durchschn-20-tage-gehen-pro-jahr-in-die-binsen\\\/#primaryimage\"},\"image\":{\"@id\":\"https:\\\/\\\/www.organisator.ch\\\/it\\\/generale\\\/2016-10-20\\\/betriebsstoerungen-durchschn-20-tage-gehen-pro-jahr-in-die-binsen\\\/#primaryimage\"},\"thumbnailUrl\":\"https:\\\/\\\/www.organisator.ch\\\/wp-content\\\/uploads\\\/2016\\\/12\\\/Betriebsstoerungen-Durchschn.-20-Tage-gehen-pro-Jahr-in-die-Binsen-organisator.jpg\",\"datePublished\":\"2016-10-20T11:53:06+00:00\",\"description\":\"B\u00fcroangestellte verlieren viel Zeit dadurch, dass sie sich mit fehlerhafter, langsamer oder komplizierter Technik auseinandersetzen m\u00fcssen.\",\"breadcrumb\":{\"@id\":\"https:\\\/\\\/www.organisator.ch\\\/it\\\/generale\\\/2016-10-20\\\/betriebsstoerungen-durchschn-20-tage-gehen-pro-jahr-in-die-binsen\\\/#breadcrumb\"},\"inLanguage\":\"fr-FR\",\"potentialAction\":[{\"@type\":\"ReadAction\",\"target\":[\"https:\\\/\\\/www.organisator.ch\\\/it\\\/generale\\\/2016-10-20\\\/betriebsstoerungen-durchschn-20-tage-gehen-pro-jahr-in-die-binsen\\\/\"]}]},{\"@type\":\"ImageObject\",\"inLanguage\":\"fr-FR\",\"@id\":\"https:\\\/\\\/www.organisator.ch\\\/it\\\/generale\\\/2016-10-20\\\/betriebsstoerungen-durchschn-20-tage-gehen-pro-jahr-in-die-binsen\\\/#primaryimage\",\"url\":\"https:\\\/\\\/www.organisator.ch\\\/wp-content\\\/uploads\\\/2016\\\/12\\\/Betriebsstoerungen-Durchschn.-20-Tage-gehen-pro-Jahr-in-die-Binsen-organisator.jpg\",\"contentUrl\":\"https:\\\/\\\/www.organisator.ch\\\/wp-content\\\/uploads\\\/2016\\\/12\\\/Betriebsstoerungen-Durchschn.-20-Tage-gehen-pro-Jahr-in-die-Binsen-organisator.jpg\",\"width\":427,\"height\":640,\"caption\":\"Nicht immer lassen sich St\u00f6rungen mit einem Hammer beheben. Bis zu 38 Min. t\u00e4glich m\u00fcssen B\u00fcroangestellte auf Hilfe warten.\"},{\"@type\":\"BreadcrumbList\",\"@id\":\"https:\\\/\\\/www.organisator.ch\\\/it\\\/generale\\\/2016-10-20\\\/betriebsstoerungen-durchschn-20-tage-gehen-pro-jahr-in-die-binsen\\\/#breadcrumb\",\"itemListElement\":[{\"@type\":\"ListItem\",\"position\":1,\"name\":\"Home\",\"item\":\"https:\\\/\\\/www.organisator.ch\\\/\"},{\"@type\":\"ListItem\",\"position\":2,\"name\":\"Betriebsst\u00f6rungen: Durchschn. 20 Tage gehen pro Jahr in die Binsen\"}]},{\"@type\":\"WebSite\",\"@id\":\"https:\\\/\\\/www.organisator.ch\\\/#website\",\"url\":\"https:\\\/\\\/www.organisator.ch\\\/\",\"name\":\"Organisator\",\"description\":\"Kompetent. Praxisnah. Der ORGANISATOR bereitet in 10 Ausgaben pro Jahr die wesentlichen Themen f\u00fcr F\u00fchrungskr\u00e4fte von KMU auf.\",\"publisher\":{\"@id\":\"https:\\\/\\\/www.organisator.ch\\\/#organization\"},\"potentialAction\":[{\"@type\":\"SearchAction\",\"target\":{\"@type\":\"EntryPoint\",\"urlTemplate\":\"https:\\\/\\\/www.organisator.ch\\\/?s={search_term_string}\"},\"query-input\":{\"@type\":\"PropertyValueSpecification\",\"valueRequired\":true,\"valueName\":\"search_term_string\"}}],\"inLanguage\":\"fr-FR\"},{\"@type\":\"Organization\",\"@id\":\"https:\\\/\\\/www.organisator.ch\\\/#organization\",\"name\":\"Organisator\",\"url\":\"https:\\\/\\\/www.organisator.ch\\\/\",\"logo\":{\"@type\":\"ImageObject\",\"inLanguage\":\"fr-FR\",\"@id\":\"https:\\\/\\\/www.organisator.ch\\\/#\\\/schema\\\/logo\\\/image\\\/\",\"url\":\"https:\\\/\\\/www.organisator.ch\\\/wp-content\\\/uploads\\\/2022\\\/01\\\/Logo_Organisator_Website.png\",\"contentUrl\":\"https:\\\/\\\/www.organisator.ch\\\/wp-content\\\/uploads\\\/2022\\\/01\\\/Logo_Organisator_Website.png\",\"width\":800,\"height\":77,\"caption\":\"Organisator\"},\"image\":{\"@id\":\"https:\\\/\\\/www.organisator.ch\\\/#\\\/schema\\\/logo\\\/image\\\/\"},\"sameAs\":[\"https:\\\/\\\/www.facebook.com\\\/OrganisatorFachmagazin\",\"https:\\\/\\\/www.linkedin.com\\\/showcase\\\/organisator-das-magazin-fr-kmu\",\"https:\\\/\\\/www.xing.com\\\/news\\\/pages\\\/organisator-ch-695\",\"https:\\\/\\\/www.youtube.com\\\/channel\\\/UCGP2Sq0iWaZwT3BdIAQFYpw\"]},{\"@type\":\"Person\",\"@id\":\"https:\\\/\\\/www.organisator.ch\\\/#\\\/schema\\\/person\\\/aa2bace6c5c5aad60102004a50c4eb1c\",\"name\":\"admin\",\"image\":{\"@type\":\"ImageObject\",\"inLanguage\":\"fr-FR\",\"@id\":\"https:\\\/\\\/secure.gravatar.com\\\/avatar\\\/ae2f4d718e6c49043e314ce431e7e645d646302a24a5ef5a8bc8e3f5a032e319?s=96&d=mm&r=g\",\"url\":\"https:\\\/\\\/secure.gravatar.com\\\/avatar\\\/ae2f4d718e6c49043e314ce431e7e645d646302a24a5ef5a8bc8e3f5a032e319?s=96&d=mm&r=g\",\"contentUrl\":\"https:\\\/\\\/secure.gravatar.com\\\/avatar\\\/ae2f4d718e6c49043e314ce431e7e645d646302a24a5ef5a8bc8e3f5a032e319?s=96&d=mm&r=g\",\"caption\":\"admin\"},\"sameAs\":[\"https:\\\/\\\/www.organisator.ch\"],\"url\":\"https:\\\/\\\/www.organisator.ch\\\/fr\\\/author\\\/admin\\\/\"}]}<\/script>\n<!-- \/ Yoast SEO plugin. -->","yoast_head_json":{"title":"Incidents de fonctionnement : Une moyenne de 20 jours par an est perdue - Organisateur","description":"Les employ\u00e9s de bureau perdent beaucoup de temps \u00e0 devoir faire face \u00e0 une technologie d\u00e9fectueuse, lente ou compliqu\u00e9e.","robots":{"index":"index","follow":"follow","max-snippet":"max-snippet:-1","max-image-preview":"max-image-preview:large","max-video-preview":"max-video-preview:-1"},"canonical":"https:\/\/www.organisator.ch\/fr\/general\/2016-10-20\/betriebsstoerungen-durchschn-20-tage-gehen-pro-jahr-in-die-binsen\/","og_locale":"fr_FR","og_type":"article","og_title":"Betriebsst\u00f6rungen: Durchschn. 20 Tage gehen pro Jahr in die Binsen","og_description":"Im Idealfall unterst\u00fctzt die technische Ausstattung im B\u00fcro den Angestellten darin, seine Aufgaben schneller und effizienter abzuarbeiten. Die Realit\u00e4t sieht jedoch oft anders aus: B\u00fcroangestellte verlieren viel Zeit dadurch, dass sie sich mit fehlerhafter, langsamer oder komplizierter Technik auseinandersetzen m\u00fcssen. Dies ergab eine Studie von Sharp Business Systems in Zusammenarbeit mit dem Marktforschungsinstitut Censuswide.","og_url":"https:\/\/www.organisator.ch\/fr\/general\/2016-10-20\/betriebsstoerungen-durchschn-20-tage-gehen-pro-jahr-in-die-binsen\/","og_site_name":"Organisator","article_publisher":"https:\/\/www.facebook.com\/OrganisatorFachmagazin","article_published_time":"2016-10-20T11:53:06+00:00","og_image":[{"width":427,"height":640,"url":"https:\/\/www.organisator.ch\/wp-content\/uploads\/2016\/12\/Betriebsstoerungen-Durchschn.-20-Tage-gehen-pro-Jahr-in-die-Binsen-organisator.jpg","type":"image\/jpeg"}],"author":"admin","twitter_card":"summary_large_image","schema":{"@context":"https:\/\/schema.org","@graph":[{"@type":"Article","@id":"https:\/\/www.organisator.ch\/it\/generale\/2016-10-20\/betriebsstoerungen-durchschn-20-tage-gehen-pro-jahr-in-die-binsen\/#article","isPartOf":{"@id":"https:\/\/www.organisator.ch\/it\/generale\/2016-10-20\/betriebsstoerungen-durchschn-20-tage-gehen-pro-jahr-in-die-binsen\/"},"author":{"name":"admin","@id":"https:\/\/www.organisator.ch\/#\/schema\/person\/aa2bace6c5c5aad60102004a50c4eb1c"},"headline":"Betriebsst\u00f6rungen: Durchschn. 20 Tage gehen pro Jahr in die Binsen","datePublished":"2016-10-20T11:53:06+00:00","mainEntityOfPage":{"@id":"https:\/\/www.organisator.ch\/it\/generale\/2016-10-20\/betriebsstoerungen-durchschn-20-tage-gehen-pro-jahr-in-die-binsen\/"},"wordCount":430,"commentCount":0,"publisher":{"@id":"https:\/\/www.organisator.ch\/#organization"},"image":{"@id":"https:\/\/www.organisator.ch\/it\/generale\/2016-10-20\/betriebsstoerungen-durchschn-20-tage-gehen-pro-jahr-in-die-binsen\/#primaryimage"},"thumbnailUrl":"https:\/\/www.organisator.ch\/wp-content\/uploads\/2016\/12\/Betriebsstoerungen-Durchschn.-20-Tage-gehen-pro-Jahr-in-die-Binsen-organisator.jpg","keywords":["Studie"],"articleSection":["Allgemein"],"inLanguage":"fr-FR"},{"@type":"WebPage","@id":"https:\/\/www.organisator.ch\/it\/generale\/2016-10-20\/betriebsstoerungen-durchschn-20-tage-gehen-pro-jahr-in-die-binsen\/","url":"https:\/\/www.organisator.ch\/it\/generale\/2016-10-20\/betriebsstoerungen-durchschn-20-tage-gehen-pro-jahr-in-die-binsen\/","name":"Incidents de fonctionnement : Une moyenne de 20 jours par an est perdue - Organisateur","isPartOf":{"@id":"https:\/\/www.organisator.ch\/#website"},"primaryImageOfPage":{"@id":"https:\/\/www.organisator.ch\/it\/generale\/2016-10-20\/betriebsstoerungen-durchschn-20-tage-gehen-pro-jahr-in-die-binsen\/#primaryimage"},"image":{"@id":"https:\/\/www.organisator.ch\/it\/generale\/2016-10-20\/betriebsstoerungen-durchschn-20-tage-gehen-pro-jahr-in-die-binsen\/#primaryimage"},"thumbnailUrl":"https:\/\/www.organisator.ch\/wp-content\/uploads\/2016\/12\/Betriebsstoerungen-Durchschn.-20-Tage-gehen-pro-Jahr-in-die-Binsen-organisator.jpg","datePublished":"2016-10-20T11:53:06+00:00","description":"Les employ\u00e9s de bureau perdent beaucoup de temps \u00e0 devoir faire face \u00e0 une technologie d\u00e9fectueuse, lente ou compliqu\u00e9e.","breadcrumb":{"@id":"https:\/\/www.organisator.ch\/it\/generale\/2016-10-20\/betriebsstoerungen-durchschn-20-tage-gehen-pro-jahr-in-die-binsen\/#breadcrumb"},"inLanguage":"fr-FR","potentialAction":[{"@type":"ReadAction","target":["https:\/\/www.organisator.ch\/it\/generale\/2016-10-20\/betriebsstoerungen-durchschn-20-tage-gehen-pro-jahr-in-die-binsen\/"]}]},{"@type":"ImageObject","inLanguage":"fr-FR","@id":"https:\/\/www.organisator.ch\/it\/generale\/2016-10-20\/betriebsstoerungen-durchschn-20-tage-gehen-pro-jahr-in-die-binsen\/#primaryimage","url":"https:\/\/www.organisator.ch\/wp-content\/uploads\/2016\/12\/Betriebsstoerungen-Durchschn.-20-Tage-gehen-pro-Jahr-in-die-Binsen-organisator.jpg","contentUrl":"https:\/\/www.organisator.ch\/wp-content\/uploads\/2016\/12\/Betriebsstoerungen-Durchschn.-20-Tage-gehen-pro-Jahr-in-die-Binsen-organisator.jpg","width":427,"height":640,"caption":"Nicht immer lassen sich St\u00f6rungen mit einem Hammer beheben. Bis zu 38 Min. t\u00e4glich m\u00fcssen B\u00fcroangestellte auf Hilfe warten."},{"@type":"BreadcrumbList","@id":"https:\/\/www.organisator.ch\/it\/generale\/2016-10-20\/betriebsstoerungen-durchschn-20-tage-gehen-pro-jahr-in-die-binsen\/#breadcrumb","itemListElement":[{"@type":"ListItem","position":1,"name":"Home","item":"https:\/\/www.organisator.ch\/"},{"@type":"ListItem","position":2,"name":"Betriebsst\u00f6rungen: Durchschn. 20 Tage gehen pro Jahr in die Binsen"}]},{"@type":"WebSite","@id":"https:\/\/www.organisator.ch\/#website","url":"https:\/\/www.organisator.ch\/","name":"Organisateur","description":"Comp\u00e9tence et comp\u00e9tence. Proches de la pratique. L'ORGANISATEUR pr\u00e9pare 10 num\u00e9ros par an sur les th\u00e8mes essentiels pour les dirigeants de PME.","publisher":{"@id":"https:\/\/www.organisator.ch\/#organization"},"potentialAction":[{"@type":"SearchAction","target":{"@type":"EntryPoint","urlTemplate":"https:\/\/www.organisator.ch\/?s={search_term_string}"},"query-input":{"@type":"PropertyValueSpecification","valueRequired":true,"valueName":"search_term_string"}}],"inLanguage":"fr-FR"},{"@type":"Organization","@id":"https:\/\/www.organisator.ch\/#organization","name":"Organisateur","url":"https:\/\/www.organisator.ch\/","logo":{"@type":"ImageObject","inLanguage":"fr-FR","@id":"https:\/\/www.organisator.ch\/#\/schema\/logo\/image\/","url":"https:\/\/www.organisator.ch\/wp-content\/uploads\/2022\/01\/Logo_Organisator_Website.png","contentUrl":"https:\/\/www.organisator.ch\/wp-content\/uploads\/2022\/01\/Logo_Organisator_Website.png","width":800,"height":77,"caption":"Organisator"},"image":{"@id":"https:\/\/www.organisator.ch\/#\/schema\/logo\/image\/"},"sameAs":["https:\/\/www.facebook.com\/OrganisatorFachmagazin","https:\/\/www.linkedin.com\/showcase\/organisator-das-magazin-fr-kmu","https:\/\/www.xing.com\/news\/pages\/organisator-ch-695","https:\/\/www.youtube.com\/channel\/UCGP2Sq0iWaZwT3BdIAQFYpw"]},{"@type":"Person","@id":"https:\/\/www.organisator.ch\/#\/schema\/person\/aa2bace6c5c5aad60102004a50c4eb1c","name":"admin","image":{"@type":"ImageObject","inLanguage":"fr-FR","@id":"https:\/\/secure.gravatar.com\/avatar\/ae2f4d718e6c49043e314ce431e7e645d646302a24a5ef5a8bc8e3f5a032e319?s=96&d=mm&r=g","url":"https:\/\/secure.gravatar.com\/avatar\/ae2f4d718e6c49043e314ce431e7e645d646302a24a5ef5a8bc8e3f5a032e319?s=96&d=mm&r=g","contentUrl":"https:\/\/secure.gravatar.com\/avatar\/ae2f4d718e6c49043e314ce431e7e645d646302a24a5ef5a8bc8e3f5a032e319?s=96&d=mm&r=g","caption":"admin"},"sameAs":["https:\/\/www.organisator.ch"],"url":"https:\/\/www.organisator.ch\/fr\/author\/admin\/"}]}},"_links":{"self":[{"href":"https:\/\/www.organisator.ch\/fr\/wp-json\/wp\/v2\/posts\/638","targetHints":{"allow":["GET"]}}],"collection":[{"href":"https:\/\/www.organisator.ch\/fr\/wp-json\/wp\/v2\/posts"}],"about":[{"href":"https:\/\/www.organisator.ch\/fr\/wp-json\/wp\/v2\/types\/post"}],"author":[{"embeddable":true,"href":"https:\/\/www.organisator.ch\/fr\/wp-json\/wp\/v2\/users\/1"}],"replies":[{"embeddable":true,"href":"https:\/\/www.organisator.ch\/fr\/wp-json\/wp\/v2\/comments?post=638"}],"version-history":[{"count":0,"href":"https:\/\/www.organisator.ch\/fr\/wp-json\/wp\/v2\/posts\/638\/revisions"}],"wp:featuredmedia":[{"embeddable":true,"href":"https:\/\/www.organisator.ch\/fr\/wp-json\/wp\/v2\/media\/639"}],"wp:attachment":[{"href":"https:\/\/www.organisator.ch\/fr\/wp-json\/wp\/v2\/media?parent=638"}],"wp:term":[{"taxonomy":"category","embeddable":true,"href":"https:\/\/www.organisator.ch\/fr\/wp-json\/wp\/v2\/categories?post=638"},{"taxonomy":"post_tag","embeddable":true,"href":"https:\/\/www.organisator.ch\/fr\/wp-json\/wp\/v2\/tags?post=638"}],"curies":[{"name":"wp","href":"https:\/\/api.w.org\/{rel}","templated":true}]}}