{"id":6391,"date":"2020-02-27T08:54:59","date_gmt":"2020-02-27T07:54:59","guid":{"rendered":"https:\/\/www.organisator.ch\/?p=6391"},"modified":"2020-02-27T08:54:59","modified_gmt":"2020-02-27T07:54:59","slug":"kmu-wollen-agile-kultur-doch-die-ganzheitliche-umsetzung-fehlt","status":"publish","type":"post","link":"https:\/\/www.organisator.ch\/fr\/management\/2020-02-27\/kmu-wollen-agile-kultur-doch-die-ganzheitliche-umsetzung-fehlt\/","title":{"rendered":"Les PME veulent une culture agile - mais la mise en \u0153uvre globale fait d\u00e9faut"},"content":{"rendered":"<figure id=\"attachment_6392\" aria-describedby=\"caption-attachment-6392\" style=\"width: 680px\" class=\"wp-caption alignnone\"><img loading=\"lazy\" decoding=\"async\" class=\"size-medium wp-image-6392\" src=\"https:\/\/www.organisator.ch\/wp-content\/uploads\/2020\/02\/KMU-wollen-agile-Kultur-\u2013-doch-die-ganzheitliche-Umsetzung-fehlt-1_Organisator.jpg\" alt=\"\" width=\"680\" height=\"383\" srcset=\"https:\/\/www.organisator.ch\/wp-content\/uploads\/2020\/02\/KMU-wollen-agile-Kultur-\u2013-doch-die-ganzheitliche-Umsetzung-fehlt-1_Organisator.jpg 680w, https:\/\/www.organisator.ch\/wp-content\/uploads\/2020\/02\/KMU-wollen-agile-Kultur-\u2013-doch-die-ganzheitliche-Umsetzung-fehlt-1_Organisator-16x9.jpg 16w, https:\/\/www.organisator.ch\/wp-content\/uploads\/2020\/02\/KMU-wollen-agile-Kultur-\u2013-doch-die-ganzheitliche-Umsetzung-fehlt-1_Organisator-311x175.jpg 311w, https:\/\/www.organisator.ch\/wp-content\/uploads\/2020\/02\/KMU-wollen-agile-Kultur-\u2013-doch-die-ganzheitliche-Umsetzung-fehlt-1_Organisator-621x350.jpg 621w, https:\/\/www.organisator.ch\/wp-content\/uploads\/2020\/02\/KMU-wollen-agile-Kultur-\u2013-doch-die-ganzheitliche-Umsetzung-fehlt-1_Organisator-300x169.jpg 300w\" sizes=\"auto, (max-width: 680px) 100vw, 680px\" \/><figcaption id=\"caption-attachment-6392\" class=\"wp-caption-text\">Une culture agile dans les PME ? De nombreux CEO consid\u00e8rent que c'est important, mais c'est la mise en \u0153uvre qui fait d\u00e9faut. (Image : Unsplash.com)<\/figcaption><\/figure>\n<p>L'agilit\u00e9 fait partie des conditions essentielles pour un changement r\u00e9ussi dans le cadre de la transformation num\u00e9rique, qui met les PME au d\u00e9fi de renouveler des structures et des fonctions \u00e9prouv\u00e9es. Avec une contribution de plus de 15% au succ\u00e8s, les participants \u00e0 l'\u00e9tude accordent une grande efficacit\u00e9 \u00e0 la culture et au leadership dans ce contexte.<\/p>\n<h2>D'abord la culture agile<\/h2>\n<p>Dans ce contexte, l'\u00e9tude s'est pench\u00e9e sur le \"degr\u00e9 de maturit\u00e9\" de l'agilit\u00e9 au sein des entreprises dans diff\u00e9rents domaines. Alors que 49% des participants qualifient leur culture d'entreprise d'agile, les domaines de la direction et des ressources humaines (RH) ne sont class\u00e9s comme agiles qu'\u00e0 11 et 12% respectivement. Cela montre qu'il n'existe pas d'approche globale visant \u00e0 ancrer l'agilit\u00e9 par le biais des synergies entre la culture, le leadership et les RH. Pourtant, celle-ci contribuerait de mani\u00e8re d\u00e9terminante \u00e0 un \u00e9tat d'esprit agile \u00e0 long terme. En effet, l'introduction d'une \"agilit\u00e9 globale\" n\u00e9cessite une culture agile, suivie du d\u00e9veloppement des cadres et de l'introduction de nouvelles approches RH.<\/p>\n<p>Le d\u00e9veloppement d'une culture agile est \u00e0 la fois le point de d\u00e9part et la discipline reine pour la transformation en entreprise agile. En toute logique, la devise des CEO interrog\u00e9s est \"Culture First\". Un participant sur deux d\u00e9crit sa culture d'entreprise comme \"plut\u00f4t agile\". S'appuyant sur une culture de la confiance, ces entreprises disposent d'une culture de l'apprentissage et de l'erreur adapt\u00e9e, combin\u00e9e \u00e0 une auto-organisation et une collaboration prononc\u00e9es. Les entreprises ayant une culture plut\u00f4t agile sont \u00e9galement beaucoup plus nombreuses \u00e0 concevoir leur gestion strat\u00e9gique de mani\u00e8re agile et \u00e0 atteindre des valeurs nettement plus \u00e9lev\u00e9es en mati\u00e8re de leadership agile, d'organisation agile et de RH agile. La culture est manifestement le point de d\u00e9part des autres champs d'action d'une agilit\u00e9 globale.<\/p>\n<h2><strong>L'agilit\u00e9 est avant tout un \"changement d'\u00e9tat d'esprit\".\u00a0<\/strong><\/h2>\n<p>Tout le monde est d'accord sur ce point, ainsi que sur le fait que le changement culturel n\u00e9cessaire \u00e0 l'agilit\u00e9 est avant tout \"l'affaire du chef\". Dans ce contexte, l'orientation client, l'esprit d'entreprise, la capacit\u00e9 d'adaptation, l'innovation, la volont\u00e9 d'apprendre et le travail en \u00e9quipe sont consid\u00e9r\u00e9s comme des valeurs culturelles importantes.<\/p>\n<p><img loading=\"lazy\" decoding=\"async\" class=\"alignnone size-medium wp-image-6393\" src=\"https:\/\/www.organisator.ch\/wp-content\/uploads\/2020\/02\/KMU-wollen-agile-Kultur---doch-die-ganzheitliche-Umsetzung-fehlt-2_Organisator.jpg\" alt=\"\" width=\"680\" height=\"348\" srcset=\"\" sizes=\"auto, (max-width: 680px) 100vw, 680px\" data-srcset=\"\" \/><\/p>\n<p>Les CEO des entreprises \u00e0 la culture plut\u00f4t agile ont plus souvent indiqu\u00e9 qu'ils impliquaient tous les niveaux (hi\u00e9rarchiques) dans le processus de changement. Les entreprises sans culture agile suivent la voie traditionnelle du d\u00e9veloppement culturel, c'est-\u00e0-dire en collaboration avec les RH et en grande partie sans impliquer les collaborateurs.<\/p>\n<h2><strong>Les RH restent \"\u00e0 l'\u00e9cart<\/strong><\/h2>\n<p>Bien que l'agilit\u00e9 implique un changement de comportement, les RH, en tant que domaine responsable de la mise \u00e0 disposition et du d\u00e9veloppement des collaborateurs, ne sont que partiellement impliqu\u00e9es. En particulier, les RH strat\u00e9giques et leur potentiel en tant qu'\"agent de changement\" ne sont pas utilis\u00e9s dans le changement. M\u00eame parmi les entreprises qui se consid\u00e8rent comme \"plut\u00f4t agiles\", pr\u00e8s de la moiti\u00e9 (49%) estiment que les RH ne g\u00e9n\u00e8rent pas de valeur ajout\u00e9e pour le succ\u00e8s \u00e0 long terme de l'entreprise.<\/p>\n<p>D'une part, les CEO soulignent certes l'importance des initiatives RH telles que les nouveaux mod\u00e8les de temps de travail (43%) ou l'Employer Branding (43%), mais la priorit\u00e9 est donn\u00e9e aux activit\u00e9s plus faciles \u00e0 mettre en \u0153uvre telles que les changements de personnel parmi les cadres (60%) et l'introduction d'initiatives d'innovation et de culture (60% \/ 54%). Dans l'ensemble, les mesures ne sont pas assez ax\u00e9es sur le mindset-shift. Les \"interventions douloureuses\" telles que la r\u00e9trogradation ou le licenciement des cadres sans mindset num\u00e9rique (21%) ou l'adaptation des KPI et du syst\u00e8me de bonus (33%) sont encore plut\u00f4t \u00e9vit\u00e9es.<\/p>\n<h2><strong>Les start-ups montrent l'exemple d'une culture agile<\/strong><\/h2>\n<p>Parmi les mesures mises en \u0153uvre, le d\u00e9veloppement de r\u00e9seaux et de coop\u00e9rations avec des start-ups se distingue positivement avec 58%. Manifestement, les deux parties - PME \"grown up\" et \"start up\" - reconnaissent le potentiel de l'\u00e9change interg\u00e9n\u00e9rationnel, tant sur le plan entrepreneurial que sur le plan humain. Encourager le dialogue entre les g\u00e9n\u00e9rations d'entreprises et d'entrepreneurs faisait \u00e9galement partie des intentions de cette \u00e9tude, qui s'adressait aux PME Grown Up et Start Up.<\/p>\n<h2><strong>Une approche globale pour un changement de mentalit\u00e9<\/strong><\/h2>\n<p>Comme le montre l'\u00e9tude, les entreprises participantes sont conscientes de la grande importance de l'agilit\u00e9 pour le succ\u00e8s dans le contexte de la transformation num\u00e9rique. Ce qui manque, c'est une approche globale pour un changement durable vers un \u00e9tat d'esprit agile et un personnel qui collabore dans des \u00e9quipes auto-organis\u00e9es, en r\u00e9seau interne et externe, et qui s'engage ensemble pour atteindre les objectifs de l'entreprise. Pour ce faire, il est recommand\u00e9 de suivre les \u00e9tapes suivantes :<\/p>\n<ol>\n<li>D\u00e9veloppement culturel : ancrage d'une culture bas\u00e9e sur la confiance, le travail d'\u00e9quipe, le d\u00e9veloppement et l'apprentissage, afin que les forces de chacun puissent \u00eatre utilis\u00e9es au mieux des int\u00e9r\u00eats de l'entreprise.<\/li>\n<li>Changement de leadership : d\u00e9velopper une culture de leadership qui inspire les gens, donne du sens, d\u00e9veloppe les comp\u00e9tences et encourage les \u00e9quipes \u00e0 travailler de mani\u00e8re autonome.<\/li>\n<li>Nouvelles approches en mati\u00e8re de RH : D\u00e9veloppement de nouvelles approches\/programmes RH comme l'introduction du Flexwork, le d\u00e9veloppement global des talents, la garantie de l'employabilit\u00e9 de chaque collaborateur.<\/li>\n<\/ol>\n<p><em>Source et informations compl\u00e9mentaires : <a href=\"http:\/\/www.futurum.ch\">Gestion de Futurum<\/a><\/em><\/p>","protected":false},"excerpt":{"rendered":"<p>Agilit\u00e4t geh\u00f6rt zu den wesentlichen Voraussetzungen f\u00fcr einen erfolgreichen Wandel im Zuge der Digitalen Transformation, der KMU herausfordert bew\u00e4hrte Strukturen und Funktionen zu erneuern. Mit \u00fcber 15 Prozent Wertbeitrag am Erfolg r\u00e4umen die Studienteilnehmenden Kultur und Leadership in dem Zusammenhang einen hohen Wirkungsgrad ein. Zuerst die agile Kultur&#8230; Vor diesem Hintergrund hinterfragte die Studie den [&hellip;]<\/p>\n","protected":false},"author":4,"featured_media":6392,"comment_status":"closed","ping_status":"closed","sticky":false,"template":"","format":"standard","meta":{"_acf_changed":false,"_yoast_wpseo_focuskw":"agile Kultur","_yoast_wpseo_metadesc":"Laut einer aktuellen Studie bewerten 82 Prozent der teilnehmenden CEOs von Schweizer KMU eine agile Kultur als sehr wichtig f\u00fcr den Unternehmenserfolg.","articlekey":"","footnotes":""},"categories":[28],"tags":[32,33,335,459,533],"class_list":["post-6391","post","type-post","status-publish","format-standard","has-post-thumbnail","hentry","category-management","tag-agile-methoden","tag-agilitaet","tag-management-und-unternehmensfuehrung","tag-studie","tag-wissenschaft"],"acf":[],"yoast_head":"<!-- This site is optimized with the Yoast SEO plugin v27.5 - https:\/\/yoast.com\/product\/yoast-seo-wordpress\/ -->\n<title>KMU wollen agile Kultur \u2013 doch die ganzheitliche Umsetzung fehlt - Organisator<\/title>\n<meta name=\"description\" content=\"Laut einer aktuellen Studie bewerten 82 Prozent der teilnehmenden CEOs von Schweizer KMU eine agile Kultur als sehr wichtig f\u00fcr den Unternehmenserfolg.\" \/>\n<meta name=\"robots\" content=\"index, follow, max-snippet:-1, max-image-preview:large, max-video-preview:-1\" \/>\n<link rel=\"canonical\" href=\"https:\/\/www.organisator.ch\/fr\/gestion-2\/2020-02-27\/kmu-wollen-agile-kultur-doch-die-ganzheitliche-umsetzung-fehlt\/\" \/>\n<meta property=\"og:locale\" content=\"fr_FR\" \/>\n<meta property=\"og:type\" content=\"article\" \/>\n<meta property=\"og:title\" content=\"KMU wollen agile Kultur \u2013 doch die ganzheitliche Umsetzung fehlt\" \/>\n<meta property=\"og:description\" content=\"Laut einer aktuellen Studie bewerten 82 Prozent der teilnehmenden CEOs von Schweizer KMU eine agile Kultur als sehr wichtig f\u00fcr den Unternehmenserfolg.\" \/>\n<meta property=\"og:url\" content=\"https:\/\/www.organisator.ch\/fr\/gestion-2\/2020-02-27\/kmu-wollen-agile-kultur-doch-die-ganzheitliche-umsetzung-fehlt\/\" \/>\n<meta property=\"og:site_name\" content=\"Organisator\" \/>\n<meta property=\"article:publisher\" content=\"https:\/\/www.facebook.com\/OrganisatorFachmagazin\" \/>\n<meta property=\"article:published_time\" content=\"2020-02-27T07:54:59+00:00\" \/>\n<meta property=\"og:image\" content=\"https:\/\/www.organisator.ch\/wp-content\/uploads\/2020\/02\/KMU-wollen-agile-Kultur-\u2013-doch-die-ganzheitliche-Umsetzung-fehlt-2_Organisator.jpg\" \/>\n\t<meta property=\"og:image:width\" content=\"680\" \/>\n\t<meta property=\"og:image:height\" content=\"348\" \/>\n\t<meta property=\"og:image:type\" content=\"image\/jpeg\" \/>\n<meta name=\"author\" content=\"thomas.berner\" \/>\n<meta name=\"twitter:card\" content=\"summary_large_image\" \/>\n<meta name=\"twitter:title\" content=\"#KMU wollen #agile Kultur \u2013 doch die ganzheitliche Umsetzung fehlt\" \/>\n<meta name=\"twitter:description\" content=\"Laut einer aktuellen Studie bewerten 82 Prozent der teilnehmenden CEOs von Schweizer #KMU eine #agile Kultur als sehr wichtig f\u00fcr den Unternehmenserfolg.\" \/>\n<meta name=\"twitter:image\" content=\"https:\/\/www.organisator.ch\/wp-content\/uploads\/2020\/02\/KMU-wollen-agile-Kultur-\u2013-doch-die-ganzheitliche-Umsetzung-fehlt-2_Organisator.jpg\" \/>\n<script type=\"application\/ld+json\" class=\"yoast-schema-graph\">{\"@context\":\"https:\\\/\\\/schema.org\",\"@graph\":[{\"@type\":\"Article\",\"@id\":\"https:\\\/\\\/www.organisator.ch\\\/management\\\/2020-02-27\\\/kmu-wollen-agile-kultur-doch-die-ganzheitliche-umsetzung-fehlt\\\/#article\",\"isPartOf\":{\"@id\":\"https:\\\/\\\/www.organisator.ch\\\/management\\\/2020-02-27\\\/kmu-wollen-agile-kultur-doch-die-ganzheitliche-umsetzung-fehlt\\\/\"},\"author\":{\"name\":\"thomas.berner\",\"@id\":\"https:\\\/\\\/www.organisator.ch\\\/#\\\/schema\\\/person\\\/6f650f90b2842cd4c0cc334b4e36f67e\"},\"headline\":\"KMU wollen agile Kultur \u2013 doch die ganzheitliche Umsetzung fehlt\",\"datePublished\":\"2020-02-27T07:54:59+00:00\",\"mainEntityOfPage\":{\"@id\":\"https:\\\/\\\/www.organisator.ch\\\/management\\\/2020-02-27\\\/kmu-wollen-agile-kultur-doch-die-ganzheitliche-umsetzung-fehlt\\\/\"},\"wordCount\":734,\"publisher\":{\"@id\":\"https:\\\/\\\/www.organisator.ch\\\/#organization\"},\"image\":{\"@id\":\"https:\\\/\\\/www.organisator.ch\\\/management\\\/2020-02-27\\\/kmu-wollen-agile-kultur-doch-die-ganzheitliche-umsetzung-fehlt\\\/#primaryimage\"},\"thumbnailUrl\":\"https:\\\/\\\/www.organisator.ch\\\/wp-content\\\/uploads\\\/2020\\\/02\\\/KMU-wollen-agile-Kultur-\u2013-doch-die-ganzheitliche-Umsetzung-fehlt-1_Organisator.jpg\",\"keywords\":[\"Agile Methoden\",\"Agilit\u00e4t\",\"Management und Unternehmensf\u00fchrung\",\"Studie\",\"Wissenschaft\"],\"articleSection\":[\"MANAGEMENT\"],\"inLanguage\":\"fr-FR\"},{\"@type\":\"WebPage\",\"@id\":\"https:\\\/\\\/www.organisator.ch\\\/management\\\/2020-02-27\\\/kmu-wollen-agile-kultur-doch-die-ganzheitliche-umsetzung-fehlt\\\/\",\"url\":\"https:\\\/\\\/www.organisator.ch\\\/management\\\/2020-02-27\\\/kmu-wollen-agile-kultur-doch-die-ganzheitliche-umsetzung-fehlt\\\/\",\"name\":\"KMU wollen agile Kultur \u2013 doch die ganzheitliche Umsetzung fehlt - Organisator\",\"isPartOf\":{\"@id\":\"https:\\\/\\\/www.organisator.ch\\\/#website\"},\"primaryImageOfPage\":{\"@id\":\"https:\\\/\\\/www.organisator.ch\\\/management\\\/2020-02-27\\\/kmu-wollen-agile-kultur-doch-die-ganzheitliche-umsetzung-fehlt\\\/#primaryimage\"},\"image\":{\"@id\":\"https:\\\/\\\/www.organisator.ch\\\/management\\\/2020-02-27\\\/kmu-wollen-agile-kultur-doch-die-ganzheitliche-umsetzung-fehlt\\\/#primaryimage\"},\"thumbnailUrl\":\"https:\\\/\\\/www.organisator.ch\\\/wp-content\\\/uploads\\\/2020\\\/02\\\/KMU-wollen-agile-Kultur-\u2013-doch-die-ganzheitliche-Umsetzung-fehlt-1_Organisator.jpg\",\"datePublished\":\"2020-02-27T07:54:59+00:00\",\"description\":\"Laut einer aktuellen Studie bewerten 82 Prozent der teilnehmenden CEOs von Schweizer KMU eine agile Kultur als sehr wichtig f\u00fcr den Unternehmenserfolg.\",\"breadcrumb\":{\"@id\":\"https:\\\/\\\/www.organisator.ch\\\/management\\\/2020-02-27\\\/kmu-wollen-agile-kultur-doch-die-ganzheitliche-umsetzung-fehlt\\\/#breadcrumb\"},\"inLanguage\":\"fr-FR\",\"potentialAction\":[{\"@type\":\"ReadAction\",\"target\":[\"https:\\\/\\\/www.organisator.ch\\\/management\\\/2020-02-27\\\/kmu-wollen-agile-kultur-doch-die-ganzheitliche-umsetzung-fehlt\\\/\"]}]},{\"@type\":\"ImageObject\",\"inLanguage\":\"fr-FR\",\"@id\":\"https:\\\/\\\/www.organisator.ch\\\/management\\\/2020-02-27\\\/kmu-wollen-agile-kultur-doch-die-ganzheitliche-umsetzung-fehlt\\\/#primaryimage\",\"url\":\"https:\\\/\\\/www.organisator.ch\\\/wp-content\\\/uploads\\\/2020\\\/02\\\/KMU-wollen-agile-Kultur-\u2013-doch-die-ganzheitliche-Umsetzung-fehlt-1_Organisator.jpg\",\"contentUrl\":\"https:\\\/\\\/www.organisator.ch\\\/wp-content\\\/uploads\\\/2020\\\/02\\\/KMU-wollen-agile-Kultur-\u2013-doch-die-ganzheitliche-Umsetzung-fehlt-1_Organisator.jpg\",\"width\":680,\"height\":383,\"caption\":\"Eine agile Kultur in KMU? Viele CEOs erachten dies als wichtig, doch an der Umsetzung hapert's. (Bild: Unsplash.com)\"},{\"@type\":\"BreadcrumbList\",\"@id\":\"https:\\\/\\\/www.organisator.ch\\\/management\\\/2020-02-27\\\/kmu-wollen-agile-kultur-doch-die-ganzheitliche-umsetzung-fehlt\\\/#breadcrumb\",\"itemListElement\":[{\"@type\":\"ListItem\",\"position\":1,\"name\":\"Home\",\"item\":\"https:\\\/\\\/www.organisator.ch\\\/\"},{\"@type\":\"ListItem\",\"position\":2,\"name\":\"KMU wollen agile Kultur \u2013 doch die ganzheitliche Umsetzung fehlt\"}]},{\"@type\":\"WebSite\",\"@id\":\"https:\\\/\\\/www.organisator.ch\\\/#website\",\"url\":\"https:\\\/\\\/www.organisator.ch\\\/\",\"name\":\"Organisator\",\"description\":\"Kompetent. Praxisnah. Der ORGANISATOR bereitet in 10 Ausgaben pro Jahr die wesentlichen Themen f\u00fcr F\u00fchrungskr\u00e4fte von KMU auf.\",\"publisher\":{\"@id\":\"https:\\\/\\\/www.organisator.ch\\\/#organization\"},\"potentialAction\":[{\"@type\":\"SearchAction\",\"target\":{\"@type\":\"EntryPoint\",\"urlTemplate\":\"https:\\\/\\\/www.organisator.ch\\\/?s={search_term_string}\"},\"query-input\":{\"@type\":\"PropertyValueSpecification\",\"valueRequired\":true,\"valueName\":\"search_term_string\"}}],\"inLanguage\":\"fr-FR\"},{\"@type\":\"Organization\",\"@id\":\"https:\\\/\\\/www.organisator.ch\\\/#organization\",\"name\":\"Organisator\",\"url\":\"https:\\\/\\\/www.organisator.ch\\\/\",\"logo\":{\"@type\":\"ImageObject\",\"inLanguage\":\"fr-FR\",\"@id\":\"https:\\\/\\\/www.organisator.ch\\\/#\\\/schema\\\/logo\\\/image\\\/\",\"url\":\"https:\\\/\\\/www.organisator.ch\\\/wp-content\\\/uploads\\\/2022\\\/01\\\/Logo_Organisator_Website.png\",\"contentUrl\":\"https:\\\/\\\/www.organisator.ch\\\/wp-content\\\/uploads\\\/2022\\\/01\\\/Logo_Organisator_Website.png\",\"width\":800,\"height\":77,\"caption\":\"Organisator\"},\"image\":{\"@id\":\"https:\\\/\\\/www.organisator.ch\\\/#\\\/schema\\\/logo\\\/image\\\/\"},\"sameAs\":[\"https:\\\/\\\/www.facebook.com\\\/OrganisatorFachmagazin\",\"https:\\\/\\\/www.linkedin.com\\\/showcase\\\/organisator-das-magazin-fr-kmu\",\"https:\\\/\\\/www.xing.com\\\/news\\\/pages\\\/organisator-ch-695\",\"https:\\\/\\\/www.youtube.com\\\/channel\\\/UCGP2Sq0iWaZwT3BdIAQFYpw\"]},{\"@type\":\"Person\",\"@id\":\"https:\\\/\\\/www.organisator.ch\\\/#\\\/schema\\\/person\\\/6f650f90b2842cd4c0cc334b4e36f67e\",\"name\":\"thomas.berner\",\"image\":{\"@type\":\"ImageObject\",\"inLanguage\":\"fr-FR\",\"@id\":\"https:\\\/\\\/secure.gravatar.com\\\/avatar\\\/ac5001d2a36cb6c6cd3e50789007ffca834b477b74a2144564522e944eabff61?s=96&d=mm&r=g\",\"url\":\"https:\\\/\\\/secure.gravatar.com\\\/avatar\\\/ac5001d2a36cb6c6cd3e50789007ffca834b477b74a2144564522e944eabff61?s=96&d=mm&r=g\",\"contentUrl\":\"https:\\\/\\\/secure.gravatar.com\\\/avatar\\\/ac5001d2a36cb6c6cd3e50789007ffca834b477b74a2144564522e944eabff61?s=96&d=mm&r=g\",\"caption\":\"thomas.berner\"},\"url\":\"https:\\\/\\\/www.organisator.ch\\\/fr\\\/author\\\/thomas-berner\\\/\"}]}<\/script>\n<!-- \/ Yoast SEO plugin. -->","yoast_head_json":{"title":"Les PME veulent une culture agile - mais la mise en \u0153uvre globale fait d\u00e9faut - Organisateur","description":"Selon une \u00e9tude r\u00e9cente, 82% des CEO de PME suisses qui ont particip\u00e9 \u00e0 l'enqu\u00eate estiment qu'une culture agile est tr\u00e8s importante pour le succ\u00e8s de l'entreprise.","robots":{"index":"index","follow":"follow","max-snippet":"max-snippet:-1","max-image-preview":"max-image-preview:large","max-video-preview":"max-video-preview:-1"},"canonical":"https:\/\/www.organisator.ch\/fr\/gestion-2\/2020-02-27\/kmu-wollen-agile-kultur-doch-die-ganzheitliche-umsetzung-fehlt\/","og_locale":"fr_FR","og_type":"article","og_title":"KMU wollen agile Kultur \u2013 doch die ganzheitliche Umsetzung fehlt","og_description":"Laut einer aktuellen Studie bewerten 82 Prozent der teilnehmenden CEOs von Schweizer KMU eine agile Kultur als sehr wichtig f\u00fcr den Unternehmenserfolg.","og_url":"https:\/\/www.organisator.ch\/fr\/gestion-2\/2020-02-27\/kmu-wollen-agile-kultur-doch-die-ganzheitliche-umsetzung-fehlt\/","og_site_name":"Organisator","article_publisher":"https:\/\/www.facebook.com\/OrganisatorFachmagazin","article_published_time":"2020-02-27T07:54:59+00:00","og_image":[{"width":680,"height":348,"url":"https:\/\/www.organisator.ch\/wp-content\/uploads\/2020\/02\/KMU-wollen-agile-Kultur-\u2013-doch-die-ganzheitliche-Umsetzung-fehlt-2_Organisator.jpg","type":"image\/jpeg"}],"author":"thomas.berner","twitter_card":"summary_large_image","twitter_title":"#KMU wollen #agile Kultur \u2013 doch die ganzheitliche Umsetzung fehlt","twitter_description":"Laut einer aktuellen Studie bewerten 82 Prozent der teilnehmenden CEOs von Schweizer #KMU eine #agile Kultur als sehr wichtig f\u00fcr den Unternehmenserfolg.","twitter_image":"https:\/\/www.organisator.ch\/wp-content\/uploads\/2020\/02\/KMU-wollen-agile-Kultur-\u2013-doch-die-ganzheitliche-Umsetzung-fehlt-2_Organisator.jpg","schema":{"@context":"https:\/\/schema.org","@graph":[{"@type":"Article","@id":"https:\/\/www.organisator.ch\/management\/2020-02-27\/kmu-wollen-agile-kultur-doch-die-ganzheitliche-umsetzung-fehlt\/#article","isPartOf":{"@id":"https:\/\/www.organisator.ch\/management\/2020-02-27\/kmu-wollen-agile-kultur-doch-die-ganzheitliche-umsetzung-fehlt\/"},"author":{"name":"thomas.berner","@id":"https:\/\/www.organisator.ch\/#\/schema\/person\/6f650f90b2842cd4c0cc334b4e36f67e"},"headline":"KMU wollen agile Kultur \u2013 doch die ganzheitliche Umsetzung fehlt","datePublished":"2020-02-27T07:54:59+00:00","mainEntityOfPage":{"@id":"https:\/\/www.organisator.ch\/management\/2020-02-27\/kmu-wollen-agile-kultur-doch-die-ganzheitliche-umsetzung-fehlt\/"},"wordCount":734,"publisher":{"@id":"https:\/\/www.organisator.ch\/#organization"},"image":{"@id":"https:\/\/www.organisator.ch\/management\/2020-02-27\/kmu-wollen-agile-kultur-doch-die-ganzheitliche-umsetzung-fehlt\/#primaryimage"},"thumbnailUrl":"https:\/\/www.organisator.ch\/wp-content\/uploads\/2020\/02\/KMU-wollen-agile-Kultur-\u2013-doch-die-ganzheitliche-Umsetzung-fehlt-1_Organisator.jpg","keywords":["Agile Methoden","Agilit\u00e4t","Management und Unternehmensf\u00fchrung","Studie","Wissenschaft"],"articleSection":["MANAGEMENT"],"inLanguage":"fr-FR"},{"@type":"WebPage","@id":"https:\/\/www.organisator.ch\/management\/2020-02-27\/kmu-wollen-agile-kultur-doch-die-ganzheitliche-umsetzung-fehlt\/","url":"https:\/\/www.organisator.ch\/management\/2020-02-27\/kmu-wollen-agile-kultur-doch-die-ganzheitliche-umsetzung-fehlt\/","name":"Les PME veulent une culture agile - mais la mise en \u0153uvre globale fait d\u00e9faut - Organisateur","isPartOf":{"@id":"https:\/\/www.organisator.ch\/#website"},"primaryImageOfPage":{"@id":"https:\/\/www.organisator.ch\/management\/2020-02-27\/kmu-wollen-agile-kultur-doch-die-ganzheitliche-umsetzung-fehlt\/#primaryimage"},"image":{"@id":"https:\/\/www.organisator.ch\/management\/2020-02-27\/kmu-wollen-agile-kultur-doch-die-ganzheitliche-umsetzung-fehlt\/#primaryimage"},"thumbnailUrl":"https:\/\/www.organisator.ch\/wp-content\/uploads\/2020\/02\/KMU-wollen-agile-Kultur-\u2013-doch-die-ganzheitliche-Umsetzung-fehlt-1_Organisator.jpg","datePublished":"2020-02-27T07:54:59+00:00","description":"Selon une \u00e9tude r\u00e9cente, 82% des CEO de PME suisses qui ont particip\u00e9 \u00e0 l'enqu\u00eate estiment qu'une culture agile est tr\u00e8s importante pour le succ\u00e8s de l'entreprise.","breadcrumb":{"@id":"https:\/\/www.organisator.ch\/management\/2020-02-27\/kmu-wollen-agile-kultur-doch-die-ganzheitliche-umsetzung-fehlt\/#breadcrumb"},"inLanguage":"fr-FR","potentialAction":[{"@type":"ReadAction","target":["https:\/\/www.organisator.ch\/management\/2020-02-27\/kmu-wollen-agile-kultur-doch-die-ganzheitliche-umsetzung-fehlt\/"]}]},{"@type":"ImageObject","inLanguage":"fr-FR","@id":"https:\/\/www.organisator.ch\/management\/2020-02-27\/kmu-wollen-agile-kultur-doch-die-ganzheitliche-umsetzung-fehlt\/#primaryimage","url":"https:\/\/www.organisator.ch\/wp-content\/uploads\/2020\/02\/KMU-wollen-agile-Kultur-\u2013-doch-die-ganzheitliche-Umsetzung-fehlt-1_Organisator.jpg","contentUrl":"https:\/\/www.organisator.ch\/wp-content\/uploads\/2020\/02\/KMU-wollen-agile-Kultur-\u2013-doch-die-ganzheitliche-Umsetzung-fehlt-1_Organisator.jpg","width":680,"height":383,"caption":"Eine agile Kultur in KMU? Viele CEOs erachten dies als wichtig, doch an der Umsetzung hapert's. (Bild: Unsplash.com)"},{"@type":"BreadcrumbList","@id":"https:\/\/www.organisator.ch\/management\/2020-02-27\/kmu-wollen-agile-kultur-doch-die-ganzheitliche-umsetzung-fehlt\/#breadcrumb","itemListElement":[{"@type":"ListItem","position":1,"name":"Home","item":"https:\/\/www.organisator.ch\/"},{"@type":"ListItem","position":2,"name":"KMU wollen agile Kultur \u2013 doch die ganzheitliche Umsetzung fehlt"}]},{"@type":"WebSite","@id":"https:\/\/www.organisator.ch\/#website","url":"https:\/\/www.organisator.ch\/","name":"Organisateur","description":"Comp\u00e9tence et comp\u00e9tence. Proches de la pratique. L'ORGANISATEUR pr\u00e9pare 10 num\u00e9ros par an sur les th\u00e8mes essentiels pour les dirigeants de PME.","publisher":{"@id":"https:\/\/www.organisator.ch\/#organization"},"potentialAction":[{"@type":"SearchAction","target":{"@type":"EntryPoint","urlTemplate":"https:\/\/www.organisator.ch\/?s={search_term_string}"},"query-input":{"@type":"PropertyValueSpecification","valueRequired":true,"valueName":"search_term_string"}}],"inLanguage":"fr-FR"},{"@type":"Organization","@id":"https:\/\/www.organisator.ch\/#organization","name":"Organisateur","url":"https:\/\/www.organisator.ch\/","logo":{"@type":"ImageObject","inLanguage":"fr-FR","@id":"https:\/\/www.organisator.ch\/#\/schema\/logo\/image\/","url":"https:\/\/www.organisator.ch\/wp-content\/uploads\/2022\/01\/Logo_Organisator_Website.png","contentUrl":"https:\/\/www.organisator.ch\/wp-content\/uploads\/2022\/01\/Logo_Organisator_Website.png","width":800,"height":77,"caption":"Organisator"},"image":{"@id":"https:\/\/www.organisator.ch\/#\/schema\/logo\/image\/"},"sameAs":["https:\/\/www.facebook.com\/OrganisatorFachmagazin","https:\/\/www.linkedin.com\/showcase\/organisator-das-magazin-fr-kmu","https:\/\/www.xing.com\/news\/pages\/organisator-ch-695","https:\/\/www.youtube.com\/channel\/UCGP2Sq0iWaZwT3BdIAQFYpw"]},{"@type":"Person","@id":"https:\/\/www.organisator.ch\/#\/schema\/person\/6f650f90b2842cd4c0cc334b4e36f67e","name":"thomas.berner","image":{"@type":"ImageObject","inLanguage":"fr-FR","@id":"https:\/\/secure.gravatar.com\/avatar\/ac5001d2a36cb6c6cd3e50789007ffca834b477b74a2144564522e944eabff61?s=96&d=mm&r=g","url":"https:\/\/secure.gravatar.com\/avatar\/ac5001d2a36cb6c6cd3e50789007ffca834b477b74a2144564522e944eabff61?s=96&d=mm&r=g","contentUrl":"https:\/\/secure.gravatar.com\/avatar\/ac5001d2a36cb6c6cd3e50789007ffca834b477b74a2144564522e944eabff61?s=96&d=mm&r=g","caption":"thomas.berner"},"url":"https:\/\/www.organisator.ch\/fr\/author\/thomas-berner\/"}]}},"_links":{"self":[{"href":"https:\/\/www.organisator.ch\/fr\/wp-json\/wp\/v2\/posts\/6391","targetHints":{"allow":["GET"]}}],"collection":[{"href":"https:\/\/www.organisator.ch\/fr\/wp-json\/wp\/v2\/posts"}],"about":[{"href":"https:\/\/www.organisator.ch\/fr\/wp-json\/wp\/v2\/types\/post"}],"author":[{"embeddable":true,"href":"https:\/\/www.organisator.ch\/fr\/wp-json\/wp\/v2\/users\/4"}],"replies":[{"embeddable":true,"href":"https:\/\/www.organisator.ch\/fr\/wp-json\/wp\/v2\/comments?post=6391"}],"version-history":[{"count":0,"href":"https:\/\/www.organisator.ch\/fr\/wp-json\/wp\/v2\/posts\/6391\/revisions"}],"wp:featuredmedia":[{"embeddable":true,"href":"https:\/\/www.organisator.ch\/fr\/wp-json\/wp\/v2\/media\/6392"}],"wp:attachment":[{"href":"https:\/\/www.organisator.ch\/fr\/wp-json\/wp\/v2\/media?parent=6391"}],"wp:term":[{"taxonomy":"category","embeddable":true,"href":"https:\/\/www.organisator.ch\/fr\/wp-json\/wp\/v2\/categories?post=6391"},{"taxonomy":"post_tag","embeddable":true,"href":"https:\/\/www.organisator.ch\/fr\/wp-json\/wp\/v2\/tags?post=6391"}],"curies":[{"name":"wp","href":"https:\/\/api.w.org\/{rel}","templated":true}]}}