{"id":6426,"date":"2020-03-09T09:25:15","date_gmt":"2020-03-09T08:25:15","guid":{"rendered":"https:\/\/www.organisator.ch\/?p=6426"},"modified":"2020-03-09T09:25:15","modified_gmt":"2020-03-09T08:25:15","slug":"aerni-ag-findet-erfolgreich-eine-nachfolgeloesung","status":"publish","type":"post","link":"https:\/\/www.organisator.ch\/fr\/management\/2020-03-09\/aerni-ag-findet-erfolgreich-eine-nachfolgeloesung\/","title":{"rendered":"Aerni AG trouve avec succ\u00e8s une solution de succession"},"content":{"rendered":"<figure id=\"attachment_6427\" aria-describedby=\"caption-attachment-6427\" style=\"width: 680px\" class=\"wp-caption alignnone\"><img loading=\"lazy\" decoding=\"async\" class=\"size-medium wp-image-6427\" src=\"https:\/\/www.organisator.ch\/wp-content\/uploads\/2020\/03\/Aerni-AG-findet-erfolgreich-eine-Nachfolgeloesung_Organisator.jpg\" alt=\"\" width=\"680\" height=\"434\" srcset=\"https:\/\/www.organisator.ch\/wp-content\/uploads\/2020\/03\/Aerni-AG-findet-erfolgreich-eine-Nachfolgeloesung_Organisator.jpg 680w, https:\/\/www.organisator.ch\/wp-content\/uploads\/2020\/03\/Aerni-AG-findet-erfolgreich-eine-Nachfolgeloesung_Organisator-16x10.jpg 16w, https:\/\/www.organisator.ch\/wp-content\/uploads\/2020\/03\/Aerni-AG-findet-erfolgreich-eine-Nachfolgeloesung_Organisator-274x175.jpg 274w, https:\/\/www.organisator.ch\/wp-content\/uploads\/2020\/03\/Aerni-AG-findet-erfolgreich-eine-Nachfolgeloesung_Organisator-548x350.jpg 548w, https:\/\/www.organisator.ch\/wp-content\/uploads\/2020\/03\/Aerni-AG-findet-erfolgreich-eine-Nachfolgeloesung_Organisator-300x191.jpg 300w\" sizes=\"auto, (max-width: 680px) 100vw, 680px\" \/><figcaption id=\"caption-attachment-6427\" class=\"wp-caption-text\">M\u00e4ggi Badalli, Walter Eiselen (Schweizer Nachfolge Experten AG) ; Hansj\u00f6rg M\u00fcller (ancien propri\u00e9taire d'Aerni AG) ; Jan Siegmund, Levin Schmid (nouveaux propri\u00e9taires). (Photo : zVg)<\/figcaption><\/figure>\n<p>Deux jeunes entrepreneurs reprennent la soci\u00e9t\u00e9 Aerni AG : en reprenant cette entreprise de tradition, les acheteurs poursuivent des objectifs strat\u00e9giques \u00e0 long terme. Ils accordent une grande importance \u00e0 la continuit\u00e9, comme ils l'expliquent. Pour garantir cette continuit\u00e9, Hansj\u00f6rg M\u00fcller, ancien directeur, continuera \u00e0 faire partie int\u00e9grante de l'avenir. La poursuite de son activit\u00e9 dans le suivi des clients et sa prise d'influence au sein du conseil d'administration permettront de garantir la poursuite du syst\u00e8me de r\u00e9ussite existant. En outre, le savoir-faire de haut niveau au sein de l'entreprise et donc les emplois existants sont consid\u00e9r\u00e9s comme une condition importante pour la poursuite du succ\u00e8s durable de la soci\u00e9t\u00e9. L'enracinement r\u00e9gional de la soci\u00e9t\u00e9 est maintenu.<\/p>\n<h2><strong>La soci\u00e9t\u00e9 Aerni AG<\/strong><\/h2>\n<p>Entreprise familiale et de tradition, Aerni AG est active en Suisse orientale depuis 1965 et s'est forg\u00e9 une excellente r\u00e9putation dans les domaines des installations \u00e0 vapeur et des installations d'alimentation des porcs ainsi que dans la construction de machines. Les trois centres de profit dans l'industrie, la technique CNC et la technique agricole ont permis \u00e0 l'entreprise de diversifier largement ses canaux de vente. L'entreprise compte parmi ses clients des entreprises de renom du secteur industriel suisse.<\/p>\n<h2><strong>Les acheteurs<\/strong><\/h2>\n<p>Les nouveaux propri\u00e9taires de l'entreprise ont acquis la soci\u00e9t\u00e9 sous la forme d'un MBI (Management-Buy-in). Gr\u00e2ce \u00e0 leurs comp\u00e9tences professionnelles et \u00e0 leur vision, les propri\u00e9taires actuels sont certains d'avoir trouv\u00e9 la bonne solution de succession pour l'entreprise en vue d'un avenir durable.<\/p>\n<h2><strong>Accompagnement professionnel dans le processus M&amp;A<\/strong><\/h2>\n<p>Tout au long du processus de vente d'Aerni SA, les Experts Succession Suisses SA ont assist\u00e9 les propri\u00e9taires en tant que conseiller M&amp;A exclusif. Dans le cadre d'une solution de succession exigeante, la solution souhait\u00e9e a \u00e9t\u00e9 obtenue en un seul processus et gr\u00e2ce \u00e0 une \u00e9troite collaboration. De l'\u00e9laboration des documents de vente, en passant par l'approche des int\u00e9ress\u00e9s, la due diligence et les n\u00e9gociations contractuelles, la transaction a finalement pu \u00eatre men\u00e9e \u00e0 bien.<\/p>\n<p><em>Source : <a href=\"http:\/\/www.schweizernachfolge.ch\">www.schweizernachfolge.ch<\/a><\/em><\/p>","protected":false},"excerpt":{"rendered":"<p>Zwei Jungunternehmer \u00fcbernehmen die Aerni AG: Mit der \u00dcbernahme dieses Traditionsunternehmens verfolgen die K\u00e4ufer langfristige, strategische Ziele. Dabei werde grosser Wert auf Kontinuit\u00e4t gesetzt, wie es dazu heisst. Um dies zu garantieren, wird Hansj\u00f6rg M\u00fcller als ehemaliger Gesch\u00e4ftsf\u00fchrer weiterhin ein integraler Bestandteil der Zukunft darstellen. Durch seine weitere T\u00e4tigkeit in der Kundenbetreuung und die Einflussnahme [&hellip;]<\/p>\n","protected":false},"author":4,"featured_media":6427,"comment_status":"closed","ping_status":"closed","sticky":false,"template":"","format":"standard","meta":{"_acf_changed":false,"_yoast_wpseo_focuskw":"Aerni AG","_yoast_wpseo_metadesc":"Das Traditionsunternehmen Aerni AG Maschinen- und Anlagenbau erh\u00e4lt durch die \u00dcbernahme zweier Jungunternehmer frischen Wind in die Segel.","articlekey":"","footnotes":""},"categories":[28],"tags":[207,335,492],"class_list":["post-6426","post","type-post","status-publish","format-standard","has-post-thumbnail","hentry","category-management","tag-firmennachfolge","tag-management-und-unternehmensfuehrung","tag-unternehmen"],"acf":[],"yoast_head":"<!-- This site is optimized with the Yoast SEO plugin v27.5 - https:\/\/yoast.com\/product\/yoast-seo-wordpress\/ -->\n<title>Aerni AG findet erfolgreich eine Nachfolgel\u00f6sung - Organisator<\/title>\n<meta name=\"description\" content=\"Das Traditionsunternehmen Aerni AG Maschinen- und Anlagenbau erh\u00e4lt durch die \u00dcbernahme zweier Jungunternehmer frischen Wind in die Segel.\" \/>\n<meta name=\"robots\" content=\"index, follow, max-snippet:-1, max-image-preview:large, max-video-preview:-1\" \/>\n<link rel=\"canonical\" href=\"https:\/\/www.organisator.ch\/fr\/gestion-2\/2020-03-09\/aerni-ag-findet-erfolgreich-eine-nachfolgeloesung\/\" \/>\n<meta property=\"og:locale\" content=\"fr_FR\" \/>\n<meta property=\"og:type\" content=\"article\" \/>\n<meta property=\"og:title\" content=\"Aerni AG findet erfolgreich eine Nachfolgel\u00f6sung\" \/>\n<meta property=\"og:description\" content=\"Das Traditionsunternehmen Aerni AG Maschinen- und Anlagenbau erh\u00e4lt durch die \u00dcbernahme zweier Jungunternehmer frischen Wind in die Segel.\" \/>\n<meta property=\"og:url\" content=\"https:\/\/www.organisator.ch\/fr\/gestion-2\/2020-03-09\/aerni-ag-findet-erfolgreich-eine-nachfolgeloesung\/\" \/>\n<meta property=\"og:site_name\" content=\"Organisator\" \/>\n<meta property=\"article:publisher\" content=\"https:\/\/www.facebook.com\/OrganisatorFachmagazin\" \/>\n<meta property=\"article:published_time\" content=\"2020-03-09T08:25:15+00:00\" \/>\n<meta property=\"og:image\" content=\"https:\/\/www.organisator.ch\/wp-content\/uploads\/2020\/03\/Aerni-AG-findet-erfolgreich-eine-Nachfolgeloesung_Organisator.jpg\" \/>\n\t<meta property=\"og:image:width\" content=\"680\" \/>\n\t<meta property=\"og:image:height\" content=\"434\" \/>\n\t<meta property=\"og:image:type\" content=\"image\/jpeg\" \/>\n<meta name=\"author\" content=\"thomas.berner\" \/>\n<meta name=\"twitter:card\" content=\"summary_large_image\" \/>\n<meta name=\"twitter:title\" content=\"#Aerni AG findet erfolgreich eine Nachfolgel\u00f6sung\" \/>\n<meta name=\"twitter:description\" content=\"Das #Traditionsunternehmen #Aerni AG Maschinen- und Anlagenbau erh\u00e4lt durch die \u00dcbernahme zweier Jungunternehmer frischen Wind in die Segel.\" \/>\n<meta name=\"twitter:image\" content=\"https:\/\/www.organisator.ch\/wp-content\/uploads\/2020\/03\/Aerni-AG-findet-erfolgreich-eine-Nachfolgeloesung_Organisator.jpg\" \/>\n<script type=\"application\/ld+json\" class=\"yoast-schema-graph\">{\"@context\":\"https:\\\/\\\/schema.org\",\"@graph\":[{\"@type\":\"Article\",\"@id\":\"https:\\\/\\\/www.organisator.ch\\\/management\\\/2020-03-09\\\/aerni-ag-findet-erfolgreich-eine-nachfolgeloesung\\\/#article\",\"isPartOf\":{\"@id\":\"https:\\\/\\\/www.organisator.ch\\\/management\\\/2020-03-09\\\/aerni-ag-findet-erfolgreich-eine-nachfolgeloesung\\\/\"},\"author\":{\"name\":\"thomas.berner\",\"@id\":\"https:\\\/\\\/www.organisator.ch\\\/#\\\/schema\\\/person\\\/6f650f90b2842cd4c0cc334b4e36f67e\"},\"headline\":\"Aerni AG findet erfolgreich eine Nachfolgel\u00f6sung\",\"datePublished\":\"2020-03-09T08:25:15+00:00\",\"mainEntityOfPage\":{\"@id\":\"https:\\\/\\\/www.organisator.ch\\\/management\\\/2020-03-09\\\/aerni-ag-findet-erfolgreich-eine-nachfolgeloesung\\\/\"},\"wordCount\":334,\"publisher\":{\"@id\":\"https:\\\/\\\/www.organisator.ch\\\/#organization\"},\"image\":{\"@id\":\"https:\\\/\\\/www.organisator.ch\\\/management\\\/2020-03-09\\\/aerni-ag-findet-erfolgreich-eine-nachfolgeloesung\\\/#primaryimage\"},\"thumbnailUrl\":\"https:\\\/\\\/www.organisator.ch\\\/wp-content\\\/uploads\\\/2020\\\/03\\\/Aerni-AG-findet-erfolgreich-eine-Nachfolgeloesung_Organisator.jpg\",\"keywords\":[\"Firmennachfolge\",\"Management und Unternehmensf\u00fchrung\",\"Unternehmen\"],\"articleSection\":[\"MANAGEMENT\"],\"inLanguage\":\"fr-FR\"},{\"@type\":\"WebPage\",\"@id\":\"https:\\\/\\\/www.organisator.ch\\\/management\\\/2020-03-09\\\/aerni-ag-findet-erfolgreich-eine-nachfolgeloesung\\\/\",\"url\":\"https:\\\/\\\/www.organisator.ch\\\/management\\\/2020-03-09\\\/aerni-ag-findet-erfolgreich-eine-nachfolgeloesung\\\/\",\"name\":\"Aerni AG findet erfolgreich eine Nachfolgel\u00f6sung - Organisator\",\"isPartOf\":{\"@id\":\"https:\\\/\\\/www.organisator.ch\\\/#website\"},\"primaryImageOfPage\":{\"@id\":\"https:\\\/\\\/www.organisator.ch\\\/management\\\/2020-03-09\\\/aerni-ag-findet-erfolgreich-eine-nachfolgeloesung\\\/#primaryimage\"},\"image\":{\"@id\":\"https:\\\/\\\/www.organisator.ch\\\/management\\\/2020-03-09\\\/aerni-ag-findet-erfolgreich-eine-nachfolgeloesung\\\/#primaryimage\"},\"thumbnailUrl\":\"https:\\\/\\\/www.organisator.ch\\\/wp-content\\\/uploads\\\/2020\\\/03\\\/Aerni-AG-findet-erfolgreich-eine-Nachfolgeloesung_Organisator.jpg\",\"datePublished\":\"2020-03-09T08:25:15+00:00\",\"description\":\"Das Traditionsunternehmen Aerni AG Maschinen- und Anlagenbau erh\u00e4lt durch die \u00dcbernahme zweier Jungunternehmer frischen Wind in die Segel.\",\"breadcrumb\":{\"@id\":\"https:\\\/\\\/www.organisator.ch\\\/management\\\/2020-03-09\\\/aerni-ag-findet-erfolgreich-eine-nachfolgeloesung\\\/#breadcrumb\"},\"inLanguage\":\"fr-FR\",\"potentialAction\":[{\"@type\":\"ReadAction\",\"target\":[\"https:\\\/\\\/www.organisator.ch\\\/management\\\/2020-03-09\\\/aerni-ag-findet-erfolgreich-eine-nachfolgeloesung\\\/\"]}]},{\"@type\":\"ImageObject\",\"inLanguage\":\"fr-FR\",\"@id\":\"https:\\\/\\\/www.organisator.ch\\\/management\\\/2020-03-09\\\/aerni-ag-findet-erfolgreich-eine-nachfolgeloesung\\\/#primaryimage\",\"url\":\"https:\\\/\\\/www.organisator.ch\\\/wp-content\\\/uploads\\\/2020\\\/03\\\/Aerni-AG-findet-erfolgreich-eine-Nachfolgeloesung_Organisator.jpg\",\"contentUrl\":\"https:\\\/\\\/www.organisator.ch\\\/wp-content\\\/uploads\\\/2020\\\/03\\\/Aerni-AG-findet-erfolgreich-eine-Nachfolgeloesung_Organisator.jpg\",\"width\":680,\"height\":434,\"caption\":\"M\u00e4ggi Badalli, Walter Eiselen (Schweizer Nachfolge Experten AG); Hansj\u00f6rg M\u00fcller (bisherige Inhaber); Jan Siegmund, Levin Schmid (neue Inhaber). (Bild: zVg)\"},{\"@type\":\"BreadcrumbList\",\"@id\":\"https:\\\/\\\/www.organisator.ch\\\/management\\\/2020-03-09\\\/aerni-ag-findet-erfolgreich-eine-nachfolgeloesung\\\/#breadcrumb\",\"itemListElement\":[{\"@type\":\"ListItem\",\"position\":1,\"name\":\"Home\",\"item\":\"https:\\\/\\\/www.organisator.ch\\\/\"},{\"@type\":\"ListItem\",\"position\":2,\"name\":\"Aerni AG findet erfolgreich eine Nachfolgel\u00f6sung\"}]},{\"@type\":\"WebSite\",\"@id\":\"https:\\\/\\\/www.organisator.ch\\\/#website\",\"url\":\"https:\\\/\\\/www.organisator.ch\\\/\",\"name\":\"Organisator\",\"description\":\"Kompetent. Praxisnah. Der ORGANISATOR bereitet in 10 Ausgaben pro Jahr die wesentlichen Themen f\u00fcr F\u00fchrungskr\u00e4fte von KMU auf.\",\"publisher\":{\"@id\":\"https:\\\/\\\/www.organisator.ch\\\/#organization\"},\"potentialAction\":[{\"@type\":\"SearchAction\",\"target\":{\"@type\":\"EntryPoint\",\"urlTemplate\":\"https:\\\/\\\/www.organisator.ch\\\/?s={search_term_string}\"},\"query-input\":{\"@type\":\"PropertyValueSpecification\",\"valueRequired\":true,\"valueName\":\"search_term_string\"}}],\"inLanguage\":\"fr-FR\"},{\"@type\":\"Organization\",\"@id\":\"https:\\\/\\\/www.organisator.ch\\\/#organization\",\"name\":\"Organisator\",\"url\":\"https:\\\/\\\/www.organisator.ch\\\/\",\"logo\":{\"@type\":\"ImageObject\",\"inLanguage\":\"fr-FR\",\"@id\":\"https:\\\/\\\/www.organisator.ch\\\/#\\\/schema\\\/logo\\\/image\\\/\",\"url\":\"https:\\\/\\\/www.organisator.ch\\\/wp-content\\\/uploads\\\/2022\\\/01\\\/Logo_Organisator_Website.png\",\"contentUrl\":\"https:\\\/\\\/www.organisator.ch\\\/wp-content\\\/uploads\\\/2022\\\/01\\\/Logo_Organisator_Website.png\",\"width\":800,\"height\":77,\"caption\":\"Organisator\"},\"image\":{\"@id\":\"https:\\\/\\\/www.organisator.ch\\\/#\\\/schema\\\/logo\\\/image\\\/\"},\"sameAs\":[\"https:\\\/\\\/www.facebook.com\\\/OrganisatorFachmagazin\",\"https:\\\/\\\/www.linkedin.com\\\/showcase\\\/organisator-das-magazin-fr-kmu\",\"https:\\\/\\\/www.xing.com\\\/news\\\/pages\\\/organisator-ch-695\",\"https:\\\/\\\/www.youtube.com\\\/channel\\\/UCGP2Sq0iWaZwT3BdIAQFYpw\"]},{\"@type\":\"Person\",\"@id\":\"https:\\\/\\\/www.organisator.ch\\\/#\\\/schema\\\/person\\\/6f650f90b2842cd4c0cc334b4e36f67e\",\"name\":\"thomas.berner\",\"image\":{\"@type\":\"ImageObject\",\"inLanguage\":\"fr-FR\",\"@id\":\"https:\\\/\\\/secure.gravatar.com\\\/avatar\\\/ac5001d2a36cb6c6cd3e50789007ffca834b477b74a2144564522e944eabff61?s=96&d=mm&r=g\",\"url\":\"https:\\\/\\\/secure.gravatar.com\\\/avatar\\\/ac5001d2a36cb6c6cd3e50789007ffca834b477b74a2144564522e944eabff61?s=96&d=mm&r=g\",\"contentUrl\":\"https:\\\/\\\/secure.gravatar.com\\\/avatar\\\/ac5001d2a36cb6c6cd3e50789007ffca834b477b74a2144564522e944eabff61?s=96&d=mm&r=g\",\"caption\":\"thomas.berner\"},\"url\":\"https:\\\/\\\/www.organisator.ch\\\/fr\\\/author\\\/thomas-berner\\\/\"}]}<\/script>\n<!-- \/ Yoast SEO plugin. -->","yoast_head_json":{"title":"Aerni AG trouve avec succ\u00e8s une solution de succession - Organisateur","description":"L'entreprise traditionnelle Aerni AG Maschinen- und Anlagenbau re\u00e7oit un vent de fra\u00eecheur dans les voiles gr\u00e2ce \u00e0 la reprise de deux jeunes entrepreneurs.","robots":{"index":"index","follow":"follow","max-snippet":"max-snippet:-1","max-image-preview":"max-image-preview:large","max-video-preview":"max-video-preview:-1"},"canonical":"https:\/\/www.organisator.ch\/fr\/gestion-2\/2020-03-09\/aerni-ag-findet-erfolgreich-eine-nachfolgeloesung\/","og_locale":"fr_FR","og_type":"article","og_title":"Aerni AG findet erfolgreich eine Nachfolgel\u00f6sung","og_description":"Das Traditionsunternehmen Aerni AG Maschinen- und Anlagenbau erh\u00e4lt durch die \u00dcbernahme zweier Jungunternehmer frischen Wind in die Segel.","og_url":"https:\/\/www.organisator.ch\/fr\/gestion-2\/2020-03-09\/aerni-ag-findet-erfolgreich-eine-nachfolgeloesung\/","og_site_name":"Organisator","article_publisher":"https:\/\/www.facebook.com\/OrganisatorFachmagazin","article_published_time":"2020-03-09T08:25:15+00:00","og_image":[{"width":680,"height":434,"url":"https:\/\/www.organisator.ch\/wp-content\/uploads\/2020\/03\/Aerni-AG-findet-erfolgreich-eine-Nachfolgeloesung_Organisator.jpg","type":"image\/jpeg"}],"author":"thomas.berner","twitter_card":"summary_large_image","twitter_title":"#Aerni AG findet erfolgreich eine Nachfolgel\u00f6sung","twitter_description":"Das #Traditionsunternehmen #Aerni AG Maschinen- und Anlagenbau erh\u00e4lt durch die \u00dcbernahme zweier Jungunternehmer frischen Wind in die Segel.","twitter_image":"https:\/\/www.organisator.ch\/wp-content\/uploads\/2020\/03\/Aerni-AG-findet-erfolgreich-eine-Nachfolgeloesung_Organisator.jpg","schema":{"@context":"https:\/\/schema.org","@graph":[{"@type":"Article","@id":"https:\/\/www.organisator.ch\/management\/2020-03-09\/aerni-ag-findet-erfolgreich-eine-nachfolgeloesung\/#article","isPartOf":{"@id":"https:\/\/www.organisator.ch\/management\/2020-03-09\/aerni-ag-findet-erfolgreich-eine-nachfolgeloesung\/"},"author":{"name":"thomas.berner","@id":"https:\/\/www.organisator.ch\/#\/schema\/person\/6f650f90b2842cd4c0cc334b4e36f67e"},"headline":"Aerni AG findet erfolgreich eine Nachfolgel\u00f6sung","datePublished":"2020-03-09T08:25:15+00:00","mainEntityOfPage":{"@id":"https:\/\/www.organisator.ch\/management\/2020-03-09\/aerni-ag-findet-erfolgreich-eine-nachfolgeloesung\/"},"wordCount":334,"publisher":{"@id":"https:\/\/www.organisator.ch\/#organization"},"image":{"@id":"https:\/\/www.organisator.ch\/management\/2020-03-09\/aerni-ag-findet-erfolgreich-eine-nachfolgeloesung\/#primaryimage"},"thumbnailUrl":"https:\/\/www.organisator.ch\/wp-content\/uploads\/2020\/03\/Aerni-AG-findet-erfolgreich-eine-Nachfolgeloesung_Organisator.jpg","keywords":["Firmennachfolge","Management und Unternehmensf\u00fchrung","Unternehmen"],"articleSection":["MANAGEMENT"],"inLanguage":"fr-FR"},{"@type":"WebPage","@id":"https:\/\/www.organisator.ch\/management\/2020-03-09\/aerni-ag-findet-erfolgreich-eine-nachfolgeloesung\/","url":"https:\/\/www.organisator.ch\/management\/2020-03-09\/aerni-ag-findet-erfolgreich-eine-nachfolgeloesung\/","name":"Aerni AG trouve avec succ\u00e8s une solution de succession - Organisateur","isPartOf":{"@id":"https:\/\/www.organisator.ch\/#website"},"primaryImageOfPage":{"@id":"https:\/\/www.organisator.ch\/management\/2020-03-09\/aerni-ag-findet-erfolgreich-eine-nachfolgeloesung\/#primaryimage"},"image":{"@id":"https:\/\/www.organisator.ch\/management\/2020-03-09\/aerni-ag-findet-erfolgreich-eine-nachfolgeloesung\/#primaryimage"},"thumbnailUrl":"https:\/\/www.organisator.ch\/wp-content\/uploads\/2020\/03\/Aerni-AG-findet-erfolgreich-eine-Nachfolgeloesung_Organisator.jpg","datePublished":"2020-03-09T08:25:15+00:00","description":"L'entreprise traditionnelle Aerni AG Maschinen- und Anlagenbau re\u00e7oit un vent de fra\u00eecheur dans les voiles gr\u00e2ce \u00e0 la reprise de deux jeunes entrepreneurs.","breadcrumb":{"@id":"https:\/\/www.organisator.ch\/management\/2020-03-09\/aerni-ag-findet-erfolgreich-eine-nachfolgeloesung\/#breadcrumb"},"inLanguage":"fr-FR","potentialAction":[{"@type":"ReadAction","target":["https:\/\/www.organisator.ch\/management\/2020-03-09\/aerni-ag-findet-erfolgreich-eine-nachfolgeloesung\/"]}]},{"@type":"ImageObject","inLanguage":"fr-FR","@id":"https:\/\/www.organisator.ch\/management\/2020-03-09\/aerni-ag-findet-erfolgreich-eine-nachfolgeloesung\/#primaryimage","url":"https:\/\/www.organisator.ch\/wp-content\/uploads\/2020\/03\/Aerni-AG-findet-erfolgreich-eine-Nachfolgeloesung_Organisator.jpg","contentUrl":"https:\/\/www.organisator.ch\/wp-content\/uploads\/2020\/03\/Aerni-AG-findet-erfolgreich-eine-Nachfolgeloesung_Organisator.jpg","width":680,"height":434,"caption":"M\u00e4ggi Badalli, Walter Eiselen (Schweizer Nachfolge Experten AG); Hansj\u00f6rg M\u00fcller (bisherige Inhaber); Jan Siegmund, Levin Schmid (neue Inhaber). (Bild: zVg)"},{"@type":"BreadcrumbList","@id":"https:\/\/www.organisator.ch\/management\/2020-03-09\/aerni-ag-findet-erfolgreich-eine-nachfolgeloesung\/#breadcrumb","itemListElement":[{"@type":"ListItem","position":1,"name":"Home","item":"https:\/\/www.organisator.ch\/"},{"@type":"ListItem","position":2,"name":"Aerni AG findet erfolgreich eine Nachfolgel\u00f6sung"}]},{"@type":"WebSite","@id":"https:\/\/www.organisator.ch\/#website","url":"https:\/\/www.organisator.ch\/","name":"Organisateur","description":"Comp\u00e9tence et comp\u00e9tence. Proches de la pratique. L'ORGANISATEUR pr\u00e9pare 10 num\u00e9ros par an sur les th\u00e8mes essentiels pour les dirigeants de PME.","publisher":{"@id":"https:\/\/www.organisator.ch\/#organization"},"potentialAction":[{"@type":"SearchAction","target":{"@type":"EntryPoint","urlTemplate":"https:\/\/www.organisator.ch\/?s={search_term_string}"},"query-input":{"@type":"PropertyValueSpecification","valueRequired":true,"valueName":"search_term_string"}}],"inLanguage":"fr-FR"},{"@type":"Organization","@id":"https:\/\/www.organisator.ch\/#organization","name":"Organisateur","url":"https:\/\/www.organisator.ch\/","logo":{"@type":"ImageObject","inLanguage":"fr-FR","@id":"https:\/\/www.organisator.ch\/#\/schema\/logo\/image\/","url":"https:\/\/www.organisator.ch\/wp-content\/uploads\/2022\/01\/Logo_Organisator_Website.png","contentUrl":"https:\/\/www.organisator.ch\/wp-content\/uploads\/2022\/01\/Logo_Organisator_Website.png","width":800,"height":77,"caption":"Organisator"},"image":{"@id":"https:\/\/www.organisator.ch\/#\/schema\/logo\/image\/"},"sameAs":["https:\/\/www.facebook.com\/OrganisatorFachmagazin","https:\/\/www.linkedin.com\/showcase\/organisator-das-magazin-fr-kmu","https:\/\/www.xing.com\/news\/pages\/organisator-ch-695","https:\/\/www.youtube.com\/channel\/UCGP2Sq0iWaZwT3BdIAQFYpw"]},{"@type":"Person","@id":"https:\/\/www.organisator.ch\/#\/schema\/person\/6f650f90b2842cd4c0cc334b4e36f67e","name":"thomas.berner","image":{"@type":"ImageObject","inLanguage":"fr-FR","@id":"https:\/\/secure.gravatar.com\/avatar\/ac5001d2a36cb6c6cd3e50789007ffca834b477b74a2144564522e944eabff61?s=96&d=mm&r=g","url":"https:\/\/secure.gravatar.com\/avatar\/ac5001d2a36cb6c6cd3e50789007ffca834b477b74a2144564522e944eabff61?s=96&d=mm&r=g","contentUrl":"https:\/\/secure.gravatar.com\/avatar\/ac5001d2a36cb6c6cd3e50789007ffca834b477b74a2144564522e944eabff61?s=96&d=mm&r=g","caption":"thomas.berner"},"url":"https:\/\/www.organisator.ch\/fr\/author\/thomas-berner\/"}]}},"_links":{"self":[{"href":"https:\/\/www.organisator.ch\/fr\/wp-json\/wp\/v2\/posts\/6426","targetHints":{"allow":["GET"]}}],"collection":[{"href":"https:\/\/www.organisator.ch\/fr\/wp-json\/wp\/v2\/posts"}],"about":[{"href":"https:\/\/www.organisator.ch\/fr\/wp-json\/wp\/v2\/types\/post"}],"author":[{"embeddable":true,"href":"https:\/\/www.organisator.ch\/fr\/wp-json\/wp\/v2\/users\/4"}],"replies":[{"embeddable":true,"href":"https:\/\/www.organisator.ch\/fr\/wp-json\/wp\/v2\/comments?post=6426"}],"version-history":[{"count":0,"href":"https:\/\/www.organisator.ch\/fr\/wp-json\/wp\/v2\/posts\/6426\/revisions"}],"wp:featuredmedia":[{"embeddable":true,"href":"https:\/\/www.organisator.ch\/fr\/wp-json\/wp\/v2\/media\/6427"}],"wp:attachment":[{"href":"https:\/\/www.organisator.ch\/fr\/wp-json\/wp\/v2\/media?parent=6426"}],"wp:term":[{"taxonomy":"category","embeddable":true,"href":"https:\/\/www.organisator.ch\/fr\/wp-json\/wp\/v2\/categories?post=6426"},{"taxonomy":"post_tag","embeddable":true,"href":"https:\/\/www.organisator.ch\/fr\/wp-json\/wp\/v2\/tags?post=6426"}],"curies":[{"name":"wp","href":"https:\/\/api.w.org\/{rel}","templated":true}]}}