{"id":6429,"date":"2020-03-09T17:06:44","date_gmt":"2020-03-09T16:06:44","guid":{"rendered":"https:\/\/www.organisator.ch\/?p=6429"},"modified":"2020-03-09T17:06:44","modified_gmt":"2020-03-09T16:06:44","slug":"coronavirus-coworking-als-rezept-gegen-staerkere-ausbreitung","status":"publish","type":"post","link":"https:\/\/www.organisator.ch\/fr\/management\/2020-03-09\/coronavirus-coworking-als-rezept-gegen-staerkere-ausbreitung\/","title":{"rendered":"Coronavirus : le coworking comme rem\u00e8de contre une plus forte propagation"},"content":{"rendered":"<figure id=\"attachment_6430\" aria-describedby=\"caption-attachment-6430\" style=\"width: 680px\" class=\"wp-caption alignnone\"><img loading=\"lazy\" decoding=\"async\" class=\"size-medium wp-image-6430\" src=\"https:\/\/www.organisator.ch\/wp-content\/uploads\/2020\/03\/Coworking-als-Rezept-gegen-staerkere-Ausbreitung-des-Coronavirus_Organisator.jpg\" alt=\"\" width=\"680\" height=\"453\" srcset=\"https:\/\/www.organisator.ch\/wp-content\/uploads\/2020\/03\/Coworking-als-Rezept-gegen-staerkere-Ausbreitung-des-Coronavirus_Organisator.jpg 680w, https:\/\/www.organisator.ch\/wp-content\/uploads\/2020\/03\/Coworking-als-Rezept-gegen-staerkere-Ausbreitung-des-Coronavirus_Organisator-16x12.jpg 16w, https:\/\/www.organisator.ch\/wp-content\/uploads\/2020\/03\/Coworking-als-Rezept-gegen-staerkere-Ausbreitung-des-Coronavirus_Organisator-263x175.jpg 263w, https:\/\/www.organisator.ch\/wp-content\/uploads\/2020\/03\/Coworking-als-Rezept-gegen-staerkere-Ausbreitung-des-Coronavirus_Organisator-525x350.jpg 525w, https:\/\/www.organisator.ch\/wp-content\/uploads\/2020\/03\/Coworking-als-Rezept-gegen-staerkere-Ausbreitung-des-Coronavirus_Organisator-300x200.jpg 300w\" sizes=\"auto, (max-width: 680px) 100vw, 680px\" \/><figcaption id=\"caption-attachment-6430\" class=\"wp-caption-text\">Le fractionnement de bureau permet de r\u00e9sister au coronavirus. (Image : Pixabay.com)<\/figcaption><\/figure>\n<p>Faire respecter les mesures de protection est un \u00e9norme d\u00e9fi pour les entreprises. Il est difficile pour tous de r\u00e9sister \u00e0 des habitudes telles que se serrer la main. Et que se passe-t-il si, malgr\u00e9 toutes les mesures de protection, plusieurs personnes d'un m\u00eame service sont gripp\u00e9es en m\u00eame temps ou attrapent le coronavirus et sont mises hors d'\u00e9tat de nuire pendant un certain temps ? Un sc\u00e9nario d'horreur pour toute entreprise, car les processus de travail et les cha\u00eenes d'approvisionnement sont ainsi interrompus et la productivit\u00e9 et le maintien des activit\u00e9s commerciales sont s\u00e9rieusement menac\u00e9s. Les emplois sont donc \u00e9galement menac\u00e9s.<\/p>\n<h2><strong>Fractionnement des bureaux : un moyen de lutter contre la propagation du coronavirus<\/strong><\/h2>\n<p>Aucun employeur ne veut prendre le risque de voir des services entiers \u00e0 l'arr\u00eat. \u00c9tant donn\u00e9 qu'en cas de home-office sur une longue p\u00e9riode, la collaboration transversale repr\u00e9sente un d\u00e9fi pour les \u00e9quipes, les entreprises doivent chercher des solutions. Ainsi, le Credit Suisse a, selon la <a href=\"https:\/\/www.nzz.ch\/wirtschaft\/home-office-und-reiseverbote-schweizer-firmen-treffen-wegen-coronavirus-weitere-massnahmen-ld.1544066\">NZZ<\/a> les employ\u00e9s occupant des fonctions critiques ont \u00e9t\u00e9 r\u00e9partis dans diff\u00e9rents bureaux. Progressivement, le partage des bureaux sera \u00e9tendu \u00e0 d'autres services.<\/p>\n<h2><strong>Coworking : 20 % de demandes en plus \u00e0 cause du coronavirus<\/strong><\/h2>\n<p>Le social distancing peut \u00eatre mis en \u0153uvre au bureau par le biais d'un office splitting. Ainsi, si un collaborateur est contamin\u00e9, tous les autres membres de l'\u00e9quipe ne sont pas imm\u00e9diatement en danger - et l'activit\u00e9 commerciale est maintenue. Les entreprises divisent les \u00e9quipes en faisant travailler la moiti\u00e9 des collaborateurs dans des bureaux qui ne leur appartiennent pas, afin de minimiser le risque de contagion. Comme toutes les entreprises ne disposent pas des structures spatiales ad\u00e9quates pour diviser les d\u00e9partements, les prestataires de coworking sont actuellement tr\u00e8s demand\u00e9s. Selon Roger Krieg, le CEO d'OfficeLAB, le plus grand fournisseur suisse de coworking, la demande d'espaces de coworking a d\u00e9j\u00e0 augment\u00e9 de 20 % ces derniers jours.<\/p>\n<h2><strong>Locaux de haute s\u00e9curit\u00e9 <\/strong><\/h2>\n<p>Comme les entreprises sont extr\u00eamement sous pression, il faut de la flexibilit\u00e9 et de l'agilit\u00e9 sur tous les sites. Krieg poursuit : \"Les entreprises veulent imm\u00e9diatement fractionner leurs locaux - du jour au lendemain\". On serait m\u00eame en mesure d'am\u00e9nager des espaces de s\u00e9curit\u00e9 individuels - ce qu'on appelle une war room - en un temps record.<\/p>\n<p><em>Auteur :<br \/>\nRoman Probst est un sp\u00e9cialiste de la communication et de la vente, titulaire d'un BA en communication d'entreprise et en journalisme et d'un CAS en marketing num\u00e9rique. Exp\u00e9rience dans la cr\u00e9ation et le d\u00e9veloppement d'entreprises jusqu'\u00e0 la vente. Plusieurs fois r\u00e9compens\u00e9 en communication marketing et en tant qu'entrepreneur.<br \/>\n<a href=\"http:\/\/www.marketing-probst.ch\">www.marketing-probst.ch<\/a><\/em><\/p>","protected":false},"excerpt":{"rendered":"<p>Schutzmassnahmen durchzusetzen, ist f\u00fcr Unternehmen eine riesige Herausforderung. Es f\u00e4llt allen schwer, Gewohnheiten wie H\u00e4ndesch\u00fctteln zu widerstehen. Und was, wenn allen Schutzmassnahmen zum Trotz mehrere Leute in einer Abteilung gleichzeitig grippig sind oder sich mit dem Coronavirus anstecken und f\u00fcr eine Weile ausser Gefecht gesetzt werden? Ein Horrorszenario f\u00fcr jedes Unternehmen, denn auf diese Weise [&hellip;]<\/p>\n","protected":false},"author":4,"featured_media":6430,"comment_status":"closed","ping_status":"closed","sticky":false,"template":"","format":"standard","meta":{"_acf_changed":false,"_yoast_wpseo_focuskw":"Coronavirus","_yoast_wpseo_metadesc":"Das Coronavirus breitet sich weiter epidemisch aus. Das verunsichert zum einen die Arbeitnehmer, zum andern stehen Arbeitgeber in der Pflicht.","articlekey":"","footnotes":""},"categories":[28],"tags":[51,77,132,254,335],"class_list":["post-6429","post","type-post","status-publish","format-standard","has-post-thumbnail","hentry","category-management","tag-arbeitsplatzgestaltung","tag-betriebliches-gesundheitsmanagement","tag-coronavirus","tag-hrm","tag-management-und-unternehmensfuehrung"],"acf":[],"yoast_head":"<!-- This site is optimized with the Yoast SEO plugin v27.4 - https:\/\/yoast.com\/product\/yoast-seo-wordpress\/ -->\n<title>Coronavirus: Coworking als Rezept gegen st\u00e4rkere Ausbreitung - Organisator<\/title>\n<meta name=\"description\" content=\"Das Coronavirus breitet sich weiter epidemisch aus. Das verunsichert zum einen die Arbeitnehmer, zum andern stehen Arbeitgeber in der Pflicht.\" \/>\n<meta name=\"robots\" content=\"index, follow, max-snippet:-1, max-image-preview:large, max-video-preview:-1\" \/>\n<link rel=\"canonical\" href=\"https:\/\/www.organisator.ch\/fr\/gestion-2\/2020-03-09\/coronavirus-coworking-als-rezept-gegen-staerkere-ausbreitung\/\" \/>\n<meta property=\"og:locale\" content=\"fr_FR\" \/>\n<meta property=\"og:type\" content=\"article\" \/>\n<meta property=\"og:title\" content=\"Coronavirus: Coworking als Rezept gegen st\u00e4rkere Ausbreitung\" \/>\n<meta property=\"og:description\" content=\"Das Coronavirus breitet sich weiter epidemisch aus. Das verunsichert zum einen die Arbeitnehmer, zum andern stehen Arbeitgeber in der Pflicht.\" \/>\n<meta property=\"og:url\" content=\"https:\/\/www.organisator.ch\/fr\/gestion-2\/2020-03-09\/coronavirus-coworking-als-rezept-gegen-staerkere-ausbreitung\/\" \/>\n<meta property=\"og:site_name\" content=\"Organisator\" \/>\n<meta property=\"article:publisher\" content=\"https:\/\/www.facebook.com\/OrganisatorFachmagazin\" \/>\n<meta property=\"article:published_time\" content=\"2020-03-09T16:06:44+00:00\" \/>\n<meta property=\"og:image\" content=\"https:\/\/www.organisator.ch\/wp-content\/uploads\/2020\/03\/Coworking-als-Rezept-gegen-staerkere-Ausbreitung-des-Coronavirus_Organisator.jpg\" \/>\n\t<meta property=\"og:image:width\" content=\"680\" \/>\n\t<meta property=\"og:image:height\" content=\"453\" \/>\n\t<meta property=\"og:image:type\" content=\"image\/jpeg\" \/>\n<meta name=\"author\" content=\"thomas.berner\" \/>\n<meta name=\"twitter:card\" content=\"summary_large_image\" \/>\n<meta name=\"twitter:title\" content=\"#Coronavirus: #Coworking als Rezept gegen st\u00e4rkere Ausbreitung\" \/>\n<meta name=\"twitter:description\" content=\"Das #Coronavirus breitet sich weiter epidemisch aus. Das verunsichert zum einen die Arbeitnehmer, zum andern stehen Arbeitgeber in der Pflicht.\" \/>\n<meta name=\"twitter:image\" content=\"https:\/\/www.organisator.ch\/wp-content\/uploads\/2020\/03\/Coworking-als-Rezept-gegen-staerkere-Ausbreitung-des-Coronavirus_Organisator.jpg\" \/>\n<script type=\"application\/ld+json\" class=\"yoast-schema-graph\">{\"@context\":\"https:\\\/\\\/schema.org\",\"@graph\":[{\"@type\":\"Article\",\"@id\":\"https:\\\/\\\/www.organisator.ch\\\/management\\\/2020-03-09\\\/coronavirus-coworking-als-rezept-gegen-staerkere-ausbreitung\\\/#article\",\"isPartOf\":{\"@id\":\"https:\\\/\\\/www.organisator.ch\\\/management\\\/2020-03-09\\\/coronavirus-coworking-als-rezept-gegen-staerkere-ausbreitung\\\/\"},\"author\":{\"name\":\"thomas.berner\",\"@id\":\"https:\\\/\\\/www.organisator.ch\\\/#\\\/schema\\\/person\\\/6f650f90b2842cd4c0cc334b4e36f67e\"},\"headline\":\"Coronavirus: Coworking als Rezept gegen st\u00e4rkere Ausbreitung\",\"datePublished\":\"2020-03-09T16:06:44+00:00\",\"mainEntityOfPage\":{\"@id\":\"https:\\\/\\\/www.organisator.ch\\\/management\\\/2020-03-09\\\/coronavirus-coworking-als-rezept-gegen-staerkere-ausbreitung\\\/\"},\"wordCount\":380,\"publisher\":{\"@id\":\"https:\\\/\\\/www.organisator.ch\\\/#organization\"},\"image\":{\"@id\":\"https:\\\/\\\/www.organisator.ch\\\/management\\\/2020-03-09\\\/coronavirus-coworking-als-rezept-gegen-staerkere-ausbreitung\\\/#primaryimage\"},\"thumbnailUrl\":\"https:\\\/\\\/www.organisator.ch\\\/wp-content\\\/uploads\\\/2020\\\/03\\\/Coworking-als-Rezept-gegen-staerkere-Ausbreitung-des-Coronavirus_Organisator.jpg\",\"keywords\":[\"Arbeitsplatzgestaltung\",\"Betriebliches Gesundheitsmanagement\",\"Coronavirus\",\"HRM\",\"Management und Unternehmensf\u00fchrung\"],\"articleSection\":[\"MANAGEMENT\"],\"inLanguage\":\"fr-FR\"},{\"@type\":\"WebPage\",\"@id\":\"https:\\\/\\\/www.organisator.ch\\\/management\\\/2020-03-09\\\/coronavirus-coworking-als-rezept-gegen-staerkere-ausbreitung\\\/\",\"url\":\"https:\\\/\\\/www.organisator.ch\\\/management\\\/2020-03-09\\\/coronavirus-coworking-als-rezept-gegen-staerkere-ausbreitung\\\/\",\"name\":\"Coronavirus: Coworking als Rezept gegen st\u00e4rkere Ausbreitung - Organisator\",\"isPartOf\":{\"@id\":\"https:\\\/\\\/www.organisator.ch\\\/#website\"},\"primaryImageOfPage\":{\"@id\":\"https:\\\/\\\/www.organisator.ch\\\/management\\\/2020-03-09\\\/coronavirus-coworking-als-rezept-gegen-staerkere-ausbreitung\\\/#primaryimage\"},\"image\":{\"@id\":\"https:\\\/\\\/www.organisator.ch\\\/management\\\/2020-03-09\\\/coronavirus-coworking-als-rezept-gegen-staerkere-ausbreitung\\\/#primaryimage\"},\"thumbnailUrl\":\"https:\\\/\\\/www.organisator.ch\\\/wp-content\\\/uploads\\\/2020\\\/03\\\/Coworking-als-Rezept-gegen-staerkere-Ausbreitung-des-Coronavirus_Organisator.jpg\",\"datePublished\":\"2020-03-09T16:06:44+00:00\",\"description\":\"Das Coronavirus breitet sich weiter epidemisch aus. Das verunsichert zum einen die Arbeitnehmer, zum andern stehen Arbeitgeber in der Pflicht.\",\"breadcrumb\":{\"@id\":\"https:\\\/\\\/www.organisator.ch\\\/management\\\/2020-03-09\\\/coronavirus-coworking-als-rezept-gegen-staerkere-ausbreitung\\\/#breadcrumb\"},\"inLanguage\":\"fr-FR\",\"potentialAction\":[{\"@type\":\"ReadAction\",\"target\":[\"https:\\\/\\\/www.organisator.ch\\\/management\\\/2020-03-09\\\/coronavirus-coworking-als-rezept-gegen-staerkere-ausbreitung\\\/\"]}]},{\"@type\":\"ImageObject\",\"inLanguage\":\"fr-FR\",\"@id\":\"https:\\\/\\\/www.organisator.ch\\\/management\\\/2020-03-09\\\/coronavirus-coworking-als-rezept-gegen-staerkere-ausbreitung\\\/#primaryimage\",\"url\":\"https:\\\/\\\/www.organisator.ch\\\/wp-content\\\/uploads\\\/2020\\\/03\\\/Coworking-als-Rezept-gegen-staerkere-Ausbreitung-des-Coronavirus_Organisator.jpg\",\"contentUrl\":\"https:\\\/\\\/www.organisator.ch\\\/wp-content\\\/uploads\\\/2020\\\/03\\\/Coworking-als-Rezept-gegen-staerkere-Ausbreitung-des-Coronavirus_Organisator.jpg\",\"width\":680,\"height\":453,\"caption\":\"Mit Office-Splitting l\u00e4sst sich dem Coronavirus trotzen. (Bild: Pixabay.com)\"},{\"@type\":\"BreadcrumbList\",\"@id\":\"https:\\\/\\\/www.organisator.ch\\\/management\\\/2020-03-09\\\/coronavirus-coworking-als-rezept-gegen-staerkere-ausbreitung\\\/#breadcrumb\",\"itemListElement\":[{\"@type\":\"ListItem\",\"position\":1,\"name\":\"Home\",\"item\":\"https:\\\/\\\/www.organisator.ch\\\/\"},{\"@type\":\"ListItem\",\"position\":2,\"name\":\"Coronavirus: Coworking als Rezept gegen st\u00e4rkere Ausbreitung\"}]},{\"@type\":\"WebSite\",\"@id\":\"https:\\\/\\\/www.organisator.ch\\\/#website\",\"url\":\"https:\\\/\\\/www.organisator.ch\\\/\",\"name\":\"Organisator\",\"description\":\"Kompetent. Praxisnah. Der ORGANISATOR bereitet in 10 Ausgaben pro Jahr die wesentlichen Themen f\u00fcr F\u00fchrungskr\u00e4fte von KMU auf.\",\"publisher\":{\"@id\":\"https:\\\/\\\/www.organisator.ch\\\/#organization\"},\"potentialAction\":[{\"@type\":\"SearchAction\",\"target\":{\"@type\":\"EntryPoint\",\"urlTemplate\":\"https:\\\/\\\/www.organisator.ch\\\/?s={search_term_string}\"},\"query-input\":{\"@type\":\"PropertyValueSpecification\",\"valueRequired\":true,\"valueName\":\"search_term_string\"}}],\"inLanguage\":\"fr-FR\"},{\"@type\":\"Organization\",\"@id\":\"https:\\\/\\\/www.organisator.ch\\\/#organization\",\"name\":\"Organisator\",\"url\":\"https:\\\/\\\/www.organisator.ch\\\/\",\"logo\":{\"@type\":\"ImageObject\",\"inLanguage\":\"fr-FR\",\"@id\":\"https:\\\/\\\/www.organisator.ch\\\/#\\\/schema\\\/logo\\\/image\\\/\",\"url\":\"https:\\\/\\\/www.organisator.ch\\\/wp-content\\\/uploads\\\/2022\\\/01\\\/Logo_Organisator_Website.png\",\"contentUrl\":\"https:\\\/\\\/www.organisator.ch\\\/wp-content\\\/uploads\\\/2022\\\/01\\\/Logo_Organisator_Website.png\",\"width\":800,\"height\":77,\"caption\":\"Organisator\"},\"image\":{\"@id\":\"https:\\\/\\\/www.organisator.ch\\\/#\\\/schema\\\/logo\\\/image\\\/\"},\"sameAs\":[\"https:\\\/\\\/www.facebook.com\\\/OrganisatorFachmagazin\",\"https:\\\/\\\/www.linkedin.com\\\/showcase\\\/organisator-das-magazin-fr-kmu\",\"https:\\\/\\\/www.xing.com\\\/news\\\/pages\\\/organisator-ch-695\",\"https:\\\/\\\/www.youtube.com\\\/channel\\\/UCGP2Sq0iWaZwT3BdIAQFYpw\"]},{\"@type\":\"Person\",\"@id\":\"https:\\\/\\\/www.organisator.ch\\\/#\\\/schema\\\/person\\\/6f650f90b2842cd4c0cc334b4e36f67e\",\"name\":\"thomas.berner\",\"image\":{\"@type\":\"ImageObject\",\"inLanguage\":\"fr-FR\",\"@id\":\"https:\\\/\\\/secure.gravatar.com\\\/avatar\\\/ac5001d2a36cb6c6cd3e50789007ffca834b477b74a2144564522e944eabff61?s=96&d=mm&r=g\",\"url\":\"https:\\\/\\\/secure.gravatar.com\\\/avatar\\\/ac5001d2a36cb6c6cd3e50789007ffca834b477b74a2144564522e944eabff61?s=96&d=mm&r=g\",\"contentUrl\":\"https:\\\/\\\/secure.gravatar.com\\\/avatar\\\/ac5001d2a36cb6c6cd3e50789007ffca834b477b74a2144564522e944eabff61?s=96&d=mm&r=g\",\"caption\":\"thomas.berner\"},\"url\":\"https:\\\/\\\/www.organisator.ch\\\/fr\\\/author\\\/thomas-berner\\\/\"}]}<\/script>\n<!-- \/ Yoast SEO plugin. -->","yoast_head_json":{"title":"Coronavirus : le coworking comme rem\u00e8de contre une plus grande propagation - Organisateur","description":"Le coronavirus continue de se propager de mani\u00e8re \u00e9pid\u00e9mique. D'une part, les travailleurs sont inquiets, d'autre part, les employeurs ont des obligations.","robots":{"index":"index","follow":"follow","max-snippet":"max-snippet:-1","max-image-preview":"max-image-preview:large","max-video-preview":"max-video-preview:-1"},"canonical":"https:\/\/www.organisator.ch\/fr\/gestion-2\/2020-03-09\/coronavirus-coworking-als-rezept-gegen-staerkere-ausbreitung\/","og_locale":"fr_FR","og_type":"article","og_title":"Coronavirus: Coworking als Rezept gegen st\u00e4rkere Ausbreitung","og_description":"Das Coronavirus breitet sich weiter epidemisch aus. Das verunsichert zum einen die Arbeitnehmer, zum andern stehen Arbeitgeber in der Pflicht.","og_url":"https:\/\/www.organisator.ch\/fr\/gestion-2\/2020-03-09\/coronavirus-coworking-als-rezept-gegen-staerkere-ausbreitung\/","og_site_name":"Organisator","article_publisher":"https:\/\/www.facebook.com\/OrganisatorFachmagazin","article_published_time":"2020-03-09T16:06:44+00:00","og_image":[{"width":680,"height":453,"url":"https:\/\/www.organisator.ch\/wp-content\/uploads\/2020\/03\/Coworking-als-Rezept-gegen-staerkere-Ausbreitung-des-Coronavirus_Organisator.jpg","type":"image\/jpeg"}],"author":"thomas.berner","twitter_card":"summary_large_image","twitter_title":"#Coronavirus: #Coworking als Rezept gegen st\u00e4rkere Ausbreitung","twitter_description":"Das #Coronavirus breitet sich weiter epidemisch aus. Das verunsichert zum einen die Arbeitnehmer, zum andern stehen Arbeitgeber in der Pflicht.","twitter_image":"https:\/\/www.organisator.ch\/wp-content\/uploads\/2020\/03\/Coworking-als-Rezept-gegen-staerkere-Ausbreitung-des-Coronavirus_Organisator.jpg","schema":{"@context":"https:\/\/schema.org","@graph":[{"@type":"Article","@id":"https:\/\/www.organisator.ch\/management\/2020-03-09\/coronavirus-coworking-als-rezept-gegen-staerkere-ausbreitung\/#article","isPartOf":{"@id":"https:\/\/www.organisator.ch\/management\/2020-03-09\/coronavirus-coworking-als-rezept-gegen-staerkere-ausbreitung\/"},"author":{"name":"thomas.berner","@id":"https:\/\/www.organisator.ch\/#\/schema\/person\/6f650f90b2842cd4c0cc334b4e36f67e"},"headline":"Coronavirus: Coworking als Rezept gegen st\u00e4rkere Ausbreitung","datePublished":"2020-03-09T16:06:44+00:00","mainEntityOfPage":{"@id":"https:\/\/www.organisator.ch\/management\/2020-03-09\/coronavirus-coworking-als-rezept-gegen-staerkere-ausbreitung\/"},"wordCount":380,"publisher":{"@id":"https:\/\/www.organisator.ch\/#organization"},"image":{"@id":"https:\/\/www.organisator.ch\/management\/2020-03-09\/coronavirus-coworking-als-rezept-gegen-staerkere-ausbreitung\/#primaryimage"},"thumbnailUrl":"https:\/\/www.organisator.ch\/wp-content\/uploads\/2020\/03\/Coworking-als-Rezept-gegen-staerkere-Ausbreitung-des-Coronavirus_Organisator.jpg","keywords":["Arbeitsplatzgestaltung","Betriebliches Gesundheitsmanagement","Coronavirus","HRM","Management und Unternehmensf\u00fchrung"],"articleSection":["MANAGEMENT"],"inLanguage":"fr-FR"},{"@type":"WebPage","@id":"https:\/\/www.organisator.ch\/management\/2020-03-09\/coronavirus-coworking-als-rezept-gegen-staerkere-ausbreitung\/","url":"https:\/\/www.organisator.ch\/management\/2020-03-09\/coronavirus-coworking-als-rezept-gegen-staerkere-ausbreitung\/","name":"Coronavirus : le coworking comme rem\u00e8de contre une plus grande propagation - Organisateur","isPartOf":{"@id":"https:\/\/www.organisator.ch\/#website"},"primaryImageOfPage":{"@id":"https:\/\/www.organisator.ch\/management\/2020-03-09\/coronavirus-coworking-als-rezept-gegen-staerkere-ausbreitung\/#primaryimage"},"image":{"@id":"https:\/\/www.organisator.ch\/management\/2020-03-09\/coronavirus-coworking-als-rezept-gegen-staerkere-ausbreitung\/#primaryimage"},"thumbnailUrl":"https:\/\/www.organisator.ch\/wp-content\/uploads\/2020\/03\/Coworking-als-Rezept-gegen-staerkere-Ausbreitung-des-Coronavirus_Organisator.jpg","datePublished":"2020-03-09T16:06:44+00:00","description":"Le coronavirus continue de se propager de mani\u00e8re \u00e9pid\u00e9mique. D'une part, les travailleurs sont inquiets, d'autre part, les employeurs ont des obligations.","breadcrumb":{"@id":"https:\/\/www.organisator.ch\/management\/2020-03-09\/coronavirus-coworking-als-rezept-gegen-staerkere-ausbreitung\/#breadcrumb"},"inLanguage":"fr-FR","potentialAction":[{"@type":"ReadAction","target":["https:\/\/www.organisator.ch\/management\/2020-03-09\/coronavirus-coworking-als-rezept-gegen-staerkere-ausbreitung\/"]}]},{"@type":"ImageObject","inLanguage":"fr-FR","@id":"https:\/\/www.organisator.ch\/management\/2020-03-09\/coronavirus-coworking-als-rezept-gegen-staerkere-ausbreitung\/#primaryimage","url":"https:\/\/www.organisator.ch\/wp-content\/uploads\/2020\/03\/Coworking-als-Rezept-gegen-staerkere-Ausbreitung-des-Coronavirus_Organisator.jpg","contentUrl":"https:\/\/www.organisator.ch\/wp-content\/uploads\/2020\/03\/Coworking-als-Rezept-gegen-staerkere-Ausbreitung-des-Coronavirus_Organisator.jpg","width":680,"height":453,"caption":"Mit Office-Splitting l\u00e4sst sich dem Coronavirus trotzen. (Bild: Pixabay.com)"},{"@type":"BreadcrumbList","@id":"https:\/\/www.organisator.ch\/management\/2020-03-09\/coronavirus-coworking-als-rezept-gegen-staerkere-ausbreitung\/#breadcrumb","itemListElement":[{"@type":"ListItem","position":1,"name":"Home","item":"https:\/\/www.organisator.ch\/"},{"@type":"ListItem","position":2,"name":"Coronavirus: Coworking als Rezept gegen st\u00e4rkere Ausbreitung"}]},{"@type":"WebSite","@id":"https:\/\/www.organisator.ch\/#website","url":"https:\/\/www.organisator.ch\/","name":"Organisateur","description":"Comp\u00e9tence et comp\u00e9tence. Proches de la pratique. L'ORGANISATEUR pr\u00e9pare 10 num\u00e9ros par an sur les th\u00e8mes essentiels pour les dirigeants de PME.","publisher":{"@id":"https:\/\/www.organisator.ch\/#organization"},"potentialAction":[{"@type":"SearchAction","target":{"@type":"EntryPoint","urlTemplate":"https:\/\/www.organisator.ch\/?s={search_term_string}"},"query-input":{"@type":"PropertyValueSpecification","valueRequired":true,"valueName":"search_term_string"}}],"inLanguage":"fr-FR"},{"@type":"Organization","@id":"https:\/\/www.organisator.ch\/#organization","name":"Organisateur","url":"https:\/\/www.organisator.ch\/","logo":{"@type":"ImageObject","inLanguage":"fr-FR","@id":"https:\/\/www.organisator.ch\/#\/schema\/logo\/image\/","url":"https:\/\/www.organisator.ch\/wp-content\/uploads\/2022\/01\/Logo_Organisator_Website.png","contentUrl":"https:\/\/www.organisator.ch\/wp-content\/uploads\/2022\/01\/Logo_Organisator_Website.png","width":800,"height":77,"caption":"Organisator"},"image":{"@id":"https:\/\/www.organisator.ch\/#\/schema\/logo\/image\/"},"sameAs":["https:\/\/www.facebook.com\/OrganisatorFachmagazin","https:\/\/www.linkedin.com\/showcase\/organisator-das-magazin-fr-kmu","https:\/\/www.xing.com\/news\/pages\/organisator-ch-695","https:\/\/www.youtube.com\/channel\/UCGP2Sq0iWaZwT3BdIAQFYpw"]},{"@type":"Person","@id":"https:\/\/www.organisator.ch\/#\/schema\/person\/6f650f90b2842cd4c0cc334b4e36f67e","name":"thomas.berner","image":{"@type":"ImageObject","inLanguage":"fr-FR","@id":"https:\/\/secure.gravatar.com\/avatar\/ac5001d2a36cb6c6cd3e50789007ffca834b477b74a2144564522e944eabff61?s=96&d=mm&r=g","url":"https:\/\/secure.gravatar.com\/avatar\/ac5001d2a36cb6c6cd3e50789007ffca834b477b74a2144564522e944eabff61?s=96&d=mm&r=g","contentUrl":"https:\/\/secure.gravatar.com\/avatar\/ac5001d2a36cb6c6cd3e50789007ffca834b477b74a2144564522e944eabff61?s=96&d=mm&r=g","caption":"thomas.berner"},"url":"https:\/\/www.organisator.ch\/fr\/author\/thomas-berner\/"}]}},"_links":{"self":[{"href":"https:\/\/www.organisator.ch\/fr\/wp-json\/wp\/v2\/posts\/6429","targetHints":{"allow":["GET"]}}],"collection":[{"href":"https:\/\/www.organisator.ch\/fr\/wp-json\/wp\/v2\/posts"}],"about":[{"href":"https:\/\/www.organisator.ch\/fr\/wp-json\/wp\/v2\/types\/post"}],"author":[{"embeddable":true,"href":"https:\/\/www.organisator.ch\/fr\/wp-json\/wp\/v2\/users\/4"}],"replies":[{"embeddable":true,"href":"https:\/\/www.organisator.ch\/fr\/wp-json\/wp\/v2\/comments?post=6429"}],"version-history":[{"count":0,"href":"https:\/\/www.organisator.ch\/fr\/wp-json\/wp\/v2\/posts\/6429\/revisions"}],"wp:featuredmedia":[{"embeddable":true,"href":"https:\/\/www.organisator.ch\/fr\/wp-json\/wp\/v2\/media\/6430"}],"wp:attachment":[{"href":"https:\/\/www.organisator.ch\/fr\/wp-json\/wp\/v2\/media?parent=6429"}],"wp:term":[{"taxonomy":"category","embeddable":true,"href":"https:\/\/www.organisator.ch\/fr\/wp-json\/wp\/v2\/categories?post=6429"},{"taxonomy":"post_tag","embeddable":true,"href":"https:\/\/www.organisator.ch\/fr\/wp-json\/wp\/v2\/tags?post=6429"}],"curies":[{"name":"wp","href":"https:\/\/api.w.org\/{rel}","templated":true}]}}