{"id":6468,"date":"2020-03-17T17:00:11","date_gmt":"2020-03-17T16:00:11","guid":{"rendered":"https:\/\/www.organisator.ch\/?p=6468"},"modified":"2020-03-17T17:00:11","modified_gmt":"2020-03-17T16:00:11","slug":"zwei-kmu-bieten-unter-standtogether-ch-einen-gemeinsamen-lieferdienst","status":"publish","type":"post","link":"https:\/\/www.organisator.ch\/fr\/allgemein\/2020-03-17\/zwei-kmu-bieten-unter-standtogether-ch-einen-gemeinsamen-lieferdienst\/","title":{"rendered":"Deux PME proposent un service de livraison commun sous \"standtogether.ch\"."},"content":{"rendered":"<figure id=\"attachment_6471\" aria-describedby=\"caption-attachment-6471\" style=\"width: 680px\" class=\"wp-caption alignnone\"><img loading=\"lazy\" decoding=\"async\" class=\"size-medium wp-image-6471\" src=\"https:\/\/www.organisator.ch\/wp-content\/uploads\/2020\/03\/Zwei-KMU-bieten-unter-standtogether.ch-einen-gemeinsamen-Lieferdienst_Organisator.jpg\" alt=\"\" width=\"680\" height=\"521\" srcset=\"https:\/\/www.organisator.ch\/wp-content\/uploads\/2020\/03\/Zwei-KMU-bieten-unter-standtogether.ch-einen-gemeinsamen-Lieferdienst_Organisator.jpg 680w, https:\/\/www.organisator.ch\/wp-content\/uploads\/2020\/03\/Zwei-KMU-bieten-unter-standtogether.ch-einen-gemeinsamen-Lieferdienst_Organisator-16x12.jpg 16w, https:\/\/www.organisator.ch\/wp-content\/uploads\/2020\/03\/Zwei-KMU-bieten-unter-standtogether.ch-einen-gemeinsamen-Lieferdienst_Organisator-228x175.jpg 228w, https:\/\/www.organisator.ch\/wp-content\/uploads\/2020\/03\/Zwei-KMU-bieten-unter-standtogether.ch-einen-gemeinsamen-Lieferdienst_Organisator-457x350.jpg 457w, https:\/\/www.organisator.ch\/wp-content\/uploads\/2020\/03\/Zwei-KMU-bieten-unter-standtogether.ch-einen-gemeinsamen-Lieferdienst_Organisator-300x230.jpg 300w\" sizes=\"auto, (max-width: 680px) 100vw, 680px\" \/><figcaption id=\"caption-attachment-6471\" class=\"wp-caption-text\">Daniel Gradenegger (Annanow, \u00e0 gauche) et Gerardo Viceconte (Taxi 444) proposent un service de livraison rapide sous standtogether.ch. (Image : zVg)<\/figcaption><\/figure>\n<p>Une autre id\u00e9e cr\u00e9ative de PME (un autre exemple <a href=\"https:\/\/www.organisator.ch\/corona-krise-event-agentur-geht-neue-wege\/\">ici<\/a>), comment la crise coronarienne actuelle peut aussi \u00eatre utilis\u00e9e de mani\u00e8re positive - au b\u00e9n\u00e9fice de ceux qui n'ont actuellement pas la possibilit\u00e9 de sortir : Annanow et Taxi 444 proposent ensemble un service de livraison dans la r\u00e9gion de Zurich sous \"standtogether.ch\". Gr\u00e2ce \u00e0 ce service, il est possible de se faire livrer \u00e0 domicile des biens de consommation courante dont on a besoin d'urgence ou des m\u00e9dicaments.<\/p>\n<h2>Pr\u00e9venir les risques d'infection inutiles<\/h2>\n<p>Le transport s\u00e9curis\u00e9 des personnes vers l'h\u00f4pital, le m\u00e9decin de famille et les pharmacies est ainsi garanti. L'objectif de \"standtogether.ch\" est d'assurer l'approvisionnement professionnel et rapide de la population en biens et services de premi\u00e8re n\u00e9cessit\u00e9 en temps de crise - en compl\u00e9ment de l'arm\u00e9e et de la protection civile. Parall\u00e8lement, les initiateurs de l'aide d'urgence veulent aider les agriculteurs, les commer\u00e7ants de denr\u00e9es alimentaires, les d\u00e9taillants et autres commer\u00e7ants ayant des difficult\u00e9s de livraison. \"standtogether.ch\" \u00e9vite que des personnes, notamment la population \u00e2g\u00e9e, ne s'exposent \u00e0 des risques d'infection inutiles. Le d\u00e9ploiement national de l'aide d'urgence commence cette semaine.<\/p>\n<h2>Service de livraison \u00e0 prix co\u00fbtant<\/h2>\n<p>\"Nous devons absolument tout faire pour que les gens sortent de cette crise aussi indemnes, sains et rapides que possible\", d\u00e9clare Daniel Gradenegger, co-initiateur de \"standtogether.ch\" et fondateur d'Annanow. Nous disposons d'une cha\u00eene de livraison bas\u00e9e sur la foule, avec plus de 100'000 taxis et coursiers. M\u00eame les particuliers - \u00e0 condition d'\u00eatre en bonne sant\u00e9 - peuvent s'inscrire sur Annanow et s'engager dans cette crise. \"Notre motivation est une aide de proximit\u00e9 active et nationale et la solidarit\u00e9 avec les gens en Suisse\", souligne Gerardo Viceconte, co-initiateur de \"standtogether.ch\" et CEO de Taxi 444. Bien entendu, tous les services sont fournis \u00e0 prix co\u00fbtant.<\/p>\n<p>Le service est disponible au 044 500 69 06 et au <a href=\"http:\/\/www.standtogether.ch\">www.standtogether.ch<\/a> \u00e0 disposition.<\/p>","protected":false},"excerpt":{"rendered":"<p>Eine weitere kreative Idee von KMU (ein anderes Beispiel hier), wie die aktuelle Coronakrise auch positiv genutzt werden kann &#8211; zum Gewinn f\u00fcr jene, die derzeit keine M\u00f6glichkeit haben, nach draussen zu gehen: Annanow und Taxi 444 bieten im Raum Z\u00fcrich unter &#8222;standtogether.ch&#8220; gemeinsam einen Lieferdienst an. Dringend ben\u00f6tigte G\u00fcter des t\u00e4glichen Bedarfs oder auch [&hellip;]<\/p>\n","protected":false},"author":4,"featured_media":6471,"comment_status":"closed","ping_status":"closed","sticky":false,"template":"","format":"standard","meta":{"_acf_changed":false,"_yoast_wpseo_focuskw":"Lieferdienst","_yoast_wpseo_metadesc":"Die beiden KMU Annanow und Taxi 444 starten gemeinsam eine Solidarit\u00e4tsaktion und lancieren Soforthilfe mit einem Lieferdienst.","articlekey":"","footnotes":""},"categories":[1],"tags":[132,328,393,492],"class_list":["post-6468","post","type-post","status-publish","format-standard","has-post-thumbnail","hentry","category-allgemein","tag-coronavirus","tag-logistik","tag-produkte","tag-unternehmen"],"acf":[],"yoast_head":"<!-- This site is optimized with the Yoast SEO plugin v27.5 - https:\/\/yoast.com\/product\/yoast-seo-wordpress\/ -->\n<title>Zwei KMU bieten unter &quot;standtogether.ch&quot; einen gemeinsamen Lieferdienst - Organisator<\/title>\n<meta name=\"description\" content=\"Die beiden KMU Annanow und Taxi 444 starten gemeinsam eine Solidarit\u00e4tsaktion und lancieren Soforthilfe mit einem Lieferdienst.\" \/>\n<meta name=\"robots\" content=\"index, follow, max-snippet:-1, max-image-preview:large, max-video-preview:-1\" \/>\n<link rel=\"canonical\" href=\"https:\/\/www.organisator.ch\/fr\/general\/2020-03-17\/zwei-kmu-bieten-unter-standtogether-ch-einen-gemeinsamen-lieferdienst\/\" \/>\n<meta property=\"og:locale\" content=\"fr_FR\" \/>\n<meta property=\"og:type\" content=\"article\" \/>\n<meta property=\"og:title\" content=\"Zwei KMU bieten unter &quot;standtogether.ch&quot; einen gemeinsamen Lieferdienst\" \/>\n<meta property=\"og:description\" content=\"Die beiden KMU Annanow und Taxi 444 starten gemeinsam eine Solidarit\u00e4tsaktion und lancieren Soforthilfe mit einem Lieferdienst.\" \/>\n<meta property=\"og:url\" content=\"https:\/\/www.organisator.ch\/fr\/general\/2020-03-17\/zwei-kmu-bieten-unter-standtogether-ch-einen-gemeinsamen-lieferdienst\/\" \/>\n<meta property=\"og:site_name\" content=\"Organisator\" \/>\n<meta property=\"article:publisher\" content=\"https:\/\/www.facebook.com\/OrganisatorFachmagazin\" \/>\n<meta property=\"article:published_time\" content=\"2020-03-17T16:00:11+00:00\" \/>\n<meta property=\"og:image\" content=\"https:\/\/www.organisator.ch\/wp-content\/uploads\/2020\/03\/Zwei-KMU-bieten-unter-standtogether.ch-einen-gemeinsamen-Lieferdienst_Organisator.jpg\" \/>\n\t<meta property=\"og:image:width\" content=\"680\" \/>\n\t<meta property=\"og:image:height\" content=\"521\" \/>\n\t<meta property=\"og:image:type\" content=\"image\/jpeg\" \/>\n<meta name=\"author\" content=\"thomas.berner\" \/>\n<meta name=\"twitter:card\" content=\"summary_large_image\" \/>\n<meta name=\"twitter:title\" content=\"Zwei KMU bieten unter &quot;#standtogether.ch&quot; einen gemeinsamen #Lieferdienst\" \/>\n<meta name=\"twitter:description\" content=\"Die beiden KMU #Annanow und Taxi 444 starten gemeinsam eine #Solidarit\u00e4tsaktion und lancieren Soforthilfe mit einem #Lieferdienst.\" \/>\n<meta name=\"twitter:image\" content=\"https:\/\/www.organisator.ch\/wp-content\/uploads\/2020\/03\/Zwei-KMU-bieten-unter-standtogether.ch-einen-gemeinsamen-Lieferdienst_Organisator.jpg\" \/>\n<script type=\"application\/ld+json\" class=\"yoast-schema-graph\">{\"@context\":\"https:\\\/\\\/schema.org\",\"@graph\":[{\"@type\":\"Article\",\"@id\":\"https:\\\/\\\/www.organisator.ch\\\/en\\\/general\\\/2020-03-17\\\/zwei-kmu-bieten-unter-standtogether-ch-einen-gemeinsamen-lieferdienst\\\/#article\",\"isPartOf\":{\"@id\":\"https:\\\/\\\/www.organisator.ch\\\/en\\\/general\\\/2020-03-17\\\/zwei-kmu-bieten-unter-standtogether-ch-einen-gemeinsamen-lieferdienst\\\/\"},\"author\":{\"name\":\"thomas.berner\",\"@id\":\"https:\\\/\\\/www.organisator.ch\\\/#\\\/schema\\\/person\\\/6f650f90b2842cd4c0cc334b4e36f67e\"},\"headline\":\"Zwei KMU bieten unter &#8222;standtogether.ch&#8220; einen gemeinsamen Lieferdienst\",\"datePublished\":\"2020-03-17T16:00:11+00:00\",\"mainEntityOfPage\":{\"@id\":\"https:\\\/\\\/www.organisator.ch\\\/en\\\/general\\\/2020-03-17\\\/zwei-kmu-bieten-unter-standtogether-ch-einen-gemeinsamen-lieferdienst\\\/\"},\"wordCount\":311,\"publisher\":{\"@id\":\"https:\\\/\\\/www.organisator.ch\\\/#organization\"},\"image\":{\"@id\":\"https:\\\/\\\/www.organisator.ch\\\/en\\\/general\\\/2020-03-17\\\/zwei-kmu-bieten-unter-standtogether-ch-einen-gemeinsamen-lieferdienst\\\/#primaryimage\"},\"thumbnailUrl\":\"https:\\\/\\\/www.organisator.ch\\\/wp-content\\\/uploads\\\/2020\\\/03\\\/Zwei-KMU-bieten-unter-standtogether.ch-einen-gemeinsamen-Lieferdienst_Organisator.jpg\",\"keywords\":[\"Coronavirus\",\"Logistik\",\"Produkte\",\"Unternehmen\"],\"articleSection\":[\"Allgemein\"],\"inLanguage\":\"fr-FR\"},{\"@type\":\"WebPage\",\"@id\":\"https:\\\/\\\/www.organisator.ch\\\/en\\\/general\\\/2020-03-17\\\/zwei-kmu-bieten-unter-standtogether-ch-einen-gemeinsamen-lieferdienst\\\/\",\"url\":\"https:\\\/\\\/www.organisator.ch\\\/en\\\/general\\\/2020-03-17\\\/zwei-kmu-bieten-unter-standtogether-ch-einen-gemeinsamen-lieferdienst\\\/\",\"name\":\"Zwei KMU bieten unter \\\"standtogether.ch\\\" einen gemeinsamen Lieferdienst - Organisator\",\"isPartOf\":{\"@id\":\"https:\\\/\\\/www.organisator.ch\\\/#website\"},\"primaryImageOfPage\":{\"@id\":\"https:\\\/\\\/www.organisator.ch\\\/en\\\/general\\\/2020-03-17\\\/zwei-kmu-bieten-unter-standtogether-ch-einen-gemeinsamen-lieferdienst\\\/#primaryimage\"},\"image\":{\"@id\":\"https:\\\/\\\/www.organisator.ch\\\/en\\\/general\\\/2020-03-17\\\/zwei-kmu-bieten-unter-standtogether-ch-einen-gemeinsamen-lieferdienst\\\/#primaryimage\"},\"thumbnailUrl\":\"https:\\\/\\\/www.organisator.ch\\\/wp-content\\\/uploads\\\/2020\\\/03\\\/Zwei-KMU-bieten-unter-standtogether.ch-einen-gemeinsamen-Lieferdienst_Organisator.jpg\",\"datePublished\":\"2020-03-17T16:00:11+00:00\",\"description\":\"Die beiden KMU Annanow und Taxi 444 starten gemeinsam eine Solidarit\u00e4tsaktion und lancieren Soforthilfe mit einem Lieferdienst.\",\"breadcrumb\":{\"@id\":\"https:\\\/\\\/www.organisator.ch\\\/en\\\/general\\\/2020-03-17\\\/zwei-kmu-bieten-unter-standtogether-ch-einen-gemeinsamen-lieferdienst\\\/#breadcrumb\"},\"inLanguage\":\"fr-FR\",\"potentialAction\":[{\"@type\":\"ReadAction\",\"target\":[\"https:\\\/\\\/www.organisator.ch\\\/en\\\/general\\\/2020-03-17\\\/zwei-kmu-bieten-unter-standtogether-ch-einen-gemeinsamen-lieferdienst\\\/\"]}]},{\"@type\":\"ImageObject\",\"inLanguage\":\"fr-FR\",\"@id\":\"https:\\\/\\\/www.organisator.ch\\\/en\\\/general\\\/2020-03-17\\\/zwei-kmu-bieten-unter-standtogether-ch-einen-gemeinsamen-lieferdienst\\\/#primaryimage\",\"url\":\"https:\\\/\\\/www.organisator.ch\\\/wp-content\\\/uploads\\\/2020\\\/03\\\/Zwei-KMU-bieten-unter-standtogether.ch-einen-gemeinsamen-Lieferdienst_Organisator.jpg\",\"contentUrl\":\"https:\\\/\\\/www.organisator.ch\\\/wp-content\\\/uploads\\\/2020\\\/03\\\/Zwei-KMU-bieten-unter-standtogether.ch-einen-gemeinsamen-Lieferdienst_Organisator.jpg\",\"width\":680,\"height\":521,\"caption\":\"Daniel Gradenegger (Annanow, links) und Gerardo Viceconte (Taxi 444) bieten unter standtogether.ch einen schnellen Lieferservice dar. (Bild: zVg)\"},{\"@type\":\"BreadcrumbList\",\"@id\":\"https:\\\/\\\/www.organisator.ch\\\/en\\\/general\\\/2020-03-17\\\/zwei-kmu-bieten-unter-standtogether-ch-einen-gemeinsamen-lieferdienst\\\/#breadcrumb\",\"itemListElement\":[{\"@type\":\"ListItem\",\"position\":1,\"name\":\"Home\",\"item\":\"https:\\\/\\\/www.organisator.ch\\\/\"},{\"@type\":\"ListItem\",\"position\":2,\"name\":\"Zwei KMU bieten unter &#8222;standtogether.ch&#8220; einen gemeinsamen Lieferdienst\"}]},{\"@type\":\"WebSite\",\"@id\":\"https:\\\/\\\/www.organisator.ch\\\/#website\",\"url\":\"https:\\\/\\\/www.organisator.ch\\\/\",\"name\":\"Organisator\",\"description\":\"Kompetent. Praxisnah. Der ORGANISATOR bereitet in 10 Ausgaben pro Jahr die wesentlichen Themen f\u00fcr F\u00fchrungskr\u00e4fte von KMU auf.\",\"publisher\":{\"@id\":\"https:\\\/\\\/www.organisator.ch\\\/#organization\"},\"potentialAction\":[{\"@type\":\"SearchAction\",\"target\":{\"@type\":\"EntryPoint\",\"urlTemplate\":\"https:\\\/\\\/www.organisator.ch\\\/?s={search_term_string}\"},\"query-input\":{\"@type\":\"PropertyValueSpecification\",\"valueRequired\":true,\"valueName\":\"search_term_string\"}}],\"inLanguage\":\"fr-FR\"},{\"@type\":\"Organization\",\"@id\":\"https:\\\/\\\/www.organisator.ch\\\/#organization\",\"name\":\"Organisator\",\"url\":\"https:\\\/\\\/www.organisator.ch\\\/\",\"logo\":{\"@type\":\"ImageObject\",\"inLanguage\":\"fr-FR\",\"@id\":\"https:\\\/\\\/www.organisator.ch\\\/#\\\/schema\\\/logo\\\/image\\\/\",\"url\":\"https:\\\/\\\/www.organisator.ch\\\/wp-content\\\/uploads\\\/2022\\\/01\\\/Logo_Organisator_Website.png\",\"contentUrl\":\"https:\\\/\\\/www.organisator.ch\\\/wp-content\\\/uploads\\\/2022\\\/01\\\/Logo_Organisator_Website.png\",\"width\":800,\"height\":77,\"caption\":\"Organisator\"},\"image\":{\"@id\":\"https:\\\/\\\/www.organisator.ch\\\/#\\\/schema\\\/logo\\\/image\\\/\"},\"sameAs\":[\"https:\\\/\\\/www.facebook.com\\\/OrganisatorFachmagazin\",\"https:\\\/\\\/www.linkedin.com\\\/showcase\\\/organisator-das-magazin-fr-kmu\",\"https:\\\/\\\/www.xing.com\\\/news\\\/pages\\\/organisator-ch-695\",\"https:\\\/\\\/www.youtube.com\\\/channel\\\/UCGP2Sq0iWaZwT3BdIAQFYpw\"]},{\"@type\":\"Person\",\"@id\":\"https:\\\/\\\/www.organisator.ch\\\/#\\\/schema\\\/person\\\/6f650f90b2842cd4c0cc334b4e36f67e\",\"name\":\"thomas.berner\",\"image\":{\"@type\":\"ImageObject\",\"inLanguage\":\"fr-FR\",\"@id\":\"https:\\\/\\\/secure.gravatar.com\\\/avatar\\\/ac5001d2a36cb6c6cd3e50789007ffca834b477b74a2144564522e944eabff61?s=96&d=mm&r=g\",\"url\":\"https:\\\/\\\/secure.gravatar.com\\\/avatar\\\/ac5001d2a36cb6c6cd3e50789007ffca834b477b74a2144564522e944eabff61?s=96&d=mm&r=g\",\"contentUrl\":\"https:\\\/\\\/secure.gravatar.com\\\/avatar\\\/ac5001d2a36cb6c6cd3e50789007ffca834b477b74a2144564522e944eabff61?s=96&d=mm&r=g\",\"caption\":\"thomas.berner\"},\"url\":\"https:\\\/\\\/www.organisator.ch\\\/fr\\\/author\\\/thomas-berner\\\/\"}]}<\/script>\n<!-- \/ Yoast SEO plugin. -->","yoast_head_json":{"title":"Deux PME proposent un service de livraison commun sous \"standtogether.ch\" - Organisateur","description":"Les deux PME Annanow et Taxi 444 lancent ensemble une action de solidarit\u00e9 et lancent une aide d'urgence avec un service de livraison.","robots":{"index":"index","follow":"follow","max-snippet":"max-snippet:-1","max-image-preview":"max-image-preview:large","max-video-preview":"max-video-preview:-1"},"canonical":"https:\/\/www.organisator.ch\/fr\/general\/2020-03-17\/zwei-kmu-bieten-unter-standtogether-ch-einen-gemeinsamen-lieferdienst\/","og_locale":"fr_FR","og_type":"article","og_title":"Zwei KMU bieten unter \"standtogether.ch\" einen gemeinsamen Lieferdienst","og_description":"Die beiden KMU Annanow und Taxi 444 starten gemeinsam eine Solidarit\u00e4tsaktion und lancieren Soforthilfe mit einem Lieferdienst.","og_url":"https:\/\/www.organisator.ch\/fr\/general\/2020-03-17\/zwei-kmu-bieten-unter-standtogether-ch-einen-gemeinsamen-lieferdienst\/","og_site_name":"Organisator","article_publisher":"https:\/\/www.facebook.com\/OrganisatorFachmagazin","article_published_time":"2020-03-17T16:00:11+00:00","og_image":[{"width":680,"height":521,"url":"https:\/\/www.organisator.ch\/wp-content\/uploads\/2020\/03\/Zwei-KMU-bieten-unter-standtogether.ch-einen-gemeinsamen-Lieferdienst_Organisator.jpg","type":"image\/jpeg"}],"author":"thomas.berner","twitter_card":"summary_large_image","twitter_title":"Zwei KMU bieten unter \"#standtogether.ch\" einen gemeinsamen #Lieferdienst","twitter_description":"Die beiden KMU #Annanow und Taxi 444 starten gemeinsam eine #Solidarit\u00e4tsaktion und lancieren Soforthilfe mit einem #Lieferdienst.","twitter_image":"https:\/\/www.organisator.ch\/wp-content\/uploads\/2020\/03\/Zwei-KMU-bieten-unter-standtogether.ch-einen-gemeinsamen-Lieferdienst_Organisator.jpg","schema":{"@context":"https:\/\/schema.org","@graph":[{"@type":"Article","@id":"https:\/\/www.organisator.ch\/en\/general\/2020-03-17\/zwei-kmu-bieten-unter-standtogether-ch-einen-gemeinsamen-lieferdienst\/#article","isPartOf":{"@id":"https:\/\/www.organisator.ch\/en\/general\/2020-03-17\/zwei-kmu-bieten-unter-standtogether-ch-einen-gemeinsamen-lieferdienst\/"},"author":{"name":"thomas.berner","@id":"https:\/\/www.organisator.ch\/#\/schema\/person\/6f650f90b2842cd4c0cc334b4e36f67e"},"headline":"Zwei KMU bieten unter &#8222;standtogether.ch&#8220; einen gemeinsamen Lieferdienst","datePublished":"2020-03-17T16:00:11+00:00","mainEntityOfPage":{"@id":"https:\/\/www.organisator.ch\/en\/general\/2020-03-17\/zwei-kmu-bieten-unter-standtogether-ch-einen-gemeinsamen-lieferdienst\/"},"wordCount":311,"publisher":{"@id":"https:\/\/www.organisator.ch\/#organization"},"image":{"@id":"https:\/\/www.organisator.ch\/en\/general\/2020-03-17\/zwei-kmu-bieten-unter-standtogether-ch-einen-gemeinsamen-lieferdienst\/#primaryimage"},"thumbnailUrl":"https:\/\/www.organisator.ch\/wp-content\/uploads\/2020\/03\/Zwei-KMU-bieten-unter-standtogether.ch-einen-gemeinsamen-Lieferdienst_Organisator.jpg","keywords":["Coronavirus","Logistik","Produkte","Unternehmen"],"articleSection":["Allgemein"],"inLanguage":"fr-FR"},{"@type":"WebPage","@id":"https:\/\/www.organisator.ch\/en\/general\/2020-03-17\/zwei-kmu-bieten-unter-standtogether-ch-einen-gemeinsamen-lieferdienst\/","url":"https:\/\/www.organisator.ch\/en\/general\/2020-03-17\/zwei-kmu-bieten-unter-standtogether-ch-einen-gemeinsamen-lieferdienst\/","name":"Deux PME proposent un service de livraison commun sous \"standtogether.ch\" - Organisateur","isPartOf":{"@id":"https:\/\/www.organisator.ch\/#website"},"primaryImageOfPage":{"@id":"https:\/\/www.organisator.ch\/en\/general\/2020-03-17\/zwei-kmu-bieten-unter-standtogether-ch-einen-gemeinsamen-lieferdienst\/#primaryimage"},"image":{"@id":"https:\/\/www.organisator.ch\/en\/general\/2020-03-17\/zwei-kmu-bieten-unter-standtogether-ch-einen-gemeinsamen-lieferdienst\/#primaryimage"},"thumbnailUrl":"https:\/\/www.organisator.ch\/wp-content\/uploads\/2020\/03\/Zwei-KMU-bieten-unter-standtogether.ch-einen-gemeinsamen-Lieferdienst_Organisator.jpg","datePublished":"2020-03-17T16:00:11+00:00","description":"Les deux PME Annanow et Taxi 444 lancent ensemble une action de solidarit\u00e9 et lancent une aide d'urgence avec un service de livraison.","breadcrumb":{"@id":"https:\/\/www.organisator.ch\/en\/general\/2020-03-17\/zwei-kmu-bieten-unter-standtogether-ch-einen-gemeinsamen-lieferdienst\/#breadcrumb"},"inLanguage":"fr-FR","potentialAction":[{"@type":"ReadAction","target":["https:\/\/www.organisator.ch\/en\/general\/2020-03-17\/zwei-kmu-bieten-unter-standtogether-ch-einen-gemeinsamen-lieferdienst\/"]}]},{"@type":"ImageObject","inLanguage":"fr-FR","@id":"https:\/\/www.organisator.ch\/en\/general\/2020-03-17\/zwei-kmu-bieten-unter-standtogether-ch-einen-gemeinsamen-lieferdienst\/#primaryimage","url":"https:\/\/www.organisator.ch\/wp-content\/uploads\/2020\/03\/Zwei-KMU-bieten-unter-standtogether.ch-einen-gemeinsamen-Lieferdienst_Organisator.jpg","contentUrl":"https:\/\/www.organisator.ch\/wp-content\/uploads\/2020\/03\/Zwei-KMU-bieten-unter-standtogether.ch-einen-gemeinsamen-Lieferdienst_Organisator.jpg","width":680,"height":521,"caption":"Daniel Gradenegger (Annanow, links) und Gerardo Viceconte (Taxi 444) bieten unter standtogether.ch einen schnellen Lieferservice dar. (Bild: zVg)"},{"@type":"BreadcrumbList","@id":"https:\/\/www.organisator.ch\/en\/general\/2020-03-17\/zwei-kmu-bieten-unter-standtogether-ch-einen-gemeinsamen-lieferdienst\/#breadcrumb","itemListElement":[{"@type":"ListItem","position":1,"name":"Home","item":"https:\/\/www.organisator.ch\/"},{"@type":"ListItem","position":2,"name":"Zwei KMU bieten unter &#8222;standtogether.ch&#8220; einen gemeinsamen Lieferdienst"}]},{"@type":"WebSite","@id":"https:\/\/www.organisator.ch\/#website","url":"https:\/\/www.organisator.ch\/","name":"Organisateur","description":"Comp\u00e9tence et comp\u00e9tence. Proches de la pratique. L'ORGANISATEUR pr\u00e9pare 10 num\u00e9ros par an sur les th\u00e8mes essentiels pour les dirigeants de PME.","publisher":{"@id":"https:\/\/www.organisator.ch\/#organization"},"potentialAction":[{"@type":"SearchAction","target":{"@type":"EntryPoint","urlTemplate":"https:\/\/www.organisator.ch\/?s={search_term_string}"},"query-input":{"@type":"PropertyValueSpecification","valueRequired":true,"valueName":"search_term_string"}}],"inLanguage":"fr-FR"},{"@type":"Organization","@id":"https:\/\/www.organisator.ch\/#organization","name":"Organisateur","url":"https:\/\/www.organisator.ch\/","logo":{"@type":"ImageObject","inLanguage":"fr-FR","@id":"https:\/\/www.organisator.ch\/#\/schema\/logo\/image\/","url":"https:\/\/www.organisator.ch\/wp-content\/uploads\/2022\/01\/Logo_Organisator_Website.png","contentUrl":"https:\/\/www.organisator.ch\/wp-content\/uploads\/2022\/01\/Logo_Organisator_Website.png","width":800,"height":77,"caption":"Organisator"},"image":{"@id":"https:\/\/www.organisator.ch\/#\/schema\/logo\/image\/"},"sameAs":["https:\/\/www.facebook.com\/OrganisatorFachmagazin","https:\/\/www.linkedin.com\/showcase\/organisator-das-magazin-fr-kmu","https:\/\/www.xing.com\/news\/pages\/organisator-ch-695","https:\/\/www.youtube.com\/channel\/UCGP2Sq0iWaZwT3BdIAQFYpw"]},{"@type":"Person","@id":"https:\/\/www.organisator.ch\/#\/schema\/person\/6f650f90b2842cd4c0cc334b4e36f67e","name":"thomas.berner","image":{"@type":"ImageObject","inLanguage":"fr-FR","@id":"https:\/\/secure.gravatar.com\/avatar\/ac5001d2a36cb6c6cd3e50789007ffca834b477b74a2144564522e944eabff61?s=96&d=mm&r=g","url":"https:\/\/secure.gravatar.com\/avatar\/ac5001d2a36cb6c6cd3e50789007ffca834b477b74a2144564522e944eabff61?s=96&d=mm&r=g","contentUrl":"https:\/\/secure.gravatar.com\/avatar\/ac5001d2a36cb6c6cd3e50789007ffca834b477b74a2144564522e944eabff61?s=96&d=mm&r=g","caption":"thomas.berner"},"url":"https:\/\/www.organisator.ch\/fr\/author\/thomas-berner\/"}]}},"_links":{"self":[{"href":"https:\/\/www.organisator.ch\/fr\/wp-json\/wp\/v2\/posts\/6468","targetHints":{"allow":["GET"]}}],"collection":[{"href":"https:\/\/www.organisator.ch\/fr\/wp-json\/wp\/v2\/posts"}],"about":[{"href":"https:\/\/www.organisator.ch\/fr\/wp-json\/wp\/v2\/types\/post"}],"author":[{"embeddable":true,"href":"https:\/\/www.organisator.ch\/fr\/wp-json\/wp\/v2\/users\/4"}],"replies":[{"embeddable":true,"href":"https:\/\/www.organisator.ch\/fr\/wp-json\/wp\/v2\/comments?post=6468"}],"version-history":[{"count":0,"href":"https:\/\/www.organisator.ch\/fr\/wp-json\/wp\/v2\/posts\/6468\/revisions"}],"wp:featuredmedia":[{"embeddable":true,"href":"https:\/\/www.organisator.ch\/fr\/wp-json\/wp\/v2\/media\/6471"}],"wp:attachment":[{"href":"https:\/\/www.organisator.ch\/fr\/wp-json\/wp\/v2\/media?parent=6468"}],"wp:term":[{"taxonomy":"category","embeddable":true,"href":"https:\/\/www.organisator.ch\/fr\/wp-json\/wp\/v2\/categories?post=6468"},{"taxonomy":"post_tag","embeddable":true,"href":"https:\/\/www.organisator.ch\/fr\/wp-json\/wp\/v2\/tags?post=6468"}],"curies":[{"name":"wp","href":"https:\/\/api.w.org\/{rel}","templated":true}]}}