{"id":6488,"date":"2020-03-19T16:44:57","date_gmt":"2020-03-19T15:44:57","guid":{"rendered":"https:\/\/www.organisator.ch\/?p=6488"},"modified":"2020-03-19T16:44:57","modified_gmt":"2020-03-19T15:44:57","slug":"defekte-smartphones-mobile-soforthilfe-im-grossraum-zuerich","status":"publish","type":"post","link":"https:\/\/www.organisator.ch\/fr\/management\/it\/2020-03-19\/defekte-smartphones-mobile-soforthilfe-im-grossraum-zuerich\/","title":{"rendered":"Smartphones d\u00e9fectueux : aide mobile imm\u00e9diate dans l'agglom\u00e9ration de Zurich"},"content":{"rendered":"<figure id=\"attachment_6489\" aria-describedby=\"caption-attachment-6489\" style=\"width: 680px\" class=\"wp-caption alignnone\"><img loading=\"lazy\" decoding=\"async\" class=\"size-medium wp-image-6489\" src=\"https:\/\/www.organisator.ch\/wp-content\/uploads\/2020\/03\/Defekte-Smartphones-Mobile-Soforthilfe-im-Grossraum-Zuerich_Organisator.jpg\" alt=\"\" width=\"680\" height=\"510\" srcset=\"https:\/\/www.organisator.ch\/wp-content\/uploads\/2020\/03\/Defekte-Smartphones-Mobile-Soforthilfe-im-Grossraum-Zuerich_Organisator.jpg 680w, https:\/\/www.organisator.ch\/wp-content\/uploads\/2020\/03\/Defekte-Smartphones-Mobile-Soforthilfe-im-Grossraum-Zuerich_Organisator-16x12.jpg 16w, https:\/\/www.organisator.ch\/wp-content\/uploads\/2020\/03\/Defekte-Smartphones-Mobile-Soforthilfe-im-Grossraum-Zuerich_Organisator-233x175.jpg 233w, https:\/\/www.organisator.ch\/wp-content\/uploads\/2020\/03\/Defekte-Smartphones-Mobile-Soforthilfe-im-Grossraum-Zuerich_Organisator-467x350.jpg 467w, https:\/\/www.organisator.ch\/wp-content\/uploads\/2020\/03\/Defekte-Smartphones-Mobile-Soforthilfe-im-Grossraum-Zuerich_Organisator-300x225.jpg 300w\" sizes=\"auto, (max-width: 680px) 100vw, 680px\" \/><figcaption id=\"caption-attachment-6489\" class=\"wp-caption-text\">Les smartphones d\u00e9fectueux peuvent \u00eatre r\u00e9par\u00e9s par Home Service. (Image : Clinique mobile)<\/figcaption><\/figure>\n<p>On est assis dans son bureau \u00e0 domicile, on fait confiance \u00e0 la technologie de son smartphone, mais soudain celui-ci tombe en panne : la <a href=\"http:\/\/www.mobileklinik.ch\">Clinique mobile<\/a> lance d\u00e8s \u00e0 pr\u00e9sent un service \u00e0 domicile pour l'agglom\u00e9ration de Zurich et Winterthur. L'entreprise r\u00e9pare les smartphones d\u00e9fectueux sur place ou vient les chercher lorsqu'une r\u00e9paration sur place n'est pas possible.<\/p>\n<h2>R\u00e9parer les smartphones d\u00e9fectueux de toutes les marques<\/h2>\n<p>\"Nous recevons chaque jour des demandes t\u00e9l\u00e9phoniques de clientes et de clients dont le smartphone est tomb\u00e9 en panne, par exemple au bureau \u00e0 domicile, et qui cherchent une solution imm\u00e9diate. Nous voulons contribuer \u00e0 ce que la communication soit assur\u00e9e de mani\u00e8re irr\u00e9prochable, m\u00eame pendant cette p\u00e9riode exigeante\", explique Marcel Dossenbach, COO de la clinique mobile. Selon ses propres indications, l'entreprise est le plus grand service de r\u00e9paration express de smartphones et d'appareils mobiles en Suisse. Les marques Fix Repair, iKlinik et Handy Doktor font partie de l'entreprise. Avec 40 succursales en Suisse, Mobile Klinik AG emploie plus de 80 collaborateurs. L'entreprise offre normalement aux clients walk-in un service de r\u00e9paration rapide et fiable pour les smartphones de toutes marques.<\/p>\n<h2>Home Service dans l'agglom\u00e9ration de Zurich<\/h2>\n<p>Dossenbach poursuit : \"Notre service central de r\u00e9paration fonctionne \u00e9galement en ces temps difficiles, en respectant bien s\u00fbr toutes les prescriptions de l'OFSP. Les appareils d\u00e9fectueux peuvent \u00eatre envoy\u00e9s par la poste. Dans la situation actuelle, cela prend toutefois trop de temps pour de nombreux clients. Pour les personnes qui ont besoin d'une r\u00e9paration rapide, nous proposons d\u00e8s maintenant un service \u00e0 domicile dans l'agglom\u00e9ration de Zurich et Winterthur\".<\/p>\n<p>En raison de son appartenance \u00e0 MSS Holding AG, qui compte parmi les principaux fournisseurs de solutions de mobilit\u00e9 en Suisse, la clinique mobile a acc\u00e8s \u00e0 une flotte de v\u00e9hicules qui est d\u00e9sormais activ\u00e9e sp\u00e9cialement pour le cas pr\u00e9sent. Marcel Dossenbach explique : \"Nos collaborateurs sont form\u00e9s \u00e0 l'hygi\u00e8ne, se rendent chez les clients et r\u00e9parent les smartphones ou les tablettes d\u00e9fectueux directement sur place. Dans les cas difficiles, nous emportons l'appareil et le ramenons le jour m\u00eame apr\u00e8s la r\u00e9paration. Si n\u00e9cessaire, nous laissons un appareil de pr\u00eat\".<\/p>\n<p>Le service \u00e0 domicile est joignable au 0800 18 18 18 du lundi au vendredi, de 9h \u00e0 20h.<\/p>","protected":false},"excerpt":{"rendered":"<p>Man sitzt im Homeoffice, vertraut auf die Technologie des Smartphones, doch pl\u00f6tzlich versagt dieses den Dienst: Die Mobile Klinik lanciert f\u00fcr diesen Fall ab sofort einen Home-Service f\u00fcr den Grossraum Z\u00fcrich und Winterthur. Das Unternehmen repariert defekte Smartphones vor Ort oder holt diese ab, wenn eine Reparatur vor Ort nicht m\u00f6glich ist. Defekte Smartphones aller [&hellip;]<\/p>\n","protected":false},"author":4,"featured_media":6489,"comment_status":"closed","ping_status":"closed","sticky":false,"template":"","format":"standard","meta":{"_acf_changed":false,"_yoast_wpseo_focuskw":"defekte Smartphones","_yoast_wpseo_metadesc":"Smartphones und Tablets sind aktuell f\u00fcr Viele der einzige Zugang zur Arbeits- und Aussenwelt. Doch wo k\u00f6nnen defekte Smartphones repariert werden?","articlekey":"","footnotes":""},"categories":[27],"tags":[132,286,393,508],"class_list":["post-6488","post","type-post","status-publish","format-standard","has-post-thumbnail","hentry","category-it","tag-coronavirus","tag-it","tag-produkte","tag-vermischtes"],"acf":[],"yoast_head":"<!-- This site is optimized with the Yoast SEO plugin v27.4 - https:\/\/yoast.com\/product\/yoast-seo-wordpress\/ -->\n<title>Defekte Smartphones: Mobile Soforthilfe im Grossraum Z\u00fcrich - Organisator<\/title>\n<meta name=\"description\" content=\"Smartphones und Tablets sind aktuell f\u00fcr Viele der einzige Zugang zur Arbeits- und Aussenwelt. Doch wo k\u00f6nnen defekte Smartphones repariert werden?\" \/>\n<meta name=\"robots\" content=\"index, follow, max-snippet:-1, max-image-preview:large, max-video-preview:-1\" \/>\n<link rel=\"canonical\" href=\"https:\/\/www.organisator.ch\/fr\/gestion-2\/it\/2020-03-19\/defekte-smartphones-mobile-soforthilfe-im-grossraum-zuerich\/\" \/>\n<meta property=\"og:locale\" content=\"fr_FR\" \/>\n<meta property=\"og:type\" content=\"article\" \/>\n<meta property=\"og:title\" content=\"Defekte Smartphones: Mobile Soforthilfe im Grossraum Z\u00fcrich\" \/>\n<meta property=\"og:description\" content=\"Smartphones und Tablets sind aktuell f\u00fcr Viele der einzige Zugang zur Arbeits- und Aussenwelt. Doch wo k\u00f6nnen defekte Smartphones repariert werden?\" \/>\n<meta property=\"og:url\" content=\"https:\/\/www.organisator.ch\/fr\/gestion-2\/it\/2020-03-19\/defekte-smartphones-mobile-soforthilfe-im-grossraum-zuerich\/\" \/>\n<meta property=\"og:site_name\" content=\"Organisator\" \/>\n<meta property=\"article:publisher\" content=\"https:\/\/www.facebook.com\/OrganisatorFachmagazin\" \/>\n<meta property=\"article:published_time\" content=\"2020-03-19T15:44:57+00:00\" \/>\n<meta property=\"og:image\" content=\"https:\/\/www.organisator.ch\/wp-content\/uploads\/2020\/03\/Defekte-Smartphones-Mobile-Soforthilfe-im-Grossraum-Zuerich_Organisator.jpg\" \/>\n\t<meta property=\"og:image:width\" content=\"680\" \/>\n\t<meta property=\"og:image:height\" content=\"510\" \/>\n\t<meta property=\"og:image:type\" content=\"image\/jpeg\" \/>\n<meta name=\"author\" content=\"thomas.berner\" \/>\n<meta name=\"twitter:card\" content=\"summary_large_image\" \/>\n<meta name=\"twitter:title\" content=\"Defekte #Smartphones: Mobile #Soforthilfe im Grossraum Z\u00fcrich\" \/>\n<meta name=\"twitter:description\" content=\"#Smartphones und #Tablets sind aktuell f\u00fcr Viele der einzige Zugang zur Arbeits- und Aussenwelt. Doch wo k\u00f6nnen defekte Smartphones repariert werden?\" \/>\n<meta name=\"twitter:image\" content=\"https:\/\/www.organisator.ch\/wp-content\/uploads\/2020\/03\/Defekte-Smartphones-Mobile-Soforthilfe-im-Grossraum-Zuerich_Organisator.jpg\" \/>\n<script type=\"application\/ld+json\" class=\"yoast-schema-graph\">{\"@context\":\"https:\\\/\\\/schema.org\",\"@graph\":[{\"@type\":\"Article\",\"@id\":\"https:\\\/\\\/www.organisator.ch\\\/management\\\/it\\\/2020-03-19\\\/defekte-smartphones-mobile-soforthilfe-im-grossraum-zuerich\\\/#article\",\"isPartOf\":{\"@id\":\"https:\\\/\\\/www.organisator.ch\\\/management\\\/it\\\/2020-03-19\\\/defekte-smartphones-mobile-soforthilfe-im-grossraum-zuerich\\\/\"},\"author\":{\"name\":\"thomas.berner\",\"@id\":\"https:\\\/\\\/www.organisator.ch\\\/#\\\/schema\\\/person\\\/6f650f90b2842cd4c0cc334b4e36f67e\"},\"headline\":\"Defekte Smartphones: Mobile Soforthilfe im Grossraum Z\u00fcrich\",\"datePublished\":\"2020-03-19T15:44:57+00:00\",\"mainEntityOfPage\":{\"@id\":\"https:\\\/\\\/www.organisator.ch\\\/management\\\/it\\\/2020-03-19\\\/defekte-smartphones-mobile-soforthilfe-im-grossraum-zuerich\\\/\"},\"wordCount\":376,\"publisher\":{\"@id\":\"https:\\\/\\\/www.organisator.ch\\\/#organization\"},\"image\":{\"@id\":\"https:\\\/\\\/www.organisator.ch\\\/management\\\/it\\\/2020-03-19\\\/defekte-smartphones-mobile-soforthilfe-im-grossraum-zuerich\\\/#primaryimage\"},\"thumbnailUrl\":\"https:\\\/\\\/www.organisator.ch\\\/wp-content\\\/uploads\\\/2020\\\/03\\\/Defekte-Smartphones-Mobile-Soforthilfe-im-Grossraum-Zuerich_Organisator.jpg\",\"keywords\":[\"Coronavirus\",\"IT\",\"Produkte\",\"Vermischtes\"],\"articleSection\":[\"IT\"],\"inLanguage\":\"fr-FR\"},{\"@type\":\"WebPage\",\"@id\":\"https:\\\/\\\/www.organisator.ch\\\/management\\\/it\\\/2020-03-19\\\/defekte-smartphones-mobile-soforthilfe-im-grossraum-zuerich\\\/\",\"url\":\"https:\\\/\\\/www.organisator.ch\\\/management\\\/it\\\/2020-03-19\\\/defekte-smartphones-mobile-soforthilfe-im-grossraum-zuerich\\\/\",\"name\":\"Defekte Smartphones: Mobile Soforthilfe im Grossraum Z\u00fcrich - Organisator\",\"isPartOf\":{\"@id\":\"https:\\\/\\\/www.organisator.ch\\\/#website\"},\"primaryImageOfPage\":{\"@id\":\"https:\\\/\\\/www.organisator.ch\\\/management\\\/it\\\/2020-03-19\\\/defekte-smartphones-mobile-soforthilfe-im-grossraum-zuerich\\\/#primaryimage\"},\"image\":{\"@id\":\"https:\\\/\\\/www.organisator.ch\\\/management\\\/it\\\/2020-03-19\\\/defekte-smartphones-mobile-soforthilfe-im-grossraum-zuerich\\\/#primaryimage\"},\"thumbnailUrl\":\"https:\\\/\\\/www.organisator.ch\\\/wp-content\\\/uploads\\\/2020\\\/03\\\/Defekte-Smartphones-Mobile-Soforthilfe-im-Grossraum-Zuerich_Organisator.jpg\",\"datePublished\":\"2020-03-19T15:44:57+00:00\",\"description\":\"Smartphones und Tablets sind aktuell f\u00fcr Viele der einzige Zugang zur Arbeits- und Aussenwelt. Doch wo k\u00f6nnen defekte Smartphones repariert werden?\",\"breadcrumb\":{\"@id\":\"https:\\\/\\\/www.organisator.ch\\\/management\\\/it\\\/2020-03-19\\\/defekte-smartphones-mobile-soforthilfe-im-grossraum-zuerich\\\/#breadcrumb\"},\"inLanguage\":\"fr-FR\",\"potentialAction\":[{\"@type\":\"ReadAction\",\"target\":[\"https:\\\/\\\/www.organisator.ch\\\/management\\\/it\\\/2020-03-19\\\/defekte-smartphones-mobile-soforthilfe-im-grossraum-zuerich\\\/\"]}]},{\"@type\":\"ImageObject\",\"inLanguage\":\"fr-FR\",\"@id\":\"https:\\\/\\\/www.organisator.ch\\\/management\\\/it\\\/2020-03-19\\\/defekte-smartphones-mobile-soforthilfe-im-grossraum-zuerich\\\/#primaryimage\",\"url\":\"https:\\\/\\\/www.organisator.ch\\\/wp-content\\\/uploads\\\/2020\\\/03\\\/Defekte-Smartphones-Mobile-Soforthilfe-im-Grossraum-Zuerich_Organisator.jpg\",\"contentUrl\":\"https:\\\/\\\/www.organisator.ch\\\/wp-content\\\/uploads\\\/2020\\\/03\\\/Defekte-Smartphones-Mobile-Soforthilfe-im-Grossraum-Zuerich_Organisator.jpg\",\"width\":680,\"height\":510,\"caption\":\"Defekte Smartphones k\u00f6nnen per Home Service repariert werden. (Bild: Mobile Klinik)\"},{\"@type\":\"BreadcrumbList\",\"@id\":\"https:\\\/\\\/www.organisator.ch\\\/management\\\/it\\\/2020-03-19\\\/defekte-smartphones-mobile-soforthilfe-im-grossraum-zuerich\\\/#breadcrumb\",\"itemListElement\":[{\"@type\":\"ListItem\",\"position\":1,\"name\":\"Home\",\"item\":\"https:\\\/\\\/www.organisator.ch\\\/\"},{\"@type\":\"ListItem\",\"position\":2,\"name\":\"Defekte Smartphones: Mobile Soforthilfe im Grossraum Z\u00fcrich\"}]},{\"@type\":\"WebSite\",\"@id\":\"https:\\\/\\\/www.organisator.ch\\\/#website\",\"url\":\"https:\\\/\\\/www.organisator.ch\\\/\",\"name\":\"Organisator\",\"description\":\"Kompetent. Praxisnah. Der ORGANISATOR bereitet in 10 Ausgaben pro Jahr die wesentlichen Themen f\u00fcr F\u00fchrungskr\u00e4fte von KMU auf.\",\"publisher\":{\"@id\":\"https:\\\/\\\/www.organisator.ch\\\/#organization\"},\"potentialAction\":[{\"@type\":\"SearchAction\",\"target\":{\"@type\":\"EntryPoint\",\"urlTemplate\":\"https:\\\/\\\/www.organisator.ch\\\/?s={search_term_string}\"},\"query-input\":{\"@type\":\"PropertyValueSpecification\",\"valueRequired\":true,\"valueName\":\"search_term_string\"}}],\"inLanguage\":\"fr-FR\"},{\"@type\":\"Organization\",\"@id\":\"https:\\\/\\\/www.organisator.ch\\\/#organization\",\"name\":\"Organisator\",\"url\":\"https:\\\/\\\/www.organisator.ch\\\/\",\"logo\":{\"@type\":\"ImageObject\",\"inLanguage\":\"fr-FR\",\"@id\":\"https:\\\/\\\/www.organisator.ch\\\/#\\\/schema\\\/logo\\\/image\\\/\",\"url\":\"https:\\\/\\\/www.organisator.ch\\\/wp-content\\\/uploads\\\/2022\\\/01\\\/Logo_Organisator_Website.png\",\"contentUrl\":\"https:\\\/\\\/www.organisator.ch\\\/wp-content\\\/uploads\\\/2022\\\/01\\\/Logo_Organisator_Website.png\",\"width\":800,\"height\":77,\"caption\":\"Organisator\"},\"image\":{\"@id\":\"https:\\\/\\\/www.organisator.ch\\\/#\\\/schema\\\/logo\\\/image\\\/\"},\"sameAs\":[\"https:\\\/\\\/www.facebook.com\\\/OrganisatorFachmagazin\",\"https:\\\/\\\/www.linkedin.com\\\/showcase\\\/organisator-das-magazin-fr-kmu\",\"https:\\\/\\\/www.xing.com\\\/news\\\/pages\\\/organisator-ch-695\",\"https:\\\/\\\/www.youtube.com\\\/channel\\\/UCGP2Sq0iWaZwT3BdIAQFYpw\"]},{\"@type\":\"Person\",\"@id\":\"https:\\\/\\\/www.organisator.ch\\\/#\\\/schema\\\/person\\\/6f650f90b2842cd4c0cc334b4e36f67e\",\"name\":\"thomas.berner\",\"image\":{\"@type\":\"ImageObject\",\"inLanguage\":\"fr-FR\",\"@id\":\"https:\\\/\\\/secure.gravatar.com\\\/avatar\\\/ac5001d2a36cb6c6cd3e50789007ffca834b477b74a2144564522e944eabff61?s=96&d=mm&r=g\",\"url\":\"https:\\\/\\\/secure.gravatar.com\\\/avatar\\\/ac5001d2a36cb6c6cd3e50789007ffca834b477b74a2144564522e944eabff61?s=96&d=mm&r=g\",\"contentUrl\":\"https:\\\/\\\/secure.gravatar.com\\\/avatar\\\/ac5001d2a36cb6c6cd3e50789007ffca834b477b74a2144564522e944eabff61?s=96&d=mm&r=g\",\"caption\":\"thomas.berner\"},\"url\":\"https:\\\/\\\/www.organisator.ch\\\/fr\\\/author\\\/thomas-berner\\\/\"}]}<\/script>\n<!-- \/ Yoast SEO plugin. -->","yoast_head_json":{"title":"Smartphones d\u00e9fectueux : aide mobile imm\u00e9diate dans l'agglom\u00e9ration de Zurich - Organisateur","description":"Les smartphones et les tablettes sont actuellement pour beaucoup le seul acc\u00e8s au monde du travail et au monde ext\u00e9rieur. Mais o\u00f9 peut-on faire r\u00e9parer les smartphones d\u00e9fectueux ?","robots":{"index":"index","follow":"follow","max-snippet":"max-snippet:-1","max-image-preview":"max-image-preview:large","max-video-preview":"max-video-preview:-1"},"canonical":"https:\/\/www.organisator.ch\/fr\/gestion-2\/it\/2020-03-19\/defekte-smartphones-mobile-soforthilfe-im-grossraum-zuerich\/","og_locale":"fr_FR","og_type":"article","og_title":"Defekte Smartphones: Mobile Soforthilfe im Grossraum Z\u00fcrich","og_description":"Smartphones und Tablets sind aktuell f\u00fcr Viele der einzige Zugang zur Arbeits- und Aussenwelt. Doch wo k\u00f6nnen defekte Smartphones repariert werden?","og_url":"https:\/\/www.organisator.ch\/fr\/gestion-2\/it\/2020-03-19\/defekte-smartphones-mobile-soforthilfe-im-grossraum-zuerich\/","og_site_name":"Organisator","article_publisher":"https:\/\/www.facebook.com\/OrganisatorFachmagazin","article_published_time":"2020-03-19T15:44:57+00:00","og_image":[{"width":680,"height":510,"url":"https:\/\/www.organisator.ch\/wp-content\/uploads\/2020\/03\/Defekte-Smartphones-Mobile-Soforthilfe-im-Grossraum-Zuerich_Organisator.jpg","type":"image\/jpeg"}],"author":"thomas.berner","twitter_card":"summary_large_image","twitter_title":"Defekte #Smartphones: Mobile #Soforthilfe im Grossraum Z\u00fcrich","twitter_description":"#Smartphones und #Tablets sind aktuell f\u00fcr Viele der einzige Zugang zur Arbeits- und Aussenwelt. Doch wo k\u00f6nnen defekte Smartphones repariert werden?","twitter_image":"https:\/\/www.organisator.ch\/wp-content\/uploads\/2020\/03\/Defekte-Smartphones-Mobile-Soforthilfe-im-Grossraum-Zuerich_Organisator.jpg","schema":{"@context":"https:\/\/schema.org","@graph":[{"@type":"Article","@id":"https:\/\/www.organisator.ch\/management\/it\/2020-03-19\/defekte-smartphones-mobile-soforthilfe-im-grossraum-zuerich\/#article","isPartOf":{"@id":"https:\/\/www.organisator.ch\/management\/it\/2020-03-19\/defekte-smartphones-mobile-soforthilfe-im-grossraum-zuerich\/"},"author":{"name":"thomas.berner","@id":"https:\/\/www.organisator.ch\/#\/schema\/person\/6f650f90b2842cd4c0cc334b4e36f67e"},"headline":"Defekte Smartphones: Mobile Soforthilfe im Grossraum Z\u00fcrich","datePublished":"2020-03-19T15:44:57+00:00","mainEntityOfPage":{"@id":"https:\/\/www.organisator.ch\/management\/it\/2020-03-19\/defekte-smartphones-mobile-soforthilfe-im-grossraum-zuerich\/"},"wordCount":376,"publisher":{"@id":"https:\/\/www.organisator.ch\/#organization"},"image":{"@id":"https:\/\/www.organisator.ch\/management\/it\/2020-03-19\/defekte-smartphones-mobile-soforthilfe-im-grossraum-zuerich\/#primaryimage"},"thumbnailUrl":"https:\/\/www.organisator.ch\/wp-content\/uploads\/2020\/03\/Defekte-Smartphones-Mobile-Soforthilfe-im-Grossraum-Zuerich_Organisator.jpg","keywords":["Coronavirus","IT","Produkte","Vermischtes"],"articleSection":["IT"],"inLanguage":"fr-FR"},{"@type":"WebPage","@id":"https:\/\/www.organisator.ch\/management\/it\/2020-03-19\/defekte-smartphones-mobile-soforthilfe-im-grossraum-zuerich\/","url":"https:\/\/www.organisator.ch\/management\/it\/2020-03-19\/defekte-smartphones-mobile-soforthilfe-im-grossraum-zuerich\/","name":"Smartphones d\u00e9fectueux : aide mobile imm\u00e9diate dans l'agglom\u00e9ration de Zurich - Organisateur","isPartOf":{"@id":"https:\/\/www.organisator.ch\/#website"},"primaryImageOfPage":{"@id":"https:\/\/www.organisator.ch\/management\/it\/2020-03-19\/defekte-smartphones-mobile-soforthilfe-im-grossraum-zuerich\/#primaryimage"},"image":{"@id":"https:\/\/www.organisator.ch\/management\/it\/2020-03-19\/defekte-smartphones-mobile-soforthilfe-im-grossraum-zuerich\/#primaryimage"},"thumbnailUrl":"https:\/\/www.organisator.ch\/wp-content\/uploads\/2020\/03\/Defekte-Smartphones-Mobile-Soforthilfe-im-Grossraum-Zuerich_Organisator.jpg","datePublished":"2020-03-19T15:44:57+00:00","description":"Les smartphones et les tablettes sont actuellement pour beaucoup le seul acc\u00e8s au monde du travail et au monde ext\u00e9rieur. Mais o\u00f9 peut-on faire r\u00e9parer les smartphones d\u00e9fectueux ?","breadcrumb":{"@id":"https:\/\/www.organisator.ch\/management\/it\/2020-03-19\/defekte-smartphones-mobile-soforthilfe-im-grossraum-zuerich\/#breadcrumb"},"inLanguage":"fr-FR","potentialAction":[{"@type":"ReadAction","target":["https:\/\/www.organisator.ch\/management\/it\/2020-03-19\/defekte-smartphones-mobile-soforthilfe-im-grossraum-zuerich\/"]}]},{"@type":"ImageObject","inLanguage":"fr-FR","@id":"https:\/\/www.organisator.ch\/management\/it\/2020-03-19\/defekte-smartphones-mobile-soforthilfe-im-grossraum-zuerich\/#primaryimage","url":"https:\/\/www.organisator.ch\/wp-content\/uploads\/2020\/03\/Defekte-Smartphones-Mobile-Soforthilfe-im-Grossraum-Zuerich_Organisator.jpg","contentUrl":"https:\/\/www.organisator.ch\/wp-content\/uploads\/2020\/03\/Defekte-Smartphones-Mobile-Soforthilfe-im-Grossraum-Zuerich_Organisator.jpg","width":680,"height":510,"caption":"Defekte Smartphones k\u00f6nnen per Home Service repariert werden. (Bild: Mobile Klinik)"},{"@type":"BreadcrumbList","@id":"https:\/\/www.organisator.ch\/management\/it\/2020-03-19\/defekte-smartphones-mobile-soforthilfe-im-grossraum-zuerich\/#breadcrumb","itemListElement":[{"@type":"ListItem","position":1,"name":"Home","item":"https:\/\/www.organisator.ch\/"},{"@type":"ListItem","position":2,"name":"Defekte Smartphones: Mobile Soforthilfe im Grossraum Z\u00fcrich"}]},{"@type":"WebSite","@id":"https:\/\/www.organisator.ch\/#website","url":"https:\/\/www.organisator.ch\/","name":"Organisateur","description":"Comp\u00e9tence et comp\u00e9tence. Proches de la pratique. L'ORGANISATEUR pr\u00e9pare 10 num\u00e9ros par an sur les th\u00e8mes essentiels pour les dirigeants de PME.","publisher":{"@id":"https:\/\/www.organisator.ch\/#organization"},"potentialAction":[{"@type":"SearchAction","target":{"@type":"EntryPoint","urlTemplate":"https:\/\/www.organisator.ch\/?s={search_term_string}"},"query-input":{"@type":"PropertyValueSpecification","valueRequired":true,"valueName":"search_term_string"}}],"inLanguage":"fr-FR"},{"@type":"Organization","@id":"https:\/\/www.organisator.ch\/#organization","name":"Organisateur","url":"https:\/\/www.organisator.ch\/","logo":{"@type":"ImageObject","inLanguage":"fr-FR","@id":"https:\/\/www.organisator.ch\/#\/schema\/logo\/image\/","url":"https:\/\/www.organisator.ch\/wp-content\/uploads\/2022\/01\/Logo_Organisator_Website.png","contentUrl":"https:\/\/www.organisator.ch\/wp-content\/uploads\/2022\/01\/Logo_Organisator_Website.png","width":800,"height":77,"caption":"Organisator"},"image":{"@id":"https:\/\/www.organisator.ch\/#\/schema\/logo\/image\/"},"sameAs":["https:\/\/www.facebook.com\/OrganisatorFachmagazin","https:\/\/www.linkedin.com\/showcase\/organisator-das-magazin-fr-kmu","https:\/\/www.xing.com\/news\/pages\/organisator-ch-695","https:\/\/www.youtube.com\/channel\/UCGP2Sq0iWaZwT3BdIAQFYpw"]},{"@type":"Person","@id":"https:\/\/www.organisator.ch\/#\/schema\/person\/6f650f90b2842cd4c0cc334b4e36f67e","name":"thomas.berner","image":{"@type":"ImageObject","inLanguage":"fr-FR","@id":"https:\/\/secure.gravatar.com\/avatar\/ac5001d2a36cb6c6cd3e50789007ffca834b477b74a2144564522e944eabff61?s=96&d=mm&r=g","url":"https:\/\/secure.gravatar.com\/avatar\/ac5001d2a36cb6c6cd3e50789007ffca834b477b74a2144564522e944eabff61?s=96&d=mm&r=g","contentUrl":"https:\/\/secure.gravatar.com\/avatar\/ac5001d2a36cb6c6cd3e50789007ffca834b477b74a2144564522e944eabff61?s=96&d=mm&r=g","caption":"thomas.berner"},"url":"https:\/\/www.organisator.ch\/fr\/author\/thomas-berner\/"}]}},"_links":{"self":[{"href":"https:\/\/www.organisator.ch\/fr\/wp-json\/wp\/v2\/posts\/6488","targetHints":{"allow":["GET"]}}],"collection":[{"href":"https:\/\/www.organisator.ch\/fr\/wp-json\/wp\/v2\/posts"}],"about":[{"href":"https:\/\/www.organisator.ch\/fr\/wp-json\/wp\/v2\/types\/post"}],"author":[{"embeddable":true,"href":"https:\/\/www.organisator.ch\/fr\/wp-json\/wp\/v2\/users\/4"}],"replies":[{"embeddable":true,"href":"https:\/\/www.organisator.ch\/fr\/wp-json\/wp\/v2\/comments?post=6488"}],"version-history":[{"count":0,"href":"https:\/\/www.organisator.ch\/fr\/wp-json\/wp\/v2\/posts\/6488\/revisions"}],"wp:featuredmedia":[{"embeddable":true,"href":"https:\/\/www.organisator.ch\/fr\/wp-json\/wp\/v2\/media\/6489"}],"wp:attachment":[{"href":"https:\/\/www.organisator.ch\/fr\/wp-json\/wp\/v2\/media?parent=6488"}],"wp:term":[{"taxonomy":"category","embeddable":true,"href":"https:\/\/www.organisator.ch\/fr\/wp-json\/wp\/v2\/categories?post=6488"},{"taxonomy":"post_tag","embeddable":true,"href":"https:\/\/www.organisator.ch\/fr\/wp-json\/wp\/v2\/tags?post=6488"}],"curies":[{"name":"wp","href":"https:\/\/api.w.org\/{rel}","templated":true}]}}