{"id":6516,"date":"2020-03-26T14:06:10","date_gmt":"2020-03-26T13:06:10","guid":{"rendered":"https:\/\/www.organisator.ch\/?p=6516"},"modified":"2020-03-26T14:06:10","modified_gmt":"2020-03-26T13:06:10","slug":"zu-viele-ungeschuetzte-outlook-postfaecher-wegen-homeoffice","status":"publish","type":"post","link":"https:\/\/www.organisator.ch\/fr\/management\/it\/2020-03-26\/zu-viele-ungeschuetzte-outlook-postfaecher-wegen-homeoffice\/","title":{"rendered":"Trop de bo\u00eetes aux lettres Outlook non prot\u00e9g\u00e9es \u00e0 cause du t\u00e9l\u00e9travail"},"content":{"rendered":"<figure id=\"attachment_6517\" aria-describedby=\"caption-attachment-6517\" style=\"width: 680px\" class=\"wp-caption alignnone\"><img loading=\"lazy\" decoding=\"async\" class=\"size-medium wp-image-6517\" src=\"https:\/\/www.organisator.ch\/wp-content\/uploads\/2020\/03\/Zu-viele-ungeschuetzte-Outlook-Postfaecher-wegen-Homeoffice-1_Organisator.jpg\" alt=\"\" width=\"680\" height=\"453\" srcset=\"https:\/\/www.organisator.ch\/wp-content\/uploads\/2020\/03\/Zu-viele-ungeschuetzte-Outlook-Postfaecher-wegen-Homeoffice-1_Organisator.jpg 680w, https:\/\/www.organisator.ch\/wp-content\/uploads\/2020\/03\/Zu-viele-ungeschuetzte-Outlook-Postfaecher-wegen-Homeoffice-1_Organisator-16x12.jpg 16w, https:\/\/www.organisator.ch\/wp-content\/uploads\/2020\/03\/Zu-viele-ungeschuetzte-Outlook-Postfaecher-wegen-Homeoffice-1_Organisator-263x175.jpg 263w, https:\/\/www.organisator.ch\/wp-content\/uploads\/2020\/03\/Zu-viele-ungeschuetzte-Outlook-Postfaecher-wegen-Homeoffice-1_Organisator-525x350.jpg 525w, https:\/\/www.organisator.ch\/wp-content\/uploads\/2020\/03\/Zu-viele-ungeschuetzte-Outlook-Postfaecher-wegen-Homeoffice-1_Organisator-300x200.jpg 300w\" sizes=\"auto, (max-width: 680px) 100vw, 680px\" \/><figcaption id=\"caption-attachment-6517\" class=\"wp-caption-text\">Les bo\u00eetes aux lettres Outlook non prot\u00e9g\u00e9es dans les bureaux \u00e0 domicile repr\u00e9sentent un risque de s\u00e9curit\u00e9 pour les entreprises. (Image : Pixabay.com)<\/figcaption><\/figure>\n<p>De nombreux employ\u00e9s ont d\u00fb passer \u00e0 court terme au home office en raison de la pand\u00e9mie de Corona. Pour de nombreuses entreprises, ce changement repr\u00e9sente la seule possibilit\u00e9 de maintenir l'activit\u00e9 dans la mesure du possible. Cependant, peu d'entreprises ont \u00e9t\u00e9 enti\u00e8rement pr\u00e9par\u00e9es \u00e0 cette situation, ce qui explique que certains processus ont \u00e9t\u00e9 mis en place \u00e0 la va-vite - ce qui entra\u00eene aujourd'hui une nouvelle menace tr\u00e8s dangereuse.<\/p>\n<h2>De nombreuses bo\u00eetes aux lettres Outlook non prot\u00e9g\u00e9es<\/h2>\n<p>Les chercheurs en s\u00e9curit\u00e9 de Check Point Research, la division Threat Intelligence de Check Point\u00ae Software Technologies Ltd, tirent la sonnette d'alarme : les bo\u00eetes aux lettres Outlook de nombreuses entreprises sont librement accessibles et ouvertes sur Internet sans protection, comme le pr\u00e9vient Check Point Research. La raison en est que les entreprises utilisent l'application Outlook Web Application (OWA), qui ouvre la bo\u00eete aux lettres dans le navigateur au lieu du programme de bureau installable. Elles veulent ainsi r\u00e9agir au fait que de nombreux collaborateurs utilisent leurs terminaux priv\u00e9s, ou doivent les utiliser faute de pr\u00e9paration, et n'ont bien s\u00fbr pas de licence Microsoft Office \u00e0 disposition pour leurs propres appareils. L'OWA est en revanche librement utilisable - et creuse d\u00e9sormais un grand trou dans la s\u00e9curit\u00e9 informatique.<\/p>\n<h2>La r\u00e9gion DACH fortement menac\u00e9e<\/h2>\n<p>Sur le site shodan.io, l'Allemagne occupe d\u00e9j\u00e0 la deuxi\u00e8me place, derri\u00e8re les Etats-Unis, avec pr\u00e8s de 50'000 ports ouverts. La Suisse se place en 7e position avec pr\u00e8s de 8 000 ports ouverts et l'Autriche en 10e position avec environ 6 500 ports. La r\u00e9gion DACH fait donc partie des dix pays les plus menac\u00e9s et repr\u00e9sente plus d'un tiers des 180 000 ports ouverts.<\/p>\n<figure id=\"attachment_6518\" aria-describedby=\"caption-attachment-6518\" style=\"width: 680px\" class=\"wp-caption alignnone\"><img loading=\"lazy\" decoding=\"async\" class=\"size-medium wp-image-6518\" src=\"https:\/\/www.organisator.ch\/wp-content\/uploads\/2020\/03\/Zu-viele-ungeschuetzte-Outlook-Postfaecher-wegen-Homeoffice-2_Organisator.jpg\" alt=\"\" width=\"680\" height=\"189\" srcset=\"https:\/\/www.organisator.ch\/wp-content\/uploads\/2020\/03\/Zu-viele-ungeschuetzte-Outlook-Postfaecher-wegen-Homeoffice-2_Organisator.jpg 680w, https:\/\/www.organisator.ch\/wp-content\/uploads\/2020\/03\/Zu-viele-ungeschuetzte-Outlook-Postfaecher-wegen-Homeoffice-2_Organisator-16x4.jpg 16w, https:\/\/www.organisator.ch\/wp-content\/uploads\/2020\/03\/Zu-viele-ungeschuetzte-Outlook-Postfaecher-wegen-Homeoffice-2_Organisator-375x104.jpg 375w, https:\/\/www.organisator.ch\/wp-content\/uploads\/2020\/03\/Zu-viele-ungeschuetzte-Outlook-Postfaecher-wegen-Homeoffice-2_Organisator-300x83.jpg 300w\" sizes=\"auto, (max-width: 680px) 100vw, 680px\" \/><figcaption id=\"caption-attachment-6518\" class=\"wp-caption-text\">La Suisse compte \u00e9galement de nombreux ports ouverts. (Graphique : Checkpoint)<\/figcaption><\/figure>\n<p>\"Nous ne pouvons que conseiller \u00e0 toutes les entreprises de fermer imm\u00e9diatement ces ports ouverts et de recourir aux mesures de protection de fournisseurs de s\u00e9curit\u00e9 exp\u00e9riment\u00e9s en tant que blindage suppl\u00e9mentaire. Sinon, l'un de leurs domaines les plus sensibles, l'ensemble du trafic de messagerie, sera librement visible sur Internet et donc \u00e0 la merci des attaquants\", avertit Sonja Meindl, Country Manager Suisse et Autriche chez Check Point.<\/p>\n<p><em>Source : <a href=\"https:\/\/research.checkpoint.com\/\">https:\/\/research.checkpoint.com\/<\/a><\/em><\/p>","protected":false},"excerpt":{"rendered":"<p>Viele Mitarbeiter mussten wegen der Corona-Pandemie kurzfristig ins Homeoffice wechseln. Diese Umstellung\u00a0 bedeutet f\u00fcr viele Unternehmen die einzige M\u00f6glichkeit, um den Betrieb weitestgehend aufrecht zu erhalten. Allerdings sind nur wenige Firmen vollumf\u00e4nglich auf diese Lage vorbereitet gewesen, weswegen manche Prozesse nun Hals \u00fcber Kopf umgesetzt wurden \u2013 das f\u00fchrt nun zu einer neuen und sehr [&hellip;]<\/p>\n","protected":false},"author":4,"featured_media":6517,"comment_status":"closed","ping_status":"closed","sticky":false,"template":"","format":"standard","meta":{"_acf_changed":false,"_yoast_wpseo_focuskw":"ungesch\u00fctzte Outlook-Postf\u00e4cher","_yoast_wpseo_metadesc":"IT-Sicherheit im Homeoffice: Spezialisten schlagen nun Alarm. Denn viele ungesch\u00fctzte Outlook-Postf\u00e4cher \u00f6ffnen Cyberkriminellen T\u00fcr und Tor.","articlekey":"","footnotes":""},"categories":[27],"tags":[132,260,286],"class_list":["post-6516","post","type-post","status-publish","format-standard","has-post-thumbnail","hentry","category-it","tag-coronavirus","tag-ict-sicherheit","tag-it"],"acf":[],"yoast_head":"<!-- This site is optimized with the Yoast SEO plugin v27.4 - https:\/\/yoast.com\/product\/yoast-seo-wordpress\/ -->\n<title>Zu viele ungesch\u00fctzte Outlook-Postf\u00e4cher wegen Homeoffice - Organisator<\/title>\n<meta name=\"description\" content=\"IT-Sicherheit im Homeoffice: Spezialisten schlagen nun Alarm. Denn viele ungesch\u00fctzte Outlook-Postf\u00e4cher \u00f6ffnen Cyberkriminellen T\u00fcr und Tor.\" \/>\n<meta name=\"robots\" content=\"index, follow, max-snippet:-1, max-image-preview:large, max-video-preview:-1\" \/>\n<link rel=\"canonical\" href=\"https:\/\/www.organisator.ch\/fr\/gestion-2\/it\/2020-03-26\/zu-viele-ungeschuetzte-outlook-postfaecher-wegen-homeoffice\/\" \/>\n<meta property=\"og:locale\" content=\"fr_FR\" \/>\n<meta property=\"og:type\" content=\"article\" \/>\n<meta property=\"og:title\" content=\"Zu viele ungesch\u00fctzte Outlook-Postf\u00e4cher wegen Homeoffice\" \/>\n<meta property=\"og:description\" content=\"IT-Sicherheit im Homeoffice: Spezialisten schlagen nun Alarm. Denn viele ungesch\u00fctzte Outlook-Postf\u00e4cher \u00f6ffnen Cyberkriminellen T\u00fcr und Tor.\" \/>\n<meta property=\"og:url\" content=\"https:\/\/www.organisator.ch\/fr\/gestion-2\/it\/2020-03-26\/zu-viele-ungeschuetzte-outlook-postfaecher-wegen-homeoffice\/\" \/>\n<meta property=\"og:site_name\" content=\"Organisator\" \/>\n<meta property=\"article:publisher\" content=\"https:\/\/www.facebook.com\/OrganisatorFachmagazin\" \/>\n<meta property=\"article:published_time\" content=\"2020-03-26T13:06:10+00:00\" \/>\n<meta property=\"og:image\" content=\"https:\/\/www.organisator.ch\/wp-content\/uploads\/2020\/03\/Zu-viele-ungeschuetzte-Outlook-Postfaecher-wegen-Homeoffice-1_Organisator.jpg\" \/>\n\t<meta property=\"og:image:width\" content=\"680\" \/>\n\t<meta property=\"og:image:height\" content=\"453\" \/>\n\t<meta property=\"og:image:type\" content=\"image\/jpeg\" \/>\n<meta name=\"author\" content=\"thomas.berner\" \/>\n<meta name=\"twitter:card\" content=\"summary_large_image\" \/>\n<meta name=\"twitter:title\" content=\"Zu viele ungesch\u00fctzte #Outlook-Postf\u00e4cher wegen #Homeoffice\" \/>\n<meta name=\"twitter:description\" content=\"#IT-Sicherheit im #Homeoffice: Spezialisten schlagen nun Alarm. Denn viele ungesch\u00fctzte #Outlook-Postf\u00e4cher \u00f6ffnen #Cyberkriminellen T\u00fcr und Tor.\" \/>\n<meta name=\"twitter:image\" content=\"https:\/\/www.organisator.ch\/wp-content\/uploads\/2020\/03\/Zu-viele-ungeschuetzte-Outlook-Postfaecher-wegen-Homeoffice-1_Organisator.jpg\" \/>\n<script type=\"application\/ld+json\" class=\"yoast-schema-graph\">{\"@context\":\"https:\\\/\\\/schema.org\",\"@graph\":[{\"@type\":\"Article\",\"@id\":\"https:\\\/\\\/www.organisator.ch\\\/management\\\/it\\\/2020-03-26\\\/zu-viele-ungeschuetzte-outlook-postfaecher-wegen-homeoffice\\\/#article\",\"isPartOf\":{\"@id\":\"https:\\\/\\\/www.organisator.ch\\\/management\\\/it\\\/2020-03-26\\\/zu-viele-ungeschuetzte-outlook-postfaecher-wegen-homeoffice\\\/\"},\"author\":{\"name\":\"thomas.berner\",\"@id\":\"https:\\\/\\\/www.organisator.ch\\\/#\\\/schema\\\/person\\\/6f650f90b2842cd4c0cc334b4e36f67e\"},\"headline\":\"Zu viele ungesch\u00fctzte Outlook-Postf\u00e4cher wegen Homeoffice\",\"datePublished\":\"2020-03-26T13:06:10+00:00\",\"mainEntityOfPage\":{\"@id\":\"https:\\\/\\\/www.organisator.ch\\\/management\\\/it\\\/2020-03-26\\\/zu-viele-ungeschuetzte-outlook-postfaecher-wegen-homeoffice\\\/\"},\"wordCount\":352,\"publisher\":{\"@id\":\"https:\\\/\\\/www.organisator.ch\\\/#organization\"},\"image\":{\"@id\":\"https:\\\/\\\/www.organisator.ch\\\/management\\\/it\\\/2020-03-26\\\/zu-viele-ungeschuetzte-outlook-postfaecher-wegen-homeoffice\\\/#primaryimage\"},\"thumbnailUrl\":\"https:\\\/\\\/www.organisator.ch\\\/wp-content\\\/uploads\\\/2020\\\/03\\\/Zu-viele-ungeschuetzte-Outlook-Postfaecher-wegen-Homeoffice-1_Organisator.jpg\",\"keywords\":[\"Coronavirus\",\"ICT-Sicherheit\",\"IT\"],\"articleSection\":[\"IT\"],\"inLanguage\":\"fr-FR\"},{\"@type\":\"WebPage\",\"@id\":\"https:\\\/\\\/www.organisator.ch\\\/management\\\/it\\\/2020-03-26\\\/zu-viele-ungeschuetzte-outlook-postfaecher-wegen-homeoffice\\\/\",\"url\":\"https:\\\/\\\/www.organisator.ch\\\/management\\\/it\\\/2020-03-26\\\/zu-viele-ungeschuetzte-outlook-postfaecher-wegen-homeoffice\\\/\",\"name\":\"Zu viele ungesch\u00fctzte Outlook-Postf\u00e4cher wegen Homeoffice - Organisator\",\"isPartOf\":{\"@id\":\"https:\\\/\\\/www.organisator.ch\\\/#website\"},\"primaryImageOfPage\":{\"@id\":\"https:\\\/\\\/www.organisator.ch\\\/management\\\/it\\\/2020-03-26\\\/zu-viele-ungeschuetzte-outlook-postfaecher-wegen-homeoffice\\\/#primaryimage\"},\"image\":{\"@id\":\"https:\\\/\\\/www.organisator.ch\\\/management\\\/it\\\/2020-03-26\\\/zu-viele-ungeschuetzte-outlook-postfaecher-wegen-homeoffice\\\/#primaryimage\"},\"thumbnailUrl\":\"https:\\\/\\\/www.organisator.ch\\\/wp-content\\\/uploads\\\/2020\\\/03\\\/Zu-viele-ungeschuetzte-Outlook-Postfaecher-wegen-Homeoffice-1_Organisator.jpg\",\"datePublished\":\"2020-03-26T13:06:10+00:00\",\"description\":\"IT-Sicherheit im Homeoffice: Spezialisten schlagen nun Alarm. Denn viele ungesch\u00fctzte Outlook-Postf\u00e4cher \u00f6ffnen Cyberkriminellen T\u00fcr und Tor.\",\"breadcrumb\":{\"@id\":\"https:\\\/\\\/www.organisator.ch\\\/management\\\/it\\\/2020-03-26\\\/zu-viele-ungeschuetzte-outlook-postfaecher-wegen-homeoffice\\\/#breadcrumb\"},\"inLanguage\":\"fr-FR\",\"potentialAction\":[{\"@type\":\"ReadAction\",\"target\":[\"https:\\\/\\\/www.organisator.ch\\\/management\\\/it\\\/2020-03-26\\\/zu-viele-ungeschuetzte-outlook-postfaecher-wegen-homeoffice\\\/\"]}]},{\"@type\":\"ImageObject\",\"inLanguage\":\"fr-FR\",\"@id\":\"https:\\\/\\\/www.organisator.ch\\\/management\\\/it\\\/2020-03-26\\\/zu-viele-ungeschuetzte-outlook-postfaecher-wegen-homeoffice\\\/#primaryimage\",\"url\":\"https:\\\/\\\/www.organisator.ch\\\/wp-content\\\/uploads\\\/2020\\\/03\\\/Zu-viele-ungeschuetzte-Outlook-Postfaecher-wegen-Homeoffice-1_Organisator.jpg\",\"contentUrl\":\"https:\\\/\\\/www.organisator.ch\\\/wp-content\\\/uploads\\\/2020\\\/03\\\/Zu-viele-ungeschuetzte-Outlook-Postfaecher-wegen-Homeoffice-1_Organisator.jpg\",\"width\":680,\"height\":453,\"caption\":\"Ungesch\u00fctzte Outlook-Postf\u00e4cher im Homeoffice sind ein Sicherheitsrisiko f\u00fcr Unternehmen. (Bild: Pixabay.com)\"},{\"@type\":\"BreadcrumbList\",\"@id\":\"https:\\\/\\\/www.organisator.ch\\\/management\\\/it\\\/2020-03-26\\\/zu-viele-ungeschuetzte-outlook-postfaecher-wegen-homeoffice\\\/#breadcrumb\",\"itemListElement\":[{\"@type\":\"ListItem\",\"position\":1,\"name\":\"Home\",\"item\":\"https:\\\/\\\/www.organisator.ch\\\/\"},{\"@type\":\"ListItem\",\"position\":2,\"name\":\"Zu viele ungesch\u00fctzte Outlook-Postf\u00e4cher wegen Homeoffice\"}]},{\"@type\":\"WebSite\",\"@id\":\"https:\\\/\\\/www.organisator.ch\\\/#website\",\"url\":\"https:\\\/\\\/www.organisator.ch\\\/\",\"name\":\"Organisator\",\"description\":\"Kompetent. Praxisnah. Der ORGANISATOR bereitet in 10 Ausgaben pro Jahr die wesentlichen Themen f\u00fcr F\u00fchrungskr\u00e4fte von KMU auf.\",\"publisher\":{\"@id\":\"https:\\\/\\\/www.organisator.ch\\\/#organization\"},\"potentialAction\":[{\"@type\":\"SearchAction\",\"target\":{\"@type\":\"EntryPoint\",\"urlTemplate\":\"https:\\\/\\\/www.organisator.ch\\\/?s={search_term_string}\"},\"query-input\":{\"@type\":\"PropertyValueSpecification\",\"valueRequired\":true,\"valueName\":\"search_term_string\"}}],\"inLanguage\":\"fr-FR\"},{\"@type\":\"Organization\",\"@id\":\"https:\\\/\\\/www.organisator.ch\\\/#organization\",\"name\":\"Organisator\",\"url\":\"https:\\\/\\\/www.organisator.ch\\\/\",\"logo\":{\"@type\":\"ImageObject\",\"inLanguage\":\"fr-FR\",\"@id\":\"https:\\\/\\\/www.organisator.ch\\\/#\\\/schema\\\/logo\\\/image\\\/\",\"url\":\"https:\\\/\\\/www.organisator.ch\\\/wp-content\\\/uploads\\\/2022\\\/01\\\/Logo_Organisator_Website.png\",\"contentUrl\":\"https:\\\/\\\/www.organisator.ch\\\/wp-content\\\/uploads\\\/2022\\\/01\\\/Logo_Organisator_Website.png\",\"width\":800,\"height\":77,\"caption\":\"Organisator\"},\"image\":{\"@id\":\"https:\\\/\\\/www.organisator.ch\\\/#\\\/schema\\\/logo\\\/image\\\/\"},\"sameAs\":[\"https:\\\/\\\/www.facebook.com\\\/OrganisatorFachmagazin\",\"https:\\\/\\\/www.linkedin.com\\\/showcase\\\/organisator-das-magazin-fr-kmu\",\"https:\\\/\\\/www.xing.com\\\/news\\\/pages\\\/organisator-ch-695\",\"https:\\\/\\\/www.youtube.com\\\/channel\\\/UCGP2Sq0iWaZwT3BdIAQFYpw\"]},{\"@type\":\"Person\",\"@id\":\"https:\\\/\\\/www.organisator.ch\\\/#\\\/schema\\\/person\\\/6f650f90b2842cd4c0cc334b4e36f67e\",\"name\":\"thomas.berner\",\"image\":{\"@type\":\"ImageObject\",\"inLanguage\":\"fr-FR\",\"@id\":\"https:\\\/\\\/secure.gravatar.com\\\/avatar\\\/ac5001d2a36cb6c6cd3e50789007ffca834b477b74a2144564522e944eabff61?s=96&d=mm&r=g\",\"url\":\"https:\\\/\\\/secure.gravatar.com\\\/avatar\\\/ac5001d2a36cb6c6cd3e50789007ffca834b477b74a2144564522e944eabff61?s=96&d=mm&r=g\",\"contentUrl\":\"https:\\\/\\\/secure.gravatar.com\\\/avatar\\\/ac5001d2a36cb6c6cd3e50789007ffca834b477b74a2144564522e944eabff61?s=96&d=mm&r=g\",\"caption\":\"thomas.berner\"},\"url\":\"https:\\\/\\\/www.organisator.ch\\\/fr\\\/author\\\/thomas-berner\\\/\"}]}<\/script>\n<!-- \/ Yoast SEO plugin. -->","yoast_head_json":{"title":"Trop de bo\u00eetes aux lettres Outlook non prot\u00e9g\u00e9es \u00e0 cause du t\u00e9l\u00e9travail - Organisateur","description":"S\u00e9curit\u00e9 informatique dans le bureau \u00e0 domicile : les sp\u00e9cialistes tirent d\u00e9sormais la sonnette d'alarme. En effet, de nombreuses bo\u00eetes aux lettres Outlook non prot\u00e9g\u00e9es ouvrent la porte aux cybercriminels.","robots":{"index":"index","follow":"follow","max-snippet":"max-snippet:-1","max-image-preview":"max-image-preview:large","max-video-preview":"max-video-preview:-1"},"canonical":"https:\/\/www.organisator.ch\/fr\/gestion-2\/it\/2020-03-26\/zu-viele-ungeschuetzte-outlook-postfaecher-wegen-homeoffice\/","og_locale":"fr_FR","og_type":"article","og_title":"Zu viele ungesch\u00fctzte Outlook-Postf\u00e4cher wegen Homeoffice","og_description":"IT-Sicherheit im Homeoffice: Spezialisten schlagen nun Alarm. Denn viele ungesch\u00fctzte Outlook-Postf\u00e4cher \u00f6ffnen Cyberkriminellen T\u00fcr und Tor.","og_url":"https:\/\/www.organisator.ch\/fr\/gestion-2\/it\/2020-03-26\/zu-viele-ungeschuetzte-outlook-postfaecher-wegen-homeoffice\/","og_site_name":"Organisator","article_publisher":"https:\/\/www.facebook.com\/OrganisatorFachmagazin","article_published_time":"2020-03-26T13:06:10+00:00","og_image":[{"width":680,"height":453,"url":"https:\/\/www.organisator.ch\/wp-content\/uploads\/2020\/03\/Zu-viele-ungeschuetzte-Outlook-Postfaecher-wegen-Homeoffice-1_Organisator.jpg","type":"image\/jpeg"}],"author":"thomas.berner","twitter_card":"summary_large_image","twitter_title":"Zu viele ungesch\u00fctzte #Outlook-Postf\u00e4cher wegen #Homeoffice","twitter_description":"#IT-Sicherheit im #Homeoffice: Spezialisten schlagen nun Alarm. Denn viele ungesch\u00fctzte #Outlook-Postf\u00e4cher \u00f6ffnen #Cyberkriminellen T\u00fcr und Tor.","twitter_image":"https:\/\/www.organisator.ch\/wp-content\/uploads\/2020\/03\/Zu-viele-ungeschuetzte-Outlook-Postfaecher-wegen-Homeoffice-1_Organisator.jpg","schema":{"@context":"https:\/\/schema.org","@graph":[{"@type":"Article","@id":"https:\/\/www.organisator.ch\/management\/it\/2020-03-26\/zu-viele-ungeschuetzte-outlook-postfaecher-wegen-homeoffice\/#article","isPartOf":{"@id":"https:\/\/www.organisator.ch\/management\/it\/2020-03-26\/zu-viele-ungeschuetzte-outlook-postfaecher-wegen-homeoffice\/"},"author":{"name":"thomas.berner","@id":"https:\/\/www.organisator.ch\/#\/schema\/person\/6f650f90b2842cd4c0cc334b4e36f67e"},"headline":"Zu viele ungesch\u00fctzte Outlook-Postf\u00e4cher wegen Homeoffice","datePublished":"2020-03-26T13:06:10+00:00","mainEntityOfPage":{"@id":"https:\/\/www.organisator.ch\/management\/it\/2020-03-26\/zu-viele-ungeschuetzte-outlook-postfaecher-wegen-homeoffice\/"},"wordCount":352,"publisher":{"@id":"https:\/\/www.organisator.ch\/#organization"},"image":{"@id":"https:\/\/www.organisator.ch\/management\/it\/2020-03-26\/zu-viele-ungeschuetzte-outlook-postfaecher-wegen-homeoffice\/#primaryimage"},"thumbnailUrl":"https:\/\/www.organisator.ch\/wp-content\/uploads\/2020\/03\/Zu-viele-ungeschuetzte-Outlook-Postfaecher-wegen-Homeoffice-1_Organisator.jpg","keywords":["Coronavirus","ICT-Sicherheit","IT"],"articleSection":["IT"],"inLanguage":"fr-FR"},{"@type":"WebPage","@id":"https:\/\/www.organisator.ch\/management\/it\/2020-03-26\/zu-viele-ungeschuetzte-outlook-postfaecher-wegen-homeoffice\/","url":"https:\/\/www.organisator.ch\/management\/it\/2020-03-26\/zu-viele-ungeschuetzte-outlook-postfaecher-wegen-homeoffice\/","name":"Trop de bo\u00eetes aux lettres Outlook non prot\u00e9g\u00e9es \u00e0 cause du t\u00e9l\u00e9travail - Organisateur","isPartOf":{"@id":"https:\/\/www.organisator.ch\/#website"},"primaryImageOfPage":{"@id":"https:\/\/www.organisator.ch\/management\/it\/2020-03-26\/zu-viele-ungeschuetzte-outlook-postfaecher-wegen-homeoffice\/#primaryimage"},"image":{"@id":"https:\/\/www.organisator.ch\/management\/it\/2020-03-26\/zu-viele-ungeschuetzte-outlook-postfaecher-wegen-homeoffice\/#primaryimage"},"thumbnailUrl":"https:\/\/www.organisator.ch\/wp-content\/uploads\/2020\/03\/Zu-viele-ungeschuetzte-Outlook-Postfaecher-wegen-Homeoffice-1_Organisator.jpg","datePublished":"2020-03-26T13:06:10+00:00","description":"S\u00e9curit\u00e9 informatique dans le bureau \u00e0 domicile : les sp\u00e9cialistes tirent d\u00e9sormais la sonnette d'alarme. En effet, de nombreuses bo\u00eetes aux lettres Outlook non prot\u00e9g\u00e9es ouvrent la porte aux cybercriminels.","breadcrumb":{"@id":"https:\/\/www.organisator.ch\/management\/it\/2020-03-26\/zu-viele-ungeschuetzte-outlook-postfaecher-wegen-homeoffice\/#breadcrumb"},"inLanguage":"fr-FR","potentialAction":[{"@type":"ReadAction","target":["https:\/\/www.organisator.ch\/management\/it\/2020-03-26\/zu-viele-ungeschuetzte-outlook-postfaecher-wegen-homeoffice\/"]}]},{"@type":"ImageObject","inLanguage":"fr-FR","@id":"https:\/\/www.organisator.ch\/management\/it\/2020-03-26\/zu-viele-ungeschuetzte-outlook-postfaecher-wegen-homeoffice\/#primaryimage","url":"https:\/\/www.organisator.ch\/wp-content\/uploads\/2020\/03\/Zu-viele-ungeschuetzte-Outlook-Postfaecher-wegen-Homeoffice-1_Organisator.jpg","contentUrl":"https:\/\/www.organisator.ch\/wp-content\/uploads\/2020\/03\/Zu-viele-ungeschuetzte-Outlook-Postfaecher-wegen-Homeoffice-1_Organisator.jpg","width":680,"height":453,"caption":"Ungesch\u00fctzte Outlook-Postf\u00e4cher im Homeoffice sind ein Sicherheitsrisiko f\u00fcr Unternehmen. (Bild: Pixabay.com)"},{"@type":"BreadcrumbList","@id":"https:\/\/www.organisator.ch\/management\/it\/2020-03-26\/zu-viele-ungeschuetzte-outlook-postfaecher-wegen-homeoffice\/#breadcrumb","itemListElement":[{"@type":"ListItem","position":1,"name":"Home","item":"https:\/\/www.organisator.ch\/"},{"@type":"ListItem","position":2,"name":"Zu viele ungesch\u00fctzte Outlook-Postf\u00e4cher wegen Homeoffice"}]},{"@type":"WebSite","@id":"https:\/\/www.organisator.ch\/#website","url":"https:\/\/www.organisator.ch\/","name":"Organisateur","description":"Comp\u00e9tence et comp\u00e9tence. Proches de la pratique. L'ORGANISATEUR pr\u00e9pare 10 num\u00e9ros par an sur les th\u00e8mes essentiels pour les dirigeants de PME.","publisher":{"@id":"https:\/\/www.organisator.ch\/#organization"},"potentialAction":[{"@type":"SearchAction","target":{"@type":"EntryPoint","urlTemplate":"https:\/\/www.organisator.ch\/?s={search_term_string}"},"query-input":{"@type":"PropertyValueSpecification","valueRequired":true,"valueName":"search_term_string"}}],"inLanguage":"fr-FR"},{"@type":"Organization","@id":"https:\/\/www.organisator.ch\/#organization","name":"Organisateur","url":"https:\/\/www.organisator.ch\/","logo":{"@type":"ImageObject","inLanguage":"fr-FR","@id":"https:\/\/www.organisator.ch\/#\/schema\/logo\/image\/","url":"https:\/\/www.organisator.ch\/wp-content\/uploads\/2022\/01\/Logo_Organisator_Website.png","contentUrl":"https:\/\/www.organisator.ch\/wp-content\/uploads\/2022\/01\/Logo_Organisator_Website.png","width":800,"height":77,"caption":"Organisator"},"image":{"@id":"https:\/\/www.organisator.ch\/#\/schema\/logo\/image\/"},"sameAs":["https:\/\/www.facebook.com\/OrganisatorFachmagazin","https:\/\/www.linkedin.com\/showcase\/organisator-das-magazin-fr-kmu","https:\/\/www.xing.com\/news\/pages\/organisator-ch-695","https:\/\/www.youtube.com\/channel\/UCGP2Sq0iWaZwT3BdIAQFYpw"]},{"@type":"Person","@id":"https:\/\/www.organisator.ch\/#\/schema\/person\/6f650f90b2842cd4c0cc334b4e36f67e","name":"thomas.berner","image":{"@type":"ImageObject","inLanguage":"fr-FR","@id":"https:\/\/secure.gravatar.com\/avatar\/ac5001d2a36cb6c6cd3e50789007ffca834b477b74a2144564522e944eabff61?s=96&d=mm&r=g","url":"https:\/\/secure.gravatar.com\/avatar\/ac5001d2a36cb6c6cd3e50789007ffca834b477b74a2144564522e944eabff61?s=96&d=mm&r=g","contentUrl":"https:\/\/secure.gravatar.com\/avatar\/ac5001d2a36cb6c6cd3e50789007ffca834b477b74a2144564522e944eabff61?s=96&d=mm&r=g","caption":"thomas.berner"},"url":"https:\/\/www.organisator.ch\/fr\/author\/thomas-berner\/"}]}},"_links":{"self":[{"href":"https:\/\/www.organisator.ch\/fr\/wp-json\/wp\/v2\/posts\/6516","targetHints":{"allow":["GET"]}}],"collection":[{"href":"https:\/\/www.organisator.ch\/fr\/wp-json\/wp\/v2\/posts"}],"about":[{"href":"https:\/\/www.organisator.ch\/fr\/wp-json\/wp\/v2\/types\/post"}],"author":[{"embeddable":true,"href":"https:\/\/www.organisator.ch\/fr\/wp-json\/wp\/v2\/users\/4"}],"replies":[{"embeddable":true,"href":"https:\/\/www.organisator.ch\/fr\/wp-json\/wp\/v2\/comments?post=6516"}],"version-history":[{"count":0,"href":"https:\/\/www.organisator.ch\/fr\/wp-json\/wp\/v2\/posts\/6516\/revisions"}],"wp:featuredmedia":[{"embeddable":true,"href":"https:\/\/www.organisator.ch\/fr\/wp-json\/wp\/v2\/media\/6517"}],"wp:attachment":[{"href":"https:\/\/www.organisator.ch\/fr\/wp-json\/wp\/v2\/media?parent=6516"}],"wp:term":[{"taxonomy":"category","embeddable":true,"href":"https:\/\/www.organisator.ch\/fr\/wp-json\/wp\/v2\/categories?post=6516"},{"taxonomy":"post_tag","embeddable":true,"href":"https:\/\/www.organisator.ch\/fr\/wp-json\/wp\/v2\/tags?post=6516"}],"curies":[{"name":"wp","href":"https:\/\/api.w.org\/{rel}","templated":true}]}}