{"id":6531,"date":"2020-03-31T15:21:10","date_gmt":"2020-03-31T13:21:10","guid":{"rendered":"https:\/\/www.organisator.ch\/?p=6531"},"modified":"2020-03-31T15:21:10","modified_gmt":"2020-03-31T13:21:10","slug":"covid-19-ueberbrueckungskredite-rechtliche-und-wirtschaftliche-folgen","status":"publish","type":"post","link":"https:\/\/www.organisator.ch\/fr\/management\/finanzen_recht\/2020-03-31\/covid-19-ueberbrueckungskredite-rechtliche-und-wirtschaftliche-folgen\/","title":{"rendered":"Cr\u00e9dits-relais COVID-19 - cons\u00e9quences juridiques et \u00e9conomiques"},"content":{"rendered":"<figure id=\"attachment_6532\" aria-describedby=\"caption-attachment-6532\" style=\"width: 680px\" class=\"wp-caption alignnone\"><img loading=\"lazy\" decoding=\"async\" class=\"size-medium wp-image-6532\" src=\"https:\/\/www.organisator.ch\/wp-content\/uploads\/2020\/03\/COVID-19-Ueberbrueckungskredite-rechtliche-und-wirtschaftliche-Folgen_Organisator.jpg\" alt=\"\" width=\"680\" height=\"383\" srcset=\"https:\/\/www.organisator.ch\/wp-content\/uploads\/2020\/03\/COVID-19-Ueberbrueckungskredite-rechtliche-und-wirtschaftliche-Folgen_Organisator.jpg 680w, https:\/\/www.organisator.ch\/wp-content\/uploads\/2020\/03\/COVID-19-Ueberbrueckungskredite-rechtliche-und-wirtschaftliche-Folgen_Organisator-16x9.jpg 16w, https:\/\/www.organisator.ch\/wp-content\/uploads\/2020\/03\/COVID-19-Ueberbrueckungskredite-rechtliche-und-wirtschaftliche-Folgen_Organisator-311x175.jpg 311w, https:\/\/www.organisator.ch\/wp-content\/uploads\/2020\/03\/COVID-19-Ueberbrueckungskredite-rechtliche-und-wirtschaftliche-Folgen_Organisator-621x350.jpg 621w, https:\/\/www.organisator.ch\/wp-content\/uploads\/2020\/03\/COVID-19-Ueberbrueckungskredite-rechtliche-und-wirtschaftliche-Folgen_Organisator-300x169.jpg 300w\" sizes=\"auto, (max-width: 680px) 100vw, 680px\" \/><figcaption id=\"caption-attachment-6532\" class=\"wp-caption-text\">Les cr\u00e9dits-relais Covid 19 sont toutefois assortis de conditions. (Image : Pixabay.com)<\/figcaption><\/figure>\n<p>Une \u00e9tude de la ZHAW School of Management montre qu'\u00e0 fin mars 2020, plus de 50% des petites et moyennes entreprises de Suisse s'attendent \u00e0 rencontrer des difficult\u00e9s financi\u00e8res dans les mois \u00e0 venir. La situation est grave. En cons\u00e9quence, le Conseil f\u00e9d\u00e9ral a \u00e9dict\u00e9 le 26 mars 2020 l'ordonnance COVID-19 sur le cautionnement solidaire. Celle-ci permet aux entreprises concern\u00e9es d'acc\u00e9der rapidement et facilement \u00e0 des liquidit\u00e9s. Les cr\u00e9dits-relais COVID-19 correspondants sont appr\u00e9ci\u00e9s, plusieurs dizaines de milliers de demandes ont d\u00e9j\u00e0 \u00e9t\u00e9 d\u00e9pos\u00e9es. Les entreprises seraient toutefois bien avis\u00e9es d'examiner attentivement les cons\u00e9quences juridiques et \u00e9conomiques (\u00e0 long terme) de ces cr\u00e9dits.<\/p>\n<h2><strong>Les cr\u00e9dits-relais COVID-19 peuvent conduire au surendettement <\/strong><\/h2>\n<p>Les cr\u00e9dits COVID-19 peuvent signifier non seulement le sauvetage, mais aussi la faillite d'une entreprise. L'art. 725 CO pr\u00e9voit que le conseil d'administration doit imm\u00e9diatement informer le juge en cas de surendettement av\u00e9r\u00e9 du bilan. S'il omet de le faire, il peut \u00eatre tenu pour responsable du dommage r\u00e9sultant de l'obstruction \u00e0 la faillite. Alors que les cr\u00e9dits COVID-19 inf\u00e9rieurs \u00e0 0,5 million de francs n'ont pas d'incidence sur le bilan jusqu'au 31 mars 2022, les pr\u00eats sup\u00e9rieurs \u00e0 0,5 million de francs doivent \u00eatre int\u00e9gralement comptabilis\u00e9s comme des fonds de tiers. Cela peut avoir pour cons\u00e9quence que les pr\u00eats contract\u00e9s - avec les corrections de valeur et les provisions \u00e9ventuellement n\u00e9cessaires dans le cadre de COVID-19 - conduisent \u00e0 un surendettement \u00e0 court ou moyen terme.<\/p>\n<p>Les entreprises qui ont d\u00e9j\u00e0 financ\u00e9 leurs activit\u00e9s commerciales par des cr\u00e9dits par le pass\u00e9 risquent d'\u00eatre d\u00e9clar\u00e9es en faillite en contractant le cr\u00e9dit COVID-19. Cela peut entra\u00eener non seulement la disparition de l'entreprise, mais aussi la responsabilit\u00e9 personnelle du conseil d'administration. Une planification minutieuse des liquidit\u00e9s et une analyse du bilan sont donc imp\u00e9ratives pour \u00e9viter la faillite \u00e0 long terme malgr\u00e9 le cr\u00e9dit-relais. Des indices laissent penser que le Conseil f\u00e9d\u00e9ral a reconnu ce probl\u00e8me et qu'il va adapter l'ordonnance en cons\u00e9quence.<\/p>\n<h2><strong>Les cr\u00e9dits-relais COVID-19 limitent la libert\u00e9 d'action des entreprises <\/strong><\/h2>\n<p>L'octroi de cr\u00e9dits COVID-19 est certes rapide et simple, mais il est soumis \u00e0 des conditions. Ainsi, l'ordonnance stipule que pendant la dur\u00e9e du cr\u00e9dit, la distribution de dividendes et de tanti\u00e8mes, l'octroi de pr\u00eats d'actifs ou le refinancement de pr\u00eats priv\u00e9s ou d'actionnaires sont exclus. Le remboursement de pr\u00eats d'actionnaires (y compris ceux qui sont comptabilis\u00e9s en compte courant) n'est donc pas autoris\u00e9 pendant la dur\u00e9e du pr\u00eat. De m\u00eame, le transfert du montant du cr\u00e9dit \u00e0 une personne li\u00e9e \u00e0 l'entreprise requ\u00e9rante \u00e0 l'\u00e9tranger n'est pas autoris\u00e9. Toute personne ne respectant pas cette r\u00e8gle peut \u00eatre poursuivie p\u00e9nalement.<\/p>\n<h2><strong>Avant d'emprunter : examiner la situation et les alternatives \u00a0<\/strong><\/h2>\n<p>Le cr\u00e9dit COVID-19, con\u00e7u comme une injection de liquidit\u00e9s \u00e0 court terme, peut avoir de graves cons\u00e9quences \u00e0 long terme. Les entreprises ont donc tout int\u00e9r\u00eat \u00e0 r\u00e9fl\u00e9chir calmement aux points suivants :<\/p>\n<ul>\n<li><strong>Analyse de l'\u00e9tat et de la strat\u00e9gie<\/strong>Comment mon entreprise est-elle positionn\u00e9e ? Avons-nous besoin d'adapter notre strat\u00e9gie d'entreprise pour surmonter la crise ? De quelles liquidit\u00e9s avons-nous besoin dans les prochains mois ? Pouvons-nous utiliser en notre faveur des mesures alternatives telles que la suspension des poursuites, le sursis fiscal, le report du paiement des cotisations aux assurances sociales ou l'optimisation fiscale ? Existe-t-il des perspectives d'assainissement \u00e0 long terme ?<\/li>\n<li><strong>situation de surendettement : <\/strong>Pouvons-nous, sur la base des conclusions de l'analyse de l'\u00e9tat et de la strat\u00e9gie, rembourser \u00e0 long terme les cr\u00e9dits en cours ? Le conseil d'administration est-il menac\u00e9 par des risques de responsabilit\u00e9, par exemple \u00e0 la suite d'un retard de faillite, du non-paiement de cotisations AVS ou d'autres manquements \u00e0 ses obligations ?<\/li>\n<li><strong>Evaluation du sursis concordataire : <\/strong>Si la planification des liquidit\u00e9s laisse pr\u00e9sager un d\u00e9faut de paiement dans les prochains mois, il est imp\u00e9ratif d'examiner \u00e9galement l'instrument du sursis concordataire. Pendant un sursis concordataire, les poursuites ne peuvent \u00eatre ni engag\u00e9es ni poursuivies et le d\u00e9biteur peut prendre des mesures d'assainissement sous le couvert du sursis. De plus, le paiement des salaires est garanti pendant une dur\u00e9e limit\u00e9e par le versement d'une indemnit\u00e9 d'insolvabilit\u00e9. Pour les entreprises qui \u00e9taient financi\u00e8rement saines avant la crise de Corona, le sursis concordataire est donc un instrument d'assainissement possible.<\/li>\n<\/ul>\n<p><strong><em>Auteurs :<\/em> <\/strong><br \/>\n<em>Simon Roth et Alain Friedrich sont partenaires et avocats chez <a href=\"https:\/\/www.lexfutura.ch\/\">Lex Futura SA<\/a>. Le cabinet est sp\u00e9cialis\u00e9 dans le conseil juridique aux entreprises, aux membres de la direction et du conseil d'administration dans les situations de crise, en particulier dans le droit du redressement.<\/em><\/p>","protected":false},"excerpt":{"rendered":"<p>Eine Studie der ZHAW School of Management zeigt, dass per Ende M\u00e4rz 2020 mehr als 50% der kleinen und mittleren Unternehmen in der Schweiz damit rechnen, in den kommenden Monaten in finanzielle Schwierigkeiten zu geraten. Die Lage ist ernst. Entsprechend hat der Bundesrat\u00a0 am 26. M\u00e4rz 2020 die COVID-19-Solidarb\u00fcrgschaftsverordnung erlassen. Diese erm\u00f6glicht betroffenen Unternehmen einen [&hellip;]<\/p>\n","protected":false},"author":4,"featured_media":6532,"comment_status":"closed","ping_status":"closed","sticky":false,"template":"","format":"standard","meta":{"_acf_changed":false,"_yoast_wpseo_focuskw":"COVID-19-\u00dcberbr\u00fcckungskredite","_yoast_wpseo_metadesc":"Der Bund hat Pakete geschn\u00fcrt, um Unternehmen aktuell unter die Arme zu greifen. Die Covid-19-\u00dcberbr\u00fcckungskredite sind jedoch an Bedingungen gekn\u00fcpft.","articlekey":"","footnotes":""},"categories":[24],"tags":[115,132,202,203,335],"class_list":["post-6531","post","type-post","status-publish","format-standard","has-post-thumbnail","hentry","category-finanzen_recht","tag-checklisten","tag-coronavirus","tag-finanzenrecht","tag-finanzierung","tag-management-und-unternehmensfuehrung"],"acf":[],"yoast_head":"<!-- This site is optimized with the Yoast SEO plugin v27.4 - https:\/\/yoast.com\/product\/yoast-seo-wordpress\/ -->\n<title>COVID-19-\u00dcberbr\u00fcckungskredite \u2013 rechtliche und wirtschaftliche Folgen - Organisator<\/title>\n<meta name=\"description\" content=\"Der Bund hat Pakete geschn\u00fcrt, um Unternehmen aktuell unter die Arme zu greifen. Die Covid-19-\u00dcberbr\u00fcckungskredite sind jedoch an Bedingungen gekn\u00fcpft.\" \/>\n<meta name=\"robots\" content=\"index, follow, max-snippet:-1, max-image-preview:large, max-video-preview:-1\" \/>\n<link rel=\"canonical\" href=\"https:\/\/www.organisator.ch\/fr\/gestion-2\/finanzen_recht\/2020-03-31\/covid-19-ueberbrueckungskredite-rechtliche-und-wirtschaftliche-folgen\/\" \/>\n<meta property=\"og:locale\" content=\"fr_FR\" \/>\n<meta property=\"og:type\" content=\"article\" \/>\n<meta property=\"og:title\" content=\"COVID-19-\u00dcberbr\u00fcckungskredite \u2013 rechtliche und wirtschaftliche Folgen\" \/>\n<meta property=\"og:description\" content=\"Der Bund hat Pakete geschn\u00fcrt, um Unternehmen aktuell unter die Arme zu greifen. Die Covid-19-\u00dcberbr\u00fcckungskredite sind jedoch an Bedingungen gekn\u00fcpft.\" \/>\n<meta property=\"og:url\" content=\"https:\/\/www.organisator.ch\/fr\/gestion-2\/finanzen_recht\/2020-03-31\/covid-19-ueberbrueckungskredite-rechtliche-und-wirtschaftliche-folgen\/\" \/>\n<meta property=\"og:site_name\" content=\"Organisator\" \/>\n<meta property=\"article:publisher\" content=\"https:\/\/www.facebook.com\/OrganisatorFachmagazin\" \/>\n<meta property=\"article:published_time\" content=\"2020-03-31T13:21:10+00:00\" \/>\n<meta property=\"og:image\" content=\"https:\/\/www.organisator.ch\/wp-content\/uploads\/2020\/03\/COVID-19-Ueberbrueckungskredite-rechtliche-und-wirtschaftliche-Folgen_Organisator.jpg\" \/>\n\t<meta property=\"og:image:width\" content=\"680\" \/>\n\t<meta property=\"og:image:height\" content=\"383\" \/>\n\t<meta property=\"og:image:type\" content=\"image\/jpeg\" \/>\n<meta name=\"author\" content=\"thomas.berner\" \/>\n<meta name=\"twitter:card\" content=\"summary_large_image\" \/>\n<meta name=\"twitter:title\" content=\"#COVID-19-\u00dcberbr\u00fcckungskredite \u2013 rechtliche und wirtschaftliche Folgen\" \/>\n<meta name=\"twitter:description\" content=\"Der Bund hat Pakete geschn\u00fcrt, um Unternehmen aktuell unter die Arme zu greifen. Die #Covid-19-\u00dcberbr\u00fcckungskredite sind jedoch an Bedingungen gekn\u00fcpft.\" \/>\n<meta name=\"twitter:image\" content=\"https:\/\/www.organisator.ch\/wp-content\/uploads\/2020\/03\/COVID-19-Ueberbrueckungskredite-rechtliche-und-wirtschaftliche-Folgen_Organisator.jpg\" \/>\n<script type=\"application\/ld+json\" class=\"yoast-schema-graph\">{\"@context\":\"https:\\\/\\\/schema.org\",\"@graph\":[{\"@type\":\"Article\",\"@id\":\"https:\\\/\\\/www.organisator.ch\\\/management\\\/finanzen_recht\\\/2020-03-31\\\/covid-19-ueberbrueckungskredite-rechtliche-und-wirtschaftliche-folgen\\\/#article\",\"isPartOf\":{\"@id\":\"https:\\\/\\\/www.organisator.ch\\\/management\\\/finanzen_recht\\\/2020-03-31\\\/covid-19-ueberbrueckungskredite-rechtliche-und-wirtschaftliche-folgen\\\/\"},\"author\":{\"name\":\"thomas.berner\",\"@id\":\"https:\\\/\\\/www.organisator.ch\\\/#\\\/schema\\\/person\\\/6f650f90b2842cd4c0cc334b4e36f67e\"},\"headline\":\"COVID-19-\u00dcberbr\u00fcckungskredite \u2013 rechtliche und wirtschaftliche Folgen\",\"datePublished\":\"2020-03-31T13:21:10+00:00\",\"mainEntityOfPage\":{\"@id\":\"https:\\\/\\\/www.organisator.ch\\\/management\\\/finanzen_recht\\\/2020-03-31\\\/covid-19-ueberbrueckungskredite-rechtliche-und-wirtschaftliche-folgen\\\/\"},\"wordCount\":660,\"publisher\":{\"@id\":\"https:\\\/\\\/www.organisator.ch\\\/#organization\"},\"image\":{\"@id\":\"https:\\\/\\\/www.organisator.ch\\\/management\\\/finanzen_recht\\\/2020-03-31\\\/covid-19-ueberbrueckungskredite-rechtliche-und-wirtschaftliche-folgen\\\/#primaryimage\"},\"thumbnailUrl\":\"https:\\\/\\\/www.organisator.ch\\\/wp-content\\\/uploads\\\/2020\\\/03\\\/COVID-19-Ueberbrueckungskredite-rechtliche-und-wirtschaftliche-Folgen_Organisator.jpg\",\"keywords\":[\"Checklisten\",\"Coronavirus\",\"Finanzen\\\/Recht\",\"Finanzierung\",\"Management und Unternehmensf\u00fchrung\"],\"articleSection\":[\"FINANZEN\\\/RECHT\"],\"inLanguage\":\"fr-FR\"},{\"@type\":\"WebPage\",\"@id\":\"https:\\\/\\\/www.organisator.ch\\\/management\\\/finanzen_recht\\\/2020-03-31\\\/covid-19-ueberbrueckungskredite-rechtliche-und-wirtschaftliche-folgen\\\/\",\"url\":\"https:\\\/\\\/www.organisator.ch\\\/management\\\/finanzen_recht\\\/2020-03-31\\\/covid-19-ueberbrueckungskredite-rechtliche-und-wirtschaftliche-folgen\\\/\",\"name\":\"COVID-19-\u00dcberbr\u00fcckungskredite \u2013 rechtliche und wirtschaftliche Folgen - Organisator\",\"isPartOf\":{\"@id\":\"https:\\\/\\\/www.organisator.ch\\\/#website\"},\"primaryImageOfPage\":{\"@id\":\"https:\\\/\\\/www.organisator.ch\\\/management\\\/finanzen_recht\\\/2020-03-31\\\/covid-19-ueberbrueckungskredite-rechtliche-und-wirtschaftliche-folgen\\\/#primaryimage\"},\"image\":{\"@id\":\"https:\\\/\\\/www.organisator.ch\\\/management\\\/finanzen_recht\\\/2020-03-31\\\/covid-19-ueberbrueckungskredite-rechtliche-und-wirtschaftliche-folgen\\\/#primaryimage\"},\"thumbnailUrl\":\"https:\\\/\\\/www.organisator.ch\\\/wp-content\\\/uploads\\\/2020\\\/03\\\/COVID-19-Ueberbrueckungskredite-rechtliche-und-wirtschaftliche-Folgen_Organisator.jpg\",\"datePublished\":\"2020-03-31T13:21:10+00:00\",\"description\":\"Der Bund hat Pakete geschn\u00fcrt, um Unternehmen aktuell unter die Arme zu greifen. Die Covid-19-\u00dcberbr\u00fcckungskredite sind jedoch an Bedingungen gekn\u00fcpft.\",\"breadcrumb\":{\"@id\":\"https:\\\/\\\/www.organisator.ch\\\/management\\\/finanzen_recht\\\/2020-03-31\\\/covid-19-ueberbrueckungskredite-rechtliche-und-wirtschaftliche-folgen\\\/#breadcrumb\"},\"inLanguage\":\"fr-FR\",\"potentialAction\":[{\"@type\":\"ReadAction\",\"target\":[\"https:\\\/\\\/www.organisator.ch\\\/management\\\/finanzen_recht\\\/2020-03-31\\\/covid-19-ueberbrueckungskredite-rechtliche-und-wirtschaftliche-folgen\\\/\"]}]},{\"@type\":\"ImageObject\",\"inLanguage\":\"fr-FR\",\"@id\":\"https:\\\/\\\/www.organisator.ch\\\/management\\\/finanzen_recht\\\/2020-03-31\\\/covid-19-ueberbrueckungskredite-rechtliche-und-wirtschaftliche-folgen\\\/#primaryimage\",\"url\":\"https:\\\/\\\/www.organisator.ch\\\/wp-content\\\/uploads\\\/2020\\\/03\\\/COVID-19-Ueberbrueckungskredite-rechtliche-und-wirtschaftliche-Folgen_Organisator.jpg\",\"contentUrl\":\"https:\\\/\\\/www.organisator.ch\\\/wp-content\\\/uploads\\\/2020\\\/03\\\/COVID-19-Ueberbrueckungskredite-rechtliche-und-wirtschaftliche-Folgen_Organisator.jpg\",\"width\":680,\"height\":383,\"caption\":\"Die Covid-19-\u00dcberbr\u00fcckungskredite sind jedoch an Bedingungen gekn\u00fcpft. (Bild: Pixabay.com)\"},{\"@type\":\"BreadcrumbList\",\"@id\":\"https:\\\/\\\/www.organisator.ch\\\/management\\\/finanzen_recht\\\/2020-03-31\\\/covid-19-ueberbrueckungskredite-rechtliche-und-wirtschaftliche-folgen\\\/#breadcrumb\",\"itemListElement\":[{\"@type\":\"ListItem\",\"position\":1,\"name\":\"Home\",\"item\":\"https:\\\/\\\/www.organisator.ch\\\/\"},{\"@type\":\"ListItem\",\"position\":2,\"name\":\"COVID-19-\u00dcberbr\u00fcckungskredite \u2013 rechtliche und wirtschaftliche Folgen\"}]},{\"@type\":\"WebSite\",\"@id\":\"https:\\\/\\\/www.organisator.ch\\\/#website\",\"url\":\"https:\\\/\\\/www.organisator.ch\\\/\",\"name\":\"Organisator\",\"description\":\"Kompetent. Praxisnah. Der ORGANISATOR bereitet in 10 Ausgaben pro Jahr die wesentlichen Themen f\u00fcr F\u00fchrungskr\u00e4fte von KMU auf.\",\"publisher\":{\"@id\":\"https:\\\/\\\/www.organisator.ch\\\/#organization\"},\"potentialAction\":[{\"@type\":\"SearchAction\",\"target\":{\"@type\":\"EntryPoint\",\"urlTemplate\":\"https:\\\/\\\/www.organisator.ch\\\/?s={search_term_string}\"},\"query-input\":{\"@type\":\"PropertyValueSpecification\",\"valueRequired\":true,\"valueName\":\"search_term_string\"}}],\"inLanguage\":\"fr-FR\"},{\"@type\":\"Organization\",\"@id\":\"https:\\\/\\\/www.organisator.ch\\\/#organization\",\"name\":\"Organisator\",\"url\":\"https:\\\/\\\/www.organisator.ch\\\/\",\"logo\":{\"@type\":\"ImageObject\",\"inLanguage\":\"fr-FR\",\"@id\":\"https:\\\/\\\/www.organisator.ch\\\/#\\\/schema\\\/logo\\\/image\\\/\",\"url\":\"https:\\\/\\\/www.organisator.ch\\\/wp-content\\\/uploads\\\/2022\\\/01\\\/Logo_Organisator_Website.png\",\"contentUrl\":\"https:\\\/\\\/www.organisator.ch\\\/wp-content\\\/uploads\\\/2022\\\/01\\\/Logo_Organisator_Website.png\",\"width\":800,\"height\":77,\"caption\":\"Organisator\"},\"image\":{\"@id\":\"https:\\\/\\\/www.organisator.ch\\\/#\\\/schema\\\/logo\\\/image\\\/\"},\"sameAs\":[\"https:\\\/\\\/www.facebook.com\\\/OrganisatorFachmagazin\",\"https:\\\/\\\/www.linkedin.com\\\/showcase\\\/organisator-das-magazin-fr-kmu\",\"https:\\\/\\\/www.xing.com\\\/news\\\/pages\\\/organisator-ch-695\",\"https:\\\/\\\/www.youtube.com\\\/channel\\\/UCGP2Sq0iWaZwT3BdIAQFYpw\"]},{\"@type\":\"Person\",\"@id\":\"https:\\\/\\\/www.organisator.ch\\\/#\\\/schema\\\/person\\\/6f650f90b2842cd4c0cc334b4e36f67e\",\"name\":\"thomas.berner\",\"image\":{\"@type\":\"ImageObject\",\"inLanguage\":\"fr-FR\",\"@id\":\"https:\\\/\\\/secure.gravatar.com\\\/avatar\\\/ac5001d2a36cb6c6cd3e50789007ffca834b477b74a2144564522e944eabff61?s=96&d=mm&r=g\",\"url\":\"https:\\\/\\\/secure.gravatar.com\\\/avatar\\\/ac5001d2a36cb6c6cd3e50789007ffca834b477b74a2144564522e944eabff61?s=96&d=mm&r=g\",\"contentUrl\":\"https:\\\/\\\/secure.gravatar.com\\\/avatar\\\/ac5001d2a36cb6c6cd3e50789007ffca834b477b74a2144564522e944eabff61?s=96&d=mm&r=g\",\"caption\":\"thomas.berner\"},\"url\":\"https:\\\/\\\/www.organisator.ch\\\/fr\\\/author\\\/thomas-berner\\\/\"}]}<\/script>\n<!-- \/ Yoast SEO plugin. -->","yoast_head_json":{"title":"Cr\u00e9dits-relais COVID-19 - cons\u00e9quences juridiques et \u00e9conomiques - Organisateur","description":"Le gouvernement f\u00e9d\u00e9ral a mis en place des paquets pour venir en aide aux entreprises actuellement. Les cr\u00e9dits de transition Covid 19 sont toutefois assortis de conditions.","robots":{"index":"index","follow":"follow","max-snippet":"max-snippet:-1","max-image-preview":"max-image-preview:large","max-video-preview":"max-video-preview:-1"},"canonical":"https:\/\/www.organisator.ch\/fr\/gestion-2\/finanzen_recht\/2020-03-31\/covid-19-ueberbrueckungskredite-rechtliche-und-wirtschaftliche-folgen\/","og_locale":"fr_FR","og_type":"article","og_title":"COVID-19-\u00dcberbr\u00fcckungskredite \u2013 rechtliche und wirtschaftliche Folgen","og_description":"Der Bund hat Pakete geschn\u00fcrt, um Unternehmen aktuell unter die Arme zu greifen. Die Covid-19-\u00dcberbr\u00fcckungskredite sind jedoch an Bedingungen gekn\u00fcpft.","og_url":"https:\/\/www.organisator.ch\/fr\/gestion-2\/finanzen_recht\/2020-03-31\/covid-19-ueberbrueckungskredite-rechtliche-und-wirtschaftliche-folgen\/","og_site_name":"Organisator","article_publisher":"https:\/\/www.facebook.com\/OrganisatorFachmagazin","article_published_time":"2020-03-31T13:21:10+00:00","og_image":[{"width":680,"height":383,"url":"https:\/\/www.organisator.ch\/wp-content\/uploads\/2020\/03\/COVID-19-Ueberbrueckungskredite-rechtliche-und-wirtschaftliche-Folgen_Organisator.jpg","type":"image\/jpeg"}],"author":"thomas.berner","twitter_card":"summary_large_image","twitter_title":"#COVID-19-\u00dcberbr\u00fcckungskredite \u2013 rechtliche und wirtschaftliche Folgen","twitter_description":"Der Bund hat Pakete geschn\u00fcrt, um Unternehmen aktuell unter die Arme zu greifen. Die #Covid-19-\u00dcberbr\u00fcckungskredite sind jedoch an Bedingungen gekn\u00fcpft.","twitter_image":"https:\/\/www.organisator.ch\/wp-content\/uploads\/2020\/03\/COVID-19-Ueberbrueckungskredite-rechtliche-und-wirtschaftliche-Folgen_Organisator.jpg","schema":{"@context":"https:\/\/schema.org","@graph":[{"@type":"Article","@id":"https:\/\/www.organisator.ch\/management\/finanzen_recht\/2020-03-31\/covid-19-ueberbrueckungskredite-rechtliche-und-wirtschaftliche-folgen\/#article","isPartOf":{"@id":"https:\/\/www.organisator.ch\/management\/finanzen_recht\/2020-03-31\/covid-19-ueberbrueckungskredite-rechtliche-und-wirtschaftliche-folgen\/"},"author":{"name":"thomas.berner","@id":"https:\/\/www.organisator.ch\/#\/schema\/person\/6f650f90b2842cd4c0cc334b4e36f67e"},"headline":"COVID-19-\u00dcberbr\u00fcckungskredite \u2013 rechtliche und wirtschaftliche Folgen","datePublished":"2020-03-31T13:21:10+00:00","mainEntityOfPage":{"@id":"https:\/\/www.organisator.ch\/management\/finanzen_recht\/2020-03-31\/covid-19-ueberbrueckungskredite-rechtliche-und-wirtschaftliche-folgen\/"},"wordCount":660,"publisher":{"@id":"https:\/\/www.organisator.ch\/#organization"},"image":{"@id":"https:\/\/www.organisator.ch\/management\/finanzen_recht\/2020-03-31\/covid-19-ueberbrueckungskredite-rechtliche-und-wirtschaftliche-folgen\/#primaryimage"},"thumbnailUrl":"https:\/\/www.organisator.ch\/wp-content\/uploads\/2020\/03\/COVID-19-Ueberbrueckungskredite-rechtliche-und-wirtschaftliche-Folgen_Organisator.jpg","keywords":["Checklisten","Coronavirus","Finanzen\/Recht","Finanzierung","Management und Unternehmensf\u00fchrung"],"articleSection":["FINANZEN\/RECHT"],"inLanguage":"fr-FR"},{"@type":"WebPage","@id":"https:\/\/www.organisator.ch\/management\/finanzen_recht\/2020-03-31\/covid-19-ueberbrueckungskredite-rechtliche-und-wirtschaftliche-folgen\/","url":"https:\/\/www.organisator.ch\/management\/finanzen_recht\/2020-03-31\/covid-19-ueberbrueckungskredite-rechtliche-und-wirtschaftliche-folgen\/","name":"Cr\u00e9dits-relais COVID-19 - cons\u00e9quences juridiques et \u00e9conomiques - Organisateur","isPartOf":{"@id":"https:\/\/www.organisator.ch\/#website"},"primaryImageOfPage":{"@id":"https:\/\/www.organisator.ch\/management\/finanzen_recht\/2020-03-31\/covid-19-ueberbrueckungskredite-rechtliche-und-wirtschaftliche-folgen\/#primaryimage"},"image":{"@id":"https:\/\/www.organisator.ch\/management\/finanzen_recht\/2020-03-31\/covid-19-ueberbrueckungskredite-rechtliche-und-wirtschaftliche-folgen\/#primaryimage"},"thumbnailUrl":"https:\/\/www.organisator.ch\/wp-content\/uploads\/2020\/03\/COVID-19-Ueberbrueckungskredite-rechtliche-und-wirtschaftliche-Folgen_Organisator.jpg","datePublished":"2020-03-31T13:21:10+00:00","description":"Le gouvernement f\u00e9d\u00e9ral a mis en place des paquets pour venir en aide aux entreprises actuellement. Les cr\u00e9dits de transition Covid 19 sont toutefois assortis de conditions.","breadcrumb":{"@id":"https:\/\/www.organisator.ch\/management\/finanzen_recht\/2020-03-31\/covid-19-ueberbrueckungskredite-rechtliche-und-wirtschaftliche-folgen\/#breadcrumb"},"inLanguage":"fr-FR","potentialAction":[{"@type":"ReadAction","target":["https:\/\/www.organisator.ch\/management\/finanzen_recht\/2020-03-31\/covid-19-ueberbrueckungskredite-rechtliche-und-wirtschaftliche-folgen\/"]}]},{"@type":"ImageObject","inLanguage":"fr-FR","@id":"https:\/\/www.organisator.ch\/management\/finanzen_recht\/2020-03-31\/covid-19-ueberbrueckungskredite-rechtliche-und-wirtschaftliche-folgen\/#primaryimage","url":"https:\/\/www.organisator.ch\/wp-content\/uploads\/2020\/03\/COVID-19-Ueberbrueckungskredite-rechtliche-und-wirtschaftliche-Folgen_Organisator.jpg","contentUrl":"https:\/\/www.organisator.ch\/wp-content\/uploads\/2020\/03\/COVID-19-Ueberbrueckungskredite-rechtliche-und-wirtschaftliche-Folgen_Organisator.jpg","width":680,"height":383,"caption":"Die Covid-19-\u00dcberbr\u00fcckungskredite sind jedoch an Bedingungen gekn\u00fcpft. (Bild: Pixabay.com)"},{"@type":"BreadcrumbList","@id":"https:\/\/www.organisator.ch\/management\/finanzen_recht\/2020-03-31\/covid-19-ueberbrueckungskredite-rechtliche-und-wirtschaftliche-folgen\/#breadcrumb","itemListElement":[{"@type":"ListItem","position":1,"name":"Home","item":"https:\/\/www.organisator.ch\/"},{"@type":"ListItem","position":2,"name":"COVID-19-\u00dcberbr\u00fcckungskredite \u2013 rechtliche und wirtschaftliche Folgen"}]},{"@type":"WebSite","@id":"https:\/\/www.organisator.ch\/#website","url":"https:\/\/www.organisator.ch\/","name":"Organisateur","description":"Comp\u00e9tence et comp\u00e9tence. Proches de la pratique. L'ORGANISATEUR pr\u00e9pare 10 num\u00e9ros par an sur les th\u00e8mes essentiels pour les dirigeants de PME.","publisher":{"@id":"https:\/\/www.organisator.ch\/#organization"},"potentialAction":[{"@type":"SearchAction","target":{"@type":"EntryPoint","urlTemplate":"https:\/\/www.organisator.ch\/?s={search_term_string}"},"query-input":{"@type":"PropertyValueSpecification","valueRequired":true,"valueName":"search_term_string"}}],"inLanguage":"fr-FR"},{"@type":"Organization","@id":"https:\/\/www.organisator.ch\/#organization","name":"Organisateur","url":"https:\/\/www.organisator.ch\/","logo":{"@type":"ImageObject","inLanguage":"fr-FR","@id":"https:\/\/www.organisator.ch\/#\/schema\/logo\/image\/","url":"https:\/\/www.organisator.ch\/wp-content\/uploads\/2022\/01\/Logo_Organisator_Website.png","contentUrl":"https:\/\/www.organisator.ch\/wp-content\/uploads\/2022\/01\/Logo_Organisator_Website.png","width":800,"height":77,"caption":"Organisator"},"image":{"@id":"https:\/\/www.organisator.ch\/#\/schema\/logo\/image\/"},"sameAs":["https:\/\/www.facebook.com\/OrganisatorFachmagazin","https:\/\/www.linkedin.com\/showcase\/organisator-das-magazin-fr-kmu","https:\/\/www.xing.com\/news\/pages\/organisator-ch-695","https:\/\/www.youtube.com\/channel\/UCGP2Sq0iWaZwT3BdIAQFYpw"]},{"@type":"Person","@id":"https:\/\/www.organisator.ch\/#\/schema\/person\/6f650f90b2842cd4c0cc334b4e36f67e","name":"thomas.berner","image":{"@type":"ImageObject","inLanguage":"fr-FR","@id":"https:\/\/secure.gravatar.com\/avatar\/ac5001d2a36cb6c6cd3e50789007ffca834b477b74a2144564522e944eabff61?s=96&d=mm&r=g","url":"https:\/\/secure.gravatar.com\/avatar\/ac5001d2a36cb6c6cd3e50789007ffca834b477b74a2144564522e944eabff61?s=96&d=mm&r=g","contentUrl":"https:\/\/secure.gravatar.com\/avatar\/ac5001d2a36cb6c6cd3e50789007ffca834b477b74a2144564522e944eabff61?s=96&d=mm&r=g","caption":"thomas.berner"},"url":"https:\/\/www.organisator.ch\/fr\/author\/thomas-berner\/"}]}},"_links":{"self":[{"href":"https:\/\/www.organisator.ch\/fr\/wp-json\/wp\/v2\/posts\/6531","targetHints":{"allow":["GET"]}}],"collection":[{"href":"https:\/\/www.organisator.ch\/fr\/wp-json\/wp\/v2\/posts"}],"about":[{"href":"https:\/\/www.organisator.ch\/fr\/wp-json\/wp\/v2\/types\/post"}],"author":[{"embeddable":true,"href":"https:\/\/www.organisator.ch\/fr\/wp-json\/wp\/v2\/users\/4"}],"replies":[{"embeddable":true,"href":"https:\/\/www.organisator.ch\/fr\/wp-json\/wp\/v2\/comments?post=6531"}],"version-history":[{"count":0,"href":"https:\/\/www.organisator.ch\/fr\/wp-json\/wp\/v2\/posts\/6531\/revisions"}],"wp:featuredmedia":[{"embeddable":true,"href":"https:\/\/www.organisator.ch\/fr\/wp-json\/wp\/v2\/media\/6532"}],"wp:attachment":[{"href":"https:\/\/www.organisator.ch\/fr\/wp-json\/wp\/v2\/media?parent=6531"}],"wp:term":[{"taxonomy":"category","embeddable":true,"href":"https:\/\/www.organisator.ch\/fr\/wp-json\/wp\/v2\/categories?post=6531"},{"taxonomy":"post_tag","embeddable":true,"href":"https:\/\/www.organisator.ch\/fr\/wp-json\/wp\/v2\/tags?post=6531"}],"curies":[{"name":"wp","href":"https:\/\/api.w.org\/{rel}","templated":true}]}}