{"id":6538,"date":"2020-04-01T15:33:19","date_gmt":"2020-04-01T13:33:19","guid":{"rendered":"https:\/\/www.organisator.ch\/?p=6538"},"modified":"2020-04-01T15:33:19","modified_gmt":"2020-04-01T13:33:19","slug":"iway-waechst-weiter-positiver-corona-impact","status":"publish","type":"post","link":"https:\/\/www.organisator.ch\/fr\/management\/it\/2020-04-01\/iway-waechst-weiter-positiver-corona-impact\/","title":{"rendered":"iWay poursuit sa croissance - impact positif de Corona"},"content":{"rendered":"<figure id=\"attachment_6539\" aria-describedby=\"caption-attachment-6539\" style=\"width: 680px\" class=\"wp-caption alignnone\"><img loading=\"lazy\" decoding=\"async\" class=\"size-medium wp-image-6539\" src=\"https:\/\/www.organisator.ch\/wp-content\/uploads\/2020\/04\/iWay-waechst-weiter-positiver-Corona-Impact_Organisator.jpg\" alt=\"\" width=\"680\" height=\"337\" srcset=\"https:\/\/www.organisator.ch\/wp-content\/uploads\/2020\/04\/iWay-waechst-weiter-positiver-Corona-Impact_Organisator.jpg 680w, https:\/\/www.organisator.ch\/wp-content\/uploads\/2020\/04\/iWay-waechst-weiter-positiver-Corona-Impact_Organisator-16x8.jpg 16w, https:\/\/www.organisator.ch\/wp-content\/uploads\/2020\/04\/iWay-waechst-weiter-positiver-Corona-Impact_Organisator-353x175.jpg 353w, https:\/\/www.organisator.ch\/wp-content\/uploads\/2020\/04\/iWay-waechst-weiter-positiver-Corona-Impact_Organisator-300x149.jpg 300w\" sizes=\"auto, (max-width: 680px) 100vw, 680px\" \/><figcaption id=\"caption-attachment-6539\" class=\"wp-caption-text\">Des perspectives commerciales positives pour 2020 : le fournisseur de services Internet iWay.<\/figcaption><\/figure>\n<p>Le fournisseur d'acc\u00e8s Internet (FAI) iWay a continu\u00e9 \u00e0 progresser l'ann\u00e9e derni\u00e8re. Au cours de l'exercice 2019, l'entreprise a augment\u00e9 son chiffre d'affaires de 12% par rapport \u00e0 l'ann\u00e9e pr\u00e9c\u00e9dente, passant de 26,1 \u00e0 29,2 millions de francs. Dans le principal secteur d'activit\u00e9, l'acc\u00e8s \u00e0 Internet, le chiffre d'affaires a augment\u00e9 de 6 pour cent, passant de 15,8 \u00e0 16,7 millions de francs. Dans le domaine de la t\u00e9l\u00e9phonie par Internet, iWay a \u00e9galement continu\u00e9 \u00e0 gagner des parts de march\u00e9. Ainsi, le chiffre d'affaires des services VoIP (Voice over IP) s'est \u00e9lev\u00e9 \u00e0 7,2 millions de francs, ce qui correspond \u00e0 une croissance de 25 pour cent. Les partenaires ont \u00e0 nouveau apport\u00e9 une contribution importante au succ\u00e8s du fournisseur de services complets en 2019. Gr\u00e2ce \u00e0 eux, la part de la distribution indirecte a pu \u00eatre augment\u00e9e de 54 \u00e0 56 pour cent du chiffre d'affaires total. Le maintien de ce r\u00e9sultat fort se traduit \u00e9galement par la cr\u00e9ation de nouveaux postes, puisque l'effectif est pass\u00e9 de 44 \u00e0 48 collaborateurs en 2019. Pour l'ann\u00e9e en cours, iWay s'attend \u00e0 une nouvelle augmentation du chiffre d'affaires d'environ 10 pour cent. De nouveaux postes devraient \u00e9galement \u00eatre cr\u00e9\u00e9s en 2020, notamment dans les domaines du marketing et du support. Parall\u00e8lement aux r\u00e9sultats de l'exercice \u00e9coul\u00e9, iWay a annonc\u00e9, \u00e0 l'occasion de son point presse organis\u00e9 pour la premi\u00e8re fois par vid\u00e9oconf\u00e9rence suite \u00e0 la crise de Corona, sa toute nouvelle offre ultra-rapide disponible dans toute la Suisse et pouvant atteindre 10 gigabits par seconde.<\/p>\n<h2>iWay ne ressent gu\u00e8re les effets n\u00e9gatifs de Corona<\/h2>\n<p>Le directeur g\u00e9n\u00e9ral Matthias Oswald est \u00e9galement confiant pour l'exercice en cours. Il n'y a pas d'impact n\u00e9gatif de Corona, a-t-il expliqu\u00e9 lors de la conf\u00e9rence de presse. Au contraire, plusieurs nouvelles commandes et demandes d'augmentation de la bande passante sont directement li\u00e9es \u00e0 la tendance au travail \u00e0 domicile induite par Corona. Certains clients ont sans doute constat\u00e9 que les r\u00e9seaux mobiles atteignent leurs limites et que les connexions LAN par fibre optique sont plus stables. Ces derniers jours, on a constat\u00e9 une augmentation de la consommation de bande passante pendant la journ\u00e9e, mais des pics ont \u00e9galement \u00e9t\u00e9 observ\u00e9s le soir. \"Les utilisateurs ne peuvent pas aller au cin\u00e9ma et consomment donc plus de Netflix\", explique Matthias Cramer, responsable de l'ing\u00e9nierie chez iWay. Selon lui, une d\u00e9sactivation de Netflix ne s'impose toutefois pas, les capacit\u00e9s suffisent jusqu'\u00e0 pr\u00e9sent sans probl\u00e8me.<\/p>\n<h2>De bonnes perspectives commerciales pour 2020<\/h2>\n<p>\"Pour 2020, nous pr\u00e9voyons une croissance d'environ 10 pour cent\", poursuit Matthias Oswald. En raison de la poursuite du d\u00e9veloppement de la fibre optique, la croissance dans le domaine FTTH (Fibre to the Home) devrait \u00eatre plus importante que celle des raccordements DSL. Le boom de la fibre devrait se poursuivre gr\u00e2ce \u00e0 des vitesses de transmission plus \u00e9lev\u00e9es, \u00e0 la prochaine offre \"10 G\" et \u00e0 la demande toujours importante de produits VoIP moins chers et de produits modulaires. Dans l'ensemble, l'industrie IT profitera de l'impact Corona. Selon Matthias Cramer, le probl\u00e8me se situe actuellement au niveau du mat\u00e9riel : en raison d'arr\u00eats de production en Asie, il y a actuellement des goulots d'\u00e9tranglement dans la livraison de routeurs et d'autres appareils.<\/p>\n<p><a href=\"https:\/\/www.iway.ch\/\"><em>Plus d'informations<\/em><\/a><\/p>","protected":false},"excerpt":{"rendered":"<p>Der Internet Service Provider (ISP) iWay hat auch im vergangenen Jahr zulegen k\u00f6nnen. Das Unternehmen steigerte im Gesch\u00e4ftsjahr 2019 den Umsatz gegen\u00fcber dem Vorjahr um 12 Prozent auf von 26,1 auf 29,2 Millionen Franken. Im wichtigsten Gesch\u00e4ftsfeld Internet Access wuchs der Umsatz von von 15,8 um 6 Prozent auf 16,7 Millionen Franken. Auch im Bereich [&hellip;]<\/p>\n","protected":false},"author":4,"featured_media":6539,"comment_status":"closed","ping_status":"closed","sticky":false,"template":"","format":"standard","meta":{"_acf_changed":false,"_yoast_wpseo_focuskw":"iWay","_yoast_wpseo_metadesc":"Der Schweizer Internet Service Provider iWay steigert den Umsatz und bringt ultraschnelles Internet mit 10 Gbit\/s. Das Wachstum h\u00e4lt 2020 weiter an.","articlekey":"","footnotes":""},"categories":[27],"tags":[281,286,492],"class_list":["post-6538","post","type-post","status-publish","format-standard","has-post-thumbnail","hentry","category-it","tag-internet","tag-it","tag-unternehmen"],"acf":[],"yoast_head":"<!-- This site is optimized with the Yoast SEO plugin v27.4 - https:\/\/yoast.com\/product\/yoast-seo-wordpress\/ -->\n<title>iWay w\u00e4chst weiter - positiver Corona-Impact - Organisator<\/title>\n<meta name=\"description\" content=\"Der Schweizer Internet Service Provider iWay steigert den Umsatz und bringt ultraschnelles Internet mit 10 Gbit\/s. Das Wachstum h\u00e4lt 2020 weiter an.\" \/>\n<meta name=\"robots\" content=\"index, follow, max-snippet:-1, max-image-preview:large, max-video-preview:-1\" \/>\n<link rel=\"canonical\" href=\"https:\/\/www.organisator.ch\/fr\/gestion-2\/it\/2020-04-01\/iway-waechst-weiter-positiver-corona-impact\/\" \/>\n<meta property=\"og:locale\" content=\"fr_FR\" \/>\n<meta property=\"og:type\" content=\"article\" \/>\n<meta property=\"og:title\" content=\"iWay w\u00e4chst weiter - positiver Corona-Impact\" \/>\n<meta property=\"og:description\" content=\"Der Schweizer Internet Service Provider iWay steigert den Umsatz und bringt ultraschnelles Internet mit 10 Gbit\/s. Das Wachstum h\u00e4lt 2020 weiter an.\" \/>\n<meta property=\"og:url\" content=\"https:\/\/www.organisator.ch\/fr\/gestion-2\/it\/2020-04-01\/iway-waechst-weiter-positiver-corona-impact\/\" \/>\n<meta property=\"og:site_name\" content=\"Organisator\" \/>\n<meta property=\"article:publisher\" content=\"https:\/\/www.facebook.com\/OrganisatorFachmagazin\" \/>\n<meta property=\"article:published_time\" content=\"2020-04-01T13:33:19+00:00\" \/>\n<meta property=\"og:image\" content=\"https:\/\/www.organisator.ch\/wp-content\/uploads\/2020\/04\/iWay-waechst-weiter-positiver-Corona-Impact_Organisator.jpg\" \/>\n\t<meta property=\"og:image:width\" content=\"680\" \/>\n\t<meta property=\"og:image:height\" content=\"337\" \/>\n\t<meta property=\"og:image:type\" content=\"image\/jpeg\" \/>\n<meta name=\"author\" content=\"thomas.berner\" \/>\n<meta name=\"twitter:card\" content=\"summary_large_image\" \/>\n<meta name=\"twitter:title\" content=\"iWay w\u00e4chst weiter - positiver Corona-Impact\" \/>\n<meta name=\"twitter:description\" content=\"Der Schweizer Internet Service Provider iWay steigert den Umsatz und bringt ultraschnelles Internet mit 10 Gbit\/s. Das Wachstum h\u00e4lt 2020 weiter an.\" \/>\n<meta name=\"twitter:image\" content=\"https:\/\/www.organisator.ch\/wp-content\/uploads\/2020\/04\/iWay-waechst-weiter-positiver-Corona-Impact_Organisator.jpg\" \/>\n<script type=\"application\/ld+json\" class=\"yoast-schema-graph\">{\"@context\":\"https:\\\/\\\/schema.org\",\"@graph\":[{\"@type\":\"Article\",\"@id\":\"https:\\\/\\\/www.organisator.ch\\\/management\\\/it\\\/2020-04-01\\\/iway-waechst-weiter-positiver-corona-impact\\\/#article\",\"isPartOf\":{\"@id\":\"https:\\\/\\\/www.organisator.ch\\\/management\\\/it\\\/2020-04-01\\\/iway-waechst-weiter-positiver-corona-impact\\\/\"},\"author\":{\"name\":\"thomas.berner\",\"@id\":\"https:\\\/\\\/www.organisator.ch\\\/#\\\/schema\\\/person\\\/6f650f90b2842cd4c0cc334b4e36f67e\"},\"headline\":\"iWay w\u00e4chst weiter &#8211; positiver Corona-Impact\",\"datePublished\":\"2020-04-01T13:33:19+00:00\",\"mainEntityOfPage\":{\"@id\":\"https:\\\/\\\/www.organisator.ch\\\/management\\\/it\\\/2020-04-01\\\/iway-waechst-weiter-positiver-corona-impact\\\/\"},\"wordCount\":464,\"publisher\":{\"@id\":\"https:\\\/\\\/www.organisator.ch\\\/#organization\"},\"image\":{\"@id\":\"https:\\\/\\\/www.organisator.ch\\\/management\\\/it\\\/2020-04-01\\\/iway-waechst-weiter-positiver-corona-impact\\\/#primaryimage\"},\"thumbnailUrl\":\"https:\\\/\\\/www.organisator.ch\\\/wp-content\\\/uploads\\\/2020\\\/04\\\/iWay-waechst-weiter-positiver-Corona-Impact_Organisator.jpg\",\"keywords\":[\"Internet\",\"IT\",\"Unternehmen\"],\"articleSection\":[\"IT\"],\"inLanguage\":\"fr-FR\"},{\"@type\":\"WebPage\",\"@id\":\"https:\\\/\\\/www.organisator.ch\\\/management\\\/it\\\/2020-04-01\\\/iway-waechst-weiter-positiver-corona-impact\\\/\",\"url\":\"https:\\\/\\\/www.organisator.ch\\\/management\\\/it\\\/2020-04-01\\\/iway-waechst-weiter-positiver-corona-impact\\\/\",\"name\":\"iWay w\u00e4chst weiter - positiver Corona-Impact - Organisator\",\"isPartOf\":{\"@id\":\"https:\\\/\\\/www.organisator.ch\\\/#website\"},\"primaryImageOfPage\":{\"@id\":\"https:\\\/\\\/www.organisator.ch\\\/management\\\/it\\\/2020-04-01\\\/iway-waechst-weiter-positiver-corona-impact\\\/#primaryimage\"},\"image\":{\"@id\":\"https:\\\/\\\/www.organisator.ch\\\/management\\\/it\\\/2020-04-01\\\/iway-waechst-weiter-positiver-corona-impact\\\/#primaryimage\"},\"thumbnailUrl\":\"https:\\\/\\\/www.organisator.ch\\\/wp-content\\\/uploads\\\/2020\\\/04\\\/iWay-waechst-weiter-positiver-Corona-Impact_Organisator.jpg\",\"datePublished\":\"2020-04-01T13:33:19+00:00\",\"description\":\"Der Schweizer Internet Service Provider iWay steigert den Umsatz und bringt ultraschnelles Internet mit 10 Gbit\\\/s. Das Wachstum h\u00e4lt 2020 weiter an.\",\"breadcrumb\":{\"@id\":\"https:\\\/\\\/www.organisator.ch\\\/management\\\/it\\\/2020-04-01\\\/iway-waechst-weiter-positiver-corona-impact\\\/#breadcrumb\"},\"inLanguage\":\"fr-FR\",\"potentialAction\":[{\"@type\":\"ReadAction\",\"target\":[\"https:\\\/\\\/www.organisator.ch\\\/management\\\/it\\\/2020-04-01\\\/iway-waechst-weiter-positiver-corona-impact\\\/\"]}]},{\"@type\":\"ImageObject\",\"inLanguage\":\"fr-FR\",\"@id\":\"https:\\\/\\\/www.organisator.ch\\\/management\\\/it\\\/2020-04-01\\\/iway-waechst-weiter-positiver-corona-impact\\\/#primaryimage\",\"url\":\"https:\\\/\\\/www.organisator.ch\\\/wp-content\\\/uploads\\\/2020\\\/04\\\/iWay-waechst-weiter-positiver-Corona-Impact_Organisator.jpg\",\"contentUrl\":\"https:\\\/\\\/www.organisator.ch\\\/wp-content\\\/uploads\\\/2020\\\/04\\\/iWay-waechst-weiter-positiver-Corona-Impact_Organisator.jpg\",\"width\":680,\"height\":337,\"caption\":\"Positive Gesch\u00e4ftsaussichten auf f\u00fcr 2020: Internet Service Provider iWay.\"},{\"@type\":\"BreadcrumbList\",\"@id\":\"https:\\\/\\\/www.organisator.ch\\\/management\\\/it\\\/2020-04-01\\\/iway-waechst-weiter-positiver-corona-impact\\\/#breadcrumb\",\"itemListElement\":[{\"@type\":\"ListItem\",\"position\":1,\"name\":\"Home\",\"item\":\"https:\\\/\\\/www.organisator.ch\\\/\"},{\"@type\":\"ListItem\",\"position\":2,\"name\":\"iWay w\u00e4chst weiter &#8211; positiver Corona-Impact\"}]},{\"@type\":\"WebSite\",\"@id\":\"https:\\\/\\\/www.organisator.ch\\\/#website\",\"url\":\"https:\\\/\\\/www.organisator.ch\\\/\",\"name\":\"Organisator\",\"description\":\"Kompetent. Praxisnah. Der ORGANISATOR bereitet in 10 Ausgaben pro Jahr die wesentlichen Themen f\u00fcr F\u00fchrungskr\u00e4fte von KMU auf.\",\"publisher\":{\"@id\":\"https:\\\/\\\/www.organisator.ch\\\/#organization\"},\"potentialAction\":[{\"@type\":\"SearchAction\",\"target\":{\"@type\":\"EntryPoint\",\"urlTemplate\":\"https:\\\/\\\/www.organisator.ch\\\/?s={search_term_string}\"},\"query-input\":{\"@type\":\"PropertyValueSpecification\",\"valueRequired\":true,\"valueName\":\"search_term_string\"}}],\"inLanguage\":\"fr-FR\"},{\"@type\":\"Organization\",\"@id\":\"https:\\\/\\\/www.organisator.ch\\\/#organization\",\"name\":\"Organisator\",\"url\":\"https:\\\/\\\/www.organisator.ch\\\/\",\"logo\":{\"@type\":\"ImageObject\",\"inLanguage\":\"fr-FR\",\"@id\":\"https:\\\/\\\/www.organisator.ch\\\/#\\\/schema\\\/logo\\\/image\\\/\",\"url\":\"https:\\\/\\\/www.organisator.ch\\\/wp-content\\\/uploads\\\/2022\\\/01\\\/Logo_Organisator_Website.png\",\"contentUrl\":\"https:\\\/\\\/www.organisator.ch\\\/wp-content\\\/uploads\\\/2022\\\/01\\\/Logo_Organisator_Website.png\",\"width\":800,\"height\":77,\"caption\":\"Organisator\"},\"image\":{\"@id\":\"https:\\\/\\\/www.organisator.ch\\\/#\\\/schema\\\/logo\\\/image\\\/\"},\"sameAs\":[\"https:\\\/\\\/www.facebook.com\\\/OrganisatorFachmagazin\",\"https:\\\/\\\/www.linkedin.com\\\/showcase\\\/organisator-das-magazin-fr-kmu\",\"https:\\\/\\\/www.xing.com\\\/news\\\/pages\\\/organisator-ch-695\",\"https:\\\/\\\/www.youtube.com\\\/channel\\\/UCGP2Sq0iWaZwT3BdIAQFYpw\"]},{\"@type\":\"Person\",\"@id\":\"https:\\\/\\\/www.organisator.ch\\\/#\\\/schema\\\/person\\\/6f650f90b2842cd4c0cc334b4e36f67e\",\"name\":\"thomas.berner\",\"image\":{\"@type\":\"ImageObject\",\"inLanguage\":\"fr-FR\",\"@id\":\"https:\\\/\\\/secure.gravatar.com\\\/avatar\\\/ac5001d2a36cb6c6cd3e50789007ffca834b477b74a2144564522e944eabff61?s=96&d=mm&r=g\",\"url\":\"https:\\\/\\\/secure.gravatar.com\\\/avatar\\\/ac5001d2a36cb6c6cd3e50789007ffca834b477b74a2144564522e944eabff61?s=96&d=mm&r=g\",\"contentUrl\":\"https:\\\/\\\/secure.gravatar.com\\\/avatar\\\/ac5001d2a36cb6c6cd3e50789007ffca834b477b74a2144564522e944eabff61?s=96&d=mm&r=g\",\"caption\":\"thomas.berner\"},\"url\":\"https:\\\/\\\/www.organisator.ch\\\/fr\\\/author\\\/thomas-berner\\\/\"}]}<\/script>\n<!-- \/ Yoast SEO plugin. -->","yoast_head_json":{"title":"iWay poursuit sa croissance - Impact positif de la Corona - Organisateur","description":"Le fournisseur d'acc\u00e8s Internet suisse iWay augmente son chiffre d'affaires et lance l'Internet ultra-rapide \u00e0 10 Gbps. La croissance se poursuit en 2020.","robots":{"index":"index","follow":"follow","max-snippet":"max-snippet:-1","max-image-preview":"max-image-preview:large","max-video-preview":"max-video-preview:-1"},"canonical":"https:\/\/www.organisator.ch\/fr\/gestion-2\/it\/2020-04-01\/iway-waechst-weiter-positiver-corona-impact\/","og_locale":"fr_FR","og_type":"article","og_title":"iWay w\u00e4chst weiter - positiver Corona-Impact","og_description":"Der Schweizer Internet Service Provider iWay steigert den Umsatz und bringt ultraschnelles Internet mit 10 Gbit\/s. Das Wachstum h\u00e4lt 2020 weiter an.","og_url":"https:\/\/www.organisator.ch\/fr\/gestion-2\/it\/2020-04-01\/iway-waechst-weiter-positiver-corona-impact\/","og_site_name":"Organisator","article_publisher":"https:\/\/www.facebook.com\/OrganisatorFachmagazin","article_published_time":"2020-04-01T13:33:19+00:00","og_image":[{"width":680,"height":337,"url":"https:\/\/www.organisator.ch\/wp-content\/uploads\/2020\/04\/iWay-waechst-weiter-positiver-Corona-Impact_Organisator.jpg","type":"image\/jpeg"}],"author":"thomas.berner","twitter_card":"summary_large_image","twitter_title":"iWay w\u00e4chst weiter - positiver Corona-Impact","twitter_description":"Der Schweizer Internet Service Provider iWay steigert den Umsatz und bringt ultraschnelles Internet mit 10 Gbit\/s. Das Wachstum h\u00e4lt 2020 weiter an.","twitter_image":"https:\/\/www.organisator.ch\/wp-content\/uploads\/2020\/04\/iWay-waechst-weiter-positiver-Corona-Impact_Organisator.jpg","schema":{"@context":"https:\/\/schema.org","@graph":[{"@type":"Article","@id":"https:\/\/www.organisator.ch\/management\/it\/2020-04-01\/iway-waechst-weiter-positiver-corona-impact\/#article","isPartOf":{"@id":"https:\/\/www.organisator.ch\/management\/it\/2020-04-01\/iway-waechst-weiter-positiver-corona-impact\/"},"author":{"name":"thomas.berner","@id":"https:\/\/www.organisator.ch\/#\/schema\/person\/6f650f90b2842cd4c0cc334b4e36f67e"},"headline":"iWay w\u00e4chst weiter &#8211; positiver Corona-Impact","datePublished":"2020-04-01T13:33:19+00:00","mainEntityOfPage":{"@id":"https:\/\/www.organisator.ch\/management\/it\/2020-04-01\/iway-waechst-weiter-positiver-corona-impact\/"},"wordCount":464,"publisher":{"@id":"https:\/\/www.organisator.ch\/#organization"},"image":{"@id":"https:\/\/www.organisator.ch\/management\/it\/2020-04-01\/iway-waechst-weiter-positiver-corona-impact\/#primaryimage"},"thumbnailUrl":"https:\/\/www.organisator.ch\/wp-content\/uploads\/2020\/04\/iWay-waechst-weiter-positiver-Corona-Impact_Organisator.jpg","keywords":["Internet","IT","Unternehmen"],"articleSection":["IT"],"inLanguage":"fr-FR"},{"@type":"WebPage","@id":"https:\/\/www.organisator.ch\/management\/it\/2020-04-01\/iway-waechst-weiter-positiver-corona-impact\/","url":"https:\/\/www.organisator.ch\/management\/it\/2020-04-01\/iway-waechst-weiter-positiver-corona-impact\/","name":"iWay poursuit sa croissance - Impact positif de la Corona - Organisateur","isPartOf":{"@id":"https:\/\/www.organisator.ch\/#website"},"primaryImageOfPage":{"@id":"https:\/\/www.organisator.ch\/management\/it\/2020-04-01\/iway-waechst-weiter-positiver-corona-impact\/#primaryimage"},"image":{"@id":"https:\/\/www.organisator.ch\/management\/it\/2020-04-01\/iway-waechst-weiter-positiver-corona-impact\/#primaryimage"},"thumbnailUrl":"https:\/\/www.organisator.ch\/wp-content\/uploads\/2020\/04\/iWay-waechst-weiter-positiver-Corona-Impact_Organisator.jpg","datePublished":"2020-04-01T13:33:19+00:00","description":"Le fournisseur d'acc\u00e8s Internet suisse iWay augmente son chiffre d'affaires et lance l'Internet ultra-rapide \u00e0 10 Gbps. La croissance se poursuit en 2020.","breadcrumb":{"@id":"https:\/\/www.organisator.ch\/management\/it\/2020-04-01\/iway-waechst-weiter-positiver-corona-impact\/#breadcrumb"},"inLanguage":"fr-FR","potentialAction":[{"@type":"ReadAction","target":["https:\/\/www.organisator.ch\/management\/it\/2020-04-01\/iway-waechst-weiter-positiver-corona-impact\/"]}]},{"@type":"ImageObject","inLanguage":"fr-FR","@id":"https:\/\/www.organisator.ch\/management\/it\/2020-04-01\/iway-waechst-weiter-positiver-corona-impact\/#primaryimage","url":"https:\/\/www.organisator.ch\/wp-content\/uploads\/2020\/04\/iWay-waechst-weiter-positiver-Corona-Impact_Organisator.jpg","contentUrl":"https:\/\/www.organisator.ch\/wp-content\/uploads\/2020\/04\/iWay-waechst-weiter-positiver-Corona-Impact_Organisator.jpg","width":680,"height":337,"caption":"Positive Gesch\u00e4ftsaussichten auf f\u00fcr 2020: Internet Service Provider iWay."},{"@type":"BreadcrumbList","@id":"https:\/\/www.organisator.ch\/management\/it\/2020-04-01\/iway-waechst-weiter-positiver-corona-impact\/#breadcrumb","itemListElement":[{"@type":"ListItem","position":1,"name":"Home","item":"https:\/\/www.organisator.ch\/"},{"@type":"ListItem","position":2,"name":"iWay w\u00e4chst weiter &#8211; positiver Corona-Impact"}]},{"@type":"WebSite","@id":"https:\/\/www.organisator.ch\/#website","url":"https:\/\/www.organisator.ch\/","name":"Organisateur","description":"Comp\u00e9tence et comp\u00e9tence. Proches de la pratique. L'ORGANISATEUR pr\u00e9pare 10 num\u00e9ros par an sur les th\u00e8mes essentiels pour les dirigeants de PME.","publisher":{"@id":"https:\/\/www.organisator.ch\/#organization"},"potentialAction":[{"@type":"SearchAction","target":{"@type":"EntryPoint","urlTemplate":"https:\/\/www.organisator.ch\/?s={search_term_string}"},"query-input":{"@type":"PropertyValueSpecification","valueRequired":true,"valueName":"search_term_string"}}],"inLanguage":"fr-FR"},{"@type":"Organization","@id":"https:\/\/www.organisator.ch\/#organization","name":"Organisateur","url":"https:\/\/www.organisator.ch\/","logo":{"@type":"ImageObject","inLanguage":"fr-FR","@id":"https:\/\/www.organisator.ch\/#\/schema\/logo\/image\/","url":"https:\/\/www.organisator.ch\/wp-content\/uploads\/2022\/01\/Logo_Organisator_Website.png","contentUrl":"https:\/\/www.organisator.ch\/wp-content\/uploads\/2022\/01\/Logo_Organisator_Website.png","width":800,"height":77,"caption":"Organisator"},"image":{"@id":"https:\/\/www.organisator.ch\/#\/schema\/logo\/image\/"},"sameAs":["https:\/\/www.facebook.com\/OrganisatorFachmagazin","https:\/\/www.linkedin.com\/showcase\/organisator-das-magazin-fr-kmu","https:\/\/www.xing.com\/news\/pages\/organisator-ch-695","https:\/\/www.youtube.com\/channel\/UCGP2Sq0iWaZwT3BdIAQFYpw"]},{"@type":"Person","@id":"https:\/\/www.organisator.ch\/#\/schema\/person\/6f650f90b2842cd4c0cc334b4e36f67e","name":"thomas.berner","image":{"@type":"ImageObject","inLanguage":"fr-FR","@id":"https:\/\/secure.gravatar.com\/avatar\/ac5001d2a36cb6c6cd3e50789007ffca834b477b74a2144564522e944eabff61?s=96&d=mm&r=g","url":"https:\/\/secure.gravatar.com\/avatar\/ac5001d2a36cb6c6cd3e50789007ffca834b477b74a2144564522e944eabff61?s=96&d=mm&r=g","contentUrl":"https:\/\/secure.gravatar.com\/avatar\/ac5001d2a36cb6c6cd3e50789007ffca834b477b74a2144564522e944eabff61?s=96&d=mm&r=g","caption":"thomas.berner"},"url":"https:\/\/www.organisator.ch\/fr\/author\/thomas-berner\/"}]}},"_links":{"self":[{"href":"https:\/\/www.organisator.ch\/fr\/wp-json\/wp\/v2\/posts\/6538","targetHints":{"allow":["GET"]}}],"collection":[{"href":"https:\/\/www.organisator.ch\/fr\/wp-json\/wp\/v2\/posts"}],"about":[{"href":"https:\/\/www.organisator.ch\/fr\/wp-json\/wp\/v2\/types\/post"}],"author":[{"embeddable":true,"href":"https:\/\/www.organisator.ch\/fr\/wp-json\/wp\/v2\/users\/4"}],"replies":[{"embeddable":true,"href":"https:\/\/www.organisator.ch\/fr\/wp-json\/wp\/v2\/comments?post=6538"}],"version-history":[{"count":0,"href":"https:\/\/www.organisator.ch\/fr\/wp-json\/wp\/v2\/posts\/6538\/revisions"}],"wp:featuredmedia":[{"embeddable":true,"href":"https:\/\/www.organisator.ch\/fr\/wp-json\/wp\/v2\/media\/6539"}],"wp:attachment":[{"href":"https:\/\/www.organisator.ch\/fr\/wp-json\/wp\/v2\/media?parent=6538"}],"wp:term":[{"taxonomy":"category","embeddable":true,"href":"https:\/\/www.organisator.ch\/fr\/wp-json\/wp\/v2\/categories?post=6538"},{"taxonomy":"post_tag","embeddable":true,"href":"https:\/\/www.organisator.ch\/fr\/wp-json\/wp\/v2\/tags?post=6538"}],"curies":[{"name":"wp","href":"https:\/\/api.w.org\/{rel}","templated":true}]}}